{"id":66980,"date":"2025-05-12T20:45:12","date_gmt":"2025-05-12T19:45:12","guid":{"rendered":"https:\/\/ppdegalicia.com\/?p=66980"},"modified":"2025-05-13T10:19:17","modified_gmt":"2025-05-13T09:19:17","slug":"rueda-destaca-os-beneficios-para-ourense-das-novas-axudas-para-rehabilitar-vivendas-baleiras-do-goberno-galego","status":"publish","type":"post","link":"https:\/\/ppdegalicia.com\/es\/rueda-destaca-os-beneficios-para-ourense-das-novas-axudas-para-rehabilitar-vivendas-baleiras-do-goberno-galego\/","title":{"rendered":"Rueda destaca os beneficios para Ourense das novas axudas para rehabilitar vivendas baleiras do Goberno galego"},"content":{"rendered":"<p style=\"font-weight: 400;\">O presidente do PPdeG, Alfonso Rueda, apunta \u00e1 provincia de Ourense como unha das grandes beneficiadas das novas axudas para rehabilitar vivendas baleiras que anunciou no recente Debate sobre o Estado da Autonom\u00eda e que o Goberno galego por\u00e1 en marcha nos pr\u00f3ximos meses.<\/p>\n<p style=\"font-weight: 400;\">Tal e como subli\u00f1ou esta tarde na Xunta Directiva Provincial do PP de Ourense, esta nova li\u00f1a de axudas \u00e9 un exemplo da \u201caposta clave\u201d do Executivo auton\u00f3mico para revitalizar o rural, fixar poboaci\u00f3n e recuperar patrimonio abandonado.<\/p>\n<p style=\"font-weight: 400;\">Acompa\u00f1ado polo presidente do partido na provincia, Luis Menor, e pola secretaria xeral do PPdeG, Paula Prado, o l\u00edder dos populares galegos destacou que esta proposta, nacida das demandas que os representantes do partido trasladan de forma continua desde o territorio, ter\u00e1 un impacto directo e transformador.<\/p>\n<p style=\"font-weight: 400;\">Ao igual que o ter\u00e1n outras das medidas anunciadas no Debate sobre o Estado da Autonom\u00eda como \u00e9 a execuci\u00f3n do maior plan de residencias p\u00fablicas da historia de Galicia. Un plan pensado para concellos pequenos e medianos e de especial relevancia en Ourense, onde o envellecemento demogr\u00e1fico \u00e9 un reto central.<\/p>\n<p style=\"font-weight: 400;\">\u201cEsta \u00e9 a pol\u00edtica de verdade: a pol\u00edtica que transforma vidas e que se aplica a p\u00e9 de obra nos concellos\u201d, asegurou Rueda enxalzando a pol\u00edtica de proximidade que practican os alcaldes e voceiros do partido na provincia e que os leva non s\u00f3 a ser a referencia dos veci\u00f1os, sen\u00f3n tam\u00e9n os garantes da conexi\u00f3n entre o territorio e o Goberno da Xunta.<\/p>\n<p style=\"font-weight: 400;\">O presidente conclu\u00edu que, por cousas como estas, os proxectos doutros partidos non calan nunha Comunidade que aposta pola estabilidade, a moderaci\u00f3n e a seriedade. Tal e como demostra a confianza dos galegos e galegas no PPdeG: o partido da responsabilidade, da pol\u00edtica \u00fatil e do respecto \u00e1s instituci\u00f3ns e \u00e1s persoas.<\/p>\n<p style=\"font-weight: 400;\"><strong><u>UN PARTIDO REGRADO E RENOVADO<\/u><\/strong><\/p>\n<p style=\"font-weight: 400;\">Luis Menor lembrou pola s\u00faa banda o compromiso que adquiriu para facer un partido regrado, cunha estrutura renovada, cos seus lex\u00edtimos representantes por toda a provincia e os seus correspondentes \u00f3rganos de goberno e decisi\u00f3n. Neste sentido, subli\u00f1ou que o PP de Ourense est\u00e1 nese cami\u00f1o, afrontando en 2025 unha intensa fase de consolidaci\u00f3n das agrupaci\u00f3ns locais na provincia, e tam\u00e9n na capital.<\/p>\n<p style=\"font-weight: 400;\">O presidente provincial destacou que en marzo comezou un amplo per\u00edodo congresual coas convocatorias xa celebradas do Barco de Valdeorras, To\u00e9n, Maside, A Bola e Cenlle. Congresos que continuar\u00e1n desde finais deste mes con dez convocatorias m\u00e1is: Os Blancos, Bande, Vilari\u00f1o de Conso, San Xo\u00e1n de R\u00edo, Monterrei, Sarreaus, San Amaro, Pi\u00f1or, A R\u00faa, e Ba\u00f1os de Molgas.<\/p>\n<p style=\"font-weight: 400;\">O obxectivo, dixo, \u00e9 seguir ofrecendo \u00e1 militancia a estabilidade e a coordinaci\u00f3n que necesita nos seus respectivos territorios, conformando os mellores equipos cara as elecci\u00f3ns locais de maio de 2027.<\/p>\n<p style=\"font-weight: 400;\">Para consolidar e normalizar a estrutura org\u00e1nica do partido, engadiu Luis Menor, tam\u00e9n compre que as agrupaci\u00f3ns locais estean en disposici\u00f3n de afrontar un congreso que axude a unir, ampliar e fortalecer o partido.<\/p>\n<p style=\"font-weight: 400;\">Deste modo, aprob\u00e1ronse as xestoras locais de Barbad\u00e1s, Xinzo de Limia, O Carballi\u00f1o e Allariz, as\u00ed como a da cidade de Ourense, cuxo liderado asume Ana M\u00e9ndez, logo tam\u00e9n de asumir en xaneiro a portavoc\u00eda do grupo municipal no Concello de Ourense.<\/p>\n<p style=\"font-weight: 400;\">Ademais de facer balance da actividade desenvolvida polo PP de Ourense, Luis Menor tam\u00e9n destacou a positiva evoluci\u00f3n da campa\u00f1a de afiliaci\u00f3n, con 165 novas altas desde comezos deste ano.<\/p>\n<p style=\"font-weight: 400;\">\u201cSen euforias que distraian a nosa atenci\u00f3n\u201d, afirmou, que este \u00e9 o resultado dun intenso traballo que ten como fin achegar a mensaxe do PP a toda a sociedade ourens\u00e1, \u201ccomo partido apegado \u00e1 terra que somos\u201d.<\/p>\n","protected":false},"excerpt":{"rendered":"<p>O presidente do PPdeG, Alfonso Rueda, apunta \u00e1 provincia de Ourense como unha das grandes beneficiadas das novas axudas para rehabilitar vivendas baleiras que anunciou no recente Debate sobre o Estado da Autonom\u00eda e que o Goberno galego por\u00e1 en marcha nos pr\u00f3ximos meses. Tal e como subli\u00f1ou esta tarde na Xunta Directiva Provincial do [&hellip;]<\/p>\n","protected":false},"author":38,"featured_media":66981,"comment_status":"closed","ping_status":"open","sticky":false,"template":"","format":"standard","meta":{"_acf_changed":false,"footnotes":""},"categories":[1],"tags":[],"class_list":["post-66980","post","type-post","status-publish","format-standard","has-post-thumbnail","hentry","category-pp-de-galicia"],"acf":[],"yoast_head":"<!-- This site is optimized with the Yoast SEO plugin v27.3 - https:\/\/yoast.com\/product\/yoast-seo-wordpress\/ -->\n<title>Rueda destaca os beneficios para Ourense das novas axudas para rehabilitar vivendas baleiras do Goberno galego - PP de Galicia<\/title>\n<meta name=\"description\" content=\"O presidente do PPdeG, Alfonso Rueda, apunta \u00e1 provincia de Ourense como unha das grandes beneficiadas das novas axudas para rehabilitar vivendas baleiras que anunciou no recente Debate sobre o Estado da Autonom\u00eda e que o Goberno galego por\u00e1 en marcha nos pr\u00f3ximos meses.\" \/>\n<meta name=\"robots\" content=\"index, follow, max-snippet:-1, max-image-preview:large, max-video-preview:-1\" \/>\n<link rel=\"canonical\" href=\"https:\/\/ppdegalicia.com\/es\/rueda-destaca-os-beneficios-para-ourense-das-novas-axudas-para-rehabilitar-vivendas-baleiras-do-goberno-galego\/\" \/>\n<meta property=\"og:locale\" content=\"es_ES\" \/>\n<meta property=\"og:type\" content=\"article\" \/>\n<meta property=\"og:title\" content=\"Rueda destaca os beneficios para Ourense das novas axudas para rehabilitar vivendas baleiras do Goberno galego - PP de Galicia\" \/>\n<meta property=\"og:description\" content=\"O presidente do PPdeG, Alfonso Rueda, apunta \u00e1 provincia de Ourense como unha das grandes beneficiadas das novas axudas para rehabilitar vivendas baleiras que anunciou no recente Debate sobre o Estado da Autonom\u00eda e que o Goberno galego por\u00e1 en marcha nos pr\u00f3ximos meses.\" \/>\n<meta property=\"og:url\" content=\"https:\/\/ppdegalicia.com\/es\/rueda-destaca-os-beneficios-para-ourense-das-novas-axudas-para-rehabilitar-vivendas-baleiras-do-goberno-galego\/\" \/>\n<meta property=\"og:site_name\" content=\"PP de Galicia\" \/>\n<meta property=\"article:publisher\" content=\"https:\/\/www.instagram.com\/ppdegalicia\/\" \/>\n<meta property=\"article:published_time\" content=\"2025-05-12T19:45:12+00:00\" \/>\n<meta property=\"article:modified_time\" content=\"2025-05-13T09:19:17+00:00\" \/>\n<meta property=\"og:image\" content=\"https:\/\/ppdegalicia.com\/wp-content\/uploads\/2025\/05\/20250512_ARueda_XDP_Ourense2-scaled.jpg\" \/>\n\t<meta property=\"og:image:width\" content=\"2560\" \/>\n\t<meta property=\"og:image:height\" content=\"1707\" \/>\n\t<meta property=\"og:image:type\" content=\"image\/jpeg\" \/>\n<meta name=\"author\" content=\"ppdegaliciaredes\" \/>\n<meta name=\"twitter:card\" content=\"summary_large_image\" \/>\n<meta name=\"twitter:creator\" content=\"@ppdegalicia\" \/>\n<meta name=\"twitter:site\" content=\"@ppdegalicia\" \/>\n<meta name=\"twitter:label1\" content=\"Escrito por\" \/>\n\t<meta name=\"twitter:data1\" content=\"ppdegaliciaredes\" \/>\n\t<meta name=\"twitter:label2\" content=\"Tiempo de lectura\" \/>\n\t<meta name=\"twitter:data2\" content=\"4 minutos\" \/>\n<script type=\"application\/ld+json\" class=\"yoast-schema-graph\">{\"@context\":\"https:\\\/\\\/schema.org\",\"@graph\":[{\"@type\":\"Article\",\"@id\":\"https:\\\/\\\/ppdegalicia.com\\\/es\\\/rueda-destaca-os-beneficios-para-ourense-das-novas-axudas-para-rehabilitar-vivendas-baleiras-do-goberno-galego\\\/#article\",\"isPartOf\":{\"@id\":\"https:\\\/\\\/ppdegalicia.com\\\/es\\\/rueda-destaca-os-beneficios-para-ourense-das-novas-axudas-para-rehabilitar-vivendas-baleiras-do-goberno-galego\\\/\"},\"author\":{\"name\":\"ppdegaliciaredes\",\"@id\":\"https:\\\/\\\/ppdegalicia.com\\\/es\\\/#\\\/schema\\\/person\\\/5b822c6f59e872ebdd1142f307dbcb59\"},\"headline\":\"Rueda destaca os beneficios para Ourense das novas axudas para rehabilitar vivendas baleiras do Goberno galego\",\"datePublished\":\"2025-05-12T19:45:12+00:00\",\"dateModified\":\"2025-05-13T09:19:17+00:00\",\"mainEntityOfPage\":{\"@id\":\"https:\\\/\\\/ppdegalicia.com\\\/es\\\/rueda-destaca-os-beneficios-para-ourense-das-novas-axudas-para-rehabilitar-vivendas-baleiras-do-goberno-galego\\\/\"},\"wordCount\":660,\"publisher\":{\"@id\":\"https:\\\/\\\/ppdegalicia.com\\\/es\\\/#organization\"},\"image\":{\"@id\":\"https:\\\/\\\/ppdegalicia.com\\\/es\\\/rueda-destaca-os-beneficios-para-ourense-das-novas-axudas-para-rehabilitar-vivendas-baleiras-do-goberno-galego\\\/#primaryimage\"},\"thumbnailUrl\":\"https:\\\/\\\/ppdegalicia.com\\\/wp-content\\\/uploads\\\/2025\\\/05\\\/20250512_ARueda_XDP_Ourense2-scaled.jpg\",\"articleSection\":[\"PP de Galicia\"],\"inLanguage\":\"es\"},{\"@type\":\"WebPage\",\"@id\":\"https:\\\/\\\/ppdegalicia.com\\\/es\\\/rueda-destaca-os-beneficios-para-ourense-das-novas-axudas-para-rehabilitar-vivendas-baleiras-do-goberno-galego\\\/\",\"url\":\"https:\\\/\\\/ppdegalicia.com\\\/es\\\/rueda-destaca-os-beneficios-para-ourense-das-novas-axudas-para-rehabilitar-vivendas-baleiras-do-goberno-galego\\\/\",\"name\":\"Rueda destaca os beneficios para Ourense das novas axudas para rehabilitar vivendas baleiras do Goberno galego - PP de Galicia\",\"isPartOf\":{\"@id\":\"https:\\\/\\\/ppdegalicia.com\\\/es\\\/#website\"},\"primaryImageOfPage\":{\"@id\":\"https:\\\/\\\/ppdegalicia.com\\\/es\\\/rueda-destaca-os-beneficios-para-ourense-das-novas-axudas-para-rehabilitar-vivendas-baleiras-do-goberno-galego\\\/#primaryimage\"},\"image\":{\"@id\":\"https:\\\/\\\/ppdegalicia.com\\\/es\\\/rueda-destaca-os-beneficios-para-ourense-das-novas-axudas-para-rehabilitar-vivendas-baleiras-do-goberno-galego\\\/#primaryimage\"},\"thumbnailUrl\":\"https:\\\/\\\/ppdegalicia.com\\\/wp-content\\\/uploads\\\/2025\\\/05\\\/20250512_ARueda_XDP_Ourense2-scaled.jpg\",\"datePublished\":\"2025-05-12T19:45:12+00:00\",\"dateModified\":\"2025-05-13T09:19:17+00:00\",\"description\":\"O presidente do PPdeG, Alfonso Rueda, apunta \u00e1 provincia de Ourense como unha das grandes beneficiadas das novas axudas para rehabilitar vivendas baleiras que anunciou no recente Debate sobre o Estado da Autonom\u00eda e que o Goberno galego por\u00e1 en marcha nos pr\u00f3ximos meses.\",\"breadcrumb\":{\"@id\":\"https:\\\/\\\/ppdegalicia.com\\\/es\\\/rueda-destaca-os-beneficios-para-ourense-das-novas-axudas-para-rehabilitar-vivendas-baleiras-do-goberno-galego\\\/#breadcrumb\"},\"inLanguage\":\"es\",\"potentialAction\":[{\"@type\":\"ReadAction\",\"target\":[\"https:\\\/\\\/ppdegalicia.com\\\/es\\\/rueda-destaca-os-beneficios-para-ourense-das-novas-axudas-para-rehabilitar-vivendas-baleiras-do-goberno-galego\\\/\"]}]},{\"@type\":\"ImageObject\",\"inLanguage\":\"es\",\"@id\":\"https:\\\/\\\/ppdegalicia.com\\\/es\\\/rueda-destaca-os-beneficios-para-ourense-das-novas-axudas-para-rehabilitar-vivendas-baleiras-do-goberno-galego\\\/#primaryimage\",\"url\":\"https:\\\/\\\/ppdegalicia.com\\\/wp-content\\\/uploads\\\/2025\\\/05\\\/20250512_ARueda_XDP_Ourense2-scaled.jpg\",\"contentUrl\":\"https:\\\/\\\/ppdegalicia.com\\\/wp-content\\\/uploads\\\/2025\\\/05\\\/20250512_ARueda_XDP_Ourense2-scaled.jpg\",\"width\":2560,\"height\":1707},{\"@type\":\"BreadcrumbList\",\"@id\":\"https:\\\/\\\/ppdegalicia.com\\\/es\\\/rueda-destaca-os-beneficios-para-ourense-das-novas-axudas-para-rehabilitar-vivendas-baleiras-do-goberno-galego\\\/#breadcrumb\",\"itemListElement\":[{\"@type\":\"ListItem\",\"position\":1,\"name\":\"Portada\",\"item\":\"https:\\\/\\\/ppdegalicia.com\\\/es\\\/\"},{\"@type\":\"ListItem\",\"position\":2,\"name\":\"Rueda destaca os beneficios para Ourense das novas axudas para rehabilitar vivendas baleiras do Goberno galego\"}]},{\"@type\":\"WebSite\",\"@id\":\"https:\\\/\\\/ppdegalicia.com\\\/es\\\/#website\",\"url\":\"https:\\\/\\\/ppdegalicia.com\\\/es\\\/\",\"name\":\"Partido Popular de Galicia\",\"description\":\"Partido Popular de Galicia\",\"publisher\":{\"@id\":\"https:\\\/\\\/ppdegalicia.com\\\/es\\\/#organization\"},\"alternateName\":\"PP de Galicia\",\"potentialAction\":[{\"@type\":\"SearchAction\",\"target\":{\"@type\":\"EntryPoint\",\"urlTemplate\":\"https:\\\/\\\/ppdegalicia.com\\\/es\\\/?s={search_term_string}\"},\"query-input\":{\"@type\":\"PropertyValueSpecification\",\"valueRequired\":true,\"valueName\":\"search_term_string\"}}],\"inLanguage\":\"es\"},{\"@type\":\"Organization\",\"@id\":\"https:\\\/\\\/ppdegalicia.com\\\/es\\\/#organization\",\"name\":\"Partido Popular de Galicia\",\"alternateName\":\"PP de Galicia\",\"url\":\"https:\\\/\\\/ppdegalicia.com\\\/es\\\/\",\"logo\":{\"@type\":\"ImageObject\",\"inLanguage\":\"es\",\"@id\":\"https:\\\/\\\/ppdegalicia.com\\\/es\\\/#\\\/schema\\\/logo\\\/image\\\/\",\"url\":\"https:\\\/\\\/ppdegalicia.com\\\/wp-content\\\/uploads\\\/2023\\\/04\\\/logoPP512.png\",\"contentUrl\":\"https:\\\/\\\/ppdegalicia.com\\\/wp-content\\\/uploads\\\/2023\\\/04\\\/logoPP512.png\",\"width\":512,\"height\":512,\"caption\":\"Partido Popular de Galicia\"},\"image\":{\"@id\":\"https:\\\/\\\/ppdegalicia.com\\\/es\\\/#\\\/schema\\\/logo\\\/image\\\/\"},\"sameAs\":[\"https:\\\/\\\/www.instagram.com\\\/ppdegalicia\\\/\",\"https:\\\/\\\/x.com\\\/ppdegalicia\",\"https:\\\/\\\/www.tiktok.com\\\/@ppdegalicia\",\"https:\\\/\\\/www.youtube.com\\\/user\\\/ppdegalicia\"]},{\"@type\":\"Person\",\"@id\":\"https:\\\/\\\/ppdegalicia.com\\\/es\\\/#\\\/schema\\\/person\\\/5b822c6f59e872ebdd1142f307dbcb59\",\"name\":\"ppdegaliciaredes\",\"image\":{\"@type\":\"ImageObject\",\"inLanguage\":\"es\",\"@id\":\"https:\\\/\\\/secure.gravatar.com\\\/avatar\\\/3c9179cf0256d00c72a48d1f25783c58b6842cd56e85ef3a572881c8e28ccd59?s=96&d=mm&r=g\",\"url\":\"https:\\\/\\\/secure.gravatar.com\\\/avatar\\\/3c9179cf0256d00c72a48d1f25783c58b6842cd56e85ef3a572881c8e28ccd59?s=96&d=mm&r=g\",\"contentUrl\":\"https:\\\/\\\/secure.gravatar.com\\\/avatar\\\/3c9179cf0256d00c72a48d1f25783c58b6842cd56e85ef3a572881c8e28ccd59?s=96&d=mm&r=g\",\"caption\":\"ppdegaliciaredes\"},\"url\":\"https:\\\/\\\/ppdegalicia.com\\\/es\\\/author\\\/ppdegaliciaredes\\\/\"}]}<\/script>\n<!-- \/ Yoast SEO plugin. -->","yoast_head_json":{"title":"Rueda destaca os beneficios para Ourense das novas axudas para rehabilitar vivendas baleiras do Goberno galego - PP de Galicia","description":"O presidente do PPdeG, Alfonso Rueda, apunta \u00e1 provincia de Ourense como unha das grandes beneficiadas das novas axudas para rehabilitar vivendas baleiras que anunciou no recente Debate sobre o Estado da Autonom\u00eda e que o Goberno galego por\u00e1 en marcha nos pr\u00f3ximos meses.","robots":{"index":"index","follow":"follow","max-snippet":"max-snippet:-1","max-image-preview":"max-image-preview:large","max-video-preview":"max-video-preview:-1"},"canonical":"https:\/\/ppdegalicia.com\/es\/rueda-destaca-os-beneficios-para-ourense-das-novas-axudas-para-rehabilitar-vivendas-baleiras-do-goberno-galego\/","og_locale":"es_ES","og_type":"article","og_title":"Rueda destaca os beneficios para Ourense das novas axudas para rehabilitar vivendas baleiras do Goberno galego - PP de Galicia","og_description":"O presidente do PPdeG, Alfonso Rueda, apunta \u00e1 provincia de Ourense como unha das grandes beneficiadas das novas axudas para rehabilitar vivendas baleiras que anunciou no recente Debate sobre o Estado da Autonom\u00eda e que o Goberno galego por\u00e1 en marcha nos pr\u00f3ximos meses.","og_url":"https:\/\/ppdegalicia.com\/es\/rueda-destaca-os-beneficios-para-ourense-das-novas-axudas-para-rehabilitar-vivendas-baleiras-do-goberno-galego\/","og_site_name":"PP de Galicia","article_publisher":"https:\/\/www.instagram.com\/ppdegalicia\/","article_published_time":"2025-05-12T19:45:12+00:00","article_modified_time":"2025-05-13T09:19:17+00:00","og_image":[{"width":2560,"height":1707,"url":"https:\/\/ppdegalicia.com\/wp-content\/uploads\/2025\/05\/20250512_ARueda_XDP_Ourense2-scaled.jpg","type":"image\/jpeg"}],"author":"ppdegaliciaredes","twitter_card":"summary_large_image","twitter_creator":"@ppdegalicia","twitter_site":"@ppdegalicia","twitter_misc":{"Escrito por":"ppdegaliciaredes","Tiempo de lectura":"4 minutos"},"schema":{"@context":"https:\/\/schema.org","@graph":[{"@type":"Article","@id":"https:\/\/ppdegalicia.com\/es\/rueda-destaca-os-beneficios-para-ourense-das-novas-axudas-para-rehabilitar-vivendas-baleiras-do-goberno-galego\/#article","isPartOf":{"@id":"https:\/\/ppdegalicia.com\/es\/rueda-destaca-os-beneficios-para-ourense-das-novas-axudas-para-rehabilitar-vivendas-baleiras-do-goberno-galego\/"},"author":{"name":"ppdegaliciaredes","@id":"https:\/\/ppdegalicia.com\/es\/#\/schema\/person\/5b822c6f59e872ebdd1142f307dbcb59"},"headline":"Rueda destaca os beneficios para Ourense das novas axudas para rehabilitar vivendas baleiras do Goberno galego","datePublished":"2025-05-12T19:45:12+00:00","dateModified":"2025-05-13T09:19:17+00:00","mainEntityOfPage":{"@id":"https:\/\/ppdegalicia.com\/es\/rueda-destaca-os-beneficios-para-ourense-das-novas-axudas-para-rehabilitar-vivendas-baleiras-do-goberno-galego\/"},"wordCount":660,"publisher":{"@id":"https:\/\/ppdegalicia.com\/es\/#organization"},"image":{"@id":"https:\/\/ppdegalicia.com\/es\/rueda-destaca-os-beneficios-para-ourense-das-novas-axudas-para-rehabilitar-vivendas-baleiras-do-goberno-galego\/#primaryimage"},"thumbnailUrl":"https:\/\/ppdegalicia.com\/wp-content\/uploads\/2025\/05\/20250512_ARueda_XDP_Ourense2-scaled.jpg","articleSection":["PP de Galicia"],"inLanguage":"es"},{"@type":"WebPage","@id":"https:\/\/ppdegalicia.com\/es\/rueda-destaca-os-beneficios-para-ourense-das-novas-axudas-para-rehabilitar-vivendas-baleiras-do-goberno-galego\/","url":"https:\/\/ppdegalicia.com\/es\/rueda-destaca-os-beneficios-para-ourense-das-novas-axudas-para-rehabilitar-vivendas-baleiras-do-goberno-galego\/","name":"Rueda destaca os beneficios para Ourense das novas axudas para rehabilitar vivendas baleiras do Goberno galego - PP de Galicia","isPartOf":{"@id":"https:\/\/ppdegalicia.com\/es\/#website"},"primaryImageOfPage":{"@id":"https:\/\/ppdegalicia.com\/es\/rueda-destaca-os-beneficios-para-ourense-das-novas-axudas-para-rehabilitar-vivendas-baleiras-do-goberno-galego\/#primaryimage"},"image":{"@id":"https:\/\/ppdegalicia.com\/es\/rueda-destaca-os-beneficios-para-ourense-das-novas-axudas-para-rehabilitar-vivendas-baleiras-do-goberno-galego\/#primaryimage"},"thumbnailUrl":"https:\/\/ppdegalicia.com\/wp-content\/uploads\/2025\/05\/20250512_ARueda_XDP_Ourense2-scaled.jpg","datePublished":"2025-05-12T19:45:12+00:00","dateModified":"2025-05-13T09:19:17+00:00","description":"O presidente do PPdeG, Alfonso Rueda, apunta \u00e1 provincia de Ourense como unha das grandes beneficiadas das novas axudas para rehabilitar vivendas baleiras que anunciou no recente Debate sobre o Estado da Autonom\u00eda e que o Goberno galego por\u00e1 en marcha nos pr\u00f3ximos meses.","breadcrumb":{"@id":"https:\/\/ppdegalicia.com\/es\/rueda-destaca-os-beneficios-para-ourense-das-novas-axudas-para-rehabilitar-vivendas-baleiras-do-goberno-galego\/#breadcrumb"},"inLanguage":"es","potentialAction":[{"@type":"ReadAction","target":["https:\/\/ppdegalicia.com\/es\/rueda-destaca-os-beneficios-para-ourense-das-novas-axudas-para-rehabilitar-vivendas-baleiras-do-goberno-galego\/"]}]},{"@type":"ImageObject","inLanguage":"es","@id":"https:\/\/ppdegalicia.com\/es\/rueda-destaca-os-beneficios-para-ourense-das-novas-axudas-para-rehabilitar-vivendas-baleiras-do-goberno-galego\/#primaryimage","url":"https:\/\/ppdegalicia.com\/wp-content\/uploads\/2025\/05\/20250512_ARueda_XDP_Ourense2-scaled.jpg","contentUrl":"https:\/\/ppdegalicia.com\/wp-content\/uploads\/2025\/05\/20250512_ARueda_XDP_Ourense2-scaled.jpg","width":2560,"height":1707},{"@type":"BreadcrumbList","@id":"https:\/\/ppdegalicia.com\/es\/rueda-destaca-os-beneficios-para-ourense-das-novas-axudas-para-rehabilitar-vivendas-baleiras-do-goberno-galego\/#breadcrumb","itemListElement":[{"@type":"ListItem","position":1,"name":"Portada","item":"https:\/\/ppdegalicia.com\/es\/"},{"@type":"ListItem","position":2,"name":"Rueda destaca os beneficios para Ourense das novas axudas para rehabilitar vivendas baleiras do Goberno galego"}]},{"@type":"WebSite","@id":"https:\/\/ppdegalicia.com\/es\/#website","url":"https:\/\/ppdegalicia.com\/es\/","name":"Partido Popular de Galicia","description":"Partido Popular de Galicia","publisher":{"@id":"https:\/\/ppdegalicia.com\/es\/#organization"},"alternateName":"PP de Galicia","potentialAction":[{"@type":"SearchAction","target":{"@type":"EntryPoint","urlTemplate":"https:\/\/ppdegalicia.com\/es\/?s={search_term_string}"},"query-input":{"@type":"PropertyValueSpecification","valueRequired":true,"valueName":"search_term_string"}}],"inLanguage":"es"},{"@type":"Organization","@id":"https:\/\/ppdegalicia.com\/es\/#organization","name":"Partido Popular de Galicia","alternateName":"PP de Galicia","url":"https:\/\/ppdegalicia.com\/es\/","logo":{"@type":"ImageObject","inLanguage":"es","@id":"https:\/\/ppdegalicia.com\/es\/#\/schema\/logo\/image\/","url":"https:\/\/ppdegalicia.com\/wp-content\/uploads\/2023\/04\/logoPP512.png","contentUrl":"https:\/\/ppdegalicia.com\/wp-content\/uploads\/2023\/04\/logoPP512.png","width":512,"height":512,"caption":"Partido Popular de Galicia"},"image":{"@id":"https:\/\/ppdegalicia.com\/es\/#\/schema\/logo\/image\/"},"sameAs":["https:\/\/www.instagram.com\/ppdegalicia\/","https:\/\/x.com\/ppdegalicia","https:\/\/www.tiktok.com\/@ppdegalicia","https:\/\/www.youtube.com\/user\/ppdegalicia"]},{"@type":"Person","@id":"https:\/\/ppdegalicia.com\/es\/#\/schema\/person\/5b822c6f59e872ebdd1142f307dbcb59","name":"ppdegaliciaredes","image":{"@type":"ImageObject","inLanguage":"es","@id":"https:\/\/secure.gravatar.com\/avatar\/3c9179cf0256d00c72a48d1f25783c58b6842cd56e85ef3a572881c8e28ccd59?s=96&d=mm&r=g","url":"https:\/\/secure.gravatar.com\/avatar\/3c9179cf0256d00c72a48d1f25783c58b6842cd56e85ef3a572881c8e28ccd59?s=96&d=mm&r=g","contentUrl":"https:\/\/secure.gravatar.com\/avatar\/3c9179cf0256d00c72a48d1f25783c58b6842cd56e85ef3a572881c8e28ccd59?s=96&d=mm&r=g","caption":"ppdegaliciaredes"},"url":"https:\/\/ppdegalicia.com\/es\/author\/ppdegaliciaredes\/"}]}},"_links":{"self":[{"href":"https:\/\/ppdegalicia.com\/es\/wp-json\/wp\/v2\/posts\/66980","targetHints":{"allow":["GET"]}}],"collection":[{"href":"https:\/\/ppdegalicia.com\/es\/wp-json\/wp\/v2\/posts"}],"about":[{"href":"https:\/\/ppdegalicia.com\/es\/wp-json\/wp\/v2\/types\/post"}],"author":[{"embeddable":true,"href":"https:\/\/ppdegalicia.com\/es\/wp-json\/wp\/v2\/users\/38"}],"replies":[{"embeddable":true,"href":"https:\/\/ppdegalicia.com\/es\/wp-json\/wp\/v2\/comments?post=66980"}],"version-history":[{"count":1,"href":"https:\/\/ppdegalicia.com\/es\/wp-json\/wp\/v2\/posts\/66980\/revisions"}],"predecessor-version":[{"id":66983,"href":"https:\/\/ppdegalicia.com\/es\/wp-json\/wp\/v2\/posts\/66980\/revisions\/66983"}],"wp:featuredmedia":[{"embeddable":true,"href":"https:\/\/ppdegalicia.com\/es\/wp-json\/wp\/v2\/media\/66981"}],"wp:attachment":[{"href":"https:\/\/ppdegalicia.com\/es\/wp-json\/wp\/v2\/media?parent=66980"}],"wp:term":[{"taxonomy":"category","embeddable":true,"href":"https:\/\/ppdegalicia.com\/es\/wp-json\/wp\/v2\/categories?post=66980"},{"taxonomy":"post_tag","embeddable":true,"href":"https:\/\/ppdegalicia.com\/es\/wp-json\/wp\/v2\/tags?post=66980"}],"curies":[{"name":"wp","href":"https:\/\/api.w.org\/{rel}","templated":true}]}}