{"id":67137,"date":"2025-05-25T08:57:26","date_gmt":"2025-05-25T07:57:26","guid":{"rendered":"https:\/\/ppdegalicia.com\/?p=67137"},"modified":"2025-05-26T08:59:07","modified_gmt":"2025-05-26T07:59:07","slug":"rueda-comprometese-a-seguir-gobernando-galicia-con-sentidino-fronte-aos-espectaculos-do-psoe-e-o-non-a-todo-do-bng","status":"publish","type":"post","link":"https:\/\/ppdegalicia.com\/es\/rueda-comprometese-a-seguir-gobernando-galicia-con-sentidino-fronte-aos-espectaculos-do-psoe-e-o-non-a-todo-do-bng\/","title":{"rendered":"Rueda comprom\u00e9tese a seguir gobernando Galicia \u201ccon sentidi\u00f1o\u201d fronte aos \u201cespect\u00e1culos\u201d do PSOE e o \u201c&#8217;non&#8217; a todo\u201d do BNG"},"content":{"rendered":"<p>O presidente do PPdeG, Alfonso Rueda, comprometeuse hoxe a seguir gobernando Galicia como queren os galegos e as galegas, \u201ccon sentidi\u00f1o\u201d, fronte aos \u201cespect\u00e1culos de corrupci\u00f3n e todo o que se est\u00e1 vendo\u201d do PSOE e fronte ao \u201cnon a todo\u201d do BNG, aos que \u201cnada lles gusta e sempre est\u00e1n enfurru\u00f1ados\u201d.<\/p>\n<p>As\u00ed o manifestou este mediod\u00eda ante os m\u00e1is de 1.000 asistentes \u00e1 XVIII Xuntanza Popular no Monte Castrove do PP de Poio, na que tam\u00e9n participaron a secretaria xeral do PPdeG, Paula Prado, o presidente provincial do PP de Pontevedra, Luis L\u00f3pez, e o alcalde, \u00c1ngel Moldes.<\/p>\n<p>\u201cImos cumprir a nosa palabra e que as\u00ed vos sigades sentindo orgullosos\u201d, dirixiuse Rueda aos presentes, salientando que \u201cpor algo ser\u00e1\u201d que haxa tanta xente nesta romar\u00eda \u201cnun d\u00eda no que pod\u00edan estar en calquera outro sitio\u201d: \u201c\u00c9 unha marabilla\u201d.<\/p>\n<p>As\u00ed, o l\u00edder dos populares galegos subli\u00f1ou que \u201c\u00e9 fundamental\u201d que neste momento haxa tanto apoio ao PP ou, o que \u00e9 o mesmo, \u201ca unhas ideas e unha unidade\u201d.<\/p>\n<p>Puxo de exemplo dese bo facer ao l\u00edder local, \u00c1ngel Moldes, un alcalde do que est\u00e1 \u201cmoi orgulloso\u201d, con \u201cmoitas ideas\u201d e que \u201cvai seguir dando moitas alegr\u00edas\u201d. \u201cAqu\u00ed temos unha oportunidade para demostrar que sabemos facer moi ben as cousas\u201d, dixo xusto cando se cumpre o ecuador do mandato municipal.<\/p>\n<p>Moldes, engadiu, logrou en 2023 \u201cacabar con tantos anos nos que parec\u00eda que se fac\u00eda, pero en realidade non se fac\u00eda nada\u201d.<\/p>\n<p>\u201cOs que gobernaron en Poio tanto tempo son os dignos representantes de dicir \u2018non\u2019 a todo: \u2018non\u2019 a que ve\u00f1an turistas, que parece que lles molestan; \u2018non\u2019 a que ve\u00f1an industrias, pero despois se queixan de que a xente se te\u00f1a que ir traballar f\u00f3ra; ou \u2018non\u2019 a dicirlle ao PSOE en Madrid que hai que po\u00f1er as pilas\u201d, afondou, incidindo en que co actual Goberno central \u201cnon funcionan os trens, non ve\u00f1en os cartos e non se te\u00f1en en conta aos galegos e galegas\u201d.<\/p>\n<p>Por \u00faltimo, despois de visita de onte do presidente nacional do PP, Alberto N\u00fa\u00f1ez Feij\u00f3o, Rueda pediu \u00e1 provincia de Pontevedra e a toda Galicia que o apoien \u201cpara que canto antes haxa un cambio en Espa\u00f1a\u201d.<\/p>\n<p><strong>LUIS L\u00d3PEZ: \u201cPSOE E BNG \u00daNENSE S\u00d3 PARA QUE NON GOBERNE O PP\u201d<\/strong><\/p>\n<p>Pola s\u00faa banda, o l\u00edder provincial, Luis L\u00f3pez, puxo en valor as \u00abpol\u00edticas grandes, amplas, maioritarias, pr\u00f3ximas \u00e1 xente e de portas abertas\u00bb do Partido Popular en todos os concellos de Pontevedra e contrap\u00faxoas ao \u00abresentimento, crispaci\u00f3n, par\u00e1lise e bloqueo\u00bb que sup\u00f3n a acci\u00f3n conxunta de PSOE e BNG, \u00abexclusivamente unidos, non a favor da xente, sen\u00f3n s\u00f3 para que non goberne o PP nunha cativeza de miras que est\u00e1 a ser erradicada da provincia\u00bb.<\/p>\n<p>Ademais, Luis L\u00f3pez destacou o \u00abestilo Poio\u00bb imposto polo alcalde na vida municipal desde a s\u00faa chegada ao goberno local hai dous anos: \u00abO prato estrela desta comida, que re\u00fane m\u00e1is de 1.000 persoas, \u00e9 a pol\u00edtica \u00fatil de Moldes e o seu equipazo, a que lle importa aos veci\u00f1os, a do sentidi\u00f1o, a de escoitar aos cidad\u00e1ns, a que oxal\u00e1 fora unha realidade en todos os concellos socialistas e nacionalistas&#8230; En definitiva, en Poio hai alcalde e hai proxecto para rato\u00bb.<\/p>\n<p><strong>POIO, NO MELLOR MOMENTO: \u201cOFRECEMOS TRABALLO E RESULTADOS\u201d<\/strong><\/p>\n<p>Mentres, \u00c1ngel Moldes asegurou que chegan ao ecuador do mandato situando a Poio no seu \u201cmellor momento\u201d, algo que \u201cnon \u00e9 casualidade\u201d: \u201c\u00c9 o resultado dun traballo serio, dunha xesti\u00f3n comprometida e dun goberno unido, cun proxecto \u00fanico, claro e centrado, por riba de todo, nas necesidades reais da veci\u00f1anza\u201d.<\/p>\n<p>A clave, asegurou, \u00e9 traballar con eficacia e eficiencia, cumprir cos compromisos adquiridos e estar preto da xente. \u201cEste \u00e9 o cami\u00f1o que seguir\u00e1 marcando a acci\u00f3n deste goberno ata final de mandato: seguir mellorando a vida da xente, con rigor, planificaci\u00f3n e compromiso. Porque este \u00e9 o tempo de Poio. E estamos preparados para seguir facendo historia\u201d, abundou.<\/p>\n<p>Por iso, \u201cfronte a quen prefire xerar confusi\u00f3n, lanzar bulos ou recorrer ao insulto\u201d, vai seguir traballando \u201ccon paso firme e decidido\u201d: \u201cFronte aos bulos, feitos. Fronte aos insultos, feitos. Fronte \u00e1 resignaci\u00f3n e o enfado, feitos. Fronte ao ru\u00eddo, n\u00f3s ofrecemos traballo e resultados\u201d.<\/p>\n","protected":false},"excerpt":{"rendered":"<p>O presidente do PPdeG, Alfonso Rueda, comprometeuse hoxe a seguir gobernando Galicia como queren os galegos e as galegas, \u201ccon sentidi\u00f1o\u201d, fronte aos \u201cespect\u00e1culos de corrupci\u00f3n e todo o que se est\u00e1 vendo\u201d do PSOE e fronte ao \u201cnon a todo\u201d do BNG, aos que \u201cnada lles gusta e sempre est\u00e1n enfurru\u00f1ados\u201d. As\u00ed o manifestou [&hellip;]<\/p>\n","protected":false},"author":38,"featured_media":67138,"comment_status":"closed","ping_status":"open","sticky":false,"template":"","format":"standard","meta":{"_acf_changed":false,"footnotes":""},"categories":[1],"tags":[],"class_list":["post-67137","post","type-post","status-publish","format-standard","has-post-thumbnail","hentry","category-pp-de-galicia"],"acf":[],"yoast_head":"<!-- This site is optimized with the Yoast SEO plugin v27.3 - https:\/\/yoast.com\/product\/yoast-seo-wordpress\/ -->\n<title>Rueda comprom\u00e9tese a seguir gobernando Galicia \u201ccon sentidi\u00f1o\u201d fronte aos \u201cespect\u00e1culos\u201d do PSOE e o \u201c&#039;non&#039; a todo\u201d do BNG - PP de Galicia<\/title>\n<meta name=\"description\" content=\"O presidente do PPdeG, Alfonso Rueda, comprometeuse hoxe a seguir gobernando Galicia como queren os galegos e as galegas, \u201ccon sentidi\u00f1o\u201d, fronte aos \u201cespect\u00e1culos de corrupci\u00f3n e todo o que se est\u00e1 vendo\u201d do PSOE e fronte ao \u201cnon a todo\u201d do BNG, aos que \u201cnada lles gusta e sempre est\u00e1n enfurru\u00f1ados\u201d.\" \/>\n<meta name=\"robots\" content=\"index, follow, max-snippet:-1, max-image-preview:large, max-video-preview:-1\" \/>\n<link rel=\"canonical\" href=\"https:\/\/ppdegalicia.com\/es\/rueda-comprometese-a-seguir-gobernando-galicia-con-sentidino-fronte-aos-espectaculos-do-psoe-e-o-non-a-todo-do-bng\/\" \/>\n<meta property=\"og:locale\" content=\"es_ES\" \/>\n<meta property=\"og:type\" content=\"article\" \/>\n<meta property=\"og:title\" content=\"Rueda comprom\u00e9tese a seguir gobernando Galicia \u201ccon sentidi\u00f1o\u201d fronte aos \u201cespect\u00e1culos\u201d do PSOE e o \u201c&#039;non&#039; a todo\u201d do BNG - PP de Galicia\" \/>\n<meta property=\"og:description\" content=\"O presidente do PPdeG, Alfonso Rueda, comprometeuse hoxe a seguir gobernando Galicia como queren os galegos e as galegas, \u201ccon sentidi\u00f1o\u201d, fronte aos \u201cespect\u00e1culos de corrupci\u00f3n e todo o que se est\u00e1 vendo\u201d do PSOE e fronte ao \u201cnon a todo\u201d do BNG, aos que \u201cnada lles gusta e sempre est\u00e1n enfurru\u00f1ados\u201d.\" \/>\n<meta property=\"og:url\" content=\"https:\/\/ppdegalicia.com\/es\/rueda-comprometese-a-seguir-gobernando-galicia-con-sentidino-fronte-aos-espectaculos-do-psoe-e-o-non-a-todo-do-bng\/\" \/>\n<meta property=\"og:site_name\" content=\"PP de Galicia\" \/>\n<meta property=\"article:publisher\" content=\"https:\/\/www.instagram.com\/ppdegalicia\/\" \/>\n<meta property=\"article:published_time\" content=\"2025-05-25T07:57:26+00:00\" \/>\n<meta property=\"article:modified_time\" content=\"2025-05-26T07:59:07+00:00\" \/>\n<meta property=\"og:image\" content=\"https:\/\/ppdegalicia.com\/wp-content\/uploads\/2025\/05\/20250525_ARueda_RomariaPoio_2-scaled.jpg\" \/>\n\t<meta property=\"og:image:width\" content=\"2560\" \/>\n\t<meta property=\"og:image:height\" content=\"1707\" \/>\n\t<meta property=\"og:image:type\" content=\"image\/jpeg\" \/>\n<meta name=\"author\" content=\"ppdegaliciaredes\" \/>\n<meta name=\"twitter:card\" content=\"summary_large_image\" \/>\n<meta name=\"twitter:creator\" content=\"@ppdegalicia\" \/>\n<meta name=\"twitter:site\" content=\"@ppdegalicia\" \/>\n<meta name=\"twitter:label1\" content=\"Escrito por\" \/>\n\t<meta name=\"twitter:data1\" content=\"ppdegaliciaredes\" \/>\n\t<meta name=\"twitter:label2\" content=\"Tiempo de lectura\" \/>\n\t<meta name=\"twitter:data2\" content=\"5 minutos\" \/>\n<script type=\"application\/ld+json\" class=\"yoast-schema-graph\">{\"@context\":\"https:\\\/\\\/schema.org\",\"@graph\":[{\"@type\":\"Article\",\"@id\":\"https:\\\/\\\/ppdegalicia.com\\\/es\\\/rueda-comprometese-a-seguir-gobernando-galicia-con-sentidino-fronte-aos-espectaculos-do-psoe-e-o-non-a-todo-do-bng\\\/#article\",\"isPartOf\":{\"@id\":\"https:\\\/\\\/ppdegalicia.com\\\/es\\\/rueda-comprometese-a-seguir-gobernando-galicia-con-sentidino-fronte-aos-espectaculos-do-psoe-e-o-non-a-todo-do-bng\\\/\"},\"author\":{\"name\":\"ppdegaliciaredes\",\"@id\":\"https:\\\/\\\/ppdegalicia.com\\\/es\\\/#\\\/schema\\\/person\\\/5b822c6f59e872ebdd1142f307dbcb59\"},\"headline\":\"Rueda comprom\u00e9tese a seguir gobernando Galicia \u201ccon sentidi\u00f1o\u201d fronte aos \u201cespect\u00e1culos\u201d do PSOE e o \u201c&#8217;non&#8217; a todo\u201d do BNG\",\"datePublished\":\"2025-05-25T07:57:26+00:00\",\"dateModified\":\"2025-05-26T07:59:07+00:00\",\"mainEntityOfPage\":{\"@id\":\"https:\\\/\\\/ppdegalicia.com\\\/es\\\/rueda-comprometese-a-seguir-gobernando-galicia-con-sentidino-fronte-aos-espectaculos-do-psoe-e-o-non-a-todo-do-bng\\\/\"},\"wordCount\":761,\"publisher\":{\"@id\":\"https:\\\/\\\/ppdegalicia.com\\\/es\\\/#organization\"},\"image\":{\"@id\":\"https:\\\/\\\/ppdegalicia.com\\\/es\\\/rueda-comprometese-a-seguir-gobernando-galicia-con-sentidino-fronte-aos-espectaculos-do-psoe-e-o-non-a-todo-do-bng\\\/#primaryimage\"},\"thumbnailUrl\":\"https:\\\/\\\/ppdegalicia.com\\\/wp-content\\\/uploads\\\/2025\\\/05\\\/20250525_ARueda_RomariaPoio_2-scaled.jpg\",\"articleSection\":[\"PP de Galicia\"],\"inLanguage\":\"es\"},{\"@type\":\"WebPage\",\"@id\":\"https:\\\/\\\/ppdegalicia.com\\\/es\\\/rueda-comprometese-a-seguir-gobernando-galicia-con-sentidino-fronte-aos-espectaculos-do-psoe-e-o-non-a-todo-do-bng\\\/\",\"url\":\"https:\\\/\\\/ppdegalicia.com\\\/es\\\/rueda-comprometese-a-seguir-gobernando-galicia-con-sentidino-fronte-aos-espectaculos-do-psoe-e-o-non-a-todo-do-bng\\\/\",\"name\":\"Rueda comprom\u00e9tese a seguir gobernando Galicia \u201ccon sentidi\u00f1o\u201d fronte aos \u201cespect\u00e1culos\u201d do PSOE e o \u201c'non' a todo\u201d do BNG - PP de Galicia\",\"isPartOf\":{\"@id\":\"https:\\\/\\\/ppdegalicia.com\\\/es\\\/#website\"},\"primaryImageOfPage\":{\"@id\":\"https:\\\/\\\/ppdegalicia.com\\\/es\\\/rueda-comprometese-a-seguir-gobernando-galicia-con-sentidino-fronte-aos-espectaculos-do-psoe-e-o-non-a-todo-do-bng\\\/#primaryimage\"},\"image\":{\"@id\":\"https:\\\/\\\/ppdegalicia.com\\\/es\\\/rueda-comprometese-a-seguir-gobernando-galicia-con-sentidino-fronte-aos-espectaculos-do-psoe-e-o-non-a-todo-do-bng\\\/#primaryimage\"},\"thumbnailUrl\":\"https:\\\/\\\/ppdegalicia.com\\\/wp-content\\\/uploads\\\/2025\\\/05\\\/20250525_ARueda_RomariaPoio_2-scaled.jpg\",\"datePublished\":\"2025-05-25T07:57:26+00:00\",\"dateModified\":\"2025-05-26T07:59:07+00:00\",\"description\":\"O presidente do PPdeG, Alfonso Rueda, comprometeuse hoxe a seguir gobernando Galicia como queren os galegos e as galegas, \u201ccon sentidi\u00f1o\u201d, fronte aos \u201cespect\u00e1culos de corrupci\u00f3n e todo o que se est\u00e1 vendo\u201d do PSOE e fronte ao \u201cnon a todo\u201d do BNG, aos que \u201cnada lles gusta e sempre est\u00e1n enfurru\u00f1ados\u201d.\",\"breadcrumb\":{\"@id\":\"https:\\\/\\\/ppdegalicia.com\\\/es\\\/rueda-comprometese-a-seguir-gobernando-galicia-con-sentidino-fronte-aos-espectaculos-do-psoe-e-o-non-a-todo-do-bng\\\/#breadcrumb\"},\"inLanguage\":\"es\",\"potentialAction\":[{\"@type\":\"ReadAction\",\"target\":[\"https:\\\/\\\/ppdegalicia.com\\\/es\\\/rueda-comprometese-a-seguir-gobernando-galicia-con-sentidino-fronte-aos-espectaculos-do-psoe-e-o-non-a-todo-do-bng\\\/\"]}]},{\"@type\":\"ImageObject\",\"inLanguage\":\"es\",\"@id\":\"https:\\\/\\\/ppdegalicia.com\\\/es\\\/rueda-comprometese-a-seguir-gobernando-galicia-con-sentidino-fronte-aos-espectaculos-do-psoe-e-o-non-a-todo-do-bng\\\/#primaryimage\",\"url\":\"https:\\\/\\\/ppdegalicia.com\\\/wp-content\\\/uploads\\\/2025\\\/05\\\/20250525_ARueda_RomariaPoio_2-scaled.jpg\",\"contentUrl\":\"https:\\\/\\\/ppdegalicia.com\\\/wp-content\\\/uploads\\\/2025\\\/05\\\/20250525_ARueda_RomariaPoio_2-scaled.jpg\",\"width\":2560,\"height\":1707},{\"@type\":\"BreadcrumbList\",\"@id\":\"https:\\\/\\\/ppdegalicia.com\\\/es\\\/rueda-comprometese-a-seguir-gobernando-galicia-con-sentidino-fronte-aos-espectaculos-do-psoe-e-o-non-a-todo-do-bng\\\/#breadcrumb\",\"itemListElement\":[{\"@type\":\"ListItem\",\"position\":1,\"name\":\"Portada\",\"item\":\"https:\\\/\\\/ppdegalicia.com\\\/es\\\/\"},{\"@type\":\"ListItem\",\"position\":2,\"name\":\"Rueda comprom\u00e9tese a seguir gobernando Galicia \u201ccon sentidi\u00f1o\u201d fronte aos \u201cespect\u00e1culos\u201d do PSOE e o \u201c&#8217;non&#8217; a todo\u201d do BNG\"}]},{\"@type\":\"WebSite\",\"@id\":\"https:\\\/\\\/ppdegalicia.com\\\/es\\\/#website\",\"url\":\"https:\\\/\\\/ppdegalicia.com\\\/es\\\/\",\"name\":\"Partido Popular de Galicia\",\"description\":\"Partido Popular de Galicia\",\"publisher\":{\"@id\":\"https:\\\/\\\/ppdegalicia.com\\\/es\\\/#organization\"},\"alternateName\":\"PP de Galicia\",\"potentialAction\":[{\"@type\":\"SearchAction\",\"target\":{\"@type\":\"EntryPoint\",\"urlTemplate\":\"https:\\\/\\\/ppdegalicia.com\\\/es\\\/?s={search_term_string}\"},\"query-input\":{\"@type\":\"PropertyValueSpecification\",\"valueRequired\":true,\"valueName\":\"search_term_string\"}}],\"inLanguage\":\"es\"},{\"@type\":\"Organization\",\"@id\":\"https:\\\/\\\/ppdegalicia.com\\\/es\\\/#organization\",\"name\":\"Partido Popular de Galicia\",\"alternateName\":\"PP de Galicia\",\"url\":\"https:\\\/\\\/ppdegalicia.com\\\/es\\\/\",\"logo\":{\"@type\":\"ImageObject\",\"inLanguage\":\"es\",\"@id\":\"https:\\\/\\\/ppdegalicia.com\\\/es\\\/#\\\/schema\\\/logo\\\/image\\\/\",\"url\":\"https:\\\/\\\/ppdegalicia.com\\\/wp-content\\\/uploads\\\/2023\\\/04\\\/logoPP512.png\",\"contentUrl\":\"https:\\\/\\\/ppdegalicia.com\\\/wp-content\\\/uploads\\\/2023\\\/04\\\/logoPP512.png\",\"width\":512,\"height\":512,\"caption\":\"Partido Popular de Galicia\"},\"image\":{\"@id\":\"https:\\\/\\\/ppdegalicia.com\\\/es\\\/#\\\/schema\\\/logo\\\/image\\\/\"},\"sameAs\":[\"https:\\\/\\\/www.instagram.com\\\/ppdegalicia\\\/\",\"https:\\\/\\\/x.com\\\/ppdegalicia\",\"https:\\\/\\\/www.tiktok.com\\\/@ppdegalicia\",\"https:\\\/\\\/www.youtube.com\\\/user\\\/ppdegalicia\"]},{\"@type\":\"Person\",\"@id\":\"https:\\\/\\\/ppdegalicia.com\\\/es\\\/#\\\/schema\\\/person\\\/5b822c6f59e872ebdd1142f307dbcb59\",\"name\":\"ppdegaliciaredes\",\"image\":{\"@type\":\"ImageObject\",\"inLanguage\":\"es\",\"@id\":\"https:\\\/\\\/secure.gravatar.com\\\/avatar\\\/3c9179cf0256d00c72a48d1f25783c58b6842cd56e85ef3a572881c8e28ccd59?s=96&d=mm&r=g\",\"url\":\"https:\\\/\\\/secure.gravatar.com\\\/avatar\\\/3c9179cf0256d00c72a48d1f25783c58b6842cd56e85ef3a572881c8e28ccd59?s=96&d=mm&r=g\",\"contentUrl\":\"https:\\\/\\\/secure.gravatar.com\\\/avatar\\\/3c9179cf0256d00c72a48d1f25783c58b6842cd56e85ef3a572881c8e28ccd59?s=96&d=mm&r=g\",\"caption\":\"ppdegaliciaredes\"},\"url\":\"https:\\\/\\\/ppdegalicia.com\\\/es\\\/author\\\/ppdegaliciaredes\\\/\"}]}<\/script>\n<!-- \/ Yoast SEO plugin. -->","yoast_head_json":{"title":"Rueda comprom\u00e9tese a seguir gobernando Galicia \u201ccon sentidi\u00f1o\u201d fronte aos \u201cespect\u00e1culos\u201d do PSOE e o \u201c'non' a todo\u201d do BNG - PP de Galicia","description":"O presidente do PPdeG, Alfonso Rueda, comprometeuse hoxe a seguir gobernando Galicia como queren os galegos e as galegas, \u201ccon sentidi\u00f1o\u201d, fronte aos \u201cespect\u00e1culos de corrupci\u00f3n e todo o que se est\u00e1 vendo\u201d do PSOE e fronte ao \u201cnon a todo\u201d do BNG, aos que \u201cnada lles gusta e sempre est\u00e1n enfurru\u00f1ados\u201d.","robots":{"index":"index","follow":"follow","max-snippet":"max-snippet:-1","max-image-preview":"max-image-preview:large","max-video-preview":"max-video-preview:-1"},"canonical":"https:\/\/ppdegalicia.com\/es\/rueda-comprometese-a-seguir-gobernando-galicia-con-sentidino-fronte-aos-espectaculos-do-psoe-e-o-non-a-todo-do-bng\/","og_locale":"es_ES","og_type":"article","og_title":"Rueda comprom\u00e9tese a seguir gobernando Galicia \u201ccon sentidi\u00f1o\u201d fronte aos \u201cespect\u00e1culos\u201d do PSOE e o \u201c'non' a todo\u201d do BNG - PP de Galicia","og_description":"O presidente do PPdeG, Alfonso Rueda, comprometeuse hoxe a seguir gobernando Galicia como queren os galegos e as galegas, \u201ccon sentidi\u00f1o\u201d, fronte aos \u201cespect\u00e1culos de corrupci\u00f3n e todo o que se est\u00e1 vendo\u201d do PSOE e fronte ao \u201cnon a todo\u201d do BNG, aos que \u201cnada lles gusta e sempre est\u00e1n enfurru\u00f1ados\u201d.","og_url":"https:\/\/ppdegalicia.com\/es\/rueda-comprometese-a-seguir-gobernando-galicia-con-sentidino-fronte-aos-espectaculos-do-psoe-e-o-non-a-todo-do-bng\/","og_site_name":"PP de Galicia","article_publisher":"https:\/\/www.instagram.com\/ppdegalicia\/","article_published_time":"2025-05-25T07:57:26+00:00","article_modified_time":"2025-05-26T07:59:07+00:00","og_image":[{"width":2560,"height":1707,"url":"https:\/\/ppdegalicia.com\/wp-content\/uploads\/2025\/05\/20250525_ARueda_RomariaPoio_2-scaled.jpg","type":"image\/jpeg"}],"author":"ppdegaliciaredes","twitter_card":"summary_large_image","twitter_creator":"@ppdegalicia","twitter_site":"@ppdegalicia","twitter_misc":{"Escrito por":"ppdegaliciaredes","Tiempo de lectura":"5 minutos"},"schema":{"@context":"https:\/\/schema.org","@graph":[{"@type":"Article","@id":"https:\/\/ppdegalicia.com\/es\/rueda-comprometese-a-seguir-gobernando-galicia-con-sentidino-fronte-aos-espectaculos-do-psoe-e-o-non-a-todo-do-bng\/#article","isPartOf":{"@id":"https:\/\/ppdegalicia.com\/es\/rueda-comprometese-a-seguir-gobernando-galicia-con-sentidino-fronte-aos-espectaculos-do-psoe-e-o-non-a-todo-do-bng\/"},"author":{"name":"ppdegaliciaredes","@id":"https:\/\/ppdegalicia.com\/es\/#\/schema\/person\/5b822c6f59e872ebdd1142f307dbcb59"},"headline":"Rueda comprom\u00e9tese a seguir gobernando Galicia \u201ccon sentidi\u00f1o\u201d fronte aos \u201cespect\u00e1culos\u201d do PSOE e o \u201c&#8217;non&#8217; a todo\u201d do BNG","datePublished":"2025-05-25T07:57:26+00:00","dateModified":"2025-05-26T07:59:07+00:00","mainEntityOfPage":{"@id":"https:\/\/ppdegalicia.com\/es\/rueda-comprometese-a-seguir-gobernando-galicia-con-sentidino-fronte-aos-espectaculos-do-psoe-e-o-non-a-todo-do-bng\/"},"wordCount":761,"publisher":{"@id":"https:\/\/ppdegalicia.com\/es\/#organization"},"image":{"@id":"https:\/\/ppdegalicia.com\/es\/rueda-comprometese-a-seguir-gobernando-galicia-con-sentidino-fronte-aos-espectaculos-do-psoe-e-o-non-a-todo-do-bng\/#primaryimage"},"thumbnailUrl":"https:\/\/ppdegalicia.com\/wp-content\/uploads\/2025\/05\/20250525_ARueda_RomariaPoio_2-scaled.jpg","articleSection":["PP de Galicia"],"inLanguage":"es"},{"@type":"WebPage","@id":"https:\/\/ppdegalicia.com\/es\/rueda-comprometese-a-seguir-gobernando-galicia-con-sentidino-fronte-aos-espectaculos-do-psoe-e-o-non-a-todo-do-bng\/","url":"https:\/\/ppdegalicia.com\/es\/rueda-comprometese-a-seguir-gobernando-galicia-con-sentidino-fronte-aos-espectaculos-do-psoe-e-o-non-a-todo-do-bng\/","name":"Rueda comprom\u00e9tese a seguir gobernando Galicia \u201ccon sentidi\u00f1o\u201d fronte aos \u201cespect\u00e1culos\u201d do PSOE e o \u201c'non' a todo\u201d do BNG - PP de Galicia","isPartOf":{"@id":"https:\/\/ppdegalicia.com\/es\/#website"},"primaryImageOfPage":{"@id":"https:\/\/ppdegalicia.com\/es\/rueda-comprometese-a-seguir-gobernando-galicia-con-sentidino-fronte-aos-espectaculos-do-psoe-e-o-non-a-todo-do-bng\/#primaryimage"},"image":{"@id":"https:\/\/ppdegalicia.com\/es\/rueda-comprometese-a-seguir-gobernando-galicia-con-sentidino-fronte-aos-espectaculos-do-psoe-e-o-non-a-todo-do-bng\/#primaryimage"},"thumbnailUrl":"https:\/\/ppdegalicia.com\/wp-content\/uploads\/2025\/05\/20250525_ARueda_RomariaPoio_2-scaled.jpg","datePublished":"2025-05-25T07:57:26+00:00","dateModified":"2025-05-26T07:59:07+00:00","description":"O presidente do PPdeG, Alfonso Rueda, comprometeuse hoxe a seguir gobernando Galicia como queren os galegos e as galegas, \u201ccon sentidi\u00f1o\u201d, fronte aos \u201cespect\u00e1culos de corrupci\u00f3n e todo o que se est\u00e1 vendo\u201d do PSOE e fronte ao \u201cnon a todo\u201d do BNG, aos que \u201cnada lles gusta e sempre est\u00e1n enfurru\u00f1ados\u201d.","breadcrumb":{"@id":"https:\/\/ppdegalicia.com\/es\/rueda-comprometese-a-seguir-gobernando-galicia-con-sentidino-fronte-aos-espectaculos-do-psoe-e-o-non-a-todo-do-bng\/#breadcrumb"},"inLanguage":"es","potentialAction":[{"@type":"ReadAction","target":["https:\/\/ppdegalicia.com\/es\/rueda-comprometese-a-seguir-gobernando-galicia-con-sentidino-fronte-aos-espectaculos-do-psoe-e-o-non-a-todo-do-bng\/"]}]},{"@type":"ImageObject","inLanguage":"es","@id":"https:\/\/ppdegalicia.com\/es\/rueda-comprometese-a-seguir-gobernando-galicia-con-sentidino-fronte-aos-espectaculos-do-psoe-e-o-non-a-todo-do-bng\/#primaryimage","url":"https:\/\/ppdegalicia.com\/wp-content\/uploads\/2025\/05\/20250525_ARueda_RomariaPoio_2-scaled.jpg","contentUrl":"https:\/\/ppdegalicia.com\/wp-content\/uploads\/2025\/05\/20250525_ARueda_RomariaPoio_2-scaled.jpg","width":2560,"height":1707},{"@type":"BreadcrumbList","@id":"https:\/\/ppdegalicia.com\/es\/rueda-comprometese-a-seguir-gobernando-galicia-con-sentidino-fronte-aos-espectaculos-do-psoe-e-o-non-a-todo-do-bng\/#breadcrumb","itemListElement":[{"@type":"ListItem","position":1,"name":"Portada","item":"https:\/\/ppdegalicia.com\/es\/"},{"@type":"ListItem","position":2,"name":"Rueda comprom\u00e9tese a seguir gobernando Galicia \u201ccon sentidi\u00f1o\u201d fronte aos \u201cespect\u00e1culos\u201d do PSOE e o \u201c&#8217;non&#8217; a todo\u201d do BNG"}]},{"@type":"WebSite","@id":"https:\/\/ppdegalicia.com\/es\/#website","url":"https:\/\/ppdegalicia.com\/es\/","name":"Partido Popular de Galicia","description":"Partido Popular de Galicia","publisher":{"@id":"https:\/\/ppdegalicia.com\/es\/#organization"},"alternateName":"PP de Galicia","potentialAction":[{"@type":"SearchAction","target":{"@type":"EntryPoint","urlTemplate":"https:\/\/ppdegalicia.com\/es\/?s={search_term_string}"},"query-input":{"@type":"PropertyValueSpecification","valueRequired":true,"valueName":"search_term_string"}}],"inLanguage":"es"},{"@type":"Organization","@id":"https:\/\/ppdegalicia.com\/es\/#organization","name":"Partido Popular de Galicia","alternateName":"PP de Galicia","url":"https:\/\/ppdegalicia.com\/es\/","logo":{"@type":"ImageObject","inLanguage":"es","@id":"https:\/\/ppdegalicia.com\/es\/#\/schema\/logo\/image\/","url":"https:\/\/ppdegalicia.com\/wp-content\/uploads\/2023\/04\/logoPP512.png","contentUrl":"https:\/\/ppdegalicia.com\/wp-content\/uploads\/2023\/04\/logoPP512.png","width":512,"height":512,"caption":"Partido Popular de Galicia"},"image":{"@id":"https:\/\/ppdegalicia.com\/es\/#\/schema\/logo\/image\/"},"sameAs":["https:\/\/www.instagram.com\/ppdegalicia\/","https:\/\/x.com\/ppdegalicia","https:\/\/www.tiktok.com\/@ppdegalicia","https:\/\/www.youtube.com\/user\/ppdegalicia"]},{"@type":"Person","@id":"https:\/\/ppdegalicia.com\/es\/#\/schema\/person\/5b822c6f59e872ebdd1142f307dbcb59","name":"ppdegaliciaredes","image":{"@type":"ImageObject","inLanguage":"es","@id":"https:\/\/secure.gravatar.com\/avatar\/3c9179cf0256d00c72a48d1f25783c58b6842cd56e85ef3a572881c8e28ccd59?s=96&d=mm&r=g","url":"https:\/\/secure.gravatar.com\/avatar\/3c9179cf0256d00c72a48d1f25783c58b6842cd56e85ef3a572881c8e28ccd59?s=96&d=mm&r=g","contentUrl":"https:\/\/secure.gravatar.com\/avatar\/3c9179cf0256d00c72a48d1f25783c58b6842cd56e85ef3a572881c8e28ccd59?s=96&d=mm&r=g","caption":"ppdegaliciaredes"},"url":"https:\/\/ppdegalicia.com\/es\/author\/ppdegaliciaredes\/"}]}},"_links":{"self":[{"href":"https:\/\/ppdegalicia.com\/es\/wp-json\/wp\/v2\/posts\/67137","targetHints":{"allow":["GET"]}}],"collection":[{"href":"https:\/\/ppdegalicia.com\/es\/wp-json\/wp\/v2\/posts"}],"about":[{"href":"https:\/\/ppdegalicia.com\/es\/wp-json\/wp\/v2\/types\/post"}],"author":[{"embeddable":true,"href":"https:\/\/ppdegalicia.com\/es\/wp-json\/wp\/v2\/users\/38"}],"replies":[{"embeddable":true,"href":"https:\/\/ppdegalicia.com\/es\/wp-json\/wp\/v2\/comments?post=67137"}],"version-history":[{"count":1,"href":"https:\/\/ppdegalicia.com\/es\/wp-json\/wp\/v2\/posts\/67137\/revisions"}],"predecessor-version":[{"id":67140,"href":"https:\/\/ppdegalicia.com\/es\/wp-json\/wp\/v2\/posts\/67137\/revisions\/67140"}],"wp:featuredmedia":[{"embeddable":true,"href":"https:\/\/ppdegalicia.com\/es\/wp-json\/wp\/v2\/media\/67138"}],"wp:attachment":[{"href":"https:\/\/ppdegalicia.com\/es\/wp-json\/wp\/v2\/media?parent=67137"}],"wp:term":[{"taxonomy":"category","embeddable":true,"href":"https:\/\/ppdegalicia.com\/es\/wp-json\/wp\/v2\/categories?post=67137"},{"taxonomy":"post_tag","embeddable":true,"href":"https:\/\/ppdegalicia.com\/es\/wp-json\/wp\/v2\/tags?post=67137"}],"curies":[{"name":"wp","href":"https:\/\/api.w.org\/{rel}","templated":true}]}}