{"id":67251,"date":"2025-06-04T09:45:01","date_gmt":"2025-06-04T08:45:01","guid":{"rendered":"https:\/\/ppdegalicia.com\/?p=67251"},"modified":"2025-06-03T18:31:54","modified_gmt":"2025-06-03T17:31:54","slug":"o-ppdeg-ironiza-sobre-a-50a-prorroga-do-debate-sobre-a-transferencia-da-ap-9-chegados-as-vodas-de-ouro-toca-pedir-o-divorcio-de-pedro-sanchez-e-quedar-coa-custodia-da-autopista","status":"publish","type":"post","link":"https:\/\/ppdegalicia.com\/es\/o-ppdeg-ironiza-sobre-a-50a-prorroga-do-debate-sobre-a-transferencia-da-ap-9-chegados-as-vodas-de-ouro-toca-pedir-o-divorcio-de-pedro-sanchez-e-quedar-coa-custodia-da-autopista\/","title":{"rendered":"O PPdeG ironiza sobre a 50\u00aa pr\u00f3rroga do debate sobre a transferencia da AP-9: \u201cChegados \u00e1s vodas de ouro, toca pedir o divorcio de Pedro S\u00e1nchez e quedar coa custodia da autopista\u201d"},"content":{"rendered":"<p style=\"font-weight: 400;\">O PPdeG recorre \u00e1 iron\u00eda para denunciar a aprobaci\u00f3n da 50\u00aa pr\u00f3rroga do debate sobre a transferencia da AP-9 no Congreso e asegura que \u201cchegou o momento de conmemorar as vodas de ouro de Pedro S\u00e1nchez co bloqueo a Galicia pedindo o divorcio e quedando coa custodia da autopista\u201d.<\/p>\n<p style=\"font-weight: 400;\">Faino logo de que a Mesa do Congreso dos Deputados, dominada polo PSOE e os seus socios, aprobase onte a pr\u00f3rroga n\u00famero 35 \u00e1 tramitaci\u00f3n parlamentaria da proposici\u00f3n de lei sobre a transferencia da AP-9 no que vai de lexislatura, sumando 50 desde que Pedro S\u00e1nchez chegou \u00e1 Moncloa.<\/p>\n<p style=\"font-weight: 400;\">\u201c50 anos de relaci\u00f3n normalmente marcan unha vida de compromiso e constancia, s\u00f3 que neste caso o compromiso \u00e9 co bloqueo, e a constancia, coa falta de respecto a Galicia\u201d, defendeu a secretaria xeral Paula Prado nun encontro que mantivo en Oroso cos presidentes provinciais do partido na Coru\u00f1a e Pontevedra, Diego Calvo e Luis L\u00f3pez, a responsable de Vivenda e Infraestruturas do Goberno galego, Mar\u00eda Mart\u00ednez Allegue, e o alcalde \u00c1lex Doval.<\/p>\n<p style=\"font-weight: 400;\">Un encontro no que tam\u00e9n participaron o deputado nacional e vicepresidente 2\u00ba da Comisi\u00f3n de Transportes e Mobilidade Sostible do Congreso, Celso Delgado, e o coordinador de Infraestruturas e Territorio do PPdeG, Antonio Ameijide.<\/p>\n<p style=\"font-weight: 400;\">A n\u00famero dous dos populares galegos defende que \u201ccando non hai d\u00fabidas t\u00e9cnicas, nin falta de orzamento, nin oposici\u00f3n \u00e1 transferencia da AP-9, o que hai \u00e9 bloqueo\u201d e que \u201ccando se fala de desatender unha demanda un\u00e1nime da sociedade galega e do Parlamento galego, o que hai \u00e9 unha falta de respecto a Galicia\u201d.<\/p>\n<p style=\"font-weight: 400;\">Criticou as\u00ed que, mentres se suceden estas pr\u00f3rrogas, os galegos e galegas te\u00f1an que \u201cseguir pagando peaxes abusivas por circular por unha autoestrada que, por xustiza e por eficacia, debe xestionarse desde Galicia\u201d e comprometeu o traballo do PPdeG para que \u201ccanto antes se faga realidade o que levamos anos reclamando\u201d.<\/p>\n<p style=\"font-weight: 400;\"><strong><u>\u201cNON QUEREMOS SER M\u00c1IS QUE NINGU\u00c9N, PERO TAMPOUCO MENOS\u201d<\/u><\/strong><\/p>\n<p style=\"font-weight: 400;\">A responsable de Vivenda e Infraestruturas do Goberno galego, Mar\u00eda Mart\u00ednez Allegue, pediu non s\u00f3 que se desbloquee a tramitaci\u00f3n da proposici\u00f3n de lei org\u00e1nica sobre a transferencia da AP-9 a Galicia, sen\u00f3n que tam\u00e9n se atendan as solicitudes de reuni\u00f3n trasladadas desde o Executivo auton\u00f3mico ao Ministerio de Transportes para abordar a situaci\u00f3n desta e doutras infraestruturas na Comunidade.<\/p>\n<p style=\"font-weight: 400;\">\u201cPedimos que se dea resposta ao estudo econ\u00f3mico que fixemos desde a Xunta sobre o custo do rescate e da transferencia e que, tendo en conta que o custo das bonificaci\u00f3ns actuais \u00e9 similar ao do rescate, se valore esta \u00faltima posibilidade\u201d, apuntou remarcando que \u201cen Galicia non queremos ser m\u00e1is que ningu\u00e9n pero tampouco menos\u201d.<\/p>\n<p style=\"font-weight: 400;\"><strong><u>A LOITA DOS CONCELLOS POLOS QUE TRANSCORRE A AUTOESTRADA<\/u><\/strong><\/p>\n<p style=\"font-weight: 400;\">O presidente provincial do PP da Coru\u00f1a, pola s\u00faa banda, quixo po\u00f1er sobre a mesa as demandas e reivindicaci\u00f3ns dos concellos polos que transcorre esta infraestrutura e que demandan unha \u201ccompensaci\u00f3n\u201d por problemas como a perda de valor das propiedades, o impacto no turismo ou a contaminaci\u00f3n ac\u00fastica e visual.<\/p>\n<p style=\"font-weight: 400;\">Por todo isto, reclaman \u00e1 concesionaria que colabore cos concellos a trav\u00e9s do pagamento \u00edntegro do Imposto sobre Bens Inmobles (IBI) que durante anos estivo bonificado e que nestes momentos supor\u00eda unha inxecci\u00f3n de 2,3 mill\u00f3ns de euros nas arcas municipais dos diferentes concellos.<\/p>\n<p style=\"font-weight: 400;\">\u201cSe isto se consegue \u00e9 grazas \u00e1 loita dos concellos\u201d, reivindicou Diego Calvo agradecendo a \u201cvalent\u00eda\u201d de todos aqueles municipios que deron \u201cun paso adiante\u201d para unirse nesta reivindicaci\u00f3n e lamentou que o PSOE \u201cpedira a moitos concellos que non formasen parte desta asociaci\u00f3n e, polo tanto, que non reclamasen para os seus veci\u00f1os o que \u00e9 xusto\u201d.<\/p>\n<p style=\"font-weight: 400;\"><strong><u>INFRAESTRUTURAS CONXELADAS E PARALIZADAS<\/u><\/strong><\/p>\n<p style=\"font-weight: 400;\">Tam\u00e9n o presidente provincial dos populares en Pontevedra, Luis L\u00f3pez, criticou o \u201cdesgoberno\u201d de Pedro S\u00e1nchez e o seu desleixo cara a nosa Comunidade na medida en que, na s\u00faa opini\u00f3n, est\u00e1 \u00a0\u201cconxelando as infraestruturas existentes e paralizando as futuras\u201d.<\/p>\n<p style=\"font-weight: 400;\">Citou como exemplo a falta de conexi\u00f3ns ferroviarias no Eixo Atl\u00e1ntico, a retirada de conexi\u00f3ns con Madrid, o mal estado das estradas nacionais ou a eliminaci\u00f3n de paradas de autob\u00fas estatais. Ademais, denunciou a \u201cparalizaci\u00f3n de infraestruturas de futuro\u201d como son o AVE Vigo-Porto, a Sa\u00edda Sur ou a V\u00eda Verde.<\/p>\n<p style=\"font-weight: 400;\">No que se refire \u00e1 AP-9 e \u00e1 s\u00faa problem\u00e1tica espec\u00edfica na provincia de Pontevedra, o l\u00edder popular asegurou que \u201cnada hai e nada se sabe da gratuidade do treito entre Pontevedra e Curro, as\u00ed como tampouco da liberaci\u00f3n do treito que transcorre polo Porri\u00f1o e que ser\u00eda unha alternativa \u00fatil e r\u00e1pida para a sa\u00edda sur de Vigo\u201d.<\/p>\n<p style=\"font-weight: 400;\">L\u00f3pez censurou a \u201cobediencia cega\u201d que tanto o PSOE e o BNG te\u00f1en a Pedro S\u00e1nchez mentres todo isto acontece e por iso pediulles que \u201cse deixen de parip\u00e9s e centren as s\u00faas enerx\u00edas en loitar polos intereses dos galegos e galegas\u201d.<\/p>\n","protected":false},"excerpt":{"rendered":"<p>O PPdeG recorre \u00e1 iron\u00eda para denunciar a aprobaci\u00f3n da 50\u00aa pr\u00f3rroga do debate sobre a transferencia da AP-9 no Congreso e asegura que \u201cchegou o momento de conmemorar as vodas de ouro de Pedro S\u00e1nchez co bloqueo a Galicia pedindo o divorcio e quedando coa custodia da autopista\u201d. Faino logo de que a Mesa [&hellip;]<\/p>\n","protected":false},"author":38,"featured_media":67252,"comment_status":"closed","ping_status":"open","sticky":false,"template":"","format":"standard","meta":{"_acf_changed":false,"footnotes":""},"categories":[1],"tags":[],"class_list":["post-67251","post","type-post","status-publish","format-standard","has-post-thumbnail","hentry","category-pp-de-galicia"],"acf":[],"yoast_head":"<!-- This site is optimized with the Yoast SEO plugin v27.3 - https:\/\/yoast.com\/product\/yoast-seo-wordpress\/ -->\n<title>O PPdeG ironiza sobre a 50\u00aa pr\u00f3rroga do debate sobre a transferencia da AP-9: \u201cChegados \u00e1s vodas de ouro, toca pedir o divorcio de Pedro S\u00e1nchez e quedar coa custodia da autopista\u201d - PP de Galicia<\/title>\n<meta name=\"description\" content=\"O PPdeG recorre \u00e1 iron\u00eda para denunciar a aprobaci\u00f3n da 50\u00aa pr\u00f3rroga do debate sobre a transferencia da AP-9 no Congreso e asegura que \u201cchegou o momento de conmemorar as vodas de ouro de Pedro S\u00e1nchez co bloqueo a Galicia pedindo o divorcio e quedando coa custodia da autopista\u201d.\" \/>\n<meta name=\"robots\" content=\"index, follow, max-snippet:-1, max-image-preview:large, max-video-preview:-1\" \/>\n<link rel=\"canonical\" href=\"https:\/\/ppdegalicia.com\/es\/o-ppdeg-ironiza-sobre-a-50a-prorroga-do-debate-sobre-a-transferencia-da-ap-9-chegados-as-vodas-de-ouro-toca-pedir-o-divorcio-de-pedro-sanchez-e-quedar-coa-custodia-da-autopista\/\" \/>\n<meta property=\"og:locale\" content=\"es_ES\" \/>\n<meta property=\"og:type\" content=\"article\" \/>\n<meta property=\"og:title\" content=\"O PPdeG ironiza sobre a 50\u00aa pr\u00f3rroga do debate sobre a transferencia da AP-9: \u201cChegados \u00e1s vodas de ouro, toca pedir o divorcio de Pedro S\u00e1nchez e quedar coa custodia da autopista\u201d - PP de Galicia\" \/>\n<meta property=\"og:description\" content=\"O PPdeG recorre \u00e1 iron\u00eda para denunciar a aprobaci\u00f3n da 50\u00aa pr\u00f3rroga do debate sobre a transferencia da AP-9 no Congreso e asegura que \u201cchegou o momento de conmemorar as vodas de ouro de Pedro S\u00e1nchez co bloqueo a Galicia pedindo o divorcio e quedando coa custodia da autopista\u201d.\" \/>\n<meta property=\"og:url\" content=\"https:\/\/ppdegalicia.com\/es\/o-ppdeg-ironiza-sobre-a-50a-prorroga-do-debate-sobre-a-transferencia-da-ap-9-chegados-as-vodas-de-ouro-toca-pedir-o-divorcio-de-pedro-sanchez-e-quedar-coa-custodia-da-autopista\/\" \/>\n<meta property=\"og:site_name\" content=\"PP de Galicia\" \/>\n<meta property=\"article:publisher\" content=\"https:\/\/www.instagram.com\/ppdegalicia\/\" \/>\n<meta property=\"article:published_time\" content=\"2025-06-04T08:45:01+00:00\" \/>\n<meta property=\"og:image\" content=\"https:\/\/ppdegalicia.com\/wp-content\/uploads\/2025\/06\/20250604_PPdeG_50prorrogasAP9-scaled.jpg\" \/>\n\t<meta property=\"og:image:width\" content=\"2560\" \/>\n\t<meta property=\"og:image:height\" content=\"1707\" \/>\n\t<meta property=\"og:image:type\" content=\"image\/jpeg\" \/>\n<meta name=\"author\" content=\"ppdegaliciaredes\" \/>\n<meta name=\"twitter:card\" content=\"summary_large_image\" \/>\n<meta name=\"twitter:creator\" content=\"@ppdegalicia\" \/>\n<meta name=\"twitter:site\" content=\"@ppdegalicia\" \/>\n<meta name=\"twitter:label1\" content=\"Escrito por\" \/>\n\t<meta name=\"twitter:data1\" content=\"ppdegaliciaredes\" \/>\n\t<meta name=\"twitter:label2\" content=\"Tiempo de lectura\" \/>\n\t<meta name=\"twitter:data2\" content=\"5 minutos\" \/>\n<script type=\"application\/ld+json\" class=\"yoast-schema-graph\">{\"@context\":\"https:\\\/\\\/schema.org\",\"@graph\":[{\"@type\":\"Article\",\"@id\":\"https:\\\/\\\/ppdegalicia.com\\\/es\\\/o-ppdeg-ironiza-sobre-a-50a-prorroga-do-debate-sobre-a-transferencia-da-ap-9-chegados-as-vodas-de-ouro-toca-pedir-o-divorcio-de-pedro-sanchez-e-quedar-coa-custodia-da-autopista\\\/#article\",\"isPartOf\":{\"@id\":\"https:\\\/\\\/ppdegalicia.com\\\/es\\\/o-ppdeg-ironiza-sobre-a-50a-prorroga-do-debate-sobre-a-transferencia-da-ap-9-chegados-as-vodas-de-ouro-toca-pedir-o-divorcio-de-pedro-sanchez-e-quedar-coa-custodia-da-autopista\\\/\"},\"author\":{\"name\":\"ppdegaliciaredes\",\"@id\":\"https:\\\/\\\/ppdegalicia.com\\\/es\\\/#\\\/schema\\\/person\\\/5b822c6f59e872ebdd1142f307dbcb59\"},\"headline\":\"O PPdeG ironiza sobre a 50\u00aa pr\u00f3rroga do debate sobre a transferencia da AP-9: \u201cChegados \u00e1s vodas de ouro, toca pedir o divorcio de Pedro S\u00e1nchez e quedar coa custodia da autopista\u201d\",\"datePublished\":\"2025-06-04T08:45:01+00:00\",\"mainEntityOfPage\":{\"@id\":\"https:\\\/\\\/ppdegalicia.com\\\/es\\\/o-ppdeg-ironiza-sobre-a-50a-prorroga-do-debate-sobre-a-transferencia-da-ap-9-chegados-as-vodas-de-ouro-toca-pedir-o-divorcio-de-pedro-sanchez-e-quedar-coa-custodia-da-autopista\\\/\"},\"wordCount\":888,\"publisher\":{\"@id\":\"https:\\\/\\\/ppdegalicia.com\\\/es\\\/#organization\"},\"image\":{\"@id\":\"https:\\\/\\\/ppdegalicia.com\\\/es\\\/o-ppdeg-ironiza-sobre-a-50a-prorroga-do-debate-sobre-a-transferencia-da-ap-9-chegados-as-vodas-de-ouro-toca-pedir-o-divorcio-de-pedro-sanchez-e-quedar-coa-custodia-da-autopista\\\/#primaryimage\"},\"thumbnailUrl\":\"https:\\\/\\\/ppdegalicia.com\\\/wp-content\\\/uploads\\\/2025\\\/06\\\/20250604_PPdeG_50prorrogasAP9-scaled.jpg\",\"articleSection\":[\"PP de Galicia\"],\"inLanguage\":\"es\"},{\"@type\":\"WebPage\",\"@id\":\"https:\\\/\\\/ppdegalicia.com\\\/es\\\/o-ppdeg-ironiza-sobre-a-50a-prorroga-do-debate-sobre-a-transferencia-da-ap-9-chegados-as-vodas-de-ouro-toca-pedir-o-divorcio-de-pedro-sanchez-e-quedar-coa-custodia-da-autopista\\\/\",\"url\":\"https:\\\/\\\/ppdegalicia.com\\\/es\\\/o-ppdeg-ironiza-sobre-a-50a-prorroga-do-debate-sobre-a-transferencia-da-ap-9-chegados-as-vodas-de-ouro-toca-pedir-o-divorcio-de-pedro-sanchez-e-quedar-coa-custodia-da-autopista\\\/\",\"name\":\"O PPdeG ironiza sobre a 50\u00aa pr\u00f3rroga do debate sobre a transferencia da AP-9: \u201cChegados \u00e1s vodas de ouro, toca pedir o divorcio de Pedro S\u00e1nchez e quedar coa custodia da autopista\u201d - PP de Galicia\",\"isPartOf\":{\"@id\":\"https:\\\/\\\/ppdegalicia.com\\\/es\\\/#website\"},\"primaryImageOfPage\":{\"@id\":\"https:\\\/\\\/ppdegalicia.com\\\/es\\\/o-ppdeg-ironiza-sobre-a-50a-prorroga-do-debate-sobre-a-transferencia-da-ap-9-chegados-as-vodas-de-ouro-toca-pedir-o-divorcio-de-pedro-sanchez-e-quedar-coa-custodia-da-autopista\\\/#primaryimage\"},\"image\":{\"@id\":\"https:\\\/\\\/ppdegalicia.com\\\/es\\\/o-ppdeg-ironiza-sobre-a-50a-prorroga-do-debate-sobre-a-transferencia-da-ap-9-chegados-as-vodas-de-ouro-toca-pedir-o-divorcio-de-pedro-sanchez-e-quedar-coa-custodia-da-autopista\\\/#primaryimage\"},\"thumbnailUrl\":\"https:\\\/\\\/ppdegalicia.com\\\/wp-content\\\/uploads\\\/2025\\\/06\\\/20250604_PPdeG_50prorrogasAP9-scaled.jpg\",\"datePublished\":\"2025-06-04T08:45:01+00:00\",\"description\":\"O PPdeG recorre \u00e1 iron\u00eda para denunciar a aprobaci\u00f3n da 50\u00aa pr\u00f3rroga do debate sobre a transferencia da AP-9 no Congreso e asegura que \u201cchegou o momento de conmemorar as vodas de ouro de Pedro S\u00e1nchez co bloqueo a Galicia pedindo o divorcio e quedando coa custodia da autopista\u201d.\",\"breadcrumb\":{\"@id\":\"https:\\\/\\\/ppdegalicia.com\\\/es\\\/o-ppdeg-ironiza-sobre-a-50a-prorroga-do-debate-sobre-a-transferencia-da-ap-9-chegados-as-vodas-de-ouro-toca-pedir-o-divorcio-de-pedro-sanchez-e-quedar-coa-custodia-da-autopista\\\/#breadcrumb\"},\"inLanguage\":\"es\",\"potentialAction\":[{\"@type\":\"ReadAction\",\"target\":[\"https:\\\/\\\/ppdegalicia.com\\\/es\\\/o-ppdeg-ironiza-sobre-a-50a-prorroga-do-debate-sobre-a-transferencia-da-ap-9-chegados-as-vodas-de-ouro-toca-pedir-o-divorcio-de-pedro-sanchez-e-quedar-coa-custodia-da-autopista\\\/\"]}]},{\"@type\":\"ImageObject\",\"inLanguage\":\"es\",\"@id\":\"https:\\\/\\\/ppdegalicia.com\\\/es\\\/o-ppdeg-ironiza-sobre-a-50a-prorroga-do-debate-sobre-a-transferencia-da-ap-9-chegados-as-vodas-de-ouro-toca-pedir-o-divorcio-de-pedro-sanchez-e-quedar-coa-custodia-da-autopista\\\/#primaryimage\",\"url\":\"https:\\\/\\\/ppdegalicia.com\\\/wp-content\\\/uploads\\\/2025\\\/06\\\/20250604_PPdeG_50prorrogasAP9-scaled.jpg\",\"contentUrl\":\"https:\\\/\\\/ppdegalicia.com\\\/wp-content\\\/uploads\\\/2025\\\/06\\\/20250604_PPdeG_50prorrogasAP9-scaled.jpg\",\"width\":2560,\"height\":1707},{\"@type\":\"BreadcrumbList\",\"@id\":\"https:\\\/\\\/ppdegalicia.com\\\/es\\\/o-ppdeg-ironiza-sobre-a-50a-prorroga-do-debate-sobre-a-transferencia-da-ap-9-chegados-as-vodas-de-ouro-toca-pedir-o-divorcio-de-pedro-sanchez-e-quedar-coa-custodia-da-autopista\\\/#breadcrumb\",\"itemListElement\":[{\"@type\":\"ListItem\",\"position\":1,\"name\":\"Portada\",\"item\":\"https:\\\/\\\/ppdegalicia.com\\\/es\\\/\"},{\"@type\":\"ListItem\",\"position\":2,\"name\":\"O PPdeG ironiza sobre a 50\u00aa pr\u00f3rroga do debate sobre a transferencia da AP-9: \u201cChegados \u00e1s vodas de ouro, toca pedir o divorcio de Pedro S\u00e1nchez e quedar coa custodia da autopista\u201d\"}]},{\"@type\":\"WebSite\",\"@id\":\"https:\\\/\\\/ppdegalicia.com\\\/es\\\/#website\",\"url\":\"https:\\\/\\\/ppdegalicia.com\\\/es\\\/\",\"name\":\"Partido Popular de Galicia\",\"description\":\"Partido Popular de Galicia\",\"publisher\":{\"@id\":\"https:\\\/\\\/ppdegalicia.com\\\/es\\\/#organization\"},\"alternateName\":\"PP de Galicia\",\"potentialAction\":[{\"@type\":\"SearchAction\",\"target\":{\"@type\":\"EntryPoint\",\"urlTemplate\":\"https:\\\/\\\/ppdegalicia.com\\\/es\\\/?s={search_term_string}\"},\"query-input\":{\"@type\":\"PropertyValueSpecification\",\"valueRequired\":true,\"valueName\":\"search_term_string\"}}],\"inLanguage\":\"es\"},{\"@type\":\"Organization\",\"@id\":\"https:\\\/\\\/ppdegalicia.com\\\/es\\\/#organization\",\"name\":\"Partido Popular de Galicia\",\"alternateName\":\"PP de Galicia\",\"url\":\"https:\\\/\\\/ppdegalicia.com\\\/es\\\/\",\"logo\":{\"@type\":\"ImageObject\",\"inLanguage\":\"es\",\"@id\":\"https:\\\/\\\/ppdegalicia.com\\\/es\\\/#\\\/schema\\\/logo\\\/image\\\/\",\"url\":\"https:\\\/\\\/ppdegalicia.com\\\/wp-content\\\/uploads\\\/2023\\\/04\\\/logoPP512.png\",\"contentUrl\":\"https:\\\/\\\/ppdegalicia.com\\\/wp-content\\\/uploads\\\/2023\\\/04\\\/logoPP512.png\",\"width\":512,\"height\":512,\"caption\":\"Partido Popular de Galicia\"},\"image\":{\"@id\":\"https:\\\/\\\/ppdegalicia.com\\\/es\\\/#\\\/schema\\\/logo\\\/image\\\/\"},\"sameAs\":[\"https:\\\/\\\/www.instagram.com\\\/ppdegalicia\\\/\",\"https:\\\/\\\/x.com\\\/ppdegalicia\",\"https:\\\/\\\/www.tiktok.com\\\/@ppdegalicia\",\"https:\\\/\\\/www.youtube.com\\\/user\\\/ppdegalicia\"]},{\"@type\":\"Person\",\"@id\":\"https:\\\/\\\/ppdegalicia.com\\\/es\\\/#\\\/schema\\\/person\\\/5b822c6f59e872ebdd1142f307dbcb59\",\"name\":\"ppdegaliciaredes\",\"image\":{\"@type\":\"ImageObject\",\"inLanguage\":\"es\",\"@id\":\"https:\\\/\\\/secure.gravatar.com\\\/avatar\\\/3c9179cf0256d00c72a48d1f25783c58b6842cd56e85ef3a572881c8e28ccd59?s=96&d=mm&r=g\",\"url\":\"https:\\\/\\\/secure.gravatar.com\\\/avatar\\\/3c9179cf0256d00c72a48d1f25783c58b6842cd56e85ef3a572881c8e28ccd59?s=96&d=mm&r=g\",\"contentUrl\":\"https:\\\/\\\/secure.gravatar.com\\\/avatar\\\/3c9179cf0256d00c72a48d1f25783c58b6842cd56e85ef3a572881c8e28ccd59?s=96&d=mm&r=g\",\"caption\":\"ppdegaliciaredes\"},\"url\":\"https:\\\/\\\/ppdegalicia.com\\\/es\\\/author\\\/ppdegaliciaredes\\\/\"}]}<\/script>\n<!-- \/ Yoast SEO plugin. -->","yoast_head_json":{"title":"O PPdeG ironiza sobre a 50\u00aa pr\u00f3rroga do debate sobre a transferencia da AP-9: \u201cChegados \u00e1s vodas de ouro, toca pedir o divorcio de Pedro S\u00e1nchez e quedar coa custodia da autopista\u201d - PP de Galicia","description":"O PPdeG recorre \u00e1 iron\u00eda para denunciar a aprobaci\u00f3n da 50\u00aa pr\u00f3rroga do debate sobre a transferencia da AP-9 no Congreso e asegura que \u201cchegou o momento de conmemorar as vodas de ouro de Pedro S\u00e1nchez co bloqueo a Galicia pedindo o divorcio e quedando coa custodia da autopista\u201d.","robots":{"index":"index","follow":"follow","max-snippet":"max-snippet:-1","max-image-preview":"max-image-preview:large","max-video-preview":"max-video-preview:-1"},"canonical":"https:\/\/ppdegalicia.com\/es\/o-ppdeg-ironiza-sobre-a-50a-prorroga-do-debate-sobre-a-transferencia-da-ap-9-chegados-as-vodas-de-ouro-toca-pedir-o-divorcio-de-pedro-sanchez-e-quedar-coa-custodia-da-autopista\/","og_locale":"es_ES","og_type":"article","og_title":"O PPdeG ironiza sobre a 50\u00aa pr\u00f3rroga do debate sobre a transferencia da AP-9: \u201cChegados \u00e1s vodas de ouro, toca pedir o divorcio de Pedro S\u00e1nchez e quedar coa custodia da autopista\u201d - PP de Galicia","og_description":"O PPdeG recorre \u00e1 iron\u00eda para denunciar a aprobaci\u00f3n da 50\u00aa pr\u00f3rroga do debate sobre a transferencia da AP-9 no Congreso e asegura que \u201cchegou o momento de conmemorar as vodas de ouro de Pedro S\u00e1nchez co bloqueo a Galicia pedindo o divorcio e quedando coa custodia da autopista\u201d.","og_url":"https:\/\/ppdegalicia.com\/es\/o-ppdeg-ironiza-sobre-a-50a-prorroga-do-debate-sobre-a-transferencia-da-ap-9-chegados-as-vodas-de-ouro-toca-pedir-o-divorcio-de-pedro-sanchez-e-quedar-coa-custodia-da-autopista\/","og_site_name":"PP de Galicia","article_publisher":"https:\/\/www.instagram.com\/ppdegalicia\/","article_published_time":"2025-06-04T08:45:01+00:00","og_image":[{"width":2560,"height":1707,"url":"https:\/\/ppdegalicia.com\/wp-content\/uploads\/2025\/06\/20250604_PPdeG_50prorrogasAP9-scaled.jpg","type":"image\/jpeg"}],"author":"ppdegaliciaredes","twitter_card":"summary_large_image","twitter_creator":"@ppdegalicia","twitter_site":"@ppdegalicia","twitter_misc":{"Escrito por":"ppdegaliciaredes","Tiempo de lectura":"5 minutos"},"schema":{"@context":"https:\/\/schema.org","@graph":[{"@type":"Article","@id":"https:\/\/ppdegalicia.com\/es\/o-ppdeg-ironiza-sobre-a-50a-prorroga-do-debate-sobre-a-transferencia-da-ap-9-chegados-as-vodas-de-ouro-toca-pedir-o-divorcio-de-pedro-sanchez-e-quedar-coa-custodia-da-autopista\/#article","isPartOf":{"@id":"https:\/\/ppdegalicia.com\/es\/o-ppdeg-ironiza-sobre-a-50a-prorroga-do-debate-sobre-a-transferencia-da-ap-9-chegados-as-vodas-de-ouro-toca-pedir-o-divorcio-de-pedro-sanchez-e-quedar-coa-custodia-da-autopista\/"},"author":{"name":"ppdegaliciaredes","@id":"https:\/\/ppdegalicia.com\/es\/#\/schema\/person\/5b822c6f59e872ebdd1142f307dbcb59"},"headline":"O PPdeG ironiza sobre a 50\u00aa pr\u00f3rroga do debate sobre a transferencia da AP-9: \u201cChegados \u00e1s vodas de ouro, toca pedir o divorcio de Pedro S\u00e1nchez e quedar coa custodia da autopista\u201d","datePublished":"2025-06-04T08:45:01+00:00","mainEntityOfPage":{"@id":"https:\/\/ppdegalicia.com\/es\/o-ppdeg-ironiza-sobre-a-50a-prorroga-do-debate-sobre-a-transferencia-da-ap-9-chegados-as-vodas-de-ouro-toca-pedir-o-divorcio-de-pedro-sanchez-e-quedar-coa-custodia-da-autopista\/"},"wordCount":888,"publisher":{"@id":"https:\/\/ppdegalicia.com\/es\/#organization"},"image":{"@id":"https:\/\/ppdegalicia.com\/es\/o-ppdeg-ironiza-sobre-a-50a-prorroga-do-debate-sobre-a-transferencia-da-ap-9-chegados-as-vodas-de-ouro-toca-pedir-o-divorcio-de-pedro-sanchez-e-quedar-coa-custodia-da-autopista\/#primaryimage"},"thumbnailUrl":"https:\/\/ppdegalicia.com\/wp-content\/uploads\/2025\/06\/20250604_PPdeG_50prorrogasAP9-scaled.jpg","articleSection":["PP de Galicia"],"inLanguage":"es"},{"@type":"WebPage","@id":"https:\/\/ppdegalicia.com\/es\/o-ppdeg-ironiza-sobre-a-50a-prorroga-do-debate-sobre-a-transferencia-da-ap-9-chegados-as-vodas-de-ouro-toca-pedir-o-divorcio-de-pedro-sanchez-e-quedar-coa-custodia-da-autopista\/","url":"https:\/\/ppdegalicia.com\/es\/o-ppdeg-ironiza-sobre-a-50a-prorroga-do-debate-sobre-a-transferencia-da-ap-9-chegados-as-vodas-de-ouro-toca-pedir-o-divorcio-de-pedro-sanchez-e-quedar-coa-custodia-da-autopista\/","name":"O PPdeG ironiza sobre a 50\u00aa pr\u00f3rroga do debate sobre a transferencia da AP-9: \u201cChegados \u00e1s vodas de ouro, toca pedir o divorcio de Pedro S\u00e1nchez e quedar coa custodia da autopista\u201d - PP de Galicia","isPartOf":{"@id":"https:\/\/ppdegalicia.com\/es\/#website"},"primaryImageOfPage":{"@id":"https:\/\/ppdegalicia.com\/es\/o-ppdeg-ironiza-sobre-a-50a-prorroga-do-debate-sobre-a-transferencia-da-ap-9-chegados-as-vodas-de-ouro-toca-pedir-o-divorcio-de-pedro-sanchez-e-quedar-coa-custodia-da-autopista\/#primaryimage"},"image":{"@id":"https:\/\/ppdegalicia.com\/es\/o-ppdeg-ironiza-sobre-a-50a-prorroga-do-debate-sobre-a-transferencia-da-ap-9-chegados-as-vodas-de-ouro-toca-pedir-o-divorcio-de-pedro-sanchez-e-quedar-coa-custodia-da-autopista\/#primaryimage"},"thumbnailUrl":"https:\/\/ppdegalicia.com\/wp-content\/uploads\/2025\/06\/20250604_PPdeG_50prorrogasAP9-scaled.jpg","datePublished":"2025-06-04T08:45:01+00:00","description":"O PPdeG recorre \u00e1 iron\u00eda para denunciar a aprobaci\u00f3n da 50\u00aa pr\u00f3rroga do debate sobre a transferencia da AP-9 no Congreso e asegura que \u201cchegou o momento de conmemorar as vodas de ouro de Pedro S\u00e1nchez co bloqueo a Galicia pedindo o divorcio e quedando coa custodia da autopista\u201d.","breadcrumb":{"@id":"https:\/\/ppdegalicia.com\/es\/o-ppdeg-ironiza-sobre-a-50a-prorroga-do-debate-sobre-a-transferencia-da-ap-9-chegados-as-vodas-de-ouro-toca-pedir-o-divorcio-de-pedro-sanchez-e-quedar-coa-custodia-da-autopista\/#breadcrumb"},"inLanguage":"es","potentialAction":[{"@type":"ReadAction","target":["https:\/\/ppdegalicia.com\/es\/o-ppdeg-ironiza-sobre-a-50a-prorroga-do-debate-sobre-a-transferencia-da-ap-9-chegados-as-vodas-de-ouro-toca-pedir-o-divorcio-de-pedro-sanchez-e-quedar-coa-custodia-da-autopista\/"]}]},{"@type":"ImageObject","inLanguage":"es","@id":"https:\/\/ppdegalicia.com\/es\/o-ppdeg-ironiza-sobre-a-50a-prorroga-do-debate-sobre-a-transferencia-da-ap-9-chegados-as-vodas-de-ouro-toca-pedir-o-divorcio-de-pedro-sanchez-e-quedar-coa-custodia-da-autopista\/#primaryimage","url":"https:\/\/ppdegalicia.com\/wp-content\/uploads\/2025\/06\/20250604_PPdeG_50prorrogasAP9-scaled.jpg","contentUrl":"https:\/\/ppdegalicia.com\/wp-content\/uploads\/2025\/06\/20250604_PPdeG_50prorrogasAP9-scaled.jpg","width":2560,"height":1707},{"@type":"BreadcrumbList","@id":"https:\/\/ppdegalicia.com\/es\/o-ppdeg-ironiza-sobre-a-50a-prorroga-do-debate-sobre-a-transferencia-da-ap-9-chegados-as-vodas-de-ouro-toca-pedir-o-divorcio-de-pedro-sanchez-e-quedar-coa-custodia-da-autopista\/#breadcrumb","itemListElement":[{"@type":"ListItem","position":1,"name":"Portada","item":"https:\/\/ppdegalicia.com\/es\/"},{"@type":"ListItem","position":2,"name":"O PPdeG ironiza sobre a 50\u00aa pr\u00f3rroga do debate sobre a transferencia da AP-9: \u201cChegados \u00e1s vodas de ouro, toca pedir o divorcio de Pedro S\u00e1nchez e quedar coa custodia da autopista\u201d"}]},{"@type":"WebSite","@id":"https:\/\/ppdegalicia.com\/es\/#website","url":"https:\/\/ppdegalicia.com\/es\/","name":"Partido Popular de Galicia","description":"Partido Popular de Galicia","publisher":{"@id":"https:\/\/ppdegalicia.com\/es\/#organization"},"alternateName":"PP de Galicia","potentialAction":[{"@type":"SearchAction","target":{"@type":"EntryPoint","urlTemplate":"https:\/\/ppdegalicia.com\/es\/?s={search_term_string}"},"query-input":{"@type":"PropertyValueSpecification","valueRequired":true,"valueName":"search_term_string"}}],"inLanguage":"es"},{"@type":"Organization","@id":"https:\/\/ppdegalicia.com\/es\/#organization","name":"Partido Popular de Galicia","alternateName":"PP de Galicia","url":"https:\/\/ppdegalicia.com\/es\/","logo":{"@type":"ImageObject","inLanguage":"es","@id":"https:\/\/ppdegalicia.com\/es\/#\/schema\/logo\/image\/","url":"https:\/\/ppdegalicia.com\/wp-content\/uploads\/2023\/04\/logoPP512.png","contentUrl":"https:\/\/ppdegalicia.com\/wp-content\/uploads\/2023\/04\/logoPP512.png","width":512,"height":512,"caption":"Partido Popular de Galicia"},"image":{"@id":"https:\/\/ppdegalicia.com\/es\/#\/schema\/logo\/image\/"},"sameAs":["https:\/\/www.instagram.com\/ppdegalicia\/","https:\/\/x.com\/ppdegalicia","https:\/\/www.tiktok.com\/@ppdegalicia","https:\/\/www.youtube.com\/user\/ppdegalicia"]},{"@type":"Person","@id":"https:\/\/ppdegalicia.com\/es\/#\/schema\/person\/5b822c6f59e872ebdd1142f307dbcb59","name":"ppdegaliciaredes","image":{"@type":"ImageObject","inLanguage":"es","@id":"https:\/\/secure.gravatar.com\/avatar\/3c9179cf0256d00c72a48d1f25783c58b6842cd56e85ef3a572881c8e28ccd59?s=96&d=mm&r=g","url":"https:\/\/secure.gravatar.com\/avatar\/3c9179cf0256d00c72a48d1f25783c58b6842cd56e85ef3a572881c8e28ccd59?s=96&d=mm&r=g","contentUrl":"https:\/\/secure.gravatar.com\/avatar\/3c9179cf0256d00c72a48d1f25783c58b6842cd56e85ef3a572881c8e28ccd59?s=96&d=mm&r=g","caption":"ppdegaliciaredes"},"url":"https:\/\/ppdegalicia.com\/es\/author\/ppdegaliciaredes\/"}]}},"_links":{"self":[{"href":"https:\/\/ppdegalicia.com\/es\/wp-json\/wp\/v2\/posts\/67251","targetHints":{"allow":["GET"]}}],"collection":[{"href":"https:\/\/ppdegalicia.com\/es\/wp-json\/wp\/v2\/posts"}],"about":[{"href":"https:\/\/ppdegalicia.com\/es\/wp-json\/wp\/v2\/types\/post"}],"author":[{"embeddable":true,"href":"https:\/\/ppdegalicia.com\/es\/wp-json\/wp\/v2\/users\/38"}],"replies":[{"embeddable":true,"href":"https:\/\/ppdegalicia.com\/es\/wp-json\/wp\/v2\/comments?post=67251"}],"version-history":[{"count":1,"href":"https:\/\/ppdegalicia.com\/es\/wp-json\/wp\/v2\/posts\/67251\/revisions"}],"predecessor-version":[{"id":67254,"href":"https:\/\/ppdegalicia.com\/es\/wp-json\/wp\/v2\/posts\/67251\/revisions\/67254"}],"wp:featuredmedia":[{"embeddable":true,"href":"https:\/\/ppdegalicia.com\/es\/wp-json\/wp\/v2\/media\/67252"}],"wp:attachment":[{"href":"https:\/\/ppdegalicia.com\/es\/wp-json\/wp\/v2\/media?parent=67251"}],"wp:term":[{"taxonomy":"category","embeddable":true,"href":"https:\/\/ppdegalicia.com\/es\/wp-json\/wp\/v2\/categories?post=67251"},{"taxonomy":"post_tag","embeddable":true,"href":"https:\/\/ppdegalicia.com\/es\/wp-json\/wp\/v2\/tags?post=67251"}],"curies":[{"name":"wp","href":"https:\/\/api.w.org\/{rel}","templated":true}]}}