{"id":67343,"date":"2025-06-10T13:05:39","date_gmt":"2025-06-10T12:05:39","guid":{"rendered":"https:\/\/ppdegalicia.com\/?p=67343"},"modified":"2025-06-10T13:05:39","modified_gmt":"2025-06-10T12:05:39","slug":"o-grupo-popular-cualifica-de-paradoxo-que-a-mesma-organizacion-politica-que-mais-bloquea-a-implantacion-de-industria-en-galicia-pretenda-ilustrarnos-sobre-como-evitar-a-deslocalizacion","status":"publish","type":"post","link":"https:\/\/ppdegalicia.com\/es\/o-grupo-popular-cualifica-de-paradoxo-que-a-mesma-organizacion-politica-que-mais-bloquea-a-implantacion-de-industria-en-galicia-pretenda-ilustrarnos-sobre-como-evitar-a-deslocalizacion\/","title":{"rendered":"O Grupo Popular cualifica de \u201cparadoxo que a mesma organizaci\u00f3n pol\u00edtica que m\u00e1is bloquea a implantaci\u00f3n de industria en Galicia, pretenda ilustrarnos sobre como evitar a deslocalizaci\u00f3n\u201d"},"content":{"rendered":"<p>O portavoz do Grupo Popular, Alberto Pazos, cualificou de \u201cparadoxo que a organizaci\u00f3n pol\u00edtica que m\u00e1is se ten esforzado por bloquear a implantaci\u00f3n da industria en Galicia, hoxe pretenda ilustrarnos sobre como evitar a deslocalizaci\u00f3n da mesma industria que bloquea\u201d, no debate esta ma\u00f1\u00e1 no Pleno do Parlamento galego da proposici\u00f3n de Lei do BNG para a consolidaci\u00f3n, afianzamento e radicaci\u00f3n empresarial en Galicia. \u201cO primeiro paso para evitar a deslocalizaci\u00f3n de empresas, que non est\u00e1 contido nesta proposta nacionalista, \u00e9 permitir que estas se instalen en Galicia sen atravesar un calvario de bulos e manipulaci\u00f3ns\u201d, indicou.<\/p>\n<p>Alberto Pazos asegurou que, \u201cfronte ao pomposo t\u00edtulo da proposici\u00f3n de lei do BNG, non contempla nin unha soa medida para a consolidaci\u00f3n, afianzamento ou radicaci\u00f3n de empresas en Galicia, nin prop\u00f3n unha soa media para evitar a deslocalizaci\u00f3n empresarial\u201d.<\/p>\n<p><strong>ESTRATEXIA CLARA EN MARCHA<\/strong><\/p>\n<p>\u201cO Goberno galego xa ten impulsado un amplo abano de medidas enfocadas a favorecer a implantaci\u00f3n de iniciativas empresariais e industriais en Galicia, a trav\u00e9s dunha estratexia de pol\u00edtica industrial baseada na planificaci\u00f3n e alonxada do populismo, do alarmismo e da xenofobia empresarial\u201d, afirmou o portavoz popular. En concreto, explicou que esta estratexia \u201cest\u00e1 sustentada en principios claros, como a estabilidade econ\u00f3mica e pol\u00edtica, garant\u00edas de seguridade xur\u00eddica e respecto \u00e1 liberdade de empresa e establecemento\u201d.<\/p>\n<p>Por\u00e9n, lamentou que \u201ca alternativa xa \u00e9 co\u00f1ecida: ru\u00eddo, algarada, mobilizaci\u00f3n social, descualificaci\u00f3n ao traballos dos t\u00e9cnicos, un compendio de hipocris\u00eda e arbitrariedade no que un mesmo grupo pol\u00edtico pode afirmar unha cousa e a s\u00faa contraria sen inmutarse\u201d. \u201cUn d\u00eda aplaude o respaldo dos t\u00e9cnicos a un proxecto industrial e outro descualifica o respaldo deses mesmos t\u00e9cnicos a outro proxecto; un d\u00eda n\u00e9gase apoio a un proxecto que non pecha o ciclo produtivo e ao seguinte se veta outro que si o pecha; ou aplauden a unha industria por instalarse nun concello ao mesmo tempo que tentan expulsala doutro concello\u201d, indicou.<\/p>\n<p>\u201c\u00c9 unha mostra m\u00e1is da constante contradici\u00f3n na que vive a esquerda galega: ecoloxistas que vetan permanentemente calquera proxecto de enerx\u00eda verde, garantes do emprego industrial que vetan calquera iniciativa industrial en Galicia e, agora, combatentes da deslocalizaci\u00f3n empresarial que vetan a chegada de calquera proxecto \u00e1 nosa terra\u201d, manifestou o portavoz popular, quen rematou sinalando que \u201cGalicia merece unha pol\u00edtica industrial coherente, sostible e que redunde en beneficios para o conxunto dos galegos, e se o BNG quere contribu\u00edr a esta aspiraci\u00f3n compartida pola inmensa maior\u00eda dos galegos bastar\u00eda con que deixaran de po\u00f1er paos nas rodas\u201d.<\/p>\n","protected":false},"excerpt":{"rendered":"<p>O portavoz do Grupo Popular, Alberto Pazos, cualificou de \u201cparadoxo que a organizaci\u00f3n pol\u00edtica que m\u00e1is se ten esforzado por bloquear a implantaci\u00f3n da industria en Galicia, hoxe pretenda ilustrarnos sobre como evitar a deslocalizaci\u00f3n da mesma industria que bloquea\u201d, no debate esta ma\u00f1\u00e1 no Pleno do Parlamento galego da proposici\u00f3n de Lei do BNG [&hellip;]<\/p>\n","protected":false},"author":38,"featured_media":67344,"comment_status":"closed","ping_status":"open","sticky":false,"template":"","format":"standard","meta":{"_acf_changed":false,"footnotes":""},"categories":[1128],"tags":[],"class_list":["post-67343","post","type-post","status-publish","format-standard","has-post-thumbnail","hentry","category-actualidad-parlamento-de-galicia"],"acf":[],"yoast_head":"<!-- This site is optimized with the Yoast SEO plugin v27.3 - https:\/\/yoast.com\/product\/yoast-seo-wordpress\/ -->\n<title>O Grupo Popular cualifica de \u201cparadoxo que a mesma organizaci\u00f3n pol\u00edtica que m\u00e1is bloquea a implantaci\u00f3n de industria en Galicia, pretenda ilustrarnos sobre como evitar a deslocalizaci\u00f3n\u201d - PP de Galicia<\/title>\n<meta name=\"description\" content=\"O portavoz do Grupo Popular, Alberto Pazos, cualificou de \u201cparadoxo que a organizaci\u00f3n pol\u00edtica que m\u00e1is se ten esforzado por bloquear a implantaci\u00f3n da industria en Galicia, hoxe pretenda ilustrarnos sobre como evitar a deslocalizaci\u00f3n da mesma industria que bloquea\u201d, no debate esta ma\u00f1\u00e1 no Pleno do Parlamento galego da proposici\u00f3n de Lei do BNG para a consolidaci\u00f3n, afianzamento e radicaci\u00f3n empresarial en Galicia. \u201cO primeiro paso para evitar a deslocalizaci\u00f3n de empresas, que non est\u00e1 contido nesta proposta nacionalista, \u00e9 permitir que estas se instalen en Galicia sen atravesar un calvario de bulos e manipulaci\u00f3ns\u201d, indicou.\" \/>\n<meta name=\"robots\" content=\"index, follow, max-snippet:-1, max-image-preview:large, max-video-preview:-1\" \/>\n<link rel=\"canonical\" href=\"https:\/\/ppdegalicia.com\/es\/o-grupo-popular-cualifica-de-paradoxo-que-a-mesma-organizacion-politica-que-mais-bloquea-a-implantacion-de-industria-en-galicia-pretenda-ilustrarnos-sobre-como-evitar-a-deslocalizacion\/\" \/>\n<meta property=\"og:locale\" content=\"es_ES\" \/>\n<meta property=\"og:type\" content=\"article\" \/>\n<meta property=\"og:title\" content=\"O Grupo Popular cualifica de \u201cparadoxo que a mesma organizaci\u00f3n pol\u00edtica que m\u00e1is bloquea a implantaci\u00f3n de industria en Galicia, pretenda ilustrarnos sobre como evitar a deslocalizaci\u00f3n\u201d - PP de Galicia\" \/>\n<meta property=\"og:description\" content=\"O portavoz do Grupo Popular, Alberto Pazos, cualificou de \u201cparadoxo que a organizaci\u00f3n pol\u00edtica que m\u00e1is se ten esforzado por bloquear a implantaci\u00f3n da industria en Galicia, hoxe pretenda ilustrarnos sobre como evitar a deslocalizaci\u00f3n da mesma industria que bloquea\u201d, no debate esta ma\u00f1\u00e1 no Pleno do Parlamento galego da proposici\u00f3n de Lei do BNG para a consolidaci\u00f3n, afianzamento e radicaci\u00f3n empresarial en Galicia. \u201cO primeiro paso para evitar a deslocalizaci\u00f3n de empresas, que non est\u00e1 contido nesta proposta nacionalista, \u00e9 permitir que estas se instalen en Galicia sen atravesar un calvario de bulos e manipulaci\u00f3ns\u201d, indicou.\" \/>\n<meta property=\"og:url\" content=\"https:\/\/ppdegalicia.com\/es\/o-grupo-popular-cualifica-de-paradoxo-que-a-mesma-organizacion-politica-que-mais-bloquea-a-implantacion-de-industria-en-galicia-pretenda-ilustrarnos-sobre-como-evitar-a-deslocalizacion\/\" \/>\n<meta property=\"og:site_name\" content=\"PP de Galicia\" \/>\n<meta property=\"article:publisher\" content=\"https:\/\/www.instagram.com\/ppdegalicia\/\" \/>\n<meta property=\"article:published_time\" content=\"2025-06-10T12:05:39+00:00\" \/>\n<meta property=\"og:image\" content=\"https:\/\/ppdegalicia.com\/wp-content\/uploads\/2025\/06\/20250610_Pleno_Ordinario44-scaled.jpg\" \/>\n\t<meta property=\"og:image:width\" content=\"2560\" \/>\n\t<meta property=\"og:image:height\" content=\"1707\" \/>\n\t<meta property=\"og:image:type\" content=\"image\/jpeg\" \/>\n<meta name=\"author\" content=\"ppdegaliciaredes\" \/>\n<meta name=\"twitter:card\" content=\"summary_large_image\" \/>\n<meta name=\"twitter:creator\" content=\"@ppdegalicia\" \/>\n<meta name=\"twitter:site\" content=\"@ppdegalicia\" \/>\n<meta name=\"twitter:label1\" content=\"Escrito por\" \/>\n\t<meta name=\"twitter:data1\" content=\"ppdegaliciaredes\" \/>\n\t<meta name=\"twitter:label2\" content=\"Tiempo de lectura\" \/>\n\t<meta name=\"twitter:data2\" content=\"3 minutos\" \/>\n<script type=\"application\/ld+json\" class=\"yoast-schema-graph\">{\"@context\":\"https:\\\/\\\/schema.org\",\"@graph\":[{\"@type\":\"Article\",\"@id\":\"https:\\\/\\\/ppdegalicia.com\\\/es\\\/o-grupo-popular-cualifica-de-paradoxo-que-a-mesma-organizacion-politica-que-mais-bloquea-a-implantacion-de-industria-en-galicia-pretenda-ilustrarnos-sobre-como-evitar-a-deslocalizacion\\\/#article\",\"isPartOf\":{\"@id\":\"https:\\\/\\\/ppdegalicia.com\\\/es\\\/o-grupo-popular-cualifica-de-paradoxo-que-a-mesma-organizacion-politica-que-mais-bloquea-a-implantacion-de-industria-en-galicia-pretenda-ilustrarnos-sobre-como-evitar-a-deslocalizacion\\\/\"},\"author\":{\"name\":\"ppdegaliciaredes\",\"@id\":\"https:\\\/\\\/ppdegalicia.com\\\/es\\\/#\\\/schema\\\/person\\\/5b822c6f59e872ebdd1142f307dbcb59\"},\"headline\":\"O Grupo Popular cualifica de \u201cparadoxo que a mesma organizaci\u00f3n pol\u00edtica que m\u00e1is bloquea a implantaci\u00f3n de industria en Galicia, pretenda ilustrarnos sobre como evitar a deslocalizaci\u00f3n\u201d\",\"datePublished\":\"2025-06-10T12:05:39+00:00\",\"mainEntityOfPage\":{\"@id\":\"https:\\\/\\\/ppdegalicia.com\\\/es\\\/o-grupo-popular-cualifica-de-paradoxo-que-a-mesma-organizacion-politica-que-mais-bloquea-a-implantacion-de-industria-en-galicia-pretenda-ilustrarnos-sobre-como-evitar-a-deslocalizacion\\\/\"},\"wordCount\":492,\"publisher\":{\"@id\":\"https:\\\/\\\/ppdegalicia.com\\\/es\\\/#organization\"},\"image\":{\"@id\":\"https:\\\/\\\/ppdegalicia.com\\\/es\\\/o-grupo-popular-cualifica-de-paradoxo-que-a-mesma-organizacion-politica-que-mais-bloquea-a-implantacion-de-industria-en-galicia-pretenda-ilustrarnos-sobre-como-evitar-a-deslocalizacion\\\/#primaryimage\"},\"thumbnailUrl\":\"https:\\\/\\\/ppdegalicia.com\\\/wp-content\\\/uploads\\\/2025\\\/06\\\/20250610_Pleno_Ordinario44-scaled.jpg\",\"articleSection\":[\"Parlamento de Galicia\"],\"inLanguage\":\"es\"},{\"@type\":\"WebPage\",\"@id\":\"https:\\\/\\\/ppdegalicia.com\\\/es\\\/o-grupo-popular-cualifica-de-paradoxo-que-a-mesma-organizacion-politica-que-mais-bloquea-a-implantacion-de-industria-en-galicia-pretenda-ilustrarnos-sobre-como-evitar-a-deslocalizacion\\\/\",\"url\":\"https:\\\/\\\/ppdegalicia.com\\\/es\\\/o-grupo-popular-cualifica-de-paradoxo-que-a-mesma-organizacion-politica-que-mais-bloquea-a-implantacion-de-industria-en-galicia-pretenda-ilustrarnos-sobre-como-evitar-a-deslocalizacion\\\/\",\"name\":\"O Grupo Popular cualifica de \u201cparadoxo que a mesma organizaci\u00f3n pol\u00edtica que m\u00e1is bloquea a implantaci\u00f3n de industria en Galicia, pretenda ilustrarnos sobre como evitar a deslocalizaci\u00f3n\u201d - PP de Galicia\",\"isPartOf\":{\"@id\":\"https:\\\/\\\/ppdegalicia.com\\\/es\\\/#website\"},\"primaryImageOfPage\":{\"@id\":\"https:\\\/\\\/ppdegalicia.com\\\/es\\\/o-grupo-popular-cualifica-de-paradoxo-que-a-mesma-organizacion-politica-que-mais-bloquea-a-implantacion-de-industria-en-galicia-pretenda-ilustrarnos-sobre-como-evitar-a-deslocalizacion\\\/#primaryimage\"},\"image\":{\"@id\":\"https:\\\/\\\/ppdegalicia.com\\\/es\\\/o-grupo-popular-cualifica-de-paradoxo-que-a-mesma-organizacion-politica-que-mais-bloquea-a-implantacion-de-industria-en-galicia-pretenda-ilustrarnos-sobre-como-evitar-a-deslocalizacion\\\/#primaryimage\"},\"thumbnailUrl\":\"https:\\\/\\\/ppdegalicia.com\\\/wp-content\\\/uploads\\\/2025\\\/06\\\/20250610_Pleno_Ordinario44-scaled.jpg\",\"datePublished\":\"2025-06-10T12:05:39+00:00\",\"description\":\"O portavoz do Grupo Popular, Alberto Pazos, cualificou de \u201cparadoxo que a organizaci\u00f3n pol\u00edtica que m\u00e1is se ten esforzado por bloquear a implantaci\u00f3n da industria en Galicia, hoxe pretenda ilustrarnos sobre como evitar a deslocalizaci\u00f3n da mesma industria que bloquea\u201d, no debate esta ma\u00f1\u00e1 no Pleno do Parlamento galego da proposici\u00f3n de Lei do BNG para a consolidaci\u00f3n, afianzamento e radicaci\u00f3n empresarial en Galicia. \u201cO primeiro paso para evitar a deslocalizaci\u00f3n de empresas, que non est\u00e1 contido nesta proposta nacionalista, \u00e9 permitir que estas se instalen en Galicia sen atravesar un calvario de bulos e manipulaci\u00f3ns\u201d, indicou.\",\"breadcrumb\":{\"@id\":\"https:\\\/\\\/ppdegalicia.com\\\/es\\\/o-grupo-popular-cualifica-de-paradoxo-que-a-mesma-organizacion-politica-que-mais-bloquea-a-implantacion-de-industria-en-galicia-pretenda-ilustrarnos-sobre-como-evitar-a-deslocalizacion\\\/#breadcrumb\"},\"inLanguage\":\"es\",\"potentialAction\":[{\"@type\":\"ReadAction\",\"target\":[\"https:\\\/\\\/ppdegalicia.com\\\/es\\\/o-grupo-popular-cualifica-de-paradoxo-que-a-mesma-organizacion-politica-que-mais-bloquea-a-implantacion-de-industria-en-galicia-pretenda-ilustrarnos-sobre-como-evitar-a-deslocalizacion\\\/\"]}]},{\"@type\":\"ImageObject\",\"inLanguage\":\"es\",\"@id\":\"https:\\\/\\\/ppdegalicia.com\\\/es\\\/o-grupo-popular-cualifica-de-paradoxo-que-a-mesma-organizacion-politica-que-mais-bloquea-a-implantacion-de-industria-en-galicia-pretenda-ilustrarnos-sobre-como-evitar-a-deslocalizacion\\\/#primaryimage\",\"url\":\"https:\\\/\\\/ppdegalicia.com\\\/wp-content\\\/uploads\\\/2025\\\/06\\\/20250610_Pleno_Ordinario44-scaled.jpg\",\"contentUrl\":\"https:\\\/\\\/ppdegalicia.com\\\/wp-content\\\/uploads\\\/2025\\\/06\\\/20250610_Pleno_Ordinario44-scaled.jpg\",\"width\":2560,\"height\":1707},{\"@type\":\"BreadcrumbList\",\"@id\":\"https:\\\/\\\/ppdegalicia.com\\\/es\\\/o-grupo-popular-cualifica-de-paradoxo-que-a-mesma-organizacion-politica-que-mais-bloquea-a-implantacion-de-industria-en-galicia-pretenda-ilustrarnos-sobre-como-evitar-a-deslocalizacion\\\/#breadcrumb\",\"itemListElement\":[{\"@type\":\"ListItem\",\"position\":1,\"name\":\"Portada\",\"item\":\"https:\\\/\\\/ppdegalicia.com\\\/es\\\/\"},{\"@type\":\"ListItem\",\"position\":2,\"name\":\"O Grupo Popular cualifica de \u201cparadoxo que a mesma organizaci\u00f3n pol\u00edtica que m\u00e1is bloquea a implantaci\u00f3n de industria en Galicia, pretenda ilustrarnos sobre como evitar a deslocalizaci\u00f3n\u201d\"}]},{\"@type\":\"WebSite\",\"@id\":\"https:\\\/\\\/ppdegalicia.com\\\/es\\\/#website\",\"url\":\"https:\\\/\\\/ppdegalicia.com\\\/es\\\/\",\"name\":\"Partido Popular de Galicia\",\"description\":\"Partido Popular de Galicia\",\"publisher\":{\"@id\":\"https:\\\/\\\/ppdegalicia.com\\\/es\\\/#organization\"},\"alternateName\":\"PP de Galicia\",\"potentialAction\":[{\"@type\":\"SearchAction\",\"target\":{\"@type\":\"EntryPoint\",\"urlTemplate\":\"https:\\\/\\\/ppdegalicia.com\\\/es\\\/?s={search_term_string}\"},\"query-input\":{\"@type\":\"PropertyValueSpecification\",\"valueRequired\":true,\"valueName\":\"search_term_string\"}}],\"inLanguage\":\"es\"},{\"@type\":\"Organization\",\"@id\":\"https:\\\/\\\/ppdegalicia.com\\\/es\\\/#organization\",\"name\":\"Partido Popular de Galicia\",\"alternateName\":\"PP de Galicia\",\"url\":\"https:\\\/\\\/ppdegalicia.com\\\/es\\\/\",\"logo\":{\"@type\":\"ImageObject\",\"inLanguage\":\"es\",\"@id\":\"https:\\\/\\\/ppdegalicia.com\\\/es\\\/#\\\/schema\\\/logo\\\/image\\\/\",\"url\":\"https:\\\/\\\/ppdegalicia.com\\\/wp-content\\\/uploads\\\/2023\\\/04\\\/logoPP512.png\",\"contentUrl\":\"https:\\\/\\\/ppdegalicia.com\\\/wp-content\\\/uploads\\\/2023\\\/04\\\/logoPP512.png\",\"width\":512,\"height\":512,\"caption\":\"Partido Popular de Galicia\"},\"image\":{\"@id\":\"https:\\\/\\\/ppdegalicia.com\\\/es\\\/#\\\/schema\\\/logo\\\/image\\\/\"},\"sameAs\":[\"https:\\\/\\\/www.instagram.com\\\/ppdegalicia\\\/\",\"https:\\\/\\\/x.com\\\/ppdegalicia\",\"https:\\\/\\\/www.tiktok.com\\\/@ppdegalicia\",\"https:\\\/\\\/www.youtube.com\\\/user\\\/ppdegalicia\"]},{\"@type\":\"Person\",\"@id\":\"https:\\\/\\\/ppdegalicia.com\\\/es\\\/#\\\/schema\\\/person\\\/5b822c6f59e872ebdd1142f307dbcb59\",\"name\":\"ppdegaliciaredes\",\"image\":{\"@type\":\"ImageObject\",\"inLanguage\":\"es\",\"@id\":\"https:\\\/\\\/secure.gravatar.com\\\/avatar\\\/3c9179cf0256d00c72a48d1f25783c58b6842cd56e85ef3a572881c8e28ccd59?s=96&d=mm&r=g\",\"url\":\"https:\\\/\\\/secure.gravatar.com\\\/avatar\\\/3c9179cf0256d00c72a48d1f25783c58b6842cd56e85ef3a572881c8e28ccd59?s=96&d=mm&r=g\",\"contentUrl\":\"https:\\\/\\\/secure.gravatar.com\\\/avatar\\\/3c9179cf0256d00c72a48d1f25783c58b6842cd56e85ef3a572881c8e28ccd59?s=96&d=mm&r=g\",\"caption\":\"ppdegaliciaredes\"},\"url\":\"https:\\\/\\\/ppdegalicia.com\\\/es\\\/author\\\/ppdegaliciaredes\\\/\"}]}<\/script>\n<!-- \/ Yoast SEO plugin. -->","yoast_head_json":{"title":"O Grupo Popular cualifica de \u201cparadoxo que a mesma organizaci\u00f3n pol\u00edtica que m\u00e1is bloquea a implantaci\u00f3n de industria en Galicia, pretenda ilustrarnos sobre como evitar a deslocalizaci\u00f3n\u201d - PP de Galicia","description":"O portavoz do Grupo Popular, Alberto Pazos, cualificou de \u201cparadoxo que a organizaci\u00f3n pol\u00edtica que m\u00e1is se ten esforzado por bloquear a implantaci\u00f3n da industria en Galicia, hoxe pretenda ilustrarnos sobre como evitar a deslocalizaci\u00f3n da mesma industria que bloquea\u201d, no debate esta ma\u00f1\u00e1 no Pleno do Parlamento galego da proposici\u00f3n de Lei do BNG para a consolidaci\u00f3n, afianzamento e radicaci\u00f3n empresarial en Galicia. \u201cO primeiro paso para evitar a deslocalizaci\u00f3n de empresas, que non est\u00e1 contido nesta proposta nacionalista, \u00e9 permitir que estas se instalen en Galicia sen atravesar un calvario de bulos e manipulaci\u00f3ns\u201d, indicou.","robots":{"index":"index","follow":"follow","max-snippet":"max-snippet:-1","max-image-preview":"max-image-preview:large","max-video-preview":"max-video-preview:-1"},"canonical":"https:\/\/ppdegalicia.com\/es\/o-grupo-popular-cualifica-de-paradoxo-que-a-mesma-organizacion-politica-que-mais-bloquea-a-implantacion-de-industria-en-galicia-pretenda-ilustrarnos-sobre-como-evitar-a-deslocalizacion\/","og_locale":"es_ES","og_type":"article","og_title":"O Grupo Popular cualifica de \u201cparadoxo que a mesma organizaci\u00f3n pol\u00edtica que m\u00e1is bloquea a implantaci\u00f3n de industria en Galicia, pretenda ilustrarnos sobre como evitar a deslocalizaci\u00f3n\u201d - PP de Galicia","og_description":"O portavoz do Grupo Popular, Alberto Pazos, cualificou de \u201cparadoxo que a organizaci\u00f3n pol\u00edtica que m\u00e1is se ten esforzado por bloquear a implantaci\u00f3n da industria en Galicia, hoxe pretenda ilustrarnos sobre como evitar a deslocalizaci\u00f3n da mesma industria que bloquea\u201d, no debate esta ma\u00f1\u00e1 no Pleno do Parlamento galego da proposici\u00f3n de Lei do BNG para a consolidaci\u00f3n, afianzamento e radicaci\u00f3n empresarial en Galicia. \u201cO primeiro paso para evitar a deslocalizaci\u00f3n de empresas, que non est\u00e1 contido nesta proposta nacionalista, \u00e9 permitir que estas se instalen en Galicia sen atravesar un calvario de bulos e manipulaci\u00f3ns\u201d, indicou.","og_url":"https:\/\/ppdegalicia.com\/es\/o-grupo-popular-cualifica-de-paradoxo-que-a-mesma-organizacion-politica-que-mais-bloquea-a-implantacion-de-industria-en-galicia-pretenda-ilustrarnos-sobre-como-evitar-a-deslocalizacion\/","og_site_name":"PP de Galicia","article_publisher":"https:\/\/www.instagram.com\/ppdegalicia\/","article_published_time":"2025-06-10T12:05:39+00:00","og_image":[{"width":2560,"height":1707,"url":"https:\/\/ppdegalicia.com\/wp-content\/uploads\/2025\/06\/20250610_Pleno_Ordinario44-scaled.jpg","type":"image\/jpeg"}],"author":"ppdegaliciaredes","twitter_card":"summary_large_image","twitter_creator":"@ppdegalicia","twitter_site":"@ppdegalicia","twitter_misc":{"Escrito por":"ppdegaliciaredes","Tiempo de lectura":"3 minutos"},"schema":{"@context":"https:\/\/schema.org","@graph":[{"@type":"Article","@id":"https:\/\/ppdegalicia.com\/es\/o-grupo-popular-cualifica-de-paradoxo-que-a-mesma-organizacion-politica-que-mais-bloquea-a-implantacion-de-industria-en-galicia-pretenda-ilustrarnos-sobre-como-evitar-a-deslocalizacion\/#article","isPartOf":{"@id":"https:\/\/ppdegalicia.com\/es\/o-grupo-popular-cualifica-de-paradoxo-que-a-mesma-organizacion-politica-que-mais-bloquea-a-implantacion-de-industria-en-galicia-pretenda-ilustrarnos-sobre-como-evitar-a-deslocalizacion\/"},"author":{"name":"ppdegaliciaredes","@id":"https:\/\/ppdegalicia.com\/es\/#\/schema\/person\/5b822c6f59e872ebdd1142f307dbcb59"},"headline":"O Grupo Popular cualifica de \u201cparadoxo que a mesma organizaci\u00f3n pol\u00edtica que m\u00e1is bloquea a implantaci\u00f3n de industria en Galicia, pretenda ilustrarnos sobre como evitar a deslocalizaci\u00f3n\u201d","datePublished":"2025-06-10T12:05:39+00:00","mainEntityOfPage":{"@id":"https:\/\/ppdegalicia.com\/es\/o-grupo-popular-cualifica-de-paradoxo-que-a-mesma-organizacion-politica-que-mais-bloquea-a-implantacion-de-industria-en-galicia-pretenda-ilustrarnos-sobre-como-evitar-a-deslocalizacion\/"},"wordCount":492,"publisher":{"@id":"https:\/\/ppdegalicia.com\/es\/#organization"},"image":{"@id":"https:\/\/ppdegalicia.com\/es\/o-grupo-popular-cualifica-de-paradoxo-que-a-mesma-organizacion-politica-que-mais-bloquea-a-implantacion-de-industria-en-galicia-pretenda-ilustrarnos-sobre-como-evitar-a-deslocalizacion\/#primaryimage"},"thumbnailUrl":"https:\/\/ppdegalicia.com\/wp-content\/uploads\/2025\/06\/20250610_Pleno_Ordinario44-scaled.jpg","articleSection":["Parlamento de Galicia"],"inLanguage":"es"},{"@type":"WebPage","@id":"https:\/\/ppdegalicia.com\/es\/o-grupo-popular-cualifica-de-paradoxo-que-a-mesma-organizacion-politica-que-mais-bloquea-a-implantacion-de-industria-en-galicia-pretenda-ilustrarnos-sobre-como-evitar-a-deslocalizacion\/","url":"https:\/\/ppdegalicia.com\/es\/o-grupo-popular-cualifica-de-paradoxo-que-a-mesma-organizacion-politica-que-mais-bloquea-a-implantacion-de-industria-en-galicia-pretenda-ilustrarnos-sobre-como-evitar-a-deslocalizacion\/","name":"O Grupo Popular cualifica de \u201cparadoxo que a mesma organizaci\u00f3n pol\u00edtica que m\u00e1is bloquea a implantaci\u00f3n de industria en Galicia, pretenda ilustrarnos sobre como evitar a deslocalizaci\u00f3n\u201d - PP de Galicia","isPartOf":{"@id":"https:\/\/ppdegalicia.com\/es\/#website"},"primaryImageOfPage":{"@id":"https:\/\/ppdegalicia.com\/es\/o-grupo-popular-cualifica-de-paradoxo-que-a-mesma-organizacion-politica-que-mais-bloquea-a-implantacion-de-industria-en-galicia-pretenda-ilustrarnos-sobre-como-evitar-a-deslocalizacion\/#primaryimage"},"image":{"@id":"https:\/\/ppdegalicia.com\/es\/o-grupo-popular-cualifica-de-paradoxo-que-a-mesma-organizacion-politica-que-mais-bloquea-a-implantacion-de-industria-en-galicia-pretenda-ilustrarnos-sobre-como-evitar-a-deslocalizacion\/#primaryimage"},"thumbnailUrl":"https:\/\/ppdegalicia.com\/wp-content\/uploads\/2025\/06\/20250610_Pleno_Ordinario44-scaled.jpg","datePublished":"2025-06-10T12:05:39+00:00","description":"O portavoz do Grupo Popular, Alberto Pazos, cualificou de \u201cparadoxo que a organizaci\u00f3n pol\u00edtica que m\u00e1is se ten esforzado por bloquear a implantaci\u00f3n da industria en Galicia, hoxe pretenda ilustrarnos sobre como evitar a deslocalizaci\u00f3n da mesma industria que bloquea\u201d, no debate esta ma\u00f1\u00e1 no Pleno do Parlamento galego da proposici\u00f3n de Lei do BNG para a consolidaci\u00f3n, afianzamento e radicaci\u00f3n empresarial en Galicia. \u201cO primeiro paso para evitar a deslocalizaci\u00f3n de empresas, que non est\u00e1 contido nesta proposta nacionalista, \u00e9 permitir que estas se instalen en Galicia sen atravesar un calvario de bulos e manipulaci\u00f3ns\u201d, indicou.","breadcrumb":{"@id":"https:\/\/ppdegalicia.com\/es\/o-grupo-popular-cualifica-de-paradoxo-que-a-mesma-organizacion-politica-que-mais-bloquea-a-implantacion-de-industria-en-galicia-pretenda-ilustrarnos-sobre-como-evitar-a-deslocalizacion\/#breadcrumb"},"inLanguage":"es","potentialAction":[{"@type":"ReadAction","target":["https:\/\/ppdegalicia.com\/es\/o-grupo-popular-cualifica-de-paradoxo-que-a-mesma-organizacion-politica-que-mais-bloquea-a-implantacion-de-industria-en-galicia-pretenda-ilustrarnos-sobre-como-evitar-a-deslocalizacion\/"]}]},{"@type":"ImageObject","inLanguage":"es","@id":"https:\/\/ppdegalicia.com\/es\/o-grupo-popular-cualifica-de-paradoxo-que-a-mesma-organizacion-politica-que-mais-bloquea-a-implantacion-de-industria-en-galicia-pretenda-ilustrarnos-sobre-como-evitar-a-deslocalizacion\/#primaryimage","url":"https:\/\/ppdegalicia.com\/wp-content\/uploads\/2025\/06\/20250610_Pleno_Ordinario44-scaled.jpg","contentUrl":"https:\/\/ppdegalicia.com\/wp-content\/uploads\/2025\/06\/20250610_Pleno_Ordinario44-scaled.jpg","width":2560,"height":1707},{"@type":"BreadcrumbList","@id":"https:\/\/ppdegalicia.com\/es\/o-grupo-popular-cualifica-de-paradoxo-que-a-mesma-organizacion-politica-que-mais-bloquea-a-implantacion-de-industria-en-galicia-pretenda-ilustrarnos-sobre-como-evitar-a-deslocalizacion\/#breadcrumb","itemListElement":[{"@type":"ListItem","position":1,"name":"Portada","item":"https:\/\/ppdegalicia.com\/es\/"},{"@type":"ListItem","position":2,"name":"O Grupo Popular cualifica de \u201cparadoxo que a mesma organizaci\u00f3n pol\u00edtica que m\u00e1is bloquea a implantaci\u00f3n de industria en Galicia, pretenda ilustrarnos sobre como evitar a deslocalizaci\u00f3n\u201d"}]},{"@type":"WebSite","@id":"https:\/\/ppdegalicia.com\/es\/#website","url":"https:\/\/ppdegalicia.com\/es\/","name":"Partido Popular de Galicia","description":"Partido Popular de Galicia","publisher":{"@id":"https:\/\/ppdegalicia.com\/es\/#organization"},"alternateName":"PP de Galicia","potentialAction":[{"@type":"SearchAction","target":{"@type":"EntryPoint","urlTemplate":"https:\/\/ppdegalicia.com\/es\/?s={search_term_string}"},"query-input":{"@type":"PropertyValueSpecification","valueRequired":true,"valueName":"search_term_string"}}],"inLanguage":"es"},{"@type":"Organization","@id":"https:\/\/ppdegalicia.com\/es\/#organization","name":"Partido Popular de Galicia","alternateName":"PP de Galicia","url":"https:\/\/ppdegalicia.com\/es\/","logo":{"@type":"ImageObject","inLanguage":"es","@id":"https:\/\/ppdegalicia.com\/es\/#\/schema\/logo\/image\/","url":"https:\/\/ppdegalicia.com\/wp-content\/uploads\/2023\/04\/logoPP512.png","contentUrl":"https:\/\/ppdegalicia.com\/wp-content\/uploads\/2023\/04\/logoPP512.png","width":512,"height":512,"caption":"Partido Popular de Galicia"},"image":{"@id":"https:\/\/ppdegalicia.com\/es\/#\/schema\/logo\/image\/"},"sameAs":["https:\/\/www.instagram.com\/ppdegalicia\/","https:\/\/x.com\/ppdegalicia","https:\/\/www.tiktok.com\/@ppdegalicia","https:\/\/www.youtube.com\/user\/ppdegalicia"]},{"@type":"Person","@id":"https:\/\/ppdegalicia.com\/es\/#\/schema\/person\/5b822c6f59e872ebdd1142f307dbcb59","name":"ppdegaliciaredes","image":{"@type":"ImageObject","inLanguage":"es","@id":"https:\/\/secure.gravatar.com\/avatar\/3c9179cf0256d00c72a48d1f25783c58b6842cd56e85ef3a572881c8e28ccd59?s=96&d=mm&r=g","url":"https:\/\/secure.gravatar.com\/avatar\/3c9179cf0256d00c72a48d1f25783c58b6842cd56e85ef3a572881c8e28ccd59?s=96&d=mm&r=g","contentUrl":"https:\/\/secure.gravatar.com\/avatar\/3c9179cf0256d00c72a48d1f25783c58b6842cd56e85ef3a572881c8e28ccd59?s=96&d=mm&r=g","caption":"ppdegaliciaredes"},"url":"https:\/\/ppdegalicia.com\/es\/author\/ppdegaliciaredes\/"}]}},"_links":{"self":[{"href":"https:\/\/ppdegalicia.com\/es\/wp-json\/wp\/v2\/posts\/67343","targetHints":{"allow":["GET"]}}],"collection":[{"href":"https:\/\/ppdegalicia.com\/es\/wp-json\/wp\/v2\/posts"}],"about":[{"href":"https:\/\/ppdegalicia.com\/es\/wp-json\/wp\/v2\/types\/post"}],"author":[{"embeddable":true,"href":"https:\/\/ppdegalicia.com\/es\/wp-json\/wp\/v2\/users\/38"}],"replies":[{"embeddable":true,"href":"https:\/\/ppdegalicia.com\/es\/wp-json\/wp\/v2\/comments?post=67343"}],"version-history":[{"count":1,"href":"https:\/\/ppdegalicia.com\/es\/wp-json\/wp\/v2\/posts\/67343\/revisions"}],"predecessor-version":[{"id":67346,"href":"https:\/\/ppdegalicia.com\/es\/wp-json\/wp\/v2\/posts\/67343\/revisions\/67346"}],"wp:featuredmedia":[{"embeddable":true,"href":"https:\/\/ppdegalicia.com\/es\/wp-json\/wp\/v2\/media\/67344"}],"wp:attachment":[{"href":"https:\/\/ppdegalicia.com\/es\/wp-json\/wp\/v2\/media?parent=67343"}],"wp:term":[{"taxonomy":"category","embeddable":true,"href":"https:\/\/ppdegalicia.com\/es\/wp-json\/wp\/v2\/categories?post=67343"},{"taxonomy":"post_tag","embeddable":true,"href":"https:\/\/ppdegalicia.com\/es\/wp-json\/wp\/v2\/tags?post=67343"}],"curies":[{"name":"wp","href":"https:\/\/api.w.org\/{rel}","templated":true}]}}