{"id":67351,"date":"2025-06-10T16:11:03","date_gmt":"2025-06-10T15:11:03","guid":{"rendered":"https:\/\/ppdegalicia.com\/?p=67351"},"modified":"2025-06-10T16:11:03","modified_gmt":"2025-06-10T15:11:03","slug":"o-grupo-popular-afirma-que-galicia-conta-cunha-estratexia-educativa-coherente-e-planificada-cun-impacto-directo-no-benestar-do-alumnado-na-estabilidade-do-profesorado-e-no-equilibrio-territorial","status":"publish","type":"post","link":"https:\/\/ppdegalicia.com\/es\/o-grupo-popular-afirma-que-galicia-conta-cunha-estratexia-educativa-coherente-e-planificada-cun-impacto-directo-no-benestar-do-alumnado-na-estabilidade-do-profesorado-e-no-equilibrio-territorial\/","title":{"rendered":"O Grupo Popular afirma que Galicia conta cunha estratexia educativa coherente e planificada, cun impacto directo no benestar do alumnado, na estabilidade do profesorado e no equilibrio territorial"},"content":{"rendered":"<p>A portavoz de Educaci\u00f3n do Grupo Popular, Cecilia V\u00e1zquez, afirmou hoxe no Pleno do Parlamento galego que Galicia conta \u201ccunha estratexia educativa coherente, planificada e avalada polos feitos, cun impacto directo no benestar do alumnado, na estabilidade do profesorado e no equilibrio territorial\u201d.<\/p>\n<p>Cecilia V\u00e1zquez lembrou que a Comunidade galega ten unha das mellores ratios de alumno por docente de toda Espa\u00f1a (9,8 sobre unha media estatal de 11,4) e inviste 1.000 euros m\u00e1is por alumno que a media espa\u00f1ola.<\/p>\n<p>Neste sentido, lembrou que \u201ceste ano comezamos a desenvolver o acordo de mellora do sistema educativo de Galicia, que cont\u00e9n 17 puntos clave entre os que destacan a reduci\u00f3n progresiva das ratios por aula, pasando de 25 a 20 alumnos; a ponderaci\u00f3n do alumnado con necesidades educativas especiais, o que permite asignar m\u00e1is recursos humanos e materiais; a mellora dos agrupamentos no rural, reducindo de 18 a 14 o n\u00famero m\u00e1ximo de alumnos por aula en educaci\u00f3n infantil con cursos combinados; ou evitando o peche de 200 aulas, que en tres anos chegar\u00e1n a 900\u201d.<\/p>\n<p><strong>FORMAR, NON ADOUTRINAR<\/strong><\/p>\n<p>\u201cA educaci\u00f3n est\u00e1 para formar, non para adoutrinar\u201d, aseverou a portavoz popular, quen apuntou que \u201cos centros educativos son espazos para o co\u00f1ecemento, a igualdade de oportunidades e o pensamento cr\u00edtico, no para introducir discursos partidistas ou intereses pol\u00edticos\u201d.<\/p>\n<p>Deste xeito, cuestionou a BNG e PSdeG \u201cpor que lles molesta tanto que se garanta a neutralidade ideol\u00f3xica no ensino? ou forma parte do seu plan de mellora educativa utilizar as aulas como plataforma pol\u00edtica?\u201d, porque insistiu que \u201cos nenos e nenas van ao colexio a aprender, no para ser orientados ideoloxicamente, polo que calquera intento de usar o sistema educativo como ferramenta de propaganda deber\u00eda ser rexeitado por calquera forza que diga defender un ensino p\u00fablico e plural\u201d.<\/p>\n<p>Cecilia V\u00e1zquez rematou a s\u00faa intervenci\u00f3n asegurando que \u201cun dos principios que gu\u00eda o modelo educativo galego \u00e9 garantir as mesmas oportunidades para todo o alumnado, viva onde viva\u201d e explicou que \u201co 40 por cento dos centros est\u00e1n en zonas rurais e para eles a Xunta destina un 28 por cento m\u00e1is de investimento que nas zonas urbanas\u201d.<\/p>\n","protected":false},"excerpt":{"rendered":"<p>A portavoz de Educaci\u00f3n do Grupo Popular, Cecilia V\u00e1zquez, afirmou hoxe no Pleno do Parlamento galego que Galicia conta \u201ccunha estratexia educativa coherente, planificada e avalada polos feitos, cun impacto directo no benestar do alumnado, na estabilidade do profesorado e no equilibrio territorial\u201d. Cecilia V\u00e1zquez lembrou que a Comunidade galega ten unha das mellores ratios [&hellip;]<\/p>\n","protected":false},"author":38,"featured_media":67352,"comment_status":"closed","ping_status":"open","sticky":false,"template":"","format":"standard","meta":{"_acf_changed":false,"footnotes":""},"categories":[1128],"tags":[],"class_list":["post-67351","post","type-post","status-publish","format-standard","has-post-thumbnail","hentry","category-actualidad-parlamento-de-galicia"],"acf":[],"yoast_head":"<!-- This site is optimized with the Yoast SEO plugin v27.3 - https:\/\/yoast.com\/product\/yoast-seo-wordpress\/ -->\n<title>O Grupo Popular afirma que Galicia conta cunha estratexia educativa coherente e planificada, cun impacto directo no benestar do alumnado, na estabilidade do profesorado e no equilibrio territorial - PP de Galicia<\/title>\n<meta name=\"description\" content=\"A portavoz de Educaci\u00f3n do Grupo Popular, Cecilia V\u00e1zquez, afirmou hoxe no Pleno do Parlamento galego que Galicia conta \u201ccunha estratexia educativa coherente, planificada e avalada polos feitos, cun impacto directo no benestar do alumnado, na estabilidade do profesorado e no equilibrio territorial\u201d.\" \/>\n<meta name=\"robots\" content=\"index, follow, max-snippet:-1, max-image-preview:large, max-video-preview:-1\" \/>\n<link rel=\"canonical\" href=\"https:\/\/ppdegalicia.com\/es\/o-grupo-popular-afirma-que-galicia-conta-cunha-estratexia-educativa-coherente-e-planificada-cun-impacto-directo-no-benestar-do-alumnado-na-estabilidade-do-profesorado-e-no-equilibrio-territorial\/\" \/>\n<meta property=\"og:locale\" content=\"es_ES\" \/>\n<meta property=\"og:type\" content=\"article\" \/>\n<meta property=\"og:title\" content=\"O Grupo Popular afirma que Galicia conta cunha estratexia educativa coherente e planificada, cun impacto directo no benestar do alumnado, na estabilidade do profesorado e no equilibrio territorial - PP de Galicia\" \/>\n<meta property=\"og:description\" content=\"A portavoz de Educaci\u00f3n do Grupo Popular, Cecilia V\u00e1zquez, afirmou hoxe no Pleno do Parlamento galego que Galicia conta \u201ccunha estratexia educativa coherente, planificada e avalada polos feitos, cun impacto directo no benestar do alumnado, na estabilidade do profesorado e no equilibrio territorial\u201d.\" \/>\n<meta property=\"og:url\" content=\"https:\/\/ppdegalicia.com\/es\/o-grupo-popular-afirma-que-galicia-conta-cunha-estratexia-educativa-coherente-e-planificada-cun-impacto-directo-no-benestar-do-alumnado-na-estabilidade-do-profesorado-e-no-equilibrio-territorial\/\" \/>\n<meta property=\"og:site_name\" content=\"PP de Galicia\" \/>\n<meta property=\"article:publisher\" content=\"https:\/\/www.instagram.com\/ppdegalicia\/\" \/>\n<meta property=\"article:published_time\" content=\"2025-06-10T15:11:03+00:00\" \/>\n<meta property=\"og:image\" content=\"https:\/\/ppdegalicia.com\/wp-content\/uploads\/2025\/06\/20250610_Pleno_Ordinario84-scaled.jpg\" \/>\n\t<meta property=\"og:image:width\" content=\"2560\" \/>\n\t<meta property=\"og:image:height\" content=\"1707\" \/>\n\t<meta property=\"og:image:type\" content=\"image\/jpeg\" \/>\n<meta name=\"author\" content=\"ppdegaliciaredes\" \/>\n<meta name=\"twitter:card\" content=\"summary_large_image\" \/>\n<meta name=\"twitter:creator\" content=\"@ppdegalicia\" \/>\n<meta name=\"twitter:site\" content=\"@ppdegalicia\" \/>\n<meta name=\"twitter:label1\" content=\"Escrito por\" \/>\n\t<meta name=\"twitter:data1\" content=\"ppdegaliciaredes\" \/>\n\t<meta name=\"twitter:label2\" content=\"Tiempo de lectura\" \/>\n\t<meta name=\"twitter:data2\" content=\"3 minutos\" \/>\n<script type=\"application\/ld+json\" class=\"yoast-schema-graph\">{\"@context\":\"https:\\\/\\\/schema.org\",\"@graph\":[{\"@type\":\"Article\",\"@id\":\"https:\\\/\\\/ppdegalicia.com\\\/es\\\/o-grupo-popular-afirma-que-galicia-conta-cunha-estratexia-educativa-coherente-e-planificada-cun-impacto-directo-no-benestar-do-alumnado-na-estabilidade-do-profesorado-e-no-equilibrio-territorial\\\/#article\",\"isPartOf\":{\"@id\":\"https:\\\/\\\/ppdegalicia.com\\\/es\\\/o-grupo-popular-afirma-que-galicia-conta-cunha-estratexia-educativa-coherente-e-planificada-cun-impacto-directo-no-benestar-do-alumnado-na-estabilidade-do-profesorado-e-no-equilibrio-territorial\\\/\"},\"author\":{\"name\":\"ppdegaliciaredes\",\"@id\":\"https:\\\/\\\/ppdegalicia.com\\\/es\\\/#\\\/schema\\\/person\\\/5b822c6f59e872ebdd1142f307dbcb59\"},\"headline\":\"O Grupo Popular afirma que Galicia conta cunha estratexia educativa coherente e planificada, cun impacto directo no benestar do alumnado, na estabilidade do profesorado e no equilibrio territorial\",\"datePublished\":\"2025-06-10T15:11:03+00:00\",\"mainEntityOfPage\":{\"@id\":\"https:\\\/\\\/ppdegalicia.com\\\/es\\\/o-grupo-popular-afirma-que-galicia-conta-cunha-estratexia-educativa-coherente-e-planificada-cun-impacto-directo-no-benestar-do-alumnado-na-estabilidade-do-profesorado-e-no-equilibrio-territorial\\\/\"},\"wordCount\":398,\"publisher\":{\"@id\":\"https:\\\/\\\/ppdegalicia.com\\\/es\\\/#organization\"},\"image\":{\"@id\":\"https:\\\/\\\/ppdegalicia.com\\\/es\\\/o-grupo-popular-afirma-que-galicia-conta-cunha-estratexia-educativa-coherente-e-planificada-cun-impacto-directo-no-benestar-do-alumnado-na-estabilidade-do-profesorado-e-no-equilibrio-territorial\\\/#primaryimage\"},\"thumbnailUrl\":\"https:\\\/\\\/ppdegalicia.com\\\/wp-content\\\/uploads\\\/2025\\\/06\\\/20250610_Pleno_Ordinario84-scaled.jpg\",\"articleSection\":[\"Parlamento de Galicia\"],\"inLanguage\":\"es\"},{\"@type\":\"WebPage\",\"@id\":\"https:\\\/\\\/ppdegalicia.com\\\/es\\\/o-grupo-popular-afirma-que-galicia-conta-cunha-estratexia-educativa-coherente-e-planificada-cun-impacto-directo-no-benestar-do-alumnado-na-estabilidade-do-profesorado-e-no-equilibrio-territorial\\\/\",\"url\":\"https:\\\/\\\/ppdegalicia.com\\\/es\\\/o-grupo-popular-afirma-que-galicia-conta-cunha-estratexia-educativa-coherente-e-planificada-cun-impacto-directo-no-benestar-do-alumnado-na-estabilidade-do-profesorado-e-no-equilibrio-territorial\\\/\",\"name\":\"O Grupo Popular afirma que Galicia conta cunha estratexia educativa coherente e planificada, cun impacto directo no benestar do alumnado, na estabilidade do profesorado e no equilibrio territorial - PP de Galicia\",\"isPartOf\":{\"@id\":\"https:\\\/\\\/ppdegalicia.com\\\/es\\\/#website\"},\"primaryImageOfPage\":{\"@id\":\"https:\\\/\\\/ppdegalicia.com\\\/es\\\/o-grupo-popular-afirma-que-galicia-conta-cunha-estratexia-educativa-coherente-e-planificada-cun-impacto-directo-no-benestar-do-alumnado-na-estabilidade-do-profesorado-e-no-equilibrio-territorial\\\/#primaryimage\"},\"image\":{\"@id\":\"https:\\\/\\\/ppdegalicia.com\\\/es\\\/o-grupo-popular-afirma-que-galicia-conta-cunha-estratexia-educativa-coherente-e-planificada-cun-impacto-directo-no-benestar-do-alumnado-na-estabilidade-do-profesorado-e-no-equilibrio-territorial\\\/#primaryimage\"},\"thumbnailUrl\":\"https:\\\/\\\/ppdegalicia.com\\\/wp-content\\\/uploads\\\/2025\\\/06\\\/20250610_Pleno_Ordinario84-scaled.jpg\",\"datePublished\":\"2025-06-10T15:11:03+00:00\",\"description\":\"A portavoz de Educaci\u00f3n do Grupo Popular, Cecilia V\u00e1zquez, afirmou hoxe no Pleno do Parlamento galego que Galicia conta \u201ccunha estratexia educativa coherente, planificada e avalada polos feitos, cun impacto directo no benestar do alumnado, na estabilidade do profesorado e no equilibrio territorial\u201d.\",\"breadcrumb\":{\"@id\":\"https:\\\/\\\/ppdegalicia.com\\\/es\\\/o-grupo-popular-afirma-que-galicia-conta-cunha-estratexia-educativa-coherente-e-planificada-cun-impacto-directo-no-benestar-do-alumnado-na-estabilidade-do-profesorado-e-no-equilibrio-territorial\\\/#breadcrumb\"},\"inLanguage\":\"es\",\"potentialAction\":[{\"@type\":\"ReadAction\",\"target\":[\"https:\\\/\\\/ppdegalicia.com\\\/es\\\/o-grupo-popular-afirma-que-galicia-conta-cunha-estratexia-educativa-coherente-e-planificada-cun-impacto-directo-no-benestar-do-alumnado-na-estabilidade-do-profesorado-e-no-equilibrio-territorial\\\/\"]}]},{\"@type\":\"ImageObject\",\"inLanguage\":\"es\",\"@id\":\"https:\\\/\\\/ppdegalicia.com\\\/es\\\/o-grupo-popular-afirma-que-galicia-conta-cunha-estratexia-educativa-coherente-e-planificada-cun-impacto-directo-no-benestar-do-alumnado-na-estabilidade-do-profesorado-e-no-equilibrio-territorial\\\/#primaryimage\",\"url\":\"https:\\\/\\\/ppdegalicia.com\\\/wp-content\\\/uploads\\\/2025\\\/06\\\/20250610_Pleno_Ordinario84-scaled.jpg\",\"contentUrl\":\"https:\\\/\\\/ppdegalicia.com\\\/wp-content\\\/uploads\\\/2025\\\/06\\\/20250610_Pleno_Ordinario84-scaled.jpg\",\"width\":2560,\"height\":1707},{\"@type\":\"BreadcrumbList\",\"@id\":\"https:\\\/\\\/ppdegalicia.com\\\/es\\\/o-grupo-popular-afirma-que-galicia-conta-cunha-estratexia-educativa-coherente-e-planificada-cun-impacto-directo-no-benestar-do-alumnado-na-estabilidade-do-profesorado-e-no-equilibrio-territorial\\\/#breadcrumb\",\"itemListElement\":[{\"@type\":\"ListItem\",\"position\":1,\"name\":\"Portada\",\"item\":\"https:\\\/\\\/ppdegalicia.com\\\/es\\\/\"},{\"@type\":\"ListItem\",\"position\":2,\"name\":\"O Grupo Popular afirma que Galicia conta cunha estratexia educativa coherente e planificada, cun impacto directo no benestar do alumnado, na estabilidade do profesorado e no equilibrio territorial\"}]},{\"@type\":\"WebSite\",\"@id\":\"https:\\\/\\\/ppdegalicia.com\\\/es\\\/#website\",\"url\":\"https:\\\/\\\/ppdegalicia.com\\\/es\\\/\",\"name\":\"Partido Popular de Galicia\",\"description\":\"Partido Popular de Galicia\",\"publisher\":{\"@id\":\"https:\\\/\\\/ppdegalicia.com\\\/es\\\/#organization\"},\"alternateName\":\"PP de Galicia\",\"potentialAction\":[{\"@type\":\"SearchAction\",\"target\":{\"@type\":\"EntryPoint\",\"urlTemplate\":\"https:\\\/\\\/ppdegalicia.com\\\/es\\\/?s={search_term_string}\"},\"query-input\":{\"@type\":\"PropertyValueSpecification\",\"valueRequired\":true,\"valueName\":\"search_term_string\"}}],\"inLanguage\":\"es\"},{\"@type\":\"Organization\",\"@id\":\"https:\\\/\\\/ppdegalicia.com\\\/es\\\/#organization\",\"name\":\"Partido Popular de Galicia\",\"alternateName\":\"PP de Galicia\",\"url\":\"https:\\\/\\\/ppdegalicia.com\\\/es\\\/\",\"logo\":{\"@type\":\"ImageObject\",\"inLanguage\":\"es\",\"@id\":\"https:\\\/\\\/ppdegalicia.com\\\/es\\\/#\\\/schema\\\/logo\\\/image\\\/\",\"url\":\"https:\\\/\\\/ppdegalicia.com\\\/wp-content\\\/uploads\\\/2023\\\/04\\\/logoPP512.png\",\"contentUrl\":\"https:\\\/\\\/ppdegalicia.com\\\/wp-content\\\/uploads\\\/2023\\\/04\\\/logoPP512.png\",\"width\":512,\"height\":512,\"caption\":\"Partido Popular de Galicia\"},\"image\":{\"@id\":\"https:\\\/\\\/ppdegalicia.com\\\/es\\\/#\\\/schema\\\/logo\\\/image\\\/\"},\"sameAs\":[\"https:\\\/\\\/www.instagram.com\\\/ppdegalicia\\\/\",\"https:\\\/\\\/x.com\\\/ppdegalicia\",\"https:\\\/\\\/www.tiktok.com\\\/@ppdegalicia\",\"https:\\\/\\\/www.youtube.com\\\/user\\\/ppdegalicia\"]},{\"@type\":\"Person\",\"@id\":\"https:\\\/\\\/ppdegalicia.com\\\/es\\\/#\\\/schema\\\/person\\\/5b822c6f59e872ebdd1142f307dbcb59\",\"name\":\"ppdegaliciaredes\",\"image\":{\"@type\":\"ImageObject\",\"inLanguage\":\"es\",\"@id\":\"https:\\\/\\\/secure.gravatar.com\\\/avatar\\\/3c9179cf0256d00c72a48d1f25783c58b6842cd56e85ef3a572881c8e28ccd59?s=96&d=mm&r=g\",\"url\":\"https:\\\/\\\/secure.gravatar.com\\\/avatar\\\/3c9179cf0256d00c72a48d1f25783c58b6842cd56e85ef3a572881c8e28ccd59?s=96&d=mm&r=g\",\"contentUrl\":\"https:\\\/\\\/secure.gravatar.com\\\/avatar\\\/3c9179cf0256d00c72a48d1f25783c58b6842cd56e85ef3a572881c8e28ccd59?s=96&d=mm&r=g\",\"caption\":\"ppdegaliciaredes\"},\"url\":\"https:\\\/\\\/ppdegalicia.com\\\/es\\\/author\\\/ppdegaliciaredes\\\/\"}]}<\/script>\n<!-- \/ Yoast SEO plugin. -->","yoast_head_json":{"title":"O Grupo Popular afirma que Galicia conta cunha estratexia educativa coherente e planificada, cun impacto directo no benestar do alumnado, na estabilidade do profesorado e no equilibrio territorial - PP de Galicia","description":"A portavoz de Educaci\u00f3n do Grupo Popular, Cecilia V\u00e1zquez, afirmou hoxe no Pleno do Parlamento galego que Galicia conta \u201ccunha estratexia educativa coherente, planificada e avalada polos feitos, cun impacto directo no benestar do alumnado, na estabilidade do profesorado e no equilibrio territorial\u201d.","robots":{"index":"index","follow":"follow","max-snippet":"max-snippet:-1","max-image-preview":"max-image-preview:large","max-video-preview":"max-video-preview:-1"},"canonical":"https:\/\/ppdegalicia.com\/es\/o-grupo-popular-afirma-que-galicia-conta-cunha-estratexia-educativa-coherente-e-planificada-cun-impacto-directo-no-benestar-do-alumnado-na-estabilidade-do-profesorado-e-no-equilibrio-territorial\/","og_locale":"es_ES","og_type":"article","og_title":"O Grupo Popular afirma que Galicia conta cunha estratexia educativa coherente e planificada, cun impacto directo no benestar do alumnado, na estabilidade do profesorado e no equilibrio territorial - PP de Galicia","og_description":"A portavoz de Educaci\u00f3n do Grupo Popular, Cecilia V\u00e1zquez, afirmou hoxe no Pleno do Parlamento galego que Galicia conta \u201ccunha estratexia educativa coherente, planificada e avalada polos feitos, cun impacto directo no benestar do alumnado, na estabilidade do profesorado e no equilibrio territorial\u201d.","og_url":"https:\/\/ppdegalicia.com\/es\/o-grupo-popular-afirma-que-galicia-conta-cunha-estratexia-educativa-coherente-e-planificada-cun-impacto-directo-no-benestar-do-alumnado-na-estabilidade-do-profesorado-e-no-equilibrio-territorial\/","og_site_name":"PP de Galicia","article_publisher":"https:\/\/www.instagram.com\/ppdegalicia\/","article_published_time":"2025-06-10T15:11:03+00:00","og_image":[{"width":2560,"height":1707,"url":"https:\/\/ppdegalicia.com\/wp-content\/uploads\/2025\/06\/20250610_Pleno_Ordinario84-scaled.jpg","type":"image\/jpeg"}],"author":"ppdegaliciaredes","twitter_card":"summary_large_image","twitter_creator":"@ppdegalicia","twitter_site":"@ppdegalicia","twitter_misc":{"Escrito por":"ppdegaliciaredes","Tiempo de lectura":"3 minutos"},"schema":{"@context":"https:\/\/schema.org","@graph":[{"@type":"Article","@id":"https:\/\/ppdegalicia.com\/es\/o-grupo-popular-afirma-que-galicia-conta-cunha-estratexia-educativa-coherente-e-planificada-cun-impacto-directo-no-benestar-do-alumnado-na-estabilidade-do-profesorado-e-no-equilibrio-territorial\/#article","isPartOf":{"@id":"https:\/\/ppdegalicia.com\/es\/o-grupo-popular-afirma-que-galicia-conta-cunha-estratexia-educativa-coherente-e-planificada-cun-impacto-directo-no-benestar-do-alumnado-na-estabilidade-do-profesorado-e-no-equilibrio-territorial\/"},"author":{"name":"ppdegaliciaredes","@id":"https:\/\/ppdegalicia.com\/es\/#\/schema\/person\/5b822c6f59e872ebdd1142f307dbcb59"},"headline":"O Grupo Popular afirma que Galicia conta cunha estratexia educativa coherente e planificada, cun impacto directo no benestar do alumnado, na estabilidade do profesorado e no equilibrio territorial","datePublished":"2025-06-10T15:11:03+00:00","mainEntityOfPage":{"@id":"https:\/\/ppdegalicia.com\/es\/o-grupo-popular-afirma-que-galicia-conta-cunha-estratexia-educativa-coherente-e-planificada-cun-impacto-directo-no-benestar-do-alumnado-na-estabilidade-do-profesorado-e-no-equilibrio-territorial\/"},"wordCount":398,"publisher":{"@id":"https:\/\/ppdegalicia.com\/es\/#organization"},"image":{"@id":"https:\/\/ppdegalicia.com\/es\/o-grupo-popular-afirma-que-galicia-conta-cunha-estratexia-educativa-coherente-e-planificada-cun-impacto-directo-no-benestar-do-alumnado-na-estabilidade-do-profesorado-e-no-equilibrio-territorial\/#primaryimage"},"thumbnailUrl":"https:\/\/ppdegalicia.com\/wp-content\/uploads\/2025\/06\/20250610_Pleno_Ordinario84-scaled.jpg","articleSection":["Parlamento de Galicia"],"inLanguage":"es"},{"@type":"WebPage","@id":"https:\/\/ppdegalicia.com\/es\/o-grupo-popular-afirma-que-galicia-conta-cunha-estratexia-educativa-coherente-e-planificada-cun-impacto-directo-no-benestar-do-alumnado-na-estabilidade-do-profesorado-e-no-equilibrio-territorial\/","url":"https:\/\/ppdegalicia.com\/es\/o-grupo-popular-afirma-que-galicia-conta-cunha-estratexia-educativa-coherente-e-planificada-cun-impacto-directo-no-benestar-do-alumnado-na-estabilidade-do-profesorado-e-no-equilibrio-territorial\/","name":"O Grupo Popular afirma que Galicia conta cunha estratexia educativa coherente e planificada, cun impacto directo no benestar do alumnado, na estabilidade do profesorado e no equilibrio territorial - PP de Galicia","isPartOf":{"@id":"https:\/\/ppdegalicia.com\/es\/#website"},"primaryImageOfPage":{"@id":"https:\/\/ppdegalicia.com\/es\/o-grupo-popular-afirma-que-galicia-conta-cunha-estratexia-educativa-coherente-e-planificada-cun-impacto-directo-no-benestar-do-alumnado-na-estabilidade-do-profesorado-e-no-equilibrio-territorial\/#primaryimage"},"image":{"@id":"https:\/\/ppdegalicia.com\/es\/o-grupo-popular-afirma-que-galicia-conta-cunha-estratexia-educativa-coherente-e-planificada-cun-impacto-directo-no-benestar-do-alumnado-na-estabilidade-do-profesorado-e-no-equilibrio-territorial\/#primaryimage"},"thumbnailUrl":"https:\/\/ppdegalicia.com\/wp-content\/uploads\/2025\/06\/20250610_Pleno_Ordinario84-scaled.jpg","datePublished":"2025-06-10T15:11:03+00:00","description":"A portavoz de Educaci\u00f3n do Grupo Popular, Cecilia V\u00e1zquez, afirmou hoxe no Pleno do Parlamento galego que Galicia conta \u201ccunha estratexia educativa coherente, planificada e avalada polos feitos, cun impacto directo no benestar do alumnado, na estabilidade do profesorado e no equilibrio territorial\u201d.","breadcrumb":{"@id":"https:\/\/ppdegalicia.com\/es\/o-grupo-popular-afirma-que-galicia-conta-cunha-estratexia-educativa-coherente-e-planificada-cun-impacto-directo-no-benestar-do-alumnado-na-estabilidade-do-profesorado-e-no-equilibrio-territorial\/#breadcrumb"},"inLanguage":"es","potentialAction":[{"@type":"ReadAction","target":["https:\/\/ppdegalicia.com\/es\/o-grupo-popular-afirma-que-galicia-conta-cunha-estratexia-educativa-coherente-e-planificada-cun-impacto-directo-no-benestar-do-alumnado-na-estabilidade-do-profesorado-e-no-equilibrio-territorial\/"]}]},{"@type":"ImageObject","inLanguage":"es","@id":"https:\/\/ppdegalicia.com\/es\/o-grupo-popular-afirma-que-galicia-conta-cunha-estratexia-educativa-coherente-e-planificada-cun-impacto-directo-no-benestar-do-alumnado-na-estabilidade-do-profesorado-e-no-equilibrio-territorial\/#primaryimage","url":"https:\/\/ppdegalicia.com\/wp-content\/uploads\/2025\/06\/20250610_Pleno_Ordinario84-scaled.jpg","contentUrl":"https:\/\/ppdegalicia.com\/wp-content\/uploads\/2025\/06\/20250610_Pleno_Ordinario84-scaled.jpg","width":2560,"height":1707},{"@type":"BreadcrumbList","@id":"https:\/\/ppdegalicia.com\/es\/o-grupo-popular-afirma-que-galicia-conta-cunha-estratexia-educativa-coherente-e-planificada-cun-impacto-directo-no-benestar-do-alumnado-na-estabilidade-do-profesorado-e-no-equilibrio-territorial\/#breadcrumb","itemListElement":[{"@type":"ListItem","position":1,"name":"Portada","item":"https:\/\/ppdegalicia.com\/es\/"},{"@type":"ListItem","position":2,"name":"O Grupo Popular afirma que Galicia conta cunha estratexia educativa coherente e planificada, cun impacto directo no benestar do alumnado, na estabilidade do profesorado e no equilibrio territorial"}]},{"@type":"WebSite","@id":"https:\/\/ppdegalicia.com\/es\/#website","url":"https:\/\/ppdegalicia.com\/es\/","name":"Partido Popular de Galicia","description":"Partido Popular de Galicia","publisher":{"@id":"https:\/\/ppdegalicia.com\/es\/#organization"},"alternateName":"PP de Galicia","potentialAction":[{"@type":"SearchAction","target":{"@type":"EntryPoint","urlTemplate":"https:\/\/ppdegalicia.com\/es\/?s={search_term_string}"},"query-input":{"@type":"PropertyValueSpecification","valueRequired":true,"valueName":"search_term_string"}}],"inLanguage":"es"},{"@type":"Organization","@id":"https:\/\/ppdegalicia.com\/es\/#organization","name":"Partido Popular de Galicia","alternateName":"PP de Galicia","url":"https:\/\/ppdegalicia.com\/es\/","logo":{"@type":"ImageObject","inLanguage":"es","@id":"https:\/\/ppdegalicia.com\/es\/#\/schema\/logo\/image\/","url":"https:\/\/ppdegalicia.com\/wp-content\/uploads\/2023\/04\/logoPP512.png","contentUrl":"https:\/\/ppdegalicia.com\/wp-content\/uploads\/2023\/04\/logoPP512.png","width":512,"height":512,"caption":"Partido Popular de Galicia"},"image":{"@id":"https:\/\/ppdegalicia.com\/es\/#\/schema\/logo\/image\/"},"sameAs":["https:\/\/www.instagram.com\/ppdegalicia\/","https:\/\/x.com\/ppdegalicia","https:\/\/www.tiktok.com\/@ppdegalicia","https:\/\/www.youtube.com\/user\/ppdegalicia"]},{"@type":"Person","@id":"https:\/\/ppdegalicia.com\/es\/#\/schema\/person\/5b822c6f59e872ebdd1142f307dbcb59","name":"ppdegaliciaredes","image":{"@type":"ImageObject","inLanguage":"es","@id":"https:\/\/secure.gravatar.com\/avatar\/3c9179cf0256d00c72a48d1f25783c58b6842cd56e85ef3a572881c8e28ccd59?s=96&d=mm&r=g","url":"https:\/\/secure.gravatar.com\/avatar\/3c9179cf0256d00c72a48d1f25783c58b6842cd56e85ef3a572881c8e28ccd59?s=96&d=mm&r=g","contentUrl":"https:\/\/secure.gravatar.com\/avatar\/3c9179cf0256d00c72a48d1f25783c58b6842cd56e85ef3a572881c8e28ccd59?s=96&d=mm&r=g","caption":"ppdegaliciaredes"},"url":"https:\/\/ppdegalicia.com\/es\/author\/ppdegaliciaredes\/"}]}},"_links":{"self":[{"href":"https:\/\/ppdegalicia.com\/es\/wp-json\/wp\/v2\/posts\/67351","targetHints":{"allow":["GET"]}}],"collection":[{"href":"https:\/\/ppdegalicia.com\/es\/wp-json\/wp\/v2\/posts"}],"about":[{"href":"https:\/\/ppdegalicia.com\/es\/wp-json\/wp\/v2\/types\/post"}],"author":[{"embeddable":true,"href":"https:\/\/ppdegalicia.com\/es\/wp-json\/wp\/v2\/users\/38"}],"replies":[{"embeddable":true,"href":"https:\/\/ppdegalicia.com\/es\/wp-json\/wp\/v2\/comments?post=67351"}],"version-history":[{"count":1,"href":"https:\/\/ppdegalicia.com\/es\/wp-json\/wp\/v2\/posts\/67351\/revisions"}],"predecessor-version":[{"id":67354,"href":"https:\/\/ppdegalicia.com\/es\/wp-json\/wp\/v2\/posts\/67351\/revisions\/67354"}],"wp:featuredmedia":[{"embeddable":true,"href":"https:\/\/ppdegalicia.com\/es\/wp-json\/wp\/v2\/media\/67352"}],"wp:attachment":[{"href":"https:\/\/ppdegalicia.com\/es\/wp-json\/wp\/v2\/media?parent=67351"}],"wp:term":[{"taxonomy":"category","embeddable":true,"href":"https:\/\/ppdegalicia.com\/es\/wp-json\/wp\/v2\/categories?post=67351"},{"taxonomy":"post_tag","embeddable":true,"href":"https:\/\/ppdegalicia.com\/es\/wp-json\/wp\/v2\/tags?post=67351"}],"curies":[{"name":"wp","href":"https:\/\/api.w.org\/{rel}","templated":true}]}}