{"id":67359,"date":"2025-06-10T17:22:01","date_gmt":"2025-06-10T16:22:01","guid":{"rendered":"https:\/\/ppdegalicia.com\/?p=67359"},"modified":"2025-06-10T17:22:01","modified_gmt":"2025-06-10T16:22:01","slug":"o-grupo-popular-salienta-que-a-estratexia-galega-no-aeroespazo-a-seguridade-e-a-defensa-da-xunta-mobilizara-ata-2030-arredor-de-900-millons-de-euros","status":"publish","type":"post","link":"https:\/\/ppdegalicia.com\/es\/o-grupo-popular-salienta-que-a-estratexia-galega-no-aeroespazo-a-seguridade-e-a-defensa-da-xunta-mobilizara-ata-2030-arredor-de-900-millons-de-euros\/","title":{"rendered":"O Grupo Popular salienta que a Estratexia galega no aeroespazo, a seguridade e a defensa da Xunta mobilizar\u00e1 ata 2030 arredor de 900 mill\u00f3ns de euros"},"content":{"rendered":"<p>O portavoz de Industria do Grupo Popular, Rub\u00e9n Lorenzo, afirmou hoxe no Pleno do Parlamento galego que a Estratexia galega no aeroespazo, a seguridade e a defensa aprobada pola Xunta \u201cmobilizar\u00e1 ata o ano 2030 arredor de 900 mill\u00f3ns de euros e permitir\u00e1 a creaci\u00f3n ou transformaci\u00f3n substancial dun cento de empresas en Galicia\u201d.<\/p>\n<p>\u201cEstamos a falar dunha estratexia que permitir\u00e1 aproveitar unha extraordinaria oportunidade para xerar nova actividade econ\u00f3mica e tam\u00e9n xerar emprego de calidade, as\u00ed como a transformaci\u00f3n dun sector como o aeroespacial que a Xunta v\u00e9n impulsando desde o 2015\u201d, subli\u00f1ou. En concreto, esta estratexia apoiarase no desenvolvemento de cinco grandes obxectivos, tres grandes programas de investimento e 21 actuaci\u00f3ns espec\u00edficas.<\/p>\n<p><strong>APOIO DECIDIDO, ESTABLE E A LONGO PRAZO<\/strong><\/p>\n<p>Rub\u00e9n Lorenzo manifestou que \u201ca Xunta da un paso adiante e compromete un apoio decidido, estable e a longo prazo para que o tecido produtivo desta industria, e doutros sectores que estean interesados en ampliar ou reorientar a s\u00faa actividade, poidan desenvolver tecnolox\u00eda, fabricar e comercializar produtos e servizos de alto valor en Galicia\u201d.<\/p>\n<p>\u201cTodo isto farase a trav\u00e9s dun di\u00e1logo estrat\u00e9xico coa industria do aeroespazo, da seguridade e da defensa que o Goberno galego abrir\u00e1 nos vindeiros meses para co\u00f1ecer as s\u00faas necesidades e os seus plans de investimento a curto, medio e longo prazo, e que ser\u00e1 o punto de partida da execuci\u00f3n da nova iniciativa\u201d, indicou.<\/p>\n<p>Por outra banda, o portavoz popular criticou \u201co trilerismo e a mentira dos socialistas galegos ao afirmar na s\u00faa iniciativa que Airbus se vai do polo aeron\u00e1utico de Rozas\u201d. \u201cAirbus segue a ser un socio estrat\u00e9xico deste polo aeron\u00e1utico lucense, plenamente operativo e plenamente comprometido\u201d, asegurou Rub\u00e9n Lorenzo.<\/p>\n<p>\u201cSe algu\u00e9n est\u00e1 escatimando o posible en investimento en defensa \u00e9 o Goberno socialista de Pedro S\u00e1nchez, porque xa explicar\u00e1n como se avanza en industria de defensa se o propio pa\u00eds non compromete investimentos que axuden a fixar en Galicia os proxectos industriais en materia de defensa\u201d, manifestou o portavoz popular, quen lembrou que \u201cson vostedes cativos dos que non queren nin o\u00edr falar de investir nin un euro en defensa, porque dependen deles para seguir ocupando o Goberno de Espa\u00f1a\u201d.<\/p>\n","protected":false},"excerpt":{"rendered":"<p>O portavoz de Industria do Grupo Popular, Rub\u00e9n Lorenzo, afirmou hoxe no Pleno do Parlamento galego que a Estratexia galega no aeroespazo, a seguridade e a defensa aprobada pola Xunta \u201cmobilizar\u00e1 ata o ano 2030 arredor de 900 mill\u00f3ns de euros e permitir\u00e1 a creaci\u00f3n ou transformaci\u00f3n substancial dun cento de empresas en Galicia\u201d. \u201cEstamos [&hellip;]<\/p>\n","protected":false},"author":38,"featured_media":67360,"comment_status":"closed","ping_status":"open","sticky":false,"template":"","format":"standard","meta":{"_acf_changed":false,"footnotes":""},"categories":[1128],"tags":[],"class_list":["post-67359","post","type-post","status-publish","format-standard","has-post-thumbnail","hentry","category-actualidad-parlamento-de-galicia"],"acf":[],"yoast_head":"<!-- This site is optimized with the Yoast SEO plugin v27.3 - https:\/\/yoast.com\/product\/yoast-seo-wordpress\/ -->\n<title>O Grupo Popular salienta que a Estratexia galega no aeroespazo, a seguridade e a defensa da Xunta mobilizar\u00e1 ata 2030 arredor de 900 mill\u00f3ns de euros - PP de Galicia<\/title>\n<meta name=\"description\" content=\"O portavoz de Industria do Grupo Popular, Rub\u00e9n Lorenzo, afirmou hoxe no Pleno do Parlamento galego que a Estratexia galega no aeroespazo, a seguridade e a defensa aprobada pola Xunta \u201cmobilizar\u00e1 ata o ano 2030 arredor de 900 mill\u00f3ns de euros e permitir\u00e1 a creaci\u00f3n ou transformaci\u00f3n substancial dun cento de empresas en Galicia\u201d.\" \/>\n<meta name=\"robots\" content=\"index, follow, max-snippet:-1, max-image-preview:large, max-video-preview:-1\" \/>\n<link rel=\"canonical\" href=\"https:\/\/ppdegalicia.com\/es\/o-grupo-popular-salienta-que-a-estratexia-galega-no-aeroespazo-a-seguridade-e-a-defensa-da-xunta-mobilizara-ata-2030-arredor-de-900-millons-de-euros\/\" \/>\n<meta property=\"og:locale\" content=\"es_ES\" \/>\n<meta property=\"og:type\" content=\"article\" \/>\n<meta property=\"og:title\" content=\"O Grupo Popular salienta que a Estratexia galega no aeroespazo, a seguridade e a defensa da Xunta mobilizar\u00e1 ata 2030 arredor de 900 mill\u00f3ns de euros - PP de Galicia\" \/>\n<meta property=\"og:description\" content=\"O portavoz de Industria do Grupo Popular, Rub\u00e9n Lorenzo, afirmou hoxe no Pleno do Parlamento galego que a Estratexia galega no aeroespazo, a seguridade e a defensa aprobada pola Xunta \u201cmobilizar\u00e1 ata o ano 2030 arredor de 900 mill\u00f3ns de euros e permitir\u00e1 a creaci\u00f3n ou transformaci\u00f3n substancial dun cento de empresas en Galicia\u201d.\" \/>\n<meta property=\"og:url\" content=\"https:\/\/ppdegalicia.com\/es\/o-grupo-popular-salienta-que-a-estratexia-galega-no-aeroespazo-a-seguridade-e-a-defensa-da-xunta-mobilizara-ata-2030-arredor-de-900-millons-de-euros\/\" \/>\n<meta property=\"og:site_name\" content=\"PP de Galicia\" \/>\n<meta property=\"article:publisher\" content=\"https:\/\/www.instagram.com\/ppdegalicia\/\" \/>\n<meta property=\"article:published_time\" content=\"2025-06-10T16:22:01+00:00\" \/>\n<meta property=\"og:image\" content=\"https:\/\/ppdegalicia.com\/wp-content\/uploads\/2025\/06\/20250408_Pleno_Ordinario75-scaled.jpg\" \/>\n\t<meta property=\"og:image:width\" content=\"2560\" \/>\n\t<meta property=\"og:image:height\" content=\"1707\" \/>\n\t<meta property=\"og:image:type\" content=\"image\/jpeg\" \/>\n<meta name=\"author\" content=\"ppdegaliciaredes\" \/>\n<meta name=\"twitter:card\" content=\"summary_large_image\" \/>\n<meta name=\"twitter:creator\" content=\"@ppdegalicia\" \/>\n<meta name=\"twitter:site\" content=\"@ppdegalicia\" \/>\n<meta name=\"twitter:label1\" content=\"Escrito por\" \/>\n\t<meta name=\"twitter:data1\" content=\"ppdegaliciaredes\" \/>\n\t<meta name=\"twitter:label2\" content=\"Tiempo de lectura\" \/>\n\t<meta name=\"twitter:data2\" content=\"3 minutos\" \/>\n<script type=\"application\/ld+json\" class=\"yoast-schema-graph\">{\"@context\":\"https:\\\/\\\/schema.org\",\"@graph\":[{\"@type\":\"Article\",\"@id\":\"https:\\\/\\\/ppdegalicia.com\\\/es\\\/o-grupo-popular-salienta-que-a-estratexia-galega-no-aeroespazo-a-seguridade-e-a-defensa-da-xunta-mobilizara-ata-2030-arredor-de-900-millons-de-euros\\\/#article\",\"isPartOf\":{\"@id\":\"https:\\\/\\\/ppdegalicia.com\\\/es\\\/o-grupo-popular-salienta-que-a-estratexia-galega-no-aeroespazo-a-seguridade-e-a-defensa-da-xunta-mobilizara-ata-2030-arredor-de-900-millons-de-euros\\\/\"},\"author\":{\"name\":\"ppdegaliciaredes\",\"@id\":\"https:\\\/\\\/ppdegalicia.com\\\/es\\\/#\\\/schema\\\/person\\\/5b822c6f59e872ebdd1142f307dbcb59\"},\"headline\":\"O Grupo Popular salienta que a Estratexia galega no aeroespazo, a seguridade e a defensa da Xunta mobilizar\u00e1 ata 2030 arredor de 900 mill\u00f3ns de euros\",\"datePublished\":\"2025-06-10T16:22:01+00:00\",\"mainEntityOfPage\":{\"@id\":\"https:\\\/\\\/ppdegalicia.com\\\/es\\\/o-grupo-popular-salienta-que-a-estratexia-galega-no-aeroespazo-a-seguridade-e-a-defensa-da-xunta-mobilizara-ata-2030-arredor-de-900-millons-de-euros\\\/\"},\"wordCount\":410,\"publisher\":{\"@id\":\"https:\\\/\\\/ppdegalicia.com\\\/es\\\/#organization\"},\"image\":{\"@id\":\"https:\\\/\\\/ppdegalicia.com\\\/es\\\/o-grupo-popular-salienta-que-a-estratexia-galega-no-aeroespazo-a-seguridade-e-a-defensa-da-xunta-mobilizara-ata-2030-arredor-de-900-millons-de-euros\\\/#primaryimage\"},\"thumbnailUrl\":\"https:\\\/\\\/ppdegalicia.com\\\/wp-content\\\/uploads\\\/2025\\\/06\\\/20250408_Pleno_Ordinario75-scaled.jpg\",\"articleSection\":[\"Parlamento de Galicia\"],\"inLanguage\":\"es\"},{\"@type\":\"WebPage\",\"@id\":\"https:\\\/\\\/ppdegalicia.com\\\/es\\\/o-grupo-popular-salienta-que-a-estratexia-galega-no-aeroespazo-a-seguridade-e-a-defensa-da-xunta-mobilizara-ata-2030-arredor-de-900-millons-de-euros\\\/\",\"url\":\"https:\\\/\\\/ppdegalicia.com\\\/es\\\/o-grupo-popular-salienta-que-a-estratexia-galega-no-aeroespazo-a-seguridade-e-a-defensa-da-xunta-mobilizara-ata-2030-arredor-de-900-millons-de-euros\\\/\",\"name\":\"O Grupo Popular salienta que a Estratexia galega no aeroespazo, a seguridade e a defensa da Xunta mobilizar\u00e1 ata 2030 arredor de 900 mill\u00f3ns de euros - PP de Galicia\",\"isPartOf\":{\"@id\":\"https:\\\/\\\/ppdegalicia.com\\\/es\\\/#website\"},\"primaryImageOfPage\":{\"@id\":\"https:\\\/\\\/ppdegalicia.com\\\/es\\\/o-grupo-popular-salienta-que-a-estratexia-galega-no-aeroespazo-a-seguridade-e-a-defensa-da-xunta-mobilizara-ata-2030-arredor-de-900-millons-de-euros\\\/#primaryimage\"},\"image\":{\"@id\":\"https:\\\/\\\/ppdegalicia.com\\\/es\\\/o-grupo-popular-salienta-que-a-estratexia-galega-no-aeroespazo-a-seguridade-e-a-defensa-da-xunta-mobilizara-ata-2030-arredor-de-900-millons-de-euros\\\/#primaryimage\"},\"thumbnailUrl\":\"https:\\\/\\\/ppdegalicia.com\\\/wp-content\\\/uploads\\\/2025\\\/06\\\/20250408_Pleno_Ordinario75-scaled.jpg\",\"datePublished\":\"2025-06-10T16:22:01+00:00\",\"description\":\"O portavoz de Industria do Grupo Popular, Rub\u00e9n Lorenzo, afirmou hoxe no Pleno do Parlamento galego que a Estratexia galega no aeroespazo, a seguridade e a defensa aprobada pola Xunta \u201cmobilizar\u00e1 ata o ano 2030 arredor de 900 mill\u00f3ns de euros e permitir\u00e1 a creaci\u00f3n ou transformaci\u00f3n substancial dun cento de empresas en Galicia\u201d.\",\"breadcrumb\":{\"@id\":\"https:\\\/\\\/ppdegalicia.com\\\/es\\\/o-grupo-popular-salienta-que-a-estratexia-galega-no-aeroespazo-a-seguridade-e-a-defensa-da-xunta-mobilizara-ata-2030-arredor-de-900-millons-de-euros\\\/#breadcrumb\"},\"inLanguage\":\"es\",\"potentialAction\":[{\"@type\":\"ReadAction\",\"target\":[\"https:\\\/\\\/ppdegalicia.com\\\/es\\\/o-grupo-popular-salienta-que-a-estratexia-galega-no-aeroespazo-a-seguridade-e-a-defensa-da-xunta-mobilizara-ata-2030-arredor-de-900-millons-de-euros\\\/\"]}]},{\"@type\":\"ImageObject\",\"inLanguage\":\"es\",\"@id\":\"https:\\\/\\\/ppdegalicia.com\\\/es\\\/o-grupo-popular-salienta-que-a-estratexia-galega-no-aeroespazo-a-seguridade-e-a-defensa-da-xunta-mobilizara-ata-2030-arredor-de-900-millons-de-euros\\\/#primaryimage\",\"url\":\"https:\\\/\\\/ppdegalicia.com\\\/wp-content\\\/uploads\\\/2025\\\/06\\\/20250408_Pleno_Ordinario75-scaled.jpg\",\"contentUrl\":\"https:\\\/\\\/ppdegalicia.com\\\/wp-content\\\/uploads\\\/2025\\\/06\\\/20250408_Pleno_Ordinario75-scaled.jpg\",\"width\":2560,\"height\":1707},{\"@type\":\"BreadcrumbList\",\"@id\":\"https:\\\/\\\/ppdegalicia.com\\\/es\\\/o-grupo-popular-salienta-que-a-estratexia-galega-no-aeroespazo-a-seguridade-e-a-defensa-da-xunta-mobilizara-ata-2030-arredor-de-900-millons-de-euros\\\/#breadcrumb\",\"itemListElement\":[{\"@type\":\"ListItem\",\"position\":1,\"name\":\"Portada\",\"item\":\"https:\\\/\\\/ppdegalicia.com\\\/es\\\/\"},{\"@type\":\"ListItem\",\"position\":2,\"name\":\"O Grupo Popular salienta que a Estratexia galega no aeroespazo, a seguridade e a defensa da Xunta mobilizar\u00e1 ata 2030 arredor de 900 mill\u00f3ns de euros\"}]},{\"@type\":\"WebSite\",\"@id\":\"https:\\\/\\\/ppdegalicia.com\\\/es\\\/#website\",\"url\":\"https:\\\/\\\/ppdegalicia.com\\\/es\\\/\",\"name\":\"Partido Popular de Galicia\",\"description\":\"Partido Popular de Galicia\",\"publisher\":{\"@id\":\"https:\\\/\\\/ppdegalicia.com\\\/es\\\/#organization\"},\"alternateName\":\"PP de Galicia\",\"potentialAction\":[{\"@type\":\"SearchAction\",\"target\":{\"@type\":\"EntryPoint\",\"urlTemplate\":\"https:\\\/\\\/ppdegalicia.com\\\/es\\\/?s={search_term_string}\"},\"query-input\":{\"@type\":\"PropertyValueSpecification\",\"valueRequired\":true,\"valueName\":\"search_term_string\"}}],\"inLanguage\":\"es\"},{\"@type\":\"Organization\",\"@id\":\"https:\\\/\\\/ppdegalicia.com\\\/es\\\/#organization\",\"name\":\"Partido Popular de Galicia\",\"alternateName\":\"PP de Galicia\",\"url\":\"https:\\\/\\\/ppdegalicia.com\\\/es\\\/\",\"logo\":{\"@type\":\"ImageObject\",\"inLanguage\":\"es\",\"@id\":\"https:\\\/\\\/ppdegalicia.com\\\/es\\\/#\\\/schema\\\/logo\\\/image\\\/\",\"url\":\"https:\\\/\\\/ppdegalicia.com\\\/wp-content\\\/uploads\\\/2023\\\/04\\\/logoPP512.png\",\"contentUrl\":\"https:\\\/\\\/ppdegalicia.com\\\/wp-content\\\/uploads\\\/2023\\\/04\\\/logoPP512.png\",\"width\":512,\"height\":512,\"caption\":\"Partido Popular de Galicia\"},\"image\":{\"@id\":\"https:\\\/\\\/ppdegalicia.com\\\/es\\\/#\\\/schema\\\/logo\\\/image\\\/\"},\"sameAs\":[\"https:\\\/\\\/www.instagram.com\\\/ppdegalicia\\\/\",\"https:\\\/\\\/x.com\\\/ppdegalicia\",\"https:\\\/\\\/www.tiktok.com\\\/@ppdegalicia\",\"https:\\\/\\\/www.youtube.com\\\/user\\\/ppdegalicia\"]},{\"@type\":\"Person\",\"@id\":\"https:\\\/\\\/ppdegalicia.com\\\/es\\\/#\\\/schema\\\/person\\\/5b822c6f59e872ebdd1142f307dbcb59\",\"name\":\"ppdegaliciaredes\",\"image\":{\"@type\":\"ImageObject\",\"inLanguage\":\"es\",\"@id\":\"https:\\\/\\\/secure.gravatar.com\\\/avatar\\\/3c9179cf0256d00c72a48d1f25783c58b6842cd56e85ef3a572881c8e28ccd59?s=96&d=mm&r=g\",\"url\":\"https:\\\/\\\/secure.gravatar.com\\\/avatar\\\/3c9179cf0256d00c72a48d1f25783c58b6842cd56e85ef3a572881c8e28ccd59?s=96&d=mm&r=g\",\"contentUrl\":\"https:\\\/\\\/secure.gravatar.com\\\/avatar\\\/3c9179cf0256d00c72a48d1f25783c58b6842cd56e85ef3a572881c8e28ccd59?s=96&d=mm&r=g\",\"caption\":\"ppdegaliciaredes\"},\"url\":\"https:\\\/\\\/ppdegalicia.com\\\/es\\\/author\\\/ppdegaliciaredes\\\/\"}]}<\/script>\n<!-- \/ Yoast SEO plugin. -->","yoast_head_json":{"title":"O Grupo Popular salienta que a Estratexia galega no aeroespazo, a seguridade e a defensa da Xunta mobilizar\u00e1 ata 2030 arredor de 900 mill\u00f3ns de euros - PP de Galicia","description":"O portavoz de Industria do Grupo Popular, Rub\u00e9n Lorenzo, afirmou hoxe no Pleno do Parlamento galego que a Estratexia galega no aeroespazo, a seguridade e a defensa aprobada pola Xunta \u201cmobilizar\u00e1 ata o ano 2030 arredor de 900 mill\u00f3ns de euros e permitir\u00e1 a creaci\u00f3n ou transformaci\u00f3n substancial dun cento de empresas en Galicia\u201d.","robots":{"index":"index","follow":"follow","max-snippet":"max-snippet:-1","max-image-preview":"max-image-preview:large","max-video-preview":"max-video-preview:-1"},"canonical":"https:\/\/ppdegalicia.com\/es\/o-grupo-popular-salienta-que-a-estratexia-galega-no-aeroespazo-a-seguridade-e-a-defensa-da-xunta-mobilizara-ata-2030-arredor-de-900-millons-de-euros\/","og_locale":"es_ES","og_type":"article","og_title":"O Grupo Popular salienta que a Estratexia galega no aeroespazo, a seguridade e a defensa da Xunta mobilizar\u00e1 ata 2030 arredor de 900 mill\u00f3ns de euros - PP de Galicia","og_description":"O portavoz de Industria do Grupo Popular, Rub\u00e9n Lorenzo, afirmou hoxe no Pleno do Parlamento galego que a Estratexia galega no aeroespazo, a seguridade e a defensa aprobada pola Xunta \u201cmobilizar\u00e1 ata o ano 2030 arredor de 900 mill\u00f3ns de euros e permitir\u00e1 a creaci\u00f3n ou transformaci\u00f3n substancial dun cento de empresas en Galicia\u201d.","og_url":"https:\/\/ppdegalicia.com\/es\/o-grupo-popular-salienta-que-a-estratexia-galega-no-aeroespazo-a-seguridade-e-a-defensa-da-xunta-mobilizara-ata-2030-arredor-de-900-millons-de-euros\/","og_site_name":"PP de Galicia","article_publisher":"https:\/\/www.instagram.com\/ppdegalicia\/","article_published_time":"2025-06-10T16:22:01+00:00","og_image":[{"width":2560,"height":1707,"url":"https:\/\/ppdegalicia.com\/wp-content\/uploads\/2025\/06\/20250408_Pleno_Ordinario75-scaled.jpg","type":"image\/jpeg"}],"author":"ppdegaliciaredes","twitter_card":"summary_large_image","twitter_creator":"@ppdegalicia","twitter_site":"@ppdegalicia","twitter_misc":{"Escrito por":"ppdegaliciaredes","Tiempo de lectura":"3 minutos"},"schema":{"@context":"https:\/\/schema.org","@graph":[{"@type":"Article","@id":"https:\/\/ppdegalicia.com\/es\/o-grupo-popular-salienta-que-a-estratexia-galega-no-aeroespazo-a-seguridade-e-a-defensa-da-xunta-mobilizara-ata-2030-arredor-de-900-millons-de-euros\/#article","isPartOf":{"@id":"https:\/\/ppdegalicia.com\/es\/o-grupo-popular-salienta-que-a-estratexia-galega-no-aeroespazo-a-seguridade-e-a-defensa-da-xunta-mobilizara-ata-2030-arredor-de-900-millons-de-euros\/"},"author":{"name":"ppdegaliciaredes","@id":"https:\/\/ppdegalicia.com\/es\/#\/schema\/person\/5b822c6f59e872ebdd1142f307dbcb59"},"headline":"O Grupo Popular salienta que a Estratexia galega no aeroespazo, a seguridade e a defensa da Xunta mobilizar\u00e1 ata 2030 arredor de 900 mill\u00f3ns de euros","datePublished":"2025-06-10T16:22:01+00:00","mainEntityOfPage":{"@id":"https:\/\/ppdegalicia.com\/es\/o-grupo-popular-salienta-que-a-estratexia-galega-no-aeroespazo-a-seguridade-e-a-defensa-da-xunta-mobilizara-ata-2030-arredor-de-900-millons-de-euros\/"},"wordCount":410,"publisher":{"@id":"https:\/\/ppdegalicia.com\/es\/#organization"},"image":{"@id":"https:\/\/ppdegalicia.com\/es\/o-grupo-popular-salienta-que-a-estratexia-galega-no-aeroespazo-a-seguridade-e-a-defensa-da-xunta-mobilizara-ata-2030-arredor-de-900-millons-de-euros\/#primaryimage"},"thumbnailUrl":"https:\/\/ppdegalicia.com\/wp-content\/uploads\/2025\/06\/20250408_Pleno_Ordinario75-scaled.jpg","articleSection":["Parlamento de Galicia"],"inLanguage":"es"},{"@type":"WebPage","@id":"https:\/\/ppdegalicia.com\/es\/o-grupo-popular-salienta-que-a-estratexia-galega-no-aeroespazo-a-seguridade-e-a-defensa-da-xunta-mobilizara-ata-2030-arredor-de-900-millons-de-euros\/","url":"https:\/\/ppdegalicia.com\/es\/o-grupo-popular-salienta-que-a-estratexia-galega-no-aeroespazo-a-seguridade-e-a-defensa-da-xunta-mobilizara-ata-2030-arredor-de-900-millons-de-euros\/","name":"O Grupo Popular salienta que a Estratexia galega no aeroespazo, a seguridade e a defensa da Xunta mobilizar\u00e1 ata 2030 arredor de 900 mill\u00f3ns de euros - PP de Galicia","isPartOf":{"@id":"https:\/\/ppdegalicia.com\/es\/#website"},"primaryImageOfPage":{"@id":"https:\/\/ppdegalicia.com\/es\/o-grupo-popular-salienta-que-a-estratexia-galega-no-aeroespazo-a-seguridade-e-a-defensa-da-xunta-mobilizara-ata-2030-arredor-de-900-millons-de-euros\/#primaryimage"},"image":{"@id":"https:\/\/ppdegalicia.com\/es\/o-grupo-popular-salienta-que-a-estratexia-galega-no-aeroespazo-a-seguridade-e-a-defensa-da-xunta-mobilizara-ata-2030-arredor-de-900-millons-de-euros\/#primaryimage"},"thumbnailUrl":"https:\/\/ppdegalicia.com\/wp-content\/uploads\/2025\/06\/20250408_Pleno_Ordinario75-scaled.jpg","datePublished":"2025-06-10T16:22:01+00:00","description":"O portavoz de Industria do Grupo Popular, Rub\u00e9n Lorenzo, afirmou hoxe no Pleno do Parlamento galego que a Estratexia galega no aeroespazo, a seguridade e a defensa aprobada pola Xunta \u201cmobilizar\u00e1 ata o ano 2030 arredor de 900 mill\u00f3ns de euros e permitir\u00e1 a creaci\u00f3n ou transformaci\u00f3n substancial dun cento de empresas en Galicia\u201d.","breadcrumb":{"@id":"https:\/\/ppdegalicia.com\/es\/o-grupo-popular-salienta-que-a-estratexia-galega-no-aeroespazo-a-seguridade-e-a-defensa-da-xunta-mobilizara-ata-2030-arredor-de-900-millons-de-euros\/#breadcrumb"},"inLanguage":"es","potentialAction":[{"@type":"ReadAction","target":["https:\/\/ppdegalicia.com\/es\/o-grupo-popular-salienta-que-a-estratexia-galega-no-aeroespazo-a-seguridade-e-a-defensa-da-xunta-mobilizara-ata-2030-arredor-de-900-millons-de-euros\/"]}]},{"@type":"ImageObject","inLanguage":"es","@id":"https:\/\/ppdegalicia.com\/es\/o-grupo-popular-salienta-que-a-estratexia-galega-no-aeroespazo-a-seguridade-e-a-defensa-da-xunta-mobilizara-ata-2030-arredor-de-900-millons-de-euros\/#primaryimage","url":"https:\/\/ppdegalicia.com\/wp-content\/uploads\/2025\/06\/20250408_Pleno_Ordinario75-scaled.jpg","contentUrl":"https:\/\/ppdegalicia.com\/wp-content\/uploads\/2025\/06\/20250408_Pleno_Ordinario75-scaled.jpg","width":2560,"height":1707},{"@type":"BreadcrumbList","@id":"https:\/\/ppdegalicia.com\/es\/o-grupo-popular-salienta-que-a-estratexia-galega-no-aeroespazo-a-seguridade-e-a-defensa-da-xunta-mobilizara-ata-2030-arredor-de-900-millons-de-euros\/#breadcrumb","itemListElement":[{"@type":"ListItem","position":1,"name":"Portada","item":"https:\/\/ppdegalicia.com\/es\/"},{"@type":"ListItem","position":2,"name":"O Grupo Popular salienta que a Estratexia galega no aeroespazo, a seguridade e a defensa da Xunta mobilizar\u00e1 ata 2030 arredor de 900 mill\u00f3ns de euros"}]},{"@type":"WebSite","@id":"https:\/\/ppdegalicia.com\/es\/#website","url":"https:\/\/ppdegalicia.com\/es\/","name":"Partido Popular de Galicia","description":"Partido Popular de Galicia","publisher":{"@id":"https:\/\/ppdegalicia.com\/es\/#organization"},"alternateName":"PP de Galicia","potentialAction":[{"@type":"SearchAction","target":{"@type":"EntryPoint","urlTemplate":"https:\/\/ppdegalicia.com\/es\/?s={search_term_string}"},"query-input":{"@type":"PropertyValueSpecification","valueRequired":true,"valueName":"search_term_string"}}],"inLanguage":"es"},{"@type":"Organization","@id":"https:\/\/ppdegalicia.com\/es\/#organization","name":"Partido Popular de Galicia","alternateName":"PP de Galicia","url":"https:\/\/ppdegalicia.com\/es\/","logo":{"@type":"ImageObject","inLanguage":"es","@id":"https:\/\/ppdegalicia.com\/es\/#\/schema\/logo\/image\/","url":"https:\/\/ppdegalicia.com\/wp-content\/uploads\/2023\/04\/logoPP512.png","contentUrl":"https:\/\/ppdegalicia.com\/wp-content\/uploads\/2023\/04\/logoPP512.png","width":512,"height":512,"caption":"Partido Popular de Galicia"},"image":{"@id":"https:\/\/ppdegalicia.com\/es\/#\/schema\/logo\/image\/"},"sameAs":["https:\/\/www.instagram.com\/ppdegalicia\/","https:\/\/x.com\/ppdegalicia","https:\/\/www.tiktok.com\/@ppdegalicia","https:\/\/www.youtube.com\/user\/ppdegalicia"]},{"@type":"Person","@id":"https:\/\/ppdegalicia.com\/es\/#\/schema\/person\/5b822c6f59e872ebdd1142f307dbcb59","name":"ppdegaliciaredes","image":{"@type":"ImageObject","inLanguage":"es","@id":"https:\/\/secure.gravatar.com\/avatar\/3c9179cf0256d00c72a48d1f25783c58b6842cd56e85ef3a572881c8e28ccd59?s=96&d=mm&r=g","url":"https:\/\/secure.gravatar.com\/avatar\/3c9179cf0256d00c72a48d1f25783c58b6842cd56e85ef3a572881c8e28ccd59?s=96&d=mm&r=g","contentUrl":"https:\/\/secure.gravatar.com\/avatar\/3c9179cf0256d00c72a48d1f25783c58b6842cd56e85ef3a572881c8e28ccd59?s=96&d=mm&r=g","caption":"ppdegaliciaredes"},"url":"https:\/\/ppdegalicia.com\/es\/author\/ppdegaliciaredes\/"}]}},"_links":{"self":[{"href":"https:\/\/ppdegalicia.com\/es\/wp-json\/wp\/v2\/posts\/67359","targetHints":{"allow":["GET"]}}],"collection":[{"href":"https:\/\/ppdegalicia.com\/es\/wp-json\/wp\/v2\/posts"}],"about":[{"href":"https:\/\/ppdegalicia.com\/es\/wp-json\/wp\/v2\/types\/post"}],"author":[{"embeddable":true,"href":"https:\/\/ppdegalicia.com\/es\/wp-json\/wp\/v2\/users\/38"}],"replies":[{"embeddable":true,"href":"https:\/\/ppdegalicia.com\/es\/wp-json\/wp\/v2\/comments?post=67359"}],"version-history":[{"count":1,"href":"https:\/\/ppdegalicia.com\/es\/wp-json\/wp\/v2\/posts\/67359\/revisions"}],"predecessor-version":[{"id":67362,"href":"https:\/\/ppdegalicia.com\/es\/wp-json\/wp\/v2\/posts\/67359\/revisions\/67362"}],"wp:featuredmedia":[{"embeddable":true,"href":"https:\/\/ppdegalicia.com\/es\/wp-json\/wp\/v2\/media\/67360"}],"wp:attachment":[{"href":"https:\/\/ppdegalicia.com\/es\/wp-json\/wp\/v2\/media?parent=67359"}],"wp:term":[{"taxonomy":"category","embeddable":true,"href":"https:\/\/ppdegalicia.com\/es\/wp-json\/wp\/v2\/categories?post=67359"},{"taxonomy":"post_tag","embeddable":true,"href":"https:\/\/ppdegalicia.com\/es\/wp-json\/wp\/v2\/tags?post=67359"}],"curies":[{"name":"wp","href":"https:\/\/api.w.org\/{rel}","templated":true}]}}