{"id":67367,"date":"2025-06-10T19:43:45","date_gmt":"2025-06-10T18:43:45","guid":{"rendered":"https:\/\/ppdegalicia.com\/?p=67367"},"modified":"2025-06-10T19:43:45","modified_gmt":"2025-06-10T18:43:45","slug":"o-grupo-popular-cualifica-de-burla-e-tomadura-de-pelo-que-o-bng-defenda-hoxe-no-pleno-do-parlamento-o-sector-mineiro-de-galicia","status":"publish","type":"post","link":"https:\/\/ppdegalicia.com\/es\/o-grupo-popular-cualifica-de-burla-e-tomadura-de-pelo-que-o-bng-defenda-hoxe-no-pleno-do-parlamento-o-sector-mineiro-de-galicia\/","title":{"rendered":"O Grupo Popular cualifica de \u201cburla e tomadura de pelo\u201d que o BNG defenda hoxe no Pleno do Parlamento o sector mineiro de Galicia"},"content":{"rendered":"<p>O portavoz de Industria do Grupo Popular, Rub\u00e9n Lorenzo, cualificou de \u201cburla e tomadura de pelo que o BNG ve\u00f1a hoxe a defender no Pleno do Parlamento de Galicia o desenvolvemento do sector industrial e mineiro de Galicia, cando son vostedes e as s\u00faas organizaci\u00f3ns sat\u00e9lites os m\u00e1ximos opositores a todos e cada un dos proxectos presentes, pasados e futuros neste sector no noso territorio\u201d.<\/p>\n<p>\u201cVe\u00f1en hoxe aqu\u00ed nun exercicio de postureo impropio dun grupo que pide respecto a este Parlamento\u201d, criticou Rub\u00e9n Lorenzo, quen demandou ao BNG que \u201cfale claro aos galegos e galegas e d\u00edgalles que non queren absolutamente ning\u00fan proxecto mineiro en Galicia\u201d.<\/p>\n<p>En concreto, o portavoz popular lembrou que \u201cest\u00e1n en contra dos proxectos mineiros de Touro, de San Fins, de Corcoesto, de Doade ou de Penouta, entre outros moitos\u201d, pero apuntou que \u201cafortunadamente temos en Galicia un sector mineiro dunha longa tradici\u00f3n, e que \u00e9 estrat\u00e9xico, xa que proporciona materias primas a moitos dos sectores considerados fundamentais para a econom\u00eda galega, ademais de crear case 4.000 postos de traballo directos e mellorar a produci\u00f3n ano a ano\u201d.<\/p>\n<p><strong>MEDIOAMBIENTALISMO RADICAL OU APROVEITAMENTO SOSTIBLE<\/strong><\/p>\n<p>\u201cEstamos ante un debate que debe ir m\u00e1is al\u00e1 da planificaci\u00f3n ou dun censo mineiro, porque estamos ante un debate entre o medioambientalismo radical, que busca o inmobilismo, ou a aposta dun goberno responsable por un aproveitamento dos recursos dun xeito sostible respectuoso cos territorios que obrigue aos promotores a deixar un retorno para quen vivimos neles\u201d, manifestou.<\/p>\n<p>Rub\u00e9n Lorenzo asegurou que \u201cno Partido Popular cremos firmemente que temos unha oportunidade de aproveitar os avances tecnol\u00f3xicos e esixir aos promotores o uso destas tecnolox\u00edas limpas acompa\u00f1adas de plans de restauraci\u00f3n ambiciosos\u201d, polo que avogou por \u201catopar un equilibrio entre a oportunidade e a precauci\u00f3n, para o que temos un marco normativo m\u00e1is estrito que o que aplica o Goberno central, que debe velar por ese desenvolvemento sostible que todos desexamos\u201d.<\/p>\n","protected":false},"excerpt":{"rendered":"<p>O portavoz de Industria do Grupo Popular, Rub\u00e9n Lorenzo, cualificou de \u201cburla e tomadura de pelo que o BNG ve\u00f1a hoxe a defender no Pleno do Parlamento de Galicia o desenvolvemento do sector industrial e mineiro de Galicia, cando son vostedes e as s\u00faas organizaci\u00f3ns sat\u00e9lites os m\u00e1ximos opositores a todos e cada un dos [&hellip;]<\/p>\n","protected":false},"author":38,"featured_media":67368,"comment_status":"closed","ping_status":"open","sticky":false,"template":"","format":"standard","meta":{"_acf_changed":false,"footnotes":""},"categories":[1128],"tags":[],"class_list":["post-67367","post","type-post","status-publish","format-standard","has-post-thumbnail","hentry","category-actualidad-parlamento-de-galicia"],"acf":[],"yoast_head":"<!-- This site is optimized with the Yoast SEO plugin v27.3 - https:\/\/yoast.com\/product\/yoast-seo-wordpress\/ -->\n<title>O Grupo Popular cualifica de \u201cburla e tomadura de pelo\u201d que o BNG defenda hoxe no Pleno do Parlamento o sector mineiro de Galicia - PP de Galicia<\/title>\n<meta name=\"description\" content=\"O portavoz de Industria do Grupo Popular, Rub\u00e9n Lorenzo, cualificou de \u201cburla e tomadura de pelo que o BNG ve\u00f1a hoxe a defender no Pleno do Parlamento de Galicia o desenvolvemento do sector industrial e mineiro de Galicia, cando son vostedes e as s\u00faas organizaci\u00f3ns sat\u00e9lites os m\u00e1ximos opositores a todos e cada un dos proxectos presentes, pasados e futuros neste sector no noso territorio\u201d.\" \/>\n<meta name=\"robots\" content=\"index, follow, max-snippet:-1, max-image-preview:large, max-video-preview:-1\" \/>\n<link rel=\"canonical\" href=\"https:\/\/ppdegalicia.com\/es\/o-grupo-popular-cualifica-de-burla-e-tomadura-de-pelo-que-o-bng-defenda-hoxe-no-pleno-do-parlamento-o-sector-mineiro-de-galicia\/\" \/>\n<meta property=\"og:locale\" content=\"es_ES\" \/>\n<meta property=\"og:type\" content=\"article\" \/>\n<meta property=\"og:title\" content=\"O Grupo Popular cualifica de \u201cburla e tomadura de pelo\u201d que o BNG defenda hoxe no Pleno do Parlamento o sector mineiro de Galicia - PP de Galicia\" \/>\n<meta property=\"og:description\" content=\"O portavoz de Industria do Grupo Popular, Rub\u00e9n Lorenzo, cualificou de \u201cburla e tomadura de pelo que o BNG ve\u00f1a hoxe a defender no Pleno do Parlamento de Galicia o desenvolvemento do sector industrial e mineiro de Galicia, cando son vostedes e as s\u00faas organizaci\u00f3ns sat\u00e9lites os m\u00e1ximos opositores a todos e cada un dos proxectos presentes, pasados e futuros neste sector no noso territorio\u201d.\" \/>\n<meta property=\"og:url\" content=\"https:\/\/ppdegalicia.com\/es\/o-grupo-popular-cualifica-de-burla-e-tomadura-de-pelo-que-o-bng-defenda-hoxe-no-pleno-do-parlamento-o-sector-mineiro-de-galicia\/\" \/>\n<meta property=\"og:site_name\" content=\"PP de Galicia\" \/>\n<meta property=\"article:publisher\" content=\"https:\/\/www.instagram.com\/ppdegalicia\/\" \/>\n<meta property=\"article:published_time\" content=\"2025-06-10T18:43:45+00:00\" \/>\n<meta property=\"og:image\" content=\"https:\/\/ppdegalicia.com\/wp-content\/uploads\/2025\/06\/20250408_Pleno_Ordinario65-scaled.jpg\" \/>\n\t<meta property=\"og:image:width\" content=\"2560\" \/>\n\t<meta property=\"og:image:height\" content=\"1707\" \/>\n\t<meta property=\"og:image:type\" content=\"image\/jpeg\" \/>\n<meta name=\"author\" content=\"ppdegaliciaredes\" \/>\n<meta name=\"twitter:card\" content=\"summary_large_image\" \/>\n<meta name=\"twitter:creator\" content=\"@ppdegalicia\" \/>\n<meta name=\"twitter:site\" content=\"@ppdegalicia\" \/>\n<meta name=\"twitter:label1\" content=\"Escrito por\" \/>\n\t<meta name=\"twitter:data1\" content=\"ppdegaliciaredes\" \/>\n\t<meta name=\"twitter:label2\" content=\"Tiempo de lectura\" \/>\n\t<meta name=\"twitter:data2\" content=\"2 minutos\" \/>\n<script type=\"application\/ld+json\" class=\"yoast-schema-graph\">{\"@context\":\"https:\\\/\\\/schema.org\",\"@graph\":[{\"@type\":\"Article\",\"@id\":\"https:\\\/\\\/ppdegalicia.com\\\/es\\\/o-grupo-popular-cualifica-de-burla-e-tomadura-de-pelo-que-o-bng-defenda-hoxe-no-pleno-do-parlamento-o-sector-mineiro-de-galicia\\\/#article\",\"isPartOf\":{\"@id\":\"https:\\\/\\\/ppdegalicia.com\\\/es\\\/o-grupo-popular-cualifica-de-burla-e-tomadura-de-pelo-que-o-bng-defenda-hoxe-no-pleno-do-parlamento-o-sector-mineiro-de-galicia\\\/\"},\"author\":{\"name\":\"ppdegaliciaredes\",\"@id\":\"https:\\\/\\\/ppdegalicia.com\\\/es\\\/#\\\/schema\\\/person\\\/5b822c6f59e872ebdd1142f307dbcb59\"},\"headline\":\"O Grupo Popular cualifica de \u201cburla e tomadura de pelo\u201d que o BNG defenda hoxe no Pleno do Parlamento o sector mineiro de Galicia\",\"datePublished\":\"2025-06-10T18:43:45+00:00\",\"mainEntityOfPage\":{\"@id\":\"https:\\\/\\\/ppdegalicia.com\\\/es\\\/o-grupo-popular-cualifica-de-burla-e-tomadura-de-pelo-que-o-bng-defenda-hoxe-no-pleno-do-parlamento-o-sector-mineiro-de-galicia\\\/\"},\"wordCount\":363,\"publisher\":{\"@id\":\"https:\\\/\\\/ppdegalicia.com\\\/es\\\/#organization\"},\"image\":{\"@id\":\"https:\\\/\\\/ppdegalicia.com\\\/es\\\/o-grupo-popular-cualifica-de-burla-e-tomadura-de-pelo-que-o-bng-defenda-hoxe-no-pleno-do-parlamento-o-sector-mineiro-de-galicia\\\/#primaryimage\"},\"thumbnailUrl\":\"https:\\\/\\\/ppdegalicia.com\\\/wp-content\\\/uploads\\\/2025\\\/06\\\/20250408_Pleno_Ordinario65-scaled.jpg\",\"articleSection\":[\"Parlamento de Galicia\"],\"inLanguage\":\"es\"},{\"@type\":\"WebPage\",\"@id\":\"https:\\\/\\\/ppdegalicia.com\\\/es\\\/o-grupo-popular-cualifica-de-burla-e-tomadura-de-pelo-que-o-bng-defenda-hoxe-no-pleno-do-parlamento-o-sector-mineiro-de-galicia\\\/\",\"url\":\"https:\\\/\\\/ppdegalicia.com\\\/es\\\/o-grupo-popular-cualifica-de-burla-e-tomadura-de-pelo-que-o-bng-defenda-hoxe-no-pleno-do-parlamento-o-sector-mineiro-de-galicia\\\/\",\"name\":\"O Grupo Popular cualifica de \u201cburla e tomadura de pelo\u201d que o BNG defenda hoxe no Pleno do Parlamento o sector mineiro de Galicia - PP de Galicia\",\"isPartOf\":{\"@id\":\"https:\\\/\\\/ppdegalicia.com\\\/es\\\/#website\"},\"primaryImageOfPage\":{\"@id\":\"https:\\\/\\\/ppdegalicia.com\\\/es\\\/o-grupo-popular-cualifica-de-burla-e-tomadura-de-pelo-que-o-bng-defenda-hoxe-no-pleno-do-parlamento-o-sector-mineiro-de-galicia\\\/#primaryimage\"},\"image\":{\"@id\":\"https:\\\/\\\/ppdegalicia.com\\\/es\\\/o-grupo-popular-cualifica-de-burla-e-tomadura-de-pelo-que-o-bng-defenda-hoxe-no-pleno-do-parlamento-o-sector-mineiro-de-galicia\\\/#primaryimage\"},\"thumbnailUrl\":\"https:\\\/\\\/ppdegalicia.com\\\/wp-content\\\/uploads\\\/2025\\\/06\\\/20250408_Pleno_Ordinario65-scaled.jpg\",\"datePublished\":\"2025-06-10T18:43:45+00:00\",\"description\":\"O portavoz de Industria do Grupo Popular, Rub\u00e9n Lorenzo, cualificou de \u201cburla e tomadura de pelo que o BNG ve\u00f1a hoxe a defender no Pleno do Parlamento de Galicia o desenvolvemento do sector industrial e mineiro de Galicia, cando son vostedes e as s\u00faas organizaci\u00f3ns sat\u00e9lites os m\u00e1ximos opositores a todos e cada un dos proxectos presentes, pasados e futuros neste sector no noso territorio\u201d.\",\"breadcrumb\":{\"@id\":\"https:\\\/\\\/ppdegalicia.com\\\/es\\\/o-grupo-popular-cualifica-de-burla-e-tomadura-de-pelo-que-o-bng-defenda-hoxe-no-pleno-do-parlamento-o-sector-mineiro-de-galicia\\\/#breadcrumb\"},\"inLanguage\":\"es\",\"potentialAction\":[{\"@type\":\"ReadAction\",\"target\":[\"https:\\\/\\\/ppdegalicia.com\\\/es\\\/o-grupo-popular-cualifica-de-burla-e-tomadura-de-pelo-que-o-bng-defenda-hoxe-no-pleno-do-parlamento-o-sector-mineiro-de-galicia\\\/\"]}]},{\"@type\":\"ImageObject\",\"inLanguage\":\"es\",\"@id\":\"https:\\\/\\\/ppdegalicia.com\\\/es\\\/o-grupo-popular-cualifica-de-burla-e-tomadura-de-pelo-que-o-bng-defenda-hoxe-no-pleno-do-parlamento-o-sector-mineiro-de-galicia\\\/#primaryimage\",\"url\":\"https:\\\/\\\/ppdegalicia.com\\\/wp-content\\\/uploads\\\/2025\\\/06\\\/20250408_Pleno_Ordinario65-scaled.jpg\",\"contentUrl\":\"https:\\\/\\\/ppdegalicia.com\\\/wp-content\\\/uploads\\\/2025\\\/06\\\/20250408_Pleno_Ordinario65-scaled.jpg\",\"width\":2560,\"height\":1707},{\"@type\":\"BreadcrumbList\",\"@id\":\"https:\\\/\\\/ppdegalicia.com\\\/es\\\/o-grupo-popular-cualifica-de-burla-e-tomadura-de-pelo-que-o-bng-defenda-hoxe-no-pleno-do-parlamento-o-sector-mineiro-de-galicia\\\/#breadcrumb\",\"itemListElement\":[{\"@type\":\"ListItem\",\"position\":1,\"name\":\"Portada\",\"item\":\"https:\\\/\\\/ppdegalicia.com\\\/es\\\/\"},{\"@type\":\"ListItem\",\"position\":2,\"name\":\"O Grupo Popular cualifica de \u201cburla e tomadura de pelo\u201d que o BNG defenda hoxe no Pleno do Parlamento o sector mineiro de Galicia\"}]},{\"@type\":\"WebSite\",\"@id\":\"https:\\\/\\\/ppdegalicia.com\\\/es\\\/#website\",\"url\":\"https:\\\/\\\/ppdegalicia.com\\\/es\\\/\",\"name\":\"Partido Popular de Galicia\",\"description\":\"Partido Popular de Galicia\",\"publisher\":{\"@id\":\"https:\\\/\\\/ppdegalicia.com\\\/es\\\/#organization\"},\"alternateName\":\"PP de Galicia\",\"potentialAction\":[{\"@type\":\"SearchAction\",\"target\":{\"@type\":\"EntryPoint\",\"urlTemplate\":\"https:\\\/\\\/ppdegalicia.com\\\/es\\\/?s={search_term_string}\"},\"query-input\":{\"@type\":\"PropertyValueSpecification\",\"valueRequired\":true,\"valueName\":\"search_term_string\"}}],\"inLanguage\":\"es\"},{\"@type\":\"Organization\",\"@id\":\"https:\\\/\\\/ppdegalicia.com\\\/es\\\/#organization\",\"name\":\"Partido Popular de Galicia\",\"alternateName\":\"PP de Galicia\",\"url\":\"https:\\\/\\\/ppdegalicia.com\\\/es\\\/\",\"logo\":{\"@type\":\"ImageObject\",\"inLanguage\":\"es\",\"@id\":\"https:\\\/\\\/ppdegalicia.com\\\/es\\\/#\\\/schema\\\/logo\\\/image\\\/\",\"url\":\"https:\\\/\\\/ppdegalicia.com\\\/wp-content\\\/uploads\\\/2023\\\/04\\\/logoPP512.png\",\"contentUrl\":\"https:\\\/\\\/ppdegalicia.com\\\/wp-content\\\/uploads\\\/2023\\\/04\\\/logoPP512.png\",\"width\":512,\"height\":512,\"caption\":\"Partido Popular de Galicia\"},\"image\":{\"@id\":\"https:\\\/\\\/ppdegalicia.com\\\/es\\\/#\\\/schema\\\/logo\\\/image\\\/\"},\"sameAs\":[\"https:\\\/\\\/www.instagram.com\\\/ppdegalicia\\\/\",\"https:\\\/\\\/x.com\\\/ppdegalicia\",\"https:\\\/\\\/www.tiktok.com\\\/@ppdegalicia\",\"https:\\\/\\\/www.youtube.com\\\/user\\\/ppdegalicia\"]},{\"@type\":\"Person\",\"@id\":\"https:\\\/\\\/ppdegalicia.com\\\/es\\\/#\\\/schema\\\/person\\\/5b822c6f59e872ebdd1142f307dbcb59\",\"name\":\"ppdegaliciaredes\",\"image\":{\"@type\":\"ImageObject\",\"inLanguage\":\"es\",\"@id\":\"https:\\\/\\\/secure.gravatar.com\\\/avatar\\\/3c9179cf0256d00c72a48d1f25783c58b6842cd56e85ef3a572881c8e28ccd59?s=96&d=mm&r=g\",\"url\":\"https:\\\/\\\/secure.gravatar.com\\\/avatar\\\/3c9179cf0256d00c72a48d1f25783c58b6842cd56e85ef3a572881c8e28ccd59?s=96&d=mm&r=g\",\"contentUrl\":\"https:\\\/\\\/secure.gravatar.com\\\/avatar\\\/3c9179cf0256d00c72a48d1f25783c58b6842cd56e85ef3a572881c8e28ccd59?s=96&d=mm&r=g\",\"caption\":\"ppdegaliciaredes\"},\"url\":\"https:\\\/\\\/ppdegalicia.com\\\/es\\\/author\\\/ppdegaliciaredes\\\/\"}]}<\/script>\n<!-- \/ Yoast SEO plugin. -->","yoast_head_json":{"title":"O Grupo Popular cualifica de \u201cburla e tomadura de pelo\u201d que o BNG defenda hoxe no Pleno do Parlamento o sector mineiro de Galicia - PP de Galicia","description":"O portavoz de Industria do Grupo Popular, Rub\u00e9n Lorenzo, cualificou de \u201cburla e tomadura de pelo que o BNG ve\u00f1a hoxe a defender no Pleno do Parlamento de Galicia o desenvolvemento do sector industrial e mineiro de Galicia, cando son vostedes e as s\u00faas organizaci\u00f3ns sat\u00e9lites os m\u00e1ximos opositores a todos e cada un dos proxectos presentes, pasados e futuros neste sector no noso territorio\u201d.","robots":{"index":"index","follow":"follow","max-snippet":"max-snippet:-1","max-image-preview":"max-image-preview:large","max-video-preview":"max-video-preview:-1"},"canonical":"https:\/\/ppdegalicia.com\/es\/o-grupo-popular-cualifica-de-burla-e-tomadura-de-pelo-que-o-bng-defenda-hoxe-no-pleno-do-parlamento-o-sector-mineiro-de-galicia\/","og_locale":"es_ES","og_type":"article","og_title":"O Grupo Popular cualifica de \u201cburla e tomadura de pelo\u201d que o BNG defenda hoxe no Pleno do Parlamento o sector mineiro de Galicia - PP de Galicia","og_description":"O portavoz de Industria do Grupo Popular, Rub\u00e9n Lorenzo, cualificou de \u201cburla e tomadura de pelo que o BNG ve\u00f1a hoxe a defender no Pleno do Parlamento de Galicia o desenvolvemento do sector industrial e mineiro de Galicia, cando son vostedes e as s\u00faas organizaci\u00f3ns sat\u00e9lites os m\u00e1ximos opositores a todos e cada un dos proxectos presentes, pasados e futuros neste sector no noso territorio\u201d.","og_url":"https:\/\/ppdegalicia.com\/es\/o-grupo-popular-cualifica-de-burla-e-tomadura-de-pelo-que-o-bng-defenda-hoxe-no-pleno-do-parlamento-o-sector-mineiro-de-galicia\/","og_site_name":"PP de Galicia","article_publisher":"https:\/\/www.instagram.com\/ppdegalicia\/","article_published_time":"2025-06-10T18:43:45+00:00","og_image":[{"width":2560,"height":1707,"url":"https:\/\/ppdegalicia.com\/wp-content\/uploads\/2025\/06\/20250408_Pleno_Ordinario65-scaled.jpg","type":"image\/jpeg"}],"author":"ppdegaliciaredes","twitter_card":"summary_large_image","twitter_creator":"@ppdegalicia","twitter_site":"@ppdegalicia","twitter_misc":{"Escrito por":"ppdegaliciaredes","Tiempo de lectura":"2 minutos"},"schema":{"@context":"https:\/\/schema.org","@graph":[{"@type":"Article","@id":"https:\/\/ppdegalicia.com\/es\/o-grupo-popular-cualifica-de-burla-e-tomadura-de-pelo-que-o-bng-defenda-hoxe-no-pleno-do-parlamento-o-sector-mineiro-de-galicia\/#article","isPartOf":{"@id":"https:\/\/ppdegalicia.com\/es\/o-grupo-popular-cualifica-de-burla-e-tomadura-de-pelo-que-o-bng-defenda-hoxe-no-pleno-do-parlamento-o-sector-mineiro-de-galicia\/"},"author":{"name":"ppdegaliciaredes","@id":"https:\/\/ppdegalicia.com\/es\/#\/schema\/person\/5b822c6f59e872ebdd1142f307dbcb59"},"headline":"O Grupo Popular cualifica de \u201cburla e tomadura de pelo\u201d que o BNG defenda hoxe no Pleno do Parlamento o sector mineiro de Galicia","datePublished":"2025-06-10T18:43:45+00:00","mainEntityOfPage":{"@id":"https:\/\/ppdegalicia.com\/es\/o-grupo-popular-cualifica-de-burla-e-tomadura-de-pelo-que-o-bng-defenda-hoxe-no-pleno-do-parlamento-o-sector-mineiro-de-galicia\/"},"wordCount":363,"publisher":{"@id":"https:\/\/ppdegalicia.com\/es\/#organization"},"image":{"@id":"https:\/\/ppdegalicia.com\/es\/o-grupo-popular-cualifica-de-burla-e-tomadura-de-pelo-que-o-bng-defenda-hoxe-no-pleno-do-parlamento-o-sector-mineiro-de-galicia\/#primaryimage"},"thumbnailUrl":"https:\/\/ppdegalicia.com\/wp-content\/uploads\/2025\/06\/20250408_Pleno_Ordinario65-scaled.jpg","articleSection":["Parlamento de Galicia"],"inLanguage":"es"},{"@type":"WebPage","@id":"https:\/\/ppdegalicia.com\/es\/o-grupo-popular-cualifica-de-burla-e-tomadura-de-pelo-que-o-bng-defenda-hoxe-no-pleno-do-parlamento-o-sector-mineiro-de-galicia\/","url":"https:\/\/ppdegalicia.com\/es\/o-grupo-popular-cualifica-de-burla-e-tomadura-de-pelo-que-o-bng-defenda-hoxe-no-pleno-do-parlamento-o-sector-mineiro-de-galicia\/","name":"O Grupo Popular cualifica de \u201cburla e tomadura de pelo\u201d que o BNG defenda hoxe no Pleno do Parlamento o sector mineiro de Galicia - PP de Galicia","isPartOf":{"@id":"https:\/\/ppdegalicia.com\/es\/#website"},"primaryImageOfPage":{"@id":"https:\/\/ppdegalicia.com\/es\/o-grupo-popular-cualifica-de-burla-e-tomadura-de-pelo-que-o-bng-defenda-hoxe-no-pleno-do-parlamento-o-sector-mineiro-de-galicia\/#primaryimage"},"image":{"@id":"https:\/\/ppdegalicia.com\/es\/o-grupo-popular-cualifica-de-burla-e-tomadura-de-pelo-que-o-bng-defenda-hoxe-no-pleno-do-parlamento-o-sector-mineiro-de-galicia\/#primaryimage"},"thumbnailUrl":"https:\/\/ppdegalicia.com\/wp-content\/uploads\/2025\/06\/20250408_Pleno_Ordinario65-scaled.jpg","datePublished":"2025-06-10T18:43:45+00:00","description":"O portavoz de Industria do Grupo Popular, Rub\u00e9n Lorenzo, cualificou de \u201cburla e tomadura de pelo que o BNG ve\u00f1a hoxe a defender no Pleno do Parlamento de Galicia o desenvolvemento do sector industrial e mineiro de Galicia, cando son vostedes e as s\u00faas organizaci\u00f3ns sat\u00e9lites os m\u00e1ximos opositores a todos e cada un dos proxectos presentes, pasados e futuros neste sector no noso territorio\u201d.","breadcrumb":{"@id":"https:\/\/ppdegalicia.com\/es\/o-grupo-popular-cualifica-de-burla-e-tomadura-de-pelo-que-o-bng-defenda-hoxe-no-pleno-do-parlamento-o-sector-mineiro-de-galicia\/#breadcrumb"},"inLanguage":"es","potentialAction":[{"@type":"ReadAction","target":["https:\/\/ppdegalicia.com\/es\/o-grupo-popular-cualifica-de-burla-e-tomadura-de-pelo-que-o-bng-defenda-hoxe-no-pleno-do-parlamento-o-sector-mineiro-de-galicia\/"]}]},{"@type":"ImageObject","inLanguage":"es","@id":"https:\/\/ppdegalicia.com\/es\/o-grupo-popular-cualifica-de-burla-e-tomadura-de-pelo-que-o-bng-defenda-hoxe-no-pleno-do-parlamento-o-sector-mineiro-de-galicia\/#primaryimage","url":"https:\/\/ppdegalicia.com\/wp-content\/uploads\/2025\/06\/20250408_Pleno_Ordinario65-scaled.jpg","contentUrl":"https:\/\/ppdegalicia.com\/wp-content\/uploads\/2025\/06\/20250408_Pleno_Ordinario65-scaled.jpg","width":2560,"height":1707},{"@type":"BreadcrumbList","@id":"https:\/\/ppdegalicia.com\/es\/o-grupo-popular-cualifica-de-burla-e-tomadura-de-pelo-que-o-bng-defenda-hoxe-no-pleno-do-parlamento-o-sector-mineiro-de-galicia\/#breadcrumb","itemListElement":[{"@type":"ListItem","position":1,"name":"Portada","item":"https:\/\/ppdegalicia.com\/es\/"},{"@type":"ListItem","position":2,"name":"O Grupo Popular cualifica de \u201cburla e tomadura de pelo\u201d que o BNG defenda hoxe no Pleno do Parlamento o sector mineiro de Galicia"}]},{"@type":"WebSite","@id":"https:\/\/ppdegalicia.com\/es\/#website","url":"https:\/\/ppdegalicia.com\/es\/","name":"Partido Popular de Galicia","description":"Partido Popular de Galicia","publisher":{"@id":"https:\/\/ppdegalicia.com\/es\/#organization"},"alternateName":"PP de Galicia","potentialAction":[{"@type":"SearchAction","target":{"@type":"EntryPoint","urlTemplate":"https:\/\/ppdegalicia.com\/es\/?s={search_term_string}"},"query-input":{"@type":"PropertyValueSpecification","valueRequired":true,"valueName":"search_term_string"}}],"inLanguage":"es"},{"@type":"Organization","@id":"https:\/\/ppdegalicia.com\/es\/#organization","name":"Partido Popular de Galicia","alternateName":"PP de Galicia","url":"https:\/\/ppdegalicia.com\/es\/","logo":{"@type":"ImageObject","inLanguage":"es","@id":"https:\/\/ppdegalicia.com\/es\/#\/schema\/logo\/image\/","url":"https:\/\/ppdegalicia.com\/wp-content\/uploads\/2023\/04\/logoPP512.png","contentUrl":"https:\/\/ppdegalicia.com\/wp-content\/uploads\/2023\/04\/logoPP512.png","width":512,"height":512,"caption":"Partido Popular de Galicia"},"image":{"@id":"https:\/\/ppdegalicia.com\/es\/#\/schema\/logo\/image\/"},"sameAs":["https:\/\/www.instagram.com\/ppdegalicia\/","https:\/\/x.com\/ppdegalicia","https:\/\/www.tiktok.com\/@ppdegalicia","https:\/\/www.youtube.com\/user\/ppdegalicia"]},{"@type":"Person","@id":"https:\/\/ppdegalicia.com\/es\/#\/schema\/person\/5b822c6f59e872ebdd1142f307dbcb59","name":"ppdegaliciaredes","image":{"@type":"ImageObject","inLanguage":"es","@id":"https:\/\/secure.gravatar.com\/avatar\/3c9179cf0256d00c72a48d1f25783c58b6842cd56e85ef3a572881c8e28ccd59?s=96&d=mm&r=g","url":"https:\/\/secure.gravatar.com\/avatar\/3c9179cf0256d00c72a48d1f25783c58b6842cd56e85ef3a572881c8e28ccd59?s=96&d=mm&r=g","contentUrl":"https:\/\/secure.gravatar.com\/avatar\/3c9179cf0256d00c72a48d1f25783c58b6842cd56e85ef3a572881c8e28ccd59?s=96&d=mm&r=g","caption":"ppdegaliciaredes"},"url":"https:\/\/ppdegalicia.com\/es\/author\/ppdegaliciaredes\/"}]}},"_links":{"self":[{"href":"https:\/\/ppdegalicia.com\/es\/wp-json\/wp\/v2\/posts\/67367","targetHints":{"allow":["GET"]}}],"collection":[{"href":"https:\/\/ppdegalicia.com\/es\/wp-json\/wp\/v2\/posts"}],"about":[{"href":"https:\/\/ppdegalicia.com\/es\/wp-json\/wp\/v2\/types\/post"}],"author":[{"embeddable":true,"href":"https:\/\/ppdegalicia.com\/es\/wp-json\/wp\/v2\/users\/38"}],"replies":[{"embeddable":true,"href":"https:\/\/ppdegalicia.com\/es\/wp-json\/wp\/v2\/comments?post=67367"}],"version-history":[{"count":1,"href":"https:\/\/ppdegalicia.com\/es\/wp-json\/wp\/v2\/posts\/67367\/revisions"}],"predecessor-version":[{"id":67370,"href":"https:\/\/ppdegalicia.com\/es\/wp-json\/wp\/v2\/posts\/67367\/revisions\/67370"}],"wp:featuredmedia":[{"embeddable":true,"href":"https:\/\/ppdegalicia.com\/es\/wp-json\/wp\/v2\/media\/67368"}],"wp:attachment":[{"href":"https:\/\/ppdegalicia.com\/es\/wp-json\/wp\/v2\/media?parent=67367"}],"wp:term":[{"taxonomy":"category","embeddable":true,"href":"https:\/\/ppdegalicia.com\/es\/wp-json\/wp\/v2\/categories?post=67367"},{"taxonomy":"post_tag","embeddable":true,"href":"https:\/\/ppdegalicia.com\/es\/wp-json\/wp\/v2\/tags?post=67367"}],"curies":[{"name":"wp","href":"https:\/\/api.w.org\/{rel}","templated":true}]}}