{"id":67421,"date":"2025-06-14T09:01:05","date_gmt":"2025-06-14T08:01:05","guid":{"rendered":"https:\/\/ppdegalicia.com\/?p=67421"},"modified":"2025-06-16T09:05:37","modified_gmt":"2025-06-16T08:05:37","slug":"o-ppdeg-destaca-o-19-mais-de-investimento-na-formacion-do-persoal-contra-incendios-forestais-para-o-periodo-2025-2026","status":"publish","type":"post","link":"https:\/\/ppdegalicia.com\/es\/o-ppdeg-destaca-o-19-mais-de-investimento-na-formacion-do-persoal-contra-incendios-forestais-para-o-periodo-2025-2026\/","title":{"rendered":"O PPdeG destaca o 19\u202f% m\u00e1is de investimento na formaci\u00f3n do persoal contra incendios forestais para o per\u00edodo 2025-2026"},"content":{"rendered":"<p>Os deputados do Grupo Popular \u00c1ngel Rodr\u00edguez e Carmen Pomar visitaron hoxe a base da unidade operativa da brigada de bombeiros forestais de Ames e destacaron que a Xunta investir\u00e1 entre os anos 2025 e 2026 preto de 1,8 mill\u00f3ns de euros na formaci\u00f3n e adestramento do persoal dos servizos de prevenci\u00f3n de incendios forestais, o que sup\u00f3n un incremento do 19 por cento respecto do bienio anterior.<\/p>\n<p>A Xunta v\u00e9n de investir case 75.000 euros na mellora desta nova base, unhas obras que consistiron esencialmente no acondicionamento de vestiarios, duchas, zonas de descanso, almac\u00e9ns para material e instrumental de traballos, ademais dos recintos para gardar os veh\u00edculos, co obxectivo de favorecer a conciliaci\u00f3n entre o descanso e o traballo dos bombeiros e os axentes forestais.<\/p>\n<p>Os deputados trasladaron aos profesionais do servizo de prevenci\u00f3n de incendios forestais o esforzo que a Xunta v\u00e9n realizando para a formaci\u00f3n e adestramento deste persoal, que ter\u00e1n \u00e1 s\u00faa disposici\u00f3n m\u00e1is de 3.500 cursos e acci\u00f3ns formativas ao longo de 2025 e 2026, tal e como se recolle no plan de formaci\u00f3n integrado dentro do Pladiga.<\/p>\n<p>O Plan de formaci\u00f3n e adestramento para o persoal do Servizo de prevenci\u00f3n e defensa contra incendios (SPIF) estruturase en seis programas. Entre as acci\u00f3ns que se acometer\u00e1n destacan os cursos monogr\u00e1ficos sobre cuestiones relacionadas coa prevenci\u00f3n e extinci\u00f3n de incendios forestais, as\u00ed como a posibilidade de desenvolver un itinerario formativo profesional, que supor\u00e1 a preparaci\u00f3n diversificada e por grupos de categor\u00edas profesionais desde unha cualificaci\u00f3n inicial ata a especializaci\u00f3n do persoal.<\/p>\n<p>Para rematar, os deputados populares trasladaron o agradecemento de toda a sociedade galega polo labor que estas brigadas forestais desenvolven no d\u00eda a d\u00eda na defensa dos montes galegos, tendo presente que o vindeiro 1 de xullo comezar\u00e1 a \u00e9poca de perigo de alto risco de incendios forestais.<\/p>\n","protected":false},"excerpt":{"rendered":"<p>Os deputados do Grupo Popular \u00c1ngel Rodr\u00edguez e Carmen Pomar visitaron hoxe a base da unidade operativa da brigada de bombeiros forestais de Ames e destacaron que a Xunta investir\u00e1 entre os anos 2025 e 2026 preto de 1,8 mill\u00f3ns de euros na formaci\u00f3n e adestramento do persoal dos servizos de prevenci\u00f3n de incendios forestais, [&hellip;]<\/p>\n","protected":false},"author":38,"featured_media":67422,"comment_status":"closed","ping_status":"open","sticky":false,"template":"","format":"standard","meta":{"_acf_changed":false,"footnotes":""},"categories":[1128],"tags":[],"class_list":["post-67421","post","type-post","status-publish","format-standard","has-post-thumbnail","hentry","category-actualidad-parlamento-de-galicia"],"acf":[],"yoast_head":"<!-- This site is optimized with the Yoast SEO plugin v27.3 - https:\/\/yoast.com\/product\/yoast-seo-wordpress\/ -->\n<title>O PPdeG destaca o 19\u202f% m\u00e1is de investimento na formaci\u00f3n do persoal contra incendios forestais para o per\u00edodo 2025-2026 - PP de Galicia<\/title>\n<meta name=\"description\" content=\"Os deputados do Grupo Popular \u00c1ngel Rodr\u00edguez e Carmen Pomar visitaron hoxe a base da unidade operativa da brigada de bombeiros forestais de Ames e destacaron que a Xunta investir\u00e1 entre os anos 2025 e 2026 preto de 1,8 mill\u00f3ns de euros na formaci\u00f3n e adestramento do persoal dos servizos de prevenci\u00f3n de incendios forestais, o que sup\u00f3n un incremento do 19 por cento respecto do bienio anterior.\" \/>\n<meta name=\"robots\" content=\"index, follow, max-snippet:-1, max-image-preview:large, max-video-preview:-1\" \/>\n<link rel=\"canonical\" href=\"https:\/\/ppdegalicia.com\/es\/o-ppdeg-destaca-o-19-mais-de-investimento-na-formacion-do-persoal-contra-incendios-forestais-para-o-periodo-2025-2026\/\" \/>\n<meta property=\"og:locale\" content=\"es_ES\" \/>\n<meta property=\"og:type\" content=\"article\" \/>\n<meta property=\"og:title\" content=\"O PPdeG destaca o 19\u202f% m\u00e1is de investimento na formaci\u00f3n do persoal contra incendios forestais para o per\u00edodo 2025-2026 - PP de Galicia\" \/>\n<meta property=\"og:description\" content=\"Os deputados do Grupo Popular \u00c1ngel Rodr\u00edguez e Carmen Pomar visitaron hoxe a base da unidade operativa da brigada de bombeiros forestais de Ames e destacaron que a Xunta investir\u00e1 entre os anos 2025 e 2026 preto de 1,8 mill\u00f3ns de euros na formaci\u00f3n e adestramento do persoal dos servizos de prevenci\u00f3n de incendios forestais, o que sup\u00f3n un incremento do 19 por cento respecto do bienio anterior.\" \/>\n<meta property=\"og:url\" content=\"https:\/\/ppdegalicia.com\/es\/o-ppdeg-destaca-o-19-mais-de-investimento-na-formacion-do-persoal-contra-incendios-forestais-para-o-periodo-2025-2026\/\" \/>\n<meta property=\"og:site_name\" content=\"PP de Galicia\" \/>\n<meta property=\"article:publisher\" content=\"https:\/\/www.instagram.com\/ppdegalicia\/\" \/>\n<meta property=\"article:published_time\" content=\"2025-06-14T08:01:05+00:00\" \/>\n<meta property=\"article:modified_time\" content=\"2025-06-16T08:05:37+00:00\" \/>\n<meta property=\"og:image\" content=\"https:\/\/ppdegalicia.com\/wp-content\/uploads\/2025\/06\/Angel-Rodriguez-e-Carmen-Pomar-cos-bombeiros-forestais-en-Ames-02_2.jpeg\" \/>\n\t<meta property=\"og:image:width\" content=\"1536\" \/>\n\t<meta property=\"og:image:height\" content=\"1536\" \/>\n\t<meta property=\"og:image:type\" content=\"image\/jpeg\" \/>\n<meta name=\"author\" content=\"ppdegaliciaredes\" \/>\n<meta name=\"twitter:card\" content=\"summary_large_image\" \/>\n<meta name=\"twitter:creator\" content=\"@ppdegalicia\" \/>\n<meta name=\"twitter:site\" content=\"@ppdegalicia\" \/>\n<meta name=\"twitter:label1\" content=\"Escrito por\" \/>\n\t<meta name=\"twitter:data1\" content=\"ppdegaliciaredes\" \/>\n\t<meta name=\"twitter:label2\" content=\"Tiempo de lectura\" \/>\n\t<meta name=\"twitter:data2\" content=\"2 minutos\" \/>\n<script type=\"application\/ld+json\" class=\"yoast-schema-graph\">{\"@context\":\"https:\\\/\\\/schema.org\",\"@graph\":[{\"@type\":\"Article\",\"@id\":\"https:\\\/\\\/ppdegalicia.com\\\/es\\\/o-ppdeg-destaca-o-19-mais-de-investimento-na-formacion-do-persoal-contra-incendios-forestais-para-o-periodo-2025-2026\\\/#article\",\"isPartOf\":{\"@id\":\"https:\\\/\\\/ppdegalicia.com\\\/es\\\/o-ppdeg-destaca-o-19-mais-de-investimento-na-formacion-do-persoal-contra-incendios-forestais-para-o-periodo-2025-2026\\\/\"},\"author\":{\"name\":\"ppdegaliciaredes\",\"@id\":\"https:\\\/\\\/ppdegalicia.com\\\/es\\\/#\\\/schema\\\/person\\\/5b822c6f59e872ebdd1142f307dbcb59\"},\"headline\":\"O PPdeG destaca o 19\u202f% m\u00e1is de investimento na formaci\u00f3n do persoal contra incendios forestais para o per\u00edodo 2025-2026\",\"datePublished\":\"2025-06-14T08:01:05+00:00\",\"dateModified\":\"2025-06-16T08:05:37+00:00\",\"mainEntityOfPage\":{\"@id\":\"https:\\\/\\\/ppdegalicia.com\\\/es\\\/o-ppdeg-destaca-o-19-mais-de-investimento-na-formacion-do-persoal-contra-incendios-forestais-para-o-periodo-2025-2026\\\/\"},\"wordCount\":345,\"publisher\":{\"@id\":\"https:\\\/\\\/ppdegalicia.com\\\/es\\\/#organization\"},\"image\":{\"@id\":\"https:\\\/\\\/ppdegalicia.com\\\/es\\\/o-ppdeg-destaca-o-19-mais-de-investimento-na-formacion-do-persoal-contra-incendios-forestais-para-o-periodo-2025-2026\\\/#primaryimage\"},\"thumbnailUrl\":\"https:\\\/\\\/ppdegalicia.com\\\/wp-content\\\/uploads\\\/2025\\\/06\\\/Angel-Rodriguez-e-Carmen-Pomar-cos-bombeiros-forestais-en-Ames-02_2.jpeg\",\"articleSection\":[\"Parlamento de Galicia\"],\"inLanguage\":\"es\"},{\"@type\":\"WebPage\",\"@id\":\"https:\\\/\\\/ppdegalicia.com\\\/es\\\/o-ppdeg-destaca-o-19-mais-de-investimento-na-formacion-do-persoal-contra-incendios-forestais-para-o-periodo-2025-2026\\\/\",\"url\":\"https:\\\/\\\/ppdegalicia.com\\\/es\\\/o-ppdeg-destaca-o-19-mais-de-investimento-na-formacion-do-persoal-contra-incendios-forestais-para-o-periodo-2025-2026\\\/\",\"name\":\"O PPdeG destaca o 19\u202f% m\u00e1is de investimento na formaci\u00f3n do persoal contra incendios forestais para o per\u00edodo 2025-2026 - PP de Galicia\",\"isPartOf\":{\"@id\":\"https:\\\/\\\/ppdegalicia.com\\\/es\\\/#website\"},\"primaryImageOfPage\":{\"@id\":\"https:\\\/\\\/ppdegalicia.com\\\/es\\\/o-ppdeg-destaca-o-19-mais-de-investimento-na-formacion-do-persoal-contra-incendios-forestais-para-o-periodo-2025-2026\\\/#primaryimage\"},\"image\":{\"@id\":\"https:\\\/\\\/ppdegalicia.com\\\/es\\\/o-ppdeg-destaca-o-19-mais-de-investimento-na-formacion-do-persoal-contra-incendios-forestais-para-o-periodo-2025-2026\\\/#primaryimage\"},\"thumbnailUrl\":\"https:\\\/\\\/ppdegalicia.com\\\/wp-content\\\/uploads\\\/2025\\\/06\\\/Angel-Rodriguez-e-Carmen-Pomar-cos-bombeiros-forestais-en-Ames-02_2.jpeg\",\"datePublished\":\"2025-06-14T08:01:05+00:00\",\"dateModified\":\"2025-06-16T08:05:37+00:00\",\"description\":\"Os deputados do Grupo Popular \u00c1ngel Rodr\u00edguez e Carmen Pomar visitaron hoxe a base da unidade operativa da brigada de bombeiros forestais de Ames e destacaron que a Xunta investir\u00e1 entre os anos 2025 e 2026 preto de 1,8 mill\u00f3ns de euros na formaci\u00f3n e adestramento do persoal dos servizos de prevenci\u00f3n de incendios forestais, o que sup\u00f3n un incremento do 19 por cento respecto do bienio anterior.\",\"breadcrumb\":{\"@id\":\"https:\\\/\\\/ppdegalicia.com\\\/es\\\/o-ppdeg-destaca-o-19-mais-de-investimento-na-formacion-do-persoal-contra-incendios-forestais-para-o-periodo-2025-2026\\\/#breadcrumb\"},\"inLanguage\":\"es\",\"potentialAction\":[{\"@type\":\"ReadAction\",\"target\":[\"https:\\\/\\\/ppdegalicia.com\\\/es\\\/o-ppdeg-destaca-o-19-mais-de-investimento-na-formacion-do-persoal-contra-incendios-forestais-para-o-periodo-2025-2026\\\/\"]}]},{\"@type\":\"ImageObject\",\"inLanguage\":\"es\",\"@id\":\"https:\\\/\\\/ppdegalicia.com\\\/es\\\/o-ppdeg-destaca-o-19-mais-de-investimento-na-formacion-do-persoal-contra-incendios-forestais-para-o-periodo-2025-2026\\\/#primaryimage\",\"url\":\"https:\\\/\\\/ppdegalicia.com\\\/wp-content\\\/uploads\\\/2025\\\/06\\\/Angel-Rodriguez-e-Carmen-Pomar-cos-bombeiros-forestais-en-Ames-02_2.jpeg\",\"contentUrl\":\"https:\\\/\\\/ppdegalicia.com\\\/wp-content\\\/uploads\\\/2025\\\/06\\\/Angel-Rodriguez-e-Carmen-Pomar-cos-bombeiros-forestais-en-Ames-02_2.jpeg\",\"width\":1536,\"height\":1536},{\"@type\":\"BreadcrumbList\",\"@id\":\"https:\\\/\\\/ppdegalicia.com\\\/es\\\/o-ppdeg-destaca-o-19-mais-de-investimento-na-formacion-do-persoal-contra-incendios-forestais-para-o-periodo-2025-2026\\\/#breadcrumb\",\"itemListElement\":[{\"@type\":\"ListItem\",\"position\":1,\"name\":\"Portada\",\"item\":\"https:\\\/\\\/ppdegalicia.com\\\/es\\\/\"},{\"@type\":\"ListItem\",\"position\":2,\"name\":\"O PPdeG destaca o 19\u202f% m\u00e1is de investimento na formaci\u00f3n do persoal contra incendios forestais para o per\u00edodo 2025-2026\"}]},{\"@type\":\"WebSite\",\"@id\":\"https:\\\/\\\/ppdegalicia.com\\\/es\\\/#website\",\"url\":\"https:\\\/\\\/ppdegalicia.com\\\/es\\\/\",\"name\":\"Partido Popular de Galicia\",\"description\":\"Partido Popular de Galicia\",\"publisher\":{\"@id\":\"https:\\\/\\\/ppdegalicia.com\\\/es\\\/#organization\"},\"alternateName\":\"PP de Galicia\",\"potentialAction\":[{\"@type\":\"SearchAction\",\"target\":{\"@type\":\"EntryPoint\",\"urlTemplate\":\"https:\\\/\\\/ppdegalicia.com\\\/es\\\/?s={search_term_string}\"},\"query-input\":{\"@type\":\"PropertyValueSpecification\",\"valueRequired\":true,\"valueName\":\"search_term_string\"}}],\"inLanguage\":\"es\"},{\"@type\":\"Organization\",\"@id\":\"https:\\\/\\\/ppdegalicia.com\\\/es\\\/#organization\",\"name\":\"Partido Popular de Galicia\",\"alternateName\":\"PP de Galicia\",\"url\":\"https:\\\/\\\/ppdegalicia.com\\\/es\\\/\",\"logo\":{\"@type\":\"ImageObject\",\"inLanguage\":\"es\",\"@id\":\"https:\\\/\\\/ppdegalicia.com\\\/es\\\/#\\\/schema\\\/logo\\\/image\\\/\",\"url\":\"https:\\\/\\\/ppdegalicia.com\\\/wp-content\\\/uploads\\\/2023\\\/04\\\/logoPP512.png\",\"contentUrl\":\"https:\\\/\\\/ppdegalicia.com\\\/wp-content\\\/uploads\\\/2023\\\/04\\\/logoPP512.png\",\"width\":512,\"height\":512,\"caption\":\"Partido Popular de Galicia\"},\"image\":{\"@id\":\"https:\\\/\\\/ppdegalicia.com\\\/es\\\/#\\\/schema\\\/logo\\\/image\\\/\"},\"sameAs\":[\"https:\\\/\\\/www.instagram.com\\\/ppdegalicia\\\/\",\"https:\\\/\\\/x.com\\\/ppdegalicia\",\"https:\\\/\\\/www.tiktok.com\\\/@ppdegalicia\",\"https:\\\/\\\/www.youtube.com\\\/user\\\/ppdegalicia\"]},{\"@type\":\"Person\",\"@id\":\"https:\\\/\\\/ppdegalicia.com\\\/es\\\/#\\\/schema\\\/person\\\/5b822c6f59e872ebdd1142f307dbcb59\",\"name\":\"ppdegaliciaredes\",\"image\":{\"@type\":\"ImageObject\",\"inLanguage\":\"es\",\"@id\":\"https:\\\/\\\/secure.gravatar.com\\\/avatar\\\/3c9179cf0256d00c72a48d1f25783c58b6842cd56e85ef3a572881c8e28ccd59?s=96&d=mm&r=g\",\"url\":\"https:\\\/\\\/secure.gravatar.com\\\/avatar\\\/3c9179cf0256d00c72a48d1f25783c58b6842cd56e85ef3a572881c8e28ccd59?s=96&d=mm&r=g\",\"contentUrl\":\"https:\\\/\\\/secure.gravatar.com\\\/avatar\\\/3c9179cf0256d00c72a48d1f25783c58b6842cd56e85ef3a572881c8e28ccd59?s=96&d=mm&r=g\",\"caption\":\"ppdegaliciaredes\"},\"url\":\"https:\\\/\\\/ppdegalicia.com\\\/es\\\/author\\\/ppdegaliciaredes\\\/\"}]}<\/script>\n<!-- \/ Yoast SEO plugin. -->","yoast_head_json":{"title":"O PPdeG destaca o 19\u202f% m\u00e1is de investimento na formaci\u00f3n do persoal contra incendios forestais para o per\u00edodo 2025-2026 - PP de Galicia","description":"Os deputados do Grupo Popular \u00c1ngel Rodr\u00edguez e Carmen Pomar visitaron hoxe a base da unidade operativa da brigada de bombeiros forestais de Ames e destacaron que a Xunta investir\u00e1 entre os anos 2025 e 2026 preto de 1,8 mill\u00f3ns de euros na formaci\u00f3n e adestramento do persoal dos servizos de prevenci\u00f3n de incendios forestais, o que sup\u00f3n un incremento do 19 por cento respecto do bienio anterior.","robots":{"index":"index","follow":"follow","max-snippet":"max-snippet:-1","max-image-preview":"max-image-preview:large","max-video-preview":"max-video-preview:-1"},"canonical":"https:\/\/ppdegalicia.com\/es\/o-ppdeg-destaca-o-19-mais-de-investimento-na-formacion-do-persoal-contra-incendios-forestais-para-o-periodo-2025-2026\/","og_locale":"es_ES","og_type":"article","og_title":"O PPdeG destaca o 19\u202f% m\u00e1is de investimento na formaci\u00f3n do persoal contra incendios forestais para o per\u00edodo 2025-2026 - PP de Galicia","og_description":"Os deputados do Grupo Popular \u00c1ngel Rodr\u00edguez e Carmen Pomar visitaron hoxe a base da unidade operativa da brigada de bombeiros forestais de Ames e destacaron que a Xunta investir\u00e1 entre os anos 2025 e 2026 preto de 1,8 mill\u00f3ns de euros na formaci\u00f3n e adestramento do persoal dos servizos de prevenci\u00f3n de incendios forestais, o que sup\u00f3n un incremento do 19 por cento respecto do bienio anterior.","og_url":"https:\/\/ppdegalicia.com\/es\/o-ppdeg-destaca-o-19-mais-de-investimento-na-formacion-do-persoal-contra-incendios-forestais-para-o-periodo-2025-2026\/","og_site_name":"PP de Galicia","article_publisher":"https:\/\/www.instagram.com\/ppdegalicia\/","article_published_time":"2025-06-14T08:01:05+00:00","article_modified_time":"2025-06-16T08:05:37+00:00","og_image":[{"width":1536,"height":1536,"url":"https:\/\/ppdegalicia.com\/wp-content\/uploads\/2025\/06\/Angel-Rodriguez-e-Carmen-Pomar-cos-bombeiros-forestais-en-Ames-02_2.jpeg","type":"image\/jpeg"}],"author":"ppdegaliciaredes","twitter_card":"summary_large_image","twitter_creator":"@ppdegalicia","twitter_site":"@ppdegalicia","twitter_misc":{"Escrito por":"ppdegaliciaredes","Tiempo de lectura":"2 minutos"},"schema":{"@context":"https:\/\/schema.org","@graph":[{"@type":"Article","@id":"https:\/\/ppdegalicia.com\/es\/o-ppdeg-destaca-o-19-mais-de-investimento-na-formacion-do-persoal-contra-incendios-forestais-para-o-periodo-2025-2026\/#article","isPartOf":{"@id":"https:\/\/ppdegalicia.com\/es\/o-ppdeg-destaca-o-19-mais-de-investimento-na-formacion-do-persoal-contra-incendios-forestais-para-o-periodo-2025-2026\/"},"author":{"name":"ppdegaliciaredes","@id":"https:\/\/ppdegalicia.com\/es\/#\/schema\/person\/5b822c6f59e872ebdd1142f307dbcb59"},"headline":"O PPdeG destaca o 19\u202f% m\u00e1is de investimento na formaci\u00f3n do persoal contra incendios forestais para o per\u00edodo 2025-2026","datePublished":"2025-06-14T08:01:05+00:00","dateModified":"2025-06-16T08:05:37+00:00","mainEntityOfPage":{"@id":"https:\/\/ppdegalicia.com\/es\/o-ppdeg-destaca-o-19-mais-de-investimento-na-formacion-do-persoal-contra-incendios-forestais-para-o-periodo-2025-2026\/"},"wordCount":345,"publisher":{"@id":"https:\/\/ppdegalicia.com\/es\/#organization"},"image":{"@id":"https:\/\/ppdegalicia.com\/es\/o-ppdeg-destaca-o-19-mais-de-investimento-na-formacion-do-persoal-contra-incendios-forestais-para-o-periodo-2025-2026\/#primaryimage"},"thumbnailUrl":"https:\/\/ppdegalicia.com\/wp-content\/uploads\/2025\/06\/Angel-Rodriguez-e-Carmen-Pomar-cos-bombeiros-forestais-en-Ames-02_2.jpeg","articleSection":["Parlamento de Galicia"],"inLanguage":"es"},{"@type":"WebPage","@id":"https:\/\/ppdegalicia.com\/es\/o-ppdeg-destaca-o-19-mais-de-investimento-na-formacion-do-persoal-contra-incendios-forestais-para-o-periodo-2025-2026\/","url":"https:\/\/ppdegalicia.com\/es\/o-ppdeg-destaca-o-19-mais-de-investimento-na-formacion-do-persoal-contra-incendios-forestais-para-o-periodo-2025-2026\/","name":"O PPdeG destaca o 19\u202f% m\u00e1is de investimento na formaci\u00f3n do persoal contra incendios forestais para o per\u00edodo 2025-2026 - PP de Galicia","isPartOf":{"@id":"https:\/\/ppdegalicia.com\/es\/#website"},"primaryImageOfPage":{"@id":"https:\/\/ppdegalicia.com\/es\/o-ppdeg-destaca-o-19-mais-de-investimento-na-formacion-do-persoal-contra-incendios-forestais-para-o-periodo-2025-2026\/#primaryimage"},"image":{"@id":"https:\/\/ppdegalicia.com\/es\/o-ppdeg-destaca-o-19-mais-de-investimento-na-formacion-do-persoal-contra-incendios-forestais-para-o-periodo-2025-2026\/#primaryimage"},"thumbnailUrl":"https:\/\/ppdegalicia.com\/wp-content\/uploads\/2025\/06\/Angel-Rodriguez-e-Carmen-Pomar-cos-bombeiros-forestais-en-Ames-02_2.jpeg","datePublished":"2025-06-14T08:01:05+00:00","dateModified":"2025-06-16T08:05:37+00:00","description":"Os deputados do Grupo Popular \u00c1ngel Rodr\u00edguez e Carmen Pomar visitaron hoxe a base da unidade operativa da brigada de bombeiros forestais de Ames e destacaron que a Xunta investir\u00e1 entre os anos 2025 e 2026 preto de 1,8 mill\u00f3ns de euros na formaci\u00f3n e adestramento do persoal dos servizos de prevenci\u00f3n de incendios forestais, o que sup\u00f3n un incremento do 19 por cento respecto do bienio anterior.","breadcrumb":{"@id":"https:\/\/ppdegalicia.com\/es\/o-ppdeg-destaca-o-19-mais-de-investimento-na-formacion-do-persoal-contra-incendios-forestais-para-o-periodo-2025-2026\/#breadcrumb"},"inLanguage":"es","potentialAction":[{"@type":"ReadAction","target":["https:\/\/ppdegalicia.com\/es\/o-ppdeg-destaca-o-19-mais-de-investimento-na-formacion-do-persoal-contra-incendios-forestais-para-o-periodo-2025-2026\/"]}]},{"@type":"ImageObject","inLanguage":"es","@id":"https:\/\/ppdegalicia.com\/es\/o-ppdeg-destaca-o-19-mais-de-investimento-na-formacion-do-persoal-contra-incendios-forestais-para-o-periodo-2025-2026\/#primaryimage","url":"https:\/\/ppdegalicia.com\/wp-content\/uploads\/2025\/06\/Angel-Rodriguez-e-Carmen-Pomar-cos-bombeiros-forestais-en-Ames-02_2.jpeg","contentUrl":"https:\/\/ppdegalicia.com\/wp-content\/uploads\/2025\/06\/Angel-Rodriguez-e-Carmen-Pomar-cos-bombeiros-forestais-en-Ames-02_2.jpeg","width":1536,"height":1536},{"@type":"BreadcrumbList","@id":"https:\/\/ppdegalicia.com\/es\/o-ppdeg-destaca-o-19-mais-de-investimento-na-formacion-do-persoal-contra-incendios-forestais-para-o-periodo-2025-2026\/#breadcrumb","itemListElement":[{"@type":"ListItem","position":1,"name":"Portada","item":"https:\/\/ppdegalicia.com\/es\/"},{"@type":"ListItem","position":2,"name":"O PPdeG destaca o 19\u202f% m\u00e1is de investimento na formaci\u00f3n do persoal contra incendios forestais para o per\u00edodo 2025-2026"}]},{"@type":"WebSite","@id":"https:\/\/ppdegalicia.com\/es\/#website","url":"https:\/\/ppdegalicia.com\/es\/","name":"Partido Popular de Galicia","description":"Partido Popular de Galicia","publisher":{"@id":"https:\/\/ppdegalicia.com\/es\/#organization"},"alternateName":"PP de Galicia","potentialAction":[{"@type":"SearchAction","target":{"@type":"EntryPoint","urlTemplate":"https:\/\/ppdegalicia.com\/es\/?s={search_term_string}"},"query-input":{"@type":"PropertyValueSpecification","valueRequired":true,"valueName":"search_term_string"}}],"inLanguage":"es"},{"@type":"Organization","@id":"https:\/\/ppdegalicia.com\/es\/#organization","name":"Partido Popular de Galicia","alternateName":"PP de Galicia","url":"https:\/\/ppdegalicia.com\/es\/","logo":{"@type":"ImageObject","inLanguage":"es","@id":"https:\/\/ppdegalicia.com\/es\/#\/schema\/logo\/image\/","url":"https:\/\/ppdegalicia.com\/wp-content\/uploads\/2023\/04\/logoPP512.png","contentUrl":"https:\/\/ppdegalicia.com\/wp-content\/uploads\/2023\/04\/logoPP512.png","width":512,"height":512,"caption":"Partido Popular de Galicia"},"image":{"@id":"https:\/\/ppdegalicia.com\/es\/#\/schema\/logo\/image\/"},"sameAs":["https:\/\/www.instagram.com\/ppdegalicia\/","https:\/\/x.com\/ppdegalicia","https:\/\/www.tiktok.com\/@ppdegalicia","https:\/\/www.youtube.com\/user\/ppdegalicia"]},{"@type":"Person","@id":"https:\/\/ppdegalicia.com\/es\/#\/schema\/person\/5b822c6f59e872ebdd1142f307dbcb59","name":"ppdegaliciaredes","image":{"@type":"ImageObject","inLanguage":"es","@id":"https:\/\/secure.gravatar.com\/avatar\/3c9179cf0256d00c72a48d1f25783c58b6842cd56e85ef3a572881c8e28ccd59?s=96&d=mm&r=g","url":"https:\/\/secure.gravatar.com\/avatar\/3c9179cf0256d00c72a48d1f25783c58b6842cd56e85ef3a572881c8e28ccd59?s=96&d=mm&r=g","contentUrl":"https:\/\/secure.gravatar.com\/avatar\/3c9179cf0256d00c72a48d1f25783c58b6842cd56e85ef3a572881c8e28ccd59?s=96&d=mm&r=g","caption":"ppdegaliciaredes"},"url":"https:\/\/ppdegalicia.com\/es\/author\/ppdegaliciaredes\/"}]}},"_links":{"self":[{"href":"https:\/\/ppdegalicia.com\/es\/wp-json\/wp\/v2\/posts\/67421","targetHints":{"allow":["GET"]}}],"collection":[{"href":"https:\/\/ppdegalicia.com\/es\/wp-json\/wp\/v2\/posts"}],"about":[{"href":"https:\/\/ppdegalicia.com\/es\/wp-json\/wp\/v2\/types\/post"}],"author":[{"embeddable":true,"href":"https:\/\/ppdegalicia.com\/es\/wp-json\/wp\/v2\/users\/38"}],"replies":[{"embeddable":true,"href":"https:\/\/ppdegalicia.com\/es\/wp-json\/wp\/v2\/comments?post=67421"}],"version-history":[{"count":1,"href":"https:\/\/ppdegalicia.com\/es\/wp-json\/wp\/v2\/posts\/67421\/revisions"}],"predecessor-version":[{"id":67424,"href":"https:\/\/ppdegalicia.com\/es\/wp-json\/wp\/v2\/posts\/67421\/revisions\/67424"}],"wp:featuredmedia":[{"embeddable":true,"href":"https:\/\/ppdegalicia.com\/es\/wp-json\/wp\/v2\/media\/67422"}],"wp:attachment":[{"href":"https:\/\/ppdegalicia.com\/es\/wp-json\/wp\/v2\/media?parent=67421"}],"wp:term":[{"taxonomy":"category","embeddable":true,"href":"https:\/\/ppdegalicia.com\/es\/wp-json\/wp\/v2\/categories?post=67421"},{"taxonomy":"post_tag","embeddable":true,"href":"https:\/\/ppdegalicia.com\/es\/wp-json\/wp\/v2\/tags?post=67421"}],"curies":[{"name":"wp","href":"https:\/\/api.w.org\/{rel}","templated":true}]}}