{"id":67533,"date":"2025-06-20T19:39:10","date_gmt":"2025-06-20T18:39:10","guid":{"rendered":"https:\/\/ppdegalicia.com\/?p=67533"},"modified":"2025-06-20T19:39:10","modified_gmt":"2025-06-20T18:39:10","slug":"o-grupo-popular-propon-que-o-parlamento-galego-amose-a-sua-defensa-e-respecto-a-independencia-do-poder-xudicial-posicionandose-en-contra-das-acusacions-de-lawfare-as-actuacions-xudiciais","status":"publish","type":"post","link":"https:\/\/ppdegalicia.com\/es\/o-grupo-popular-propon-que-o-parlamento-galego-amose-a-sua-defensa-e-respecto-a-independencia-do-poder-xudicial-posicionandose-en-contra-das-acusacions-de-lawfare-as-actuacions-xudiciais\/","title":{"rendered":"O Grupo Popular prop\u00f3n que o Parlamento galego amose a s\u00faa defensa e respecto \u00e1 independencia do Poder Xudicial, posicion\u00e1ndose en contra das acusaci\u00f3ns de lawfare \u00e1s actuaci\u00f3ns xudiciais"},"content":{"rendered":"<p>O Grupo Popular propor\u00e1 que o Parlamento galego aprobe unha resoluci\u00f3n en defensa e apoio ao Estado democr\u00e1tico e de dereito, que implica o m\u00e1ximo respecto \u00e1 independencia do Poder Xudicial; as\u00ed como de rexeitamento expreso a calquera manifestaci\u00f3n realizada polas forzas pol\u00edticas cualificando de lawfare as actuaci\u00f3ns levadas a cabo pola Xustiza para perseguir a corrupci\u00f3n pol\u00edtica, e pedindo ao Goberno de Espa\u00f1a a retirada do proxecto de Lei pola que se regula o Estatuto Org\u00e1nico do Ministerio Fiscal, que constit\u00fae un retroceso ao Estado de Dereito.<\/p>\n<p>O portavoz popular, Alberto Pazos, puxo en valor que \u201ca normalidade pol\u00edtica e democr\u00e1tica que afortunadamente vivimos en Galicia nos permite asistir at\u00f3nitos aos acontecementos de corrupci\u00f3n pol\u00edtica, institucional e moral que te\u00f1en como epicentro a Pedro S\u00e1nchez\u201d. Neste sentido, indicou que \u201cEspa\u00f1a non pode seguir nas mans dun Presidente que o seu \u00fanico obxectivo \u00e9 manterse na Moncloa a calquera prezo, en mans duns aliados, que cada d\u00eda son m\u00e1is c\u00f3mplices das s\u00faas fechor\u00edas, que, xa o dixeron por activa e por pasiva, s\u00f3 queren mantelo no poder para aproveitar a s\u00faa debilidade e sacar o m\u00e1ximo proveito e as m\u00e1ximas concesi\u00f3ns no seu \u00fanico beneficio\u201d.<\/p>\n<p><strong>ATAQUE \u00c1 XUSTIZA<\/strong><\/p>\n<p>\u201cDesde o Grupo Popular imos seguir defendendo a limpeza do sistema democr\u00e1tico que felizmente gozamos en Espa\u00f1a e unha das cuesti\u00f3ns que m\u00e1is nos preocupa neste momento \u00e9 o ataque que desde o Goberno de Espa\u00f1a, e de todos os aliados-c\u00f3mplices do PSOE, se est\u00e1 a lanzar contra a independencia, a imparcialidade e a neutralidade do Poder Xudicial en Espa\u00f1a\u201d, manifestou.<\/p>\n<p>Por este motivo, Pazos anunciou que o Grupo Popular v\u00e9n de rexistrar no Parlamento galego unha proposici\u00f3n non de lei a trav\u00e9s da que se prop\u00f3n a aprobaci\u00f3n dunha resoluci\u00f3n en defensa e apoio ao Estado democr\u00e1tico e de dereito, que implica o m\u00e1ximo respecto \u00e1 independencia do Poder Xudicial; a necesidade de absterse de dar indicaci\u00f3ns, instruci\u00f3ns ou presentar a xu\u00edces e maxistrados sobre como se debe interpretar e aplicar o ordenamento xur\u00eddico; e, tam\u00e9n, a urxente necesidade de que cesen os ataques a xu\u00edces e maxistrados polo desenvolvemento do seu traballo libre, imparcial e neutral\u201d.<\/p>\n<p>O Grupo Popular tam\u00e9n incl\u00fae nesta proposta de resoluci\u00f3n o rexeitamento expreso a calquera manifestaci\u00f3n realizada polas forzas pol\u00edticas, tanto galegas como do resto do Estado espa\u00f1ol, cualificando de lawfare as actuaci\u00f3ns levadas a cabo pola Xustiza para perseguir a corrupci\u00f3n pol\u00edtica. \u201c\u00c9 necesario que se mante\u00f1a un escrupuloso respecto \u00e1s actuaci\u00f3ns de xu\u00edces e maxistrados, algo que ten que vir acompa\u00f1ado do cesamento de calquera presi\u00f3n ou interferencia na labor xudicial, para que poida levar adiante o seu traballo con liberdade e coa colaboraci\u00f3n m\u00e1xima para que todos podamos co\u00f1ecer a verdade dos feitos investigados\u201d, apuntou.<\/p>\n<p><strong>ACTITUDE INDULXENTE DO BNG<\/strong><\/p>\n<p>Neste sentido, Alberto Pazos criticou \u201ca actitude indulxente do BNG, un dos m\u00e1is destacados aliado-c\u00f3mplice de Pedro S\u00e1nchez, que non tivo problemas en acusar \u00e1 Xustiza, na boca da s\u00faa portavoz nacional, a se\u00f1ora Pont\u00f3n, de incorrer en lawfare na s\u00faa loita por investigar e loitar contra a corrupci\u00f3n que inunda ao Partido Socialista, \u201cacusaci\u00f3n que, practicamente de inmediato, se viu obrigada a rectificar cando se fixeron p\u00fablicas algunhas das conversaci\u00f3ns inclu\u00eddas no co\u00f1ecido informe elaborado polo Unidade Central Operativa da Garda Civil\u201d.<\/p>\n<p>\u201cEsa pureza e decencia \u00e9 incompatible con seguir gobernando da man dese PSOE tan abrasado pola corrupci\u00f3n\u201d, afirmou o portavoz popular dirix\u00edndose aos responsables do BNG, polo que pediulles que \u201cretiren de inmediato os seus apoios aos gobernos socialistas que soste\u00f1en, e rexeiten o apoio dos socialistas nos concellos que gobernan co seu respaldo\u201d. \u201cEsa ser\u00e1 a mellor forma de levar \u00e1 pr\u00e1ctica a pulcritude que queren trasladar aos galegos, pero xa estamos acostumbrados a que desde o BNG se afirme unha cousa que, posteriormente na realidade \u00e9 outra totalmente distinta\u201d, dixo.<\/p>\n<p>A iniciativa rexistrada polo Grupo Popular incl\u00fae, por \u00faltimo, a solicitude ao Goberno de Pedro S\u00e1nchez para que \u201cretire a reforma lexislativa que, de chegar a aprobarse, ser\u00e1 un maior retroceso vivido nunca antes polo Estado de Dereito, porque ataca directamente a independencia xudicial, promove o acceso arbitrario \u00e1s carreiras xudicial e fiscal, e non respecta os principios constitucionais de igualdade, m\u00e9rito e capacidade\u201d.<\/p>\n<p>As\u00ed, considerou \u201cimprescindible a retirada deste proxecto de lei org\u00e1nica para que se siga respectando estritamente o principio b\u00e1sico e esencial en democracia de que todos os cidad\u00e1ns deben respecto \u00e1 separaci\u00f3n de poderes, \u00e1 independencia dos xu\u00edces e tribunais e \u00e1s decisi\u00f3ns que emanan de todos os \u00f3rganos xudiciais\u201d.<\/p>\n","protected":false},"excerpt":{"rendered":"<p>O Grupo Popular propor\u00e1 que o Parlamento galego aprobe unha resoluci\u00f3n en defensa e apoio ao Estado democr\u00e1tico e de dereito, que implica o m\u00e1ximo respecto \u00e1 independencia do Poder Xudicial; as\u00ed como de rexeitamento expreso a calquera manifestaci\u00f3n realizada polas forzas pol\u00edticas cualificando de lawfare as actuaci\u00f3ns levadas a cabo pola Xustiza para perseguir [&hellip;]<\/p>\n","protected":false},"author":38,"featured_media":67534,"comment_status":"closed","ping_status":"open","sticky":false,"template":"","format":"standard","meta":{"_acf_changed":false,"footnotes":""},"categories":[1128],"tags":[],"class_list":["post-67533","post","type-post","status-publish","format-standard","has-post-thumbnail","hentry","category-actualidad-parlamento-de-galicia"],"acf":[],"yoast_head":"<!-- This site is optimized with the Yoast SEO plugin v27.3 - https:\/\/yoast.com\/product\/yoast-seo-wordpress\/ -->\n<title>O Grupo Popular prop\u00f3n que o Parlamento galego amose a s\u00faa defensa e respecto \u00e1 independencia do Poder Xudicial, posicion\u00e1ndose en contra das acusaci\u00f3ns de lawfare \u00e1s actuaci\u00f3ns xudiciais - PP de Galicia<\/title>\n<meta name=\"description\" content=\"O Grupo Popular propor\u00e1 que o Parlamento galego aprobe unha resoluci\u00f3n en defensa e apoio ao Estado democr\u00e1tico e de dereito, que implica o m\u00e1ximo respecto \u00e1 independencia do Poder Xudicial; as\u00ed como de rexeitamento expreso a calquera manifestaci\u00f3n realizada polas forzas pol\u00edticas cualificando de lawfare as actuaci\u00f3ns levadas a cabo pola Xustiza para perseguir a corrupci\u00f3n pol\u00edtica, e pedindo ao Goberno de Espa\u00f1a a retirada do proxecto de Lei pola que se regula o Estatuto Org\u00e1nico do Ministerio Fiscal, que constit\u00fae un retroceso ao Estado de Dereito.\" \/>\n<meta name=\"robots\" content=\"index, follow, max-snippet:-1, max-image-preview:large, max-video-preview:-1\" \/>\n<link rel=\"canonical\" href=\"https:\/\/ppdegalicia.com\/es\/o-grupo-popular-propon-que-o-parlamento-galego-amose-a-sua-defensa-e-respecto-a-independencia-do-poder-xudicial-posicionandose-en-contra-das-acusacions-de-lawfare-as-actuacions-xudiciais\/\" \/>\n<meta property=\"og:locale\" content=\"es_ES\" \/>\n<meta property=\"og:type\" content=\"article\" \/>\n<meta property=\"og:title\" content=\"O Grupo Popular prop\u00f3n que o Parlamento galego amose a s\u00faa defensa e respecto \u00e1 independencia do Poder Xudicial, posicion\u00e1ndose en contra das acusaci\u00f3ns de lawfare \u00e1s actuaci\u00f3ns xudiciais - PP de Galicia\" \/>\n<meta property=\"og:description\" content=\"O Grupo Popular propor\u00e1 que o Parlamento galego aprobe unha resoluci\u00f3n en defensa e apoio ao Estado democr\u00e1tico e de dereito, que implica o m\u00e1ximo respecto \u00e1 independencia do Poder Xudicial; as\u00ed como de rexeitamento expreso a calquera manifestaci\u00f3n realizada polas forzas pol\u00edticas cualificando de lawfare as actuaci\u00f3ns levadas a cabo pola Xustiza para perseguir a corrupci\u00f3n pol\u00edtica, e pedindo ao Goberno de Espa\u00f1a a retirada do proxecto de Lei pola que se regula o Estatuto Org\u00e1nico do Ministerio Fiscal, que constit\u00fae un retroceso ao Estado de Dereito.\" \/>\n<meta property=\"og:url\" content=\"https:\/\/ppdegalicia.com\/es\/o-grupo-popular-propon-que-o-parlamento-galego-amose-a-sua-defensa-e-respecto-a-independencia-do-poder-xudicial-posicionandose-en-contra-das-acusacions-de-lawfare-as-actuacions-xudiciais\/\" \/>\n<meta property=\"og:site_name\" content=\"PP de Galicia\" \/>\n<meta property=\"article:publisher\" content=\"https:\/\/www.instagram.com\/ppdegalicia\/\" \/>\n<meta property=\"article:published_time\" content=\"2025-06-20T18:39:10+00:00\" \/>\n<meta property=\"og:image\" content=\"https:\/\/ppdegalicia.com\/wp-content\/uploads\/2025\/06\/20250620_APazos_rdp5-scaled.jpg\" \/>\n\t<meta property=\"og:image:width\" content=\"2560\" \/>\n\t<meta property=\"og:image:height\" content=\"1707\" \/>\n\t<meta property=\"og:image:type\" content=\"image\/jpeg\" \/>\n<meta name=\"author\" content=\"ppdegaliciaredes\" \/>\n<meta name=\"twitter:card\" content=\"summary_large_image\" \/>\n<meta name=\"twitter:creator\" content=\"@ppdegalicia\" \/>\n<meta name=\"twitter:site\" content=\"@ppdegalicia\" \/>\n<meta name=\"twitter:label1\" content=\"Escrito por\" \/>\n\t<meta name=\"twitter:data1\" content=\"ppdegaliciaredes\" \/>\n\t<meta name=\"twitter:label2\" content=\"Tiempo de lectura\" \/>\n\t<meta name=\"twitter:data2\" content=\"5 minutos\" \/>\n<script type=\"application\/ld+json\" class=\"yoast-schema-graph\">{\"@context\":\"https:\\\/\\\/schema.org\",\"@graph\":[{\"@type\":\"Article\",\"@id\":\"https:\\\/\\\/ppdegalicia.com\\\/es\\\/o-grupo-popular-propon-que-o-parlamento-galego-amose-a-sua-defensa-e-respecto-a-independencia-do-poder-xudicial-posicionandose-en-contra-das-acusacions-de-lawfare-as-actuacions-xudiciais\\\/#article\",\"isPartOf\":{\"@id\":\"https:\\\/\\\/ppdegalicia.com\\\/es\\\/o-grupo-popular-propon-que-o-parlamento-galego-amose-a-sua-defensa-e-respecto-a-independencia-do-poder-xudicial-posicionandose-en-contra-das-acusacions-de-lawfare-as-actuacions-xudiciais\\\/\"},\"author\":{\"name\":\"ppdegaliciaredes\",\"@id\":\"https:\\\/\\\/ppdegalicia.com\\\/es\\\/#\\\/schema\\\/person\\\/5b822c6f59e872ebdd1142f307dbcb59\"},\"headline\":\"O Grupo Popular prop\u00f3n que o Parlamento galego amose a s\u00faa defensa e respecto \u00e1 independencia do Poder Xudicial, posicion\u00e1ndose en contra das acusaci\u00f3ns de lawfare \u00e1s actuaci\u00f3ns xudiciais\",\"datePublished\":\"2025-06-20T18:39:10+00:00\",\"mainEntityOfPage\":{\"@id\":\"https:\\\/\\\/ppdegalicia.com\\\/es\\\/o-grupo-popular-propon-que-o-parlamento-galego-amose-a-sua-defensa-e-respecto-a-independencia-do-poder-xudicial-posicionandose-en-contra-das-acusacions-de-lawfare-as-actuacions-xudiciais\\\/\"},\"wordCount\":859,\"publisher\":{\"@id\":\"https:\\\/\\\/ppdegalicia.com\\\/es\\\/#organization\"},\"image\":{\"@id\":\"https:\\\/\\\/ppdegalicia.com\\\/es\\\/o-grupo-popular-propon-que-o-parlamento-galego-amose-a-sua-defensa-e-respecto-a-independencia-do-poder-xudicial-posicionandose-en-contra-das-acusacions-de-lawfare-as-actuacions-xudiciais\\\/#primaryimage\"},\"thumbnailUrl\":\"https:\\\/\\\/ppdegalicia.com\\\/wp-content\\\/uploads\\\/2025\\\/06\\\/20250620_APazos_rdp5-scaled.jpg\",\"articleSection\":[\"Parlamento de Galicia\"],\"inLanguage\":\"es\"},{\"@type\":\"WebPage\",\"@id\":\"https:\\\/\\\/ppdegalicia.com\\\/es\\\/o-grupo-popular-propon-que-o-parlamento-galego-amose-a-sua-defensa-e-respecto-a-independencia-do-poder-xudicial-posicionandose-en-contra-das-acusacions-de-lawfare-as-actuacions-xudiciais\\\/\",\"url\":\"https:\\\/\\\/ppdegalicia.com\\\/es\\\/o-grupo-popular-propon-que-o-parlamento-galego-amose-a-sua-defensa-e-respecto-a-independencia-do-poder-xudicial-posicionandose-en-contra-das-acusacions-de-lawfare-as-actuacions-xudiciais\\\/\",\"name\":\"O Grupo Popular prop\u00f3n que o Parlamento galego amose a s\u00faa defensa e respecto \u00e1 independencia do Poder Xudicial, posicion\u00e1ndose en contra das acusaci\u00f3ns de lawfare \u00e1s actuaci\u00f3ns xudiciais - PP de Galicia\",\"isPartOf\":{\"@id\":\"https:\\\/\\\/ppdegalicia.com\\\/es\\\/#website\"},\"primaryImageOfPage\":{\"@id\":\"https:\\\/\\\/ppdegalicia.com\\\/es\\\/o-grupo-popular-propon-que-o-parlamento-galego-amose-a-sua-defensa-e-respecto-a-independencia-do-poder-xudicial-posicionandose-en-contra-das-acusacions-de-lawfare-as-actuacions-xudiciais\\\/#primaryimage\"},\"image\":{\"@id\":\"https:\\\/\\\/ppdegalicia.com\\\/es\\\/o-grupo-popular-propon-que-o-parlamento-galego-amose-a-sua-defensa-e-respecto-a-independencia-do-poder-xudicial-posicionandose-en-contra-das-acusacions-de-lawfare-as-actuacions-xudiciais\\\/#primaryimage\"},\"thumbnailUrl\":\"https:\\\/\\\/ppdegalicia.com\\\/wp-content\\\/uploads\\\/2025\\\/06\\\/20250620_APazos_rdp5-scaled.jpg\",\"datePublished\":\"2025-06-20T18:39:10+00:00\",\"description\":\"O Grupo Popular propor\u00e1 que o Parlamento galego aprobe unha resoluci\u00f3n en defensa e apoio ao Estado democr\u00e1tico e de dereito, que implica o m\u00e1ximo respecto \u00e1 independencia do Poder Xudicial; as\u00ed como de rexeitamento expreso a calquera manifestaci\u00f3n realizada polas forzas pol\u00edticas cualificando de lawfare as actuaci\u00f3ns levadas a cabo pola Xustiza para perseguir a corrupci\u00f3n pol\u00edtica, e pedindo ao Goberno de Espa\u00f1a a retirada do proxecto de Lei pola que se regula o Estatuto Org\u00e1nico do Ministerio Fiscal, que constit\u00fae un retroceso ao Estado de Dereito.\",\"breadcrumb\":{\"@id\":\"https:\\\/\\\/ppdegalicia.com\\\/es\\\/o-grupo-popular-propon-que-o-parlamento-galego-amose-a-sua-defensa-e-respecto-a-independencia-do-poder-xudicial-posicionandose-en-contra-das-acusacions-de-lawfare-as-actuacions-xudiciais\\\/#breadcrumb\"},\"inLanguage\":\"es\",\"potentialAction\":[{\"@type\":\"ReadAction\",\"target\":[\"https:\\\/\\\/ppdegalicia.com\\\/es\\\/o-grupo-popular-propon-que-o-parlamento-galego-amose-a-sua-defensa-e-respecto-a-independencia-do-poder-xudicial-posicionandose-en-contra-das-acusacions-de-lawfare-as-actuacions-xudiciais\\\/\"]}]},{\"@type\":\"ImageObject\",\"inLanguage\":\"es\",\"@id\":\"https:\\\/\\\/ppdegalicia.com\\\/es\\\/o-grupo-popular-propon-que-o-parlamento-galego-amose-a-sua-defensa-e-respecto-a-independencia-do-poder-xudicial-posicionandose-en-contra-das-acusacions-de-lawfare-as-actuacions-xudiciais\\\/#primaryimage\",\"url\":\"https:\\\/\\\/ppdegalicia.com\\\/wp-content\\\/uploads\\\/2025\\\/06\\\/20250620_APazos_rdp5-scaled.jpg\",\"contentUrl\":\"https:\\\/\\\/ppdegalicia.com\\\/wp-content\\\/uploads\\\/2025\\\/06\\\/20250620_APazos_rdp5-scaled.jpg\",\"width\":2560,\"height\":1707},{\"@type\":\"BreadcrumbList\",\"@id\":\"https:\\\/\\\/ppdegalicia.com\\\/es\\\/o-grupo-popular-propon-que-o-parlamento-galego-amose-a-sua-defensa-e-respecto-a-independencia-do-poder-xudicial-posicionandose-en-contra-das-acusacions-de-lawfare-as-actuacions-xudiciais\\\/#breadcrumb\",\"itemListElement\":[{\"@type\":\"ListItem\",\"position\":1,\"name\":\"Portada\",\"item\":\"https:\\\/\\\/ppdegalicia.com\\\/es\\\/\"},{\"@type\":\"ListItem\",\"position\":2,\"name\":\"O Grupo Popular prop\u00f3n que o Parlamento galego amose a s\u00faa defensa e respecto \u00e1 independencia do Poder Xudicial, posicion\u00e1ndose en contra das acusaci\u00f3ns de lawfare \u00e1s actuaci\u00f3ns xudiciais\"}]},{\"@type\":\"WebSite\",\"@id\":\"https:\\\/\\\/ppdegalicia.com\\\/es\\\/#website\",\"url\":\"https:\\\/\\\/ppdegalicia.com\\\/es\\\/\",\"name\":\"Partido Popular de Galicia\",\"description\":\"Partido Popular de Galicia\",\"publisher\":{\"@id\":\"https:\\\/\\\/ppdegalicia.com\\\/es\\\/#organization\"},\"alternateName\":\"PP de Galicia\",\"potentialAction\":[{\"@type\":\"SearchAction\",\"target\":{\"@type\":\"EntryPoint\",\"urlTemplate\":\"https:\\\/\\\/ppdegalicia.com\\\/es\\\/?s={search_term_string}\"},\"query-input\":{\"@type\":\"PropertyValueSpecification\",\"valueRequired\":true,\"valueName\":\"search_term_string\"}}],\"inLanguage\":\"es\"},{\"@type\":\"Organization\",\"@id\":\"https:\\\/\\\/ppdegalicia.com\\\/es\\\/#organization\",\"name\":\"Partido Popular de Galicia\",\"alternateName\":\"PP de Galicia\",\"url\":\"https:\\\/\\\/ppdegalicia.com\\\/es\\\/\",\"logo\":{\"@type\":\"ImageObject\",\"inLanguage\":\"es\",\"@id\":\"https:\\\/\\\/ppdegalicia.com\\\/es\\\/#\\\/schema\\\/logo\\\/image\\\/\",\"url\":\"https:\\\/\\\/ppdegalicia.com\\\/wp-content\\\/uploads\\\/2023\\\/04\\\/logoPP512.png\",\"contentUrl\":\"https:\\\/\\\/ppdegalicia.com\\\/wp-content\\\/uploads\\\/2023\\\/04\\\/logoPP512.png\",\"width\":512,\"height\":512,\"caption\":\"Partido Popular de Galicia\"},\"image\":{\"@id\":\"https:\\\/\\\/ppdegalicia.com\\\/es\\\/#\\\/schema\\\/logo\\\/image\\\/\"},\"sameAs\":[\"https:\\\/\\\/www.instagram.com\\\/ppdegalicia\\\/\",\"https:\\\/\\\/x.com\\\/ppdegalicia\",\"https:\\\/\\\/www.tiktok.com\\\/@ppdegalicia\",\"https:\\\/\\\/www.youtube.com\\\/user\\\/ppdegalicia\"]},{\"@type\":\"Person\",\"@id\":\"https:\\\/\\\/ppdegalicia.com\\\/es\\\/#\\\/schema\\\/person\\\/5b822c6f59e872ebdd1142f307dbcb59\",\"name\":\"ppdegaliciaredes\",\"image\":{\"@type\":\"ImageObject\",\"inLanguage\":\"es\",\"@id\":\"https:\\\/\\\/secure.gravatar.com\\\/avatar\\\/3c9179cf0256d00c72a48d1f25783c58b6842cd56e85ef3a572881c8e28ccd59?s=96&d=mm&r=g\",\"url\":\"https:\\\/\\\/secure.gravatar.com\\\/avatar\\\/3c9179cf0256d00c72a48d1f25783c58b6842cd56e85ef3a572881c8e28ccd59?s=96&d=mm&r=g\",\"contentUrl\":\"https:\\\/\\\/secure.gravatar.com\\\/avatar\\\/3c9179cf0256d00c72a48d1f25783c58b6842cd56e85ef3a572881c8e28ccd59?s=96&d=mm&r=g\",\"caption\":\"ppdegaliciaredes\"},\"url\":\"https:\\\/\\\/ppdegalicia.com\\\/es\\\/author\\\/ppdegaliciaredes\\\/\"}]}<\/script>\n<!-- \/ Yoast SEO plugin. -->","yoast_head_json":{"title":"O Grupo Popular prop\u00f3n que o Parlamento galego amose a s\u00faa defensa e respecto \u00e1 independencia do Poder Xudicial, posicion\u00e1ndose en contra das acusaci\u00f3ns de lawfare \u00e1s actuaci\u00f3ns xudiciais - PP de Galicia","description":"O Grupo Popular propor\u00e1 que o Parlamento galego aprobe unha resoluci\u00f3n en defensa e apoio ao Estado democr\u00e1tico e de dereito, que implica o m\u00e1ximo respecto \u00e1 independencia do Poder Xudicial; as\u00ed como de rexeitamento expreso a calquera manifestaci\u00f3n realizada polas forzas pol\u00edticas cualificando de lawfare as actuaci\u00f3ns levadas a cabo pola Xustiza para perseguir a corrupci\u00f3n pol\u00edtica, e pedindo ao Goberno de Espa\u00f1a a retirada do proxecto de Lei pola que se regula o Estatuto Org\u00e1nico do Ministerio Fiscal, que constit\u00fae un retroceso ao Estado de Dereito.","robots":{"index":"index","follow":"follow","max-snippet":"max-snippet:-1","max-image-preview":"max-image-preview:large","max-video-preview":"max-video-preview:-1"},"canonical":"https:\/\/ppdegalicia.com\/es\/o-grupo-popular-propon-que-o-parlamento-galego-amose-a-sua-defensa-e-respecto-a-independencia-do-poder-xudicial-posicionandose-en-contra-das-acusacions-de-lawfare-as-actuacions-xudiciais\/","og_locale":"es_ES","og_type":"article","og_title":"O Grupo Popular prop\u00f3n que o Parlamento galego amose a s\u00faa defensa e respecto \u00e1 independencia do Poder Xudicial, posicion\u00e1ndose en contra das acusaci\u00f3ns de lawfare \u00e1s actuaci\u00f3ns xudiciais - PP de Galicia","og_description":"O Grupo Popular propor\u00e1 que o Parlamento galego aprobe unha resoluci\u00f3n en defensa e apoio ao Estado democr\u00e1tico e de dereito, que implica o m\u00e1ximo respecto \u00e1 independencia do Poder Xudicial; as\u00ed como de rexeitamento expreso a calquera manifestaci\u00f3n realizada polas forzas pol\u00edticas cualificando de lawfare as actuaci\u00f3ns levadas a cabo pola Xustiza para perseguir a corrupci\u00f3n pol\u00edtica, e pedindo ao Goberno de Espa\u00f1a a retirada do proxecto de Lei pola que se regula o Estatuto Org\u00e1nico do Ministerio Fiscal, que constit\u00fae un retroceso ao Estado de Dereito.","og_url":"https:\/\/ppdegalicia.com\/es\/o-grupo-popular-propon-que-o-parlamento-galego-amose-a-sua-defensa-e-respecto-a-independencia-do-poder-xudicial-posicionandose-en-contra-das-acusacions-de-lawfare-as-actuacions-xudiciais\/","og_site_name":"PP de Galicia","article_publisher":"https:\/\/www.instagram.com\/ppdegalicia\/","article_published_time":"2025-06-20T18:39:10+00:00","og_image":[{"width":2560,"height":1707,"url":"https:\/\/ppdegalicia.com\/wp-content\/uploads\/2025\/06\/20250620_APazos_rdp5-scaled.jpg","type":"image\/jpeg"}],"author":"ppdegaliciaredes","twitter_card":"summary_large_image","twitter_creator":"@ppdegalicia","twitter_site":"@ppdegalicia","twitter_misc":{"Escrito por":"ppdegaliciaredes","Tiempo de lectura":"5 minutos"},"schema":{"@context":"https:\/\/schema.org","@graph":[{"@type":"Article","@id":"https:\/\/ppdegalicia.com\/es\/o-grupo-popular-propon-que-o-parlamento-galego-amose-a-sua-defensa-e-respecto-a-independencia-do-poder-xudicial-posicionandose-en-contra-das-acusacions-de-lawfare-as-actuacions-xudiciais\/#article","isPartOf":{"@id":"https:\/\/ppdegalicia.com\/es\/o-grupo-popular-propon-que-o-parlamento-galego-amose-a-sua-defensa-e-respecto-a-independencia-do-poder-xudicial-posicionandose-en-contra-das-acusacions-de-lawfare-as-actuacions-xudiciais\/"},"author":{"name":"ppdegaliciaredes","@id":"https:\/\/ppdegalicia.com\/es\/#\/schema\/person\/5b822c6f59e872ebdd1142f307dbcb59"},"headline":"O Grupo Popular prop\u00f3n que o Parlamento galego amose a s\u00faa defensa e respecto \u00e1 independencia do Poder Xudicial, posicion\u00e1ndose en contra das acusaci\u00f3ns de lawfare \u00e1s actuaci\u00f3ns xudiciais","datePublished":"2025-06-20T18:39:10+00:00","mainEntityOfPage":{"@id":"https:\/\/ppdegalicia.com\/es\/o-grupo-popular-propon-que-o-parlamento-galego-amose-a-sua-defensa-e-respecto-a-independencia-do-poder-xudicial-posicionandose-en-contra-das-acusacions-de-lawfare-as-actuacions-xudiciais\/"},"wordCount":859,"publisher":{"@id":"https:\/\/ppdegalicia.com\/es\/#organization"},"image":{"@id":"https:\/\/ppdegalicia.com\/es\/o-grupo-popular-propon-que-o-parlamento-galego-amose-a-sua-defensa-e-respecto-a-independencia-do-poder-xudicial-posicionandose-en-contra-das-acusacions-de-lawfare-as-actuacions-xudiciais\/#primaryimage"},"thumbnailUrl":"https:\/\/ppdegalicia.com\/wp-content\/uploads\/2025\/06\/20250620_APazos_rdp5-scaled.jpg","articleSection":["Parlamento de Galicia"],"inLanguage":"es"},{"@type":"WebPage","@id":"https:\/\/ppdegalicia.com\/es\/o-grupo-popular-propon-que-o-parlamento-galego-amose-a-sua-defensa-e-respecto-a-independencia-do-poder-xudicial-posicionandose-en-contra-das-acusacions-de-lawfare-as-actuacions-xudiciais\/","url":"https:\/\/ppdegalicia.com\/es\/o-grupo-popular-propon-que-o-parlamento-galego-amose-a-sua-defensa-e-respecto-a-independencia-do-poder-xudicial-posicionandose-en-contra-das-acusacions-de-lawfare-as-actuacions-xudiciais\/","name":"O Grupo Popular prop\u00f3n que o Parlamento galego amose a s\u00faa defensa e respecto \u00e1 independencia do Poder Xudicial, posicion\u00e1ndose en contra das acusaci\u00f3ns de lawfare \u00e1s actuaci\u00f3ns xudiciais - PP de Galicia","isPartOf":{"@id":"https:\/\/ppdegalicia.com\/es\/#website"},"primaryImageOfPage":{"@id":"https:\/\/ppdegalicia.com\/es\/o-grupo-popular-propon-que-o-parlamento-galego-amose-a-sua-defensa-e-respecto-a-independencia-do-poder-xudicial-posicionandose-en-contra-das-acusacions-de-lawfare-as-actuacions-xudiciais\/#primaryimage"},"image":{"@id":"https:\/\/ppdegalicia.com\/es\/o-grupo-popular-propon-que-o-parlamento-galego-amose-a-sua-defensa-e-respecto-a-independencia-do-poder-xudicial-posicionandose-en-contra-das-acusacions-de-lawfare-as-actuacions-xudiciais\/#primaryimage"},"thumbnailUrl":"https:\/\/ppdegalicia.com\/wp-content\/uploads\/2025\/06\/20250620_APazos_rdp5-scaled.jpg","datePublished":"2025-06-20T18:39:10+00:00","description":"O Grupo Popular propor\u00e1 que o Parlamento galego aprobe unha resoluci\u00f3n en defensa e apoio ao Estado democr\u00e1tico e de dereito, que implica o m\u00e1ximo respecto \u00e1 independencia do Poder Xudicial; as\u00ed como de rexeitamento expreso a calquera manifestaci\u00f3n realizada polas forzas pol\u00edticas cualificando de lawfare as actuaci\u00f3ns levadas a cabo pola Xustiza para perseguir a corrupci\u00f3n pol\u00edtica, e pedindo ao Goberno de Espa\u00f1a a retirada do proxecto de Lei pola que se regula o Estatuto Org\u00e1nico do Ministerio Fiscal, que constit\u00fae un retroceso ao Estado de Dereito.","breadcrumb":{"@id":"https:\/\/ppdegalicia.com\/es\/o-grupo-popular-propon-que-o-parlamento-galego-amose-a-sua-defensa-e-respecto-a-independencia-do-poder-xudicial-posicionandose-en-contra-das-acusacions-de-lawfare-as-actuacions-xudiciais\/#breadcrumb"},"inLanguage":"es","potentialAction":[{"@type":"ReadAction","target":["https:\/\/ppdegalicia.com\/es\/o-grupo-popular-propon-que-o-parlamento-galego-amose-a-sua-defensa-e-respecto-a-independencia-do-poder-xudicial-posicionandose-en-contra-das-acusacions-de-lawfare-as-actuacions-xudiciais\/"]}]},{"@type":"ImageObject","inLanguage":"es","@id":"https:\/\/ppdegalicia.com\/es\/o-grupo-popular-propon-que-o-parlamento-galego-amose-a-sua-defensa-e-respecto-a-independencia-do-poder-xudicial-posicionandose-en-contra-das-acusacions-de-lawfare-as-actuacions-xudiciais\/#primaryimage","url":"https:\/\/ppdegalicia.com\/wp-content\/uploads\/2025\/06\/20250620_APazos_rdp5-scaled.jpg","contentUrl":"https:\/\/ppdegalicia.com\/wp-content\/uploads\/2025\/06\/20250620_APazos_rdp5-scaled.jpg","width":2560,"height":1707},{"@type":"BreadcrumbList","@id":"https:\/\/ppdegalicia.com\/es\/o-grupo-popular-propon-que-o-parlamento-galego-amose-a-sua-defensa-e-respecto-a-independencia-do-poder-xudicial-posicionandose-en-contra-das-acusacions-de-lawfare-as-actuacions-xudiciais\/#breadcrumb","itemListElement":[{"@type":"ListItem","position":1,"name":"Portada","item":"https:\/\/ppdegalicia.com\/es\/"},{"@type":"ListItem","position":2,"name":"O Grupo Popular prop\u00f3n que o Parlamento galego amose a s\u00faa defensa e respecto \u00e1 independencia do Poder Xudicial, posicion\u00e1ndose en contra das acusaci\u00f3ns de lawfare \u00e1s actuaci\u00f3ns xudiciais"}]},{"@type":"WebSite","@id":"https:\/\/ppdegalicia.com\/es\/#website","url":"https:\/\/ppdegalicia.com\/es\/","name":"Partido Popular de Galicia","description":"Partido Popular de Galicia","publisher":{"@id":"https:\/\/ppdegalicia.com\/es\/#organization"},"alternateName":"PP de Galicia","potentialAction":[{"@type":"SearchAction","target":{"@type":"EntryPoint","urlTemplate":"https:\/\/ppdegalicia.com\/es\/?s={search_term_string}"},"query-input":{"@type":"PropertyValueSpecification","valueRequired":true,"valueName":"search_term_string"}}],"inLanguage":"es"},{"@type":"Organization","@id":"https:\/\/ppdegalicia.com\/es\/#organization","name":"Partido Popular de Galicia","alternateName":"PP de Galicia","url":"https:\/\/ppdegalicia.com\/es\/","logo":{"@type":"ImageObject","inLanguage":"es","@id":"https:\/\/ppdegalicia.com\/es\/#\/schema\/logo\/image\/","url":"https:\/\/ppdegalicia.com\/wp-content\/uploads\/2023\/04\/logoPP512.png","contentUrl":"https:\/\/ppdegalicia.com\/wp-content\/uploads\/2023\/04\/logoPP512.png","width":512,"height":512,"caption":"Partido Popular de Galicia"},"image":{"@id":"https:\/\/ppdegalicia.com\/es\/#\/schema\/logo\/image\/"},"sameAs":["https:\/\/www.instagram.com\/ppdegalicia\/","https:\/\/x.com\/ppdegalicia","https:\/\/www.tiktok.com\/@ppdegalicia","https:\/\/www.youtube.com\/user\/ppdegalicia"]},{"@type":"Person","@id":"https:\/\/ppdegalicia.com\/es\/#\/schema\/person\/5b822c6f59e872ebdd1142f307dbcb59","name":"ppdegaliciaredes","image":{"@type":"ImageObject","inLanguage":"es","@id":"https:\/\/secure.gravatar.com\/avatar\/3c9179cf0256d00c72a48d1f25783c58b6842cd56e85ef3a572881c8e28ccd59?s=96&d=mm&r=g","url":"https:\/\/secure.gravatar.com\/avatar\/3c9179cf0256d00c72a48d1f25783c58b6842cd56e85ef3a572881c8e28ccd59?s=96&d=mm&r=g","contentUrl":"https:\/\/secure.gravatar.com\/avatar\/3c9179cf0256d00c72a48d1f25783c58b6842cd56e85ef3a572881c8e28ccd59?s=96&d=mm&r=g","caption":"ppdegaliciaredes"},"url":"https:\/\/ppdegalicia.com\/es\/author\/ppdegaliciaredes\/"}]}},"_links":{"self":[{"href":"https:\/\/ppdegalicia.com\/es\/wp-json\/wp\/v2\/posts\/67533","targetHints":{"allow":["GET"]}}],"collection":[{"href":"https:\/\/ppdegalicia.com\/es\/wp-json\/wp\/v2\/posts"}],"about":[{"href":"https:\/\/ppdegalicia.com\/es\/wp-json\/wp\/v2\/types\/post"}],"author":[{"embeddable":true,"href":"https:\/\/ppdegalicia.com\/es\/wp-json\/wp\/v2\/users\/38"}],"replies":[{"embeddable":true,"href":"https:\/\/ppdegalicia.com\/es\/wp-json\/wp\/v2\/comments?post=67533"}],"version-history":[{"count":1,"href":"https:\/\/ppdegalicia.com\/es\/wp-json\/wp\/v2\/posts\/67533\/revisions"}],"predecessor-version":[{"id":67536,"href":"https:\/\/ppdegalicia.com\/es\/wp-json\/wp\/v2\/posts\/67533\/revisions\/67536"}],"wp:featuredmedia":[{"embeddable":true,"href":"https:\/\/ppdegalicia.com\/es\/wp-json\/wp\/v2\/media\/67534"}],"wp:attachment":[{"href":"https:\/\/ppdegalicia.com\/es\/wp-json\/wp\/v2\/media?parent=67533"}],"wp:term":[{"taxonomy":"category","embeddable":true,"href":"https:\/\/ppdegalicia.com\/es\/wp-json\/wp\/v2\/categories?post=67533"},{"taxonomy":"post_tag","embeddable":true,"href":"https:\/\/ppdegalicia.com\/es\/wp-json\/wp\/v2\/tags?post=67533"}],"curies":[{"name":"wp","href":"https:\/\/api.w.org\/{rel}","templated":true}]}}