{"id":67537,"date":"2025-06-21T08:57:23","date_gmt":"2025-06-21T07:57:23","guid":{"rendered":"https:\/\/ppdegalicia.com\/?p=67537"},"modified":"2025-06-23T09:02:17","modified_gmt":"2025-06-23T08:02:17","slug":"o-ppdeg-salienta-o-papel-do-museo-do-vino-de-galicia-como-motor-do-enoturismo-no-ribeiro","status":"publish","type":"post","link":"https:\/\/ppdegalicia.com\/es\/o-ppdeg-salienta-o-papel-do-museo-do-vino-de-galicia-como-motor-do-enoturismo-no-ribeiro\/","title":{"rendered":"Casares e Ferro enxalzan o valor do Museo do Vi\u00f1o como embaixador do patrimonio vitivin\u00edcola galego"},"content":{"rendered":"<p>Os deputados do Grupo Popular Juan Casares e Jos\u00e9 Lu\u00eds Ferro visitaron hoxe en Ribadavia, en compa\u00f1\u00eda do alcalde, C\u00e9sar Fern\u00e1ndez, o Museo do Vi\u00f1o de Galicia e salientaron a importancia que est\u00e1 a ter este centro como polo de atracci\u00f3n de visitantes \u00e1 comarca do Ribeiro e no impulso do turismo enol\u00f3xico en Galicia.<\/p>\n<p>O Museo do Vi\u00f1o de Galicia abriu as s\u00faas portas en 2019 nun edificio singular constru\u00eddo no s\u00e9culo XVIII como casa de priorado para explotaci\u00f3n vit\u00edcola dependente do Mosteiro de San Marti\u00f1o Pinario de Santiago, que logo da desamortizaci\u00f3n de Mendiz\u00e1bal converteuse na casa reitoral de Santo Andr\u00e9 de Camporredondo.<\/p>\n<p><strong>ATRACTIVO TUR\u00cdSTICO<\/strong><\/p>\n<p>Tr\u00e1tase do \u00fanico museo de Galicia dedicado \u00e1 historia da creaci\u00f3n das paisaxes do vi\u00f1o desde unha vertente historia, no que os visitantes poden co\u00f1ecer ao longo das s\u00faas oito salas pezas significativas relacionadas con cada denominaci\u00f3n de orixe do vi\u00f1o na Comunidade galega, cunha sala dedicada en particular \u00e1 comarca do Ribeiro, as\u00ed como instrumental utilizado no proceso de elaboraci\u00f3n do vi\u00f1o, desde que chega a uva \u00e1 adega ata a s\u00faa conversi\u00f3n en zume.<\/p>\n<p>\u201cRepresenta unha infraestrutura p\u00fablica galega cuxa finalidade \u00e9 recuperar, documentar, conservar e difundir todo o patrimonio vitivin\u00edcola de Galicia\u201d, destacou Jos\u00e9 Lu\u00eds Ferro.<\/p>\n<p>Ademais da actividade puramente muse\u00edstica, o Museo do Vi\u00f1o de Galicia desenvolve outra serie de actividades e eventos complementarios que lle dan un valor engadido como centro p\u00fablico, e que se traduce nos m\u00e1is de 30.000 visitantes que xa pasaron polas s\u00faas dependencias.<\/p>\n<p>\u201cA trav\u00e9s da s\u00faa actividade, este centro muse\u00edstico aporta un valor engadido ao territorio hist\u00f3rico do Ribeiro a trav\u00e9s do enoturismo, cunha oferta extraordinaria que \u00e9 reclamo de visitantes chegados desde moi diversos lugares e que redunda na xeraci\u00f3n de riqueza para toda a comarca\u201d, incidiu Juan Casares.<\/p>\n","protected":false},"excerpt":{"rendered":"<p>Os deputados do Grupo Popular Juan Casares e Jos\u00e9 Lu\u00eds Ferro visitaron hoxe en Ribadavia, en compa\u00f1\u00eda do alcalde, C\u00e9sar Fern\u00e1ndez, o Museo do Vi\u00f1o de Galicia e salientaron a importancia que est\u00e1 a ter este centro como polo de atracci\u00f3n de visitantes \u00e1 comarca do Ribeiro e no impulso do turismo enol\u00f3xico en Galicia. [&hellip;]<\/p>\n","protected":false},"author":38,"featured_media":67538,"comment_status":"closed","ping_status":"open","sticky":false,"template":"","format":"standard","meta":{"_acf_changed":false,"footnotes":""},"categories":[1128],"tags":[],"class_list":["post-67537","post","type-post","status-publish","format-standard","has-post-thumbnail","hentry","category-actualidad-parlamento-de-galicia"],"acf":[],"yoast_head":"<!-- This site is optimized with the Yoast SEO plugin v27.3 - https:\/\/yoast.com\/product\/yoast-seo-wordpress\/ -->\n<title>Casares e Ferro enxalzan o valor do Museo do Vi\u00f1o como embaixador do patrimonio vitivin\u00edcola galego - PP de Galicia<\/title>\n<meta name=\"description\" content=\"Os deputados do Grupo Popular Juan Casares e Jos\u00e9 Lu\u00eds Ferro visitaron hoxe en Ribadavia, en compa\u00f1\u00eda do alcalde, C\u00e9sar Fern\u00e1ndez, o Museo do Vi\u00f1o de Galicia e salientaron a importancia que est\u00e1 a ter este centro como polo de atracci\u00f3n de visitantes \u00e1 comarca do Ribeiro e no impulso do turismo enol\u00f3xico en Galicia.\" \/>\n<meta name=\"robots\" content=\"index, follow, max-snippet:-1, max-image-preview:large, max-video-preview:-1\" \/>\n<link rel=\"canonical\" href=\"https:\/\/ppdegalicia.com\/es\/o-ppdeg-salienta-o-papel-do-museo-do-vino-de-galicia-como-motor-do-enoturismo-no-ribeiro\/\" \/>\n<meta property=\"og:locale\" content=\"es_ES\" \/>\n<meta property=\"og:type\" content=\"article\" \/>\n<meta property=\"og:title\" content=\"Casares e Ferro enxalzan o valor do Museo do Vi\u00f1o como embaixador do patrimonio vitivin\u00edcola galego - PP de Galicia\" \/>\n<meta property=\"og:description\" content=\"Os deputados do Grupo Popular Juan Casares e Jos\u00e9 Lu\u00eds Ferro visitaron hoxe en Ribadavia, en compa\u00f1\u00eda do alcalde, C\u00e9sar Fern\u00e1ndez, o Museo do Vi\u00f1o de Galicia e salientaron a importancia que est\u00e1 a ter este centro como polo de atracci\u00f3n de visitantes \u00e1 comarca do Ribeiro e no impulso do turismo enol\u00f3xico en Galicia.\" \/>\n<meta property=\"og:url\" content=\"https:\/\/ppdegalicia.com\/es\/o-ppdeg-salienta-o-papel-do-museo-do-vino-de-galicia-como-motor-do-enoturismo-no-ribeiro\/\" \/>\n<meta property=\"og:site_name\" content=\"PP de Galicia\" \/>\n<meta property=\"article:publisher\" content=\"https:\/\/www.instagram.com\/ppdegalicia\/\" \/>\n<meta property=\"article:published_time\" content=\"2025-06-21T07:57:23+00:00\" \/>\n<meta property=\"article:modified_time\" content=\"2025-06-23T08:02:17+00:00\" \/>\n<meta property=\"og:image\" content=\"https:\/\/ppdegalicia.com\/wp-content\/uploads\/2025\/06\/2WhatsApp-Image-2025-06-23-at-09.58.32.jpeg\" \/>\n\t<meta property=\"og:image:width\" content=\"1600\" \/>\n\t<meta property=\"og:image:height\" content=\"1303\" \/>\n\t<meta property=\"og:image:type\" content=\"image\/jpeg\" \/>\n<meta name=\"author\" content=\"ppdegaliciaredes\" \/>\n<meta name=\"twitter:card\" content=\"summary_large_image\" \/>\n<meta name=\"twitter:creator\" content=\"@ppdegalicia\" \/>\n<meta name=\"twitter:site\" content=\"@ppdegalicia\" \/>\n<meta name=\"twitter:label1\" content=\"Escrito por\" \/>\n\t<meta name=\"twitter:data1\" content=\"ppdegaliciaredes\" \/>\n\t<meta name=\"twitter:label2\" content=\"Tiempo de lectura\" \/>\n\t<meta name=\"twitter:data2\" content=\"2 minutos\" \/>\n<script type=\"application\/ld+json\" class=\"yoast-schema-graph\">{\"@context\":\"https:\\\/\\\/schema.org\",\"@graph\":[{\"@type\":\"Article\",\"@id\":\"https:\\\/\\\/ppdegalicia.com\\\/es\\\/o-ppdeg-salienta-o-papel-do-museo-do-vino-de-galicia-como-motor-do-enoturismo-no-ribeiro\\\/#article\",\"isPartOf\":{\"@id\":\"https:\\\/\\\/ppdegalicia.com\\\/es\\\/o-ppdeg-salienta-o-papel-do-museo-do-vino-de-galicia-como-motor-do-enoturismo-no-ribeiro\\\/\"},\"author\":{\"name\":\"ppdegaliciaredes\",\"@id\":\"https:\\\/\\\/ppdegalicia.com\\\/es\\\/#\\\/schema\\\/person\\\/5b822c6f59e872ebdd1142f307dbcb59\"},\"headline\":\"Casares e Ferro enxalzan o valor do Museo do Vi\u00f1o como embaixador do patrimonio vitivin\u00edcola galego\",\"datePublished\":\"2025-06-21T07:57:23+00:00\",\"dateModified\":\"2025-06-23T08:02:17+00:00\",\"mainEntityOfPage\":{\"@id\":\"https:\\\/\\\/ppdegalicia.com\\\/es\\\/o-ppdeg-salienta-o-papel-do-museo-do-vino-de-galicia-como-motor-do-enoturismo-no-ribeiro\\\/\"},\"wordCount\":349,\"publisher\":{\"@id\":\"https:\\\/\\\/ppdegalicia.com\\\/es\\\/#organization\"},\"image\":{\"@id\":\"https:\\\/\\\/ppdegalicia.com\\\/es\\\/o-ppdeg-salienta-o-papel-do-museo-do-vino-de-galicia-como-motor-do-enoturismo-no-ribeiro\\\/#primaryimage\"},\"thumbnailUrl\":\"https:\\\/\\\/ppdegalicia.com\\\/wp-content\\\/uploads\\\/2025\\\/06\\\/2WhatsApp-Image-2025-06-23-at-09.58.32.jpeg\",\"articleSection\":[\"Parlamento de Galicia\"],\"inLanguage\":\"es\"},{\"@type\":\"WebPage\",\"@id\":\"https:\\\/\\\/ppdegalicia.com\\\/es\\\/o-ppdeg-salienta-o-papel-do-museo-do-vino-de-galicia-como-motor-do-enoturismo-no-ribeiro\\\/\",\"url\":\"https:\\\/\\\/ppdegalicia.com\\\/es\\\/o-ppdeg-salienta-o-papel-do-museo-do-vino-de-galicia-como-motor-do-enoturismo-no-ribeiro\\\/\",\"name\":\"Casares e Ferro enxalzan o valor do Museo do Vi\u00f1o como embaixador do patrimonio vitivin\u00edcola galego - PP de Galicia\",\"isPartOf\":{\"@id\":\"https:\\\/\\\/ppdegalicia.com\\\/es\\\/#website\"},\"primaryImageOfPage\":{\"@id\":\"https:\\\/\\\/ppdegalicia.com\\\/es\\\/o-ppdeg-salienta-o-papel-do-museo-do-vino-de-galicia-como-motor-do-enoturismo-no-ribeiro\\\/#primaryimage\"},\"image\":{\"@id\":\"https:\\\/\\\/ppdegalicia.com\\\/es\\\/o-ppdeg-salienta-o-papel-do-museo-do-vino-de-galicia-como-motor-do-enoturismo-no-ribeiro\\\/#primaryimage\"},\"thumbnailUrl\":\"https:\\\/\\\/ppdegalicia.com\\\/wp-content\\\/uploads\\\/2025\\\/06\\\/2WhatsApp-Image-2025-06-23-at-09.58.32.jpeg\",\"datePublished\":\"2025-06-21T07:57:23+00:00\",\"dateModified\":\"2025-06-23T08:02:17+00:00\",\"description\":\"Os deputados do Grupo Popular Juan Casares e Jos\u00e9 Lu\u00eds Ferro visitaron hoxe en Ribadavia, en compa\u00f1\u00eda do alcalde, C\u00e9sar Fern\u00e1ndez, o Museo do Vi\u00f1o de Galicia e salientaron a importancia que est\u00e1 a ter este centro como polo de atracci\u00f3n de visitantes \u00e1 comarca do Ribeiro e no impulso do turismo enol\u00f3xico en Galicia.\",\"breadcrumb\":{\"@id\":\"https:\\\/\\\/ppdegalicia.com\\\/es\\\/o-ppdeg-salienta-o-papel-do-museo-do-vino-de-galicia-como-motor-do-enoturismo-no-ribeiro\\\/#breadcrumb\"},\"inLanguage\":\"es\",\"potentialAction\":[{\"@type\":\"ReadAction\",\"target\":[\"https:\\\/\\\/ppdegalicia.com\\\/es\\\/o-ppdeg-salienta-o-papel-do-museo-do-vino-de-galicia-como-motor-do-enoturismo-no-ribeiro\\\/\"]}]},{\"@type\":\"ImageObject\",\"inLanguage\":\"es\",\"@id\":\"https:\\\/\\\/ppdegalicia.com\\\/es\\\/o-ppdeg-salienta-o-papel-do-museo-do-vino-de-galicia-como-motor-do-enoturismo-no-ribeiro\\\/#primaryimage\",\"url\":\"https:\\\/\\\/ppdegalicia.com\\\/wp-content\\\/uploads\\\/2025\\\/06\\\/2WhatsApp-Image-2025-06-23-at-09.58.32.jpeg\",\"contentUrl\":\"https:\\\/\\\/ppdegalicia.com\\\/wp-content\\\/uploads\\\/2025\\\/06\\\/2WhatsApp-Image-2025-06-23-at-09.58.32.jpeg\",\"width\":1600,\"height\":1303},{\"@type\":\"BreadcrumbList\",\"@id\":\"https:\\\/\\\/ppdegalicia.com\\\/es\\\/o-ppdeg-salienta-o-papel-do-museo-do-vino-de-galicia-como-motor-do-enoturismo-no-ribeiro\\\/#breadcrumb\",\"itemListElement\":[{\"@type\":\"ListItem\",\"position\":1,\"name\":\"Portada\",\"item\":\"https:\\\/\\\/ppdegalicia.com\\\/es\\\/\"},{\"@type\":\"ListItem\",\"position\":2,\"name\":\"Casares e Ferro enxalzan o valor do Museo do Vi\u00f1o como embaixador do patrimonio vitivin\u00edcola galego\"}]},{\"@type\":\"WebSite\",\"@id\":\"https:\\\/\\\/ppdegalicia.com\\\/es\\\/#website\",\"url\":\"https:\\\/\\\/ppdegalicia.com\\\/es\\\/\",\"name\":\"Partido Popular de Galicia\",\"description\":\"Partido Popular de Galicia\",\"publisher\":{\"@id\":\"https:\\\/\\\/ppdegalicia.com\\\/es\\\/#organization\"},\"alternateName\":\"PP de Galicia\",\"potentialAction\":[{\"@type\":\"SearchAction\",\"target\":{\"@type\":\"EntryPoint\",\"urlTemplate\":\"https:\\\/\\\/ppdegalicia.com\\\/es\\\/?s={search_term_string}\"},\"query-input\":{\"@type\":\"PropertyValueSpecification\",\"valueRequired\":true,\"valueName\":\"search_term_string\"}}],\"inLanguage\":\"es\"},{\"@type\":\"Organization\",\"@id\":\"https:\\\/\\\/ppdegalicia.com\\\/es\\\/#organization\",\"name\":\"Partido Popular de Galicia\",\"alternateName\":\"PP de Galicia\",\"url\":\"https:\\\/\\\/ppdegalicia.com\\\/es\\\/\",\"logo\":{\"@type\":\"ImageObject\",\"inLanguage\":\"es\",\"@id\":\"https:\\\/\\\/ppdegalicia.com\\\/es\\\/#\\\/schema\\\/logo\\\/image\\\/\",\"url\":\"https:\\\/\\\/ppdegalicia.com\\\/wp-content\\\/uploads\\\/2023\\\/04\\\/logoPP512.png\",\"contentUrl\":\"https:\\\/\\\/ppdegalicia.com\\\/wp-content\\\/uploads\\\/2023\\\/04\\\/logoPP512.png\",\"width\":512,\"height\":512,\"caption\":\"Partido Popular de Galicia\"},\"image\":{\"@id\":\"https:\\\/\\\/ppdegalicia.com\\\/es\\\/#\\\/schema\\\/logo\\\/image\\\/\"},\"sameAs\":[\"https:\\\/\\\/www.instagram.com\\\/ppdegalicia\\\/\",\"https:\\\/\\\/x.com\\\/ppdegalicia\",\"https:\\\/\\\/www.tiktok.com\\\/@ppdegalicia\",\"https:\\\/\\\/www.youtube.com\\\/user\\\/ppdegalicia\"]},{\"@type\":\"Person\",\"@id\":\"https:\\\/\\\/ppdegalicia.com\\\/es\\\/#\\\/schema\\\/person\\\/5b822c6f59e872ebdd1142f307dbcb59\",\"name\":\"ppdegaliciaredes\",\"image\":{\"@type\":\"ImageObject\",\"inLanguage\":\"es\",\"@id\":\"https:\\\/\\\/secure.gravatar.com\\\/avatar\\\/3c9179cf0256d00c72a48d1f25783c58b6842cd56e85ef3a572881c8e28ccd59?s=96&d=mm&r=g\",\"url\":\"https:\\\/\\\/secure.gravatar.com\\\/avatar\\\/3c9179cf0256d00c72a48d1f25783c58b6842cd56e85ef3a572881c8e28ccd59?s=96&d=mm&r=g\",\"contentUrl\":\"https:\\\/\\\/secure.gravatar.com\\\/avatar\\\/3c9179cf0256d00c72a48d1f25783c58b6842cd56e85ef3a572881c8e28ccd59?s=96&d=mm&r=g\",\"caption\":\"ppdegaliciaredes\"},\"url\":\"https:\\\/\\\/ppdegalicia.com\\\/es\\\/author\\\/ppdegaliciaredes\\\/\"}]}<\/script>\n<!-- \/ Yoast SEO plugin. -->","yoast_head_json":{"title":"Casares e Ferro enxalzan o valor do Museo do Vi\u00f1o como embaixador do patrimonio vitivin\u00edcola galego - PP de Galicia","description":"Os deputados do Grupo Popular Juan Casares e Jos\u00e9 Lu\u00eds Ferro visitaron hoxe en Ribadavia, en compa\u00f1\u00eda do alcalde, C\u00e9sar Fern\u00e1ndez, o Museo do Vi\u00f1o de Galicia e salientaron a importancia que est\u00e1 a ter este centro como polo de atracci\u00f3n de visitantes \u00e1 comarca do Ribeiro e no impulso do turismo enol\u00f3xico en Galicia.","robots":{"index":"index","follow":"follow","max-snippet":"max-snippet:-1","max-image-preview":"max-image-preview:large","max-video-preview":"max-video-preview:-1"},"canonical":"https:\/\/ppdegalicia.com\/es\/o-ppdeg-salienta-o-papel-do-museo-do-vino-de-galicia-como-motor-do-enoturismo-no-ribeiro\/","og_locale":"es_ES","og_type":"article","og_title":"Casares e Ferro enxalzan o valor do Museo do Vi\u00f1o como embaixador do patrimonio vitivin\u00edcola galego - PP de Galicia","og_description":"Os deputados do Grupo Popular Juan Casares e Jos\u00e9 Lu\u00eds Ferro visitaron hoxe en Ribadavia, en compa\u00f1\u00eda do alcalde, C\u00e9sar Fern\u00e1ndez, o Museo do Vi\u00f1o de Galicia e salientaron a importancia que est\u00e1 a ter este centro como polo de atracci\u00f3n de visitantes \u00e1 comarca do Ribeiro e no impulso do turismo enol\u00f3xico en Galicia.","og_url":"https:\/\/ppdegalicia.com\/es\/o-ppdeg-salienta-o-papel-do-museo-do-vino-de-galicia-como-motor-do-enoturismo-no-ribeiro\/","og_site_name":"PP de Galicia","article_publisher":"https:\/\/www.instagram.com\/ppdegalicia\/","article_published_time":"2025-06-21T07:57:23+00:00","article_modified_time":"2025-06-23T08:02:17+00:00","og_image":[{"width":1600,"height":1303,"url":"https:\/\/ppdegalicia.com\/wp-content\/uploads\/2025\/06\/2WhatsApp-Image-2025-06-23-at-09.58.32.jpeg","type":"image\/jpeg"}],"author":"ppdegaliciaredes","twitter_card":"summary_large_image","twitter_creator":"@ppdegalicia","twitter_site":"@ppdegalicia","twitter_misc":{"Escrito por":"ppdegaliciaredes","Tiempo de lectura":"2 minutos"},"schema":{"@context":"https:\/\/schema.org","@graph":[{"@type":"Article","@id":"https:\/\/ppdegalicia.com\/es\/o-ppdeg-salienta-o-papel-do-museo-do-vino-de-galicia-como-motor-do-enoturismo-no-ribeiro\/#article","isPartOf":{"@id":"https:\/\/ppdegalicia.com\/es\/o-ppdeg-salienta-o-papel-do-museo-do-vino-de-galicia-como-motor-do-enoturismo-no-ribeiro\/"},"author":{"name":"ppdegaliciaredes","@id":"https:\/\/ppdegalicia.com\/es\/#\/schema\/person\/5b822c6f59e872ebdd1142f307dbcb59"},"headline":"Casares e Ferro enxalzan o valor do Museo do Vi\u00f1o como embaixador do patrimonio vitivin\u00edcola galego","datePublished":"2025-06-21T07:57:23+00:00","dateModified":"2025-06-23T08:02:17+00:00","mainEntityOfPage":{"@id":"https:\/\/ppdegalicia.com\/es\/o-ppdeg-salienta-o-papel-do-museo-do-vino-de-galicia-como-motor-do-enoturismo-no-ribeiro\/"},"wordCount":349,"publisher":{"@id":"https:\/\/ppdegalicia.com\/es\/#organization"},"image":{"@id":"https:\/\/ppdegalicia.com\/es\/o-ppdeg-salienta-o-papel-do-museo-do-vino-de-galicia-como-motor-do-enoturismo-no-ribeiro\/#primaryimage"},"thumbnailUrl":"https:\/\/ppdegalicia.com\/wp-content\/uploads\/2025\/06\/2WhatsApp-Image-2025-06-23-at-09.58.32.jpeg","articleSection":["Parlamento de Galicia"],"inLanguage":"es"},{"@type":"WebPage","@id":"https:\/\/ppdegalicia.com\/es\/o-ppdeg-salienta-o-papel-do-museo-do-vino-de-galicia-como-motor-do-enoturismo-no-ribeiro\/","url":"https:\/\/ppdegalicia.com\/es\/o-ppdeg-salienta-o-papel-do-museo-do-vino-de-galicia-como-motor-do-enoturismo-no-ribeiro\/","name":"Casares e Ferro enxalzan o valor do Museo do Vi\u00f1o como embaixador do patrimonio vitivin\u00edcola galego - PP de Galicia","isPartOf":{"@id":"https:\/\/ppdegalicia.com\/es\/#website"},"primaryImageOfPage":{"@id":"https:\/\/ppdegalicia.com\/es\/o-ppdeg-salienta-o-papel-do-museo-do-vino-de-galicia-como-motor-do-enoturismo-no-ribeiro\/#primaryimage"},"image":{"@id":"https:\/\/ppdegalicia.com\/es\/o-ppdeg-salienta-o-papel-do-museo-do-vino-de-galicia-como-motor-do-enoturismo-no-ribeiro\/#primaryimage"},"thumbnailUrl":"https:\/\/ppdegalicia.com\/wp-content\/uploads\/2025\/06\/2WhatsApp-Image-2025-06-23-at-09.58.32.jpeg","datePublished":"2025-06-21T07:57:23+00:00","dateModified":"2025-06-23T08:02:17+00:00","description":"Os deputados do Grupo Popular Juan Casares e Jos\u00e9 Lu\u00eds Ferro visitaron hoxe en Ribadavia, en compa\u00f1\u00eda do alcalde, C\u00e9sar Fern\u00e1ndez, o Museo do Vi\u00f1o de Galicia e salientaron a importancia que est\u00e1 a ter este centro como polo de atracci\u00f3n de visitantes \u00e1 comarca do Ribeiro e no impulso do turismo enol\u00f3xico en Galicia.","breadcrumb":{"@id":"https:\/\/ppdegalicia.com\/es\/o-ppdeg-salienta-o-papel-do-museo-do-vino-de-galicia-como-motor-do-enoturismo-no-ribeiro\/#breadcrumb"},"inLanguage":"es","potentialAction":[{"@type":"ReadAction","target":["https:\/\/ppdegalicia.com\/es\/o-ppdeg-salienta-o-papel-do-museo-do-vino-de-galicia-como-motor-do-enoturismo-no-ribeiro\/"]}]},{"@type":"ImageObject","inLanguage":"es","@id":"https:\/\/ppdegalicia.com\/es\/o-ppdeg-salienta-o-papel-do-museo-do-vino-de-galicia-como-motor-do-enoturismo-no-ribeiro\/#primaryimage","url":"https:\/\/ppdegalicia.com\/wp-content\/uploads\/2025\/06\/2WhatsApp-Image-2025-06-23-at-09.58.32.jpeg","contentUrl":"https:\/\/ppdegalicia.com\/wp-content\/uploads\/2025\/06\/2WhatsApp-Image-2025-06-23-at-09.58.32.jpeg","width":1600,"height":1303},{"@type":"BreadcrumbList","@id":"https:\/\/ppdegalicia.com\/es\/o-ppdeg-salienta-o-papel-do-museo-do-vino-de-galicia-como-motor-do-enoturismo-no-ribeiro\/#breadcrumb","itemListElement":[{"@type":"ListItem","position":1,"name":"Portada","item":"https:\/\/ppdegalicia.com\/es\/"},{"@type":"ListItem","position":2,"name":"Casares e Ferro enxalzan o valor do Museo do Vi\u00f1o como embaixador do patrimonio vitivin\u00edcola galego"}]},{"@type":"WebSite","@id":"https:\/\/ppdegalicia.com\/es\/#website","url":"https:\/\/ppdegalicia.com\/es\/","name":"Partido Popular de Galicia","description":"Partido Popular de Galicia","publisher":{"@id":"https:\/\/ppdegalicia.com\/es\/#organization"},"alternateName":"PP de Galicia","potentialAction":[{"@type":"SearchAction","target":{"@type":"EntryPoint","urlTemplate":"https:\/\/ppdegalicia.com\/es\/?s={search_term_string}"},"query-input":{"@type":"PropertyValueSpecification","valueRequired":true,"valueName":"search_term_string"}}],"inLanguage":"es"},{"@type":"Organization","@id":"https:\/\/ppdegalicia.com\/es\/#organization","name":"Partido Popular de Galicia","alternateName":"PP de Galicia","url":"https:\/\/ppdegalicia.com\/es\/","logo":{"@type":"ImageObject","inLanguage":"es","@id":"https:\/\/ppdegalicia.com\/es\/#\/schema\/logo\/image\/","url":"https:\/\/ppdegalicia.com\/wp-content\/uploads\/2023\/04\/logoPP512.png","contentUrl":"https:\/\/ppdegalicia.com\/wp-content\/uploads\/2023\/04\/logoPP512.png","width":512,"height":512,"caption":"Partido Popular de Galicia"},"image":{"@id":"https:\/\/ppdegalicia.com\/es\/#\/schema\/logo\/image\/"},"sameAs":["https:\/\/www.instagram.com\/ppdegalicia\/","https:\/\/x.com\/ppdegalicia","https:\/\/www.tiktok.com\/@ppdegalicia","https:\/\/www.youtube.com\/user\/ppdegalicia"]},{"@type":"Person","@id":"https:\/\/ppdegalicia.com\/es\/#\/schema\/person\/5b822c6f59e872ebdd1142f307dbcb59","name":"ppdegaliciaredes","image":{"@type":"ImageObject","inLanguage":"es","@id":"https:\/\/secure.gravatar.com\/avatar\/3c9179cf0256d00c72a48d1f25783c58b6842cd56e85ef3a572881c8e28ccd59?s=96&d=mm&r=g","url":"https:\/\/secure.gravatar.com\/avatar\/3c9179cf0256d00c72a48d1f25783c58b6842cd56e85ef3a572881c8e28ccd59?s=96&d=mm&r=g","contentUrl":"https:\/\/secure.gravatar.com\/avatar\/3c9179cf0256d00c72a48d1f25783c58b6842cd56e85ef3a572881c8e28ccd59?s=96&d=mm&r=g","caption":"ppdegaliciaredes"},"url":"https:\/\/ppdegalicia.com\/es\/author\/ppdegaliciaredes\/"}]}},"_links":{"self":[{"href":"https:\/\/ppdegalicia.com\/es\/wp-json\/wp\/v2\/posts\/67537","targetHints":{"allow":["GET"]}}],"collection":[{"href":"https:\/\/ppdegalicia.com\/es\/wp-json\/wp\/v2\/posts"}],"about":[{"href":"https:\/\/ppdegalicia.com\/es\/wp-json\/wp\/v2\/types\/post"}],"author":[{"embeddable":true,"href":"https:\/\/ppdegalicia.com\/es\/wp-json\/wp\/v2\/users\/38"}],"replies":[{"embeddable":true,"href":"https:\/\/ppdegalicia.com\/es\/wp-json\/wp\/v2\/comments?post=67537"}],"version-history":[{"count":2,"href":"https:\/\/ppdegalicia.com\/es\/wp-json\/wp\/v2\/posts\/67537\/revisions"}],"predecessor-version":[{"id":67541,"href":"https:\/\/ppdegalicia.com\/es\/wp-json\/wp\/v2\/posts\/67537\/revisions\/67541"}],"wp:featuredmedia":[{"embeddable":true,"href":"https:\/\/ppdegalicia.com\/es\/wp-json\/wp\/v2\/media\/67538"}],"wp:attachment":[{"href":"https:\/\/ppdegalicia.com\/es\/wp-json\/wp\/v2\/media?parent=67537"}],"wp:term":[{"taxonomy":"category","embeddable":true,"href":"https:\/\/ppdegalicia.com\/es\/wp-json\/wp\/v2\/categories?post=67537"},{"taxonomy":"post_tag","embeddable":true,"href":"https:\/\/ppdegalicia.com\/es\/wp-json\/wp\/v2\/tags?post=67537"}],"curies":[{"name":"wp","href":"https:\/\/api.w.org\/{rel}","templated":true}]}}