{"id":67546,"date":"2025-06-21T09:07:41","date_gmt":"2025-06-21T08:07:41","guid":{"rendered":"https:\/\/ppdegalicia.com\/?p=67546"},"modified":"2025-06-23T09:08:58","modified_gmt":"2025-06-23T08:08:58","slug":"o-ppdeg-considera-indignante-que-as-liortas-internas-no-goberno-de-pedro-sanchez-priven-a-enfermos-e-familias-dun-financiamento-de-200-millons-para-a-lei-ela","status":"publish","type":"post","link":"https:\/\/ppdegalicia.com\/es\/o-ppdeg-considera-indignante-que-as-liortas-internas-no-goberno-de-pedro-sanchez-priven-a-enfermos-e-familias-dun-financiamento-de-200-millons-para-a-lei-ela\/","title":{"rendered":"O PPdeG considera \u201cindignante\u201d que as liortas internas no Goberno de Pedro S\u00e1nchez priven a enfermos e familias dun financiamento de 200 mill\u00f3ns para a Lei ELA"},"content":{"rendered":"<p>Os deputados do Grupo Popular Rub\u00e9n Lorenzo e Ethel V\u00e1zquez consideraron hoxe \u201cindignante que a divisi\u00f3n existente no seo do Goberno de Pedro S\u00e1nchez estea a retrasar sine die o financiamento con 200 mill\u00f3ns de euros da Lei ELA, limit\u00e1ndose oito meses despois da s\u00faa aprobaci\u00f3n a un plan de choque de 10 mill\u00f3ns de euros para as persoas que padecen esta enfermidade en idade avanzada\u201d.<\/p>\n<p>Coincidindo coa celebraci\u00f3n do D\u00eda Mundial da Esclerose Lateral Amiotr\u00f3fica (ELA), Rub\u00e9n Lorenzo e Ethel V\u00e1zquez visitaron na Praza do Obradoiro de Santiago o stand que Asociaci\u00f3n Galega de ELA instalou para visibilizar esta enfermidade e as necesidades das persoas que a padecen.<\/p>\n<p>\u201c\u00c9 intolerable que o ministro de Dereitos Sociais, da rama de Sumar, dixera con todo o seu orgullo esta semana que xa remitiran ao Ministerio de Facenda, da rama do PSOE, a proposta para financiar con 200 mill\u00f3ns de euros o que se recolle na Lei ELA, cando os enfermos e os seus familiares levan moitos meses esperando polas axudas que se recollen nesta norma, aprobada despois de que o Goberno de Pedro S\u00e1nchez a tivera paralizada dous anos e medio no Congreso\u201d, lamentaron.<\/p>\n<p><strong>COMPROMISO DA XUNTA<\/strong><\/p>\n<p>Por este motivo, os deputados populares esixiron ao Goberno de Espa\u00f1a que \u201ccumpra coa s\u00faa responsabilidade institucional e orzamente de inmediato unha partida econ\u00f3mica suficiente para facer realidade a Lei ELA, xa que ata o momento os enfermos m\u00e1is avanzados e as s\u00faas familias s\u00f3 poideron acceder a unha m\u00ednima partida extraordinaria para poder facer fronte \u00e1s s\u00faas necesidades m\u00e1is urxentes\u201d.<\/p>\n<p>Fronte a esta situaci\u00f3n, salientaron o compromiso da Xunta cos enfermos de ELA e os seus familiares, que se traduce nunha partida orzamentaria anual de tres mill\u00f3ns de euros, que se traduce en 12.000 euros para cada enfermo, para que poidan facer fronte aos custos derivados da enfermidade, como coidados persoais, adaptaci\u00f3n de vivendas e veh\u00edculos, fisioterapia, produtos de apoio ou alimentaci\u00f3n asistida, entre outros.<\/p>\n<p>\u201cA este compromiso sumouse este ano a concesi\u00f3n pola Xunta da Medalla Castelo \u00e1 Asociaci\u00f3n Galega de Esclerose Lateral Amiotr\u00f3fica, un dos m\u00e1ximos galard\u00f3ns que concede a Comunidade galega e que v\u00e9n reco\u00f1ecer o compromiso, a loita e a dignidade coa que esta entidade traballa desde hai moitos anos por mellorar a vida das persoas afectadas por esta enfermidade en Galicia\u201d, salientaron os deputados populares.<\/p>\n","protected":false},"excerpt":{"rendered":"<p>Os deputados do Grupo Popular Rub\u00e9n Lorenzo e Ethel V\u00e1zquez consideraron hoxe \u201cindignante que a divisi\u00f3n existente no seo do Goberno de Pedro S\u00e1nchez estea a retrasar sine die o financiamento con 200 mill\u00f3ns de euros da Lei ELA, limit\u00e1ndose oito meses despois da s\u00faa aprobaci\u00f3n a un plan de choque de 10 mill\u00f3ns de [&hellip;]<\/p>\n","protected":false},"author":38,"featured_media":67547,"comment_status":"closed","ping_status":"open","sticky":false,"template":"","format":"standard","meta":{"_acf_changed":false,"footnotes":""},"categories":[1128],"tags":[],"class_list":["post-67546","post","type-post","status-publish","format-standard","has-post-thumbnail","hentry","category-actualidad-parlamento-de-galicia"],"acf":[],"yoast_head":"<!-- This site is optimized with the Yoast SEO plugin v27.3 - https:\/\/yoast.com\/product\/yoast-seo-wordpress\/ -->\n<title>O PPdeG considera \u201cindignante\u201d que as liortas internas no Goberno de Pedro S\u00e1nchez priven a enfermos e familias dun financiamento de 200 mill\u00f3ns para a Lei ELA - PP de Galicia<\/title>\n<meta name=\"description\" content=\"Os deputados do Grupo Popular Rub\u00e9n Lorenzo e Ethel V\u00e1zquez consideraron hoxe \u201cindignante que a divisi\u00f3n existente no seo do Goberno de Pedro S\u00e1nchez estea a retrasar sine die o financiamento con 200 mill\u00f3ns de euros da Lei ELA, limit\u00e1ndose oito meses despois da s\u00faa aprobaci\u00f3n a un plan de choque de 10 mill\u00f3ns de euros para as persoas que padecen esta enfermidade en idade avanzada\u201d.\" \/>\n<meta name=\"robots\" content=\"index, follow, max-snippet:-1, max-image-preview:large, max-video-preview:-1\" \/>\n<link rel=\"canonical\" href=\"https:\/\/ppdegalicia.com\/es\/o-ppdeg-considera-indignante-que-as-liortas-internas-no-goberno-de-pedro-sanchez-priven-a-enfermos-e-familias-dun-financiamento-de-200-millons-para-a-lei-ela\/\" \/>\n<meta property=\"og:locale\" content=\"es_ES\" \/>\n<meta property=\"og:type\" content=\"article\" \/>\n<meta property=\"og:title\" content=\"O PPdeG considera \u201cindignante\u201d que as liortas internas no Goberno de Pedro S\u00e1nchez priven a enfermos e familias dun financiamento de 200 mill\u00f3ns para a Lei ELA - PP de Galicia\" \/>\n<meta property=\"og:description\" content=\"Os deputados do Grupo Popular Rub\u00e9n Lorenzo e Ethel V\u00e1zquez consideraron hoxe \u201cindignante que a divisi\u00f3n existente no seo do Goberno de Pedro S\u00e1nchez estea a retrasar sine die o financiamento con 200 mill\u00f3ns de euros da Lei ELA, limit\u00e1ndose oito meses despois da s\u00faa aprobaci\u00f3n a un plan de choque de 10 mill\u00f3ns de euros para as persoas que padecen esta enfermidade en idade avanzada\u201d.\" \/>\n<meta property=\"og:url\" content=\"https:\/\/ppdegalicia.com\/es\/o-ppdeg-considera-indignante-que-as-liortas-internas-no-goberno-de-pedro-sanchez-priven-a-enfermos-e-familias-dun-financiamento-de-200-millons-para-a-lei-ela\/\" \/>\n<meta property=\"og:site_name\" content=\"PP de Galicia\" \/>\n<meta property=\"article:publisher\" content=\"https:\/\/www.instagram.com\/ppdegalicia\/\" \/>\n<meta property=\"article:published_time\" content=\"2025-06-21T08:07:41+00:00\" \/>\n<meta property=\"article:modified_time\" content=\"2025-06-23T08:08:58+00:00\" \/>\n<meta property=\"og:image\" content=\"https:\/\/ppdegalicia.com\/wp-content\/uploads\/2025\/06\/Ethel-Vazquez-e-Ruben-Lorenzo-con-membros-de-Agaela-01-scaled.jpeg\" \/>\n\t<meta property=\"og:image:width\" content=\"2560\" \/>\n\t<meta property=\"og:image:height\" content=\"1724\" \/>\n\t<meta property=\"og:image:type\" content=\"image\/jpeg\" \/>\n<meta name=\"author\" content=\"ppdegaliciaredes\" \/>\n<meta name=\"twitter:card\" content=\"summary_large_image\" \/>\n<meta name=\"twitter:creator\" content=\"@ppdegalicia\" \/>\n<meta name=\"twitter:site\" content=\"@ppdegalicia\" \/>\n<meta name=\"twitter:label1\" content=\"Escrito por\" \/>\n\t<meta name=\"twitter:data1\" content=\"ppdegaliciaredes\" \/>\n\t<meta name=\"twitter:label2\" content=\"Tiempo de lectura\" \/>\n\t<meta name=\"twitter:data2\" content=\"3 minutos\" \/>\n<script type=\"application\/ld+json\" class=\"yoast-schema-graph\">{\"@context\":\"https:\\\/\\\/schema.org\",\"@graph\":[{\"@type\":\"Article\",\"@id\":\"https:\\\/\\\/ppdegalicia.com\\\/es\\\/o-ppdeg-considera-indignante-que-as-liortas-internas-no-goberno-de-pedro-sanchez-priven-a-enfermos-e-familias-dun-financiamento-de-200-millons-para-a-lei-ela\\\/#article\",\"isPartOf\":{\"@id\":\"https:\\\/\\\/ppdegalicia.com\\\/es\\\/o-ppdeg-considera-indignante-que-as-liortas-internas-no-goberno-de-pedro-sanchez-priven-a-enfermos-e-familias-dun-financiamento-de-200-millons-para-a-lei-ela\\\/\"},\"author\":{\"name\":\"ppdegaliciaredes\",\"@id\":\"https:\\\/\\\/ppdegalicia.com\\\/es\\\/#\\\/schema\\\/person\\\/5b822c6f59e872ebdd1142f307dbcb59\"},\"headline\":\"O PPdeG considera \u201cindignante\u201d que as liortas internas no Goberno de Pedro S\u00e1nchez priven a enfermos e familias dun financiamento de 200 mill\u00f3ns para a Lei ELA\",\"datePublished\":\"2025-06-21T08:07:41+00:00\",\"dateModified\":\"2025-06-23T08:08:58+00:00\",\"mainEntityOfPage\":{\"@id\":\"https:\\\/\\\/ppdegalicia.com\\\/es\\\/o-ppdeg-considera-indignante-que-as-liortas-internas-no-goberno-de-pedro-sanchez-priven-a-enfermos-e-familias-dun-financiamento-de-200-millons-para-a-lei-ela\\\/\"},\"wordCount\":446,\"publisher\":{\"@id\":\"https:\\\/\\\/ppdegalicia.com\\\/es\\\/#organization\"},\"image\":{\"@id\":\"https:\\\/\\\/ppdegalicia.com\\\/es\\\/o-ppdeg-considera-indignante-que-as-liortas-internas-no-goberno-de-pedro-sanchez-priven-a-enfermos-e-familias-dun-financiamento-de-200-millons-para-a-lei-ela\\\/#primaryimage\"},\"thumbnailUrl\":\"https:\\\/\\\/ppdegalicia.com\\\/wp-content\\\/uploads\\\/2025\\\/06\\\/Ethel-Vazquez-e-Ruben-Lorenzo-con-membros-de-Agaela-01-scaled.jpeg\",\"articleSection\":[\"Parlamento de Galicia\"],\"inLanguage\":\"es\"},{\"@type\":\"WebPage\",\"@id\":\"https:\\\/\\\/ppdegalicia.com\\\/es\\\/o-ppdeg-considera-indignante-que-as-liortas-internas-no-goberno-de-pedro-sanchez-priven-a-enfermos-e-familias-dun-financiamento-de-200-millons-para-a-lei-ela\\\/\",\"url\":\"https:\\\/\\\/ppdegalicia.com\\\/es\\\/o-ppdeg-considera-indignante-que-as-liortas-internas-no-goberno-de-pedro-sanchez-priven-a-enfermos-e-familias-dun-financiamento-de-200-millons-para-a-lei-ela\\\/\",\"name\":\"O PPdeG considera \u201cindignante\u201d que as liortas internas no Goberno de Pedro S\u00e1nchez priven a enfermos e familias dun financiamento de 200 mill\u00f3ns para a Lei ELA - PP de Galicia\",\"isPartOf\":{\"@id\":\"https:\\\/\\\/ppdegalicia.com\\\/es\\\/#website\"},\"primaryImageOfPage\":{\"@id\":\"https:\\\/\\\/ppdegalicia.com\\\/es\\\/o-ppdeg-considera-indignante-que-as-liortas-internas-no-goberno-de-pedro-sanchez-priven-a-enfermos-e-familias-dun-financiamento-de-200-millons-para-a-lei-ela\\\/#primaryimage\"},\"image\":{\"@id\":\"https:\\\/\\\/ppdegalicia.com\\\/es\\\/o-ppdeg-considera-indignante-que-as-liortas-internas-no-goberno-de-pedro-sanchez-priven-a-enfermos-e-familias-dun-financiamento-de-200-millons-para-a-lei-ela\\\/#primaryimage\"},\"thumbnailUrl\":\"https:\\\/\\\/ppdegalicia.com\\\/wp-content\\\/uploads\\\/2025\\\/06\\\/Ethel-Vazquez-e-Ruben-Lorenzo-con-membros-de-Agaela-01-scaled.jpeg\",\"datePublished\":\"2025-06-21T08:07:41+00:00\",\"dateModified\":\"2025-06-23T08:08:58+00:00\",\"description\":\"Os deputados do Grupo Popular Rub\u00e9n Lorenzo e Ethel V\u00e1zquez consideraron hoxe \u201cindignante que a divisi\u00f3n existente no seo do Goberno de Pedro S\u00e1nchez estea a retrasar sine die o financiamento con 200 mill\u00f3ns de euros da Lei ELA, limit\u00e1ndose oito meses despois da s\u00faa aprobaci\u00f3n a un plan de choque de 10 mill\u00f3ns de euros para as persoas que padecen esta enfermidade en idade avanzada\u201d.\",\"breadcrumb\":{\"@id\":\"https:\\\/\\\/ppdegalicia.com\\\/es\\\/o-ppdeg-considera-indignante-que-as-liortas-internas-no-goberno-de-pedro-sanchez-priven-a-enfermos-e-familias-dun-financiamento-de-200-millons-para-a-lei-ela\\\/#breadcrumb\"},\"inLanguage\":\"es\",\"potentialAction\":[{\"@type\":\"ReadAction\",\"target\":[\"https:\\\/\\\/ppdegalicia.com\\\/es\\\/o-ppdeg-considera-indignante-que-as-liortas-internas-no-goberno-de-pedro-sanchez-priven-a-enfermos-e-familias-dun-financiamento-de-200-millons-para-a-lei-ela\\\/\"]}]},{\"@type\":\"ImageObject\",\"inLanguage\":\"es\",\"@id\":\"https:\\\/\\\/ppdegalicia.com\\\/es\\\/o-ppdeg-considera-indignante-que-as-liortas-internas-no-goberno-de-pedro-sanchez-priven-a-enfermos-e-familias-dun-financiamento-de-200-millons-para-a-lei-ela\\\/#primaryimage\",\"url\":\"https:\\\/\\\/ppdegalicia.com\\\/wp-content\\\/uploads\\\/2025\\\/06\\\/Ethel-Vazquez-e-Ruben-Lorenzo-con-membros-de-Agaela-01-scaled.jpeg\",\"contentUrl\":\"https:\\\/\\\/ppdegalicia.com\\\/wp-content\\\/uploads\\\/2025\\\/06\\\/Ethel-Vazquez-e-Ruben-Lorenzo-con-membros-de-Agaela-01-scaled.jpeg\",\"width\":2560,\"height\":1724},{\"@type\":\"BreadcrumbList\",\"@id\":\"https:\\\/\\\/ppdegalicia.com\\\/es\\\/o-ppdeg-considera-indignante-que-as-liortas-internas-no-goberno-de-pedro-sanchez-priven-a-enfermos-e-familias-dun-financiamento-de-200-millons-para-a-lei-ela\\\/#breadcrumb\",\"itemListElement\":[{\"@type\":\"ListItem\",\"position\":1,\"name\":\"Portada\",\"item\":\"https:\\\/\\\/ppdegalicia.com\\\/es\\\/\"},{\"@type\":\"ListItem\",\"position\":2,\"name\":\"O PPdeG considera \u201cindignante\u201d que as liortas internas no Goberno de Pedro S\u00e1nchez priven a enfermos e familias dun financiamento de 200 mill\u00f3ns para a Lei ELA\"}]},{\"@type\":\"WebSite\",\"@id\":\"https:\\\/\\\/ppdegalicia.com\\\/es\\\/#website\",\"url\":\"https:\\\/\\\/ppdegalicia.com\\\/es\\\/\",\"name\":\"Partido Popular de Galicia\",\"description\":\"Partido Popular de Galicia\",\"publisher\":{\"@id\":\"https:\\\/\\\/ppdegalicia.com\\\/es\\\/#organization\"},\"alternateName\":\"PP de Galicia\",\"potentialAction\":[{\"@type\":\"SearchAction\",\"target\":{\"@type\":\"EntryPoint\",\"urlTemplate\":\"https:\\\/\\\/ppdegalicia.com\\\/es\\\/?s={search_term_string}\"},\"query-input\":{\"@type\":\"PropertyValueSpecification\",\"valueRequired\":true,\"valueName\":\"search_term_string\"}}],\"inLanguage\":\"es\"},{\"@type\":\"Organization\",\"@id\":\"https:\\\/\\\/ppdegalicia.com\\\/es\\\/#organization\",\"name\":\"Partido Popular de Galicia\",\"alternateName\":\"PP de Galicia\",\"url\":\"https:\\\/\\\/ppdegalicia.com\\\/es\\\/\",\"logo\":{\"@type\":\"ImageObject\",\"inLanguage\":\"es\",\"@id\":\"https:\\\/\\\/ppdegalicia.com\\\/es\\\/#\\\/schema\\\/logo\\\/image\\\/\",\"url\":\"https:\\\/\\\/ppdegalicia.com\\\/wp-content\\\/uploads\\\/2023\\\/04\\\/logoPP512.png\",\"contentUrl\":\"https:\\\/\\\/ppdegalicia.com\\\/wp-content\\\/uploads\\\/2023\\\/04\\\/logoPP512.png\",\"width\":512,\"height\":512,\"caption\":\"Partido Popular de Galicia\"},\"image\":{\"@id\":\"https:\\\/\\\/ppdegalicia.com\\\/es\\\/#\\\/schema\\\/logo\\\/image\\\/\"},\"sameAs\":[\"https:\\\/\\\/www.instagram.com\\\/ppdegalicia\\\/\",\"https:\\\/\\\/x.com\\\/ppdegalicia\",\"https:\\\/\\\/www.tiktok.com\\\/@ppdegalicia\",\"https:\\\/\\\/www.youtube.com\\\/user\\\/ppdegalicia\"]},{\"@type\":\"Person\",\"@id\":\"https:\\\/\\\/ppdegalicia.com\\\/es\\\/#\\\/schema\\\/person\\\/5b822c6f59e872ebdd1142f307dbcb59\",\"name\":\"ppdegaliciaredes\",\"image\":{\"@type\":\"ImageObject\",\"inLanguage\":\"es\",\"@id\":\"https:\\\/\\\/secure.gravatar.com\\\/avatar\\\/3c9179cf0256d00c72a48d1f25783c58b6842cd56e85ef3a572881c8e28ccd59?s=96&d=mm&r=g\",\"url\":\"https:\\\/\\\/secure.gravatar.com\\\/avatar\\\/3c9179cf0256d00c72a48d1f25783c58b6842cd56e85ef3a572881c8e28ccd59?s=96&d=mm&r=g\",\"contentUrl\":\"https:\\\/\\\/secure.gravatar.com\\\/avatar\\\/3c9179cf0256d00c72a48d1f25783c58b6842cd56e85ef3a572881c8e28ccd59?s=96&d=mm&r=g\",\"caption\":\"ppdegaliciaredes\"},\"url\":\"https:\\\/\\\/ppdegalicia.com\\\/es\\\/author\\\/ppdegaliciaredes\\\/\"}]}<\/script>\n<!-- \/ Yoast SEO plugin. -->","yoast_head_json":{"title":"O PPdeG considera \u201cindignante\u201d que as liortas internas no Goberno de Pedro S\u00e1nchez priven a enfermos e familias dun financiamento de 200 mill\u00f3ns para a Lei ELA - PP de Galicia","description":"Os deputados do Grupo Popular Rub\u00e9n Lorenzo e Ethel V\u00e1zquez consideraron hoxe \u201cindignante que a divisi\u00f3n existente no seo do Goberno de Pedro S\u00e1nchez estea a retrasar sine die o financiamento con 200 mill\u00f3ns de euros da Lei ELA, limit\u00e1ndose oito meses despois da s\u00faa aprobaci\u00f3n a un plan de choque de 10 mill\u00f3ns de euros para as persoas que padecen esta enfermidade en idade avanzada\u201d.","robots":{"index":"index","follow":"follow","max-snippet":"max-snippet:-1","max-image-preview":"max-image-preview:large","max-video-preview":"max-video-preview:-1"},"canonical":"https:\/\/ppdegalicia.com\/es\/o-ppdeg-considera-indignante-que-as-liortas-internas-no-goberno-de-pedro-sanchez-priven-a-enfermos-e-familias-dun-financiamento-de-200-millons-para-a-lei-ela\/","og_locale":"es_ES","og_type":"article","og_title":"O PPdeG considera \u201cindignante\u201d que as liortas internas no Goberno de Pedro S\u00e1nchez priven a enfermos e familias dun financiamento de 200 mill\u00f3ns para a Lei ELA - PP de Galicia","og_description":"Os deputados do Grupo Popular Rub\u00e9n Lorenzo e Ethel V\u00e1zquez consideraron hoxe \u201cindignante que a divisi\u00f3n existente no seo do Goberno de Pedro S\u00e1nchez estea a retrasar sine die o financiamento con 200 mill\u00f3ns de euros da Lei ELA, limit\u00e1ndose oito meses despois da s\u00faa aprobaci\u00f3n a un plan de choque de 10 mill\u00f3ns de euros para as persoas que padecen esta enfermidade en idade avanzada\u201d.","og_url":"https:\/\/ppdegalicia.com\/es\/o-ppdeg-considera-indignante-que-as-liortas-internas-no-goberno-de-pedro-sanchez-priven-a-enfermos-e-familias-dun-financiamento-de-200-millons-para-a-lei-ela\/","og_site_name":"PP de Galicia","article_publisher":"https:\/\/www.instagram.com\/ppdegalicia\/","article_published_time":"2025-06-21T08:07:41+00:00","article_modified_time":"2025-06-23T08:08:58+00:00","og_image":[{"width":2560,"height":1724,"url":"https:\/\/ppdegalicia.com\/wp-content\/uploads\/2025\/06\/Ethel-Vazquez-e-Ruben-Lorenzo-con-membros-de-Agaela-01-scaled.jpeg","type":"image\/jpeg"}],"author":"ppdegaliciaredes","twitter_card":"summary_large_image","twitter_creator":"@ppdegalicia","twitter_site":"@ppdegalicia","twitter_misc":{"Escrito por":"ppdegaliciaredes","Tiempo de lectura":"3 minutos"},"schema":{"@context":"https:\/\/schema.org","@graph":[{"@type":"Article","@id":"https:\/\/ppdegalicia.com\/es\/o-ppdeg-considera-indignante-que-as-liortas-internas-no-goberno-de-pedro-sanchez-priven-a-enfermos-e-familias-dun-financiamento-de-200-millons-para-a-lei-ela\/#article","isPartOf":{"@id":"https:\/\/ppdegalicia.com\/es\/o-ppdeg-considera-indignante-que-as-liortas-internas-no-goberno-de-pedro-sanchez-priven-a-enfermos-e-familias-dun-financiamento-de-200-millons-para-a-lei-ela\/"},"author":{"name":"ppdegaliciaredes","@id":"https:\/\/ppdegalicia.com\/es\/#\/schema\/person\/5b822c6f59e872ebdd1142f307dbcb59"},"headline":"O PPdeG considera \u201cindignante\u201d que as liortas internas no Goberno de Pedro S\u00e1nchez priven a enfermos e familias dun financiamento de 200 mill\u00f3ns para a Lei ELA","datePublished":"2025-06-21T08:07:41+00:00","dateModified":"2025-06-23T08:08:58+00:00","mainEntityOfPage":{"@id":"https:\/\/ppdegalicia.com\/es\/o-ppdeg-considera-indignante-que-as-liortas-internas-no-goberno-de-pedro-sanchez-priven-a-enfermos-e-familias-dun-financiamento-de-200-millons-para-a-lei-ela\/"},"wordCount":446,"publisher":{"@id":"https:\/\/ppdegalicia.com\/es\/#organization"},"image":{"@id":"https:\/\/ppdegalicia.com\/es\/o-ppdeg-considera-indignante-que-as-liortas-internas-no-goberno-de-pedro-sanchez-priven-a-enfermos-e-familias-dun-financiamento-de-200-millons-para-a-lei-ela\/#primaryimage"},"thumbnailUrl":"https:\/\/ppdegalicia.com\/wp-content\/uploads\/2025\/06\/Ethel-Vazquez-e-Ruben-Lorenzo-con-membros-de-Agaela-01-scaled.jpeg","articleSection":["Parlamento de Galicia"],"inLanguage":"es"},{"@type":"WebPage","@id":"https:\/\/ppdegalicia.com\/es\/o-ppdeg-considera-indignante-que-as-liortas-internas-no-goberno-de-pedro-sanchez-priven-a-enfermos-e-familias-dun-financiamento-de-200-millons-para-a-lei-ela\/","url":"https:\/\/ppdegalicia.com\/es\/o-ppdeg-considera-indignante-que-as-liortas-internas-no-goberno-de-pedro-sanchez-priven-a-enfermos-e-familias-dun-financiamento-de-200-millons-para-a-lei-ela\/","name":"O PPdeG considera \u201cindignante\u201d que as liortas internas no Goberno de Pedro S\u00e1nchez priven a enfermos e familias dun financiamento de 200 mill\u00f3ns para a Lei ELA - PP de Galicia","isPartOf":{"@id":"https:\/\/ppdegalicia.com\/es\/#website"},"primaryImageOfPage":{"@id":"https:\/\/ppdegalicia.com\/es\/o-ppdeg-considera-indignante-que-as-liortas-internas-no-goberno-de-pedro-sanchez-priven-a-enfermos-e-familias-dun-financiamento-de-200-millons-para-a-lei-ela\/#primaryimage"},"image":{"@id":"https:\/\/ppdegalicia.com\/es\/o-ppdeg-considera-indignante-que-as-liortas-internas-no-goberno-de-pedro-sanchez-priven-a-enfermos-e-familias-dun-financiamento-de-200-millons-para-a-lei-ela\/#primaryimage"},"thumbnailUrl":"https:\/\/ppdegalicia.com\/wp-content\/uploads\/2025\/06\/Ethel-Vazquez-e-Ruben-Lorenzo-con-membros-de-Agaela-01-scaled.jpeg","datePublished":"2025-06-21T08:07:41+00:00","dateModified":"2025-06-23T08:08:58+00:00","description":"Os deputados do Grupo Popular Rub\u00e9n Lorenzo e Ethel V\u00e1zquez consideraron hoxe \u201cindignante que a divisi\u00f3n existente no seo do Goberno de Pedro S\u00e1nchez estea a retrasar sine die o financiamento con 200 mill\u00f3ns de euros da Lei ELA, limit\u00e1ndose oito meses despois da s\u00faa aprobaci\u00f3n a un plan de choque de 10 mill\u00f3ns de euros para as persoas que padecen esta enfermidade en idade avanzada\u201d.","breadcrumb":{"@id":"https:\/\/ppdegalicia.com\/es\/o-ppdeg-considera-indignante-que-as-liortas-internas-no-goberno-de-pedro-sanchez-priven-a-enfermos-e-familias-dun-financiamento-de-200-millons-para-a-lei-ela\/#breadcrumb"},"inLanguage":"es","potentialAction":[{"@type":"ReadAction","target":["https:\/\/ppdegalicia.com\/es\/o-ppdeg-considera-indignante-que-as-liortas-internas-no-goberno-de-pedro-sanchez-priven-a-enfermos-e-familias-dun-financiamento-de-200-millons-para-a-lei-ela\/"]}]},{"@type":"ImageObject","inLanguage":"es","@id":"https:\/\/ppdegalicia.com\/es\/o-ppdeg-considera-indignante-que-as-liortas-internas-no-goberno-de-pedro-sanchez-priven-a-enfermos-e-familias-dun-financiamento-de-200-millons-para-a-lei-ela\/#primaryimage","url":"https:\/\/ppdegalicia.com\/wp-content\/uploads\/2025\/06\/Ethel-Vazquez-e-Ruben-Lorenzo-con-membros-de-Agaela-01-scaled.jpeg","contentUrl":"https:\/\/ppdegalicia.com\/wp-content\/uploads\/2025\/06\/Ethel-Vazquez-e-Ruben-Lorenzo-con-membros-de-Agaela-01-scaled.jpeg","width":2560,"height":1724},{"@type":"BreadcrumbList","@id":"https:\/\/ppdegalicia.com\/es\/o-ppdeg-considera-indignante-que-as-liortas-internas-no-goberno-de-pedro-sanchez-priven-a-enfermos-e-familias-dun-financiamento-de-200-millons-para-a-lei-ela\/#breadcrumb","itemListElement":[{"@type":"ListItem","position":1,"name":"Portada","item":"https:\/\/ppdegalicia.com\/es\/"},{"@type":"ListItem","position":2,"name":"O PPdeG considera \u201cindignante\u201d que as liortas internas no Goberno de Pedro S\u00e1nchez priven a enfermos e familias dun financiamento de 200 mill\u00f3ns para a Lei ELA"}]},{"@type":"WebSite","@id":"https:\/\/ppdegalicia.com\/es\/#website","url":"https:\/\/ppdegalicia.com\/es\/","name":"Partido Popular de Galicia","description":"Partido Popular de Galicia","publisher":{"@id":"https:\/\/ppdegalicia.com\/es\/#organization"},"alternateName":"PP de Galicia","potentialAction":[{"@type":"SearchAction","target":{"@type":"EntryPoint","urlTemplate":"https:\/\/ppdegalicia.com\/es\/?s={search_term_string}"},"query-input":{"@type":"PropertyValueSpecification","valueRequired":true,"valueName":"search_term_string"}}],"inLanguage":"es"},{"@type":"Organization","@id":"https:\/\/ppdegalicia.com\/es\/#organization","name":"Partido Popular de Galicia","alternateName":"PP de Galicia","url":"https:\/\/ppdegalicia.com\/es\/","logo":{"@type":"ImageObject","inLanguage":"es","@id":"https:\/\/ppdegalicia.com\/es\/#\/schema\/logo\/image\/","url":"https:\/\/ppdegalicia.com\/wp-content\/uploads\/2023\/04\/logoPP512.png","contentUrl":"https:\/\/ppdegalicia.com\/wp-content\/uploads\/2023\/04\/logoPP512.png","width":512,"height":512,"caption":"Partido Popular de Galicia"},"image":{"@id":"https:\/\/ppdegalicia.com\/es\/#\/schema\/logo\/image\/"},"sameAs":["https:\/\/www.instagram.com\/ppdegalicia\/","https:\/\/x.com\/ppdegalicia","https:\/\/www.tiktok.com\/@ppdegalicia","https:\/\/www.youtube.com\/user\/ppdegalicia"]},{"@type":"Person","@id":"https:\/\/ppdegalicia.com\/es\/#\/schema\/person\/5b822c6f59e872ebdd1142f307dbcb59","name":"ppdegaliciaredes","image":{"@type":"ImageObject","inLanguage":"es","@id":"https:\/\/secure.gravatar.com\/avatar\/3c9179cf0256d00c72a48d1f25783c58b6842cd56e85ef3a572881c8e28ccd59?s=96&d=mm&r=g","url":"https:\/\/secure.gravatar.com\/avatar\/3c9179cf0256d00c72a48d1f25783c58b6842cd56e85ef3a572881c8e28ccd59?s=96&d=mm&r=g","contentUrl":"https:\/\/secure.gravatar.com\/avatar\/3c9179cf0256d00c72a48d1f25783c58b6842cd56e85ef3a572881c8e28ccd59?s=96&d=mm&r=g","caption":"ppdegaliciaredes"},"url":"https:\/\/ppdegalicia.com\/es\/author\/ppdegaliciaredes\/"}]}},"_links":{"self":[{"href":"https:\/\/ppdegalicia.com\/es\/wp-json\/wp\/v2\/posts\/67546","targetHints":{"allow":["GET"]}}],"collection":[{"href":"https:\/\/ppdegalicia.com\/es\/wp-json\/wp\/v2\/posts"}],"about":[{"href":"https:\/\/ppdegalicia.com\/es\/wp-json\/wp\/v2\/types\/post"}],"author":[{"embeddable":true,"href":"https:\/\/ppdegalicia.com\/es\/wp-json\/wp\/v2\/users\/38"}],"replies":[{"embeddable":true,"href":"https:\/\/ppdegalicia.com\/es\/wp-json\/wp\/v2\/comments?post=67546"}],"version-history":[{"count":1,"href":"https:\/\/ppdegalicia.com\/es\/wp-json\/wp\/v2\/posts\/67546\/revisions"}],"predecessor-version":[{"id":67549,"href":"https:\/\/ppdegalicia.com\/es\/wp-json\/wp\/v2\/posts\/67546\/revisions\/67549"}],"wp:featuredmedia":[{"embeddable":true,"href":"https:\/\/ppdegalicia.com\/es\/wp-json\/wp\/v2\/media\/67547"}],"wp:attachment":[{"href":"https:\/\/ppdegalicia.com\/es\/wp-json\/wp\/v2\/media?parent=67546"}],"wp:term":[{"taxonomy":"category","embeddable":true,"href":"https:\/\/ppdegalicia.com\/es\/wp-json\/wp\/v2\/categories?post=67546"},{"taxonomy":"post_tag","embeddable":true,"href":"https:\/\/ppdegalicia.com\/es\/wp-json\/wp\/v2\/tags?post=67546"}],"curies":[{"name":"wp","href":"https:\/\/api.w.org\/{rel}","templated":true}]}}