{"id":67586,"date":"2025-06-25T10:48:12","date_gmt":"2025-06-25T09:48:12","guid":{"rendered":"https:\/\/ppdegalicia.com\/?p=67586"},"modified":"2025-06-25T10:48:12","modified_gmt":"2025-06-25T09:48:12","slug":"o-parlamento-de-galicia-pide-que-a-xunta-reclame-o-traspaso-das-competencias-en-materia-das-autorizacions-iniciais-de-emprego-para-migrantes","status":"publish","type":"post","link":"https:\/\/ppdegalicia.com\/es\/o-parlamento-de-galicia-pide-que-a-xunta-reclame-o-traspaso-das-competencias-en-materia-das-autorizacions-iniciais-de-emprego-para-migrantes\/","title":{"rendered":"O Parlamento de Galicia pide que a Xunta reclame o traspaso das competencias en materia das autorizaci\u00f3ns iniciais de emprego para migrantes"},"content":{"rendered":"<p>O Parlamento de Galicia aprobou hoxe por unanimidade a proposici\u00f3n non de lei do Grupo Popular a trav\u00e9s da que se insta \u00e1 Xunta de Galicia a iniciar os tr\u00e1mites para reclamar o traspaso das competencias executivas en materia das autorizaci\u00f3ns iniciais de traballo das persoas migrantes, de xeito que poida habilitar un proceso que reduza os prazos para obter esta documentaci\u00f3n. \u201cNon hai argumento t\u00e9cnico alg\u00fan que xustifique que estas competencias se quedan en Madrid, e moito menos a d\u00eda de hoxe cun Goberno central que est\u00e1 colapsado, desaparecido ou directamente distra\u00eddo noutras cuesti\u00f3ns m\u00e1is turbias\u201d, manifestou a portavoz popular de Emprego, Noelia P\u00e9rez.<\/p>\n<p>Na s\u00faa intervenci\u00f3n, Noelia P\u00e9rez lamentou que \u201cun dos s\u00edntomas de que o Goberno de Espa\u00f1a est\u00e1 totalmente desconectado da realidade \u00e9 o colapso administrativo que existe no acceso aos permisos de residencia e traballo para as persoas migrantes\u201d, que se manifesta a trav\u00e9s da \u201causencia de reforzo dos servizos p\u00fablicos e que, deste xeito, as demandas do tecido produtivo estean sen atender\u201d.<\/p>\n<p><strong>NIN M\u00c1IS NIN MENOS<\/strong><\/p>\n<p>\u201cMentres os socialistas est\u00e1n \u00e1 espera a ver quen se salva ou quen m\u00e1is cae nesta trama de corrupci\u00f3n, n\u00f3s estamos a ver como cubrir vacantes laborais en sectores estrat\u00e9xicos como a agricultura, a hostaler\u00eda, a pesca ou a construci\u00f3n\u201d, indicou a portavoz popular, quen asegurou que \u201chai empresas que se est\u00e1n vendo obrigadas a rexeitar contratos porque non atopan traballadores\u201d.<\/p>\n<p>Noelia P\u00e9rez afirmou que \u201cGalicia non pide nin m\u00e1is nin menos que o que xa se lles deu a outras comunidades, porque Catalu\u00f1a ten estas competencias en materia de permisos de traballo das persoas migrantes e Euskadi tam\u00e9n as ter\u00e1 a partir do 1 de xullo\u201d. \u201cE esta proposta perm\u00edtenos xestionar directamente as autorizaci\u00f3ns iniciais de traballo desde Galicia, sen colapsos, sen atrasos e sen o Goberno de Pedro S\u00e1nchez polo medio, acreditando a experiencia profesional de quen ven, dese\u00f1ando formaci\u00f3ns a medida e facendo contrataci\u00f3ns en orixe con garant\u00edas\u201d, anotou.<\/p>\n","protected":false},"excerpt":{"rendered":"<p>O Parlamento de Galicia aprobou hoxe por unanimidade a proposici\u00f3n non de lei do Grupo Popular a trav\u00e9s da que se insta \u00e1 Xunta de Galicia a iniciar os tr\u00e1mites para reclamar o traspaso das competencias executivas en materia das autorizaci\u00f3ns iniciais de traballo das persoas migrantes, de xeito que poida habilitar un proceso que [&hellip;]<\/p>\n","protected":false},"author":38,"featured_media":67587,"comment_status":"closed","ping_status":"open","sticky":false,"template":"","format":"standard","meta":{"_acf_changed":false,"footnotes":""},"categories":[1128],"tags":[],"class_list":["post-67586","post","type-post","status-publish","format-standard","has-post-thumbnail","hentry","category-actualidad-parlamento-de-galicia"],"acf":[],"yoast_head":"<!-- This site is optimized with the Yoast SEO plugin v27.3 - https:\/\/yoast.com\/product\/yoast-seo-wordpress\/ -->\n<title>O Parlamento de Galicia pide que a Xunta reclame o traspaso das competencias en materia das autorizaci\u00f3ns iniciais de emprego para migrantes - PP de Galicia<\/title>\n<meta name=\"description\" content=\"O Parlamento de Galicia aprobou hoxe por unanimidade a proposici\u00f3n non de lei do Grupo Popular a trav\u00e9s da que se insta \u00e1 Xunta de Galicia a iniciar os tr\u00e1mites para reclamar o traspaso das competencias executivas en materia das autorizaci\u00f3ns iniciais de traballo das persoas migrantes, de xeito que poida habilitar un proceso que reduza os prazos para obter esta documentaci\u00f3n. \u201cNon hai argumento t\u00e9cnico alg\u00fan que xustifique que estas competencias se quedan en Madrid, e moito menos a d\u00eda de hoxe cun Goberno central que est\u00e1 colapsado, desaparecido ou directamente distra\u00eddo noutras cuesti\u00f3ns m\u00e1is turbias\u201d, manifestou a portavoz popular de Emprego, Noelia P\u00e9rez.\" \/>\n<meta name=\"robots\" content=\"index, follow, max-snippet:-1, max-image-preview:large, max-video-preview:-1\" \/>\n<link rel=\"canonical\" href=\"https:\/\/ppdegalicia.com\/es\/o-parlamento-de-galicia-pide-que-a-xunta-reclame-o-traspaso-das-competencias-en-materia-das-autorizacions-iniciais-de-emprego-para-migrantes\/\" \/>\n<meta property=\"og:locale\" content=\"es_ES\" \/>\n<meta property=\"og:type\" content=\"article\" \/>\n<meta property=\"og:title\" content=\"O Parlamento de Galicia pide que a Xunta reclame o traspaso das competencias en materia das autorizaci\u00f3ns iniciais de emprego para migrantes - PP de Galicia\" \/>\n<meta property=\"og:description\" content=\"O Parlamento de Galicia aprobou hoxe por unanimidade a proposici\u00f3n non de lei do Grupo Popular a trav\u00e9s da que se insta \u00e1 Xunta de Galicia a iniciar os tr\u00e1mites para reclamar o traspaso das competencias executivas en materia das autorizaci\u00f3ns iniciais de traballo das persoas migrantes, de xeito que poida habilitar un proceso que reduza os prazos para obter esta documentaci\u00f3n. \u201cNon hai argumento t\u00e9cnico alg\u00fan que xustifique que estas competencias se quedan en Madrid, e moito menos a d\u00eda de hoxe cun Goberno central que est\u00e1 colapsado, desaparecido ou directamente distra\u00eddo noutras cuesti\u00f3ns m\u00e1is turbias\u201d, manifestou a portavoz popular de Emprego, Noelia P\u00e9rez.\" \/>\n<meta property=\"og:url\" content=\"https:\/\/ppdegalicia.com\/es\/o-parlamento-de-galicia-pide-que-a-xunta-reclame-o-traspaso-das-competencias-en-materia-das-autorizacions-iniciais-de-emprego-para-migrantes\/\" \/>\n<meta property=\"og:site_name\" content=\"PP de Galicia\" \/>\n<meta property=\"article:publisher\" content=\"https:\/\/www.instagram.com\/ppdegalicia\/\" \/>\n<meta property=\"article:published_time\" content=\"2025-06-25T09:48:12+00:00\" \/>\n<meta property=\"og:image\" content=\"https:\/\/ppdegalicia.com\/wp-content\/uploads\/2025\/06\/20250624_Pleno_Ordinario91-scaled.jpg\" \/>\n\t<meta property=\"og:image:width\" content=\"2560\" \/>\n\t<meta property=\"og:image:height\" content=\"1707\" \/>\n\t<meta property=\"og:image:type\" content=\"image\/jpeg\" \/>\n<meta name=\"author\" content=\"ppdegaliciaredes\" \/>\n<meta name=\"twitter:card\" content=\"summary_large_image\" \/>\n<meta name=\"twitter:creator\" content=\"@ppdegalicia\" \/>\n<meta name=\"twitter:site\" content=\"@ppdegalicia\" \/>\n<meta name=\"twitter:label1\" content=\"Escrito por\" \/>\n\t<meta name=\"twitter:data1\" content=\"ppdegaliciaredes\" \/>\n\t<meta name=\"twitter:label2\" content=\"Tiempo de lectura\" \/>\n\t<meta name=\"twitter:data2\" content=\"2 minutos\" \/>\n<script type=\"application\/ld+json\" class=\"yoast-schema-graph\">{\"@context\":\"https:\\\/\\\/schema.org\",\"@graph\":[{\"@type\":\"Article\",\"@id\":\"https:\\\/\\\/ppdegalicia.com\\\/es\\\/o-parlamento-de-galicia-pide-que-a-xunta-reclame-o-traspaso-das-competencias-en-materia-das-autorizacions-iniciais-de-emprego-para-migrantes\\\/#article\",\"isPartOf\":{\"@id\":\"https:\\\/\\\/ppdegalicia.com\\\/es\\\/o-parlamento-de-galicia-pide-que-a-xunta-reclame-o-traspaso-das-competencias-en-materia-das-autorizacions-iniciais-de-emprego-para-migrantes\\\/\"},\"author\":{\"name\":\"ppdegaliciaredes\",\"@id\":\"https:\\\/\\\/ppdegalicia.com\\\/es\\\/#\\\/schema\\\/person\\\/5b822c6f59e872ebdd1142f307dbcb59\"},\"headline\":\"O Parlamento de Galicia pide que a Xunta reclame o traspaso das competencias en materia das autorizaci\u00f3ns iniciais de emprego para migrantes\",\"datePublished\":\"2025-06-25T09:48:12+00:00\",\"mainEntityOfPage\":{\"@id\":\"https:\\\/\\\/ppdegalicia.com\\\/es\\\/o-parlamento-de-galicia-pide-que-a-xunta-reclame-o-traspaso-das-competencias-en-materia-das-autorizacions-iniciais-de-emprego-para-migrantes\\\/\"},\"wordCount\":382,\"publisher\":{\"@id\":\"https:\\\/\\\/ppdegalicia.com\\\/es\\\/#organization\"},\"image\":{\"@id\":\"https:\\\/\\\/ppdegalicia.com\\\/es\\\/o-parlamento-de-galicia-pide-que-a-xunta-reclame-o-traspaso-das-competencias-en-materia-das-autorizacions-iniciais-de-emprego-para-migrantes\\\/#primaryimage\"},\"thumbnailUrl\":\"https:\\\/\\\/ppdegalicia.com\\\/wp-content\\\/uploads\\\/2025\\\/06\\\/20250624_Pleno_Ordinario91-scaled.jpg\",\"articleSection\":[\"Parlamento de Galicia\"],\"inLanguage\":\"es\"},{\"@type\":\"WebPage\",\"@id\":\"https:\\\/\\\/ppdegalicia.com\\\/es\\\/o-parlamento-de-galicia-pide-que-a-xunta-reclame-o-traspaso-das-competencias-en-materia-das-autorizacions-iniciais-de-emprego-para-migrantes\\\/\",\"url\":\"https:\\\/\\\/ppdegalicia.com\\\/es\\\/o-parlamento-de-galicia-pide-que-a-xunta-reclame-o-traspaso-das-competencias-en-materia-das-autorizacions-iniciais-de-emprego-para-migrantes\\\/\",\"name\":\"O Parlamento de Galicia pide que a Xunta reclame o traspaso das competencias en materia das autorizaci\u00f3ns iniciais de emprego para migrantes - PP de Galicia\",\"isPartOf\":{\"@id\":\"https:\\\/\\\/ppdegalicia.com\\\/es\\\/#website\"},\"primaryImageOfPage\":{\"@id\":\"https:\\\/\\\/ppdegalicia.com\\\/es\\\/o-parlamento-de-galicia-pide-que-a-xunta-reclame-o-traspaso-das-competencias-en-materia-das-autorizacions-iniciais-de-emprego-para-migrantes\\\/#primaryimage\"},\"image\":{\"@id\":\"https:\\\/\\\/ppdegalicia.com\\\/es\\\/o-parlamento-de-galicia-pide-que-a-xunta-reclame-o-traspaso-das-competencias-en-materia-das-autorizacions-iniciais-de-emprego-para-migrantes\\\/#primaryimage\"},\"thumbnailUrl\":\"https:\\\/\\\/ppdegalicia.com\\\/wp-content\\\/uploads\\\/2025\\\/06\\\/20250624_Pleno_Ordinario91-scaled.jpg\",\"datePublished\":\"2025-06-25T09:48:12+00:00\",\"description\":\"O Parlamento de Galicia aprobou hoxe por unanimidade a proposici\u00f3n non de lei do Grupo Popular a trav\u00e9s da que se insta \u00e1 Xunta de Galicia a iniciar os tr\u00e1mites para reclamar o traspaso das competencias executivas en materia das autorizaci\u00f3ns iniciais de traballo das persoas migrantes, de xeito que poida habilitar un proceso que reduza os prazos para obter esta documentaci\u00f3n. \u201cNon hai argumento t\u00e9cnico alg\u00fan que xustifique que estas competencias se quedan en Madrid, e moito menos a d\u00eda de hoxe cun Goberno central que est\u00e1 colapsado, desaparecido ou directamente distra\u00eddo noutras cuesti\u00f3ns m\u00e1is turbias\u201d, manifestou a portavoz popular de Emprego, Noelia P\u00e9rez.\",\"breadcrumb\":{\"@id\":\"https:\\\/\\\/ppdegalicia.com\\\/es\\\/o-parlamento-de-galicia-pide-que-a-xunta-reclame-o-traspaso-das-competencias-en-materia-das-autorizacions-iniciais-de-emprego-para-migrantes\\\/#breadcrumb\"},\"inLanguage\":\"es\",\"potentialAction\":[{\"@type\":\"ReadAction\",\"target\":[\"https:\\\/\\\/ppdegalicia.com\\\/es\\\/o-parlamento-de-galicia-pide-que-a-xunta-reclame-o-traspaso-das-competencias-en-materia-das-autorizacions-iniciais-de-emprego-para-migrantes\\\/\"]}]},{\"@type\":\"ImageObject\",\"inLanguage\":\"es\",\"@id\":\"https:\\\/\\\/ppdegalicia.com\\\/es\\\/o-parlamento-de-galicia-pide-que-a-xunta-reclame-o-traspaso-das-competencias-en-materia-das-autorizacions-iniciais-de-emprego-para-migrantes\\\/#primaryimage\",\"url\":\"https:\\\/\\\/ppdegalicia.com\\\/wp-content\\\/uploads\\\/2025\\\/06\\\/20250624_Pleno_Ordinario91-scaled.jpg\",\"contentUrl\":\"https:\\\/\\\/ppdegalicia.com\\\/wp-content\\\/uploads\\\/2025\\\/06\\\/20250624_Pleno_Ordinario91-scaled.jpg\",\"width\":2560,\"height\":1707},{\"@type\":\"BreadcrumbList\",\"@id\":\"https:\\\/\\\/ppdegalicia.com\\\/es\\\/o-parlamento-de-galicia-pide-que-a-xunta-reclame-o-traspaso-das-competencias-en-materia-das-autorizacions-iniciais-de-emprego-para-migrantes\\\/#breadcrumb\",\"itemListElement\":[{\"@type\":\"ListItem\",\"position\":1,\"name\":\"Portada\",\"item\":\"https:\\\/\\\/ppdegalicia.com\\\/es\\\/\"},{\"@type\":\"ListItem\",\"position\":2,\"name\":\"O Parlamento de Galicia pide que a Xunta reclame o traspaso das competencias en materia das autorizaci\u00f3ns iniciais de emprego para migrantes\"}]},{\"@type\":\"WebSite\",\"@id\":\"https:\\\/\\\/ppdegalicia.com\\\/es\\\/#website\",\"url\":\"https:\\\/\\\/ppdegalicia.com\\\/es\\\/\",\"name\":\"Partido Popular de Galicia\",\"description\":\"Partido Popular de Galicia\",\"publisher\":{\"@id\":\"https:\\\/\\\/ppdegalicia.com\\\/es\\\/#organization\"},\"alternateName\":\"PP de Galicia\",\"potentialAction\":[{\"@type\":\"SearchAction\",\"target\":{\"@type\":\"EntryPoint\",\"urlTemplate\":\"https:\\\/\\\/ppdegalicia.com\\\/es\\\/?s={search_term_string}\"},\"query-input\":{\"@type\":\"PropertyValueSpecification\",\"valueRequired\":true,\"valueName\":\"search_term_string\"}}],\"inLanguage\":\"es\"},{\"@type\":\"Organization\",\"@id\":\"https:\\\/\\\/ppdegalicia.com\\\/es\\\/#organization\",\"name\":\"Partido Popular de Galicia\",\"alternateName\":\"PP de Galicia\",\"url\":\"https:\\\/\\\/ppdegalicia.com\\\/es\\\/\",\"logo\":{\"@type\":\"ImageObject\",\"inLanguage\":\"es\",\"@id\":\"https:\\\/\\\/ppdegalicia.com\\\/es\\\/#\\\/schema\\\/logo\\\/image\\\/\",\"url\":\"https:\\\/\\\/ppdegalicia.com\\\/wp-content\\\/uploads\\\/2023\\\/04\\\/logoPP512.png\",\"contentUrl\":\"https:\\\/\\\/ppdegalicia.com\\\/wp-content\\\/uploads\\\/2023\\\/04\\\/logoPP512.png\",\"width\":512,\"height\":512,\"caption\":\"Partido Popular de Galicia\"},\"image\":{\"@id\":\"https:\\\/\\\/ppdegalicia.com\\\/es\\\/#\\\/schema\\\/logo\\\/image\\\/\"},\"sameAs\":[\"https:\\\/\\\/www.instagram.com\\\/ppdegalicia\\\/\",\"https:\\\/\\\/x.com\\\/ppdegalicia\",\"https:\\\/\\\/www.tiktok.com\\\/@ppdegalicia\",\"https:\\\/\\\/www.youtube.com\\\/user\\\/ppdegalicia\"]},{\"@type\":\"Person\",\"@id\":\"https:\\\/\\\/ppdegalicia.com\\\/es\\\/#\\\/schema\\\/person\\\/5b822c6f59e872ebdd1142f307dbcb59\",\"name\":\"ppdegaliciaredes\",\"image\":{\"@type\":\"ImageObject\",\"inLanguage\":\"es\",\"@id\":\"https:\\\/\\\/secure.gravatar.com\\\/avatar\\\/3c9179cf0256d00c72a48d1f25783c58b6842cd56e85ef3a572881c8e28ccd59?s=96&d=mm&r=g\",\"url\":\"https:\\\/\\\/secure.gravatar.com\\\/avatar\\\/3c9179cf0256d00c72a48d1f25783c58b6842cd56e85ef3a572881c8e28ccd59?s=96&d=mm&r=g\",\"contentUrl\":\"https:\\\/\\\/secure.gravatar.com\\\/avatar\\\/3c9179cf0256d00c72a48d1f25783c58b6842cd56e85ef3a572881c8e28ccd59?s=96&d=mm&r=g\",\"caption\":\"ppdegaliciaredes\"},\"url\":\"https:\\\/\\\/ppdegalicia.com\\\/es\\\/author\\\/ppdegaliciaredes\\\/\"}]}<\/script>\n<!-- \/ Yoast SEO plugin. -->","yoast_head_json":{"title":"O Parlamento de Galicia pide que a Xunta reclame o traspaso das competencias en materia das autorizaci\u00f3ns iniciais de emprego para migrantes - PP de Galicia","description":"O Parlamento de Galicia aprobou hoxe por unanimidade a proposici\u00f3n non de lei do Grupo Popular a trav\u00e9s da que se insta \u00e1 Xunta de Galicia a iniciar os tr\u00e1mites para reclamar o traspaso das competencias executivas en materia das autorizaci\u00f3ns iniciais de traballo das persoas migrantes, de xeito que poida habilitar un proceso que reduza os prazos para obter esta documentaci\u00f3n. \u201cNon hai argumento t\u00e9cnico alg\u00fan que xustifique que estas competencias se quedan en Madrid, e moito menos a d\u00eda de hoxe cun Goberno central que est\u00e1 colapsado, desaparecido ou directamente distra\u00eddo noutras cuesti\u00f3ns m\u00e1is turbias\u201d, manifestou a portavoz popular de Emprego, Noelia P\u00e9rez.","robots":{"index":"index","follow":"follow","max-snippet":"max-snippet:-1","max-image-preview":"max-image-preview:large","max-video-preview":"max-video-preview:-1"},"canonical":"https:\/\/ppdegalicia.com\/es\/o-parlamento-de-galicia-pide-que-a-xunta-reclame-o-traspaso-das-competencias-en-materia-das-autorizacions-iniciais-de-emprego-para-migrantes\/","og_locale":"es_ES","og_type":"article","og_title":"O Parlamento de Galicia pide que a Xunta reclame o traspaso das competencias en materia das autorizaci\u00f3ns iniciais de emprego para migrantes - PP de Galicia","og_description":"O Parlamento de Galicia aprobou hoxe por unanimidade a proposici\u00f3n non de lei do Grupo Popular a trav\u00e9s da que se insta \u00e1 Xunta de Galicia a iniciar os tr\u00e1mites para reclamar o traspaso das competencias executivas en materia das autorizaci\u00f3ns iniciais de traballo das persoas migrantes, de xeito que poida habilitar un proceso que reduza os prazos para obter esta documentaci\u00f3n. \u201cNon hai argumento t\u00e9cnico alg\u00fan que xustifique que estas competencias se quedan en Madrid, e moito menos a d\u00eda de hoxe cun Goberno central que est\u00e1 colapsado, desaparecido ou directamente distra\u00eddo noutras cuesti\u00f3ns m\u00e1is turbias\u201d, manifestou a portavoz popular de Emprego, Noelia P\u00e9rez.","og_url":"https:\/\/ppdegalicia.com\/es\/o-parlamento-de-galicia-pide-que-a-xunta-reclame-o-traspaso-das-competencias-en-materia-das-autorizacions-iniciais-de-emprego-para-migrantes\/","og_site_name":"PP de Galicia","article_publisher":"https:\/\/www.instagram.com\/ppdegalicia\/","article_published_time":"2025-06-25T09:48:12+00:00","og_image":[{"width":2560,"height":1707,"url":"https:\/\/ppdegalicia.com\/wp-content\/uploads\/2025\/06\/20250624_Pleno_Ordinario91-scaled.jpg","type":"image\/jpeg"}],"author":"ppdegaliciaredes","twitter_card":"summary_large_image","twitter_creator":"@ppdegalicia","twitter_site":"@ppdegalicia","twitter_misc":{"Escrito por":"ppdegaliciaredes","Tiempo de lectura":"2 minutos"},"schema":{"@context":"https:\/\/schema.org","@graph":[{"@type":"Article","@id":"https:\/\/ppdegalicia.com\/es\/o-parlamento-de-galicia-pide-que-a-xunta-reclame-o-traspaso-das-competencias-en-materia-das-autorizacions-iniciais-de-emprego-para-migrantes\/#article","isPartOf":{"@id":"https:\/\/ppdegalicia.com\/es\/o-parlamento-de-galicia-pide-que-a-xunta-reclame-o-traspaso-das-competencias-en-materia-das-autorizacions-iniciais-de-emprego-para-migrantes\/"},"author":{"name":"ppdegaliciaredes","@id":"https:\/\/ppdegalicia.com\/es\/#\/schema\/person\/5b822c6f59e872ebdd1142f307dbcb59"},"headline":"O Parlamento de Galicia pide que a Xunta reclame o traspaso das competencias en materia das autorizaci\u00f3ns iniciais de emprego para migrantes","datePublished":"2025-06-25T09:48:12+00:00","mainEntityOfPage":{"@id":"https:\/\/ppdegalicia.com\/es\/o-parlamento-de-galicia-pide-que-a-xunta-reclame-o-traspaso-das-competencias-en-materia-das-autorizacions-iniciais-de-emprego-para-migrantes\/"},"wordCount":382,"publisher":{"@id":"https:\/\/ppdegalicia.com\/es\/#organization"},"image":{"@id":"https:\/\/ppdegalicia.com\/es\/o-parlamento-de-galicia-pide-que-a-xunta-reclame-o-traspaso-das-competencias-en-materia-das-autorizacions-iniciais-de-emprego-para-migrantes\/#primaryimage"},"thumbnailUrl":"https:\/\/ppdegalicia.com\/wp-content\/uploads\/2025\/06\/20250624_Pleno_Ordinario91-scaled.jpg","articleSection":["Parlamento de Galicia"],"inLanguage":"es"},{"@type":"WebPage","@id":"https:\/\/ppdegalicia.com\/es\/o-parlamento-de-galicia-pide-que-a-xunta-reclame-o-traspaso-das-competencias-en-materia-das-autorizacions-iniciais-de-emprego-para-migrantes\/","url":"https:\/\/ppdegalicia.com\/es\/o-parlamento-de-galicia-pide-que-a-xunta-reclame-o-traspaso-das-competencias-en-materia-das-autorizacions-iniciais-de-emprego-para-migrantes\/","name":"O Parlamento de Galicia pide que a Xunta reclame o traspaso das competencias en materia das autorizaci\u00f3ns iniciais de emprego para migrantes - PP de Galicia","isPartOf":{"@id":"https:\/\/ppdegalicia.com\/es\/#website"},"primaryImageOfPage":{"@id":"https:\/\/ppdegalicia.com\/es\/o-parlamento-de-galicia-pide-que-a-xunta-reclame-o-traspaso-das-competencias-en-materia-das-autorizacions-iniciais-de-emprego-para-migrantes\/#primaryimage"},"image":{"@id":"https:\/\/ppdegalicia.com\/es\/o-parlamento-de-galicia-pide-que-a-xunta-reclame-o-traspaso-das-competencias-en-materia-das-autorizacions-iniciais-de-emprego-para-migrantes\/#primaryimage"},"thumbnailUrl":"https:\/\/ppdegalicia.com\/wp-content\/uploads\/2025\/06\/20250624_Pleno_Ordinario91-scaled.jpg","datePublished":"2025-06-25T09:48:12+00:00","description":"O Parlamento de Galicia aprobou hoxe por unanimidade a proposici\u00f3n non de lei do Grupo Popular a trav\u00e9s da que se insta \u00e1 Xunta de Galicia a iniciar os tr\u00e1mites para reclamar o traspaso das competencias executivas en materia das autorizaci\u00f3ns iniciais de traballo das persoas migrantes, de xeito que poida habilitar un proceso que reduza os prazos para obter esta documentaci\u00f3n. \u201cNon hai argumento t\u00e9cnico alg\u00fan que xustifique que estas competencias se quedan en Madrid, e moito menos a d\u00eda de hoxe cun Goberno central que est\u00e1 colapsado, desaparecido ou directamente distra\u00eddo noutras cuesti\u00f3ns m\u00e1is turbias\u201d, manifestou a portavoz popular de Emprego, Noelia P\u00e9rez.","breadcrumb":{"@id":"https:\/\/ppdegalicia.com\/es\/o-parlamento-de-galicia-pide-que-a-xunta-reclame-o-traspaso-das-competencias-en-materia-das-autorizacions-iniciais-de-emprego-para-migrantes\/#breadcrumb"},"inLanguage":"es","potentialAction":[{"@type":"ReadAction","target":["https:\/\/ppdegalicia.com\/es\/o-parlamento-de-galicia-pide-que-a-xunta-reclame-o-traspaso-das-competencias-en-materia-das-autorizacions-iniciais-de-emprego-para-migrantes\/"]}]},{"@type":"ImageObject","inLanguage":"es","@id":"https:\/\/ppdegalicia.com\/es\/o-parlamento-de-galicia-pide-que-a-xunta-reclame-o-traspaso-das-competencias-en-materia-das-autorizacions-iniciais-de-emprego-para-migrantes\/#primaryimage","url":"https:\/\/ppdegalicia.com\/wp-content\/uploads\/2025\/06\/20250624_Pleno_Ordinario91-scaled.jpg","contentUrl":"https:\/\/ppdegalicia.com\/wp-content\/uploads\/2025\/06\/20250624_Pleno_Ordinario91-scaled.jpg","width":2560,"height":1707},{"@type":"BreadcrumbList","@id":"https:\/\/ppdegalicia.com\/es\/o-parlamento-de-galicia-pide-que-a-xunta-reclame-o-traspaso-das-competencias-en-materia-das-autorizacions-iniciais-de-emprego-para-migrantes\/#breadcrumb","itemListElement":[{"@type":"ListItem","position":1,"name":"Portada","item":"https:\/\/ppdegalicia.com\/es\/"},{"@type":"ListItem","position":2,"name":"O Parlamento de Galicia pide que a Xunta reclame o traspaso das competencias en materia das autorizaci\u00f3ns iniciais de emprego para migrantes"}]},{"@type":"WebSite","@id":"https:\/\/ppdegalicia.com\/es\/#website","url":"https:\/\/ppdegalicia.com\/es\/","name":"Partido Popular de Galicia","description":"Partido Popular de Galicia","publisher":{"@id":"https:\/\/ppdegalicia.com\/es\/#organization"},"alternateName":"PP de Galicia","potentialAction":[{"@type":"SearchAction","target":{"@type":"EntryPoint","urlTemplate":"https:\/\/ppdegalicia.com\/es\/?s={search_term_string}"},"query-input":{"@type":"PropertyValueSpecification","valueRequired":true,"valueName":"search_term_string"}}],"inLanguage":"es"},{"@type":"Organization","@id":"https:\/\/ppdegalicia.com\/es\/#organization","name":"Partido Popular de Galicia","alternateName":"PP de Galicia","url":"https:\/\/ppdegalicia.com\/es\/","logo":{"@type":"ImageObject","inLanguage":"es","@id":"https:\/\/ppdegalicia.com\/es\/#\/schema\/logo\/image\/","url":"https:\/\/ppdegalicia.com\/wp-content\/uploads\/2023\/04\/logoPP512.png","contentUrl":"https:\/\/ppdegalicia.com\/wp-content\/uploads\/2023\/04\/logoPP512.png","width":512,"height":512,"caption":"Partido Popular de Galicia"},"image":{"@id":"https:\/\/ppdegalicia.com\/es\/#\/schema\/logo\/image\/"},"sameAs":["https:\/\/www.instagram.com\/ppdegalicia\/","https:\/\/x.com\/ppdegalicia","https:\/\/www.tiktok.com\/@ppdegalicia","https:\/\/www.youtube.com\/user\/ppdegalicia"]},{"@type":"Person","@id":"https:\/\/ppdegalicia.com\/es\/#\/schema\/person\/5b822c6f59e872ebdd1142f307dbcb59","name":"ppdegaliciaredes","image":{"@type":"ImageObject","inLanguage":"es","@id":"https:\/\/secure.gravatar.com\/avatar\/3c9179cf0256d00c72a48d1f25783c58b6842cd56e85ef3a572881c8e28ccd59?s=96&d=mm&r=g","url":"https:\/\/secure.gravatar.com\/avatar\/3c9179cf0256d00c72a48d1f25783c58b6842cd56e85ef3a572881c8e28ccd59?s=96&d=mm&r=g","contentUrl":"https:\/\/secure.gravatar.com\/avatar\/3c9179cf0256d00c72a48d1f25783c58b6842cd56e85ef3a572881c8e28ccd59?s=96&d=mm&r=g","caption":"ppdegaliciaredes"},"url":"https:\/\/ppdegalicia.com\/es\/author\/ppdegaliciaredes\/"}]}},"_links":{"self":[{"href":"https:\/\/ppdegalicia.com\/es\/wp-json\/wp\/v2\/posts\/67586","targetHints":{"allow":["GET"]}}],"collection":[{"href":"https:\/\/ppdegalicia.com\/es\/wp-json\/wp\/v2\/posts"}],"about":[{"href":"https:\/\/ppdegalicia.com\/es\/wp-json\/wp\/v2\/types\/post"}],"author":[{"embeddable":true,"href":"https:\/\/ppdegalicia.com\/es\/wp-json\/wp\/v2\/users\/38"}],"replies":[{"embeddable":true,"href":"https:\/\/ppdegalicia.com\/es\/wp-json\/wp\/v2\/comments?post=67586"}],"version-history":[{"count":1,"href":"https:\/\/ppdegalicia.com\/es\/wp-json\/wp\/v2\/posts\/67586\/revisions"}],"predecessor-version":[{"id":67589,"href":"https:\/\/ppdegalicia.com\/es\/wp-json\/wp\/v2\/posts\/67586\/revisions\/67589"}],"wp:featuredmedia":[{"embeddable":true,"href":"https:\/\/ppdegalicia.com\/es\/wp-json\/wp\/v2\/media\/67587"}],"wp:attachment":[{"href":"https:\/\/ppdegalicia.com\/es\/wp-json\/wp\/v2\/media?parent=67586"}],"wp:term":[{"taxonomy":"category","embeddable":true,"href":"https:\/\/ppdegalicia.com\/es\/wp-json\/wp\/v2\/categories?post=67586"},{"taxonomy":"post_tag","embeddable":true,"href":"https:\/\/ppdegalicia.com\/es\/wp-json\/wp\/v2\/tags?post=67586"}],"curies":[{"name":"wp","href":"https:\/\/api.w.org\/{rel}","templated":true}]}}