{"id":67590,"date":"2025-06-25T11:15:24","date_gmt":"2025-06-25T10:15:24","guid":{"rendered":"https:\/\/ppdegalicia.com\/?p=67590"},"modified":"2025-06-25T11:15:24","modified_gmt":"2025-06-25T10:15:24","slug":"o-parlamento-galego-demanda-ao-goberno-central-actuacion-no-treito-internacional-do-rio-mino-para-mellorar-a-sua-situacion-actual","status":"publish","type":"post","link":"https:\/\/ppdegalicia.com\/es\/o-parlamento-galego-demanda-ao-goberno-central-actuacion-no-treito-internacional-do-rio-mino-para-mellorar-a-sua-situacion-actual\/","title":{"rendered":"O Parlamento galego demanda ao Goberno central actuaci\u00f3n no treito internacional do r\u00edo Mi\u00f1o para mellorar a s\u00faa situaci\u00f3n actual"},"content":{"rendered":"<p>O Pleno do Parlamento de Galicia aprobou hoxe a proposici\u00f3n non de lei do Grupo Popular, que non contou co apoio dos deputados do BNG, a trav\u00e9s da que se solicita ao Goberno de Espa\u00f1a unha serie de actuaci\u00f3ns para mellorar o estado no treito internacional do r\u00edo Mi\u00f1o, como avaliar o cumprimento do caudal ecol\u00f3xico, desenvolver un plan de loita contra especies invasoras, promover a dragaxe sostible e controlada, harmonizar normativas e facilitar a xesti\u00f3n da biomasa, actualizar o regulamento de navegaci\u00f3n, reforzar a inspecci\u00f3n de embarcaci\u00f3ns de pasaxeiros ou protexer estrutural e patrimonialmente as pesqueiras.<\/p>\n<p>O viceportavoz popular, Julio Garc\u00eda Comesa\u00f1a, explicou que esta iniciativa parlamentaria recolle demandas realizadas por alcaldes, veci\u00f1os, clubs deportivos, pescadores e empresarios tur\u00edsticos \u201cante os problemas grav\u00edsimos que se cronificaron no treito internacional do r\u00edo Mi\u00f1o pola desidia do Goberno de Espa\u00f1a e a conivencia dos seus socios\u201d.<\/p>\n<p><strong>COMPROMISO DA XUNTA<\/strong><\/p>\n<p>En concreto, referiuse \u00e1 xesti\u00f3n irregular do caudal ecol\u00f3xico; \u00e1 proliferaci\u00f3n de especies invasoras, que est\u00e1n desprazando a fauna e a flora aut\u00f3ctonas; a sedimentaci\u00f3n do leito fluvial, agravada pola prohibici\u00f3n absoluta do dragado; a falta de harmonizaci\u00f3n normativa entre as d\u00faas marxes do r\u00edo; a obsolescencia do regulamento de navegaci\u00f3n; o descontrol no transporte fluvial de pasaxeiros; e a necesidade de preservar as tradicionais pesqueiras.<\/p>\n<p>\u201cA Xunta leva anos demostrando o seu compromiso co Mi\u00f1o, pero a dimensi\u00f3n transfronteiriza e multisectorial dos problemas deste r\u00edo esixe a implicaci\u00f3n activa do Goberno de Espa\u00f1a, implicaci\u00f3n que ata o d\u00eda e hoxe brilla pola s\u00faa ausencia\u201d, sinalou o viceportavoz popular. Neste sentido, asegurou que \u201ca Xunta ten cumprido coa s\u00faa parte, con investimentos reais, coa promoci\u00f3n do r\u00edo como recurso tur\u00edstico e ambiental, e con iniciativas para a conservaci\u00f3n do ecosistema, pero sen unha implicaci\u00f3n do Goberno central moitas destas actuaci\u00f3ns atopan un muro de incompetencia e silencio\u201d.<\/p>\n<p>Garc\u00eda Comesa\u00f1a pediu que o Goberno central \u201cse sente a falar cos alcaldes do territorio e que trate ao Mi\u00f1o como o que \u00e9: un patrimonio natural e cultural \u00fanico, un activo para o desenvolvemento rural e un exemplo de colaboraci\u00f3n internacional\u201d. \u201cEstamos ante un problema real que afecta directamente \u00e1 calidade de vida dos veci\u00f1os e \u00e1 sustentabilidade ambiental do territorio\u201d, apuntou.<\/p>\n<p><strong>R\u00cdO IGNORADO POLO GOBERNO CENTRAL<\/strong><\/p>\n<p>\u201cNon podemos permitir que o Mi\u00f1o se converta nun r\u00edo ignorado polas administraci\u00f3ns, nin pola s\u00faa historia, nin pola s\u00faa riqueza ecol\u00f3xica, nin polo que representa para a identidade galega e para a cooperaci\u00f3n entre pobos irm\u00e1ns como Galicia e o norte de Portugal\u201d, manifestou.<\/p>\n<p>Para rematar, o viceportavoz popular cualificou de \u201coportunista\u201d a preocupaci\u00f3n amosada en d\u00edas pasado polo BNG pola situaci\u00f3n do r\u00edo Mi\u00f1o, propo\u00f1endo a creaci\u00f3n dunha autoridade \u00fanica de gobernanza transfronteiriza, \u201cunha f\u00f3rmula maximalista que nin concretan, nin executan, nin defenden ante o seu socio preferente: o PSOE\u201d. \u201cNon deixa de chamar a atenci\u00f3n que, mesmo nesta cuesti\u00f3n, o BNG evite criticar con claridade ao Goberno de Pedro S\u00e1nchez, chegando incluso a evitar o seu apoio neste Pleno a esta iniciativa aprobada polo Grupo Popular\u201d, subli\u00f1ou.<\/p>\n","protected":false},"excerpt":{"rendered":"<p>O Pleno do Parlamento de Galicia aprobou hoxe a proposici\u00f3n non de lei do Grupo Popular, que non contou co apoio dos deputados do BNG, a trav\u00e9s da que se solicita ao Goberno de Espa\u00f1a unha serie de actuaci\u00f3ns para mellorar o estado no treito internacional do r\u00edo Mi\u00f1o, como avaliar o cumprimento do caudal [&hellip;]<\/p>\n","protected":false},"author":38,"featured_media":67591,"comment_status":"closed","ping_status":"open","sticky":false,"template":"","format":"standard","meta":{"_acf_changed":false,"footnotes":""},"categories":[1128],"tags":[],"class_list":["post-67590","post","type-post","status-publish","format-standard","has-post-thumbnail","hentry","category-actualidad-parlamento-de-galicia"],"acf":[],"yoast_head":"<!-- This site is optimized with the Yoast SEO plugin v27.3 - https:\/\/yoast.com\/product\/yoast-seo-wordpress\/ -->\n<title>O Parlamento galego demanda ao Goberno central actuaci\u00f3n no treito internacional do r\u00edo Mi\u00f1o para mellorar a s\u00faa situaci\u00f3n actual - PP de Galicia<\/title>\n<meta name=\"description\" content=\"O Pleno do Parlamento de Galicia aprobou hoxe a proposici\u00f3n non de lei do Grupo Popular, que non contou co apoio dos deputados do BNG, a trav\u00e9s da que se solicita ao Goberno de Espa\u00f1a unha serie de actuaci\u00f3ns para mellorar o estado no treito internacional do r\u00edo Mi\u00f1o, como avaliar o cumprimento do caudal ecol\u00f3xico, desenvolver un plan de loita contra especies invasoras, promover a dragaxe sostible e controlada, harmonizar normativas e facilitar a xesti\u00f3n da biomasa, actualizar o regulamento de navegaci\u00f3n, reforzar a inspecci\u00f3n de embarcaci\u00f3ns de pasaxeiros ou protexer estrutural e patrimonialmente as pesqueiras.\" \/>\n<meta name=\"robots\" content=\"index, follow, max-snippet:-1, max-image-preview:large, max-video-preview:-1\" \/>\n<link rel=\"canonical\" href=\"https:\/\/ppdegalicia.com\/es\/o-parlamento-galego-demanda-ao-goberno-central-actuacion-no-treito-internacional-do-rio-mino-para-mellorar-a-sua-situacion-actual\/\" \/>\n<meta property=\"og:locale\" content=\"es_ES\" \/>\n<meta property=\"og:type\" content=\"article\" \/>\n<meta property=\"og:title\" content=\"O Parlamento galego demanda ao Goberno central actuaci\u00f3n no treito internacional do r\u00edo Mi\u00f1o para mellorar a s\u00faa situaci\u00f3n actual - PP de Galicia\" \/>\n<meta property=\"og:description\" content=\"O Pleno do Parlamento de Galicia aprobou hoxe a proposici\u00f3n non de lei do Grupo Popular, que non contou co apoio dos deputados do BNG, a trav\u00e9s da que se solicita ao Goberno de Espa\u00f1a unha serie de actuaci\u00f3ns para mellorar o estado no treito internacional do r\u00edo Mi\u00f1o, como avaliar o cumprimento do caudal ecol\u00f3xico, desenvolver un plan de loita contra especies invasoras, promover a dragaxe sostible e controlada, harmonizar normativas e facilitar a xesti\u00f3n da biomasa, actualizar o regulamento de navegaci\u00f3n, reforzar a inspecci\u00f3n de embarcaci\u00f3ns de pasaxeiros ou protexer estrutural e patrimonialmente as pesqueiras.\" \/>\n<meta property=\"og:url\" content=\"https:\/\/ppdegalicia.com\/es\/o-parlamento-galego-demanda-ao-goberno-central-actuacion-no-treito-internacional-do-rio-mino-para-mellorar-a-sua-situacion-actual\/\" \/>\n<meta property=\"og:site_name\" content=\"PP de Galicia\" \/>\n<meta property=\"article:publisher\" content=\"https:\/\/www.instagram.com\/ppdegalicia\/\" \/>\n<meta property=\"article:published_time\" content=\"2025-06-25T10:15:24+00:00\" \/>\n<meta property=\"og:image\" content=\"https:\/\/ppdegalicia.com\/wp-content\/uploads\/2025\/06\/20250624_Pleno_Ordinario129-scaled.jpg\" \/>\n\t<meta property=\"og:image:width\" content=\"2560\" \/>\n\t<meta property=\"og:image:height\" content=\"1707\" \/>\n\t<meta property=\"og:image:type\" content=\"image\/jpeg\" \/>\n<meta name=\"author\" content=\"ppdegaliciaredes\" \/>\n<meta name=\"twitter:card\" content=\"summary_large_image\" \/>\n<meta name=\"twitter:creator\" content=\"@ppdegalicia\" \/>\n<meta name=\"twitter:site\" content=\"@ppdegalicia\" \/>\n<meta name=\"twitter:label1\" content=\"Escrito por\" \/>\n\t<meta name=\"twitter:data1\" content=\"ppdegaliciaredes\" \/>\n\t<meta name=\"twitter:label2\" content=\"Tiempo de lectura\" \/>\n\t<meta name=\"twitter:data2\" content=\"3 minutos\" \/>\n<script type=\"application\/ld+json\" class=\"yoast-schema-graph\">{\"@context\":\"https:\\\/\\\/schema.org\",\"@graph\":[{\"@type\":\"Article\",\"@id\":\"https:\\\/\\\/ppdegalicia.com\\\/es\\\/o-parlamento-galego-demanda-ao-goberno-central-actuacion-no-treito-internacional-do-rio-mino-para-mellorar-a-sua-situacion-actual\\\/#article\",\"isPartOf\":{\"@id\":\"https:\\\/\\\/ppdegalicia.com\\\/es\\\/o-parlamento-galego-demanda-ao-goberno-central-actuacion-no-treito-internacional-do-rio-mino-para-mellorar-a-sua-situacion-actual\\\/\"},\"author\":{\"name\":\"ppdegaliciaredes\",\"@id\":\"https:\\\/\\\/ppdegalicia.com\\\/es\\\/#\\\/schema\\\/person\\\/5b822c6f59e872ebdd1142f307dbcb59\"},\"headline\":\"O Parlamento galego demanda ao Goberno central actuaci\u00f3n no treito internacional do r\u00edo Mi\u00f1o para mellorar a s\u00faa situaci\u00f3n actual\",\"datePublished\":\"2025-06-25T10:15:24+00:00\",\"mainEntityOfPage\":{\"@id\":\"https:\\\/\\\/ppdegalicia.com\\\/es\\\/o-parlamento-galego-demanda-ao-goberno-central-actuacion-no-treito-internacional-do-rio-mino-para-mellorar-a-sua-situacion-actual\\\/\"},\"wordCount\":594,\"publisher\":{\"@id\":\"https:\\\/\\\/ppdegalicia.com\\\/es\\\/#organization\"},\"image\":{\"@id\":\"https:\\\/\\\/ppdegalicia.com\\\/es\\\/o-parlamento-galego-demanda-ao-goberno-central-actuacion-no-treito-internacional-do-rio-mino-para-mellorar-a-sua-situacion-actual\\\/#primaryimage\"},\"thumbnailUrl\":\"https:\\\/\\\/ppdegalicia.com\\\/wp-content\\\/uploads\\\/2025\\\/06\\\/20250624_Pleno_Ordinario129-scaled.jpg\",\"articleSection\":[\"Parlamento de Galicia\"],\"inLanguage\":\"es\"},{\"@type\":\"WebPage\",\"@id\":\"https:\\\/\\\/ppdegalicia.com\\\/es\\\/o-parlamento-galego-demanda-ao-goberno-central-actuacion-no-treito-internacional-do-rio-mino-para-mellorar-a-sua-situacion-actual\\\/\",\"url\":\"https:\\\/\\\/ppdegalicia.com\\\/es\\\/o-parlamento-galego-demanda-ao-goberno-central-actuacion-no-treito-internacional-do-rio-mino-para-mellorar-a-sua-situacion-actual\\\/\",\"name\":\"O Parlamento galego demanda ao Goberno central actuaci\u00f3n no treito internacional do r\u00edo Mi\u00f1o para mellorar a s\u00faa situaci\u00f3n actual - PP de Galicia\",\"isPartOf\":{\"@id\":\"https:\\\/\\\/ppdegalicia.com\\\/es\\\/#website\"},\"primaryImageOfPage\":{\"@id\":\"https:\\\/\\\/ppdegalicia.com\\\/es\\\/o-parlamento-galego-demanda-ao-goberno-central-actuacion-no-treito-internacional-do-rio-mino-para-mellorar-a-sua-situacion-actual\\\/#primaryimage\"},\"image\":{\"@id\":\"https:\\\/\\\/ppdegalicia.com\\\/es\\\/o-parlamento-galego-demanda-ao-goberno-central-actuacion-no-treito-internacional-do-rio-mino-para-mellorar-a-sua-situacion-actual\\\/#primaryimage\"},\"thumbnailUrl\":\"https:\\\/\\\/ppdegalicia.com\\\/wp-content\\\/uploads\\\/2025\\\/06\\\/20250624_Pleno_Ordinario129-scaled.jpg\",\"datePublished\":\"2025-06-25T10:15:24+00:00\",\"description\":\"O Pleno do Parlamento de Galicia aprobou hoxe a proposici\u00f3n non de lei do Grupo Popular, que non contou co apoio dos deputados do BNG, a trav\u00e9s da que se solicita ao Goberno de Espa\u00f1a unha serie de actuaci\u00f3ns para mellorar o estado no treito internacional do r\u00edo Mi\u00f1o, como avaliar o cumprimento do caudal ecol\u00f3xico, desenvolver un plan de loita contra especies invasoras, promover a dragaxe sostible e controlada, harmonizar normativas e facilitar a xesti\u00f3n da biomasa, actualizar o regulamento de navegaci\u00f3n, reforzar a inspecci\u00f3n de embarcaci\u00f3ns de pasaxeiros ou protexer estrutural e patrimonialmente as pesqueiras.\",\"breadcrumb\":{\"@id\":\"https:\\\/\\\/ppdegalicia.com\\\/es\\\/o-parlamento-galego-demanda-ao-goberno-central-actuacion-no-treito-internacional-do-rio-mino-para-mellorar-a-sua-situacion-actual\\\/#breadcrumb\"},\"inLanguage\":\"es\",\"potentialAction\":[{\"@type\":\"ReadAction\",\"target\":[\"https:\\\/\\\/ppdegalicia.com\\\/es\\\/o-parlamento-galego-demanda-ao-goberno-central-actuacion-no-treito-internacional-do-rio-mino-para-mellorar-a-sua-situacion-actual\\\/\"]}]},{\"@type\":\"ImageObject\",\"inLanguage\":\"es\",\"@id\":\"https:\\\/\\\/ppdegalicia.com\\\/es\\\/o-parlamento-galego-demanda-ao-goberno-central-actuacion-no-treito-internacional-do-rio-mino-para-mellorar-a-sua-situacion-actual\\\/#primaryimage\",\"url\":\"https:\\\/\\\/ppdegalicia.com\\\/wp-content\\\/uploads\\\/2025\\\/06\\\/20250624_Pleno_Ordinario129-scaled.jpg\",\"contentUrl\":\"https:\\\/\\\/ppdegalicia.com\\\/wp-content\\\/uploads\\\/2025\\\/06\\\/20250624_Pleno_Ordinario129-scaled.jpg\",\"width\":2560,\"height\":1707},{\"@type\":\"BreadcrumbList\",\"@id\":\"https:\\\/\\\/ppdegalicia.com\\\/es\\\/o-parlamento-galego-demanda-ao-goberno-central-actuacion-no-treito-internacional-do-rio-mino-para-mellorar-a-sua-situacion-actual\\\/#breadcrumb\",\"itemListElement\":[{\"@type\":\"ListItem\",\"position\":1,\"name\":\"Portada\",\"item\":\"https:\\\/\\\/ppdegalicia.com\\\/es\\\/\"},{\"@type\":\"ListItem\",\"position\":2,\"name\":\"O Parlamento galego demanda ao Goberno central actuaci\u00f3n no treito internacional do r\u00edo Mi\u00f1o para mellorar a s\u00faa situaci\u00f3n actual\"}]},{\"@type\":\"WebSite\",\"@id\":\"https:\\\/\\\/ppdegalicia.com\\\/es\\\/#website\",\"url\":\"https:\\\/\\\/ppdegalicia.com\\\/es\\\/\",\"name\":\"Partido Popular de Galicia\",\"description\":\"Partido Popular de Galicia\",\"publisher\":{\"@id\":\"https:\\\/\\\/ppdegalicia.com\\\/es\\\/#organization\"},\"alternateName\":\"PP de Galicia\",\"potentialAction\":[{\"@type\":\"SearchAction\",\"target\":{\"@type\":\"EntryPoint\",\"urlTemplate\":\"https:\\\/\\\/ppdegalicia.com\\\/es\\\/?s={search_term_string}\"},\"query-input\":{\"@type\":\"PropertyValueSpecification\",\"valueRequired\":true,\"valueName\":\"search_term_string\"}}],\"inLanguage\":\"es\"},{\"@type\":\"Organization\",\"@id\":\"https:\\\/\\\/ppdegalicia.com\\\/es\\\/#organization\",\"name\":\"Partido Popular de Galicia\",\"alternateName\":\"PP de Galicia\",\"url\":\"https:\\\/\\\/ppdegalicia.com\\\/es\\\/\",\"logo\":{\"@type\":\"ImageObject\",\"inLanguage\":\"es\",\"@id\":\"https:\\\/\\\/ppdegalicia.com\\\/es\\\/#\\\/schema\\\/logo\\\/image\\\/\",\"url\":\"https:\\\/\\\/ppdegalicia.com\\\/wp-content\\\/uploads\\\/2023\\\/04\\\/logoPP512.png\",\"contentUrl\":\"https:\\\/\\\/ppdegalicia.com\\\/wp-content\\\/uploads\\\/2023\\\/04\\\/logoPP512.png\",\"width\":512,\"height\":512,\"caption\":\"Partido Popular de Galicia\"},\"image\":{\"@id\":\"https:\\\/\\\/ppdegalicia.com\\\/es\\\/#\\\/schema\\\/logo\\\/image\\\/\"},\"sameAs\":[\"https:\\\/\\\/www.instagram.com\\\/ppdegalicia\\\/\",\"https:\\\/\\\/x.com\\\/ppdegalicia\",\"https:\\\/\\\/www.tiktok.com\\\/@ppdegalicia\",\"https:\\\/\\\/www.youtube.com\\\/user\\\/ppdegalicia\"]},{\"@type\":\"Person\",\"@id\":\"https:\\\/\\\/ppdegalicia.com\\\/es\\\/#\\\/schema\\\/person\\\/5b822c6f59e872ebdd1142f307dbcb59\",\"name\":\"ppdegaliciaredes\",\"image\":{\"@type\":\"ImageObject\",\"inLanguage\":\"es\",\"@id\":\"https:\\\/\\\/secure.gravatar.com\\\/avatar\\\/3c9179cf0256d00c72a48d1f25783c58b6842cd56e85ef3a572881c8e28ccd59?s=96&d=mm&r=g\",\"url\":\"https:\\\/\\\/secure.gravatar.com\\\/avatar\\\/3c9179cf0256d00c72a48d1f25783c58b6842cd56e85ef3a572881c8e28ccd59?s=96&d=mm&r=g\",\"contentUrl\":\"https:\\\/\\\/secure.gravatar.com\\\/avatar\\\/3c9179cf0256d00c72a48d1f25783c58b6842cd56e85ef3a572881c8e28ccd59?s=96&d=mm&r=g\",\"caption\":\"ppdegaliciaredes\"},\"url\":\"https:\\\/\\\/ppdegalicia.com\\\/es\\\/author\\\/ppdegaliciaredes\\\/\"}]}<\/script>\n<!-- \/ Yoast SEO plugin. -->","yoast_head_json":{"title":"O Parlamento galego demanda ao Goberno central actuaci\u00f3n no treito internacional do r\u00edo Mi\u00f1o para mellorar a s\u00faa situaci\u00f3n actual - PP de Galicia","description":"O Pleno do Parlamento de Galicia aprobou hoxe a proposici\u00f3n non de lei do Grupo Popular, que non contou co apoio dos deputados do BNG, a trav\u00e9s da que se solicita ao Goberno de Espa\u00f1a unha serie de actuaci\u00f3ns para mellorar o estado no treito internacional do r\u00edo Mi\u00f1o, como avaliar o cumprimento do caudal ecol\u00f3xico, desenvolver un plan de loita contra especies invasoras, promover a dragaxe sostible e controlada, harmonizar normativas e facilitar a xesti\u00f3n da biomasa, actualizar o regulamento de navegaci\u00f3n, reforzar a inspecci\u00f3n de embarcaci\u00f3ns de pasaxeiros ou protexer estrutural e patrimonialmente as pesqueiras.","robots":{"index":"index","follow":"follow","max-snippet":"max-snippet:-1","max-image-preview":"max-image-preview:large","max-video-preview":"max-video-preview:-1"},"canonical":"https:\/\/ppdegalicia.com\/es\/o-parlamento-galego-demanda-ao-goberno-central-actuacion-no-treito-internacional-do-rio-mino-para-mellorar-a-sua-situacion-actual\/","og_locale":"es_ES","og_type":"article","og_title":"O Parlamento galego demanda ao Goberno central actuaci\u00f3n no treito internacional do r\u00edo Mi\u00f1o para mellorar a s\u00faa situaci\u00f3n actual - PP de Galicia","og_description":"O Pleno do Parlamento de Galicia aprobou hoxe a proposici\u00f3n non de lei do Grupo Popular, que non contou co apoio dos deputados do BNG, a trav\u00e9s da que se solicita ao Goberno de Espa\u00f1a unha serie de actuaci\u00f3ns para mellorar o estado no treito internacional do r\u00edo Mi\u00f1o, como avaliar o cumprimento do caudal ecol\u00f3xico, desenvolver un plan de loita contra especies invasoras, promover a dragaxe sostible e controlada, harmonizar normativas e facilitar a xesti\u00f3n da biomasa, actualizar o regulamento de navegaci\u00f3n, reforzar a inspecci\u00f3n de embarcaci\u00f3ns de pasaxeiros ou protexer estrutural e patrimonialmente as pesqueiras.","og_url":"https:\/\/ppdegalicia.com\/es\/o-parlamento-galego-demanda-ao-goberno-central-actuacion-no-treito-internacional-do-rio-mino-para-mellorar-a-sua-situacion-actual\/","og_site_name":"PP de Galicia","article_publisher":"https:\/\/www.instagram.com\/ppdegalicia\/","article_published_time":"2025-06-25T10:15:24+00:00","og_image":[{"width":2560,"height":1707,"url":"https:\/\/ppdegalicia.com\/wp-content\/uploads\/2025\/06\/20250624_Pleno_Ordinario129-scaled.jpg","type":"image\/jpeg"}],"author":"ppdegaliciaredes","twitter_card":"summary_large_image","twitter_creator":"@ppdegalicia","twitter_site":"@ppdegalicia","twitter_misc":{"Escrito por":"ppdegaliciaredes","Tiempo de lectura":"3 minutos"},"schema":{"@context":"https:\/\/schema.org","@graph":[{"@type":"Article","@id":"https:\/\/ppdegalicia.com\/es\/o-parlamento-galego-demanda-ao-goberno-central-actuacion-no-treito-internacional-do-rio-mino-para-mellorar-a-sua-situacion-actual\/#article","isPartOf":{"@id":"https:\/\/ppdegalicia.com\/es\/o-parlamento-galego-demanda-ao-goberno-central-actuacion-no-treito-internacional-do-rio-mino-para-mellorar-a-sua-situacion-actual\/"},"author":{"name":"ppdegaliciaredes","@id":"https:\/\/ppdegalicia.com\/es\/#\/schema\/person\/5b822c6f59e872ebdd1142f307dbcb59"},"headline":"O Parlamento galego demanda ao Goberno central actuaci\u00f3n no treito internacional do r\u00edo Mi\u00f1o para mellorar a s\u00faa situaci\u00f3n actual","datePublished":"2025-06-25T10:15:24+00:00","mainEntityOfPage":{"@id":"https:\/\/ppdegalicia.com\/es\/o-parlamento-galego-demanda-ao-goberno-central-actuacion-no-treito-internacional-do-rio-mino-para-mellorar-a-sua-situacion-actual\/"},"wordCount":594,"publisher":{"@id":"https:\/\/ppdegalicia.com\/es\/#organization"},"image":{"@id":"https:\/\/ppdegalicia.com\/es\/o-parlamento-galego-demanda-ao-goberno-central-actuacion-no-treito-internacional-do-rio-mino-para-mellorar-a-sua-situacion-actual\/#primaryimage"},"thumbnailUrl":"https:\/\/ppdegalicia.com\/wp-content\/uploads\/2025\/06\/20250624_Pleno_Ordinario129-scaled.jpg","articleSection":["Parlamento de Galicia"],"inLanguage":"es"},{"@type":"WebPage","@id":"https:\/\/ppdegalicia.com\/es\/o-parlamento-galego-demanda-ao-goberno-central-actuacion-no-treito-internacional-do-rio-mino-para-mellorar-a-sua-situacion-actual\/","url":"https:\/\/ppdegalicia.com\/es\/o-parlamento-galego-demanda-ao-goberno-central-actuacion-no-treito-internacional-do-rio-mino-para-mellorar-a-sua-situacion-actual\/","name":"O Parlamento galego demanda ao Goberno central actuaci\u00f3n no treito internacional do r\u00edo Mi\u00f1o para mellorar a s\u00faa situaci\u00f3n actual - PP de Galicia","isPartOf":{"@id":"https:\/\/ppdegalicia.com\/es\/#website"},"primaryImageOfPage":{"@id":"https:\/\/ppdegalicia.com\/es\/o-parlamento-galego-demanda-ao-goberno-central-actuacion-no-treito-internacional-do-rio-mino-para-mellorar-a-sua-situacion-actual\/#primaryimage"},"image":{"@id":"https:\/\/ppdegalicia.com\/es\/o-parlamento-galego-demanda-ao-goberno-central-actuacion-no-treito-internacional-do-rio-mino-para-mellorar-a-sua-situacion-actual\/#primaryimage"},"thumbnailUrl":"https:\/\/ppdegalicia.com\/wp-content\/uploads\/2025\/06\/20250624_Pleno_Ordinario129-scaled.jpg","datePublished":"2025-06-25T10:15:24+00:00","description":"O Pleno do Parlamento de Galicia aprobou hoxe a proposici\u00f3n non de lei do Grupo Popular, que non contou co apoio dos deputados do BNG, a trav\u00e9s da que se solicita ao Goberno de Espa\u00f1a unha serie de actuaci\u00f3ns para mellorar o estado no treito internacional do r\u00edo Mi\u00f1o, como avaliar o cumprimento do caudal ecol\u00f3xico, desenvolver un plan de loita contra especies invasoras, promover a dragaxe sostible e controlada, harmonizar normativas e facilitar a xesti\u00f3n da biomasa, actualizar o regulamento de navegaci\u00f3n, reforzar a inspecci\u00f3n de embarcaci\u00f3ns de pasaxeiros ou protexer estrutural e patrimonialmente as pesqueiras.","breadcrumb":{"@id":"https:\/\/ppdegalicia.com\/es\/o-parlamento-galego-demanda-ao-goberno-central-actuacion-no-treito-internacional-do-rio-mino-para-mellorar-a-sua-situacion-actual\/#breadcrumb"},"inLanguage":"es","potentialAction":[{"@type":"ReadAction","target":["https:\/\/ppdegalicia.com\/es\/o-parlamento-galego-demanda-ao-goberno-central-actuacion-no-treito-internacional-do-rio-mino-para-mellorar-a-sua-situacion-actual\/"]}]},{"@type":"ImageObject","inLanguage":"es","@id":"https:\/\/ppdegalicia.com\/es\/o-parlamento-galego-demanda-ao-goberno-central-actuacion-no-treito-internacional-do-rio-mino-para-mellorar-a-sua-situacion-actual\/#primaryimage","url":"https:\/\/ppdegalicia.com\/wp-content\/uploads\/2025\/06\/20250624_Pleno_Ordinario129-scaled.jpg","contentUrl":"https:\/\/ppdegalicia.com\/wp-content\/uploads\/2025\/06\/20250624_Pleno_Ordinario129-scaled.jpg","width":2560,"height":1707},{"@type":"BreadcrumbList","@id":"https:\/\/ppdegalicia.com\/es\/o-parlamento-galego-demanda-ao-goberno-central-actuacion-no-treito-internacional-do-rio-mino-para-mellorar-a-sua-situacion-actual\/#breadcrumb","itemListElement":[{"@type":"ListItem","position":1,"name":"Portada","item":"https:\/\/ppdegalicia.com\/es\/"},{"@type":"ListItem","position":2,"name":"O Parlamento galego demanda ao Goberno central actuaci\u00f3n no treito internacional do r\u00edo Mi\u00f1o para mellorar a s\u00faa situaci\u00f3n actual"}]},{"@type":"WebSite","@id":"https:\/\/ppdegalicia.com\/es\/#website","url":"https:\/\/ppdegalicia.com\/es\/","name":"Partido Popular de Galicia","description":"Partido Popular de Galicia","publisher":{"@id":"https:\/\/ppdegalicia.com\/es\/#organization"},"alternateName":"PP de Galicia","potentialAction":[{"@type":"SearchAction","target":{"@type":"EntryPoint","urlTemplate":"https:\/\/ppdegalicia.com\/es\/?s={search_term_string}"},"query-input":{"@type":"PropertyValueSpecification","valueRequired":true,"valueName":"search_term_string"}}],"inLanguage":"es"},{"@type":"Organization","@id":"https:\/\/ppdegalicia.com\/es\/#organization","name":"Partido Popular de Galicia","alternateName":"PP de Galicia","url":"https:\/\/ppdegalicia.com\/es\/","logo":{"@type":"ImageObject","inLanguage":"es","@id":"https:\/\/ppdegalicia.com\/es\/#\/schema\/logo\/image\/","url":"https:\/\/ppdegalicia.com\/wp-content\/uploads\/2023\/04\/logoPP512.png","contentUrl":"https:\/\/ppdegalicia.com\/wp-content\/uploads\/2023\/04\/logoPP512.png","width":512,"height":512,"caption":"Partido Popular de Galicia"},"image":{"@id":"https:\/\/ppdegalicia.com\/es\/#\/schema\/logo\/image\/"},"sameAs":["https:\/\/www.instagram.com\/ppdegalicia\/","https:\/\/x.com\/ppdegalicia","https:\/\/www.tiktok.com\/@ppdegalicia","https:\/\/www.youtube.com\/user\/ppdegalicia"]},{"@type":"Person","@id":"https:\/\/ppdegalicia.com\/es\/#\/schema\/person\/5b822c6f59e872ebdd1142f307dbcb59","name":"ppdegaliciaredes","image":{"@type":"ImageObject","inLanguage":"es","@id":"https:\/\/secure.gravatar.com\/avatar\/3c9179cf0256d00c72a48d1f25783c58b6842cd56e85ef3a572881c8e28ccd59?s=96&d=mm&r=g","url":"https:\/\/secure.gravatar.com\/avatar\/3c9179cf0256d00c72a48d1f25783c58b6842cd56e85ef3a572881c8e28ccd59?s=96&d=mm&r=g","contentUrl":"https:\/\/secure.gravatar.com\/avatar\/3c9179cf0256d00c72a48d1f25783c58b6842cd56e85ef3a572881c8e28ccd59?s=96&d=mm&r=g","caption":"ppdegaliciaredes"},"url":"https:\/\/ppdegalicia.com\/es\/author\/ppdegaliciaredes\/"}]}},"_links":{"self":[{"href":"https:\/\/ppdegalicia.com\/es\/wp-json\/wp\/v2\/posts\/67590","targetHints":{"allow":["GET"]}}],"collection":[{"href":"https:\/\/ppdegalicia.com\/es\/wp-json\/wp\/v2\/posts"}],"about":[{"href":"https:\/\/ppdegalicia.com\/es\/wp-json\/wp\/v2\/types\/post"}],"author":[{"embeddable":true,"href":"https:\/\/ppdegalicia.com\/es\/wp-json\/wp\/v2\/users\/38"}],"replies":[{"embeddable":true,"href":"https:\/\/ppdegalicia.com\/es\/wp-json\/wp\/v2\/comments?post=67590"}],"version-history":[{"count":1,"href":"https:\/\/ppdegalicia.com\/es\/wp-json\/wp\/v2\/posts\/67590\/revisions"}],"predecessor-version":[{"id":67593,"href":"https:\/\/ppdegalicia.com\/es\/wp-json\/wp\/v2\/posts\/67590\/revisions\/67593"}],"wp:featuredmedia":[{"embeddable":true,"href":"https:\/\/ppdegalicia.com\/es\/wp-json\/wp\/v2\/media\/67591"}],"wp:attachment":[{"href":"https:\/\/ppdegalicia.com\/es\/wp-json\/wp\/v2\/media?parent=67590"}],"wp:term":[{"taxonomy":"category","embeddable":true,"href":"https:\/\/ppdegalicia.com\/es\/wp-json\/wp\/v2\/categories?post=67590"},{"taxonomy":"post_tag","embeddable":true,"href":"https:\/\/ppdegalicia.com\/es\/wp-json\/wp\/v2\/tags?post=67590"}],"curies":[{"name":"wp","href":"https:\/\/api.w.org\/{rel}","templated":true}]}}