{"id":67647,"date":"2025-06-28T08:38:00","date_gmt":"2025-06-28T07:38:00","guid":{"rendered":"https:\/\/ppdegalicia.com\/?p=67647"},"modified":"2025-06-30T08:53:59","modified_gmt":"2025-06-30T07:53:59","slug":"o-ppdeg-afirma-que-a-incorporacion-de-mais-de-260-profesionais-garantiran-no-veran-unha-atencion-sanitaria-de-calidade-a-todos-os-galegos-e-aos-que-visiten-galicia","status":"publish","type":"post","link":"https:\/\/ppdegalicia.com\/es\/o-ppdeg-afirma-que-a-incorporacion-de-mais-de-260-profesionais-garantiran-no-veran-unha-atencion-sanitaria-de-calidade-a-todos-os-galegos-e-aos-que-visiten-galicia\/","title":{"rendered":"O PPdeG afirma que a incorporaci\u00f3n de m\u00e1is de 260 profesionais garantir\u00e1n no ver\u00e1n unha atenci\u00f3n sanitaria de calidade a todos os galegos e aos que visiten Galicia"},"content":{"rendered":"<p>Os deputados do Grupo Popular, en visitas a distintos centros de sa\u00fade de Galicia, aseguraron que a incorporaci\u00f3n de m\u00e1is de 260 profesionais voluntarios permitir\u00e1 garantir, un ano m\u00e1is, unha asistencia sanitaria de calidade durante os meses de ver\u00e1n en toda Galicia. Nese sentido, pediron ao BNG e ao PSdeG que \u201cabandonen o seu discurso alarmista e catastrofista sobre a situaci\u00f3n da sanidade galega, porque calquera galego ou persoa que nos visite contar\u00e1 cunha atenci\u00f3n sanitaria de primeiro nivel, prestada por profesionais comprometidos e cunha excelente formaci\u00f3n\u201d.<\/p>\n<p>Durante estas visitas, subli\u00f1aron que a Xunta traballa sempre para ofrecer a mellor asistencia sanitaria \u00e1 cidadan\u00eda, todos os d\u00edas do ano. Engadiron que o ver\u00e1n non ser\u00e1 unha excepci\u00f3n, malia o reto que sup\u00f3n a chegada de milleiros de visitantes a Galicia e o necesario respecto polo dereito ao descanso dos profesionais sanitarios.<\/p>\n<p><strong>M\u00c1IS DE 12 MILL\u00d3NS DE INVESTIMENTO<\/strong><\/p>\n<p>Neste sentido, explicaron para atender todas as necesidades de atenci\u00f3n sanitaria ao longo do ver\u00e1n a Xunta elaborou, como todos os anos, un plan espec\u00edfico de reforzo, dotado con m\u00e1is de 12 mill\u00f3ns de euros e a trav\u00e9s do que est\u00e1 prevista a incorporaci\u00f3n de m\u00e1is de 260 profesionais sanitarios, tanto persoal m\u00e9dico voluntario, como profesionais do 061 que se incorporan voluntariamente ao programa, sanitarios desprazados temporalmente a centros con maior demanda ou a encomenda de funci\u00f3ns a persoal residente de cuarto ano.<\/p>\n<p>\u201cEstamos a falar dunha planificaci\u00f3n que a Xunta leva a cabo con criterio e base\u00e1ndose na demanda asistencial real, non en exercicios de adivi\u00f1aci\u00f3n nin en augurios de BNG e PSdeG que ao final nunca se cumpren\u201d, manifestaron os deputados populares.<\/p>\n<p><strong>TODAS AS CAMAS HOSPITALARIAS DISPO\u00d1IBLES<\/strong><\/p>\n<p>Unha planificaci\u00f3n para a atenci\u00f3n primaria que tam\u00e9n se estende \u00e1 atenci\u00f3n hospitalaria, onde este ver\u00e1n estar\u00e1n activas cerca do 92 por cento das camas hospitalarias, a\u00ednda que continuar\u00e1n dispo\u00f1ibles a totalidade das camas no caso de que fora necesario o seu uso.<\/p>\n<p>\u201cEstamos a falar dun n\u00famero de camas hospitalarias activas que se realiza tendo en conta a porcentaxe de ocupaci\u00f3n real rexistrada entre os meses de xu\u00f1o e setembro dos \u00faltimos anos, unha cifra \u00e1 que se lle engade unha marxe de seguridade superior ao 10 por cento co fin de garantir a correcta atenci\u00f3n sanitaria dos pacientes\u201d, puntualizaron os deputados populares.<\/p>\n<p>Neste sentido, incidiron que \u201ctodas as camas dos hospitais p\u00fablicos galegos estar\u00e1n dispo\u00f1ibles ao longo do ver\u00e1n para o seu uso se os pacientes o precisan ou se a situaci\u00f3n sanitaria o require, pero \u00e9 preciso recordar que nunca foi preciso habilitar m\u00e1is camas das programadas nos meses de ver\u00e1n, incluso nos anos 2021 ou 2022 coa pandemia da Covid-19\u201d.<\/p>\n<p><strong>VISITAS DOS PARLAMENTARIOS POPULARES<\/strong><\/p>\n<p>As visitas dos parlamentarios tiveron lugar en distintos puntos da comunidade. En Lugo, Encarna Amigo, Raquel Arias e Jos\u00e9 Manuel Mato acudiron ao centro de sa\u00fade de Outeiro de Rei. Miguel Fidalgo e Felisa Rodr\u00edguez, acompa\u00f1ados pola presidenta do PP de Vigo, Luisa S\u00e1nchez, visitaron o Hospital P\u00fablico \u00c1lvaro Cunqueiro.<\/p>\n<p>Pola s\u00faa banda, Noelia P\u00e9rez e Argimiro Marnotes visitaron o centro de sa\u00fade do Couto, en Ourense, mentres que Gonzalo Trenor e Magdalena P\u00e9rez acudiron ao de Ponteceso, na Coru\u00f1a.<\/p>\n","protected":false},"excerpt":{"rendered":"<p>Os deputados do Grupo Popular, en visitas a distintos centros de sa\u00fade de Galicia, aseguraron que a incorporaci\u00f3n de m\u00e1is de 260 profesionais voluntarios permitir\u00e1 garantir, un ano m\u00e1is, unha asistencia sanitaria de calidade durante os meses de ver\u00e1n en toda Galicia. Nese sentido, pediron ao BNG e ao PSdeG que \u201cabandonen o seu discurso [&hellip;]<\/p>\n","protected":false},"author":38,"featured_media":67648,"comment_status":"closed","ping_status":"open","sticky":false,"template":"","format":"standard","meta":{"_acf_changed":false,"footnotes":""},"categories":[1128],"tags":[],"class_list":["post-67647","post","type-post","status-publish","format-standard","has-post-thumbnail","hentry","category-actualidad-parlamento-de-galicia"],"acf":[],"yoast_head":"<!-- This site is optimized with the Yoast SEO plugin v27.3 - https:\/\/yoast.com\/product\/yoast-seo-wordpress\/ -->\n<title>O PPdeG afirma que a incorporaci\u00f3n de m\u00e1is de 260 profesionais garantir\u00e1n no ver\u00e1n unha atenci\u00f3n sanitaria de calidade a todos os galegos e aos que visiten Galicia - PP de Galicia<\/title>\n<meta name=\"description\" content=\"Os deputados do Grupo Popular, en visitas a distintos centros de sa\u00fade de Galicia, aseguraron que a incorporaci\u00f3n de m\u00e1is de 260 profesionais voluntarios permitir\u00e1 garantir, un ano m\u00e1is, unha asistencia sanitaria de calidade durante os meses de ver\u00e1n en toda Galicia. Nese sentido, pediron ao BNG e ao PSdeG que \u201cabandonen o seu discurso alarmista e catastrofista sobre a situaci\u00f3n da sanidade galega, porque calquera galego ou persoa que nos visite contar\u00e1 cunha atenci\u00f3n sanitaria de primeiro nivel, prestada por profesionais comprometidos e cunha excelente formaci\u00f3n\u201d.\" \/>\n<meta name=\"robots\" content=\"index, follow, max-snippet:-1, max-image-preview:large, max-video-preview:-1\" \/>\n<link rel=\"canonical\" href=\"https:\/\/ppdegalicia.com\/es\/o-ppdeg-afirma-que-a-incorporacion-de-mais-de-260-profesionais-garantiran-no-veran-unha-atencion-sanitaria-de-calidade-a-todos-os-galegos-e-aos-que-visiten-galicia\/\" \/>\n<meta property=\"og:locale\" content=\"es_ES\" \/>\n<meta property=\"og:type\" content=\"article\" \/>\n<meta property=\"og:title\" content=\"O PPdeG afirma que a incorporaci\u00f3n de m\u00e1is de 260 profesionais garantir\u00e1n no ver\u00e1n unha atenci\u00f3n sanitaria de calidade a todos os galegos e aos que visiten Galicia - PP de Galicia\" \/>\n<meta property=\"og:description\" content=\"Os deputados do Grupo Popular, en visitas a distintos centros de sa\u00fade de Galicia, aseguraron que a incorporaci\u00f3n de m\u00e1is de 260 profesionais voluntarios permitir\u00e1 garantir, un ano m\u00e1is, unha asistencia sanitaria de calidade durante os meses de ver\u00e1n en toda Galicia. Nese sentido, pediron ao BNG e ao PSdeG que \u201cabandonen o seu discurso alarmista e catastrofista sobre a situaci\u00f3n da sanidade galega, porque calquera galego ou persoa que nos visite contar\u00e1 cunha atenci\u00f3n sanitaria de primeiro nivel, prestada por profesionais comprometidos e cunha excelente formaci\u00f3n\u201d.\" \/>\n<meta property=\"og:url\" content=\"https:\/\/ppdegalicia.com\/es\/o-ppdeg-afirma-que-a-incorporacion-de-mais-de-260-profesionais-garantiran-no-veran-unha-atencion-sanitaria-de-calidade-a-todos-os-galegos-e-aos-que-visiten-galicia\/\" \/>\n<meta property=\"og:site_name\" content=\"PP de Galicia\" \/>\n<meta property=\"article:publisher\" content=\"https:\/\/www.instagram.com\/ppdegalicia\/\" \/>\n<meta property=\"article:published_time\" content=\"2025-06-28T07:38:00+00:00\" \/>\n<meta property=\"article:modified_time\" content=\"2025-06-30T07:53:59+00:00\" \/>\n<meta property=\"og:image\" content=\"https:\/\/ppdegalicia.com\/wp-content\/uploads\/2025\/06\/WhatsApp-Image-2025-06-30-at-09.53.31.jpeg\" \/>\n\t<meta property=\"og:image:width\" content=\"1600\" \/>\n\t<meta property=\"og:image:height\" content=\"1067\" \/>\n\t<meta property=\"og:image:type\" content=\"image\/jpeg\" \/>\n<meta name=\"author\" content=\"ppdegaliciaredes\" \/>\n<meta name=\"twitter:card\" content=\"summary_large_image\" \/>\n<meta name=\"twitter:creator\" content=\"@ppdegalicia\" \/>\n<meta name=\"twitter:site\" content=\"@ppdegalicia\" \/>\n<meta name=\"twitter:label1\" content=\"Escrito por\" \/>\n\t<meta name=\"twitter:data1\" content=\"ppdegaliciaredes\" \/>\n\t<meta name=\"twitter:label2\" content=\"Tiempo de lectura\" \/>\n\t<meta name=\"twitter:data2\" content=\"4 minutos\" \/>\n<script type=\"application\/ld+json\" class=\"yoast-schema-graph\">{\"@context\":\"https:\\\/\\\/schema.org\",\"@graph\":[{\"@type\":\"Article\",\"@id\":\"https:\\\/\\\/ppdegalicia.com\\\/es\\\/o-ppdeg-afirma-que-a-incorporacion-de-mais-de-260-profesionais-garantiran-no-veran-unha-atencion-sanitaria-de-calidade-a-todos-os-galegos-e-aos-que-visiten-galicia\\\/#article\",\"isPartOf\":{\"@id\":\"https:\\\/\\\/ppdegalicia.com\\\/es\\\/o-ppdeg-afirma-que-a-incorporacion-de-mais-de-260-profesionais-garantiran-no-veran-unha-atencion-sanitaria-de-calidade-a-todos-os-galegos-e-aos-que-visiten-galicia\\\/\"},\"author\":{\"name\":\"ppdegaliciaredes\",\"@id\":\"https:\\\/\\\/ppdegalicia.com\\\/es\\\/#\\\/schema\\\/person\\\/5b822c6f59e872ebdd1142f307dbcb59\"},\"headline\":\"O PPdeG afirma que a incorporaci\u00f3n de m\u00e1is de 260 profesionais garantir\u00e1n no ver\u00e1n unha atenci\u00f3n sanitaria de calidade a todos os galegos e aos que visiten Galicia\",\"datePublished\":\"2025-06-28T07:38:00+00:00\",\"dateModified\":\"2025-06-30T07:53:59+00:00\",\"mainEntityOfPage\":{\"@id\":\"https:\\\/\\\/ppdegalicia.com\\\/es\\\/o-ppdeg-afirma-que-a-incorporacion-de-mais-de-260-profesionais-garantiran-no-veran-unha-atencion-sanitaria-de-calidade-a-todos-os-galegos-e-aos-que-visiten-galicia\\\/\"},\"wordCount\":604,\"publisher\":{\"@id\":\"https:\\\/\\\/ppdegalicia.com\\\/es\\\/#organization\"},\"image\":{\"@id\":\"https:\\\/\\\/ppdegalicia.com\\\/es\\\/o-ppdeg-afirma-que-a-incorporacion-de-mais-de-260-profesionais-garantiran-no-veran-unha-atencion-sanitaria-de-calidade-a-todos-os-galegos-e-aos-que-visiten-galicia\\\/#primaryimage\"},\"thumbnailUrl\":\"https:\\\/\\\/ppdegalicia.com\\\/wp-content\\\/uploads\\\/2025\\\/06\\\/WhatsApp-Image-2025-06-30-at-09.53.31.jpeg\",\"articleSection\":[\"Parlamento de Galicia\"],\"inLanguage\":\"es\"},{\"@type\":\"WebPage\",\"@id\":\"https:\\\/\\\/ppdegalicia.com\\\/es\\\/o-ppdeg-afirma-que-a-incorporacion-de-mais-de-260-profesionais-garantiran-no-veran-unha-atencion-sanitaria-de-calidade-a-todos-os-galegos-e-aos-que-visiten-galicia\\\/\",\"url\":\"https:\\\/\\\/ppdegalicia.com\\\/es\\\/o-ppdeg-afirma-que-a-incorporacion-de-mais-de-260-profesionais-garantiran-no-veran-unha-atencion-sanitaria-de-calidade-a-todos-os-galegos-e-aos-que-visiten-galicia\\\/\",\"name\":\"O PPdeG afirma que a incorporaci\u00f3n de m\u00e1is de 260 profesionais garantir\u00e1n no ver\u00e1n unha atenci\u00f3n sanitaria de calidade a todos os galegos e aos que visiten Galicia - PP de Galicia\",\"isPartOf\":{\"@id\":\"https:\\\/\\\/ppdegalicia.com\\\/es\\\/#website\"},\"primaryImageOfPage\":{\"@id\":\"https:\\\/\\\/ppdegalicia.com\\\/es\\\/o-ppdeg-afirma-que-a-incorporacion-de-mais-de-260-profesionais-garantiran-no-veran-unha-atencion-sanitaria-de-calidade-a-todos-os-galegos-e-aos-que-visiten-galicia\\\/#primaryimage\"},\"image\":{\"@id\":\"https:\\\/\\\/ppdegalicia.com\\\/es\\\/o-ppdeg-afirma-que-a-incorporacion-de-mais-de-260-profesionais-garantiran-no-veran-unha-atencion-sanitaria-de-calidade-a-todos-os-galegos-e-aos-que-visiten-galicia\\\/#primaryimage\"},\"thumbnailUrl\":\"https:\\\/\\\/ppdegalicia.com\\\/wp-content\\\/uploads\\\/2025\\\/06\\\/WhatsApp-Image-2025-06-30-at-09.53.31.jpeg\",\"datePublished\":\"2025-06-28T07:38:00+00:00\",\"dateModified\":\"2025-06-30T07:53:59+00:00\",\"description\":\"Os deputados do Grupo Popular, en visitas a distintos centros de sa\u00fade de Galicia, aseguraron que a incorporaci\u00f3n de m\u00e1is de 260 profesionais voluntarios permitir\u00e1 garantir, un ano m\u00e1is, unha asistencia sanitaria de calidade durante os meses de ver\u00e1n en toda Galicia. Nese sentido, pediron ao BNG e ao PSdeG que \u201cabandonen o seu discurso alarmista e catastrofista sobre a situaci\u00f3n da sanidade galega, porque calquera galego ou persoa que nos visite contar\u00e1 cunha atenci\u00f3n sanitaria de primeiro nivel, prestada por profesionais comprometidos e cunha excelente formaci\u00f3n\u201d.\",\"breadcrumb\":{\"@id\":\"https:\\\/\\\/ppdegalicia.com\\\/es\\\/o-ppdeg-afirma-que-a-incorporacion-de-mais-de-260-profesionais-garantiran-no-veran-unha-atencion-sanitaria-de-calidade-a-todos-os-galegos-e-aos-que-visiten-galicia\\\/#breadcrumb\"},\"inLanguage\":\"es\",\"potentialAction\":[{\"@type\":\"ReadAction\",\"target\":[\"https:\\\/\\\/ppdegalicia.com\\\/es\\\/o-ppdeg-afirma-que-a-incorporacion-de-mais-de-260-profesionais-garantiran-no-veran-unha-atencion-sanitaria-de-calidade-a-todos-os-galegos-e-aos-que-visiten-galicia\\\/\"]}]},{\"@type\":\"ImageObject\",\"inLanguage\":\"es\",\"@id\":\"https:\\\/\\\/ppdegalicia.com\\\/es\\\/o-ppdeg-afirma-que-a-incorporacion-de-mais-de-260-profesionais-garantiran-no-veran-unha-atencion-sanitaria-de-calidade-a-todos-os-galegos-e-aos-que-visiten-galicia\\\/#primaryimage\",\"url\":\"https:\\\/\\\/ppdegalicia.com\\\/wp-content\\\/uploads\\\/2025\\\/06\\\/WhatsApp-Image-2025-06-30-at-09.53.31.jpeg\",\"contentUrl\":\"https:\\\/\\\/ppdegalicia.com\\\/wp-content\\\/uploads\\\/2025\\\/06\\\/WhatsApp-Image-2025-06-30-at-09.53.31.jpeg\",\"width\":1600,\"height\":1067},{\"@type\":\"BreadcrumbList\",\"@id\":\"https:\\\/\\\/ppdegalicia.com\\\/es\\\/o-ppdeg-afirma-que-a-incorporacion-de-mais-de-260-profesionais-garantiran-no-veran-unha-atencion-sanitaria-de-calidade-a-todos-os-galegos-e-aos-que-visiten-galicia\\\/#breadcrumb\",\"itemListElement\":[{\"@type\":\"ListItem\",\"position\":1,\"name\":\"Portada\",\"item\":\"https:\\\/\\\/ppdegalicia.com\\\/es\\\/\"},{\"@type\":\"ListItem\",\"position\":2,\"name\":\"O PPdeG afirma que a incorporaci\u00f3n de m\u00e1is de 260 profesionais garantir\u00e1n no ver\u00e1n unha atenci\u00f3n sanitaria de calidade a todos os galegos e aos que visiten Galicia\"}]},{\"@type\":\"WebSite\",\"@id\":\"https:\\\/\\\/ppdegalicia.com\\\/es\\\/#website\",\"url\":\"https:\\\/\\\/ppdegalicia.com\\\/es\\\/\",\"name\":\"Partido Popular de Galicia\",\"description\":\"Partido Popular de Galicia\",\"publisher\":{\"@id\":\"https:\\\/\\\/ppdegalicia.com\\\/es\\\/#organization\"},\"alternateName\":\"PP de Galicia\",\"potentialAction\":[{\"@type\":\"SearchAction\",\"target\":{\"@type\":\"EntryPoint\",\"urlTemplate\":\"https:\\\/\\\/ppdegalicia.com\\\/es\\\/?s={search_term_string}\"},\"query-input\":{\"@type\":\"PropertyValueSpecification\",\"valueRequired\":true,\"valueName\":\"search_term_string\"}}],\"inLanguage\":\"es\"},{\"@type\":\"Organization\",\"@id\":\"https:\\\/\\\/ppdegalicia.com\\\/es\\\/#organization\",\"name\":\"Partido Popular de Galicia\",\"alternateName\":\"PP de Galicia\",\"url\":\"https:\\\/\\\/ppdegalicia.com\\\/es\\\/\",\"logo\":{\"@type\":\"ImageObject\",\"inLanguage\":\"es\",\"@id\":\"https:\\\/\\\/ppdegalicia.com\\\/es\\\/#\\\/schema\\\/logo\\\/image\\\/\",\"url\":\"https:\\\/\\\/ppdegalicia.com\\\/wp-content\\\/uploads\\\/2023\\\/04\\\/logoPP512.png\",\"contentUrl\":\"https:\\\/\\\/ppdegalicia.com\\\/wp-content\\\/uploads\\\/2023\\\/04\\\/logoPP512.png\",\"width\":512,\"height\":512,\"caption\":\"Partido Popular de Galicia\"},\"image\":{\"@id\":\"https:\\\/\\\/ppdegalicia.com\\\/es\\\/#\\\/schema\\\/logo\\\/image\\\/\"},\"sameAs\":[\"https:\\\/\\\/www.instagram.com\\\/ppdegalicia\\\/\",\"https:\\\/\\\/x.com\\\/ppdegalicia\",\"https:\\\/\\\/www.tiktok.com\\\/@ppdegalicia\",\"https:\\\/\\\/www.youtube.com\\\/user\\\/ppdegalicia\"]},{\"@type\":\"Person\",\"@id\":\"https:\\\/\\\/ppdegalicia.com\\\/es\\\/#\\\/schema\\\/person\\\/5b822c6f59e872ebdd1142f307dbcb59\",\"name\":\"ppdegaliciaredes\",\"image\":{\"@type\":\"ImageObject\",\"inLanguage\":\"es\",\"@id\":\"https:\\\/\\\/secure.gravatar.com\\\/avatar\\\/3c9179cf0256d00c72a48d1f25783c58b6842cd56e85ef3a572881c8e28ccd59?s=96&d=mm&r=g\",\"url\":\"https:\\\/\\\/secure.gravatar.com\\\/avatar\\\/3c9179cf0256d00c72a48d1f25783c58b6842cd56e85ef3a572881c8e28ccd59?s=96&d=mm&r=g\",\"contentUrl\":\"https:\\\/\\\/secure.gravatar.com\\\/avatar\\\/3c9179cf0256d00c72a48d1f25783c58b6842cd56e85ef3a572881c8e28ccd59?s=96&d=mm&r=g\",\"caption\":\"ppdegaliciaredes\"},\"url\":\"https:\\\/\\\/ppdegalicia.com\\\/es\\\/author\\\/ppdegaliciaredes\\\/\"}]}<\/script>\n<!-- \/ Yoast SEO plugin. -->","yoast_head_json":{"title":"O PPdeG afirma que a incorporaci\u00f3n de m\u00e1is de 260 profesionais garantir\u00e1n no ver\u00e1n unha atenci\u00f3n sanitaria de calidade a todos os galegos e aos que visiten Galicia - PP de Galicia","description":"Os deputados do Grupo Popular, en visitas a distintos centros de sa\u00fade de Galicia, aseguraron que a incorporaci\u00f3n de m\u00e1is de 260 profesionais voluntarios permitir\u00e1 garantir, un ano m\u00e1is, unha asistencia sanitaria de calidade durante os meses de ver\u00e1n en toda Galicia. Nese sentido, pediron ao BNG e ao PSdeG que \u201cabandonen o seu discurso alarmista e catastrofista sobre a situaci\u00f3n da sanidade galega, porque calquera galego ou persoa que nos visite contar\u00e1 cunha atenci\u00f3n sanitaria de primeiro nivel, prestada por profesionais comprometidos e cunha excelente formaci\u00f3n\u201d.","robots":{"index":"index","follow":"follow","max-snippet":"max-snippet:-1","max-image-preview":"max-image-preview:large","max-video-preview":"max-video-preview:-1"},"canonical":"https:\/\/ppdegalicia.com\/es\/o-ppdeg-afirma-que-a-incorporacion-de-mais-de-260-profesionais-garantiran-no-veran-unha-atencion-sanitaria-de-calidade-a-todos-os-galegos-e-aos-que-visiten-galicia\/","og_locale":"es_ES","og_type":"article","og_title":"O PPdeG afirma que a incorporaci\u00f3n de m\u00e1is de 260 profesionais garantir\u00e1n no ver\u00e1n unha atenci\u00f3n sanitaria de calidade a todos os galegos e aos que visiten Galicia - PP de Galicia","og_description":"Os deputados do Grupo Popular, en visitas a distintos centros de sa\u00fade de Galicia, aseguraron que a incorporaci\u00f3n de m\u00e1is de 260 profesionais voluntarios permitir\u00e1 garantir, un ano m\u00e1is, unha asistencia sanitaria de calidade durante os meses de ver\u00e1n en toda Galicia. Nese sentido, pediron ao BNG e ao PSdeG que \u201cabandonen o seu discurso alarmista e catastrofista sobre a situaci\u00f3n da sanidade galega, porque calquera galego ou persoa que nos visite contar\u00e1 cunha atenci\u00f3n sanitaria de primeiro nivel, prestada por profesionais comprometidos e cunha excelente formaci\u00f3n\u201d.","og_url":"https:\/\/ppdegalicia.com\/es\/o-ppdeg-afirma-que-a-incorporacion-de-mais-de-260-profesionais-garantiran-no-veran-unha-atencion-sanitaria-de-calidade-a-todos-os-galegos-e-aos-que-visiten-galicia\/","og_site_name":"PP de Galicia","article_publisher":"https:\/\/www.instagram.com\/ppdegalicia\/","article_published_time":"2025-06-28T07:38:00+00:00","article_modified_time":"2025-06-30T07:53:59+00:00","og_image":[{"width":1600,"height":1067,"url":"https:\/\/ppdegalicia.com\/wp-content\/uploads\/2025\/06\/WhatsApp-Image-2025-06-30-at-09.53.31.jpeg","type":"image\/jpeg"}],"author":"ppdegaliciaredes","twitter_card":"summary_large_image","twitter_creator":"@ppdegalicia","twitter_site":"@ppdegalicia","twitter_misc":{"Escrito por":"ppdegaliciaredes","Tiempo de lectura":"4 minutos"},"schema":{"@context":"https:\/\/schema.org","@graph":[{"@type":"Article","@id":"https:\/\/ppdegalicia.com\/es\/o-ppdeg-afirma-que-a-incorporacion-de-mais-de-260-profesionais-garantiran-no-veran-unha-atencion-sanitaria-de-calidade-a-todos-os-galegos-e-aos-que-visiten-galicia\/#article","isPartOf":{"@id":"https:\/\/ppdegalicia.com\/es\/o-ppdeg-afirma-que-a-incorporacion-de-mais-de-260-profesionais-garantiran-no-veran-unha-atencion-sanitaria-de-calidade-a-todos-os-galegos-e-aos-que-visiten-galicia\/"},"author":{"name":"ppdegaliciaredes","@id":"https:\/\/ppdegalicia.com\/es\/#\/schema\/person\/5b822c6f59e872ebdd1142f307dbcb59"},"headline":"O PPdeG afirma que a incorporaci\u00f3n de m\u00e1is de 260 profesionais garantir\u00e1n no ver\u00e1n unha atenci\u00f3n sanitaria de calidade a todos os galegos e aos que visiten Galicia","datePublished":"2025-06-28T07:38:00+00:00","dateModified":"2025-06-30T07:53:59+00:00","mainEntityOfPage":{"@id":"https:\/\/ppdegalicia.com\/es\/o-ppdeg-afirma-que-a-incorporacion-de-mais-de-260-profesionais-garantiran-no-veran-unha-atencion-sanitaria-de-calidade-a-todos-os-galegos-e-aos-que-visiten-galicia\/"},"wordCount":604,"publisher":{"@id":"https:\/\/ppdegalicia.com\/es\/#organization"},"image":{"@id":"https:\/\/ppdegalicia.com\/es\/o-ppdeg-afirma-que-a-incorporacion-de-mais-de-260-profesionais-garantiran-no-veran-unha-atencion-sanitaria-de-calidade-a-todos-os-galegos-e-aos-que-visiten-galicia\/#primaryimage"},"thumbnailUrl":"https:\/\/ppdegalicia.com\/wp-content\/uploads\/2025\/06\/WhatsApp-Image-2025-06-30-at-09.53.31.jpeg","articleSection":["Parlamento de Galicia"],"inLanguage":"es"},{"@type":"WebPage","@id":"https:\/\/ppdegalicia.com\/es\/o-ppdeg-afirma-que-a-incorporacion-de-mais-de-260-profesionais-garantiran-no-veran-unha-atencion-sanitaria-de-calidade-a-todos-os-galegos-e-aos-que-visiten-galicia\/","url":"https:\/\/ppdegalicia.com\/es\/o-ppdeg-afirma-que-a-incorporacion-de-mais-de-260-profesionais-garantiran-no-veran-unha-atencion-sanitaria-de-calidade-a-todos-os-galegos-e-aos-que-visiten-galicia\/","name":"O PPdeG afirma que a incorporaci\u00f3n de m\u00e1is de 260 profesionais garantir\u00e1n no ver\u00e1n unha atenci\u00f3n sanitaria de calidade a todos os galegos e aos que visiten Galicia - PP de Galicia","isPartOf":{"@id":"https:\/\/ppdegalicia.com\/es\/#website"},"primaryImageOfPage":{"@id":"https:\/\/ppdegalicia.com\/es\/o-ppdeg-afirma-que-a-incorporacion-de-mais-de-260-profesionais-garantiran-no-veran-unha-atencion-sanitaria-de-calidade-a-todos-os-galegos-e-aos-que-visiten-galicia\/#primaryimage"},"image":{"@id":"https:\/\/ppdegalicia.com\/es\/o-ppdeg-afirma-que-a-incorporacion-de-mais-de-260-profesionais-garantiran-no-veran-unha-atencion-sanitaria-de-calidade-a-todos-os-galegos-e-aos-que-visiten-galicia\/#primaryimage"},"thumbnailUrl":"https:\/\/ppdegalicia.com\/wp-content\/uploads\/2025\/06\/WhatsApp-Image-2025-06-30-at-09.53.31.jpeg","datePublished":"2025-06-28T07:38:00+00:00","dateModified":"2025-06-30T07:53:59+00:00","description":"Os deputados do Grupo Popular, en visitas a distintos centros de sa\u00fade de Galicia, aseguraron que a incorporaci\u00f3n de m\u00e1is de 260 profesionais voluntarios permitir\u00e1 garantir, un ano m\u00e1is, unha asistencia sanitaria de calidade durante os meses de ver\u00e1n en toda Galicia. Nese sentido, pediron ao BNG e ao PSdeG que \u201cabandonen o seu discurso alarmista e catastrofista sobre a situaci\u00f3n da sanidade galega, porque calquera galego ou persoa que nos visite contar\u00e1 cunha atenci\u00f3n sanitaria de primeiro nivel, prestada por profesionais comprometidos e cunha excelente formaci\u00f3n\u201d.","breadcrumb":{"@id":"https:\/\/ppdegalicia.com\/es\/o-ppdeg-afirma-que-a-incorporacion-de-mais-de-260-profesionais-garantiran-no-veran-unha-atencion-sanitaria-de-calidade-a-todos-os-galegos-e-aos-que-visiten-galicia\/#breadcrumb"},"inLanguage":"es","potentialAction":[{"@type":"ReadAction","target":["https:\/\/ppdegalicia.com\/es\/o-ppdeg-afirma-que-a-incorporacion-de-mais-de-260-profesionais-garantiran-no-veran-unha-atencion-sanitaria-de-calidade-a-todos-os-galegos-e-aos-que-visiten-galicia\/"]}]},{"@type":"ImageObject","inLanguage":"es","@id":"https:\/\/ppdegalicia.com\/es\/o-ppdeg-afirma-que-a-incorporacion-de-mais-de-260-profesionais-garantiran-no-veran-unha-atencion-sanitaria-de-calidade-a-todos-os-galegos-e-aos-que-visiten-galicia\/#primaryimage","url":"https:\/\/ppdegalicia.com\/wp-content\/uploads\/2025\/06\/WhatsApp-Image-2025-06-30-at-09.53.31.jpeg","contentUrl":"https:\/\/ppdegalicia.com\/wp-content\/uploads\/2025\/06\/WhatsApp-Image-2025-06-30-at-09.53.31.jpeg","width":1600,"height":1067},{"@type":"BreadcrumbList","@id":"https:\/\/ppdegalicia.com\/es\/o-ppdeg-afirma-que-a-incorporacion-de-mais-de-260-profesionais-garantiran-no-veran-unha-atencion-sanitaria-de-calidade-a-todos-os-galegos-e-aos-que-visiten-galicia\/#breadcrumb","itemListElement":[{"@type":"ListItem","position":1,"name":"Portada","item":"https:\/\/ppdegalicia.com\/es\/"},{"@type":"ListItem","position":2,"name":"O PPdeG afirma que a incorporaci\u00f3n de m\u00e1is de 260 profesionais garantir\u00e1n no ver\u00e1n unha atenci\u00f3n sanitaria de calidade a todos os galegos e aos que visiten Galicia"}]},{"@type":"WebSite","@id":"https:\/\/ppdegalicia.com\/es\/#website","url":"https:\/\/ppdegalicia.com\/es\/","name":"Partido Popular de Galicia","description":"Partido Popular de Galicia","publisher":{"@id":"https:\/\/ppdegalicia.com\/es\/#organization"},"alternateName":"PP de Galicia","potentialAction":[{"@type":"SearchAction","target":{"@type":"EntryPoint","urlTemplate":"https:\/\/ppdegalicia.com\/es\/?s={search_term_string}"},"query-input":{"@type":"PropertyValueSpecification","valueRequired":true,"valueName":"search_term_string"}}],"inLanguage":"es"},{"@type":"Organization","@id":"https:\/\/ppdegalicia.com\/es\/#organization","name":"Partido Popular de Galicia","alternateName":"PP de Galicia","url":"https:\/\/ppdegalicia.com\/es\/","logo":{"@type":"ImageObject","inLanguage":"es","@id":"https:\/\/ppdegalicia.com\/es\/#\/schema\/logo\/image\/","url":"https:\/\/ppdegalicia.com\/wp-content\/uploads\/2023\/04\/logoPP512.png","contentUrl":"https:\/\/ppdegalicia.com\/wp-content\/uploads\/2023\/04\/logoPP512.png","width":512,"height":512,"caption":"Partido Popular de Galicia"},"image":{"@id":"https:\/\/ppdegalicia.com\/es\/#\/schema\/logo\/image\/"},"sameAs":["https:\/\/www.instagram.com\/ppdegalicia\/","https:\/\/x.com\/ppdegalicia","https:\/\/www.tiktok.com\/@ppdegalicia","https:\/\/www.youtube.com\/user\/ppdegalicia"]},{"@type":"Person","@id":"https:\/\/ppdegalicia.com\/es\/#\/schema\/person\/5b822c6f59e872ebdd1142f307dbcb59","name":"ppdegaliciaredes","image":{"@type":"ImageObject","inLanguage":"es","@id":"https:\/\/secure.gravatar.com\/avatar\/3c9179cf0256d00c72a48d1f25783c58b6842cd56e85ef3a572881c8e28ccd59?s=96&d=mm&r=g","url":"https:\/\/secure.gravatar.com\/avatar\/3c9179cf0256d00c72a48d1f25783c58b6842cd56e85ef3a572881c8e28ccd59?s=96&d=mm&r=g","contentUrl":"https:\/\/secure.gravatar.com\/avatar\/3c9179cf0256d00c72a48d1f25783c58b6842cd56e85ef3a572881c8e28ccd59?s=96&d=mm&r=g","caption":"ppdegaliciaredes"},"url":"https:\/\/ppdegalicia.com\/es\/author\/ppdegaliciaredes\/"}]}},"_links":{"self":[{"href":"https:\/\/ppdegalicia.com\/es\/wp-json\/wp\/v2\/posts\/67647","targetHints":{"allow":["GET"]}}],"collection":[{"href":"https:\/\/ppdegalicia.com\/es\/wp-json\/wp\/v2\/posts"}],"about":[{"href":"https:\/\/ppdegalicia.com\/es\/wp-json\/wp\/v2\/types\/post"}],"author":[{"embeddable":true,"href":"https:\/\/ppdegalicia.com\/es\/wp-json\/wp\/v2\/users\/38"}],"replies":[{"embeddable":true,"href":"https:\/\/ppdegalicia.com\/es\/wp-json\/wp\/v2\/comments?post=67647"}],"version-history":[{"count":1,"href":"https:\/\/ppdegalicia.com\/es\/wp-json\/wp\/v2\/posts\/67647\/revisions"}],"predecessor-version":[{"id":67650,"href":"https:\/\/ppdegalicia.com\/es\/wp-json\/wp\/v2\/posts\/67647\/revisions\/67650"}],"wp:featuredmedia":[{"embeddable":true,"href":"https:\/\/ppdegalicia.com\/es\/wp-json\/wp\/v2\/media\/67648"}],"wp:attachment":[{"href":"https:\/\/ppdegalicia.com\/es\/wp-json\/wp\/v2\/media?parent=67647"}],"wp:term":[{"taxonomy":"category","embeddable":true,"href":"https:\/\/ppdegalicia.com\/es\/wp-json\/wp\/v2\/categories?post=67647"},{"taxonomy":"post_tag","embeddable":true,"href":"https:\/\/ppdegalicia.com\/es\/wp-json\/wp\/v2\/tags?post=67647"}],"curies":[{"name":"wp","href":"https:\/\/api.w.org\/{rel}","templated":true}]}}