{"id":67651,"date":"2025-07-01T13:36:03","date_gmt":"2025-07-01T12:36:03","guid":{"rendered":"https:\/\/ppdegalicia.com\/?p=67651"},"modified":"2025-07-01T13:36:03","modified_gmt":"2025-07-01T12:36:03","slug":"o-grupo-popular-pedira-no-pleno-que-pedro-sanchez-convoque-eleccions-xerais-ante-os-casos-de-corrupcion-que-asolan-o-psoe-o-goberno-de-espana-e-a-sua-contorna","status":"publish","type":"post","link":"https:\/\/ppdegalicia.com\/es\/o-grupo-popular-pedira-no-pleno-que-pedro-sanchez-convoque-eleccions-xerais-ante-os-casos-de-corrupcion-que-asolan-o-psoe-o-goberno-de-espana-e-a-sua-contorna\/","title":{"rendered":"O Grupo Popular pedir\u00e1 no Pleno que Pedro S\u00e1nchez convoque elecci\u00f3ns xerais ante os casos de corrupci\u00f3n que asolan o PSOE, o Goberno de Espa\u00f1a e a s\u00faa contorna"},"content":{"rendered":"<p>O Grupo Popular demandar\u00e1 no Pleno da vindeira semana que o Parlamento de Galicia amose o seu rexeitamento expreso \u00e1 corrupci\u00f3n instalada no seo do PSOE, do Goberno de Espa\u00f1a e na contorna persoal e pol\u00edtica m\u00e1is pr\u00f3xima ao Presidente Pedro S\u00e1nchez, unha situaci\u00f3n que debe derivar na disoluci\u00f3n das Cortes e a inmediata convocatoria de elecci\u00f3ns xerais. As\u00ed mesmo, reiterarase ao Goberno central a declaraci\u00f3n do Xacobeo 2027 como evento de excepcional interese p\u00fablico.<\/p>\n<p>Ao remate da Xunta de Portavoces, a viceportavoz popular, Paula Prado, explicou que a sesi\u00f3n plenaria dar\u00e1 comezo coa votaci\u00f3n para a elecci\u00f3n, por maior\u00eda absoluta, de Mar\u00eda Concepci\u00f3n Pombo Romero como presidenta da Corporaci\u00f3n de Servizos Audiovisuais de Galicia. Neste sentido, trasladou o agradecemento a Alfonso S\u00e1nchez Izquierdo polo traballo realizado ao longo de todos estes anos \u00e1 fronte da Corporaci\u00f3n de Radio e Televisi\u00f3n de Galicia, desex\u00e1ndolle o mellor na s\u00faa vida persoal e profesional no futuro.<\/p>\n<p><strong>AVANCE HIST\u00d3RICO NO AUTOGOBERNO<\/strong><\/p>\n<p>A sesi\u00f3n plenaria continuar\u00e1 coa comparecencia da conselleira de Medio Ambiente e Cambio Clim\u00e1tico para informar sobre a planificaci\u00f3n e os \u00faltimos avances na xesti\u00f3n e ordenaci\u00f3n do litoral de Galicia. \u201cDesde o d\u00eda de hoxe, Galicia asume a plena xesti\u00f3n sobre o seu litoral, un avance hist\u00f3rico no autogoberno da nosa Comunidade aut\u00f3noma e que o Goberno galego tivo que traballar duramente polos atrancos que desde o Goberno central se puxeron para que esta transferencia fora realidade\u201d, manifestou Paula Prado.<\/p>\n<p>A portavoz popular afirmou que \u201ca complexa e preocupante situaci\u00f3n que se vive neste momento na pol\u00edtica espa\u00f1ola, a consecuencia das investigaci\u00f3ns xudiciais que cada vez m\u00e1is acurralan ao entorno do Presidente S\u00e1nchez, ao Partido Socialista e ao seu Goberno\u201d, tam\u00e9n ter\u00e1 cabida no Pleno da vindeira semana. \u201cDiante deste deterioro institucional e dano reputacional \u00e1s instituci\u00f3ns espa\u00f1olas, a mellor sa\u00edda que se lles ocorre aos responsables socialistas \u00e9 atacar e proferir descualificaci\u00f3ns a xu\u00edces e tribunais, nun comportamento impropio dun Estado de Dereito, democr\u00e1tico e avanzado\u201d, lamentou.<\/p>\n<p>Ademais, criticou que a estas descualificaci\u00f3ns \u201ctam\u00e9n recorren os socios m\u00e1is fieis do Goberno de Pedro S\u00e1nchez, como foi o caso do BNG, quen na boca da s\u00faa portavoz nacional, a se\u00f1ora Pont\u00f3n, sa\u00edu rapidamente ao rescate de Pedro S\u00e1nchez e do seu goberno acusando \u00e1 Xustiza de lawfare\u201d. \u201cAcusaci\u00f3n que, practicamente de inmediato, tivo que corrixir ao percatarse de que non ti\u00f1a escapatoria posible \u00e1 ola de corrupci\u00f3n que asolagaba ao Goberno de Pedro S\u00e1nchez e ao Partido Socialista\u201d, indicou.<\/p>\n<p><strong>CONDENA DAS ACUSACI\u00d3NS \u00c1 XUSTIZA E XORNALISTAS<\/strong><\/p>\n<p>\u201cDiante desta situaci\u00f3n vergo\u00f1enta e de perda da lexitimidade institucional, desde o Grupo Popular propo\u00f1emos no Pleno da vindeira semana que o Parlamento de Galicia amose o seu rexeitamento expreso \u00e1 corrupci\u00f3n instalada no seo do PSOE, do Goberno de Espa\u00f1a e na contorna persoal e pol\u00edtica m\u00e1is pr\u00f3xima ao Presidente Pedro S\u00e1nchez, pero tam\u00e9n queremos que se condenen as acusaci\u00f3ns realizadas polos membros do goberno de Espa\u00f1a e os seus socios atacando \u00e1 Xustiza e aos xornalistas que est\u00e1n destapando as tramas de corrupci\u00f3n que rodean a Pedro S\u00e1nchez\u201d, dixo Paula Prado.<\/p>\n<p>Ademais, a trav\u00e9s desta proposici\u00f3n non de lei do Grupo Popular se reclama a inmediata depuraci\u00f3n de responsabilidades pol\u00edticas derivadas dos casos de corrupci\u00f3n co\u00f1ecidos nas \u00faltimas datas, o que debe levar aos socios do PSOE nas distintas instituci\u00f3ns \u00e1 revisi\u00f3n dos acordos de goberno ou de apoio pol\u00edtico\u201d. \u201cEn definitiva, todo isto debe derivar, necesariamente, na disoluci\u00f3n das Cortes por parte do Presidente do Goberno de Espa\u00f1a e a inmediata convocatoria de elecci\u00f3ns xerais, para permitir que todos os espa\u00f1ois, a trav\u00e9s do seu voto, abran un novo tempo pol\u00edtico\u201d, demandou.<\/p>\n<p><strong>APOIO PARA O LUSTRO XACOBEO 2027-2032<\/strong><\/p>\n<p>A segunda das proposici\u00f3ns non de lei que o Grupo Popular incorporou \u00e1 sesi\u00f3n plenaria da vindeira semana ten que ver coa celebraci\u00f3n do vindeiro Xacobeo 27 e a necesidade de que o Goberno de Espa\u00f1a conceda, canto antes, a declaraci\u00f3n como evento de excepcional interese p\u00fablico, un reco\u00f1ecemento que est\u00e1 respaldado pola Comisi\u00f3n Executiva do Consello Xacobeo e ten o visto bo do Ministerio de Cultura.<\/p>\n<p>A iniciativa tam\u00e9n demanda ao Goberno central un maior e firme apoio econ\u00f3mico ante o pr\u00f3ximo lustro Xacobeo 2027-2032, co fin de ter unha maior presenza nacional e internacional que sirva para o reforzo tur\u00edstico non so de Galicia sen\u00f3n de Espa\u00f1a enteira.<\/p>\n<p>\u201cConsideramos necesario que o Goberno de Pedro S\u00e1nchez atope un oco f\u00f3ra das s\u00faas preocupaci\u00f3ns pola corrupci\u00f3n que o asola un d\u00eda tras outro e se centre no que importa aos espa\u00f1ois e, en especial, aos galegos: atendendo a solicitude de declaraci\u00f3n do Xacobeo 2027 como evento de excepcional interese p\u00fablico, tendo en conta a capacidade mobilizadora desta celebraci\u00f3n, xerando beneficios econ\u00f3micos, sociais e culturais non s\u00f3 en Galicia, sen\u00f3n en todas as comunidades aut\u00f3nomas polas que atravesa o Cami\u00f1o de Santiago\u201d, afirmou a viceportavoz popular.<\/p>\n<p>Por \u00faltimo, e dentro do apartado de preguntas ao Goberno galego, o Grupo Popular interesarase polas medidas que est\u00e1 a impulsar a Xunta para promover o uso da lingua galega entre a xuventude de Galicia; sobre a valoraci\u00f3n que fai a Xunta do Real-Decreto estatal que regula o traspaso de menores migrantes non acompa\u00f1ados; e sobre a situaci\u00f3n financeira da Universidade de A Coru\u00f1a, logo de que se co\u00f1ecera desequilibrio contable de 13 mill\u00f3ns de euros que presenta esta instituci\u00f3n segundo os datos da liquidaci\u00f3n do exercicio de 2023.<\/p>\n","protected":false},"excerpt":{"rendered":"<p>O Grupo Popular demandar\u00e1 no Pleno da vindeira semana que o Parlamento de Galicia amose o seu rexeitamento expreso \u00e1 corrupci\u00f3n instalada no seo do PSOE, do Goberno de Espa\u00f1a e na contorna persoal e pol\u00edtica m\u00e1is pr\u00f3xima ao Presidente Pedro S\u00e1nchez, unha situaci\u00f3n que debe derivar na disoluci\u00f3n das Cortes e a inmediata convocatoria [&hellip;]<\/p>\n","protected":false},"author":38,"featured_media":67652,"comment_status":"closed","ping_status":"open","sticky":false,"template":"","format":"standard","meta":{"_acf_changed":false,"footnotes":""},"categories":[1128],"tags":[],"class_list":["post-67651","post","type-post","status-publish","format-standard","has-post-thumbnail","hentry","category-actualidad-parlamento-de-galicia"],"acf":[],"yoast_head":"<!-- This site is optimized with the Yoast SEO plugin v27.3 - https:\/\/yoast.com\/product\/yoast-seo-wordpress\/ -->\n<title>O Grupo Popular pedir\u00e1 no Pleno que Pedro S\u00e1nchez convoque elecci\u00f3ns xerais ante os casos de corrupci\u00f3n que asolan o PSOE, o Goberno de Espa\u00f1a e a s\u00faa contorna - PP de Galicia<\/title>\n<meta name=\"description\" content=\"O Grupo Popular demandar\u00e1 no Pleno da vindeira semana que o Parlamento de Galicia amose o seu rexeitamento expreso \u00e1 corrupci\u00f3n instalada no seo do PSOE, do Goberno de Espa\u00f1a e na contorna persoal e pol\u00edtica m\u00e1is pr\u00f3xima ao Presidente Pedro S\u00e1nchez, unha situaci\u00f3n que debe derivar na disoluci\u00f3n das Cortes e a inmediata convocatoria de elecci\u00f3ns xerais. As\u00ed mesmo, reiterarase ao Goberno central a declaraci\u00f3n do Xacobeo 2027 como evento de excepcional interese p\u00fablico.\" \/>\n<meta name=\"robots\" content=\"index, follow, max-snippet:-1, max-image-preview:large, max-video-preview:-1\" \/>\n<link rel=\"canonical\" href=\"https:\/\/ppdegalicia.com\/es\/o-grupo-popular-pedira-no-pleno-que-pedro-sanchez-convoque-eleccions-xerais-ante-os-casos-de-corrupcion-que-asolan-o-psoe-o-goberno-de-espana-e-a-sua-contorna\/\" \/>\n<meta property=\"og:locale\" content=\"es_ES\" \/>\n<meta property=\"og:type\" content=\"article\" \/>\n<meta property=\"og:title\" content=\"O Grupo Popular pedir\u00e1 no Pleno que Pedro S\u00e1nchez convoque elecci\u00f3ns xerais ante os casos de corrupci\u00f3n que asolan o PSOE, o Goberno de Espa\u00f1a e a s\u00faa contorna - PP de Galicia\" \/>\n<meta property=\"og:description\" content=\"O Grupo Popular demandar\u00e1 no Pleno da vindeira semana que o Parlamento de Galicia amose o seu rexeitamento expreso \u00e1 corrupci\u00f3n instalada no seo do PSOE, do Goberno de Espa\u00f1a e na contorna persoal e pol\u00edtica m\u00e1is pr\u00f3xima ao Presidente Pedro S\u00e1nchez, unha situaci\u00f3n que debe derivar na disoluci\u00f3n das Cortes e a inmediata convocatoria de elecci\u00f3ns xerais. As\u00ed mesmo, reiterarase ao Goberno central a declaraci\u00f3n do Xacobeo 2027 como evento de excepcional interese p\u00fablico.\" \/>\n<meta property=\"og:url\" content=\"https:\/\/ppdegalicia.com\/es\/o-grupo-popular-pedira-no-pleno-que-pedro-sanchez-convoque-eleccions-xerais-ante-os-casos-de-corrupcion-que-asolan-o-psoe-o-goberno-de-espana-e-a-sua-contorna\/\" \/>\n<meta property=\"og:site_name\" content=\"PP de Galicia\" \/>\n<meta property=\"article:publisher\" content=\"https:\/\/www.instagram.com\/ppdegalicia\/\" \/>\n<meta property=\"article:published_time\" content=\"2025-07-01T12:36:03+00:00\" \/>\n<meta property=\"og:image\" content=\"https:\/\/ppdegalicia.com\/wp-content\/uploads\/2025\/07\/20250701_PPrado_rdp_XdP16-scaled.jpg\" \/>\n\t<meta property=\"og:image:width\" content=\"2560\" \/>\n\t<meta property=\"og:image:height\" content=\"1707\" \/>\n\t<meta property=\"og:image:type\" content=\"image\/jpeg\" \/>\n<meta name=\"author\" content=\"ppdegaliciaredes\" \/>\n<meta name=\"twitter:card\" content=\"summary_large_image\" \/>\n<meta name=\"twitter:creator\" content=\"@ppdegalicia\" \/>\n<meta name=\"twitter:site\" content=\"@ppdegalicia\" \/>\n<meta name=\"twitter:label1\" content=\"Escrito por\" \/>\n\t<meta name=\"twitter:data1\" content=\"ppdegaliciaredes\" \/>\n\t<meta name=\"twitter:label2\" content=\"Tiempo de lectura\" \/>\n\t<meta name=\"twitter:data2\" content=\"6 minutos\" \/>\n<script type=\"application\/ld+json\" class=\"yoast-schema-graph\">{\"@context\":\"https:\\\/\\\/schema.org\",\"@graph\":[{\"@type\":\"Article\",\"@id\":\"https:\\\/\\\/ppdegalicia.com\\\/es\\\/o-grupo-popular-pedira-no-pleno-que-pedro-sanchez-convoque-eleccions-xerais-ante-os-casos-de-corrupcion-que-asolan-o-psoe-o-goberno-de-espana-e-a-sua-contorna\\\/#article\",\"isPartOf\":{\"@id\":\"https:\\\/\\\/ppdegalicia.com\\\/es\\\/o-grupo-popular-pedira-no-pleno-que-pedro-sanchez-convoque-eleccions-xerais-ante-os-casos-de-corrupcion-que-asolan-o-psoe-o-goberno-de-espana-e-a-sua-contorna\\\/\"},\"author\":{\"name\":\"ppdegaliciaredes\",\"@id\":\"https:\\\/\\\/ppdegalicia.com\\\/es\\\/#\\\/schema\\\/person\\\/5b822c6f59e872ebdd1142f307dbcb59\"},\"headline\":\"O Grupo Popular pedir\u00e1 no Pleno que Pedro S\u00e1nchez convoque elecci\u00f3ns xerais ante os casos de corrupci\u00f3n que asolan o PSOE, o Goberno de Espa\u00f1a e a s\u00faa contorna\",\"datePublished\":\"2025-07-01T12:36:03+00:00\",\"mainEntityOfPage\":{\"@id\":\"https:\\\/\\\/ppdegalicia.com\\\/es\\\/o-grupo-popular-pedira-no-pleno-que-pedro-sanchez-convoque-eleccions-xerais-ante-os-casos-de-corrupcion-que-asolan-o-psoe-o-goberno-de-espana-e-a-sua-contorna\\\/\"},\"wordCount\":1036,\"publisher\":{\"@id\":\"https:\\\/\\\/ppdegalicia.com\\\/es\\\/#organization\"},\"image\":{\"@id\":\"https:\\\/\\\/ppdegalicia.com\\\/es\\\/o-grupo-popular-pedira-no-pleno-que-pedro-sanchez-convoque-eleccions-xerais-ante-os-casos-de-corrupcion-que-asolan-o-psoe-o-goberno-de-espana-e-a-sua-contorna\\\/#primaryimage\"},\"thumbnailUrl\":\"https:\\\/\\\/ppdegalicia.com\\\/wp-content\\\/uploads\\\/2025\\\/07\\\/20250701_PPrado_rdp_XdP16-scaled.jpg\",\"articleSection\":[\"Parlamento de Galicia\"],\"inLanguage\":\"es\"},{\"@type\":\"WebPage\",\"@id\":\"https:\\\/\\\/ppdegalicia.com\\\/es\\\/o-grupo-popular-pedira-no-pleno-que-pedro-sanchez-convoque-eleccions-xerais-ante-os-casos-de-corrupcion-que-asolan-o-psoe-o-goberno-de-espana-e-a-sua-contorna\\\/\",\"url\":\"https:\\\/\\\/ppdegalicia.com\\\/es\\\/o-grupo-popular-pedira-no-pleno-que-pedro-sanchez-convoque-eleccions-xerais-ante-os-casos-de-corrupcion-que-asolan-o-psoe-o-goberno-de-espana-e-a-sua-contorna\\\/\",\"name\":\"O Grupo Popular pedir\u00e1 no Pleno que Pedro S\u00e1nchez convoque elecci\u00f3ns xerais ante os casos de corrupci\u00f3n que asolan o PSOE, o Goberno de Espa\u00f1a e a s\u00faa contorna - PP de Galicia\",\"isPartOf\":{\"@id\":\"https:\\\/\\\/ppdegalicia.com\\\/es\\\/#website\"},\"primaryImageOfPage\":{\"@id\":\"https:\\\/\\\/ppdegalicia.com\\\/es\\\/o-grupo-popular-pedira-no-pleno-que-pedro-sanchez-convoque-eleccions-xerais-ante-os-casos-de-corrupcion-que-asolan-o-psoe-o-goberno-de-espana-e-a-sua-contorna\\\/#primaryimage\"},\"image\":{\"@id\":\"https:\\\/\\\/ppdegalicia.com\\\/es\\\/o-grupo-popular-pedira-no-pleno-que-pedro-sanchez-convoque-eleccions-xerais-ante-os-casos-de-corrupcion-que-asolan-o-psoe-o-goberno-de-espana-e-a-sua-contorna\\\/#primaryimage\"},\"thumbnailUrl\":\"https:\\\/\\\/ppdegalicia.com\\\/wp-content\\\/uploads\\\/2025\\\/07\\\/20250701_PPrado_rdp_XdP16-scaled.jpg\",\"datePublished\":\"2025-07-01T12:36:03+00:00\",\"description\":\"O Grupo Popular demandar\u00e1 no Pleno da vindeira semana que o Parlamento de Galicia amose o seu rexeitamento expreso \u00e1 corrupci\u00f3n instalada no seo do PSOE, do Goberno de Espa\u00f1a e na contorna persoal e pol\u00edtica m\u00e1is pr\u00f3xima ao Presidente Pedro S\u00e1nchez, unha situaci\u00f3n que debe derivar na disoluci\u00f3n das Cortes e a inmediata convocatoria de elecci\u00f3ns xerais. As\u00ed mesmo, reiterarase ao Goberno central a declaraci\u00f3n do Xacobeo 2027 como evento de excepcional interese p\u00fablico.\",\"breadcrumb\":{\"@id\":\"https:\\\/\\\/ppdegalicia.com\\\/es\\\/o-grupo-popular-pedira-no-pleno-que-pedro-sanchez-convoque-eleccions-xerais-ante-os-casos-de-corrupcion-que-asolan-o-psoe-o-goberno-de-espana-e-a-sua-contorna\\\/#breadcrumb\"},\"inLanguage\":\"es\",\"potentialAction\":[{\"@type\":\"ReadAction\",\"target\":[\"https:\\\/\\\/ppdegalicia.com\\\/es\\\/o-grupo-popular-pedira-no-pleno-que-pedro-sanchez-convoque-eleccions-xerais-ante-os-casos-de-corrupcion-que-asolan-o-psoe-o-goberno-de-espana-e-a-sua-contorna\\\/\"]}]},{\"@type\":\"ImageObject\",\"inLanguage\":\"es\",\"@id\":\"https:\\\/\\\/ppdegalicia.com\\\/es\\\/o-grupo-popular-pedira-no-pleno-que-pedro-sanchez-convoque-eleccions-xerais-ante-os-casos-de-corrupcion-que-asolan-o-psoe-o-goberno-de-espana-e-a-sua-contorna\\\/#primaryimage\",\"url\":\"https:\\\/\\\/ppdegalicia.com\\\/wp-content\\\/uploads\\\/2025\\\/07\\\/20250701_PPrado_rdp_XdP16-scaled.jpg\",\"contentUrl\":\"https:\\\/\\\/ppdegalicia.com\\\/wp-content\\\/uploads\\\/2025\\\/07\\\/20250701_PPrado_rdp_XdP16-scaled.jpg\",\"width\":2560,\"height\":1707},{\"@type\":\"BreadcrumbList\",\"@id\":\"https:\\\/\\\/ppdegalicia.com\\\/es\\\/o-grupo-popular-pedira-no-pleno-que-pedro-sanchez-convoque-eleccions-xerais-ante-os-casos-de-corrupcion-que-asolan-o-psoe-o-goberno-de-espana-e-a-sua-contorna\\\/#breadcrumb\",\"itemListElement\":[{\"@type\":\"ListItem\",\"position\":1,\"name\":\"Portada\",\"item\":\"https:\\\/\\\/ppdegalicia.com\\\/es\\\/\"},{\"@type\":\"ListItem\",\"position\":2,\"name\":\"O Grupo Popular pedir\u00e1 no Pleno que Pedro S\u00e1nchez convoque elecci\u00f3ns xerais ante os casos de corrupci\u00f3n que asolan o PSOE, o Goberno de Espa\u00f1a e a s\u00faa contorna\"}]},{\"@type\":\"WebSite\",\"@id\":\"https:\\\/\\\/ppdegalicia.com\\\/es\\\/#website\",\"url\":\"https:\\\/\\\/ppdegalicia.com\\\/es\\\/\",\"name\":\"Partido Popular de Galicia\",\"description\":\"Partido Popular de Galicia\",\"publisher\":{\"@id\":\"https:\\\/\\\/ppdegalicia.com\\\/es\\\/#organization\"},\"alternateName\":\"PP de Galicia\",\"potentialAction\":[{\"@type\":\"SearchAction\",\"target\":{\"@type\":\"EntryPoint\",\"urlTemplate\":\"https:\\\/\\\/ppdegalicia.com\\\/es\\\/?s={search_term_string}\"},\"query-input\":{\"@type\":\"PropertyValueSpecification\",\"valueRequired\":true,\"valueName\":\"search_term_string\"}}],\"inLanguage\":\"es\"},{\"@type\":\"Organization\",\"@id\":\"https:\\\/\\\/ppdegalicia.com\\\/es\\\/#organization\",\"name\":\"Partido Popular de Galicia\",\"alternateName\":\"PP de Galicia\",\"url\":\"https:\\\/\\\/ppdegalicia.com\\\/es\\\/\",\"logo\":{\"@type\":\"ImageObject\",\"inLanguage\":\"es\",\"@id\":\"https:\\\/\\\/ppdegalicia.com\\\/es\\\/#\\\/schema\\\/logo\\\/image\\\/\",\"url\":\"https:\\\/\\\/ppdegalicia.com\\\/wp-content\\\/uploads\\\/2023\\\/04\\\/logoPP512.png\",\"contentUrl\":\"https:\\\/\\\/ppdegalicia.com\\\/wp-content\\\/uploads\\\/2023\\\/04\\\/logoPP512.png\",\"width\":512,\"height\":512,\"caption\":\"Partido Popular de Galicia\"},\"image\":{\"@id\":\"https:\\\/\\\/ppdegalicia.com\\\/es\\\/#\\\/schema\\\/logo\\\/image\\\/\"},\"sameAs\":[\"https:\\\/\\\/www.instagram.com\\\/ppdegalicia\\\/\",\"https:\\\/\\\/x.com\\\/ppdegalicia\",\"https:\\\/\\\/www.tiktok.com\\\/@ppdegalicia\",\"https:\\\/\\\/www.youtube.com\\\/user\\\/ppdegalicia\"]},{\"@type\":\"Person\",\"@id\":\"https:\\\/\\\/ppdegalicia.com\\\/es\\\/#\\\/schema\\\/person\\\/5b822c6f59e872ebdd1142f307dbcb59\",\"name\":\"ppdegaliciaredes\",\"image\":{\"@type\":\"ImageObject\",\"inLanguage\":\"es\",\"@id\":\"https:\\\/\\\/secure.gravatar.com\\\/avatar\\\/3c9179cf0256d00c72a48d1f25783c58b6842cd56e85ef3a572881c8e28ccd59?s=96&d=mm&r=g\",\"url\":\"https:\\\/\\\/secure.gravatar.com\\\/avatar\\\/3c9179cf0256d00c72a48d1f25783c58b6842cd56e85ef3a572881c8e28ccd59?s=96&d=mm&r=g\",\"contentUrl\":\"https:\\\/\\\/secure.gravatar.com\\\/avatar\\\/3c9179cf0256d00c72a48d1f25783c58b6842cd56e85ef3a572881c8e28ccd59?s=96&d=mm&r=g\",\"caption\":\"ppdegaliciaredes\"},\"url\":\"https:\\\/\\\/ppdegalicia.com\\\/es\\\/author\\\/ppdegaliciaredes\\\/\"}]}<\/script>\n<!-- \/ Yoast SEO plugin. -->","yoast_head_json":{"title":"O Grupo Popular pedir\u00e1 no Pleno que Pedro S\u00e1nchez convoque elecci\u00f3ns xerais ante os casos de corrupci\u00f3n que asolan o PSOE, o Goberno de Espa\u00f1a e a s\u00faa contorna - PP de Galicia","description":"O Grupo Popular demandar\u00e1 no Pleno da vindeira semana que o Parlamento de Galicia amose o seu rexeitamento expreso \u00e1 corrupci\u00f3n instalada no seo do PSOE, do Goberno de Espa\u00f1a e na contorna persoal e pol\u00edtica m\u00e1is pr\u00f3xima ao Presidente Pedro S\u00e1nchez, unha situaci\u00f3n que debe derivar na disoluci\u00f3n das Cortes e a inmediata convocatoria de elecci\u00f3ns xerais. As\u00ed mesmo, reiterarase ao Goberno central a declaraci\u00f3n do Xacobeo 2027 como evento de excepcional interese p\u00fablico.","robots":{"index":"index","follow":"follow","max-snippet":"max-snippet:-1","max-image-preview":"max-image-preview:large","max-video-preview":"max-video-preview:-1"},"canonical":"https:\/\/ppdegalicia.com\/es\/o-grupo-popular-pedira-no-pleno-que-pedro-sanchez-convoque-eleccions-xerais-ante-os-casos-de-corrupcion-que-asolan-o-psoe-o-goberno-de-espana-e-a-sua-contorna\/","og_locale":"es_ES","og_type":"article","og_title":"O Grupo Popular pedir\u00e1 no Pleno que Pedro S\u00e1nchez convoque elecci\u00f3ns xerais ante os casos de corrupci\u00f3n que asolan o PSOE, o Goberno de Espa\u00f1a e a s\u00faa contorna - PP de Galicia","og_description":"O Grupo Popular demandar\u00e1 no Pleno da vindeira semana que o Parlamento de Galicia amose o seu rexeitamento expreso \u00e1 corrupci\u00f3n instalada no seo do PSOE, do Goberno de Espa\u00f1a e na contorna persoal e pol\u00edtica m\u00e1is pr\u00f3xima ao Presidente Pedro S\u00e1nchez, unha situaci\u00f3n que debe derivar na disoluci\u00f3n das Cortes e a inmediata convocatoria de elecci\u00f3ns xerais. As\u00ed mesmo, reiterarase ao Goberno central a declaraci\u00f3n do Xacobeo 2027 como evento de excepcional interese p\u00fablico.","og_url":"https:\/\/ppdegalicia.com\/es\/o-grupo-popular-pedira-no-pleno-que-pedro-sanchez-convoque-eleccions-xerais-ante-os-casos-de-corrupcion-que-asolan-o-psoe-o-goberno-de-espana-e-a-sua-contorna\/","og_site_name":"PP de Galicia","article_publisher":"https:\/\/www.instagram.com\/ppdegalicia\/","article_published_time":"2025-07-01T12:36:03+00:00","og_image":[{"width":2560,"height":1707,"url":"https:\/\/ppdegalicia.com\/wp-content\/uploads\/2025\/07\/20250701_PPrado_rdp_XdP16-scaled.jpg","type":"image\/jpeg"}],"author":"ppdegaliciaredes","twitter_card":"summary_large_image","twitter_creator":"@ppdegalicia","twitter_site":"@ppdegalicia","twitter_misc":{"Escrito por":"ppdegaliciaredes","Tiempo de lectura":"6 minutos"},"schema":{"@context":"https:\/\/schema.org","@graph":[{"@type":"Article","@id":"https:\/\/ppdegalicia.com\/es\/o-grupo-popular-pedira-no-pleno-que-pedro-sanchez-convoque-eleccions-xerais-ante-os-casos-de-corrupcion-que-asolan-o-psoe-o-goberno-de-espana-e-a-sua-contorna\/#article","isPartOf":{"@id":"https:\/\/ppdegalicia.com\/es\/o-grupo-popular-pedira-no-pleno-que-pedro-sanchez-convoque-eleccions-xerais-ante-os-casos-de-corrupcion-que-asolan-o-psoe-o-goberno-de-espana-e-a-sua-contorna\/"},"author":{"name":"ppdegaliciaredes","@id":"https:\/\/ppdegalicia.com\/es\/#\/schema\/person\/5b822c6f59e872ebdd1142f307dbcb59"},"headline":"O Grupo Popular pedir\u00e1 no Pleno que Pedro S\u00e1nchez convoque elecci\u00f3ns xerais ante os casos de corrupci\u00f3n que asolan o PSOE, o Goberno de Espa\u00f1a e a s\u00faa contorna","datePublished":"2025-07-01T12:36:03+00:00","mainEntityOfPage":{"@id":"https:\/\/ppdegalicia.com\/es\/o-grupo-popular-pedira-no-pleno-que-pedro-sanchez-convoque-eleccions-xerais-ante-os-casos-de-corrupcion-que-asolan-o-psoe-o-goberno-de-espana-e-a-sua-contorna\/"},"wordCount":1036,"publisher":{"@id":"https:\/\/ppdegalicia.com\/es\/#organization"},"image":{"@id":"https:\/\/ppdegalicia.com\/es\/o-grupo-popular-pedira-no-pleno-que-pedro-sanchez-convoque-eleccions-xerais-ante-os-casos-de-corrupcion-que-asolan-o-psoe-o-goberno-de-espana-e-a-sua-contorna\/#primaryimage"},"thumbnailUrl":"https:\/\/ppdegalicia.com\/wp-content\/uploads\/2025\/07\/20250701_PPrado_rdp_XdP16-scaled.jpg","articleSection":["Parlamento de Galicia"],"inLanguage":"es"},{"@type":"WebPage","@id":"https:\/\/ppdegalicia.com\/es\/o-grupo-popular-pedira-no-pleno-que-pedro-sanchez-convoque-eleccions-xerais-ante-os-casos-de-corrupcion-que-asolan-o-psoe-o-goberno-de-espana-e-a-sua-contorna\/","url":"https:\/\/ppdegalicia.com\/es\/o-grupo-popular-pedira-no-pleno-que-pedro-sanchez-convoque-eleccions-xerais-ante-os-casos-de-corrupcion-que-asolan-o-psoe-o-goberno-de-espana-e-a-sua-contorna\/","name":"O Grupo Popular pedir\u00e1 no Pleno que Pedro S\u00e1nchez convoque elecci\u00f3ns xerais ante os casos de corrupci\u00f3n que asolan o PSOE, o Goberno de Espa\u00f1a e a s\u00faa contorna - PP de Galicia","isPartOf":{"@id":"https:\/\/ppdegalicia.com\/es\/#website"},"primaryImageOfPage":{"@id":"https:\/\/ppdegalicia.com\/es\/o-grupo-popular-pedira-no-pleno-que-pedro-sanchez-convoque-eleccions-xerais-ante-os-casos-de-corrupcion-que-asolan-o-psoe-o-goberno-de-espana-e-a-sua-contorna\/#primaryimage"},"image":{"@id":"https:\/\/ppdegalicia.com\/es\/o-grupo-popular-pedira-no-pleno-que-pedro-sanchez-convoque-eleccions-xerais-ante-os-casos-de-corrupcion-que-asolan-o-psoe-o-goberno-de-espana-e-a-sua-contorna\/#primaryimage"},"thumbnailUrl":"https:\/\/ppdegalicia.com\/wp-content\/uploads\/2025\/07\/20250701_PPrado_rdp_XdP16-scaled.jpg","datePublished":"2025-07-01T12:36:03+00:00","description":"O Grupo Popular demandar\u00e1 no Pleno da vindeira semana que o Parlamento de Galicia amose o seu rexeitamento expreso \u00e1 corrupci\u00f3n instalada no seo do PSOE, do Goberno de Espa\u00f1a e na contorna persoal e pol\u00edtica m\u00e1is pr\u00f3xima ao Presidente Pedro S\u00e1nchez, unha situaci\u00f3n que debe derivar na disoluci\u00f3n das Cortes e a inmediata convocatoria de elecci\u00f3ns xerais. As\u00ed mesmo, reiterarase ao Goberno central a declaraci\u00f3n do Xacobeo 2027 como evento de excepcional interese p\u00fablico.","breadcrumb":{"@id":"https:\/\/ppdegalicia.com\/es\/o-grupo-popular-pedira-no-pleno-que-pedro-sanchez-convoque-eleccions-xerais-ante-os-casos-de-corrupcion-que-asolan-o-psoe-o-goberno-de-espana-e-a-sua-contorna\/#breadcrumb"},"inLanguage":"es","potentialAction":[{"@type":"ReadAction","target":["https:\/\/ppdegalicia.com\/es\/o-grupo-popular-pedira-no-pleno-que-pedro-sanchez-convoque-eleccions-xerais-ante-os-casos-de-corrupcion-que-asolan-o-psoe-o-goberno-de-espana-e-a-sua-contorna\/"]}]},{"@type":"ImageObject","inLanguage":"es","@id":"https:\/\/ppdegalicia.com\/es\/o-grupo-popular-pedira-no-pleno-que-pedro-sanchez-convoque-eleccions-xerais-ante-os-casos-de-corrupcion-que-asolan-o-psoe-o-goberno-de-espana-e-a-sua-contorna\/#primaryimage","url":"https:\/\/ppdegalicia.com\/wp-content\/uploads\/2025\/07\/20250701_PPrado_rdp_XdP16-scaled.jpg","contentUrl":"https:\/\/ppdegalicia.com\/wp-content\/uploads\/2025\/07\/20250701_PPrado_rdp_XdP16-scaled.jpg","width":2560,"height":1707},{"@type":"BreadcrumbList","@id":"https:\/\/ppdegalicia.com\/es\/o-grupo-popular-pedira-no-pleno-que-pedro-sanchez-convoque-eleccions-xerais-ante-os-casos-de-corrupcion-que-asolan-o-psoe-o-goberno-de-espana-e-a-sua-contorna\/#breadcrumb","itemListElement":[{"@type":"ListItem","position":1,"name":"Portada","item":"https:\/\/ppdegalicia.com\/es\/"},{"@type":"ListItem","position":2,"name":"O Grupo Popular pedir\u00e1 no Pleno que Pedro S\u00e1nchez convoque elecci\u00f3ns xerais ante os casos de corrupci\u00f3n que asolan o PSOE, o Goberno de Espa\u00f1a e a s\u00faa contorna"}]},{"@type":"WebSite","@id":"https:\/\/ppdegalicia.com\/es\/#website","url":"https:\/\/ppdegalicia.com\/es\/","name":"Partido Popular de Galicia","description":"Partido Popular de Galicia","publisher":{"@id":"https:\/\/ppdegalicia.com\/es\/#organization"},"alternateName":"PP de Galicia","potentialAction":[{"@type":"SearchAction","target":{"@type":"EntryPoint","urlTemplate":"https:\/\/ppdegalicia.com\/es\/?s={search_term_string}"},"query-input":{"@type":"PropertyValueSpecification","valueRequired":true,"valueName":"search_term_string"}}],"inLanguage":"es"},{"@type":"Organization","@id":"https:\/\/ppdegalicia.com\/es\/#organization","name":"Partido Popular de Galicia","alternateName":"PP de Galicia","url":"https:\/\/ppdegalicia.com\/es\/","logo":{"@type":"ImageObject","inLanguage":"es","@id":"https:\/\/ppdegalicia.com\/es\/#\/schema\/logo\/image\/","url":"https:\/\/ppdegalicia.com\/wp-content\/uploads\/2023\/04\/logoPP512.png","contentUrl":"https:\/\/ppdegalicia.com\/wp-content\/uploads\/2023\/04\/logoPP512.png","width":512,"height":512,"caption":"Partido Popular de Galicia"},"image":{"@id":"https:\/\/ppdegalicia.com\/es\/#\/schema\/logo\/image\/"},"sameAs":["https:\/\/www.instagram.com\/ppdegalicia\/","https:\/\/x.com\/ppdegalicia","https:\/\/www.tiktok.com\/@ppdegalicia","https:\/\/www.youtube.com\/user\/ppdegalicia"]},{"@type":"Person","@id":"https:\/\/ppdegalicia.com\/es\/#\/schema\/person\/5b822c6f59e872ebdd1142f307dbcb59","name":"ppdegaliciaredes","image":{"@type":"ImageObject","inLanguage":"es","@id":"https:\/\/secure.gravatar.com\/avatar\/3c9179cf0256d00c72a48d1f25783c58b6842cd56e85ef3a572881c8e28ccd59?s=96&d=mm&r=g","url":"https:\/\/secure.gravatar.com\/avatar\/3c9179cf0256d00c72a48d1f25783c58b6842cd56e85ef3a572881c8e28ccd59?s=96&d=mm&r=g","contentUrl":"https:\/\/secure.gravatar.com\/avatar\/3c9179cf0256d00c72a48d1f25783c58b6842cd56e85ef3a572881c8e28ccd59?s=96&d=mm&r=g","caption":"ppdegaliciaredes"},"url":"https:\/\/ppdegalicia.com\/es\/author\/ppdegaliciaredes\/"}]}},"_links":{"self":[{"href":"https:\/\/ppdegalicia.com\/es\/wp-json\/wp\/v2\/posts\/67651","targetHints":{"allow":["GET"]}}],"collection":[{"href":"https:\/\/ppdegalicia.com\/es\/wp-json\/wp\/v2\/posts"}],"about":[{"href":"https:\/\/ppdegalicia.com\/es\/wp-json\/wp\/v2\/types\/post"}],"author":[{"embeddable":true,"href":"https:\/\/ppdegalicia.com\/es\/wp-json\/wp\/v2\/users\/38"}],"replies":[{"embeddable":true,"href":"https:\/\/ppdegalicia.com\/es\/wp-json\/wp\/v2\/comments?post=67651"}],"version-history":[{"count":1,"href":"https:\/\/ppdegalicia.com\/es\/wp-json\/wp\/v2\/posts\/67651\/revisions"}],"predecessor-version":[{"id":67654,"href":"https:\/\/ppdegalicia.com\/es\/wp-json\/wp\/v2\/posts\/67651\/revisions\/67654"}],"wp:featuredmedia":[{"embeddable":true,"href":"https:\/\/ppdegalicia.com\/es\/wp-json\/wp\/v2\/media\/67652"}],"wp:attachment":[{"href":"https:\/\/ppdegalicia.com\/es\/wp-json\/wp\/v2\/media?parent=67651"}],"wp:term":[{"taxonomy":"category","embeddable":true,"href":"https:\/\/ppdegalicia.com\/es\/wp-json\/wp\/v2\/categories?post=67651"},{"taxonomy":"post_tag","embeddable":true,"href":"https:\/\/ppdegalicia.com\/es\/wp-json\/wp\/v2\/tags?post=67651"}],"curies":[{"name":"wp","href":"https:\/\/api.w.org\/{rel}","templated":true}]}}