{"id":67778,"date":"2025-07-16T13:40:33","date_gmt":"2025-07-16T12:40:33","guid":{"rendered":"https:\/\/ppdegalicia.com\/?p=67778"},"modified":"2025-07-16T13:40:33","modified_gmt":"2025-07-16T12:40:33","slug":"o-ppdeg-contrapon-o-modelo-de-coidados-desde-o-berce-ata-o-baston-do-goberno-galego-fronte-ao-modelo-privatizador-do-psoe-e-o-bng","status":"publish","type":"post","link":"https:\/\/ppdegalicia.com\/es\/o-ppdeg-contrapon-o-modelo-de-coidados-desde-o-berce-ata-o-baston-do-goberno-galego-fronte-ao-modelo-privatizador-do-psoe-e-o-bng\/","title":{"rendered":"O PPdeG contrap\u00f3n o modelo de coidados \u201cdesde o berce ata o bast\u00f3n\u201d do Goberno galego fronte ao \u201cmodelo privatizador\u201d do PSOE e o BNG"},"content":{"rendered":"<p style=\"font-weight: 400;\">O Partido Popular de Galicia contrap\u00f3n o modelo de coidados \u201cdesde o berce ata o bast\u00f3n\u201d impulsado con \u00e9xito polo Goberno galego desde hai anos fronte ao \u201cmodelo privatizador\u201d que levan a cabo o PSOE e o BNG nas deputaci\u00f3ns provinciais e nos concellos onde gobernan.<\/p>\n<p style=\"font-weight: 400;\">Esta ma\u00f1\u00e1 a secretaria xeral dos populares galegos, Paula Prado, a presidenta provincial do PP de Lugo, Elena Candia, e o portavoz na Deputaci\u00f3n provincial, Antonio Ameijide, mantiveron un encontro con representantes do partido na comarca dos Ancares e con membros da Plataforma Pro Residencia de Becerre\u00e1 precisamente para abordar esa diferencia de xesti\u00f3n no caso deste centro.<\/p>\n<p style=\"font-weight: 400;\">\u201cEstamos aqu\u00ed para reclamar a apertura desta residencia pero nunhas condici\u00f3ns dignas e en igualdade co resto de residencias da provincia de Lugo\u201d, manifestou Prado en respaldo \u00e1s reclamaci\u00f3ns do portavoz local, Jos\u00e9 Fern\u00e1ndez Carrete; quen demandou que o centro poida, despois de 4 anos, \u201cprestar o servizo fundamental que demandan e necesitan os veci\u00f1os de Becerre\u00e1 e dos Ancares\u201d.<\/p>\n<p style=\"font-weight: 400;\">En contraposici\u00f3n a esta situaci\u00f3n, a n\u00famero dous do PPdeG reivindicou o modelo de coidados do Goberno galego: \u201cUn modelo de \u00e9xito contrastado que, como Galicia, funciona, e est\u00e1 pensado para acompa\u00f1ar, coidar e mellorar a vida dos galegos e galegas desde o berce ata o bast\u00f3n\u201d.<\/p>\n<p style=\"font-weight: 400;\">\u201cO que non funciona \u00e9 o modelo \u2018Fai o que digo e non o que fago\u2019 que promoven o PSOE e o BNG\u201d, asegurou incidindo nas incoherencias entre o que defenden e o que practican ambas formaci\u00f3ns. \u201cDin defender o p\u00fablico e aos traballadores, pero privatizan todas aquelas residencias que po\u00f1en en marcha e acumulan denuncias por incumprimentos do convenio salarial por parte do seu persoal\u201d, explicou.<\/p>\n<p style=\"font-weight: 400;\">Unha situaci\u00f3n que fixo extensiva tam\u00e9n a outros \u00e1mbitos: \u201cDin defender a limpeza nas instituci\u00f3ns, pero soste\u00f1en e apoian ao Goberno m\u00e1is corrupto da historia de Espa\u00f1a. E din defender os intereses dos galegos, pero consenten que outras comunidades vaian ter m\u00e1is a costa de que Galicia te\u00f1a menos cun \u2018cupo\u2019 feito \u00e1 medida do independentismo catal\u00e1n e a cambio de prolongar un pouco m\u00e1is a agon\u00eda de Pedro S\u00e1nchez na Moncloa\u201d.<\/p>\n<p style=\"font-weight: 400;\"><strong><u>OS \u00c9XITOS DO MODELO DE COIDADOS DE GALICIA<\/u><\/strong><\/p>\n<p style=\"font-weight: 400;\">Paula Prado reivindicou que o modelo de coidados do Goberno galego, aparte de ser reforzado cada d\u00eda, ten \u201cun \u00e9xito contrastado\u201d. Algo que evidencian os \u00faltimos datos co\u00f1ecidos e que sinalan que Galicia \u00e9 a comunidade que m\u00e1is reduciu a s\u00faa lista de espera en dependencia no \u00faltimo ano e, en paralelo, tam\u00e9n a que m\u00e1is aumentou o n\u00famero de persoas dependentes atendidas.<\/p>\n<p style=\"font-weight: 400;\">Galicia \u00e9 tam\u00e9n unha comunidade referente na atenci\u00f3n di\u00farna \u2013a trav\u00e9s dos Centros de D\u00eda para maiores repartidos por todo o territorio\u2013 e l\u00edder nacional en acollemento familiar a menores. Grazas, sen d\u00fabida, ao pulo que o Goberno de Alfonso Rueda est\u00e1 dando neste \u00e1mbito con medidas como o reforzo do investimento no SAF, a posta en marcha de novas prestaci\u00f3ns como o Bono Coidado no Fogar ou o novo plan de residencias que contempla a construci\u00f3n de 24 novos centros e a habilitaci\u00f3n de 1.800 novas prazas residenciais.<\/p>\n<p style=\"font-weight: 400;\"><strong><u>ELENA CANDIA: \u201cPRIORIZAN OS SILL\u00d3NS \u00c1S NECESIDADES DA XENTE\u201d<\/u><\/strong><\/p>\n<p style=\"font-weight: 400;\">A presidenta provincial do PP de Lugo, Elena Candia, criticou que PSOE e BNG \u201cpensan m\u00e1is nos seus sill\u00f3ns que no que realmente necesitan os lucenses\u201d e, como consecuencia disto, que un investimento \u201ctan necesario\u201d como o da residencia de Becerre\u00e1 \u201cacumule anos de inacci\u00f3n\u201d.<\/p>\n<p style=\"font-weight: 400;\">\u201cA presi\u00f3n veci\u00f1al \u00e9 o que est\u00e1 obrigando ao presidente da Deputaci\u00f3n a mover ficha, pero nin rectificando acerta, porque o modelo que prop\u00f3n para esta residencia non s\u00f3 \u00e9 absolutamente distinto ao do resto de centros provinciais, sen\u00f3n que tam\u00e9n \u00e9 absolutamente lesivo para a econom\u00eda das familias\u201d, asegurou incidindo no alto que se contempla para este servizo.<\/p>\n<p style=\"font-weight: 400;\">Candia puxo en valor que os votos do PP no \u00faltimo Pleno provincial permitiron frear a aprobaci\u00f3n das bases nas que se sustentaba na pr\u00e1ctica a privatizaci\u00f3n da residencia de Becerre\u00e1 e incidiu no acontecido nesa sesi\u00f3n: \u201cO PSOE non contou con 3 dos seus deputados por unha nova liorta interna e o BNG decidiu votar a favor da privatizaci\u00f3n a\u00ednda sabendo que cos seus votos non sair\u00eda adiante a proposta\u201d.<\/p>\n<p style=\"font-weight: 400;\">\u201cO BNG priorizou o seu pacto de sill\u00f3ns fronte aos intereses dos veci\u00f1os de Becerre\u00e1 e demostrou que, pese ao que reclama publicamente, cando lle interesa est\u00e1 a favor das privatizaci\u00f3ns\u201d, remarcou recordando que s\u00f3 no concello de Lugo \u201chai m\u00e1is de 30 servizos que est\u00e1n privatizados e en moitos casos ata sen contrato\u201d.<\/p>\n<p style=\"font-weight: 400;\">A l\u00edder provincial do PP prometeu que o seu partido ser\u00e1 \u201cinflexible e contundente\u201d \u00e1 hora de demandar a apertura desta residencia e evitar a privatizaci\u00f3n que supo\u00f1en uns prezos \u201cque a maior\u00eda das familias desta comarca non poder\u00edan pagar\u201d. Por iso reclamou ao Goberno da Deputaci\u00f3n que \u201crectifique a s\u00faa postura, respecte \u00e1 xente, cumpra o que di e abandone a hipocris\u00eda para que os veci\u00f1os de Becerre\u00e1 te\u00f1an por fin a residencia que merecen\u201d.<\/p>\n<p style=\"font-weight: 400;\"><strong><u>ANTONIO AMEIJIDE: \u201cSEGUIREMOS DEFENDENDO A IGUALDADE FRONTE \u00c1S DIFERENZAS QUE PRETENDE IMPO\u00d1ER O GOBERNO PROVINCIAL\u201d<\/u><\/strong><\/p>\n<p style=\"font-weight: 400;\">Pola s\u00faa banda, o portavoz do PP na Deputaci\u00f3n de Lugo, Antonio Ameijide, tam\u00e9n condenou a \u201cincoherencia\u201d do BNG ao \u201cdefender un modelo p\u00fablico de residencias de maiores pero votar a favor da privatizaci\u00f3n do servizo\u201d no centro de atenci\u00f3n a maiores de Becerre\u00e1 logo do seu apoio \u00e1 memoria sobre a actividade econ\u00f3mica e o seu r\u00e9xime xur\u00eddico, que recolle a s\u00faa xesti\u00f3n privada con canon cero.<\/p>\n<p style=\"font-weight: 400;\">Ameijide lembrou que o Goberno provincial de PSOE e BNG \u201cleva 4 anos con esta infraestrutura pechada por capricho pol\u00edtico de Jos\u00e9 Tom\u00e9\u201d. O que sup\u00f3n \u201cimpedir o acceso a este servizo a preto de 140 familias \u2013o centro de atenci\u00f3n a maiores disp\u00f3n de 96 prazas de atenci\u00f3n residencial e 40 de atenci\u00f3n di\u00farna\u2013 e impedir a creaci\u00f3n de ducias de postos de traballo\u201d. Nese sentido, lamentou que o Executivo provincial \u201cnon ten ning\u00fan tipo de intenci\u00f3n nin data prevista para a posta en marcha da residencia que demandan os veci\u00f1os de Becerre\u00e1 e a comarca\u201d.<\/p>\n<p style=\"font-weight: 400;\">\u201cFronte ao modelo de lucenses de primeira e lucenses de segunda que pretende impo\u00f1er o Goberno provincial presidido por Jos\u00e9 Tom\u00e9, desde o PP seguiremos defendendo a igualdade entre todos os concellos da provincia de Lugo\u201d, subli\u00f1ou ao tempo que reivindicaba \u201ca construci\u00f3n de todas as residencias comprometidas e que nos concellos gobernados polo PP se atopan paralizadas por PSOE e BNG\u201d.<\/p>\n<p style=\"font-weight: 400;\">O popular avanzou tam\u00e9n que a s\u00faa formaci\u00f3n esixir\u00e1 \u201cata o final\u201d que todos os centros da rede provincial presten os servizos para o que foron creados (residencias e centros de d\u00eda) e co mesmo prezo en toda a provincia: \u201cNon imos permitir que a atenci\u00f3n na residencia de Becerre\u00e1 a unha persoa dependente en Becerre\u00e1 coste un 60% m\u00e1is que noutro municipio da provincia como, por exemplo, en Pedrafita do Cebreiro ou Navia de Suarna, a menos de 20 km\u201d. Refer\u00edase as\u00ed ao feito de que, segundo a proposta de socialistas e nacionalistas, a tarifa na residencia de Becerre\u00e1 ascender\u00eda ata os 2.200 \u20ac\/mes fronte aos 1.390 \u20ac establecidos para o resto de centros da rede provincial.<\/p>\n<p style=\"font-weight: 400;\">O Partido Popular xa presentou alegaci\u00f3ns que foron rexeitadas polo Goberno provincial, que no \u00faltimo Pleno non foi capaz de aprobar de forma definitiva a memoria da actividade econ\u00f3mica e r\u00e9xime xur\u00eddico debido \u00e1 ausencia de tres deputados socialistas. O cal, na opini\u00f3n de Ameijide, sup\u00f3n \u201cunha evidencia m\u00e1is da crise interna do PSOE en Lugo\u201d.<\/p>\n","protected":false},"excerpt":{"rendered":"<p>O Partido Popular de Galicia contrap\u00f3n o modelo de coidados \u201cdesde o berce ata o bast\u00f3n\u201d impulsado con \u00e9xito polo Goberno galego desde hai anos fronte ao \u201cmodelo privatizador\u201d que levan a cabo o PSOE e o BNG nas deputaci\u00f3ns provinciais e nos concellos onde gobernan. Esta ma\u00f1\u00e1 a secretaria xeral dos populares galegos, Paula [&hellip;]<\/p>\n","protected":false},"author":38,"featured_media":67779,"comment_status":"closed","ping_status":"open","sticky":false,"template":"","format":"standard","meta":{"_acf_changed":false,"footnotes":""},"categories":[1],"tags":[],"class_list":["post-67778","post","type-post","status-publish","format-standard","has-post-thumbnail","hentry","category-pp-de-galicia"],"acf":[],"yoast_head":"<!-- This site is optimized with the Yoast SEO plugin v27.3 - https:\/\/yoast.com\/product\/yoast-seo-wordpress\/ -->\n<title>O PPdeG contrap\u00f3n o modelo de coidados \u201cdesde o berce ata o bast\u00f3n\u201d do Goberno galego fronte ao \u201cmodelo privatizador\u201d do PSOE e o BNG - PP de Galicia<\/title>\n<meta name=\"description\" content=\"O Partido Popular de Galicia contrap\u00f3n o modelo de coidados \u201cdesde o berce ata o bast\u00f3n\u201d impulsado con \u00e9xito polo Goberno galego desde hai anos fronte ao \u201cmodelo privatizador\u201d que levan a cabo o PSOE e o BNG nas deputaci\u00f3ns provinciais e nos concellos onde gobernan.\" \/>\n<meta name=\"robots\" content=\"index, follow, max-snippet:-1, max-image-preview:large, max-video-preview:-1\" \/>\n<link rel=\"canonical\" href=\"https:\/\/ppdegalicia.com\/es\/o-ppdeg-contrapon-o-modelo-de-coidados-desde-o-berce-ata-o-baston-do-goberno-galego-fronte-ao-modelo-privatizador-do-psoe-e-o-bng\/\" \/>\n<meta property=\"og:locale\" content=\"es_ES\" \/>\n<meta property=\"og:type\" content=\"article\" \/>\n<meta property=\"og:title\" content=\"O PPdeG contrap\u00f3n o modelo de coidados \u201cdesde o berce ata o bast\u00f3n\u201d do Goberno galego fronte ao \u201cmodelo privatizador\u201d do PSOE e o BNG - PP de Galicia\" \/>\n<meta property=\"og:description\" content=\"O Partido Popular de Galicia contrap\u00f3n o modelo de coidados \u201cdesde o berce ata o bast\u00f3n\u201d impulsado con \u00e9xito polo Goberno galego desde hai anos fronte ao \u201cmodelo privatizador\u201d que levan a cabo o PSOE e o BNG nas deputaci\u00f3ns provinciais e nos concellos onde gobernan.\" \/>\n<meta property=\"og:url\" content=\"https:\/\/ppdegalicia.com\/es\/o-ppdeg-contrapon-o-modelo-de-coidados-desde-o-berce-ata-o-baston-do-goberno-galego-fronte-ao-modelo-privatizador-do-psoe-e-o-bng\/\" \/>\n<meta property=\"og:site_name\" content=\"PP de Galicia\" \/>\n<meta property=\"article:publisher\" content=\"https:\/\/www.instagram.com\/ppdegalicia\/\" \/>\n<meta property=\"article:published_time\" content=\"2025-07-16T12:40:33+00:00\" \/>\n<meta property=\"og:image\" content=\"https:\/\/ppdegalicia.com\/wp-content\/uploads\/2025\/07\/20250716_PPrado_Becerrea_2-min-scaled.jpg\" \/>\n\t<meta property=\"og:image:width\" content=\"2560\" \/>\n\t<meta property=\"og:image:height\" content=\"1707\" \/>\n\t<meta property=\"og:image:type\" content=\"image\/jpeg\" \/>\n<meta name=\"author\" content=\"ppdegaliciaredes\" \/>\n<meta name=\"twitter:card\" content=\"summary_large_image\" \/>\n<meta name=\"twitter:creator\" content=\"@ppdegalicia\" \/>\n<meta name=\"twitter:site\" content=\"@ppdegalicia\" \/>\n<meta name=\"twitter:label1\" content=\"Escrito por\" \/>\n\t<meta name=\"twitter:data1\" content=\"ppdegaliciaredes\" \/>\n\t<meta name=\"twitter:label2\" content=\"Tiempo de lectura\" \/>\n\t<meta name=\"twitter:data2\" content=\"7 minutos\" \/>\n<script type=\"application\/ld+json\" class=\"yoast-schema-graph\">{\"@context\":\"https:\\\/\\\/schema.org\",\"@graph\":[{\"@type\":\"Article\",\"@id\":\"https:\\\/\\\/ppdegalicia.com\\\/es\\\/o-ppdeg-contrapon-o-modelo-de-coidados-desde-o-berce-ata-o-baston-do-goberno-galego-fronte-ao-modelo-privatizador-do-psoe-e-o-bng\\\/#article\",\"isPartOf\":{\"@id\":\"https:\\\/\\\/ppdegalicia.com\\\/es\\\/o-ppdeg-contrapon-o-modelo-de-coidados-desde-o-berce-ata-o-baston-do-goberno-galego-fronte-ao-modelo-privatizador-do-psoe-e-o-bng\\\/\"},\"author\":{\"name\":\"ppdegaliciaredes\",\"@id\":\"https:\\\/\\\/ppdegalicia.com\\\/es\\\/#\\\/schema\\\/person\\\/5b822c6f59e872ebdd1142f307dbcb59\"},\"headline\":\"O PPdeG contrap\u00f3n o modelo de coidados \u201cdesde o berce ata o bast\u00f3n\u201d do Goberno galego fronte ao \u201cmodelo privatizador\u201d do PSOE e o BNG\",\"datePublished\":\"2025-07-16T12:40:33+00:00\",\"mainEntityOfPage\":{\"@id\":\"https:\\\/\\\/ppdegalicia.com\\\/es\\\/o-ppdeg-contrapon-o-modelo-de-coidados-desde-o-berce-ata-o-baston-do-goberno-galego-fronte-ao-modelo-privatizador-do-psoe-e-o-bng\\\/\"},\"wordCount\":1362,\"publisher\":{\"@id\":\"https:\\\/\\\/ppdegalicia.com\\\/es\\\/#organization\"},\"image\":{\"@id\":\"https:\\\/\\\/ppdegalicia.com\\\/es\\\/o-ppdeg-contrapon-o-modelo-de-coidados-desde-o-berce-ata-o-baston-do-goberno-galego-fronte-ao-modelo-privatizador-do-psoe-e-o-bng\\\/#primaryimage\"},\"thumbnailUrl\":\"https:\\\/\\\/ppdegalicia.com\\\/wp-content\\\/uploads\\\/2025\\\/07\\\/20250716_PPrado_Becerrea_2-min-scaled.jpg\",\"articleSection\":[\"PP de Galicia\"],\"inLanguage\":\"es\"},{\"@type\":\"WebPage\",\"@id\":\"https:\\\/\\\/ppdegalicia.com\\\/es\\\/o-ppdeg-contrapon-o-modelo-de-coidados-desde-o-berce-ata-o-baston-do-goberno-galego-fronte-ao-modelo-privatizador-do-psoe-e-o-bng\\\/\",\"url\":\"https:\\\/\\\/ppdegalicia.com\\\/es\\\/o-ppdeg-contrapon-o-modelo-de-coidados-desde-o-berce-ata-o-baston-do-goberno-galego-fronte-ao-modelo-privatizador-do-psoe-e-o-bng\\\/\",\"name\":\"O PPdeG contrap\u00f3n o modelo de coidados \u201cdesde o berce ata o bast\u00f3n\u201d do Goberno galego fronte ao \u201cmodelo privatizador\u201d do PSOE e o BNG - PP de Galicia\",\"isPartOf\":{\"@id\":\"https:\\\/\\\/ppdegalicia.com\\\/es\\\/#website\"},\"primaryImageOfPage\":{\"@id\":\"https:\\\/\\\/ppdegalicia.com\\\/es\\\/o-ppdeg-contrapon-o-modelo-de-coidados-desde-o-berce-ata-o-baston-do-goberno-galego-fronte-ao-modelo-privatizador-do-psoe-e-o-bng\\\/#primaryimage\"},\"image\":{\"@id\":\"https:\\\/\\\/ppdegalicia.com\\\/es\\\/o-ppdeg-contrapon-o-modelo-de-coidados-desde-o-berce-ata-o-baston-do-goberno-galego-fronte-ao-modelo-privatizador-do-psoe-e-o-bng\\\/#primaryimage\"},\"thumbnailUrl\":\"https:\\\/\\\/ppdegalicia.com\\\/wp-content\\\/uploads\\\/2025\\\/07\\\/20250716_PPrado_Becerrea_2-min-scaled.jpg\",\"datePublished\":\"2025-07-16T12:40:33+00:00\",\"description\":\"O Partido Popular de Galicia contrap\u00f3n o modelo de coidados \u201cdesde o berce ata o bast\u00f3n\u201d impulsado con \u00e9xito polo Goberno galego desde hai anos fronte ao \u201cmodelo privatizador\u201d que levan a cabo o PSOE e o BNG nas deputaci\u00f3ns provinciais e nos concellos onde gobernan.\",\"breadcrumb\":{\"@id\":\"https:\\\/\\\/ppdegalicia.com\\\/es\\\/o-ppdeg-contrapon-o-modelo-de-coidados-desde-o-berce-ata-o-baston-do-goberno-galego-fronte-ao-modelo-privatizador-do-psoe-e-o-bng\\\/#breadcrumb\"},\"inLanguage\":\"es\",\"potentialAction\":[{\"@type\":\"ReadAction\",\"target\":[\"https:\\\/\\\/ppdegalicia.com\\\/es\\\/o-ppdeg-contrapon-o-modelo-de-coidados-desde-o-berce-ata-o-baston-do-goberno-galego-fronte-ao-modelo-privatizador-do-psoe-e-o-bng\\\/\"]}]},{\"@type\":\"ImageObject\",\"inLanguage\":\"es\",\"@id\":\"https:\\\/\\\/ppdegalicia.com\\\/es\\\/o-ppdeg-contrapon-o-modelo-de-coidados-desde-o-berce-ata-o-baston-do-goberno-galego-fronte-ao-modelo-privatizador-do-psoe-e-o-bng\\\/#primaryimage\",\"url\":\"https:\\\/\\\/ppdegalicia.com\\\/wp-content\\\/uploads\\\/2025\\\/07\\\/20250716_PPrado_Becerrea_2-min-scaled.jpg\",\"contentUrl\":\"https:\\\/\\\/ppdegalicia.com\\\/wp-content\\\/uploads\\\/2025\\\/07\\\/20250716_PPrado_Becerrea_2-min-scaled.jpg\",\"width\":2560,\"height\":1707},{\"@type\":\"BreadcrumbList\",\"@id\":\"https:\\\/\\\/ppdegalicia.com\\\/es\\\/o-ppdeg-contrapon-o-modelo-de-coidados-desde-o-berce-ata-o-baston-do-goberno-galego-fronte-ao-modelo-privatizador-do-psoe-e-o-bng\\\/#breadcrumb\",\"itemListElement\":[{\"@type\":\"ListItem\",\"position\":1,\"name\":\"Portada\",\"item\":\"https:\\\/\\\/ppdegalicia.com\\\/es\\\/\"},{\"@type\":\"ListItem\",\"position\":2,\"name\":\"O PPdeG contrap\u00f3n o modelo de coidados \u201cdesde o berce ata o bast\u00f3n\u201d do Goberno galego fronte ao \u201cmodelo privatizador\u201d do PSOE e o BNG\"}]},{\"@type\":\"WebSite\",\"@id\":\"https:\\\/\\\/ppdegalicia.com\\\/es\\\/#website\",\"url\":\"https:\\\/\\\/ppdegalicia.com\\\/es\\\/\",\"name\":\"Partido Popular de Galicia\",\"description\":\"Partido Popular de Galicia\",\"publisher\":{\"@id\":\"https:\\\/\\\/ppdegalicia.com\\\/es\\\/#organization\"},\"alternateName\":\"PP de Galicia\",\"potentialAction\":[{\"@type\":\"SearchAction\",\"target\":{\"@type\":\"EntryPoint\",\"urlTemplate\":\"https:\\\/\\\/ppdegalicia.com\\\/es\\\/?s={search_term_string}\"},\"query-input\":{\"@type\":\"PropertyValueSpecification\",\"valueRequired\":true,\"valueName\":\"search_term_string\"}}],\"inLanguage\":\"es\"},{\"@type\":\"Organization\",\"@id\":\"https:\\\/\\\/ppdegalicia.com\\\/es\\\/#organization\",\"name\":\"Partido Popular de Galicia\",\"alternateName\":\"PP de Galicia\",\"url\":\"https:\\\/\\\/ppdegalicia.com\\\/es\\\/\",\"logo\":{\"@type\":\"ImageObject\",\"inLanguage\":\"es\",\"@id\":\"https:\\\/\\\/ppdegalicia.com\\\/es\\\/#\\\/schema\\\/logo\\\/image\\\/\",\"url\":\"https:\\\/\\\/ppdegalicia.com\\\/wp-content\\\/uploads\\\/2023\\\/04\\\/logoPP512.png\",\"contentUrl\":\"https:\\\/\\\/ppdegalicia.com\\\/wp-content\\\/uploads\\\/2023\\\/04\\\/logoPP512.png\",\"width\":512,\"height\":512,\"caption\":\"Partido Popular de Galicia\"},\"image\":{\"@id\":\"https:\\\/\\\/ppdegalicia.com\\\/es\\\/#\\\/schema\\\/logo\\\/image\\\/\"},\"sameAs\":[\"https:\\\/\\\/www.instagram.com\\\/ppdegalicia\\\/\",\"https:\\\/\\\/x.com\\\/ppdegalicia\",\"https:\\\/\\\/www.tiktok.com\\\/@ppdegalicia\",\"https:\\\/\\\/www.youtube.com\\\/user\\\/ppdegalicia\"]},{\"@type\":\"Person\",\"@id\":\"https:\\\/\\\/ppdegalicia.com\\\/es\\\/#\\\/schema\\\/person\\\/5b822c6f59e872ebdd1142f307dbcb59\",\"name\":\"ppdegaliciaredes\",\"image\":{\"@type\":\"ImageObject\",\"inLanguage\":\"es\",\"@id\":\"https:\\\/\\\/secure.gravatar.com\\\/avatar\\\/3c9179cf0256d00c72a48d1f25783c58b6842cd56e85ef3a572881c8e28ccd59?s=96&d=mm&r=g\",\"url\":\"https:\\\/\\\/secure.gravatar.com\\\/avatar\\\/3c9179cf0256d00c72a48d1f25783c58b6842cd56e85ef3a572881c8e28ccd59?s=96&d=mm&r=g\",\"contentUrl\":\"https:\\\/\\\/secure.gravatar.com\\\/avatar\\\/3c9179cf0256d00c72a48d1f25783c58b6842cd56e85ef3a572881c8e28ccd59?s=96&d=mm&r=g\",\"caption\":\"ppdegaliciaredes\"},\"url\":\"https:\\\/\\\/ppdegalicia.com\\\/es\\\/author\\\/ppdegaliciaredes\\\/\"}]}<\/script>\n<!-- \/ Yoast SEO plugin. -->","yoast_head_json":{"title":"O PPdeG contrap\u00f3n o modelo de coidados \u201cdesde o berce ata o bast\u00f3n\u201d do Goberno galego fronte ao \u201cmodelo privatizador\u201d do PSOE e o BNG - PP de Galicia","description":"O Partido Popular de Galicia contrap\u00f3n o modelo de coidados \u201cdesde o berce ata o bast\u00f3n\u201d impulsado con \u00e9xito polo Goberno galego desde hai anos fronte ao \u201cmodelo privatizador\u201d que levan a cabo o PSOE e o BNG nas deputaci\u00f3ns provinciais e nos concellos onde gobernan.","robots":{"index":"index","follow":"follow","max-snippet":"max-snippet:-1","max-image-preview":"max-image-preview:large","max-video-preview":"max-video-preview:-1"},"canonical":"https:\/\/ppdegalicia.com\/es\/o-ppdeg-contrapon-o-modelo-de-coidados-desde-o-berce-ata-o-baston-do-goberno-galego-fronte-ao-modelo-privatizador-do-psoe-e-o-bng\/","og_locale":"es_ES","og_type":"article","og_title":"O PPdeG contrap\u00f3n o modelo de coidados \u201cdesde o berce ata o bast\u00f3n\u201d do Goberno galego fronte ao \u201cmodelo privatizador\u201d do PSOE e o BNG - PP de Galicia","og_description":"O Partido Popular de Galicia contrap\u00f3n o modelo de coidados \u201cdesde o berce ata o bast\u00f3n\u201d impulsado con \u00e9xito polo Goberno galego desde hai anos fronte ao \u201cmodelo privatizador\u201d que levan a cabo o PSOE e o BNG nas deputaci\u00f3ns provinciais e nos concellos onde gobernan.","og_url":"https:\/\/ppdegalicia.com\/es\/o-ppdeg-contrapon-o-modelo-de-coidados-desde-o-berce-ata-o-baston-do-goberno-galego-fronte-ao-modelo-privatizador-do-psoe-e-o-bng\/","og_site_name":"PP de Galicia","article_publisher":"https:\/\/www.instagram.com\/ppdegalicia\/","article_published_time":"2025-07-16T12:40:33+00:00","og_image":[{"width":2560,"height":1707,"url":"https:\/\/ppdegalicia.com\/wp-content\/uploads\/2025\/07\/20250716_PPrado_Becerrea_2-min-scaled.jpg","type":"image\/jpeg"}],"author":"ppdegaliciaredes","twitter_card":"summary_large_image","twitter_creator":"@ppdegalicia","twitter_site":"@ppdegalicia","twitter_misc":{"Escrito por":"ppdegaliciaredes","Tiempo de lectura":"7 minutos"},"schema":{"@context":"https:\/\/schema.org","@graph":[{"@type":"Article","@id":"https:\/\/ppdegalicia.com\/es\/o-ppdeg-contrapon-o-modelo-de-coidados-desde-o-berce-ata-o-baston-do-goberno-galego-fronte-ao-modelo-privatizador-do-psoe-e-o-bng\/#article","isPartOf":{"@id":"https:\/\/ppdegalicia.com\/es\/o-ppdeg-contrapon-o-modelo-de-coidados-desde-o-berce-ata-o-baston-do-goberno-galego-fronte-ao-modelo-privatizador-do-psoe-e-o-bng\/"},"author":{"name":"ppdegaliciaredes","@id":"https:\/\/ppdegalicia.com\/es\/#\/schema\/person\/5b822c6f59e872ebdd1142f307dbcb59"},"headline":"O PPdeG contrap\u00f3n o modelo de coidados \u201cdesde o berce ata o bast\u00f3n\u201d do Goberno galego fronte ao \u201cmodelo privatizador\u201d do PSOE e o BNG","datePublished":"2025-07-16T12:40:33+00:00","mainEntityOfPage":{"@id":"https:\/\/ppdegalicia.com\/es\/o-ppdeg-contrapon-o-modelo-de-coidados-desde-o-berce-ata-o-baston-do-goberno-galego-fronte-ao-modelo-privatizador-do-psoe-e-o-bng\/"},"wordCount":1362,"publisher":{"@id":"https:\/\/ppdegalicia.com\/es\/#organization"},"image":{"@id":"https:\/\/ppdegalicia.com\/es\/o-ppdeg-contrapon-o-modelo-de-coidados-desde-o-berce-ata-o-baston-do-goberno-galego-fronte-ao-modelo-privatizador-do-psoe-e-o-bng\/#primaryimage"},"thumbnailUrl":"https:\/\/ppdegalicia.com\/wp-content\/uploads\/2025\/07\/20250716_PPrado_Becerrea_2-min-scaled.jpg","articleSection":["PP de Galicia"],"inLanguage":"es"},{"@type":"WebPage","@id":"https:\/\/ppdegalicia.com\/es\/o-ppdeg-contrapon-o-modelo-de-coidados-desde-o-berce-ata-o-baston-do-goberno-galego-fronte-ao-modelo-privatizador-do-psoe-e-o-bng\/","url":"https:\/\/ppdegalicia.com\/es\/o-ppdeg-contrapon-o-modelo-de-coidados-desde-o-berce-ata-o-baston-do-goberno-galego-fronte-ao-modelo-privatizador-do-psoe-e-o-bng\/","name":"O PPdeG contrap\u00f3n o modelo de coidados \u201cdesde o berce ata o bast\u00f3n\u201d do Goberno galego fronte ao \u201cmodelo privatizador\u201d do PSOE e o BNG - PP de Galicia","isPartOf":{"@id":"https:\/\/ppdegalicia.com\/es\/#website"},"primaryImageOfPage":{"@id":"https:\/\/ppdegalicia.com\/es\/o-ppdeg-contrapon-o-modelo-de-coidados-desde-o-berce-ata-o-baston-do-goberno-galego-fronte-ao-modelo-privatizador-do-psoe-e-o-bng\/#primaryimage"},"image":{"@id":"https:\/\/ppdegalicia.com\/es\/o-ppdeg-contrapon-o-modelo-de-coidados-desde-o-berce-ata-o-baston-do-goberno-galego-fronte-ao-modelo-privatizador-do-psoe-e-o-bng\/#primaryimage"},"thumbnailUrl":"https:\/\/ppdegalicia.com\/wp-content\/uploads\/2025\/07\/20250716_PPrado_Becerrea_2-min-scaled.jpg","datePublished":"2025-07-16T12:40:33+00:00","description":"O Partido Popular de Galicia contrap\u00f3n o modelo de coidados \u201cdesde o berce ata o bast\u00f3n\u201d impulsado con \u00e9xito polo Goberno galego desde hai anos fronte ao \u201cmodelo privatizador\u201d que levan a cabo o PSOE e o BNG nas deputaci\u00f3ns provinciais e nos concellos onde gobernan.","breadcrumb":{"@id":"https:\/\/ppdegalicia.com\/es\/o-ppdeg-contrapon-o-modelo-de-coidados-desde-o-berce-ata-o-baston-do-goberno-galego-fronte-ao-modelo-privatizador-do-psoe-e-o-bng\/#breadcrumb"},"inLanguage":"es","potentialAction":[{"@type":"ReadAction","target":["https:\/\/ppdegalicia.com\/es\/o-ppdeg-contrapon-o-modelo-de-coidados-desde-o-berce-ata-o-baston-do-goberno-galego-fronte-ao-modelo-privatizador-do-psoe-e-o-bng\/"]}]},{"@type":"ImageObject","inLanguage":"es","@id":"https:\/\/ppdegalicia.com\/es\/o-ppdeg-contrapon-o-modelo-de-coidados-desde-o-berce-ata-o-baston-do-goberno-galego-fronte-ao-modelo-privatizador-do-psoe-e-o-bng\/#primaryimage","url":"https:\/\/ppdegalicia.com\/wp-content\/uploads\/2025\/07\/20250716_PPrado_Becerrea_2-min-scaled.jpg","contentUrl":"https:\/\/ppdegalicia.com\/wp-content\/uploads\/2025\/07\/20250716_PPrado_Becerrea_2-min-scaled.jpg","width":2560,"height":1707},{"@type":"BreadcrumbList","@id":"https:\/\/ppdegalicia.com\/es\/o-ppdeg-contrapon-o-modelo-de-coidados-desde-o-berce-ata-o-baston-do-goberno-galego-fronte-ao-modelo-privatizador-do-psoe-e-o-bng\/#breadcrumb","itemListElement":[{"@type":"ListItem","position":1,"name":"Portada","item":"https:\/\/ppdegalicia.com\/es\/"},{"@type":"ListItem","position":2,"name":"O PPdeG contrap\u00f3n o modelo de coidados \u201cdesde o berce ata o bast\u00f3n\u201d do Goberno galego fronte ao \u201cmodelo privatizador\u201d do PSOE e o BNG"}]},{"@type":"WebSite","@id":"https:\/\/ppdegalicia.com\/es\/#website","url":"https:\/\/ppdegalicia.com\/es\/","name":"Partido Popular de Galicia","description":"Partido Popular de Galicia","publisher":{"@id":"https:\/\/ppdegalicia.com\/es\/#organization"},"alternateName":"PP de Galicia","potentialAction":[{"@type":"SearchAction","target":{"@type":"EntryPoint","urlTemplate":"https:\/\/ppdegalicia.com\/es\/?s={search_term_string}"},"query-input":{"@type":"PropertyValueSpecification","valueRequired":true,"valueName":"search_term_string"}}],"inLanguage":"es"},{"@type":"Organization","@id":"https:\/\/ppdegalicia.com\/es\/#organization","name":"Partido Popular de Galicia","alternateName":"PP de Galicia","url":"https:\/\/ppdegalicia.com\/es\/","logo":{"@type":"ImageObject","inLanguage":"es","@id":"https:\/\/ppdegalicia.com\/es\/#\/schema\/logo\/image\/","url":"https:\/\/ppdegalicia.com\/wp-content\/uploads\/2023\/04\/logoPP512.png","contentUrl":"https:\/\/ppdegalicia.com\/wp-content\/uploads\/2023\/04\/logoPP512.png","width":512,"height":512,"caption":"Partido Popular de Galicia"},"image":{"@id":"https:\/\/ppdegalicia.com\/es\/#\/schema\/logo\/image\/"},"sameAs":["https:\/\/www.instagram.com\/ppdegalicia\/","https:\/\/x.com\/ppdegalicia","https:\/\/www.tiktok.com\/@ppdegalicia","https:\/\/www.youtube.com\/user\/ppdegalicia"]},{"@type":"Person","@id":"https:\/\/ppdegalicia.com\/es\/#\/schema\/person\/5b822c6f59e872ebdd1142f307dbcb59","name":"ppdegaliciaredes","image":{"@type":"ImageObject","inLanguage":"es","@id":"https:\/\/secure.gravatar.com\/avatar\/3c9179cf0256d00c72a48d1f25783c58b6842cd56e85ef3a572881c8e28ccd59?s=96&d=mm&r=g","url":"https:\/\/secure.gravatar.com\/avatar\/3c9179cf0256d00c72a48d1f25783c58b6842cd56e85ef3a572881c8e28ccd59?s=96&d=mm&r=g","contentUrl":"https:\/\/secure.gravatar.com\/avatar\/3c9179cf0256d00c72a48d1f25783c58b6842cd56e85ef3a572881c8e28ccd59?s=96&d=mm&r=g","caption":"ppdegaliciaredes"},"url":"https:\/\/ppdegalicia.com\/es\/author\/ppdegaliciaredes\/"}]}},"_links":{"self":[{"href":"https:\/\/ppdegalicia.com\/es\/wp-json\/wp\/v2\/posts\/67778","targetHints":{"allow":["GET"]}}],"collection":[{"href":"https:\/\/ppdegalicia.com\/es\/wp-json\/wp\/v2\/posts"}],"about":[{"href":"https:\/\/ppdegalicia.com\/es\/wp-json\/wp\/v2\/types\/post"}],"author":[{"embeddable":true,"href":"https:\/\/ppdegalicia.com\/es\/wp-json\/wp\/v2\/users\/38"}],"replies":[{"embeddable":true,"href":"https:\/\/ppdegalicia.com\/es\/wp-json\/wp\/v2\/comments?post=67778"}],"version-history":[{"count":1,"href":"https:\/\/ppdegalicia.com\/es\/wp-json\/wp\/v2\/posts\/67778\/revisions"}],"predecessor-version":[{"id":67781,"href":"https:\/\/ppdegalicia.com\/es\/wp-json\/wp\/v2\/posts\/67778\/revisions\/67781"}],"wp:featuredmedia":[{"embeddable":true,"href":"https:\/\/ppdegalicia.com\/es\/wp-json\/wp\/v2\/media\/67779"}],"wp:attachment":[{"href":"https:\/\/ppdegalicia.com\/es\/wp-json\/wp\/v2\/media?parent=67778"}],"wp:term":[{"taxonomy":"category","embeddable":true,"href":"https:\/\/ppdegalicia.com\/es\/wp-json\/wp\/v2\/categories?post=67778"},{"taxonomy":"post_tag","embeddable":true,"href":"https:\/\/ppdegalicia.com\/es\/wp-json\/wp\/v2\/tags?post=67778"}],"curies":[{"name":"wp","href":"https:\/\/api.w.org\/{rel}","templated":true}]}}