{"id":67795,"date":"2025-07-18T20:41:29","date_gmt":"2025-07-18T19:41:29","guid":{"rendered":"https:\/\/ppdegalicia.com\/?p=67795"},"modified":"2025-07-21T21:04:24","modified_gmt":"2025-07-21T20:04:24","slug":"alberto-pazos-pide-ao-goberno-central-que-repona-as-frecuencias-e-horarios-das-paradas-do-ave-na-estacion-da-gudina-para-que-volva-a-ser-unha-estacion-de-portas-abertas","status":"publish","type":"post","link":"https:\/\/ppdegalicia.com\/es\/alberto-pazos-pide-ao-goberno-central-que-repona-as-frecuencias-e-horarios-das-paradas-do-ave-na-estacion-da-gudina-para-que-volva-a-ser-unha-estacion-de-portas-abertas\/","title":{"rendered":"Alberto Pazos pide ao Goberno central que repo\u00f1a as frecuencias e horarios das paradas do AVE na estaci\u00f3n da Gudi\u00f1a, para que \u201cvolva a ser unha estaci\u00f3n de portas abertas\u201d"},"content":{"rendered":"<p>O portavoz do Grupo Popular, Alberto Pazos, demandou hoxe na Gudi\u00f1a que o Goberno de Pedro S\u00e1nchez \u201crectifique a s\u00faa decisi\u00f3n de eliminar frecuencias e horarios das paradas do AVE na estaci\u00f3n Porta de Galicia\u201d, de xeito que \u201cvolva ser unha estaci\u00f3n de portas abertas e os veci\u00f1os destas comarcas gocen dos servizos de transporte que se merecen\u201d. Os deputados populares mantiveron posteriormente un encontro con representantes da Plataforma Dereito ao Tren, con quen analizaron a situaci\u00f3n actual dos servizos ferroviarios e escoitaron as s\u00faas propostas e actuaci\u00f3n.<\/p>\n<p>Nun acto celebrado \u00e1s portas da estaci\u00f3n do AVE da Gudi\u00f1a, xunto coa secretaria xeral do PPdeG, deputados do Grupo Popular pola provincia de Ourense, alcaldes e voceiros do Partido Popular das comarcas afectadas, Alberto Pazos considerou \u201cinxusta\u201d a decisi\u00f3n adoptada polo Goberno central de suprimir horarios e frecuencias dos trens AVE nesta estaci\u00f3n, \u201cque est\u00e1 levando a unha serie de consecuencias graves para os veci\u00f1os destas comarcas\u201d.<\/p>\n<p><strong>OS VECI\u00d1OS DESTAS COMARCAS NON PODEN SER PERDEDORES<\/strong><\/p>\n<p>En referencia \u00e1 resposta dada esta semana polo Ministerio de Transportes a unha pregunta formulada polo deputado popular Celso Delgado, Alberto Pazos sinalou que \u201cnon se trata de ganadores nin perdedores con esta decisi\u00f3n de suprimir frecuencias e horarios na Gudi\u00f1a, porque non creemos que o futuro dunha comarca se poida valorar en termos m\u00e1is dunha t\u00f3mbola que dun goberno, polo que pedimos que o Goberno de Pedro S\u00e1nchez reconsidere a s\u00faa decisi\u00f3n para que os veci\u00f1os desta comarca non perdan\u201d. \u201cNon estamos dispostos a que os cidad\u00e1ns desta comarca se vexan como perdedores dunha decisi\u00f3n que se tomou nun despacho en Madrid sen ter en conta as necesidades reais das persoas que viven aqu\u00ed\u201d, apuntou.<\/p>\n<p>\u201cOurense e o seu interior te\u00f1en futuro e o \u00fanico que precisan son decisi\u00f3ns que apoien \u00e1 s\u00faa xente para que facilitarlles que poidan seguir vivindo aqu\u00ed\u201d, dixo o portavoz popular. Por este motivo, demandou ao Goberno de Espa\u00f1a \u201csensibilidade, xustiza e que se atendan as xustas reivindicaci\u00f3ns de persoas que o \u00fanico que queren \u00e9 que os seus fillos poidan desenvolver o seu futuro no lugar onde naceron\u201d.<\/p>\n<p>Deste xeito, avanzou que \u201ctanto o PPdeG como o Grupo Parlamentario vai adoptar todas as decisi\u00f3ns que sexan necesarias ata que esta situaci\u00f3n se reverta e volvamos ter os horarios e as frecuencias que se merecen estas comarcas\u201d. \u201cNon estamos pedindo nada que non lles corresponda en xustiza, polo que esperamos que antes ou despois consigamos que esta estaci\u00f3n de Porta de Galicia sexa unha estaci\u00f3n de portas abertas\u201d, rematou.<\/p>\n<p><strong>MIGUEL SANTALICES E V\u00cdCTOR BALADR\u00d3N<\/strong><\/p>\n<p>Pola s\u00faa banda, o Presidente do Parlamento de Galicia, Miguel Santalices, avogou por \u201cfrear este atropelo \u00e1 provincia de Ourense, unha provincia que loita por asentar a s\u00faa poboaci\u00f3n no rural\u201d. \u201cSe est\u00e1n po\u00f1endo moitas desculpas sobre unha negociaci\u00f3n a escondidas levada a cabo entre o ministro Puente e o alcalde de Vigo\u201d, manifestou, para asegurar que \u201ca cidadan\u00eda de Vigo non respaldar\u00eda que unha provincia tan querida como \u00e9 Ourense, recordemos que en Vigo viven 90.000 ourens\u00e1n, este atropelo\u201d.<\/p>\n<p>Pola s\u00faa banda, o deputado de Ver\u00edn, V\u00edctor Baladr\u00f3n, lembrou que m\u00e1is de 52.000 usuarios pasaron pola estaci\u00f3n da Gudi\u00f1a o pasado ano, polo que lamentou que \u201cti\u00f1amos unha estaci\u00f3n viva e pasou a ser unha estaci\u00f3n morta\u201d.<\/p>\n","protected":false},"excerpt":{"rendered":"<p>O portavoz do Grupo Popular, Alberto Pazos, demandou hoxe na Gudi\u00f1a que o Goberno de Pedro S\u00e1nchez \u201crectifique a s\u00faa decisi\u00f3n de eliminar frecuencias e horarios das paradas do AVE na estaci\u00f3n Porta de Galicia\u201d, de xeito que \u201cvolva ser unha estaci\u00f3n de portas abertas e os veci\u00f1os destas comarcas gocen dos servizos de transporte [&hellip;]<\/p>\n","protected":false},"author":38,"featured_media":67796,"comment_status":"closed","ping_status":"open","sticky":false,"template":"","format":"standard","meta":{"_acf_changed":false,"footnotes":""},"categories":[1128],"tags":[],"class_list":["post-67795","post","type-post","status-publish","format-standard","has-post-thumbnail","hentry","category-actualidad-parlamento-de-galicia"],"acf":[],"yoast_head":"<!-- This site is optimized with the Yoast SEO plugin v27.3 - https:\/\/yoast.com\/product\/yoast-seo-wordpress\/ -->\n<title>Alberto Pazos pide ao Goberno central que repo\u00f1a as frecuencias e horarios das paradas do AVE na estaci\u00f3n da Gudi\u00f1a, para que \u201cvolva a ser unha estaci\u00f3n de portas abertas\u201d - PP de Galicia<\/title>\n<meta name=\"description\" content=\"O portavoz do Grupo Popular, Alberto Pazos, demandou hoxe na Gudi\u00f1a que o Goberno de Pedro S\u00e1nchez \u201crectifique a s\u00faa decisi\u00f3n de eliminar frecuencias e horarios das paradas do AVE na estaci\u00f3n Porta de Galicia\u201d, de xeito que \u201cvolva ser unha estaci\u00f3n de portas abertas e os veci\u00f1os destas comarcas gocen dos servizos de transporte que se merecen\u201d. Os deputados populares mantiveron posteriormente un encontro con representantes da Plataforma Dereito ao Tren, con quen analizaron a situaci\u00f3n actual dos servizos ferroviarios e escoitaron as s\u00faas propostas e actuaci\u00f3n.\" \/>\n<meta name=\"robots\" content=\"index, follow, max-snippet:-1, max-image-preview:large, max-video-preview:-1\" \/>\n<link rel=\"canonical\" href=\"https:\/\/ppdegalicia.com\/es\/alberto-pazos-pide-ao-goberno-central-que-repona-as-frecuencias-e-horarios-das-paradas-do-ave-na-estacion-da-gudina-para-que-volva-a-ser-unha-estacion-de-portas-abertas\/\" \/>\n<meta property=\"og:locale\" content=\"es_ES\" \/>\n<meta property=\"og:type\" content=\"article\" \/>\n<meta property=\"og:title\" content=\"Alberto Pazos pide ao Goberno central que repo\u00f1a as frecuencias e horarios das paradas do AVE na estaci\u00f3n da Gudi\u00f1a, para que \u201cvolva a ser unha estaci\u00f3n de portas abertas\u201d - PP de Galicia\" \/>\n<meta property=\"og:description\" content=\"O portavoz do Grupo Popular, Alberto Pazos, demandou hoxe na Gudi\u00f1a que o Goberno de Pedro S\u00e1nchez \u201crectifique a s\u00faa decisi\u00f3n de eliminar frecuencias e horarios das paradas do AVE na estaci\u00f3n Porta de Galicia\u201d, de xeito que \u201cvolva ser unha estaci\u00f3n de portas abertas e os veci\u00f1os destas comarcas gocen dos servizos de transporte que se merecen\u201d. Os deputados populares mantiveron posteriormente un encontro con representantes da Plataforma Dereito ao Tren, con quen analizaron a situaci\u00f3n actual dos servizos ferroviarios e escoitaron as s\u00faas propostas e actuaci\u00f3n.\" \/>\n<meta property=\"og:url\" content=\"https:\/\/ppdegalicia.com\/es\/alberto-pazos-pide-ao-goberno-central-que-repona-as-frecuencias-e-horarios-das-paradas-do-ave-na-estacion-da-gudina-para-que-volva-a-ser-unha-estacion-de-portas-abertas\/\" \/>\n<meta property=\"og:site_name\" content=\"PP de Galicia\" \/>\n<meta property=\"article:publisher\" content=\"https:\/\/www.instagram.com\/ppdegalicia\/\" \/>\n<meta property=\"article:published_time\" content=\"2025-07-18T19:41:29+00:00\" \/>\n<meta property=\"article:modified_time\" content=\"2025-07-21T20:04:24+00:00\" \/>\n<meta property=\"og:image\" content=\"https:\/\/ppdegalicia.com\/wp-content\/uploads\/2025\/07\/20250718_APazos_TrenAGudina26-scaled.jpg\" \/>\n\t<meta property=\"og:image:width\" content=\"2560\" \/>\n\t<meta property=\"og:image:height\" content=\"1707\" \/>\n\t<meta property=\"og:image:type\" content=\"image\/jpeg\" \/>\n<meta name=\"author\" content=\"ppdegaliciaredes\" \/>\n<meta name=\"twitter:card\" content=\"summary_large_image\" \/>\n<meta name=\"twitter:creator\" content=\"@ppdegalicia\" \/>\n<meta name=\"twitter:site\" content=\"@ppdegalicia\" \/>\n<meta name=\"twitter:label1\" content=\"Escrito por\" \/>\n\t<meta name=\"twitter:data1\" content=\"ppdegaliciaredes\" \/>\n\t<meta name=\"twitter:label2\" content=\"Tiempo de lectura\" \/>\n\t<meta name=\"twitter:data2\" content=\"4 minutos\" \/>\n<script type=\"application\/ld+json\" class=\"yoast-schema-graph\">{\"@context\":\"https:\\\/\\\/schema.org\",\"@graph\":[{\"@type\":\"Article\",\"@id\":\"https:\\\/\\\/ppdegalicia.com\\\/es\\\/alberto-pazos-pide-ao-goberno-central-que-repona-as-frecuencias-e-horarios-das-paradas-do-ave-na-estacion-da-gudina-para-que-volva-a-ser-unha-estacion-de-portas-abertas\\\/#article\",\"isPartOf\":{\"@id\":\"https:\\\/\\\/ppdegalicia.com\\\/es\\\/alberto-pazos-pide-ao-goberno-central-que-repona-as-frecuencias-e-horarios-das-paradas-do-ave-na-estacion-da-gudina-para-que-volva-a-ser-unha-estacion-de-portas-abertas\\\/\"},\"author\":{\"name\":\"ppdegaliciaredes\",\"@id\":\"https:\\\/\\\/ppdegalicia.com\\\/es\\\/#\\\/schema\\\/person\\\/5b822c6f59e872ebdd1142f307dbcb59\"},\"headline\":\"Alberto Pazos pide ao Goberno central que repo\u00f1a as frecuencias e horarios das paradas do AVE na estaci\u00f3n da Gudi\u00f1a, para que \u201cvolva a ser unha estaci\u00f3n de portas abertas\u201d\",\"datePublished\":\"2025-07-18T19:41:29+00:00\",\"dateModified\":\"2025-07-21T20:04:24+00:00\",\"mainEntityOfPage\":{\"@id\":\"https:\\\/\\\/ppdegalicia.com\\\/es\\\/alberto-pazos-pide-ao-goberno-central-que-repona-as-frecuencias-e-horarios-das-paradas-do-ave-na-estacion-da-gudina-para-que-volva-a-ser-unha-estacion-de-portas-abertas\\\/\"},\"wordCount\":625,\"publisher\":{\"@id\":\"https:\\\/\\\/ppdegalicia.com\\\/es\\\/#organization\"},\"image\":{\"@id\":\"https:\\\/\\\/ppdegalicia.com\\\/es\\\/alberto-pazos-pide-ao-goberno-central-que-repona-as-frecuencias-e-horarios-das-paradas-do-ave-na-estacion-da-gudina-para-que-volva-a-ser-unha-estacion-de-portas-abertas\\\/#primaryimage\"},\"thumbnailUrl\":\"https:\\\/\\\/ppdegalicia.com\\\/wp-content\\\/uploads\\\/2025\\\/07\\\/20250718_APazos_TrenAGudina26-scaled.jpg\",\"articleSection\":[\"Parlamento de Galicia\"],\"inLanguage\":\"es\"},{\"@type\":\"WebPage\",\"@id\":\"https:\\\/\\\/ppdegalicia.com\\\/es\\\/alberto-pazos-pide-ao-goberno-central-que-repona-as-frecuencias-e-horarios-das-paradas-do-ave-na-estacion-da-gudina-para-que-volva-a-ser-unha-estacion-de-portas-abertas\\\/\",\"url\":\"https:\\\/\\\/ppdegalicia.com\\\/es\\\/alberto-pazos-pide-ao-goberno-central-que-repona-as-frecuencias-e-horarios-das-paradas-do-ave-na-estacion-da-gudina-para-que-volva-a-ser-unha-estacion-de-portas-abertas\\\/\",\"name\":\"Alberto Pazos pide ao Goberno central que repo\u00f1a as frecuencias e horarios das paradas do AVE na estaci\u00f3n da Gudi\u00f1a, para que \u201cvolva a ser unha estaci\u00f3n de portas abertas\u201d - PP de Galicia\",\"isPartOf\":{\"@id\":\"https:\\\/\\\/ppdegalicia.com\\\/es\\\/#website\"},\"primaryImageOfPage\":{\"@id\":\"https:\\\/\\\/ppdegalicia.com\\\/es\\\/alberto-pazos-pide-ao-goberno-central-que-repona-as-frecuencias-e-horarios-das-paradas-do-ave-na-estacion-da-gudina-para-que-volva-a-ser-unha-estacion-de-portas-abertas\\\/#primaryimage\"},\"image\":{\"@id\":\"https:\\\/\\\/ppdegalicia.com\\\/es\\\/alberto-pazos-pide-ao-goberno-central-que-repona-as-frecuencias-e-horarios-das-paradas-do-ave-na-estacion-da-gudina-para-que-volva-a-ser-unha-estacion-de-portas-abertas\\\/#primaryimage\"},\"thumbnailUrl\":\"https:\\\/\\\/ppdegalicia.com\\\/wp-content\\\/uploads\\\/2025\\\/07\\\/20250718_APazos_TrenAGudina26-scaled.jpg\",\"datePublished\":\"2025-07-18T19:41:29+00:00\",\"dateModified\":\"2025-07-21T20:04:24+00:00\",\"description\":\"O portavoz do Grupo Popular, Alberto Pazos, demandou hoxe na Gudi\u00f1a que o Goberno de Pedro S\u00e1nchez \u201crectifique a s\u00faa decisi\u00f3n de eliminar frecuencias e horarios das paradas do AVE na estaci\u00f3n Porta de Galicia\u201d, de xeito que \u201cvolva ser unha estaci\u00f3n de portas abertas e os veci\u00f1os destas comarcas gocen dos servizos de transporte que se merecen\u201d. Os deputados populares mantiveron posteriormente un encontro con representantes da Plataforma Dereito ao Tren, con quen analizaron a situaci\u00f3n actual dos servizos ferroviarios e escoitaron as s\u00faas propostas e actuaci\u00f3n.\",\"breadcrumb\":{\"@id\":\"https:\\\/\\\/ppdegalicia.com\\\/es\\\/alberto-pazos-pide-ao-goberno-central-que-repona-as-frecuencias-e-horarios-das-paradas-do-ave-na-estacion-da-gudina-para-que-volva-a-ser-unha-estacion-de-portas-abertas\\\/#breadcrumb\"},\"inLanguage\":\"es\",\"potentialAction\":[{\"@type\":\"ReadAction\",\"target\":[\"https:\\\/\\\/ppdegalicia.com\\\/es\\\/alberto-pazos-pide-ao-goberno-central-que-repona-as-frecuencias-e-horarios-das-paradas-do-ave-na-estacion-da-gudina-para-que-volva-a-ser-unha-estacion-de-portas-abertas\\\/\"]}]},{\"@type\":\"ImageObject\",\"inLanguage\":\"es\",\"@id\":\"https:\\\/\\\/ppdegalicia.com\\\/es\\\/alberto-pazos-pide-ao-goberno-central-que-repona-as-frecuencias-e-horarios-das-paradas-do-ave-na-estacion-da-gudina-para-que-volva-a-ser-unha-estacion-de-portas-abertas\\\/#primaryimage\",\"url\":\"https:\\\/\\\/ppdegalicia.com\\\/wp-content\\\/uploads\\\/2025\\\/07\\\/20250718_APazos_TrenAGudina26-scaled.jpg\",\"contentUrl\":\"https:\\\/\\\/ppdegalicia.com\\\/wp-content\\\/uploads\\\/2025\\\/07\\\/20250718_APazos_TrenAGudina26-scaled.jpg\",\"width\":2560,\"height\":1707},{\"@type\":\"BreadcrumbList\",\"@id\":\"https:\\\/\\\/ppdegalicia.com\\\/es\\\/alberto-pazos-pide-ao-goberno-central-que-repona-as-frecuencias-e-horarios-das-paradas-do-ave-na-estacion-da-gudina-para-que-volva-a-ser-unha-estacion-de-portas-abertas\\\/#breadcrumb\",\"itemListElement\":[{\"@type\":\"ListItem\",\"position\":1,\"name\":\"Portada\",\"item\":\"https:\\\/\\\/ppdegalicia.com\\\/es\\\/\"},{\"@type\":\"ListItem\",\"position\":2,\"name\":\"Alberto Pazos pide ao Goberno central que repo\u00f1a as frecuencias e horarios das paradas do AVE na estaci\u00f3n da Gudi\u00f1a, para que \u201cvolva a ser unha estaci\u00f3n de portas abertas\u201d\"}]},{\"@type\":\"WebSite\",\"@id\":\"https:\\\/\\\/ppdegalicia.com\\\/es\\\/#website\",\"url\":\"https:\\\/\\\/ppdegalicia.com\\\/es\\\/\",\"name\":\"Partido Popular de Galicia\",\"description\":\"Partido Popular de Galicia\",\"publisher\":{\"@id\":\"https:\\\/\\\/ppdegalicia.com\\\/es\\\/#organization\"},\"alternateName\":\"PP de Galicia\",\"potentialAction\":[{\"@type\":\"SearchAction\",\"target\":{\"@type\":\"EntryPoint\",\"urlTemplate\":\"https:\\\/\\\/ppdegalicia.com\\\/es\\\/?s={search_term_string}\"},\"query-input\":{\"@type\":\"PropertyValueSpecification\",\"valueRequired\":true,\"valueName\":\"search_term_string\"}}],\"inLanguage\":\"es\"},{\"@type\":\"Organization\",\"@id\":\"https:\\\/\\\/ppdegalicia.com\\\/es\\\/#organization\",\"name\":\"Partido Popular de Galicia\",\"alternateName\":\"PP de Galicia\",\"url\":\"https:\\\/\\\/ppdegalicia.com\\\/es\\\/\",\"logo\":{\"@type\":\"ImageObject\",\"inLanguage\":\"es\",\"@id\":\"https:\\\/\\\/ppdegalicia.com\\\/es\\\/#\\\/schema\\\/logo\\\/image\\\/\",\"url\":\"https:\\\/\\\/ppdegalicia.com\\\/wp-content\\\/uploads\\\/2023\\\/04\\\/logoPP512.png\",\"contentUrl\":\"https:\\\/\\\/ppdegalicia.com\\\/wp-content\\\/uploads\\\/2023\\\/04\\\/logoPP512.png\",\"width\":512,\"height\":512,\"caption\":\"Partido Popular de Galicia\"},\"image\":{\"@id\":\"https:\\\/\\\/ppdegalicia.com\\\/es\\\/#\\\/schema\\\/logo\\\/image\\\/\"},\"sameAs\":[\"https:\\\/\\\/www.instagram.com\\\/ppdegalicia\\\/\",\"https:\\\/\\\/x.com\\\/ppdegalicia\",\"https:\\\/\\\/www.tiktok.com\\\/@ppdegalicia\",\"https:\\\/\\\/www.youtube.com\\\/user\\\/ppdegalicia\"]},{\"@type\":\"Person\",\"@id\":\"https:\\\/\\\/ppdegalicia.com\\\/es\\\/#\\\/schema\\\/person\\\/5b822c6f59e872ebdd1142f307dbcb59\",\"name\":\"ppdegaliciaredes\",\"image\":{\"@type\":\"ImageObject\",\"inLanguage\":\"es\",\"@id\":\"https:\\\/\\\/secure.gravatar.com\\\/avatar\\\/3c9179cf0256d00c72a48d1f25783c58b6842cd56e85ef3a572881c8e28ccd59?s=96&d=mm&r=g\",\"url\":\"https:\\\/\\\/secure.gravatar.com\\\/avatar\\\/3c9179cf0256d00c72a48d1f25783c58b6842cd56e85ef3a572881c8e28ccd59?s=96&d=mm&r=g\",\"contentUrl\":\"https:\\\/\\\/secure.gravatar.com\\\/avatar\\\/3c9179cf0256d00c72a48d1f25783c58b6842cd56e85ef3a572881c8e28ccd59?s=96&d=mm&r=g\",\"caption\":\"ppdegaliciaredes\"},\"url\":\"https:\\\/\\\/ppdegalicia.com\\\/es\\\/author\\\/ppdegaliciaredes\\\/\"}]}<\/script>\n<!-- \/ Yoast SEO plugin. -->","yoast_head_json":{"title":"Alberto Pazos pide ao Goberno central que repo\u00f1a as frecuencias e horarios das paradas do AVE na estaci\u00f3n da Gudi\u00f1a, para que \u201cvolva a ser unha estaci\u00f3n de portas abertas\u201d - PP de Galicia","description":"O portavoz do Grupo Popular, Alberto Pazos, demandou hoxe na Gudi\u00f1a que o Goberno de Pedro S\u00e1nchez \u201crectifique a s\u00faa decisi\u00f3n de eliminar frecuencias e horarios das paradas do AVE na estaci\u00f3n Porta de Galicia\u201d, de xeito que \u201cvolva ser unha estaci\u00f3n de portas abertas e os veci\u00f1os destas comarcas gocen dos servizos de transporte que se merecen\u201d. Os deputados populares mantiveron posteriormente un encontro con representantes da Plataforma Dereito ao Tren, con quen analizaron a situaci\u00f3n actual dos servizos ferroviarios e escoitaron as s\u00faas propostas e actuaci\u00f3n.","robots":{"index":"index","follow":"follow","max-snippet":"max-snippet:-1","max-image-preview":"max-image-preview:large","max-video-preview":"max-video-preview:-1"},"canonical":"https:\/\/ppdegalicia.com\/es\/alberto-pazos-pide-ao-goberno-central-que-repona-as-frecuencias-e-horarios-das-paradas-do-ave-na-estacion-da-gudina-para-que-volva-a-ser-unha-estacion-de-portas-abertas\/","og_locale":"es_ES","og_type":"article","og_title":"Alberto Pazos pide ao Goberno central que repo\u00f1a as frecuencias e horarios das paradas do AVE na estaci\u00f3n da Gudi\u00f1a, para que \u201cvolva a ser unha estaci\u00f3n de portas abertas\u201d - PP de Galicia","og_description":"O portavoz do Grupo Popular, Alberto Pazos, demandou hoxe na Gudi\u00f1a que o Goberno de Pedro S\u00e1nchez \u201crectifique a s\u00faa decisi\u00f3n de eliminar frecuencias e horarios das paradas do AVE na estaci\u00f3n Porta de Galicia\u201d, de xeito que \u201cvolva ser unha estaci\u00f3n de portas abertas e os veci\u00f1os destas comarcas gocen dos servizos de transporte que se merecen\u201d. Os deputados populares mantiveron posteriormente un encontro con representantes da Plataforma Dereito ao Tren, con quen analizaron a situaci\u00f3n actual dos servizos ferroviarios e escoitaron as s\u00faas propostas e actuaci\u00f3n.","og_url":"https:\/\/ppdegalicia.com\/es\/alberto-pazos-pide-ao-goberno-central-que-repona-as-frecuencias-e-horarios-das-paradas-do-ave-na-estacion-da-gudina-para-que-volva-a-ser-unha-estacion-de-portas-abertas\/","og_site_name":"PP de Galicia","article_publisher":"https:\/\/www.instagram.com\/ppdegalicia\/","article_published_time":"2025-07-18T19:41:29+00:00","article_modified_time":"2025-07-21T20:04:24+00:00","og_image":[{"width":2560,"height":1707,"url":"https:\/\/ppdegalicia.com\/wp-content\/uploads\/2025\/07\/20250718_APazos_TrenAGudina26-scaled.jpg","type":"image\/jpeg"}],"author":"ppdegaliciaredes","twitter_card":"summary_large_image","twitter_creator":"@ppdegalicia","twitter_site":"@ppdegalicia","twitter_misc":{"Escrito por":"ppdegaliciaredes","Tiempo de lectura":"4 minutos"},"schema":{"@context":"https:\/\/schema.org","@graph":[{"@type":"Article","@id":"https:\/\/ppdegalicia.com\/es\/alberto-pazos-pide-ao-goberno-central-que-repona-as-frecuencias-e-horarios-das-paradas-do-ave-na-estacion-da-gudina-para-que-volva-a-ser-unha-estacion-de-portas-abertas\/#article","isPartOf":{"@id":"https:\/\/ppdegalicia.com\/es\/alberto-pazos-pide-ao-goberno-central-que-repona-as-frecuencias-e-horarios-das-paradas-do-ave-na-estacion-da-gudina-para-que-volva-a-ser-unha-estacion-de-portas-abertas\/"},"author":{"name":"ppdegaliciaredes","@id":"https:\/\/ppdegalicia.com\/es\/#\/schema\/person\/5b822c6f59e872ebdd1142f307dbcb59"},"headline":"Alberto Pazos pide ao Goberno central que repo\u00f1a as frecuencias e horarios das paradas do AVE na estaci\u00f3n da Gudi\u00f1a, para que \u201cvolva a ser unha estaci\u00f3n de portas abertas\u201d","datePublished":"2025-07-18T19:41:29+00:00","dateModified":"2025-07-21T20:04:24+00:00","mainEntityOfPage":{"@id":"https:\/\/ppdegalicia.com\/es\/alberto-pazos-pide-ao-goberno-central-que-repona-as-frecuencias-e-horarios-das-paradas-do-ave-na-estacion-da-gudina-para-que-volva-a-ser-unha-estacion-de-portas-abertas\/"},"wordCount":625,"publisher":{"@id":"https:\/\/ppdegalicia.com\/es\/#organization"},"image":{"@id":"https:\/\/ppdegalicia.com\/es\/alberto-pazos-pide-ao-goberno-central-que-repona-as-frecuencias-e-horarios-das-paradas-do-ave-na-estacion-da-gudina-para-que-volva-a-ser-unha-estacion-de-portas-abertas\/#primaryimage"},"thumbnailUrl":"https:\/\/ppdegalicia.com\/wp-content\/uploads\/2025\/07\/20250718_APazos_TrenAGudina26-scaled.jpg","articleSection":["Parlamento de Galicia"],"inLanguage":"es"},{"@type":"WebPage","@id":"https:\/\/ppdegalicia.com\/es\/alberto-pazos-pide-ao-goberno-central-que-repona-as-frecuencias-e-horarios-das-paradas-do-ave-na-estacion-da-gudina-para-que-volva-a-ser-unha-estacion-de-portas-abertas\/","url":"https:\/\/ppdegalicia.com\/es\/alberto-pazos-pide-ao-goberno-central-que-repona-as-frecuencias-e-horarios-das-paradas-do-ave-na-estacion-da-gudina-para-que-volva-a-ser-unha-estacion-de-portas-abertas\/","name":"Alberto Pazos pide ao Goberno central que repo\u00f1a as frecuencias e horarios das paradas do AVE na estaci\u00f3n da Gudi\u00f1a, para que \u201cvolva a ser unha estaci\u00f3n de portas abertas\u201d - PP de Galicia","isPartOf":{"@id":"https:\/\/ppdegalicia.com\/es\/#website"},"primaryImageOfPage":{"@id":"https:\/\/ppdegalicia.com\/es\/alberto-pazos-pide-ao-goberno-central-que-repona-as-frecuencias-e-horarios-das-paradas-do-ave-na-estacion-da-gudina-para-que-volva-a-ser-unha-estacion-de-portas-abertas\/#primaryimage"},"image":{"@id":"https:\/\/ppdegalicia.com\/es\/alberto-pazos-pide-ao-goberno-central-que-repona-as-frecuencias-e-horarios-das-paradas-do-ave-na-estacion-da-gudina-para-que-volva-a-ser-unha-estacion-de-portas-abertas\/#primaryimage"},"thumbnailUrl":"https:\/\/ppdegalicia.com\/wp-content\/uploads\/2025\/07\/20250718_APazos_TrenAGudina26-scaled.jpg","datePublished":"2025-07-18T19:41:29+00:00","dateModified":"2025-07-21T20:04:24+00:00","description":"O portavoz do Grupo Popular, Alberto Pazos, demandou hoxe na Gudi\u00f1a que o Goberno de Pedro S\u00e1nchez \u201crectifique a s\u00faa decisi\u00f3n de eliminar frecuencias e horarios das paradas do AVE na estaci\u00f3n Porta de Galicia\u201d, de xeito que \u201cvolva ser unha estaci\u00f3n de portas abertas e os veci\u00f1os destas comarcas gocen dos servizos de transporte que se merecen\u201d. Os deputados populares mantiveron posteriormente un encontro con representantes da Plataforma Dereito ao Tren, con quen analizaron a situaci\u00f3n actual dos servizos ferroviarios e escoitaron as s\u00faas propostas e actuaci\u00f3n.","breadcrumb":{"@id":"https:\/\/ppdegalicia.com\/es\/alberto-pazos-pide-ao-goberno-central-que-repona-as-frecuencias-e-horarios-das-paradas-do-ave-na-estacion-da-gudina-para-que-volva-a-ser-unha-estacion-de-portas-abertas\/#breadcrumb"},"inLanguage":"es","potentialAction":[{"@type":"ReadAction","target":["https:\/\/ppdegalicia.com\/es\/alberto-pazos-pide-ao-goberno-central-que-repona-as-frecuencias-e-horarios-das-paradas-do-ave-na-estacion-da-gudina-para-que-volva-a-ser-unha-estacion-de-portas-abertas\/"]}]},{"@type":"ImageObject","inLanguage":"es","@id":"https:\/\/ppdegalicia.com\/es\/alberto-pazos-pide-ao-goberno-central-que-repona-as-frecuencias-e-horarios-das-paradas-do-ave-na-estacion-da-gudina-para-que-volva-a-ser-unha-estacion-de-portas-abertas\/#primaryimage","url":"https:\/\/ppdegalicia.com\/wp-content\/uploads\/2025\/07\/20250718_APazos_TrenAGudina26-scaled.jpg","contentUrl":"https:\/\/ppdegalicia.com\/wp-content\/uploads\/2025\/07\/20250718_APazos_TrenAGudina26-scaled.jpg","width":2560,"height":1707},{"@type":"BreadcrumbList","@id":"https:\/\/ppdegalicia.com\/es\/alberto-pazos-pide-ao-goberno-central-que-repona-as-frecuencias-e-horarios-das-paradas-do-ave-na-estacion-da-gudina-para-que-volva-a-ser-unha-estacion-de-portas-abertas\/#breadcrumb","itemListElement":[{"@type":"ListItem","position":1,"name":"Portada","item":"https:\/\/ppdegalicia.com\/es\/"},{"@type":"ListItem","position":2,"name":"Alberto Pazos pide ao Goberno central que repo\u00f1a as frecuencias e horarios das paradas do AVE na estaci\u00f3n da Gudi\u00f1a, para que \u201cvolva a ser unha estaci\u00f3n de portas abertas\u201d"}]},{"@type":"WebSite","@id":"https:\/\/ppdegalicia.com\/es\/#website","url":"https:\/\/ppdegalicia.com\/es\/","name":"Partido Popular de Galicia","description":"Partido Popular de Galicia","publisher":{"@id":"https:\/\/ppdegalicia.com\/es\/#organization"},"alternateName":"PP de Galicia","potentialAction":[{"@type":"SearchAction","target":{"@type":"EntryPoint","urlTemplate":"https:\/\/ppdegalicia.com\/es\/?s={search_term_string}"},"query-input":{"@type":"PropertyValueSpecification","valueRequired":true,"valueName":"search_term_string"}}],"inLanguage":"es"},{"@type":"Organization","@id":"https:\/\/ppdegalicia.com\/es\/#organization","name":"Partido Popular de Galicia","alternateName":"PP de Galicia","url":"https:\/\/ppdegalicia.com\/es\/","logo":{"@type":"ImageObject","inLanguage":"es","@id":"https:\/\/ppdegalicia.com\/es\/#\/schema\/logo\/image\/","url":"https:\/\/ppdegalicia.com\/wp-content\/uploads\/2023\/04\/logoPP512.png","contentUrl":"https:\/\/ppdegalicia.com\/wp-content\/uploads\/2023\/04\/logoPP512.png","width":512,"height":512,"caption":"Partido Popular de Galicia"},"image":{"@id":"https:\/\/ppdegalicia.com\/es\/#\/schema\/logo\/image\/"},"sameAs":["https:\/\/www.instagram.com\/ppdegalicia\/","https:\/\/x.com\/ppdegalicia","https:\/\/www.tiktok.com\/@ppdegalicia","https:\/\/www.youtube.com\/user\/ppdegalicia"]},{"@type":"Person","@id":"https:\/\/ppdegalicia.com\/es\/#\/schema\/person\/5b822c6f59e872ebdd1142f307dbcb59","name":"ppdegaliciaredes","image":{"@type":"ImageObject","inLanguage":"es","@id":"https:\/\/secure.gravatar.com\/avatar\/3c9179cf0256d00c72a48d1f25783c58b6842cd56e85ef3a572881c8e28ccd59?s=96&d=mm&r=g","url":"https:\/\/secure.gravatar.com\/avatar\/3c9179cf0256d00c72a48d1f25783c58b6842cd56e85ef3a572881c8e28ccd59?s=96&d=mm&r=g","contentUrl":"https:\/\/secure.gravatar.com\/avatar\/3c9179cf0256d00c72a48d1f25783c58b6842cd56e85ef3a572881c8e28ccd59?s=96&d=mm&r=g","caption":"ppdegaliciaredes"},"url":"https:\/\/ppdegalicia.com\/es\/author\/ppdegaliciaredes\/"}]}},"_links":{"self":[{"href":"https:\/\/ppdegalicia.com\/es\/wp-json\/wp\/v2\/posts\/67795","targetHints":{"allow":["GET"]}}],"collection":[{"href":"https:\/\/ppdegalicia.com\/es\/wp-json\/wp\/v2\/posts"}],"about":[{"href":"https:\/\/ppdegalicia.com\/es\/wp-json\/wp\/v2\/types\/post"}],"author":[{"embeddable":true,"href":"https:\/\/ppdegalicia.com\/es\/wp-json\/wp\/v2\/users\/38"}],"replies":[{"embeddable":true,"href":"https:\/\/ppdegalicia.com\/es\/wp-json\/wp\/v2\/comments?post=67795"}],"version-history":[{"count":1,"href":"https:\/\/ppdegalicia.com\/es\/wp-json\/wp\/v2\/posts\/67795\/revisions"}],"predecessor-version":[{"id":67798,"href":"https:\/\/ppdegalicia.com\/es\/wp-json\/wp\/v2\/posts\/67795\/revisions\/67798"}],"wp:featuredmedia":[{"embeddable":true,"href":"https:\/\/ppdegalicia.com\/es\/wp-json\/wp\/v2\/media\/67796"}],"wp:attachment":[{"href":"https:\/\/ppdegalicia.com\/es\/wp-json\/wp\/v2\/media?parent=67795"}],"wp:term":[{"taxonomy":"category","embeddable":true,"href":"https:\/\/ppdegalicia.com\/es\/wp-json\/wp\/v2\/categories?post=67795"},{"taxonomy":"post_tag","embeddable":true,"href":"https:\/\/ppdegalicia.com\/es\/wp-json\/wp\/v2\/tags?post=67795"}],"curies":[{"name":"wp","href":"https:\/\/api.w.org\/{rel}","templated":true}]}}