{"id":67831,"date":"2025-07-23T11:05:16","date_gmt":"2025-07-23T10:05:16","guid":{"rendered":"https:\/\/ppdegalicia.com\/?p=67831"},"modified":"2025-07-23T11:05:16","modified_gmt":"2025-07-23T10:05:16","slug":"o-pp-de-galicia-e-o-pp-de-gipuzkoa-comparten-visions-dun-proxecto-comun-que-mellora-a-vida-das-persoas","status":"publish","type":"post","link":"https:\/\/ppdegalicia.com\/es\/o-pp-de-galicia-e-o-pp-de-gipuzkoa-comparten-visions-dun-proxecto-comun-que-mellora-a-vida-das-persoas\/","title":{"rendered":"O PP de Galicia e o PP de Gipuzkoa comparten visi\u00f3ns dun \u201cproxecto com\u00fan\u201d que \u201cmellora a vida das persoas\u201d"},"content":{"rendered":"<p>A sede do Partido Popular de Gipuzkoa recibiu recentemente a visita da responsable de Medio Ambiente e Cambio Clim\u00e1tico do Goberno galego e membro do Comit\u00e9 Executivo do PP de Galicia, \u00c1ngeles V\u00e1zquez, nun encontro que serviu para estreitar lazos entre territorios con identidades propias pero unidos por un \u201cproxecto pol\u00edtico com\u00fan\u201d.<\/p>\n<p>A presidenta do Partido Popular de Gipuzkoa, Muriel Larrea, recibiu \u00e1 responsable galega nun ambiente de proximidade e cordialidade, reivindicando a riqueza dunha Espa\u00f1a plural na que cada terra achega a s\u00faa cultura, o seu idioma e a s\u00faa maneira de entender a vida, pero onde todos comparten un mesmo compromiso: o de traballar polo ben com\u00fan desde os valores do PP.<\/p>\n<p>\u201cGalicia e Euskadi te\u00f1en linguas propias, costumes diferentes e paisaxes moi distintas, pero con este encontro demostramos que cando compartes principios, visi\u00f3n de pa\u00eds e ganas de mellorar a vida das persoas, todo iso suma\u201d, sinalou Muriel Larrea tras o encontro.<\/p>\n<p>A visita valeu para subli\u00f1ar o valor da pol\u00edtica con ra\u00edces, pegada ao terreo, que respecta a diversidade e defende unha Espa\u00f1a de cidad\u00e1ns libres e iguais. Ambas dirixentes coincidiron na importancia de manter vivos os lazos entre territorios que, desde a s\u00faa singularidade, constr\u00faen xuntos un proxecto nacional forte e cohesionado.<\/p>\n<p>\u201cSomos un partido que se constr\u00fae desde abaixo, desde cada recuncho de Espa\u00f1a, con respecto \u00e1s nosas ra\u00edces e orgullo de formar parte dunha mesma casa com\u00fan\u201d, afirmou a presidenta do PP de Gipuzkoa.<\/p>\n<p>Pola s\u00faa banda, \u00c1ngeles V\u00e1zquez aproveitou para trasladar a Muriel Larrea informaci\u00f3n sobre os \u00faltimos avances en materia de costas, tendo en conta que o Goberno de Espa\u00f1a traspasou este mes a Galicia as competencias en materia de ordenaci\u00f3n e xesti\u00f3n do litoral, e o Pa\u00eds Vasco recibiunas tam\u00e9n este mesmo ano, en abril.<\/p>\n","protected":false},"excerpt":{"rendered":"<p>A sede do Partido Popular de Gipuzkoa recibiu recentemente a visita da responsable de Medio Ambiente e Cambio Clim\u00e1tico do Goberno galego e membro do Comit\u00e9 Executivo do PP de Galicia, \u00c1ngeles V\u00e1zquez, nun encontro que serviu para estreitar lazos entre territorios con identidades propias pero unidos por un \u201cproxecto pol\u00edtico com\u00fan\u201d. A presidenta do [&hellip;]<\/p>\n","protected":false},"author":38,"featured_media":67832,"comment_status":"closed","ping_status":"open","sticky":false,"template":"","format":"standard","meta":{"_acf_changed":false,"footnotes":""},"categories":[1],"tags":[],"class_list":["post-67831","post","type-post","status-publish","format-standard","has-post-thumbnail","hentry","category-pp-de-galicia"],"acf":[],"yoast_head":"<!-- This site is optimized with the Yoast SEO plugin v27.3 - https:\/\/yoast.com\/product\/yoast-seo-wordpress\/ -->\n<title>O PP de Galicia e o PP de Gipuzkoa comparten visi\u00f3ns dun \u201cproxecto com\u00fan\u201d que \u201cmellora a vida das persoas\u201d - PP de Galicia<\/title>\n<meta name=\"description\" content=\"A sede do Partido Popular de Gipuzkoa recibiu recentemente a visita da responsable de Medio Ambiente e Cambio Clim\u00e1tico do Goberno galego e membro do Comit\u00e9 Executivo do PP de Galicia, \u00c1ngeles V\u00e1zquez, nun encontro que serviu para estreitar lazos entre territorios con identidades propias pero unidos por un \u201cproxecto pol\u00edtico com\u00fan\u201d.\" \/>\n<meta name=\"robots\" content=\"index, follow, max-snippet:-1, max-image-preview:large, max-video-preview:-1\" \/>\n<link rel=\"canonical\" href=\"https:\/\/ppdegalicia.com\/es\/o-pp-de-galicia-e-o-pp-de-gipuzkoa-comparten-visions-dun-proxecto-comun-que-mellora-a-vida-das-persoas\/\" \/>\n<meta property=\"og:locale\" content=\"es_ES\" \/>\n<meta property=\"og:type\" content=\"article\" \/>\n<meta property=\"og:title\" content=\"O PP de Galicia e o PP de Gipuzkoa comparten visi\u00f3ns dun \u201cproxecto com\u00fan\u201d que \u201cmellora a vida das persoas\u201d - PP de Galicia\" \/>\n<meta property=\"og:description\" content=\"A sede do Partido Popular de Gipuzkoa recibiu recentemente a visita da responsable de Medio Ambiente e Cambio Clim\u00e1tico do Goberno galego e membro do Comit\u00e9 Executivo do PP de Galicia, \u00c1ngeles V\u00e1zquez, nun encontro que serviu para estreitar lazos entre territorios con identidades propias pero unidos por un \u201cproxecto pol\u00edtico com\u00fan\u201d.\" \/>\n<meta property=\"og:url\" content=\"https:\/\/ppdegalicia.com\/es\/o-pp-de-galicia-e-o-pp-de-gipuzkoa-comparten-visions-dun-proxecto-comun-que-mellora-a-vida-das-persoas\/\" \/>\n<meta property=\"og:site_name\" content=\"PP de Galicia\" \/>\n<meta property=\"article:publisher\" content=\"https:\/\/www.instagram.com\/ppdegalicia\/\" \/>\n<meta property=\"article:published_time\" content=\"2025-07-23T10:05:16+00:00\" \/>\n<meta property=\"og:image\" content=\"https:\/\/ppdegalicia.com\/wp-content\/uploads\/2025\/07\/WhatsApp-Image-2025-07-23-at-12.04.51.jpeg\" \/>\n\t<meta property=\"og:image:width\" content=\"1600\" \/>\n\t<meta property=\"og:image:height\" content=\"1200\" \/>\n\t<meta property=\"og:image:type\" content=\"image\/jpeg\" \/>\n<meta name=\"author\" content=\"ppdegaliciaredes\" \/>\n<meta name=\"twitter:card\" content=\"summary_large_image\" \/>\n<meta name=\"twitter:creator\" content=\"@ppdegalicia\" \/>\n<meta name=\"twitter:site\" content=\"@ppdegalicia\" \/>\n<meta name=\"twitter:label1\" content=\"Escrito por\" \/>\n\t<meta name=\"twitter:data1\" content=\"ppdegaliciaredes\" \/>\n\t<meta name=\"twitter:label2\" content=\"Tiempo de lectura\" \/>\n\t<meta name=\"twitter:data2\" content=\"2 minutos\" \/>\n<script type=\"application\/ld+json\" class=\"yoast-schema-graph\">{\"@context\":\"https:\\\/\\\/schema.org\",\"@graph\":[{\"@type\":\"Article\",\"@id\":\"https:\\\/\\\/ppdegalicia.com\\\/es\\\/o-pp-de-galicia-e-o-pp-de-gipuzkoa-comparten-visions-dun-proxecto-comun-que-mellora-a-vida-das-persoas\\\/#article\",\"isPartOf\":{\"@id\":\"https:\\\/\\\/ppdegalicia.com\\\/es\\\/o-pp-de-galicia-e-o-pp-de-gipuzkoa-comparten-visions-dun-proxecto-comun-que-mellora-a-vida-das-persoas\\\/\"},\"author\":{\"name\":\"ppdegaliciaredes\",\"@id\":\"https:\\\/\\\/ppdegalicia.com\\\/es\\\/#\\\/schema\\\/person\\\/5b822c6f59e872ebdd1142f307dbcb59\"},\"headline\":\"O PP de Galicia e o PP de Gipuzkoa comparten visi\u00f3ns dun \u201cproxecto com\u00fan\u201d que \u201cmellora a vida das persoas\u201d\",\"datePublished\":\"2025-07-23T10:05:16+00:00\",\"mainEntityOfPage\":{\"@id\":\"https:\\\/\\\/ppdegalicia.com\\\/es\\\/o-pp-de-galicia-e-o-pp-de-gipuzkoa-comparten-visions-dun-proxecto-comun-que-mellora-a-vida-das-persoas\\\/\"},\"wordCount\":346,\"publisher\":{\"@id\":\"https:\\\/\\\/ppdegalicia.com\\\/es\\\/#organization\"},\"image\":{\"@id\":\"https:\\\/\\\/ppdegalicia.com\\\/es\\\/o-pp-de-galicia-e-o-pp-de-gipuzkoa-comparten-visions-dun-proxecto-comun-que-mellora-a-vida-das-persoas\\\/#primaryimage\"},\"thumbnailUrl\":\"https:\\\/\\\/ppdegalicia.com\\\/wp-content\\\/uploads\\\/2025\\\/07\\\/WhatsApp-Image-2025-07-23-at-12.04.51.jpeg\",\"articleSection\":[\"PP de Galicia\"],\"inLanguage\":\"es\"},{\"@type\":\"WebPage\",\"@id\":\"https:\\\/\\\/ppdegalicia.com\\\/es\\\/o-pp-de-galicia-e-o-pp-de-gipuzkoa-comparten-visions-dun-proxecto-comun-que-mellora-a-vida-das-persoas\\\/\",\"url\":\"https:\\\/\\\/ppdegalicia.com\\\/es\\\/o-pp-de-galicia-e-o-pp-de-gipuzkoa-comparten-visions-dun-proxecto-comun-que-mellora-a-vida-das-persoas\\\/\",\"name\":\"O PP de Galicia e o PP de Gipuzkoa comparten visi\u00f3ns dun \u201cproxecto com\u00fan\u201d que \u201cmellora a vida das persoas\u201d - PP de Galicia\",\"isPartOf\":{\"@id\":\"https:\\\/\\\/ppdegalicia.com\\\/es\\\/#website\"},\"primaryImageOfPage\":{\"@id\":\"https:\\\/\\\/ppdegalicia.com\\\/es\\\/o-pp-de-galicia-e-o-pp-de-gipuzkoa-comparten-visions-dun-proxecto-comun-que-mellora-a-vida-das-persoas\\\/#primaryimage\"},\"image\":{\"@id\":\"https:\\\/\\\/ppdegalicia.com\\\/es\\\/o-pp-de-galicia-e-o-pp-de-gipuzkoa-comparten-visions-dun-proxecto-comun-que-mellora-a-vida-das-persoas\\\/#primaryimage\"},\"thumbnailUrl\":\"https:\\\/\\\/ppdegalicia.com\\\/wp-content\\\/uploads\\\/2025\\\/07\\\/WhatsApp-Image-2025-07-23-at-12.04.51.jpeg\",\"datePublished\":\"2025-07-23T10:05:16+00:00\",\"description\":\"A sede do Partido Popular de Gipuzkoa recibiu recentemente a visita da responsable de Medio Ambiente e Cambio Clim\u00e1tico do Goberno galego e membro do Comit\u00e9 Executivo do PP de Galicia, \u00c1ngeles V\u00e1zquez, nun encontro que serviu para estreitar lazos entre territorios con identidades propias pero unidos por un \u201cproxecto pol\u00edtico com\u00fan\u201d.\",\"breadcrumb\":{\"@id\":\"https:\\\/\\\/ppdegalicia.com\\\/es\\\/o-pp-de-galicia-e-o-pp-de-gipuzkoa-comparten-visions-dun-proxecto-comun-que-mellora-a-vida-das-persoas\\\/#breadcrumb\"},\"inLanguage\":\"es\",\"potentialAction\":[{\"@type\":\"ReadAction\",\"target\":[\"https:\\\/\\\/ppdegalicia.com\\\/es\\\/o-pp-de-galicia-e-o-pp-de-gipuzkoa-comparten-visions-dun-proxecto-comun-que-mellora-a-vida-das-persoas\\\/\"]}]},{\"@type\":\"ImageObject\",\"inLanguage\":\"es\",\"@id\":\"https:\\\/\\\/ppdegalicia.com\\\/es\\\/o-pp-de-galicia-e-o-pp-de-gipuzkoa-comparten-visions-dun-proxecto-comun-que-mellora-a-vida-das-persoas\\\/#primaryimage\",\"url\":\"https:\\\/\\\/ppdegalicia.com\\\/wp-content\\\/uploads\\\/2025\\\/07\\\/WhatsApp-Image-2025-07-23-at-12.04.51.jpeg\",\"contentUrl\":\"https:\\\/\\\/ppdegalicia.com\\\/wp-content\\\/uploads\\\/2025\\\/07\\\/WhatsApp-Image-2025-07-23-at-12.04.51.jpeg\",\"width\":1600,\"height\":1200},{\"@type\":\"BreadcrumbList\",\"@id\":\"https:\\\/\\\/ppdegalicia.com\\\/es\\\/o-pp-de-galicia-e-o-pp-de-gipuzkoa-comparten-visions-dun-proxecto-comun-que-mellora-a-vida-das-persoas\\\/#breadcrumb\",\"itemListElement\":[{\"@type\":\"ListItem\",\"position\":1,\"name\":\"Portada\",\"item\":\"https:\\\/\\\/ppdegalicia.com\\\/es\\\/\"},{\"@type\":\"ListItem\",\"position\":2,\"name\":\"O PP de Galicia e o PP de Gipuzkoa comparten visi\u00f3ns dun \u201cproxecto com\u00fan\u201d que \u201cmellora a vida das persoas\u201d\"}]},{\"@type\":\"WebSite\",\"@id\":\"https:\\\/\\\/ppdegalicia.com\\\/es\\\/#website\",\"url\":\"https:\\\/\\\/ppdegalicia.com\\\/es\\\/\",\"name\":\"Partido Popular de Galicia\",\"description\":\"Partido Popular de Galicia\",\"publisher\":{\"@id\":\"https:\\\/\\\/ppdegalicia.com\\\/es\\\/#organization\"},\"alternateName\":\"PP de Galicia\",\"potentialAction\":[{\"@type\":\"SearchAction\",\"target\":{\"@type\":\"EntryPoint\",\"urlTemplate\":\"https:\\\/\\\/ppdegalicia.com\\\/es\\\/?s={search_term_string}\"},\"query-input\":{\"@type\":\"PropertyValueSpecification\",\"valueRequired\":true,\"valueName\":\"search_term_string\"}}],\"inLanguage\":\"es\"},{\"@type\":\"Organization\",\"@id\":\"https:\\\/\\\/ppdegalicia.com\\\/es\\\/#organization\",\"name\":\"Partido Popular de Galicia\",\"alternateName\":\"PP de Galicia\",\"url\":\"https:\\\/\\\/ppdegalicia.com\\\/es\\\/\",\"logo\":{\"@type\":\"ImageObject\",\"inLanguage\":\"es\",\"@id\":\"https:\\\/\\\/ppdegalicia.com\\\/es\\\/#\\\/schema\\\/logo\\\/image\\\/\",\"url\":\"https:\\\/\\\/ppdegalicia.com\\\/wp-content\\\/uploads\\\/2023\\\/04\\\/logoPP512.png\",\"contentUrl\":\"https:\\\/\\\/ppdegalicia.com\\\/wp-content\\\/uploads\\\/2023\\\/04\\\/logoPP512.png\",\"width\":512,\"height\":512,\"caption\":\"Partido Popular de Galicia\"},\"image\":{\"@id\":\"https:\\\/\\\/ppdegalicia.com\\\/es\\\/#\\\/schema\\\/logo\\\/image\\\/\"},\"sameAs\":[\"https:\\\/\\\/www.instagram.com\\\/ppdegalicia\\\/\",\"https:\\\/\\\/x.com\\\/ppdegalicia\",\"https:\\\/\\\/www.tiktok.com\\\/@ppdegalicia\",\"https:\\\/\\\/www.youtube.com\\\/user\\\/ppdegalicia\"]},{\"@type\":\"Person\",\"@id\":\"https:\\\/\\\/ppdegalicia.com\\\/es\\\/#\\\/schema\\\/person\\\/5b822c6f59e872ebdd1142f307dbcb59\",\"name\":\"ppdegaliciaredes\",\"image\":{\"@type\":\"ImageObject\",\"inLanguage\":\"es\",\"@id\":\"https:\\\/\\\/secure.gravatar.com\\\/avatar\\\/3c9179cf0256d00c72a48d1f25783c58b6842cd56e85ef3a572881c8e28ccd59?s=96&d=mm&r=g\",\"url\":\"https:\\\/\\\/secure.gravatar.com\\\/avatar\\\/3c9179cf0256d00c72a48d1f25783c58b6842cd56e85ef3a572881c8e28ccd59?s=96&d=mm&r=g\",\"contentUrl\":\"https:\\\/\\\/secure.gravatar.com\\\/avatar\\\/3c9179cf0256d00c72a48d1f25783c58b6842cd56e85ef3a572881c8e28ccd59?s=96&d=mm&r=g\",\"caption\":\"ppdegaliciaredes\"},\"url\":\"https:\\\/\\\/ppdegalicia.com\\\/es\\\/author\\\/ppdegaliciaredes\\\/\"}]}<\/script>\n<!-- \/ Yoast SEO plugin. -->","yoast_head_json":{"title":"O PP de Galicia e o PP de Gipuzkoa comparten visi\u00f3ns dun \u201cproxecto com\u00fan\u201d que \u201cmellora a vida das persoas\u201d - PP de Galicia","description":"A sede do Partido Popular de Gipuzkoa recibiu recentemente a visita da responsable de Medio Ambiente e Cambio Clim\u00e1tico do Goberno galego e membro do Comit\u00e9 Executivo do PP de Galicia, \u00c1ngeles V\u00e1zquez, nun encontro que serviu para estreitar lazos entre territorios con identidades propias pero unidos por un \u201cproxecto pol\u00edtico com\u00fan\u201d.","robots":{"index":"index","follow":"follow","max-snippet":"max-snippet:-1","max-image-preview":"max-image-preview:large","max-video-preview":"max-video-preview:-1"},"canonical":"https:\/\/ppdegalicia.com\/es\/o-pp-de-galicia-e-o-pp-de-gipuzkoa-comparten-visions-dun-proxecto-comun-que-mellora-a-vida-das-persoas\/","og_locale":"es_ES","og_type":"article","og_title":"O PP de Galicia e o PP de Gipuzkoa comparten visi\u00f3ns dun \u201cproxecto com\u00fan\u201d que \u201cmellora a vida das persoas\u201d - PP de Galicia","og_description":"A sede do Partido Popular de Gipuzkoa recibiu recentemente a visita da responsable de Medio Ambiente e Cambio Clim\u00e1tico do Goberno galego e membro do Comit\u00e9 Executivo do PP de Galicia, \u00c1ngeles V\u00e1zquez, nun encontro que serviu para estreitar lazos entre territorios con identidades propias pero unidos por un \u201cproxecto pol\u00edtico com\u00fan\u201d.","og_url":"https:\/\/ppdegalicia.com\/es\/o-pp-de-galicia-e-o-pp-de-gipuzkoa-comparten-visions-dun-proxecto-comun-que-mellora-a-vida-das-persoas\/","og_site_name":"PP de Galicia","article_publisher":"https:\/\/www.instagram.com\/ppdegalicia\/","article_published_time":"2025-07-23T10:05:16+00:00","og_image":[{"width":1600,"height":1200,"url":"https:\/\/ppdegalicia.com\/wp-content\/uploads\/2025\/07\/WhatsApp-Image-2025-07-23-at-12.04.51.jpeg","type":"image\/jpeg"}],"author":"ppdegaliciaredes","twitter_card":"summary_large_image","twitter_creator":"@ppdegalicia","twitter_site":"@ppdegalicia","twitter_misc":{"Escrito por":"ppdegaliciaredes","Tiempo de lectura":"2 minutos"},"schema":{"@context":"https:\/\/schema.org","@graph":[{"@type":"Article","@id":"https:\/\/ppdegalicia.com\/es\/o-pp-de-galicia-e-o-pp-de-gipuzkoa-comparten-visions-dun-proxecto-comun-que-mellora-a-vida-das-persoas\/#article","isPartOf":{"@id":"https:\/\/ppdegalicia.com\/es\/o-pp-de-galicia-e-o-pp-de-gipuzkoa-comparten-visions-dun-proxecto-comun-que-mellora-a-vida-das-persoas\/"},"author":{"name":"ppdegaliciaredes","@id":"https:\/\/ppdegalicia.com\/es\/#\/schema\/person\/5b822c6f59e872ebdd1142f307dbcb59"},"headline":"O PP de Galicia e o PP de Gipuzkoa comparten visi\u00f3ns dun \u201cproxecto com\u00fan\u201d que \u201cmellora a vida das persoas\u201d","datePublished":"2025-07-23T10:05:16+00:00","mainEntityOfPage":{"@id":"https:\/\/ppdegalicia.com\/es\/o-pp-de-galicia-e-o-pp-de-gipuzkoa-comparten-visions-dun-proxecto-comun-que-mellora-a-vida-das-persoas\/"},"wordCount":346,"publisher":{"@id":"https:\/\/ppdegalicia.com\/es\/#organization"},"image":{"@id":"https:\/\/ppdegalicia.com\/es\/o-pp-de-galicia-e-o-pp-de-gipuzkoa-comparten-visions-dun-proxecto-comun-que-mellora-a-vida-das-persoas\/#primaryimage"},"thumbnailUrl":"https:\/\/ppdegalicia.com\/wp-content\/uploads\/2025\/07\/WhatsApp-Image-2025-07-23-at-12.04.51.jpeg","articleSection":["PP de Galicia"],"inLanguage":"es"},{"@type":"WebPage","@id":"https:\/\/ppdegalicia.com\/es\/o-pp-de-galicia-e-o-pp-de-gipuzkoa-comparten-visions-dun-proxecto-comun-que-mellora-a-vida-das-persoas\/","url":"https:\/\/ppdegalicia.com\/es\/o-pp-de-galicia-e-o-pp-de-gipuzkoa-comparten-visions-dun-proxecto-comun-que-mellora-a-vida-das-persoas\/","name":"O PP de Galicia e o PP de Gipuzkoa comparten visi\u00f3ns dun \u201cproxecto com\u00fan\u201d que \u201cmellora a vida das persoas\u201d - PP de Galicia","isPartOf":{"@id":"https:\/\/ppdegalicia.com\/es\/#website"},"primaryImageOfPage":{"@id":"https:\/\/ppdegalicia.com\/es\/o-pp-de-galicia-e-o-pp-de-gipuzkoa-comparten-visions-dun-proxecto-comun-que-mellora-a-vida-das-persoas\/#primaryimage"},"image":{"@id":"https:\/\/ppdegalicia.com\/es\/o-pp-de-galicia-e-o-pp-de-gipuzkoa-comparten-visions-dun-proxecto-comun-que-mellora-a-vida-das-persoas\/#primaryimage"},"thumbnailUrl":"https:\/\/ppdegalicia.com\/wp-content\/uploads\/2025\/07\/WhatsApp-Image-2025-07-23-at-12.04.51.jpeg","datePublished":"2025-07-23T10:05:16+00:00","description":"A sede do Partido Popular de Gipuzkoa recibiu recentemente a visita da responsable de Medio Ambiente e Cambio Clim\u00e1tico do Goberno galego e membro do Comit\u00e9 Executivo do PP de Galicia, \u00c1ngeles V\u00e1zquez, nun encontro que serviu para estreitar lazos entre territorios con identidades propias pero unidos por un \u201cproxecto pol\u00edtico com\u00fan\u201d.","breadcrumb":{"@id":"https:\/\/ppdegalicia.com\/es\/o-pp-de-galicia-e-o-pp-de-gipuzkoa-comparten-visions-dun-proxecto-comun-que-mellora-a-vida-das-persoas\/#breadcrumb"},"inLanguage":"es","potentialAction":[{"@type":"ReadAction","target":["https:\/\/ppdegalicia.com\/es\/o-pp-de-galicia-e-o-pp-de-gipuzkoa-comparten-visions-dun-proxecto-comun-que-mellora-a-vida-das-persoas\/"]}]},{"@type":"ImageObject","inLanguage":"es","@id":"https:\/\/ppdegalicia.com\/es\/o-pp-de-galicia-e-o-pp-de-gipuzkoa-comparten-visions-dun-proxecto-comun-que-mellora-a-vida-das-persoas\/#primaryimage","url":"https:\/\/ppdegalicia.com\/wp-content\/uploads\/2025\/07\/WhatsApp-Image-2025-07-23-at-12.04.51.jpeg","contentUrl":"https:\/\/ppdegalicia.com\/wp-content\/uploads\/2025\/07\/WhatsApp-Image-2025-07-23-at-12.04.51.jpeg","width":1600,"height":1200},{"@type":"BreadcrumbList","@id":"https:\/\/ppdegalicia.com\/es\/o-pp-de-galicia-e-o-pp-de-gipuzkoa-comparten-visions-dun-proxecto-comun-que-mellora-a-vida-das-persoas\/#breadcrumb","itemListElement":[{"@type":"ListItem","position":1,"name":"Portada","item":"https:\/\/ppdegalicia.com\/es\/"},{"@type":"ListItem","position":2,"name":"O PP de Galicia e o PP de Gipuzkoa comparten visi\u00f3ns dun \u201cproxecto com\u00fan\u201d que \u201cmellora a vida das persoas\u201d"}]},{"@type":"WebSite","@id":"https:\/\/ppdegalicia.com\/es\/#website","url":"https:\/\/ppdegalicia.com\/es\/","name":"Partido Popular de Galicia","description":"Partido Popular de Galicia","publisher":{"@id":"https:\/\/ppdegalicia.com\/es\/#organization"},"alternateName":"PP de Galicia","potentialAction":[{"@type":"SearchAction","target":{"@type":"EntryPoint","urlTemplate":"https:\/\/ppdegalicia.com\/es\/?s={search_term_string}"},"query-input":{"@type":"PropertyValueSpecification","valueRequired":true,"valueName":"search_term_string"}}],"inLanguage":"es"},{"@type":"Organization","@id":"https:\/\/ppdegalicia.com\/es\/#organization","name":"Partido Popular de Galicia","alternateName":"PP de Galicia","url":"https:\/\/ppdegalicia.com\/es\/","logo":{"@type":"ImageObject","inLanguage":"es","@id":"https:\/\/ppdegalicia.com\/es\/#\/schema\/logo\/image\/","url":"https:\/\/ppdegalicia.com\/wp-content\/uploads\/2023\/04\/logoPP512.png","contentUrl":"https:\/\/ppdegalicia.com\/wp-content\/uploads\/2023\/04\/logoPP512.png","width":512,"height":512,"caption":"Partido Popular de Galicia"},"image":{"@id":"https:\/\/ppdegalicia.com\/es\/#\/schema\/logo\/image\/"},"sameAs":["https:\/\/www.instagram.com\/ppdegalicia\/","https:\/\/x.com\/ppdegalicia","https:\/\/www.tiktok.com\/@ppdegalicia","https:\/\/www.youtube.com\/user\/ppdegalicia"]},{"@type":"Person","@id":"https:\/\/ppdegalicia.com\/es\/#\/schema\/person\/5b822c6f59e872ebdd1142f307dbcb59","name":"ppdegaliciaredes","image":{"@type":"ImageObject","inLanguage":"es","@id":"https:\/\/secure.gravatar.com\/avatar\/3c9179cf0256d00c72a48d1f25783c58b6842cd56e85ef3a572881c8e28ccd59?s=96&d=mm&r=g","url":"https:\/\/secure.gravatar.com\/avatar\/3c9179cf0256d00c72a48d1f25783c58b6842cd56e85ef3a572881c8e28ccd59?s=96&d=mm&r=g","contentUrl":"https:\/\/secure.gravatar.com\/avatar\/3c9179cf0256d00c72a48d1f25783c58b6842cd56e85ef3a572881c8e28ccd59?s=96&d=mm&r=g","caption":"ppdegaliciaredes"},"url":"https:\/\/ppdegalicia.com\/es\/author\/ppdegaliciaredes\/"}]}},"_links":{"self":[{"href":"https:\/\/ppdegalicia.com\/es\/wp-json\/wp\/v2\/posts\/67831","targetHints":{"allow":["GET"]}}],"collection":[{"href":"https:\/\/ppdegalicia.com\/es\/wp-json\/wp\/v2\/posts"}],"about":[{"href":"https:\/\/ppdegalicia.com\/es\/wp-json\/wp\/v2\/types\/post"}],"author":[{"embeddable":true,"href":"https:\/\/ppdegalicia.com\/es\/wp-json\/wp\/v2\/users\/38"}],"replies":[{"embeddable":true,"href":"https:\/\/ppdegalicia.com\/es\/wp-json\/wp\/v2\/comments?post=67831"}],"version-history":[{"count":1,"href":"https:\/\/ppdegalicia.com\/es\/wp-json\/wp\/v2\/posts\/67831\/revisions"}],"predecessor-version":[{"id":67834,"href":"https:\/\/ppdegalicia.com\/es\/wp-json\/wp\/v2\/posts\/67831\/revisions\/67834"}],"wp:featuredmedia":[{"embeddable":true,"href":"https:\/\/ppdegalicia.com\/es\/wp-json\/wp\/v2\/media\/67832"}],"wp:attachment":[{"href":"https:\/\/ppdegalicia.com\/es\/wp-json\/wp\/v2\/media?parent=67831"}],"wp:term":[{"taxonomy":"category","embeddable":true,"href":"https:\/\/ppdegalicia.com\/es\/wp-json\/wp\/v2\/categories?post=67831"},{"taxonomy":"post_tag","embeddable":true,"href":"https:\/\/ppdegalicia.com\/es\/wp-json\/wp\/v2\/tags?post=67831"}],"curies":[{"name":"wp","href":"https:\/\/api.w.org\/{rel}","templated":true}]}}