{"id":67835,"date":"2025-07-23T09:57:41","date_gmt":"2025-07-23T08:57:41","guid":{"rendered":"https:\/\/ppdegalicia.com\/?p=67835"},"modified":"2025-07-24T09:59:14","modified_gmt":"2025-07-24T08:59:14","slug":"o-ppdeg-pon-en-valor-o-traballo-da-xunta-para-solucionar-os-problemas-de-obtencion-do-carne-de-conducir-e-pide-ao-goberno-central-que-adopte-medidas-urxentes","status":"publish","type":"post","link":"https:\/\/ppdegalicia.com\/es\/o-ppdeg-pon-en-valor-o-traballo-da-xunta-para-solucionar-os-problemas-de-obtencion-do-carne-de-conducir-e-pide-ao-goberno-central-que-adopte-medidas-urxentes\/","title":{"rendered":"O PPdeG pon en valor o traballo da Xunta para solucionar os problemas de obtenci\u00f3n do carn\u00e9 de conducir e pide ao Goberno central que adopte \u201cmedidas urxentes\u201d"},"content":{"rendered":"<p>A secretaria xeral do Partido Popular de Galicia, Paula Prado, participou hoxe nun acto organizado por Novas Xeraci\u00f3ns en Ourense, centrado nas dificultades que a mocidade atopa \u00e1 hora de obter o carn\u00e9 de conducir en Galicia, no que puxo en valor o traballo do Goberno galego para solucionar este problema.<\/p>\n<p>Durante a s\u00faa intervenci\u00f3n, Prado destacou \u201cas pol\u00edticas activas da Xunta de Galicia para mellorar a mobilidade e a inserci\u00f3n laboral da xuventude\u201d, como as axudas econ\u00f3micas para obter o carn\u00e9, que xa beneficiaron a 4.000 persoas novas.<\/p>\n<p>\u201cA realidade \u00e9 que o carn\u00e9 de conducir segue a ser unha ferramenta esencial para a independencia e o acceso ao emprego\u201d, afirmou Prado. Por\u00e9n, denunciou que \u201co amplo n\u00famero de prazas vacantes de examinadores na Direcci\u00f3n Xeral de Tr\u00e1fico est\u00e1 a xerar un colapso sen precedentes: segundo as \u00faltimas informaci\u00f3ns, hai arredor de 3.000 persoas en lista de espera na nosa Comunidade e un prazo de ata cinco meses para poder examinarse\u201d.<\/p>\n<p>Neste sentido, lembrou que \u00e9 o Goberno de S\u00e1nchez o que ten as competencias de Tr\u00e1fico e esixiulle que adopte todas aquelas medidas que permitan, de maneira urxente, a cobertura de prazas de examinadores de tr\u00e1fico vacantes en Galicia. \u201cNon se pode seguir permitindo que o Goberno central mire para outro lado mentres os galegos ven paralizados os seus proxectos de vida e traballo\u201d, insistiu Prado.<\/p>\n<p>De feito, o propio director xeral de Tr\u00e1fico, Pere Navarro, reco\u00f1eceu onte publicamente que \u201cnon hai suficientes examinadores para asumir todas as solicitudes de persoas que queren sacarse o carn\u00e9\u201d.<\/p>\n<p>\u201cA consecuencia disto\u201d, indicou Prado, \u201c\u00e9 que moitos mozos e mozas perden oportunidades de traballo ou de acceder a oposici\u00f3ns por non dispo\u00f1er do permiso nun prazo razoable\u201d.<\/p>\n<p><strong>O CIFP PORTOVELLO DE OURENSE, PIONEIRO NA FORMACI\u00d3N<\/strong><\/p>\n<p>Con todo, Paula Prado quixo destacar unha boa nova que amosa a capacidade de Galicia, e neste caso a provincia de Ourense, para ofrecer soluci\u00f3ns: \u201cHai pouco sa\u00edu do CIFP Portovello de Ourense a primeira promoci\u00f3n de profesores de autoescola formados nun ciclo superior de Formaci\u00f3n Profesional. Son 14 alumnos que simbolizan o compromiso de Galicia coa formaci\u00f3n \u00fatil e de calidade\u201d.<\/p>\n<p>\u201cGalicia, unha vez m\u00e1is, vai un paso por diante na soluci\u00f3n dun problema que afecta a toda Espa\u00f1a, cun modelo que marca o cami\u00f1o a seguir\u201d, asegurou, e apuntou que a Deputaci\u00f3n de Ourense prestou un apoio importante a esta iniciativa de FP ao financiar as pr\u00e1cticas e os materiais.<\/p>\n<p>Pola s\u00faa banda, a presidenta de Novas Xeraci\u00f3ns de Galicia, Nicole Grueira, puxo en valor a \u201caposta decidida\u201d do Goberno galego pola FP dual e, en particular, por un ciclo pioneiro que s\u00f3 existe en Galicia e que se imparte na provincia de Ourense. \u201cUn ciclo que permite formar a mozos e mozas que queiran ser profesores de autoescola, garantindo as\u00ed o relevo xeracional nun sector clave\u201d, engadiu.<\/p>\n<p>Segundo Grueira, esta iniciativa \u201camosa que a Xunta e o PPdeG est\u00e1n ao car\u00f3n da xuventude, investindo en formaci\u00f3n e no futuro de Galicia. E se se inviste en quen vai formar os futuros condutores, estase a constru\u00edr unha sociedade m\u00e1is sostible, m\u00e1is segura e m\u00e1is responsable\u201d.<\/p>\n<p>A presidente de Novas Xeraci\u00f3ns, acompa\u00f1ada do deputado auton\u00f3mico Jos\u00e9 Luis Ferro e do responsable da organizaci\u00f3n xuvenil na provincia, Nacho Campo, tam\u00e9n anunciou que o PPdeG rexistrou no Parlamento galego unha iniciativa.<\/p>\n<p>Mentres, a responsable local do PP en Ourense, Ana M\u00e9ndez, subli\u00f1ou a importancia estrat\u00e9xica que ten a provincia no \u00e1mbito da formaci\u00f3n viaria: \u201cXogou un papel clave para que esta iniciativa fose unha realidade, grazas tam\u00e9n ao impulso e \u00e1 aposta da Asociaci\u00f3n de Autoescolas de Ourense\u201d.<\/p>\n<p>M\u00e9ndez destacou que \u201cOurense ser\u00e1 a \u00fanica provincia de Galicia \u2014e unha das poucas en todo o Estado\u2014 onde durante o mes de agosto non haber\u00e1 listas de agarda para os exames de conducir. Todos os alumnos que queiran examinarse poder\u00e1n facelo sen atrasos nin limitaci\u00f3ns\u201d.<\/p>\n<p><strong>\u201cESPA\u00d1A PRECISA QUE FEIJ\u00d3O COLLA O VOLANTE\u201d<\/strong><\/p>\n<p>Finalmente, en clave nacional, a secretaria xeral do PP de Galicia lembrou que hoxe se cumpren dous anos desde que o Partido Popular, con Alberto N\u00fa\u00f1ez Feij\u00f3o \u00e1 fronte, ga\u00f1ou as elecci\u00f3ns xerais de 2023. \u201cPor desgraza, continuamos cun Goberno de Espa\u00f1a liderado por Pedro S\u00e1nchez, que segue instalado na mentira, sometido \u00e1s chantaxes constantes dos seus socios independentistas e incapaz de gobernar para o conxunto dos espa\u00f1ois\u201d, asegurou.<\/p>\n<p>Prado denunciou que estes dous anos foron \u201cunha sucesi\u00f3n de cesi\u00f3ns pol\u00edticas, privilexios territoriais e esc\u00e1ndalos de corrupci\u00f3n que deixan a Espa\u00f1a paralizada e sen rumbo\u201d. E agregou: \u201cS\u00e1nchez s\u00f3 pensa en aguantar un minuto m\u00e1is na Moncloa, a\u00ednda que iso supo\u00f1a vender a unidade e a igualdade dos cidad\u00e1ns\u201d.<\/p>\n<p>Neste momento da lexislatura, a dirixente popular apelou \u00e1 necesidade dun cambio de rumbo urxente: \u201cEspa\u00f1a non pode seguir as\u00ed. Hai que cambiar de condutor, e ese condutor non pode ser outro que Alberto N\u00fa\u00f1ez Feij\u00f3o\u201d.<\/p>\n","protected":false},"excerpt":{"rendered":"<p>A secretaria xeral do Partido Popular de Galicia, Paula Prado, participou hoxe nun acto organizado por Novas Xeraci\u00f3ns en Ourense, centrado nas dificultades que a mocidade atopa \u00e1 hora de obter o carn\u00e9 de conducir en Galicia, no que puxo en valor o traballo do Goberno galego para solucionar este problema. Durante a s\u00faa intervenci\u00f3n, [&hellip;]<\/p>\n","protected":false},"author":38,"featured_media":67836,"comment_status":"closed","ping_status":"open","sticky":false,"template":"","format":"standard","meta":{"_acf_changed":false,"footnotes":""},"categories":[1],"tags":[],"class_list":["post-67835","post","type-post","status-publish","format-standard","has-post-thumbnail","hentry","category-pp-de-galicia"],"acf":[],"yoast_head":"<!-- This site is optimized with the Yoast SEO plugin v27.3 - https:\/\/yoast.com\/product\/yoast-seo-wordpress\/ -->\n<title>O PPdeG pon en valor o traballo da Xunta para solucionar os problemas de obtenci\u00f3n do carn\u00e9 de conducir e pide ao Goberno central que adopte \u201cmedidas urxentes\u201d - PP de Galicia<\/title>\n<meta name=\"description\" content=\"A secretaria xeral do Partido Popular de Galicia, Paula Prado, participou hoxe nun acto organizado por Novas Xeraci\u00f3ns en Ourense, centrado nas dificultades que a mocidade atopa \u00e1 hora de obter o carn\u00e9 de conducir en Galicia, no que puxo en valor o traballo do Goberno galego para solucionar este problema.\" \/>\n<meta name=\"robots\" content=\"index, follow, max-snippet:-1, max-image-preview:large, max-video-preview:-1\" \/>\n<link rel=\"canonical\" href=\"https:\/\/ppdegalicia.com\/es\/o-ppdeg-pon-en-valor-o-traballo-da-xunta-para-solucionar-os-problemas-de-obtencion-do-carne-de-conducir-e-pide-ao-goberno-central-que-adopte-medidas-urxentes\/\" \/>\n<meta property=\"og:locale\" content=\"es_ES\" \/>\n<meta property=\"og:type\" content=\"article\" \/>\n<meta property=\"og:title\" content=\"O PPdeG pon en valor o traballo da Xunta para solucionar os problemas de obtenci\u00f3n do carn\u00e9 de conducir e pide ao Goberno central que adopte \u201cmedidas urxentes\u201d - PP de Galicia\" \/>\n<meta property=\"og:description\" content=\"A secretaria xeral do Partido Popular de Galicia, Paula Prado, participou hoxe nun acto organizado por Novas Xeraci\u00f3ns en Ourense, centrado nas dificultades que a mocidade atopa \u00e1 hora de obter o carn\u00e9 de conducir en Galicia, no que puxo en valor o traballo do Goberno galego para solucionar este problema.\" \/>\n<meta property=\"og:url\" content=\"https:\/\/ppdegalicia.com\/es\/o-ppdeg-pon-en-valor-o-traballo-da-xunta-para-solucionar-os-problemas-de-obtencion-do-carne-de-conducir-e-pide-ao-goberno-central-que-adopte-medidas-urxentes\/\" \/>\n<meta property=\"og:site_name\" content=\"PP de Galicia\" \/>\n<meta property=\"article:publisher\" content=\"https:\/\/www.instagram.com\/ppdegalicia\/\" \/>\n<meta property=\"article:published_time\" content=\"2025-07-23T08:57:41+00:00\" \/>\n<meta property=\"article:modified_time\" content=\"2025-07-24T08:59:14+00:00\" \/>\n<meta property=\"og:image\" content=\"https:\/\/ppdegalicia.com\/wp-content\/uploads\/2025\/07\/20250723_PPrado_CarneConducir_1-scaled.jpg\" \/>\n\t<meta property=\"og:image:width\" content=\"2560\" \/>\n\t<meta property=\"og:image:height\" content=\"1707\" \/>\n\t<meta property=\"og:image:type\" content=\"image\/jpeg\" \/>\n<meta name=\"author\" content=\"ppdegaliciaredes\" \/>\n<meta name=\"twitter:card\" content=\"summary_large_image\" \/>\n<meta name=\"twitter:creator\" content=\"@ppdegalicia\" \/>\n<meta name=\"twitter:site\" content=\"@ppdegalicia\" \/>\n<meta name=\"twitter:label1\" content=\"Escrito por\" \/>\n\t<meta name=\"twitter:data1\" content=\"ppdegaliciaredes\" \/>\n\t<meta name=\"twitter:label2\" content=\"Tiempo de lectura\" \/>\n\t<meta name=\"twitter:data2\" content=\"5 minutos\" \/>\n<script type=\"application\/ld+json\" class=\"yoast-schema-graph\">{\"@context\":\"https:\\\/\\\/schema.org\",\"@graph\":[{\"@type\":\"Article\",\"@id\":\"https:\\\/\\\/ppdegalicia.com\\\/es\\\/o-ppdeg-pon-en-valor-o-traballo-da-xunta-para-solucionar-os-problemas-de-obtencion-do-carne-de-conducir-e-pide-ao-goberno-central-que-adopte-medidas-urxentes\\\/#article\",\"isPartOf\":{\"@id\":\"https:\\\/\\\/ppdegalicia.com\\\/es\\\/o-ppdeg-pon-en-valor-o-traballo-da-xunta-para-solucionar-os-problemas-de-obtencion-do-carne-de-conducir-e-pide-ao-goberno-central-que-adopte-medidas-urxentes\\\/\"},\"author\":{\"name\":\"ppdegaliciaredes\",\"@id\":\"https:\\\/\\\/ppdegalicia.com\\\/es\\\/#\\\/schema\\\/person\\\/5b822c6f59e872ebdd1142f307dbcb59\"},\"headline\":\"O PPdeG pon en valor o traballo da Xunta para solucionar os problemas de obtenci\u00f3n do carn\u00e9 de conducir e pide ao Goberno central que adopte \u201cmedidas urxentes\u201d\",\"datePublished\":\"2025-07-23T08:57:41+00:00\",\"dateModified\":\"2025-07-24T08:59:14+00:00\",\"mainEntityOfPage\":{\"@id\":\"https:\\\/\\\/ppdegalicia.com\\\/es\\\/o-ppdeg-pon-en-valor-o-traballo-da-xunta-para-solucionar-os-problemas-de-obtencion-do-carne-de-conducir-e-pide-ao-goberno-central-que-adopte-medidas-urxentes\\\/\"},\"wordCount\":903,\"publisher\":{\"@id\":\"https:\\\/\\\/ppdegalicia.com\\\/es\\\/#organization\"},\"image\":{\"@id\":\"https:\\\/\\\/ppdegalicia.com\\\/es\\\/o-ppdeg-pon-en-valor-o-traballo-da-xunta-para-solucionar-os-problemas-de-obtencion-do-carne-de-conducir-e-pide-ao-goberno-central-que-adopte-medidas-urxentes\\\/#primaryimage\"},\"thumbnailUrl\":\"https:\\\/\\\/ppdegalicia.com\\\/wp-content\\\/uploads\\\/2025\\\/07\\\/20250723_PPrado_CarneConducir_1-scaled.jpg\",\"articleSection\":[\"PP de Galicia\"],\"inLanguage\":\"es\"},{\"@type\":\"WebPage\",\"@id\":\"https:\\\/\\\/ppdegalicia.com\\\/es\\\/o-ppdeg-pon-en-valor-o-traballo-da-xunta-para-solucionar-os-problemas-de-obtencion-do-carne-de-conducir-e-pide-ao-goberno-central-que-adopte-medidas-urxentes\\\/\",\"url\":\"https:\\\/\\\/ppdegalicia.com\\\/es\\\/o-ppdeg-pon-en-valor-o-traballo-da-xunta-para-solucionar-os-problemas-de-obtencion-do-carne-de-conducir-e-pide-ao-goberno-central-que-adopte-medidas-urxentes\\\/\",\"name\":\"O PPdeG pon en valor o traballo da Xunta para solucionar os problemas de obtenci\u00f3n do carn\u00e9 de conducir e pide ao Goberno central que adopte \u201cmedidas urxentes\u201d - PP de Galicia\",\"isPartOf\":{\"@id\":\"https:\\\/\\\/ppdegalicia.com\\\/es\\\/#website\"},\"primaryImageOfPage\":{\"@id\":\"https:\\\/\\\/ppdegalicia.com\\\/es\\\/o-ppdeg-pon-en-valor-o-traballo-da-xunta-para-solucionar-os-problemas-de-obtencion-do-carne-de-conducir-e-pide-ao-goberno-central-que-adopte-medidas-urxentes\\\/#primaryimage\"},\"image\":{\"@id\":\"https:\\\/\\\/ppdegalicia.com\\\/es\\\/o-ppdeg-pon-en-valor-o-traballo-da-xunta-para-solucionar-os-problemas-de-obtencion-do-carne-de-conducir-e-pide-ao-goberno-central-que-adopte-medidas-urxentes\\\/#primaryimage\"},\"thumbnailUrl\":\"https:\\\/\\\/ppdegalicia.com\\\/wp-content\\\/uploads\\\/2025\\\/07\\\/20250723_PPrado_CarneConducir_1-scaled.jpg\",\"datePublished\":\"2025-07-23T08:57:41+00:00\",\"dateModified\":\"2025-07-24T08:59:14+00:00\",\"description\":\"A secretaria xeral do Partido Popular de Galicia, Paula Prado, participou hoxe nun acto organizado por Novas Xeraci\u00f3ns en Ourense, centrado nas dificultades que a mocidade atopa \u00e1 hora de obter o carn\u00e9 de conducir en Galicia, no que puxo en valor o traballo do Goberno galego para solucionar este problema.\",\"breadcrumb\":{\"@id\":\"https:\\\/\\\/ppdegalicia.com\\\/es\\\/o-ppdeg-pon-en-valor-o-traballo-da-xunta-para-solucionar-os-problemas-de-obtencion-do-carne-de-conducir-e-pide-ao-goberno-central-que-adopte-medidas-urxentes\\\/#breadcrumb\"},\"inLanguage\":\"es\",\"potentialAction\":[{\"@type\":\"ReadAction\",\"target\":[\"https:\\\/\\\/ppdegalicia.com\\\/es\\\/o-ppdeg-pon-en-valor-o-traballo-da-xunta-para-solucionar-os-problemas-de-obtencion-do-carne-de-conducir-e-pide-ao-goberno-central-que-adopte-medidas-urxentes\\\/\"]}]},{\"@type\":\"ImageObject\",\"inLanguage\":\"es\",\"@id\":\"https:\\\/\\\/ppdegalicia.com\\\/es\\\/o-ppdeg-pon-en-valor-o-traballo-da-xunta-para-solucionar-os-problemas-de-obtencion-do-carne-de-conducir-e-pide-ao-goberno-central-que-adopte-medidas-urxentes\\\/#primaryimage\",\"url\":\"https:\\\/\\\/ppdegalicia.com\\\/wp-content\\\/uploads\\\/2025\\\/07\\\/20250723_PPrado_CarneConducir_1-scaled.jpg\",\"contentUrl\":\"https:\\\/\\\/ppdegalicia.com\\\/wp-content\\\/uploads\\\/2025\\\/07\\\/20250723_PPrado_CarneConducir_1-scaled.jpg\",\"width\":2560,\"height\":1707},{\"@type\":\"BreadcrumbList\",\"@id\":\"https:\\\/\\\/ppdegalicia.com\\\/es\\\/o-ppdeg-pon-en-valor-o-traballo-da-xunta-para-solucionar-os-problemas-de-obtencion-do-carne-de-conducir-e-pide-ao-goberno-central-que-adopte-medidas-urxentes\\\/#breadcrumb\",\"itemListElement\":[{\"@type\":\"ListItem\",\"position\":1,\"name\":\"Portada\",\"item\":\"https:\\\/\\\/ppdegalicia.com\\\/es\\\/\"},{\"@type\":\"ListItem\",\"position\":2,\"name\":\"O PPdeG pon en valor o traballo da Xunta para solucionar os problemas de obtenci\u00f3n do carn\u00e9 de conducir e pide ao Goberno central que adopte \u201cmedidas urxentes\u201d\"}]},{\"@type\":\"WebSite\",\"@id\":\"https:\\\/\\\/ppdegalicia.com\\\/es\\\/#website\",\"url\":\"https:\\\/\\\/ppdegalicia.com\\\/es\\\/\",\"name\":\"Partido Popular de Galicia\",\"description\":\"Partido Popular de Galicia\",\"publisher\":{\"@id\":\"https:\\\/\\\/ppdegalicia.com\\\/es\\\/#organization\"},\"alternateName\":\"PP de Galicia\",\"potentialAction\":[{\"@type\":\"SearchAction\",\"target\":{\"@type\":\"EntryPoint\",\"urlTemplate\":\"https:\\\/\\\/ppdegalicia.com\\\/es\\\/?s={search_term_string}\"},\"query-input\":{\"@type\":\"PropertyValueSpecification\",\"valueRequired\":true,\"valueName\":\"search_term_string\"}}],\"inLanguage\":\"es\"},{\"@type\":\"Organization\",\"@id\":\"https:\\\/\\\/ppdegalicia.com\\\/es\\\/#organization\",\"name\":\"Partido Popular de Galicia\",\"alternateName\":\"PP de Galicia\",\"url\":\"https:\\\/\\\/ppdegalicia.com\\\/es\\\/\",\"logo\":{\"@type\":\"ImageObject\",\"inLanguage\":\"es\",\"@id\":\"https:\\\/\\\/ppdegalicia.com\\\/es\\\/#\\\/schema\\\/logo\\\/image\\\/\",\"url\":\"https:\\\/\\\/ppdegalicia.com\\\/wp-content\\\/uploads\\\/2023\\\/04\\\/logoPP512.png\",\"contentUrl\":\"https:\\\/\\\/ppdegalicia.com\\\/wp-content\\\/uploads\\\/2023\\\/04\\\/logoPP512.png\",\"width\":512,\"height\":512,\"caption\":\"Partido Popular de Galicia\"},\"image\":{\"@id\":\"https:\\\/\\\/ppdegalicia.com\\\/es\\\/#\\\/schema\\\/logo\\\/image\\\/\"},\"sameAs\":[\"https:\\\/\\\/www.instagram.com\\\/ppdegalicia\\\/\",\"https:\\\/\\\/x.com\\\/ppdegalicia\",\"https:\\\/\\\/www.tiktok.com\\\/@ppdegalicia\",\"https:\\\/\\\/www.youtube.com\\\/user\\\/ppdegalicia\"]},{\"@type\":\"Person\",\"@id\":\"https:\\\/\\\/ppdegalicia.com\\\/es\\\/#\\\/schema\\\/person\\\/5b822c6f59e872ebdd1142f307dbcb59\",\"name\":\"ppdegaliciaredes\",\"image\":{\"@type\":\"ImageObject\",\"inLanguage\":\"es\",\"@id\":\"https:\\\/\\\/secure.gravatar.com\\\/avatar\\\/3c9179cf0256d00c72a48d1f25783c58b6842cd56e85ef3a572881c8e28ccd59?s=96&d=mm&r=g\",\"url\":\"https:\\\/\\\/secure.gravatar.com\\\/avatar\\\/3c9179cf0256d00c72a48d1f25783c58b6842cd56e85ef3a572881c8e28ccd59?s=96&d=mm&r=g\",\"contentUrl\":\"https:\\\/\\\/secure.gravatar.com\\\/avatar\\\/3c9179cf0256d00c72a48d1f25783c58b6842cd56e85ef3a572881c8e28ccd59?s=96&d=mm&r=g\",\"caption\":\"ppdegaliciaredes\"},\"url\":\"https:\\\/\\\/ppdegalicia.com\\\/es\\\/author\\\/ppdegaliciaredes\\\/\"}]}<\/script>\n<!-- \/ Yoast SEO plugin. -->","yoast_head_json":{"title":"O PPdeG pon en valor o traballo da Xunta para solucionar os problemas de obtenci\u00f3n do carn\u00e9 de conducir e pide ao Goberno central que adopte \u201cmedidas urxentes\u201d - PP de Galicia","description":"A secretaria xeral do Partido Popular de Galicia, Paula Prado, participou hoxe nun acto organizado por Novas Xeraci\u00f3ns en Ourense, centrado nas dificultades que a mocidade atopa \u00e1 hora de obter o carn\u00e9 de conducir en Galicia, no que puxo en valor o traballo do Goberno galego para solucionar este problema.","robots":{"index":"index","follow":"follow","max-snippet":"max-snippet:-1","max-image-preview":"max-image-preview:large","max-video-preview":"max-video-preview:-1"},"canonical":"https:\/\/ppdegalicia.com\/es\/o-ppdeg-pon-en-valor-o-traballo-da-xunta-para-solucionar-os-problemas-de-obtencion-do-carne-de-conducir-e-pide-ao-goberno-central-que-adopte-medidas-urxentes\/","og_locale":"es_ES","og_type":"article","og_title":"O PPdeG pon en valor o traballo da Xunta para solucionar os problemas de obtenci\u00f3n do carn\u00e9 de conducir e pide ao Goberno central que adopte \u201cmedidas urxentes\u201d - PP de Galicia","og_description":"A secretaria xeral do Partido Popular de Galicia, Paula Prado, participou hoxe nun acto organizado por Novas Xeraci\u00f3ns en Ourense, centrado nas dificultades que a mocidade atopa \u00e1 hora de obter o carn\u00e9 de conducir en Galicia, no que puxo en valor o traballo do Goberno galego para solucionar este problema.","og_url":"https:\/\/ppdegalicia.com\/es\/o-ppdeg-pon-en-valor-o-traballo-da-xunta-para-solucionar-os-problemas-de-obtencion-do-carne-de-conducir-e-pide-ao-goberno-central-que-adopte-medidas-urxentes\/","og_site_name":"PP de Galicia","article_publisher":"https:\/\/www.instagram.com\/ppdegalicia\/","article_published_time":"2025-07-23T08:57:41+00:00","article_modified_time":"2025-07-24T08:59:14+00:00","og_image":[{"width":2560,"height":1707,"url":"https:\/\/ppdegalicia.com\/wp-content\/uploads\/2025\/07\/20250723_PPrado_CarneConducir_1-scaled.jpg","type":"image\/jpeg"}],"author":"ppdegaliciaredes","twitter_card":"summary_large_image","twitter_creator":"@ppdegalicia","twitter_site":"@ppdegalicia","twitter_misc":{"Escrito por":"ppdegaliciaredes","Tiempo de lectura":"5 minutos"},"schema":{"@context":"https:\/\/schema.org","@graph":[{"@type":"Article","@id":"https:\/\/ppdegalicia.com\/es\/o-ppdeg-pon-en-valor-o-traballo-da-xunta-para-solucionar-os-problemas-de-obtencion-do-carne-de-conducir-e-pide-ao-goberno-central-que-adopte-medidas-urxentes\/#article","isPartOf":{"@id":"https:\/\/ppdegalicia.com\/es\/o-ppdeg-pon-en-valor-o-traballo-da-xunta-para-solucionar-os-problemas-de-obtencion-do-carne-de-conducir-e-pide-ao-goberno-central-que-adopte-medidas-urxentes\/"},"author":{"name":"ppdegaliciaredes","@id":"https:\/\/ppdegalicia.com\/es\/#\/schema\/person\/5b822c6f59e872ebdd1142f307dbcb59"},"headline":"O PPdeG pon en valor o traballo da Xunta para solucionar os problemas de obtenci\u00f3n do carn\u00e9 de conducir e pide ao Goberno central que adopte \u201cmedidas urxentes\u201d","datePublished":"2025-07-23T08:57:41+00:00","dateModified":"2025-07-24T08:59:14+00:00","mainEntityOfPage":{"@id":"https:\/\/ppdegalicia.com\/es\/o-ppdeg-pon-en-valor-o-traballo-da-xunta-para-solucionar-os-problemas-de-obtencion-do-carne-de-conducir-e-pide-ao-goberno-central-que-adopte-medidas-urxentes\/"},"wordCount":903,"publisher":{"@id":"https:\/\/ppdegalicia.com\/es\/#organization"},"image":{"@id":"https:\/\/ppdegalicia.com\/es\/o-ppdeg-pon-en-valor-o-traballo-da-xunta-para-solucionar-os-problemas-de-obtencion-do-carne-de-conducir-e-pide-ao-goberno-central-que-adopte-medidas-urxentes\/#primaryimage"},"thumbnailUrl":"https:\/\/ppdegalicia.com\/wp-content\/uploads\/2025\/07\/20250723_PPrado_CarneConducir_1-scaled.jpg","articleSection":["PP de Galicia"],"inLanguage":"es"},{"@type":"WebPage","@id":"https:\/\/ppdegalicia.com\/es\/o-ppdeg-pon-en-valor-o-traballo-da-xunta-para-solucionar-os-problemas-de-obtencion-do-carne-de-conducir-e-pide-ao-goberno-central-que-adopte-medidas-urxentes\/","url":"https:\/\/ppdegalicia.com\/es\/o-ppdeg-pon-en-valor-o-traballo-da-xunta-para-solucionar-os-problemas-de-obtencion-do-carne-de-conducir-e-pide-ao-goberno-central-que-adopte-medidas-urxentes\/","name":"O PPdeG pon en valor o traballo da Xunta para solucionar os problemas de obtenci\u00f3n do carn\u00e9 de conducir e pide ao Goberno central que adopte \u201cmedidas urxentes\u201d - PP de Galicia","isPartOf":{"@id":"https:\/\/ppdegalicia.com\/es\/#website"},"primaryImageOfPage":{"@id":"https:\/\/ppdegalicia.com\/es\/o-ppdeg-pon-en-valor-o-traballo-da-xunta-para-solucionar-os-problemas-de-obtencion-do-carne-de-conducir-e-pide-ao-goberno-central-que-adopte-medidas-urxentes\/#primaryimage"},"image":{"@id":"https:\/\/ppdegalicia.com\/es\/o-ppdeg-pon-en-valor-o-traballo-da-xunta-para-solucionar-os-problemas-de-obtencion-do-carne-de-conducir-e-pide-ao-goberno-central-que-adopte-medidas-urxentes\/#primaryimage"},"thumbnailUrl":"https:\/\/ppdegalicia.com\/wp-content\/uploads\/2025\/07\/20250723_PPrado_CarneConducir_1-scaled.jpg","datePublished":"2025-07-23T08:57:41+00:00","dateModified":"2025-07-24T08:59:14+00:00","description":"A secretaria xeral do Partido Popular de Galicia, Paula Prado, participou hoxe nun acto organizado por Novas Xeraci\u00f3ns en Ourense, centrado nas dificultades que a mocidade atopa \u00e1 hora de obter o carn\u00e9 de conducir en Galicia, no que puxo en valor o traballo do Goberno galego para solucionar este problema.","breadcrumb":{"@id":"https:\/\/ppdegalicia.com\/es\/o-ppdeg-pon-en-valor-o-traballo-da-xunta-para-solucionar-os-problemas-de-obtencion-do-carne-de-conducir-e-pide-ao-goberno-central-que-adopte-medidas-urxentes\/#breadcrumb"},"inLanguage":"es","potentialAction":[{"@type":"ReadAction","target":["https:\/\/ppdegalicia.com\/es\/o-ppdeg-pon-en-valor-o-traballo-da-xunta-para-solucionar-os-problemas-de-obtencion-do-carne-de-conducir-e-pide-ao-goberno-central-que-adopte-medidas-urxentes\/"]}]},{"@type":"ImageObject","inLanguage":"es","@id":"https:\/\/ppdegalicia.com\/es\/o-ppdeg-pon-en-valor-o-traballo-da-xunta-para-solucionar-os-problemas-de-obtencion-do-carne-de-conducir-e-pide-ao-goberno-central-que-adopte-medidas-urxentes\/#primaryimage","url":"https:\/\/ppdegalicia.com\/wp-content\/uploads\/2025\/07\/20250723_PPrado_CarneConducir_1-scaled.jpg","contentUrl":"https:\/\/ppdegalicia.com\/wp-content\/uploads\/2025\/07\/20250723_PPrado_CarneConducir_1-scaled.jpg","width":2560,"height":1707},{"@type":"BreadcrumbList","@id":"https:\/\/ppdegalicia.com\/es\/o-ppdeg-pon-en-valor-o-traballo-da-xunta-para-solucionar-os-problemas-de-obtencion-do-carne-de-conducir-e-pide-ao-goberno-central-que-adopte-medidas-urxentes\/#breadcrumb","itemListElement":[{"@type":"ListItem","position":1,"name":"Portada","item":"https:\/\/ppdegalicia.com\/es\/"},{"@type":"ListItem","position":2,"name":"O PPdeG pon en valor o traballo da Xunta para solucionar os problemas de obtenci\u00f3n do carn\u00e9 de conducir e pide ao Goberno central que adopte \u201cmedidas urxentes\u201d"}]},{"@type":"WebSite","@id":"https:\/\/ppdegalicia.com\/es\/#website","url":"https:\/\/ppdegalicia.com\/es\/","name":"Partido Popular de Galicia","description":"Partido Popular de Galicia","publisher":{"@id":"https:\/\/ppdegalicia.com\/es\/#organization"},"alternateName":"PP de Galicia","potentialAction":[{"@type":"SearchAction","target":{"@type":"EntryPoint","urlTemplate":"https:\/\/ppdegalicia.com\/es\/?s={search_term_string}"},"query-input":{"@type":"PropertyValueSpecification","valueRequired":true,"valueName":"search_term_string"}}],"inLanguage":"es"},{"@type":"Organization","@id":"https:\/\/ppdegalicia.com\/es\/#organization","name":"Partido Popular de Galicia","alternateName":"PP de Galicia","url":"https:\/\/ppdegalicia.com\/es\/","logo":{"@type":"ImageObject","inLanguage":"es","@id":"https:\/\/ppdegalicia.com\/es\/#\/schema\/logo\/image\/","url":"https:\/\/ppdegalicia.com\/wp-content\/uploads\/2023\/04\/logoPP512.png","contentUrl":"https:\/\/ppdegalicia.com\/wp-content\/uploads\/2023\/04\/logoPP512.png","width":512,"height":512,"caption":"Partido Popular de Galicia"},"image":{"@id":"https:\/\/ppdegalicia.com\/es\/#\/schema\/logo\/image\/"},"sameAs":["https:\/\/www.instagram.com\/ppdegalicia\/","https:\/\/x.com\/ppdegalicia","https:\/\/www.tiktok.com\/@ppdegalicia","https:\/\/www.youtube.com\/user\/ppdegalicia"]},{"@type":"Person","@id":"https:\/\/ppdegalicia.com\/es\/#\/schema\/person\/5b822c6f59e872ebdd1142f307dbcb59","name":"ppdegaliciaredes","image":{"@type":"ImageObject","inLanguage":"es","@id":"https:\/\/secure.gravatar.com\/avatar\/3c9179cf0256d00c72a48d1f25783c58b6842cd56e85ef3a572881c8e28ccd59?s=96&d=mm&r=g","url":"https:\/\/secure.gravatar.com\/avatar\/3c9179cf0256d00c72a48d1f25783c58b6842cd56e85ef3a572881c8e28ccd59?s=96&d=mm&r=g","contentUrl":"https:\/\/secure.gravatar.com\/avatar\/3c9179cf0256d00c72a48d1f25783c58b6842cd56e85ef3a572881c8e28ccd59?s=96&d=mm&r=g","caption":"ppdegaliciaredes"},"url":"https:\/\/ppdegalicia.com\/es\/author\/ppdegaliciaredes\/"}]}},"_links":{"self":[{"href":"https:\/\/ppdegalicia.com\/es\/wp-json\/wp\/v2\/posts\/67835","targetHints":{"allow":["GET"]}}],"collection":[{"href":"https:\/\/ppdegalicia.com\/es\/wp-json\/wp\/v2\/posts"}],"about":[{"href":"https:\/\/ppdegalicia.com\/es\/wp-json\/wp\/v2\/types\/post"}],"author":[{"embeddable":true,"href":"https:\/\/ppdegalicia.com\/es\/wp-json\/wp\/v2\/users\/38"}],"replies":[{"embeddable":true,"href":"https:\/\/ppdegalicia.com\/es\/wp-json\/wp\/v2\/comments?post=67835"}],"version-history":[{"count":1,"href":"https:\/\/ppdegalicia.com\/es\/wp-json\/wp\/v2\/posts\/67835\/revisions"}],"predecessor-version":[{"id":67838,"href":"https:\/\/ppdegalicia.com\/es\/wp-json\/wp\/v2\/posts\/67835\/revisions\/67838"}],"wp:featuredmedia":[{"embeddable":true,"href":"https:\/\/ppdegalicia.com\/es\/wp-json\/wp\/v2\/media\/67836"}],"wp:attachment":[{"href":"https:\/\/ppdegalicia.com\/es\/wp-json\/wp\/v2\/media?parent=67835"}],"wp:term":[{"taxonomy":"category","embeddable":true,"href":"https:\/\/ppdegalicia.com\/es\/wp-json\/wp\/v2\/categories?post=67835"},{"taxonomy":"post_tag","embeddable":true,"href":"https:\/\/ppdegalicia.com\/es\/wp-json\/wp\/v2\/tags?post=67835"}],"curies":[{"name":"wp","href":"https:\/\/api.w.org\/{rel}","templated":true}]}}