{"id":67839,"date":"2025-07-24T12:08:22","date_gmt":"2025-07-24T11:08:22","guid":{"rendered":"https:\/\/ppdegalicia.com\/?p=67839"},"modified":"2025-07-24T12:08:22","modified_gmt":"2025-07-24T11:08:22","slug":"o-ppdeg-celebra-o-dia-de-galicia-cun-toque-de-humor-sublinando-que-a-galicia-do-si-e-a-da-gran-maioria-dos-galegos-e-galegas","status":"publish","type":"post","link":"https:\/\/ppdegalicia.com\/es\/o-ppdeg-celebra-o-dia-de-galicia-cun-toque-de-humor-sublinando-que-a-galicia-do-si-e-a-da-gran-maioria-dos-galegos-e-galegas\/","title":{"rendered":"O PPdeG celebra o D\u00eda de Galicia cun toque de humor subli\u00f1ando que \u201ca Galicia do si\u201d \u00e9 a da gran maior\u00eda dos galegos e galegas"},"content":{"rendered":"<p>O Partido Popular de Galicia conmemora hoxe o D\u00eda de Galicia tras un curso pol\u00edtico no que se despregou por completo o \u2018Estilo Rueda\u2019 de facer pol\u00edtica na nosa Comunidade, e faino a trav\u00e9s dun v\u00eddeo no que subli\u00f1a que \u201ca Galicia do si\u201d \u00e9 tam\u00e9n a da gran maior\u00eda dos galegos e galegas.<\/p>\n<p>Cun toque de humor, empregando diversos termos coa s\u00edlaba \u201csi\u201d, os populares galegos reivindican a Galicia en positivo como \u201ca Galicia do futuro\u201d, fronte a aqueles que din \u2018non\u2019 e que se opo\u00f1en calquera cousa por sistema, e explican as\u00ed a idea que intentan transmitir a trav\u00e9s desta pequena peza audiovisual: \u201cN\u00f3s miramos cara a adiante, con orgullo, forza e identidade\u201d.<\/p>\n<p>No v\u00eddeo participa como principal protagonista o presidente Alfonso Rueda, que na contorna da Fervenza do Toxa, onde tivo lugar a conmemoraci\u00f3n do D\u00eda de Galicia do PPdeG o pasado martes, deixa claro ante a secretaria xeral, Paula Prado, que esa fermosa paisaxe se atopa en \u201cSi-lleda\u201d.<\/p>\n<p>Tr\u00e1tase, ademais, dun lugar moi especial para o l\u00edder dos populares galegos, pois moi preto de al\u00ed no mesmo concello, na Bandeira, est\u00e1n as s\u00faas ra\u00edces. Aproveitando un xogo de palabras, colle un estandarte galego de mans de Luis L\u00f3pez, presidente provincial de Pontevedra, que se achegou ata a zona en bicicleta e, de paso, tam\u00e9n fixo fincap\u00e9 as\u00ed na importancia da actividade f\u00edsica.<\/p>\n<p>Esta \u00e9 a parte final do v\u00eddeo, que d\u00e1 comezo coa conversa entre dous turistas estranxeiros e o presidente provincial de Ourense, Luis Menor, que lles aclara que est\u00e1n ante o maxestoso r\u00edo \u201cSi-l\u201d, nunha escena gravada no miradoiro de Moura, no municipio de Nogueira de Ramu\u00edn, na Ribeira Sacra, que segue no cami\u00f1o a ser declarada Patrimonio Mundial da Unesco.<\/p>\n<p>A escena serve, ademais, para deixar claro que \u201cGalicia di \u2018si\u2019 tam\u00e9n a \u201cabrir os brazos a todo o mundo que nos queira visitar\u201d.<\/p>\n<p><strong>O QUEIXO SAN SIM\u00d3N E O \u2018VINTESINCO\u2019<\/strong><\/p>\n<p>Pola s\u00faa banda, a presidenta provincial de Lugo, Elena Candia, responde orgullosa que o produto t\u00edpico de Vilalba e un dos m\u00e1is co\u00f1ecidos de Galicia \u00e9 o queixo \u201cSan Si-m\u00f3n\u201d. Faino, ademais, no interior da queixer\u00eda Don Crisanto, que v\u00e9n de ser galardoada hai uns d\u00edas co premio ao mellor queixo de Espa\u00f1a, o que pon tam\u00e9n en valor a variedade e calidade da nosa gastronom\u00eda en toda a Comunidade.<\/p>\n<p>Por \u00faltimo, no porto de Malpica de Berganti\u00f1os, o presidente provincial da Coru\u00f1a, Diego Calvo, e a deputada auton\u00f3mica e percebeira Paula Mouzo Mas te\u00f1en unha curiosa conversaci\u00f3n, na que esta non se daba conta de que \u00e9 25 de xullo, d\u00eda festivo. \u201c\u00c9 verdade! Que \u00e9&#8230; vinteSinco\u201d, dille a camari\u00f1ana, con esa caracter\u00edstica fon\u00e9tica tan habitual na fala da Costa da Morte dunha lingua galega que tam\u00e9n \u00e9 protagonista neste D\u00eda de Galicia e coa que o PPdeG est\u00e1 comprometido.<\/p>\n<p>As\u00ed, Rueda remata recalcando que \u201csomos a Galicia da gran maior\u00eda dos galegos e galegas; a Galicia do futuro; a Galicia do si\u201d e, en definitiva, a Galicia do PPdeG, desex\u00e1ndolle un feliz d\u00eda a todos os galegos e galegas.<\/p>\n","protected":false},"excerpt":{"rendered":"<p>O Partido Popular de Galicia conmemora hoxe o D\u00eda de Galicia tras un curso pol\u00edtico no que se despregou por completo o \u2018Estilo Rueda\u2019 de facer pol\u00edtica na nosa Comunidade, e faino a trav\u00e9s dun v\u00eddeo no que subli\u00f1a que \u201ca Galicia do si\u201d \u00e9 tam\u00e9n a da gran maior\u00eda dos galegos e galegas. Cun [&hellip;]<\/p>\n","protected":false},"author":38,"featured_media":67840,"comment_status":"closed","ping_status":"open","sticky":false,"template":"","format":"standard","meta":{"_acf_changed":false,"footnotes":""},"categories":[1],"tags":[],"class_list":["post-67839","post","type-post","status-publish","format-standard","has-post-thumbnail","hentry","category-pp-de-galicia"],"acf":[],"yoast_head":"<!-- This site is optimized with the Yoast SEO plugin v27.3 - https:\/\/yoast.com\/product\/yoast-seo-wordpress\/ -->\n<title>O PPdeG celebra o D\u00eda de Galicia cun toque de humor subli\u00f1ando que \u201ca Galicia do si\u201d \u00e9 a da gran maior\u00eda dos galegos e galegas - PP de Galicia<\/title>\n<meta name=\"description\" content=\"O Partido Popular de Galicia conmemora hoxe o D\u00eda de Galicia tras un curso pol\u00edtico no que se despregou por completo o \u2018Estilo Rueda\u2019 de facer pol\u00edtica na nosa Comunidade, e faino a trav\u00e9s dun v\u00eddeo no que subli\u00f1a que \u201ca Galicia do si\u201d \u00e9 tam\u00e9n a da gran maior\u00eda dos galegos e galegas.\" \/>\n<meta name=\"robots\" content=\"index, follow, max-snippet:-1, max-image-preview:large, max-video-preview:-1\" \/>\n<link rel=\"canonical\" href=\"https:\/\/ppdegalicia.com\/es\/o-ppdeg-celebra-o-dia-de-galicia-cun-toque-de-humor-sublinando-que-a-galicia-do-si-e-a-da-gran-maioria-dos-galegos-e-galegas\/\" \/>\n<meta property=\"og:locale\" content=\"es_ES\" \/>\n<meta property=\"og:type\" content=\"article\" \/>\n<meta property=\"og:title\" content=\"O PPdeG celebra o D\u00eda de Galicia cun toque de humor subli\u00f1ando que \u201ca Galicia do si\u201d \u00e9 a da gran maior\u00eda dos galegos e galegas - PP de Galicia\" \/>\n<meta property=\"og:description\" content=\"O Partido Popular de Galicia conmemora hoxe o D\u00eda de Galicia tras un curso pol\u00edtico no que se despregou por completo o \u2018Estilo Rueda\u2019 de facer pol\u00edtica na nosa Comunidade, e faino a trav\u00e9s dun v\u00eddeo no que subli\u00f1a que \u201ca Galicia do si\u201d \u00e9 tam\u00e9n a da gran maior\u00eda dos galegos e galegas.\" \/>\n<meta property=\"og:url\" content=\"https:\/\/ppdegalicia.com\/es\/o-ppdeg-celebra-o-dia-de-galicia-cun-toque-de-humor-sublinando-que-a-galicia-do-si-e-a-da-gran-maioria-dos-galegos-e-galegas\/\" \/>\n<meta property=\"og:site_name\" content=\"PP de Galicia\" \/>\n<meta property=\"article:publisher\" content=\"https:\/\/www.instagram.com\/ppdegalicia\/\" \/>\n<meta property=\"article:published_time\" content=\"2025-07-24T11:08:22+00:00\" \/>\n<meta property=\"og:image\" content=\"https:\/\/ppdegalicia.com\/wp-content\/uploads\/2025\/07\/WhatsApp-Image-2025-07-24-at-13.07.32.jpeg\" \/>\n\t<meta property=\"og:image:width\" content=\"1600\" \/>\n\t<meta property=\"og:image:height\" content=\"900\" \/>\n\t<meta property=\"og:image:type\" content=\"image\/jpeg\" \/>\n<meta name=\"author\" content=\"ppdegaliciaredes\" \/>\n<meta name=\"twitter:card\" content=\"summary_large_image\" \/>\n<meta name=\"twitter:creator\" content=\"@ppdegalicia\" \/>\n<meta name=\"twitter:site\" content=\"@ppdegalicia\" \/>\n<meta name=\"twitter:label1\" content=\"Escrito por\" \/>\n\t<meta name=\"twitter:data1\" content=\"ppdegaliciaredes\" \/>\n\t<meta name=\"twitter:label2\" content=\"Tiempo de lectura\" \/>\n\t<meta name=\"twitter:data2\" content=\"3 minutos\" \/>\n<script type=\"application\/ld+json\" class=\"yoast-schema-graph\">{\"@context\":\"https:\\\/\\\/schema.org\",\"@graph\":[{\"@type\":\"Article\",\"@id\":\"https:\\\/\\\/ppdegalicia.com\\\/es\\\/o-ppdeg-celebra-o-dia-de-galicia-cun-toque-de-humor-sublinando-que-a-galicia-do-si-e-a-da-gran-maioria-dos-galegos-e-galegas\\\/#article\",\"isPartOf\":{\"@id\":\"https:\\\/\\\/ppdegalicia.com\\\/es\\\/o-ppdeg-celebra-o-dia-de-galicia-cun-toque-de-humor-sublinando-que-a-galicia-do-si-e-a-da-gran-maioria-dos-galegos-e-galegas\\\/\"},\"author\":{\"name\":\"ppdegaliciaredes\",\"@id\":\"https:\\\/\\\/ppdegalicia.com\\\/es\\\/#\\\/schema\\\/person\\\/5b822c6f59e872ebdd1142f307dbcb59\"},\"headline\":\"O PPdeG celebra o D\u00eda de Galicia cun toque de humor subli\u00f1ando que \u201ca Galicia do si\u201d \u00e9 a da gran maior\u00eda dos galegos e galegas\",\"datePublished\":\"2025-07-24T11:08:22+00:00\",\"mainEntityOfPage\":{\"@id\":\"https:\\\/\\\/ppdegalicia.com\\\/es\\\/o-ppdeg-celebra-o-dia-de-galicia-cun-toque-de-humor-sublinando-que-a-galicia-do-si-e-a-da-gran-maioria-dos-galegos-e-galegas\\\/\"},\"wordCount\":584,\"publisher\":{\"@id\":\"https:\\\/\\\/ppdegalicia.com\\\/es\\\/#organization\"},\"image\":{\"@id\":\"https:\\\/\\\/ppdegalicia.com\\\/es\\\/o-ppdeg-celebra-o-dia-de-galicia-cun-toque-de-humor-sublinando-que-a-galicia-do-si-e-a-da-gran-maioria-dos-galegos-e-galegas\\\/#primaryimage\"},\"thumbnailUrl\":\"https:\\\/\\\/ppdegalicia.com\\\/wp-content\\\/uploads\\\/2025\\\/07\\\/WhatsApp-Image-2025-07-24-at-13.07.32.jpeg\",\"articleSection\":[\"PP de Galicia\"],\"inLanguage\":\"es\"},{\"@type\":\"WebPage\",\"@id\":\"https:\\\/\\\/ppdegalicia.com\\\/es\\\/o-ppdeg-celebra-o-dia-de-galicia-cun-toque-de-humor-sublinando-que-a-galicia-do-si-e-a-da-gran-maioria-dos-galegos-e-galegas\\\/\",\"url\":\"https:\\\/\\\/ppdegalicia.com\\\/es\\\/o-ppdeg-celebra-o-dia-de-galicia-cun-toque-de-humor-sublinando-que-a-galicia-do-si-e-a-da-gran-maioria-dos-galegos-e-galegas\\\/\",\"name\":\"O PPdeG celebra o D\u00eda de Galicia cun toque de humor subli\u00f1ando que \u201ca Galicia do si\u201d \u00e9 a da gran maior\u00eda dos galegos e galegas - PP de Galicia\",\"isPartOf\":{\"@id\":\"https:\\\/\\\/ppdegalicia.com\\\/es\\\/#website\"},\"primaryImageOfPage\":{\"@id\":\"https:\\\/\\\/ppdegalicia.com\\\/es\\\/o-ppdeg-celebra-o-dia-de-galicia-cun-toque-de-humor-sublinando-que-a-galicia-do-si-e-a-da-gran-maioria-dos-galegos-e-galegas\\\/#primaryimage\"},\"image\":{\"@id\":\"https:\\\/\\\/ppdegalicia.com\\\/es\\\/o-ppdeg-celebra-o-dia-de-galicia-cun-toque-de-humor-sublinando-que-a-galicia-do-si-e-a-da-gran-maioria-dos-galegos-e-galegas\\\/#primaryimage\"},\"thumbnailUrl\":\"https:\\\/\\\/ppdegalicia.com\\\/wp-content\\\/uploads\\\/2025\\\/07\\\/WhatsApp-Image-2025-07-24-at-13.07.32.jpeg\",\"datePublished\":\"2025-07-24T11:08:22+00:00\",\"description\":\"O Partido Popular de Galicia conmemora hoxe o D\u00eda de Galicia tras un curso pol\u00edtico no que se despregou por completo o \u2018Estilo Rueda\u2019 de facer pol\u00edtica na nosa Comunidade, e faino a trav\u00e9s dun v\u00eddeo no que subli\u00f1a que \u201ca Galicia do si\u201d \u00e9 tam\u00e9n a da gran maior\u00eda dos galegos e galegas.\",\"breadcrumb\":{\"@id\":\"https:\\\/\\\/ppdegalicia.com\\\/es\\\/o-ppdeg-celebra-o-dia-de-galicia-cun-toque-de-humor-sublinando-que-a-galicia-do-si-e-a-da-gran-maioria-dos-galegos-e-galegas\\\/#breadcrumb\"},\"inLanguage\":\"es\",\"potentialAction\":[{\"@type\":\"ReadAction\",\"target\":[\"https:\\\/\\\/ppdegalicia.com\\\/es\\\/o-ppdeg-celebra-o-dia-de-galicia-cun-toque-de-humor-sublinando-que-a-galicia-do-si-e-a-da-gran-maioria-dos-galegos-e-galegas\\\/\"]}]},{\"@type\":\"ImageObject\",\"inLanguage\":\"es\",\"@id\":\"https:\\\/\\\/ppdegalicia.com\\\/es\\\/o-ppdeg-celebra-o-dia-de-galicia-cun-toque-de-humor-sublinando-que-a-galicia-do-si-e-a-da-gran-maioria-dos-galegos-e-galegas\\\/#primaryimage\",\"url\":\"https:\\\/\\\/ppdegalicia.com\\\/wp-content\\\/uploads\\\/2025\\\/07\\\/WhatsApp-Image-2025-07-24-at-13.07.32.jpeg\",\"contentUrl\":\"https:\\\/\\\/ppdegalicia.com\\\/wp-content\\\/uploads\\\/2025\\\/07\\\/WhatsApp-Image-2025-07-24-at-13.07.32.jpeg\",\"width\":1600,\"height\":900},{\"@type\":\"BreadcrumbList\",\"@id\":\"https:\\\/\\\/ppdegalicia.com\\\/es\\\/o-ppdeg-celebra-o-dia-de-galicia-cun-toque-de-humor-sublinando-que-a-galicia-do-si-e-a-da-gran-maioria-dos-galegos-e-galegas\\\/#breadcrumb\",\"itemListElement\":[{\"@type\":\"ListItem\",\"position\":1,\"name\":\"Portada\",\"item\":\"https:\\\/\\\/ppdegalicia.com\\\/es\\\/\"},{\"@type\":\"ListItem\",\"position\":2,\"name\":\"O PPdeG celebra o D\u00eda de Galicia cun toque de humor subli\u00f1ando que \u201ca Galicia do si\u201d \u00e9 a da gran maior\u00eda dos galegos e galegas\"}]},{\"@type\":\"WebSite\",\"@id\":\"https:\\\/\\\/ppdegalicia.com\\\/es\\\/#website\",\"url\":\"https:\\\/\\\/ppdegalicia.com\\\/es\\\/\",\"name\":\"Partido Popular de Galicia\",\"description\":\"Partido Popular de Galicia\",\"publisher\":{\"@id\":\"https:\\\/\\\/ppdegalicia.com\\\/es\\\/#organization\"},\"alternateName\":\"PP de Galicia\",\"potentialAction\":[{\"@type\":\"SearchAction\",\"target\":{\"@type\":\"EntryPoint\",\"urlTemplate\":\"https:\\\/\\\/ppdegalicia.com\\\/es\\\/?s={search_term_string}\"},\"query-input\":{\"@type\":\"PropertyValueSpecification\",\"valueRequired\":true,\"valueName\":\"search_term_string\"}}],\"inLanguage\":\"es\"},{\"@type\":\"Organization\",\"@id\":\"https:\\\/\\\/ppdegalicia.com\\\/es\\\/#organization\",\"name\":\"Partido Popular de Galicia\",\"alternateName\":\"PP de Galicia\",\"url\":\"https:\\\/\\\/ppdegalicia.com\\\/es\\\/\",\"logo\":{\"@type\":\"ImageObject\",\"inLanguage\":\"es\",\"@id\":\"https:\\\/\\\/ppdegalicia.com\\\/es\\\/#\\\/schema\\\/logo\\\/image\\\/\",\"url\":\"https:\\\/\\\/ppdegalicia.com\\\/wp-content\\\/uploads\\\/2023\\\/04\\\/logoPP512.png\",\"contentUrl\":\"https:\\\/\\\/ppdegalicia.com\\\/wp-content\\\/uploads\\\/2023\\\/04\\\/logoPP512.png\",\"width\":512,\"height\":512,\"caption\":\"Partido Popular de Galicia\"},\"image\":{\"@id\":\"https:\\\/\\\/ppdegalicia.com\\\/es\\\/#\\\/schema\\\/logo\\\/image\\\/\"},\"sameAs\":[\"https:\\\/\\\/www.instagram.com\\\/ppdegalicia\\\/\",\"https:\\\/\\\/x.com\\\/ppdegalicia\",\"https:\\\/\\\/www.tiktok.com\\\/@ppdegalicia\",\"https:\\\/\\\/www.youtube.com\\\/user\\\/ppdegalicia\"]},{\"@type\":\"Person\",\"@id\":\"https:\\\/\\\/ppdegalicia.com\\\/es\\\/#\\\/schema\\\/person\\\/5b822c6f59e872ebdd1142f307dbcb59\",\"name\":\"ppdegaliciaredes\",\"image\":{\"@type\":\"ImageObject\",\"inLanguage\":\"es\",\"@id\":\"https:\\\/\\\/secure.gravatar.com\\\/avatar\\\/3c9179cf0256d00c72a48d1f25783c58b6842cd56e85ef3a572881c8e28ccd59?s=96&d=mm&r=g\",\"url\":\"https:\\\/\\\/secure.gravatar.com\\\/avatar\\\/3c9179cf0256d00c72a48d1f25783c58b6842cd56e85ef3a572881c8e28ccd59?s=96&d=mm&r=g\",\"contentUrl\":\"https:\\\/\\\/secure.gravatar.com\\\/avatar\\\/3c9179cf0256d00c72a48d1f25783c58b6842cd56e85ef3a572881c8e28ccd59?s=96&d=mm&r=g\",\"caption\":\"ppdegaliciaredes\"},\"url\":\"https:\\\/\\\/ppdegalicia.com\\\/es\\\/author\\\/ppdegaliciaredes\\\/\"}]}<\/script>\n<!-- \/ Yoast SEO plugin. -->","yoast_head_json":{"title":"O PPdeG celebra o D\u00eda de Galicia cun toque de humor subli\u00f1ando que \u201ca Galicia do si\u201d \u00e9 a da gran maior\u00eda dos galegos e galegas - PP de Galicia","description":"O Partido Popular de Galicia conmemora hoxe o D\u00eda de Galicia tras un curso pol\u00edtico no que se despregou por completo o \u2018Estilo Rueda\u2019 de facer pol\u00edtica na nosa Comunidade, e faino a trav\u00e9s dun v\u00eddeo no que subli\u00f1a que \u201ca Galicia do si\u201d \u00e9 tam\u00e9n a da gran maior\u00eda dos galegos e galegas.","robots":{"index":"index","follow":"follow","max-snippet":"max-snippet:-1","max-image-preview":"max-image-preview:large","max-video-preview":"max-video-preview:-1"},"canonical":"https:\/\/ppdegalicia.com\/es\/o-ppdeg-celebra-o-dia-de-galicia-cun-toque-de-humor-sublinando-que-a-galicia-do-si-e-a-da-gran-maioria-dos-galegos-e-galegas\/","og_locale":"es_ES","og_type":"article","og_title":"O PPdeG celebra o D\u00eda de Galicia cun toque de humor subli\u00f1ando que \u201ca Galicia do si\u201d \u00e9 a da gran maior\u00eda dos galegos e galegas - PP de Galicia","og_description":"O Partido Popular de Galicia conmemora hoxe o D\u00eda de Galicia tras un curso pol\u00edtico no que se despregou por completo o \u2018Estilo Rueda\u2019 de facer pol\u00edtica na nosa Comunidade, e faino a trav\u00e9s dun v\u00eddeo no que subli\u00f1a que \u201ca Galicia do si\u201d \u00e9 tam\u00e9n a da gran maior\u00eda dos galegos e galegas.","og_url":"https:\/\/ppdegalicia.com\/es\/o-ppdeg-celebra-o-dia-de-galicia-cun-toque-de-humor-sublinando-que-a-galicia-do-si-e-a-da-gran-maioria-dos-galegos-e-galegas\/","og_site_name":"PP de Galicia","article_publisher":"https:\/\/www.instagram.com\/ppdegalicia\/","article_published_time":"2025-07-24T11:08:22+00:00","og_image":[{"width":1600,"height":900,"url":"https:\/\/ppdegalicia.com\/wp-content\/uploads\/2025\/07\/WhatsApp-Image-2025-07-24-at-13.07.32.jpeg","type":"image\/jpeg"}],"author":"ppdegaliciaredes","twitter_card":"summary_large_image","twitter_creator":"@ppdegalicia","twitter_site":"@ppdegalicia","twitter_misc":{"Escrito por":"ppdegaliciaredes","Tiempo de lectura":"3 minutos"},"schema":{"@context":"https:\/\/schema.org","@graph":[{"@type":"Article","@id":"https:\/\/ppdegalicia.com\/es\/o-ppdeg-celebra-o-dia-de-galicia-cun-toque-de-humor-sublinando-que-a-galicia-do-si-e-a-da-gran-maioria-dos-galegos-e-galegas\/#article","isPartOf":{"@id":"https:\/\/ppdegalicia.com\/es\/o-ppdeg-celebra-o-dia-de-galicia-cun-toque-de-humor-sublinando-que-a-galicia-do-si-e-a-da-gran-maioria-dos-galegos-e-galegas\/"},"author":{"name":"ppdegaliciaredes","@id":"https:\/\/ppdegalicia.com\/es\/#\/schema\/person\/5b822c6f59e872ebdd1142f307dbcb59"},"headline":"O PPdeG celebra o D\u00eda de Galicia cun toque de humor subli\u00f1ando que \u201ca Galicia do si\u201d \u00e9 a da gran maior\u00eda dos galegos e galegas","datePublished":"2025-07-24T11:08:22+00:00","mainEntityOfPage":{"@id":"https:\/\/ppdegalicia.com\/es\/o-ppdeg-celebra-o-dia-de-galicia-cun-toque-de-humor-sublinando-que-a-galicia-do-si-e-a-da-gran-maioria-dos-galegos-e-galegas\/"},"wordCount":584,"publisher":{"@id":"https:\/\/ppdegalicia.com\/es\/#organization"},"image":{"@id":"https:\/\/ppdegalicia.com\/es\/o-ppdeg-celebra-o-dia-de-galicia-cun-toque-de-humor-sublinando-que-a-galicia-do-si-e-a-da-gran-maioria-dos-galegos-e-galegas\/#primaryimage"},"thumbnailUrl":"https:\/\/ppdegalicia.com\/wp-content\/uploads\/2025\/07\/WhatsApp-Image-2025-07-24-at-13.07.32.jpeg","articleSection":["PP de Galicia"],"inLanguage":"es"},{"@type":"WebPage","@id":"https:\/\/ppdegalicia.com\/es\/o-ppdeg-celebra-o-dia-de-galicia-cun-toque-de-humor-sublinando-que-a-galicia-do-si-e-a-da-gran-maioria-dos-galegos-e-galegas\/","url":"https:\/\/ppdegalicia.com\/es\/o-ppdeg-celebra-o-dia-de-galicia-cun-toque-de-humor-sublinando-que-a-galicia-do-si-e-a-da-gran-maioria-dos-galegos-e-galegas\/","name":"O PPdeG celebra o D\u00eda de Galicia cun toque de humor subli\u00f1ando que \u201ca Galicia do si\u201d \u00e9 a da gran maior\u00eda dos galegos e galegas - PP de Galicia","isPartOf":{"@id":"https:\/\/ppdegalicia.com\/es\/#website"},"primaryImageOfPage":{"@id":"https:\/\/ppdegalicia.com\/es\/o-ppdeg-celebra-o-dia-de-galicia-cun-toque-de-humor-sublinando-que-a-galicia-do-si-e-a-da-gran-maioria-dos-galegos-e-galegas\/#primaryimage"},"image":{"@id":"https:\/\/ppdegalicia.com\/es\/o-ppdeg-celebra-o-dia-de-galicia-cun-toque-de-humor-sublinando-que-a-galicia-do-si-e-a-da-gran-maioria-dos-galegos-e-galegas\/#primaryimage"},"thumbnailUrl":"https:\/\/ppdegalicia.com\/wp-content\/uploads\/2025\/07\/WhatsApp-Image-2025-07-24-at-13.07.32.jpeg","datePublished":"2025-07-24T11:08:22+00:00","description":"O Partido Popular de Galicia conmemora hoxe o D\u00eda de Galicia tras un curso pol\u00edtico no que se despregou por completo o \u2018Estilo Rueda\u2019 de facer pol\u00edtica na nosa Comunidade, e faino a trav\u00e9s dun v\u00eddeo no que subli\u00f1a que \u201ca Galicia do si\u201d \u00e9 tam\u00e9n a da gran maior\u00eda dos galegos e galegas.","breadcrumb":{"@id":"https:\/\/ppdegalicia.com\/es\/o-ppdeg-celebra-o-dia-de-galicia-cun-toque-de-humor-sublinando-que-a-galicia-do-si-e-a-da-gran-maioria-dos-galegos-e-galegas\/#breadcrumb"},"inLanguage":"es","potentialAction":[{"@type":"ReadAction","target":["https:\/\/ppdegalicia.com\/es\/o-ppdeg-celebra-o-dia-de-galicia-cun-toque-de-humor-sublinando-que-a-galicia-do-si-e-a-da-gran-maioria-dos-galegos-e-galegas\/"]}]},{"@type":"ImageObject","inLanguage":"es","@id":"https:\/\/ppdegalicia.com\/es\/o-ppdeg-celebra-o-dia-de-galicia-cun-toque-de-humor-sublinando-que-a-galicia-do-si-e-a-da-gran-maioria-dos-galegos-e-galegas\/#primaryimage","url":"https:\/\/ppdegalicia.com\/wp-content\/uploads\/2025\/07\/WhatsApp-Image-2025-07-24-at-13.07.32.jpeg","contentUrl":"https:\/\/ppdegalicia.com\/wp-content\/uploads\/2025\/07\/WhatsApp-Image-2025-07-24-at-13.07.32.jpeg","width":1600,"height":900},{"@type":"BreadcrumbList","@id":"https:\/\/ppdegalicia.com\/es\/o-ppdeg-celebra-o-dia-de-galicia-cun-toque-de-humor-sublinando-que-a-galicia-do-si-e-a-da-gran-maioria-dos-galegos-e-galegas\/#breadcrumb","itemListElement":[{"@type":"ListItem","position":1,"name":"Portada","item":"https:\/\/ppdegalicia.com\/es\/"},{"@type":"ListItem","position":2,"name":"O PPdeG celebra o D\u00eda de Galicia cun toque de humor subli\u00f1ando que \u201ca Galicia do si\u201d \u00e9 a da gran maior\u00eda dos galegos e galegas"}]},{"@type":"WebSite","@id":"https:\/\/ppdegalicia.com\/es\/#website","url":"https:\/\/ppdegalicia.com\/es\/","name":"Partido Popular de Galicia","description":"Partido Popular de Galicia","publisher":{"@id":"https:\/\/ppdegalicia.com\/es\/#organization"},"alternateName":"PP de Galicia","potentialAction":[{"@type":"SearchAction","target":{"@type":"EntryPoint","urlTemplate":"https:\/\/ppdegalicia.com\/es\/?s={search_term_string}"},"query-input":{"@type":"PropertyValueSpecification","valueRequired":true,"valueName":"search_term_string"}}],"inLanguage":"es"},{"@type":"Organization","@id":"https:\/\/ppdegalicia.com\/es\/#organization","name":"Partido Popular de Galicia","alternateName":"PP de Galicia","url":"https:\/\/ppdegalicia.com\/es\/","logo":{"@type":"ImageObject","inLanguage":"es","@id":"https:\/\/ppdegalicia.com\/es\/#\/schema\/logo\/image\/","url":"https:\/\/ppdegalicia.com\/wp-content\/uploads\/2023\/04\/logoPP512.png","contentUrl":"https:\/\/ppdegalicia.com\/wp-content\/uploads\/2023\/04\/logoPP512.png","width":512,"height":512,"caption":"Partido Popular de Galicia"},"image":{"@id":"https:\/\/ppdegalicia.com\/es\/#\/schema\/logo\/image\/"},"sameAs":["https:\/\/www.instagram.com\/ppdegalicia\/","https:\/\/x.com\/ppdegalicia","https:\/\/www.tiktok.com\/@ppdegalicia","https:\/\/www.youtube.com\/user\/ppdegalicia"]},{"@type":"Person","@id":"https:\/\/ppdegalicia.com\/es\/#\/schema\/person\/5b822c6f59e872ebdd1142f307dbcb59","name":"ppdegaliciaredes","image":{"@type":"ImageObject","inLanguage":"es","@id":"https:\/\/secure.gravatar.com\/avatar\/3c9179cf0256d00c72a48d1f25783c58b6842cd56e85ef3a572881c8e28ccd59?s=96&d=mm&r=g","url":"https:\/\/secure.gravatar.com\/avatar\/3c9179cf0256d00c72a48d1f25783c58b6842cd56e85ef3a572881c8e28ccd59?s=96&d=mm&r=g","contentUrl":"https:\/\/secure.gravatar.com\/avatar\/3c9179cf0256d00c72a48d1f25783c58b6842cd56e85ef3a572881c8e28ccd59?s=96&d=mm&r=g","caption":"ppdegaliciaredes"},"url":"https:\/\/ppdegalicia.com\/es\/author\/ppdegaliciaredes\/"}]}},"_links":{"self":[{"href":"https:\/\/ppdegalicia.com\/es\/wp-json\/wp\/v2\/posts\/67839","targetHints":{"allow":["GET"]}}],"collection":[{"href":"https:\/\/ppdegalicia.com\/es\/wp-json\/wp\/v2\/posts"}],"about":[{"href":"https:\/\/ppdegalicia.com\/es\/wp-json\/wp\/v2\/types\/post"}],"author":[{"embeddable":true,"href":"https:\/\/ppdegalicia.com\/es\/wp-json\/wp\/v2\/users\/38"}],"replies":[{"embeddable":true,"href":"https:\/\/ppdegalicia.com\/es\/wp-json\/wp\/v2\/comments?post=67839"}],"version-history":[{"count":1,"href":"https:\/\/ppdegalicia.com\/es\/wp-json\/wp\/v2\/posts\/67839\/revisions"}],"predecessor-version":[{"id":67842,"href":"https:\/\/ppdegalicia.com\/es\/wp-json\/wp\/v2\/posts\/67839\/revisions\/67842"}],"wp:featuredmedia":[{"embeddable":true,"href":"https:\/\/ppdegalicia.com\/es\/wp-json\/wp\/v2\/media\/67840"}],"wp:attachment":[{"href":"https:\/\/ppdegalicia.com\/es\/wp-json\/wp\/v2\/media?parent=67839"}],"wp:term":[{"taxonomy":"category","embeddable":true,"href":"https:\/\/ppdegalicia.com\/es\/wp-json\/wp\/v2\/categories?post=67839"},{"taxonomy":"post_tag","embeddable":true,"href":"https:\/\/ppdegalicia.com\/es\/wp-json\/wp\/v2\/tags?post=67839"}],"curies":[{"name":"wp","href":"https:\/\/api.w.org\/{rel}","templated":true}]}}