{"id":67898,"date":"2025-08-01T13:44:16","date_gmt":"2025-08-01T12:44:16","guid":{"rendered":"https:\/\/ppdegalicia.com\/?p=67898"},"modified":"2025-08-01T13:44:16","modified_gmt":"2025-08-01T12:44:16","slug":"alfonso-rueda-se-queremos-a-mellor-galicia-da-nosa-historia-temos-que-acadar-os-mellores-resultados-da-nosa-historia","status":"publish","type":"post","link":"https:\/\/ppdegalicia.com\/es\/alfonso-rueda-se-queremos-a-mellor-galicia-da-nosa-historia-temos-que-acadar-os-mellores-resultados-da-nosa-historia\/","title":{"rendered":"Alfonso Rueda: \u201cSe queremos a mellor Galicia da nosa historia, temos que acadar os mellores resultados da nosa historia\u201d"},"content":{"rendered":"<p>O presidente do Partido Popular de Galicia, Alfonso Rueda, fixo hoxe balance do traballo feito ao longo deste \u00faltimo curso pol\u00edtico \u201csen caer no inconformismo e co obxectivo de seguir mellorando\u201d e marcoulles un obxectivo claro aos seus de cara \u00e1 volta do ver\u00e1n: \u201cSe queremos a mellor Galicia da nosa historia, temos que acadar os mellores resultados da nosa historia\u201d.<\/p>\n<p>\u201cTraballaremos polo mellor resultado da historia nas pr\u00f3ximas elecci\u00f3ns municipais, auton\u00f3micas e xerais\u201d, asegurou coa mirada posta no pr\u00f3ximo curso pol\u00edtico e incidindo en que as tarefas que o partido ten por diante nestes momentos son \u201cdefender o feito, mellorar o que se est\u00e1 facendo e preparar o que queda por facer\u201d.<\/p>\n<p>Aproveitando a presenza do secretario xeral do Partido Popular, Miguel Tellado, na Xunta Directiva celebrada hoxe en Santiago, o presidente asegurou que cada d\u00eda queda m\u00e1is constatado que o PPdeG segue inspirando a Alberto N\u00fa\u00f1ez Feij\u00f3o e que \u201cmellor ir\u00e1 canto m\u00e1is xente saiba como se fan a cousas en Galicia\u201d.<\/p>\n<p>O l\u00edder dos populares galegos amosouse especialmente orgulloso ante o feito de que \u201cGalicia funciona\u201d grazas a contar con \u201cun Goberno que cumpre, un partido que traballa e un proxecto que serve\u201d. A\u00ed radica, na s\u00faa opini\u00f3n, gran parte do \u00e9xito electoral do seu partido e a\u00ed se atopan tam\u00e9n as raz\u00f3ns de que, despois de tanto tempo, o PPdeG siga contando coa confianza dos galegos e galegas.<\/p>\n<p>\u201cFacemos exactamente o que a xente votou\u201d, resumiu o presidente incidindo na importancia de pedir a confianza da xente con propostas \u201crealizables\u201d e logo \u201ccumprir a palabra dada\u201d. Tr\u00e1tase de algo que \u201cdeber\u00eda ser o normal pero na Espa\u00f1a de hoxe resulta extraordinario\u201d e que resulta especialmente \u201cmarciano\u201d se se compara co Goberno de S\u00e1nchez.<\/p>\n<p>Nesta li\u00f1a reivindicou que \u201cfronte \u00e1s chantaxes, a crispaci\u00f3n e os egos, en Galicia prevalecen o interese xeral, o sentidi\u00f1o e a tarefa colectiva de seguir dando motivos \u00e1 cidadan\u00eda para que conf\u00ede nos seus gobernantes\u201d. Confianza que se ga\u00f1a, engadiu, cando un gobernante pode facer balance de promesas cumpridas \u201csen ru\u00eddo, sen postureo con eficacia\u201d.<\/p>\n<p>Fixo as\u00ed un breve balance no que mencionou medidas como a gratuidade da primeira matr\u00edcula universitaria, a axilizaci\u00f3n do proceso de reco\u00f1ecemento da dependencia, o incremento de prestaci\u00f3ns na sanidade p\u00fablica ou os avances no obxectivo de duplicar o parque p\u00fablico de vivenda.<\/p>\n<p>\u201cSomos a Galicia do \u2018si\u2019 a intentar po\u00f1er remedio aos problemas sen escusas, do \u2018si\u2019 a crer en n\u00f3s mesmos e nas nosas posibilidades e do \u2018si\u2019 ao aproveitamento de todas as oportunidades\u201d, conclu\u00edu facendo unha contraposici\u00f3n coa oposici\u00f3n do \u2018non\u2019 e nomeadamente un BNG e un PSOE que \u201cqueren unha Galicia pechada en si mesma e aos que lles sobra todo menos a s\u00faa soberbia\u201d.<\/p>\n<p>Por iso quixo rematar a s\u00faa intervenci\u00f3n facendo un chamamento ao traballo: \u201cSe hai que competir con algu\u00e9n non \u00e9 cunha oposici\u00f3n que non est\u00e1 \u00e1 altura, sen\u00f3n con n\u00f3s mesmos e co obxectivo de seguir mellorando\u201d.<\/p>\n<p><strong>A ACTUALIDADE QUE DEMOSTRA QUE GALICIA FUNCIONA<\/strong><\/p>\n<p>A Xunta Directiva celebrada hoxe coincidiu con d\u00faas noticias que confirman que Galicia funciona e que son por unha banda o respaldo da xustiza europea \u00e1 tramitaci\u00f3n e\u00f3lica levada a cabo polo Goberno galego e, por outra, a aprobaci\u00f3n esta mesma ma\u00f1\u00e1 do teito de gasto dos Orzamentos auton\u00f3micos de 2026.<\/p>\n<p>\u201cHoxe e todos os d\u00edas temos que demostrar con orgullo que Galicia funciona, que Galicia goberna e que o goberno de Galicia funciona\u201d, asegurou ao respecto do avance na tramitaci\u00f3n da contas p\u00fablicas do pr\u00f3ximo ano.<\/p>\n<p>No que se refire ao fallo do Tribunal de Xustiza da Uni\u00f3n Europea, o presidente do PPdeG asegurou que \u00e9 \u201ca demostraci\u00f3n do que xa se sab\u00eda e do que todos deben saber\u201d e que non \u00e9 outra cousa que o feito de que \u201cos t\u00e9cnicos da Xunta son uns profesionais que traballan con rigor, obxectividade e sen outra motivaci\u00f3n que o imperio da lei\u201d. Un fallo, que, en definitiva, sup\u00f3n \u201cun reco\u00f1ecemento para aqueles que son inxustamente difamados e nunca xustamente reco\u00f1ecidos polo seu labor\u201d.<\/p>\n","protected":false},"excerpt":{"rendered":"<p>O presidente do Partido Popular de Galicia, Alfonso Rueda, fixo hoxe balance do traballo feito ao longo deste \u00faltimo curso pol\u00edtico \u201csen caer no inconformismo e co obxectivo de seguir mellorando\u201d e marcoulles un obxectivo claro aos seus de cara \u00e1 volta do ver\u00e1n: \u201cSe queremos a mellor Galicia da nosa historia, temos que acadar [&hellip;]<\/p>\n","protected":false},"author":38,"featured_media":67899,"comment_status":"closed","ping_status":"open","sticky":false,"template":"","format":"standard","meta":{"_acf_changed":false,"footnotes":""},"categories":[1],"tags":[],"class_list":["post-67898","post","type-post","status-publish","format-standard","has-post-thumbnail","hentry","category-pp-de-galicia"],"acf":[],"yoast_head":"<!-- This site is optimized with the Yoast SEO plugin v27.3 - https:\/\/yoast.com\/product\/yoast-seo-wordpress\/ -->\n<title>Alfonso Rueda: \u201cSe queremos a mellor Galicia da nosa historia, temos que acadar os mellores resultados da nosa historia\u201d - PP de Galicia<\/title>\n<meta name=\"description\" content=\"O presidente do Partido Popular de Galicia, Alfonso Rueda, fixo hoxe balance do traballo feito ao longo deste \u00faltimo curso pol\u00edtico \u201csen caer no inconformismo e co obxectivo de seguir mellorando\u201d e marcoulles un obxectivo claro aos seus de cara \u00e1 volta do ver\u00e1n: \u201cSe queremos a mellor Galicia da nosa historia, temos que acadar os mellores resultados da nosa historia\u201d.\" \/>\n<meta name=\"robots\" content=\"index, follow, max-snippet:-1, max-image-preview:large, max-video-preview:-1\" \/>\n<link rel=\"canonical\" href=\"https:\/\/ppdegalicia.com\/es\/alfonso-rueda-se-queremos-a-mellor-galicia-da-nosa-historia-temos-que-acadar-os-mellores-resultados-da-nosa-historia\/\" \/>\n<meta property=\"og:locale\" content=\"es_ES\" \/>\n<meta property=\"og:type\" content=\"article\" \/>\n<meta property=\"og:title\" content=\"Alfonso Rueda: \u201cSe queremos a mellor Galicia da nosa historia, temos que acadar os mellores resultados da nosa historia\u201d - PP de Galicia\" \/>\n<meta property=\"og:description\" content=\"O presidente do Partido Popular de Galicia, Alfonso Rueda, fixo hoxe balance do traballo feito ao longo deste \u00faltimo curso pol\u00edtico \u201csen caer no inconformismo e co obxectivo de seguir mellorando\u201d e marcoulles un obxectivo claro aos seus de cara \u00e1 volta do ver\u00e1n: \u201cSe queremos a mellor Galicia da nosa historia, temos que acadar os mellores resultados da nosa historia\u201d.\" \/>\n<meta property=\"og:url\" content=\"https:\/\/ppdegalicia.com\/es\/alfonso-rueda-se-queremos-a-mellor-galicia-da-nosa-historia-temos-que-acadar-os-mellores-resultados-da-nosa-historia\/\" \/>\n<meta property=\"og:site_name\" content=\"PP de Galicia\" \/>\n<meta property=\"article:publisher\" content=\"https:\/\/www.instagram.com\/ppdegalicia\/\" \/>\n<meta property=\"article:published_time\" content=\"2025-08-01T12:44:16+00:00\" \/>\n<meta property=\"og:image\" content=\"https:\/\/ppdegalicia.com\/wp-content\/uploads\/2025\/08\/20250801_ARueda_XuntaDirectiva_PPdeG_3-scaled.jpg\" \/>\n\t<meta property=\"og:image:width\" content=\"2560\" \/>\n\t<meta property=\"og:image:height\" content=\"1707\" \/>\n\t<meta property=\"og:image:type\" content=\"image\/jpeg\" \/>\n<meta name=\"author\" content=\"ppdegaliciaredes\" \/>\n<meta name=\"twitter:card\" content=\"summary_large_image\" \/>\n<meta name=\"twitter:creator\" content=\"@ppdegalicia\" \/>\n<meta name=\"twitter:site\" content=\"@ppdegalicia\" \/>\n<meta name=\"twitter:label1\" content=\"Escrito por\" \/>\n\t<meta name=\"twitter:data1\" content=\"ppdegaliciaredes\" \/>\n\t<meta name=\"twitter:label2\" content=\"Tiempo de lectura\" \/>\n\t<meta name=\"twitter:data2\" content=\"4 minutos\" \/>\n<script type=\"application\/ld+json\" class=\"yoast-schema-graph\">{\"@context\":\"https:\\\/\\\/schema.org\",\"@graph\":[{\"@type\":\"Article\",\"@id\":\"https:\\\/\\\/ppdegalicia.com\\\/es\\\/alfonso-rueda-se-queremos-a-mellor-galicia-da-nosa-historia-temos-que-acadar-os-mellores-resultados-da-nosa-historia\\\/#article\",\"isPartOf\":{\"@id\":\"https:\\\/\\\/ppdegalicia.com\\\/es\\\/alfonso-rueda-se-queremos-a-mellor-galicia-da-nosa-historia-temos-que-acadar-os-mellores-resultados-da-nosa-historia\\\/\"},\"author\":{\"name\":\"ppdegaliciaredes\",\"@id\":\"https:\\\/\\\/ppdegalicia.com\\\/es\\\/#\\\/schema\\\/person\\\/5b822c6f59e872ebdd1142f307dbcb59\"},\"headline\":\"Alfonso Rueda: \u201cSe queremos a mellor Galicia da nosa historia, temos que acadar os mellores resultados da nosa historia\u201d\",\"datePublished\":\"2025-08-01T12:44:16+00:00\",\"mainEntityOfPage\":{\"@id\":\"https:\\\/\\\/ppdegalicia.com\\\/es\\\/alfonso-rueda-se-queremos-a-mellor-galicia-da-nosa-historia-temos-que-acadar-os-mellores-resultados-da-nosa-historia\\\/\"},\"wordCount\":743,\"publisher\":{\"@id\":\"https:\\\/\\\/ppdegalicia.com\\\/es\\\/#organization\"},\"image\":{\"@id\":\"https:\\\/\\\/ppdegalicia.com\\\/es\\\/alfonso-rueda-se-queremos-a-mellor-galicia-da-nosa-historia-temos-que-acadar-os-mellores-resultados-da-nosa-historia\\\/#primaryimage\"},\"thumbnailUrl\":\"https:\\\/\\\/ppdegalicia.com\\\/wp-content\\\/uploads\\\/2025\\\/08\\\/20250801_ARueda_XuntaDirectiva_PPdeG_3-scaled.jpg\",\"articleSection\":[\"PP de Galicia\"],\"inLanguage\":\"es\"},{\"@type\":\"WebPage\",\"@id\":\"https:\\\/\\\/ppdegalicia.com\\\/es\\\/alfonso-rueda-se-queremos-a-mellor-galicia-da-nosa-historia-temos-que-acadar-os-mellores-resultados-da-nosa-historia\\\/\",\"url\":\"https:\\\/\\\/ppdegalicia.com\\\/es\\\/alfonso-rueda-se-queremos-a-mellor-galicia-da-nosa-historia-temos-que-acadar-os-mellores-resultados-da-nosa-historia\\\/\",\"name\":\"Alfonso Rueda: \u201cSe queremos a mellor Galicia da nosa historia, temos que acadar os mellores resultados da nosa historia\u201d - PP de Galicia\",\"isPartOf\":{\"@id\":\"https:\\\/\\\/ppdegalicia.com\\\/es\\\/#website\"},\"primaryImageOfPage\":{\"@id\":\"https:\\\/\\\/ppdegalicia.com\\\/es\\\/alfonso-rueda-se-queremos-a-mellor-galicia-da-nosa-historia-temos-que-acadar-os-mellores-resultados-da-nosa-historia\\\/#primaryimage\"},\"image\":{\"@id\":\"https:\\\/\\\/ppdegalicia.com\\\/es\\\/alfonso-rueda-se-queremos-a-mellor-galicia-da-nosa-historia-temos-que-acadar-os-mellores-resultados-da-nosa-historia\\\/#primaryimage\"},\"thumbnailUrl\":\"https:\\\/\\\/ppdegalicia.com\\\/wp-content\\\/uploads\\\/2025\\\/08\\\/20250801_ARueda_XuntaDirectiva_PPdeG_3-scaled.jpg\",\"datePublished\":\"2025-08-01T12:44:16+00:00\",\"description\":\"O presidente do Partido Popular de Galicia, Alfonso Rueda, fixo hoxe balance do traballo feito ao longo deste \u00faltimo curso pol\u00edtico \u201csen caer no inconformismo e co obxectivo de seguir mellorando\u201d e marcoulles un obxectivo claro aos seus de cara \u00e1 volta do ver\u00e1n: \u201cSe queremos a mellor Galicia da nosa historia, temos que acadar os mellores resultados da nosa historia\u201d.\",\"breadcrumb\":{\"@id\":\"https:\\\/\\\/ppdegalicia.com\\\/es\\\/alfonso-rueda-se-queremos-a-mellor-galicia-da-nosa-historia-temos-que-acadar-os-mellores-resultados-da-nosa-historia\\\/#breadcrumb\"},\"inLanguage\":\"es\",\"potentialAction\":[{\"@type\":\"ReadAction\",\"target\":[\"https:\\\/\\\/ppdegalicia.com\\\/es\\\/alfonso-rueda-se-queremos-a-mellor-galicia-da-nosa-historia-temos-que-acadar-os-mellores-resultados-da-nosa-historia\\\/\"]}]},{\"@type\":\"ImageObject\",\"inLanguage\":\"es\",\"@id\":\"https:\\\/\\\/ppdegalicia.com\\\/es\\\/alfonso-rueda-se-queremos-a-mellor-galicia-da-nosa-historia-temos-que-acadar-os-mellores-resultados-da-nosa-historia\\\/#primaryimage\",\"url\":\"https:\\\/\\\/ppdegalicia.com\\\/wp-content\\\/uploads\\\/2025\\\/08\\\/20250801_ARueda_XuntaDirectiva_PPdeG_3-scaled.jpg\",\"contentUrl\":\"https:\\\/\\\/ppdegalicia.com\\\/wp-content\\\/uploads\\\/2025\\\/08\\\/20250801_ARueda_XuntaDirectiva_PPdeG_3-scaled.jpg\",\"width\":2560,\"height\":1707},{\"@type\":\"BreadcrumbList\",\"@id\":\"https:\\\/\\\/ppdegalicia.com\\\/es\\\/alfonso-rueda-se-queremos-a-mellor-galicia-da-nosa-historia-temos-que-acadar-os-mellores-resultados-da-nosa-historia\\\/#breadcrumb\",\"itemListElement\":[{\"@type\":\"ListItem\",\"position\":1,\"name\":\"Portada\",\"item\":\"https:\\\/\\\/ppdegalicia.com\\\/es\\\/\"},{\"@type\":\"ListItem\",\"position\":2,\"name\":\"Alfonso Rueda: \u201cSe queremos a mellor Galicia da nosa historia, temos que acadar os mellores resultados da nosa historia\u201d\"}]},{\"@type\":\"WebSite\",\"@id\":\"https:\\\/\\\/ppdegalicia.com\\\/es\\\/#website\",\"url\":\"https:\\\/\\\/ppdegalicia.com\\\/es\\\/\",\"name\":\"Partido Popular de Galicia\",\"description\":\"Partido Popular de Galicia\",\"publisher\":{\"@id\":\"https:\\\/\\\/ppdegalicia.com\\\/es\\\/#organization\"},\"alternateName\":\"PP de Galicia\",\"potentialAction\":[{\"@type\":\"SearchAction\",\"target\":{\"@type\":\"EntryPoint\",\"urlTemplate\":\"https:\\\/\\\/ppdegalicia.com\\\/es\\\/?s={search_term_string}\"},\"query-input\":{\"@type\":\"PropertyValueSpecification\",\"valueRequired\":true,\"valueName\":\"search_term_string\"}}],\"inLanguage\":\"es\"},{\"@type\":\"Organization\",\"@id\":\"https:\\\/\\\/ppdegalicia.com\\\/es\\\/#organization\",\"name\":\"Partido Popular de Galicia\",\"alternateName\":\"PP de Galicia\",\"url\":\"https:\\\/\\\/ppdegalicia.com\\\/es\\\/\",\"logo\":{\"@type\":\"ImageObject\",\"inLanguage\":\"es\",\"@id\":\"https:\\\/\\\/ppdegalicia.com\\\/es\\\/#\\\/schema\\\/logo\\\/image\\\/\",\"url\":\"https:\\\/\\\/ppdegalicia.com\\\/wp-content\\\/uploads\\\/2023\\\/04\\\/logoPP512.png\",\"contentUrl\":\"https:\\\/\\\/ppdegalicia.com\\\/wp-content\\\/uploads\\\/2023\\\/04\\\/logoPP512.png\",\"width\":512,\"height\":512,\"caption\":\"Partido Popular de Galicia\"},\"image\":{\"@id\":\"https:\\\/\\\/ppdegalicia.com\\\/es\\\/#\\\/schema\\\/logo\\\/image\\\/\"},\"sameAs\":[\"https:\\\/\\\/www.instagram.com\\\/ppdegalicia\\\/\",\"https:\\\/\\\/x.com\\\/ppdegalicia\",\"https:\\\/\\\/www.tiktok.com\\\/@ppdegalicia\",\"https:\\\/\\\/www.youtube.com\\\/user\\\/ppdegalicia\"]},{\"@type\":\"Person\",\"@id\":\"https:\\\/\\\/ppdegalicia.com\\\/es\\\/#\\\/schema\\\/person\\\/5b822c6f59e872ebdd1142f307dbcb59\",\"name\":\"ppdegaliciaredes\",\"image\":{\"@type\":\"ImageObject\",\"inLanguage\":\"es\",\"@id\":\"https:\\\/\\\/secure.gravatar.com\\\/avatar\\\/3c9179cf0256d00c72a48d1f25783c58b6842cd56e85ef3a572881c8e28ccd59?s=96&d=mm&r=g\",\"url\":\"https:\\\/\\\/secure.gravatar.com\\\/avatar\\\/3c9179cf0256d00c72a48d1f25783c58b6842cd56e85ef3a572881c8e28ccd59?s=96&d=mm&r=g\",\"contentUrl\":\"https:\\\/\\\/secure.gravatar.com\\\/avatar\\\/3c9179cf0256d00c72a48d1f25783c58b6842cd56e85ef3a572881c8e28ccd59?s=96&d=mm&r=g\",\"caption\":\"ppdegaliciaredes\"},\"url\":\"https:\\\/\\\/ppdegalicia.com\\\/es\\\/author\\\/ppdegaliciaredes\\\/\"}]}<\/script>\n<!-- \/ Yoast SEO plugin. -->","yoast_head_json":{"title":"Alfonso Rueda: \u201cSe queremos a mellor Galicia da nosa historia, temos que acadar os mellores resultados da nosa historia\u201d - PP de Galicia","description":"O presidente do Partido Popular de Galicia, Alfonso Rueda, fixo hoxe balance do traballo feito ao longo deste \u00faltimo curso pol\u00edtico \u201csen caer no inconformismo e co obxectivo de seguir mellorando\u201d e marcoulles un obxectivo claro aos seus de cara \u00e1 volta do ver\u00e1n: \u201cSe queremos a mellor Galicia da nosa historia, temos que acadar os mellores resultados da nosa historia\u201d.","robots":{"index":"index","follow":"follow","max-snippet":"max-snippet:-1","max-image-preview":"max-image-preview:large","max-video-preview":"max-video-preview:-1"},"canonical":"https:\/\/ppdegalicia.com\/es\/alfonso-rueda-se-queremos-a-mellor-galicia-da-nosa-historia-temos-que-acadar-os-mellores-resultados-da-nosa-historia\/","og_locale":"es_ES","og_type":"article","og_title":"Alfonso Rueda: \u201cSe queremos a mellor Galicia da nosa historia, temos que acadar os mellores resultados da nosa historia\u201d - PP de Galicia","og_description":"O presidente do Partido Popular de Galicia, Alfonso Rueda, fixo hoxe balance do traballo feito ao longo deste \u00faltimo curso pol\u00edtico \u201csen caer no inconformismo e co obxectivo de seguir mellorando\u201d e marcoulles un obxectivo claro aos seus de cara \u00e1 volta do ver\u00e1n: \u201cSe queremos a mellor Galicia da nosa historia, temos que acadar os mellores resultados da nosa historia\u201d.","og_url":"https:\/\/ppdegalicia.com\/es\/alfonso-rueda-se-queremos-a-mellor-galicia-da-nosa-historia-temos-que-acadar-os-mellores-resultados-da-nosa-historia\/","og_site_name":"PP de Galicia","article_publisher":"https:\/\/www.instagram.com\/ppdegalicia\/","article_published_time":"2025-08-01T12:44:16+00:00","og_image":[{"width":2560,"height":1707,"url":"https:\/\/ppdegalicia.com\/wp-content\/uploads\/2025\/08\/20250801_ARueda_XuntaDirectiva_PPdeG_3-scaled.jpg","type":"image\/jpeg"}],"author":"ppdegaliciaredes","twitter_card":"summary_large_image","twitter_creator":"@ppdegalicia","twitter_site":"@ppdegalicia","twitter_misc":{"Escrito por":"ppdegaliciaredes","Tiempo de lectura":"4 minutos"},"schema":{"@context":"https:\/\/schema.org","@graph":[{"@type":"Article","@id":"https:\/\/ppdegalicia.com\/es\/alfonso-rueda-se-queremos-a-mellor-galicia-da-nosa-historia-temos-que-acadar-os-mellores-resultados-da-nosa-historia\/#article","isPartOf":{"@id":"https:\/\/ppdegalicia.com\/es\/alfonso-rueda-se-queremos-a-mellor-galicia-da-nosa-historia-temos-que-acadar-os-mellores-resultados-da-nosa-historia\/"},"author":{"name":"ppdegaliciaredes","@id":"https:\/\/ppdegalicia.com\/es\/#\/schema\/person\/5b822c6f59e872ebdd1142f307dbcb59"},"headline":"Alfonso Rueda: \u201cSe queremos a mellor Galicia da nosa historia, temos que acadar os mellores resultados da nosa historia\u201d","datePublished":"2025-08-01T12:44:16+00:00","mainEntityOfPage":{"@id":"https:\/\/ppdegalicia.com\/es\/alfonso-rueda-se-queremos-a-mellor-galicia-da-nosa-historia-temos-que-acadar-os-mellores-resultados-da-nosa-historia\/"},"wordCount":743,"publisher":{"@id":"https:\/\/ppdegalicia.com\/es\/#organization"},"image":{"@id":"https:\/\/ppdegalicia.com\/es\/alfonso-rueda-se-queremos-a-mellor-galicia-da-nosa-historia-temos-que-acadar-os-mellores-resultados-da-nosa-historia\/#primaryimage"},"thumbnailUrl":"https:\/\/ppdegalicia.com\/wp-content\/uploads\/2025\/08\/20250801_ARueda_XuntaDirectiva_PPdeG_3-scaled.jpg","articleSection":["PP de Galicia"],"inLanguage":"es"},{"@type":"WebPage","@id":"https:\/\/ppdegalicia.com\/es\/alfonso-rueda-se-queremos-a-mellor-galicia-da-nosa-historia-temos-que-acadar-os-mellores-resultados-da-nosa-historia\/","url":"https:\/\/ppdegalicia.com\/es\/alfonso-rueda-se-queremos-a-mellor-galicia-da-nosa-historia-temos-que-acadar-os-mellores-resultados-da-nosa-historia\/","name":"Alfonso Rueda: \u201cSe queremos a mellor Galicia da nosa historia, temos que acadar os mellores resultados da nosa historia\u201d - PP de Galicia","isPartOf":{"@id":"https:\/\/ppdegalicia.com\/es\/#website"},"primaryImageOfPage":{"@id":"https:\/\/ppdegalicia.com\/es\/alfonso-rueda-se-queremos-a-mellor-galicia-da-nosa-historia-temos-que-acadar-os-mellores-resultados-da-nosa-historia\/#primaryimage"},"image":{"@id":"https:\/\/ppdegalicia.com\/es\/alfonso-rueda-se-queremos-a-mellor-galicia-da-nosa-historia-temos-que-acadar-os-mellores-resultados-da-nosa-historia\/#primaryimage"},"thumbnailUrl":"https:\/\/ppdegalicia.com\/wp-content\/uploads\/2025\/08\/20250801_ARueda_XuntaDirectiva_PPdeG_3-scaled.jpg","datePublished":"2025-08-01T12:44:16+00:00","description":"O presidente do Partido Popular de Galicia, Alfonso Rueda, fixo hoxe balance do traballo feito ao longo deste \u00faltimo curso pol\u00edtico \u201csen caer no inconformismo e co obxectivo de seguir mellorando\u201d e marcoulles un obxectivo claro aos seus de cara \u00e1 volta do ver\u00e1n: \u201cSe queremos a mellor Galicia da nosa historia, temos que acadar os mellores resultados da nosa historia\u201d.","breadcrumb":{"@id":"https:\/\/ppdegalicia.com\/es\/alfonso-rueda-se-queremos-a-mellor-galicia-da-nosa-historia-temos-que-acadar-os-mellores-resultados-da-nosa-historia\/#breadcrumb"},"inLanguage":"es","potentialAction":[{"@type":"ReadAction","target":["https:\/\/ppdegalicia.com\/es\/alfonso-rueda-se-queremos-a-mellor-galicia-da-nosa-historia-temos-que-acadar-os-mellores-resultados-da-nosa-historia\/"]}]},{"@type":"ImageObject","inLanguage":"es","@id":"https:\/\/ppdegalicia.com\/es\/alfonso-rueda-se-queremos-a-mellor-galicia-da-nosa-historia-temos-que-acadar-os-mellores-resultados-da-nosa-historia\/#primaryimage","url":"https:\/\/ppdegalicia.com\/wp-content\/uploads\/2025\/08\/20250801_ARueda_XuntaDirectiva_PPdeG_3-scaled.jpg","contentUrl":"https:\/\/ppdegalicia.com\/wp-content\/uploads\/2025\/08\/20250801_ARueda_XuntaDirectiva_PPdeG_3-scaled.jpg","width":2560,"height":1707},{"@type":"BreadcrumbList","@id":"https:\/\/ppdegalicia.com\/es\/alfonso-rueda-se-queremos-a-mellor-galicia-da-nosa-historia-temos-que-acadar-os-mellores-resultados-da-nosa-historia\/#breadcrumb","itemListElement":[{"@type":"ListItem","position":1,"name":"Portada","item":"https:\/\/ppdegalicia.com\/es\/"},{"@type":"ListItem","position":2,"name":"Alfonso Rueda: \u201cSe queremos a mellor Galicia da nosa historia, temos que acadar os mellores resultados da nosa historia\u201d"}]},{"@type":"WebSite","@id":"https:\/\/ppdegalicia.com\/es\/#website","url":"https:\/\/ppdegalicia.com\/es\/","name":"Partido Popular de Galicia","description":"Partido Popular de Galicia","publisher":{"@id":"https:\/\/ppdegalicia.com\/es\/#organization"},"alternateName":"PP de Galicia","potentialAction":[{"@type":"SearchAction","target":{"@type":"EntryPoint","urlTemplate":"https:\/\/ppdegalicia.com\/es\/?s={search_term_string}"},"query-input":{"@type":"PropertyValueSpecification","valueRequired":true,"valueName":"search_term_string"}}],"inLanguage":"es"},{"@type":"Organization","@id":"https:\/\/ppdegalicia.com\/es\/#organization","name":"Partido Popular de Galicia","alternateName":"PP de Galicia","url":"https:\/\/ppdegalicia.com\/es\/","logo":{"@type":"ImageObject","inLanguage":"es","@id":"https:\/\/ppdegalicia.com\/es\/#\/schema\/logo\/image\/","url":"https:\/\/ppdegalicia.com\/wp-content\/uploads\/2023\/04\/logoPP512.png","contentUrl":"https:\/\/ppdegalicia.com\/wp-content\/uploads\/2023\/04\/logoPP512.png","width":512,"height":512,"caption":"Partido Popular de Galicia"},"image":{"@id":"https:\/\/ppdegalicia.com\/es\/#\/schema\/logo\/image\/"},"sameAs":["https:\/\/www.instagram.com\/ppdegalicia\/","https:\/\/x.com\/ppdegalicia","https:\/\/www.tiktok.com\/@ppdegalicia","https:\/\/www.youtube.com\/user\/ppdegalicia"]},{"@type":"Person","@id":"https:\/\/ppdegalicia.com\/es\/#\/schema\/person\/5b822c6f59e872ebdd1142f307dbcb59","name":"ppdegaliciaredes","image":{"@type":"ImageObject","inLanguage":"es","@id":"https:\/\/secure.gravatar.com\/avatar\/3c9179cf0256d00c72a48d1f25783c58b6842cd56e85ef3a572881c8e28ccd59?s=96&d=mm&r=g","url":"https:\/\/secure.gravatar.com\/avatar\/3c9179cf0256d00c72a48d1f25783c58b6842cd56e85ef3a572881c8e28ccd59?s=96&d=mm&r=g","contentUrl":"https:\/\/secure.gravatar.com\/avatar\/3c9179cf0256d00c72a48d1f25783c58b6842cd56e85ef3a572881c8e28ccd59?s=96&d=mm&r=g","caption":"ppdegaliciaredes"},"url":"https:\/\/ppdegalicia.com\/es\/author\/ppdegaliciaredes\/"}]}},"_links":{"self":[{"href":"https:\/\/ppdegalicia.com\/es\/wp-json\/wp\/v2\/posts\/67898","targetHints":{"allow":["GET"]}}],"collection":[{"href":"https:\/\/ppdegalicia.com\/es\/wp-json\/wp\/v2\/posts"}],"about":[{"href":"https:\/\/ppdegalicia.com\/es\/wp-json\/wp\/v2\/types\/post"}],"author":[{"embeddable":true,"href":"https:\/\/ppdegalicia.com\/es\/wp-json\/wp\/v2\/users\/38"}],"replies":[{"embeddable":true,"href":"https:\/\/ppdegalicia.com\/es\/wp-json\/wp\/v2\/comments?post=67898"}],"version-history":[{"count":1,"href":"https:\/\/ppdegalicia.com\/es\/wp-json\/wp\/v2\/posts\/67898\/revisions"}],"predecessor-version":[{"id":67901,"href":"https:\/\/ppdegalicia.com\/es\/wp-json\/wp\/v2\/posts\/67898\/revisions\/67901"}],"wp:featuredmedia":[{"embeddable":true,"href":"https:\/\/ppdegalicia.com\/es\/wp-json\/wp\/v2\/media\/67899"}],"wp:attachment":[{"href":"https:\/\/ppdegalicia.com\/es\/wp-json\/wp\/v2\/media?parent=67898"}],"wp:term":[{"taxonomy":"category","embeddable":true,"href":"https:\/\/ppdegalicia.com\/es\/wp-json\/wp\/v2\/categories?post=67898"},{"taxonomy":"post_tag","embeddable":true,"href":"https:\/\/ppdegalicia.com\/es\/wp-json\/wp\/v2\/tags?post=67898"}],"curies":[{"name":"wp","href":"https:\/\/api.w.org\/{rel}","templated":true}]}}