{"id":67943,"date":"2025-08-10T09:30:06","date_gmt":"2025-08-10T08:30:06","guid":{"rendered":"https:\/\/ppdegalicia.com\/?p=67943"},"modified":"2025-08-08T11:08:54","modified_gmt":"2025-08-08T10:08:54","slug":"o-ppdeg-demanda-ao-goberno-central-o-rescate-inmediato-da-concesion-da-ap-9-e-a-liberacion-das-peaxes-nesta-via","status":"publish","type":"post","link":"https:\/\/ppdegalicia.com\/es\/o-ppdeg-demanda-ao-goberno-central-o-rescate-inmediato-da-concesion-da-ap-9-e-a-liberacion-das-peaxes-nesta-via\/","title":{"rendered":"O PPdeG demanda ao Goberno central o rescate inmediato da concesi\u00f3n da AP-9 e a liberaci\u00f3n das peaxes nesta v\u00eda"},"content":{"rendered":"<p style=\"font-weight: 400;\">O Partido Popular de Galicia demanda ao Goberno central que, logo do recente ditame da Comisi\u00f3n Europea, acorde de inmediato o rescate da concesi\u00f3n e a liberaci\u00f3n das peaxes da AP-9 por ser \u201ca opci\u00f3n m\u00e1is beneficiosa para Galicia e m\u00e1is razoable para as contas p\u00fablicas\u201d.<\/p>\n<p style=\"font-weight: 400;\">Os populares ve\u00f1en de rexistrar no Parlame a xesti\u00f3n da Autopista do Atl\u00e1ntico por parte do Estado nos \u00faltimos anos foi claramente prexudicial para o interese xeral e especialmente para Galicia\u201d, nto de Galicia unha proposici\u00f3n non de lei con este fin aproveitando a \u201cvent\u00e1 de oportunidade\u201d que sup\u00f3n, na s\u00faa opini\u00f3n, o prazo de resposta concedido ao Executivo por parte das autoridades europeas logo da emisi\u00f3n dese ditame. \u201cEsta eventualidade pode supo\u00f1er unha oportunidade para avanzar no obxectivo de acadar unha AP-9 galega e libre de peaxes\u201d, afirman.<\/p>\n<p style=\"font-weight: 400;\">Argumentan que o rescate desta autopista estatal e a liberaci\u00f3n das peaxes sup\u00f3n \u201ca alternativa m\u00e1is vantaxosa para o interese p\u00fablico\u201d na medida en que, segundo os c\u00e1lculos da Xunta de Galicia, o custo da indemnizaci\u00f3n polo rescate da v\u00eda (entorno dos 2.356 mill\u00f3ns de euros) ser\u00eda similar ao custo que sup\u00f3n o mantemento do actual sistema de bonificaci\u00f3ns para os usuarios ata o remate da concesi\u00f3n.<\/p>\n<p style=\"font-weight: 400;\">A isto s\u00famase que o rescate da concesi\u00f3n e a liberaci\u00f3n da peaxe implicar\u00edan o transvasamento do tr\u00e1fico desde as estradas convencionais cara \u00e1 AP-9, o cal redundar\u00eda en numerosos beneficios ambientais, de seguridade viaria, de calidade de vida e de competitividade que tam\u00e9n deber\u00edan ser cuantificados polo Ministerio para un mellor criterio na toma de decisi\u00f3n sobre o rescate.<\/p>\n<p style=\"font-weight: 400;\">\u201cQueda acreditado unha vez m\u00e1is que a xesti\u00f3n da Autopista do Atl\u00e1ntico por parte do Estado nos \u00faltimos anos foi claramente prexudicial para o interese xeral e especialmente para Galicia\u201d, concl\u00fae o portavoz de Infraestruturas do Grupo Popular no Parlamento galego, Roberto Rodr\u00edguez, refer\u00edndose aos beneficios econ\u00f3micos da empresa concesionaria e \u00e1 suba das tarifas que os usuarios galegos sufriron en maior medida que os doutras v\u00edas similares no resto de Espa\u00f1a.<\/p>\n<p style=\"font-weight: 400;\">Un desleixo cara Galicia cuxa m\u00e1xima representaci\u00f3n \u00e9 o feito de que, a d\u00eda de hoxe, as pr\u00f3rrogas \u00e1 tramitaci\u00f3n parlamentaria da proposici\u00f3n de lei sobre a transferencia da AP-9 a Galicia no Congreso dos Deputados ascendan xa a 53 desde que Pedro S\u00e1nchez chegou \u00e1 Moncloa.<\/p>\n<p style=\"font-weight: 400;\">Por todo isto, Rodr\u00edguez e o resto de deputados do PPdeG consideran que est\u00e1 \u00e9 \u201cunha oportunidade \u00fanica\u201d e instan as\u00ed ao Goberno de Espa\u00f1a \u00e1 reflexionar sobre a conveniencia dun rescate que \u201ccanto m\u00e1is tarde se faga, m\u00e1is caro ser\u00e1 para o peto dos galegos e do resto de espa\u00f1ois\u201d.<\/p>\n","protected":false},"excerpt":{"rendered":"<p>O Partido Popular de Galicia demanda ao Goberno central que, logo do recente ditame da Comisi\u00f3n Europea, acorde de inmediato o rescate da concesi\u00f3n e a liberaci\u00f3n das peaxes da AP-9 por ser \u201ca opci\u00f3n m\u00e1is beneficiosa para Galicia e m\u00e1is razoable para as contas p\u00fablicas\u201d. Os populares ve\u00f1en de rexistrar no Parlame a xesti\u00f3n [&hellip;]<\/p>\n","protected":false},"author":38,"featured_media":67944,"comment_status":"closed","ping_status":"open","sticky":false,"template":"","format":"standard","meta":{"_acf_changed":false,"footnotes":""},"categories":[1128,1],"tags":[],"class_list":["post-67943","post","type-post","status-publish","format-standard","has-post-thumbnail","hentry","category-actualidad-parlamento-de-galicia","category-pp-de-galicia"],"acf":[],"yoast_head":"<!-- This site is optimized with the Yoast SEO plugin v27.3 - https:\/\/yoast.com\/product\/yoast-seo-wordpress\/ -->\n<title>O PPdeG demanda ao Goberno central o rescate inmediato da concesi\u00f3n da AP-9 e a liberaci\u00f3n das peaxes nesta v\u00eda - PP de Galicia<\/title>\n<meta name=\"description\" content=\"O Partido Popular de Galicia demanda ao Goberno central que, logo do recente ditame da Comisi\u00f3n Europea, acorde de inmediato o rescate da concesi\u00f3n e a liberaci\u00f3n das peaxes da AP-9 por ser \u201ca opci\u00f3n m\u00e1is beneficiosa para Galicia e m\u00e1is razoable para as contas p\u00fablicas\u201d.\" \/>\n<meta name=\"robots\" content=\"index, follow, max-snippet:-1, max-image-preview:large, max-video-preview:-1\" \/>\n<link rel=\"canonical\" href=\"https:\/\/ppdegalicia.com\/es\/o-ppdeg-demanda-ao-goberno-central-o-rescate-inmediato-da-concesion-da-ap-9-e-a-liberacion-das-peaxes-nesta-via\/\" \/>\n<meta property=\"og:locale\" content=\"es_ES\" \/>\n<meta property=\"og:type\" content=\"article\" \/>\n<meta property=\"og:title\" content=\"O PPdeG demanda ao Goberno central o rescate inmediato da concesi\u00f3n da AP-9 e a liberaci\u00f3n das peaxes nesta v\u00eda - PP de Galicia\" \/>\n<meta property=\"og:description\" content=\"O Partido Popular de Galicia demanda ao Goberno central que, logo do recente ditame da Comisi\u00f3n Europea, acorde de inmediato o rescate da concesi\u00f3n e a liberaci\u00f3n das peaxes da AP-9 por ser \u201ca opci\u00f3n m\u00e1is beneficiosa para Galicia e m\u00e1is razoable para as contas p\u00fablicas\u201d.\" \/>\n<meta property=\"og:url\" content=\"https:\/\/ppdegalicia.com\/es\/o-ppdeg-demanda-ao-goberno-central-o-rescate-inmediato-da-concesion-da-ap-9-e-a-liberacion-das-peaxes-nesta-via\/\" \/>\n<meta property=\"og:site_name\" content=\"PP de Galicia\" \/>\n<meta property=\"article:publisher\" content=\"https:\/\/www.instagram.com\/ppdegalicia\/\" \/>\n<meta property=\"article:published_time\" content=\"2025-08-10T08:30:06+00:00\" \/>\n<meta property=\"og:image\" content=\"https:\/\/ppdegalicia.com\/wp-content\/uploads\/2025\/08\/20250810_RobertoRodriguez-scaled.jpg\" \/>\n\t<meta property=\"og:image:width\" content=\"2560\" \/>\n\t<meta property=\"og:image:height\" content=\"1706\" \/>\n\t<meta property=\"og:image:type\" content=\"image\/jpeg\" \/>\n<meta name=\"author\" content=\"ppdegaliciaredes\" \/>\n<meta name=\"twitter:card\" content=\"summary_large_image\" \/>\n<meta name=\"twitter:creator\" content=\"@ppdegalicia\" \/>\n<meta name=\"twitter:site\" content=\"@ppdegalicia\" \/>\n<meta name=\"twitter:label1\" content=\"Escrito por\" \/>\n\t<meta name=\"twitter:data1\" content=\"ppdegaliciaredes\" \/>\n\t<meta name=\"twitter:label2\" content=\"Tiempo de lectura\" \/>\n\t<meta name=\"twitter:data2\" content=\"3 minutos\" \/>\n<script type=\"application\/ld+json\" class=\"yoast-schema-graph\">{\"@context\":\"https:\\\/\\\/schema.org\",\"@graph\":[{\"@type\":\"Article\",\"@id\":\"https:\\\/\\\/ppdegalicia.com\\\/es\\\/o-ppdeg-demanda-ao-goberno-central-o-rescate-inmediato-da-concesion-da-ap-9-e-a-liberacion-das-peaxes-nesta-via\\\/#article\",\"isPartOf\":{\"@id\":\"https:\\\/\\\/ppdegalicia.com\\\/es\\\/o-ppdeg-demanda-ao-goberno-central-o-rescate-inmediato-da-concesion-da-ap-9-e-a-liberacion-das-peaxes-nesta-via\\\/\"},\"author\":{\"name\":\"ppdegaliciaredes\",\"@id\":\"https:\\\/\\\/ppdegalicia.com\\\/es\\\/#\\\/schema\\\/person\\\/5b822c6f59e872ebdd1142f307dbcb59\"},\"headline\":\"O PPdeG demanda ao Goberno central o rescate inmediato da concesi\u00f3n da AP-9 e a liberaci\u00f3n das peaxes nesta v\u00eda\",\"datePublished\":\"2025-08-10T08:30:06+00:00\",\"mainEntityOfPage\":{\"@id\":\"https:\\\/\\\/ppdegalicia.com\\\/es\\\/o-ppdeg-demanda-ao-goberno-central-o-rescate-inmediato-da-concesion-da-ap-9-e-a-liberacion-das-peaxes-nesta-via\\\/\"},\"wordCount\":504,\"publisher\":{\"@id\":\"https:\\\/\\\/ppdegalicia.com\\\/es\\\/#organization\"},\"image\":{\"@id\":\"https:\\\/\\\/ppdegalicia.com\\\/es\\\/o-ppdeg-demanda-ao-goberno-central-o-rescate-inmediato-da-concesion-da-ap-9-e-a-liberacion-das-peaxes-nesta-via\\\/#primaryimage\"},\"thumbnailUrl\":\"https:\\\/\\\/ppdegalicia.com\\\/wp-content\\\/uploads\\\/2025\\\/08\\\/20250810_RobertoRodriguez-scaled.jpg\",\"articleSection\":[\"Parlamento de Galicia\",\"PP de Galicia\"],\"inLanguage\":\"es\"},{\"@type\":\"WebPage\",\"@id\":\"https:\\\/\\\/ppdegalicia.com\\\/es\\\/o-ppdeg-demanda-ao-goberno-central-o-rescate-inmediato-da-concesion-da-ap-9-e-a-liberacion-das-peaxes-nesta-via\\\/\",\"url\":\"https:\\\/\\\/ppdegalicia.com\\\/es\\\/o-ppdeg-demanda-ao-goberno-central-o-rescate-inmediato-da-concesion-da-ap-9-e-a-liberacion-das-peaxes-nesta-via\\\/\",\"name\":\"O PPdeG demanda ao Goberno central o rescate inmediato da concesi\u00f3n da AP-9 e a liberaci\u00f3n das peaxes nesta v\u00eda - PP de Galicia\",\"isPartOf\":{\"@id\":\"https:\\\/\\\/ppdegalicia.com\\\/es\\\/#website\"},\"primaryImageOfPage\":{\"@id\":\"https:\\\/\\\/ppdegalicia.com\\\/es\\\/o-ppdeg-demanda-ao-goberno-central-o-rescate-inmediato-da-concesion-da-ap-9-e-a-liberacion-das-peaxes-nesta-via\\\/#primaryimage\"},\"image\":{\"@id\":\"https:\\\/\\\/ppdegalicia.com\\\/es\\\/o-ppdeg-demanda-ao-goberno-central-o-rescate-inmediato-da-concesion-da-ap-9-e-a-liberacion-das-peaxes-nesta-via\\\/#primaryimage\"},\"thumbnailUrl\":\"https:\\\/\\\/ppdegalicia.com\\\/wp-content\\\/uploads\\\/2025\\\/08\\\/20250810_RobertoRodriguez-scaled.jpg\",\"datePublished\":\"2025-08-10T08:30:06+00:00\",\"description\":\"O Partido Popular de Galicia demanda ao Goberno central que, logo do recente ditame da Comisi\u00f3n Europea, acorde de inmediato o rescate da concesi\u00f3n e a liberaci\u00f3n das peaxes da AP-9 por ser \u201ca opci\u00f3n m\u00e1is beneficiosa para Galicia e m\u00e1is razoable para as contas p\u00fablicas\u201d.\",\"breadcrumb\":{\"@id\":\"https:\\\/\\\/ppdegalicia.com\\\/es\\\/o-ppdeg-demanda-ao-goberno-central-o-rescate-inmediato-da-concesion-da-ap-9-e-a-liberacion-das-peaxes-nesta-via\\\/#breadcrumb\"},\"inLanguage\":\"es\",\"potentialAction\":[{\"@type\":\"ReadAction\",\"target\":[\"https:\\\/\\\/ppdegalicia.com\\\/es\\\/o-ppdeg-demanda-ao-goberno-central-o-rescate-inmediato-da-concesion-da-ap-9-e-a-liberacion-das-peaxes-nesta-via\\\/\"]}]},{\"@type\":\"ImageObject\",\"inLanguage\":\"es\",\"@id\":\"https:\\\/\\\/ppdegalicia.com\\\/es\\\/o-ppdeg-demanda-ao-goberno-central-o-rescate-inmediato-da-concesion-da-ap-9-e-a-liberacion-das-peaxes-nesta-via\\\/#primaryimage\",\"url\":\"https:\\\/\\\/ppdegalicia.com\\\/wp-content\\\/uploads\\\/2025\\\/08\\\/20250810_RobertoRodriguez-scaled.jpg\",\"contentUrl\":\"https:\\\/\\\/ppdegalicia.com\\\/wp-content\\\/uploads\\\/2025\\\/08\\\/20250810_RobertoRodriguez-scaled.jpg\",\"width\":2560,\"height\":1706},{\"@type\":\"BreadcrumbList\",\"@id\":\"https:\\\/\\\/ppdegalicia.com\\\/es\\\/o-ppdeg-demanda-ao-goberno-central-o-rescate-inmediato-da-concesion-da-ap-9-e-a-liberacion-das-peaxes-nesta-via\\\/#breadcrumb\",\"itemListElement\":[{\"@type\":\"ListItem\",\"position\":1,\"name\":\"Portada\",\"item\":\"https:\\\/\\\/ppdegalicia.com\\\/es\\\/\"},{\"@type\":\"ListItem\",\"position\":2,\"name\":\"O PPdeG demanda ao Goberno central o rescate inmediato da concesi\u00f3n da AP-9 e a liberaci\u00f3n das peaxes nesta v\u00eda\"}]},{\"@type\":\"WebSite\",\"@id\":\"https:\\\/\\\/ppdegalicia.com\\\/es\\\/#website\",\"url\":\"https:\\\/\\\/ppdegalicia.com\\\/es\\\/\",\"name\":\"Partido Popular de Galicia\",\"description\":\"Partido Popular de Galicia\",\"publisher\":{\"@id\":\"https:\\\/\\\/ppdegalicia.com\\\/es\\\/#organization\"},\"alternateName\":\"PP de Galicia\",\"potentialAction\":[{\"@type\":\"SearchAction\",\"target\":{\"@type\":\"EntryPoint\",\"urlTemplate\":\"https:\\\/\\\/ppdegalicia.com\\\/es\\\/?s={search_term_string}\"},\"query-input\":{\"@type\":\"PropertyValueSpecification\",\"valueRequired\":true,\"valueName\":\"search_term_string\"}}],\"inLanguage\":\"es\"},{\"@type\":\"Organization\",\"@id\":\"https:\\\/\\\/ppdegalicia.com\\\/es\\\/#organization\",\"name\":\"Partido Popular de Galicia\",\"alternateName\":\"PP de Galicia\",\"url\":\"https:\\\/\\\/ppdegalicia.com\\\/es\\\/\",\"logo\":{\"@type\":\"ImageObject\",\"inLanguage\":\"es\",\"@id\":\"https:\\\/\\\/ppdegalicia.com\\\/es\\\/#\\\/schema\\\/logo\\\/image\\\/\",\"url\":\"https:\\\/\\\/ppdegalicia.com\\\/wp-content\\\/uploads\\\/2023\\\/04\\\/logoPP512.png\",\"contentUrl\":\"https:\\\/\\\/ppdegalicia.com\\\/wp-content\\\/uploads\\\/2023\\\/04\\\/logoPP512.png\",\"width\":512,\"height\":512,\"caption\":\"Partido Popular de Galicia\"},\"image\":{\"@id\":\"https:\\\/\\\/ppdegalicia.com\\\/es\\\/#\\\/schema\\\/logo\\\/image\\\/\"},\"sameAs\":[\"https:\\\/\\\/www.instagram.com\\\/ppdegalicia\\\/\",\"https:\\\/\\\/x.com\\\/ppdegalicia\",\"https:\\\/\\\/www.tiktok.com\\\/@ppdegalicia\",\"https:\\\/\\\/www.youtube.com\\\/user\\\/ppdegalicia\"]},{\"@type\":\"Person\",\"@id\":\"https:\\\/\\\/ppdegalicia.com\\\/es\\\/#\\\/schema\\\/person\\\/5b822c6f59e872ebdd1142f307dbcb59\",\"name\":\"ppdegaliciaredes\",\"image\":{\"@type\":\"ImageObject\",\"inLanguage\":\"es\",\"@id\":\"https:\\\/\\\/secure.gravatar.com\\\/avatar\\\/3c9179cf0256d00c72a48d1f25783c58b6842cd56e85ef3a572881c8e28ccd59?s=96&d=mm&r=g\",\"url\":\"https:\\\/\\\/secure.gravatar.com\\\/avatar\\\/3c9179cf0256d00c72a48d1f25783c58b6842cd56e85ef3a572881c8e28ccd59?s=96&d=mm&r=g\",\"contentUrl\":\"https:\\\/\\\/secure.gravatar.com\\\/avatar\\\/3c9179cf0256d00c72a48d1f25783c58b6842cd56e85ef3a572881c8e28ccd59?s=96&d=mm&r=g\",\"caption\":\"ppdegaliciaredes\"},\"url\":\"https:\\\/\\\/ppdegalicia.com\\\/es\\\/author\\\/ppdegaliciaredes\\\/\"}]}<\/script>\n<!-- \/ Yoast SEO plugin. -->","yoast_head_json":{"title":"O PPdeG demanda ao Goberno central o rescate inmediato da concesi\u00f3n da AP-9 e a liberaci\u00f3n das peaxes nesta v\u00eda - PP de Galicia","description":"O Partido Popular de Galicia demanda ao Goberno central que, logo do recente ditame da Comisi\u00f3n Europea, acorde de inmediato o rescate da concesi\u00f3n e a liberaci\u00f3n das peaxes da AP-9 por ser \u201ca opci\u00f3n m\u00e1is beneficiosa para Galicia e m\u00e1is razoable para as contas p\u00fablicas\u201d.","robots":{"index":"index","follow":"follow","max-snippet":"max-snippet:-1","max-image-preview":"max-image-preview:large","max-video-preview":"max-video-preview:-1"},"canonical":"https:\/\/ppdegalicia.com\/es\/o-ppdeg-demanda-ao-goberno-central-o-rescate-inmediato-da-concesion-da-ap-9-e-a-liberacion-das-peaxes-nesta-via\/","og_locale":"es_ES","og_type":"article","og_title":"O PPdeG demanda ao Goberno central o rescate inmediato da concesi\u00f3n da AP-9 e a liberaci\u00f3n das peaxes nesta v\u00eda - PP de Galicia","og_description":"O Partido Popular de Galicia demanda ao Goberno central que, logo do recente ditame da Comisi\u00f3n Europea, acorde de inmediato o rescate da concesi\u00f3n e a liberaci\u00f3n das peaxes da AP-9 por ser \u201ca opci\u00f3n m\u00e1is beneficiosa para Galicia e m\u00e1is razoable para as contas p\u00fablicas\u201d.","og_url":"https:\/\/ppdegalicia.com\/es\/o-ppdeg-demanda-ao-goberno-central-o-rescate-inmediato-da-concesion-da-ap-9-e-a-liberacion-das-peaxes-nesta-via\/","og_site_name":"PP de Galicia","article_publisher":"https:\/\/www.instagram.com\/ppdegalicia\/","article_published_time":"2025-08-10T08:30:06+00:00","og_image":[{"width":2560,"height":1706,"url":"https:\/\/ppdegalicia.com\/wp-content\/uploads\/2025\/08\/20250810_RobertoRodriguez-scaled.jpg","type":"image\/jpeg"}],"author":"ppdegaliciaredes","twitter_card":"summary_large_image","twitter_creator":"@ppdegalicia","twitter_site":"@ppdegalicia","twitter_misc":{"Escrito por":"ppdegaliciaredes","Tiempo de lectura":"3 minutos"},"schema":{"@context":"https:\/\/schema.org","@graph":[{"@type":"Article","@id":"https:\/\/ppdegalicia.com\/es\/o-ppdeg-demanda-ao-goberno-central-o-rescate-inmediato-da-concesion-da-ap-9-e-a-liberacion-das-peaxes-nesta-via\/#article","isPartOf":{"@id":"https:\/\/ppdegalicia.com\/es\/o-ppdeg-demanda-ao-goberno-central-o-rescate-inmediato-da-concesion-da-ap-9-e-a-liberacion-das-peaxes-nesta-via\/"},"author":{"name":"ppdegaliciaredes","@id":"https:\/\/ppdegalicia.com\/es\/#\/schema\/person\/5b822c6f59e872ebdd1142f307dbcb59"},"headline":"O PPdeG demanda ao Goberno central o rescate inmediato da concesi\u00f3n da AP-9 e a liberaci\u00f3n das peaxes nesta v\u00eda","datePublished":"2025-08-10T08:30:06+00:00","mainEntityOfPage":{"@id":"https:\/\/ppdegalicia.com\/es\/o-ppdeg-demanda-ao-goberno-central-o-rescate-inmediato-da-concesion-da-ap-9-e-a-liberacion-das-peaxes-nesta-via\/"},"wordCount":504,"publisher":{"@id":"https:\/\/ppdegalicia.com\/es\/#organization"},"image":{"@id":"https:\/\/ppdegalicia.com\/es\/o-ppdeg-demanda-ao-goberno-central-o-rescate-inmediato-da-concesion-da-ap-9-e-a-liberacion-das-peaxes-nesta-via\/#primaryimage"},"thumbnailUrl":"https:\/\/ppdegalicia.com\/wp-content\/uploads\/2025\/08\/20250810_RobertoRodriguez-scaled.jpg","articleSection":["Parlamento de Galicia","PP de Galicia"],"inLanguage":"es"},{"@type":"WebPage","@id":"https:\/\/ppdegalicia.com\/es\/o-ppdeg-demanda-ao-goberno-central-o-rescate-inmediato-da-concesion-da-ap-9-e-a-liberacion-das-peaxes-nesta-via\/","url":"https:\/\/ppdegalicia.com\/es\/o-ppdeg-demanda-ao-goberno-central-o-rescate-inmediato-da-concesion-da-ap-9-e-a-liberacion-das-peaxes-nesta-via\/","name":"O PPdeG demanda ao Goberno central o rescate inmediato da concesi\u00f3n da AP-9 e a liberaci\u00f3n das peaxes nesta v\u00eda - PP de Galicia","isPartOf":{"@id":"https:\/\/ppdegalicia.com\/es\/#website"},"primaryImageOfPage":{"@id":"https:\/\/ppdegalicia.com\/es\/o-ppdeg-demanda-ao-goberno-central-o-rescate-inmediato-da-concesion-da-ap-9-e-a-liberacion-das-peaxes-nesta-via\/#primaryimage"},"image":{"@id":"https:\/\/ppdegalicia.com\/es\/o-ppdeg-demanda-ao-goberno-central-o-rescate-inmediato-da-concesion-da-ap-9-e-a-liberacion-das-peaxes-nesta-via\/#primaryimage"},"thumbnailUrl":"https:\/\/ppdegalicia.com\/wp-content\/uploads\/2025\/08\/20250810_RobertoRodriguez-scaled.jpg","datePublished":"2025-08-10T08:30:06+00:00","description":"O Partido Popular de Galicia demanda ao Goberno central que, logo do recente ditame da Comisi\u00f3n Europea, acorde de inmediato o rescate da concesi\u00f3n e a liberaci\u00f3n das peaxes da AP-9 por ser \u201ca opci\u00f3n m\u00e1is beneficiosa para Galicia e m\u00e1is razoable para as contas p\u00fablicas\u201d.","breadcrumb":{"@id":"https:\/\/ppdegalicia.com\/es\/o-ppdeg-demanda-ao-goberno-central-o-rescate-inmediato-da-concesion-da-ap-9-e-a-liberacion-das-peaxes-nesta-via\/#breadcrumb"},"inLanguage":"es","potentialAction":[{"@type":"ReadAction","target":["https:\/\/ppdegalicia.com\/es\/o-ppdeg-demanda-ao-goberno-central-o-rescate-inmediato-da-concesion-da-ap-9-e-a-liberacion-das-peaxes-nesta-via\/"]}]},{"@type":"ImageObject","inLanguage":"es","@id":"https:\/\/ppdegalicia.com\/es\/o-ppdeg-demanda-ao-goberno-central-o-rescate-inmediato-da-concesion-da-ap-9-e-a-liberacion-das-peaxes-nesta-via\/#primaryimage","url":"https:\/\/ppdegalicia.com\/wp-content\/uploads\/2025\/08\/20250810_RobertoRodriguez-scaled.jpg","contentUrl":"https:\/\/ppdegalicia.com\/wp-content\/uploads\/2025\/08\/20250810_RobertoRodriguez-scaled.jpg","width":2560,"height":1706},{"@type":"BreadcrumbList","@id":"https:\/\/ppdegalicia.com\/es\/o-ppdeg-demanda-ao-goberno-central-o-rescate-inmediato-da-concesion-da-ap-9-e-a-liberacion-das-peaxes-nesta-via\/#breadcrumb","itemListElement":[{"@type":"ListItem","position":1,"name":"Portada","item":"https:\/\/ppdegalicia.com\/es\/"},{"@type":"ListItem","position":2,"name":"O PPdeG demanda ao Goberno central o rescate inmediato da concesi\u00f3n da AP-9 e a liberaci\u00f3n das peaxes nesta v\u00eda"}]},{"@type":"WebSite","@id":"https:\/\/ppdegalicia.com\/es\/#website","url":"https:\/\/ppdegalicia.com\/es\/","name":"Partido Popular de Galicia","description":"Partido Popular de Galicia","publisher":{"@id":"https:\/\/ppdegalicia.com\/es\/#organization"},"alternateName":"PP de Galicia","potentialAction":[{"@type":"SearchAction","target":{"@type":"EntryPoint","urlTemplate":"https:\/\/ppdegalicia.com\/es\/?s={search_term_string}"},"query-input":{"@type":"PropertyValueSpecification","valueRequired":true,"valueName":"search_term_string"}}],"inLanguage":"es"},{"@type":"Organization","@id":"https:\/\/ppdegalicia.com\/es\/#organization","name":"Partido Popular de Galicia","alternateName":"PP de Galicia","url":"https:\/\/ppdegalicia.com\/es\/","logo":{"@type":"ImageObject","inLanguage":"es","@id":"https:\/\/ppdegalicia.com\/es\/#\/schema\/logo\/image\/","url":"https:\/\/ppdegalicia.com\/wp-content\/uploads\/2023\/04\/logoPP512.png","contentUrl":"https:\/\/ppdegalicia.com\/wp-content\/uploads\/2023\/04\/logoPP512.png","width":512,"height":512,"caption":"Partido Popular de Galicia"},"image":{"@id":"https:\/\/ppdegalicia.com\/es\/#\/schema\/logo\/image\/"},"sameAs":["https:\/\/www.instagram.com\/ppdegalicia\/","https:\/\/x.com\/ppdegalicia","https:\/\/www.tiktok.com\/@ppdegalicia","https:\/\/www.youtube.com\/user\/ppdegalicia"]},{"@type":"Person","@id":"https:\/\/ppdegalicia.com\/es\/#\/schema\/person\/5b822c6f59e872ebdd1142f307dbcb59","name":"ppdegaliciaredes","image":{"@type":"ImageObject","inLanguage":"es","@id":"https:\/\/secure.gravatar.com\/avatar\/3c9179cf0256d00c72a48d1f25783c58b6842cd56e85ef3a572881c8e28ccd59?s=96&d=mm&r=g","url":"https:\/\/secure.gravatar.com\/avatar\/3c9179cf0256d00c72a48d1f25783c58b6842cd56e85ef3a572881c8e28ccd59?s=96&d=mm&r=g","contentUrl":"https:\/\/secure.gravatar.com\/avatar\/3c9179cf0256d00c72a48d1f25783c58b6842cd56e85ef3a572881c8e28ccd59?s=96&d=mm&r=g","caption":"ppdegaliciaredes"},"url":"https:\/\/ppdegalicia.com\/es\/author\/ppdegaliciaredes\/"}]}},"_links":{"self":[{"href":"https:\/\/ppdegalicia.com\/es\/wp-json\/wp\/v2\/posts\/67943","targetHints":{"allow":["GET"]}}],"collection":[{"href":"https:\/\/ppdegalicia.com\/es\/wp-json\/wp\/v2\/posts"}],"about":[{"href":"https:\/\/ppdegalicia.com\/es\/wp-json\/wp\/v2\/types\/post"}],"author":[{"embeddable":true,"href":"https:\/\/ppdegalicia.com\/es\/wp-json\/wp\/v2\/users\/38"}],"replies":[{"embeddable":true,"href":"https:\/\/ppdegalicia.com\/es\/wp-json\/wp\/v2\/comments?post=67943"}],"version-history":[{"count":1,"href":"https:\/\/ppdegalicia.com\/es\/wp-json\/wp\/v2\/posts\/67943\/revisions"}],"predecessor-version":[{"id":67946,"href":"https:\/\/ppdegalicia.com\/es\/wp-json\/wp\/v2\/posts\/67943\/revisions\/67946"}],"wp:featuredmedia":[{"embeddable":true,"href":"https:\/\/ppdegalicia.com\/es\/wp-json\/wp\/v2\/media\/67944"}],"wp:attachment":[{"href":"https:\/\/ppdegalicia.com\/es\/wp-json\/wp\/v2\/media?parent=67943"}],"wp:term":[{"taxonomy":"category","embeddable":true,"href":"https:\/\/ppdegalicia.com\/es\/wp-json\/wp\/v2\/categories?post=67943"},{"taxonomy":"post_tag","embeddable":true,"href":"https:\/\/ppdegalicia.com\/es\/wp-json\/wp\/v2\/tags?post=67943"}],"curies":[{"name":"wp","href":"https:\/\/api.w.org\/{rel}","templated":true}]}}