{"id":67948,"date":"2025-08-08T14:10:16","date_gmt":"2025-08-08T13:10:16","guid":{"rendered":"https:\/\/ppdegalicia.com\/?p=67948"},"modified":"2025-08-08T14:10:16","modified_gmt":"2025-08-08T13:10:16","slug":"o-ppdeg-considera-que-a-sentenza-europea-sobre-a-tramitacion-eolica-abre-un-novo-horizonte-en-galicia-e-fai-posible-un-futuro-con-enerxias-limpas-industria-e-emprego","status":"publish","type":"post","link":"https:\/\/ppdegalicia.com\/es\/o-ppdeg-considera-que-a-sentenza-europea-sobre-a-tramitacion-eolica-abre-un-novo-horizonte-en-galicia-e-fai-posible-un-futuro-con-enerxias-limpas-industria-e-emprego\/","title":{"rendered":"O PPdeG considera que a sentenza europea sobre a tramitaci\u00f3n e\u00f3lica \u201cabre un novo horizonte en Galicia\u201d e fai posible un futuro con enerx\u00edas limpas, industria e emprego"},"content":{"rendered":"<p style=\"font-weight: 400;\">O PPdeG celebra o recente aval da xustiza europea \u00e1 tramitaci\u00f3n dos proxectos e\u00f3licos por parte do Goberno galego na medida en que \u201cabre un novo horizonte de proxectos industriais en Galicia\u201d e fai posible un futuro con enerx\u00edas limpas, industria e emprego na Comunidade.<\/p>\n<p style=\"font-weight: 400;\">As\u00ed o manifestou esta ma\u00f1\u00e1 a secretaria xeral Paula Prado nunha visita que realizou a un parque e\u00f3lico ubicado en Lal\u00edn xunto \u00e1 responsable de Medio Ambiente no Goberno galego, \u00c1nxeles V\u00e1zquez, e o alcalde e senador Jos\u00e9 Crespo. Unha visita na que todos eles valoraron de xeito moi positivo a sentenza do Tribunal de Xustiza da Uni\u00f3n Europea (TXUE) sobre a tramitaci\u00f3n ambiental dos proxectos e\u00f3licos levada a cabo en Galicia nos \u00faltimos anos.<\/p>\n<p style=\"font-weight: 400;\">\u201cN\u00f3s xa sabiamos que os t\u00e9cnicos da Xunta son uns magn\u00edficos profesionais que traballan con rigor, obxectividade e sen outra presi\u00f3n que o cumprimento da lei. Pero fixo falta que o reco\u00f1eceran o Tribunal Supremo e, agora, o TXUE\u201d, asegurou a n\u00famero dous dos populares galegos ao tempo que amosaba a s\u00faa satisfacci\u00f3n polo feito de que \u201cpor fin se fixo xustiza fronte ao bloqueo\u201d.<\/p>\n<p style=\"font-weight: 400;\">Un bloqueo do que culpou \u201caos de sempre, aos do \u2018non\u2019 sistem\u00e1tico, aos da cr\u00edtica sen proposta e aos que sempre po\u00f1en os seus intereses partidistas por riba do interese xeral e do futuro de Galicia\u201d. Ped\u00edndolles agora \u201crespecto\u201d \u00e1s sentenzas xudiciais, Paula Prado esixiu ademais unha desculpa p\u00fablica para \u201ctodas aquelas persoas \u00e1s que se lle faltou ao respecto con estas cr\u00edticas\u201d.<\/p>\n<p style=\"font-weight: 400;\">\u201cA partir de agora ser\u00e1 o momento de aproveitar todas as oportunidades que temos por diante, sempre desde o respecto ao medio ambiente e aos galegos e galegas\u201d, conclu\u00edu a secretaria xeral do PPdeG reivindicando ao seu partido como \u201co partido do \u2018si\u2019 a Galicia, \u00e1s enerx\u00edas, \u00e1 industria, ao emprego e ao futuro\u201d.<\/p>\n<p style=\"font-weight: 400;\"><strong><u>VOLVER A COLLER O RITMO LOGO DO PAR\u00d3N<\/u><\/strong><\/p>\n<p style=\"font-weight: 400;\">Na mesma li\u00f1a, \u00c1ngeles V\u00e1zquez avogou por \u201crestitu\u00edr a normalidade\u201d logo desta sentenza e comprometeu o traballo do Goberno galego para, co mesmo rigor e coa mesma claridade que ata o de agora, \u201cdeixar atr\u00e1s o par\u00f3n que houbo durante estes anos e volver coller o ritmo do futuro\u201d.<\/p>\n<p style=\"font-weight: 400;\">\u201cEn Lal\u00edn hai catro parques e\u00f3licos proxectados dos que tres est\u00e1n autorizados pero paralizados s\u00f3 porque o Tribunal Superior de Xustiza de Galicia entend\u00eda que a tramitaci\u00f3n non cumpr\u00eda todos os preceptos das directivas nacional e europea\u201d, explicou como exemplo da importancia das sentenzas do Tribunal Supremo e do TXUE para \u201cdeixar totalmente claro o rigor dos t\u00e9cnicos municipais e da asesor\u00eda xur\u00eddica xeral\u201d.<\/p>\n<p style=\"font-weight: 400;\">A responsable de Medio Ambiente no Executivo auton\u00f3mico pediu \u201ca m\u00e1xima premura\u201d nas futuras sentenzas xudiciais pendentes e lamentou o tempo \u201cperdido\u201d estes anos antes de conclu\u00edr: \u201cDespois da claridade que aporta a sentenza europea, xa non quedan desculpas e temos que seguir convencendo \u00e1 poboaci\u00f3n do que sup\u00f3n a implantaci\u00f3n da e\u00f3lica en Galicia e que non queda outra cousa que avanzar cara \u00e1s enerx\u00edas verdes e limpas\u201d.<\/p>\n<p style=\"font-weight: 400;\"><strong><u>UN ANTES E UN DESPOIS PARA OS CONCELLOS GALEGOS<\/u><\/strong><\/p>\n<p style=\"font-weight: 400;\">Jos\u00e9 Crespo amosouse convencido tam\u00e9n de que o aval da xustiza europea ao traballo da Xunta de Galicia \u201cvai marcar un antes e un despois\u201d e celebrou que, a pesar de todo o esforzo, \u201cao final a raz\u00f3n sempre se imp\u00f3n\u201d.<\/p>\n<p style=\"font-weight: 400;\">\u201cPara ter vida, sobre todo nos concellos de interior, que temos m\u00e1is dificultades de acceso a recursos que os da costa, temos que aproveitar os recursos que temos. Porque na nosa terra, se non temos de que vivir, non temos nada\u201d, subli\u00f1ou incidindo na importancia dos proxectos e\u00f3licos para o futuro de lugares como Lal\u00edn.<\/p>\n<p style=\"font-weight: 400;\">O alcalde e senador criticou as \u201carremetidas\u201d protagonizadas neste tempo por colectivos e partidos que \u201cs\u00f3 traballan pola Galicia do \u2018non\u2019 e consideran que s\u00f3 o que fan eles est\u00e1 ben feito\u201d. E, neste sentido, sentenciou: \u201cA\u00ed est\u00e1 a quen lle d\u00e1 a raz\u00f3n a Xustiza e a quen non\u201d.<\/p>\n","protected":false},"excerpt":{"rendered":"<p>O PPdeG celebra o recente aval da xustiza europea \u00e1 tramitaci\u00f3n dos proxectos e\u00f3licos por parte do Goberno galego na medida en que \u201cabre un novo horizonte de proxectos industriais en Galicia\u201d e fai posible un futuro con enerx\u00edas limpas, industria e emprego na Comunidade. As\u00ed o manifestou esta ma\u00f1\u00e1 a secretaria xeral Paula Prado [&hellip;]<\/p>\n","protected":false},"author":38,"featured_media":67949,"comment_status":"closed","ping_status":"open","sticky":false,"template":"","format":"standard","meta":{"_acf_changed":false,"footnotes":""},"categories":[1],"tags":[],"class_list":["post-67948","post","type-post","status-publish","format-standard","has-post-thumbnail","hentry","category-pp-de-galicia"],"acf":[],"yoast_head":"<!-- This site is optimized with the Yoast SEO plugin v27.3 - https:\/\/yoast.com\/product\/yoast-seo-wordpress\/ -->\n<title>O PPdeG considera que a sentenza europea sobre a tramitaci\u00f3n e\u00f3lica \u201cabre un novo horizonte en Galicia\u201d e fai posible un futuro con enerx\u00edas limpas, industria e emprego - PP de Galicia<\/title>\n<meta name=\"description\" content=\"O PPdeG celebra o recente aval da xustiza europea \u00e1 tramitaci\u00f3n dos proxectos e\u00f3licos por parte do Goberno galego na medida en que \u201cabre un novo horizonte de proxectos industriais en Galicia\u201d e fai posible un futuro con enerx\u00edas limpas, industria e emprego na Comunidade.\" \/>\n<meta name=\"robots\" content=\"index, follow, max-snippet:-1, max-image-preview:large, max-video-preview:-1\" \/>\n<link rel=\"canonical\" href=\"https:\/\/ppdegalicia.com\/es\/o-ppdeg-considera-que-a-sentenza-europea-sobre-a-tramitacion-eolica-abre-un-novo-horizonte-en-galicia-e-fai-posible-un-futuro-con-enerxias-limpas-industria-e-emprego\/\" \/>\n<meta property=\"og:locale\" content=\"es_ES\" \/>\n<meta property=\"og:type\" content=\"article\" \/>\n<meta property=\"og:title\" content=\"O PPdeG considera que a sentenza europea sobre a tramitaci\u00f3n e\u00f3lica \u201cabre un novo horizonte en Galicia\u201d e fai posible un futuro con enerx\u00edas limpas, industria e emprego - PP de Galicia\" \/>\n<meta property=\"og:description\" content=\"O PPdeG celebra o recente aval da xustiza europea \u00e1 tramitaci\u00f3n dos proxectos e\u00f3licos por parte do Goberno galego na medida en que \u201cabre un novo horizonte de proxectos industriais en Galicia\u201d e fai posible un futuro con enerx\u00edas limpas, industria e emprego na Comunidade.\" \/>\n<meta property=\"og:url\" content=\"https:\/\/ppdegalicia.com\/es\/o-ppdeg-considera-que-a-sentenza-europea-sobre-a-tramitacion-eolica-abre-un-novo-horizonte-en-galicia-e-fai-posible-un-futuro-con-enerxias-limpas-industria-e-emprego\/\" \/>\n<meta property=\"og:site_name\" content=\"PP de Galicia\" \/>\n<meta property=\"article:publisher\" content=\"https:\/\/www.instagram.com\/ppdegalicia\/\" \/>\n<meta property=\"article:published_time\" content=\"2025-08-08T13:10:16+00:00\" \/>\n<meta property=\"og:image\" content=\"https:\/\/ppdegalicia.com\/wp-content\/uploads\/2025\/08\/20250808_PPrado_Eolicos-scaled.jpg\" \/>\n\t<meta property=\"og:image:width\" content=\"2560\" \/>\n\t<meta property=\"og:image:height\" content=\"1707\" \/>\n\t<meta property=\"og:image:type\" content=\"image\/jpeg\" \/>\n<meta name=\"author\" content=\"ppdegaliciaredes\" \/>\n<meta name=\"twitter:card\" content=\"summary_large_image\" \/>\n<meta name=\"twitter:creator\" content=\"@ppdegalicia\" \/>\n<meta name=\"twitter:site\" content=\"@ppdegalicia\" \/>\n<meta name=\"twitter:label1\" content=\"Escrito por\" \/>\n\t<meta name=\"twitter:data1\" content=\"ppdegaliciaredes\" \/>\n\t<meta name=\"twitter:label2\" content=\"Tiempo de lectura\" \/>\n\t<meta name=\"twitter:data2\" content=\"4 minutos\" \/>\n<script type=\"application\/ld+json\" class=\"yoast-schema-graph\">{\"@context\":\"https:\\\/\\\/schema.org\",\"@graph\":[{\"@type\":\"Article\",\"@id\":\"https:\\\/\\\/ppdegalicia.com\\\/es\\\/o-ppdeg-considera-que-a-sentenza-europea-sobre-a-tramitacion-eolica-abre-un-novo-horizonte-en-galicia-e-fai-posible-un-futuro-con-enerxias-limpas-industria-e-emprego\\\/#article\",\"isPartOf\":{\"@id\":\"https:\\\/\\\/ppdegalicia.com\\\/es\\\/o-ppdeg-considera-que-a-sentenza-europea-sobre-a-tramitacion-eolica-abre-un-novo-horizonte-en-galicia-e-fai-posible-un-futuro-con-enerxias-limpas-industria-e-emprego\\\/\"},\"author\":{\"name\":\"ppdegaliciaredes\",\"@id\":\"https:\\\/\\\/ppdegalicia.com\\\/es\\\/#\\\/schema\\\/person\\\/5b822c6f59e872ebdd1142f307dbcb59\"},\"headline\":\"O PPdeG considera que a sentenza europea sobre a tramitaci\u00f3n e\u00f3lica \u201cabre un novo horizonte en Galicia\u201d e fai posible un futuro con enerx\u00edas limpas, industria e emprego\",\"datePublished\":\"2025-08-08T13:10:16+00:00\",\"mainEntityOfPage\":{\"@id\":\"https:\\\/\\\/ppdegalicia.com\\\/es\\\/o-ppdeg-considera-que-a-sentenza-europea-sobre-a-tramitacion-eolica-abre-un-novo-horizonte-en-galicia-e-fai-posible-un-futuro-con-enerxias-limpas-industria-e-emprego\\\/\"},\"wordCount\":730,\"publisher\":{\"@id\":\"https:\\\/\\\/ppdegalicia.com\\\/es\\\/#organization\"},\"image\":{\"@id\":\"https:\\\/\\\/ppdegalicia.com\\\/es\\\/o-ppdeg-considera-que-a-sentenza-europea-sobre-a-tramitacion-eolica-abre-un-novo-horizonte-en-galicia-e-fai-posible-un-futuro-con-enerxias-limpas-industria-e-emprego\\\/#primaryimage\"},\"thumbnailUrl\":\"https:\\\/\\\/ppdegalicia.com\\\/wp-content\\\/uploads\\\/2025\\\/08\\\/20250808_PPrado_Eolicos-scaled.jpg\",\"articleSection\":[\"PP de Galicia\"],\"inLanguage\":\"es\"},{\"@type\":\"WebPage\",\"@id\":\"https:\\\/\\\/ppdegalicia.com\\\/es\\\/o-ppdeg-considera-que-a-sentenza-europea-sobre-a-tramitacion-eolica-abre-un-novo-horizonte-en-galicia-e-fai-posible-un-futuro-con-enerxias-limpas-industria-e-emprego\\\/\",\"url\":\"https:\\\/\\\/ppdegalicia.com\\\/es\\\/o-ppdeg-considera-que-a-sentenza-europea-sobre-a-tramitacion-eolica-abre-un-novo-horizonte-en-galicia-e-fai-posible-un-futuro-con-enerxias-limpas-industria-e-emprego\\\/\",\"name\":\"O PPdeG considera que a sentenza europea sobre a tramitaci\u00f3n e\u00f3lica \u201cabre un novo horizonte en Galicia\u201d e fai posible un futuro con enerx\u00edas limpas, industria e emprego - PP de Galicia\",\"isPartOf\":{\"@id\":\"https:\\\/\\\/ppdegalicia.com\\\/es\\\/#website\"},\"primaryImageOfPage\":{\"@id\":\"https:\\\/\\\/ppdegalicia.com\\\/es\\\/o-ppdeg-considera-que-a-sentenza-europea-sobre-a-tramitacion-eolica-abre-un-novo-horizonte-en-galicia-e-fai-posible-un-futuro-con-enerxias-limpas-industria-e-emprego\\\/#primaryimage\"},\"image\":{\"@id\":\"https:\\\/\\\/ppdegalicia.com\\\/es\\\/o-ppdeg-considera-que-a-sentenza-europea-sobre-a-tramitacion-eolica-abre-un-novo-horizonte-en-galicia-e-fai-posible-un-futuro-con-enerxias-limpas-industria-e-emprego\\\/#primaryimage\"},\"thumbnailUrl\":\"https:\\\/\\\/ppdegalicia.com\\\/wp-content\\\/uploads\\\/2025\\\/08\\\/20250808_PPrado_Eolicos-scaled.jpg\",\"datePublished\":\"2025-08-08T13:10:16+00:00\",\"description\":\"O PPdeG celebra o recente aval da xustiza europea \u00e1 tramitaci\u00f3n dos proxectos e\u00f3licos por parte do Goberno galego na medida en que \u201cabre un novo horizonte de proxectos industriais en Galicia\u201d e fai posible un futuro con enerx\u00edas limpas, industria e emprego na Comunidade.\",\"breadcrumb\":{\"@id\":\"https:\\\/\\\/ppdegalicia.com\\\/es\\\/o-ppdeg-considera-que-a-sentenza-europea-sobre-a-tramitacion-eolica-abre-un-novo-horizonte-en-galicia-e-fai-posible-un-futuro-con-enerxias-limpas-industria-e-emprego\\\/#breadcrumb\"},\"inLanguage\":\"es\",\"potentialAction\":[{\"@type\":\"ReadAction\",\"target\":[\"https:\\\/\\\/ppdegalicia.com\\\/es\\\/o-ppdeg-considera-que-a-sentenza-europea-sobre-a-tramitacion-eolica-abre-un-novo-horizonte-en-galicia-e-fai-posible-un-futuro-con-enerxias-limpas-industria-e-emprego\\\/\"]}]},{\"@type\":\"ImageObject\",\"inLanguage\":\"es\",\"@id\":\"https:\\\/\\\/ppdegalicia.com\\\/es\\\/o-ppdeg-considera-que-a-sentenza-europea-sobre-a-tramitacion-eolica-abre-un-novo-horizonte-en-galicia-e-fai-posible-un-futuro-con-enerxias-limpas-industria-e-emprego\\\/#primaryimage\",\"url\":\"https:\\\/\\\/ppdegalicia.com\\\/wp-content\\\/uploads\\\/2025\\\/08\\\/20250808_PPrado_Eolicos-scaled.jpg\",\"contentUrl\":\"https:\\\/\\\/ppdegalicia.com\\\/wp-content\\\/uploads\\\/2025\\\/08\\\/20250808_PPrado_Eolicos-scaled.jpg\",\"width\":2560,\"height\":1707},{\"@type\":\"BreadcrumbList\",\"@id\":\"https:\\\/\\\/ppdegalicia.com\\\/es\\\/o-ppdeg-considera-que-a-sentenza-europea-sobre-a-tramitacion-eolica-abre-un-novo-horizonte-en-galicia-e-fai-posible-un-futuro-con-enerxias-limpas-industria-e-emprego\\\/#breadcrumb\",\"itemListElement\":[{\"@type\":\"ListItem\",\"position\":1,\"name\":\"Portada\",\"item\":\"https:\\\/\\\/ppdegalicia.com\\\/es\\\/\"},{\"@type\":\"ListItem\",\"position\":2,\"name\":\"O PPdeG considera que a sentenza europea sobre a tramitaci\u00f3n e\u00f3lica \u201cabre un novo horizonte en Galicia\u201d e fai posible un futuro con enerx\u00edas limpas, industria e emprego\"}]},{\"@type\":\"WebSite\",\"@id\":\"https:\\\/\\\/ppdegalicia.com\\\/es\\\/#website\",\"url\":\"https:\\\/\\\/ppdegalicia.com\\\/es\\\/\",\"name\":\"Partido Popular de Galicia\",\"description\":\"Partido Popular de Galicia\",\"publisher\":{\"@id\":\"https:\\\/\\\/ppdegalicia.com\\\/es\\\/#organization\"},\"alternateName\":\"PP de Galicia\",\"potentialAction\":[{\"@type\":\"SearchAction\",\"target\":{\"@type\":\"EntryPoint\",\"urlTemplate\":\"https:\\\/\\\/ppdegalicia.com\\\/es\\\/?s={search_term_string}\"},\"query-input\":{\"@type\":\"PropertyValueSpecification\",\"valueRequired\":true,\"valueName\":\"search_term_string\"}}],\"inLanguage\":\"es\"},{\"@type\":\"Organization\",\"@id\":\"https:\\\/\\\/ppdegalicia.com\\\/es\\\/#organization\",\"name\":\"Partido Popular de Galicia\",\"alternateName\":\"PP de Galicia\",\"url\":\"https:\\\/\\\/ppdegalicia.com\\\/es\\\/\",\"logo\":{\"@type\":\"ImageObject\",\"inLanguage\":\"es\",\"@id\":\"https:\\\/\\\/ppdegalicia.com\\\/es\\\/#\\\/schema\\\/logo\\\/image\\\/\",\"url\":\"https:\\\/\\\/ppdegalicia.com\\\/wp-content\\\/uploads\\\/2023\\\/04\\\/logoPP512.png\",\"contentUrl\":\"https:\\\/\\\/ppdegalicia.com\\\/wp-content\\\/uploads\\\/2023\\\/04\\\/logoPP512.png\",\"width\":512,\"height\":512,\"caption\":\"Partido Popular de Galicia\"},\"image\":{\"@id\":\"https:\\\/\\\/ppdegalicia.com\\\/es\\\/#\\\/schema\\\/logo\\\/image\\\/\"},\"sameAs\":[\"https:\\\/\\\/www.instagram.com\\\/ppdegalicia\\\/\",\"https:\\\/\\\/x.com\\\/ppdegalicia\",\"https:\\\/\\\/www.tiktok.com\\\/@ppdegalicia\",\"https:\\\/\\\/www.youtube.com\\\/user\\\/ppdegalicia\"]},{\"@type\":\"Person\",\"@id\":\"https:\\\/\\\/ppdegalicia.com\\\/es\\\/#\\\/schema\\\/person\\\/5b822c6f59e872ebdd1142f307dbcb59\",\"name\":\"ppdegaliciaredes\",\"image\":{\"@type\":\"ImageObject\",\"inLanguage\":\"es\",\"@id\":\"https:\\\/\\\/secure.gravatar.com\\\/avatar\\\/3c9179cf0256d00c72a48d1f25783c58b6842cd56e85ef3a572881c8e28ccd59?s=96&d=mm&r=g\",\"url\":\"https:\\\/\\\/secure.gravatar.com\\\/avatar\\\/3c9179cf0256d00c72a48d1f25783c58b6842cd56e85ef3a572881c8e28ccd59?s=96&d=mm&r=g\",\"contentUrl\":\"https:\\\/\\\/secure.gravatar.com\\\/avatar\\\/3c9179cf0256d00c72a48d1f25783c58b6842cd56e85ef3a572881c8e28ccd59?s=96&d=mm&r=g\",\"caption\":\"ppdegaliciaredes\"},\"url\":\"https:\\\/\\\/ppdegalicia.com\\\/es\\\/author\\\/ppdegaliciaredes\\\/\"}]}<\/script>\n<!-- \/ Yoast SEO plugin. -->","yoast_head_json":{"title":"O PPdeG considera que a sentenza europea sobre a tramitaci\u00f3n e\u00f3lica \u201cabre un novo horizonte en Galicia\u201d e fai posible un futuro con enerx\u00edas limpas, industria e emprego - PP de Galicia","description":"O PPdeG celebra o recente aval da xustiza europea \u00e1 tramitaci\u00f3n dos proxectos e\u00f3licos por parte do Goberno galego na medida en que \u201cabre un novo horizonte de proxectos industriais en Galicia\u201d e fai posible un futuro con enerx\u00edas limpas, industria e emprego na Comunidade.","robots":{"index":"index","follow":"follow","max-snippet":"max-snippet:-1","max-image-preview":"max-image-preview:large","max-video-preview":"max-video-preview:-1"},"canonical":"https:\/\/ppdegalicia.com\/es\/o-ppdeg-considera-que-a-sentenza-europea-sobre-a-tramitacion-eolica-abre-un-novo-horizonte-en-galicia-e-fai-posible-un-futuro-con-enerxias-limpas-industria-e-emprego\/","og_locale":"es_ES","og_type":"article","og_title":"O PPdeG considera que a sentenza europea sobre a tramitaci\u00f3n e\u00f3lica \u201cabre un novo horizonte en Galicia\u201d e fai posible un futuro con enerx\u00edas limpas, industria e emprego - PP de Galicia","og_description":"O PPdeG celebra o recente aval da xustiza europea \u00e1 tramitaci\u00f3n dos proxectos e\u00f3licos por parte do Goberno galego na medida en que \u201cabre un novo horizonte de proxectos industriais en Galicia\u201d e fai posible un futuro con enerx\u00edas limpas, industria e emprego na Comunidade.","og_url":"https:\/\/ppdegalicia.com\/es\/o-ppdeg-considera-que-a-sentenza-europea-sobre-a-tramitacion-eolica-abre-un-novo-horizonte-en-galicia-e-fai-posible-un-futuro-con-enerxias-limpas-industria-e-emprego\/","og_site_name":"PP de Galicia","article_publisher":"https:\/\/www.instagram.com\/ppdegalicia\/","article_published_time":"2025-08-08T13:10:16+00:00","og_image":[{"width":2560,"height":1707,"url":"https:\/\/ppdegalicia.com\/wp-content\/uploads\/2025\/08\/20250808_PPrado_Eolicos-scaled.jpg","type":"image\/jpeg"}],"author":"ppdegaliciaredes","twitter_card":"summary_large_image","twitter_creator":"@ppdegalicia","twitter_site":"@ppdegalicia","twitter_misc":{"Escrito por":"ppdegaliciaredes","Tiempo de lectura":"4 minutos"},"schema":{"@context":"https:\/\/schema.org","@graph":[{"@type":"Article","@id":"https:\/\/ppdegalicia.com\/es\/o-ppdeg-considera-que-a-sentenza-europea-sobre-a-tramitacion-eolica-abre-un-novo-horizonte-en-galicia-e-fai-posible-un-futuro-con-enerxias-limpas-industria-e-emprego\/#article","isPartOf":{"@id":"https:\/\/ppdegalicia.com\/es\/o-ppdeg-considera-que-a-sentenza-europea-sobre-a-tramitacion-eolica-abre-un-novo-horizonte-en-galicia-e-fai-posible-un-futuro-con-enerxias-limpas-industria-e-emprego\/"},"author":{"name":"ppdegaliciaredes","@id":"https:\/\/ppdegalicia.com\/es\/#\/schema\/person\/5b822c6f59e872ebdd1142f307dbcb59"},"headline":"O PPdeG considera que a sentenza europea sobre a tramitaci\u00f3n e\u00f3lica \u201cabre un novo horizonte en Galicia\u201d e fai posible un futuro con enerx\u00edas limpas, industria e emprego","datePublished":"2025-08-08T13:10:16+00:00","mainEntityOfPage":{"@id":"https:\/\/ppdegalicia.com\/es\/o-ppdeg-considera-que-a-sentenza-europea-sobre-a-tramitacion-eolica-abre-un-novo-horizonte-en-galicia-e-fai-posible-un-futuro-con-enerxias-limpas-industria-e-emprego\/"},"wordCount":730,"publisher":{"@id":"https:\/\/ppdegalicia.com\/es\/#organization"},"image":{"@id":"https:\/\/ppdegalicia.com\/es\/o-ppdeg-considera-que-a-sentenza-europea-sobre-a-tramitacion-eolica-abre-un-novo-horizonte-en-galicia-e-fai-posible-un-futuro-con-enerxias-limpas-industria-e-emprego\/#primaryimage"},"thumbnailUrl":"https:\/\/ppdegalicia.com\/wp-content\/uploads\/2025\/08\/20250808_PPrado_Eolicos-scaled.jpg","articleSection":["PP de Galicia"],"inLanguage":"es"},{"@type":"WebPage","@id":"https:\/\/ppdegalicia.com\/es\/o-ppdeg-considera-que-a-sentenza-europea-sobre-a-tramitacion-eolica-abre-un-novo-horizonte-en-galicia-e-fai-posible-un-futuro-con-enerxias-limpas-industria-e-emprego\/","url":"https:\/\/ppdegalicia.com\/es\/o-ppdeg-considera-que-a-sentenza-europea-sobre-a-tramitacion-eolica-abre-un-novo-horizonte-en-galicia-e-fai-posible-un-futuro-con-enerxias-limpas-industria-e-emprego\/","name":"O PPdeG considera que a sentenza europea sobre a tramitaci\u00f3n e\u00f3lica \u201cabre un novo horizonte en Galicia\u201d e fai posible un futuro con enerx\u00edas limpas, industria e emprego - PP de Galicia","isPartOf":{"@id":"https:\/\/ppdegalicia.com\/es\/#website"},"primaryImageOfPage":{"@id":"https:\/\/ppdegalicia.com\/es\/o-ppdeg-considera-que-a-sentenza-europea-sobre-a-tramitacion-eolica-abre-un-novo-horizonte-en-galicia-e-fai-posible-un-futuro-con-enerxias-limpas-industria-e-emprego\/#primaryimage"},"image":{"@id":"https:\/\/ppdegalicia.com\/es\/o-ppdeg-considera-que-a-sentenza-europea-sobre-a-tramitacion-eolica-abre-un-novo-horizonte-en-galicia-e-fai-posible-un-futuro-con-enerxias-limpas-industria-e-emprego\/#primaryimage"},"thumbnailUrl":"https:\/\/ppdegalicia.com\/wp-content\/uploads\/2025\/08\/20250808_PPrado_Eolicos-scaled.jpg","datePublished":"2025-08-08T13:10:16+00:00","description":"O PPdeG celebra o recente aval da xustiza europea \u00e1 tramitaci\u00f3n dos proxectos e\u00f3licos por parte do Goberno galego na medida en que \u201cabre un novo horizonte de proxectos industriais en Galicia\u201d e fai posible un futuro con enerx\u00edas limpas, industria e emprego na Comunidade.","breadcrumb":{"@id":"https:\/\/ppdegalicia.com\/es\/o-ppdeg-considera-que-a-sentenza-europea-sobre-a-tramitacion-eolica-abre-un-novo-horizonte-en-galicia-e-fai-posible-un-futuro-con-enerxias-limpas-industria-e-emprego\/#breadcrumb"},"inLanguage":"es","potentialAction":[{"@type":"ReadAction","target":["https:\/\/ppdegalicia.com\/es\/o-ppdeg-considera-que-a-sentenza-europea-sobre-a-tramitacion-eolica-abre-un-novo-horizonte-en-galicia-e-fai-posible-un-futuro-con-enerxias-limpas-industria-e-emprego\/"]}]},{"@type":"ImageObject","inLanguage":"es","@id":"https:\/\/ppdegalicia.com\/es\/o-ppdeg-considera-que-a-sentenza-europea-sobre-a-tramitacion-eolica-abre-un-novo-horizonte-en-galicia-e-fai-posible-un-futuro-con-enerxias-limpas-industria-e-emprego\/#primaryimage","url":"https:\/\/ppdegalicia.com\/wp-content\/uploads\/2025\/08\/20250808_PPrado_Eolicos-scaled.jpg","contentUrl":"https:\/\/ppdegalicia.com\/wp-content\/uploads\/2025\/08\/20250808_PPrado_Eolicos-scaled.jpg","width":2560,"height":1707},{"@type":"BreadcrumbList","@id":"https:\/\/ppdegalicia.com\/es\/o-ppdeg-considera-que-a-sentenza-europea-sobre-a-tramitacion-eolica-abre-un-novo-horizonte-en-galicia-e-fai-posible-un-futuro-con-enerxias-limpas-industria-e-emprego\/#breadcrumb","itemListElement":[{"@type":"ListItem","position":1,"name":"Portada","item":"https:\/\/ppdegalicia.com\/es\/"},{"@type":"ListItem","position":2,"name":"O PPdeG considera que a sentenza europea sobre a tramitaci\u00f3n e\u00f3lica \u201cabre un novo horizonte en Galicia\u201d e fai posible un futuro con enerx\u00edas limpas, industria e emprego"}]},{"@type":"WebSite","@id":"https:\/\/ppdegalicia.com\/es\/#website","url":"https:\/\/ppdegalicia.com\/es\/","name":"Partido Popular de Galicia","description":"Partido Popular de Galicia","publisher":{"@id":"https:\/\/ppdegalicia.com\/es\/#organization"},"alternateName":"PP de Galicia","potentialAction":[{"@type":"SearchAction","target":{"@type":"EntryPoint","urlTemplate":"https:\/\/ppdegalicia.com\/es\/?s={search_term_string}"},"query-input":{"@type":"PropertyValueSpecification","valueRequired":true,"valueName":"search_term_string"}}],"inLanguage":"es"},{"@type":"Organization","@id":"https:\/\/ppdegalicia.com\/es\/#organization","name":"Partido Popular de Galicia","alternateName":"PP de Galicia","url":"https:\/\/ppdegalicia.com\/es\/","logo":{"@type":"ImageObject","inLanguage":"es","@id":"https:\/\/ppdegalicia.com\/es\/#\/schema\/logo\/image\/","url":"https:\/\/ppdegalicia.com\/wp-content\/uploads\/2023\/04\/logoPP512.png","contentUrl":"https:\/\/ppdegalicia.com\/wp-content\/uploads\/2023\/04\/logoPP512.png","width":512,"height":512,"caption":"Partido Popular de Galicia"},"image":{"@id":"https:\/\/ppdegalicia.com\/es\/#\/schema\/logo\/image\/"},"sameAs":["https:\/\/www.instagram.com\/ppdegalicia\/","https:\/\/x.com\/ppdegalicia","https:\/\/www.tiktok.com\/@ppdegalicia","https:\/\/www.youtube.com\/user\/ppdegalicia"]},{"@type":"Person","@id":"https:\/\/ppdegalicia.com\/es\/#\/schema\/person\/5b822c6f59e872ebdd1142f307dbcb59","name":"ppdegaliciaredes","image":{"@type":"ImageObject","inLanguage":"es","@id":"https:\/\/secure.gravatar.com\/avatar\/3c9179cf0256d00c72a48d1f25783c58b6842cd56e85ef3a572881c8e28ccd59?s=96&d=mm&r=g","url":"https:\/\/secure.gravatar.com\/avatar\/3c9179cf0256d00c72a48d1f25783c58b6842cd56e85ef3a572881c8e28ccd59?s=96&d=mm&r=g","contentUrl":"https:\/\/secure.gravatar.com\/avatar\/3c9179cf0256d00c72a48d1f25783c58b6842cd56e85ef3a572881c8e28ccd59?s=96&d=mm&r=g","caption":"ppdegaliciaredes"},"url":"https:\/\/ppdegalicia.com\/es\/author\/ppdegaliciaredes\/"}]}},"_links":{"self":[{"href":"https:\/\/ppdegalicia.com\/es\/wp-json\/wp\/v2\/posts\/67948","targetHints":{"allow":["GET"]}}],"collection":[{"href":"https:\/\/ppdegalicia.com\/es\/wp-json\/wp\/v2\/posts"}],"about":[{"href":"https:\/\/ppdegalicia.com\/es\/wp-json\/wp\/v2\/types\/post"}],"author":[{"embeddable":true,"href":"https:\/\/ppdegalicia.com\/es\/wp-json\/wp\/v2\/users\/38"}],"replies":[{"embeddable":true,"href":"https:\/\/ppdegalicia.com\/es\/wp-json\/wp\/v2\/comments?post=67948"}],"version-history":[{"count":1,"href":"https:\/\/ppdegalicia.com\/es\/wp-json\/wp\/v2\/posts\/67948\/revisions"}],"predecessor-version":[{"id":67951,"href":"https:\/\/ppdegalicia.com\/es\/wp-json\/wp\/v2\/posts\/67948\/revisions\/67951"}],"wp:featuredmedia":[{"embeddable":true,"href":"https:\/\/ppdegalicia.com\/es\/wp-json\/wp\/v2\/media\/67949"}],"wp:attachment":[{"href":"https:\/\/ppdegalicia.com\/es\/wp-json\/wp\/v2\/media?parent=67948"}],"wp:term":[{"taxonomy":"category","embeddable":true,"href":"https:\/\/ppdegalicia.com\/es\/wp-json\/wp\/v2\/categories?post=67948"},{"taxonomy":"post_tag","embeddable":true,"href":"https:\/\/ppdegalicia.com\/es\/wp-json\/wp\/v2\/tags?post=67948"}],"curies":[{"name":"wp","href":"https:\/\/api.w.org\/{rel}","templated":true}]}}