{"id":67952,"date":"2025-08-09T09:30:44","date_gmt":"2025-08-09T08:30:44","guid":{"rendered":"https:\/\/ppdegalicia.com\/?p=67952"},"modified":"2025-08-08T15:21:59","modified_gmt":"2025-08-08T14:21:59","slug":"o-ppdeg-mobiliza-aos-seus-representantes-para-facer-forza-e-dar-a-batalla-por-unha-pac-que-atenda-as-necesidades-do-rural-galego","status":"publish","type":"post","link":"https:\/\/ppdegalicia.com\/es\/o-ppdeg-mobiliza-aos-seus-representantes-para-facer-forza-e-dar-a-batalla-por-unha-pac-que-atenda-as-necesidades-do-rural-galego\/","title":{"rendered":"O PPdeG mobiliza aos seus representantes para facer forza e dar a batalla por unha PAC que atenda as necesidades do rural galego"},"content":{"rendered":"<p>O Partido Popular de Galicia mobiliza aos seus representantes para facer forza e dar a batalla en todas as instituci\u00f3ns co obxectivo de conseguir que a nova Pol\u00edtica Agraria Com\u00fan (PAC) realmente atenda as necesidades e intereses do sector primario galego.<\/p>\n<p>Con esta premisa celebrouse unha reuni\u00f3n na sede auton\u00f3mica do partido en Santiago que estivo encabezada pola secretaria xeral Paula Prado e o responsable da PAC e do Control da Cadea Alimentaria no Goberno galego, Juan Jos\u00e9 Cervi\u00f1o, e na que participaron deputados nacionais, senadores, eurodeputados e membros da Comisi\u00f3n de Medio Rural do PPdeG.<\/p>\n<p>Todos eles compromet\u00e9ronse a defender os intereses de Galicia e do seu rural ante o Goberno de Espa\u00f1a e a Comisi\u00f3n Europea de cara \u00e1 negociaci\u00f3n da PAC para o per\u00edodo 2028-2034 na medida en que consideran que a actual proposta resultar\u00eda lesiva para os gandeiros e agricultores galegos.<\/p>\n<p>Critican as\u00ed que se contemple un recorte de m\u00e1is do 20% nos fondos \u2013o que supor\u00eda unha reduci\u00f3n aproximada de 80 mill\u00f3ns de euros anuais para Galicia\u2013 e que se pretenda centralizar unha pol\u00edtica que, nos termos previstos, deixar\u00eda de ser com\u00fan e afondar\u00eda nas desigualdades territoriais.<\/p>\n<p>Por iso os populares defender\u00e1n en todas as instituci\u00f3ns a modificaci\u00f3n da proposta inicial e instan ao Goberno de Espa\u00f1a a comprometerse a defender unha PAC forte, diferenciada doutros fondos como era ata agora, con recursos suficientes e que responda \u00e1s necesidades de Galicia.<\/p>\n","protected":false},"excerpt":{"rendered":"<p>O Partido Popular de Galicia mobiliza aos seus representantes para facer forza e dar a batalla en todas as instituci\u00f3ns co obxectivo de conseguir que a nova Pol\u00edtica Agraria Com\u00fan (PAC) realmente atenda as necesidades e intereses do sector primario galego. Con esta premisa celebrouse unha reuni\u00f3n na sede auton\u00f3mica do partido en Santiago que [&hellip;]<\/p>\n","protected":false},"author":38,"featured_media":67953,"comment_status":"closed","ping_status":"open","sticky":false,"template":"","format":"standard","meta":{"_acf_changed":false,"footnotes":""},"categories":[1],"tags":[],"class_list":["post-67952","post","type-post","status-publish","format-standard","has-post-thumbnail","hentry","category-pp-de-galicia"],"acf":[],"yoast_head":"<!-- This site is optimized with the Yoast SEO plugin v27.3 - https:\/\/yoast.com\/product\/yoast-seo-wordpress\/ -->\n<title>O PPdeG mobiliza aos seus representantes para facer forza e dar a batalla por unha PAC que atenda as necesidades do rural galego - PP de Galicia<\/title>\n<meta name=\"description\" content=\"O Partido Popular de Galicia mobiliza aos seus representantes para facer forza e dar a batalla en todas as instituci\u00f3ns co obxectivo de conseguir que a nova Pol\u00edtica Agraria Com\u00fan (PAC) realmente atenda as necesidades e intereses do sector primario galego.\" \/>\n<meta name=\"robots\" content=\"index, follow, max-snippet:-1, max-image-preview:large, max-video-preview:-1\" \/>\n<link rel=\"canonical\" href=\"https:\/\/ppdegalicia.com\/es\/o-ppdeg-mobiliza-aos-seus-representantes-para-facer-forza-e-dar-a-batalla-por-unha-pac-que-atenda-as-necesidades-do-rural-galego\/\" \/>\n<meta property=\"og:locale\" content=\"es_ES\" \/>\n<meta property=\"og:type\" content=\"article\" \/>\n<meta property=\"og:title\" content=\"O PPdeG mobiliza aos seus representantes para facer forza e dar a batalla por unha PAC que atenda as necesidades do rural galego - PP de Galicia\" \/>\n<meta property=\"og:description\" content=\"O Partido Popular de Galicia mobiliza aos seus representantes para facer forza e dar a batalla en todas as instituci\u00f3ns co obxectivo de conseguir que a nova Pol\u00edtica Agraria Com\u00fan (PAC) realmente atenda as necesidades e intereses do sector primario galego.\" \/>\n<meta property=\"og:url\" content=\"https:\/\/ppdegalicia.com\/es\/o-ppdeg-mobiliza-aos-seus-representantes-para-facer-forza-e-dar-a-batalla-por-unha-pac-que-atenda-as-necesidades-do-rural-galego\/\" \/>\n<meta property=\"og:site_name\" content=\"PP de Galicia\" \/>\n<meta property=\"article:publisher\" content=\"https:\/\/www.instagram.com\/ppdegalicia\/\" \/>\n<meta property=\"article:published_time\" content=\"2025-08-09T08:30:44+00:00\" \/>\n<meta property=\"og:image\" content=\"https:\/\/ppdegalicia.com\/wp-content\/uploads\/2025\/08\/20250809-Reunion-sobre-a-PAC-scaled.jpg\" \/>\n\t<meta property=\"og:image:width\" content=\"2560\" \/>\n\t<meta property=\"og:image:height\" content=\"1707\" \/>\n\t<meta property=\"og:image:type\" content=\"image\/jpeg\" \/>\n<meta name=\"author\" content=\"ppdegaliciaredes\" \/>\n<meta name=\"twitter:card\" content=\"summary_large_image\" \/>\n<meta name=\"twitter:creator\" content=\"@ppdegalicia\" \/>\n<meta name=\"twitter:site\" content=\"@ppdegalicia\" \/>\n<meta name=\"twitter:label1\" content=\"Escrito por\" \/>\n\t<meta name=\"twitter:data1\" content=\"ppdegaliciaredes\" \/>\n\t<meta name=\"twitter:label2\" content=\"Tiempo de lectura\" \/>\n\t<meta name=\"twitter:data2\" content=\"2 minutos\" \/>\n<script type=\"application\/ld+json\" class=\"yoast-schema-graph\">{\"@context\":\"https:\\\/\\\/schema.org\",\"@graph\":[{\"@type\":\"Article\",\"@id\":\"https:\\\/\\\/ppdegalicia.com\\\/es\\\/o-ppdeg-mobiliza-aos-seus-representantes-para-facer-forza-e-dar-a-batalla-por-unha-pac-que-atenda-as-necesidades-do-rural-galego\\\/#article\",\"isPartOf\":{\"@id\":\"https:\\\/\\\/ppdegalicia.com\\\/es\\\/o-ppdeg-mobiliza-aos-seus-representantes-para-facer-forza-e-dar-a-batalla-por-unha-pac-que-atenda-as-necesidades-do-rural-galego\\\/\"},\"author\":{\"name\":\"ppdegaliciaredes\",\"@id\":\"https:\\\/\\\/ppdegalicia.com\\\/es\\\/#\\\/schema\\\/person\\\/5b822c6f59e872ebdd1142f307dbcb59\"},\"headline\":\"O PPdeG mobiliza aos seus representantes para facer forza e dar a batalla por unha PAC que atenda as necesidades do rural galego\",\"datePublished\":\"2025-08-09T08:30:44+00:00\",\"mainEntityOfPage\":{\"@id\":\"https:\\\/\\\/ppdegalicia.com\\\/es\\\/o-ppdeg-mobiliza-aos-seus-representantes-para-facer-forza-e-dar-a-batalla-por-unha-pac-que-atenda-as-necesidades-do-rural-galego\\\/\"},\"wordCount\":281,\"publisher\":{\"@id\":\"https:\\\/\\\/ppdegalicia.com\\\/es\\\/#organization\"},\"image\":{\"@id\":\"https:\\\/\\\/ppdegalicia.com\\\/es\\\/o-ppdeg-mobiliza-aos-seus-representantes-para-facer-forza-e-dar-a-batalla-por-unha-pac-que-atenda-as-necesidades-do-rural-galego\\\/#primaryimage\"},\"thumbnailUrl\":\"https:\\\/\\\/ppdegalicia.com\\\/wp-content\\\/uploads\\\/2025\\\/08\\\/20250809-Reunion-sobre-a-PAC-scaled.jpg\",\"articleSection\":[\"PP de Galicia\"],\"inLanguage\":\"es\"},{\"@type\":\"WebPage\",\"@id\":\"https:\\\/\\\/ppdegalicia.com\\\/es\\\/o-ppdeg-mobiliza-aos-seus-representantes-para-facer-forza-e-dar-a-batalla-por-unha-pac-que-atenda-as-necesidades-do-rural-galego\\\/\",\"url\":\"https:\\\/\\\/ppdegalicia.com\\\/es\\\/o-ppdeg-mobiliza-aos-seus-representantes-para-facer-forza-e-dar-a-batalla-por-unha-pac-que-atenda-as-necesidades-do-rural-galego\\\/\",\"name\":\"O PPdeG mobiliza aos seus representantes para facer forza e dar a batalla por unha PAC que atenda as necesidades do rural galego - PP de Galicia\",\"isPartOf\":{\"@id\":\"https:\\\/\\\/ppdegalicia.com\\\/es\\\/#website\"},\"primaryImageOfPage\":{\"@id\":\"https:\\\/\\\/ppdegalicia.com\\\/es\\\/o-ppdeg-mobiliza-aos-seus-representantes-para-facer-forza-e-dar-a-batalla-por-unha-pac-que-atenda-as-necesidades-do-rural-galego\\\/#primaryimage\"},\"image\":{\"@id\":\"https:\\\/\\\/ppdegalicia.com\\\/es\\\/o-ppdeg-mobiliza-aos-seus-representantes-para-facer-forza-e-dar-a-batalla-por-unha-pac-que-atenda-as-necesidades-do-rural-galego\\\/#primaryimage\"},\"thumbnailUrl\":\"https:\\\/\\\/ppdegalicia.com\\\/wp-content\\\/uploads\\\/2025\\\/08\\\/20250809-Reunion-sobre-a-PAC-scaled.jpg\",\"datePublished\":\"2025-08-09T08:30:44+00:00\",\"description\":\"O Partido Popular de Galicia mobiliza aos seus representantes para facer forza e dar a batalla en todas as instituci\u00f3ns co obxectivo de conseguir que a nova Pol\u00edtica Agraria Com\u00fan (PAC) realmente atenda as necesidades e intereses do sector primario galego.\",\"breadcrumb\":{\"@id\":\"https:\\\/\\\/ppdegalicia.com\\\/es\\\/o-ppdeg-mobiliza-aos-seus-representantes-para-facer-forza-e-dar-a-batalla-por-unha-pac-que-atenda-as-necesidades-do-rural-galego\\\/#breadcrumb\"},\"inLanguage\":\"es\",\"potentialAction\":[{\"@type\":\"ReadAction\",\"target\":[\"https:\\\/\\\/ppdegalicia.com\\\/es\\\/o-ppdeg-mobiliza-aos-seus-representantes-para-facer-forza-e-dar-a-batalla-por-unha-pac-que-atenda-as-necesidades-do-rural-galego\\\/\"]}]},{\"@type\":\"ImageObject\",\"inLanguage\":\"es\",\"@id\":\"https:\\\/\\\/ppdegalicia.com\\\/es\\\/o-ppdeg-mobiliza-aos-seus-representantes-para-facer-forza-e-dar-a-batalla-por-unha-pac-que-atenda-as-necesidades-do-rural-galego\\\/#primaryimage\",\"url\":\"https:\\\/\\\/ppdegalicia.com\\\/wp-content\\\/uploads\\\/2025\\\/08\\\/20250809-Reunion-sobre-a-PAC-scaled.jpg\",\"contentUrl\":\"https:\\\/\\\/ppdegalicia.com\\\/wp-content\\\/uploads\\\/2025\\\/08\\\/20250809-Reunion-sobre-a-PAC-scaled.jpg\",\"width\":2560,\"height\":1707},{\"@type\":\"BreadcrumbList\",\"@id\":\"https:\\\/\\\/ppdegalicia.com\\\/es\\\/o-ppdeg-mobiliza-aos-seus-representantes-para-facer-forza-e-dar-a-batalla-por-unha-pac-que-atenda-as-necesidades-do-rural-galego\\\/#breadcrumb\",\"itemListElement\":[{\"@type\":\"ListItem\",\"position\":1,\"name\":\"Portada\",\"item\":\"https:\\\/\\\/ppdegalicia.com\\\/es\\\/\"},{\"@type\":\"ListItem\",\"position\":2,\"name\":\"O PPdeG mobiliza aos seus representantes para facer forza e dar a batalla por unha PAC que atenda as necesidades do rural galego\"}]},{\"@type\":\"WebSite\",\"@id\":\"https:\\\/\\\/ppdegalicia.com\\\/es\\\/#website\",\"url\":\"https:\\\/\\\/ppdegalicia.com\\\/es\\\/\",\"name\":\"Partido Popular de Galicia\",\"description\":\"Partido Popular de Galicia\",\"publisher\":{\"@id\":\"https:\\\/\\\/ppdegalicia.com\\\/es\\\/#organization\"},\"alternateName\":\"PP de Galicia\",\"potentialAction\":[{\"@type\":\"SearchAction\",\"target\":{\"@type\":\"EntryPoint\",\"urlTemplate\":\"https:\\\/\\\/ppdegalicia.com\\\/es\\\/?s={search_term_string}\"},\"query-input\":{\"@type\":\"PropertyValueSpecification\",\"valueRequired\":true,\"valueName\":\"search_term_string\"}}],\"inLanguage\":\"es\"},{\"@type\":\"Organization\",\"@id\":\"https:\\\/\\\/ppdegalicia.com\\\/es\\\/#organization\",\"name\":\"Partido Popular de Galicia\",\"alternateName\":\"PP de Galicia\",\"url\":\"https:\\\/\\\/ppdegalicia.com\\\/es\\\/\",\"logo\":{\"@type\":\"ImageObject\",\"inLanguage\":\"es\",\"@id\":\"https:\\\/\\\/ppdegalicia.com\\\/es\\\/#\\\/schema\\\/logo\\\/image\\\/\",\"url\":\"https:\\\/\\\/ppdegalicia.com\\\/wp-content\\\/uploads\\\/2023\\\/04\\\/logoPP512.png\",\"contentUrl\":\"https:\\\/\\\/ppdegalicia.com\\\/wp-content\\\/uploads\\\/2023\\\/04\\\/logoPP512.png\",\"width\":512,\"height\":512,\"caption\":\"Partido Popular de Galicia\"},\"image\":{\"@id\":\"https:\\\/\\\/ppdegalicia.com\\\/es\\\/#\\\/schema\\\/logo\\\/image\\\/\"},\"sameAs\":[\"https:\\\/\\\/www.instagram.com\\\/ppdegalicia\\\/\",\"https:\\\/\\\/x.com\\\/ppdegalicia\",\"https:\\\/\\\/www.tiktok.com\\\/@ppdegalicia\",\"https:\\\/\\\/www.youtube.com\\\/user\\\/ppdegalicia\"]},{\"@type\":\"Person\",\"@id\":\"https:\\\/\\\/ppdegalicia.com\\\/es\\\/#\\\/schema\\\/person\\\/5b822c6f59e872ebdd1142f307dbcb59\",\"name\":\"ppdegaliciaredes\",\"image\":{\"@type\":\"ImageObject\",\"inLanguage\":\"es\",\"@id\":\"https:\\\/\\\/secure.gravatar.com\\\/avatar\\\/3c9179cf0256d00c72a48d1f25783c58b6842cd56e85ef3a572881c8e28ccd59?s=96&d=mm&r=g\",\"url\":\"https:\\\/\\\/secure.gravatar.com\\\/avatar\\\/3c9179cf0256d00c72a48d1f25783c58b6842cd56e85ef3a572881c8e28ccd59?s=96&d=mm&r=g\",\"contentUrl\":\"https:\\\/\\\/secure.gravatar.com\\\/avatar\\\/3c9179cf0256d00c72a48d1f25783c58b6842cd56e85ef3a572881c8e28ccd59?s=96&d=mm&r=g\",\"caption\":\"ppdegaliciaredes\"},\"url\":\"https:\\\/\\\/ppdegalicia.com\\\/es\\\/author\\\/ppdegaliciaredes\\\/\"}]}<\/script>\n<!-- \/ Yoast SEO plugin. -->","yoast_head_json":{"title":"O PPdeG mobiliza aos seus representantes para facer forza e dar a batalla por unha PAC que atenda as necesidades do rural galego - PP de Galicia","description":"O Partido Popular de Galicia mobiliza aos seus representantes para facer forza e dar a batalla en todas as instituci\u00f3ns co obxectivo de conseguir que a nova Pol\u00edtica Agraria Com\u00fan (PAC) realmente atenda as necesidades e intereses do sector primario galego.","robots":{"index":"index","follow":"follow","max-snippet":"max-snippet:-1","max-image-preview":"max-image-preview:large","max-video-preview":"max-video-preview:-1"},"canonical":"https:\/\/ppdegalicia.com\/es\/o-ppdeg-mobiliza-aos-seus-representantes-para-facer-forza-e-dar-a-batalla-por-unha-pac-que-atenda-as-necesidades-do-rural-galego\/","og_locale":"es_ES","og_type":"article","og_title":"O PPdeG mobiliza aos seus representantes para facer forza e dar a batalla por unha PAC que atenda as necesidades do rural galego - PP de Galicia","og_description":"O Partido Popular de Galicia mobiliza aos seus representantes para facer forza e dar a batalla en todas as instituci\u00f3ns co obxectivo de conseguir que a nova Pol\u00edtica Agraria Com\u00fan (PAC) realmente atenda as necesidades e intereses do sector primario galego.","og_url":"https:\/\/ppdegalicia.com\/es\/o-ppdeg-mobiliza-aos-seus-representantes-para-facer-forza-e-dar-a-batalla-por-unha-pac-que-atenda-as-necesidades-do-rural-galego\/","og_site_name":"PP de Galicia","article_publisher":"https:\/\/www.instagram.com\/ppdegalicia\/","article_published_time":"2025-08-09T08:30:44+00:00","og_image":[{"width":2560,"height":1707,"url":"https:\/\/ppdegalicia.com\/wp-content\/uploads\/2025\/08\/20250809-Reunion-sobre-a-PAC-scaled.jpg","type":"image\/jpeg"}],"author":"ppdegaliciaredes","twitter_card":"summary_large_image","twitter_creator":"@ppdegalicia","twitter_site":"@ppdegalicia","twitter_misc":{"Escrito por":"ppdegaliciaredes","Tiempo de lectura":"2 minutos"},"schema":{"@context":"https:\/\/schema.org","@graph":[{"@type":"Article","@id":"https:\/\/ppdegalicia.com\/es\/o-ppdeg-mobiliza-aos-seus-representantes-para-facer-forza-e-dar-a-batalla-por-unha-pac-que-atenda-as-necesidades-do-rural-galego\/#article","isPartOf":{"@id":"https:\/\/ppdegalicia.com\/es\/o-ppdeg-mobiliza-aos-seus-representantes-para-facer-forza-e-dar-a-batalla-por-unha-pac-que-atenda-as-necesidades-do-rural-galego\/"},"author":{"name":"ppdegaliciaredes","@id":"https:\/\/ppdegalicia.com\/es\/#\/schema\/person\/5b822c6f59e872ebdd1142f307dbcb59"},"headline":"O PPdeG mobiliza aos seus representantes para facer forza e dar a batalla por unha PAC que atenda as necesidades do rural galego","datePublished":"2025-08-09T08:30:44+00:00","mainEntityOfPage":{"@id":"https:\/\/ppdegalicia.com\/es\/o-ppdeg-mobiliza-aos-seus-representantes-para-facer-forza-e-dar-a-batalla-por-unha-pac-que-atenda-as-necesidades-do-rural-galego\/"},"wordCount":281,"publisher":{"@id":"https:\/\/ppdegalicia.com\/es\/#organization"},"image":{"@id":"https:\/\/ppdegalicia.com\/es\/o-ppdeg-mobiliza-aos-seus-representantes-para-facer-forza-e-dar-a-batalla-por-unha-pac-que-atenda-as-necesidades-do-rural-galego\/#primaryimage"},"thumbnailUrl":"https:\/\/ppdegalicia.com\/wp-content\/uploads\/2025\/08\/20250809-Reunion-sobre-a-PAC-scaled.jpg","articleSection":["PP de Galicia"],"inLanguage":"es"},{"@type":"WebPage","@id":"https:\/\/ppdegalicia.com\/es\/o-ppdeg-mobiliza-aos-seus-representantes-para-facer-forza-e-dar-a-batalla-por-unha-pac-que-atenda-as-necesidades-do-rural-galego\/","url":"https:\/\/ppdegalicia.com\/es\/o-ppdeg-mobiliza-aos-seus-representantes-para-facer-forza-e-dar-a-batalla-por-unha-pac-que-atenda-as-necesidades-do-rural-galego\/","name":"O PPdeG mobiliza aos seus representantes para facer forza e dar a batalla por unha PAC que atenda as necesidades do rural galego - PP de Galicia","isPartOf":{"@id":"https:\/\/ppdegalicia.com\/es\/#website"},"primaryImageOfPage":{"@id":"https:\/\/ppdegalicia.com\/es\/o-ppdeg-mobiliza-aos-seus-representantes-para-facer-forza-e-dar-a-batalla-por-unha-pac-que-atenda-as-necesidades-do-rural-galego\/#primaryimage"},"image":{"@id":"https:\/\/ppdegalicia.com\/es\/o-ppdeg-mobiliza-aos-seus-representantes-para-facer-forza-e-dar-a-batalla-por-unha-pac-que-atenda-as-necesidades-do-rural-galego\/#primaryimage"},"thumbnailUrl":"https:\/\/ppdegalicia.com\/wp-content\/uploads\/2025\/08\/20250809-Reunion-sobre-a-PAC-scaled.jpg","datePublished":"2025-08-09T08:30:44+00:00","description":"O Partido Popular de Galicia mobiliza aos seus representantes para facer forza e dar a batalla en todas as instituci\u00f3ns co obxectivo de conseguir que a nova Pol\u00edtica Agraria Com\u00fan (PAC) realmente atenda as necesidades e intereses do sector primario galego.","breadcrumb":{"@id":"https:\/\/ppdegalicia.com\/es\/o-ppdeg-mobiliza-aos-seus-representantes-para-facer-forza-e-dar-a-batalla-por-unha-pac-que-atenda-as-necesidades-do-rural-galego\/#breadcrumb"},"inLanguage":"es","potentialAction":[{"@type":"ReadAction","target":["https:\/\/ppdegalicia.com\/es\/o-ppdeg-mobiliza-aos-seus-representantes-para-facer-forza-e-dar-a-batalla-por-unha-pac-que-atenda-as-necesidades-do-rural-galego\/"]}]},{"@type":"ImageObject","inLanguage":"es","@id":"https:\/\/ppdegalicia.com\/es\/o-ppdeg-mobiliza-aos-seus-representantes-para-facer-forza-e-dar-a-batalla-por-unha-pac-que-atenda-as-necesidades-do-rural-galego\/#primaryimage","url":"https:\/\/ppdegalicia.com\/wp-content\/uploads\/2025\/08\/20250809-Reunion-sobre-a-PAC-scaled.jpg","contentUrl":"https:\/\/ppdegalicia.com\/wp-content\/uploads\/2025\/08\/20250809-Reunion-sobre-a-PAC-scaled.jpg","width":2560,"height":1707},{"@type":"BreadcrumbList","@id":"https:\/\/ppdegalicia.com\/es\/o-ppdeg-mobiliza-aos-seus-representantes-para-facer-forza-e-dar-a-batalla-por-unha-pac-que-atenda-as-necesidades-do-rural-galego\/#breadcrumb","itemListElement":[{"@type":"ListItem","position":1,"name":"Portada","item":"https:\/\/ppdegalicia.com\/es\/"},{"@type":"ListItem","position":2,"name":"O PPdeG mobiliza aos seus representantes para facer forza e dar a batalla por unha PAC que atenda as necesidades do rural galego"}]},{"@type":"WebSite","@id":"https:\/\/ppdegalicia.com\/es\/#website","url":"https:\/\/ppdegalicia.com\/es\/","name":"Partido Popular de Galicia","description":"Partido Popular de Galicia","publisher":{"@id":"https:\/\/ppdegalicia.com\/es\/#organization"},"alternateName":"PP de Galicia","potentialAction":[{"@type":"SearchAction","target":{"@type":"EntryPoint","urlTemplate":"https:\/\/ppdegalicia.com\/es\/?s={search_term_string}"},"query-input":{"@type":"PropertyValueSpecification","valueRequired":true,"valueName":"search_term_string"}}],"inLanguage":"es"},{"@type":"Organization","@id":"https:\/\/ppdegalicia.com\/es\/#organization","name":"Partido Popular de Galicia","alternateName":"PP de Galicia","url":"https:\/\/ppdegalicia.com\/es\/","logo":{"@type":"ImageObject","inLanguage":"es","@id":"https:\/\/ppdegalicia.com\/es\/#\/schema\/logo\/image\/","url":"https:\/\/ppdegalicia.com\/wp-content\/uploads\/2023\/04\/logoPP512.png","contentUrl":"https:\/\/ppdegalicia.com\/wp-content\/uploads\/2023\/04\/logoPP512.png","width":512,"height":512,"caption":"Partido Popular de Galicia"},"image":{"@id":"https:\/\/ppdegalicia.com\/es\/#\/schema\/logo\/image\/"},"sameAs":["https:\/\/www.instagram.com\/ppdegalicia\/","https:\/\/x.com\/ppdegalicia","https:\/\/www.tiktok.com\/@ppdegalicia","https:\/\/www.youtube.com\/user\/ppdegalicia"]},{"@type":"Person","@id":"https:\/\/ppdegalicia.com\/es\/#\/schema\/person\/5b822c6f59e872ebdd1142f307dbcb59","name":"ppdegaliciaredes","image":{"@type":"ImageObject","inLanguage":"es","@id":"https:\/\/secure.gravatar.com\/avatar\/3c9179cf0256d00c72a48d1f25783c58b6842cd56e85ef3a572881c8e28ccd59?s=96&d=mm&r=g","url":"https:\/\/secure.gravatar.com\/avatar\/3c9179cf0256d00c72a48d1f25783c58b6842cd56e85ef3a572881c8e28ccd59?s=96&d=mm&r=g","contentUrl":"https:\/\/secure.gravatar.com\/avatar\/3c9179cf0256d00c72a48d1f25783c58b6842cd56e85ef3a572881c8e28ccd59?s=96&d=mm&r=g","caption":"ppdegaliciaredes"},"url":"https:\/\/ppdegalicia.com\/es\/author\/ppdegaliciaredes\/"}]}},"_links":{"self":[{"href":"https:\/\/ppdegalicia.com\/es\/wp-json\/wp\/v2\/posts\/67952","targetHints":{"allow":["GET"]}}],"collection":[{"href":"https:\/\/ppdegalicia.com\/es\/wp-json\/wp\/v2\/posts"}],"about":[{"href":"https:\/\/ppdegalicia.com\/es\/wp-json\/wp\/v2\/types\/post"}],"author":[{"embeddable":true,"href":"https:\/\/ppdegalicia.com\/es\/wp-json\/wp\/v2\/users\/38"}],"replies":[{"embeddable":true,"href":"https:\/\/ppdegalicia.com\/es\/wp-json\/wp\/v2\/comments?post=67952"}],"version-history":[{"count":1,"href":"https:\/\/ppdegalicia.com\/es\/wp-json\/wp\/v2\/posts\/67952\/revisions"}],"predecessor-version":[{"id":67955,"href":"https:\/\/ppdegalicia.com\/es\/wp-json\/wp\/v2\/posts\/67952\/revisions\/67955"}],"wp:featuredmedia":[{"embeddable":true,"href":"https:\/\/ppdegalicia.com\/es\/wp-json\/wp\/v2\/media\/67953"}],"wp:attachment":[{"href":"https:\/\/ppdegalicia.com\/es\/wp-json\/wp\/v2\/media?parent=67952"}],"wp:term":[{"taxonomy":"category","embeddable":true,"href":"https:\/\/ppdegalicia.com\/es\/wp-json\/wp\/v2\/categories?post=67952"},{"taxonomy":"post_tag","embeddable":true,"href":"https:\/\/ppdegalicia.com\/es\/wp-json\/wp\/v2\/tags?post=67952"}],"curies":[{"name":"wp","href":"https:\/\/api.w.org\/{rel}","templated":true}]}}