{"id":67966,"date":"2025-08-14T22:28:59","date_gmt":"2025-08-14T21:28:59","guid":{"rendered":"https:\/\/ppdegalicia.com\/?p=67966"},"modified":"2025-08-17T22:35:33","modified_gmt":"2025-08-17T21:35:33","slug":"paula-prado-o-ppdeg-esta-ao-caron-da-xente-e-dos-equipos-de-extincion-mentres-a-oposicion-fai-politica-pequena-e-o-goberno-central-nin-esta-nin-se-lle-espera","status":"publish","type":"post","link":"https:\/\/ppdegalicia.com\/es\/paula-prado-o-ppdeg-esta-ao-caron-da-xente-e-dos-equipos-de-extincion-mentres-a-oposicion-fai-politica-pequena-e-o-goberno-central-nin-esta-nin-se-lle-espera\/","title":{"rendered":"Paula Prado: \u201cO PPdeG est\u00e1 ao car\u00f3n da xente e dos equipos de extinci\u00f3n mentres a oposici\u00f3n fai pol\u00edtica pequena e o Goberno central nin est\u00e1 nin se lle espera\u201d"},"content":{"rendered":"<p>A secretaria xeral do Partido Popular de Galicia, Paula Prado, valorou hoxe a actualidade dos incendios que afectan a Galicia e criticou con dureza a actitude da oposici\u00f3n galega e do Goberno central.<\/p>\n<p>Prado lamentou que, \u201cunha vez m\u00e1is, vexamos o de sempre: ao se\u00f1or Besteiro como fiel servidor de Pedro S\u00e1nchez e a Ana Pont\u00f3n, que non interrompeu as s\u00faas vacaci\u00f3ns e aparece hoxe \u00fanica e exclusivamente para criticar sen argumentos, con absoluta deslealdade a todas as persoas que levan d\u00edas e d\u00edas loitando contra o lume\u201d.<\/p>\n<p>Neste sentido, asegurou que \u201ctemos unha oposici\u00f3n que non est\u00e1 \u00e1 altura do que Galicia e a s\u00faa xente merecen\u201d, e puxo en valor que, mentres tanto, \u201co presidente Alfonso Rueda est\u00e1 ao car\u00f3n do dispositivo de extinci\u00f3n e dos veci\u00f1os e veci\u00f1as afectados\u201d.<\/p>\n<p>A secretaria xeral do PPdeG tam\u00e9n se referiu ao Executivo de Pedro S\u00e1nchez: \u201cnin est\u00e1 nin se lle espera. Espa\u00f1a est\u00e1 ardendo de norte a sur e o presidente contin\u00faa na s\u00faa residencia vacacional da Mareta, alleo aos problemas dos espa\u00f1ois\u201d. Prado lembrou que \u201cfoi Feij\u00f3o quen pediu axuda \u00e1 Uni\u00f3n Europea desde Galicia, mentres o Goberno de Espa\u00f1a limitouse a reaccionar tarde e mal\u201d.<\/p>\n<p>Finalmente, criticou a actitude dos ministros de S\u00e1nchez, \u201cque tampouco aportan soluci\u00f3ns e chegan ao rid\u00edculo de rir en p\u00fablico en lugar de ofrecer respostas serias, por exemplo, \u00e1s persoas afectadas polos cortes nas li\u00f1as ferroviarias\u201d.<\/p>\n<p>\u201cEn Galicia temos claro cal \u00e9 o cami\u00f1o: apoiar sen fisuras a quen loita contra o lume e estar ao lado da nosa xente, fronte a unha oposici\u00f3n que s\u00f3 pensa en criticar e a un Goberno central ausente\u201d, conclu\u00edu Paula Prado.<\/p>\n","protected":false},"excerpt":{"rendered":"<p>A secretaria xeral do Partido Popular de Galicia, Paula Prado, valorou hoxe a actualidade dos incendios que afectan a Galicia e criticou con dureza a actitude da oposici\u00f3n galega e do Goberno central. Prado lamentou que, \u201cunha vez m\u00e1is, vexamos o de sempre: ao se\u00f1or Besteiro como fiel servidor de Pedro S\u00e1nchez e a Ana [&hellip;]<\/p>\n","protected":false},"author":38,"featured_media":67967,"comment_status":"closed","ping_status":"open","sticky":false,"template":"","format":"standard","meta":{"_acf_changed":false,"footnotes":""},"categories":[1],"tags":[],"class_list":["post-67966","post","type-post","status-publish","format-standard","has-post-thumbnail","hentry","category-pp-de-galicia"],"acf":[],"yoast_head":"<!-- This site is optimized with the Yoast SEO plugin v27.3 - https:\/\/yoast.com\/product\/yoast-seo-wordpress\/ -->\n<title>Paula Prado: \u201cO PPdeG est\u00e1 ao car\u00f3n da xente e dos equipos de extinci\u00f3n mentres a oposici\u00f3n fai pol\u00edtica pequena e o Goberno central nin est\u00e1 nin se lle espera\u201d - PP de Galicia<\/title>\n<meta name=\"description\" content=\"A secretaria xeral do Partido Popular de Galicia, Paula Prado, valorou hoxe a actualidade dos incendios que afectan a Galicia e criticou con dureza a actitude da oposici\u00f3n galega e do Goberno central.\" \/>\n<meta name=\"robots\" content=\"index, follow, max-snippet:-1, max-image-preview:large, max-video-preview:-1\" \/>\n<link rel=\"canonical\" href=\"https:\/\/ppdegalicia.com\/es\/paula-prado-o-ppdeg-esta-ao-caron-da-xente-e-dos-equipos-de-extincion-mentres-a-oposicion-fai-politica-pequena-e-o-goberno-central-nin-esta-nin-se-lle-espera\/\" \/>\n<meta property=\"og:locale\" content=\"es_ES\" \/>\n<meta property=\"og:type\" content=\"article\" \/>\n<meta property=\"og:title\" content=\"Paula Prado: \u201cO PPdeG est\u00e1 ao car\u00f3n da xente e dos equipos de extinci\u00f3n mentres a oposici\u00f3n fai pol\u00edtica pequena e o Goberno central nin est\u00e1 nin se lle espera\u201d - PP de Galicia\" \/>\n<meta property=\"og:description\" content=\"A secretaria xeral do Partido Popular de Galicia, Paula Prado, valorou hoxe a actualidade dos incendios que afectan a Galicia e criticou con dureza a actitude da oposici\u00f3n galega e do Goberno central.\" \/>\n<meta property=\"og:url\" content=\"https:\/\/ppdegalicia.com\/es\/paula-prado-o-ppdeg-esta-ao-caron-da-xente-e-dos-equipos-de-extincion-mentres-a-oposicion-fai-politica-pequena-e-o-goberno-central-nin-esta-nin-se-lle-espera\/\" \/>\n<meta property=\"og:site_name\" content=\"PP de Galicia\" \/>\n<meta property=\"article:publisher\" content=\"https:\/\/www.instagram.com\/ppdegalicia\/\" \/>\n<meta property=\"article:published_time\" content=\"2025-08-14T21:28:59+00:00\" \/>\n<meta property=\"article:modified_time\" content=\"2025-08-17T21:35:33+00:00\" \/>\n<meta property=\"og:image\" content=\"https:\/\/ppdegalicia.com\/wp-content\/uploads\/2025\/08\/20250626_PPrado_rdp8-scaled.jpg\" \/>\n\t<meta property=\"og:image:width\" content=\"2560\" \/>\n\t<meta property=\"og:image:height\" content=\"1707\" \/>\n\t<meta property=\"og:image:type\" content=\"image\/jpeg\" \/>\n<meta name=\"author\" content=\"ppdegaliciaredes\" \/>\n<meta name=\"twitter:card\" content=\"summary_large_image\" \/>\n<meta name=\"twitter:creator\" content=\"@ppdegalicia\" \/>\n<meta name=\"twitter:site\" content=\"@ppdegalicia\" \/>\n<meta name=\"twitter:label1\" content=\"Escrito por\" \/>\n\t<meta name=\"twitter:data1\" content=\"ppdegaliciaredes\" \/>\n\t<meta name=\"twitter:label2\" content=\"Tiempo de lectura\" \/>\n\t<meta name=\"twitter:data2\" content=\"2 minutos\" \/>\n<script type=\"application\/ld+json\" class=\"yoast-schema-graph\">{\"@context\":\"https:\\\/\\\/schema.org\",\"@graph\":[{\"@type\":\"Article\",\"@id\":\"https:\\\/\\\/ppdegalicia.com\\\/es\\\/paula-prado-o-ppdeg-esta-ao-caron-da-xente-e-dos-equipos-de-extincion-mentres-a-oposicion-fai-politica-pequena-e-o-goberno-central-nin-esta-nin-se-lle-espera\\\/#article\",\"isPartOf\":{\"@id\":\"https:\\\/\\\/ppdegalicia.com\\\/es\\\/paula-prado-o-ppdeg-esta-ao-caron-da-xente-e-dos-equipos-de-extincion-mentres-a-oposicion-fai-politica-pequena-e-o-goberno-central-nin-esta-nin-se-lle-espera\\\/\"},\"author\":{\"name\":\"ppdegaliciaredes\",\"@id\":\"https:\\\/\\\/ppdegalicia.com\\\/es\\\/#\\\/schema\\\/person\\\/5b822c6f59e872ebdd1142f307dbcb59\"},\"headline\":\"Paula Prado: \u201cO PPdeG est\u00e1 ao car\u00f3n da xente e dos equipos de extinci\u00f3n mentres a oposici\u00f3n fai pol\u00edtica pequena e o Goberno central nin est\u00e1 nin se lle espera\u201d\",\"datePublished\":\"2025-08-14T21:28:59+00:00\",\"dateModified\":\"2025-08-17T21:35:33+00:00\",\"mainEntityOfPage\":{\"@id\":\"https:\\\/\\\/ppdegalicia.com\\\/es\\\/paula-prado-o-ppdeg-esta-ao-caron-da-xente-e-dos-equipos-de-extincion-mentres-a-oposicion-fai-politica-pequena-e-o-goberno-central-nin-esta-nin-se-lle-espera\\\/\"},\"wordCount\":338,\"publisher\":{\"@id\":\"https:\\\/\\\/ppdegalicia.com\\\/es\\\/#organization\"},\"image\":{\"@id\":\"https:\\\/\\\/ppdegalicia.com\\\/es\\\/paula-prado-o-ppdeg-esta-ao-caron-da-xente-e-dos-equipos-de-extincion-mentres-a-oposicion-fai-politica-pequena-e-o-goberno-central-nin-esta-nin-se-lle-espera\\\/#primaryimage\"},\"thumbnailUrl\":\"https:\\\/\\\/ppdegalicia.com\\\/wp-content\\\/uploads\\\/2025\\\/08\\\/20250626_PPrado_rdp8-scaled.jpg\",\"articleSection\":[\"PP de Galicia\"],\"inLanguage\":\"es\"},{\"@type\":\"WebPage\",\"@id\":\"https:\\\/\\\/ppdegalicia.com\\\/es\\\/paula-prado-o-ppdeg-esta-ao-caron-da-xente-e-dos-equipos-de-extincion-mentres-a-oposicion-fai-politica-pequena-e-o-goberno-central-nin-esta-nin-se-lle-espera\\\/\",\"url\":\"https:\\\/\\\/ppdegalicia.com\\\/es\\\/paula-prado-o-ppdeg-esta-ao-caron-da-xente-e-dos-equipos-de-extincion-mentres-a-oposicion-fai-politica-pequena-e-o-goberno-central-nin-esta-nin-se-lle-espera\\\/\",\"name\":\"Paula Prado: \u201cO PPdeG est\u00e1 ao car\u00f3n da xente e dos equipos de extinci\u00f3n mentres a oposici\u00f3n fai pol\u00edtica pequena e o Goberno central nin est\u00e1 nin se lle espera\u201d - PP de Galicia\",\"isPartOf\":{\"@id\":\"https:\\\/\\\/ppdegalicia.com\\\/es\\\/#website\"},\"primaryImageOfPage\":{\"@id\":\"https:\\\/\\\/ppdegalicia.com\\\/es\\\/paula-prado-o-ppdeg-esta-ao-caron-da-xente-e-dos-equipos-de-extincion-mentres-a-oposicion-fai-politica-pequena-e-o-goberno-central-nin-esta-nin-se-lle-espera\\\/#primaryimage\"},\"image\":{\"@id\":\"https:\\\/\\\/ppdegalicia.com\\\/es\\\/paula-prado-o-ppdeg-esta-ao-caron-da-xente-e-dos-equipos-de-extincion-mentres-a-oposicion-fai-politica-pequena-e-o-goberno-central-nin-esta-nin-se-lle-espera\\\/#primaryimage\"},\"thumbnailUrl\":\"https:\\\/\\\/ppdegalicia.com\\\/wp-content\\\/uploads\\\/2025\\\/08\\\/20250626_PPrado_rdp8-scaled.jpg\",\"datePublished\":\"2025-08-14T21:28:59+00:00\",\"dateModified\":\"2025-08-17T21:35:33+00:00\",\"description\":\"A secretaria xeral do Partido Popular de Galicia, Paula Prado, valorou hoxe a actualidade dos incendios que afectan a Galicia e criticou con dureza a actitude da oposici\u00f3n galega e do Goberno central.\",\"breadcrumb\":{\"@id\":\"https:\\\/\\\/ppdegalicia.com\\\/es\\\/paula-prado-o-ppdeg-esta-ao-caron-da-xente-e-dos-equipos-de-extincion-mentres-a-oposicion-fai-politica-pequena-e-o-goberno-central-nin-esta-nin-se-lle-espera\\\/#breadcrumb\"},\"inLanguage\":\"es\",\"potentialAction\":[{\"@type\":\"ReadAction\",\"target\":[\"https:\\\/\\\/ppdegalicia.com\\\/es\\\/paula-prado-o-ppdeg-esta-ao-caron-da-xente-e-dos-equipos-de-extincion-mentres-a-oposicion-fai-politica-pequena-e-o-goberno-central-nin-esta-nin-se-lle-espera\\\/\"]}]},{\"@type\":\"ImageObject\",\"inLanguage\":\"es\",\"@id\":\"https:\\\/\\\/ppdegalicia.com\\\/es\\\/paula-prado-o-ppdeg-esta-ao-caron-da-xente-e-dos-equipos-de-extincion-mentres-a-oposicion-fai-politica-pequena-e-o-goberno-central-nin-esta-nin-se-lle-espera\\\/#primaryimage\",\"url\":\"https:\\\/\\\/ppdegalicia.com\\\/wp-content\\\/uploads\\\/2025\\\/08\\\/20250626_PPrado_rdp8-scaled.jpg\",\"contentUrl\":\"https:\\\/\\\/ppdegalicia.com\\\/wp-content\\\/uploads\\\/2025\\\/08\\\/20250626_PPrado_rdp8-scaled.jpg\",\"width\":2560,\"height\":1707},{\"@type\":\"BreadcrumbList\",\"@id\":\"https:\\\/\\\/ppdegalicia.com\\\/es\\\/paula-prado-o-ppdeg-esta-ao-caron-da-xente-e-dos-equipos-de-extincion-mentres-a-oposicion-fai-politica-pequena-e-o-goberno-central-nin-esta-nin-se-lle-espera\\\/#breadcrumb\",\"itemListElement\":[{\"@type\":\"ListItem\",\"position\":1,\"name\":\"Portada\",\"item\":\"https:\\\/\\\/ppdegalicia.com\\\/es\\\/\"},{\"@type\":\"ListItem\",\"position\":2,\"name\":\"Paula Prado: \u201cO PPdeG est\u00e1 ao car\u00f3n da xente e dos equipos de extinci\u00f3n mentres a oposici\u00f3n fai pol\u00edtica pequena e o Goberno central nin est\u00e1 nin se lle espera\u201d\"}]},{\"@type\":\"WebSite\",\"@id\":\"https:\\\/\\\/ppdegalicia.com\\\/es\\\/#website\",\"url\":\"https:\\\/\\\/ppdegalicia.com\\\/es\\\/\",\"name\":\"Partido Popular de Galicia\",\"description\":\"Partido Popular de Galicia\",\"publisher\":{\"@id\":\"https:\\\/\\\/ppdegalicia.com\\\/es\\\/#organization\"},\"alternateName\":\"PP de Galicia\",\"potentialAction\":[{\"@type\":\"SearchAction\",\"target\":{\"@type\":\"EntryPoint\",\"urlTemplate\":\"https:\\\/\\\/ppdegalicia.com\\\/es\\\/?s={search_term_string}\"},\"query-input\":{\"@type\":\"PropertyValueSpecification\",\"valueRequired\":true,\"valueName\":\"search_term_string\"}}],\"inLanguage\":\"es\"},{\"@type\":\"Organization\",\"@id\":\"https:\\\/\\\/ppdegalicia.com\\\/es\\\/#organization\",\"name\":\"Partido Popular de Galicia\",\"alternateName\":\"PP de Galicia\",\"url\":\"https:\\\/\\\/ppdegalicia.com\\\/es\\\/\",\"logo\":{\"@type\":\"ImageObject\",\"inLanguage\":\"es\",\"@id\":\"https:\\\/\\\/ppdegalicia.com\\\/es\\\/#\\\/schema\\\/logo\\\/image\\\/\",\"url\":\"https:\\\/\\\/ppdegalicia.com\\\/wp-content\\\/uploads\\\/2023\\\/04\\\/logoPP512.png\",\"contentUrl\":\"https:\\\/\\\/ppdegalicia.com\\\/wp-content\\\/uploads\\\/2023\\\/04\\\/logoPP512.png\",\"width\":512,\"height\":512,\"caption\":\"Partido Popular de Galicia\"},\"image\":{\"@id\":\"https:\\\/\\\/ppdegalicia.com\\\/es\\\/#\\\/schema\\\/logo\\\/image\\\/\"},\"sameAs\":[\"https:\\\/\\\/www.instagram.com\\\/ppdegalicia\\\/\",\"https:\\\/\\\/x.com\\\/ppdegalicia\",\"https:\\\/\\\/www.tiktok.com\\\/@ppdegalicia\",\"https:\\\/\\\/www.youtube.com\\\/user\\\/ppdegalicia\"]},{\"@type\":\"Person\",\"@id\":\"https:\\\/\\\/ppdegalicia.com\\\/es\\\/#\\\/schema\\\/person\\\/5b822c6f59e872ebdd1142f307dbcb59\",\"name\":\"ppdegaliciaredes\",\"image\":{\"@type\":\"ImageObject\",\"inLanguage\":\"es\",\"@id\":\"https:\\\/\\\/secure.gravatar.com\\\/avatar\\\/3c9179cf0256d00c72a48d1f25783c58b6842cd56e85ef3a572881c8e28ccd59?s=96&d=mm&r=g\",\"url\":\"https:\\\/\\\/secure.gravatar.com\\\/avatar\\\/3c9179cf0256d00c72a48d1f25783c58b6842cd56e85ef3a572881c8e28ccd59?s=96&d=mm&r=g\",\"contentUrl\":\"https:\\\/\\\/secure.gravatar.com\\\/avatar\\\/3c9179cf0256d00c72a48d1f25783c58b6842cd56e85ef3a572881c8e28ccd59?s=96&d=mm&r=g\",\"caption\":\"ppdegaliciaredes\"},\"url\":\"https:\\\/\\\/ppdegalicia.com\\\/es\\\/author\\\/ppdegaliciaredes\\\/\"}]}<\/script>\n<!-- \/ Yoast SEO plugin. -->","yoast_head_json":{"title":"Paula Prado: \u201cO PPdeG est\u00e1 ao car\u00f3n da xente e dos equipos de extinci\u00f3n mentres a oposici\u00f3n fai pol\u00edtica pequena e o Goberno central nin est\u00e1 nin se lle espera\u201d - PP de Galicia","description":"A secretaria xeral do Partido Popular de Galicia, Paula Prado, valorou hoxe a actualidade dos incendios que afectan a Galicia e criticou con dureza a actitude da oposici\u00f3n galega e do Goberno central.","robots":{"index":"index","follow":"follow","max-snippet":"max-snippet:-1","max-image-preview":"max-image-preview:large","max-video-preview":"max-video-preview:-1"},"canonical":"https:\/\/ppdegalicia.com\/es\/paula-prado-o-ppdeg-esta-ao-caron-da-xente-e-dos-equipos-de-extincion-mentres-a-oposicion-fai-politica-pequena-e-o-goberno-central-nin-esta-nin-se-lle-espera\/","og_locale":"es_ES","og_type":"article","og_title":"Paula Prado: \u201cO PPdeG est\u00e1 ao car\u00f3n da xente e dos equipos de extinci\u00f3n mentres a oposici\u00f3n fai pol\u00edtica pequena e o Goberno central nin est\u00e1 nin se lle espera\u201d - PP de Galicia","og_description":"A secretaria xeral do Partido Popular de Galicia, Paula Prado, valorou hoxe a actualidade dos incendios que afectan a Galicia e criticou con dureza a actitude da oposici\u00f3n galega e do Goberno central.","og_url":"https:\/\/ppdegalicia.com\/es\/paula-prado-o-ppdeg-esta-ao-caron-da-xente-e-dos-equipos-de-extincion-mentres-a-oposicion-fai-politica-pequena-e-o-goberno-central-nin-esta-nin-se-lle-espera\/","og_site_name":"PP de Galicia","article_publisher":"https:\/\/www.instagram.com\/ppdegalicia\/","article_published_time":"2025-08-14T21:28:59+00:00","article_modified_time":"2025-08-17T21:35:33+00:00","og_image":[{"width":2560,"height":1707,"url":"https:\/\/ppdegalicia.com\/wp-content\/uploads\/2025\/08\/20250626_PPrado_rdp8-scaled.jpg","type":"image\/jpeg"}],"author":"ppdegaliciaredes","twitter_card":"summary_large_image","twitter_creator":"@ppdegalicia","twitter_site":"@ppdegalicia","twitter_misc":{"Escrito por":"ppdegaliciaredes","Tiempo de lectura":"2 minutos"},"schema":{"@context":"https:\/\/schema.org","@graph":[{"@type":"Article","@id":"https:\/\/ppdegalicia.com\/es\/paula-prado-o-ppdeg-esta-ao-caron-da-xente-e-dos-equipos-de-extincion-mentres-a-oposicion-fai-politica-pequena-e-o-goberno-central-nin-esta-nin-se-lle-espera\/#article","isPartOf":{"@id":"https:\/\/ppdegalicia.com\/es\/paula-prado-o-ppdeg-esta-ao-caron-da-xente-e-dos-equipos-de-extincion-mentres-a-oposicion-fai-politica-pequena-e-o-goberno-central-nin-esta-nin-se-lle-espera\/"},"author":{"name":"ppdegaliciaredes","@id":"https:\/\/ppdegalicia.com\/es\/#\/schema\/person\/5b822c6f59e872ebdd1142f307dbcb59"},"headline":"Paula Prado: \u201cO PPdeG est\u00e1 ao car\u00f3n da xente e dos equipos de extinci\u00f3n mentres a oposici\u00f3n fai pol\u00edtica pequena e o Goberno central nin est\u00e1 nin se lle espera\u201d","datePublished":"2025-08-14T21:28:59+00:00","dateModified":"2025-08-17T21:35:33+00:00","mainEntityOfPage":{"@id":"https:\/\/ppdegalicia.com\/es\/paula-prado-o-ppdeg-esta-ao-caron-da-xente-e-dos-equipos-de-extincion-mentres-a-oposicion-fai-politica-pequena-e-o-goberno-central-nin-esta-nin-se-lle-espera\/"},"wordCount":338,"publisher":{"@id":"https:\/\/ppdegalicia.com\/es\/#organization"},"image":{"@id":"https:\/\/ppdegalicia.com\/es\/paula-prado-o-ppdeg-esta-ao-caron-da-xente-e-dos-equipos-de-extincion-mentres-a-oposicion-fai-politica-pequena-e-o-goberno-central-nin-esta-nin-se-lle-espera\/#primaryimage"},"thumbnailUrl":"https:\/\/ppdegalicia.com\/wp-content\/uploads\/2025\/08\/20250626_PPrado_rdp8-scaled.jpg","articleSection":["PP de Galicia"],"inLanguage":"es"},{"@type":"WebPage","@id":"https:\/\/ppdegalicia.com\/es\/paula-prado-o-ppdeg-esta-ao-caron-da-xente-e-dos-equipos-de-extincion-mentres-a-oposicion-fai-politica-pequena-e-o-goberno-central-nin-esta-nin-se-lle-espera\/","url":"https:\/\/ppdegalicia.com\/es\/paula-prado-o-ppdeg-esta-ao-caron-da-xente-e-dos-equipos-de-extincion-mentres-a-oposicion-fai-politica-pequena-e-o-goberno-central-nin-esta-nin-se-lle-espera\/","name":"Paula Prado: \u201cO PPdeG est\u00e1 ao car\u00f3n da xente e dos equipos de extinci\u00f3n mentres a oposici\u00f3n fai pol\u00edtica pequena e o Goberno central nin est\u00e1 nin se lle espera\u201d - PP de Galicia","isPartOf":{"@id":"https:\/\/ppdegalicia.com\/es\/#website"},"primaryImageOfPage":{"@id":"https:\/\/ppdegalicia.com\/es\/paula-prado-o-ppdeg-esta-ao-caron-da-xente-e-dos-equipos-de-extincion-mentres-a-oposicion-fai-politica-pequena-e-o-goberno-central-nin-esta-nin-se-lle-espera\/#primaryimage"},"image":{"@id":"https:\/\/ppdegalicia.com\/es\/paula-prado-o-ppdeg-esta-ao-caron-da-xente-e-dos-equipos-de-extincion-mentres-a-oposicion-fai-politica-pequena-e-o-goberno-central-nin-esta-nin-se-lle-espera\/#primaryimage"},"thumbnailUrl":"https:\/\/ppdegalicia.com\/wp-content\/uploads\/2025\/08\/20250626_PPrado_rdp8-scaled.jpg","datePublished":"2025-08-14T21:28:59+00:00","dateModified":"2025-08-17T21:35:33+00:00","description":"A secretaria xeral do Partido Popular de Galicia, Paula Prado, valorou hoxe a actualidade dos incendios que afectan a Galicia e criticou con dureza a actitude da oposici\u00f3n galega e do Goberno central.","breadcrumb":{"@id":"https:\/\/ppdegalicia.com\/es\/paula-prado-o-ppdeg-esta-ao-caron-da-xente-e-dos-equipos-de-extincion-mentres-a-oposicion-fai-politica-pequena-e-o-goberno-central-nin-esta-nin-se-lle-espera\/#breadcrumb"},"inLanguage":"es","potentialAction":[{"@type":"ReadAction","target":["https:\/\/ppdegalicia.com\/es\/paula-prado-o-ppdeg-esta-ao-caron-da-xente-e-dos-equipos-de-extincion-mentres-a-oposicion-fai-politica-pequena-e-o-goberno-central-nin-esta-nin-se-lle-espera\/"]}]},{"@type":"ImageObject","inLanguage":"es","@id":"https:\/\/ppdegalicia.com\/es\/paula-prado-o-ppdeg-esta-ao-caron-da-xente-e-dos-equipos-de-extincion-mentres-a-oposicion-fai-politica-pequena-e-o-goberno-central-nin-esta-nin-se-lle-espera\/#primaryimage","url":"https:\/\/ppdegalicia.com\/wp-content\/uploads\/2025\/08\/20250626_PPrado_rdp8-scaled.jpg","contentUrl":"https:\/\/ppdegalicia.com\/wp-content\/uploads\/2025\/08\/20250626_PPrado_rdp8-scaled.jpg","width":2560,"height":1707},{"@type":"BreadcrumbList","@id":"https:\/\/ppdegalicia.com\/es\/paula-prado-o-ppdeg-esta-ao-caron-da-xente-e-dos-equipos-de-extincion-mentres-a-oposicion-fai-politica-pequena-e-o-goberno-central-nin-esta-nin-se-lle-espera\/#breadcrumb","itemListElement":[{"@type":"ListItem","position":1,"name":"Portada","item":"https:\/\/ppdegalicia.com\/es\/"},{"@type":"ListItem","position":2,"name":"Paula Prado: \u201cO PPdeG est\u00e1 ao car\u00f3n da xente e dos equipos de extinci\u00f3n mentres a oposici\u00f3n fai pol\u00edtica pequena e o Goberno central nin est\u00e1 nin se lle espera\u201d"}]},{"@type":"WebSite","@id":"https:\/\/ppdegalicia.com\/es\/#website","url":"https:\/\/ppdegalicia.com\/es\/","name":"Partido Popular de Galicia","description":"Partido Popular de Galicia","publisher":{"@id":"https:\/\/ppdegalicia.com\/es\/#organization"},"alternateName":"PP de Galicia","potentialAction":[{"@type":"SearchAction","target":{"@type":"EntryPoint","urlTemplate":"https:\/\/ppdegalicia.com\/es\/?s={search_term_string}"},"query-input":{"@type":"PropertyValueSpecification","valueRequired":true,"valueName":"search_term_string"}}],"inLanguage":"es"},{"@type":"Organization","@id":"https:\/\/ppdegalicia.com\/es\/#organization","name":"Partido Popular de Galicia","alternateName":"PP de Galicia","url":"https:\/\/ppdegalicia.com\/es\/","logo":{"@type":"ImageObject","inLanguage":"es","@id":"https:\/\/ppdegalicia.com\/es\/#\/schema\/logo\/image\/","url":"https:\/\/ppdegalicia.com\/wp-content\/uploads\/2023\/04\/logoPP512.png","contentUrl":"https:\/\/ppdegalicia.com\/wp-content\/uploads\/2023\/04\/logoPP512.png","width":512,"height":512,"caption":"Partido Popular de Galicia"},"image":{"@id":"https:\/\/ppdegalicia.com\/es\/#\/schema\/logo\/image\/"},"sameAs":["https:\/\/www.instagram.com\/ppdegalicia\/","https:\/\/x.com\/ppdegalicia","https:\/\/www.tiktok.com\/@ppdegalicia","https:\/\/www.youtube.com\/user\/ppdegalicia"]},{"@type":"Person","@id":"https:\/\/ppdegalicia.com\/es\/#\/schema\/person\/5b822c6f59e872ebdd1142f307dbcb59","name":"ppdegaliciaredes","image":{"@type":"ImageObject","inLanguage":"es","@id":"https:\/\/secure.gravatar.com\/avatar\/3c9179cf0256d00c72a48d1f25783c58b6842cd56e85ef3a572881c8e28ccd59?s=96&d=mm&r=g","url":"https:\/\/secure.gravatar.com\/avatar\/3c9179cf0256d00c72a48d1f25783c58b6842cd56e85ef3a572881c8e28ccd59?s=96&d=mm&r=g","contentUrl":"https:\/\/secure.gravatar.com\/avatar\/3c9179cf0256d00c72a48d1f25783c58b6842cd56e85ef3a572881c8e28ccd59?s=96&d=mm&r=g","caption":"ppdegaliciaredes"},"url":"https:\/\/ppdegalicia.com\/es\/author\/ppdegaliciaredes\/"}]}},"_links":{"self":[{"href":"https:\/\/ppdegalicia.com\/es\/wp-json\/wp\/v2\/posts\/67966","targetHints":{"allow":["GET"]}}],"collection":[{"href":"https:\/\/ppdegalicia.com\/es\/wp-json\/wp\/v2\/posts"}],"about":[{"href":"https:\/\/ppdegalicia.com\/es\/wp-json\/wp\/v2\/types\/post"}],"author":[{"embeddable":true,"href":"https:\/\/ppdegalicia.com\/es\/wp-json\/wp\/v2\/users\/38"}],"replies":[{"embeddable":true,"href":"https:\/\/ppdegalicia.com\/es\/wp-json\/wp\/v2\/comments?post=67966"}],"version-history":[{"count":1,"href":"https:\/\/ppdegalicia.com\/es\/wp-json\/wp\/v2\/posts\/67966\/revisions"}],"predecessor-version":[{"id":67969,"href":"https:\/\/ppdegalicia.com\/es\/wp-json\/wp\/v2\/posts\/67966\/revisions\/67969"}],"wp:featuredmedia":[{"embeddable":true,"href":"https:\/\/ppdegalicia.com\/es\/wp-json\/wp\/v2\/media\/67967"}],"wp:attachment":[{"href":"https:\/\/ppdegalicia.com\/es\/wp-json\/wp\/v2\/media?parent=67966"}],"wp:term":[{"taxonomy":"category","embeddable":true,"href":"https:\/\/ppdegalicia.com\/es\/wp-json\/wp\/v2\/categories?post=67966"},{"taxonomy":"post_tag","embeddable":true,"href":"https:\/\/ppdegalicia.com\/es\/wp-json\/wp\/v2\/tags?post=67966"}],"curies":[{"name":"wp","href":"https:\/\/api.w.org\/{rel}","templated":true}]}}