{"id":67975,"date":"2025-08-22T18:34:34","date_gmt":"2025-08-22T17:34:34","guid":{"rendered":"https:\/\/ppdegalicia.com\/?p=67975"},"modified":"2025-08-22T18:34:34","modified_gmt":"2025-08-22T17:34:34","slug":"paula-prado-a-prioridade-e-apagar-os-incendios-e-apoiar-as-familias-non-utilizalos-para-facer-politica","status":"publish","type":"post","link":"https:\/\/ppdegalicia.com\/es\/paula-prado-a-prioridade-e-apagar-os-incendios-e-apoiar-as-familias-non-utilizalos-para-facer-politica\/","title":{"rendered":"Paula Prado: \u201cA prioridade \u00e9 apagar os incendios e apoiar \u00e1s familias, non utilizalos para facer pol\u00edtica\u201d"},"content":{"rendered":"<p>A secretaria xeral do PPdeG, Paula Prado, reiterou hoxe que \u201cnestes d\u00edas tan duros que estamos a vivir en Galicia, a prioridade absoluta do Goberno da Xunta foi e segue sendo conter os lumes canto antes e, sobre todo, evitar consecuencias persoais\u201d.<\/p>\n<p>\u201cDesde o primeiro momento, tanto o presidente Alfonso Rueda como todo o PPdeG puxemos por diante a responsabilidade e a unidade. Eu mesma ped\u00edn deixar a un lado calquera enfrontamento pol\u00edtico, porque todos os cargos do noso partido estiveron \u2014e seguen a estar\u2014 ao servizo da emerxencia, colaborando onde fixera falta. Este era o momento de remar todos xuntos\u201d, subli\u00f1ou.<\/p>\n<p>Paula Prado lembrou que, mentres milleiros de persoas loitan contra o lume, \u201co m\u00ednimo que lles debemos \u00e9 respecto e apoio, non utilizar esta traxedia para facer pol\u00edtica partidista\u201d. Por iso cualificou de \u201cincomprensible, a\u00ednda que non sorprendente\u201d a actitude do BNG, que \u201ca pesar de afirmar ao principio da semana que a prioridade era apagar o lume, preferiu impulsar manifestaci\u00f3ns co pa\u00eds ardendo\u201d.<\/p>\n<p>\u201cDo mesmo xeito, a vicepresidenta Yolanda D\u00edaz decidiu interromper as s\u00faas vacaci\u00f3ns en Galicia non para apoiar aos equipos de extinci\u00f3n nin para ofrecer m\u00e1is axuda, sen\u00f3n para participar nunha protesta e lanzar bulos\u201d, engadiu.<\/p>\n<p>A secretaria xeral do PPdeG recalcou que \u201cGalicia merece unidade e responsabilidade, non aproveitamento electoral en plena crise. Agora \u00e9 o momento de traballar todos xuntos para frear os incendios e atender as familias afectadas. Haber\u00e1 tempo para o debate pol\u00edtico, pero hoxe lamentamos profundamente a manipulaci\u00f3n e a utilizaci\u00f3n partidista dunha cat\u00e1strofe\u201d.<\/p>\n<p>Finalmente, Paula Prado puxo en valor o labor da Xunta: \u201cEstamos dedicados ao que verdadeiramente importa: a loita contra o lume e a preparaci\u00f3n das axudas \u00e1s persoas afectadas. Esa \u00e9 a diferenza entre uns e outros: mentres alg\u00fans convocan manifestaci\u00f3ns co monte a\u00ednda ardendo, n\u00f3s estamos a traballar por Galicia\u201d.<\/p>\n","protected":false},"excerpt":{"rendered":"<p>A secretaria xeral do PPdeG, Paula Prado, reiterou hoxe que \u201cnestes d\u00edas tan duros que estamos a vivir en Galicia, a prioridade absoluta do Goberno da Xunta foi e segue sendo conter os lumes canto antes e, sobre todo, evitar consecuencias persoais\u201d. \u201cDesde o primeiro momento, tanto o presidente Alfonso Rueda como todo o PPdeG [&hellip;]<\/p>\n","protected":false},"author":38,"featured_media":67976,"comment_status":"closed","ping_status":"open","sticky":false,"template":"","format":"standard","meta":{"_acf_changed":false,"footnotes":""},"categories":[1],"tags":[],"class_list":["post-67975","post","type-post","status-publish","format-standard","has-post-thumbnail","hentry","category-pp-de-galicia"],"acf":[],"yoast_head":"<!-- This site is optimized with the Yoast SEO plugin v27.3 - https:\/\/yoast.com\/product\/yoast-seo-wordpress\/ -->\n<title>Paula Prado: \u201cA prioridade \u00e9 apagar os incendios e apoiar \u00e1s familias, non utilizalos para facer pol\u00edtica\u201d - PP de Galicia<\/title>\n<meta name=\"description\" content=\"A secretaria xeral do PPdeG, Paula Prado, reiterou hoxe que \u201cnestes d\u00edas tan duros que estamos a vivir en Galicia, a prioridade absoluta do Goberno da Xunta foi e segue sendo conter os lumes canto antes e, sobre todo, evitar consecuencias persoais\u201d.\" \/>\n<meta name=\"robots\" content=\"index, follow, max-snippet:-1, max-image-preview:large, max-video-preview:-1\" \/>\n<link rel=\"canonical\" href=\"https:\/\/ppdegalicia.com\/es\/paula-prado-a-prioridade-e-apagar-os-incendios-e-apoiar-as-familias-non-utilizalos-para-facer-politica\/\" \/>\n<meta property=\"og:locale\" content=\"es_ES\" \/>\n<meta property=\"og:type\" content=\"article\" \/>\n<meta property=\"og:title\" content=\"Paula Prado: \u201cA prioridade \u00e9 apagar os incendios e apoiar \u00e1s familias, non utilizalos para facer pol\u00edtica\u201d - PP de Galicia\" \/>\n<meta property=\"og:description\" content=\"A secretaria xeral do PPdeG, Paula Prado, reiterou hoxe que \u201cnestes d\u00edas tan duros que estamos a vivir en Galicia, a prioridade absoluta do Goberno da Xunta foi e segue sendo conter os lumes canto antes e, sobre todo, evitar consecuencias persoais\u201d.\" \/>\n<meta property=\"og:url\" content=\"https:\/\/ppdegalicia.com\/es\/paula-prado-a-prioridade-e-apagar-os-incendios-e-apoiar-as-familias-non-utilizalos-para-facer-politica\/\" \/>\n<meta property=\"og:site_name\" content=\"PP de Galicia\" \/>\n<meta property=\"article:publisher\" content=\"https:\/\/www.instagram.com\/ppdegalicia\/\" \/>\n<meta property=\"article:published_time\" content=\"2025-08-22T17:34:34+00:00\" \/>\n<meta property=\"og:image\" content=\"https:\/\/ppdegalicia.com\/wp-content\/uploads\/2025\/08\/20250605_PPrado_rdp7-scaled.jpg\" \/>\n\t<meta property=\"og:image:width\" content=\"2560\" \/>\n\t<meta property=\"og:image:height\" content=\"1707\" \/>\n\t<meta property=\"og:image:type\" content=\"image\/jpeg\" \/>\n<meta name=\"author\" content=\"ppdegaliciaredes\" \/>\n<meta name=\"twitter:card\" content=\"summary_large_image\" \/>\n<meta name=\"twitter:creator\" content=\"@ppdegalicia\" \/>\n<meta name=\"twitter:site\" content=\"@ppdegalicia\" \/>\n<meta name=\"twitter:label1\" content=\"Escrito por\" \/>\n\t<meta name=\"twitter:data1\" content=\"ppdegaliciaredes\" \/>\n\t<meta name=\"twitter:label2\" content=\"Tiempo de lectura\" \/>\n\t<meta name=\"twitter:data2\" content=\"2 minutos\" \/>\n<script type=\"application\/ld+json\" class=\"yoast-schema-graph\">{\"@context\":\"https:\\\/\\\/schema.org\",\"@graph\":[{\"@type\":\"Article\",\"@id\":\"https:\\\/\\\/ppdegalicia.com\\\/es\\\/paula-prado-a-prioridade-e-apagar-os-incendios-e-apoiar-as-familias-non-utilizalos-para-facer-politica\\\/#article\",\"isPartOf\":{\"@id\":\"https:\\\/\\\/ppdegalicia.com\\\/es\\\/paula-prado-a-prioridade-e-apagar-os-incendios-e-apoiar-as-familias-non-utilizalos-para-facer-politica\\\/\"},\"author\":{\"name\":\"ppdegaliciaredes\",\"@id\":\"https:\\\/\\\/ppdegalicia.com\\\/es\\\/#\\\/schema\\\/person\\\/5b822c6f59e872ebdd1142f307dbcb59\"},\"headline\":\"Paula Prado: \u201cA prioridade \u00e9 apagar os incendios e apoiar \u00e1s familias, non utilizalos para facer pol\u00edtica\u201d\",\"datePublished\":\"2025-08-22T17:34:34+00:00\",\"mainEntityOfPage\":{\"@id\":\"https:\\\/\\\/ppdegalicia.com\\\/es\\\/paula-prado-a-prioridade-e-apagar-os-incendios-e-apoiar-as-familias-non-utilizalos-para-facer-politica\\\/\"},\"wordCount\":343,\"publisher\":{\"@id\":\"https:\\\/\\\/ppdegalicia.com\\\/es\\\/#organization\"},\"image\":{\"@id\":\"https:\\\/\\\/ppdegalicia.com\\\/es\\\/paula-prado-a-prioridade-e-apagar-os-incendios-e-apoiar-as-familias-non-utilizalos-para-facer-politica\\\/#primaryimage\"},\"thumbnailUrl\":\"https:\\\/\\\/ppdegalicia.com\\\/wp-content\\\/uploads\\\/2025\\\/08\\\/20250605_PPrado_rdp7-scaled.jpg\",\"articleSection\":[\"PP de Galicia\"],\"inLanguage\":\"es\"},{\"@type\":\"WebPage\",\"@id\":\"https:\\\/\\\/ppdegalicia.com\\\/es\\\/paula-prado-a-prioridade-e-apagar-os-incendios-e-apoiar-as-familias-non-utilizalos-para-facer-politica\\\/\",\"url\":\"https:\\\/\\\/ppdegalicia.com\\\/es\\\/paula-prado-a-prioridade-e-apagar-os-incendios-e-apoiar-as-familias-non-utilizalos-para-facer-politica\\\/\",\"name\":\"Paula Prado: \u201cA prioridade \u00e9 apagar os incendios e apoiar \u00e1s familias, non utilizalos para facer pol\u00edtica\u201d - PP de Galicia\",\"isPartOf\":{\"@id\":\"https:\\\/\\\/ppdegalicia.com\\\/es\\\/#website\"},\"primaryImageOfPage\":{\"@id\":\"https:\\\/\\\/ppdegalicia.com\\\/es\\\/paula-prado-a-prioridade-e-apagar-os-incendios-e-apoiar-as-familias-non-utilizalos-para-facer-politica\\\/#primaryimage\"},\"image\":{\"@id\":\"https:\\\/\\\/ppdegalicia.com\\\/es\\\/paula-prado-a-prioridade-e-apagar-os-incendios-e-apoiar-as-familias-non-utilizalos-para-facer-politica\\\/#primaryimage\"},\"thumbnailUrl\":\"https:\\\/\\\/ppdegalicia.com\\\/wp-content\\\/uploads\\\/2025\\\/08\\\/20250605_PPrado_rdp7-scaled.jpg\",\"datePublished\":\"2025-08-22T17:34:34+00:00\",\"description\":\"A secretaria xeral do PPdeG, Paula Prado, reiterou hoxe que \u201cnestes d\u00edas tan duros que estamos a vivir en Galicia, a prioridade absoluta do Goberno da Xunta foi e segue sendo conter os lumes canto antes e, sobre todo, evitar consecuencias persoais\u201d.\",\"breadcrumb\":{\"@id\":\"https:\\\/\\\/ppdegalicia.com\\\/es\\\/paula-prado-a-prioridade-e-apagar-os-incendios-e-apoiar-as-familias-non-utilizalos-para-facer-politica\\\/#breadcrumb\"},\"inLanguage\":\"es\",\"potentialAction\":[{\"@type\":\"ReadAction\",\"target\":[\"https:\\\/\\\/ppdegalicia.com\\\/es\\\/paula-prado-a-prioridade-e-apagar-os-incendios-e-apoiar-as-familias-non-utilizalos-para-facer-politica\\\/\"]}]},{\"@type\":\"ImageObject\",\"inLanguage\":\"es\",\"@id\":\"https:\\\/\\\/ppdegalicia.com\\\/es\\\/paula-prado-a-prioridade-e-apagar-os-incendios-e-apoiar-as-familias-non-utilizalos-para-facer-politica\\\/#primaryimage\",\"url\":\"https:\\\/\\\/ppdegalicia.com\\\/wp-content\\\/uploads\\\/2025\\\/08\\\/20250605_PPrado_rdp7-scaled.jpg\",\"contentUrl\":\"https:\\\/\\\/ppdegalicia.com\\\/wp-content\\\/uploads\\\/2025\\\/08\\\/20250605_PPrado_rdp7-scaled.jpg\",\"width\":2560,\"height\":1707},{\"@type\":\"BreadcrumbList\",\"@id\":\"https:\\\/\\\/ppdegalicia.com\\\/es\\\/paula-prado-a-prioridade-e-apagar-os-incendios-e-apoiar-as-familias-non-utilizalos-para-facer-politica\\\/#breadcrumb\",\"itemListElement\":[{\"@type\":\"ListItem\",\"position\":1,\"name\":\"Portada\",\"item\":\"https:\\\/\\\/ppdegalicia.com\\\/es\\\/\"},{\"@type\":\"ListItem\",\"position\":2,\"name\":\"Paula Prado: \u201cA prioridade \u00e9 apagar os incendios e apoiar \u00e1s familias, non utilizalos para facer pol\u00edtica\u201d\"}]},{\"@type\":\"WebSite\",\"@id\":\"https:\\\/\\\/ppdegalicia.com\\\/es\\\/#website\",\"url\":\"https:\\\/\\\/ppdegalicia.com\\\/es\\\/\",\"name\":\"Partido Popular de Galicia\",\"description\":\"Partido Popular de Galicia\",\"publisher\":{\"@id\":\"https:\\\/\\\/ppdegalicia.com\\\/es\\\/#organization\"},\"alternateName\":\"PP de Galicia\",\"potentialAction\":[{\"@type\":\"SearchAction\",\"target\":{\"@type\":\"EntryPoint\",\"urlTemplate\":\"https:\\\/\\\/ppdegalicia.com\\\/es\\\/?s={search_term_string}\"},\"query-input\":{\"@type\":\"PropertyValueSpecification\",\"valueRequired\":true,\"valueName\":\"search_term_string\"}}],\"inLanguage\":\"es\"},{\"@type\":\"Organization\",\"@id\":\"https:\\\/\\\/ppdegalicia.com\\\/es\\\/#organization\",\"name\":\"Partido Popular de Galicia\",\"alternateName\":\"PP de Galicia\",\"url\":\"https:\\\/\\\/ppdegalicia.com\\\/es\\\/\",\"logo\":{\"@type\":\"ImageObject\",\"inLanguage\":\"es\",\"@id\":\"https:\\\/\\\/ppdegalicia.com\\\/es\\\/#\\\/schema\\\/logo\\\/image\\\/\",\"url\":\"https:\\\/\\\/ppdegalicia.com\\\/wp-content\\\/uploads\\\/2023\\\/04\\\/logoPP512.png\",\"contentUrl\":\"https:\\\/\\\/ppdegalicia.com\\\/wp-content\\\/uploads\\\/2023\\\/04\\\/logoPP512.png\",\"width\":512,\"height\":512,\"caption\":\"Partido Popular de Galicia\"},\"image\":{\"@id\":\"https:\\\/\\\/ppdegalicia.com\\\/es\\\/#\\\/schema\\\/logo\\\/image\\\/\"},\"sameAs\":[\"https:\\\/\\\/www.instagram.com\\\/ppdegalicia\\\/\",\"https:\\\/\\\/x.com\\\/ppdegalicia\",\"https:\\\/\\\/www.tiktok.com\\\/@ppdegalicia\",\"https:\\\/\\\/www.youtube.com\\\/user\\\/ppdegalicia\"]},{\"@type\":\"Person\",\"@id\":\"https:\\\/\\\/ppdegalicia.com\\\/es\\\/#\\\/schema\\\/person\\\/5b822c6f59e872ebdd1142f307dbcb59\",\"name\":\"ppdegaliciaredes\",\"image\":{\"@type\":\"ImageObject\",\"inLanguage\":\"es\",\"@id\":\"https:\\\/\\\/secure.gravatar.com\\\/avatar\\\/3c9179cf0256d00c72a48d1f25783c58b6842cd56e85ef3a572881c8e28ccd59?s=96&d=mm&r=g\",\"url\":\"https:\\\/\\\/secure.gravatar.com\\\/avatar\\\/3c9179cf0256d00c72a48d1f25783c58b6842cd56e85ef3a572881c8e28ccd59?s=96&d=mm&r=g\",\"contentUrl\":\"https:\\\/\\\/secure.gravatar.com\\\/avatar\\\/3c9179cf0256d00c72a48d1f25783c58b6842cd56e85ef3a572881c8e28ccd59?s=96&d=mm&r=g\",\"caption\":\"ppdegaliciaredes\"},\"url\":\"https:\\\/\\\/ppdegalicia.com\\\/es\\\/author\\\/ppdegaliciaredes\\\/\"}]}<\/script>\n<!-- \/ Yoast SEO plugin. -->","yoast_head_json":{"title":"Paula Prado: \u201cA prioridade \u00e9 apagar os incendios e apoiar \u00e1s familias, non utilizalos para facer pol\u00edtica\u201d - PP de Galicia","description":"A secretaria xeral do PPdeG, Paula Prado, reiterou hoxe que \u201cnestes d\u00edas tan duros que estamos a vivir en Galicia, a prioridade absoluta do Goberno da Xunta foi e segue sendo conter os lumes canto antes e, sobre todo, evitar consecuencias persoais\u201d.","robots":{"index":"index","follow":"follow","max-snippet":"max-snippet:-1","max-image-preview":"max-image-preview:large","max-video-preview":"max-video-preview:-1"},"canonical":"https:\/\/ppdegalicia.com\/es\/paula-prado-a-prioridade-e-apagar-os-incendios-e-apoiar-as-familias-non-utilizalos-para-facer-politica\/","og_locale":"es_ES","og_type":"article","og_title":"Paula Prado: \u201cA prioridade \u00e9 apagar os incendios e apoiar \u00e1s familias, non utilizalos para facer pol\u00edtica\u201d - PP de Galicia","og_description":"A secretaria xeral do PPdeG, Paula Prado, reiterou hoxe que \u201cnestes d\u00edas tan duros que estamos a vivir en Galicia, a prioridade absoluta do Goberno da Xunta foi e segue sendo conter os lumes canto antes e, sobre todo, evitar consecuencias persoais\u201d.","og_url":"https:\/\/ppdegalicia.com\/es\/paula-prado-a-prioridade-e-apagar-os-incendios-e-apoiar-as-familias-non-utilizalos-para-facer-politica\/","og_site_name":"PP de Galicia","article_publisher":"https:\/\/www.instagram.com\/ppdegalicia\/","article_published_time":"2025-08-22T17:34:34+00:00","og_image":[{"width":2560,"height":1707,"url":"https:\/\/ppdegalicia.com\/wp-content\/uploads\/2025\/08\/20250605_PPrado_rdp7-scaled.jpg","type":"image\/jpeg"}],"author":"ppdegaliciaredes","twitter_card":"summary_large_image","twitter_creator":"@ppdegalicia","twitter_site":"@ppdegalicia","twitter_misc":{"Escrito por":"ppdegaliciaredes","Tiempo de lectura":"2 minutos"},"schema":{"@context":"https:\/\/schema.org","@graph":[{"@type":"Article","@id":"https:\/\/ppdegalicia.com\/es\/paula-prado-a-prioridade-e-apagar-os-incendios-e-apoiar-as-familias-non-utilizalos-para-facer-politica\/#article","isPartOf":{"@id":"https:\/\/ppdegalicia.com\/es\/paula-prado-a-prioridade-e-apagar-os-incendios-e-apoiar-as-familias-non-utilizalos-para-facer-politica\/"},"author":{"name":"ppdegaliciaredes","@id":"https:\/\/ppdegalicia.com\/es\/#\/schema\/person\/5b822c6f59e872ebdd1142f307dbcb59"},"headline":"Paula Prado: \u201cA prioridade \u00e9 apagar os incendios e apoiar \u00e1s familias, non utilizalos para facer pol\u00edtica\u201d","datePublished":"2025-08-22T17:34:34+00:00","mainEntityOfPage":{"@id":"https:\/\/ppdegalicia.com\/es\/paula-prado-a-prioridade-e-apagar-os-incendios-e-apoiar-as-familias-non-utilizalos-para-facer-politica\/"},"wordCount":343,"publisher":{"@id":"https:\/\/ppdegalicia.com\/es\/#organization"},"image":{"@id":"https:\/\/ppdegalicia.com\/es\/paula-prado-a-prioridade-e-apagar-os-incendios-e-apoiar-as-familias-non-utilizalos-para-facer-politica\/#primaryimage"},"thumbnailUrl":"https:\/\/ppdegalicia.com\/wp-content\/uploads\/2025\/08\/20250605_PPrado_rdp7-scaled.jpg","articleSection":["PP de Galicia"],"inLanguage":"es"},{"@type":"WebPage","@id":"https:\/\/ppdegalicia.com\/es\/paula-prado-a-prioridade-e-apagar-os-incendios-e-apoiar-as-familias-non-utilizalos-para-facer-politica\/","url":"https:\/\/ppdegalicia.com\/es\/paula-prado-a-prioridade-e-apagar-os-incendios-e-apoiar-as-familias-non-utilizalos-para-facer-politica\/","name":"Paula Prado: \u201cA prioridade \u00e9 apagar os incendios e apoiar \u00e1s familias, non utilizalos para facer pol\u00edtica\u201d - PP de Galicia","isPartOf":{"@id":"https:\/\/ppdegalicia.com\/es\/#website"},"primaryImageOfPage":{"@id":"https:\/\/ppdegalicia.com\/es\/paula-prado-a-prioridade-e-apagar-os-incendios-e-apoiar-as-familias-non-utilizalos-para-facer-politica\/#primaryimage"},"image":{"@id":"https:\/\/ppdegalicia.com\/es\/paula-prado-a-prioridade-e-apagar-os-incendios-e-apoiar-as-familias-non-utilizalos-para-facer-politica\/#primaryimage"},"thumbnailUrl":"https:\/\/ppdegalicia.com\/wp-content\/uploads\/2025\/08\/20250605_PPrado_rdp7-scaled.jpg","datePublished":"2025-08-22T17:34:34+00:00","description":"A secretaria xeral do PPdeG, Paula Prado, reiterou hoxe que \u201cnestes d\u00edas tan duros que estamos a vivir en Galicia, a prioridade absoluta do Goberno da Xunta foi e segue sendo conter os lumes canto antes e, sobre todo, evitar consecuencias persoais\u201d.","breadcrumb":{"@id":"https:\/\/ppdegalicia.com\/es\/paula-prado-a-prioridade-e-apagar-os-incendios-e-apoiar-as-familias-non-utilizalos-para-facer-politica\/#breadcrumb"},"inLanguage":"es","potentialAction":[{"@type":"ReadAction","target":["https:\/\/ppdegalicia.com\/es\/paula-prado-a-prioridade-e-apagar-os-incendios-e-apoiar-as-familias-non-utilizalos-para-facer-politica\/"]}]},{"@type":"ImageObject","inLanguage":"es","@id":"https:\/\/ppdegalicia.com\/es\/paula-prado-a-prioridade-e-apagar-os-incendios-e-apoiar-as-familias-non-utilizalos-para-facer-politica\/#primaryimage","url":"https:\/\/ppdegalicia.com\/wp-content\/uploads\/2025\/08\/20250605_PPrado_rdp7-scaled.jpg","contentUrl":"https:\/\/ppdegalicia.com\/wp-content\/uploads\/2025\/08\/20250605_PPrado_rdp7-scaled.jpg","width":2560,"height":1707},{"@type":"BreadcrumbList","@id":"https:\/\/ppdegalicia.com\/es\/paula-prado-a-prioridade-e-apagar-os-incendios-e-apoiar-as-familias-non-utilizalos-para-facer-politica\/#breadcrumb","itemListElement":[{"@type":"ListItem","position":1,"name":"Portada","item":"https:\/\/ppdegalicia.com\/es\/"},{"@type":"ListItem","position":2,"name":"Paula Prado: \u201cA prioridade \u00e9 apagar os incendios e apoiar \u00e1s familias, non utilizalos para facer pol\u00edtica\u201d"}]},{"@type":"WebSite","@id":"https:\/\/ppdegalicia.com\/es\/#website","url":"https:\/\/ppdegalicia.com\/es\/","name":"Partido Popular de Galicia","description":"Partido Popular de Galicia","publisher":{"@id":"https:\/\/ppdegalicia.com\/es\/#organization"},"alternateName":"PP de Galicia","potentialAction":[{"@type":"SearchAction","target":{"@type":"EntryPoint","urlTemplate":"https:\/\/ppdegalicia.com\/es\/?s={search_term_string}"},"query-input":{"@type":"PropertyValueSpecification","valueRequired":true,"valueName":"search_term_string"}}],"inLanguage":"es"},{"@type":"Organization","@id":"https:\/\/ppdegalicia.com\/es\/#organization","name":"Partido Popular de Galicia","alternateName":"PP de Galicia","url":"https:\/\/ppdegalicia.com\/es\/","logo":{"@type":"ImageObject","inLanguage":"es","@id":"https:\/\/ppdegalicia.com\/es\/#\/schema\/logo\/image\/","url":"https:\/\/ppdegalicia.com\/wp-content\/uploads\/2023\/04\/logoPP512.png","contentUrl":"https:\/\/ppdegalicia.com\/wp-content\/uploads\/2023\/04\/logoPP512.png","width":512,"height":512,"caption":"Partido Popular de Galicia"},"image":{"@id":"https:\/\/ppdegalicia.com\/es\/#\/schema\/logo\/image\/"},"sameAs":["https:\/\/www.instagram.com\/ppdegalicia\/","https:\/\/x.com\/ppdegalicia","https:\/\/www.tiktok.com\/@ppdegalicia","https:\/\/www.youtube.com\/user\/ppdegalicia"]},{"@type":"Person","@id":"https:\/\/ppdegalicia.com\/es\/#\/schema\/person\/5b822c6f59e872ebdd1142f307dbcb59","name":"ppdegaliciaredes","image":{"@type":"ImageObject","inLanguage":"es","@id":"https:\/\/secure.gravatar.com\/avatar\/3c9179cf0256d00c72a48d1f25783c58b6842cd56e85ef3a572881c8e28ccd59?s=96&d=mm&r=g","url":"https:\/\/secure.gravatar.com\/avatar\/3c9179cf0256d00c72a48d1f25783c58b6842cd56e85ef3a572881c8e28ccd59?s=96&d=mm&r=g","contentUrl":"https:\/\/secure.gravatar.com\/avatar\/3c9179cf0256d00c72a48d1f25783c58b6842cd56e85ef3a572881c8e28ccd59?s=96&d=mm&r=g","caption":"ppdegaliciaredes"},"url":"https:\/\/ppdegalicia.com\/es\/author\/ppdegaliciaredes\/"}]}},"_links":{"self":[{"href":"https:\/\/ppdegalicia.com\/es\/wp-json\/wp\/v2\/posts\/67975","targetHints":{"allow":["GET"]}}],"collection":[{"href":"https:\/\/ppdegalicia.com\/es\/wp-json\/wp\/v2\/posts"}],"about":[{"href":"https:\/\/ppdegalicia.com\/es\/wp-json\/wp\/v2\/types\/post"}],"author":[{"embeddable":true,"href":"https:\/\/ppdegalicia.com\/es\/wp-json\/wp\/v2\/users\/38"}],"replies":[{"embeddable":true,"href":"https:\/\/ppdegalicia.com\/es\/wp-json\/wp\/v2\/comments?post=67975"}],"version-history":[{"count":1,"href":"https:\/\/ppdegalicia.com\/es\/wp-json\/wp\/v2\/posts\/67975\/revisions"}],"predecessor-version":[{"id":67978,"href":"https:\/\/ppdegalicia.com\/es\/wp-json\/wp\/v2\/posts\/67975\/revisions\/67978"}],"wp:featuredmedia":[{"embeddable":true,"href":"https:\/\/ppdegalicia.com\/es\/wp-json\/wp\/v2\/media\/67976"}],"wp:attachment":[{"href":"https:\/\/ppdegalicia.com\/es\/wp-json\/wp\/v2\/media?parent=67975"}],"wp:term":[{"taxonomy":"category","embeddable":true,"href":"https:\/\/ppdegalicia.com\/es\/wp-json\/wp\/v2\/categories?post=67975"},{"taxonomy":"post_tag","embeddable":true,"href":"https:\/\/ppdegalicia.com\/es\/wp-json\/wp\/v2\/tags?post=67975"}],"curies":[{"name":"wp","href":"https:\/\/api.w.org\/{rel}","templated":true}]}}