{"id":67988,"date":"2025-08-31T13:57:07","date_gmt":"2025-08-31T12:57:07","guid":{"rendered":"https:\/\/ppdegalicia.com\/?p=67988"},"modified":"2025-08-31T13:57:07","modified_gmt":"2025-08-31T12:57:07","slug":"alfonso-rueda-apela-a-recuperacion-da-normalidade-extraordinaria-de-galicia-facendo-un-chamamento-a-unidade-e-o-consenso-traballaremos-para-seguir-axudando-a-xente-cando-de-verdad","status":"publish","type":"post","link":"https:\/\/ppdegalicia.com\/es\/alfonso-rueda-apela-a-recuperacion-da-normalidade-extraordinaria-de-galicia-facendo-un-chamamento-a-unidade-e-o-consenso-traballaremos-para-seguir-axudando-a-xente-cando-de-verdad\/","title":{"rendered":"Alfonso Rueda apela \u00e1 recuperaci\u00f3n da \u201cnormalidade extraordinaria\u201d de Galicia facendo un chamamento \u00e1 unidade e o consenso: \u00abTraballaremos para seguir axudando \u00e1 xente cando de verdade o necesita\u00bb"},"content":{"rendered":"<p style=\"font-weight: 400;\">O presidente do PPdeG, Alfonso Rueda, fai un chamamento colectivo a todos os galegos e galegas para que sigan mantendo a unidade e o consenso de cara a recuperar canto antes a \u201cnormalidade extraordinaria\u201d dunha Galicia que \u201cse axuda cando m\u00e1is falta fai e se mant\u00e9n unida cando as cousas ve\u00f1en mal\u201d e que, lonxe da confrontaci\u00f3n, traballa \u201cdesde a humildade\u201d para afrontar os retos que ten por diante\u201d.<\/p>\n<p style=\"font-weight: 400;\">No tradicional acto de inicio de curso pol\u00edtico do Partido Popular celebrado hoxe en Cerdedo-Cotobade, que este ano estivo marcado polo recordo dos incendios das \u00faltimas semanas, o l\u00edder dos populares galegos subli\u00f1ou que Galicia xa est\u00e1 no cami\u00f1o desa recuperaci\u00f3n. Proba diso \u00e9 que as axudas do Goberno galego dirixidas aos afectados por estes lumes xa est\u00e1n publicadas desde onte no DOG e poderanse solicitar a partir de ma\u00f1\u00e1.<\/p>\n<p style=\"font-weight: 400;\">De feito, explicou que estas axudas \u201cnon te\u00f1en l\u00edmite orzamentario\u201d e se estender\u00e1n \u201cata onde faga falta\u201d grazas ao feito de que a nosa Comunidade ten aprobados os seus Orzamentos e xa traballa na aprobaci\u00f3n dos do vindeiro ano. Algo que, na s\u00faa opini\u00f3n, \u00e9 froito precisamente da \u201cnormalidade extraordinaria\u201d da que goza Galicia e que lle permite \u201creaccionar con rapidez cando a xente o necesita\u201d.<\/p>\n<p style=\"font-weight: 400;\">\u201cIso \u00e9 o que a xente demanda dos seus gobernantes cando deposita en n\u00f3s a s\u00faa confianza: que os apoiemos cando o necesitan\u201d, remarcou o presidente do PPdeG ao tempo que demandaba a mesma \u201cdilixencia\u201d por parte do Goberno central \u00e1 hora de tramitar as axudas estatais comprometidas. Porque \u00e9 o momento, insistiu, de que o Executivo estatal demostre \u201crespecto, empat\u00eda e solidariedade con Galicia\u201d.<\/p>\n<p style=\"font-weight: 400;\">Fronte a aqueles que \u201cpensan que cada situaci\u00f3n de sufrimento \u00e9 unha oportunidade para montar liorta ou tentar obter r\u00e9dito pol\u00edtico\u201d e que \u201csempre critican sen aportar soluci\u00f3ns\u201d, Rueda comprometeu o seu traballo \u201chumilde\u201d para \u201ccorrixir os erros cometidos, tomar todas as medidas que haxa que tomar para estar o mellor preparados posibles e concienciar \u00e1 xente de que a prevenci\u00f3n e a loita contra os incendios \u00e9 unha tarefa colectiva\u201d.<\/p>\n<p style=\"font-weight: 400;\">\u201cTraballaremos por volver \u00e1 normalidade desde a unidade e o consenso, mirando cara adiante e afrontando todos os retos que temos por diante\u201d, reiterou asegurando que \u201ca Galicia que chorou este ver\u00e1n e que tan mal o pasou durante tantos d\u00edas vaise recuperar\u201d e que o PPdeG \u201cser\u00e1 parte fundamental desa recuperaci\u00f3n\u201d.<\/p>\n<p style=\"font-weight: 400;\">Diante do presidente nacional do Partido Popular, Alberto N\u00fa\u00f1ez Feij\u00f3o, reivindicou as\u00ed mesmo que o PPdeG \u00e9 un partido \u201cali\u00f1ado\u201d para, chegado o momento, facer presidente de Espa\u00f1a \u201ca quen ten que selo por moitas raz\u00f3ns de urxencia\u201d do mesmo xeito que xa fixo presidente a Xerardo Fern\u00e1ndez Albor, a Manuel Fraga e ao propio Feij\u00f3o ata en catro ocasi\u00f3ns.<\/p>\n<p style=\"font-weight: 400;\"><strong><u>O MOMENTO DOS AGRADECEMENTOS<\/u><\/strong><\/p>\n<p style=\"font-weight: 400;\">Alfonso Rueda dedicou gran parte da s\u00faa intervenci\u00f3n tam\u00e9n a dar as grazas a todos os t\u00e9cnicos e integrantes dos corpos de extinci\u00f3n da Xunta de Galicia, as\u00ed como aos voluntarios que \u201cse presentaron a traballar sen ter que pedirllo\u201d e aos veci\u00f1os e veci\u00f1as que \u201csouberon que neses momentos de tensi\u00f3n era o momento de traballar unidos, coordinados e seguindo as instruci\u00f3n das Forzas e Corpos de Seguridade\u201d.<\/p>\n<p style=\"font-weight: 400;\">Todos eles, xunto aos medios remitidos polo Goberno central \u201ccando os deixaron vir\u201d, fixeron un \u201cgrand\u00edsimo labor\u201d que o presidente galego considerou de xustiza reco\u00f1ecer e que quixo agradecer publicamente ao igual que a disposici\u00f3n e a preocupaci\u00f3n demostradas por l\u00edderes auton\u00f3micos \u201cde todas as cores pol\u00edticas\u201d.<\/p>\n<p style=\"font-weight: 400;\">\u201cHoubo xente \u00e1 que non fixo falta chamala para dicirlle o que necesitabamos e \u00e1 que non fixo falta mandarlle por escrito unha relaci\u00f3n de necesidades despois de d\u00edas explicando a s\u00faa urxencia\u201d, explicou.<\/p>\n","protected":false},"excerpt":{"rendered":"<p>O presidente do PPdeG, Alfonso Rueda, fai un chamamento colectivo a todos os galegos e galegas para que sigan mantendo a unidade e o consenso de cara a recuperar canto antes a \u201cnormalidade extraordinaria\u201d dunha Galicia que \u201cse axuda cando m\u00e1is falta fai e se mant\u00e9n unida cando as cousas ve\u00f1en mal\u201d e que, lonxe [&hellip;]<\/p>\n","protected":false},"author":38,"featured_media":67989,"comment_status":"closed","ping_status":"open","sticky":false,"template":"","format":"standard","meta":{"_acf_changed":false,"footnotes":""},"categories":[1],"tags":[],"class_list":["post-67988","post","type-post","status-publish","format-standard","has-post-thumbnail","hentry","category-pp-de-galicia"],"acf":[],"yoast_head":"<!-- This site is optimized with the Yoast SEO plugin v27.3 - https:\/\/yoast.com\/product\/yoast-seo-wordpress\/ -->\n<title>Alfonso Rueda apela \u00e1 recuperaci\u00f3n da \u201cnormalidade extraordinaria\u201d de Galicia facendo un chamamento \u00e1 unidade e o consenso: &quot;Traballaremos para seguir axudando \u00e1 xente cando de verdade o necesita&quot; - PP de Galicia<\/title>\n<meta name=\"description\" content=\"O presidente do PPdeG, Alfonso Rueda, fai un chamamento colectivo a todos os galegos e galegas para que sigan mantendo a unidade e o consenso de cara a recuperar canto antes a \u201cnormalidade extraordinaria\u201d dunha Galicia que \u201cse axuda cando m\u00e1is falta fai e se mant\u00e9n unida cando as cousas ve\u00f1en mal\u201d e que, lonxe da confrontaci\u00f3n, traballa \u201cdesde a humildade\u201d para afrontar os retos que ten por diante\u201d.\" \/>\n<meta name=\"robots\" content=\"index, follow, max-snippet:-1, max-image-preview:large, max-video-preview:-1\" \/>\n<link rel=\"canonical\" href=\"https:\/\/ppdegalicia.com\/es\/alfonso-rueda-apela-a-recuperacion-da-normalidade-extraordinaria-de-galicia-facendo-un-chamamento-a-unidade-e-o-consenso-traballaremos-para-seguir-axudando-a-xente-cando-de-verdad\/\" \/>\n<meta property=\"og:locale\" content=\"es_ES\" \/>\n<meta property=\"og:type\" content=\"article\" \/>\n<meta property=\"og:title\" content=\"Alfonso Rueda apela \u00e1 recuperaci\u00f3n da \u201cnormalidade extraordinaria\u201d de Galicia facendo un chamamento \u00e1 unidade e o consenso: &quot;Traballaremos para seguir axudando \u00e1 xente cando de verdade o necesita&quot; - PP de Galicia\" \/>\n<meta property=\"og:description\" content=\"O presidente do PPdeG, Alfonso Rueda, fai un chamamento colectivo a todos os galegos e galegas para que sigan mantendo a unidade e o consenso de cara a recuperar canto antes a \u201cnormalidade extraordinaria\u201d dunha Galicia que \u201cse axuda cando m\u00e1is falta fai e se mant\u00e9n unida cando as cousas ve\u00f1en mal\u201d e que, lonxe da confrontaci\u00f3n, traballa \u201cdesde a humildade\u201d para afrontar os retos que ten por diante\u201d.\" \/>\n<meta property=\"og:url\" content=\"https:\/\/ppdegalicia.com\/es\/alfonso-rueda-apela-a-recuperacion-da-normalidade-extraordinaria-de-galicia-facendo-un-chamamento-a-unidade-e-o-consenso-traballaremos-para-seguir-axudando-a-xente-cando-de-verdad\/\" \/>\n<meta property=\"og:site_name\" content=\"PP de Galicia\" \/>\n<meta property=\"article:publisher\" content=\"https:\/\/www.instagram.com\/ppdegalicia\/\" \/>\n<meta property=\"article:published_time\" content=\"2025-08-31T12:57:07+00:00\" \/>\n<meta property=\"og:image\" content=\"https:\/\/ppdegalicia.com\/wp-content\/uploads\/2025\/08\/20250831_ARueda_InicioCursoPolitico_2-scaled.jpg\" \/>\n\t<meta property=\"og:image:width\" content=\"2560\" \/>\n\t<meta property=\"og:image:height\" content=\"1707\" \/>\n\t<meta property=\"og:image:type\" content=\"image\/jpeg\" \/>\n<meta name=\"author\" content=\"ppdegaliciaredes\" \/>\n<meta name=\"twitter:card\" content=\"summary_large_image\" \/>\n<meta name=\"twitter:creator\" content=\"@ppdegalicia\" \/>\n<meta name=\"twitter:site\" content=\"@ppdegalicia\" \/>\n<meta name=\"twitter:label1\" content=\"Escrito por\" \/>\n\t<meta name=\"twitter:data1\" content=\"ppdegaliciaredes\" \/>\n\t<meta name=\"twitter:label2\" content=\"Tiempo de lectura\" \/>\n\t<meta name=\"twitter:data2\" content=\"4 minutos\" \/>\n<script type=\"application\/ld+json\" class=\"yoast-schema-graph\">{\"@context\":\"https:\\\/\\\/schema.org\",\"@graph\":[{\"@type\":\"Article\",\"@id\":\"https:\\\/\\\/ppdegalicia.com\\\/es\\\/alfonso-rueda-apela-a-recuperacion-da-normalidade-extraordinaria-de-galicia-facendo-un-chamamento-a-unidade-e-o-consenso-traballaremos-para-seguir-axudando-a-xente-cando-de-verdad\\\/#article\",\"isPartOf\":{\"@id\":\"https:\\\/\\\/ppdegalicia.com\\\/es\\\/alfonso-rueda-apela-a-recuperacion-da-normalidade-extraordinaria-de-galicia-facendo-un-chamamento-a-unidade-e-o-consenso-traballaremos-para-seguir-axudando-a-xente-cando-de-verdad\\\/\"},\"author\":{\"name\":\"ppdegaliciaredes\",\"@id\":\"https:\\\/\\\/ppdegalicia.com\\\/es\\\/#\\\/schema\\\/person\\\/5b822c6f59e872ebdd1142f307dbcb59\"},\"headline\":\"Alfonso Rueda apela \u00e1 recuperaci\u00f3n da \u201cnormalidade extraordinaria\u201d de Galicia facendo un chamamento \u00e1 unidade e o consenso: \u00abTraballaremos para seguir axudando \u00e1 xente cando de verdade o necesita\u00bb\",\"datePublished\":\"2025-08-31T12:57:07+00:00\",\"mainEntityOfPage\":{\"@id\":\"https:\\\/\\\/ppdegalicia.com\\\/es\\\/alfonso-rueda-apela-a-recuperacion-da-normalidade-extraordinaria-de-galicia-facendo-un-chamamento-a-unidade-e-o-consenso-traballaremos-para-seguir-axudando-a-xente-cando-de-verdad\\\/\"},\"wordCount\":676,\"publisher\":{\"@id\":\"https:\\\/\\\/ppdegalicia.com\\\/es\\\/#organization\"},\"image\":{\"@id\":\"https:\\\/\\\/ppdegalicia.com\\\/es\\\/alfonso-rueda-apela-a-recuperacion-da-normalidade-extraordinaria-de-galicia-facendo-un-chamamento-a-unidade-e-o-consenso-traballaremos-para-seguir-axudando-a-xente-cando-de-verdad\\\/#primaryimage\"},\"thumbnailUrl\":\"https:\\\/\\\/ppdegalicia.com\\\/wp-content\\\/uploads\\\/2025\\\/08\\\/20250831_ARueda_InicioCursoPolitico_2-scaled.jpg\",\"articleSection\":[\"PP de Galicia\"],\"inLanguage\":\"es\"},{\"@type\":\"WebPage\",\"@id\":\"https:\\\/\\\/ppdegalicia.com\\\/es\\\/alfonso-rueda-apela-a-recuperacion-da-normalidade-extraordinaria-de-galicia-facendo-un-chamamento-a-unidade-e-o-consenso-traballaremos-para-seguir-axudando-a-xente-cando-de-verdad\\\/\",\"url\":\"https:\\\/\\\/ppdegalicia.com\\\/es\\\/alfonso-rueda-apela-a-recuperacion-da-normalidade-extraordinaria-de-galicia-facendo-un-chamamento-a-unidade-e-o-consenso-traballaremos-para-seguir-axudando-a-xente-cando-de-verdad\\\/\",\"name\":\"Alfonso Rueda apela \u00e1 recuperaci\u00f3n da \u201cnormalidade extraordinaria\u201d de Galicia facendo un chamamento \u00e1 unidade e o consenso: \\\"Traballaremos para seguir axudando \u00e1 xente cando de verdade o necesita\\\" - PP de Galicia\",\"isPartOf\":{\"@id\":\"https:\\\/\\\/ppdegalicia.com\\\/es\\\/#website\"},\"primaryImageOfPage\":{\"@id\":\"https:\\\/\\\/ppdegalicia.com\\\/es\\\/alfonso-rueda-apela-a-recuperacion-da-normalidade-extraordinaria-de-galicia-facendo-un-chamamento-a-unidade-e-o-consenso-traballaremos-para-seguir-axudando-a-xente-cando-de-verdad\\\/#primaryimage\"},\"image\":{\"@id\":\"https:\\\/\\\/ppdegalicia.com\\\/es\\\/alfonso-rueda-apela-a-recuperacion-da-normalidade-extraordinaria-de-galicia-facendo-un-chamamento-a-unidade-e-o-consenso-traballaremos-para-seguir-axudando-a-xente-cando-de-verdad\\\/#primaryimage\"},\"thumbnailUrl\":\"https:\\\/\\\/ppdegalicia.com\\\/wp-content\\\/uploads\\\/2025\\\/08\\\/20250831_ARueda_InicioCursoPolitico_2-scaled.jpg\",\"datePublished\":\"2025-08-31T12:57:07+00:00\",\"description\":\"O presidente do PPdeG, Alfonso Rueda, fai un chamamento colectivo a todos os galegos e galegas para que sigan mantendo a unidade e o consenso de cara a recuperar canto antes a \u201cnormalidade extraordinaria\u201d dunha Galicia que \u201cse axuda cando m\u00e1is falta fai e se mant\u00e9n unida cando as cousas ve\u00f1en mal\u201d e que, lonxe da confrontaci\u00f3n, traballa \u201cdesde a humildade\u201d para afrontar os retos que ten por diante\u201d.\",\"breadcrumb\":{\"@id\":\"https:\\\/\\\/ppdegalicia.com\\\/es\\\/alfonso-rueda-apela-a-recuperacion-da-normalidade-extraordinaria-de-galicia-facendo-un-chamamento-a-unidade-e-o-consenso-traballaremos-para-seguir-axudando-a-xente-cando-de-verdad\\\/#breadcrumb\"},\"inLanguage\":\"es\",\"potentialAction\":[{\"@type\":\"ReadAction\",\"target\":[\"https:\\\/\\\/ppdegalicia.com\\\/es\\\/alfonso-rueda-apela-a-recuperacion-da-normalidade-extraordinaria-de-galicia-facendo-un-chamamento-a-unidade-e-o-consenso-traballaremos-para-seguir-axudando-a-xente-cando-de-verdad\\\/\"]}]},{\"@type\":\"ImageObject\",\"inLanguage\":\"es\",\"@id\":\"https:\\\/\\\/ppdegalicia.com\\\/es\\\/alfonso-rueda-apela-a-recuperacion-da-normalidade-extraordinaria-de-galicia-facendo-un-chamamento-a-unidade-e-o-consenso-traballaremos-para-seguir-axudando-a-xente-cando-de-verdad\\\/#primaryimage\",\"url\":\"https:\\\/\\\/ppdegalicia.com\\\/wp-content\\\/uploads\\\/2025\\\/08\\\/20250831_ARueda_InicioCursoPolitico_2-scaled.jpg\",\"contentUrl\":\"https:\\\/\\\/ppdegalicia.com\\\/wp-content\\\/uploads\\\/2025\\\/08\\\/20250831_ARueda_InicioCursoPolitico_2-scaled.jpg\",\"width\":2560,\"height\":1707},{\"@type\":\"BreadcrumbList\",\"@id\":\"https:\\\/\\\/ppdegalicia.com\\\/es\\\/alfonso-rueda-apela-a-recuperacion-da-normalidade-extraordinaria-de-galicia-facendo-un-chamamento-a-unidade-e-o-consenso-traballaremos-para-seguir-axudando-a-xente-cando-de-verdad\\\/#breadcrumb\",\"itemListElement\":[{\"@type\":\"ListItem\",\"position\":1,\"name\":\"Portada\",\"item\":\"https:\\\/\\\/ppdegalicia.com\\\/es\\\/\"},{\"@type\":\"ListItem\",\"position\":2,\"name\":\"Alfonso Rueda apela \u00e1 recuperaci\u00f3n da \u201cnormalidade extraordinaria\u201d de Galicia facendo un chamamento \u00e1 unidade e o consenso: &#8220;Traballaremos para seguir axudando \u00e1 xente cando de verdade o necesita&#8221;\"}]},{\"@type\":\"WebSite\",\"@id\":\"https:\\\/\\\/ppdegalicia.com\\\/es\\\/#website\",\"url\":\"https:\\\/\\\/ppdegalicia.com\\\/es\\\/\",\"name\":\"Partido Popular de Galicia\",\"description\":\"Partido Popular de Galicia\",\"publisher\":{\"@id\":\"https:\\\/\\\/ppdegalicia.com\\\/es\\\/#organization\"},\"alternateName\":\"PP de Galicia\",\"potentialAction\":[{\"@type\":\"SearchAction\",\"target\":{\"@type\":\"EntryPoint\",\"urlTemplate\":\"https:\\\/\\\/ppdegalicia.com\\\/es\\\/?s={search_term_string}\"},\"query-input\":{\"@type\":\"PropertyValueSpecification\",\"valueRequired\":true,\"valueName\":\"search_term_string\"}}],\"inLanguage\":\"es\"},{\"@type\":\"Organization\",\"@id\":\"https:\\\/\\\/ppdegalicia.com\\\/es\\\/#organization\",\"name\":\"Partido Popular de Galicia\",\"alternateName\":\"PP de Galicia\",\"url\":\"https:\\\/\\\/ppdegalicia.com\\\/es\\\/\",\"logo\":{\"@type\":\"ImageObject\",\"inLanguage\":\"es\",\"@id\":\"https:\\\/\\\/ppdegalicia.com\\\/es\\\/#\\\/schema\\\/logo\\\/image\\\/\",\"url\":\"https:\\\/\\\/ppdegalicia.com\\\/wp-content\\\/uploads\\\/2023\\\/04\\\/logoPP512.png\",\"contentUrl\":\"https:\\\/\\\/ppdegalicia.com\\\/wp-content\\\/uploads\\\/2023\\\/04\\\/logoPP512.png\",\"width\":512,\"height\":512,\"caption\":\"Partido Popular de Galicia\"},\"image\":{\"@id\":\"https:\\\/\\\/ppdegalicia.com\\\/es\\\/#\\\/schema\\\/logo\\\/image\\\/\"},\"sameAs\":[\"https:\\\/\\\/www.instagram.com\\\/ppdegalicia\\\/\",\"https:\\\/\\\/x.com\\\/ppdegalicia\",\"https:\\\/\\\/www.tiktok.com\\\/@ppdegalicia\",\"https:\\\/\\\/www.youtube.com\\\/user\\\/ppdegalicia\"]},{\"@type\":\"Person\",\"@id\":\"https:\\\/\\\/ppdegalicia.com\\\/es\\\/#\\\/schema\\\/person\\\/5b822c6f59e872ebdd1142f307dbcb59\",\"name\":\"ppdegaliciaredes\",\"image\":{\"@type\":\"ImageObject\",\"inLanguage\":\"es\",\"@id\":\"https:\\\/\\\/secure.gravatar.com\\\/avatar\\\/3c9179cf0256d00c72a48d1f25783c58b6842cd56e85ef3a572881c8e28ccd59?s=96&d=mm&r=g\",\"url\":\"https:\\\/\\\/secure.gravatar.com\\\/avatar\\\/3c9179cf0256d00c72a48d1f25783c58b6842cd56e85ef3a572881c8e28ccd59?s=96&d=mm&r=g\",\"contentUrl\":\"https:\\\/\\\/secure.gravatar.com\\\/avatar\\\/3c9179cf0256d00c72a48d1f25783c58b6842cd56e85ef3a572881c8e28ccd59?s=96&d=mm&r=g\",\"caption\":\"ppdegaliciaredes\"},\"url\":\"https:\\\/\\\/ppdegalicia.com\\\/es\\\/author\\\/ppdegaliciaredes\\\/\"}]}<\/script>\n<!-- \/ Yoast SEO plugin. -->","yoast_head_json":{"title":"Alfonso Rueda apela \u00e1 recuperaci\u00f3n da \u201cnormalidade extraordinaria\u201d de Galicia facendo un chamamento \u00e1 unidade e o consenso: \"Traballaremos para seguir axudando \u00e1 xente cando de verdade o necesita\" - PP de Galicia","description":"O presidente do PPdeG, Alfonso Rueda, fai un chamamento colectivo a todos os galegos e galegas para que sigan mantendo a unidade e o consenso de cara a recuperar canto antes a \u201cnormalidade extraordinaria\u201d dunha Galicia que \u201cse axuda cando m\u00e1is falta fai e se mant\u00e9n unida cando as cousas ve\u00f1en mal\u201d e que, lonxe da confrontaci\u00f3n, traballa \u201cdesde a humildade\u201d para afrontar os retos que ten por diante\u201d.","robots":{"index":"index","follow":"follow","max-snippet":"max-snippet:-1","max-image-preview":"max-image-preview:large","max-video-preview":"max-video-preview:-1"},"canonical":"https:\/\/ppdegalicia.com\/es\/alfonso-rueda-apela-a-recuperacion-da-normalidade-extraordinaria-de-galicia-facendo-un-chamamento-a-unidade-e-o-consenso-traballaremos-para-seguir-axudando-a-xente-cando-de-verdad\/","og_locale":"es_ES","og_type":"article","og_title":"Alfonso Rueda apela \u00e1 recuperaci\u00f3n da \u201cnormalidade extraordinaria\u201d de Galicia facendo un chamamento \u00e1 unidade e o consenso: \"Traballaremos para seguir axudando \u00e1 xente cando de verdade o necesita\" - PP de Galicia","og_description":"O presidente do PPdeG, Alfonso Rueda, fai un chamamento colectivo a todos os galegos e galegas para que sigan mantendo a unidade e o consenso de cara a recuperar canto antes a \u201cnormalidade extraordinaria\u201d dunha Galicia que \u201cse axuda cando m\u00e1is falta fai e se mant\u00e9n unida cando as cousas ve\u00f1en mal\u201d e que, lonxe da confrontaci\u00f3n, traballa \u201cdesde a humildade\u201d para afrontar os retos que ten por diante\u201d.","og_url":"https:\/\/ppdegalicia.com\/es\/alfonso-rueda-apela-a-recuperacion-da-normalidade-extraordinaria-de-galicia-facendo-un-chamamento-a-unidade-e-o-consenso-traballaremos-para-seguir-axudando-a-xente-cando-de-verdad\/","og_site_name":"PP de Galicia","article_publisher":"https:\/\/www.instagram.com\/ppdegalicia\/","article_published_time":"2025-08-31T12:57:07+00:00","og_image":[{"width":2560,"height":1707,"url":"https:\/\/ppdegalicia.com\/wp-content\/uploads\/2025\/08\/20250831_ARueda_InicioCursoPolitico_2-scaled.jpg","type":"image\/jpeg"}],"author":"ppdegaliciaredes","twitter_card":"summary_large_image","twitter_creator":"@ppdegalicia","twitter_site":"@ppdegalicia","twitter_misc":{"Escrito por":"ppdegaliciaredes","Tiempo de lectura":"4 minutos"},"schema":{"@context":"https:\/\/schema.org","@graph":[{"@type":"Article","@id":"https:\/\/ppdegalicia.com\/es\/alfonso-rueda-apela-a-recuperacion-da-normalidade-extraordinaria-de-galicia-facendo-un-chamamento-a-unidade-e-o-consenso-traballaremos-para-seguir-axudando-a-xente-cando-de-verdad\/#article","isPartOf":{"@id":"https:\/\/ppdegalicia.com\/es\/alfonso-rueda-apela-a-recuperacion-da-normalidade-extraordinaria-de-galicia-facendo-un-chamamento-a-unidade-e-o-consenso-traballaremos-para-seguir-axudando-a-xente-cando-de-verdad\/"},"author":{"name":"ppdegaliciaredes","@id":"https:\/\/ppdegalicia.com\/es\/#\/schema\/person\/5b822c6f59e872ebdd1142f307dbcb59"},"headline":"Alfonso Rueda apela \u00e1 recuperaci\u00f3n da \u201cnormalidade extraordinaria\u201d de Galicia facendo un chamamento \u00e1 unidade e o consenso: \u00abTraballaremos para seguir axudando \u00e1 xente cando de verdade o necesita\u00bb","datePublished":"2025-08-31T12:57:07+00:00","mainEntityOfPage":{"@id":"https:\/\/ppdegalicia.com\/es\/alfonso-rueda-apela-a-recuperacion-da-normalidade-extraordinaria-de-galicia-facendo-un-chamamento-a-unidade-e-o-consenso-traballaremos-para-seguir-axudando-a-xente-cando-de-verdad\/"},"wordCount":676,"publisher":{"@id":"https:\/\/ppdegalicia.com\/es\/#organization"},"image":{"@id":"https:\/\/ppdegalicia.com\/es\/alfonso-rueda-apela-a-recuperacion-da-normalidade-extraordinaria-de-galicia-facendo-un-chamamento-a-unidade-e-o-consenso-traballaremos-para-seguir-axudando-a-xente-cando-de-verdad\/#primaryimage"},"thumbnailUrl":"https:\/\/ppdegalicia.com\/wp-content\/uploads\/2025\/08\/20250831_ARueda_InicioCursoPolitico_2-scaled.jpg","articleSection":["PP de Galicia"],"inLanguage":"es"},{"@type":"WebPage","@id":"https:\/\/ppdegalicia.com\/es\/alfonso-rueda-apela-a-recuperacion-da-normalidade-extraordinaria-de-galicia-facendo-un-chamamento-a-unidade-e-o-consenso-traballaremos-para-seguir-axudando-a-xente-cando-de-verdad\/","url":"https:\/\/ppdegalicia.com\/es\/alfonso-rueda-apela-a-recuperacion-da-normalidade-extraordinaria-de-galicia-facendo-un-chamamento-a-unidade-e-o-consenso-traballaremos-para-seguir-axudando-a-xente-cando-de-verdad\/","name":"Alfonso Rueda apela \u00e1 recuperaci\u00f3n da \u201cnormalidade extraordinaria\u201d de Galicia facendo un chamamento \u00e1 unidade e o consenso: \"Traballaremos para seguir axudando \u00e1 xente cando de verdade o necesita\" - PP de Galicia","isPartOf":{"@id":"https:\/\/ppdegalicia.com\/es\/#website"},"primaryImageOfPage":{"@id":"https:\/\/ppdegalicia.com\/es\/alfonso-rueda-apela-a-recuperacion-da-normalidade-extraordinaria-de-galicia-facendo-un-chamamento-a-unidade-e-o-consenso-traballaremos-para-seguir-axudando-a-xente-cando-de-verdad\/#primaryimage"},"image":{"@id":"https:\/\/ppdegalicia.com\/es\/alfonso-rueda-apela-a-recuperacion-da-normalidade-extraordinaria-de-galicia-facendo-un-chamamento-a-unidade-e-o-consenso-traballaremos-para-seguir-axudando-a-xente-cando-de-verdad\/#primaryimage"},"thumbnailUrl":"https:\/\/ppdegalicia.com\/wp-content\/uploads\/2025\/08\/20250831_ARueda_InicioCursoPolitico_2-scaled.jpg","datePublished":"2025-08-31T12:57:07+00:00","description":"O presidente do PPdeG, Alfonso Rueda, fai un chamamento colectivo a todos os galegos e galegas para que sigan mantendo a unidade e o consenso de cara a recuperar canto antes a \u201cnormalidade extraordinaria\u201d dunha Galicia que \u201cse axuda cando m\u00e1is falta fai e se mant\u00e9n unida cando as cousas ve\u00f1en mal\u201d e que, lonxe da confrontaci\u00f3n, traballa \u201cdesde a humildade\u201d para afrontar os retos que ten por diante\u201d.","breadcrumb":{"@id":"https:\/\/ppdegalicia.com\/es\/alfonso-rueda-apela-a-recuperacion-da-normalidade-extraordinaria-de-galicia-facendo-un-chamamento-a-unidade-e-o-consenso-traballaremos-para-seguir-axudando-a-xente-cando-de-verdad\/#breadcrumb"},"inLanguage":"es","potentialAction":[{"@type":"ReadAction","target":["https:\/\/ppdegalicia.com\/es\/alfonso-rueda-apela-a-recuperacion-da-normalidade-extraordinaria-de-galicia-facendo-un-chamamento-a-unidade-e-o-consenso-traballaremos-para-seguir-axudando-a-xente-cando-de-verdad\/"]}]},{"@type":"ImageObject","inLanguage":"es","@id":"https:\/\/ppdegalicia.com\/es\/alfonso-rueda-apela-a-recuperacion-da-normalidade-extraordinaria-de-galicia-facendo-un-chamamento-a-unidade-e-o-consenso-traballaremos-para-seguir-axudando-a-xente-cando-de-verdad\/#primaryimage","url":"https:\/\/ppdegalicia.com\/wp-content\/uploads\/2025\/08\/20250831_ARueda_InicioCursoPolitico_2-scaled.jpg","contentUrl":"https:\/\/ppdegalicia.com\/wp-content\/uploads\/2025\/08\/20250831_ARueda_InicioCursoPolitico_2-scaled.jpg","width":2560,"height":1707},{"@type":"BreadcrumbList","@id":"https:\/\/ppdegalicia.com\/es\/alfonso-rueda-apela-a-recuperacion-da-normalidade-extraordinaria-de-galicia-facendo-un-chamamento-a-unidade-e-o-consenso-traballaremos-para-seguir-axudando-a-xente-cando-de-verdad\/#breadcrumb","itemListElement":[{"@type":"ListItem","position":1,"name":"Portada","item":"https:\/\/ppdegalicia.com\/es\/"},{"@type":"ListItem","position":2,"name":"Alfonso Rueda apela \u00e1 recuperaci\u00f3n da \u201cnormalidade extraordinaria\u201d de Galicia facendo un chamamento \u00e1 unidade e o consenso: &#8220;Traballaremos para seguir axudando \u00e1 xente cando de verdade o necesita&#8221;"}]},{"@type":"WebSite","@id":"https:\/\/ppdegalicia.com\/es\/#website","url":"https:\/\/ppdegalicia.com\/es\/","name":"Partido Popular de Galicia","description":"Partido Popular de Galicia","publisher":{"@id":"https:\/\/ppdegalicia.com\/es\/#organization"},"alternateName":"PP de Galicia","potentialAction":[{"@type":"SearchAction","target":{"@type":"EntryPoint","urlTemplate":"https:\/\/ppdegalicia.com\/es\/?s={search_term_string}"},"query-input":{"@type":"PropertyValueSpecification","valueRequired":true,"valueName":"search_term_string"}}],"inLanguage":"es"},{"@type":"Organization","@id":"https:\/\/ppdegalicia.com\/es\/#organization","name":"Partido Popular de Galicia","alternateName":"PP de Galicia","url":"https:\/\/ppdegalicia.com\/es\/","logo":{"@type":"ImageObject","inLanguage":"es","@id":"https:\/\/ppdegalicia.com\/es\/#\/schema\/logo\/image\/","url":"https:\/\/ppdegalicia.com\/wp-content\/uploads\/2023\/04\/logoPP512.png","contentUrl":"https:\/\/ppdegalicia.com\/wp-content\/uploads\/2023\/04\/logoPP512.png","width":512,"height":512,"caption":"Partido Popular de Galicia"},"image":{"@id":"https:\/\/ppdegalicia.com\/es\/#\/schema\/logo\/image\/"},"sameAs":["https:\/\/www.instagram.com\/ppdegalicia\/","https:\/\/x.com\/ppdegalicia","https:\/\/www.tiktok.com\/@ppdegalicia","https:\/\/www.youtube.com\/user\/ppdegalicia"]},{"@type":"Person","@id":"https:\/\/ppdegalicia.com\/es\/#\/schema\/person\/5b822c6f59e872ebdd1142f307dbcb59","name":"ppdegaliciaredes","image":{"@type":"ImageObject","inLanguage":"es","@id":"https:\/\/secure.gravatar.com\/avatar\/3c9179cf0256d00c72a48d1f25783c58b6842cd56e85ef3a572881c8e28ccd59?s=96&d=mm&r=g","url":"https:\/\/secure.gravatar.com\/avatar\/3c9179cf0256d00c72a48d1f25783c58b6842cd56e85ef3a572881c8e28ccd59?s=96&d=mm&r=g","contentUrl":"https:\/\/secure.gravatar.com\/avatar\/3c9179cf0256d00c72a48d1f25783c58b6842cd56e85ef3a572881c8e28ccd59?s=96&d=mm&r=g","caption":"ppdegaliciaredes"},"url":"https:\/\/ppdegalicia.com\/es\/author\/ppdegaliciaredes\/"}]}},"_links":{"self":[{"href":"https:\/\/ppdegalicia.com\/es\/wp-json\/wp\/v2\/posts\/67988","targetHints":{"allow":["GET"]}}],"collection":[{"href":"https:\/\/ppdegalicia.com\/es\/wp-json\/wp\/v2\/posts"}],"about":[{"href":"https:\/\/ppdegalicia.com\/es\/wp-json\/wp\/v2\/types\/post"}],"author":[{"embeddable":true,"href":"https:\/\/ppdegalicia.com\/es\/wp-json\/wp\/v2\/users\/38"}],"replies":[{"embeddable":true,"href":"https:\/\/ppdegalicia.com\/es\/wp-json\/wp\/v2\/comments?post=67988"}],"version-history":[{"count":1,"href":"https:\/\/ppdegalicia.com\/es\/wp-json\/wp\/v2\/posts\/67988\/revisions"}],"predecessor-version":[{"id":67991,"href":"https:\/\/ppdegalicia.com\/es\/wp-json\/wp\/v2\/posts\/67988\/revisions\/67991"}],"wp:featuredmedia":[{"embeddable":true,"href":"https:\/\/ppdegalicia.com\/es\/wp-json\/wp\/v2\/media\/67989"}],"wp:attachment":[{"href":"https:\/\/ppdegalicia.com\/es\/wp-json\/wp\/v2\/media?parent=67988"}],"wp:term":[{"taxonomy":"category","embeddable":true,"href":"https:\/\/ppdegalicia.com\/es\/wp-json\/wp\/v2\/categories?post=67988"},{"taxonomy":"post_tag","embeddable":true,"href":"https:\/\/ppdegalicia.com\/es\/wp-json\/wp\/v2\/tags?post=67988"}],"curies":[{"name":"wp","href":"https:\/\/api.w.org\/{rel}","templated":true}]}}