{"id":68930,"date":"2025-11-11T11:45:19","date_gmt":"2025-11-11T10:45:19","guid":{"rendered":"https:\/\/ppdegalicia.com\/?p=68930"},"modified":"2025-11-11T11:45:19","modified_gmt":"2025-11-11T10:45:19","slug":"paula-prado-asiste-a-la-intervencion-de-miguel-tellado-en-el-desayuno-informativo-del-forum-europa","status":"publish","type":"post","link":"https:\/\/ppdegalicia.com\/es\/paula-prado-asiste-a-la-intervencion-de-miguel-tellado-en-el-desayuno-informativo-del-forum-europa\/","title":{"rendered":"Paula Prado asiste a la intervenci\u00f3n de Miguel Tellado en el desayuno informativo del F\u00f3rum Europa"},"content":{"rendered":"<p>La secretaria general del PPdeG, Paula Prado, asisti\u00f3 esta ma\u00f1ana a la intervenci\u00f3n del secretario general del PP, Miguel Tellado, en el desayuno informativo del F\u00f3rum Europa celebrado en Madrid.<\/p>\n<p>Una intervenci\u00f3n en la que Tellado anunci\u00f3 el mayor plan de regeneraci\u00f3n desde la Transici\u00f3n para abrir una \u201cetapa luminosa\u201d en Espa\u00f1a con Feij\u00f3o como \u201cmejor capit\u00e1n\u201d.<\/p>\n<p>En este sentido explic\u00f3 que el PP tiene una misi\u00f3n hist\u00f3rica de pa\u00eds para reconstruir todo lo que S\u00e1nchez ha destruido en una etapa \u201cdestituyente\u201d marcada por el ataque al sistema de libertades y que ha convertido a Espa\u00f1a en una \u201canomal\u00eda mundial\u201d con el juicio al FGE. \u201cLa pr\u00f3xima legislatura ha de ser la reconstituyente\u201d, subray\u00f3.<\/p>\n<p>Se\u00f1al\u00f3 que no basta \u201ccon denunciar el desastre: hay que ofrecer un camino nuevo\u201d y apuesta as\u00ed por llevar \u201cla v\u00eda Feij\u00f3o a La Moncloa para abrir \u201cuna etapa luminosa\u201d. \u201cNo queremos parecernos a lo que hay ahora, queremos que la pol\u00edtica nacional se parezca a lo que representa Feij\u00f3o\u201d, sentenci\u00f3.<\/p>\n<p>Afirm\u00f3 que \u201cS\u00e1nchez ha hecho de la corrupci\u00f3n su forma de vida\u201d y se pregunta \u201cc\u00f3mo es posible que un personaje como Koldo tuviera esa influencia total en los presidentes auton\u00f3micos del PSOE\u201d.<\/p>\n<p>\u201cAcabar con el sanchismo no es cambiar un gobierno por otro. Es desterrar una forma de hacer pol\u00edtica divisiva y antidemocr\u00e1tica para volver a la senda del verdadero progreso, las reformas, la defensa de la igualdad y de la libertad, el refuerzo de la uni\u00f3n entre espa\u00f1oles\u201d, destac\u00f3.<\/p>\n<p>Explic\u00f3 que el gobierno de Feij\u00f3o aprobar\u00e1 el mayor plan de regeneraci\u00f3n institucional desde la Transici\u00f3n para blindar la separaci\u00f3n de poderes, restaurar la igualdad ante la ley, garantizar la independencia de las instituciones y aplicar una pol\u00edtica de inmigraci\u00f3n firme que acabe con el descontrol<\/p>\n<p>Asegur\u00f3 que el PP revertir\u00e1 los sablazos fiscales de S\u00e1nchez, reconstruir\u00e1 las clases medias, dar\u00e1 la vuelta a la nefasta pol\u00edtica de vivienda, extender\u00e1 la vida \u00fatil de las centrales nucleares, ayudar\u00e1 al sector primario y garantizar\u00e1 la igualdad en el sistema de financiaci\u00f3n auton\u00f3mica.<\/p>\n<p>Apuest\u00f3 por un Gobierno que \u201crecupere la reputaci\u00f3n internacional\u201d para que \u201cla inversi\u00f3n extranjera vuelva a mirar con confianza a Espa\u00f1a\u201d, un \u201cGobierno que gestione y deje de ser en s\u00ed mismo un problema\u201d.<\/p>\n<p>Denunci\u00f3 que este Gobierno ha perpetrado \u201clos mayores ataques a la igualdad ante la ley\u201d cambiando el C\u00f3digo Penal a la medida de sus socios, concediendo indultos y amnist\u00edas a pol\u00edticos condenados por grav\u00edsimos delitos con el objetivo de comprar, a cambio, el apoyo de dichos pol\u00edticos.<\/p>\n<p>Record\u00f3 que S\u00e1nchez prometi\u00f3 no pactar nunca con la extrema izquierda populista y ha convertido a Arnaldo Otegi en un \u201cinterlocutor v\u00e1lido y un socio preferente\u201d, \u201cun condenado por terrorismo que lo \u00fanico que merece es el desprecio vitalicio de la sociedad espa\u00f1ola\u00bb.<\/p>\n<p>Apunt\u00f3 que S\u00e1nchez ha hecho de \u201cla divisi\u00f3n social su combustible\u201d. \u201cHa llevado a cabo la mayor invasi\u00f3n de las instituciones, de RTVE a la CNMC, CIS, TC, Banco de Espa\u00f1a, Consejo de Estado, Abogac\u00eda del Estado, Correos, Paradores, Enusa, Indra, Red El\u00e9ctrica y la Fiscal\u00eda General, hasta convertirla en un mero tent\u00e1culo de su entramado corrupto\u201d<\/p>\n<p>Sostiene que S\u00e1nchez se ha convertido en \u201cun peligro\u201d para Espa\u00f1a que ha declarado su voluntad de gobernar contra el Parlamento y ha dilapidado el principio de igualdad en el reparto de los recursos p\u00fablicos. \u201cLleva toda la legislatura sin Presupuestos Generales del Estado y pretende agotarla sin ellos. Tampoco de esto hay ning\u00fan precedente\u201d, adelant\u00f3.<\/p>\n<p>Argumenta en el terreno econ\u00f3mico que S\u00e1nchez ha subido un centenar de veces los impuestos y las cotizaciones a familias, aut\u00f3nomos y emprendedores, se han disparado los precios, en especial los de la vivienda y los productos b\u00e1sicos, asfixiando a los hogares espa\u00f1oles: \u201cLa cesta de la compra es hoy un 40% m\u00e1s cara que en 2018\u201d<\/p>\n<p>Apunt\u00f3 tambi\u00e9n que esta forma de gobernar ha llevado al l\u00edmite la paciencia de los espa\u00f1oles. \u201cUn Gobierno que no solo ha mentido con impunidad, sino que ha hecho del enga\u00f1o una herramienta pol\u00edtica de gobernar\u201d y que ha utilizado \u201clas instituciones como instrumentos personales, atacando a jueces, medios y ciudadanos\u201d.<\/p>\n<p>Denunci\u00f3 por \u00faltimo que RTVE se ha convertido en \u201cuna especie de Nodo al servicio del C\u00e9sar\u201d y adelanta que el PP defiende que tiene que volver a \u201clos c\u00e1nones de servicio p\u00fablico y alejarla del servicio partidista manoseado por el Gobierno\u201d.<\/p>\n","protected":false},"excerpt":{"rendered":"<p>La secretaria general del PPdeG, Paula Prado, asisti\u00f3 esta ma\u00f1ana a la intervenci\u00f3n del secretario general del PP, Miguel Tellado, en el desayuno informativo del F\u00f3rum Europa celebrado en Madrid. Una intervenci\u00f3n en la que Tellado anunci\u00f3 el mayor plan de regeneraci\u00f3n desde la Transici\u00f3n para abrir una \u201cetapa luminosa\u201d en Espa\u00f1a con Feij\u00f3o como [&hellip;]<\/p>\n","protected":false},"author":38,"featured_media":68931,"comment_status":"closed","ping_status":"open","sticky":false,"template":"","format":"standard","meta":{"_acf_changed":false,"footnotes":""},"categories":[1],"tags":[],"class_list":["post-68930","post","type-post","status-publish","format-standard","has-post-thumbnail","hentry","category-pp-de-galicia"],"acf":[],"yoast_head":"<!-- This site is optimized with the Yoast SEO plugin v27.3 - https:\/\/yoast.com\/product\/yoast-seo-wordpress\/ -->\n<title>Paula Prado asiste a la intervenci\u00f3n de Miguel Tellado en el desayuno informativo del F\u00f3rum Europa - PP de Galicia<\/title>\n<meta name=\"description\" content=\"La secretaria general del PPdeG, Paula Prado, asisti\u00f3 esta ma\u00f1ana a la intervenci\u00f3n del secretario general del PP, Miguel Tellado, en el desayuno informativo del F\u00f3rum Europa celebrado en Madrid.\" \/>\n<meta name=\"robots\" content=\"index, follow, max-snippet:-1, max-image-preview:large, max-video-preview:-1\" \/>\n<link rel=\"canonical\" href=\"https:\/\/ppdegalicia.com\/es\/paula-prado-asiste-a-la-intervencion-de-miguel-tellado-en-el-desayuno-informativo-del-forum-europa\/\" \/>\n<meta property=\"og:locale\" content=\"es_ES\" \/>\n<meta property=\"og:type\" content=\"article\" \/>\n<meta property=\"og:title\" content=\"Paula Prado asiste a la intervenci\u00f3n de Miguel Tellado en el desayuno informativo del F\u00f3rum Europa - PP de Galicia\" \/>\n<meta property=\"og:description\" content=\"La secretaria general del PPdeG, Paula Prado, asisti\u00f3 esta ma\u00f1ana a la intervenci\u00f3n del secretario general del PP, Miguel Tellado, en el desayuno informativo del F\u00f3rum Europa celebrado en Madrid.\" \/>\n<meta property=\"og:url\" content=\"https:\/\/ppdegalicia.com\/es\/paula-prado-asiste-a-la-intervencion-de-miguel-tellado-en-el-desayuno-informativo-del-forum-europa\/\" \/>\n<meta property=\"og:site_name\" content=\"PP de Galicia\" \/>\n<meta property=\"article:publisher\" content=\"https:\/\/www.instagram.com\/ppdegalicia\/\" \/>\n<meta property=\"article:published_time\" content=\"2025-11-11T10:45:19+00:00\" \/>\n<meta property=\"og:image\" content=\"https:\/\/ppdegalicia.com\/wp-content\/uploads\/2025\/11\/IMG_2924-scaled.jpg\" \/>\n\t<meta property=\"og:image:width\" content=\"2560\" \/>\n\t<meta property=\"og:image:height\" content=\"1920\" \/>\n\t<meta property=\"og:image:type\" content=\"image\/jpeg\" \/>\n<meta name=\"author\" content=\"ppdegaliciaredes\" \/>\n<meta name=\"twitter:card\" content=\"summary_large_image\" \/>\n<meta name=\"twitter:creator\" content=\"@ppdegalicia\" \/>\n<meta name=\"twitter:site\" content=\"@ppdegalicia\" \/>\n<meta name=\"twitter:label1\" content=\"Escrito por\" \/>\n\t<meta name=\"twitter:data1\" content=\"ppdegaliciaredes\" \/>\n\t<meta name=\"twitter:label2\" content=\"Tiempo de lectura\" \/>\n\t<meta name=\"twitter:data2\" content=\"5 minutos\" \/>\n<script type=\"application\/ld+json\" class=\"yoast-schema-graph\">{\"@context\":\"https:\\\/\\\/schema.org\",\"@graph\":[{\"@type\":\"Article\",\"@id\":\"https:\\\/\\\/ppdegalicia.com\\\/es\\\/paula-prado-asiste-a-la-intervencion-de-miguel-tellado-en-el-desayuno-informativo-del-forum-europa\\\/#article\",\"isPartOf\":{\"@id\":\"https:\\\/\\\/ppdegalicia.com\\\/es\\\/paula-prado-asiste-a-la-intervencion-de-miguel-tellado-en-el-desayuno-informativo-del-forum-europa\\\/\"},\"author\":{\"name\":\"ppdegaliciaredes\",\"@id\":\"https:\\\/\\\/ppdegalicia.com\\\/es\\\/#\\\/schema\\\/person\\\/5b822c6f59e872ebdd1142f307dbcb59\"},\"headline\":\"Paula Prado asiste a la intervenci\u00f3n de Miguel Tellado en el desayuno informativo del F\u00f3rum Europa\",\"datePublished\":\"2025-11-11T10:45:19+00:00\",\"mainEntityOfPage\":{\"@id\":\"https:\\\/\\\/ppdegalicia.com\\\/es\\\/paula-prado-asiste-a-la-intervencion-de-miguel-tellado-en-el-desayuno-informativo-del-forum-europa\\\/\"},\"wordCount\":816,\"publisher\":{\"@id\":\"https:\\\/\\\/ppdegalicia.com\\\/es\\\/#organization\"},\"image\":{\"@id\":\"https:\\\/\\\/ppdegalicia.com\\\/es\\\/paula-prado-asiste-a-la-intervencion-de-miguel-tellado-en-el-desayuno-informativo-del-forum-europa\\\/#primaryimage\"},\"thumbnailUrl\":\"https:\\\/\\\/ppdegalicia.com\\\/wp-content\\\/uploads\\\/2025\\\/11\\\/IMG_2924-scaled.jpg\",\"articleSection\":[\"PP de Galicia\"],\"inLanguage\":\"es\"},{\"@type\":\"WebPage\",\"@id\":\"https:\\\/\\\/ppdegalicia.com\\\/es\\\/paula-prado-asiste-a-la-intervencion-de-miguel-tellado-en-el-desayuno-informativo-del-forum-europa\\\/\",\"url\":\"https:\\\/\\\/ppdegalicia.com\\\/es\\\/paula-prado-asiste-a-la-intervencion-de-miguel-tellado-en-el-desayuno-informativo-del-forum-europa\\\/\",\"name\":\"Paula Prado asiste a la intervenci\u00f3n de Miguel Tellado en el desayuno informativo del F\u00f3rum Europa - PP de Galicia\",\"isPartOf\":{\"@id\":\"https:\\\/\\\/ppdegalicia.com\\\/es\\\/#website\"},\"primaryImageOfPage\":{\"@id\":\"https:\\\/\\\/ppdegalicia.com\\\/es\\\/paula-prado-asiste-a-la-intervencion-de-miguel-tellado-en-el-desayuno-informativo-del-forum-europa\\\/#primaryimage\"},\"image\":{\"@id\":\"https:\\\/\\\/ppdegalicia.com\\\/es\\\/paula-prado-asiste-a-la-intervencion-de-miguel-tellado-en-el-desayuno-informativo-del-forum-europa\\\/#primaryimage\"},\"thumbnailUrl\":\"https:\\\/\\\/ppdegalicia.com\\\/wp-content\\\/uploads\\\/2025\\\/11\\\/IMG_2924-scaled.jpg\",\"datePublished\":\"2025-11-11T10:45:19+00:00\",\"description\":\"La secretaria general del PPdeG, Paula Prado, asisti\u00f3 esta ma\u00f1ana a la intervenci\u00f3n del secretario general del PP, Miguel Tellado, en el desayuno informativo del F\u00f3rum Europa celebrado en Madrid.\",\"breadcrumb\":{\"@id\":\"https:\\\/\\\/ppdegalicia.com\\\/es\\\/paula-prado-asiste-a-la-intervencion-de-miguel-tellado-en-el-desayuno-informativo-del-forum-europa\\\/#breadcrumb\"},\"inLanguage\":\"es\",\"potentialAction\":[{\"@type\":\"ReadAction\",\"target\":[\"https:\\\/\\\/ppdegalicia.com\\\/es\\\/paula-prado-asiste-a-la-intervencion-de-miguel-tellado-en-el-desayuno-informativo-del-forum-europa\\\/\"]}]},{\"@type\":\"ImageObject\",\"inLanguage\":\"es\",\"@id\":\"https:\\\/\\\/ppdegalicia.com\\\/es\\\/paula-prado-asiste-a-la-intervencion-de-miguel-tellado-en-el-desayuno-informativo-del-forum-europa\\\/#primaryimage\",\"url\":\"https:\\\/\\\/ppdegalicia.com\\\/wp-content\\\/uploads\\\/2025\\\/11\\\/IMG_2924-scaled.jpg\",\"contentUrl\":\"https:\\\/\\\/ppdegalicia.com\\\/wp-content\\\/uploads\\\/2025\\\/11\\\/IMG_2924-scaled.jpg\",\"width\":2560,\"height\":1920},{\"@type\":\"BreadcrumbList\",\"@id\":\"https:\\\/\\\/ppdegalicia.com\\\/es\\\/paula-prado-asiste-a-la-intervencion-de-miguel-tellado-en-el-desayuno-informativo-del-forum-europa\\\/#breadcrumb\",\"itemListElement\":[{\"@type\":\"ListItem\",\"position\":1,\"name\":\"Portada\",\"item\":\"https:\\\/\\\/ppdegalicia.com\\\/es\\\/\"},{\"@type\":\"ListItem\",\"position\":2,\"name\":\"Paula Prado asiste a la intervenci\u00f3n de Miguel Tellado en el desayuno informativo del F\u00f3rum Europa\"}]},{\"@type\":\"WebSite\",\"@id\":\"https:\\\/\\\/ppdegalicia.com\\\/es\\\/#website\",\"url\":\"https:\\\/\\\/ppdegalicia.com\\\/es\\\/\",\"name\":\"Partido Popular de Galicia\",\"description\":\"Partido Popular de Galicia\",\"publisher\":{\"@id\":\"https:\\\/\\\/ppdegalicia.com\\\/es\\\/#organization\"},\"alternateName\":\"PP de Galicia\",\"potentialAction\":[{\"@type\":\"SearchAction\",\"target\":{\"@type\":\"EntryPoint\",\"urlTemplate\":\"https:\\\/\\\/ppdegalicia.com\\\/es\\\/?s={search_term_string}\"},\"query-input\":{\"@type\":\"PropertyValueSpecification\",\"valueRequired\":true,\"valueName\":\"search_term_string\"}}],\"inLanguage\":\"es\"},{\"@type\":\"Organization\",\"@id\":\"https:\\\/\\\/ppdegalicia.com\\\/es\\\/#organization\",\"name\":\"Partido Popular de Galicia\",\"alternateName\":\"PP de Galicia\",\"url\":\"https:\\\/\\\/ppdegalicia.com\\\/es\\\/\",\"logo\":{\"@type\":\"ImageObject\",\"inLanguage\":\"es\",\"@id\":\"https:\\\/\\\/ppdegalicia.com\\\/es\\\/#\\\/schema\\\/logo\\\/image\\\/\",\"url\":\"https:\\\/\\\/ppdegalicia.com\\\/wp-content\\\/uploads\\\/2023\\\/04\\\/logoPP512.png\",\"contentUrl\":\"https:\\\/\\\/ppdegalicia.com\\\/wp-content\\\/uploads\\\/2023\\\/04\\\/logoPP512.png\",\"width\":512,\"height\":512,\"caption\":\"Partido Popular de Galicia\"},\"image\":{\"@id\":\"https:\\\/\\\/ppdegalicia.com\\\/es\\\/#\\\/schema\\\/logo\\\/image\\\/\"},\"sameAs\":[\"https:\\\/\\\/www.instagram.com\\\/ppdegalicia\\\/\",\"https:\\\/\\\/x.com\\\/ppdegalicia\",\"https:\\\/\\\/www.tiktok.com\\\/@ppdegalicia\",\"https:\\\/\\\/www.youtube.com\\\/user\\\/ppdegalicia\"]},{\"@type\":\"Person\",\"@id\":\"https:\\\/\\\/ppdegalicia.com\\\/es\\\/#\\\/schema\\\/person\\\/5b822c6f59e872ebdd1142f307dbcb59\",\"name\":\"ppdegaliciaredes\",\"image\":{\"@type\":\"ImageObject\",\"inLanguage\":\"es\",\"@id\":\"https:\\\/\\\/secure.gravatar.com\\\/avatar\\\/3c9179cf0256d00c72a48d1f25783c58b6842cd56e85ef3a572881c8e28ccd59?s=96&d=mm&r=g\",\"url\":\"https:\\\/\\\/secure.gravatar.com\\\/avatar\\\/3c9179cf0256d00c72a48d1f25783c58b6842cd56e85ef3a572881c8e28ccd59?s=96&d=mm&r=g\",\"contentUrl\":\"https:\\\/\\\/secure.gravatar.com\\\/avatar\\\/3c9179cf0256d00c72a48d1f25783c58b6842cd56e85ef3a572881c8e28ccd59?s=96&d=mm&r=g\",\"caption\":\"ppdegaliciaredes\"},\"url\":\"https:\\\/\\\/ppdegalicia.com\\\/es\\\/author\\\/ppdegaliciaredes\\\/\"}]}<\/script>\n<!-- \/ Yoast SEO plugin. -->","yoast_head_json":{"title":"Paula Prado asiste a la intervenci\u00f3n de Miguel Tellado en el desayuno informativo del F\u00f3rum Europa - PP de Galicia","description":"La secretaria general del PPdeG, Paula Prado, asisti\u00f3 esta ma\u00f1ana a la intervenci\u00f3n del secretario general del PP, Miguel Tellado, en el desayuno informativo del F\u00f3rum Europa celebrado en Madrid.","robots":{"index":"index","follow":"follow","max-snippet":"max-snippet:-1","max-image-preview":"max-image-preview:large","max-video-preview":"max-video-preview:-1"},"canonical":"https:\/\/ppdegalicia.com\/es\/paula-prado-asiste-a-la-intervencion-de-miguel-tellado-en-el-desayuno-informativo-del-forum-europa\/","og_locale":"es_ES","og_type":"article","og_title":"Paula Prado asiste a la intervenci\u00f3n de Miguel Tellado en el desayuno informativo del F\u00f3rum Europa - PP de Galicia","og_description":"La secretaria general del PPdeG, Paula Prado, asisti\u00f3 esta ma\u00f1ana a la intervenci\u00f3n del secretario general del PP, Miguel Tellado, en el desayuno informativo del F\u00f3rum Europa celebrado en Madrid.","og_url":"https:\/\/ppdegalicia.com\/es\/paula-prado-asiste-a-la-intervencion-de-miguel-tellado-en-el-desayuno-informativo-del-forum-europa\/","og_site_name":"PP de Galicia","article_publisher":"https:\/\/www.instagram.com\/ppdegalicia\/","article_published_time":"2025-11-11T10:45:19+00:00","og_image":[{"width":2560,"height":1920,"url":"https:\/\/ppdegalicia.com\/wp-content\/uploads\/2025\/11\/IMG_2924-scaled.jpg","type":"image\/jpeg"}],"author":"ppdegaliciaredes","twitter_card":"summary_large_image","twitter_creator":"@ppdegalicia","twitter_site":"@ppdegalicia","twitter_misc":{"Escrito por":"ppdegaliciaredes","Tiempo de lectura":"5 minutos"},"schema":{"@context":"https:\/\/schema.org","@graph":[{"@type":"Article","@id":"https:\/\/ppdegalicia.com\/es\/paula-prado-asiste-a-la-intervencion-de-miguel-tellado-en-el-desayuno-informativo-del-forum-europa\/#article","isPartOf":{"@id":"https:\/\/ppdegalicia.com\/es\/paula-prado-asiste-a-la-intervencion-de-miguel-tellado-en-el-desayuno-informativo-del-forum-europa\/"},"author":{"name":"ppdegaliciaredes","@id":"https:\/\/ppdegalicia.com\/es\/#\/schema\/person\/5b822c6f59e872ebdd1142f307dbcb59"},"headline":"Paula Prado asiste a la intervenci\u00f3n de Miguel Tellado en el desayuno informativo del F\u00f3rum Europa","datePublished":"2025-11-11T10:45:19+00:00","mainEntityOfPage":{"@id":"https:\/\/ppdegalicia.com\/es\/paula-prado-asiste-a-la-intervencion-de-miguel-tellado-en-el-desayuno-informativo-del-forum-europa\/"},"wordCount":816,"publisher":{"@id":"https:\/\/ppdegalicia.com\/es\/#organization"},"image":{"@id":"https:\/\/ppdegalicia.com\/es\/paula-prado-asiste-a-la-intervencion-de-miguel-tellado-en-el-desayuno-informativo-del-forum-europa\/#primaryimage"},"thumbnailUrl":"https:\/\/ppdegalicia.com\/wp-content\/uploads\/2025\/11\/IMG_2924-scaled.jpg","articleSection":["PP de Galicia"],"inLanguage":"es"},{"@type":"WebPage","@id":"https:\/\/ppdegalicia.com\/es\/paula-prado-asiste-a-la-intervencion-de-miguel-tellado-en-el-desayuno-informativo-del-forum-europa\/","url":"https:\/\/ppdegalicia.com\/es\/paula-prado-asiste-a-la-intervencion-de-miguel-tellado-en-el-desayuno-informativo-del-forum-europa\/","name":"Paula Prado asiste a la intervenci\u00f3n de Miguel Tellado en el desayuno informativo del F\u00f3rum Europa - PP de Galicia","isPartOf":{"@id":"https:\/\/ppdegalicia.com\/es\/#website"},"primaryImageOfPage":{"@id":"https:\/\/ppdegalicia.com\/es\/paula-prado-asiste-a-la-intervencion-de-miguel-tellado-en-el-desayuno-informativo-del-forum-europa\/#primaryimage"},"image":{"@id":"https:\/\/ppdegalicia.com\/es\/paula-prado-asiste-a-la-intervencion-de-miguel-tellado-en-el-desayuno-informativo-del-forum-europa\/#primaryimage"},"thumbnailUrl":"https:\/\/ppdegalicia.com\/wp-content\/uploads\/2025\/11\/IMG_2924-scaled.jpg","datePublished":"2025-11-11T10:45:19+00:00","description":"La secretaria general del PPdeG, Paula Prado, asisti\u00f3 esta ma\u00f1ana a la intervenci\u00f3n del secretario general del PP, Miguel Tellado, en el desayuno informativo del F\u00f3rum Europa celebrado en Madrid.","breadcrumb":{"@id":"https:\/\/ppdegalicia.com\/es\/paula-prado-asiste-a-la-intervencion-de-miguel-tellado-en-el-desayuno-informativo-del-forum-europa\/#breadcrumb"},"inLanguage":"es","potentialAction":[{"@type":"ReadAction","target":["https:\/\/ppdegalicia.com\/es\/paula-prado-asiste-a-la-intervencion-de-miguel-tellado-en-el-desayuno-informativo-del-forum-europa\/"]}]},{"@type":"ImageObject","inLanguage":"es","@id":"https:\/\/ppdegalicia.com\/es\/paula-prado-asiste-a-la-intervencion-de-miguel-tellado-en-el-desayuno-informativo-del-forum-europa\/#primaryimage","url":"https:\/\/ppdegalicia.com\/wp-content\/uploads\/2025\/11\/IMG_2924-scaled.jpg","contentUrl":"https:\/\/ppdegalicia.com\/wp-content\/uploads\/2025\/11\/IMG_2924-scaled.jpg","width":2560,"height":1920},{"@type":"BreadcrumbList","@id":"https:\/\/ppdegalicia.com\/es\/paula-prado-asiste-a-la-intervencion-de-miguel-tellado-en-el-desayuno-informativo-del-forum-europa\/#breadcrumb","itemListElement":[{"@type":"ListItem","position":1,"name":"Portada","item":"https:\/\/ppdegalicia.com\/es\/"},{"@type":"ListItem","position":2,"name":"Paula Prado asiste a la intervenci\u00f3n de Miguel Tellado en el desayuno informativo del F\u00f3rum Europa"}]},{"@type":"WebSite","@id":"https:\/\/ppdegalicia.com\/es\/#website","url":"https:\/\/ppdegalicia.com\/es\/","name":"Partido Popular de Galicia","description":"Partido Popular de Galicia","publisher":{"@id":"https:\/\/ppdegalicia.com\/es\/#organization"},"alternateName":"PP de Galicia","potentialAction":[{"@type":"SearchAction","target":{"@type":"EntryPoint","urlTemplate":"https:\/\/ppdegalicia.com\/es\/?s={search_term_string}"},"query-input":{"@type":"PropertyValueSpecification","valueRequired":true,"valueName":"search_term_string"}}],"inLanguage":"es"},{"@type":"Organization","@id":"https:\/\/ppdegalicia.com\/es\/#organization","name":"Partido Popular de Galicia","alternateName":"PP de Galicia","url":"https:\/\/ppdegalicia.com\/es\/","logo":{"@type":"ImageObject","inLanguage":"es","@id":"https:\/\/ppdegalicia.com\/es\/#\/schema\/logo\/image\/","url":"https:\/\/ppdegalicia.com\/wp-content\/uploads\/2023\/04\/logoPP512.png","contentUrl":"https:\/\/ppdegalicia.com\/wp-content\/uploads\/2023\/04\/logoPP512.png","width":512,"height":512,"caption":"Partido Popular de Galicia"},"image":{"@id":"https:\/\/ppdegalicia.com\/es\/#\/schema\/logo\/image\/"},"sameAs":["https:\/\/www.instagram.com\/ppdegalicia\/","https:\/\/x.com\/ppdegalicia","https:\/\/www.tiktok.com\/@ppdegalicia","https:\/\/www.youtube.com\/user\/ppdegalicia"]},{"@type":"Person","@id":"https:\/\/ppdegalicia.com\/es\/#\/schema\/person\/5b822c6f59e872ebdd1142f307dbcb59","name":"ppdegaliciaredes","image":{"@type":"ImageObject","inLanguage":"es","@id":"https:\/\/secure.gravatar.com\/avatar\/3c9179cf0256d00c72a48d1f25783c58b6842cd56e85ef3a572881c8e28ccd59?s=96&d=mm&r=g","url":"https:\/\/secure.gravatar.com\/avatar\/3c9179cf0256d00c72a48d1f25783c58b6842cd56e85ef3a572881c8e28ccd59?s=96&d=mm&r=g","contentUrl":"https:\/\/secure.gravatar.com\/avatar\/3c9179cf0256d00c72a48d1f25783c58b6842cd56e85ef3a572881c8e28ccd59?s=96&d=mm&r=g","caption":"ppdegaliciaredes"},"url":"https:\/\/ppdegalicia.com\/es\/author\/ppdegaliciaredes\/"}]}},"_links":{"self":[{"href":"https:\/\/ppdegalicia.com\/es\/wp-json\/wp\/v2\/posts\/68930","targetHints":{"allow":["GET"]}}],"collection":[{"href":"https:\/\/ppdegalicia.com\/es\/wp-json\/wp\/v2\/posts"}],"about":[{"href":"https:\/\/ppdegalicia.com\/es\/wp-json\/wp\/v2\/types\/post"}],"author":[{"embeddable":true,"href":"https:\/\/ppdegalicia.com\/es\/wp-json\/wp\/v2\/users\/38"}],"replies":[{"embeddable":true,"href":"https:\/\/ppdegalicia.com\/es\/wp-json\/wp\/v2\/comments?post=68930"}],"version-history":[{"count":1,"href":"https:\/\/ppdegalicia.com\/es\/wp-json\/wp\/v2\/posts\/68930\/revisions"}],"predecessor-version":[{"id":68933,"href":"https:\/\/ppdegalicia.com\/es\/wp-json\/wp\/v2\/posts\/68930\/revisions\/68933"}],"wp:featuredmedia":[{"embeddable":true,"href":"https:\/\/ppdegalicia.com\/es\/wp-json\/wp\/v2\/media\/68931"}],"wp:attachment":[{"href":"https:\/\/ppdegalicia.com\/es\/wp-json\/wp\/v2\/media?parent=68930"}],"wp:term":[{"taxonomy":"category","embeddable":true,"href":"https:\/\/ppdegalicia.com\/es\/wp-json\/wp\/v2\/categories?post=68930"},{"taxonomy":"post_tag","embeddable":true,"href":"https:\/\/ppdegalicia.com\/es\/wp-json\/wp\/v2\/tags?post=68930"}],"curies":[{"name":"wp","href":"https:\/\/api.w.org\/{rel}","templated":true}]}}