{"id":68951,"date":"2025-11-12T13:59:56","date_gmt":"2025-11-12T12:59:56","guid":{"rendered":"https:\/\/ppdegalicia.com\/?p=68951"},"modified":"2025-11-12T13:59:56","modified_gmt":"2025-11-12T12:59:56","slug":"o-ppdeg-esixe-a-dimision-inmediata-da-ministra-de-igualdade-ante-a-inadmisible-neglixencia-que-supon-o-novo-fallo-nas-pulseiras-antimaltrato","status":"publish","type":"post","link":"https:\/\/ppdegalicia.com\/es\/o-ppdeg-esixe-a-dimision-inmediata-da-ministra-de-igualdade-ante-a-inadmisible-neglixencia-que-supon-o-novo-fallo-nas-pulseiras-antimaltrato\/","title":{"rendered":"O PPdeG esixe a dimisi\u00f3n inmediata da ministra de Igualdade ante a \u201cinadmisible neglixencia\u201d que sup\u00f3n o novo fallo nas pulseiras antimaltrato"},"content":{"rendered":"<p style=\"font-weight: 400;\">O Partido Popular de Galicia esixe a dimisi\u00f3n inmediata da ministra de Igualdade, Ana Redondo, logo da \u201cinadmisible neglixencia\u201d que sup\u00f3n o novo fallo producido onte nas pulseiras antimaltrato e que \u201cdeixou \u00e1s v\u00edtimas de violencia de x\u00e9nero incomunicadas durante horas\u201d.<\/p>\n<p style=\"font-weight: 400;\">\u201cCando deber\u00edan estar recibindo informaci\u00f3n a tempo real sobre o seu agresor, o \u00fanico que v\u00edan nas pantallas dos seus dispositivos era unha mensaxe que dic\u00eda \u2018comunicaci\u00f3n non dispo\u00f1ible\u2019\u201d, explica a secretaria xeral Paula Prado ao tempo que subli\u00f1a que \u201cestes fallos son inadmisibles na medida estas pulseiras non son s\u00f3 un dispositivo electr\u00f3nico, sen\u00f3n tam\u00e9n unha ferramenta que protexe \u00e1s v\u00edtimas do seu agresor e as priva de sentir medo\u201d.<\/p>\n<p style=\"font-weight: 400;\">A n\u00famero dous dos populares galegos considera \u201cm\u00e1is intolerable a\u00ednda\u201d que a m\u00e1xima responsable do Ministerio de Igualdade, Ana Redondo, que \u201cdeber\u00eda velar por que isto non sucedera\u201d, siga mant\u00e9ndose no cargo \u201ca pesar de estar reprobada xa polos fallos producidos con anterioridade nestes dispositivos\u201d.<\/p>\n<p style=\"font-weight: 400;\">\u201cEste non \u00e9 un caso illado\u201d, subli\u00f1a Paula Prado criticando que o Goberno central se te\u00f1a convertido \u201cno m\u00e1is lesivo para os dereitos das mulleres da historia da Espa\u00f1a\u201d. Neste sentido recorda que Pedro S\u00e1nchez e o PSOE \u201cser\u00e1n recordados por ter sacado do c\u00e1rcere a violadores e por estar m\u00e1is pr\u00f3ximos ao consumo que \u00e1 abolici\u00f3n da prostituci\u00f3n\u201d.<\/p>\n<p style=\"font-weight: 400;\">Por iso desde o PPdeG pedir\u00e1n a dimisi\u00f3n inmediata da ministra tanto no pr\u00f3ximo Pleno do Parlamento de Galicia como a trav\u00e9s de iniciativas que levar\u00e1n tam\u00e9n aos concellos galegos. Unha esixencia de responsabilidades ante esta \u201cneglixencia\u201d que tam\u00e9n fan extensiva a un BNG que, consideran, ten que \u201cdeixar de ser tan bravo en Galicia e tan manso en Madrid\u201d.<\/p>\n<p style=\"font-weight: 400;\">\u201cNon imos consentir que aqu\u00ed por menos pidan dimisi\u00f3ns cada dous por tres e en Madrid se limiten a pedir explicaci\u00f3ns ante feitos desta gravidade\u201d, denuncia Paula Prado para reclamar ao independentismo galego que \u201cdunha vez por todas rompa con Pedro S\u00e1nchez e se po\u00f1a do lado das v\u00edtimas e non de quen, por acci\u00f3n ou omisi\u00f3n, est\u00e1 provocando a ruptura da confianza das mulleres nun sistema que deber\u00eda velar pola s\u00faa protecci\u00f3n\u201d.<\/p>\n<p style=\"font-weight: 400;\">Nesta li\u00f1a, a secretaria xeral dos populares galegos concl\u00fae reprobando a \u201ccomplicidade\u201d en toda esta situaci\u00f3n dun BNG que \u201c\u00e1 hora de decidir entre a s\u00faa ideolox\u00eda ou os dereitos das mulleres, antep\u00f3n sempre a s\u00faa ideolox\u00eda\u201d e que \u201centre S\u00e1nchez ou Galicia, elixe sempre o sanchismo\u201d.<\/p>\n","protected":false},"excerpt":{"rendered":"<p>O Partido Popular de Galicia esixe a dimisi\u00f3n inmediata da ministra de Igualdade, Ana Redondo, logo da \u201cinadmisible neglixencia\u201d que sup\u00f3n o novo fallo producido onte nas pulseiras antimaltrato e que \u201cdeixou \u00e1s v\u00edtimas de violencia de x\u00e9nero incomunicadas durante horas\u201d. \u201cCando deber\u00edan estar recibindo informaci\u00f3n a tempo real sobre o seu agresor, o \u00fanico [&hellip;]<\/p>\n","protected":false},"author":38,"featured_media":68952,"comment_status":"closed","ping_status":"open","sticky":false,"template":"","format":"standard","meta":{"_acf_changed":false,"footnotes":""},"categories":[1],"tags":[],"class_list":["post-68951","post","type-post","status-publish","format-standard","has-post-thumbnail","hentry","category-pp-de-galicia"],"acf":[],"yoast_head":"<!-- This site is optimized with the Yoast SEO plugin v27.3 - https:\/\/yoast.com\/product\/yoast-seo-wordpress\/ -->\n<title>O PPdeG esixe a dimisi\u00f3n inmediata da ministra de Igualdade ante a \u201cinadmisible neglixencia\u201d que sup\u00f3n o novo fallo nas pulseiras antimaltrato - PP de Galicia<\/title>\n<meta name=\"description\" content=\"O Partido Popular de Galicia esixe a dimisi\u00f3n inmediata da ministra de Igualdade, Ana Redondo, logo da \u201cinadmisible neglixencia\u201d que sup\u00f3n o novo fallo producido onte nas pulseiras antimaltrato e que \u201cdeixou \u00e1s v\u00edtimas de violencia de x\u00e9nero incomunicadas durante horas\u201d.\" \/>\n<meta name=\"robots\" content=\"index, follow, max-snippet:-1, max-image-preview:large, max-video-preview:-1\" \/>\n<link rel=\"canonical\" href=\"https:\/\/ppdegalicia.com\/es\/o-ppdeg-esixe-a-dimision-inmediata-da-ministra-de-igualdade-ante-a-inadmisible-neglixencia-que-supon-o-novo-fallo-nas-pulseiras-antimaltrato\/\" \/>\n<meta property=\"og:locale\" content=\"es_ES\" \/>\n<meta property=\"og:type\" content=\"article\" \/>\n<meta property=\"og:title\" content=\"O PPdeG esixe a dimisi\u00f3n inmediata da ministra de Igualdade ante a \u201cinadmisible neglixencia\u201d que sup\u00f3n o novo fallo nas pulseiras antimaltrato - PP de Galicia\" \/>\n<meta property=\"og:description\" content=\"O Partido Popular de Galicia esixe a dimisi\u00f3n inmediata da ministra de Igualdade, Ana Redondo, logo da \u201cinadmisible neglixencia\u201d que sup\u00f3n o novo fallo producido onte nas pulseiras antimaltrato e que \u201cdeixou \u00e1s v\u00edtimas de violencia de x\u00e9nero incomunicadas durante horas\u201d.\" \/>\n<meta property=\"og:url\" content=\"https:\/\/ppdegalicia.com\/es\/o-ppdeg-esixe-a-dimision-inmediata-da-ministra-de-igualdade-ante-a-inadmisible-neglixencia-que-supon-o-novo-fallo-nas-pulseiras-antimaltrato\/\" \/>\n<meta property=\"og:site_name\" content=\"PP de Galicia\" \/>\n<meta property=\"article:publisher\" content=\"https:\/\/www.instagram.com\/ppdegalicia\/\" \/>\n<meta property=\"article:published_time\" content=\"2025-11-12T12:59:56+00:00\" \/>\n<meta property=\"og:image\" content=\"https:\/\/ppdegalicia.com\/wp-content\/uploads\/2025\/11\/20251112-Paula-Prado-scaled.jpg\" \/>\n\t<meta property=\"og:image:width\" content=\"2560\" \/>\n\t<meta property=\"og:image:height\" content=\"1707\" \/>\n\t<meta property=\"og:image:type\" content=\"image\/jpeg\" \/>\n<meta name=\"author\" content=\"ppdegaliciaredes\" \/>\n<meta name=\"twitter:card\" content=\"summary_large_image\" \/>\n<meta name=\"twitter:creator\" content=\"@ppdegalicia\" \/>\n<meta name=\"twitter:site\" content=\"@ppdegalicia\" \/>\n<meta name=\"twitter:label1\" content=\"Escrito por\" \/>\n\t<meta name=\"twitter:data1\" content=\"ppdegaliciaredes\" \/>\n\t<meta name=\"twitter:label2\" content=\"Tiempo de lectura\" \/>\n\t<meta name=\"twitter:data2\" content=\"3 minutos\" \/>\n<script type=\"application\/ld+json\" class=\"yoast-schema-graph\">{\"@context\":\"https:\\\/\\\/schema.org\",\"@graph\":[{\"@type\":\"Article\",\"@id\":\"https:\\\/\\\/ppdegalicia.com\\\/es\\\/o-ppdeg-esixe-a-dimision-inmediata-da-ministra-de-igualdade-ante-a-inadmisible-neglixencia-que-supon-o-novo-fallo-nas-pulseiras-antimaltrato\\\/#article\",\"isPartOf\":{\"@id\":\"https:\\\/\\\/ppdegalicia.com\\\/es\\\/o-ppdeg-esixe-a-dimision-inmediata-da-ministra-de-igualdade-ante-a-inadmisible-neglixencia-que-supon-o-novo-fallo-nas-pulseiras-antimaltrato\\\/\"},\"author\":{\"name\":\"ppdegaliciaredes\",\"@id\":\"https:\\\/\\\/ppdegalicia.com\\\/es\\\/#\\\/schema\\\/person\\\/5b822c6f59e872ebdd1142f307dbcb59\"},\"headline\":\"O PPdeG esixe a dimisi\u00f3n inmediata da ministra de Igualdade ante a \u201cinadmisible neglixencia\u201d que sup\u00f3n o novo fallo nas pulseiras antimaltrato\",\"datePublished\":\"2025-11-12T12:59:56+00:00\",\"mainEntityOfPage\":{\"@id\":\"https:\\\/\\\/ppdegalicia.com\\\/es\\\/o-ppdeg-esixe-a-dimision-inmediata-da-ministra-de-igualdade-ante-a-inadmisible-neglixencia-que-supon-o-novo-fallo-nas-pulseiras-antimaltrato\\\/\"},\"wordCount\":475,\"publisher\":{\"@id\":\"https:\\\/\\\/ppdegalicia.com\\\/es\\\/#organization\"},\"image\":{\"@id\":\"https:\\\/\\\/ppdegalicia.com\\\/es\\\/o-ppdeg-esixe-a-dimision-inmediata-da-ministra-de-igualdade-ante-a-inadmisible-neglixencia-que-supon-o-novo-fallo-nas-pulseiras-antimaltrato\\\/#primaryimage\"},\"thumbnailUrl\":\"https:\\\/\\\/ppdegalicia.com\\\/wp-content\\\/uploads\\\/2025\\\/11\\\/20251112-Paula-Prado-scaled.jpg\",\"articleSection\":[\"PP de Galicia\"],\"inLanguage\":\"es\"},{\"@type\":\"WebPage\",\"@id\":\"https:\\\/\\\/ppdegalicia.com\\\/es\\\/o-ppdeg-esixe-a-dimision-inmediata-da-ministra-de-igualdade-ante-a-inadmisible-neglixencia-que-supon-o-novo-fallo-nas-pulseiras-antimaltrato\\\/\",\"url\":\"https:\\\/\\\/ppdegalicia.com\\\/es\\\/o-ppdeg-esixe-a-dimision-inmediata-da-ministra-de-igualdade-ante-a-inadmisible-neglixencia-que-supon-o-novo-fallo-nas-pulseiras-antimaltrato\\\/\",\"name\":\"O PPdeG esixe a dimisi\u00f3n inmediata da ministra de Igualdade ante a \u201cinadmisible neglixencia\u201d que sup\u00f3n o novo fallo nas pulseiras antimaltrato - PP de Galicia\",\"isPartOf\":{\"@id\":\"https:\\\/\\\/ppdegalicia.com\\\/es\\\/#website\"},\"primaryImageOfPage\":{\"@id\":\"https:\\\/\\\/ppdegalicia.com\\\/es\\\/o-ppdeg-esixe-a-dimision-inmediata-da-ministra-de-igualdade-ante-a-inadmisible-neglixencia-que-supon-o-novo-fallo-nas-pulseiras-antimaltrato\\\/#primaryimage\"},\"image\":{\"@id\":\"https:\\\/\\\/ppdegalicia.com\\\/es\\\/o-ppdeg-esixe-a-dimision-inmediata-da-ministra-de-igualdade-ante-a-inadmisible-neglixencia-que-supon-o-novo-fallo-nas-pulseiras-antimaltrato\\\/#primaryimage\"},\"thumbnailUrl\":\"https:\\\/\\\/ppdegalicia.com\\\/wp-content\\\/uploads\\\/2025\\\/11\\\/20251112-Paula-Prado-scaled.jpg\",\"datePublished\":\"2025-11-12T12:59:56+00:00\",\"description\":\"O Partido Popular de Galicia esixe a dimisi\u00f3n inmediata da ministra de Igualdade, Ana Redondo, logo da \u201cinadmisible neglixencia\u201d que sup\u00f3n o novo fallo producido onte nas pulseiras antimaltrato e que \u201cdeixou \u00e1s v\u00edtimas de violencia de x\u00e9nero incomunicadas durante horas\u201d.\",\"breadcrumb\":{\"@id\":\"https:\\\/\\\/ppdegalicia.com\\\/es\\\/o-ppdeg-esixe-a-dimision-inmediata-da-ministra-de-igualdade-ante-a-inadmisible-neglixencia-que-supon-o-novo-fallo-nas-pulseiras-antimaltrato\\\/#breadcrumb\"},\"inLanguage\":\"es\",\"potentialAction\":[{\"@type\":\"ReadAction\",\"target\":[\"https:\\\/\\\/ppdegalicia.com\\\/es\\\/o-ppdeg-esixe-a-dimision-inmediata-da-ministra-de-igualdade-ante-a-inadmisible-neglixencia-que-supon-o-novo-fallo-nas-pulseiras-antimaltrato\\\/\"]}]},{\"@type\":\"ImageObject\",\"inLanguage\":\"es\",\"@id\":\"https:\\\/\\\/ppdegalicia.com\\\/es\\\/o-ppdeg-esixe-a-dimision-inmediata-da-ministra-de-igualdade-ante-a-inadmisible-neglixencia-que-supon-o-novo-fallo-nas-pulseiras-antimaltrato\\\/#primaryimage\",\"url\":\"https:\\\/\\\/ppdegalicia.com\\\/wp-content\\\/uploads\\\/2025\\\/11\\\/20251112-Paula-Prado-scaled.jpg\",\"contentUrl\":\"https:\\\/\\\/ppdegalicia.com\\\/wp-content\\\/uploads\\\/2025\\\/11\\\/20251112-Paula-Prado-scaled.jpg\",\"width\":2560,\"height\":1707},{\"@type\":\"BreadcrumbList\",\"@id\":\"https:\\\/\\\/ppdegalicia.com\\\/es\\\/o-ppdeg-esixe-a-dimision-inmediata-da-ministra-de-igualdade-ante-a-inadmisible-neglixencia-que-supon-o-novo-fallo-nas-pulseiras-antimaltrato\\\/#breadcrumb\",\"itemListElement\":[{\"@type\":\"ListItem\",\"position\":1,\"name\":\"Portada\",\"item\":\"https:\\\/\\\/ppdegalicia.com\\\/es\\\/\"},{\"@type\":\"ListItem\",\"position\":2,\"name\":\"O PPdeG esixe a dimisi\u00f3n inmediata da ministra de Igualdade ante a \u201cinadmisible neglixencia\u201d que sup\u00f3n o novo fallo nas pulseiras antimaltrato\"}]},{\"@type\":\"WebSite\",\"@id\":\"https:\\\/\\\/ppdegalicia.com\\\/es\\\/#website\",\"url\":\"https:\\\/\\\/ppdegalicia.com\\\/es\\\/\",\"name\":\"Partido Popular de Galicia\",\"description\":\"Partido Popular de Galicia\",\"publisher\":{\"@id\":\"https:\\\/\\\/ppdegalicia.com\\\/es\\\/#organization\"},\"alternateName\":\"PP de Galicia\",\"potentialAction\":[{\"@type\":\"SearchAction\",\"target\":{\"@type\":\"EntryPoint\",\"urlTemplate\":\"https:\\\/\\\/ppdegalicia.com\\\/es\\\/?s={search_term_string}\"},\"query-input\":{\"@type\":\"PropertyValueSpecification\",\"valueRequired\":true,\"valueName\":\"search_term_string\"}}],\"inLanguage\":\"es\"},{\"@type\":\"Organization\",\"@id\":\"https:\\\/\\\/ppdegalicia.com\\\/es\\\/#organization\",\"name\":\"Partido Popular de Galicia\",\"alternateName\":\"PP de Galicia\",\"url\":\"https:\\\/\\\/ppdegalicia.com\\\/es\\\/\",\"logo\":{\"@type\":\"ImageObject\",\"inLanguage\":\"es\",\"@id\":\"https:\\\/\\\/ppdegalicia.com\\\/es\\\/#\\\/schema\\\/logo\\\/image\\\/\",\"url\":\"https:\\\/\\\/ppdegalicia.com\\\/wp-content\\\/uploads\\\/2023\\\/04\\\/logoPP512.png\",\"contentUrl\":\"https:\\\/\\\/ppdegalicia.com\\\/wp-content\\\/uploads\\\/2023\\\/04\\\/logoPP512.png\",\"width\":512,\"height\":512,\"caption\":\"Partido Popular de Galicia\"},\"image\":{\"@id\":\"https:\\\/\\\/ppdegalicia.com\\\/es\\\/#\\\/schema\\\/logo\\\/image\\\/\"},\"sameAs\":[\"https:\\\/\\\/www.instagram.com\\\/ppdegalicia\\\/\",\"https:\\\/\\\/x.com\\\/ppdegalicia\",\"https:\\\/\\\/www.tiktok.com\\\/@ppdegalicia\",\"https:\\\/\\\/www.youtube.com\\\/user\\\/ppdegalicia\"]},{\"@type\":\"Person\",\"@id\":\"https:\\\/\\\/ppdegalicia.com\\\/es\\\/#\\\/schema\\\/person\\\/5b822c6f59e872ebdd1142f307dbcb59\",\"name\":\"ppdegaliciaredes\",\"image\":{\"@type\":\"ImageObject\",\"inLanguage\":\"es\",\"@id\":\"https:\\\/\\\/secure.gravatar.com\\\/avatar\\\/3c9179cf0256d00c72a48d1f25783c58b6842cd56e85ef3a572881c8e28ccd59?s=96&d=mm&r=g\",\"url\":\"https:\\\/\\\/secure.gravatar.com\\\/avatar\\\/3c9179cf0256d00c72a48d1f25783c58b6842cd56e85ef3a572881c8e28ccd59?s=96&d=mm&r=g\",\"contentUrl\":\"https:\\\/\\\/secure.gravatar.com\\\/avatar\\\/3c9179cf0256d00c72a48d1f25783c58b6842cd56e85ef3a572881c8e28ccd59?s=96&d=mm&r=g\",\"caption\":\"ppdegaliciaredes\"},\"url\":\"https:\\\/\\\/ppdegalicia.com\\\/es\\\/author\\\/ppdegaliciaredes\\\/\"}]}<\/script>\n<!-- \/ Yoast SEO plugin. -->","yoast_head_json":{"title":"O PPdeG esixe a dimisi\u00f3n inmediata da ministra de Igualdade ante a \u201cinadmisible neglixencia\u201d que sup\u00f3n o novo fallo nas pulseiras antimaltrato - PP de Galicia","description":"O Partido Popular de Galicia esixe a dimisi\u00f3n inmediata da ministra de Igualdade, Ana Redondo, logo da \u201cinadmisible neglixencia\u201d que sup\u00f3n o novo fallo producido onte nas pulseiras antimaltrato e que \u201cdeixou \u00e1s v\u00edtimas de violencia de x\u00e9nero incomunicadas durante horas\u201d.","robots":{"index":"index","follow":"follow","max-snippet":"max-snippet:-1","max-image-preview":"max-image-preview:large","max-video-preview":"max-video-preview:-1"},"canonical":"https:\/\/ppdegalicia.com\/es\/o-ppdeg-esixe-a-dimision-inmediata-da-ministra-de-igualdade-ante-a-inadmisible-neglixencia-que-supon-o-novo-fallo-nas-pulseiras-antimaltrato\/","og_locale":"es_ES","og_type":"article","og_title":"O PPdeG esixe a dimisi\u00f3n inmediata da ministra de Igualdade ante a \u201cinadmisible neglixencia\u201d que sup\u00f3n o novo fallo nas pulseiras antimaltrato - PP de Galicia","og_description":"O Partido Popular de Galicia esixe a dimisi\u00f3n inmediata da ministra de Igualdade, Ana Redondo, logo da \u201cinadmisible neglixencia\u201d que sup\u00f3n o novo fallo producido onte nas pulseiras antimaltrato e que \u201cdeixou \u00e1s v\u00edtimas de violencia de x\u00e9nero incomunicadas durante horas\u201d.","og_url":"https:\/\/ppdegalicia.com\/es\/o-ppdeg-esixe-a-dimision-inmediata-da-ministra-de-igualdade-ante-a-inadmisible-neglixencia-que-supon-o-novo-fallo-nas-pulseiras-antimaltrato\/","og_site_name":"PP de Galicia","article_publisher":"https:\/\/www.instagram.com\/ppdegalicia\/","article_published_time":"2025-11-12T12:59:56+00:00","og_image":[{"width":2560,"height":1707,"url":"https:\/\/ppdegalicia.com\/wp-content\/uploads\/2025\/11\/20251112-Paula-Prado-scaled.jpg","type":"image\/jpeg"}],"author":"ppdegaliciaredes","twitter_card":"summary_large_image","twitter_creator":"@ppdegalicia","twitter_site":"@ppdegalicia","twitter_misc":{"Escrito por":"ppdegaliciaredes","Tiempo de lectura":"3 minutos"},"schema":{"@context":"https:\/\/schema.org","@graph":[{"@type":"Article","@id":"https:\/\/ppdegalicia.com\/es\/o-ppdeg-esixe-a-dimision-inmediata-da-ministra-de-igualdade-ante-a-inadmisible-neglixencia-que-supon-o-novo-fallo-nas-pulseiras-antimaltrato\/#article","isPartOf":{"@id":"https:\/\/ppdegalicia.com\/es\/o-ppdeg-esixe-a-dimision-inmediata-da-ministra-de-igualdade-ante-a-inadmisible-neglixencia-que-supon-o-novo-fallo-nas-pulseiras-antimaltrato\/"},"author":{"name":"ppdegaliciaredes","@id":"https:\/\/ppdegalicia.com\/es\/#\/schema\/person\/5b822c6f59e872ebdd1142f307dbcb59"},"headline":"O PPdeG esixe a dimisi\u00f3n inmediata da ministra de Igualdade ante a \u201cinadmisible neglixencia\u201d que sup\u00f3n o novo fallo nas pulseiras antimaltrato","datePublished":"2025-11-12T12:59:56+00:00","mainEntityOfPage":{"@id":"https:\/\/ppdegalicia.com\/es\/o-ppdeg-esixe-a-dimision-inmediata-da-ministra-de-igualdade-ante-a-inadmisible-neglixencia-que-supon-o-novo-fallo-nas-pulseiras-antimaltrato\/"},"wordCount":475,"publisher":{"@id":"https:\/\/ppdegalicia.com\/es\/#organization"},"image":{"@id":"https:\/\/ppdegalicia.com\/es\/o-ppdeg-esixe-a-dimision-inmediata-da-ministra-de-igualdade-ante-a-inadmisible-neglixencia-que-supon-o-novo-fallo-nas-pulseiras-antimaltrato\/#primaryimage"},"thumbnailUrl":"https:\/\/ppdegalicia.com\/wp-content\/uploads\/2025\/11\/20251112-Paula-Prado-scaled.jpg","articleSection":["PP de Galicia"],"inLanguage":"es"},{"@type":"WebPage","@id":"https:\/\/ppdegalicia.com\/es\/o-ppdeg-esixe-a-dimision-inmediata-da-ministra-de-igualdade-ante-a-inadmisible-neglixencia-que-supon-o-novo-fallo-nas-pulseiras-antimaltrato\/","url":"https:\/\/ppdegalicia.com\/es\/o-ppdeg-esixe-a-dimision-inmediata-da-ministra-de-igualdade-ante-a-inadmisible-neglixencia-que-supon-o-novo-fallo-nas-pulseiras-antimaltrato\/","name":"O PPdeG esixe a dimisi\u00f3n inmediata da ministra de Igualdade ante a \u201cinadmisible neglixencia\u201d que sup\u00f3n o novo fallo nas pulseiras antimaltrato - PP de Galicia","isPartOf":{"@id":"https:\/\/ppdegalicia.com\/es\/#website"},"primaryImageOfPage":{"@id":"https:\/\/ppdegalicia.com\/es\/o-ppdeg-esixe-a-dimision-inmediata-da-ministra-de-igualdade-ante-a-inadmisible-neglixencia-que-supon-o-novo-fallo-nas-pulseiras-antimaltrato\/#primaryimage"},"image":{"@id":"https:\/\/ppdegalicia.com\/es\/o-ppdeg-esixe-a-dimision-inmediata-da-ministra-de-igualdade-ante-a-inadmisible-neglixencia-que-supon-o-novo-fallo-nas-pulseiras-antimaltrato\/#primaryimage"},"thumbnailUrl":"https:\/\/ppdegalicia.com\/wp-content\/uploads\/2025\/11\/20251112-Paula-Prado-scaled.jpg","datePublished":"2025-11-12T12:59:56+00:00","description":"O Partido Popular de Galicia esixe a dimisi\u00f3n inmediata da ministra de Igualdade, Ana Redondo, logo da \u201cinadmisible neglixencia\u201d que sup\u00f3n o novo fallo producido onte nas pulseiras antimaltrato e que \u201cdeixou \u00e1s v\u00edtimas de violencia de x\u00e9nero incomunicadas durante horas\u201d.","breadcrumb":{"@id":"https:\/\/ppdegalicia.com\/es\/o-ppdeg-esixe-a-dimision-inmediata-da-ministra-de-igualdade-ante-a-inadmisible-neglixencia-que-supon-o-novo-fallo-nas-pulseiras-antimaltrato\/#breadcrumb"},"inLanguage":"es","potentialAction":[{"@type":"ReadAction","target":["https:\/\/ppdegalicia.com\/es\/o-ppdeg-esixe-a-dimision-inmediata-da-ministra-de-igualdade-ante-a-inadmisible-neglixencia-que-supon-o-novo-fallo-nas-pulseiras-antimaltrato\/"]}]},{"@type":"ImageObject","inLanguage":"es","@id":"https:\/\/ppdegalicia.com\/es\/o-ppdeg-esixe-a-dimision-inmediata-da-ministra-de-igualdade-ante-a-inadmisible-neglixencia-que-supon-o-novo-fallo-nas-pulseiras-antimaltrato\/#primaryimage","url":"https:\/\/ppdegalicia.com\/wp-content\/uploads\/2025\/11\/20251112-Paula-Prado-scaled.jpg","contentUrl":"https:\/\/ppdegalicia.com\/wp-content\/uploads\/2025\/11\/20251112-Paula-Prado-scaled.jpg","width":2560,"height":1707},{"@type":"BreadcrumbList","@id":"https:\/\/ppdegalicia.com\/es\/o-ppdeg-esixe-a-dimision-inmediata-da-ministra-de-igualdade-ante-a-inadmisible-neglixencia-que-supon-o-novo-fallo-nas-pulseiras-antimaltrato\/#breadcrumb","itemListElement":[{"@type":"ListItem","position":1,"name":"Portada","item":"https:\/\/ppdegalicia.com\/es\/"},{"@type":"ListItem","position":2,"name":"O PPdeG esixe a dimisi\u00f3n inmediata da ministra de Igualdade ante a \u201cinadmisible neglixencia\u201d que sup\u00f3n o novo fallo nas pulseiras antimaltrato"}]},{"@type":"WebSite","@id":"https:\/\/ppdegalicia.com\/es\/#website","url":"https:\/\/ppdegalicia.com\/es\/","name":"Partido Popular de Galicia","description":"Partido Popular de Galicia","publisher":{"@id":"https:\/\/ppdegalicia.com\/es\/#organization"},"alternateName":"PP de Galicia","potentialAction":[{"@type":"SearchAction","target":{"@type":"EntryPoint","urlTemplate":"https:\/\/ppdegalicia.com\/es\/?s={search_term_string}"},"query-input":{"@type":"PropertyValueSpecification","valueRequired":true,"valueName":"search_term_string"}}],"inLanguage":"es"},{"@type":"Organization","@id":"https:\/\/ppdegalicia.com\/es\/#organization","name":"Partido Popular de Galicia","alternateName":"PP de Galicia","url":"https:\/\/ppdegalicia.com\/es\/","logo":{"@type":"ImageObject","inLanguage":"es","@id":"https:\/\/ppdegalicia.com\/es\/#\/schema\/logo\/image\/","url":"https:\/\/ppdegalicia.com\/wp-content\/uploads\/2023\/04\/logoPP512.png","contentUrl":"https:\/\/ppdegalicia.com\/wp-content\/uploads\/2023\/04\/logoPP512.png","width":512,"height":512,"caption":"Partido Popular de Galicia"},"image":{"@id":"https:\/\/ppdegalicia.com\/es\/#\/schema\/logo\/image\/"},"sameAs":["https:\/\/www.instagram.com\/ppdegalicia\/","https:\/\/x.com\/ppdegalicia","https:\/\/www.tiktok.com\/@ppdegalicia","https:\/\/www.youtube.com\/user\/ppdegalicia"]},{"@type":"Person","@id":"https:\/\/ppdegalicia.com\/es\/#\/schema\/person\/5b822c6f59e872ebdd1142f307dbcb59","name":"ppdegaliciaredes","image":{"@type":"ImageObject","inLanguage":"es","@id":"https:\/\/secure.gravatar.com\/avatar\/3c9179cf0256d00c72a48d1f25783c58b6842cd56e85ef3a572881c8e28ccd59?s=96&d=mm&r=g","url":"https:\/\/secure.gravatar.com\/avatar\/3c9179cf0256d00c72a48d1f25783c58b6842cd56e85ef3a572881c8e28ccd59?s=96&d=mm&r=g","contentUrl":"https:\/\/secure.gravatar.com\/avatar\/3c9179cf0256d00c72a48d1f25783c58b6842cd56e85ef3a572881c8e28ccd59?s=96&d=mm&r=g","caption":"ppdegaliciaredes"},"url":"https:\/\/ppdegalicia.com\/es\/author\/ppdegaliciaredes\/"}]}},"_links":{"self":[{"href":"https:\/\/ppdegalicia.com\/es\/wp-json\/wp\/v2\/posts\/68951","targetHints":{"allow":["GET"]}}],"collection":[{"href":"https:\/\/ppdegalicia.com\/es\/wp-json\/wp\/v2\/posts"}],"about":[{"href":"https:\/\/ppdegalicia.com\/es\/wp-json\/wp\/v2\/types\/post"}],"author":[{"embeddable":true,"href":"https:\/\/ppdegalicia.com\/es\/wp-json\/wp\/v2\/users\/38"}],"replies":[{"embeddable":true,"href":"https:\/\/ppdegalicia.com\/es\/wp-json\/wp\/v2\/comments?post=68951"}],"version-history":[{"count":1,"href":"https:\/\/ppdegalicia.com\/es\/wp-json\/wp\/v2\/posts\/68951\/revisions"}],"predecessor-version":[{"id":68954,"href":"https:\/\/ppdegalicia.com\/es\/wp-json\/wp\/v2\/posts\/68951\/revisions\/68954"}],"wp:featuredmedia":[{"embeddable":true,"href":"https:\/\/ppdegalicia.com\/es\/wp-json\/wp\/v2\/media\/68952"}],"wp:attachment":[{"href":"https:\/\/ppdegalicia.com\/es\/wp-json\/wp\/v2\/media?parent=68951"}],"wp:term":[{"taxonomy":"category","embeddable":true,"href":"https:\/\/ppdegalicia.com\/es\/wp-json\/wp\/v2\/categories?post=68951"},{"taxonomy":"post_tag","embeddable":true,"href":"https:\/\/ppdegalicia.com\/es\/wp-json\/wp\/v2\/tags?post=68951"}],"curies":[{"name":"wp","href":"https:\/\/api.w.org\/{rel}","templated":true}]}}