{"id":68971,"date":"2025-11-14T13:59:32","date_gmt":"2025-11-14T12:59:32","guid":{"rendered":"https:\/\/ppdegalicia.com\/?p=68971"},"modified":"2025-11-14T13:59:32","modified_gmt":"2025-11-14T12:59:32","slug":"o-ppdeg-denuncia-que-santiago-de-compostela-esta-ao-limite-por-culpa-dun-goberno-do-bng-desbordado-e-incapaz-de-xestionar","status":"publish","type":"post","link":"https:\/\/ppdegalicia.com\/es\/o-ppdeg-denuncia-que-santiago-de-compostela-esta-ao-limite-por-culpa-dun-goberno-do-bng-desbordado-e-incapaz-de-xestionar\/","title":{"rendered":"O PPdeG denuncia que Santiago de Compostela est\u00e1 \u201cao l\u00edmite\u201d por culpa dun goberno do BNG \u201cdesbordado\u201d e \u201cincapaz de xestionar\u201d"},"content":{"rendered":"<p style=\"font-weight: 400;\">O Partido Popular de Galicia denuncia que Santiago de Compostela est\u00e1 \u201cao l\u00edmite\u201d e que a s\u00faa cidadan\u00eda \u201cnon merece estar en mans dun goberno do BNG desbordado e que non \u00e9 quen de xestionar unha cidade que \u00e9 a capital de Galicia e un reflexo para todo o mundo\u201d.<\/p>\n<p style=\"font-weight: 400;\">As\u00ed o manifestaron esta ma\u00f1\u00e1 a secretaria xeral Paula Prado e o presidente local do partido, Borja Verea, na visita que realizaron xunto ao concelleiro Jos\u00e9 Ram\u00f3n de la Fuente ao parque de bombeiros da cidade, que, tal e como denunciaron, v\u00e9n de \u201cestar inoperativo durante varias xornadas e por primeira vez na historia por culpa do goberno do BNG\u201d.<\/p>\n<p style=\"font-weight: 400;\">\u201cNeste caso non vimos pancartas do BNG nin do seu sindicato (CIG) para denunciar a falta de cobro das horas extraordinarias dos bombeiros e da Polic\u00eda Local. Tampouco vimos que activasen a caixa de resistencia para defender os dereitos laborais destes traballadores ante a s\u00faa irresponsable e neglixente xesti\u00f3n\u201d, criticou a n\u00famero dous dos populares galegos.<\/p>\n<p style=\"font-weight: 400;\">Prado considera que \u201ca capital de Galicia non merece estar en mans de quen xoga coa s\u00faa seguridade e coas s\u00faas vidas como est\u00e1 facendo\u201d e defende que o Partido Popular sempre estar\u00e1 a car\u00f3n das demandas duns Forzas e Corpos de Seguridade que \u201cte\u00f1en dereito a cobrar as s\u00faas horas de traballo e te\u00f1en dereito \u00e1s s\u00faas horas de descanso\u201d.<\/p>\n<p style=\"font-weight: 400;\">\u201cEn cambio o BNG, coa complicidade do seu sindicato, \u00e9 m\u00e1is de asinar decretazos en contra dos dereitos dos seus funcionarios municipais\u201d, contrapuxo ao tempo que se preguntaba \u201cque ser\u00eda dos santiagueses sen a Polic\u00eda Nacional e a Garda Civil que velaron pola s\u00faa seguridade ante a ausencia de patrullas da Polic\u00eda Local\u201d.<\/p>\n<p style=\"font-weight: 400;\">Neste sentido lembrou que \u201co BNG que goberna Santiago \u00e9 o mesmo BNG que, tal e como manifestou no seu programa electoral, quer\u00eda e segue querendo expulsar \u00e1s Forzas e Corpos de Seguridade do Estado de Galicia\u201d.<\/p>\n<p style=\"font-weight: 400;\">A secretaria xeral do PPdeG fixo extensivo este \u201ccaos\u201d a outras cuesti\u00f3ns como a falta de iniciativa cultural na cidade, as queixas dos hostaleiros, a suciedade das r\u00faas ou a rede de autobuses municipal. Na xesti\u00f3n de todas estas problem\u00e1ticas const\u00e1tase, segundo apuntou, que \u201cSantiago qu\u00e9dalle grande a Goretti Sanmart\u00edn\u201d e que \u201cun goberno con 6 concelleiros de 25 non ten capacidade de xestionar\u201d.<\/p>\n<p style=\"font-weight: 400;\">\u201cOs santiagueses non poden estar un minuto m\u00e1is abandonados \u00e1 s\u00faa sorte, sen que un goberno s\u00f3lido e con capacidade de resposta como o que, estou segura, encabezar\u00e1 Borja Verea en 2027, garanta a s\u00faa seguridade e integridade ante calquera suceso ou emerxencia\u201d, conclu\u00edu.<\/p>\n<p style=\"font-weight: 400;\"><strong><u>BORJA VEREA: \u201cA NEGLIXENCIA E IRRESPONSABILIDADE DO BNG EST\u00c1 PO\u00d1ENDO EN RISCO A VIDA DOS SANTIAGUESES\u201d<\/u><\/strong><\/p>\n<p style=\"font-weight: 400;\">\u201cGoretti Sanmart\u00edn estalle facendo moito dano a Santiago. Coa s\u00faa\u00a0 neglixencia e a s\u00faa irresponsabilidade est\u00e1 po\u00f1endo en risco a vida dos santiagueses\u201d, engadiu Borja Verea na mesma li\u00f1a e en relaci\u00f3n \u00e1 inoperatividade dun parque de bombeiros \u201cbaixo m\u00ednimos\u201d.<\/p>\n<p style=\"font-weight: 400;\">O presidente do PP local denunciou que o feito de que os bombeiros te\u00f1an que trasladarse de Boiro, de Ordes ou de Bri\u00f3n para suplir estas carencias \u201csignifica incrementar o tempo de resposta e 5 minutos salvan vidas; 10 minutos salvan vidas; 15 minutos salvan vidas; 20 minutos salvan vidas\u201d.<\/p>\n<p style=\"font-weight: 400;\">\u201cNestes dous anos e medio non tiveron tempo de arranxar o problema co parque de bombeiros, cos bombeiros, coa Polic\u00eda local, nin de pagar parte das n\u00f3minas destes profesionais. Sen embargo, si tiveron tempo para multiplicar por dous o n\u00famero de asesores de altos cargos con salarios de 75.000 euros\u201d, criticou.<\/p>\n<p style=\"font-weight: 400;\">Verea recordou que ao longo deste tempo o PP insistiu en reiteradas ocasi\u00f3ns na necesidade de contratar m\u00e1is bombeiros e axentes da Polic\u00eda Local, pero que o goberno local \u201cmentiu dicindo que a lei non o permit\u00eda cando si que o permite\u201d.<\/p>\n<p style=\"font-weight: 400;\">\u201cEnganaron \u00e1 cidadan\u00eda, enganaron a estes profesionais, enganaron aos medios de comunicaci\u00f3n e agora est\u00e1n reco\u00f1ecendo que si se poden facer esas contrataci\u00f3ns\u201d, conclu\u00edu asegurando que o \u00fanico problema que hai \u00e9 \u201corzamentario\u201d e, neste sentido, invitou \u00e1 alcaldesa a \u201celiminar asesores e altos cargos e empregar eses cartos a atender as demandas dos bombeiros e da Polic\u00eda Local\u201d.<\/p>\n","protected":false},"excerpt":{"rendered":"<p>O Partido Popular de Galicia denuncia que Santiago de Compostela est\u00e1 \u201cao l\u00edmite\u201d e que a s\u00faa cidadan\u00eda \u201cnon merece estar en mans dun goberno do BNG desbordado e que non \u00e9 quen de xestionar unha cidade que \u00e9 a capital de Galicia e un reflexo para todo o mundo\u201d. As\u00ed o manifestaron esta ma\u00f1\u00e1 [&hellip;]<\/p>\n","protected":false},"author":38,"featured_media":68972,"comment_status":"closed","ping_status":"open","sticky":false,"template":"","format":"standard","meta":{"_acf_changed":false,"footnotes":""},"categories":[1],"tags":[],"class_list":["post-68971","post","type-post","status-publish","format-standard","has-post-thumbnail","hentry","category-pp-de-galicia"],"acf":[],"yoast_head":"<!-- This site is optimized with the Yoast SEO plugin v27.3 - https:\/\/yoast.com\/product\/yoast-seo-wordpress\/ -->\n<title>O PPdeG denuncia que Santiago de Compostela est\u00e1 \u201cao l\u00edmite\u201d por culpa dun goberno do BNG \u201cdesbordado\u201d e \u201cincapaz de xestionar\u201d - PP de Galicia<\/title>\n<meta name=\"description\" content=\"O Partido Popular de Galicia denuncia que Santiago de Compostela est\u00e1 \u201cao l\u00edmite\u201d e que a s\u00faa cidadan\u00eda \u201cnon merece estar en mans dun goberno do BNG desbordado e que non \u00e9 quen de xestionar unha cidade que \u00e9 a capital de Galicia e un reflexo para todo o mundo\u201d.\" \/>\n<meta name=\"robots\" content=\"index, follow, max-snippet:-1, max-image-preview:large, max-video-preview:-1\" \/>\n<link rel=\"canonical\" href=\"https:\/\/ppdegalicia.com\/es\/o-ppdeg-denuncia-que-santiago-de-compostela-esta-ao-limite-por-culpa-dun-goberno-do-bng-desbordado-e-incapaz-de-xestionar\/\" \/>\n<meta property=\"og:locale\" content=\"es_ES\" \/>\n<meta property=\"og:type\" content=\"article\" \/>\n<meta property=\"og:title\" content=\"O PPdeG denuncia que Santiago de Compostela est\u00e1 \u201cao l\u00edmite\u201d por culpa dun goberno do BNG \u201cdesbordado\u201d e \u201cincapaz de xestionar\u201d - PP de Galicia\" \/>\n<meta property=\"og:description\" content=\"O Partido Popular de Galicia denuncia que Santiago de Compostela est\u00e1 \u201cao l\u00edmite\u201d e que a s\u00faa cidadan\u00eda \u201cnon merece estar en mans dun goberno do BNG desbordado e que non \u00e9 quen de xestionar unha cidade que \u00e9 a capital de Galicia e un reflexo para todo o mundo\u201d.\" \/>\n<meta property=\"og:url\" content=\"https:\/\/ppdegalicia.com\/es\/o-ppdeg-denuncia-que-santiago-de-compostela-esta-ao-limite-por-culpa-dun-goberno-do-bng-desbordado-e-incapaz-de-xestionar\/\" \/>\n<meta property=\"og:site_name\" content=\"PP de Galicia\" \/>\n<meta property=\"article:publisher\" content=\"https:\/\/www.instagram.com\/ppdegalicia\/\" \/>\n<meta property=\"article:published_time\" content=\"2025-11-14T12:59:32+00:00\" \/>\n<meta property=\"og:image\" content=\"https:\/\/ppdegalicia.com\/wp-content\/uploads\/2025\/11\/20251114_PPdeG_Bomberos_Santiago-scaled.jpg\" \/>\n\t<meta property=\"og:image:width\" content=\"2560\" \/>\n\t<meta property=\"og:image:height\" content=\"1707\" \/>\n\t<meta property=\"og:image:type\" content=\"image\/jpeg\" \/>\n<meta name=\"author\" content=\"ppdegaliciaredes\" \/>\n<meta name=\"twitter:card\" content=\"summary_large_image\" \/>\n<meta name=\"twitter:creator\" content=\"@ppdegalicia\" \/>\n<meta name=\"twitter:site\" content=\"@ppdegalicia\" \/>\n<meta name=\"twitter:label1\" content=\"Escrito por\" \/>\n\t<meta name=\"twitter:data1\" content=\"ppdegaliciaredes\" \/>\n\t<meta name=\"twitter:label2\" content=\"Tiempo de lectura\" \/>\n\t<meta name=\"twitter:data2\" content=\"4 minutos\" \/>\n<script type=\"application\/ld+json\" class=\"yoast-schema-graph\">{\"@context\":\"https:\\\/\\\/schema.org\",\"@graph\":[{\"@type\":\"Article\",\"@id\":\"https:\\\/\\\/ppdegalicia.com\\\/es\\\/o-ppdeg-denuncia-que-santiago-de-compostela-esta-ao-limite-por-culpa-dun-goberno-do-bng-desbordado-e-incapaz-de-xestionar\\\/#article\",\"isPartOf\":{\"@id\":\"https:\\\/\\\/ppdegalicia.com\\\/es\\\/o-ppdeg-denuncia-que-santiago-de-compostela-esta-ao-limite-por-culpa-dun-goberno-do-bng-desbordado-e-incapaz-de-xestionar\\\/\"},\"author\":{\"name\":\"ppdegaliciaredes\",\"@id\":\"https:\\\/\\\/ppdegalicia.com\\\/es\\\/#\\\/schema\\\/person\\\/5b822c6f59e872ebdd1142f307dbcb59\"},\"headline\":\"O PPdeG denuncia que Santiago de Compostela est\u00e1 \u201cao l\u00edmite\u201d por culpa dun goberno do BNG \u201cdesbordado\u201d e \u201cincapaz de xestionar\u201d\",\"datePublished\":\"2025-11-14T12:59:32+00:00\",\"mainEntityOfPage\":{\"@id\":\"https:\\\/\\\/ppdegalicia.com\\\/es\\\/o-ppdeg-denuncia-que-santiago-de-compostela-esta-ao-limite-por-culpa-dun-goberno-do-bng-desbordado-e-incapaz-de-xestionar\\\/\"},\"wordCount\":746,\"publisher\":{\"@id\":\"https:\\\/\\\/ppdegalicia.com\\\/es\\\/#organization\"},\"image\":{\"@id\":\"https:\\\/\\\/ppdegalicia.com\\\/es\\\/o-ppdeg-denuncia-que-santiago-de-compostela-esta-ao-limite-por-culpa-dun-goberno-do-bng-desbordado-e-incapaz-de-xestionar\\\/#primaryimage\"},\"thumbnailUrl\":\"https:\\\/\\\/ppdegalicia.com\\\/wp-content\\\/uploads\\\/2025\\\/11\\\/20251114_PPdeG_Bomberos_Santiago-scaled.jpg\",\"articleSection\":[\"PP de Galicia\"],\"inLanguage\":\"es\"},{\"@type\":\"WebPage\",\"@id\":\"https:\\\/\\\/ppdegalicia.com\\\/es\\\/o-ppdeg-denuncia-que-santiago-de-compostela-esta-ao-limite-por-culpa-dun-goberno-do-bng-desbordado-e-incapaz-de-xestionar\\\/\",\"url\":\"https:\\\/\\\/ppdegalicia.com\\\/es\\\/o-ppdeg-denuncia-que-santiago-de-compostela-esta-ao-limite-por-culpa-dun-goberno-do-bng-desbordado-e-incapaz-de-xestionar\\\/\",\"name\":\"O PPdeG denuncia que Santiago de Compostela est\u00e1 \u201cao l\u00edmite\u201d por culpa dun goberno do BNG \u201cdesbordado\u201d e \u201cincapaz de xestionar\u201d - PP de Galicia\",\"isPartOf\":{\"@id\":\"https:\\\/\\\/ppdegalicia.com\\\/es\\\/#website\"},\"primaryImageOfPage\":{\"@id\":\"https:\\\/\\\/ppdegalicia.com\\\/es\\\/o-ppdeg-denuncia-que-santiago-de-compostela-esta-ao-limite-por-culpa-dun-goberno-do-bng-desbordado-e-incapaz-de-xestionar\\\/#primaryimage\"},\"image\":{\"@id\":\"https:\\\/\\\/ppdegalicia.com\\\/es\\\/o-ppdeg-denuncia-que-santiago-de-compostela-esta-ao-limite-por-culpa-dun-goberno-do-bng-desbordado-e-incapaz-de-xestionar\\\/#primaryimage\"},\"thumbnailUrl\":\"https:\\\/\\\/ppdegalicia.com\\\/wp-content\\\/uploads\\\/2025\\\/11\\\/20251114_PPdeG_Bomberos_Santiago-scaled.jpg\",\"datePublished\":\"2025-11-14T12:59:32+00:00\",\"description\":\"O Partido Popular de Galicia denuncia que Santiago de Compostela est\u00e1 \u201cao l\u00edmite\u201d e que a s\u00faa cidadan\u00eda \u201cnon merece estar en mans dun goberno do BNG desbordado e que non \u00e9 quen de xestionar unha cidade que \u00e9 a capital de Galicia e un reflexo para todo o mundo\u201d.\",\"breadcrumb\":{\"@id\":\"https:\\\/\\\/ppdegalicia.com\\\/es\\\/o-ppdeg-denuncia-que-santiago-de-compostela-esta-ao-limite-por-culpa-dun-goberno-do-bng-desbordado-e-incapaz-de-xestionar\\\/#breadcrumb\"},\"inLanguage\":\"es\",\"potentialAction\":[{\"@type\":\"ReadAction\",\"target\":[\"https:\\\/\\\/ppdegalicia.com\\\/es\\\/o-ppdeg-denuncia-que-santiago-de-compostela-esta-ao-limite-por-culpa-dun-goberno-do-bng-desbordado-e-incapaz-de-xestionar\\\/\"]}]},{\"@type\":\"ImageObject\",\"inLanguage\":\"es\",\"@id\":\"https:\\\/\\\/ppdegalicia.com\\\/es\\\/o-ppdeg-denuncia-que-santiago-de-compostela-esta-ao-limite-por-culpa-dun-goberno-do-bng-desbordado-e-incapaz-de-xestionar\\\/#primaryimage\",\"url\":\"https:\\\/\\\/ppdegalicia.com\\\/wp-content\\\/uploads\\\/2025\\\/11\\\/20251114_PPdeG_Bomberos_Santiago-scaled.jpg\",\"contentUrl\":\"https:\\\/\\\/ppdegalicia.com\\\/wp-content\\\/uploads\\\/2025\\\/11\\\/20251114_PPdeG_Bomberos_Santiago-scaled.jpg\",\"width\":2560,\"height\":1707},{\"@type\":\"BreadcrumbList\",\"@id\":\"https:\\\/\\\/ppdegalicia.com\\\/es\\\/o-ppdeg-denuncia-que-santiago-de-compostela-esta-ao-limite-por-culpa-dun-goberno-do-bng-desbordado-e-incapaz-de-xestionar\\\/#breadcrumb\",\"itemListElement\":[{\"@type\":\"ListItem\",\"position\":1,\"name\":\"Portada\",\"item\":\"https:\\\/\\\/ppdegalicia.com\\\/es\\\/\"},{\"@type\":\"ListItem\",\"position\":2,\"name\":\"O PPdeG denuncia que Santiago de Compostela est\u00e1 \u201cao l\u00edmite\u201d por culpa dun goberno do BNG \u201cdesbordado\u201d e \u201cincapaz de xestionar\u201d\"}]},{\"@type\":\"WebSite\",\"@id\":\"https:\\\/\\\/ppdegalicia.com\\\/es\\\/#website\",\"url\":\"https:\\\/\\\/ppdegalicia.com\\\/es\\\/\",\"name\":\"Partido Popular de Galicia\",\"description\":\"Partido Popular de Galicia\",\"publisher\":{\"@id\":\"https:\\\/\\\/ppdegalicia.com\\\/es\\\/#organization\"},\"alternateName\":\"PP de Galicia\",\"potentialAction\":[{\"@type\":\"SearchAction\",\"target\":{\"@type\":\"EntryPoint\",\"urlTemplate\":\"https:\\\/\\\/ppdegalicia.com\\\/es\\\/?s={search_term_string}\"},\"query-input\":{\"@type\":\"PropertyValueSpecification\",\"valueRequired\":true,\"valueName\":\"search_term_string\"}}],\"inLanguage\":\"es\"},{\"@type\":\"Organization\",\"@id\":\"https:\\\/\\\/ppdegalicia.com\\\/es\\\/#organization\",\"name\":\"Partido Popular de Galicia\",\"alternateName\":\"PP de Galicia\",\"url\":\"https:\\\/\\\/ppdegalicia.com\\\/es\\\/\",\"logo\":{\"@type\":\"ImageObject\",\"inLanguage\":\"es\",\"@id\":\"https:\\\/\\\/ppdegalicia.com\\\/es\\\/#\\\/schema\\\/logo\\\/image\\\/\",\"url\":\"https:\\\/\\\/ppdegalicia.com\\\/wp-content\\\/uploads\\\/2023\\\/04\\\/logoPP512.png\",\"contentUrl\":\"https:\\\/\\\/ppdegalicia.com\\\/wp-content\\\/uploads\\\/2023\\\/04\\\/logoPP512.png\",\"width\":512,\"height\":512,\"caption\":\"Partido Popular de Galicia\"},\"image\":{\"@id\":\"https:\\\/\\\/ppdegalicia.com\\\/es\\\/#\\\/schema\\\/logo\\\/image\\\/\"},\"sameAs\":[\"https:\\\/\\\/www.instagram.com\\\/ppdegalicia\\\/\",\"https:\\\/\\\/x.com\\\/ppdegalicia\",\"https:\\\/\\\/www.tiktok.com\\\/@ppdegalicia\",\"https:\\\/\\\/www.youtube.com\\\/user\\\/ppdegalicia\"]},{\"@type\":\"Person\",\"@id\":\"https:\\\/\\\/ppdegalicia.com\\\/es\\\/#\\\/schema\\\/person\\\/5b822c6f59e872ebdd1142f307dbcb59\",\"name\":\"ppdegaliciaredes\",\"image\":{\"@type\":\"ImageObject\",\"inLanguage\":\"es\",\"@id\":\"https:\\\/\\\/secure.gravatar.com\\\/avatar\\\/3c9179cf0256d00c72a48d1f25783c58b6842cd56e85ef3a572881c8e28ccd59?s=96&d=mm&r=g\",\"url\":\"https:\\\/\\\/secure.gravatar.com\\\/avatar\\\/3c9179cf0256d00c72a48d1f25783c58b6842cd56e85ef3a572881c8e28ccd59?s=96&d=mm&r=g\",\"contentUrl\":\"https:\\\/\\\/secure.gravatar.com\\\/avatar\\\/3c9179cf0256d00c72a48d1f25783c58b6842cd56e85ef3a572881c8e28ccd59?s=96&d=mm&r=g\",\"caption\":\"ppdegaliciaredes\"},\"url\":\"https:\\\/\\\/ppdegalicia.com\\\/es\\\/author\\\/ppdegaliciaredes\\\/\"}]}<\/script>\n<!-- \/ Yoast SEO plugin. -->","yoast_head_json":{"title":"O PPdeG denuncia que Santiago de Compostela est\u00e1 \u201cao l\u00edmite\u201d por culpa dun goberno do BNG \u201cdesbordado\u201d e \u201cincapaz de xestionar\u201d - PP de Galicia","description":"O Partido Popular de Galicia denuncia que Santiago de Compostela est\u00e1 \u201cao l\u00edmite\u201d e que a s\u00faa cidadan\u00eda \u201cnon merece estar en mans dun goberno do BNG desbordado e que non \u00e9 quen de xestionar unha cidade que \u00e9 a capital de Galicia e un reflexo para todo o mundo\u201d.","robots":{"index":"index","follow":"follow","max-snippet":"max-snippet:-1","max-image-preview":"max-image-preview:large","max-video-preview":"max-video-preview:-1"},"canonical":"https:\/\/ppdegalicia.com\/es\/o-ppdeg-denuncia-que-santiago-de-compostela-esta-ao-limite-por-culpa-dun-goberno-do-bng-desbordado-e-incapaz-de-xestionar\/","og_locale":"es_ES","og_type":"article","og_title":"O PPdeG denuncia que Santiago de Compostela est\u00e1 \u201cao l\u00edmite\u201d por culpa dun goberno do BNG \u201cdesbordado\u201d e \u201cincapaz de xestionar\u201d - PP de Galicia","og_description":"O Partido Popular de Galicia denuncia que Santiago de Compostela est\u00e1 \u201cao l\u00edmite\u201d e que a s\u00faa cidadan\u00eda \u201cnon merece estar en mans dun goberno do BNG desbordado e que non \u00e9 quen de xestionar unha cidade que \u00e9 a capital de Galicia e un reflexo para todo o mundo\u201d.","og_url":"https:\/\/ppdegalicia.com\/es\/o-ppdeg-denuncia-que-santiago-de-compostela-esta-ao-limite-por-culpa-dun-goberno-do-bng-desbordado-e-incapaz-de-xestionar\/","og_site_name":"PP de Galicia","article_publisher":"https:\/\/www.instagram.com\/ppdegalicia\/","article_published_time":"2025-11-14T12:59:32+00:00","og_image":[{"width":2560,"height":1707,"url":"https:\/\/ppdegalicia.com\/wp-content\/uploads\/2025\/11\/20251114_PPdeG_Bomberos_Santiago-scaled.jpg","type":"image\/jpeg"}],"author":"ppdegaliciaredes","twitter_card":"summary_large_image","twitter_creator":"@ppdegalicia","twitter_site":"@ppdegalicia","twitter_misc":{"Escrito por":"ppdegaliciaredes","Tiempo de lectura":"4 minutos"},"schema":{"@context":"https:\/\/schema.org","@graph":[{"@type":"Article","@id":"https:\/\/ppdegalicia.com\/es\/o-ppdeg-denuncia-que-santiago-de-compostela-esta-ao-limite-por-culpa-dun-goberno-do-bng-desbordado-e-incapaz-de-xestionar\/#article","isPartOf":{"@id":"https:\/\/ppdegalicia.com\/es\/o-ppdeg-denuncia-que-santiago-de-compostela-esta-ao-limite-por-culpa-dun-goberno-do-bng-desbordado-e-incapaz-de-xestionar\/"},"author":{"name":"ppdegaliciaredes","@id":"https:\/\/ppdegalicia.com\/es\/#\/schema\/person\/5b822c6f59e872ebdd1142f307dbcb59"},"headline":"O PPdeG denuncia que Santiago de Compostela est\u00e1 \u201cao l\u00edmite\u201d por culpa dun goberno do BNG \u201cdesbordado\u201d e \u201cincapaz de xestionar\u201d","datePublished":"2025-11-14T12:59:32+00:00","mainEntityOfPage":{"@id":"https:\/\/ppdegalicia.com\/es\/o-ppdeg-denuncia-que-santiago-de-compostela-esta-ao-limite-por-culpa-dun-goberno-do-bng-desbordado-e-incapaz-de-xestionar\/"},"wordCount":746,"publisher":{"@id":"https:\/\/ppdegalicia.com\/es\/#organization"},"image":{"@id":"https:\/\/ppdegalicia.com\/es\/o-ppdeg-denuncia-que-santiago-de-compostela-esta-ao-limite-por-culpa-dun-goberno-do-bng-desbordado-e-incapaz-de-xestionar\/#primaryimage"},"thumbnailUrl":"https:\/\/ppdegalicia.com\/wp-content\/uploads\/2025\/11\/20251114_PPdeG_Bomberos_Santiago-scaled.jpg","articleSection":["PP de Galicia"],"inLanguage":"es"},{"@type":"WebPage","@id":"https:\/\/ppdegalicia.com\/es\/o-ppdeg-denuncia-que-santiago-de-compostela-esta-ao-limite-por-culpa-dun-goberno-do-bng-desbordado-e-incapaz-de-xestionar\/","url":"https:\/\/ppdegalicia.com\/es\/o-ppdeg-denuncia-que-santiago-de-compostela-esta-ao-limite-por-culpa-dun-goberno-do-bng-desbordado-e-incapaz-de-xestionar\/","name":"O PPdeG denuncia que Santiago de Compostela est\u00e1 \u201cao l\u00edmite\u201d por culpa dun goberno do BNG \u201cdesbordado\u201d e \u201cincapaz de xestionar\u201d - PP de Galicia","isPartOf":{"@id":"https:\/\/ppdegalicia.com\/es\/#website"},"primaryImageOfPage":{"@id":"https:\/\/ppdegalicia.com\/es\/o-ppdeg-denuncia-que-santiago-de-compostela-esta-ao-limite-por-culpa-dun-goberno-do-bng-desbordado-e-incapaz-de-xestionar\/#primaryimage"},"image":{"@id":"https:\/\/ppdegalicia.com\/es\/o-ppdeg-denuncia-que-santiago-de-compostela-esta-ao-limite-por-culpa-dun-goberno-do-bng-desbordado-e-incapaz-de-xestionar\/#primaryimage"},"thumbnailUrl":"https:\/\/ppdegalicia.com\/wp-content\/uploads\/2025\/11\/20251114_PPdeG_Bomberos_Santiago-scaled.jpg","datePublished":"2025-11-14T12:59:32+00:00","description":"O Partido Popular de Galicia denuncia que Santiago de Compostela est\u00e1 \u201cao l\u00edmite\u201d e que a s\u00faa cidadan\u00eda \u201cnon merece estar en mans dun goberno do BNG desbordado e que non \u00e9 quen de xestionar unha cidade que \u00e9 a capital de Galicia e un reflexo para todo o mundo\u201d.","breadcrumb":{"@id":"https:\/\/ppdegalicia.com\/es\/o-ppdeg-denuncia-que-santiago-de-compostela-esta-ao-limite-por-culpa-dun-goberno-do-bng-desbordado-e-incapaz-de-xestionar\/#breadcrumb"},"inLanguage":"es","potentialAction":[{"@type":"ReadAction","target":["https:\/\/ppdegalicia.com\/es\/o-ppdeg-denuncia-que-santiago-de-compostela-esta-ao-limite-por-culpa-dun-goberno-do-bng-desbordado-e-incapaz-de-xestionar\/"]}]},{"@type":"ImageObject","inLanguage":"es","@id":"https:\/\/ppdegalicia.com\/es\/o-ppdeg-denuncia-que-santiago-de-compostela-esta-ao-limite-por-culpa-dun-goberno-do-bng-desbordado-e-incapaz-de-xestionar\/#primaryimage","url":"https:\/\/ppdegalicia.com\/wp-content\/uploads\/2025\/11\/20251114_PPdeG_Bomberos_Santiago-scaled.jpg","contentUrl":"https:\/\/ppdegalicia.com\/wp-content\/uploads\/2025\/11\/20251114_PPdeG_Bomberos_Santiago-scaled.jpg","width":2560,"height":1707},{"@type":"BreadcrumbList","@id":"https:\/\/ppdegalicia.com\/es\/o-ppdeg-denuncia-que-santiago-de-compostela-esta-ao-limite-por-culpa-dun-goberno-do-bng-desbordado-e-incapaz-de-xestionar\/#breadcrumb","itemListElement":[{"@type":"ListItem","position":1,"name":"Portada","item":"https:\/\/ppdegalicia.com\/es\/"},{"@type":"ListItem","position":2,"name":"O PPdeG denuncia que Santiago de Compostela est\u00e1 \u201cao l\u00edmite\u201d por culpa dun goberno do BNG \u201cdesbordado\u201d e \u201cincapaz de xestionar\u201d"}]},{"@type":"WebSite","@id":"https:\/\/ppdegalicia.com\/es\/#website","url":"https:\/\/ppdegalicia.com\/es\/","name":"Partido Popular de Galicia","description":"Partido Popular de Galicia","publisher":{"@id":"https:\/\/ppdegalicia.com\/es\/#organization"},"alternateName":"PP de Galicia","potentialAction":[{"@type":"SearchAction","target":{"@type":"EntryPoint","urlTemplate":"https:\/\/ppdegalicia.com\/es\/?s={search_term_string}"},"query-input":{"@type":"PropertyValueSpecification","valueRequired":true,"valueName":"search_term_string"}}],"inLanguage":"es"},{"@type":"Organization","@id":"https:\/\/ppdegalicia.com\/es\/#organization","name":"Partido Popular de Galicia","alternateName":"PP de Galicia","url":"https:\/\/ppdegalicia.com\/es\/","logo":{"@type":"ImageObject","inLanguage":"es","@id":"https:\/\/ppdegalicia.com\/es\/#\/schema\/logo\/image\/","url":"https:\/\/ppdegalicia.com\/wp-content\/uploads\/2023\/04\/logoPP512.png","contentUrl":"https:\/\/ppdegalicia.com\/wp-content\/uploads\/2023\/04\/logoPP512.png","width":512,"height":512,"caption":"Partido Popular de Galicia"},"image":{"@id":"https:\/\/ppdegalicia.com\/es\/#\/schema\/logo\/image\/"},"sameAs":["https:\/\/www.instagram.com\/ppdegalicia\/","https:\/\/x.com\/ppdegalicia","https:\/\/www.tiktok.com\/@ppdegalicia","https:\/\/www.youtube.com\/user\/ppdegalicia"]},{"@type":"Person","@id":"https:\/\/ppdegalicia.com\/es\/#\/schema\/person\/5b822c6f59e872ebdd1142f307dbcb59","name":"ppdegaliciaredes","image":{"@type":"ImageObject","inLanguage":"es","@id":"https:\/\/secure.gravatar.com\/avatar\/3c9179cf0256d00c72a48d1f25783c58b6842cd56e85ef3a572881c8e28ccd59?s=96&d=mm&r=g","url":"https:\/\/secure.gravatar.com\/avatar\/3c9179cf0256d00c72a48d1f25783c58b6842cd56e85ef3a572881c8e28ccd59?s=96&d=mm&r=g","contentUrl":"https:\/\/secure.gravatar.com\/avatar\/3c9179cf0256d00c72a48d1f25783c58b6842cd56e85ef3a572881c8e28ccd59?s=96&d=mm&r=g","caption":"ppdegaliciaredes"},"url":"https:\/\/ppdegalicia.com\/es\/author\/ppdegaliciaredes\/"}]}},"_links":{"self":[{"href":"https:\/\/ppdegalicia.com\/es\/wp-json\/wp\/v2\/posts\/68971","targetHints":{"allow":["GET"]}}],"collection":[{"href":"https:\/\/ppdegalicia.com\/es\/wp-json\/wp\/v2\/posts"}],"about":[{"href":"https:\/\/ppdegalicia.com\/es\/wp-json\/wp\/v2\/types\/post"}],"author":[{"embeddable":true,"href":"https:\/\/ppdegalicia.com\/es\/wp-json\/wp\/v2\/users\/38"}],"replies":[{"embeddable":true,"href":"https:\/\/ppdegalicia.com\/es\/wp-json\/wp\/v2\/comments?post=68971"}],"version-history":[{"count":1,"href":"https:\/\/ppdegalicia.com\/es\/wp-json\/wp\/v2\/posts\/68971\/revisions"}],"predecessor-version":[{"id":68974,"href":"https:\/\/ppdegalicia.com\/es\/wp-json\/wp\/v2\/posts\/68971\/revisions\/68974"}],"wp:featuredmedia":[{"embeddable":true,"href":"https:\/\/ppdegalicia.com\/es\/wp-json\/wp\/v2\/media\/68972"}],"wp:attachment":[{"href":"https:\/\/ppdegalicia.com\/es\/wp-json\/wp\/v2\/media?parent=68971"}],"wp:term":[{"taxonomy":"category","embeddable":true,"href":"https:\/\/ppdegalicia.com\/es\/wp-json\/wp\/v2\/categories?post=68971"},{"taxonomy":"post_tag","embeddable":true,"href":"https:\/\/ppdegalicia.com\/es\/wp-json\/wp\/v2\/tags?post=68971"}],"curies":[{"name":"wp","href":"https:\/\/api.w.org\/{rel}","templated":true}]}}