{"id":68979,"date":"2025-11-16T15:49:51","date_gmt":"2025-11-16T14:49:51","guid":{"rendered":"https:\/\/ppdegalicia.com\/?p=68979"},"modified":"2025-11-16T15:49:51","modified_gmt":"2025-11-16T14:49:51","slug":"o-ppdeg-reivindica-o-seu-proxecto-de-futuro-para-galicia-fronte-a-corrupcion-e-a-falta-de-xestion-de-psoe-e-bng","status":"publish","type":"post","link":"https:\/\/ppdegalicia.com\/es\/o-ppdeg-reivindica-o-seu-proxecto-de-futuro-para-galicia-fronte-a-corrupcion-e-a-falta-de-xestion-de-psoe-e-bng\/","title":{"rendered":"O PPdeG reivindica o seu \u201cproxecto de futuro\u201d para Galicia fronte \u00e1 corrupci\u00f3n e a falta de xesti\u00f3n de PSOE e BNG"},"content":{"rendered":"<p style=\"font-weight: 400;\">O PPdeG reivindicou hoxe o seu \u201cproxecto de futuro\u201d para Galicia a trav\u00e9s duns Orzamentos pensados para mellorar os servizos p\u00fablicos e que contrastan coa corrupci\u00f3n, a falta de xesti\u00f3n e as liortas de PSOE e o BNG.<\/p>\n<p style=\"font-weight: 400;\">As\u00ed o manifestou a secretaria xeral Paula Prado en declaraci\u00f3ns aos medios antes de participar no Magosto do PP de Lal\u00edn, ao que asistiron m\u00e1is de 1.000 persoas e no que tam\u00e9n participaron o presidente provincial do PP de Pontevedra, Luis L\u00f3pez, varios responsables do Goberno galego como Rom\u00e1n Rodr\u00edguez e \u00c1nxeles V\u00e1zquez e o alcalde Jos\u00e9 Crespo, entre outros.<\/p>\n<p style=\"font-weight: 400;\">\u201cA estabilidade, o sentidi\u00f1o e a xesti\u00f3n que caracterizan a Galicia perm\u00edtennos aprobar os nosos Orzamentos ano a ano e, grazas a iso, contar cunha mellor sanidade, unha mellor educaci\u00f3n ou mellores servizos de dependencia en Lal\u00edn e no resto de Galicia\u201d, explicou a n\u00famero dous dos populares galegos ao respecto dunhas contas que seguen avanzando na s\u00faa tramitaci\u00f3n e que ser\u00e1n as d\u00e9cimo s\u00e9timas \u201caprobadas en tempo e forma\u201d de xeito consecutivo.<\/p>\n<p style=\"font-weight: 400;\">En contraposici\u00f3n, recordou que o Goberno de Pedro S\u00e1nchez segue gui\u00e1ndose por uns Presupostos Xerais do Estado aprobados en 2022. Algo que, na s\u00faa opini\u00f3n, fai \u201cimposible\u201d atender as necesidades de mellora constante dos servizos p\u00fablicos.<\/p>\n<p style=\"font-weight: 400;\">Unha falta de xesti\u00f3n e un desleixo coas necesidades do territorio das que puxo como exemplo a Lei de Mobilidade coa que o Goberno central, coa \u201ccomplicidade\u201d do BNG, pretend\u00eda suprimir as paradas de bus estatais de 22 concellos galegos e unha delas en Lal\u00edn. \u201cPor sorte e grazas ao traballo dos nosos deputados e senadores a trav\u00e9s das emendas que foron aprobadas esta semana, o PP evitou que esas paradas se suprimiran\u201d, apuntou.<\/p>\n<p style=\"font-weight: 400;\">\u201cMenos mal que en Galicia, como en Lal\u00edn, goberna un partido que fala de futuro, de proxectos e de prosperidade e non de corrupci\u00f3n e pelexas\u201d, conclu\u00edu a secretaria xeral dos populares galegos.<\/p>\n<p style=\"font-weight: 400;\"><strong><u>\u201cANA PONT\u00d3N FOI A ARXENTINA A AVALAR A CORRUPCI\u00d3N\u201d<\/u><\/strong><\/p>\n<p style=\"font-weight: 400;\">Paula Prado tam\u00e9n aproveitou \u00e1 ocasi\u00f3n para referirse \u00e1 viaxe que Ana Pont\u00f3n realizou a Arxentina e na que se reuniu con Cristina Fern\u00e1ndez de Kirchner, condenada a arresto domiciliario por delitos de corrupci\u00f3n e inhabilitada para exercer cargos p\u00fablicos.<\/p>\n<p style=\"font-weight: 400;\">\u201cAna Pont\u00f3n foi al\u00ed a avalar a corrupci\u00f3n e a criticar aos xu\u00edces\u201d, asegurou sobre este asunto ao tempo que confirmaba que \u201co modelo do BNG non pode estar m\u00e1is afastado do modelo de sentidi\u00f1o da maior\u00eda dos galegos e galegas\u201d.<\/p>\n<p style=\"font-weight: 400;\"><strong><u>O \u201cM\u00daSCULO FORTE\u201d DO PP NA COMARCA DO DEZA<\/u><\/strong><\/p>\n<p style=\"font-weight: 400;\">Pola s\u00faa banda, o alcalde Jos\u00e9 Crespo puxo en valor a asistencia de m\u00e1is dun milleiro de persoas ao acto celebrado por primeira vez no Lal\u00edn Arena \u2013debido \u00e1 gran afluencia\u2013 na medida en que \u201cisto demostra que o m\u00fasculo do PP de Lal\u00edn e de toda a comarca do Deza est\u00e1 forte\u201d.<\/p>\n<p style=\"font-weight: 400;\">O obxectivo do partido na xornada de hoxe \u00e9, segundo explicou, facer part\u00edcipe \u00e1 militancia do proxecto que o PP ten para Lal\u00edn: \u201cA\u00ednda nos queda cami\u00f1o por percorrer, pero sen un partido como este ser\u00eda dif\u00edcil conseguir todos os obxectivos que temos marcados e que se est\u00e1n conseguindo pouco a pouco\u201d.<\/p>\n","protected":false},"excerpt":{"rendered":"<p>O PPdeG reivindicou hoxe o seu \u201cproxecto de futuro\u201d para Galicia a trav\u00e9s duns Orzamentos pensados para mellorar os servizos p\u00fablicos e que contrastan coa corrupci\u00f3n, a falta de xesti\u00f3n e as liortas de PSOE e o BNG. As\u00ed o manifestou a secretaria xeral Paula Prado en declaraci\u00f3ns aos medios antes de participar no Magosto [&hellip;]<\/p>\n","protected":false},"author":38,"featured_media":68980,"comment_status":"closed","ping_status":"open","sticky":false,"template":"","format":"standard","meta":{"_acf_changed":false,"footnotes":""},"categories":[1],"tags":[],"class_list":["post-68979","post","type-post","status-publish","format-standard","has-post-thumbnail","hentry","category-pp-de-galicia"],"acf":[],"yoast_head":"<!-- This site is optimized with the Yoast SEO plugin v27.3 - https:\/\/yoast.com\/product\/yoast-seo-wordpress\/ -->\n<title>O PPdeG reivindica o seu \u201cproxecto de futuro\u201d para Galicia fronte \u00e1 corrupci\u00f3n e a falta de xesti\u00f3n de PSOE e BNG - PP de Galicia<\/title>\n<meta name=\"description\" content=\"O PPdeG reivindicou hoxe o seu \u201cproxecto de futuro\u201d para Galicia a trav\u00e9s duns Orzamentos pensados para mellorar os servizos p\u00fablicos e que contrastan coa corrupci\u00f3n, a falta de xesti\u00f3n e as liortas de PSOE e o BNG.\" \/>\n<meta name=\"robots\" content=\"index, follow, max-snippet:-1, max-image-preview:large, max-video-preview:-1\" \/>\n<link rel=\"canonical\" href=\"https:\/\/ppdegalicia.com\/es\/o-ppdeg-reivindica-o-seu-proxecto-de-futuro-para-galicia-fronte-a-corrupcion-e-a-falta-de-xestion-de-psoe-e-bng\/\" \/>\n<meta property=\"og:locale\" content=\"es_ES\" \/>\n<meta property=\"og:type\" content=\"article\" \/>\n<meta property=\"og:title\" content=\"O PPdeG reivindica o seu \u201cproxecto de futuro\u201d para Galicia fronte \u00e1 corrupci\u00f3n e a falta de xesti\u00f3n de PSOE e BNG - PP de Galicia\" \/>\n<meta property=\"og:description\" content=\"O PPdeG reivindicou hoxe o seu \u201cproxecto de futuro\u201d para Galicia a trav\u00e9s duns Orzamentos pensados para mellorar os servizos p\u00fablicos e que contrastan coa corrupci\u00f3n, a falta de xesti\u00f3n e as liortas de PSOE e o BNG.\" \/>\n<meta property=\"og:url\" content=\"https:\/\/ppdegalicia.com\/es\/o-ppdeg-reivindica-o-seu-proxecto-de-futuro-para-galicia-fronte-a-corrupcion-e-a-falta-de-xestion-de-psoe-e-bng\/\" \/>\n<meta property=\"og:site_name\" content=\"PP de Galicia\" \/>\n<meta property=\"article:publisher\" content=\"https:\/\/www.instagram.com\/ppdegalicia\/\" \/>\n<meta property=\"article:published_time\" content=\"2025-11-16T14:49:51+00:00\" \/>\n<meta property=\"og:image\" content=\"https:\/\/ppdegalicia.com\/wp-content\/uploads\/2025\/11\/20251116_PPrado_Magosto_Lalin_1-scaled.jpg\" \/>\n\t<meta property=\"og:image:width\" content=\"2560\" \/>\n\t<meta property=\"og:image:height\" content=\"1707\" \/>\n\t<meta property=\"og:image:type\" content=\"image\/jpeg\" \/>\n<meta name=\"author\" content=\"ppdegaliciaredes\" \/>\n<meta name=\"twitter:card\" content=\"summary_large_image\" \/>\n<meta name=\"twitter:creator\" content=\"@ppdegalicia\" \/>\n<meta name=\"twitter:site\" content=\"@ppdegalicia\" \/>\n<meta name=\"twitter:label1\" content=\"Escrito por\" \/>\n\t<meta name=\"twitter:data1\" content=\"ppdegaliciaredes\" \/>\n\t<meta name=\"twitter:label2\" content=\"Tiempo de lectura\" \/>\n\t<meta name=\"twitter:data2\" content=\"4 minutos\" \/>\n<script type=\"application\/ld+json\" class=\"yoast-schema-graph\">{\"@context\":\"https:\\\/\\\/schema.org\",\"@graph\":[{\"@type\":\"Article\",\"@id\":\"https:\\\/\\\/ppdegalicia.com\\\/es\\\/o-ppdeg-reivindica-o-seu-proxecto-de-futuro-para-galicia-fronte-a-corrupcion-e-a-falta-de-xestion-de-psoe-e-bng\\\/#article\",\"isPartOf\":{\"@id\":\"https:\\\/\\\/ppdegalicia.com\\\/es\\\/o-ppdeg-reivindica-o-seu-proxecto-de-futuro-para-galicia-fronte-a-corrupcion-e-a-falta-de-xestion-de-psoe-e-bng\\\/\"},\"author\":{\"name\":\"ppdegaliciaredes\",\"@id\":\"https:\\\/\\\/ppdegalicia.com\\\/es\\\/#\\\/schema\\\/person\\\/5b822c6f59e872ebdd1142f307dbcb59\"},\"headline\":\"O PPdeG reivindica o seu \u201cproxecto de futuro\u201d para Galicia fronte \u00e1 corrupci\u00f3n e a falta de xesti\u00f3n de PSOE e BNG\",\"datePublished\":\"2025-11-16T14:49:51+00:00\",\"mainEntityOfPage\":{\"@id\":\"https:\\\/\\\/ppdegalicia.com\\\/es\\\/o-ppdeg-reivindica-o-seu-proxecto-de-futuro-para-galicia-fronte-a-corrupcion-e-a-falta-de-xestion-de-psoe-e-bng\\\/\"},\"wordCount\":596,\"publisher\":{\"@id\":\"https:\\\/\\\/ppdegalicia.com\\\/es\\\/#organization\"},\"image\":{\"@id\":\"https:\\\/\\\/ppdegalicia.com\\\/es\\\/o-ppdeg-reivindica-o-seu-proxecto-de-futuro-para-galicia-fronte-a-corrupcion-e-a-falta-de-xestion-de-psoe-e-bng\\\/#primaryimage\"},\"thumbnailUrl\":\"https:\\\/\\\/ppdegalicia.com\\\/wp-content\\\/uploads\\\/2025\\\/11\\\/20251116_PPrado_Magosto_Lalin_1-scaled.jpg\",\"articleSection\":[\"PP de Galicia\"],\"inLanguage\":\"es\"},{\"@type\":\"WebPage\",\"@id\":\"https:\\\/\\\/ppdegalicia.com\\\/es\\\/o-ppdeg-reivindica-o-seu-proxecto-de-futuro-para-galicia-fronte-a-corrupcion-e-a-falta-de-xestion-de-psoe-e-bng\\\/\",\"url\":\"https:\\\/\\\/ppdegalicia.com\\\/es\\\/o-ppdeg-reivindica-o-seu-proxecto-de-futuro-para-galicia-fronte-a-corrupcion-e-a-falta-de-xestion-de-psoe-e-bng\\\/\",\"name\":\"O PPdeG reivindica o seu \u201cproxecto de futuro\u201d para Galicia fronte \u00e1 corrupci\u00f3n e a falta de xesti\u00f3n de PSOE e BNG - PP de Galicia\",\"isPartOf\":{\"@id\":\"https:\\\/\\\/ppdegalicia.com\\\/es\\\/#website\"},\"primaryImageOfPage\":{\"@id\":\"https:\\\/\\\/ppdegalicia.com\\\/es\\\/o-ppdeg-reivindica-o-seu-proxecto-de-futuro-para-galicia-fronte-a-corrupcion-e-a-falta-de-xestion-de-psoe-e-bng\\\/#primaryimage\"},\"image\":{\"@id\":\"https:\\\/\\\/ppdegalicia.com\\\/es\\\/o-ppdeg-reivindica-o-seu-proxecto-de-futuro-para-galicia-fronte-a-corrupcion-e-a-falta-de-xestion-de-psoe-e-bng\\\/#primaryimage\"},\"thumbnailUrl\":\"https:\\\/\\\/ppdegalicia.com\\\/wp-content\\\/uploads\\\/2025\\\/11\\\/20251116_PPrado_Magosto_Lalin_1-scaled.jpg\",\"datePublished\":\"2025-11-16T14:49:51+00:00\",\"description\":\"O PPdeG reivindicou hoxe o seu \u201cproxecto de futuro\u201d para Galicia a trav\u00e9s duns Orzamentos pensados para mellorar os servizos p\u00fablicos e que contrastan coa corrupci\u00f3n, a falta de xesti\u00f3n e as liortas de PSOE e o BNG.\",\"breadcrumb\":{\"@id\":\"https:\\\/\\\/ppdegalicia.com\\\/es\\\/o-ppdeg-reivindica-o-seu-proxecto-de-futuro-para-galicia-fronte-a-corrupcion-e-a-falta-de-xestion-de-psoe-e-bng\\\/#breadcrumb\"},\"inLanguage\":\"es\",\"potentialAction\":[{\"@type\":\"ReadAction\",\"target\":[\"https:\\\/\\\/ppdegalicia.com\\\/es\\\/o-ppdeg-reivindica-o-seu-proxecto-de-futuro-para-galicia-fronte-a-corrupcion-e-a-falta-de-xestion-de-psoe-e-bng\\\/\"]}]},{\"@type\":\"ImageObject\",\"inLanguage\":\"es\",\"@id\":\"https:\\\/\\\/ppdegalicia.com\\\/es\\\/o-ppdeg-reivindica-o-seu-proxecto-de-futuro-para-galicia-fronte-a-corrupcion-e-a-falta-de-xestion-de-psoe-e-bng\\\/#primaryimage\",\"url\":\"https:\\\/\\\/ppdegalicia.com\\\/wp-content\\\/uploads\\\/2025\\\/11\\\/20251116_PPrado_Magosto_Lalin_1-scaled.jpg\",\"contentUrl\":\"https:\\\/\\\/ppdegalicia.com\\\/wp-content\\\/uploads\\\/2025\\\/11\\\/20251116_PPrado_Magosto_Lalin_1-scaled.jpg\",\"width\":2560,\"height\":1707},{\"@type\":\"BreadcrumbList\",\"@id\":\"https:\\\/\\\/ppdegalicia.com\\\/es\\\/o-ppdeg-reivindica-o-seu-proxecto-de-futuro-para-galicia-fronte-a-corrupcion-e-a-falta-de-xestion-de-psoe-e-bng\\\/#breadcrumb\",\"itemListElement\":[{\"@type\":\"ListItem\",\"position\":1,\"name\":\"Portada\",\"item\":\"https:\\\/\\\/ppdegalicia.com\\\/es\\\/\"},{\"@type\":\"ListItem\",\"position\":2,\"name\":\"O PPdeG reivindica o seu \u201cproxecto de futuro\u201d para Galicia fronte \u00e1 corrupci\u00f3n e a falta de xesti\u00f3n de PSOE e BNG\"}]},{\"@type\":\"WebSite\",\"@id\":\"https:\\\/\\\/ppdegalicia.com\\\/es\\\/#website\",\"url\":\"https:\\\/\\\/ppdegalicia.com\\\/es\\\/\",\"name\":\"Partido Popular de Galicia\",\"description\":\"Partido Popular de Galicia\",\"publisher\":{\"@id\":\"https:\\\/\\\/ppdegalicia.com\\\/es\\\/#organization\"},\"alternateName\":\"PP de Galicia\",\"potentialAction\":[{\"@type\":\"SearchAction\",\"target\":{\"@type\":\"EntryPoint\",\"urlTemplate\":\"https:\\\/\\\/ppdegalicia.com\\\/es\\\/?s={search_term_string}\"},\"query-input\":{\"@type\":\"PropertyValueSpecification\",\"valueRequired\":true,\"valueName\":\"search_term_string\"}}],\"inLanguage\":\"es\"},{\"@type\":\"Organization\",\"@id\":\"https:\\\/\\\/ppdegalicia.com\\\/es\\\/#organization\",\"name\":\"Partido Popular de Galicia\",\"alternateName\":\"PP de Galicia\",\"url\":\"https:\\\/\\\/ppdegalicia.com\\\/es\\\/\",\"logo\":{\"@type\":\"ImageObject\",\"inLanguage\":\"es\",\"@id\":\"https:\\\/\\\/ppdegalicia.com\\\/es\\\/#\\\/schema\\\/logo\\\/image\\\/\",\"url\":\"https:\\\/\\\/ppdegalicia.com\\\/wp-content\\\/uploads\\\/2023\\\/04\\\/logoPP512.png\",\"contentUrl\":\"https:\\\/\\\/ppdegalicia.com\\\/wp-content\\\/uploads\\\/2023\\\/04\\\/logoPP512.png\",\"width\":512,\"height\":512,\"caption\":\"Partido Popular de Galicia\"},\"image\":{\"@id\":\"https:\\\/\\\/ppdegalicia.com\\\/es\\\/#\\\/schema\\\/logo\\\/image\\\/\"},\"sameAs\":[\"https:\\\/\\\/www.instagram.com\\\/ppdegalicia\\\/\",\"https:\\\/\\\/x.com\\\/ppdegalicia\",\"https:\\\/\\\/www.tiktok.com\\\/@ppdegalicia\",\"https:\\\/\\\/www.youtube.com\\\/user\\\/ppdegalicia\"]},{\"@type\":\"Person\",\"@id\":\"https:\\\/\\\/ppdegalicia.com\\\/es\\\/#\\\/schema\\\/person\\\/5b822c6f59e872ebdd1142f307dbcb59\",\"name\":\"ppdegaliciaredes\",\"image\":{\"@type\":\"ImageObject\",\"inLanguage\":\"es\",\"@id\":\"https:\\\/\\\/secure.gravatar.com\\\/avatar\\\/3c9179cf0256d00c72a48d1f25783c58b6842cd56e85ef3a572881c8e28ccd59?s=96&d=mm&r=g\",\"url\":\"https:\\\/\\\/secure.gravatar.com\\\/avatar\\\/3c9179cf0256d00c72a48d1f25783c58b6842cd56e85ef3a572881c8e28ccd59?s=96&d=mm&r=g\",\"contentUrl\":\"https:\\\/\\\/secure.gravatar.com\\\/avatar\\\/3c9179cf0256d00c72a48d1f25783c58b6842cd56e85ef3a572881c8e28ccd59?s=96&d=mm&r=g\",\"caption\":\"ppdegaliciaredes\"},\"url\":\"https:\\\/\\\/ppdegalicia.com\\\/es\\\/author\\\/ppdegaliciaredes\\\/\"}]}<\/script>\n<!-- \/ Yoast SEO plugin. -->","yoast_head_json":{"title":"O PPdeG reivindica o seu \u201cproxecto de futuro\u201d para Galicia fronte \u00e1 corrupci\u00f3n e a falta de xesti\u00f3n de PSOE e BNG - PP de Galicia","description":"O PPdeG reivindicou hoxe o seu \u201cproxecto de futuro\u201d para Galicia a trav\u00e9s duns Orzamentos pensados para mellorar os servizos p\u00fablicos e que contrastan coa corrupci\u00f3n, a falta de xesti\u00f3n e as liortas de PSOE e o BNG.","robots":{"index":"index","follow":"follow","max-snippet":"max-snippet:-1","max-image-preview":"max-image-preview:large","max-video-preview":"max-video-preview:-1"},"canonical":"https:\/\/ppdegalicia.com\/es\/o-ppdeg-reivindica-o-seu-proxecto-de-futuro-para-galicia-fronte-a-corrupcion-e-a-falta-de-xestion-de-psoe-e-bng\/","og_locale":"es_ES","og_type":"article","og_title":"O PPdeG reivindica o seu \u201cproxecto de futuro\u201d para Galicia fronte \u00e1 corrupci\u00f3n e a falta de xesti\u00f3n de PSOE e BNG - PP de Galicia","og_description":"O PPdeG reivindicou hoxe o seu \u201cproxecto de futuro\u201d para Galicia a trav\u00e9s duns Orzamentos pensados para mellorar os servizos p\u00fablicos e que contrastan coa corrupci\u00f3n, a falta de xesti\u00f3n e as liortas de PSOE e o BNG.","og_url":"https:\/\/ppdegalicia.com\/es\/o-ppdeg-reivindica-o-seu-proxecto-de-futuro-para-galicia-fronte-a-corrupcion-e-a-falta-de-xestion-de-psoe-e-bng\/","og_site_name":"PP de Galicia","article_publisher":"https:\/\/www.instagram.com\/ppdegalicia\/","article_published_time":"2025-11-16T14:49:51+00:00","og_image":[{"width":2560,"height":1707,"url":"https:\/\/ppdegalicia.com\/wp-content\/uploads\/2025\/11\/20251116_PPrado_Magosto_Lalin_1-scaled.jpg","type":"image\/jpeg"}],"author":"ppdegaliciaredes","twitter_card":"summary_large_image","twitter_creator":"@ppdegalicia","twitter_site":"@ppdegalicia","twitter_misc":{"Escrito por":"ppdegaliciaredes","Tiempo de lectura":"4 minutos"},"schema":{"@context":"https:\/\/schema.org","@graph":[{"@type":"Article","@id":"https:\/\/ppdegalicia.com\/es\/o-ppdeg-reivindica-o-seu-proxecto-de-futuro-para-galicia-fronte-a-corrupcion-e-a-falta-de-xestion-de-psoe-e-bng\/#article","isPartOf":{"@id":"https:\/\/ppdegalicia.com\/es\/o-ppdeg-reivindica-o-seu-proxecto-de-futuro-para-galicia-fronte-a-corrupcion-e-a-falta-de-xestion-de-psoe-e-bng\/"},"author":{"name":"ppdegaliciaredes","@id":"https:\/\/ppdegalicia.com\/es\/#\/schema\/person\/5b822c6f59e872ebdd1142f307dbcb59"},"headline":"O PPdeG reivindica o seu \u201cproxecto de futuro\u201d para Galicia fronte \u00e1 corrupci\u00f3n e a falta de xesti\u00f3n de PSOE e BNG","datePublished":"2025-11-16T14:49:51+00:00","mainEntityOfPage":{"@id":"https:\/\/ppdegalicia.com\/es\/o-ppdeg-reivindica-o-seu-proxecto-de-futuro-para-galicia-fronte-a-corrupcion-e-a-falta-de-xestion-de-psoe-e-bng\/"},"wordCount":596,"publisher":{"@id":"https:\/\/ppdegalicia.com\/es\/#organization"},"image":{"@id":"https:\/\/ppdegalicia.com\/es\/o-ppdeg-reivindica-o-seu-proxecto-de-futuro-para-galicia-fronte-a-corrupcion-e-a-falta-de-xestion-de-psoe-e-bng\/#primaryimage"},"thumbnailUrl":"https:\/\/ppdegalicia.com\/wp-content\/uploads\/2025\/11\/20251116_PPrado_Magosto_Lalin_1-scaled.jpg","articleSection":["PP de Galicia"],"inLanguage":"es"},{"@type":"WebPage","@id":"https:\/\/ppdegalicia.com\/es\/o-ppdeg-reivindica-o-seu-proxecto-de-futuro-para-galicia-fronte-a-corrupcion-e-a-falta-de-xestion-de-psoe-e-bng\/","url":"https:\/\/ppdegalicia.com\/es\/o-ppdeg-reivindica-o-seu-proxecto-de-futuro-para-galicia-fronte-a-corrupcion-e-a-falta-de-xestion-de-psoe-e-bng\/","name":"O PPdeG reivindica o seu \u201cproxecto de futuro\u201d para Galicia fronte \u00e1 corrupci\u00f3n e a falta de xesti\u00f3n de PSOE e BNG - PP de Galicia","isPartOf":{"@id":"https:\/\/ppdegalicia.com\/es\/#website"},"primaryImageOfPage":{"@id":"https:\/\/ppdegalicia.com\/es\/o-ppdeg-reivindica-o-seu-proxecto-de-futuro-para-galicia-fronte-a-corrupcion-e-a-falta-de-xestion-de-psoe-e-bng\/#primaryimage"},"image":{"@id":"https:\/\/ppdegalicia.com\/es\/o-ppdeg-reivindica-o-seu-proxecto-de-futuro-para-galicia-fronte-a-corrupcion-e-a-falta-de-xestion-de-psoe-e-bng\/#primaryimage"},"thumbnailUrl":"https:\/\/ppdegalicia.com\/wp-content\/uploads\/2025\/11\/20251116_PPrado_Magosto_Lalin_1-scaled.jpg","datePublished":"2025-11-16T14:49:51+00:00","description":"O PPdeG reivindicou hoxe o seu \u201cproxecto de futuro\u201d para Galicia a trav\u00e9s duns Orzamentos pensados para mellorar os servizos p\u00fablicos e que contrastan coa corrupci\u00f3n, a falta de xesti\u00f3n e as liortas de PSOE e o BNG.","breadcrumb":{"@id":"https:\/\/ppdegalicia.com\/es\/o-ppdeg-reivindica-o-seu-proxecto-de-futuro-para-galicia-fronte-a-corrupcion-e-a-falta-de-xestion-de-psoe-e-bng\/#breadcrumb"},"inLanguage":"es","potentialAction":[{"@type":"ReadAction","target":["https:\/\/ppdegalicia.com\/es\/o-ppdeg-reivindica-o-seu-proxecto-de-futuro-para-galicia-fronte-a-corrupcion-e-a-falta-de-xestion-de-psoe-e-bng\/"]}]},{"@type":"ImageObject","inLanguage":"es","@id":"https:\/\/ppdegalicia.com\/es\/o-ppdeg-reivindica-o-seu-proxecto-de-futuro-para-galicia-fronte-a-corrupcion-e-a-falta-de-xestion-de-psoe-e-bng\/#primaryimage","url":"https:\/\/ppdegalicia.com\/wp-content\/uploads\/2025\/11\/20251116_PPrado_Magosto_Lalin_1-scaled.jpg","contentUrl":"https:\/\/ppdegalicia.com\/wp-content\/uploads\/2025\/11\/20251116_PPrado_Magosto_Lalin_1-scaled.jpg","width":2560,"height":1707},{"@type":"BreadcrumbList","@id":"https:\/\/ppdegalicia.com\/es\/o-ppdeg-reivindica-o-seu-proxecto-de-futuro-para-galicia-fronte-a-corrupcion-e-a-falta-de-xestion-de-psoe-e-bng\/#breadcrumb","itemListElement":[{"@type":"ListItem","position":1,"name":"Portada","item":"https:\/\/ppdegalicia.com\/es\/"},{"@type":"ListItem","position":2,"name":"O PPdeG reivindica o seu \u201cproxecto de futuro\u201d para Galicia fronte \u00e1 corrupci\u00f3n e a falta de xesti\u00f3n de PSOE e BNG"}]},{"@type":"WebSite","@id":"https:\/\/ppdegalicia.com\/es\/#website","url":"https:\/\/ppdegalicia.com\/es\/","name":"Partido Popular de Galicia","description":"Partido Popular de Galicia","publisher":{"@id":"https:\/\/ppdegalicia.com\/es\/#organization"},"alternateName":"PP de Galicia","potentialAction":[{"@type":"SearchAction","target":{"@type":"EntryPoint","urlTemplate":"https:\/\/ppdegalicia.com\/es\/?s={search_term_string}"},"query-input":{"@type":"PropertyValueSpecification","valueRequired":true,"valueName":"search_term_string"}}],"inLanguage":"es"},{"@type":"Organization","@id":"https:\/\/ppdegalicia.com\/es\/#organization","name":"Partido Popular de Galicia","alternateName":"PP de Galicia","url":"https:\/\/ppdegalicia.com\/es\/","logo":{"@type":"ImageObject","inLanguage":"es","@id":"https:\/\/ppdegalicia.com\/es\/#\/schema\/logo\/image\/","url":"https:\/\/ppdegalicia.com\/wp-content\/uploads\/2023\/04\/logoPP512.png","contentUrl":"https:\/\/ppdegalicia.com\/wp-content\/uploads\/2023\/04\/logoPP512.png","width":512,"height":512,"caption":"Partido Popular de Galicia"},"image":{"@id":"https:\/\/ppdegalicia.com\/es\/#\/schema\/logo\/image\/"},"sameAs":["https:\/\/www.instagram.com\/ppdegalicia\/","https:\/\/x.com\/ppdegalicia","https:\/\/www.tiktok.com\/@ppdegalicia","https:\/\/www.youtube.com\/user\/ppdegalicia"]},{"@type":"Person","@id":"https:\/\/ppdegalicia.com\/es\/#\/schema\/person\/5b822c6f59e872ebdd1142f307dbcb59","name":"ppdegaliciaredes","image":{"@type":"ImageObject","inLanguage":"es","@id":"https:\/\/secure.gravatar.com\/avatar\/3c9179cf0256d00c72a48d1f25783c58b6842cd56e85ef3a572881c8e28ccd59?s=96&d=mm&r=g","url":"https:\/\/secure.gravatar.com\/avatar\/3c9179cf0256d00c72a48d1f25783c58b6842cd56e85ef3a572881c8e28ccd59?s=96&d=mm&r=g","contentUrl":"https:\/\/secure.gravatar.com\/avatar\/3c9179cf0256d00c72a48d1f25783c58b6842cd56e85ef3a572881c8e28ccd59?s=96&d=mm&r=g","caption":"ppdegaliciaredes"},"url":"https:\/\/ppdegalicia.com\/es\/author\/ppdegaliciaredes\/"}]}},"_links":{"self":[{"href":"https:\/\/ppdegalicia.com\/es\/wp-json\/wp\/v2\/posts\/68979","targetHints":{"allow":["GET"]}}],"collection":[{"href":"https:\/\/ppdegalicia.com\/es\/wp-json\/wp\/v2\/posts"}],"about":[{"href":"https:\/\/ppdegalicia.com\/es\/wp-json\/wp\/v2\/types\/post"}],"author":[{"embeddable":true,"href":"https:\/\/ppdegalicia.com\/es\/wp-json\/wp\/v2\/users\/38"}],"replies":[{"embeddable":true,"href":"https:\/\/ppdegalicia.com\/es\/wp-json\/wp\/v2\/comments?post=68979"}],"version-history":[{"count":1,"href":"https:\/\/ppdegalicia.com\/es\/wp-json\/wp\/v2\/posts\/68979\/revisions"}],"predecessor-version":[{"id":68982,"href":"https:\/\/ppdegalicia.com\/es\/wp-json\/wp\/v2\/posts\/68979\/revisions\/68982"}],"wp:featuredmedia":[{"embeddable":true,"href":"https:\/\/ppdegalicia.com\/es\/wp-json\/wp\/v2\/media\/68980"}],"wp:attachment":[{"href":"https:\/\/ppdegalicia.com\/es\/wp-json\/wp\/v2\/media?parent=68979"}],"wp:term":[{"taxonomy":"category","embeddable":true,"href":"https:\/\/ppdegalicia.com\/es\/wp-json\/wp\/v2\/categories?post=68979"},{"taxonomy":"post_tag","embeddable":true,"href":"https:\/\/ppdegalicia.com\/es\/wp-json\/wp\/v2\/tags?post=68979"}],"curies":[{"name":"wp","href":"https:\/\/api.w.org\/{rel}","templated":true}]}}