{"id":68991,"date":"2025-11-16T11:34:08","date_gmt":"2025-11-16T10:34:08","guid":{"rendered":"https:\/\/ppdegalicia.com\/?p=68991"},"modified":"2025-11-17T10:35:44","modified_gmt":"2025-11-17T09:35:44","slug":"deputados-alcaldes-e-voceiros-do-pp-do-baixo-mino-denuncian-que-o-goberno-central-sigue-se-facer-nada-para-mellorar-a-situacion-do-rio-mino","status":"publish","type":"post","link":"https:\/\/ppdegalicia.com\/es\/deputados-alcaldes-e-voceiros-do-pp-do-baixo-mino-denuncian-que-o-goberno-central-sigue-se-facer-nada-para-mellorar-a-situacion-do-rio-mino\/","title":{"rendered":"Deputados, alcaldes e voceiros do PP do Baixo Mi\u00f1o denuncian que o Goberno central sigue se facer nada para mellorar a situaci\u00f3n do r\u00edo Mi\u00f1o"},"content":{"rendered":"<p>Os deputados do Grupo Popular Julio Garc\u00eda Comesa\u00f1a, Felisa Rodr\u00edguez e Manuel Santos, acompa\u00f1ados da deputada no Congreso, Irene Garrido, e alcaldes e portavoces do PP do Baixo Mi\u00f1o, denunciaron hoxe que o Goberno central \u201csiga sen facer absolutamente nada para mellorar a situaci\u00f3n do r\u00edo Mi\u00f1o e nin tan sequera a ministra para a Transici\u00f3n Ecol\u00f3xica tivo a ben atender a solicitude para manter unha reuni\u00f3n na que abordar a preocupante situaci\u00f3n ambiental do r\u00edo\u201d.<\/p>\n<p>Deputados, alcaldes e voceiros do PP nesta comarca volveron reiterar a s\u00faa demanda para que o Goberno central act\u00fae urxentemente no treito internacional da conca do r\u00edo Mi\u00f1o, que padece unha situaci\u00f3n cr\u00edtica a consecuencia da falta de control do caudal ecol\u00f3xico; a proliferaci\u00f3n de especies invasoras; o incremento da sedimentaci\u00f3n do leito fluvial, a consecuencia da prohibici\u00f3n de realizar un dragado; ou a obsolescencia do regulamento de navegaci\u00f3n e carencia de inspecci\u00f3ns adecuadas no transporte de pasaxeiros.<\/p>\n<p><strong><u>IGNORANDO AS PETICI\u00d3NS<\/u><\/strong><\/p>\n<p>\u201cA Xunta leva anos facendo o seu traballo e demostrando compromiso co r\u00edo Mi\u00f1o, pero sen a implicaci\u00f3n do Goberno central atopamos un muro de incompetencia e silencio\u201d, lamentou Julio Garc\u00eda Comesa\u00f1a, quen criticou a postura que est\u00e1 a manter o BNG nesta cuesti\u00f3n, xa que non foi quen de apoiar nin Parlamento galego nin no Senado as propostas concretas que se levaron a estas c\u00e1maras para mellorar a situaci\u00f3n.<\/p>\n<p>As\u00ed mesmo, os alcaldes e representantes municipais do Partido Popular no Baixo Mi\u00f1o denunciaron que o Goberno de Pedro S\u00e1nchez \u201cnon s\u00f3 non fixo nada, sen\u00f3n que segue ignorando as petici\u00f3ns dunha comarca que vive e depende do r\u00edo, ao tempo que se nega a reunirse para estudar a situaci\u00f3n e valorar as intervenci\u00f3ns necesarias que se deben acometer para mellorar a situaci\u00f3n do r\u00edo\u201d.<\/p>\n<p>Garc\u00eda Comesa\u00f1a afirmou que \u201cseguiremos insistindo nesta denuncia ata que o Goberno de Espa\u00f1a atenda as nosas demandas para mellorar a situaci\u00f3n que vive o Mi\u00f1o, un r\u00edo que non pode seguir neste estado de abandono e que merece toda a atenci\u00f3n que neste momento non ten desde o Goberno central\u201d.<\/p>\n","protected":false},"excerpt":{"rendered":"<p>Os deputados do Grupo Popular Julio Garc\u00eda Comesa\u00f1a, Felisa Rodr\u00edguez e Manuel Santos, acompa\u00f1ados da deputada no Congreso, Irene Garrido, e alcaldes e portavoces do PP do Baixo Mi\u00f1o, denunciaron hoxe que o Goberno central \u201csiga sen facer absolutamente nada para mellorar a situaci\u00f3n do r\u00edo Mi\u00f1o e nin tan sequera a ministra para a [&hellip;]<\/p>\n","protected":false},"author":38,"featured_media":68992,"comment_status":"closed","ping_status":"open","sticky":false,"template":"","format":"standard","meta":{"_acf_changed":false,"footnotes":""},"categories":[1128],"tags":[],"class_list":["post-68991","post","type-post","status-publish","format-standard","has-post-thumbnail","hentry","category-actualidad-parlamento-de-galicia"],"acf":[],"yoast_head":"<!-- This site is optimized with the Yoast SEO plugin v27.3 - https:\/\/yoast.com\/product\/yoast-seo-wordpress\/ -->\n<title>Deputados, alcaldes e voceiros do PP do Baixo Mi\u00f1o denuncian que o Goberno central sigue se facer nada para mellorar a situaci\u00f3n do r\u00edo Mi\u00f1o - PP de Galicia<\/title>\n<meta name=\"description\" content=\"Os deputados do Grupo Popular Julio Garc\u00eda Comesa\u00f1a, Felisa Rodr\u00edguez e Manuel Santos, acompa\u00f1ados da deputada no Congreso, Irene Garrido, e alcaldes e portavoces do PP do Baixo Mi\u00f1o, denunciaron hoxe que o Goberno central \u201csiga sen facer absolutamente nada para mellorar a situaci\u00f3n do r\u00edo Mi\u00f1o e nin tan sequera a ministra para a Transici\u00f3n Ecol\u00f3xica tivo a ben atender a solicitude para manter unha reuni\u00f3n na que abordar a preocupante situaci\u00f3n ambiental do r\u00edo\u201d.\" \/>\n<meta name=\"robots\" content=\"index, follow, max-snippet:-1, max-image-preview:large, max-video-preview:-1\" \/>\n<link rel=\"canonical\" href=\"https:\/\/ppdegalicia.com\/es\/deputados-alcaldes-e-voceiros-do-pp-do-baixo-mino-denuncian-que-o-goberno-central-sigue-se-facer-nada-para-mellorar-a-situacion-do-rio-mino\/\" \/>\n<meta property=\"og:locale\" content=\"es_ES\" \/>\n<meta property=\"og:type\" content=\"article\" \/>\n<meta property=\"og:title\" content=\"Deputados, alcaldes e voceiros do PP do Baixo Mi\u00f1o denuncian que o Goberno central sigue se facer nada para mellorar a situaci\u00f3n do r\u00edo Mi\u00f1o - PP de Galicia\" \/>\n<meta property=\"og:description\" content=\"Os deputados do Grupo Popular Julio Garc\u00eda Comesa\u00f1a, Felisa Rodr\u00edguez e Manuel Santos, acompa\u00f1ados da deputada no Congreso, Irene Garrido, e alcaldes e portavoces do PP do Baixo Mi\u00f1o, denunciaron hoxe que o Goberno central \u201csiga sen facer absolutamente nada para mellorar a situaci\u00f3n do r\u00edo Mi\u00f1o e nin tan sequera a ministra para a Transici\u00f3n Ecol\u00f3xica tivo a ben atender a solicitude para manter unha reuni\u00f3n na que abordar a preocupante situaci\u00f3n ambiental do r\u00edo\u201d.\" \/>\n<meta property=\"og:url\" content=\"https:\/\/ppdegalicia.com\/es\/deputados-alcaldes-e-voceiros-do-pp-do-baixo-mino-denuncian-que-o-goberno-central-sigue-se-facer-nada-para-mellorar-a-situacion-do-rio-mino\/\" \/>\n<meta property=\"og:site_name\" content=\"PP de Galicia\" \/>\n<meta property=\"article:publisher\" content=\"https:\/\/www.instagram.com\/ppdegalicia\/\" \/>\n<meta property=\"article:published_time\" content=\"2025-11-16T10:34:08+00:00\" \/>\n<meta property=\"article:modified_time\" content=\"2025-11-17T09:35:44+00:00\" \/>\n<meta property=\"og:image\" content=\"https:\/\/ppdegalicia.com\/wp-content\/uploads\/2025\/11\/Deputados-alcaldes-e-portavoces-do-PP-na-beira-do-Mino.jpg\" \/>\n\t<meta property=\"og:image:width\" content=\"2048\" \/>\n\t<meta property=\"og:image:height\" content=\"1366\" \/>\n\t<meta property=\"og:image:type\" content=\"image\/jpeg\" \/>\n<meta name=\"author\" content=\"ppdegaliciaredes\" \/>\n<meta name=\"twitter:card\" content=\"summary_large_image\" \/>\n<meta name=\"twitter:creator\" content=\"@ppdegalicia\" \/>\n<meta name=\"twitter:site\" content=\"@ppdegalicia\" \/>\n<meta name=\"twitter:label1\" content=\"Escrito por\" \/>\n\t<meta name=\"twitter:data1\" content=\"ppdegaliciaredes\" \/>\n\t<meta name=\"twitter:label2\" content=\"Tiempo de lectura\" \/>\n\t<meta name=\"twitter:data2\" content=\"3 minutos\" \/>\n<script type=\"application\/ld+json\" class=\"yoast-schema-graph\">{\"@context\":\"https:\\\/\\\/schema.org\",\"@graph\":[{\"@type\":\"Article\",\"@id\":\"https:\\\/\\\/ppdegalicia.com\\\/es\\\/deputados-alcaldes-e-voceiros-do-pp-do-baixo-mino-denuncian-que-o-goberno-central-sigue-se-facer-nada-para-mellorar-a-situacion-do-rio-mino\\\/#article\",\"isPartOf\":{\"@id\":\"https:\\\/\\\/ppdegalicia.com\\\/es\\\/deputados-alcaldes-e-voceiros-do-pp-do-baixo-mino-denuncian-que-o-goberno-central-sigue-se-facer-nada-para-mellorar-a-situacion-do-rio-mino\\\/\"},\"author\":{\"name\":\"ppdegaliciaredes\",\"@id\":\"https:\\\/\\\/ppdegalicia.com\\\/es\\\/#\\\/schema\\\/person\\\/5b822c6f59e872ebdd1142f307dbcb59\"},\"headline\":\"Deputados, alcaldes e voceiros do PP do Baixo Mi\u00f1o denuncian que o Goberno central sigue se facer nada para mellorar a situaci\u00f3n do r\u00edo Mi\u00f1o\",\"datePublished\":\"2025-11-16T10:34:08+00:00\",\"dateModified\":\"2025-11-17T09:35:44+00:00\",\"mainEntityOfPage\":{\"@id\":\"https:\\\/\\\/ppdegalicia.com\\\/es\\\/deputados-alcaldes-e-voceiros-do-pp-do-baixo-mino-denuncian-que-o-goberno-central-sigue-se-facer-nada-para-mellorar-a-situacion-do-rio-mino\\\/\"},\"wordCount\":422,\"publisher\":{\"@id\":\"https:\\\/\\\/ppdegalicia.com\\\/es\\\/#organization\"},\"image\":{\"@id\":\"https:\\\/\\\/ppdegalicia.com\\\/es\\\/deputados-alcaldes-e-voceiros-do-pp-do-baixo-mino-denuncian-que-o-goberno-central-sigue-se-facer-nada-para-mellorar-a-situacion-do-rio-mino\\\/#primaryimage\"},\"thumbnailUrl\":\"https:\\\/\\\/ppdegalicia.com\\\/wp-content\\\/uploads\\\/2025\\\/11\\\/Deputados-alcaldes-e-portavoces-do-PP-na-beira-do-Mino.jpg\",\"articleSection\":[\"Parlamento de Galicia\"],\"inLanguage\":\"es\"},{\"@type\":\"WebPage\",\"@id\":\"https:\\\/\\\/ppdegalicia.com\\\/es\\\/deputados-alcaldes-e-voceiros-do-pp-do-baixo-mino-denuncian-que-o-goberno-central-sigue-se-facer-nada-para-mellorar-a-situacion-do-rio-mino\\\/\",\"url\":\"https:\\\/\\\/ppdegalicia.com\\\/es\\\/deputados-alcaldes-e-voceiros-do-pp-do-baixo-mino-denuncian-que-o-goberno-central-sigue-se-facer-nada-para-mellorar-a-situacion-do-rio-mino\\\/\",\"name\":\"Deputados, alcaldes e voceiros do PP do Baixo Mi\u00f1o denuncian que o Goberno central sigue se facer nada para mellorar a situaci\u00f3n do r\u00edo Mi\u00f1o - PP de Galicia\",\"isPartOf\":{\"@id\":\"https:\\\/\\\/ppdegalicia.com\\\/es\\\/#website\"},\"primaryImageOfPage\":{\"@id\":\"https:\\\/\\\/ppdegalicia.com\\\/es\\\/deputados-alcaldes-e-voceiros-do-pp-do-baixo-mino-denuncian-que-o-goberno-central-sigue-se-facer-nada-para-mellorar-a-situacion-do-rio-mino\\\/#primaryimage\"},\"image\":{\"@id\":\"https:\\\/\\\/ppdegalicia.com\\\/es\\\/deputados-alcaldes-e-voceiros-do-pp-do-baixo-mino-denuncian-que-o-goberno-central-sigue-se-facer-nada-para-mellorar-a-situacion-do-rio-mino\\\/#primaryimage\"},\"thumbnailUrl\":\"https:\\\/\\\/ppdegalicia.com\\\/wp-content\\\/uploads\\\/2025\\\/11\\\/Deputados-alcaldes-e-portavoces-do-PP-na-beira-do-Mino.jpg\",\"datePublished\":\"2025-11-16T10:34:08+00:00\",\"dateModified\":\"2025-11-17T09:35:44+00:00\",\"description\":\"Os deputados do Grupo Popular Julio Garc\u00eda Comesa\u00f1a, Felisa Rodr\u00edguez e Manuel Santos, acompa\u00f1ados da deputada no Congreso, Irene Garrido, e alcaldes e portavoces do PP do Baixo Mi\u00f1o, denunciaron hoxe que o Goberno central \u201csiga sen facer absolutamente nada para mellorar a situaci\u00f3n do r\u00edo Mi\u00f1o e nin tan sequera a ministra para a Transici\u00f3n Ecol\u00f3xica tivo a ben atender a solicitude para manter unha reuni\u00f3n na que abordar a preocupante situaci\u00f3n ambiental do r\u00edo\u201d.\",\"breadcrumb\":{\"@id\":\"https:\\\/\\\/ppdegalicia.com\\\/es\\\/deputados-alcaldes-e-voceiros-do-pp-do-baixo-mino-denuncian-que-o-goberno-central-sigue-se-facer-nada-para-mellorar-a-situacion-do-rio-mino\\\/#breadcrumb\"},\"inLanguage\":\"es\",\"potentialAction\":[{\"@type\":\"ReadAction\",\"target\":[\"https:\\\/\\\/ppdegalicia.com\\\/es\\\/deputados-alcaldes-e-voceiros-do-pp-do-baixo-mino-denuncian-que-o-goberno-central-sigue-se-facer-nada-para-mellorar-a-situacion-do-rio-mino\\\/\"]}]},{\"@type\":\"ImageObject\",\"inLanguage\":\"es\",\"@id\":\"https:\\\/\\\/ppdegalicia.com\\\/es\\\/deputados-alcaldes-e-voceiros-do-pp-do-baixo-mino-denuncian-que-o-goberno-central-sigue-se-facer-nada-para-mellorar-a-situacion-do-rio-mino\\\/#primaryimage\",\"url\":\"https:\\\/\\\/ppdegalicia.com\\\/wp-content\\\/uploads\\\/2025\\\/11\\\/Deputados-alcaldes-e-portavoces-do-PP-na-beira-do-Mino.jpg\",\"contentUrl\":\"https:\\\/\\\/ppdegalicia.com\\\/wp-content\\\/uploads\\\/2025\\\/11\\\/Deputados-alcaldes-e-portavoces-do-PP-na-beira-do-Mino.jpg\",\"width\":2048,\"height\":1366},{\"@type\":\"BreadcrumbList\",\"@id\":\"https:\\\/\\\/ppdegalicia.com\\\/es\\\/deputados-alcaldes-e-voceiros-do-pp-do-baixo-mino-denuncian-que-o-goberno-central-sigue-se-facer-nada-para-mellorar-a-situacion-do-rio-mino\\\/#breadcrumb\",\"itemListElement\":[{\"@type\":\"ListItem\",\"position\":1,\"name\":\"Portada\",\"item\":\"https:\\\/\\\/ppdegalicia.com\\\/es\\\/\"},{\"@type\":\"ListItem\",\"position\":2,\"name\":\"Deputados, alcaldes e voceiros do PP do Baixo Mi\u00f1o denuncian que o Goberno central sigue se facer nada para mellorar a situaci\u00f3n do r\u00edo Mi\u00f1o\"}]},{\"@type\":\"WebSite\",\"@id\":\"https:\\\/\\\/ppdegalicia.com\\\/es\\\/#website\",\"url\":\"https:\\\/\\\/ppdegalicia.com\\\/es\\\/\",\"name\":\"Partido Popular de Galicia\",\"description\":\"Partido Popular de Galicia\",\"publisher\":{\"@id\":\"https:\\\/\\\/ppdegalicia.com\\\/es\\\/#organization\"},\"alternateName\":\"PP de Galicia\",\"potentialAction\":[{\"@type\":\"SearchAction\",\"target\":{\"@type\":\"EntryPoint\",\"urlTemplate\":\"https:\\\/\\\/ppdegalicia.com\\\/es\\\/?s={search_term_string}\"},\"query-input\":{\"@type\":\"PropertyValueSpecification\",\"valueRequired\":true,\"valueName\":\"search_term_string\"}}],\"inLanguage\":\"es\"},{\"@type\":\"Organization\",\"@id\":\"https:\\\/\\\/ppdegalicia.com\\\/es\\\/#organization\",\"name\":\"Partido Popular de Galicia\",\"alternateName\":\"PP de Galicia\",\"url\":\"https:\\\/\\\/ppdegalicia.com\\\/es\\\/\",\"logo\":{\"@type\":\"ImageObject\",\"inLanguage\":\"es\",\"@id\":\"https:\\\/\\\/ppdegalicia.com\\\/es\\\/#\\\/schema\\\/logo\\\/image\\\/\",\"url\":\"https:\\\/\\\/ppdegalicia.com\\\/wp-content\\\/uploads\\\/2023\\\/04\\\/logoPP512.png\",\"contentUrl\":\"https:\\\/\\\/ppdegalicia.com\\\/wp-content\\\/uploads\\\/2023\\\/04\\\/logoPP512.png\",\"width\":512,\"height\":512,\"caption\":\"Partido Popular de Galicia\"},\"image\":{\"@id\":\"https:\\\/\\\/ppdegalicia.com\\\/es\\\/#\\\/schema\\\/logo\\\/image\\\/\"},\"sameAs\":[\"https:\\\/\\\/www.instagram.com\\\/ppdegalicia\\\/\",\"https:\\\/\\\/x.com\\\/ppdegalicia\",\"https:\\\/\\\/www.tiktok.com\\\/@ppdegalicia\",\"https:\\\/\\\/www.youtube.com\\\/user\\\/ppdegalicia\"]},{\"@type\":\"Person\",\"@id\":\"https:\\\/\\\/ppdegalicia.com\\\/es\\\/#\\\/schema\\\/person\\\/5b822c6f59e872ebdd1142f307dbcb59\",\"name\":\"ppdegaliciaredes\",\"image\":{\"@type\":\"ImageObject\",\"inLanguage\":\"es\",\"@id\":\"https:\\\/\\\/secure.gravatar.com\\\/avatar\\\/3c9179cf0256d00c72a48d1f25783c58b6842cd56e85ef3a572881c8e28ccd59?s=96&d=mm&r=g\",\"url\":\"https:\\\/\\\/secure.gravatar.com\\\/avatar\\\/3c9179cf0256d00c72a48d1f25783c58b6842cd56e85ef3a572881c8e28ccd59?s=96&d=mm&r=g\",\"contentUrl\":\"https:\\\/\\\/secure.gravatar.com\\\/avatar\\\/3c9179cf0256d00c72a48d1f25783c58b6842cd56e85ef3a572881c8e28ccd59?s=96&d=mm&r=g\",\"caption\":\"ppdegaliciaredes\"},\"url\":\"https:\\\/\\\/ppdegalicia.com\\\/es\\\/author\\\/ppdegaliciaredes\\\/\"}]}<\/script>\n<!-- \/ Yoast SEO plugin. -->","yoast_head_json":{"title":"Deputados, alcaldes e voceiros do PP do Baixo Mi\u00f1o denuncian que o Goberno central sigue se facer nada para mellorar a situaci\u00f3n do r\u00edo Mi\u00f1o - PP de Galicia","description":"Os deputados do Grupo Popular Julio Garc\u00eda Comesa\u00f1a, Felisa Rodr\u00edguez e Manuel Santos, acompa\u00f1ados da deputada no Congreso, Irene Garrido, e alcaldes e portavoces do PP do Baixo Mi\u00f1o, denunciaron hoxe que o Goberno central \u201csiga sen facer absolutamente nada para mellorar a situaci\u00f3n do r\u00edo Mi\u00f1o e nin tan sequera a ministra para a Transici\u00f3n Ecol\u00f3xica tivo a ben atender a solicitude para manter unha reuni\u00f3n na que abordar a preocupante situaci\u00f3n ambiental do r\u00edo\u201d.","robots":{"index":"index","follow":"follow","max-snippet":"max-snippet:-1","max-image-preview":"max-image-preview:large","max-video-preview":"max-video-preview:-1"},"canonical":"https:\/\/ppdegalicia.com\/es\/deputados-alcaldes-e-voceiros-do-pp-do-baixo-mino-denuncian-que-o-goberno-central-sigue-se-facer-nada-para-mellorar-a-situacion-do-rio-mino\/","og_locale":"es_ES","og_type":"article","og_title":"Deputados, alcaldes e voceiros do PP do Baixo Mi\u00f1o denuncian que o Goberno central sigue se facer nada para mellorar a situaci\u00f3n do r\u00edo Mi\u00f1o - PP de Galicia","og_description":"Os deputados do Grupo Popular Julio Garc\u00eda Comesa\u00f1a, Felisa Rodr\u00edguez e Manuel Santos, acompa\u00f1ados da deputada no Congreso, Irene Garrido, e alcaldes e portavoces do PP do Baixo Mi\u00f1o, denunciaron hoxe que o Goberno central \u201csiga sen facer absolutamente nada para mellorar a situaci\u00f3n do r\u00edo Mi\u00f1o e nin tan sequera a ministra para a Transici\u00f3n Ecol\u00f3xica tivo a ben atender a solicitude para manter unha reuni\u00f3n na que abordar a preocupante situaci\u00f3n ambiental do r\u00edo\u201d.","og_url":"https:\/\/ppdegalicia.com\/es\/deputados-alcaldes-e-voceiros-do-pp-do-baixo-mino-denuncian-que-o-goberno-central-sigue-se-facer-nada-para-mellorar-a-situacion-do-rio-mino\/","og_site_name":"PP de Galicia","article_publisher":"https:\/\/www.instagram.com\/ppdegalicia\/","article_published_time":"2025-11-16T10:34:08+00:00","article_modified_time":"2025-11-17T09:35:44+00:00","og_image":[{"width":2048,"height":1366,"url":"https:\/\/ppdegalicia.com\/wp-content\/uploads\/2025\/11\/Deputados-alcaldes-e-portavoces-do-PP-na-beira-do-Mino.jpg","type":"image\/jpeg"}],"author":"ppdegaliciaredes","twitter_card":"summary_large_image","twitter_creator":"@ppdegalicia","twitter_site":"@ppdegalicia","twitter_misc":{"Escrito por":"ppdegaliciaredes","Tiempo de lectura":"3 minutos"},"schema":{"@context":"https:\/\/schema.org","@graph":[{"@type":"Article","@id":"https:\/\/ppdegalicia.com\/es\/deputados-alcaldes-e-voceiros-do-pp-do-baixo-mino-denuncian-que-o-goberno-central-sigue-se-facer-nada-para-mellorar-a-situacion-do-rio-mino\/#article","isPartOf":{"@id":"https:\/\/ppdegalicia.com\/es\/deputados-alcaldes-e-voceiros-do-pp-do-baixo-mino-denuncian-que-o-goberno-central-sigue-se-facer-nada-para-mellorar-a-situacion-do-rio-mino\/"},"author":{"name":"ppdegaliciaredes","@id":"https:\/\/ppdegalicia.com\/es\/#\/schema\/person\/5b822c6f59e872ebdd1142f307dbcb59"},"headline":"Deputados, alcaldes e voceiros do PP do Baixo Mi\u00f1o denuncian que o Goberno central sigue se facer nada para mellorar a situaci\u00f3n do r\u00edo Mi\u00f1o","datePublished":"2025-11-16T10:34:08+00:00","dateModified":"2025-11-17T09:35:44+00:00","mainEntityOfPage":{"@id":"https:\/\/ppdegalicia.com\/es\/deputados-alcaldes-e-voceiros-do-pp-do-baixo-mino-denuncian-que-o-goberno-central-sigue-se-facer-nada-para-mellorar-a-situacion-do-rio-mino\/"},"wordCount":422,"publisher":{"@id":"https:\/\/ppdegalicia.com\/es\/#organization"},"image":{"@id":"https:\/\/ppdegalicia.com\/es\/deputados-alcaldes-e-voceiros-do-pp-do-baixo-mino-denuncian-que-o-goberno-central-sigue-se-facer-nada-para-mellorar-a-situacion-do-rio-mino\/#primaryimage"},"thumbnailUrl":"https:\/\/ppdegalicia.com\/wp-content\/uploads\/2025\/11\/Deputados-alcaldes-e-portavoces-do-PP-na-beira-do-Mino.jpg","articleSection":["Parlamento de Galicia"],"inLanguage":"es"},{"@type":"WebPage","@id":"https:\/\/ppdegalicia.com\/es\/deputados-alcaldes-e-voceiros-do-pp-do-baixo-mino-denuncian-que-o-goberno-central-sigue-se-facer-nada-para-mellorar-a-situacion-do-rio-mino\/","url":"https:\/\/ppdegalicia.com\/es\/deputados-alcaldes-e-voceiros-do-pp-do-baixo-mino-denuncian-que-o-goberno-central-sigue-se-facer-nada-para-mellorar-a-situacion-do-rio-mino\/","name":"Deputados, alcaldes e voceiros do PP do Baixo Mi\u00f1o denuncian que o Goberno central sigue se facer nada para mellorar a situaci\u00f3n do r\u00edo Mi\u00f1o - PP de Galicia","isPartOf":{"@id":"https:\/\/ppdegalicia.com\/es\/#website"},"primaryImageOfPage":{"@id":"https:\/\/ppdegalicia.com\/es\/deputados-alcaldes-e-voceiros-do-pp-do-baixo-mino-denuncian-que-o-goberno-central-sigue-se-facer-nada-para-mellorar-a-situacion-do-rio-mino\/#primaryimage"},"image":{"@id":"https:\/\/ppdegalicia.com\/es\/deputados-alcaldes-e-voceiros-do-pp-do-baixo-mino-denuncian-que-o-goberno-central-sigue-se-facer-nada-para-mellorar-a-situacion-do-rio-mino\/#primaryimage"},"thumbnailUrl":"https:\/\/ppdegalicia.com\/wp-content\/uploads\/2025\/11\/Deputados-alcaldes-e-portavoces-do-PP-na-beira-do-Mino.jpg","datePublished":"2025-11-16T10:34:08+00:00","dateModified":"2025-11-17T09:35:44+00:00","description":"Os deputados do Grupo Popular Julio Garc\u00eda Comesa\u00f1a, Felisa Rodr\u00edguez e Manuel Santos, acompa\u00f1ados da deputada no Congreso, Irene Garrido, e alcaldes e portavoces do PP do Baixo Mi\u00f1o, denunciaron hoxe que o Goberno central \u201csiga sen facer absolutamente nada para mellorar a situaci\u00f3n do r\u00edo Mi\u00f1o e nin tan sequera a ministra para a Transici\u00f3n Ecol\u00f3xica tivo a ben atender a solicitude para manter unha reuni\u00f3n na que abordar a preocupante situaci\u00f3n ambiental do r\u00edo\u201d.","breadcrumb":{"@id":"https:\/\/ppdegalicia.com\/es\/deputados-alcaldes-e-voceiros-do-pp-do-baixo-mino-denuncian-que-o-goberno-central-sigue-se-facer-nada-para-mellorar-a-situacion-do-rio-mino\/#breadcrumb"},"inLanguage":"es","potentialAction":[{"@type":"ReadAction","target":["https:\/\/ppdegalicia.com\/es\/deputados-alcaldes-e-voceiros-do-pp-do-baixo-mino-denuncian-que-o-goberno-central-sigue-se-facer-nada-para-mellorar-a-situacion-do-rio-mino\/"]}]},{"@type":"ImageObject","inLanguage":"es","@id":"https:\/\/ppdegalicia.com\/es\/deputados-alcaldes-e-voceiros-do-pp-do-baixo-mino-denuncian-que-o-goberno-central-sigue-se-facer-nada-para-mellorar-a-situacion-do-rio-mino\/#primaryimage","url":"https:\/\/ppdegalicia.com\/wp-content\/uploads\/2025\/11\/Deputados-alcaldes-e-portavoces-do-PP-na-beira-do-Mino.jpg","contentUrl":"https:\/\/ppdegalicia.com\/wp-content\/uploads\/2025\/11\/Deputados-alcaldes-e-portavoces-do-PP-na-beira-do-Mino.jpg","width":2048,"height":1366},{"@type":"BreadcrumbList","@id":"https:\/\/ppdegalicia.com\/es\/deputados-alcaldes-e-voceiros-do-pp-do-baixo-mino-denuncian-que-o-goberno-central-sigue-se-facer-nada-para-mellorar-a-situacion-do-rio-mino\/#breadcrumb","itemListElement":[{"@type":"ListItem","position":1,"name":"Portada","item":"https:\/\/ppdegalicia.com\/es\/"},{"@type":"ListItem","position":2,"name":"Deputados, alcaldes e voceiros do PP do Baixo Mi\u00f1o denuncian que o Goberno central sigue se facer nada para mellorar a situaci\u00f3n do r\u00edo Mi\u00f1o"}]},{"@type":"WebSite","@id":"https:\/\/ppdegalicia.com\/es\/#website","url":"https:\/\/ppdegalicia.com\/es\/","name":"Partido Popular de Galicia","description":"Partido Popular de Galicia","publisher":{"@id":"https:\/\/ppdegalicia.com\/es\/#organization"},"alternateName":"PP de Galicia","potentialAction":[{"@type":"SearchAction","target":{"@type":"EntryPoint","urlTemplate":"https:\/\/ppdegalicia.com\/es\/?s={search_term_string}"},"query-input":{"@type":"PropertyValueSpecification","valueRequired":true,"valueName":"search_term_string"}}],"inLanguage":"es"},{"@type":"Organization","@id":"https:\/\/ppdegalicia.com\/es\/#organization","name":"Partido Popular de Galicia","alternateName":"PP de Galicia","url":"https:\/\/ppdegalicia.com\/es\/","logo":{"@type":"ImageObject","inLanguage":"es","@id":"https:\/\/ppdegalicia.com\/es\/#\/schema\/logo\/image\/","url":"https:\/\/ppdegalicia.com\/wp-content\/uploads\/2023\/04\/logoPP512.png","contentUrl":"https:\/\/ppdegalicia.com\/wp-content\/uploads\/2023\/04\/logoPP512.png","width":512,"height":512,"caption":"Partido Popular de Galicia"},"image":{"@id":"https:\/\/ppdegalicia.com\/es\/#\/schema\/logo\/image\/"},"sameAs":["https:\/\/www.instagram.com\/ppdegalicia\/","https:\/\/x.com\/ppdegalicia","https:\/\/www.tiktok.com\/@ppdegalicia","https:\/\/www.youtube.com\/user\/ppdegalicia"]},{"@type":"Person","@id":"https:\/\/ppdegalicia.com\/es\/#\/schema\/person\/5b822c6f59e872ebdd1142f307dbcb59","name":"ppdegaliciaredes","image":{"@type":"ImageObject","inLanguage":"es","@id":"https:\/\/secure.gravatar.com\/avatar\/3c9179cf0256d00c72a48d1f25783c58b6842cd56e85ef3a572881c8e28ccd59?s=96&d=mm&r=g","url":"https:\/\/secure.gravatar.com\/avatar\/3c9179cf0256d00c72a48d1f25783c58b6842cd56e85ef3a572881c8e28ccd59?s=96&d=mm&r=g","contentUrl":"https:\/\/secure.gravatar.com\/avatar\/3c9179cf0256d00c72a48d1f25783c58b6842cd56e85ef3a572881c8e28ccd59?s=96&d=mm&r=g","caption":"ppdegaliciaredes"},"url":"https:\/\/ppdegalicia.com\/es\/author\/ppdegaliciaredes\/"}]}},"_links":{"self":[{"href":"https:\/\/ppdegalicia.com\/es\/wp-json\/wp\/v2\/posts\/68991","targetHints":{"allow":["GET"]}}],"collection":[{"href":"https:\/\/ppdegalicia.com\/es\/wp-json\/wp\/v2\/posts"}],"about":[{"href":"https:\/\/ppdegalicia.com\/es\/wp-json\/wp\/v2\/types\/post"}],"author":[{"embeddable":true,"href":"https:\/\/ppdegalicia.com\/es\/wp-json\/wp\/v2\/users\/38"}],"replies":[{"embeddable":true,"href":"https:\/\/ppdegalicia.com\/es\/wp-json\/wp\/v2\/comments?post=68991"}],"version-history":[{"count":1,"href":"https:\/\/ppdegalicia.com\/es\/wp-json\/wp\/v2\/posts\/68991\/revisions"}],"predecessor-version":[{"id":68994,"href":"https:\/\/ppdegalicia.com\/es\/wp-json\/wp\/v2\/posts\/68991\/revisions\/68994"}],"wp:featuredmedia":[{"embeddable":true,"href":"https:\/\/ppdegalicia.com\/es\/wp-json\/wp\/v2\/media\/68992"}],"wp:attachment":[{"href":"https:\/\/ppdegalicia.com\/es\/wp-json\/wp\/v2\/media?parent=68991"}],"wp:term":[{"taxonomy":"category","embeddable":true,"href":"https:\/\/ppdegalicia.com\/es\/wp-json\/wp\/v2\/categories?post=68991"},{"taxonomy":"post_tag","embeddable":true,"href":"https:\/\/ppdegalicia.com\/es\/wp-json\/wp\/v2\/tags?post=68991"}],"curies":[{"name":"wp","href":"https:\/\/api.w.org\/{rel}","templated":true}]}}