{"id":68995,"date":"2025-11-16T11:35:54","date_gmt":"2025-11-16T10:35:54","guid":{"rendered":"https:\/\/ppdegalicia.com\/?p=68995"},"modified":"2025-11-17T10:38:02","modified_gmt":"2025-11-17T09:38:02","slug":"o-ppdeg-salienta-que-a-xunta-investira-2-millons-de-euros-en-2026-na-mellora-da-base-de-medios-aereos-de-antela-no-concello-de-sandias","status":"publish","type":"post","link":"https:\/\/ppdegalicia.com\/es\/o-ppdeg-salienta-que-a-xunta-investira-2-millons-de-euros-en-2026-na-mellora-da-base-de-medios-aereos-de-antela-no-concello-de-sandias\/","title":{"rendered":"O PPdeG salienta que a Xunta investir\u00e1 2 mill\u00f3ns de euros en 2026 na mellora da base de medios a\u00e9reos de Antela, no concello de Sandi\u00e1s"},"content":{"rendered":"<p>Os deputados do Grupo Popular Cristina Campero e Miguel \u00c1ngel Viso salientaron hoxe que a Xunta destinar\u00e1 o vindeiro ano dous mill\u00f3ns de euros na mellora da base de medios a\u00e9reos de Antela, no concello de Sandi\u00e1s, unha infraestrutura considerada estrat\u00e9xica na loita contra os incendios forestais e na prevenci\u00f3n dos lumes que afectan \u00e1 provincia de Ourense.<\/p>\n<p>Durante a visita a Antela, Cristina Campero e Miguel \u00c1ngel Viso destacaron que a Xunta destinar\u00e1 o vindeiro ano m\u00e1is de 9 mill\u00f3ns de euros \u00e1 mellora e creaci\u00f3n de novas bases a\u00e9reas e infraestruturas de extinci\u00f3n. En concreto, a base de Antela pasar\u00e1 a dispo\u00f1er de novas instalaci\u00f3ns e mellores capacidades operativas para avi\u00f3ns e helic\u00f3pteros de carga en terra.<\/p>\n<p><strong><u>INVESTIR EN SEGURIDADE<\/u><\/strong><\/p>\n<p>\u201cEsta \u00e9 unha mostra m\u00e1is do compromiso real da Xunta coa provincia de Ourense e coa protecci\u00f3n do noso medio natural\u201d, indicou Cristina Campero, que anotou que \u201cprevir \u00e9 a mellor forma de combater o lume, e investir en infraestruturas como esta \u00e9 investir na seguridade e no futuro das nosas comarcas\u201d.<\/p>\n<p>Pola s\u00faa banda, Miguel \u00c1ngel Viso manifestou que a mellora da base de Antela \u201csup\u00f3n reforzar un punto neur\u00e1lxico do dispositivo galego de loita contra os incendios, cun impacto directo na capacidade de resposta e coordinaci\u00f3n en toda a provincia\u201d.<\/p>\n<p>O aer\u00f3dromo de Antela \u00e9 unha das bases m\u00e1is relevantes no dispositivo galego de defensa contra incendios, pola s\u00faa situaci\u00f3n no coraz\u00f3n da Limia e pola cobertura que ofrece a amplas zonas do sur e leste de Ourense. A s\u00faa modernizaci\u00f3n permitir\u00e1 optimizar a capacidade de operaci\u00f3ns dos medios a\u00e9reos, reducindo tempos de resposta e incrementando a eficacia das intervenci\u00f3ns.<\/p>\n","protected":false},"excerpt":{"rendered":"<p>Os deputados do Grupo Popular Cristina Campero e Miguel \u00c1ngel Viso salientaron hoxe que a Xunta destinar\u00e1 o vindeiro ano dous mill\u00f3ns de euros na mellora da base de medios a\u00e9reos de Antela, no concello de Sandi\u00e1s, unha infraestrutura considerada estrat\u00e9xica na loita contra os incendios forestais e na prevenci\u00f3n dos lumes que afectan \u00e1 [&hellip;]<\/p>\n","protected":false},"author":38,"featured_media":68996,"comment_status":"closed","ping_status":"open","sticky":false,"template":"","format":"standard","meta":{"_acf_changed":false,"footnotes":""},"categories":[1128],"tags":[],"class_list":["post-68995","post","type-post","status-publish","format-standard","has-post-thumbnail","hentry","category-actualidad-parlamento-de-galicia"],"acf":[],"yoast_head":"<!-- This site is optimized with the Yoast SEO plugin v27.3 - https:\/\/yoast.com\/product\/yoast-seo-wordpress\/ -->\n<title>O PPdeG salienta que a Xunta investir\u00e1 2 mill\u00f3ns de euros en 2026 na mellora da base de medios a\u00e9reos de Antela, no concello de Sandi\u00e1s - PP de Galicia<\/title>\n<meta name=\"description\" content=\"Os deputados do Grupo Popular Cristina Campero e Miguel \u00c1ngel Viso salientaron hoxe que a Xunta destinar\u00e1 o vindeiro ano dous mill\u00f3ns de euros na mellora da base de medios a\u00e9reos de Antela, no concello de Sandi\u00e1s, unha infraestrutura considerada estrat\u00e9xica na loita contra os incendios forestais e na prevenci\u00f3n dos lumes que afectan \u00e1 provincia de Ourense.\" \/>\n<meta name=\"robots\" content=\"index, follow, max-snippet:-1, max-image-preview:large, max-video-preview:-1\" \/>\n<link rel=\"canonical\" href=\"https:\/\/ppdegalicia.com\/es\/o-ppdeg-salienta-que-a-xunta-investira-2-millons-de-euros-en-2026-na-mellora-da-base-de-medios-aereos-de-antela-no-concello-de-sandias\/\" \/>\n<meta property=\"og:locale\" content=\"es_ES\" \/>\n<meta property=\"og:type\" content=\"article\" \/>\n<meta property=\"og:title\" content=\"O PPdeG salienta que a Xunta investir\u00e1 2 mill\u00f3ns de euros en 2026 na mellora da base de medios a\u00e9reos de Antela, no concello de Sandi\u00e1s - PP de Galicia\" \/>\n<meta property=\"og:description\" content=\"Os deputados do Grupo Popular Cristina Campero e Miguel \u00c1ngel Viso salientaron hoxe que a Xunta destinar\u00e1 o vindeiro ano dous mill\u00f3ns de euros na mellora da base de medios a\u00e9reos de Antela, no concello de Sandi\u00e1s, unha infraestrutura considerada estrat\u00e9xica na loita contra os incendios forestais e na prevenci\u00f3n dos lumes que afectan \u00e1 provincia de Ourense.\" \/>\n<meta property=\"og:url\" content=\"https:\/\/ppdegalicia.com\/es\/o-ppdeg-salienta-que-a-xunta-investira-2-millons-de-euros-en-2026-na-mellora-da-base-de-medios-aereos-de-antela-no-concello-de-sandias\/\" \/>\n<meta property=\"og:site_name\" content=\"PP de Galicia\" \/>\n<meta property=\"article:publisher\" content=\"https:\/\/www.instagram.com\/ppdegalicia\/\" \/>\n<meta property=\"article:published_time\" content=\"2025-11-16T10:35:54+00:00\" \/>\n<meta property=\"article:modified_time\" content=\"2025-11-17T09:38:02+00:00\" \/>\n<meta property=\"og:image\" content=\"https:\/\/ppdegalicia.com\/wp-content\/uploads\/2025\/11\/Cristina-Campero-e-Miguel-Angel-Viso-na-base-de-Antela-1-scaled.jpg\" \/>\n\t<meta property=\"og:image:width\" content=\"2560\" \/>\n\t<meta property=\"og:image:height\" content=\"1739\" \/>\n\t<meta property=\"og:image:type\" content=\"image\/jpeg\" \/>\n<meta name=\"author\" content=\"ppdegaliciaredes\" \/>\n<meta name=\"twitter:card\" content=\"summary_large_image\" \/>\n<meta name=\"twitter:creator\" content=\"@ppdegalicia\" \/>\n<meta name=\"twitter:site\" content=\"@ppdegalicia\" \/>\n<meta name=\"twitter:label1\" content=\"Escrito por\" \/>\n\t<meta name=\"twitter:data1\" content=\"ppdegaliciaredes\" \/>\n\t<meta name=\"twitter:label2\" content=\"Tiempo de lectura\" \/>\n\t<meta name=\"twitter:data2\" content=\"2 minutos\" \/>\n<script type=\"application\/ld+json\" class=\"yoast-schema-graph\">{\"@context\":\"https:\\\/\\\/schema.org\",\"@graph\":[{\"@type\":\"Article\",\"@id\":\"https:\\\/\\\/ppdegalicia.com\\\/es\\\/o-ppdeg-salienta-que-a-xunta-investira-2-millons-de-euros-en-2026-na-mellora-da-base-de-medios-aereos-de-antela-no-concello-de-sandias\\\/#article\",\"isPartOf\":{\"@id\":\"https:\\\/\\\/ppdegalicia.com\\\/es\\\/o-ppdeg-salienta-que-a-xunta-investira-2-millons-de-euros-en-2026-na-mellora-da-base-de-medios-aereos-de-antela-no-concello-de-sandias\\\/\"},\"author\":{\"name\":\"ppdegaliciaredes\",\"@id\":\"https:\\\/\\\/ppdegalicia.com\\\/es\\\/#\\\/schema\\\/person\\\/5b822c6f59e872ebdd1142f307dbcb59\"},\"headline\":\"O PPdeG salienta que a Xunta investir\u00e1 2 mill\u00f3ns de euros en 2026 na mellora da base de medios a\u00e9reos de Antela, no concello de Sandi\u00e1s\",\"datePublished\":\"2025-11-16T10:35:54+00:00\",\"dateModified\":\"2025-11-17T09:38:02+00:00\",\"mainEntityOfPage\":{\"@id\":\"https:\\\/\\\/ppdegalicia.com\\\/es\\\/o-ppdeg-salienta-que-a-xunta-investira-2-millons-de-euros-en-2026-na-mellora-da-base-de-medios-aereos-de-antela-no-concello-de-sandias\\\/\"},\"wordCount\":324,\"publisher\":{\"@id\":\"https:\\\/\\\/ppdegalicia.com\\\/es\\\/#organization\"},\"image\":{\"@id\":\"https:\\\/\\\/ppdegalicia.com\\\/es\\\/o-ppdeg-salienta-que-a-xunta-investira-2-millons-de-euros-en-2026-na-mellora-da-base-de-medios-aereos-de-antela-no-concello-de-sandias\\\/#primaryimage\"},\"thumbnailUrl\":\"https:\\\/\\\/ppdegalicia.com\\\/wp-content\\\/uploads\\\/2025\\\/11\\\/Cristina-Campero-e-Miguel-Angel-Viso-na-base-de-Antela-1-scaled.jpg\",\"articleSection\":[\"Parlamento de Galicia\"],\"inLanguage\":\"es\"},{\"@type\":\"WebPage\",\"@id\":\"https:\\\/\\\/ppdegalicia.com\\\/es\\\/o-ppdeg-salienta-que-a-xunta-investira-2-millons-de-euros-en-2026-na-mellora-da-base-de-medios-aereos-de-antela-no-concello-de-sandias\\\/\",\"url\":\"https:\\\/\\\/ppdegalicia.com\\\/es\\\/o-ppdeg-salienta-que-a-xunta-investira-2-millons-de-euros-en-2026-na-mellora-da-base-de-medios-aereos-de-antela-no-concello-de-sandias\\\/\",\"name\":\"O PPdeG salienta que a Xunta investir\u00e1 2 mill\u00f3ns de euros en 2026 na mellora da base de medios a\u00e9reos de Antela, no concello de Sandi\u00e1s - PP de Galicia\",\"isPartOf\":{\"@id\":\"https:\\\/\\\/ppdegalicia.com\\\/es\\\/#website\"},\"primaryImageOfPage\":{\"@id\":\"https:\\\/\\\/ppdegalicia.com\\\/es\\\/o-ppdeg-salienta-que-a-xunta-investira-2-millons-de-euros-en-2026-na-mellora-da-base-de-medios-aereos-de-antela-no-concello-de-sandias\\\/#primaryimage\"},\"image\":{\"@id\":\"https:\\\/\\\/ppdegalicia.com\\\/es\\\/o-ppdeg-salienta-que-a-xunta-investira-2-millons-de-euros-en-2026-na-mellora-da-base-de-medios-aereos-de-antela-no-concello-de-sandias\\\/#primaryimage\"},\"thumbnailUrl\":\"https:\\\/\\\/ppdegalicia.com\\\/wp-content\\\/uploads\\\/2025\\\/11\\\/Cristina-Campero-e-Miguel-Angel-Viso-na-base-de-Antela-1-scaled.jpg\",\"datePublished\":\"2025-11-16T10:35:54+00:00\",\"dateModified\":\"2025-11-17T09:38:02+00:00\",\"description\":\"Os deputados do Grupo Popular Cristina Campero e Miguel \u00c1ngel Viso salientaron hoxe que a Xunta destinar\u00e1 o vindeiro ano dous mill\u00f3ns de euros na mellora da base de medios a\u00e9reos de Antela, no concello de Sandi\u00e1s, unha infraestrutura considerada estrat\u00e9xica na loita contra os incendios forestais e na prevenci\u00f3n dos lumes que afectan \u00e1 provincia de Ourense.\",\"breadcrumb\":{\"@id\":\"https:\\\/\\\/ppdegalicia.com\\\/es\\\/o-ppdeg-salienta-que-a-xunta-investira-2-millons-de-euros-en-2026-na-mellora-da-base-de-medios-aereos-de-antela-no-concello-de-sandias\\\/#breadcrumb\"},\"inLanguage\":\"es\",\"potentialAction\":[{\"@type\":\"ReadAction\",\"target\":[\"https:\\\/\\\/ppdegalicia.com\\\/es\\\/o-ppdeg-salienta-que-a-xunta-investira-2-millons-de-euros-en-2026-na-mellora-da-base-de-medios-aereos-de-antela-no-concello-de-sandias\\\/\"]}]},{\"@type\":\"ImageObject\",\"inLanguage\":\"es\",\"@id\":\"https:\\\/\\\/ppdegalicia.com\\\/es\\\/o-ppdeg-salienta-que-a-xunta-investira-2-millons-de-euros-en-2026-na-mellora-da-base-de-medios-aereos-de-antela-no-concello-de-sandias\\\/#primaryimage\",\"url\":\"https:\\\/\\\/ppdegalicia.com\\\/wp-content\\\/uploads\\\/2025\\\/11\\\/Cristina-Campero-e-Miguel-Angel-Viso-na-base-de-Antela-1-scaled.jpg\",\"contentUrl\":\"https:\\\/\\\/ppdegalicia.com\\\/wp-content\\\/uploads\\\/2025\\\/11\\\/Cristina-Campero-e-Miguel-Angel-Viso-na-base-de-Antela-1-scaled.jpg\",\"width\":2560,\"height\":1739},{\"@type\":\"BreadcrumbList\",\"@id\":\"https:\\\/\\\/ppdegalicia.com\\\/es\\\/o-ppdeg-salienta-que-a-xunta-investira-2-millons-de-euros-en-2026-na-mellora-da-base-de-medios-aereos-de-antela-no-concello-de-sandias\\\/#breadcrumb\",\"itemListElement\":[{\"@type\":\"ListItem\",\"position\":1,\"name\":\"Portada\",\"item\":\"https:\\\/\\\/ppdegalicia.com\\\/es\\\/\"},{\"@type\":\"ListItem\",\"position\":2,\"name\":\"O PPdeG salienta que a Xunta investir\u00e1 2 mill\u00f3ns de euros en 2026 na mellora da base de medios a\u00e9reos de Antela, no concello de Sandi\u00e1s\"}]},{\"@type\":\"WebSite\",\"@id\":\"https:\\\/\\\/ppdegalicia.com\\\/es\\\/#website\",\"url\":\"https:\\\/\\\/ppdegalicia.com\\\/es\\\/\",\"name\":\"Partido Popular de Galicia\",\"description\":\"Partido Popular de Galicia\",\"publisher\":{\"@id\":\"https:\\\/\\\/ppdegalicia.com\\\/es\\\/#organization\"},\"alternateName\":\"PP de Galicia\",\"potentialAction\":[{\"@type\":\"SearchAction\",\"target\":{\"@type\":\"EntryPoint\",\"urlTemplate\":\"https:\\\/\\\/ppdegalicia.com\\\/es\\\/?s={search_term_string}\"},\"query-input\":{\"@type\":\"PropertyValueSpecification\",\"valueRequired\":true,\"valueName\":\"search_term_string\"}}],\"inLanguage\":\"es\"},{\"@type\":\"Organization\",\"@id\":\"https:\\\/\\\/ppdegalicia.com\\\/es\\\/#organization\",\"name\":\"Partido Popular de Galicia\",\"alternateName\":\"PP de Galicia\",\"url\":\"https:\\\/\\\/ppdegalicia.com\\\/es\\\/\",\"logo\":{\"@type\":\"ImageObject\",\"inLanguage\":\"es\",\"@id\":\"https:\\\/\\\/ppdegalicia.com\\\/es\\\/#\\\/schema\\\/logo\\\/image\\\/\",\"url\":\"https:\\\/\\\/ppdegalicia.com\\\/wp-content\\\/uploads\\\/2023\\\/04\\\/logoPP512.png\",\"contentUrl\":\"https:\\\/\\\/ppdegalicia.com\\\/wp-content\\\/uploads\\\/2023\\\/04\\\/logoPP512.png\",\"width\":512,\"height\":512,\"caption\":\"Partido Popular de Galicia\"},\"image\":{\"@id\":\"https:\\\/\\\/ppdegalicia.com\\\/es\\\/#\\\/schema\\\/logo\\\/image\\\/\"},\"sameAs\":[\"https:\\\/\\\/www.instagram.com\\\/ppdegalicia\\\/\",\"https:\\\/\\\/x.com\\\/ppdegalicia\",\"https:\\\/\\\/www.tiktok.com\\\/@ppdegalicia\",\"https:\\\/\\\/www.youtube.com\\\/user\\\/ppdegalicia\"]},{\"@type\":\"Person\",\"@id\":\"https:\\\/\\\/ppdegalicia.com\\\/es\\\/#\\\/schema\\\/person\\\/5b822c6f59e872ebdd1142f307dbcb59\",\"name\":\"ppdegaliciaredes\",\"image\":{\"@type\":\"ImageObject\",\"inLanguage\":\"es\",\"@id\":\"https:\\\/\\\/secure.gravatar.com\\\/avatar\\\/3c9179cf0256d00c72a48d1f25783c58b6842cd56e85ef3a572881c8e28ccd59?s=96&d=mm&r=g\",\"url\":\"https:\\\/\\\/secure.gravatar.com\\\/avatar\\\/3c9179cf0256d00c72a48d1f25783c58b6842cd56e85ef3a572881c8e28ccd59?s=96&d=mm&r=g\",\"contentUrl\":\"https:\\\/\\\/secure.gravatar.com\\\/avatar\\\/3c9179cf0256d00c72a48d1f25783c58b6842cd56e85ef3a572881c8e28ccd59?s=96&d=mm&r=g\",\"caption\":\"ppdegaliciaredes\"},\"url\":\"https:\\\/\\\/ppdegalicia.com\\\/es\\\/author\\\/ppdegaliciaredes\\\/\"}]}<\/script>\n<!-- \/ Yoast SEO plugin. -->","yoast_head_json":{"title":"O PPdeG salienta que a Xunta investir\u00e1 2 mill\u00f3ns de euros en 2026 na mellora da base de medios a\u00e9reos de Antela, no concello de Sandi\u00e1s - PP de Galicia","description":"Os deputados do Grupo Popular Cristina Campero e Miguel \u00c1ngel Viso salientaron hoxe que a Xunta destinar\u00e1 o vindeiro ano dous mill\u00f3ns de euros na mellora da base de medios a\u00e9reos de Antela, no concello de Sandi\u00e1s, unha infraestrutura considerada estrat\u00e9xica na loita contra os incendios forestais e na prevenci\u00f3n dos lumes que afectan \u00e1 provincia de Ourense.","robots":{"index":"index","follow":"follow","max-snippet":"max-snippet:-1","max-image-preview":"max-image-preview:large","max-video-preview":"max-video-preview:-1"},"canonical":"https:\/\/ppdegalicia.com\/es\/o-ppdeg-salienta-que-a-xunta-investira-2-millons-de-euros-en-2026-na-mellora-da-base-de-medios-aereos-de-antela-no-concello-de-sandias\/","og_locale":"es_ES","og_type":"article","og_title":"O PPdeG salienta que a Xunta investir\u00e1 2 mill\u00f3ns de euros en 2026 na mellora da base de medios a\u00e9reos de Antela, no concello de Sandi\u00e1s - PP de Galicia","og_description":"Os deputados do Grupo Popular Cristina Campero e Miguel \u00c1ngel Viso salientaron hoxe que a Xunta destinar\u00e1 o vindeiro ano dous mill\u00f3ns de euros na mellora da base de medios a\u00e9reos de Antela, no concello de Sandi\u00e1s, unha infraestrutura considerada estrat\u00e9xica na loita contra os incendios forestais e na prevenci\u00f3n dos lumes que afectan \u00e1 provincia de Ourense.","og_url":"https:\/\/ppdegalicia.com\/es\/o-ppdeg-salienta-que-a-xunta-investira-2-millons-de-euros-en-2026-na-mellora-da-base-de-medios-aereos-de-antela-no-concello-de-sandias\/","og_site_name":"PP de Galicia","article_publisher":"https:\/\/www.instagram.com\/ppdegalicia\/","article_published_time":"2025-11-16T10:35:54+00:00","article_modified_time":"2025-11-17T09:38:02+00:00","og_image":[{"width":2560,"height":1739,"url":"https:\/\/ppdegalicia.com\/wp-content\/uploads\/2025\/11\/Cristina-Campero-e-Miguel-Angel-Viso-na-base-de-Antela-1-scaled.jpg","type":"image\/jpeg"}],"author":"ppdegaliciaredes","twitter_card":"summary_large_image","twitter_creator":"@ppdegalicia","twitter_site":"@ppdegalicia","twitter_misc":{"Escrito por":"ppdegaliciaredes","Tiempo de lectura":"2 minutos"},"schema":{"@context":"https:\/\/schema.org","@graph":[{"@type":"Article","@id":"https:\/\/ppdegalicia.com\/es\/o-ppdeg-salienta-que-a-xunta-investira-2-millons-de-euros-en-2026-na-mellora-da-base-de-medios-aereos-de-antela-no-concello-de-sandias\/#article","isPartOf":{"@id":"https:\/\/ppdegalicia.com\/es\/o-ppdeg-salienta-que-a-xunta-investira-2-millons-de-euros-en-2026-na-mellora-da-base-de-medios-aereos-de-antela-no-concello-de-sandias\/"},"author":{"name":"ppdegaliciaredes","@id":"https:\/\/ppdegalicia.com\/es\/#\/schema\/person\/5b822c6f59e872ebdd1142f307dbcb59"},"headline":"O PPdeG salienta que a Xunta investir\u00e1 2 mill\u00f3ns de euros en 2026 na mellora da base de medios a\u00e9reos de Antela, no concello de Sandi\u00e1s","datePublished":"2025-11-16T10:35:54+00:00","dateModified":"2025-11-17T09:38:02+00:00","mainEntityOfPage":{"@id":"https:\/\/ppdegalicia.com\/es\/o-ppdeg-salienta-que-a-xunta-investira-2-millons-de-euros-en-2026-na-mellora-da-base-de-medios-aereos-de-antela-no-concello-de-sandias\/"},"wordCount":324,"publisher":{"@id":"https:\/\/ppdegalicia.com\/es\/#organization"},"image":{"@id":"https:\/\/ppdegalicia.com\/es\/o-ppdeg-salienta-que-a-xunta-investira-2-millons-de-euros-en-2026-na-mellora-da-base-de-medios-aereos-de-antela-no-concello-de-sandias\/#primaryimage"},"thumbnailUrl":"https:\/\/ppdegalicia.com\/wp-content\/uploads\/2025\/11\/Cristina-Campero-e-Miguel-Angel-Viso-na-base-de-Antela-1-scaled.jpg","articleSection":["Parlamento de Galicia"],"inLanguage":"es"},{"@type":"WebPage","@id":"https:\/\/ppdegalicia.com\/es\/o-ppdeg-salienta-que-a-xunta-investira-2-millons-de-euros-en-2026-na-mellora-da-base-de-medios-aereos-de-antela-no-concello-de-sandias\/","url":"https:\/\/ppdegalicia.com\/es\/o-ppdeg-salienta-que-a-xunta-investira-2-millons-de-euros-en-2026-na-mellora-da-base-de-medios-aereos-de-antela-no-concello-de-sandias\/","name":"O PPdeG salienta que a Xunta investir\u00e1 2 mill\u00f3ns de euros en 2026 na mellora da base de medios a\u00e9reos de Antela, no concello de Sandi\u00e1s - PP de Galicia","isPartOf":{"@id":"https:\/\/ppdegalicia.com\/es\/#website"},"primaryImageOfPage":{"@id":"https:\/\/ppdegalicia.com\/es\/o-ppdeg-salienta-que-a-xunta-investira-2-millons-de-euros-en-2026-na-mellora-da-base-de-medios-aereos-de-antela-no-concello-de-sandias\/#primaryimage"},"image":{"@id":"https:\/\/ppdegalicia.com\/es\/o-ppdeg-salienta-que-a-xunta-investira-2-millons-de-euros-en-2026-na-mellora-da-base-de-medios-aereos-de-antela-no-concello-de-sandias\/#primaryimage"},"thumbnailUrl":"https:\/\/ppdegalicia.com\/wp-content\/uploads\/2025\/11\/Cristina-Campero-e-Miguel-Angel-Viso-na-base-de-Antela-1-scaled.jpg","datePublished":"2025-11-16T10:35:54+00:00","dateModified":"2025-11-17T09:38:02+00:00","description":"Os deputados do Grupo Popular Cristina Campero e Miguel \u00c1ngel Viso salientaron hoxe que a Xunta destinar\u00e1 o vindeiro ano dous mill\u00f3ns de euros na mellora da base de medios a\u00e9reos de Antela, no concello de Sandi\u00e1s, unha infraestrutura considerada estrat\u00e9xica na loita contra os incendios forestais e na prevenci\u00f3n dos lumes que afectan \u00e1 provincia de Ourense.","breadcrumb":{"@id":"https:\/\/ppdegalicia.com\/es\/o-ppdeg-salienta-que-a-xunta-investira-2-millons-de-euros-en-2026-na-mellora-da-base-de-medios-aereos-de-antela-no-concello-de-sandias\/#breadcrumb"},"inLanguage":"es","potentialAction":[{"@type":"ReadAction","target":["https:\/\/ppdegalicia.com\/es\/o-ppdeg-salienta-que-a-xunta-investira-2-millons-de-euros-en-2026-na-mellora-da-base-de-medios-aereos-de-antela-no-concello-de-sandias\/"]}]},{"@type":"ImageObject","inLanguage":"es","@id":"https:\/\/ppdegalicia.com\/es\/o-ppdeg-salienta-que-a-xunta-investira-2-millons-de-euros-en-2026-na-mellora-da-base-de-medios-aereos-de-antela-no-concello-de-sandias\/#primaryimage","url":"https:\/\/ppdegalicia.com\/wp-content\/uploads\/2025\/11\/Cristina-Campero-e-Miguel-Angel-Viso-na-base-de-Antela-1-scaled.jpg","contentUrl":"https:\/\/ppdegalicia.com\/wp-content\/uploads\/2025\/11\/Cristina-Campero-e-Miguel-Angel-Viso-na-base-de-Antela-1-scaled.jpg","width":2560,"height":1739},{"@type":"BreadcrumbList","@id":"https:\/\/ppdegalicia.com\/es\/o-ppdeg-salienta-que-a-xunta-investira-2-millons-de-euros-en-2026-na-mellora-da-base-de-medios-aereos-de-antela-no-concello-de-sandias\/#breadcrumb","itemListElement":[{"@type":"ListItem","position":1,"name":"Portada","item":"https:\/\/ppdegalicia.com\/es\/"},{"@type":"ListItem","position":2,"name":"O PPdeG salienta que a Xunta investir\u00e1 2 mill\u00f3ns de euros en 2026 na mellora da base de medios a\u00e9reos de Antela, no concello de Sandi\u00e1s"}]},{"@type":"WebSite","@id":"https:\/\/ppdegalicia.com\/es\/#website","url":"https:\/\/ppdegalicia.com\/es\/","name":"Partido Popular de Galicia","description":"Partido Popular de Galicia","publisher":{"@id":"https:\/\/ppdegalicia.com\/es\/#organization"},"alternateName":"PP de Galicia","potentialAction":[{"@type":"SearchAction","target":{"@type":"EntryPoint","urlTemplate":"https:\/\/ppdegalicia.com\/es\/?s={search_term_string}"},"query-input":{"@type":"PropertyValueSpecification","valueRequired":true,"valueName":"search_term_string"}}],"inLanguage":"es"},{"@type":"Organization","@id":"https:\/\/ppdegalicia.com\/es\/#organization","name":"Partido Popular de Galicia","alternateName":"PP de Galicia","url":"https:\/\/ppdegalicia.com\/es\/","logo":{"@type":"ImageObject","inLanguage":"es","@id":"https:\/\/ppdegalicia.com\/es\/#\/schema\/logo\/image\/","url":"https:\/\/ppdegalicia.com\/wp-content\/uploads\/2023\/04\/logoPP512.png","contentUrl":"https:\/\/ppdegalicia.com\/wp-content\/uploads\/2023\/04\/logoPP512.png","width":512,"height":512,"caption":"Partido Popular de Galicia"},"image":{"@id":"https:\/\/ppdegalicia.com\/es\/#\/schema\/logo\/image\/"},"sameAs":["https:\/\/www.instagram.com\/ppdegalicia\/","https:\/\/x.com\/ppdegalicia","https:\/\/www.tiktok.com\/@ppdegalicia","https:\/\/www.youtube.com\/user\/ppdegalicia"]},{"@type":"Person","@id":"https:\/\/ppdegalicia.com\/es\/#\/schema\/person\/5b822c6f59e872ebdd1142f307dbcb59","name":"ppdegaliciaredes","image":{"@type":"ImageObject","inLanguage":"es","@id":"https:\/\/secure.gravatar.com\/avatar\/3c9179cf0256d00c72a48d1f25783c58b6842cd56e85ef3a572881c8e28ccd59?s=96&d=mm&r=g","url":"https:\/\/secure.gravatar.com\/avatar\/3c9179cf0256d00c72a48d1f25783c58b6842cd56e85ef3a572881c8e28ccd59?s=96&d=mm&r=g","contentUrl":"https:\/\/secure.gravatar.com\/avatar\/3c9179cf0256d00c72a48d1f25783c58b6842cd56e85ef3a572881c8e28ccd59?s=96&d=mm&r=g","caption":"ppdegaliciaredes"},"url":"https:\/\/ppdegalicia.com\/es\/author\/ppdegaliciaredes\/"}]}},"_links":{"self":[{"href":"https:\/\/ppdegalicia.com\/es\/wp-json\/wp\/v2\/posts\/68995","targetHints":{"allow":["GET"]}}],"collection":[{"href":"https:\/\/ppdegalicia.com\/es\/wp-json\/wp\/v2\/posts"}],"about":[{"href":"https:\/\/ppdegalicia.com\/es\/wp-json\/wp\/v2\/types\/post"}],"author":[{"embeddable":true,"href":"https:\/\/ppdegalicia.com\/es\/wp-json\/wp\/v2\/users\/38"}],"replies":[{"embeddable":true,"href":"https:\/\/ppdegalicia.com\/es\/wp-json\/wp\/v2\/comments?post=68995"}],"version-history":[{"count":1,"href":"https:\/\/ppdegalicia.com\/es\/wp-json\/wp\/v2\/posts\/68995\/revisions"}],"predecessor-version":[{"id":68998,"href":"https:\/\/ppdegalicia.com\/es\/wp-json\/wp\/v2\/posts\/68995\/revisions\/68998"}],"wp:featuredmedia":[{"embeddable":true,"href":"https:\/\/ppdegalicia.com\/es\/wp-json\/wp\/v2\/media\/68996"}],"wp:attachment":[{"href":"https:\/\/ppdegalicia.com\/es\/wp-json\/wp\/v2\/media?parent=68995"}],"wp:term":[{"taxonomy":"category","embeddable":true,"href":"https:\/\/ppdegalicia.com\/es\/wp-json\/wp\/v2\/categories?post=68995"},{"taxonomy":"post_tag","embeddable":true,"href":"https:\/\/ppdegalicia.com\/es\/wp-json\/wp\/v2\/tags?post=68995"}],"curies":[{"name":"wp","href":"https:\/\/api.w.org\/{rel}","templated":true}]}}