{"id":68999,"date":"2025-11-12T18:53:21","date_gmt":"2025-11-12T17:53:21","guid":{"rendered":"https:\/\/ppdegalicia.com\/?p=68999"},"modified":"2025-11-17T10:54:46","modified_gmt":"2025-11-17T09:54:46","slug":"el-ppdeg-acusa-a-sanchez-de-lanzar-bulos-e-insultar-a-los-gallegos-que-dieron-a-feijoo-cuatro-mayorias-absolutas","status":"publish","type":"post","link":"https:\/\/ppdegalicia.com\/es\/el-ppdeg-acusa-a-sanchez-de-lanzar-bulos-e-insultar-a-los-gallegos-que-dieron-a-feijoo-cuatro-mayorias-absolutas\/","title":{"rendered":"El PPdeG acusa a S\u00e1nchez de \u00ablanzar bulos\u00bb e \u00abinsultar\u00bb a los gallegos que dieron a Feij\u00f3o cuatro mayor\u00edas absolutas"},"content":{"rendered":"<p>El PPdeG ha manifestado este mi\u00e9rcoles su malestar por la intervenci\u00f3n en el Congreso del presidente del Gobierno, Pedro S\u00e1nchez, al que han acusado de \u00ablanzar bulos\u00bb e \u00abinsultar\u00bb a los gallegos y gallegas que otorgaron cuatro mayor\u00edas absolutas a Alberto N\u00fa\u00f1ez Feij\u00f3o y revalidaron su confianza con Alfonso Rueda como candidato.<\/p>\n<p>\u00abA Pedro S\u00e1nchez no le llega con sus constantes agravios a Galicia, que hoy se ha dedicado a lanzar bulos desde el Congreso de los Diputados. Pero sus cr\u00edticas a una Comunidad que funciona, estable y que aprueba cada a\u00f1o sus Presupuestos son f\u00e1cilmente rebatibles con datos\u00bb, han advertido los populares.<\/p>\n<p>Entre otras cuestiones, han enfatizado que \u00abGalicia tiene m\u00e1s profesores que nunca antes: 31.800 pese a que hay menos alumnos\u00bb. \u00abHay un profesor por cada 9,9 alumnos mientras que la media nacional es de un profesor por cada 11,3 alumnos\u00bb, a\u00f1ade el PPdeG, que tambi\u00e9n ha subrayado que en la comunidad \u00abtoda la educaci\u00f3n infantil es gratuita para todas las familias, sin que el Gobierno central ponga un solo c\u00e9ntimo\u00bb.<\/p>\n<p>\u00abLa Xunta, con el PPdeG, invierte en sanidad un 50% m\u00e1s de lo que lo hac\u00edan PSOE y BNG: casi 5.700 millones de euros cada a\u00f1o, y hay 46.200 profesionales en la sanidad p\u00fablica, un 28% m\u00e1s que en 2009\u00bb, agregan los populares al tiempo que sostienen que \u00abla \u00e9poca en la que la sanidad privada m\u00e1s creci\u00f3 en Galicia fue cuando gobernaban PSOE y BNG, que le incrementaron la asignaci\u00f3n un 48% en cuatro a\u00f1os\u00bb.<\/p>\n<p>En contraposici\u00f3n, defienden, desde 2009 &#8211; cuando el PPdeG volvi\u00f3 a gobernar Galicia de la mano de Alberto N\u00fa\u00f1ez Feij\u00f3o -, en 16 a\u00f1os, s\u00f3lo se actualiz\u00f3 un 3%.<\/p>\n<p>\u00abLa inversi\u00f3n de Galicia en dependencia se multiplic\u00f3 por cuatro desde 2009\u00bb a\u00f1aden indicando que la Conseller\u00eda de Pol\u00edtica Social es \u00abla que m\u00e1s crece en 2026 para financiar un esfuerzo sin precedentes en mejorar la atenci\u00f3n a las personas mayores\u00bb. Es m\u00e1s, desde 2009, el n\u00famero de personas dependientes atendidas en Galicia \u00abse multiplic\u00f3 por cinco: de 15.000 a 89.000\u00bb.<\/p>\n<p><em><strong>GALICIA SIGUE CONFIANDO EN EL PPDEG<\/strong><\/em><\/p>\n<p>En este escenario, los populares han concluido que, con sus palabras, S\u00e1nchez \u00abha insultado a los gallegos y gallegas, que durante 13 a\u00f1os le otorgaron cuatro mayor\u00edas absolutas a Alberto N\u00fa\u00f1ez Feij\u00f3o\u00bb.<\/p>\n<p>\u00abDe hecho, siguen confiando en el PPdeG, como constata la mayor\u00eda absoluta lograda por Alfonso Rueda en 2024 y la victoria holgada que logr\u00f3 el PP en Galicia en las elecciones generales de 2023\u00bb, han zanjado.<\/p>\n","protected":false},"excerpt":{"rendered":"<p>El PPdeG ha manifestado este mi\u00e9rcoles su malestar por la intervenci\u00f3n en el Congreso del presidente del Gobierno, Pedro S\u00e1nchez, al que han acusado de \u00ablanzar bulos\u00bb e \u00abinsultar\u00bb a los gallegos y gallegas que otorgaron cuatro mayor\u00edas absolutas a Alberto N\u00fa\u00f1ez Feij\u00f3o y revalidaron su confianza con Alfonso Rueda como candidato. \u00abA Pedro S\u00e1nchez [&hellip;]<\/p>\n","protected":false},"author":38,"featured_media":69000,"comment_status":"closed","ping_status":"open","sticky":false,"template":"","format":"standard","meta":{"_acf_changed":false,"footnotes":""},"categories":[1],"tags":[],"class_list":["post-68999","post","type-post","status-publish","format-standard","has-post-thumbnail","hentry","category-pp-de-galicia"],"acf":[],"yoast_head":"<!-- This site is optimized with the Yoast SEO plugin v27.3 - https:\/\/yoast.com\/product\/yoast-seo-wordpress\/ -->\n<title>El PPdeG acusa a S\u00e1nchez de &quot;lanzar bulos&quot; e &quot;insultar&quot; a los gallegos que dieron a Feij\u00f3o cuatro mayor\u00edas absolutas - PP de Galicia<\/title>\n<meta name=\"description\" content=\"El PPdeG ha manifestado este mi\u00e9rcoles su malestar por la intervenci\u00f3n en el Congreso del presidente del Gobierno, Pedro S\u00e1nchez, al que han acusado de &quot;lanzar bulos&quot; e &quot;insultar&quot; a los gallegos y gallegas que otorgaron cuatro mayor\u00edas absolutas a Alberto N\u00fa\u00f1ez Feij\u00f3o y revalidaron su confianza con Alfonso Rueda como candidato.\" \/>\n<meta name=\"robots\" content=\"index, follow, max-snippet:-1, max-image-preview:large, max-video-preview:-1\" \/>\n<link rel=\"canonical\" href=\"https:\/\/ppdegalicia.com\/es\/el-ppdeg-acusa-a-sanchez-de-lanzar-bulos-e-insultar-a-los-gallegos-que-dieron-a-feijoo-cuatro-mayorias-absolutas\/\" \/>\n<meta property=\"og:locale\" content=\"es_ES\" \/>\n<meta property=\"og:type\" content=\"article\" \/>\n<meta property=\"og:title\" content=\"El PPdeG acusa a S\u00e1nchez de &quot;lanzar bulos&quot; e &quot;insultar&quot; a los gallegos que dieron a Feij\u00f3o cuatro mayor\u00edas absolutas - PP de Galicia\" \/>\n<meta property=\"og:description\" content=\"El PPdeG ha manifestado este mi\u00e9rcoles su malestar por la intervenci\u00f3n en el Congreso del presidente del Gobierno, Pedro S\u00e1nchez, al que han acusado de &quot;lanzar bulos&quot; e &quot;insultar&quot; a los gallegos y gallegas que otorgaron cuatro mayor\u00edas absolutas a Alberto N\u00fa\u00f1ez Feij\u00f3o y revalidaron su confianza con Alfonso Rueda como candidato.\" \/>\n<meta property=\"og:url\" content=\"https:\/\/ppdegalicia.com\/es\/el-ppdeg-acusa-a-sanchez-de-lanzar-bulos-e-insultar-a-los-gallegos-que-dieron-a-feijoo-cuatro-mayorias-absolutas\/\" \/>\n<meta property=\"og:site_name\" content=\"PP de Galicia\" \/>\n<meta property=\"article:publisher\" content=\"https:\/\/www.instagram.com\/ppdegalicia\/\" \/>\n<meta property=\"article:published_time\" content=\"2025-11-12T17:53:21+00:00\" \/>\n<meta property=\"article:modified_time\" content=\"2025-11-17T09:54:46+00:00\" \/>\n<meta property=\"og:image\" content=\"https:\/\/ppdegalicia.com\/wp-content\/uploads\/2025\/11\/20250831_ARueda_InicioCursoPolitico_1-scaled.jpg\" \/>\n\t<meta property=\"og:image:width\" content=\"2560\" \/>\n\t<meta property=\"og:image:height\" content=\"1707\" \/>\n\t<meta property=\"og:image:type\" content=\"image\/jpeg\" \/>\n<meta name=\"author\" content=\"ppdegaliciaredes\" \/>\n<meta name=\"twitter:card\" content=\"summary_large_image\" \/>\n<meta name=\"twitter:creator\" content=\"@ppdegalicia\" \/>\n<meta name=\"twitter:site\" content=\"@ppdegalicia\" \/>\n<meta name=\"twitter:label1\" content=\"Escrito por\" \/>\n\t<meta name=\"twitter:data1\" content=\"ppdegaliciaredes\" \/>\n\t<meta name=\"twitter:label2\" content=\"Tiempo de lectura\" \/>\n\t<meta name=\"twitter:data2\" content=\"3 minutos\" \/>\n<script type=\"application\/ld+json\" class=\"yoast-schema-graph\">{\"@context\":\"https:\\\/\\\/schema.org\",\"@graph\":[{\"@type\":\"Article\",\"@id\":\"https:\\\/\\\/ppdegalicia.com\\\/es\\\/el-ppdeg-acusa-a-sanchez-de-lanzar-bulos-e-insultar-a-los-gallegos-que-dieron-a-feijoo-cuatro-mayorias-absolutas\\\/#article\",\"isPartOf\":{\"@id\":\"https:\\\/\\\/ppdegalicia.com\\\/es\\\/el-ppdeg-acusa-a-sanchez-de-lanzar-bulos-e-insultar-a-los-gallegos-que-dieron-a-feijoo-cuatro-mayorias-absolutas\\\/\"},\"author\":{\"name\":\"ppdegaliciaredes\",\"@id\":\"https:\\\/\\\/ppdegalicia.com\\\/es\\\/#\\\/schema\\\/person\\\/5b822c6f59e872ebdd1142f307dbcb59\"},\"headline\":\"El PPdeG acusa a S\u00e1nchez de \u00ablanzar bulos\u00bb e \u00abinsultar\u00bb a los gallegos que dieron a Feij\u00f3o cuatro mayor\u00edas absolutas\",\"datePublished\":\"2025-11-12T17:53:21+00:00\",\"dateModified\":\"2025-11-17T09:54:46+00:00\",\"mainEntityOfPage\":{\"@id\":\"https:\\\/\\\/ppdegalicia.com\\\/es\\\/el-ppdeg-acusa-a-sanchez-de-lanzar-bulos-e-insultar-a-los-gallegos-que-dieron-a-feijoo-cuatro-mayorias-absolutas\\\/\"},\"wordCount\":458,\"publisher\":{\"@id\":\"https:\\\/\\\/ppdegalicia.com\\\/es\\\/#organization\"},\"image\":{\"@id\":\"https:\\\/\\\/ppdegalicia.com\\\/es\\\/el-ppdeg-acusa-a-sanchez-de-lanzar-bulos-e-insultar-a-los-gallegos-que-dieron-a-feijoo-cuatro-mayorias-absolutas\\\/#primaryimage\"},\"thumbnailUrl\":\"https:\\\/\\\/ppdegalicia.com\\\/wp-content\\\/uploads\\\/2025\\\/11\\\/20250831_ARueda_InicioCursoPolitico_1-scaled.jpg\",\"articleSection\":[\"PP de Galicia\"],\"inLanguage\":\"es\"},{\"@type\":\"WebPage\",\"@id\":\"https:\\\/\\\/ppdegalicia.com\\\/es\\\/el-ppdeg-acusa-a-sanchez-de-lanzar-bulos-e-insultar-a-los-gallegos-que-dieron-a-feijoo-cuatro-mayorias-absolutas\\\/\",\"url\":\"https:\\\/\\\/ppdegalicia.com\\\/es\\\/el-ppdeg-acusa-a-sanchez-de-lanzar-bulos-e-insultar-a-los-gallegos-que-dieron-a-feijoo-cuatro-mayorias-absolutas\\\/\",\"name\":\"El PPdeG acusa a S\u00e1nchez de \\\"lanzar bulos\\\" e \\\"insultar\\\" a los gallegos que dieron a Feij\u00f3o cuatro mayor\u00edas absolutas - PP de Galicia\",\"isPartOf\":{\"@id\":\"https:\\\/\\\/ppdegalicia.com\\\/es\\\/#website\"},\"primaryImageOfPage\":{\"@id\":\"https:\\\/\\\/ppdegalicia.com\\\/es\\\/el-ppdeg-acusa-a-sanchez-de-lanzar-bulos-e-insultar-a-los-gallegos-que-dieron-a-feijoo-cuatro-mayorias-absolutas\\\/#primaryimage\"},\"image\":{\"@id\":\"https:\\\/\\\/ppdegalicia.com\\\/es\\\/el-ppdeg-acusa-a-sanchez-de-lanzar-bulos-e-insultar-a-los-gallegos-que-dieron-a-feijoo-cuatro-mayorias-absolutas\\\/#primaryimage\"},\"thumbnailUrl\":\"https:\\\/\\\/ppdegalicia.com\\\/wp-content\\\/uploads\\\/2025\\\/11\\\/20250831_ARueda_InicioCursoPolitico_1-scaled.jpg\",\"datePublished\":\"2025-11-12T17:53:21+00:00\",\"dateModified\":\"2025-11-17T09:54:46+00:00\",\"description\":\"El PPdeG ha manifestado este mi\u00e9rcoles su malestar por la intervenci\u00f3n en el Congreso del presidente del Gobierno, Pedro S\u00e1nchez, al que han acusado de \\\"lanzar bulos\\\" e \\\"insultar\\\" a los gallegos y gallegas que otorgaron cuatro mayor\u00edas absolutas a Alberto N\u00fa\u00f1ez Feij\u00f3o y revalidaron su confianza con Alfonso Rueda como candidato.\",\"breadcrumb\":{\"@id\":\"https:\\\/\\\/ppdegalicia.com\\\/es\\\/el-ppdeg-acusa-a-sanchez-de-lanzar-bulos-e-insultar-a-los-gallegos-que-dieron-a-feijoo-cuatro-mayorias-absolutas\\\/#breadcrumb\"},\"inLanguage\":\"es\",\"potentialAction\":[{\"@type\":\"ReadAction\",\"target\":[\"https:\\\/\\\/ppdegalicia.com\\\/es\\\/el-ppdeg-acusa-a-sanchez-de-lanzar-bulos-e-insultar-a-los-gallegos-que-dieron-a-feijoo-cuatro-mayorias-absolutas\\\/\"]}]},{\"@type\":\"ImageObject\",\"inLanguage\":\"es\",\"@id\":\"https:\\\/\\\/ppdegalicia.com\\\/es\\\/el-ppdeg-acusa-a-sanchez-de-lanzar-bulos-e-insultar-a-los-gallegos-que-dieron-a-feijoo-cuatro-mayorias-absolutas\\\/#primaryimage\",\"url\":\"https:\\\/\\\/ppdegalicia.com\\\/wp-content\\\/uploads\\\/2025\\\/11\\\/20250831_ARueda_InicioCursoPolitico_1-scaled.jpg\",\"contentUrl\":\"https:\\\/\\\/ppdegalicia.com\\\/wp-content\\\/uploads\\\/2025\\\/11\\\/20250831_ARueda_InicioCursoPolitico_1-scaled.jpg\",\"width\":2560,\"height\":1707},{\"@type\":\"BreadcrumbList\",\"@id\":\"https:\\\/\\\/ppdegalicia.com\\\/es\\\/el-ppdeg-acusa-a-sanchez-de-lanzar-bulos-e-insultar-a-los-gallegos-que-dieron-a-feijoo-cuatro-mayorias-absolutas\\\/#breadcrumb\",\"itemListElement\":[{\"@type\":\"ListItem\",\"position\":1,\"name\":\"Portada\",\"item\":\"https:\\\/\\\/ppdegalicia.com\\\/es\\\/\"},{\"@type\":\"ListItem\",\"position\":2,\"name\":\"El PPdeG acusa a S\u00e1nchez de &#8220;lanzar bulos&#8221; e &#8220;insultar&#8221; a los gallegos que dieron a Feij\u00f3o cuatro mayor\u00edas absolutas\"}]},{\"@type\":\"WebSite\",\"@id\":\"https:\\\/\\\/ppdegalicia.com\\\/es\\\/#website\",\"url\":\"https:\\\/\\\/ppdegalicia.com\\\/es\\\/\",\"name\":\"Partido Popular de Galicia\",\"description\":\"Partido Popular de Galicia\",\"publisher\":{\"@id\":\"https:\\\/\\\/ppdegalicia.com\\\/es\\\/#organization\"},\"alternateName\":\"PP de Galicia\",\"potentialAction\":[{\"@type\":\"SearchAction\",\"target\":{\"@type\":\"EntryPoint\",\"urlTemplate\":\"https:\\\/\\\/ppdegalicia.com\\\/es\\\/?s={search_term_string}\"},\"query-input\":{\"@type\":\"PropertyValueSpecification\",\"valueRequired\":true,\"valueName\":\"search_term_string\"}}],\"inLanguage\":\"es\"},{\"@type\":\"Organization\",\"@id\":\"https:\\\/\\\/ppdegalicia.com\\\/es\\\/#organization\",\"name\":\"Partido Popular de Galicia\",\"alternateName\":\"PP de Galicia\",\"url\":\"https:\\\/\\\/ppdegalicia.com\\\/es\\\/\",\"logo\":{\"@type\":\"ImageObject\",\"inLanguage\":\"es\",\"@id\":\"https:\\\/\\\/ppdegalicia.com\\\/es\\\/#\\\/schema\\\/logo\\\/image\\\/\",\"url\":\"https:\\\/\\\/ppdegalicia.com\\\/wp-content\\\/uploads\\\/2023\\\/04\\\/logoPP512.png\",\"contentUrl\":\"https:\\\/\\\/ppdegalicia.com\\\/wp-content\\\/uploads\\\/2023\\\/04\\\/logoPP512.png\",\"width\":512,\"height\":512,\"caption\":\"Partido Popular de Galicia\"},\"image\":{\"@id\":\"https:\\\/\\\/ppdegalicia.com\\\/es\\\/#\\\/schema\\\/logo\\\/image\\\/\"},\"sameAs\":[\"https:\\\/\\\/www.instagram.com\\\/ppdegalicia\\\/\",\"https:\\\/\\\/x.com\\\/ppdegalicia\",\"https:\\\/\\\/www.tiktok.com\\\/@ppdegalicia\",\"https:\\\/\\\/www.youtube.com\\\/user\\\/ppdegalicia\"]},{\"@type\":\"Person\",\"@id\":\"https:\\\/\\\/ppdegalicia.com\\\/es\\\/#\\\/schema\\\/person\\\/5b822c6f59e872ebdd1142f307dbcb59\",\"name\":\"ppdegaliciaredes\",\"image\":{\"@type\":\"ImageObject\",\"inLanguage\":\"es\",\"@id\":\"https:\\\/\\\/secure.gravatar.com\\\/avatar\\\/3c9179cf0256d00c72a48d1f25783c58b6842cd56e85ef3a572881c8e28ccd59?s=96&d=mm&r=g\",\"url\":\"https:\\\/\\\/secure.gravatar.com\\\/avatar\\\/3c9179cf0256d00c72a48d1f25783c58b6842cd56e85ef3a572881c8e28ccd59?s=96&d=mm&r=g\",\"contentUrl\":\"https:\\\/\\\/secure.gravatar.com\\\/avatar\\\/3c9179cf0256d00c72a48d1f25783c58b6842cd56e85ef3a572881c8e28ccd59?s=96&d=mm&r=g\",\"caption\":\"ppdegaliciaredes\"},\"url\":\"https:\\\/\\\/ppdegalicia.com\\\/es\\\/author\\\/ppdegaliciaredes\\\/\"}]}<\/script>\n<!-- \/ Yoast SEO plugin. -->","yoast_head_json":{"title":"El PPdeG acusa a S\u00e1nchez de \"lanzar bulos\" e \"insultar\" a los gallegos que dieron a Feij\u00f3o cuatro mayor\u00edas absolutas - PP de Galicia","description":"El PPdeG ha manifestado este mi\u00e9rcoles su malestar por la intervenci\u00f3n en el Congreso del presidente del Gobierno, Pedro S\u00e1nchez, al que han acusado de \"lanzar bulos\" e \"insultar\" a los gallegos y gallegas que otorgaron cuatro mayor\u00edas absolutas a Alberto N\u00fa\u00f1ez Feij\u00f3o y revalidaron su confianza con Alfonso Rueda como candidato.","robots":{"index":"index","follow":"follow","max-snippet":"max-snippet:-1","max-image-preview":"max-image-preview:large","max-video-preview":"max-video-preview:-1"},"canonical":"https:\/\/ppdegalicia.com\/es\/el-ppdeg-acusa-a-sanchez-de-lanzar-bulos-e-insultar-a-los-gallegos-que-dieron-a-feijoo-cuatro-mayorias-absolutas\/","og_locale":"es_ES","og_type":"article","og_title":"El PPdeG acusa a S\u00e1nchez de \"lanzar bulos\" e \"insultar\" a los gallegos que dieron a Feij\u00f3o cuatro mayor\u00edas absolutas - PP de Galicia","og_description":"El PPdeG ha manifestado este mi\u00e9rcoles su malestar por la intervenci\u00f3n en el Congreso del presidente del Gobierno, Pedro S\u00e1nchez, al que han acusado de \"lanzar bulos\" e \"insultar\" a los gallegos y gallegas que otorgaron cuatro mayor\u00edas absolutas a Alberto N\u00fa\u00f1ez Feij\u00f3o y revalidaron su confianza con Alfonso Rueda como candidato.","og_url":"https:\/\/ppdegalicia.com\/es\/el-ppdeg-acusa-a-sanchez-de-lanzar-bulos-e-insultar-a-los-gallegos-que-dieron-a-feijoo-cuatro-mayorias-absolutas\/","og_site_name":"PP de Galicia","article_publisher":"https:\/\/www.instagram.com\/ppdegalicia\/","article_published_time":"2025-11-12T17:53:21+00:00","article_modified_time":"2025-11-17T09:54:46+00:00","og_image":[{"width":2560,"height":1707,"url":"https:\/\/ppdegalicia.com\/wp-content\/uploads\/2025\/11\/20250831_ARueda_InicioCursoPolitico_1-scaled.jpg","type":"image\/jpeg"}],"author":"ppdegaliciaredes","twitter_card":"summary_large_image","twitter_creator":"@ppdegalicia","twitter_site":"@ppdegalicia","twitter_misc":{"Escrito por":"ppdegaliciaredes","Tiempo de lectura":"3 minutos"},"schema":{"@context":"https:\/\/schema.org","@graph":[{"@type":"Article","@id":"https:\/\/ppdegalicia.com\/es\/el-ppdeg-acusa-a-sanchez-de-lanzar-bulos-e-insultar-a-los-gallegos-que-dieron-a-feijoo-cuatro-mayorias-absolutas\/#article","isPartOf":{"@id":"https:\/\/ppdegalicia.com\/es\/el-ppdeg-acusa-a-sanchez-de-lanzar-bulos-e-insultar-a-los-gallegos-que-dieron-a-feijoo-cuatro-mayorias-absolutas\/"},"author":{"name":"ppdegaliciaredes","@id":"https:\/\/ppdegalicia.com\/es\/#\/schema\/person\/5b822c6f59e872ebdd1142f307dbcb59"},"headline":"El PPdeG acusa a S\u00e1nchez de \u00ablanzar bulos\u00bb e \u00abinsultar\u00bb a los gallegos que dieron a Feij\u00f3o cuatro mayor\u00edas absolutas","datePublished":"2025-11-12T17:53:21+00:00","dateModified":"2025-11-17T09:54:46+00:00","mainEntityOfPage":{"@id":"https:\/\/ppdegalicia.com\/es\/el-ppdeg-acusa-a-sanchez-de-lanzar-bulos-e-insultar-a-los-gallegos-que-dieron-a-feijoo-cuatro-mayorias-absolutas\/"},"wordCount":458,"publisher":{"@id":"https:\/\/ppdegalicia.com\/es\/#organization"},"image":{"@id":"https:\/\/ppdegalicia.com\/es\/el-ppdeg-acusa-a-sanchez-de-lanzar-bulos-e-insultar-a-los-gallegos-que-dieron-a-feijoo-cuatro-mayorias-absolutas\/#primaryimage"},"thumbnailUrl":"https:\/\/ppdegalicia.com\/wp-content\/uploads\/2025\/11\/20250831_ARueda_InicioCursoPolitico_1-scaled.jpg","articleSection":["PP de Galicia"],"inLanguage":"es"},{"@type":"WebPage","@id":"https:\/\/ppdegalicia.com\/es\/el-ppdeg-acusa-a-sanchez-de-lanzar-bulos-e-insultar-a-los-gallegos-que-dieron-a-feijoo-cuatro-mayorias-absolutas\/","url":"https:\/\/ppdegalicia.com\/es\/el-ppdeg-acusa-a-sanchez-de-lanzar-bulos-e-insultar-a-los-gallegos-que-dieron-a-feijoo-cuatro-mayorias-absolutas\/","name":"El PPdeG acusa a S\u00e1nchez de \"lanzar bulos\" e \"insultar\" a los gallegos que dieron a Feij\u00f3o cuatro mayor\u00edas absolutas - PP de Galicia","isPartOf":{"@id":"https:\/\/ppdegalicia.com\/es\/#website"},"primaryImageOfPage":{"@id":"https:\/\/ppdegalicia.com\/es\/el-ppdeg-acusa-a-sanchez-de-lanzar-bulos-e-insultar-a-los-gallegos-que-dieron-a-feijoo-cuatro-mayorias-absolutas\/#primaryimage"},"image":{"@id":"https:\/\/ppdegalicia.com\/es\/el-ppdeg-acusa-a-sanchez-de-lanzar-bulos-e-insultar-a-los-gallegos-que-dieron-a-feijoo-cuatro-mayorias-absolutas\/#primaryimage"},"thumbnailUrl":"https:\/\/ppdegalicia.com\/wp-content\/uploads\/2025\/11\/20250831_ARueda_InicioCursoPolitico_1-scaled.jpg","datePublished":"2025-11-12T17:53:21+00:00","dateModified":"2025-11-17T09:54:46+00:00","description":"El PPdeG ha manifestado este mi\u00e9rcoles su malestar por la intervenci\u00f3n en el Congreso del presidente del Gobierno, Pedro S\u00e1nchez, al que han acusado de \"lanzar bulos\" e \"insultar\" a los gallegos y gallegas que otorgaron cuatro mayor\u00edas absolutas a Alberto N\u00fa\u00f1ez Feij\u00f3o y revalidaron su confianza con Alfonso Rueda como candidato.","breadcrumb":{"@id":"https:\/\/ppdegalicia.com\/es\/el-ppdeg-acusa-a-sanchez-de-lanzar-bulos-e-insultar-a-los-gallegos-que-dieron-a-feijoo-cuatro-mayorias-absolutas\/#breadcrumb"},"inLanguage":"es","potentialAction":[{"@type":"ReadAction","target":["https:\/\/ppdegalicia.com\/es\/el-ppdeg-acusa-a-sanchez-de-lanzar-bulos-e-insultar-a-los-gallegos-que-dieron-a-feijoo-cuatro-mayorias-absolutas\/"]}]},{"@type":"ImageObject","inLanguage":"es","@id":"https:\/\/ppdegalicia.com\/es\/el-ppdeg-acusa-a-sanchez-de-lanzar-bulos-e-insultar-a-los-gallegos-que-dieron-a-feijoo-cuatro-mayorias-absolutas\/#primaryimage","url":"https:\/\/ppdegalicia.com\/wp-content\/uploads\/2025\/11\/20250831_ARueda_InicioCursoPolitico_1-scaled.jpg","contentUrl":"https:\/\/ppdegalicia.com\/wp-content\/uploads\/2025\/11\/20250831_ARueda_InicioCursoPolitico_1-scaled.jpg","width":2560,"height":1707},{"@type":"BreadcrumbList","@id":"https:\/\/ppdegalicia.com\/es\/el-ppdeg-acusa-a-sanchez-de-lanzar-bulos-e-insultar-a-los-gallegos-que-dieron-a-feijoo-cuatro-mayorias-absolutas\/#breadcrumb","itemListElement":[{"@type":"ListItem","position":1,"name":"Portada","item":"https:\/\/ppdegalicia.com\/es\/"},{"@type":"ListItem","position":2,"name":"El PPdeG acusa a S\u00e1nchez de &#8220;lanzar bulos&#8221; e &#8220;insultar&#8221; a los gallegos que dieron a Feij\u00f3o cuatro mayor\u00edas absolutas"}]},{"@type":"WebSite","@id":"https:\/\/ppdegalicia.com\/es\/#website","url":"https:\/\/ppdegalicia.com\/es\/","name":"Partido Popular de Galicia","description":"Partido Popular de Galicia","publisher":{"@id":"https:\/\/ppdegalicia.com\/es\/#organization"},"alternateName":"PP de Galicia","potentialAction":[{"@type":"SearchAction","target":{"@type":"EntryPoint","urlTemplate":"https:\/\/ppdegalicia.com\/es\/?s={search_term_string}"},"query-input":{"@type":"PropertyValueSpecification","valueRequired":true,"valueName":"search_term_string"}}],"inLanguage":"es"},{"@type":"Organization","@id":"https:\/\/ppdegalicia.com\/es\/#organization","name":"Partido Popular de Galicia","alternateName":"PP de Galicia","url":"https:\/\/ppdegalicia.com\/es\/","logo":{"@type":"ImageObject","inLanguage":"es","@id":"https:\/\/ppdegalicia.com\/es\/#\/schema\/logo\/image\/","url":"https:\/\/ppdegalicia.com\/wp-content\/uploads\/2023\/04\/logoPP512.png","contentUrl":"https:\/\/ppdegalicia.com\/wp-content\/uploads\/2023\/04\/logoPP512.png","width":512,"height":512,"caption":"Partido Popular de Galicia"},"image":{"@id":"https:\/\/ppdegalicia.com\/es\/#\/schema\/logo\/image\/"},"sameAs":["https:\/\/www.instagram.com\/ppdegalicia\/","https:\/\/x.com\/ppdegalicia","https:\/\/www.tiktok.com\/@ppdegalicia","https:\/\/www.youtube.com\/user\/ppdegalicia"]},{"@type":"Person","@id":"https:\/\/ppdegalicia.com\/es\/#\/schema\/person\/5b822c6f59e872ebdd1142f307dbcb59","name":"ppdegaliciaredes","image":{"@type":"ImageObject","inLanguage":"es","@id":"https:\/\/secure.gravatar.com\/avatar\/3c9179cf0256d00c72a48d1f25783c58b6842cd56e85ef3a572881c8e28ccd59?s=96&d=mm&r=g","url":"https:\/\/secure.gravatar.com\/avatar\/3c9179cf0256d00c72a48d1f25783c58b6842cd56e85ef3a572881c8e28ccd59?s=96&d=mm&r=g","contentUrl":"https:\/\/secure.gravatar.com\/avatar\/3c9179cf0256d00c72a48d1f25783c58b6842cd56e85ef3a572881c8e28ccd59?s=96&d=mm&r=g","caption":"ppdegaliciaredes"},"url":"https:\/\/ppdegalicia.com\/es\/author\/ppdegaliciaredes\/"}]}},"_links":{"self":[{"href":"https:\/\/ppdegalicia.com\/es\/wp-json\/wp\/v2\/posts\/68999","targetHints":{"allow":["GET"]}}],"collection":[{"href":"https:\/\/ppdegalicia.com\/es\/wp-json\/wp\/v2\/posts"}],"about":[{"href":"https:\/\/ppdegalicia.com\/es\/wp-json\/wp\/v2\/types\/post"}],"author":[{"embeddable":true,"href":"https:\/\/ppdegalicia.com\/es\/wp-json\/wp\/v2\/users\/38"}],"replies":[{"embeddable":true,"href":"https:\/\/ppdegalicia.com\/es\/wp-json\/wp\/v2\/comments?post=68999"}],"version-history":[{"count":1,"href":"https:\/\/ppdegalicia.com\/es\/wp-json\/wp\/v2\/posts\/68999\/revisions"}],"predecessor-version":[{"id":69002,"href":"https:\/\/ppdegalicia.com\/es\/wp-json\/wp\/v2\/posts\/68999\/revisions\/69002"}],"wp:featuredmedia":[{"embeddable":true,"href":"https:\/\/ppdegalicia.com\/es\/wp-json\/wp\/v2\/media\/69000"}],"wp:attachment":[{"href":"https:\/\/ppdegalicia.com\/es\/wp-json\/wp\/v2\/media?parent=68999"}],"wp:term":[{"taxonomy":"category","embeddable":true,"href":"https:\/\/ppdegalicia.com\/es\/wp-json\/wp\/v2\/categories?post=68999"},{"taxonomy":"post_tag","embeddable":true,"href":"https:\/\/ppdegalicia.com\/es\/wp-json\/wp\/v2\/tags?post=68999"}],"curies":[{"name":"wp","href":"https:\/\/api.w.org\/{rel}","templated":true}]}}