{"id":69100,"date":"2025-11-20T13:31:36","date_gmt":"2025-11-20T12:31:36","guid":{"rendered":"https:\/\/ppdegalicia.com\/?p=69100"},"modified":"2025-11-20T17:15:19","modified_gmt":"2025-11-20T16:15:19","slug":"o-ppdeg-esixe-a-dimision-da-alcaldesa-de-salceda-de-caselas-pola-sua-manipulacion-fotografica-e-levara-o-asunto-a-valedora-do-pobo","status":"publish","type":"post","link":"https:\/\/ppdegalicia.com\/es\/o-ppdeg-esixe-a-dimision-da-alcaldesa-de-salceda-de-caselas-pola-sua-manipulacion-fotografica-e-levara-o-asunto-a-valedora-do-pobo\/","title":{"rendered":"O PPdeG esixe a dimisi\u00f3n da alcaldesa de Salceda de Caselas pola s\u00faa \u201cmanipulaci\u00f3n fotogr\u00e1fica\u201d e levar\u00e1 o asunto \u00e1 Valedora do Pobo"},"content":{"rendered":"<p style=\"font-weight: 400;\">O Partido Popular de Galicia esixe a dimisi\u00f3n da alcaldesa de Salceda de Caselas pola manipulaci\u00f3n dunha fotograf\u00eda da que \u201cfixo desaparecer ao PP\u201d e anuncia que levar\u00e1 este asunto \u00e1 Valedora do Pobo ao consideralo \u201cun ataque \u00e1 democracia e \u00e1 vontade dos veci\u00f1os\u201d.<\/p>\n<p style=\"font-weight: 400;\">Esta ma\u00f1\u00e1 a secretaria xeral dos populares galegos, Paula Prado, acudiu a este concello acompa\u00f1ada pola secretaria xeral do PP na provincia de Pontevedra, Luisa Pi\u00f1eiro, precisamente para trasladar o apoio e a solidariedade do partido ao seu voceiro neste concello, Santiago Rodr\u00edguez Davila.<\/p>\n<p style=\"font-weight: 400;\">\u201cA manipulaci\u00f3n e o borrado desta foto \u00e9 un ataque \u00e1 democracia, aos veci\u00f1os de Salceda e a todos os votantes do PP\u201d, afirmou Prado ao tempo que cualificaba estes feitos tam\u00e9n \u201cun insulto \u00e1 intelixencia\u201d co que se demostra que \u201ca esquerda est\u00e1 disposta a todo con tal de manipular a realidade\u201d.<\/p>\n<p style=\"font-weight: 400;\">Puxo as\u00ed como exemplo o que est\u00e1 ocorrendo a nivel nacional coa corrupci\u00f3n do PSOE: \u201cIntentan xustificala manipulando a informaci\u00f3n e culpando aos xu\u00edces e aos medios de comunicaci\u00f3n, pero ningu\u00e9n asume ningunha responsabilidade\u201d. Unha responsabilidade que tam\u00e9n esixe \u00e1 alcaldesa deste concello en forma de dimisi\u00f3n \u201cse non por rexeneraci\u00f3n democr\u00e1tica, polo menos por vergonza\u201d.<\/p>\n<p style=\"font-weight: 400;\">A secretaria xeral do PPdeG asegurou que esta manipulaci\u00f3n amosa o \u201cnerviosismo\u201d da rexedora ante o feito de que o proxecto do PP \u201cest\u00e1 chegando cada d\u00eda a m\u00e1is veci\u00f1os e veci\u00f1as\u201d. Recordou neste sentido que Santiago Rodr\u00edguez Davila ga\u00f1ou as pasadas elecci\u00f3ns municipais con m\u00e1is de 2.400 votos e case un 46% de apoio.<\/p>\n<p style=\"font-weight: 400;\">\u201cAqu\u00ed, coma noutros concellos, conformouse un pacto de perdedores que tivo como \u00fanico obxectivo que non gobernara o PP\u201d, lamentou a n\u00famero dous dos populares galegos ao tempo que se amosaba convencida de que nos propios comicios Santiago Rodr\u00edguez Davila \u201cser\u00e1 o alcalde e traballar\u00e1 por todos os seus veci\u00f1os sen sectarismos e sen facer desaparecer ao resto da corporaci\u00f3n\u201d.<\/p>\n<p style=\"font-weight: 400;\"><strong><u>\u201cNON ME BORRARON A MIN, BORRARON A M\u00c1IS DE 2.400 VECI\u00d1OS\u201d<\/u><\/strong><\/p>\n<p style=\"font-weight: 400;\">Foi o propio Santiago Rodr\u00edguez Davila o que anunciou que elevar\u00e1 un escrito \u00e1 Valedora do Pobo para pedir \u201camparo\u201d ante o que considera unha vulneraci\u00f3n do seu dereito democr\u00e1tico a representar \u00e1 veci\u00f1anza como membro da corporaci\u00f3n.<\/p>\n<p style=\"font-weight: 400;\">\u201cElimin\u00e1ndome a min da foto est\u00e1n eliminando a un cargo p\u00fablico, a un concelleiro da corporaci\u00f3n municipal e a un veci\u00f1o que d\u00e1 voz e visibilidade aos m\u00e1is de 2.400 veci\u00f1os e veci\u00f1as que lle deron o seu apoio democr\u00e1tico nas urnas\u201d, asegurou.<\/p>\n<p style=\"font-weight: 400;\">O portavoz local do PP considera \u201cindigno\u201d que un Concello \u201cse preste a facer este tipo de manipulaci\u00f3ns\u201d e denuncia que \u201ca poboaci\u00f3n non se ve representada por un goberno que censura, que amordaza e que pretende invisibilizar non aos concelleiros que conforman o grupo maioritario da corporaci\u00f3n\u201d.<\/p>\n<p style=\"font-weight: 400;\">\u201cAgardo que este tipo de actuaci\u00f3ns pol\u00edticas non se reproduzan no futuro e te\u00f1an un castigo nas urnas nas vindeiras elecci\u00f3ns municipais\u201d, declarou sen pechar a porta a tomar novas acci\u00f3ns pol\u00edticas e xudiciais no futuro.<\/p>\n","protected":false},"excerpt":{"rendered":"<p>O Partido Popular de Galicia esixe a dimisi\u00f3n da alcaldesa de Salceda de Caselas pola manipulaci\u00f3n dunha fotograf\u00eda da que \u201cfixo desaparecer ao PP\u201d e anuncia que levar\u00e1 este asunto \u00e1 Valedora do Pobo ao consideralo \u201cun ataque \u00e1 democracia e \u00e1 vontade dos veci\u00f1os\u201d. Esta ma\u00f1\u00e1 a secretaria xeral dos populares galegos, Paula Prado, [&hellip;]<\/p>\n","protected":false},"author":38,"featured_media":69101,"comment_status":"closed","ping_status":"open","sticky":false,"template":"","format":"standard","meta":{"_acf_changed":false,"footnotes":""},"categories":[1],"tags":[],"class_list":["post-69100","post","type-post","status-publish","format-standard","has-post-thumbnail","hentry","category-pp-de-galicia"],"acf":[],"yoast_head":"<!-- This site is optimized with the Yoast SEO plugin v27.3 - https:\/\/yoast.com\/product\/yoast-seo-wordpress\/ -->\n<title>O PPdeG esixe a dimisi\u00f3n da alcaldesa de Salceda de Caselas pola s\u00faa \u201cmanipulaci\u00f3n fotogr\u00e1fica\u201d e levar\u00e1 o asunto \u00e1 Valedora do Pobo - PP de Galicia<\/title>\n<meta name=\"description\" content=\"O Partido Popular de Galicia esixe a dimisi\u00f3n da alcaldesa socialista de Salceda de Caselas pola manipulaci\u00f3n dunha fotograf\u00eda da que \u201cfixo desaparecer ao PP\u201d e anuncia que levar\u00e1 este asunto \u00e1 Valedora do Pobo ao consideralo \u201cun ataque \u00e1 democracia e \u00e1 vontade dos veci\u00f1os\u201d.\" \/>\n<meta name=\"robots\" content=\"index, follow, max-snippet:-1, max-image-preview:large, max-video-preview:-1\" \/>\n<link rel=\"canonical\" href=\"https:\/\/ppdegalicia.com\/es\/o-ppdeg-esixe-a-dimision-da-alcaldesa-de-salceda-de-caselas-pola-sua-manipulacion-fotografica-e-levara-o-asunto-a-valedora-do-pobo\/\" \/>\n<meta property=\"og:locale\" content=\"es_ES\" \/>\n<meta property=\"og:type\" content=\"article\" \/>\n<meta property=\"og:title\" content=\"O PPdeG esixe a dimisi\u00f3n da alcaldesa de Salceda de Caselas pola s\u00faa \u201cmanipulaci\u00f3n fotogr\u00e1fica\u201d e levar\u00e1 o asunto \u00e1 Valedora do Pobo - PP de Galicia\" \/>\n<meta property=\"og:description\" content=\"O Partido Popular de Galicia esixe a dimisi\u00f3n da alcaldesa socialista de Salceda de Caselas pola manipulaci\u00f3n dunha fotograf\u00eda da que \u201cfixo desaparecer ao PP\u201d e anuncia que levar\u00e1 este asunto \u00e1 Valedora do Pobo ao consideralo \u201cun ataque \u00e1 democracia e \u00e1 vontade dos veci\u00f1os\u201d.\" \/>\n<meta property=\"og:url\" content=\"https:\/\/ppdegalicia.com\/es\/o-ppdeg-esixe-a-dimision-da-alcaldesa-de-salceda-de-caselas-pola-sua-manipulacion-fotografica-e-levara-o-asunto-a-valedora-do-pobo\/\" \/>\n<meta property=\"og:site_name\" content=\"PP de Galicia\" \/>\n<meta property=\"article:publisher\" content=\"https:\/\/www.instagram.com\/ppdegalicia\/\" \/>\n<meta property=\"article:published_time\" content=\"2025-11-20T12:31:36+00:00\" \/>\n<meta property=\"article:modified_time\" content=\"2025-11-20T16:15:19+00:00\" \/>\n<meta property=\"og:image\" content=\"https:\/\/ppdegalicia.com\/wp-content\/uploads\/2025\/11\/20251120_PPrado_SalcedaCaselas_1-scaled.jpg\" \/>\n\t<meta property=\"og:image:width\" content=\"2560\" \/>\n\t<meta property=\"og:image:height\" content=\"1707\" \/>\n\t<meta property=\"og:image:type\" content=\"image\/jpeg\" \/>\n<meta name=\"author\" content=\"ppdegaliciaredes\" \/>\n<meta name=\"twitter:card\" content=\"summary_large_image\" \/>\n<meta name=\"twitter:creator\" content=\"@ppdegalicia\" \/>\n<meta name=\"twitter:site\" content=\"@ppdegalicia\" \/>\n<meta name=\"twitter:label1\" content=\"Escrito por\" \/>\n\t<meta name=\"twitter:data1\" content=\"ppdegaliciaredes\" \/>\n\t<meta name=\"twitter:label2\" content=\"Tiempo de lectura\" \/>\n\t<meta name=\"twitter:data2\" content=\"3 minutos\" \/>\n<script type=\"application\/ld+json\" class=\"yoast-schema-graph\">{\"@context\":\"https:\\\/\\\/schema.org\",\"@graph\":[{\"@type\":\"Article\",\"@id\":\"https:\\\/\\\/ppdegalicia.com\\\/es\\\/o-ppdeg-esixe-a-dimision-da-alcaldesa-de-salceda-de-caselas-pola-sua-manipulacion-fotografica-e-levara-o-asunto-a-valedora-do-pobo\\\/#article\",\"isPartOf\":{\"@id\":\"https:\\\/\\\/ppdegalicia.com\\\/es\\\/o-ppdeg-esixe-a-dimision-da-alcaldesa-de-salceda-de-caselas-pola-sua-manipulacion-fotografica-e-levara-o-asunto-a-valedora-do-pobo\\\/\"},\"author\":{\"name\":\"ppdegaliciaredes\",\"@id\":\"https:\\\/\\\/ppdegalicia.com\\\/es\\\/#\\\/schema\\\/person\\\/5b822c6f59e872ebdd1142f307dbcb59\"},\"headline\":\"O PPdeG esixe a dimisi\u00f3n da alcaldesa de Salceda de Caselas pola s\u00faa \u201cmanipulaci\u00f3n fotogr\u00e1fica\u201d e levar\u00e1 o asunto \u00e1 Valedora do Pobo\",\"datePublished\":\"2025-11-20T12:31:36+00:00\",\"dateModified\":\"2025-11-20T16:15:19+00:00\",\"mainEntityOfPage\":{\"@id\":\"https:\\\/\\\/ppdegalicia.com\\\/es\\\/o-ppdeg-esixe-a-dimision-da-alcaldesa-de-salceda-de-caselas-pola-sua-manipulacion-fotografica-e-levara-o-asunto-a-valedora-do-pobo\\\/\"},\"wordCount\":559,\"publisher\":{\"@id\":\"https:\\\/\\\/ppdegalicia.com\\\/es\\\/#organization\"},\"image\":{\"@id\":\"https:\\\/\\\/ppdegalicia.com\\\/es\\\/o-ppdeg-esixe-a-dimision-da-alcaldesa-de-salceda-de-caselas-pola-sua-manipulacion-fotografica-e-levara-o-asunto-a-valedora-do-pobo\\\/#primaryimage\"},\"thumbnailUrl\":\"https:\\\/\\\/ppdegalicia.com\\\/wp-content\\\/uploads\\\/2025\\\/11\\\/20251120_PPrado_SalcedaCaselas_1-scaled.jpg\",\"articleSection\":[\"PP de Galicia\"],\"inLanguage\":\"es\"},{\"@type\":\"WebPage\",\"@id\":\"https:\\\/\\\/ppdegalicia.com\\\/es\\\/o-ppdeg-esixe-a-dimision-da-alcaldesa-de-salceda-de-caselas-pola-sua-manipulacion-fotografica-e-levara-o-asunto-a-valedora-do-pobo\\\/\",\"url\":\"https:\\\/\\\/ppdegalicia.com\\\/es\\\/o-ppdeg-esixe-a-dimision-da-alcaldesa-de-salceda-de-caselas-pola-sua-manipulacion-fotografica-e-levara-o-asunto-a-valedora-do-pobo\\\/\",\"name\":\"O PPdeG esixe a dimisi\u00f3n da alcaldesa de Salceda de Caselas pola s\u00faa \u201cmanipulaci\u00f3n fotogr\u00e1fica\u201d e levar\u00e1 o asunto \u00e1 Valedora do Pobo - PP de Galicia\",\"isPartOf\":{\"@id\":\"https:\\\/\\\/ppdegalicia.com\\\/es\\\/#website\"},\"primaryImageOfPage\":{\"@id\":\"https:\\\/\\\/ppdegalicia.com\\\/es\\\/o-ppdeg-esixe-a-dimision-da-alcaldesa-de-salceda-de-caselas-pola-sua-manipulacion-fotografica-e-levara-o-asunto-a-valedora-do-pobo\\\/#primaryimage\"},\"image\":{\"@id\":\"https:\\\/\\\/ppdegalicia.com\\\/es\\\/o-ppdeg-esixe-a-dimision-da-alcaldesa-de-salceda-de-caselas-pola-sua-manipulacion-fotografica-e-levara-o-asunto-a-valedora-do-pobo\\\/#primaryimage\"},\"thumbnailUrl\":\"https:\\\/\\\/ppdegalicia.com\\\/wp-content\\\/uploads\\\/2025\\\/11\\\/20251120_PPrado_SalcedaCaselas_1-scaled.jpg\",\"datePublished\":\"2025-11-20T12:31:36+00:00\",\"dateModified\":\"2025-11-20T16:15:19+00:00\",\"description\":\"O Partido Popular de Galicia esixe a dimisi\u00f3n da alcaldesa socialista de Salceda de Caselas pola manipulaci\u00f3n dunha fotograf\u00eda da que \u201cfixo desaparecer ao PP\u201d e anuncia que levar\u00e1 este asunto \u00e1 Valedora do Pobo ao consideralo \u201cun ataque \u00e1 democracia e \u00e1 vontade dos veci\u00f1os\u201d.\",\"breadcrumb\":{\"@id\":\"https:\\\/\\\/ppdegalicia.com\\\/es\\\/o-ppdeg-esixe-a-dimision-da-alcaldesa-de-salceda-de-caselas-pola-sua-manipulacion-fotografica-e-levara-o-asunto-a-valedora-do-pobo\\\/#breadcrumb\"},\"inLanguage\":\"es\",\"potentialAction\":[{\"@type\":\"ReadAction\",\"target\":[\"https:\\\/\\\/ppdegalicia.com\\\/es\\\/o-ppdeg-esixe-a-dimision-da-alcaldesa-de-salceda-de-caselas-pola-sua-manipulacion-fotografica-e-levara-o-asunto-a-valedora-do-pobo\\\/\"]}]},{\"@type\":\"ImageObject\",\"inLanguage\":\"es\",\"@id\":\"https:\\\/\\\/ppdegalicia.com\\\/es\\\/o-ppdeg-esixe-a-dimision-da-alcaldesa-de-salceda-de-caselas-pola-sua-manipulacion-fotografica-e-levara-o-asunto-a-valedora-do-pobo\\\/#primaryimage\",\"url\":\"https:\\\/\\\/ppdegalicia.com\\\/wp-content\\\/uploads\\\/2025\\\/11\\\/20251120_PPrado_SalcedaCaselas_1-scaled.jpg\",\"contentUrl\":\"https:\\\/\\\/ppdegalicia.com\\\/wp-content\\\/uploads\\\/2025\\\/11\\\/20251120_PPrado_SalcedaCaselas_1-scaled.jpg\",\"width\":2560,\"height\":1707},{\"@type\":\"BreadcrumbList\",\"@id\":\"https:\\\/\\\/ppdegalicia.com\\\/es\\\/o-ppdeg-esixe-a-dimision-da-alcaldesa-de-salceda-de-caselas-pola-sua-manipulacion-fotografica-e-levara-o-asunto-a-valedora-do-pobo\\\/#breadcrumb\",\"itemListElement\":[{\"@type\":\"ListItem\",\"position\":1,\"name\":\"Portada\",\"item\":\"https:\\\/\\\/ppdegalicia.com\\\/es\\\/\"},{\"@type\":\"ListItem\",\"position\":2,\"name\":\"O PPdeG esixe a dimisi\u00f3n da alcaldesa de Salceda de Caselas pola s\u00faa \u201cmanipulaci\u00f3n fotogr\u00e1fica\u201d e levar\u00e1 o asunto \u00e1 Valedora do Pobo\"}]},{\"@type\":\"WebSite\",\"@id\":\"https:\\\/\\\/ppdegalicia.com\\\/es\\\/#website\",\"url\":\"https:\\\/\\\/ppdegalicia.com\\\/es\\\/\",\"name\":\"Partido Popular de Galicia\",\"description\":\"Partido Popular de Galicia\",\"publisher\":{\"@id\":\"https:\\\/\\\/ppdegalicia.com\\\/es\\\/#organization\"},\"alternateName\":\"PP de Galicia\",\"potentialAction\":[{\"@type\":\"SearchAction\",\"target\":{\"@type\":\"EntryPoint\",\"urlTemplate\":\"https:\\\/\\\/ppdegalicia.com\\\/es\\\/?s={search_term_string}\"},\"query-input\":{\"@type\":\"PropertyValueSpecification\",\"valueRequired\":true,\"valueName\":\"search_term_string\"}}],\"inLanguage\":\"es\"},{\"@type\":\"Organization\",\"@id\":\"https:\\\/\\\/ppdegalicia.com\\\/es\\\/#organization\",\"name\":\"Partido Popular de Galicia\",\"alternateName\":\"PP de Galicia\",\"url\":\"https:\\\/\\\/ppdegalicia.com\\\/es\\\/\",\"logo\":{\"@type\":\"ImageObject\",\"inLanguage\":\"es\",\"@id\":\"https:\\\/\\\/ppdegalicia.com\\\/es\\\/#\\\/schema\\\/logo\\\/image\\\/\",\"url\":\"https:\\\/\\\/ppdegalicia.com\\\/wp-content\\\/uploads\\\/2023\\\/04\\\/logoPP512.png\",\"contentUrl\":\"https:\\\/\\\/ppdegalicia.com\\\/wp-content\\\/uploads\\\/2023\\\/04\\\/logoPP512.png\",\"width\":512,\"height\":512,\"caption\":\"Partido Popular de Galicia\"},\"image\":{\"@id\":\"https:\\\/\\\/ppdegalicia.com\\\/es\\\/#\\\/schema\\\/logo\\\/image\\\/\"},\"sameAs\":[\"https:\\\/\\\/www.instagram.com\\\/ppdegalicia\\\/\",\"https:\\\/\\\/x.com\\\/ppdegalicia\",\"https:\\\/\\\/www.tiktok.com\\\/@ppdegalicia\",\"https:\\\/\\\/www.youtube.com\\\/user\\\/ppdegalicia\"]},{\"@type\":\"Person\",\"@id\":\"https:\\\/\\\/ppdegalicia.com\\\/es\\\/#\\\/schema\\\/person\\\/5b822c6f59e872ebdd1142f307dbcb59\",\"name\":\"ppdegaliciaredes\",\"image\":{\"@type\":\"ImageObject\",\"inLanguage\":\"es\",\"@id\":\"https:\\\/\\\/secure.gravatar.com\\\/avatar\\\/3c9179cf0256d00c72a48d1f25783c58b6842cd56e85ef3a572881c8e28ccd59?s=96&d=mm&r=g\",\"url\":\"https:\\\/\\\/secure.gravatar.com\\\/avatar\\\/3c9179cf0256d00c72a48d1f25783c58b6842cd56e85ef3a572881c8e28ccd59?s=96&d=mm&r=g\",\"contentUrl\":\"https:\\\/\\\/secure.gravatar.com\\\/avatar\\\/3c9179cf0256d00c72a48d1f25783c58b6842cd56e85ef3a572881c8e28ccd59?s=96&d=mm&r=g\",\"caption\":\"ppdegaliciaredes\"},\"url\":\"https:\\\/\\\/ppdegalicia.com\\\/es\\\/author\\\/ppdegaliciaredes\\\/\"}]}<\/script>\n<!-- \/ Yoast SEO plugin. -->","yoast_head_json":{"title":"O PPdeG esixe a dimisi\u00f3n da alcaldesa de Salceda de Caselas pola s\u00faa \u201cmanipulaci\u00f3n fotogr\u00e1fica\u201d e levar\u00e1 o asunto \u00e1 Valedora do Pobo - PP de Galicia","description":"O Partido Popular de Galicia esixe a dimisi\u00f3n da alcaldesa socialista de Salceda de Caselas pola manipulaci\u00f3n dunha fotograf\u00eda da que \u201cfixo desaparecer ao PP\u201d e anuncia que levar\u00e1 este asunto \u00e1 Valedora do Pobo ao consideralo \u201cun ataque \u00e1 democracia e \u00e1 vontade dos veci\u00f1os\u201d.","robots":{"index":"index","follow":"follow","max-snippet":"max-snippet:-1","max-image-preview":"max-image-preview:large","max-video-preview":"max-video-preview:-1"},"canonical":"https:\/\/ppdegalicia.com\/es\/o-ppdeg-esixe-a-dimision-da-alcaldesa-de-salceda-de-caselas-pola-sua-manipulacion-fotografica-e-levara-o-asunto-a-valedora-do-pobo\/","og_locale":"es_ES","og_type":"article","og_title":"O PPdeG esixe a dimisi\u00f3n da alcaldesa de Salceda de Caselas pola s\u00faa \u201cmanipulaci\u00f3n fotogr\u00e1fica\u201d e levar\u00e1 o asunto \u00e1 Valedora do Pobo - PP de Galicia","og_description":"O Partido Popular de Galicia esixe a dimisi\u00f3n da alcaldesa socialista de Salceda de Caselas pola manipulaci\u00f3n dunha fotograf\u00eda da que \u201cfixo desaparecer ao PP\u201d e anuncia que levar\u00e1 este asunto \u00e1 Valedora do Pobo ao consideralo \u201cun ataque \u00e1 democracia e \u00e1 vontade dos veci\u00f1os\u201d.","og_url":"https:\/\/ppdegalicia.com\/es\/o-ppdeg-esixe-a-dimision-da-alcaldesa-de-salceda-de-caselas-pola-sua-manipulacion-fotografica-e-levara-o-asunto-a-valedora-do-pobo\/","og_site_name":"PP de Galicia","article_publisher":"https:\/\/www.instagram.com\/ppdegalicia\/","article_published_time":"2025-11-20T12:31:36+00:00","article_modified_time":"2025-11-20T16:15:19+00:00","og_image":[{"width":2560,"height":1707,"url":"https:\/\/ppdegalicia.com\/wp-content\/uploads\/2025\/11\/20251120_PPrado_SalcedaCaselas_1-scaled.jpg","type":"image\/jpeg"}],"author":"ppdegaliciaredes","twitter_card":"summary_large_image","twitter_creator":"@ppdegalicia","twitter_site":"@ppdegalicia","twitter_misc":{"Escrito por":"ppdegaliciaredes","Tiempo de lectura":"3 minutos"},"schema":{"@context":"https:\/\/schema.org","@graph":[{"@type":"Article","@id":"https:\/\/ppdegalicia.com\/es\/o-ppdeg-esixe-a-dimision-da-alcaldesa-de-salceda-de-caselas-pola-sua-manipulacion-fotografica-e-levara-o-asunto-a-valedora-do-pobo\/#article","isPartOf":{"@id":"https:\/\/ppdegalicia.com\/es\/o-ppdeg-esixe-a-dimision-da-alcaldesa-de-salceda-de-caselas-pola-sua-manipulacion-fotografica-e-levara-o-asunto-a-valedora-do-pobo\/"},"author":{"name":"ppdegaliciaredes","@id":"https:\/\/ppdegalicia.com\/es\/#\/schema\/person\/5b822c6f59e872ebdd1142f307dbcb59"},"headline":"O PPdeG esixe a dimisi\u00f3n da alcaldesa de Salceda de Caselas pola s\u00faa \u201cmanipulaci\u00f3n fotogr\u00e1fica\u201d e levar\u00e1 o asunto \u00e1 Valedora do Pobo","datePublished":"2025-11-20T12:31:36+00:00","dateModified":"2025-11-20T16:15:19+00:00","mainEntityOfPage":{"@id":"https:\/\/ppdegalicia.com\/es\/o-ppdeg-esixe-a-dimision-da-alcaldesa-de-salceda-de-caselas-pola-sua-manipulacion-fotografica-e-levara-o-asunto-a-valedora-do-pobo\/"},"wordCount":559,"publisher":{"@id":"https:\/\/ppdegalicia.com\/es\/#organization"},"image":{"@id":"https:\/\/ppdegalicia.com\/es\/o-ppdeg-esixe-a-dimision-da-alcaldesa-de-salceda-de-caselas-pola-sua-manipulacion-fotografica-e-levara-o-asunto-a-valedora-do-pobo\/#primaryimage"},"thumbnailUrl":"https:\/\/ppdegalicia.com\/wp-content\/uploads\/2025\/11\/20251120_PPrado_SalcedaCaselas_1-scaled.jpg","articleSection":["PP de Galicia"],"inLanguage":"es"},{"@type":"WebPage","@id":"https:\/\/ppdegalicia.com\/es\/o-ppdeg-esixe-a-dimision-da-alcaldesa-de-salceda-de-caselas-pola-sua-manipulacion-fotografica-e-levara-o-asunto-a-valedora-do-pobo\/","url":"https:\/\/ppdegalicia.com\/es\/o-ppdeg-esixe-a-dimision-da-alcaldesa-de-salceda-de-caselas-pola-sua-manipulacion-fotografica-e-levara-o-asunto-a-valedora-do-pobo\/","name":"O PPdeG esixe a dimisi\u00f3n da alcaldesa de Salceda de Caselas pola s\u00faa \u201cmanipulaci\u00f3n fotogr\u00e1fica\u201d e levar\u00e1 o asunto \u00e1 Valedora do Pobo - PP de Galicia","isPartOf":{"@id":"https:\/\/ppdegalicia.com\/es\/#website"},"primaryImageOfPage":{"@id":"https:\/\/ppdegalicia.com\/es\/o-ppdeg-esixe-a-dimision-da-alcaldesa-de-salceda-de-caselas-pola-sua-manipulacion-fotografica-e-levara-o-asunto-a-valedora-do-pobo\/#primaryimage"},"image":{"@id":"https:\/\/ppdegalicia.com\/es\/o-ppdeg-esixe-a-dimision-da-alcaldesa-de-salceda-de-caselas-pola-sua-manipulacion-fotografica-e-levara-o-asunto-a-valedora-do-pobo\/#primaryimage"},"thumbnailUrl":"https:\/\/ppdegalicia.com\/wp-content\/uploads\/2025\/11\/20251120_PPrado_SalcedaCaselas_1-scaled.jpg","datePublished":"2025-11-20T12:31:36+00:00","dateModified":"2025-11-20T16:15:19+00:00","description":"O Partido Popular de Galicia esixe a dimisi\u00f3n da alcaldesa socialista de Salceda de Caselas pola manipulaci\u00f3n dunha fotograf\u00eda da que \u201cfixo desaparecer ao PP\u201d e anuncia que levar\u00e1 este asunto \u00e1 Valedora do Pobo ao consideralo \u201cun ataque \u00e1 democracia e \u00e1 vontade dos veci\u00f1os\u201d.","breadcrumb":{"@id":"https:\/\/ppdegalicia.com\/es\/o-ppdeg-esixe-a-dimision-da-alcaldesa-de-salceda-de-caselas-pola-sua-manipulacion-fotografica-e-levara-o-asunto-a-valedora-do-pobo\/#breadcrumb"},"inLanguage":"es","potentialAction":[{"@type":"ReadAction","target":["https:\/\/ppdegalicia.com\/es\/o-ppdeg-esixe-a-dimision-da-alcaldesa-de-salceda-de-caselas-pola-sua-manipulacion-fotografica-e-levara-o-asunto-a-valedora-do-pobo\/"]}]},{"@type":"ImageObject","inLanguage":"es","@id":"https:\/\/ppdegalicia.com\/es\/o-ppdeg-esixe-a-dimision-da-alcaldesa-de-salceda-de-caselas-pola-sua-manipulacion-fotografica-e-levara-o-asunto-a-valedora-do-pobo\/#primaryimage","url":"https:\/\/ppdegalicia.com\/wp-content\/uploads\/2025\/11\/20251120_PPrado_SalcedaCaselas_1-scaled.jpg","contentUrl":"https:\/\/ppdegalicia.com\/wp-content\/uploads\/2025\/11\/20251120_PPrado_SalcedaCaselas_1-scaled.jpg","width":2560,"height":1707},{"@type":"BreadcrumbList","@id":"https:\/\/ppdegalicia.com\/es\/o-ppdeg-esixe-a-dimision-da-alcaldesa-de-salceda-de-caselas-pola-sua-manipulacion-fotografica-e-levara-o-asunto-a-valedora-do-pobo\/#breadcrumb","itemListElement":[{"@type":"ListItem","position":1,"name":"Portada","item":"https:\/\/ppdegalicia.com\/es\/"},{"@type":"ListItem","position":2,"name":"O PPdeG esixe a dimisi\u00f3n da alcaldesa de Salceda de Caselas pola s\u00faa \u201cmanipulaci\u00f3n fotogr\u00e1fica\u201d e levar\u00e1 o asunto \u00e1 Valedora do Pobo"}]},{"@type":"WebSite","@id":"https:\/\/ppdegalicia.com\/es\/#website","url":"https:\/\/ppdegalicia.com\/es\/","name":"Partido Popular de Galicia","description":"Partido Popular de Galicia","publisher":{"@id":"https:\/\/ppdegalicia.com\/es\/#organization"},"alternateName":"PP de Galicia","potentialAction":[{"@type":"SearchAction","target":{"@type":"EntryPoint","urlTemplate":"https:\/\/ppdegalicia.com\/es\/?s={search_term_string}"},"query-input":{"@type":"PropertyValueSpecification","valueRequired":true,"valueName":"search_term_string"}}],"inLanguage":"es"},{"@type":"Organization","@id":"https:\/\/ppdegalicia.com\/es\/#organization","name":"Partido Popular de Galicia","alternateName":"PP de Galicia","url":"https:\/\/ppdegalicia.com\/es\/","logo":{"@type":"ImageObject","inLanguage":"es","@id":"https:\/\/ppdegalicia.com\/es\/#\/schema\/logo\/image\/","url":"https:\/\/ppdegalicia.com\/wp-content\/uploads\/2023\/04\/logoPP512.png","contentUrl":"https:\/\/ppdegalicia.com\/wp-content\/uploads\/2023\/04\/logoPP512.png","width":512,"height":512,"caption":"Partido Popular de Galicia"},"image":{"@id":"https:\/\/ppdegalicia.com\/es\/#\/schema\/logo\/image\/"},"sameAs":["https:\/\/www.instagram.com\/ppdegalicia\/","https:\/\/x.com\/ppdegalicia","https:\/\/www.tiktok.com\/@ppdegalicia","https:\/\/www.youtube.com\/user\/ppdegalicia"]},{"@type":"Person","@id":"https:\/\/ppdegalicia.com\/es\/#\/schema\/person\/5b822c6f59e872ebdd1142f307dbcb59","name":"ppdegaliciaredes","image":{"@type":"ImageObject","inLanguage":"es","@id":"https:\/\/secure.gravatar.com\/avatar\/3c9179cf0256d00c72a48d1f25783c58b6842cd56e85ef3a572881c8e28ccd59?s=96&d=mm&r=g","url":"https:\/\/secure.gravatar.com\/avatar\/3c9179cf0256d00c72a48d1f25783c58b6842cd56e85ef3a572881c8e28ccd59?s=96&d=mm&r=g","contentUrl":"https:\/\/secure.gravatar.com\/avatar\/3c9179cf0256d00c72a48d1f25783c58b6842cd56e85ef3a572881c8e28ccd59?s=96&d=mm&r=g","caption":"ppdegaliciaredes"},"url":"https:\/\/ppdegalicia.com\/es\/author\/ppdegaliciaredes\/"}]}},"_links":{"self":[{"href":"https:\/\/ppdegalicia.com\/es\/wp-json\/wp\/v2\/posts\/69100","targetHints":{"allow":["GET"]}}],"collection":[{"href":"https:\/\/ppdegalicia.com\/es\/wp-json\/wp\/v2\/posts"}],"about":[{"href":"https:\/\/ppdegalicia.com\/es\/wp-json\/wp\/v2\/types\/post"}],"author":[{"embeddable":true,"href":"https:\/\/ppdegalicia.com\/es\/wp-json\/wp\/v2\/users\/38"}],"replies":[{"embeddable":true,"href":"https:\/\/ppdegalicia.com\/es\/wp-json\/wp\/v2\/comments?post=69100"}],"version-history":[{"count":3,"href":"https:\/\/ppdegalicia.com\/es\/wp-json\/wp\/v2\/posts\/69100\/revisions"}],"predecessor-version":[{"id":69112,"href":"https:\/\/ppdegalicia.com\/es\/wp-json\/wp\/v2\/posts\/69100\/revisions\/69112"}],"wp:featuredmedia":[{"embeddable":true,"href":"https:\/\/ppdegalicia.com\/es\/wp-json\/wp\/v2\/media\/69101"}],"wp:attachment":[{"href":"https:\/\/ppdegalicia.com\/es\/wp-json\/wp\/v2\/media?parent=69100"}],"wp:term":[{"taxonomy":"category","embeddable":true,"href":"https:\/\/ppdegalicia.com\/es\/wp-json\/wp\/v2\/categories?post=69100"},{"taxonomy":"post_tag","embeddable":true,"href":"https:\/\/ppdegalicia.com\/es\/wp-json\/wp\/v2\/tags?post=69100"}],"curies":[{"name":"wp","href":"https:\/\/api.w.org\/{rel}","templated":true}]}}