{"id":69105,"date":"2025-11-20T14:14:28","date_gmt":"2025-11-20T13:14:28","guid":{"rendered":"https:\/\/ppdegalicia.com\/?p=69105"},"modified":"2025-11-20T14:17:07","modified_gmt":"2025-11-20T13:17:07","slug":"recursoempresasviolenciamachista","status":"publish","type":"post","link":"https:\/\/ppdegalicia.com\/es\/recursoempresasviolenciamachista\/","title":{"rendered":"O Parlamento de Galicia solicita a posta en marcha dun recurso para que as empresas poidan detectar, acompa\u00f1ar e apoiar a unha muller que sufra violencia de x\u00e9nero"},"content":{"rendered":"<p>O Parlamento de Galicia aprobou hoxe a proposici\u00f3n non de lei do Grupo Popular, que non contou co apoio de BNG nin de PSdeG, a trav\u00e9s da que se solicita que a Xunta po\u00f1a en marcha un recurso espec\u00edfico dirixido \u00e1s empresas co obxecto de axudalas a detectar, acompa\u00f1ar e apoiar cando unha muller est\u00e1 a ser v\u00edtima de violencia de x\u00e9nero.<\/p>\n<p>A portavoz popular de Pol\u00edtica Social, Raquel Arias, manifestou que \u201cdetectar unha situaci\u00f3n de violencia de x\u00e9nero no entorno laboral e actuar de maneira eficaz pode ser clave para lograr que unha muller pida axuda e supere a situaci\u00f3n que est\u00e1 vivindo\u201d. \u201cAs empresas tam\u00e9n desempe\u00f1an un papel destacado no compromiso e a loita contra este tipo de violencia, garantindo e protexendo os dereitos das mulleres v\u00edtimas de violencia de x\u00e9nero, a\u00ednda que a agresi\u00f3n se exerza no \u00e1mbito privado\u201d, apuntou.<\/p>\n<p><strong>AFECTAR AO TRABALLO<\/strong><\/p>\n<p>\u201cAs empresas deben sen conscientes de que as consecuencias desta violencia na sa\u00fade f\u00edsica e psicol\u00f3xica da muller poden afectar ao seu traballo, e poden facer perigar a s\u00faa relaci\u00f3n laboral coa empresa, o que incrementa a s\u00faa vulnerabilidade e a s\u00faa dependencia do agresor\u201d, sinalou Raquel Arias. Neste sentido, sinalou que \u201ccada vez m\u00e1is empresas toman conciencia desta situaci\u00f3n e adoptan medidas m\u00e1is alo dos m\u00ednimos esixidos pola lei, para crear un entorno m\u00e1is seguro e equitativo e compartindo esa responsabilidade como parte da sociedade\u201d.<\/p>\n<p>Deste xeito, explicou que \u201co recurso que propo\u00f1emos non \u00e9 un protocolo de actuaci\u00f3n sistematizado, sen\u00f3n unha ferramenta de apoio \u00e1s empresas que contrib\u00faa \u00e1 prevenci\u00f3n e \u00e1 erradicaci\u00f3n da violencia de x\u00e9nero mediante o apoio \u00e1s v\u00edtimas, establecendo unha serie de orientaci\u00f3ns b\u00e1sicas para axudar a detectar que unha traballadora pode ser v\u00edtima de violencia de x\u00e9nero no \u00e1mbito persoal e ofrecendo recomendaci\u00f3ns sobre que facer ou como actuar desde o momento en que se perciben os primeiros indicios\u201d.<\/p>\n","protected":false},"excerpt":{"rendered":"<p>O Parlamento de Galicia aprobou hoxe a proposici\u00f3n non de lei do Grupo Popular, que non contou co apoio de BNG nin de PSdeG, a trav\u00e9s da que se solicita que a Xunta po\u00f1a en marcha un recurso espec\u00edfico dirixido \u00e1s empresas co obxecto de axudalas a detectar, acompa\u00f1ar e apoiar cando unha muller est\u00e1 [&hellip;]<\/p>\n","protected":false},"author":38,"featured_media":69106,"comment_status":"closed","ping_status":"open","sticky":false,"template":"","format":"standard","meta":{"_acf_changed":false,"footnotes":""},"categories":[1128],"tags":[],"class_list":["post-69105","post","type-post","status-publish","format-standard","has-post-thumbnail","hentry","category-actualidad-parlamento-de-galicia"],"acf":[],"yoast_head":"<!-- This site is optimized with the Yoast SEO plugin v27.3 - https:\/\/yoast.com\/product\/yoast-seo-wordpress\/ -->\n<title>O Parlamento de Galicia solicita a posta en marcha dun recurso para que as empresas poidan detectar, acompa\u00f1ar e apoiar a unha muller que sufra violencia de x\u00e9nero - PP de Galicia<\/title>\n<meta name=\"description\" content=\"O Parlamento de Galicia aprobou hoxe a proposici\u00f3n non de lei do Grupo Popular, que non contou co apoio de BNG nin de PSdeG, a trav\u00e9s da que se solicita que a Xunta po\u00f1a en marcha un recurso espec\u00edfico dirixido \u00e1s empresas co obxecto de axudalas a detectar, acompa\u00f1ar e apoiar cando unha muller est\u00e1 a ser v\u00edtima de violencia de x\u00e9nero.\" \/>\n<meta name=\"robots\" content=\"index, follow, max-snippet:-1, max-image-preview:large, max-video-preview:-1\" \/>\n<link rel=\"canonical\" href=\"https:\/\/ppdegalicia.com\/es\/recursoempresasviolenciamachista\/\" \/>\n<meta property=\"og:locale\" content=\"es_ES\" \/>\n<meta property=\"og:type\" content=\"article\" \/>\n<meta property=\"og:title\" content=\"O Parlamento de Galicia solicita a posta en marcha dun recurso para que as empresas poidan detectar, acompa\u00f1ar e apoiar a unha muller que sufra violencia de x\u00e9nero - PP de Galicia\" \/>\n<meta property=\"og:description\" content=\"O Parlamento de Galicia aprobou hoxe a proposici\u00f3n non de lei do Grupo Popular, que non contou co apoio de BNG nin de PSdeG, a trav\u00e9s da que se solicita que a Xunta po\u00f1a en marcha un recurso espec\u00edfico dirixido \u00e1s empresas co obxecto de axudalas a detectar, acompa\u00f1ar e apoiar cando unha muller est\u00e1 a ser v\u00edtima de violencia de x\u00e9nero.\" \/>\n<meta property=\"og:url\" content=\"https:\/\/ppdegalicia.com\/es\/recursoempresasviolenciamachista\/\" \/>\n<meta property=\"og:site_name\" content=\"PP de Galicia\" \/>\n<meta property=\"article:publisher\" content=\"https:\/\/www.instagram.com\/ppdegalicia\/\" \/>\n<meta property=\"article:published_time\" content=\"2025-11-20T13:14:28+00:00\" \/>\n<meta property=\"article:modified_time\" content=\"2025-11-20T13:17:07+00:00\" \/>\n<meta property=\"og:image\" content=\"https:\/\/ppdegalicia.com\/wp-content\/uploads\/2025\/11\/20251030_C5-20-scaled.jpg\" \/>\n\t<meta property=\"og:image:width\" content=\"2560\" \/>\n\t<meta property=\"og:image:height\" content=\"1707\" \/>\n\t<meta property=\"og:image:type\" content=\"image\/jpeg\" \/>\n<meta name=\"author\" content=\"ppdegaliciaredes\" \/>\n<meta name=\"twitter:card\" content=\"summary_large_image\" \/>\n<meta name=\"twitter:creator\" content=\"@ppdegalicia\" \/>\n<meta name=\"twitter:site\" content=\"@ppdegalicia\" \/>\n<meta name=\"twitter:label1\" content=\"Escrito por\" \/>\n\t<meta name=\"twitter:data1\" content=\"ppdegaliciaredes\" \/>\n\t<meta name=\"twitter:label2\" content=\"Tiempo de lectura\" \/>\n\t<meta name=\"twitter:data2\" content=\"2 minutos\" \/>\n<script type=\"application\/ld+json\" class=\"yoast-schema-graph\">{\"@context\":\"https:\\\/\\\/schema.org\",\"@graph\":[{\"@type\":\"Article\",\"@id\":\"https:\\\/\\\/ppdegalicia.com\\\/es\\\/recursoempresasviolenciamachista\\\/#article\",\"isPartOf\":{\"@id\":\"https:\\\/\\\/ppdegalicia.com\\\/es\\\/recursoempresasviolenciamachista\\\/\"},\"author\":{\"name\":\"ppdegaliciaredes\",\"@id\":\"https:\\\/\\\/ppdegalicia.com\\\/es\\\/#\\\/schema\\\/person\\\/5b822c6f59e872ebdd1142f307dbcb59\"},\"headline\":\"O Parlamento de Galicia solicita a posta en marcha dun recurso para que as empresas poidan detectar, acompa\u00f1ar e apoiar a unha muller que sufra violencia de x\u00e9nero\",\"datePublished\":\"2025-11-20T13:14:28+00:00\",\"dateModified\":\"2025-11-20T13:17:07+00:00\",\"mainEntityOfPage\":{\"@id\":\"https:\\\/\\\/ppdegalicia.com\\\/es\\\/recursoempresasviolenciamachista\\\/\"},\"wordCount\":381,\"publisher\":{\"@id\":\"https:\\\/\\\/ppdegalicia.com\\\/es\\\/#organization\"},\"image\":{\"@id\":\"https:\\\/\\\/ppdegalicia.com\\\/es\\\/recursoempresasviolenciamachista\\\/#primaryimage\"},\"thumbnailUrl\":\"https:\\\/\\\/ppdegalicia.com\\\/wp-content\\\/uploads\\\/2025\\\/11\\\/20251030_C5-20-scaled.jpg\",\"articleSection\":[\"Parlamento de Galicia\"],\"inLanguage\":\"es\"},{\"@type\":\"WebPage\",\"@id\":\"https:\\\/\\\/ppdegalicia.com\\\/es\\\/recursoempresasviolenciamachista\\\/\",\"url\":\"https:\\\/\\\/ppdegalicia.com\\\/es\\\/recursoempresasviolenciamachista\\\/\",\"name\":\"O Parlamento de Galicia solicita a posta en marcha dun recurso para que as empresas poidan detectar, acompa\u00f1ar e apoiar a unha muller que sufra violencia de x\u00e9nero - PP de Galicia\",\"isPartOf\":{\"@id\":\"https:\\\/\\\/ppdegalicia.com\\\/es\\\/#website\"},\"primaryImageOfPage\":{\"@id\":\"https:\\\/\\\/ppdegalicia.com\\\/es\\\/recursoempresasviolenciamachista\\\/#primaryimage\"},\"image\":{\"@id\":\"https:\\\/\\\/ppdegalicia.com\\\/es\\\/recursoempresasviolenciamachista\\\/#primaryimage\"},\"thumbnailUrl\":\"https:\\\/\\\/ppdegalicia.com\\\/wp-content\\\/uploads\\\/2025\\\/11\\\/20251030_C5-20-scaled.jpg\",\"datePublished\":\"2025-11-20T13:14:28+00:00\",\"dateModified\":\"2025-11-20T13:17:07+00:00\",\"description\":\"O Parlamento de Galicia aprobou hoxe a proposici\u00f3n non de lei do Grupo Popular, que non contou co apoio de BNG nin de PSdeG, a trav\u00e9s da que se solicita que a Xunta po\u00f1a en marcha un recurso espec\u00edfico dirixido \u00e1s empresas co obxecto de axudalas a detectar, acompa\u00f1ar e apoiar cando unha muller est\u00e1 a ser v\u00edtima de violencia de x\u00e9nero.\",\"breadcrumb\":{\"@id\":\"https:\\\/\\\/ppdegalicia.com\\\/es\\\/recursoempresasviolenciamachista\\\/#breadcrumb\"},\"inLanguage\":\"es\",\"potentialAction\":[{\"@type\":\"ReadAction\",\"target\":[\"https:\\\/\\\/ppdegalicia.com\\\/es\\\/recursoempresasviolenciamachista\\\/\"]}]},{\"@type\":\"ImageObject\",\"inLanguage\":\"es\",\"@id\":\"https:\\\/\\\/ppdegalicia.com\\\/es\\\/recursoempresasviolenciamachista\\\/#primaryimage\",\"url\":\"https:\\\/\\\/ppdegalicia.com\\\/wp-content\\\/uploads\\\/2025\\\/11\\\/20251030_C5-20-scaled.jpg\",\"contentUrl\":\"https:\\\/\\\/ppdegalicia.com\\\/wp-content\\\/uploads\\\/2025\\\/11\\\/20251030_C5-20-scaled.jpg\",\"width\":2560,\"height\":1707},{\"@type\":\"BreadcrumbList\",\"@id\":\"https:\\\/\\\/ppdegalicia.com\\\/es\\\/recursoempresasviolenciamachista\\\/#breadcrumb\",\"itemListElement\":[{\"@type\":\"ListItem\",\"position\":1,\"name\":\"Portada\",\"item\":\"https:\\\/\\\/ppdegalicia.com\\\/es\\\/\"},{\"@type\":\"ListItem\",\"position\":2,\"name\":\"O Parlamento de Galicia solicita a posta en marcha dun recurso para que as empresas poidan detectar, acompa\u00f1ar e apoiar a unha muller que sufra violencia de x\u00e9nero\"}]},{\"@type\":\"WebSite\",\"@id\":\"https:\\\/\\\/ppdegalicia.com\\\/es\\\/#website\",\"url\":\"https:\\\/\\\/ppdegalicia.com\\\/es\\\/\",\"name\":\"Partido Popular de Galicia\",\"description\":\"Partido Popular de Galicia\",\"publisher\":{\"@id\":\"https:\\\/\\\/ppdegalicia.com\\\/es\\\/#organization\"},\"alternateName\":\"PP de Galicia\",\"potentialAction\":[{\"@type\":\"SearchAction\",\"target\":{\"@type\":\"EntryPoint\",\"urlTemplate\":\"https:\\\/\\\/ppdegalicia.com\\\/es\\\/?s={search_term_string}\"},\"query-input\":{\"@type\":\"PropertyValueSpecification\",\"valueRequired\":true,\"valueName\":\"search_term_string\"}}],\"inLanguage\":\"es\"},{\"@type\":\"Organization\",\"@id\":\"https:\\\/\\\/ppdegalicia.com\\\/es\\\/#organization\",\"name\":\"Partido Popular de Galicia\",\"alternateName\":\"PP de Galicia\",\"url\":\"https:\\\/\\\/ppdegalicia.com\\\/es\\\/\",\"logo\":{\"@type\":\"ImageObject\",\"inLanguage\":\"es\",\"@id\":\"https:\\\/\\\/ppdegalicia.com\\\/es\\\/#\\\/schema\\\/logo\\\/image\\\/\",\"url\":\"https:\\\/\\\/ppdegalicia.com\\\/wp-content\\\/uploads\\\/2023\\\/04\\\/logoPP512.png\",\"contentUrl\":\"https:\\\/\\\/ppdegalicia.com\\\/wp-content\\\/uploads\\\/2023\\\/04\\\/logoPP512.png\",\"width\":512,\"height\":512,\"caption\":\"Partido Popular de Galicia\"},\"image\":{\"@id\":\"https:\\\/\\\/ppdegalicia.com\\\/es\\\/#\\\/schema\\\/logo\\\/image\\\/\"},\"sameAs\":[\"https:\\\/\\\/www.instagram.com\\\/ppdegalicia\\\/\",\"https:\\\/\\\/x.com\\\/ppdegalicia\",\"https:\\\/\\\/www.tiktok.com\\\/@ppdegalicia\",\"https:\\\/\\\/www.youtube.com\\\/user\\\/ppdegalicia\"]},{\"@type\":\"Person\",\"@id\":\"https:\\\/\\\/ppdegalicia.com\\\/es\\\/#\\\/schema\\\/person\\\/5b822c6f59e872ebdd1142f307dbcb59\",\"name\":\"ppdegaliciaredes\",\"image\":{\"@type\":\"ImageObject\",\"inLanguage\":\"es\",\"@id\":\"https:\\\/\\\/secure.gravatar.com\\\/avatar\\\/3c9179cf0256d00c72a48d1f25783c58b6842cd56e85ef3a572881c8e28ccd59?s=96&d=mm&r=g\",\"url\":\"https:\\\/\\\/secure.gravatar.com\\\/avatar\\\/3c9179cf0256d00c72a48d1f25783c58b6842cd56e85ef3a572881c8e28ccd59?s=96&d=mm&r=g\",\"contentUrl\":\"https:\\\/\\\/secure.gravatar.com\\\/avatar\\\/3c9179cf0256d00c72a48d1f25783c58b6842cd56e85ef3a572881c8e28ccd59?s=96&d=mm&r=g\",\"caption\":\"ppdegaliciaredes\"},\"url\":\"https:\\\/\\\/ppdegalicia.com\\\/es\\\/author\\\/ppdegaliciaredes\\\/\"}]}<\/script>\n<!-- \/ Yoast SEO plugin. -->","yoast_head_json":{"title":"O Parlamento de Galicia solicita a posta en marcha dun recurso para que as empresas poidan detectar, acompa\u00f1ar e apoiar a unha muller que sufra violencia de x\u00e9nero - PP de Galicia","description":"O Parlamento de Galicia aprobou hoxe a proposici\u00f3n non de lei do Grupo Popular, que non contou co apoio de BNG nin de PSdeG, a trav\u00e9s da que se solicita que a Xunta po\u00f1a en marcha un recurso espec\u00edfico dirixido \u00e1s empresas co obxecto de axudalas a detectar, acompa\u00f1ar e apoiar cando unha muller est\u00e1 a ser v\u00edtima de violencia de x\u00e9nero.","robots":{"index":"index","follow":"follow","max-snippet":"max-snippet:-1","max-image-preview":"max-image-preview:large","max-video-preview":"max-video-preview:-1"},"canonical":"https:\/\/ppdegalicia.com\/es\/recursoempresasviolenciamachista\/","og_locale":"es_ES","og_type":"article","og_title":"O Parlamento de Galicia solicita a posta en marcha dun recurso para que as empresas poidan detectar, acompa\u00f1ar e apoiar a unha muller que sufra violencia de x\u00e9nero - PP de Galicia","og_description":"O Parlamento de Galicia aprobou hoxe a proposici\u00f3n non de lei do Grupo Popular, que non contou co apoio de BNG nin de PSdeG, a trav\u00e9s da que se solicita que a Xunta po\u00f1a en marcha un recurso espec\u00edfico dirixido \u00e1s empresas co obxecto de axudalas a detectar, acompa\u00f1ar e apoiar cando unha muller est\u00e1 a ser v\u00edtima de violencia de x\u00e9nero.","og_url":"https:\/\/ppdegalicia.com\/es\/recursoempresasviolenciamachista\/","og_site_name":"PP de Galicia","article_publisher":"https:\/\/www.instagram.com\/ppdegalicia\/","article_published_time":"2025-11-20T13:14:28+00:00","article_modified_time":"2025-11-20T13:17:07+00:00","og_image":[{"width":2560,"height":1707,"url":"https:\/\/ppdegalicia.com\/wp-content\/uploads\/2025\/11\/20251030_C5-20-scaled.jpg","type":"image\/jpeg"}],"author":"ppdegaliciaredes","twitter_card":"summary_large_image","twitter_creator":"@ppdegalicia","twitter_site":"@ppdegalicia","twitter_misc":{"Escrito por":"ppdegaliciaredes","Tiempo de lectura":"2 minutos"},"schema":{"@context":"https:\/\/schema.org","@graph":[{"@type":"Article","@id":"https:\/\/ppdegalicia.com\/es\/recursoempresasviolenciamachista\/#article","isPartOf":{"@id":"https:\/\/ppdegalicia.com\/es\/recursoempresasviolenciamachista\/"},"author":{"name":"ppdegaliciaredes","@id":"https:\/\/ppdegalicia.com\/es\/#\/schema\/person\/5b822c6f59e872ebdd1142f307dbcb59"},"headline":"O Parlamento de Galicia solicita a posta en marcha dun recurso para que as empresas poidan detectar, acompa\u00f1ar e apoiar a unha muller que sufra violencia de x\u00e9nero","datePublished":"2025-11-20T13:14:28+00:00","dateModified":"2025-11-20T13:17:07+00:00","mainEntityOfPage":{"@id":"https:\/\/ppdegalicia.com\/es\/recursoempresasviolenciamachista\/"},"wordCount":381,"publisher":{"@id":"https:\/\/ppdegalicia.com\/es\/#organization"},"image":{"@id":"https:\/\/ppdegalicia.com\/es\/recursoempresasviolenciamachista\/#primaryimage"},"thumbnailUrl":"https:\/\/ppdegalicia.com\/wp-content\/uploads\/2025\/11\/20251030_C5-20-scaled.jpg","articleSection":["Parlamento de Galicia"],"inLanguage":"es"},{"@type":"WebPage","@id":"https:\/\/ppdegalicia.com\/es\/recursoempresasviolenciamachista\/","url":"https:\/\/ppdegalicia.com\/es\/recursoempresasviolenciamachista\/","name":"O Parlamento de Galicia solicita a posta en marcha dun recurso para que as empresas poidan detectar, acompa\u00f1ar e apoiar a unha muller que sufra violencia de x\u00e9nero - PP de Galicia","isPartOf":{"@id":"https:\/\/ppdegalicia.com\/es\/#website"},"primaryImageOfPage":{"@id":"https:\/\/ppdegalicia.com\/es\/recursoempresasviolenciamachista\/#primaryimage"},"image":{"@id":"https:\/\/ppdegalicia.com\/es\/recursoempresasviolenciamachista\/#primaryimage"},"thumbnailUrl":"https:\/\/ppdegalicia.com\/wp-content\/uploads\/2025\/11\/20251030_C5-20-scaled.jpg","datePublished":"2025-11-20T13:14:28+00:00","dateModified":"2025-11-20T13:17:07+00:00","description":"O Parlamento de Galicia aprobou hoxe a proposici\u00f3n non de lei do Grupo Popular, que non contou co apoio de BNG nin de PSdeG, a trav\u00e9s da que se solicita que a Xunta po\u00f1a en marcha un recurso espec\u00edfico dirixido \u00e1s empresas co obxecto de axudalas a detectar, acompa\u00f1ar e apoiar cando unha muller est\u00e1 a ser v\u00edtima de violencia de x\u00e9nero.","breadcrumb":{"@id":"https:\/\/ppdegalicia.com\/es\/recursoempresasviolenciamachista\/#breadcrumb"},"inLanguage":"es","potentialAction":[{"@type":"ReadAction","target":["https:\/\/ppdegalicia.com\/es\/recursoempresasviolenciamachista\/"]}]},{"@type":"ImageObject","inLanguage":"es","@id":"https:\/\/ppdegalicia.com\/es\/recursoempresasviolenciamachista\/#primaryimage","url":"https:\/\/ppdegalicia.com\/wp-content\/uploads\/2025\/11\/20251030_C5-20-scaled.jpg","contentUrl":"https:\/\/ppdegalicia.com\/wp-content\/uploads\/2025\/11\/20251030_C5-20-scaled.jpg","width":2560,"height":1707},{"@type":"BreadcrumbList","@id":"https:\/\/ppdegalicia.com\/es\/recursoempresasviolenciamachista\/#breadcrumb","itemListElement":[{"@type":"ListItem","position":1,"name":"Portada","item":"https:\/\/ppdegalicia.com\/es\/"},{"@type":"ListItem","position":2,"name":"O Parlamento de Galicia solicita a posta en marcha dun recurso para que as empresas poidan detectar, acompa\u00f1ar e apoiar a unha muller que sufra violencia de x\u00e9nero"}]},{"@type":"WebSite","@id":"https:\/\/ppdegalicia.com\/es\/#website","url":"https:\/\/ppdegalicia.com\/es\/","name":"Partido Popular de Galicia","description":"Partido Popular de Galicia","publisher":{"@id":"https:\/\/ppdegalicia.com\/es\/#organization"},"alternateName":"PP de Galicia","potentialAction":[{"@type":"SearchAction","target":{"@type":"EntryPoint","urlTemplate":"https:\/\/ppdegalicia.com\/es\/?s={search_term_string}"},"query-input":{"@type":"PropertyValueSpecification","valueRequired":true,"valueName":"search_term_string"}}],"inLanguage":"es"},{"@type":"Organization","@id":"https:\/\/ppdegalicia.com\/es\/#organization","name":"Partido Popular de Galicia","alternateName":"PP de Galicia","url":"https:\/\/ppdegalicia.com\/es\/","logo":{"@type":"ImageObject","inLanguage":"es","@id":"https:\/\/ppdegalicia.com\/es\/#\/schema\/logo\/image\/","url":"https:\/\/ppdegalicia.com\/wp-content\/uploads\/2023\/04\/logoPP512.png","contentUrl":"https:\/\/ppdegalicia.com\/wp-content\/uploads\/2023\/04\/logoPP512.png","width":512,"height":512,"caption":"Partido Popular de Galicia"},"image":{"@id":"https:\/\/ppdegalicia.com\/es\/#\/schema\/logo\/image\/"},"sameAs":["https:\/\/www.instagram.com\/ppdegalicia\/","https:\/\/x.com\/ppdegalicia","https:\/\/www.tiktok.com\/@ppdegalicia","https:\/\/www.youtube.com\/user\/ppdegalicia"]},{"@type":"Person","@id":"https:\/\/ppdegalicia.com\/es\/#\/schema\/person\/5b822c6f59e872ebdd1142f307dbcb59","name":"ppdegaliciaredes","image":{"@type":"ImageObject","inLanguage":"es","@id":"https:\/\/secure.gravatar.com\/avatar\/3c9179cf0256d00c72a48d1f25783c58b6842cd56e85ef3a572881c8e28ccd59?s=96&d=mm&r=g","url":"https:\/\/secure.gravatar.com\/avatar\/3c9179cf0256d00c72a48d1f25783c58b6842cd56e85ef3a572881c8e28ccd59?s=96&d=mm&r=g","contentUrl":"https:\/\/secure.gravatar.com\/avatar\/3c9179cf0256d00c72a48d1f25783c58b6842cd56e85ef3a572881c8e28ccd59?s=96&d=mm&r=g","caption":"ppdegaliciaredes"},"url":"https:\/\/ppdegalicia.com\/es\/author\/ppdegaliciaredes\/"}]}},"_links":{"self":[{"href":"https:\/\/ppdegalicia.com\/es\/wp-json\/wp\/v2\/posts\/69105","targetHints":{"allow":["GET"]}}],"collection":[{"href":"https:\/\/ppdegalicia.com\/es\/wp-json\/wp\/v2\/posts"}],"about":[{"href":"https:\/\/ppdegalicia.com\/es\/wp-json\/wp\/v2\/types\/post"}],"author":[{"embeddable":true,"href":"https:\/\/ppdegalicia.com\/es\/wp-json\/wp\/v2\/users\/38"}],"replies":[{"embeddable":true,"href":"https:\/\/ppdegalicia.com\/es\/wp-json\/wp\/v2\/comments?post=69105"}],"version-history":[{"count":2,"href":"https:\/\/ppdegalicia.com\/es\/wp-json\/wp\/v2\/posts\/69105\/revisions"}],"predecessor-version":[{"id":69109,"href":"https:\/\/ppdegalicia.com\/es\/wp-json\/wp\/v2\/posts\/69105\/revisions\/69109"}],"wp:featuredmedia":[{"embeddable":true,"href":"https:\/\/ppdegalicia.com\/es\/wp-json\/wp\/v2\/media\/69106"}],"wp:attachment":[{"href":"https:\/\/ppdegalicia.com\/es\/wp-json\/wp\/v2\/media?parent=69105"}],"wp:term":[{"taxonomy":"category","embeddable":true,"href":"https:\/\/ppdegalicia.com\/es\/wp-json\/wp\/v2\/categories?post=69105"},{"taxonomy":"post_tag","embeddable":true,"href":"https:\/\/ppdegalicia.com\/es\/wp-json\/wp\/v2\/tags?post=69105"}],"curies":[{"name":"wp","href":"https:\/\/api.w.org\/{rel}","templated":true}]}}