{"id":69113,"date":"2025-11-20T19:08:43","date_gmt":"2025-11-20T18:08:43","guid":{"rendered":"https:\/\/ppdegalicia.com\/?p=69113"},"modified":"2025-11-20T19:08:43","modified_gmt":"2025-11-20T18:08:43","slug":"o-parlamento-pide-a-inmediata-incorporacion-das-comunidades-autonomas-no-proceso-de-modificacion-da-lei-de-prevencion-de-riscos-laborais","status":"publish","type":"post","link":"https:\/\/ppdegalicia.com\/es\/o-parlamento-pide-a-inmediata-incorporacion-das-comunidades-autonomas-no-proceso-de-modificacion-da-lei-de-prevencion-de-riscos-laborais\/","title":{"rendered":"O Parlamento pide a inmediata incorporaci\u00f3n das comunidades aut\u00f3nomas no proceso de modificaci\u00f3n da Lei de prevenci\u00f3n de riscos laborais"},"content":{"rendered":"<p>O Parlamento de Galicia aprobou hoxe a proposici\u00f3n non de lei do Grupo Popular, co voto en contra do PSdeG e a abstenci\u00f3n do BNG, a trav\u00e9s da que se solicita ao Goberno de Espa\u00f1a a inmediata incorporaci\u00f3n das Comunidades Aut\u00f3nomas no proceso de modificaci\u00f3n da Lei 31\/1995, do 8 de novembro, de Prevenci\u00f3n de Riscos Laborais, garantindo a s\u00faa participaci\u00f3n efectiva desde a fase inicial dos traballos e o pleno respecto \u00e1s s\u00faas competencias en materia de execuci\u00f3n da lexislaci\u00f3n laboral e de promoci\u00f3n da seguridade e sa\u00fade no traballo.<\/p>\n<p>A portavoz popular de Emprego, Noelia P\u00e9rez, considerou \u201cgrave que o Goberno de Pedro S\u00e1nchez pretenda reformar a Lei de prevenci\u00f3n sen sentar na mesa \u00e1s comunidades aut\u00f3nomas, especialmente a Galicia, que sabe mellor ca ningu\u00e9n o que \u00e9 traballar e producir en sectores de alto risco\u201d.<\/p>\n<p><strong>MESA DE DI\u00c1LOGO SEN AS CCAA<\/strong><\/p>\n<p>Noelia P\u00e9rez lembrou que o Goberno de Espa\u00f1a, a trav\u00e9s do Ministerio de Traballo, decidiu abrir unha mesa de di\u00e1logo social para reformar a Lei de prevenci\u00f3n de riscos laborais na que estar\u00e1n presentes representantes do propio Goberno, dos sindicatos estatais e da patronal. \u201cFaltan as comunidades aut\u00f3nomas, quen realmente ten as competencias de execuci\u00f3n, quen ten os institutos propios de seguridade e sa\u00fade laboral, quen ten t\u00e9cnicos en cada unha das especialidades preventivas e que est\u00e1 a p\u00e9 de r\u00faa cos traballadores\u201d, dixo.<\/p>\n<p>Neste sentido, apuntou que \u201co Goberno central negou \u00e1s comunidades aut\u00f3nomas a participaci\u00f3n directa nesta mesa de di\u00e1logo social, permit\u00edndolles unicamente enviar un documento por escrito\u201d. \u201cGalicia fixo os seus deberes e revisou artigo por artigo tanto a lei como o regulamento para facer achegas serias, t\u00e9cnicas e fundamentadas, pero queda a sensaci\u00f3n de que o Goberno de Pedro S\u00e1nchez quere baleirar as comunidades aut\u00f3nomas de contido real nesta materia para recentralizar e decidir todo desde un despacho de Madrid, quedando as comunidades como meras executoras mudas dun gui\u00f3n escrito por outros\u201d, sinalou a portavoz popular.<\/p>\n<p>\u201cO m\u00e1is curioso \u00e9 que a propia Estratexia espa\u00f1ola de seguridade e sa\u00fade no traballo 2023-2027 reco\u00f1ece que as comunidades aut\u00f3nomas son peza clave neste \u00e1mbito, que deben desenvolver os seus programas estrat\u00e9xicos propios e que todo isto debe facerse en cooperaci\u00f3n e coordinaci\u00f3n institucional\u201d, dixo Noelia P\u00e9rez.<\/p>\n<p>En definitiva, a iniciativa aprobada solicita \u201crespecto institucional para que as comunidades aut\u00f3nomas participen no proceso de modificaci\u00f3n da Lei de prevenci\u00f3n e riscos laborais, de xeito que non se faga \u00e1s s\u00faas costas e que Galicia, que ten unha estrutura produtiva de alto risco, unha experiencia preventiva acreditada e un instituto punteiro como o ISSGA, poida estar onde ten que estar\u201d, remarcou a portavoz popular.<\/p>\n","protected":false},"excerpt":{"rendered":"<p>O Parlamento de Galicia aprobou hoxe a proposici\u00f3n non de lei do Grupo Popular, co voto en contra do PSdeG e a abstenci\u00f3n do BNG, a trav\u00e9s da que se solicita ao Goberno de Espa\u00f1a a inmediata incorporaci\u00f3n das Comunidades Aut\u00f3nomas no proceso de modificaci\u00f3n da Lei 31\/1995, do 8 de novembro, de Prevenci\u00f3n de [&hellip;]<\/p>\n","protected":false},"author":38,"featured_media":69114,"comment_status":"closed","ping_status":"open","sticky":false,"template":"","format":"standard","meta":{"_acf_changed":false,"footnotes":""},"categories":[1128],"tags":[],"class_list":["post-69113","post","type-post","status-publish","format-standard","has-post-thumbnail","hentry","category-actualidad-parlamento-de-galicia"],"acf":[],"yoast_head":"<!-- This site is optimized with the Yoast SEO plugin v27.3 - https:\/\/yoast.com\/product\/yoast-seo-wordpress\/ -->\n<title>O Parlamento pide a inmediata incorporaci\u00f3n das comunidades aut\u00f3nomas no proceso de modificaci\u00f3n da Lei de prevenci\u00f3n de riscos laborais - PP de Galicia<\/title>\n<meta name=\"description\" content=\"O Parlamento de Galicia aprobou hoxe a proposici\u00f3n non de lei do Grupo Popular, co voto en contra do PSdeG e a abstenci\u00f3n do BNG, a trav\u00e9s da que se solicita ao Goberno de Espa\u00f1a a inmediata incorporaci\u00f3n das Comunidades Aut\u00f3nomas no proceso de modificaci\u00f3n da Lei 31\/1995, do 8 de novembro, de Prevenci\u00f3n de Riscos Laborais, garantindo a s\u00faa participaci\u00f3n efectiva desde a fase inicial dos traballos e o pleno respecto \u00e1s s\u00faas competencias en materia de execuci\u00f3n da lexislaci\u00f3n laboral e de promoci\u00f3n da seguridade e sa\u00fade no traballo.\" \/>\n<meta name=\"robots\" content=\"index, follow, max-snippet:-1, max-image-preview:large, max-video-preview:-1\" \/>\n<link rel=\"canonical\" href=\"https:\/\/ppdegalicia.com\/es\/o-parlamento-pide-a-inmediata-incorporacion-das-comunidades-autonomas-no-proceso-de-modificacion-da-lei-de-prevencion-de-riscos-laborais\/\" \/>\n<meta property=\"og:locale\" content=\"es_ES\" \/>\n<meta property=\"og:type\" content=\"article\" \/>\n<meta property=\"og:title\" content=\"O Parlamento pide a inmediata incorporaci\u00f3n das comunidades aut\u00f3nomas no proceso de modificaci\u00f3n da Lei de prevenci\u00f3n de riscos laborais - PP de Galicia\" \/>\n<meta property=\"og:description\" content=\"O Parlamento de Galicia aprobou hoxe a proposici\u00f3n non de lei do Grupo Popular, co voto en contra do PSdeG e a abstenci\u00f3n do BNG, a trav\u00e9s da que se solicita ao Goberno de Espa\u00f1a a inmediata incorporaci\u00f3n das Comunidades Aut\u00f3nomas no proceso de modificaci\u00f3n da Lei 31\/1995, do 8 de novembro, de Prevenci\u00f3n de Riscos Laborais, garantindo a s\u00faa participaci\u00f3n efectiva desde a fase inicial dos traballos e o pleno respecto \u00e1s s\u00faas competencias en materia de execuci\u00f3n da lexislaci\u00f3n laboral e de promoci\u00f3n da seguridade e sa\u00fade no traballo.\" \/>\n<meta property=\"og:url\" content=\"https:\/\/ppdegalicia.com\/es\/o-parlamento-pide-a-inmediata-incorporacion-das-comunidades-autonomas-no-proceso-de-modificacion-da-lei-de-prevencion-de-riscos-laborais\/\" \/>\n<meta property=\"og:site_name\" content=\"PP de Galicia\" \/>\n<meta property=\"article:publisher\" content=\"https:\/\/www.instagram.com\/ppdegalicia\/\" \/>\n<meta property=\"article:published_time\" content=\"2025-11-20T18:08:43+00:00\" \/>\n<meta property=\"og:image\" content=\"https:\/\/ppdegalicia.com\/wp-content\/uploads\/2025\/11\/20251120_sin-titulo_DSCF0787.jpg\" \/>\n\t<meta property=\"og:image:width\" content=\"1618\" \/>\n\t<meta property=\"og:image:height\" content=\"1079\" \/>\n\t<meta property=\"og:image:type\" content=\"image\/jpeg\" \/>\n<meta name=\"author\" content=\"ppdegaliciaredes\" \/>\n<meta name=\"twitter:card\" content=\"summary_large_image\" \/>\n<meta name=\"twitter:creator\" content=\"@ppdegalicia\" \/>\n<meta name=\"twitter:site\" content=\"@ppdegalicia\" \/>\n<meta name=\"twitter:label1\" content=\"Escrito por\" \/>\n\t<meta name=\"twitter:data1\" content=\"ppdegaliciaredes\" \/>\n\t<meta name=\"twitter:label2\" content=\"Tiempo de lectura\" \/>\n\t<meta name=\"twitter:data2\" content=\"3 minutos\" \/>\n<script type=\"application\/ld+json\" class=\"yoast-schema-graph\">{\"@context\":\"https:\\\/\\\/schema.org\",\"@graph\":[{\"@type\":\"Article\",\"@id\":\"https:\\\/\\\/ppdegalicia.com\\\/es\\\/o-parlamento-pide-a-inmediata-incorporacion-das-comunidades-autonomas-no-proceso-de-modificacion-da-lei-de-prevencion-de-riscos-laborais\\\/#article\",\"isPartOf\":{\"@id\":\"https:\\\/\\\/ppdegalicia.com\\\/es\\\/o-parlamento-pide-a-inmediata-incorporacion-das-comunidades-autonomas-no-proceso-de-modificacion-da-lei-de-prevencion-de-riscos-laborais\\\/\"},\"author\":{\"name\":\"ppdegaliciaredes\",\"@id\":\"https:\\\/\\\/ppdegalicia.com\\\/es\\\/#\\\/schema\\\/person\\\/5b822c6f59e872ebdd1142f307dbcb59\"},\"headline\":\"O Parlamento pide a inmediata incorporaci\u00f3n das comunidades aut\u00f3nomas no proceso de modificaci\u00f3n da Lei de prevenci\u00f3n de riscos laborais\",\"datePublished\":\"2025-11-20T18:08:43+00:00\",\"mainEntityOfPage\":{\"@id\":\"https:\\\/\\\/ppdegalicia.com\\\/es\\\/o-parlamento-pide-a-inmediata-incorporacion-das-comunidades-autonomas-no-proceso-de-modificacion-da-lei-de-prevencion-de-riscos-laborais\\\/\"},\"wordCount\":512,\"publisher\":{\"@id\":\"https:\\\/\\\/ppdegalicia.com\\\/es\\\/#organization\"},\"image\":{\"@id\":\"https:\\\/\\\/ppdegalicia.com\\\/es\\\/o-parlamento-pide-a-inmediata-incorporacion-das-comunidades-autonomas-no-proceso-de-modificacion-da-lei-de-prevencion-de-riscos-laborais\\\/#primaryimage\"},\"thumbnailUrl\":\"https:\\\/\\\/ppdegalicia.com\\\/wp-content\\\/uploads\\\/2025\\\/11\\\/20251120_sin-titulo_DSCF0787.jpg\",\"articleSection\":[\"Parlamento de Galicia\"],\"inLanguage\":\"es\"},{\"@type\":\"WebPage\",\"@id\":\"https:\\\/\\\/ppdegalicia.com\\\/es\\\/o-parlamento-pide-a-inmediata-incorporacion-das-comunidades-autonomas-no-proceso-de-modificacion-da-lei-de-prevencion-de-riscos-laborais\\\/\",\"url\":\"https:\\\/\\\/ppdegalicia.com\\\/es\\\/o-parlamento-pide-a-inmediata-incorporacion-das-comunidades-autonomas-no-proceso-de-modificacion-da-lei-de-prevencion-de-riscos-laborais\\\/\",\"name\":\"O Parlamento pide a inmediata incorporaci\u00f3n das comunidades aut\u00f3nomas no proceso de modificaci\u00f3n da Lei de prevenci\u00f3n de riscos laborais - PP de Galicia\",\"isPartOf\":{\"@id\":\"https:\\\/\\\/ppdegalicia.com\\\/es\\\/#website\"},\"primaryImageOfPage\":{\"@id\":\"https:\\\/\\\/ppdegalicia.com\\\/es\\\/o-parlamento-pide-a-inmediata-incorporacion-das-comunidades-autonomas-no-proceso-de-modificacion-da-lei-de-prevencion-de-riscos-laborais\\\/#primaryimage\"},\"image\":{\"@id\":\"https:\\\/\\\/ppdegalicia.com\\\/es\\\/o-parlamento-pide-a-inmediata-incorporacion-das-comunidades-autonomas-no-proceso-de-modificacion-da-lei-de-prevencion-de-riscos-laborais\\\/#primaryimage\"},\"thumbnailUrl\":\"https:\\\/\\\/ppdegalicia.com\\\/wp-content\\\/uploads\\\/2025\\\/11\\\/20251120_sin-titulo_DSCF0787.jpg\",\"datePublished\":\"2025-11-20T18:08:43+00:00\",\"description\":\"O Parlamento de Galicia aprobou hoxe a proposici\u00f3n non de lei do Grupo Popular, co voto en contra do PSdeG e a abstenci\u00f3n do BNG, a trav\u00e9s da que se solicita ao Goberno de Espa\u00f1a a inmediata incorporaci\u00f3n das Comunidades Aut\u00f3nomas no proceso de modificaci\u00f3n da Lei 31\\\/1995, do 8 de novembro, de Prevenci\u00f3n de Riscos Laborais, garantindo a s\u00faa participaci\u00f3n efectiva desde a fase inicial dos traballos e o pleno respecto \u00e1s s\u00faas competencias en materia de execuci\u00f3n da lexislaci\u00f3n laboral e de promoci\u00f3n da seguridade e sa\u00fade no traballo.\",\"breadcrumb\":{\"@id\":\"https:\\\/\\\/ppdegalicia.com\\\/es\\\/o-parlamento-pide-a-inmediata-incorporacion-das-comunidades-autonomas-no-proceso-de-modificacion-da-lei-de-prevencion-de-riscos-laborais\\\/#breadcrumb\"},\"inLanguage\":\"es\",\"potentialAction\":[{\"@type\":\"ReadAction\",\"target\":[\"https:\\\/\\\/ppdegalicia.com\\\/es\\\/o-parlamento-pide-a-inmediata-incorporacion-das-comunidades-autonomas-no-proceso-de-modificacion-da-lei-de-prevencion-de-riscos-laborais\\\/\"]}]},{\"@type\":\"ImageObject\",\"inLanguage\":\"es\",\"@id\":\"https:\\\/\\\/ppdegalicia.com\\\/es\\\/o-parlamento-pide-a-inmediata-incorporacion-das-comunidades-autonomas-no-proceso-de-modificacion-da-lei-de-prevencion-de-riscos-laborais\\\/#primaryimage\",\"url\":\"https:\\\/\\\/ppdegalicia.com\\\/wp-content\\\/uploads\\\/2025\\\/11\\\/20251120_sin-titulo_DSCF0787.jpg\",\"contentUrl\":\"https:\\\/\\\/ppdegalicia.com\\\/wp-content\\\/uploads\\\/2025\\\/11\\\/20251120_sin-titulo_DSCF0787.jpg\",\"width\":1618,\"height\":1079},{\"@type\":\"BreadcrumbList\",\"@id\":\"https:\\\/\\\/ppdegalicia.com\\\/es\\\/o-parlamento-pide-a-inmediata-incorporacion-das-comunidades-autonomas-no-proceso-de-modificacion-da-lei-de-prevencion-de-riscos-laborais\\\/#breadcrumb\",\"itemListElement\":[{\"@type\":\"ListItem\",\"position\":1,\"name\":\"Portada\",\"item\":\"https:\\\/\\\/ppdegalicia.com\\\/es\\\/\"},{\"@type\":\"ListItem\",\"position\":2,\"name\":\"O Parlamento pide a inmediata incorporaci\u00f3n das comunidades aut\u00f3nomas no proceso de modificaci\u00f3n da Lei de prevenci\u00f3n de riscos laborais\"}]},{\"@type\":\"WebSite\",\"@id\":\"https:\\\/\\\/ppdegalicia.com\\\/es\\\/#website\",\"url\":\"https:\\\/\\\/ppdegalicia.com\\\/es\\\/\",\"name\":\"Partido Popular de Galicia\",\"description\":\"Partido Popular de Galicia\",\"publisher\":{\"@id\":\"https:\\\/\\\/ppdegalicia.com\\\/es\\\/#organization\"},\"alternateName\":\"PP de Galicia\",\"potentialAction\":[{\"@type\":\"SearchAction\",\"target\":{\"@type\":\"EntryPoint\",\"urlTemplate\":\"https:\\\/\\\/ppdegalicia.com\\\/es\\\/?s={search_term_string}\"},\"query-input\":{\"@type\":\"PropertyValueSpecification\",\"valueRequired\":true,\"valueName\":\"search_term_string\"}}],\"inLanguage\":\"es\"},{\"@type\":\"Organization\",\"@id\":\"https:\\\/\\\/ppdegalicia.com\\\/es\\\/#organization\",\"name\":\"Partido Popular de Galicia\",\"alternateName\":\"PP de Galicia\",\"url\":\"https:\\\/\\\/ppdegalicia.com\\\/es\\\/\",\"logo\":{\"@type\":\"ImageObject\",\"inLanguage\":\"es\",\"@id\":\"https:\\\/\\\/ppdegalicia.com\\\/es\\\/#\\\/schema\\\/logo\\\/image\\\/\",\"url\":\"https:\\\/\\\/ppdegalicia.com\\\/wp-content\\\/uploads\\\/2023\\\/04\\\/logoPP512.png\",\"contentUrl\":\"https:\\\/\\\/ppdegalicia.com\\\/wp-content\\\/uploads\\\/2023\\\/04\\\/logoPP512.png\",\"width\":512,\"height\":512,\"caption\":\"Partido Popular de Galicia\"},\"image\":{\"@id\":\"https:\\\/\\\/ppdegalicia.com\\\/es\\\/#\\\/schema\\\/logo\\\/image\\\/\"},\"sameAs\":[\"https:\\\/\\\/www.instagram.com\\\/ppdegalicia\\\/\",\"https:\\\/\\\/x.com\\\/ppdegalicia\",\"https:\\\/\\\/www.tiktok.com\\\/@ppdegalicia\",\"https:\\\/\\\/www.youtube.com\\\/user\\\/ppdegalicia\"]},{\"@type\":\"Person\",\"@id\":\"https:\\\/\\\/ppdegalicia.com\\\/es\\\/#\\\/schema\\\/person\\\/5b822c6f59e872ebdd1142f307dbcb59\",\"name\":\"ppdegaliciaredes\",\"image\":{\"@type\":\"ImageObject\",\"inLanguage\":\"es\",\"@id\":\"https:\\\/\\\/secure.gravatar.com\\\/avatar\\\/3c9179cf0256d00c72a48d1f25783c58b6842cd56e85ef3a572881c8e28ccd59?s=96&d=mm&r=g\",\"url\":\"https:\\\/\\\/secure.gravatar.com\\\/avatar\\\/3c9179cf0256d00c72a48d1f25783c58b6842cd56e85ef3a572881c8e28ccd59?s=96&d=mm&r=g\",\"contentUrl\":\"https:\\\/\\\/secure.gravatar.com\\\/avatar\\\/3c9179cf0256d00c72a48d1f25783c58b6842cd56e85ef3a572881c8e28ccd59?s=96&d=mm&r=g\",\"caption\":\"ppdegaliciaredes\"},\"url\":\"https:\\\/\\\/ppdegalicia.com\\\/es\\\/author\\\/ppdegaliciaredes\\\/\"}]}<\/script>\n<!-- \/ Yoast SEO plugin. -->","yoast_head_json":{"title":"O Parlamento pide a inmediata incorporaci\u00f3n das comunidades aut\u00f3nomas no proceso de modificaci\u00f3n da Lei de prevenci\u00f3n de riscos laborais - PP de Galicia","description":"O Parlamento de Galicia aprobou hoxe a proposici\u00f3n non de lei do Grupo Popular, co voto en contra do PSdeG e a abstenci\u00f3n do BNG, a trav\u00e9s da que se solicita ao Goberno de Espa\u00f1a a inmediata incorporaci\u00f3n das Comunidades Aut\u00f3nomas no proceso de modificaci\u00f3n da Lei 31\/1995, do 8 de novembro, de Prevenci\u00f3n de Riscos Laborais, garantindo a s\u00faa participaci\u00f3n efectiva desde a fase inicial dos traballos e o pleno respecto \u00e1s s\u00faas competencias en materia de execuci\u00f3n da lexislaci\u00f3n laboral e de promoci\u00f3n da seguridade e sa\u00fade no traballo.","robots":{"index":"index","follow":"follow","max-snippet":"max-snippet:-1","max-image-preview":"max-image-preview:large","max-video-preview":"max-video-preview:-1"},"canonical":"https:\/\/ppdegalicia.com\/es\/o-parlamento-pide-a-inmediata-incorporacion-das-comunidades-autonomas-no-proceso-de-modificacion-da-lei-de-prevencion-de-riscos-laborais\/","og_locale":"es_ES","og_type":"article","og_title":"O Parlamento pide a inmediata incorporaci\u00f3n das comunidades aut\u00f3nomas no proceso de modificaci\u00f3n da Lei de prevenci\u00f3n de riscos laborais - PP de Galicia","og_description":"O Parlamento de Galicia aprobou hoxe a proposici\u00f3n non de lei do Grupo Popular, co voto en contra do PSdeG e a abstenci\u00f3n do BNG, a trav\u00e9s da que se solicita ao Goberno de Espa\u00f1a a inmediata incorporaci\u00f3n das Comunidades Aut\u00f3nomas no proceso de modificaci\u00f3n da Lei 31\/1995, do 8 de novembro, de Prevenci\u00f3n de Riscos Laborais, garantindo a s\u00faa participaci\u00f3n efectiva desde a fase inicial dos traballos e o pleno respecto \u00e1s s\u00faas competencias en materia de execuci\u00f3n da lexislaci\u00f3n laboral e de promoci\u00f3n da seguridade e sa\u00fade no traballo.","og_url":"https:\/\/ppdegalicia.com\/es\/o-parlamento-pide-a-inmediata-incorporacion-das-comunidades-autonomas-no-proceso-de-modificacion-da-lei-de-prevencion-de-riscos-laborais\/","og_site_name":"PP de Galicia","article_publisher":"https:\/\/www.instagram.com\/ppdegalicia\/","article_published_time":"2025-11-20T18:08:43+00:00","og_image":[{"width":1618,"height":1079,"url":"https:\/\/ppdegalicia.com\/wp-content\/uploads\/2025\/11\/20251120_sin-titulo_DSCF0787.jpg","type":"image\/jpeg"}],"author":"ppdegaliciaredes","twitter_card":"summary_large_image","twitter_creator":"@ppdegalicia","twitter_site":"@ppdegalicia","twitter_misc":{"Escrito por":"ppdegaliciaredes","Tiempo de lectura":"3 minutos"},"schema":{"@context":"https:\/\/schema.org","@graph":[{"@type":"Article","@id":"https:\/\/ppdegalicia.com\/es\/o-parlamento-pide-a-inmediata-incorporacion-das-comunidades-autonomas-no-proceso-de-modificacion-da-lei-de-prevencion-de-riscos-laborais\/#article","isPartOf":{"@id":"https:\/\/ppdegalicia.com\/es\/o-parlamento-pide-a-inmediata-incorporacion-das-comunidades-autonomas-no-proceso-de-modificacion-da-lei-de-prevencion-de-riscos-laborais\/"},"author":{"name":"ppdegaliciaredes","@id":"https:\/\/ppdegalicia.com\/es\/#\/schema\/person\/5b822c6f59e872ebdd1142f307dbcb59"},"headline":"O Parlamento pide a inmediata incorporaci\u00f3n das comunidades aut\u00f3nomas no proceso de modificaci\u00f3n da Lei de prevenci\u00f3n de riscos laborais","datePublished":"2025-11-20T18:08:43+00:00","mainEntityOfPage":{"@id":"https:\/\/ppdegalicia.com\/es\/o-parlamento-pide-a-inmediata-incorporacion-das-comunidades-autonomas-no-proceso-de-modificacion-da-lei-de-prevencion-de-riscos-laborais\/"},"wordCount":512,"publisher":{"@id":"https:\/\/ppdegalicia.com\/es\/#organization"},"image":{"@id":"https:\/\/ppdegalicia.com\/es\/o-parlamento-pide-a-inmediata-incorporacion-das-comunidades-autonomas-no-proceso-de-modificacion-da-lei-de-prevencion-de-riscos-laborais\/#primaryimage"},"thumbnailUrl":"https:\/\/ppdegalicia.com\/wp-content\/uploads\/2025\/11\/20251120_sin-titulo_DSCF0787.jpg","articleSection":["Parlamento de Galicia"],"inLanguage":"es"},{"@type":"WebPage","@id":"https:\/\/ppdegalicia.com\/es\/o-parlamento-pide-a-inmediata-incorporacion-das-comunidades-autonomas-no-proceso-de-modificacion-da-lei-de-prevencion-de-riscos-laborais\/","url":"https:\/\/ppdegalicia.com\/es\/o-parlamento-pide-a-inmediata-incorporacion-das-comunidades-autonomas-no-proceso-de-modificacion-da-lei-de-prevencion-de-riscos-laborais\/","name":"O Parlamento pide a inmediata incorporaci\u00f3n das comunidades aut\u00f3nomas no proceso de modificaci\u00f3n da Lei de prevenci\u00f3n de riscos laborais - PP de Galicia","isPartOf":{"@id":"https:\/\/ppdegalicia.com\/es\/#website"},"primaryImageOfPage":{"@id":"https:\/\/ppdegalicia.com\/es\/o-parlamento-pide-a-inmediata-incorporacion-das-comunidades-autonomas-no-proceso-de-modificacion-da-lei-de-prevencion-de-riscos-laborais\/#primaryimage"},"image":{"@id":"https:\/\/ppdegalicia.com\/es\/o-parlamento-pide-a-inmediata-incorporacion-das-comunidades-autonomas-no-proceso-de-modificacion-da-lei-de-prevencion-de-riscos-laborais\/#primaryimage"},"thumbnailUrl":"https:\/\/ppdegalicia.com\/wp-content\/uploads\/2025\/11\/20251120_sin-titulo_DSCF0787.jpg","datePublished":"2025-11-20T18:08:43+00:00","description":"O Parlamento de Galicia aprobou hoxe a proposici\u00f3n non de lei do Grupo Popular, co voto en contra do PSdeG e a abstenci\u00f3n do BNG, a trav\u00e9s da que se solicita ao Goberno de Espa\u00f1a a inmediata incorporaci\u00f3n das Comunidades Aut\u00f3nomas no proceso de modificaci\u00f3n da Lei 31\/1995, do 8 de novembro, de Prevenci\u00f3n de Riscos Laborais, garantindo a s\u00faa participaci\u00f3n efectiva desde a fase inicial dos traballos e o pleno respecto \u00e1s s\u00faas competencias en materia de execuci\u00f3n da lexislaci\u00f3n laboral e de promoci\u00f3n da seguridade e sa\u00fade no traballo.","breadcrumb":{"@id":"https:\/\/ppdegalicia.com\/es\/o-parlamento-pide-a-inmediata-incorporacion-das-comunidades-autonomas-no-proceso-de-modificacion-da-lei-de-prevencion-de-riscos-laborais\/#breadcrumb"},"inLanguage":"es","potentialAction":[{"@type":"ReadAction","target":["https:\/\/ppdegalicia.com\/es\/o-parlamento-pide-a-inmediata-incorporacion-das-comunidades-autonomas-no-proceso-de-modificacion-da-lei-de-prevencion-de-riscos-laborais\/"]}]},{"@type":"ImageObject","inLanguage":"es","@id":"https:\/\/ppdegalicia.com\/es\/o-parlamento-pide-a-inmediata-incorporacion-das-comunidades-autonomas-no-proceso-de-modificacion-da-lei-de-prevencion-de-riscos-laborais\/#primaryimage","url":"https:\/\/ppdegalicia.com\/wp-content\/uploads\/2025\/11\/20251120_sin-titulo_DSCF0787.jpg","contentUrl":"https:\/\/ppdegalicia.com\/wp-content\/uploads\/2025\/11\/20251120_sin-titulo_DSCF0787.jpg","width":1618,"height":1079},{"@type":"BreadcrumbList","@id":"https:\/\/ppdegalicia.com\/es\/o-parlamento-pide-a-inmediata-incorporacion-das-comunidades-autonomas-no-proceso-de-modificacion-da-lei-de-prevencion-de-riscos-laborais\/#breadcrumb","itemListElement":[{"@type":"ListItem","position":1,"name":"Portada","item":"https:\/\/ppdegalicia.com\/es\/"},{"@type":"ListItem","position":2,"name":"O Parlamento pide a inmediata incorporaci\u00f3n das comunidades aut\u00f3nomas no proceso de modificaci\u00f3n da Lei de prevenci\u00f3n de riscos laborais"}]},{"@type":"WebSite","@id":"https:\/\/ppdegalicia.com\/es\/#website","url":"https:\/\/ppdegalicia.com\/es\/","name":"Partido Popular de Galicia","description":"Partido Popular de Galicia","publisher":{"@id":"https:\/\/ppdegalicia.com\/es\/#organization"},"alternateName":"PP de Galicia","potentialAction":[{"@type":"SearchAction","target":{"@type":"EntryPoint","urlTemplate":"https:\/\/ppdegalicia.com\/es\/?s={search_term_string}"},"query-input":{"@type":"PropertyValueSpecification","valueRequired":true,"valueName":"search_term_string"}}],"inLanguage":"es"},{"@type":"Organization","@id":"https:\/\/ppdegalicia.com\/es\/#organization","name":"Partido Popular de Galicia","alternateName":"PP de Galicia","url":"https:\/\/ppdegalicia.com\/es\/","logo":{"@type":"ImageObject","inLanguage":"es","@id":"https:\/\/ppdegalicia.com\/es\/#\/schema\/logo\/image\/","url":"https:\/\/ppdegalicia.com\/wp-content\/uploads\/2023\/04\/logoPP512.png","contentUrl":"https:\/\/ppdegalicia.com\/wp-content\/uploads\/2023\/04\/logoPP512.png","width":512,"height":512,"caption":"Partido Popular de Galicia"},"image":{"@id":"https:\/\/ppdegalicia.com\/es\/#\/schema\/logo\/image\/"},"sameAs":["https:\/\/www.instagram.com\/ppdegalicia\/","https:\/\/x.com\/ppdegalicia","https:\/\/www.tiktok.com\/@ppdegalicia","https:\/\/www.youtube.com\/user\/ppdegalicia"]},{"@type":"Person","@id":"https:\/\/ppdegalicia.com\/es\/#\/schema\/person\/5b822c6f59e872ebdd1142f307dbcb59","name":"ppdegaliciaredes","image":{"@type":"ImageObject","inLanguage":"es","@id":"https:\/\/secure.gravatar.com\/avatar\/3c9179cf0256d00c72a48d1f25783c58b6842cd56e85ef3a572881c8e28ccd59?s=96&d=mm&r=g","url":"https:\/\/secure.gravatar.com\/avatar\/3c9179cf0256d00c72a48d1f25783c58b6842cd56e85ef3a572881c8e28ccd59?s=96&d=mm&r=g","contentUrl":"https:\/\/secure.gravatar.com\/avatar\/3c9179cf0256d00c72a48d1f25783c58b6842cd56e85ef3a572881c8e28ccd59?s=96&d=mm&r=g","caption":"ppdegaliciaredes"},"url":"https:\/\/ppdegalicia.com\/es\/author\/ppdegaliciaredes\/"}]}},"_links":{"self":[{"href":"https:\/\/ppdegalicia.com\/es\/wp-json\/wp\/v2\/posts\/69113","targetHints":{"allow":["GET"]}}],"collection":[{"href":"https:\/\/ppdegalicia.com\/es\/wp-json\/wp\/v2\/posts"}],"about":[{"href":"https:\/\/ppdegalicia.com\/es\/wp-json\/wp\/v2\/types\/post"}],"author":[{"embeddable":true,"href":"https:\/\/ppdegalicia.com\/es\/wp-json\/wp\/v2\/users\/38"}],"replies":[{"embeddable":true,"href":"https:\/\/ppdegalicia.com\/es\/wp-json\/wp\/v2\/comments?post=69113"}],"version-history":[{"count":1,"href":"https:\/\/ppdegalicia.com\/es\/wp-json\/wp\/v2\/posts\/69113\/revisions"}],"predecessor-version":[{"id":69116,"href":"https:\/\/ppdegalicia.com\/es\/wp-json\/wp\/v2\/posts\/69113\/revisions\/69116"}],"wp:featuredmedia":[{"embeddable":true,"href":"https:\/\/ppdegalicia.com\/es\/wp-json\/wp\/v2\/media\/69114"}],"wp:attachment":[{"href":"https:\/\/ppdegalicia.com\/es\/wp-json\/wp\/v2\/media?parent=69113"}],"wp:term":[{"taxonomy":"category","embeddable":true,"href":"https:\/\/ppdegalicia.com\/es\/wp-json\/wp\/v2\/categories?post=69113"},{"taxonomy":"post_tag","embeddable":true,"href":"https:\/\/ppdegalicia.com\/es\/wp-json\/wp\/v2\/tags?post=69113"}],"curies":[{"name":"wp","href":"https:\/\/api.w.org\/{rel}","templated":true}]}}