{"id":69117,"date":"2025-11-20T19:15:07","date_gmt":"2025-11-20T18:15:07","guid":{"rendered":"https:\/\/ppdegalicia.com\/?p=69117"},"modified":"2025-11-20T19:15:07","modified_gmt":"2025-11-20T18:15:07","slug":"o-grupo-popular-amosa-o-firma-compromiso-da-xunta-coa-construcion-do-novo-centro-de-saude-de-poio-no-momento-que-haxa-unha-parcela-viable","status":"publish","type":"post","link":"https:\/\/ppdegalicia.com\/es\/o-grupo-popular-amosa-o-firma-compromiso-da-xunta-coa-construcion-do-novo-centro-de-saude-de-poio-no-momento-que-haxa-unha-parcela-viable\/","title":{"rendered":"O Grupo Popular amosa o firma compromiso da Xunta coa construci\u00f3n do novo centro de sa\u00fade de Poio no momento que haxa unha parcela viable"},"content":{"rendered":"<p>A portavoz de Sanidade do Grupo Popular, Encarna Amigo, amosou \u201co compromiso firme da Xunta coa construci\u00f3n dun novo centro de sa\u00fade no concello de Poio, que ser\u00e1 unha realidade no momento en que haxa unha parcela viable para levantar este edificio sanitario\u201d. Neste sentido, salientou que \u201co actual goberno municipal xa est\u00e1 tratando de remediar os erros dos seus predecesores, que deixaron unha situaci\u00f3n complexa ao propo\u00f1er unha parcela que non cumpr\u00eda os requisitos\u201d.<\/p>\n<p>\u201cQueremos un novo centro de sa\u00fade en Poio, pero quer\u00e9molo ben feito e nun terreo que cumpra os requisitos t\u00e9cnicos\u201d, incidiu Encarna Amigo. Neste sentido, cualificou de \u201celectoralista e sen garant\u00edas a adquisici\u00f3n polos anteriores responsables municipais do BNG, co apoio do PSdeG, dunha parcela en Campelo para o novo centro de sa\u00fade, un terreo sen abastecemento, sen saneamento, sen accesos e que require un viario novo nun terreo complexo\u201d.<\/p>\n<p>Diante desta situaci\u00f3n, a portavoz popular sinalou que \u201co SERGAS xa advertiu a necesidade de facer un plan especial para habilitar urbanisticamente esta parcela, urbanizar os accesos e dotar de servizos, pero nada de iso se fixo e agora nacionalistas e socialistas queren que a Xunta proxecte un centro sobre un terreo que non \u00e9 viable\u201d.<\/p>\n<p>Encarna Amigo recordou que a Xunta xa conta desde o ano 2021 cun proxecto para levar adiante este novo centro de sa\u00fade, que ter\u00e1 unha superficie de 2.300 metros cadrados, con nove consultas m\u00e9dicas e outras tantas de enfermer\u00eda, as\u00ed como despachos de pediatr\u00eda, fisioterapia, sa\u00fade bucodental e matrona. \u201cO \u00fanico que falta para facer realidade este proxecto \u00e9 unha parcela viable, algo sobre o que o actual Goberno municipal xa est\u00e1 traballando para remediar o erro e a improvisaci\u00f3n dos seus antecesores\u201d.<\/p>\n","protected":false},"excerpt":{"rendered":"<p>A portavoz de Sanidade do Grupo Popular, Encarna Amigo, amosou \u201co compromiso firme da Xunta coa construci\u00f3n dun novo centro de sa\u00fade no concello de Poio, que ser\u00e1 unha realidade no momento en que haxa unha parcela viable para levantar este edificio sanitario\u201d. Neste sentido, salientou que \u201co actual goberno municipal xa est\u00e1 tratando de [&hellip;]<\/p>\n","protected":false},"author":38,"featured_media":69118,"comment_status":"closed","ping_status":"open","sticky":false,"template":"","format":"standard","meta":{"_acf_changed":false,"footnotes":""},"categories":[1128],"tags":[],"class_list":["post-69117","post","type-post","status-publish","format-standard","has-post-thumbnail","hentry","category-actualidad-parlamento-de-galicia"],"acf":[],"yoast_head":"<!-- This site is optimized with the Yoast SEO plugin v27.3 - https:\/\/yoast.com\/product\/yoast-seo-wordpress\/ -->\n<title>O Grupo Popular amosa o firma compromiso da Xunta coa construci\u00f3n do novo centro de sa\u00fade de Poio no momento que haxa unha parcela viable - PP de Galicia<\/title>\n<meta name=\"description\" content=\"A portavoz de Sanidade do Grupo Popular, Encarna Amigo, amosou \u201co compromiso firme da Xunta coa construci\u00f3n dun novo centro de sa\u00fade no concello de Poio, que ser\u00e1 unha realidade no momento en que haxa unha parcela viable para levantar este edificio sanitario\u201d. Neste sentido, salientou que \u201co actual goberno municipal xa est\u00e1 tratando de remediar os erros dos seus predecesores, que deixaron unha situaci\u00f3n complexa ao propo\u00f1er unha parcela que non cumpr\u00eda os requisitos\u201d.\" \/>\n<meta name=\"robots\" content=\"index, follow, max-snippet:-1, max-image-preview:large, max-video-preview:-1\" \/>\n<link rel=\"canonical\" href=\"https:\/\/ppdegalicia.com\/es\/o-grupo-popular-amosa-o-firma-compromiso-da-xunta-coa-construcion-do-novo-centro-de-saude-de-poio-no-momento-que-haxa-unha-parcela-viable\/\" \/>\n<meta property=\"og:locale\" content=\"es_ES\" \/>\n<meta property=\"og:type\" content=\"article\" \/>\n<meta property=\"og:title\" content=\"O Grupo Popular amosa o firma compromiso da Xunta coa construci\u00f3n do novo centro de sa\u00fade de Poio no momento que haxa unha parcela viable - PP de Galicia\" \/>\n<meta property=\"og:description\" content=\"A portavoz de Sanidade do Grupo Popular, Encarna Amigo, amosou \u201co compromiso firme da Xunta coa construci\u00f3n dun novo centro de sa\u00fade no concello de Poio, que ser\u00e1 unha realidade no momento en que haxa unha parcela viable para levantar este edificio sanitario\u201d. Neste sentido, salientou que \u201co actual goberno municipal xa est\u00e1 tratando de remediar os erros dos seus predecesores, que deixaron unha situaci\u00f3n complexa ao propo\u00f1er unha parcela que non cumpr\u00eda os requisitos\u201d.\" \/>\n<meta property=\"og:url\" content=\"https:\/\/ppdegalicia.com\/es\/o-grupo-popular-amosa-o-firma-compromiso-da-xunta-coa-construcion-do-novo-centro-de-saude-de-poio-no-momento-que-haxa-unha-parcela-viable\/\" \/>\n<meta property=\"og:site_name\" content=\"PP de Galicia\" \/>\n<meta property=\"article:publisher\" content=\"https:\/\/www.instagram.com\/ppdegalicia\/\" \/>\n<meta property=\"article:published_time\" content=\"2025-11-20T18:15:07+00:00\" \/>\n<meta property=\"og:image\" content=\"https:\/\/ppdegalicia.com\/wp-content\/uploads\/2025\/11\/20251120_C5-13-scaled.jpg\" \/>\n\t<meta property=\"og:image:width\" content=\"2560\" \/>\n\t<meta property=\"og:image:height\" content=\"1706\" \/>\n\t<meta property=\"og:image:type\" content=\"image\/jpeg\" \/>\n<meta name=\"author\" content=\"ppdegaliciaredes\" \/>\n<meta name=\"twitter:card\" content=\"summary_large_image\" \/>\n<meta name=\"twitter:creator\" content=\"@ppdegalicia\" \/>\n<meta name=\"twitter:site\" content=\"@ppdegalicia\" \/>\n<meta name=\"twitter:label1\" content=\"Escrito por\" \/>\n\t<meta name=\"twitter:data1\" content=\"ppdegaliciaredes\" \/>\n\t<meta name=\"twitter:label2\" content=\"Tiempo de lectura\" \/>\n\t<meta name=\"twitter:data2\" content=\"2 minutos\" \/>\n<script type=\"application\/ld+json\" class=\"yoast-schema-graph\">{\"@context\":\"https:\\\/\\\/schema.org\",\"@graph\":[{\"@type\":\"Article\",\"@id\":\"https:\\\/\\\/ppdegalicia.com\\\/es\\\/o-grupo-popular-amosa-o-firma-compromiso-da-xunta-coa-construcion-do-novo-centro-de-saude-de-poio-no-momento-que-haxa-unha-parcela-viable\\\/#article\",\"isPartOf\":{\"@id\":\"https:\\\/\\\/ppdegalicia.com\\\/es\\\/o-grupo-popular-amosa-o-firma-compromiso-da-xunta-coa-construcion-do-novo-centro-de-saude-de-poio-no-momento-que-haxa-unha-parcela-viable\\\/\"},\"author\":{\"name\":\"ppdegaliciaredes\",\"@id\":\"https:\\\/\\\/ppdegalicia.com\\\/es\\\/#\\\/schema\\\/person\\\/5b822c6f59e872ebdd1142f307dbcb59\"},\"headline\":\"O Grupo Popular amosa o firma compromiso da Xunta coa construci\u00f3n do novo centro de sa\u00fade de Poio no momento que haxa unha parcela viable\",\"datePublished\":\"2025-11-20T18:15:07+00:00\",\"mainEntityOfPage\":{\"@id\":\"https:\\\/\\\/ppdegalicia.com\\\/es\\\/o-grupo-popular-amosa-o-firma-compromiso-da-xunta-coa-construcion-do-novo-centro-de-saude-de-poio-no-momento-que-haxa-unha-parcela-viable\\\/\"},\"wordCount\":325,\"publisher\":{\"@id\":\"https:\\\/\\\/ppdegalicia.com\\\/es\\\/#organization\"},\"image\":{\"@id\":\"https:\\\/\\\/ppdegalicia.com\\\/es\\\/o-grupo-popular-amosa-o-firma-compromiso-da-xunta-coa-construcion-do-novo-centro-de-saude-de-poio-no-momento-que-haxa-unha-parcela-viable\\\/#primaryimage\"},\"thumbnailUrl\":\"https:\\\/\\\/ppdegalicia.com\\\/wp-content\\\/uploads\\\/2025\\\/11\\\/20251120_C5-13-scaled.jpg\",\"articleSection\":[\"Parlamento de Galicia\"],\"inLanguage\":\"es\"},{\"@type\":\"WebPage\",\"@id\":\"https:\\\/\\\/ppdegalicia.com\\\/es\\\/o-grupo-popular-amosa-o-firma-compromiso-da-xunta-coa-construcion-do-novo-centro-de-saude-de-poio-no-momento-que-haxa-unha-parcela-viable\\\/\",\"url\":\"https:\\\/\\\/ppdegalicia.com\\\/es\\\/o-grupo-popular-amosa-o-firma-compromiso-da-xunta-coa-construcion-do-novo-centro-de-saude-de-poio-no-momento-que-haxa-unha-parcela-viable\\\/\",\"name\":\"O Grupo Popular amosa o firma compromiso da Xunta coa construci\u00f3n do novo centro de sa\u00fade de Poio no momento que haxa unha parcela viable - PP de Galicia\",\"isPartOf\":{\"@id\":\"https:\\\/\\\/ppdegalicia.com\\\/es\\\/#website\"},\"primaryImageOfPage\":{\"@id\":\"https:\\\/\\\/ppdegalicia.com\\\/es\\\/o-grupo-popular-amosa-o-firma-compromiso-da-xunta-coa-construcion-do-novo-centro-de-saude-de-poio-no-momento-que-haxa-unha-parcela-viable\\\/#primaryimage\"},\"image\":{\"@id\":\"https:\\\/\\\/ppdegalicia.com\\\/es\\\/o-grupo-popular-amosa-o-firma-compromiso-da-xunta-coa-construcion-do-novo-centro-de-saude-de-poio-no-momento-que-haxa-unha-parcela-viable\\\/#primaryimage\"},\"thumbnailUrl\":\"https:\\\/\\\/ppdegalicia.com\\\/wp-content\\\/uploads\\\/2025\\\/11\\\/20251120_C5-13-scaled.jpg\",\"datePublished\":\"2025-11-20T18:15:07+00:00\",\"description\":\"A portavoz de Sanidade do Grupo Popular, Encarna Amigo, amosou \u201co compromiso firme da Xunta coa construci\u00f3n dun novo centro de sa\u00fade no concello de Poio, que ser\u00e1 unha realidade no momento en que haxa unha parcela viable para levantar este edificio sanitario\u201d. Neste sentido, salientou que \u201co actual goberno municipal xa est\u00e1 tratando de remediar os erros dos seus predecesores, que deixaron unha situaci\u00f3n complexa ao propo\u00f1er unha parcela que non cumpr\u00eda os requisitos\u201d.\",\"breadcrumb\":{\"@id\":\"https:\\\/\\\/ppdegalicia.com\\\/es\\\/o-grupo-popular-amosa-o-firma-compromiso-da-xunta-coa-construcion-do-novo-centro-de-saude-de-poio-no-momento-que-haxa-unha-parcela-viable\\\/#breadcrumb\"},\"inLanguage\":\"es\",\"potentialAction\":[{\"@type\":\"ReadAction\",\"target\":[\"https:\\\/\\\/ppdegalicia.com\\\/es\\\/o-grupo-popular-amosa-o-firma-compromiso-da-xunta-coa-construcion-do-novo-centro-de-saude-de-poio-no-momento-que-haxa-unha-parcela-viable\\\/\"]}]},{\"@type\":\"ImageObject\",\"inLanguage\":\"es\",\"@id\":\"https:\\\/\\\/ppdegalicia.com\\\/es\\\/o-grupo-popular-amosa-o-firma-compromiso-da-xunta-coa-construcion-do-novo-centro-de-saude-de-poio-no-momento-que-haxa-unha-parcela-viable\\\/#primaryimage\",\"url\":\"https:\\\/\\\/ppdegalicia.com\\\/wp-content\\\/uploads\\\/2025\\\/11\\\/20251120_C5-13-scaled.jpg\",\"contentUrl\":\"https:\\\/\\\/ppdegalicia.com\\\/wp-content\\\/uploads\\\/2025\\\/11\\\/20251120_C5-13-scaled.jpg\",\"width\":2560,\"height\":1706},{\"@type\":\"BreadcrumbList\",\"@id\":\"https:\\\/\\\/ppdegalicia.com\\\/es\\\/o-grupo-popular-amosa-o-firma-compromiso-da-xunta-coa-construcion-do-novo-centro-de-saude-de-poio-no-momento-que-haxa-unha-parcela-viable\\\/#breadcrumb\",\"itemListElement\":[{\"@type\":\"ListItem\",\"position\":1,\"name\":\"Portada\",\"item\":\"https:\\\/\\\/ppdegalicia.com\\\/es\\\/\"},{\"@type\":\"ListItem\",\"position\":2,\"name\":\"O Grupo Popular amosa o firma compromiso da Xunta coa construci\u00f3n do novo centro de sa\u00fade de Poio no momento que haxa unha parcela viable\"}]},{\"@type\":\"WebSite\",\"@id\":\"https:\\\/\\\/ppdegalicia.com\\\/es\\\/#website\",\"url\":\"https:\\\/\\\/ppdegalicia.com\\\/es\\\/\",\"name\":\"Partido Popular de Galicia\",\"description\":\"Partido Popular de Galicia\",\"publisher\":{\"@id\":\"https:\\\/\\\/ppdegalicia.com\\\/es\\\/#organization\"},\"alternateName\":\"PP de Galicia\",\"potentialAction\":[{\"@type\":\"SearchAction\",\"target\":{\"@type\":\"EntryPoint\",\"urlTemplate\":\"https:\\\/\\\/ppdegalicia.com\\\/es\\\/?s={search_term_string}\"},\"query-input\":{\"@type\":\"PropertyValueSpecification\",\"valueRequired\":true,\"valueName\":\"search_term_string\"}}],\"inLanguage\":\"es\"},{\"@type\":\"Organization\",\"@id\":\"https:\\\/\\\/ppdegalicia.com\\\/es\\\/#organization\",\"name\":\"Partido Popular de Galicia\",\"alternateName\":\"PP de Galicia\",\"url\":\"https:\\\/\\\/ppdegalicia.com\\\/es\\\/\",\"logo\":{\"@type\":\"ImageObject\",\"inLanguage\":\"es\",\"@id\":\"https:\\\/\\\/ppdegalicia.com\\\/es\\\/#\\\/schema\\\/logo\\\/image\\\/\",\"url\":\"https:\\\/\\\/ppdegalicia.com\\\/wp-content\\\/uploads\\\/2023\\\/04\\\/logoPP512.png\",\"contentUrl\":\"https:\\\/\\\/ppdegalicia.com\\\/wp-content\\\/uploads\\\/2023\\\/04\\\/logoPP512.png\",\"width\":512,\"height\":512,\"caption\":\"Partido Popular de Galicia\"},\"image\":{\"@id\":\"https:\\\/\\\/ppdegalicia.com\\\/es\\\/#\\\/schema\\\/logo\\\/image\\\/\"},\"sameAs\":[\"https:\\\/\\\/www.instagram.com\\\/ppdegalicia\\\/\",\"https:\\\/\\\/x.com\\\/ppdegalicia\",\"https:\\\/\\\/www.tiktok.com\\\/@ppdegalicia\",\"https:\\\/\\\/www.youtube.com\\\/user\\\/ppdegalicia\"]},{\"@type\":\"Person\",\"@id\":\"https:\\\/\\\/ppdegalicia.com\\\/es\\\/#\\\/schema\\\/person\\\/5b822c6f59e872ebdd1142f307dbcb59\",\"name\":\"ppdegaliciaredes\",\"image\":{\"@type\":\"ImageObject\",\"inLanguage\":\"es\",\"@id\":\"https:\\\/\\\/secure.gravatar.com\\\/avatar\\\/3c9179cf0256d00c72a48d1f25783c58b6842cd56e85ef3a572881c8e28ccd59?s=96&d=mm&r=g\",\"url\":\"https:\\\/\\\/secure.gravatar.com\\\/avatar\\\/3c9179cf0256d00c72a48d1f25783c58b6842cd56e85ef3a572881c8e28ccd59?s=96&d=mm&r=g\",\"contentUrl\":\"https:\\\/\\\/secure.gravatar.com\\\/avatar\\\/3c9179cf0256d00c72a48d1f25783c58b6842cd56e85ef3a572881c8e28ccd59?s=96&d=mm&r=g\",\"caption\":\"ppdegaliciaredes\"},\"url\":\"https:\\\/\\\/ppdegalicia.com\\\/es\\\/author\\\/ppdegaliciaredes\\\/\"}]}<\/script>\n<!-- \/ Yoast SEO plugin. -->","yoast_head_json":{"title":"O Grupo Popular amosa o firma compromiso da Xunta coa construci\u00f3n do novo centro de sa\u00fade de Poio no momento que haxa unha parcela viable - PP de Galicia","description":"A portavoz de Sanidade do Grupo Popular, Encarna Amigo, amosou \u201co compromiso firme da Xunta coa construci\u00f3n dun novo centro de sa\u00fade no concello de Poio, que ser\u00e1 unha realidade no momento en que haxa unha parcela viable para levantar este edificio sanitario\u201d. Neste sentido, salientou que \u201co actual goberno municipal xa est\u00e1 tratando de remediar os erros dos seus predecesores, que deixaron unha situaci\u00f3n complexa ao propo\u00f1er unha parcela que non cumpr\u00eda os requisitos\u201d.","robots":{"index":"index","follow":"follow","max-snippet":"max-snippet:-1","max-image-preview":"max-image-preview:large","max-video-preview":"max-video-preview:-1"},"canonical":"https:\/\/ppdegalicia.com\/es\/o-grupo-popular-amosa-o-firma-compromiso-da-xunta-coa-construcion-do-novo-centro-de-saude-de-poio-no-momento-que-haxa-unha-parcela-viable\/","og_locale":"es_ES","og_type":"article","og_title":"O Grupo Popular amosa o firma compromiso da Xunta coa construci\u00f3n do novo centro de sa\u00fade de Poio no momento que haxa unha parcela viable - PP de Galicia","og_description":"A portavoz de Sanidade do Grupo Popular, Encarna Amigo, amosou \u201co compromiso firme da Xunta coa construci\u00f3n dun novo centro de sa\u00fade no concello de Poio, que ser\u00e1 unha realidade no momento en que haxa unha parcela viable para levantar este edificio sanitario\u201d. Neste sentido, salientou que \u201co actual goberno municipal xa est\u00e1 tratando de remediar os erros dos seus predecesores, que deixaron unha situaci\u00f3n complexa ao propo\u00f1er unha parcela que non cumpr\u00eda os requisitos\u201d.","og_url":"https:\/\/ppdegalicia.com\/es\/o-grupo-popular-amosa-o-firma-compromiso-da-xunta-coa-construcion-do-novo-centro-de-saude-de-poio-no-momento-que-haxa-unha-parcela-viable\/","og_site_name":"PP de Galicia","article_publisher":"https:\/\/www.instagram.com\/ppdegalicia\/","article_published_time":"2025-11-20T18:15:07+00:00","og_image":[{"width":2560,"height":1706,"url":"https:\/\/ppdegalicia.com\/wp-content\/uploads\/2025\/11\/20251120_C5-13-scaled.jpg","type":"image\/jpeg"}],"author":"ppdegaliciaredes","twitter_card":"summary_large_image","twitter_creator":"@ppdegalicia","twitter_site":"@ppdegalicia","twitter_misc":{"Escrito por":"ppdegaliciaredes","Tiempo de lectura":"2 minutos"},"schema":{"@context":"https:\/\/schema.org","@graph":[{"@type":"Article","@id":"https:\/\/ppdegalicia.com\/es\/o-grupo-popular-amosa-o-firma-compromiso-da-xunta-coa-construcion-do-novo-centro-de-saude-de-poio-no-momento-que-haxa-unha-parcela-viable\/#article","isPartOf":{"@id":"https:\/\/ppdegalicia.com\/es\/o-grupo-popular-amosa-o-firma-compromiso-da-xunta-coa-construcion-do-novo-centro-de-saude-de-poio-no-momento-que-haxa-unha-parcela-viable\/"},"author":{"name":"ppdegaliciaredes","@id":"https:\/\/ppdegalicia.com\/es\/#\/schema\/person\/5b822c6f59e872ebdd1142f307dbcb59"},"headline":"O Grupo Popular amosa o firma compromiso da Xunta coa construci\u00f3n do novo centro de sa\u00fade de Poio no momento que haxa unha parcela viable","datePublished":"2025-11-20T18:15:07+00:00","mainEntityOfPage":{"@id":"https:\/\/ppdegalicia.com\/es\/o-grupo-popular-amosa-o-firma-compromiso-da-xunta-coa-construcion-do-novo-centro-de-saude-de-poio-no-momento-que-haxa-unha-parcela-viable\/"},"wordCount":325,"publisher":{"@id":"https:\/\/ppdegalicia.com\/es\/#organization"},"image":{"@id":"https:\/\/ppdegalicia.com\/es\/o-grupo-popular-amosa-o-firma-compromiso-da-xunta-coa-construcion-do-novo-centro-de-saude-de-poio-no-momento-que-haxa-unha-parcela-viable\/#primaryimage"},"thumbnailUrl":"https:\/\/ppdegalicia.com\/wp-content\/uploads\/2025\/11\/20251120_C5-13-scaled.jpg","articleSection":["Parlamento de Galicia"],"inLanguage":"es"},{"@type":"WebPage","@id":"https:\/\/ppdegalicia.com\/es\/o-grupo-popular-amosa-o-firma-compromiso-da-xunta-coa-construcion-do-novo-centro-de-saude-de-poio-no-momento-que-haxa-unha-parcela-viable\/","url":"https:\/\/ppdegalicia.com\/es\/o-grupo-popular-amosa-o-firma-compromiso-da-xunta-coa-construcion-do-novo-centro-de-saude-de-poio-no-momento-que-haxa-unha-parcela-viable\/","name":"O Grupo Popular amosa o firma compromiso da Xunta coa construci\u00f3n do novo centro de sa\u00fade de Poio no momento que haxa unha parcela viable - PP de Galicia","isPartOf":{"@id":"https:\/\/ppdegalicia.com\/es\/#website"},"primaryImageOfPage":{"@id":"https:\/\/ppdegalicia.com\/es\/o-grupo-popular-amosa-o-firma-compromiso-da-xunta-coa-construcion-do-novo-centro-de-saude-de-poio-no-momento-que-haxa-unha-parcela-viable\/#primaryimage"},"image":{"@id":"https:\/\/ppdegalicia.com\/es\/o-grupo-popular-amosa-o-firma-compromiso-da-xunta-coa-construcion-do-novo-centro-de-saude-de-poio-no-momento-que-haxa-unha-parcela-viable\/#primaryimage"},"thumbnailUrl":"https:\/\/ppdegalicia.com\/wp-content\/uploads\/2025\/11\/20251120_C5-13-scaled.jpg","datePublished":"2025-11-20T18:15:07+00:00","description":"A portavoz de Sanidade do Grupo Popular, Encarna Amigo, amosou \u201co compromiso firme da Xunta coa construci\u00f3n dun novo centro de sa\u00fade no concello de Poio, que ser\u00e1 unha realidade no momento en que haxa unha parcela viable para levantar este edificio sanitario\u201d. Neste sentido, salientou que \u201co actual goberno municipal xa est\u00e1 tratando de remediar os erros dos seus predecesores, que deixaron unha situaci\u00f3n complexa ao propo\u00f1er unha parcela que non cumpr\u00eda os requisitos\u201d.","breadcrumb":{"@id":"https:\/\/ppdegalicia.com\/es\/o-grupo-popular-amosa-o-firma-compromiso-da-xunta-coa-construcion-do-novo-centro-de-saude-de-poio-no-momento-que-haxa-unha-parcela-viable\/#breadcrumb"},"inLanguage":"es","potentialAction":[{"@type":"ReadAction","target":["https:\/\/ppdegalicia.com\/es\/o-grupo-popular-amosa-o-firma-compromiso-da-xunta-coa-construcion-do-novo-centro-de-saude-de-poio-no-momento-que-haxa-unha-parcela-viable\/"]}]},{"@type":"ImageObject","inLanguage":"es","@id":"https:\/\/ppdegalicia.com\/es\/o-grupo-popular-amosa-o-firma-compromiso-da-xunta-coa-construcion-do-novo-centro-de-saude-de-poio-no-momento-que-haxa-unha-parcela-viable\/#primaryimage","url":"https:\/\/ppdegalicia.com\/wp-content\/uploads\/2025\/11\/20251120_C5-13-scaled.jpg","contentUrl":"https:\/\/ppdegalicia.com\/wp-content\/uploads\/2025\/11\/20251120_C5-13-scaled.jpg","width":2560,"height":1706},{"@type":"BreadcrumbList","@id":"https:\/\/ppdegalicia.com\/es\/o-grupo-popular-amosa-o-firma-compromiso-da-xunta-coa-construcion-do-novo-centro-de-saude-de-poio-no-momento-que-haxa-unha-parcela-viable\/#breadcrumb","itemListElement":[{"@type":"ListItem","position":1,"name":"Portada","item":"https:\/\/ppdegalicia.com\/es\/"},{"@type":"ListItem","position":2,"name":"O Grupo Popular amosa o firma compromiso da Xunta coa construci\u00f3n do novo centro de sa\u00fade de Poio no momento que haxa unha parcela viable"}]},{"@type":"WebSite","@id":"https:\/\/ppdegalicia.com\/es\/#website","url":"https:\/\/ppdegalicia.com\/es\/","name":"Partido Popular de Galicia","description":"Partido Popular de Galicia","publisher":{"@id":"https:\/\/ppdegalicia.com\/es\/#organization"},"alternateName":"PP de Galicia","potentialAction":[{"@type":"SearchAction","target":{"@type":"EntryPoint","urlTemplate":"https:\/\/ppdegalicia.com\/es\/?s={search_term_string}"},"query-input":{"@type":"PropertyValueSpecification","valueRequired":true,"valueName":"search_term_string"}}],"inLanguage":"es"},{"@type":"Organization","@id":"https:\/\/ppdegalicia.com\/es\/#organization","name":"Partido Popular de Galicia","alternateName":"PP de Galicia","url":"https:\/\/ppdegalicia.com\/es\/","logo":{"@type":"ImageObject","inLanguage":"es","@id":"https:\/\/ppdegalicia.com\/es\/#\/schema\/logo\/image\/","url":"https:\/\/ppdegalicia.com\/wp-content\/uploads\/2023\/04\/logoPP512.png","contentUrl":"https:\/\/ppdegalicia.com\/wp-content\/uploads\/2023\/04\/logoPP512.png","width":512,"height":512,"caption":"Partido Popular de Galicia"},"image":{"@id":"https:\/\/ppdegalicia.com\/es\/#\/schema\/logo\/image\/"},"sameAs":["https:\/\/www.instagram.com\/ppdegalicia\/","https:\/\/x.com\/ppdegalicia","https:\/\/www.tiktok.com\/@ppdegalicia","https:\/\/www.youtube.com\/user\/ppdegalicia"]},{"@type":"Person","@id":"https:\/\/ppdegalicia.com\/es\/#\/schema\/person\/5b822c6f59e872ebdd1142f307dbcb59","name":"ppdegaliciaredes","image":{"@type":"ImageObject","inLanguage":"es","@id":"https:\/\/secure.gravatar.com\/avatar\/3c9179cf0256d00c72a48d1f25783c58b6842cd56e85ef3a572881c8e28ccd59?s=96&d=mm&r=g","url":"https:\/\/secure.gravatar.com\/avatar\/3c9179cf0256d00c72a48d1f25783c58b6842cd56e85ef3a572881c8e28ccd59?s=96&d=mm&r=g","contentUrl":"https:\/\/secure.gravatar.com\/avatar\/3c9179cf0256d00c72a48d1f25783c58b6842cd56e85ef3a572881c8e28ccd59?s=96&d=mm&r=g","caption":"ppdegaliciaredes"},"url":"https:\/\/ppdegalicia.com\/es\/author\/ppdegaliciaredes\/"}]}},"_links":{"self":[{"href":"https:\/\/ppdegalicia.com\/es\/wp-json\/wp\/v2\/posts\/69117","targetHints":{"allow":["GET"]}}],"collection":[{"href":"https:\/\/ppdegalicia.com\/es\/wp-json\/wp\/v2\/posts"}],"about":[{"href":"https:\/\/ppdegalicia.com\/es\/wp-json\/wp\/v2\/types\/post"}],"author":[{"embeddable":true,"href":"https:\/\/ppdegalicia.com\/es\/wp-json\/wp\/v2\/users\/38"}],"replies":[{"embeddable":true,"href":"https:\/\/ppdegalicia.com\/es\/wp-json\/wp\/v2\/comments?post=69117"}],"version-history":[{"count":1,"href":"https:\/\/ppdegalicia.com\/es\/wp-json\/wp\/v2\/posts\/69117\/revisions"}],"predecessor-version":[{"id":69120,"href":"https:\/\/ppdegalicia.com\/es\/wp-json\/wp\/v2\/posts\/69117\/revisions\/69120"}],"wp:featuredmedia":[{"embeddable":true,"href":"https:\/\/ppdegalicia.com\/es\/wp-json\/wp\/v2\/media\/69118"}],"wp:attachment":[{"href":"https:\/\/ppdegalicia.com\/es\/wp-json\/wp\/v2\/media?parent=69117"}],"wp:term":[{"taxonomy":"category","embeddable":true,"href":"https:\/\/ppdegalicia.com\/es\/wp-json\/wp\/v2\/categories?post=69117"},{"taxonomy":"post_tag","embeddable":true,"href":"https:\/\/ppdegalicia.com\/es\/wp-json\/wp\/v2\/tags?post=69117"}],"curies":[{"name":"wp","href":"https:\/\/api.w.org\/{rel}","templated":true}]}}