{"id":69133,"date":"2025-11-23T10:29:21","date_gmt":"2025-11-23T09:29:21","guid":{"rendered":"https:\/\/ppdegalicia.com\/?p=69133"},"modified":"2025-11-21T15:03:57","modified_gmt":"2025-11-21T14:03:57","slug":"rueda-anima-aos-seus-alcaldes-a-seguir-traballando-para-facer-valer-a-importancia-da-unidade-a-xestion-e-a-estabilidade-que-caracteriza-ao-ppdeg","status":"publish","type":"post","link":"https:\/\/ppdegalicia.com\/es\/rueda-anima-aos-seus-alcaldes-a-seguir-traballando-para-facer-valer-a-importancia-da-unidade-a-xestion-e-a-estabilidade-que-caracteriza-ao-ppdeg\/","title":{"rendered":"Rueda anima aos seus alcaldes a seguir traballando para facer valer a importancia da unidade, a xesti\u00f3n e a estabilidade que caracteriza ao PPdeG"},"content":{"rendered":"<p style=\"font-weight: 400;\">O presidente do Partido Popular de Galicia, Alfonso Rueda, anima aos alcaldes e alcaldesas do partido a seguir traballando para facer valer a importancia que te\u00f1en para a cidadan\u00eda a unidade, a xesti\u00f3n e a estabilidade que constit\u00faen o \u201cselo de identidade\u201d dos seus gobernos.<\/p>\n<p style=\"font-weight: 400;\">\u201cA xente identif\u00edcanos, desde o concello m\u00e1is pequeno ata as administraci\u00f3ns m\u00e1is altas, como un partido que sabe xestionar e que presta atenci\u00f3n aos problemas do d\u00eda a d\u00eda\u201d, asegurou esta semana durante a s\u00faa intervenci\u00f3n no Comit\u00e9 de Alcaldes organizado polo PP da provincia da Coru\u00f1a no restaurante A Taberna, na Laracha.<\/p>\n<p style=\"font-weight: 400;\">Rueda incidiu na importancia desta cuesti\u00f3n \u201cespecialmente nun momento no que outros pretenden facer crer \u00e1 cidadan\u00eda que o d\u00eda a d\u00eda e a resoluci\u00f3n dos problemas son o de menos\u201d. De a\u00ed que animara aos seus a continuar traballando como ata o de agora nesta li\u00f1a e coa mirada posta nas elecci\u00f3ns municipais de 2027.<\/p>\n<p style=\"font-weight: 400;\">As\u00ed mesmo, puxo en valor a \u201cunidade\u201d que caracteriza ao partido e que o diferenza \u201ccada vez m\u00e1is\u201d dun PSOE que \u201cxa est\u00e1 desfeito\u201d e dun BNG cuxo \u201cnerviosismo\u201d \u00e9 cada vez m\u00e1is \u201cevidente\u201d ante \u201ca s\u00faa crise de liderado e as tensi\u00f3ns internas entre os que queren alboroto constante e os que se queren facer pasar por moderados\u201d.<\/p>\n<p style=\"font-weight: 400;\">\u201cFronte a todo isto, n\u00f3s temos que seguir onde estamos: aportando calma \u00e1 xente, facendo ben as cousas e gobernando unidos\u201d, conclu\u00edu a este respecto antes de animar a todos os rexedores presentes na reuni\u00f3n a \u201cestar \u00e1 altura\u201d do que os seus veci\u00f1os demandan deles e a devolver a confianza que se depositou neles con feitos e compromisos cumpridos.<\/p>\n<p style=\"font-weight: 400;\">O presidente estivo acompa\u00f1ado nesta xornada pola secretaria xeral do PPdeG, Paula Prado, o presidente provincial do PP da Coru\u00f1a, Diego Calvo, e a responsable de Vivenda e Infraestruturas no Goberno galego, Mar\u00eda Mart\u00ednez Allegue. As\u00ed mesmo, estiveron presentes os 42 alcaldes e alcaldesas do partido na provincia; entre eles o anfitri\u00f3n da reuni\u00f3n e alcalde da Laracha, Jos\u00e9 Manuel L\u00f3pez Varela, e o coordinador do comit\u00e9 e alcalde de Vedra,\u00a0Carlos Mart\u00ednez Carrillo.<\/p>\n<p style=\"font-weight: 400;\">\u201cNa provincia da Coru\u00f1a radica gran parte da potencia do PPdeG e estou convencido de que as\u00ed seguir\u00e1 sendo\u201d, apuntou o l\u00edder dos populares galegos antes de rematar a s\u00faa intervenci\u00f3n invitando a todos os presentes a \u201cseguir remando xuntos no beneficio colectivo de todos os galegos e galegas\u201d.<\/p>\n<p style=\"font-weight: 400;\"><strong><u>DIEGO CALVO: \u201cDEBEMOS ESCOITAR BEN PARA ESTAR M\u00c1IS PRETO DE ACERTAR NO QUE NECESITA A XENTE\u201d<\/u><\/strong><\/p>\n<p style=\"font-weight: 400;\">Pola s\u00faa banda, Diego Calvo destacou o importante labor que desempe\u00f1an os alcaldes e alcaldesas en canto a que \u201ccada decisi\u00f3n que toman ten un impacto directo e inmediato na vida dos veci\u00f1os\u201d. De a\u00ed a importancia de \u201cescoitar ben para estar m\u00e1is preto de acertar no que necesita a xente\u201d.<\/p>\n<p style=\"font-weight: 400;\">Neste sentido, o presidente provincial do PP da Coru\u00f1a agradeceu aos rexedores a proximidade, a sensibilidade e o profundo compromiso co que traballan cada d\u00eda para avanzar no obxectivo de \u201cconseguir un territorio m\u00e1is equilibrado, m\u00e1is humano e con m\u00e1is oportunidades para todos, con independencia do lugar no que se viva\u201d.<\/p>\n","protected":false},"excerpt":{"rendered":"<p>O presidente do Partido Popular de Galicia, Alfonso Rueda, anima aos alcaldes e alcaldesas do partido a seguir traballando para facer valer a importancia que te\u00f1en para a cidadan\u00eda a unidade, a xesti\u00f3n e a estabilidade que constit\u00faen o \u201cselo de identidade\u201d dos seus gobernos. \u201cA xente identif\u00edcanos, desde o concello m\u00e1is pequeno ata as [&hellip;]<\/p>\n","protected":false},"author":38,"featured_media":69134,"comment_status":"closed","ping_status":"open","sticky":false,"template":"","format":"standard","meta":{"_acf_changed":false,"footnotes":""},"categories":[1],"tags":[],"class_list":["post-69133","post","type-post","status-publish","format-standard","has-post-thumbnail","hentry","category-pp-de-galicia"],"acf":[],"yoast_head":"<!-- This site is optimized with the Yoast SEO plugin v27.3 - https:\/\/yoast.com\/product\/yoast-seo-wordpress\/ -->\n<title>Rueda anima aos seus alcaldes a seguir traballando para facer valer a importancia da unidade, a xesti\u00f3n e a estabilidade que caracteriza ao PPdeG - PP de Galicia<\/title>\n<meta name=\"description\" content=\"O presidente do Partido Popular de Galicia, Alfonso Rueda, anima aos alcaldes e alcaldesas do partido a seguir traballando para facer valer a importancia que te\u00f1en para a cidadan\u00eda a unidade, a xesti\u00f3n e a estabilidade que constit\u00faen o \u201cselo de identidade\u201d dos seus gobernos.\" \/>\n<meta name=\"robots\" content=\"index, follow, max-snippet:-1, max-image-preview:large, max-video-preview:-1\" \/>\n<link rel=\"canonical\" href=\"https:\/\/ppdegalicia.com\/es\/rueda-anima-aos-seus-alcaldes-a-seguir-traballando-para-facer-valer-a-importancia-da-unidade-a-xestion-e-a-estabilidade-que-caracteriza-ao-ppdeg\/\" \/>\n<meta property=\"og:locale\" content=\"es_ES\" \/>\n<meta property=\"og:type\" content=\"article\" \/>\n<meta property=\"og:title\" content=\"Rueda anima aos seus alcaldes a seguir traballando para facer valer a importancia da unidade, a xesti\u00f3n e a estabilidade que caracteriza ao PPdeG - PP de Galicia\" \/>\n<meta property=\"og:description\" content=\"O presidente do Partido Popular de Galicia, Alfonso Rueda, anima aos alcaldes e alcaldesas do partido a seguir traballando para facer valer a importancia que te\u00f1en para a cidadan\u00eda a unidade, a xesti\u00f3n e a estabilidade que constit\u00faen o \u201cselo de identidade\u201d dos seus gobernos.\" \/>\n<meta property=\"og:url\" content=\"https:\/\/ppdegalicia.com\/es\/rueda-anima-aos-seus-alcaldes-a-seguir-traballando-para-facer-valer-a-importancia-da-unidade-a-xestion-e-a-estabilidade-que-caracteriza-ao-ppdeg\/\" \/>\n<meta property=\"og:site_name\" content=\"PP de Galicia\" \/>\n<meta property=\"article:publisher\" content=\"https:\/\/www.instagram.com\/ppdegalicia\/\" \/>\n<meta property=\"article:published_time\" content=\"2025-11-23T09:29:21+00:00\" \/>\n<meta property=\"og:image\" content=\"https:\/\/ppdegalicia.com\/wp-content\/uploads\/2025\/11\/20251123_ARueda_Alcaldes_PPCoruna-scaled.jpg\" \/>\n\t<meta property=\"og:image:width\" content=\"2560\" \/>\n\t<meta property=\"og:image:height\" content=\"1707\" \/>\n\t<meta property=\"og:image:type\" content=\"image\/jpeg\" \/>\n<meta name=\"author\" content=\"ppdegaliciaredes\" \/>\n<meta name=\"twitter:card\" content=\"summary_large_image\" \/>\n<meta name=\"twitter:creator\" content=\"@ppdegalicia\" \/>\n<meta name=\"twitter:site\" content=\"@ppdegalicia\" \/>\n<meta name=\"twitter:label1\" content=\"Escrito por\" \/>\n\t<meta name=\"twitter:data1\" content=\"ppdegaliciaredes\" \/>\n\t<meta name=\"twitter:label2\" content=\"Tiempo de lectura\" \/>\n\t<meta name=\"twitter:data2\" content=\"4 minutos\" \/>\n<script type=\"application\/ld+json\" class=\"yoast-schema-graph\">{\"@context\":\"https:\\\/\\\/schema.org\",\"@graph\":[{\"@type\":\"Article\",\"@id\":\"https:\\\/\\\/ppdegalicia.com\\\/es\\\/rueda-anima-aos-seus-alcaldes-a-seguir-traballando-para-facer-valer-a-importancia-da-unidade-a-xestion-e-a-estabilidade-que-caracteriza-ao-ppdeg\\\/#article\",\"isPartOf\":{\"@id\":\"https:\\\/\\\/ppdegalicia.com\\\/es\\\/rueda-anima-aos-seus-alcaldes-a-seguir-traballando-para-facer-valer-a-importancia-da-unidade-a-xestion-e-a-estabilidade-que-caracteriza-ao-ppdeg\\\/\"},\"author\":{\"name\":\"ppdegaliciaredes\",\"@id\":\"https:\\\/\\\/ppdegalicia.com\\\/es\\\/#\\\/schema\\\/person\\\/5b822c6f59e872ebdd1142f307dbcb59\"},\"headline\":\"Rueda anima aos seus alcaldes a seguir traballando para facer valer a importancia da unidade, a xesti\u00f3n e a estabilidade que caracteriza ao PPdeG\",\"datePublished\":\"2025-11-23T09:29:21+00:00\",\"mainEntityOfPage\":{\"@id\":\"https:\\\/\\\/ppdegalicia.com\\\/es\\\/rueda-anima-aos-seus-alcaldes-a-seguir-traballando-para-facer-valer-a-importancia-da-unidade-a-xestion-e-a-estabilidade-que-caracteriza-ao-ppdeg\\\/\"},\"wordCount\":585,\"publisher\":{\"@id\":\"https:\\\/\\\/ppdegalicia.com\\\/es\\\/#organization\"},\"image\":{\"@id\":\"https:\\\/\\\/ppdegalicia.com\\\/es\\\/rueda-anima-aos-seus-alcaldes-a-seguir-traballando-para-facer-valer-a-importancia-da-unidade-a-xestion-e-a-estabilidade-que-caracteriza-ao-ppdeg\\\/#primaryimage\"},\"thumbnailUrl\":\"https:\\\/\\\/ppdegalicia.com\\\/wp-content\\\/uploads\\\/2025\\\/11\\\/20251123_ARueda_Alcaldes_PPCoruna-scaled.jpg\",\"articleSection\":[\"PP de Galicia\"],\"inLanguage\":\"es\"},{\"@type\":\"WebPage\",\"@id\":\"https:\\\/\\\/ppdegalicia.com\\\/es\\\/rueda-anima-aos-seus-alcaldes-a-seguir-traballando-para-facer-valer-a-importancia-da-unidade-a-xestion-e-a-estabilidade-que-caracteriza-ao-ppdeg\\\/\",\"url\":\"https:\\\/\\\/ppdegalicia.com\\\/es\\\/rueda-anima-aos-seus-alcaldes-a-seguir-traballando-para-facer-valer-a-importancia-da-unidade-a-xestion-e-a-estabilidade-que-caracteriza-ao-ppdeg\\\/\",\"name\":\"Rueda anima aos seus alcaldes a seguir traballando para facer valer a importancia da unidade, a xesti\u00f3n e a estabilidade que caracteriza ao PPdeG - PP de Galicia\",\"isPartOf\":{\"@id\":\"https:\\\/\\\/ppdegalicia.com\\\/es\\\/#website\"},\"primaryImageOfPage\":{\"@id\":\"https:\\\/\\\/ppdegalicia.com\\\/es\\\/rueda-anima-aos-seus-alcaldes-a-seguir-traballando-para-facer-valer-a-importancia-da-unidade-a-xestion-e-a-estabilidade-que-caracteriza-ao-ppdeg\\\/#primaryimage\"},\"image\":{\"@id\":\"https:\\\/\\\/ppdegalicia.com\\\/es\\\/rueda-anima-aos-seus-alcaldes-a-seguir-traballando-para-facer-valer-a-importancia-da-unidade-a-xestion-e-a-estabilidade-que-caracteriza-ao-ppdeg\\\/#primaryimage\"},\"thumbnailUrl\":\"https:\\\/\\\/ppdegalicia.com\\\/wp-content\\\/uploads\\\/2025\\\/11\\\/20251123_ARueda_Alcaldes_PPCoruna-scaled.jpg\",\"datePublished\":\"2025-11-23T09:29:21+00:00\",\"description\":\"O presidente do Partido Popular de Galicia, Alfonso Rueda, anima aos alcaldes e alcaldesas do partido a seguir traballando para facer valer a importancia que te\u00f1en para a cidadan\u00eda a unidade, a xesti\u00f3n e a estabilidade que constit\u00faen o \u201cselo de identidade\u201d dos seus gobernos.\",\"breadcrumb\":{\"@id\":\"https:\\\/\\\/ppdegalicia.com\\\/es\\\/rueda-anima-aos-seus-alcaldes-a-seguir-traballando-para-facer-valer-a-importancia-da-unidade-a-xestion-e-a-estabilidade-que-caracteriza-ao-ppdeg\\\/#breadcrumb\"},\"inLanguage\":\"es\",\"potentialAction\":[{\"@type\":\"ReadAction\",\"target\":[\"https:\\\/\\\/ppdegalicia.com\\\/es\\\/rueda-anima-aos-seus-alcaldes-a-seguir-traballando-para-facer-valer-a-importancia-da-unidade-a-xestion-e-a-estabilidade-que-caracteriza-ao-ppdeg\\\/\"]}]},{\"@type\":\"ImageObject\",\"inLanguage\":\"es\",\"@id\":\"https:\\\/\\\/ppdegalicia.com\\\/es\\\/rueda-anima-aos-seus-alcaldes-a-seguir-traballando-para-facer-valer-a-importancia-da-unidade-a-xestion-e-a-estabilidade-que-caracteriza-ao-ppdeg\\\/#primaryimage\",\"url\":\"https:\\\/\\\/ppdegalicia.com\\\/wp-content\\\/uploads\\\/2025\\\/11\\\/20251123_ARueda_Alcaldes_PPCoruna-scaled.jpg\",\"contentUrl\":\"https:\\\/\\\/ppdegalicia.com\\\/wp-content\\\/uploads\\\/2025\\\/11\\\/20251123_ARueda_Alcaldes_PPCoruna-scaled.jpg\",\"width\":2560,\"height\":1707},{\"@type\":\"BreadcrumbList\",\"@id\":\"https:\\\/\\\/ppdegalicia.com\\\/es\\\/rueda-anima-aos-seus-alcaldes-a-seguir-traballando-para-facer-valer-a-importancia-da-unidade-a-xestion-e-a-estabilidade-que-caracteriza-ao-ppdeg\\\/#breadcrumb\",\"itemListElement\":[{\"@type\":\"ListItem\",\"position\":1,\"name\":\"Portada\",\"item\":\"https:\\\/\\\/ppdegalicia.com\\\/es\\\/\"},{\"@type\":\"ListItem\",\"position\":2,\"name\":\"Rueda anima aos seus alcaldes a seguir traballando para facer valer a importancia da unidade, a xesti\u00f3n e a estabilidade que caracteriza ao PPdeG\"}]},{\"@type\":\"WebSite\",\"@id\":\"https:\\\/\\\/ppdegalicia.com\\\/es\\\/#website\",\"url\":\"https:\\\/\\\/ppdegalicia.com\\\/es\\\/\",\"name\":\"Partido Popular de Galicia\",\"description\":\"Partido Popular de Galicia\",\"publisher\":{\"@id\":\"https:\\\/\\\/ppdegalicia.com\\\/es\\\/#organization\"},\"alternateName\":\"PP de Galicia\",\"potentialAction\":[{\"@type\":\"SearchAction\",\"target\":{\"@type\":\"EntryPoint\",\"urlTemplate\":\"https:\\\/\\\/ppdegalicia.com\\\/es\\\/?s={search_term_string}\"},\"query-input\":{\"@type\":\"PropertyValueSpecification\",\"valueRequired\":true,\"valueName\":\"search_term_string\"}}],\"inLanguage\":\"es\"},{\"@type\":\"Organization\",\"@id\":\"https:\\\/\\\/ppdegalicia.com\\\/es\\\/#organization\",\"name\":\"Partido Popular de Galicia\",\"alternateName\":\"PP de Galicia\",\"url\":\"https:\\\/\\\/ppdegalicia.com\\\/es\\\/\",\"logo\":{\"@type\":\"ImageObject\",\"inLanguage\":\"es\",\"@id\":\"https:\\\/\\\/ppdegalicia.com\\\/es\\\/#\\\/schema\\\/logo\\\/image\\\/\",\"url\":\"https:\\\/\\\/ppdegalicia.com\\\/wp-content\\\/uploads\\\/2023\\\/04\\\/logoPP512.png\",\"contentUrl\":\"https:\\\/\\\/ppdegalicia.com\\\/wp-content\\\/uploads\\\/2023\\\/04\\\/logoPP512.png\",\"width\":512,\"height\":512,\"caption\":\"Partido Popular de Galicia\"},\"image\":{\"@id\":\"https:\\\/\\\/ppdegalicia.com\\\/es\\\/#\\\/schema\\\/logo\\\/image\\\/\"},\"sameAs\":[\"https:\\\/\\\/www.instagram.com\\\/ppdegalicia\\\/\",\"https:\\\/\\\/x.com\\\/ppdegalicia\",\"https:\\\/\\\/www.tiktok.com\\\/@ppdegalicia\",\"https:\\\/\\\/www.youtube.com\\\/user\\\/ppdegalicia\"]},{\"@type\":\"Person\",\"@id\":\"https:\\\/\\\/ppdegalicia.com\\\/es\\\/#\\\/schema\\\/person\\\/5b822c6f59e872ebdd1142f307dbcb59\",\"name\":\"ppdegaliciaredes\",\"image\":{\"@type\":\"ImageObject\",\"inLanguage\":\"es\",\"@id\":\"https:\\\/\\\/secure.gravatar.com\\\/avatar\\\/3c9179cf0256d00c72a48d1f25783c58b6842cd56e85ef3a572881c8e28ccd59?s=96&d=mm&r=g\",\"url\":\"https:\\\/\\\/secure.gravatar.com\\\/avatar\\\/3c9179cf0256d00c72a48d1f25783c58b6842cd56e85ef3a572881c8e28ccd59?s=96&d=mm&r=g\",\"contentUrl\":\"https:\\\/\\\/secure.gravatar.com\\\/avatar\\\/3c9179cf0256d00c72a48d1f25783c58b6842cd56e85ef3a572881c8e28ccd59?s=96&d=mm&r=g\",\"caption\":\"ppdegaliciaredes\"},\"url\":\"https:\\\/\\\/ppdegalicia.com\\\/es\\\/author\\\/ppdegaliciaredes\\\/\"}]}<\/script>\n<!-- \/ Yoast SEO plugin. -->","yoast_head_json":{"title":"Rueda anima aos seus alcaldes a seguir traballando para facer valer a importancia da unidade, a xesti\u00f3n e a estabilidade que caracteriza ao PPdeG - PP de Galicia","description":"O presidente do Partido Popular de Galicia, Alfonso Rueda, anima aos alcaldes e alcaldesas do partido a seguir traballando para facer valer a importancia que te\u00f1en para a cidadan\u00eda a unidade, a xesti\u00f3n e a estabilidade que constit\u00faen o \u201cselo de identidade\u201d dos seus gobernos.","robots":{"index":"index","follow":"follow","max-snippet":"max-snippet:-1","max-image-preview":"max-image-preview:large","max-video-preview":"max-video-preview:-1"},"canonical":"https:\/\/ppdegalicia.com\/es\/rueda-anima-aos-seus-alcaldes-a-seguir-traballando-para-facer-valer-a-importancia-da-unidade-a-xestion-e-a-estabilidade-que-caracteriza-ao-ppdeg\/","og_locale":"es_ES","og_type":"article","og_title":"Rueda anima aos seus alcaldes a seguir traballando para facer valer a importancia da unidade, a xesti\u00f3n e a estabilidade que caracteriza ao PPdeG - PP de Galicia","og_description":"O presidente do Partido Popular de Galicia, Alfonso Rueda, anima aos alcaldes e alcaldesas do partido a seguir traballando para facer valer a importancia que te\u00f1en para a cidadan\u00eda a unidade, a xesti\u00f3n e a estabilidade que constit\u00faen o \u201cselo de identidade\u201d dos seus gobernos.","og_url":"https:\/\/ppdegalicia.com\/es\/rueda-anima-aos-seus-alcaldes-a-seguir-traballando-para-facer-valer-a-importancia-da-unidade-a-xestion-e-a-estabilidade-que-caracteriza-ao-ppdeg\/","og_site_name":"PP de Galicia","article_publisher":"https:\/\/www.instagram.com\/ppdegalicia\/","article_published_time":"2025-11-23T09:29:21+00:00","og_image":[{"width":2560,"height":1707,"url":"https:\/\/ppdegalicia.com\/wp-content\/uploads\/2025\/11\/20251123_ARueda_Alcaldes_PPCoruna-scaled.jpg","type":"image\/jpeg"}],"author":"ppdegaliciaredes","twitter_card":"summary_large_image","twitter_creator":"@ppdegalicia","twitter_site":"@ppdegalicia","twitter_misc":{"Escrito por":"ppdegaliciaredes","Tiempo de lectura":"4 minutos"},"schema":{"@context":"https:\/\/schema.org","@graph":[{"@type":"Article","@id":"https:\/\/ppdegalicia.com\/es\/rueda-anima-aos-seus-alcaldes-a-seguir-traballando-para-facer-valer-a-importancia-da-unidade-a-xestion-e-a-estabilidade-que-caracteriza-ao-ppdeg\/#article","isPartOf":{"@id":"https:\/\/ppdegalicia.com\/es\/rueda-anima-aos-seus-alcaldes-a-seguir-traballando-para-facer-valer-a-importancia-da-unidade-a-xestion-e-a-estabilidade-que-caracteriza-ao-ppdeg\/"},"author":{"name":"ppdegaliciaredes","@id":"https:\/\/ppdegalicia.com\/es\/#\/schema\/person\/5b822c6f59e872ebdd1142f307dbcb59"},"headline":"Rueda anima aos seus alcaldes a seguir traballando para facer valer a importancia da unidade, a xesti\u00f3n e a estabilidade que caracteriza ao PPdeG","datePublished":"2025-11-23T09:29:21+00:00","mainEntityOfPage":{"@id":"https:\/\/ppdegalicia.com\/es\/rueda-anima-aos-seus-alcaldes-a-seguir-traballando-para-facer-valer-a-importancia-da-unidade-a-xestion-e-a-estabilidade-que-caracteriza-ao-ppdeg\/"},"wordCount":585,"publisher":{"@id":"https:\/\/ppdegalicia.com\/es\/#organization"},"image":{"@id":"https:\/\/ppdegalicia.com\/es\/rueda-anima-aos-seus-alcaldes-a-seguir-traballando-para-facer-valer-a-importancia-da-unidade-a-xestion-e-a-estabilidade-que-caracteriza-ao-ppdeg\/#primaryimage"},"thumbnailUrl":"https:\/\/ppdegalicia.com\/wp-content\/uploads\/2025\/11\/20251123_ARueda_Alcaldes_PPCoruna-scaled.jpg","articleSection":["PP de Galicia"],"inLanguage":"es"},{"@type":"WebPage","@id":"https:\/\/ppdegalicia.com\/es\/rueda-anima-aos-seus-alcaldes-a-seguir-traballando-para-facer-valer-a-importancia-da-unidade-a-xestion-e-a-estabilidade-que-caracteriza-ao-ppdeg\/","url":"https:\/\/ppdegalicia.com\/es\/rueda-anima-aos-seus-alcaldes-a-seguir-traballando-para-facer-valer-a-importancia-da-unidade-a-xestion-e-a-estabilidade-que-caracteriza-ao-ppdeg\/","name":"Rueda anima aos seus alcaldes a seguir traballando para facer valer a importancia da unidade, a xesti\u00f3n e a estabilidade que caracteriza ao PPdeG - PP de Galicia","isPartOf":{"@id":"https:\/\/ppdegalicia.com\/es\/#website"},"primaryImageOfPage":{"@id":"https:\/\/ppdegalicia.com\/es\/rueda-anima-aos-seus-alcaldes-a-seguir-traballando-para-facer-valer-a-importancia-da-unidade-a-xestion-e-a-estabilidade-que-caracteriza-ao-ppdeg\/#primaryimage"},"image":{"@id":"https:\/\/ppdegalicia.com\/es\/rueda-anima-aos-seus-alcaldes-a-seguir-traballando-para-facer-valer-a-importancia-da-unidade-a-xestion-e-a-estabilidade-que-caracteriza-ao-ppdeg\/#primaryimage"},"thumbnailUrl":"https:\/\/ppdegalicia.com\/wp-content\/uploads\/2025\/11\/20251123_ARueda_Alcaldes_PPCoruna-scaled.jpg","datePublished":"2025-11-23T09:29:21+00:00","description":"O presidente do Partido Popular de Galicia, Alfonso Rueda, anima aos alcaldes e alcaldesas do partido a seguir traballando para facer valer a importancia que te\u00f1en para a cidadan\u00eda a unidade, a xesti\u00f3n e a estabilidade que constit\u00faen o \u201cselo de identidade\u201d dos seus gobernos.","breadcrumb":{"@id":"https:\/\/ppdegalicia.com\/es\/rueda-anima-aos-seus-alcaldes-a-seguir-traballando-para-facer-valer-a-importancia-da-unidade-a-xestion-e-a-estabilidade-que-caracteriza-ao-ppdeg\/#breadcrumb"},"inLanguage":"es","potentialAction":[{"@type":"ReadAction","target":["https:\/\/ppdegalicia.com\/es\/rueda-anima-aos-seus-alcaldes-a-seguir-traballando-para-facer-valer-a-importancia-da-unidade-a-xestion-e-a-estabilidade-que-caracteriza-ao-ppdeg\/"]}]},{"@type":"ImageObject","inLanguage":"es","@id":"https:\/\/ppdegalicia.com\/es\/rueda-anima-aos-seus-alcaldes-a-seguir-traballando-para-facer-valer-a-importancia-da-unidade-a-xestion-e-a-estabilidade-que-caracteriza-ao-ppdeg\/#primaryimage","url":"https:\/\/ppdegalicia.com\/wp-content\/uploads\/2025\/11\/20251123_ARueda_Alcaldes_PPCoruna-scaled.jpg","contentUrl":"https:\/\/ppdegalicia.com\/wp-content\/uploads\/2025\/11\/20251123_ARueda_Alcaldes_PPCoruna-scaled.jpg","width":2560,"height":1707},{"@type":"BreadcrumbList","@id":"https:\/\/ppdegalicia.com\/es\/rueda-anima-aos-seus-alcaldes-a-seguir-traballando-para-facer-valer-a-importancia-da-unidade-a-xestion-e-a-estabilidade-que-caracteriza-ao-ppdeg\/#breadcrumb","itemListElement":[{"@type":"ListItem","position":1,"name":"Portada","item":"https:\/\/ppdegalicia.com\/es\/"},{"@type":"ListItem","position":2,"name":"Rueda anima aos seus alcaldes a seguir traballando para facer valer a importancia da unidade, a xesti\u00f3n e a estabilidade que caracteriza ao PPdeG"}]},{"@type":"WebSite","@id":"https:\/\/ppdegalicia.com\/es\/#website","url":"https:\/\/ppdegalicia.com\/es\/","name":"Partido Popular de Galicia","description":"Partido Popular de Galicia","publisher":{"@id":"https:\/\/ppdegalicia.com\/es\/#organization"},"alternateName":"PP de Galicia","potentialAction":[{"@type":"SearchAction","target":{"@type":"EntryPoint","urlTemplate":"https:\/\/ppdegalicia.com\/es\/?s={search_term_string}"},"query-input":{"@type":"PropertyValueSpecification","valueRequired":true,"valueName":"search_term_string"}}],"inLanguage":"es"},{"@type":"Organization","@id":"https:\/\/ppdegalicia.com\/es\/#organization","name":"Partido Popular de Galicia","alternateName":"PP de Galicia","url":"https:\/\/ppdegalicia.com\/es\/","logo":{"@type":"ImageObject","inLanguage":"es","@id":"https:\/\/ppdegalicia.com\/es\/#\/schema\/logo\/image\/","url":"https:\/\/ppdegalicia.com\/wp-content\/uploads\/2023\/04\/logoPP512.png","contentUrl":"https:\/\/ppdegalicia.com\/wp-content\/uploads\/2023\/04\/logoPP512.png","width":512,"height":512,"caption":"Partido Popular de Galicia"},"image":{"@id":"https:\/\/ppdegalicia.com\/es\/#\/schema\/logo\/image\/"},"sameAs":["https:\/\/www.instagram.com\/ppdegalicia\/","https:\/\/x.com\/ppdegalicia","https:\/\/www.tiktok.com\/@ppdegalicia","https:\/\/www.youtube.com\/user\/ppdegalicia"]},{"@type":"Person","@id":"https:\/\/ppdegalicia.com\/es\/#\/schema\/person\/5b822c6f59e872ebdd1142f307dbcb59","name":"ppdegaliciaredes","image":{"@type":"ImageObject","inLanguage":"es","@id":"https:\/\/secure.gravatar.com\/avatar\/3c9179cf0256d00c72a48d1f25783c58b6842cd56e85ef3a572881c8e28ccd59?s=96&d=mm&r=g","url":"https:\/\/secure.gravatar.com\/avatar\/3c9179cf0256d00c72a48d1f25783c58b6842cd56e85ef3a572881c8e28ccd59?s=96&d=mm&r=g","contentUrl":"https:\/\/secure.gravatar.com\/avatar\/3c9179cf0256d00c72a48d1f25783c58b6842cd56e85ef3a572881c8e28ccd59?s=96&d=mm&r=g","caption":"ppdegaliciaredes"},"url":"https:\/\/ppdegalicia.com\/es\/author\/ppdegaliciaredes\/"}]}},"_links":{"self":[{"href":"https:\/\/ppdegalicia.com\/es\/wp-json\/wp\/v2\/posts\/69133","targetHints":{"allow":["GET"]}}],"collection":[{"href":"https:\/\/ppdegalicia.com\/es\/wp-json\/wp\/v2\/posts"}],"about":[{"href":"https:\/\/ppdegalicia.com\/es\/wp-json\/wp\/v2\/types\/post"}],"author":[{"embeddable":true,"href":"https:\/\/ppdegalicia.com\/es\/wp-json\/wp\/v2\/users\/38"}],"replies":[{"embeddable":true,"href":"https:\/\/ppdegalicia.com\/es\/wp-json\/wp\/v2\/comments?post=69133"}],"version-history":[{"count":1,"href":"https:\/\/ppdegalicia.com\/es\/wp-json\/wp\/v2\/posts\/69133\/revisions"}],"predecessor-version":[{"id":69136,"href":"https:\/\/ppdegalicia.com\/es\/wp-json\/wp\/v2\/posts\/69133\/revisions\/69136"}],"wp:featuredmedia":[{"embeddable":true,"href":"https:\/\/ppdegalicia.com\/es\/wp-json\/wp\/v2\/media\/69134"}],"wp:attachment":[{"href":"https:\/\/ppdegalicia.com\/es\/wp-json\/wp\/v2\/media?parent=69133"}],"wp:term":[{"taxonomy":"category","embeddable":true,"href":"https:\/\/ppdegalicia.com\/es\/wp-json\/wp\/v2\/categories?post=69133"},{"taxonomy":"post_tag","embeddable":true,"href":"https:\/\/ppdegalicia.com\/es\/wp-json\/wp\/v2\/tags?post=69133"}],"curies":[{"name":"wp","href":"https:\/\/api.w.org\/{rel}","templated":true}]}}