{"id":69230,"date":"2025-11-27T12:18:37","date_gmt":"2025-11-27T11:18:37","guid":{"rendered":"https:\/\/ppdegalicia.com\/?p=69230"},"modified":"2025-11-27T12:18:37","modified_gmt":"2025-11-27T11:18:37","slug":"o-ppdeg-amosa-o-apoio-a-demanda-para-que-o-ministerio-de-transportes-abandone-o-estudo-da-nova-variante-de-caldas-e-retome-a-proposta-aprobada-por-unanimidade-nos-concellos-en-2008","status":"publish","type":"post","link":"https:\/\/ppdegalicia.com\/es\/o-ppdeg-amosa-o-apoio-a-demanda-para-que-o-ministerio-de-transportes-abandone-o-estudo-da-nova-variante-de-caldas-e-retome-a-proposta-aprobada-por-unanimidade-nos-concellos-en-2008\/","title":{"rendered":"O PPdeG amosa o apoio \u00e1 demanda para que o Ministerio de Transportes abandone o estudo da nova variante de Caldas e retome a proposta aprobada por unanimidade nos concellos en 2008"},"content":{"rendered":"<p>O portavoz do Grupo Popular, Alberto Pazos, e a secretaria xeral do PPdeG, Paula Prado, reun\u00edronse no Parlamento de Galicia co portavoz do PP de Caldas de Reis, Fernando P\u00e9rez, e representantes das plataformas de Arcos da Condesa, Santa Mar\u00eda e Godos para amosarlles o seu apoio \u00e1 demanda para que o Ministerio de Transportes anule o actual estudo informativo do proxecto da variante oeste de Caldas de Reis e retome o trazado aprobado por unanimidade das forzas pol\u00edticas deste concello e do veci\u00f1o de Portas en 2008.<\/p>\n<p>Alberto Pazos e Paula Prado, acompa\u00f1ados do tam\u00e9n deputado popular Ra\u00fal Santamar\u00eda, rexeitaron que o Goberno de Pedro S\u00e1nchez, co benepl\u00e1cito dos socialistas galegos, pretenda impo\u00f1er un novo trazado da variante de Caldas que causa graves prexu\u00edzos aos veci\u00f1os tanto deste concello como da veci\u00f1a localidade de Portas.<\/p>\n<p><strong>OPOSICI\u00d3N DOS VECI\u00d1OS<\/strong><\/p>\n<p>Deste xeito, amosaron o seu apoio \u00e1 concentraci\u00f3n convocada para o vindeiro s\u00e1bado en Caldas de Reis coa que se pretende trasladar ao Goberno central a oposici\u00f3n dos veci\u00f1os a todas as alternativas da nova proposta da variante oeste. As\u00ed mesmo, anunciaron a presentaci\u00f3n de iniciativas no Parlamento de Galicia solicitando a anulaci\u00f3n inmediata do estudo informativo elaborado polo actual Goberno central e que se elabore unha nova proposta de trazado da variante que adapte aos acordos un\u00e1nimes dos Plenos municipais de Caldas e Portes do ano 2008.<\/p>\n<p>\u201c\u00c9 incomprensible que o Goberno de Pedro S\u00e1nchez faga o\u00eddos xordos a unha demanda da gran maior\u00eda dos cidad\u00e1ns destes concellos, que non entenden os intereses que pode haber para que se desprece o trazado respaldado unanimemente polos Plenos de Caldas de Reis e de Portas en 2008 e que sup\u00f3n unha afecci\u00f3n ao territorio e \u00e1s propiedades moito menor que a nova proposta\u201d, indicou Alberto Pazos.<\/p>\n","protected":false},"excerpt":{"rendered":"<p>O portavoz do Grupo Popular, Alberto Pazos, e a secretaria xeral do PPdeG, Paula Prado, reun\u00edronse no Parlamento de Galicia co portavoz do PP de Caldas de Reis, Fernando P\u00e9rez, e representantes das plataformas de Arcos da Condesa, Santa Mar\u00eda e Godos para amosarlles o seu apoio \u00e1 demanda para que o Ministerio de Transportes [&hellip;]<\/p>\n","protected":false},"author":38,"featured_media":69231,"comment_status":"closed","ping_status":"open","sticky":false,"template":"","format":"standard","meta":{"_acf_changed":false,"footnotes":""},"categories":[1128],"tags":[],"class_list":["post-69230","post","type-post","status-publish","format-standard","has-post-thumbnail","hentry","category-actualidad-parlamento-de-galicia"],"acf":[],"yoast_head":"<!-- This site is optimized with the Yoast SEO plugin v27.3 - https:\/\/yoast.com\/product\/yoast-seo-wordpress\/ -->\n<title>O PPdeG amosa o apoio \u00e1 demanda para que o Ministerio de Transportes abandone o estudo da nova variante de Caldas e retome a proposta aprobada por unanimidade nos concellos en 2008 - PP de Galicia<\/title>\n<meta name=\"description\" content=\"O portavoz do Grupo Popular, Alberto Pazos, e a secretaria xeral do PPdeG, Paula Prado, reun\u00edronse no Parlamento de Galicia co portavoz do PP de Caldas de Reis, Fernando P\u00e9rez, e representantes das plataformas de Arcos da Condesa, Santa Mar\u00eda e Godos para amosarlles o seu apoio \u00e1 demanda para que o Ministerio de Transportes anule o actual estudo informativo do proxecto da variante oeste de Caldas de Reis e retome o trazado aprobado por unanimidade das forzas pol\u00edticas deste concello e do veci\u00f1o de Portas en 2008.\" \/>\n<meta name=\"robots\" content=\"index, follow, max-snippet:-1, max-image-preview:large, max-video-preview:-1\" \/>\n<link rel=\"canonical\" href=\"https:\/\/ppdegalicia.com\/es\/o-ppdeg-amosa-o-apoio-a-demanda-para-que-o-ministerio-de-transportes-abandone-o-estudo-da-nova-variante-de-caldas-e-retome-a-proposta-aprobada-por-unanimidade-nos-concellos-en-2008\/\" \/>\n<meta property=\"og:locale\" content=\"es_ES\" \/>\n<meta property=\"og:type\" content=\"article\" \/>\n<meta property=\"og:title\" content=\"O PPdeG amosa o apoio \u00e1 demanda para que o Ministerio de Transportes abandone o estudo da nova variante de Caldas e retome a proposta aprobada por unanimidade nos concellos en 2008 - PP de Galicia\" \/>\n<meta property=\"og:description\" content=\"O portavoz do Grupo Popular, Alberto Pazos, e a secretaria xeral do PPdeG, Paula Prado, reun\u00edronse no Parlamento de Galicia co portavoz do PP de Caldas de Reis, Fernando P\u00e9rez, e representantes das plataformas de Arcos da Condesa, Santa Mar\u00eda e Godos para amosarlles o seu apoio \u00e1 demanda para que o Ministerio de Transportes anule o actual estudo informativo do proxecto da variante oeste de Caldas de Reis e retome o trazado aprobado por unanimidade das forzas pol\u00edticas deste concello e do veci\u00f1o de Portas en 2008.\" \/>\n<meta property=\"og:url\" content=\"https:\/\/ppdegalicia.com\/es\/o-ppdeg-amosa-o-apoio-a-demanda-para-que-o-ministerio-de-transportes-abandone-o-estudo-da-nova-variante-de-caldas-e-retome-a-proposta-aprobada-por-unanimidade-nos-concellos-en-2008\/\" \/>\n<meta property=\"og:site_name\" content=\"PP de Galicia\" \/>\n<meta property=\"article:publisher\" content=\"https:\/\/www.instagram.com\/ppdegalicia\/\" \/>\n<meta property=\"article:published_time\" content=\"2025-11-27T11:18:37+00:00\" \/>\n<meta property=\"og:image\" content=\"https:\/\/ppdegalicia.com\/wp-content\/uploads\/2025\/11\/20251126_VarianteCaldas-3-scaled.jpg\" \/>\n\t<meta property=\"og:image:width\" content=\"2560\" \/>\n\t<meta property=\"og:image:height\" content=\"1707\" \/>\n\t<meta property=\"og:image:type\" content=\"image\/jpeg\" \/>\n<meta name=\"author\" content=\"ppdegaliciaredes\" \/>\n<meta name=\"twitter:card\" content=\"summary_large_image\" \/>\n<meta name=\"twitter:creator\" content=\"@ppdegalicia\" \/>\n<meta name=\"twitter:site\" content=\"@ppdegalicia\" \/>\n<meta name=\"twitter:label1\" content=\"Escrito por\" \/>\n\t<meta name=\"twitter:data1\" content=\"ppdegaliciaredes\" \/>\n\t<meta name=\"twitter:label2\" content=\"Tiempo de lectura\" \/>\n\t<meta name=\"twitter:data2\" content=\"2 minutos\" \/>\n<script type=\"application\/ld+json\" class=\"yoast-schema-graph\">{\"@context\":\"https:\\\/\\\/schema.org\",\"@graph\":[{\"@type\":\"Article\",\"@id\":\"https:\\\/\\\/ppdegalicia.com\\\/es\\\/o-ppdeg-amosa-o-apoio-a-demanda-para-que-o-ministerio-de-transportes-abandone-o-estudo-da-nova-variante-de-caldas-e-retome-a-proposta-aprobada-por-unanimidade-nos-concellos-en-2008\\\/#article\",\"isPartOf\":{\"@id\":\"https:\\\/\\\/ppdegalicia.com\\\/es\\\/o-ppdeg-amosa-o-apoio-a-demanda-para-que-o-ministerio-de-transportes-abandone-o-estudo-da-nova-variante-de-caldas-e-retome-a-proposta-aprobada-por-unanimidade-nos-concellos-en-2008\\\/\"},\"author\":{\"name\":\"ppdegaliciaredes\",\"@id\":\"https:\\\/\\\/ppdegalicia.com\\\/es\\\/#\\\/schema\\\/person\\\/5b822c6f59e872ebdd1142f307dbcb59\"},\"headline\":\"O PPdeG amosa o apoio \u00e1 demanda para que o Ministerio de Transportes abandone o estudo da nova variante de Caldas e retome a proposta aprobada por unanimidade nos concellos en 2008\",\"datePublished\":\"2025-11-27T11:18:37+00:00\",\"mainEntityOfPage\":{\"@id\":\"https:\\\/\\\/ppdegalicia.com\\\/es\\\/o-ppdeg-amosa-o-apoio-a-demanda-para-que-o-ministerio-de-transportes-abandone-o-estudo-da-nova-variante-de-caldas-e-retome-a-proposta-aprobada-por-unanimidade-nos-concellos-en-2008\\\/\"},\"wordCount\":348,\"publisher\":{\"@id\":\"https:\\\/\\\/ppdegalicia.com\\\/es\\\/#organization\"},\"image\":{\"@id\":\"https:\\\/\\\/ppdegalicia.com\\\/es\\\/o-ppdeg-amosa-o-apoio-a-demanda-para-que-o-ministerio-de-transportes-abandone-o-estudo-da-nova-variante-de-caldas-e-retome-a-proposta-aprobada-por-unanimidade-nos-concellos-en-2008\\\/#primaryimage\"},\"thumbnailUrl\":\"https:\\\/\\\/ppdegalicia.com\\\/wp-content\\\/uploads\\\/2025\\\/11\\\/20251126_VarianteCaldas-3-scaled.jpg\",\"articleSection\":[\"Parlamento de Galicia\"],\"inLanguage\":\"es\"},{\"@type\":\"WebPage\",\"@id\":\"https:\\\/\\\/ppdegalicia.com\\\/es\\\/o-ppdeg-amosa-o-apoio-a-demanda-para-que-o-ministerio-de-transportes-abandone-o-estudo-da-nova-variante-de-caldas-e-retome-a-proposta-aprobada-por-unanimidade-nos-concellos-en-2008\\\/\",\"url\":\"https:\\\/\\\/ppdegalicia.com\\\/es\\\/o-ppdeg-amosa-o-apoio-a-demanda-para-que-o-ministerio-de-transportes-abandone-o-estudo-da-nova-variante-de-caldas-e-retome-a-proposta-aprobada-por-unanimidade-nos-concellos-en-2008\\\/\",\"name\":\"O PPdeG amosa o apoio \u00e1 demanda para que o Ministerio de Transportes abandone o estudo da nova variante de Caldas e retome a proposta aprobada por unanimidade nos concellos en 2008 - PP de Galicia\",\"isPartOf\":{\"@id\":\"https:\\\/\\\/ppdegalicia.com\\\/es\\\/#website\"},\"primaryImageOfPage\":{\"@id\":\"https:\\\/\\\/ppdegalicia.com\\\/es\\\/o-ppdeg-amosa-o-apoio-a-demanda-para-que-o-ministerio-de-transportes-abandone-o-estudo-da-nova-variante-de-caldas-e-retome-a-proposta-aprobada-por-unanimidade-nos-concellos-en-2008\\\/#primaryimage\"},\"image\":{\"@id\":\"https:\\\/\\\/ppdegalicia.com\\\/es\\\/o-ppdeg-amosa-o-apoio-a-demanda-para-que-o-ministerio-de-transportes-abandone-o-estudo-da-nova-variante-de-caldas-e-retome-a-proposta-aprobada-por-unanimidade-nos-concellos-en-2008\\\/#primaryimage\"},\"thumbnailUrl\":\"https:\\\/\\\/ppdegalicia.com\\\/wp-content\\\/uploads\\\/2025\\\/11\\\/20251126_VarianteCaldas-3-scaled.jpg\",\"datePublished\":\"2025-11-27T11:18:37+00:00\",\"description\":\"O portavoz do Grupo Popular, Alberto Pazos, e a secretaria xeral do PPdeG, Paula Prado, reun\u00edronse no Parlamento de Galicia co portavoz do PP de Caldas de Reis, Fernando P\u00e9rez, e representantes das plataformas de Arcos da Condesa, Santa Mar\u00eda e Godos para amosarlles o seu apoio \u00e1 demanda para que o Ministerio de Transportes anule o actual estudo informativo do proxecto da variante oeste de Caldas de Reis e retome o trazado aprobado por unanimidade das forzas pol\u00edticas deste concello e do veci\u00f1o de Portas en 2008.\",\"breadcrumb\":{\"@id\":\"https:\\\/\\\/ppdegalicia.com\\\/es\\\/o-ppdeg-amosa-o-apoio-a-demanda-para-que-o-ministerio-de-transportes-abandone-o-estudo-da-nova-variante-de-caldas-e-retome-a-proposta-aprobada-por-unanimidade-nos-concellos-en-2008\\\/#breadcrumb\"},\"inLanguage\":\"es\",\"potentialAction\":[{\"@type\":\"ReadAction\",\"target\":[\"https:\\\/\\\/ppdegalicia.com\\\/es\\\/o-ppdeg-amosa-o-apoio-a-demanda-para-que-o-ministerio-de-transportes-abandone-o-estudo-da-nova-variante-de-caldas-e-retome-a-proposta-aprobada-por-unanimidade-nos-concellos-en-2008\\\/\"]}]},{\"@type\":\"ImageObject\",\"inLanguage\":\"es\",\"@id\":\"https:\\\/\\\/ppdegalicia.com\\\/es\\\/o-ppdeg-amosa-o-apoio-a-demanda-para-que-o-ministerio-de-transportes-abandone-o-estudo-da-nova-variante-de-caldas-e-retome-a-proposta-aprobada-por-unanimidade-nos-concellos-en-2008\\\/#primaryimage\",\"url\":\"https:\\\/\\\/ppdegalicia.com\\\/wp-content\\\/uploads\\\/2025\\\/11\\\/20251126_VarianteCaldas-3-scaled.jpg\",\"contentUrl\":\"https:\\\/\\\/ppdegalicia.com\\\/wp-content\\\/uploads\\\/2025\\\/11\\\/20251126_VarianteCaldas-3-scaled.jpg\",\"width\":2560,\"height\":1707},{\"@type\":\"BreadcrumbList\",\"@id\":\"https:\\\/\\\/ppdegalicia.com\\\/es\\\/o-ppdeg-amosa-o-apoio-a-demanda-para-que-o-ministerio-de-transportes-abandone-o-estudo-da-nova-variante-de-caldas-e-retome-a-proposta-aprobada-por-unanimidade-nos-concellos-en-2008\\\/#breadcrumb\",\"itemListElement\":[{\"@type\":\"ListItem\",\"position\":1,\"name\":\"Portada\",\"item\":\"https:\\\/\\\/ppdegalicia.com\\\/es\\\/\"},{\"@type\":\"ListItem\",\"position\":2,\"name\":\"O PPdeG amosa o apoio \u00e1 demanda para que o Ministerio de Transportes abandone o estudo da nova variante de Caldas e retome a proposta aprobada por unanimidade nos concellos en 2008\"}]},{\"@type\":\"WebSite\",\"@id\":\"https:\\\/\\\/ppdegalicia.com\\\/es\\\/#website\",\"url\":\"https:\\\/\\\/ppdegalicia.com\\\/es\\\/\",\"name\":\"Partido Popular de Galicia\",\"description\":\"Partido Popular de Galicia\",\"publisher\":{\"@id\":\"https:\\\/\\\/ppdegalicia.com\\\/es\\\/#organization\"},\"alternateName\":\"PP de Galicia\",\"potentialAction\":[{\"@type\":\"SearchAction\",\"target\":{\"@type\":\"EntryPoint\",\"urlTemplate\":\"https:\\\/\\\/ppdegalicia.com\\\/es\\\/?s={search_term_string}\"},\"query-input\":{\"@type\":\"PropertyValueSpecification\",\"valueRequired\":true,\"valueName\":\"search_term_string\"}}],\"inLanguage\":\"es\"},{\"@type\":\"Organization\",\"@id\":\"https:\\\/\\\/ppdegalicia.com\\\/es\\\/#organization\",\"name\":\"Partido Popular de Galicia\",\"alternateName\":\"PP de Galicia\",\"url\":\"https:\\\/\\\/ppdegalicia.com\\\/es\\\/\",\"logo\":{\"@type\":\"ImageObject\",\"inLanguage\":\"es\",\"@id\":\"https:\\\/\\\/ppdegalicia.com\\\/es\\\/#\\\/schema\\\/logo\\\/image\\\/\",\"url\":\"https:\\\/\\\/ppdegalicia.com\\\/wp-content\\\/uploads\\\/2023\\\/04\\\/logoPP512.png\",\"contentUrl\":\"https:\\\/\\\/ppdegalicia.com\\\/wp-content\\\/uploads\\\/2023\\\/04\\\/logoPP512.png\",\"width\":512,\"height\":512,\"caption\":\"Partido Popular de Galicia\"},\"image\":{\"@id\":\"https:\\\/\\\/ppdegalicia.com\\\/es\\\/#\\\/schema\\\/logo\\\/image\\\/\"},\"sameAs\":[\"https:\\\/\\\/www.instagram.com\\\/ppdegalicia\\\/\",\"https:\\\/\\\/x.com\\\/ppdegalicia\",\"https:\\\/\\\/www.tiktok.com\\\/@ppdegalicia\",\"https:\\\/\\\/www.youtube.com\\\/user\\\/ppdegalicia\"]},{\"@type\":\"Person\",\"@id\":\"https:\\\/\\\/ppdegalicia.com\\\/es\\\/#\\\/schema\\\/person\\\/5b822c6f59e872ebdd1142f307dbcb59\",\"name\":\"ppdegaliciaredes\",\"image\":{\"@type\":\"ImageObject\",\"inLanguage\":\"es\",\"@id\":\"https:\\\/\\\/secure.gravatar.com\\\/avatar\\\/3c9179cf0256d00c72a48d1f25783c58b6842cd56e85ef3a572881c8e28ccd59?s=96&d=mm&r=g\",\"url\":\"https:\\\/\\\/secure.gravatar.com\\\/avatar\\\/3c9179cf0256d00c72a48d1f25783c58b6842cd56e85ef3a572881c8e28ccd59?s=96&d=mm&r=g\",\"contentUrl\":\"https:\\\/\\\/secure.gravatar.com\\\/avatar\\\/3c9179cf0256d00c72a48d1f25783c58b6842cd56e85ef3a572881c8e28ccd59?s=96&d=mm&r=g\",\"caption\":\"ppdegaliciaredes\"},\"url\":\"https:\\\/\\\/ppdegalicia.com\\\/es\\\/author\\\/ppdegaliciaredes\\\/\"}]}<\/script>\n<!-- \/ Yoast SEO plugin. -->","yoast_head_json":{"title":"O PPdeG amosa o apoio \u00e1 demanda para que o Ministerio de Transportes abandone o estudo da nova variante de Caldas e retome a proposta aprobada por unanimidade nos concellos en 2008 - PP de Galicia","description":"O portavoz do Grupo Popular, Alberto Pazos, e a secretaria xeral do PPdeG, Paula Prado, reun\u00edronse no Parlamento de Galicia co portavoz do PP de Caldas de Reis, Fernando P\u00e9rez, e representantes das plataformas de Arcos da Condesa, Santa Mar\u00eda e Godos para amosarlles o seu apoio \u00e1 demanda para que o Ministerio de Transportes anule o actual estudo informativo do proxecto da variante oeste de Caldas de Reis e retome o trazado aprobado por unanimidade das forzas pol\u00edticas deste concello e do veci\u00f1o de Portas en 2008.","robots":{"index":"index","follow":"follow","max-snippet":"max-snippet:-1","max-image-preview":"max-image-preview:large","max-video-preview":"max-video-preview:-1"},"canonical":"https:\/\/ppdegalicia.com\/es\/o-ppdeg-amosa-o-apoio-a-demanda-para-que-o-ministerio-de-transportes-abandone-o-estudo-da-nova-variante-de-caldas-e-retome-a-proposta-aprobada-por-unanimidade-nos-concellos-en-2008\/","og_locale":"es_ES","og_type":"article","og_title":"O PPdeG amosa o apoio \u00e1 demanda para que o Ministerio de Transportes abandone o estudo da nova variante de Caldas e retome a proposta aprobada por unanimidade nos concellos en 2008 - PP de Galicia","og_description":"O portavoz do Grupo Popular, Alberto Pazos, e a secretaria xeral do PPdeG, Paula Prado, reun\u00edronse no Parlamento de Galicia co portavoz do PP de Caldas de Reis, Fernando P\u00e9rez, e representantes das plataformas de Arcos da Condesa, Santa Mar\u00eda e Godos para amosarlles o seu apoio \u00e1 demanda para que o Ministerio de Transportes anule o actual estudo informativo do proxecto da variante oeste de Caldas de Reis e retome o trazado aprobado por unanimidade das forzas pol\u00edticas deste concello e do veci\u00f1o de Portas en 2008.","og_url":"https:\/\/ppdegalicia.com\/es\/o-ppdeg-amosa-o-apoio-a-demanda-para-que-o-ministerio-de-transportes-abandone-o-estudo-da-nova-variante-de-caldas-e-retome-a-proposta-aprobada-por-unanimidade-nos-concellos-en-2008\/","og_site_name":"PP de Galicia","article_publisher":"https:\/\/www.instagram.com\/ppdegalicia\/","article_published_time":"2025-11-27T11:18:37+00:00","og_image":[{"width":2560,"height":1707,"url":"https:\/\/ppdegalicia.com\/wp-content\/uploads\/2025\/11\/20251126_VarianteCaldas-3-scaled.jpg","type":"image\/jpeg"}],"author":"ppdegaliciaredes","twitter_card":"summary_large_image","twitter_creator":"@ppdegalicia","twitter_site":"@ppdegalicia","twitter_misc":{"Escrito por":"ppdegaliciaredes","Tiempo de lectura":"2 minutos"},"schema":{"@context":"https:\/\/schema.org","@graph":[{"@type":"Article","@id":"https:\/\/ppdegalicia.com\/es\/o-ppdeg-amosa-o-apoio-a-demanda-para-que-o-ministerio-de-transportes-abandone-o-estudo-da-nova-variante-de-caldas-e-retome-a-proposta-aprobada-por-unanimidade-nos-concellos-en-2008\/#article","isPartOf":{"@id":"https:\/\/ppdegalicia.com\/es\/o-ppdeg-amosa-o-apoio-a-demanda-para-que-o-ministerio-de-transportes-abandone-o-estudo-da-nova-variante-de-caldas-e-retome-a-proposta-aprobada-por-unanimidade-nos-concellos-en-2008\/"},"author":{"name":"ppdegaliciaredes","@id":"https:\/\/ppdegalicia.com\/es\/#\/schema\/person\/5b822c6f59e872ebdd1142f307dbcb59"},"headline":"O PPdeG amosa o apoio \u00e1 demanda para que o Ministerio de Transportes abandone o estudo da nova variante de Caldas e retome a proposta aprobada por unanimidade nos concellos en 2008","datePublished":"2025-11-27T11:18:37+00:00","mainEntityOfPage":{"@id":"https:\/\/ppdegalicia.com\/es\/o-ppdeg-amosa-o-apoio-a-demanda-para-que-o-ministerio-de-transportes-abandone-o-estudo-da-nova-variante-de-caldas-e-retome-a-proposta-aprobada-por-unanimidade-nos-concellos-en-2008\/"},"wordCount":348,"publisher":{"@id":"https:\/\/ppdegalicia.com\/es\/#organization"},"image":{"@id":"https:\/\/ppdegalicia.com\/es\/o-ppdeg-amosa-o-apoio-a-demanda-para-que-o-ministerio-de-transportes-abandone-o-estudo-da-nova-variante-de-caldas-e-retome-a-proposta-aprobada-por-unanimidade-nos-concellos-en-2008\/#primaryimage"},"thumbnailUrl":"https:\/\/ppdegalicia.com\/wp-content\/uploads\/2025\/11\/20251126_VarianteCaldas-3-scaled.jpg","articleSection":["Parlamento de Galicia"],"inLanguage":"es"},{"@type":"WebPage","@id":"https:\/\/ppdegalicia.com\/es\/o-ppdeg-amosa-o-apoio-a-demanda-para-que-o-ministerio-de-transportes-abandone-o-estudo-da-nova-variante-de-caldas-e-retome-a-proposta-aprobada-por-unanimidade-nos-concellos-en-2008\/","url":"https:\/\/ppdegalicia.com\/es\/o-ppdeg-amosa-o-apoio-a-demanda-para-que-o-ministerio-de-transportes-abandone-o-estudo-da-nova-variante-de-caldas-e-retome-a-proposta-aprobada-por-unanimidade-nos-concellos-en-2008\/","name":"O PPdeG amosa o apoio \u00e1 demanda para que o Ministerio de Transportes abandone o estudo da nova variante de Caldas e retome a proposta aprobada por unanimidade nos concellos en 2008 - PP de Galicia","isPartOf":{"@id":"https:\/\/ppdegalicia.com\/es\/#website"},"primaryImageOfPage":{"@id":"https:\/\/ppdegalicia.com\/es\/o-ppdeg-amosa-o-apoio-a-demanda-para-que-o-ministerio-de-transportes-abandone-o-estudo-da-nova-variante-de-caldas-e-retome-a-proposta-aprobada-por-unanimidade-nos-concellos-en-2008\/#primaryimage"},"image":{"@id":"https:\/\/ppdegalicia.com\/es\/o-ppdeg-amosa-o-apoio-a-demanda-para-que-o-ministerio-de-transportes-abandone-o-estudo-da-nova-variante-de-caldas-e-retome-a-proposta-aprobada-por-unanimidade-nos-concellos-en-2008\/#primaryimage"},"thumbnailUrl":"https:\/\/ppdegalicia.com\/wp-content\/uploads\/2025\/11\/20251126_VarianteCaldas-3-scaled.jpg","datePublished":"2025-11-27T11:18:37+00:00","description":"O portavoz do Grupo Popular, Alberto Pazos, e a secretaria xeral do PPdeG, Paula Prado, reun\u00edronse no Parlamento de Galicia co portavoz do PP de Caldas de Reis, Fernando P\u00e9rez, e representantes das plataformas de Arcos da Condesa, Santa Mar\u00eda e Godos para amosarlles o seu apoio \u00e1 demanda para que o Ministerio de Transportes anule o actual estudo informativo do proxecto da variante oeste de Caldas de Reis e retome o trazado aprobado por unanimidade das forzas pol\u00edticas deste concello e do veci\u00f1o de Portas en 2008.","breadcrumb":{"@id":"https:\/\/ppdegalicia.com\/es\/o-ppdeg-amosa-o-apoio-a-demanda-para-que-o-ministerio-de-transportes-abandone-o-estudo-da-nova-variante-de-caldas-e-retome-a-proposta-aprobada-por-unanimidade-nos-concellos-en-2008\/#breadcrumb"},"inLanguage":"es","potentialAction":[{"@type":"ReadAction","target":["https:\/\/ppdegalicia.com\/es\/o-ppdeg-amosa-o-apoio-a-demanda-para-que-o-ministerio-de-transportes-abandone-o-estudo-da-nova-variante-de-caldas-e-retome-a-proposta-aprobada-por-unanimidade-nos-concellos-en-2008\/"]}]},{"@type":"ImageObject","inLanguage":"es","@id":"https:\/\/ppdegalicia.com\/es\/o-ppdeg-amosa-o-apoio-a-demanda-para-que-o-ministerio-de-transportes-abandone-o-estudo-da-nova-variante-de-caldas-e-retome-a-proposta-aprobada-por-unanimidade-nos-concellos-en-2008\/#primaryimage","url":"https:\/\/ppdegalicia.com\/wp-content\/uploads\/2025\/11\/20251126_VarianteCaldas-3-scaled.jpg","contentUrl":"https:\/\/ppdegalicia.com\/wp-content\/uploads\/2025\/11\/20251126_VarianteCaldas-3-scaled.jpg","width":2560,"height":1707},{"@type":"BreadcrumbList","@id":"https:\/\/ppdegalicia.com\/es\/o-ppdeg-amosa-o-apoio-a-demanda-para-que-o-ministerio-de-transportes-abandone-o-estudo-da-nova-variante-de-caldas-e-retome-a-proposta-aprobada-por-unanimidade-nos-concellos-en-2008\/#breadcrumb","itemListElement":[{"@type":"ListItem","position":1,"name":"Portada","item":"https:\/\/ppdegalicia.com\/es\/"},{"@type":"ListItem","position":2,"name":"O PPdeG amosa o apoio \u00e1 demanda para que o Ministerio de Transportes abandone o estudo da nova variante de Caldas e retome a proposta aprobada por unanimidade nos concellos en 2008"}]},{"@type":"WebSite","@id":"https:\/\/ppdegalicia.com\/es\/#website","url":"https:\/\/ppdegalicia.com\/es\/","name":"Partido Popular de Galicia","description":"Partido Popular de Galicia","publisher":{"@id":"https:\/\/ppdegalicia.com\/es\/#organization"},"alternateName":"PP de Galicia","potentialAction":[{"@type":"SearchAction","target":{"@type":"EntryPoint","urlTemplate":"https:\/\/ppdegalicia.com\/es\/?s={search_term_string}"},"query-input":{"@type":"PropertyValueSpecification","valueRequired":true,"valueName":"search_term_string"}}],"inLanguage":"es"},{"@type":"Organization","@id":"https:\/\/ppdegalicia.com\/es\/#organization","name":"Partido Popular de Galicia","alternateName":"PP de Galicia","url":"https:\/\/ppdegalicia.com\/es\/","logo":{"@type":"ImageObject","inLanguage":"es","@id":"https:\/\/ppdegalicia.com\/es\/#\/schema\/logo\/image\/","url":"https:\/\/ppdegalicia.com\/wp-content\/uploads\/2023\/04\/logoPP512.png","contentUrl":"https:\/\/ppdegalicia.com\/wp-content\/uploads\/2023\/04\/logoPP512.png","width":512,"height":512,"caption":"Partido Popular de Galicia"},"image":{"@id":"https:\/\/ppdegalicia.com\/es\/#\/schema\/logo\/image\/"},"sameAs":["https:\/\/www.instagram.com\/ppdegalicia\/","https:\/\/x.com\/ppdegalicia","https:\/\/www.tiktok.com\/@ppdegalicia","https:\/\/www.youtube.com\/user\/ppdegalicia"]},{"@type":"Person","@id":"https:\/\/ppdegalicia.com\/es\/#\/schema\/person\/5b822c6f59e872ebdd1142f307dbcb59","name":"ppdegaliciaredes","image":{"@type":"ImageObject","inLanguage":"es","@id":"https:\/\/secure.gravatar.com\/avatar\/3c9179cf0256d00c72a48d1f25783c58b6842cd56e85ef3a572881c8e28ccd59?s=96&d=mm&r=g","url":"https:\/\/secure.gravatar.com\/avatar\/3c9179cf0256d00c72a48d1f25783c58b6842cd56e85ef3a572881c8e28ccd59?s=96&d=mm&r=g","contentUrl":"https:\/\/secure.gravatar.com\/avatar\/3c9179cf0256d00c72a48d1f25783c58b6842cd56e85ef3a572881c8e28ccd59?s=96&d=mm&r=g","caption":"ppdegaliciaredes"},"url":"https:\/\/ppdegalicia.com\/es\/author\/ppdegaliciaredes\/"}]}},"_links":{"self":[{"href":"https:\/\/ppdegalicia.com\/es\/wp-json\/wp\/v2\/posts\/69230","targetHints":{"allow":["GET"]}}],"collection":[{"href":"https:\/\/ppdegalicia.com\/es\/wp-json\/wp\/v2\/posts"}],"about":[{"href":"https:\/\/ppdegalicia.com\/es\/wp-json\/wp\/v2\/types\/post"}],"author":[{"embeddable":true,"href":"https:\/\/ppdegalicia.com\/es\/wp-json\/wp\/v2\/users\/38"}],"replies":[{"embeddable":true,"href":"https:\/\/ppdegalicia.com\/es\/wp-json\/wp\/v2\/comments?post=69230"}],"version-history":[{"count":1,"href":"https:\/\/ppdegalicia.com\/es\/wp-json\/wp\/v2\/posts\/69230\/revisions"}],"predecessor-version":[{"id":69233,"href":"https:\/\/ppdegalicia.com\/es\/wp-json\/wp\/v2\/posts\/69230\/revisions\/69233"}],"wp:featuredmedia":[{"embeddable":true,"href":"https:\/\/ppdegalicia.com\/es\/wp-json\/wp\/v2\/media\/69231"}],"wp:attachment":[{"href":"https:\/\/ppdegalicia.com\/es\/wp-json\/wp\/v2\/media?parent=69230"}],"wp:term":[{"taxonomy":"category","embeddable":true,"href":"https:\/\/ppdegalicia.com\/es\/wp-json\/wp\/v2\/categories?post=69230"},{"taxonomy":"post_tag","embeddable":true,"href":"https:\/\/ppdegalicia.com\/es\/wp-json\/wp\/v2\/tags?post=69230"}],"curies":[{"name":"wp","href":"https:\/\/api.w.org\/{rel}","templated":true}]}}