{"id":69234,"date":"2025-11-27T12:57:54","date_gmt":"2025-11-27T11:57:54","guid":{"rendered":"https:\/\/ppdegalicia.com\/?p=69234"},"modified":"2025-11-27T12:57:54","modified_gmt":"2025-11-27T11:57:54","slug":"o-ppdeg-demanda-ao-goberno-de-sanchez-a-baixada-do-ive-dos-alimentos-basicos-para-aliviar-o-afogamento-economico-que-sofren-as-familias","status":"publish","type":"post","link":"https:\/\/ppdegalicia.com\/es\/o-ppdeg-demanda-ao-goberno-de-sanchez-a-baixada-do-ive-dos-alimentos-basicos-para-aliviar-o-afogamento-economico-que-sofren-as-familias\/","title":{"rendered":"O PPdeG demanda ao Goberno de S\u00e1nchez a baixada do IVE dos alimentos b\u00e1sicos para \u201caliviar o afogamento econ\u00f3mico que sofren as familias\u201d"},"content":{"rendered":"<p style=\"font-weight: 400;\">O Partido Popular de Galicia demanda ao Goberno de S\u00e1nchez que cumpra o mandato de rebaixar o IVE aos alimentos b\u00e1sicos, tal e como lle te\u00f1en demandado tanto o Parlamento galego como o Congreso, para as\u00ed \u201caliviar o afogamento econ\u00f3mico que sofren as familias ante a suba de prezos\u201d.<\/p>\n<p style=\"font-weight: 400;\">\u201cNon se entende que o Goberno central que m\u00e1is impostos recada da historia siga afogando as econom\u00edas dom\u00e9sticas cando o que estas precisan \u00e9 m\u00e1is apoio, m\u00e1is certezas e m\u00e1is seguridade\u201d, denuncia neste sentido a secretaria xeral Paula Prado fac\u00e9ndose eco dunha situaci\u00f3n econ\u00f3mica na que \u201cos prezos seguen subindo pero o poder adquisitivo non se recupera\u201d.<\/p>\n<p style=\"font-weight: 400;\">A n\u00famero dous dos populares galegos fixo estas declaraci\u00f3ns aos medios esta ma\u00f1\u00e1 en Padr\u00f3n logo de visitar diversos negocios da localidade xunto ao portavoz local do PP e deputado auton\u00f3mico, \u00c1ngel Rodr\u00edguez Conde. Unha visita na que puideron comprobar de primeira man como o sector comercial reclama medidas que fomenten o consumo.<\/p>\n<p style=\"font-weight: 400;\">Medidas, como, por exemplo, o \u201cexitoso\u201d Bono Peixe posto en marcha polo Goberno de Alfonso Rueda e que contrastan coa \u201cinacci\u00f3n\u201d dun Pedro S\u00e1nchez que \u201csegue sen facer caso\u201d \u00e1 iniciativa promovida polo PP para rebaixar o IVE dos produtos b\u00e1sicos e que xa foi aprobada tanto no Parlamento galego como no Congreso.<\/p>\n<p style=\"font-weight: 400;\">Paula Prado subli\u00f1a que desde o seu partido seguir\u00e1n insistindo desde todas as frontes ata conseguir esta rebaixa. \u201cXa bastante complicado est\u00e1 todo como para que nolo sigan po\u00f1endo cada vez m\u00e1is dif\u00edcil a negocios e clientes\u201d, sost\u00e9n.<\/p>\n<p style=\"font-weight: 400;\">\u201cEst\u00e1 claro que as preocupaci\u00f3ns de S\u00e1nchez son outras\u201d, conclu\u00edu a este respecto a secretaria xeral facendo referencia \u00e1 reuni\u00f3n secreta do presidente con Arnaldo Otegi para negociar a moci\u00f3n de censura ao Goberno de Mariano Rajoy e afe\u00e1ndolle que \u201cte\u00f1a tempo para os seus \u2018chanchullos\u2019 e non para o esencial\u201d.<\/p>\n<p style=\"font-weight: 400;\">En clave local, Prado lamentou as\u00ed mesmo que o alcalde socialista de Padr\u00f3n \u00abnon se desmarque de S\u00e1nchez e do seu partido\u00bb, algo que \u00abtrae nefastas consecuencias aos veci\u00f1os e veci\u00f1as desta vila\u00bb. Ao mesmo tempo, puxo en valor o labor de \u00c1ngel Rodr\u00edguez Conde e o grupo municipal do PP, que a partir de 2027 \u00abvolver\u00e1n liderar o concello e deixar\u00e1n atr\u00e1s o actual desgoberno\u00bb.<\/p>\n<p style=\"font-weight: 400;\"><strong><u>A NECESIDADE DE APOIO AO COMERCIO LOCAL<\/u><\/strong><\/p>\n<p style=\"font-weight: 400;\">Pola s\u00faa banda, Rodr\u00edguez Conde quixo po\u00f1er en valor o esforzo que d\u00eda a d\u00eda fan os establecementos do pequeno comercio local e os aut\u00f3nomos para \u201cconseguir levar adiante a s\u00faa actividade\u201d. Un esforzo que se ten que ver correspondido, na s\u00faa opini\u00f3n, por administraci\u00f3ns que \u201cescoiten as s\u00faas necesidades e inquedanzas\u201d.<\/p>\n<p style=\"font-weight: 400;\">O portavoz do PP de Padr\u00f3n recordou as\u00ed que o seu partido leva tempo presentando iniciativas no Pleno municipal para demandar ao Concello que tome medidas para fomentar o consumo no pequeno comercio.<\/p>\n","protected":false},"excerpt":{"rendered":"<p>O Partido Popular de Galicia demanda ao Goberno de S\u00e1nchez que cumpra o mandato de rebaixar o IVE aos alimentos b\u00e1sicos, tal e como lle te\u00f1en demandado tanto o Parlamento galego como o Congreso, para as\u00ed \u201caliviar o afogamento econ\u00f3mico que sofren as familias ante a suba de prezos\u201d. \u201cNon se entende que o Goberno [&hellip;]<\/p>\n","protected":false},"author":38,"featured_media":69235,"comment_status":"closed","ping_status":"open","sticky":false,"template":"","format":"standard","meta":{"_acf_changed":false,"footnotes":""},"categories":[1],"tags":[],"class_list":["post-69234","post","type-post","status-publish","format-standard","has-post-thumbnail","hentry","category-pp-de-galicia"],"acf":[],"yoast_head":"<!-- This site is optimized with the Yoast SEO plugin v27.3 - https:\/\/yoast.com\/product\/yoast-seo-wordpress\/ -->\n<title>O PPdeG demanda ao Goberno de S\u00e1nchez a baixada do IVE dos alimentos b\u00e1sicos para \u201caliviar o afogamento econ\u00f3mico que sofren as familias\u201d - PP de Galicia<\/title>\n<meta name=\"description\" content=\"O Partido Popular de Galicia demanda ao Goberno de S\u00e1nchez que cumpra o mandato de rebaixar o IVE aos alimentos b\u00e1sicos, tal e como lle te\u00f1en demandado tanto o Parlamento galego como o Congreso, para as\u00ed \u201caliviar o afogamento econ\u00f3mico que sofren as familias ante a suba de prezos\u201d.\" \/>\n<meta name=\"robots\" content=\"index, follow, max-snippet:-1, max-image-preview:large, max-video-preview:-1\" \/>\n<link rel=\"canonical\" href=\"https:\/\/ppdegalicia.com\/es\/o-ppdeg-demanda-ao-goberno-de-sanchez-a-baixada-do-ive-dos-alimentos-basicos-para-aliviar-o-afogamento-economico-que-sofren-as-familias\/\" \/>\n<meta property=\"og:locale\" content=\"es_ES\" \/>\n<meta property=\"og:type\" content=\"article\" \/>\n<meta property=\"og:title\" content=\"O PPdeG demanda ao Goberno de S\u00e1nchez a baixada do IVE dos alimentos b\u00e1sicos para \u201caliviar o afogamento econ\u00f3mico que sofren as familias\u201d - PP de Galicia\" \/>\n<meta property=\"og:description\" content=\"O Partido Popular de Galicia demanda ao Goberno de S\u00e1nchez que cumpra o mandato de rebaixar o IVE aos alimentos b\u00e1sicos, tal e como lle te\u00f1en demandado tanto o Parlamento galego como o Congreso, para as\u00ed \u201caliviar o afogamento econ\u00f3mico que sofren as familias ante a suba de prezos\u201d.\" \/>\n<meta property=\"og:url\" content=\"https:\/\/ppdegalicia.com\/es\/o-ppdeg-demanda-ao-goberno-de-sanchez-a-baixada-do-ive-dos-alimentos-basicos-para-aliviar-o-afogamento-economico-que-sofren-as-familias\/\" \/>\n<meta property=\"og:site_name\" content=\"PP de Galicia\" \/>\n<meta property=\"article:publisher\" content=\"https:\/\/www.instagram.com\/ppdegalicia\/\" \/>\n<meta property=\"article:published_time\" content=\"2025-11-27T11:57:54+00:00\" \/>\n<meta property=\"og:image\" content=\"https:\/\/ppdegalicia.com\/wp-content\/uploads\/2025\/11\/20251127_PPrado_Padron_2-scaled.jpg\" \/>\n\t<meta property=\"og:image:width\" content=\"2560\" \/>\n\t<meta property=\"og:image:height\" content=\"1707\" \/>\n\t<meta property=\"og:image:type\" content=\"image\/jpeg\" \/>\n<meta name=\"author\" content=\"ppdegaliciaredes\" \/>\n<meta name=\"twitter:card\" content=\"summary_large_image\" \/>\n<meta name=\"twitter:creator\" content=\"@ppdegalicia\" \/>\n<meta name=\"twitter:site\" content=\"@ppdegalicia\" \/>\n<meta name=\"twitter:label1\" content=\"Escrito por\" \/>\n\t<meta name=\"twitter:data1\" content=\"ppdegaliciaredes\" \/>\n\t<meta name=\"twitter:label2\" content=\"Tiempo de lectura\" \/>\n\t<meta name=\"twitter:data2\" content=\"3 minutos\" \/>\n<script type=\"application\/ld+json\" class=\"yoast-schema-graph\">{\"@context\":\"https:\\\/\\\/schema.org\",\"@graph\":[{\"@type\":\"Article\",\"@id\":\"https:\\\/\\\/ppdegalicia.com\\\/es\\\/o-ppdeg-demanda-ao-goberno-de-sanchez-a-baixada-do-ive-dos-alimentos-basicos-para-aliviar-o-afogamento-economico-que-sofren-as-familias\\\/#article\",\"isPartOf\":{\"@id\":\"https:\\\/\\\/ppdegalicia.com\\\/es\\\/o-ppdeg-demanda-ao-goberno-de-sanchez-a-baixada-do-ive-dos-alimentos-basicos-para-aliviar-o-afogamento-economico-que-sofren-as-familias\\\/\"},\"author\":{\"name\":\"ppdegaliciaredes\",\"@id\":\"https:\\\/\\\/ppdegalicia.com\\\/es\\\/#\\\/schema\\\/person\\\/5b822c6f59e872ebdd1142f307dbcb59\"},\"headline\":\"O PPdeG demanda ao Goberno de S\u00e1nchez a baixada do IVE dos alimentos b\u00e1sicos para \u201caliviar o afogamento econ\u00f3mico que sofren as familias\u201d\",\"datePublished\":\"2025-11-27T11:57:54+00:00\",\"mainEntityOfPage\":{\"@id\":\"https:\\\/\\\/ppdegalicia.com\\\/es\\\/o-ppdeg-demanda-ao-goberno-de-sanchez-a-baixada-do-ive-dos-alimentos-basicos-para-aliviar-o-afogamento-economico-que-sofren-as-familias\\\/\"},\"wordCount\":535,\"publisher\":{\"@id\":\"https:\\\/\\\/ppdegalicia.com\\\/es\\\/#organization\"},\"image\":{\"@id\":\"https:\\\/\\\/ppdegalicia.com\\\/es\\\/o-ppdeg-demanda-ao-goberno-de-sanchez-a-baixada-do-ive-dos-alimentos-basicos-para-aliviar-o-afogamento-economico-que-sofren-as-familias\\\/#primaryimage\"},\"thumbnailUrl\":\"https:\\\/\\\/ppdegalicia.com\\\/wp-content\\\/uploads\\\/2025\\\/11\\\/20251127_PPrado_Padron_2-scaled.jpg\",\"articleSection\":[\"PP de Galicia\"],\"inLanguage\":\"es\"},{\"@type\":\"WebPage\",\"@id\":\"https:\\\/\\\/ppdegalicia.com\\\/es\\\/o-ppdeg-demanda-ao-goberno-de-sanchez-a-baixada-do-ive-dos-alimentos-basicos-para-aliviar-o-afogamento-economico-que-sofren-as-familias\\\/\",\"url\":\"https:\\\/\\\/ppdegalicia.com\\\/es\\\/o-ppdeg-demanda-ao-goberno-de-sanchez-a-baixada-do-ive-dos-alimentos-basicos-para-aliviar-o-afogamento-economico-que-sofren-as-familias\\\/\",\"name\":\"O PPdeG demanda ao Goberno de S\u00e1nchez a baixada do IVE dos alimentos b\u00e1sicos para \u201caliviar o afogamento econ\u00f3mico que sofren as familias\u201d - PP de Galicia\",\"isPartOf\":{\"@id\":\"https:\\\/\\\/ppdegalicia.com\\\/es\\\/#website\"},\"primaryImageOfPage\":{\"@id\":\"https:\\\/\\\/ppdegalicia.com\\\/es\\\/o-ppdeg-demanda-ao-goberno-de-sanchez-a-baixada-do-ive-dos-alimentos-basicos-para-aliviar-o-afogamento-economico-que-sofren-as-familias\\\/#primaryimage\"},\"image\":{\"@id\":\"https:\\\/\\\/ppdegalicia.com\\\/es\\\/o-ppdeg-demanda-ao-goberno-de-sanchez-a-baixada-do-ive-dos-alimentos-basicos-para-aliviar-o-afogamento-economico-que-sofren-as-familias\\\/#primaryimage\"},\"thumbnailUrl\":\"https:\\\/\\\/ppdegalicia.com\\\/wp-content\\\/uploads\\\/2025\\\/11\\\/20251127_PPrado_Padron_2-scaled.jpg\",\"datePublished\":\"2025-11-27T11:57:54+00:00\",\"description\":\"O Partido Popular de Galicia demanda ao Goberno de S\u00e1nchez que cumpra o mandato de rebaixar o IVE aos alimentos b\u00e1sicos, tal e como lle te\u00f1en demandado tanto o Parlamento galego como o Congreso, para as\u00ed \u201caliviar o afogamento econ\u00f3mico que sofren as familias ante a suba de prezos\u201d.\",\"breadcrumb\":{\"@id\":\"https:\\\/\\\/ppdegalicia.com\\\/es\\\/o-ppdeg-demanda-ao-goberno-de-sanchez-a-baixada-do-ive-dos-alimentos-basicos-para-aliviar-o-afogamento-economico-que-sofren-as-familias\\\/#breadcrumb\"},\"inLanguage\":\"es\",\"potentialAction\":[{\"@type\":\"ReadAction\",\"target\":[\"https:\\\/\\\/ppdegalicia.com\\\/es\\\/o-ppdeg-demanda-ao-goberno-de-sanchez-a-baixada-do-ive-dos-alimentos-basicos-para-aliviar-o-afogamento-economico-que-sofren-as-familias\\\/\"]}]},{\"@type\":\"ImageObject\",\"inLanguage\":\"es\",\"@id\":\"https:\\\/\\\/ppdegalicia.com\\\/es\\\/o-ppdeg-demanda-ao-goberno-de-sanchez-a-baixada-do-ive-dos-alimentos-basicos-para-aliviar-o-afogamento-economico-que-sofren-as-familias\\\/#primaryimage\",\"url\":\"https:\\\/\\\/ppdegalicia.com\\\/wp-content\\\/uploads\\\/2025\\\/11\\\/20251127_PPrado_Padron_2-scaled.jpg\",\"contentUrl\":\"https:\\\/\\\/ppdegalicia.com\\\/wp-content\\\/uploads\\\/2025\\\/11\\\/20251127_PPrado_Padron_2-scaled.jpg\",\"width\":2560,\"height\":1707},{\"@type\":\"BreadcrumbList\",\"@id\":\"https:\\\/\\\/ppdegalicia.com\\\/es\\\/o-ppdeg-demanda-ao-goberno-de-sanchez-a-baixada-do-ive-dos-alimentos-basicos-para-aliviar-o-afogamento-economico-que-sofren-as-familias\\\/#breadcrumb\",\"itemListElement\":[{\"@type\":\"ListItem\",\"position\":1,\"name\":\"Portada\",\"item\":\"https:\\\/\\\/ppdegalicia.com\\\/es\\\/\"},{\"@type\":\"ListItem\",\"position\":2,\"name\":\"O PPdeG demanda ao Goberno de S\u00e1nchez a baixada do IVE dos alimentos b\u00e1sicos para \u201caliviar o afogamento econ\u00f3mico que sofren as familias\u201d\"}]},{\"@type\":\"WebSite\",\"@id\":\"https:\\\/\\\/ppdegalicia.com\\\/es\\\/#website\",\"url\":\"https:\\\/\\\/ppdegalicia.com\\\/es\\\/\",\"name\":\"Partido Popular de Galicia\",\"description\":\"Partido Popular de Galicia\",\"publisher\":{\"@id\":\"https:\\\/\\\/ppdegalicia.com\\\/es\\\/#organization\"},\"alternateName\":\"PP de Galicia\",\"potentialAction\":[{\"@type\":\"SearchAction\",\"target\":{\"@type\":\"EntryPoint\",\"urlTemplate\":\"https:\\\/\\\/ppdegalicia.com\\\/es\\\/?s={search_term_string}\"},\"query-input\":{\"@type\":\"PropertyValueSpecification\",\"valueRequired\":true,\"valueName\":\"search_term_string\"}}],\"inLanguage\":\"es\"},{\"@type\":\"Organization\",\"@id\":\"https:\\\/\\\/ppdegalicia.com\\\/es\\\/#organization\",\"name\":\"Partido Popular de Galicia\",\"alternateName\":\"PP de Galicia\",\"url\":\"https:\\\/\\\/ppdegalicia.com\\\/es\\\/\",\"logo\":{\"@type\":\"ImageObject\",\"inLanguage\":\"es\",\"@id\":\"https:\\\/\\\/ppdegalicia.com\\\/es\\\/#\\\/schema\\\/logo\\\/image\\\/\",\"url\":\"https:\\\/\\\/ppdegalicia.com\\\/wp-content\\\/uploads\\\/2023\\\/04\\\/logoPP512.png\",\"contentUrl\":\"https:\\\/\\\/ppdegalicia.com\\\/wp-content\\\/uploads\\\/2023\\\/04\\\/logoPP512.png\",\"width\":512,\"height\":512,\"caption\":\"Partido Popular de Galicia\"},\"image\":{\"@id\":\"https:\\\/\\\/ppdegalicia.com\\\/es\\\/#\\\/schema\\\/logo\\\/image\\\/\"},\"sameAs\":[\"https:\\\/\\\/www.instagram.com\\\/ppdegalicia\\\/\",\"https:\\\/\\\/x.com\\\/ppdegalicia\",\"https:\\\/\\\/www.tiktok.com\\\/@ppdegalicia\",\"https:\\\/\\\/www.youtube.com\\\/user\\\/ppdegalicia\"]},{\"@type\":\"Person\",\"@id\":\"https:\\\/\\\/ppdegalicia.com\\\/es\\\/#\\\/schema\\\/person\\\/5b822c6f59e872ebdd1142f307dbcb59\",\"name\":\"ppdegaliciaredes\",\"image\":{\"@type\":\"ImageObject\",\"inLanguage\":\"es\",\"@id\":\"https:\\\/\\\/secure.gravatar.com\\\/avatar\\\/3c9179cf0256d00c72a48d1f25783c58b6842cd56e85ef3a572881c8e28ccd59?s=96&d=mm&r=g\",\"url\":\"https:\\\/\\\/secure.gravatar.com\\\/avatar\\\/3c9179cf0256d00c72a48d1f25783c58b6842cd56e85ef3a572881c8e28ccd59?s=96&d=mm&r=g\",\"contentUrl\":\"https:\\\/\\\/secure.gravatar.com\\\/avatar\\\/3c9179cf0256d00c72a48d1f25783c58b6842cd56e85ef3a572881c8e28ccd59?s=96&d=mm&r=g\",\"caption\":\"ppdegaliciaredes\"},\"url\":\"https:\\\/\\\/ppdegalicia.com\\\/es\\\/author\\\/ppdegaliciaredes\\\/\"}]}<\/script>\n<!-- \/ Yoast SEO plugin. -->","yoast_head_json":{"title":"O PPdeG demanda ao Goberno de S\u00e1nchez a baixada do IVE dos alimentos b\u00e1sicos para \u201caliviar o afogamento econ\u00f3mico que sofren as familias\u201d - PP de Galicia","description":"O Partido Popular de Galicia demanda ao Goberno de S\u00e1nchez que cumpra o mandato de rebaixar o IVE aos alimentos b\u00e1sicos, tal e como lle te\u00f1en demandado tanto o Parlamento galego como o Congreso, para as\u00ed \u201caliviar o afogamento econ\u00f3mico que sofren as familias ante a suba de prezos\u201d.","robots":{"index":"index","follow":"follow","max-snippet":"max-snippet:-1","max-image-preview":"max-image-preview:large","max-video-preview":"max-video-preview:-1"},"canonical":"https:\/\/ppdegalicia.com\/es\/o-ppdeg-demanda-ao-goberno-de-sanchez-a-baixada-do-ive-dos-alimentos-basicos-para-aliviar-o-afogamento-economico-que-sofren-as-familias\/","og_locale":"es_ES","og_type":"article","og_title":"O PPdeG demanda ao Goberno de S\u00e1nchez a baixada do IVE dos alimentos b\u00e1sicos para \u201caliviar o afogamento econ\u00f3mico que sofren as familias\u201d - PP de Galicia","og_description":"O Partido Popular de Galicia demanda ao Goberno de S\u00e1nchez que cumpra o mandato de rebaixar o IVE aos alimentos b\u00e1sicos, tal e como lle te\u00f1en demandado tanto o Parlamento galego como o Congreso, para as\u00ed \u201caliviar o afogamento econ\u00f3mico que sofren as familias ante a suba de prezos\u201d.","og_url":"https:\/\/ppdegalicia.com\/es\/o-ppdeg-demanda-ao-goberno-de-sanchez-a-baixada-do-ive-dos-alimentos-basicos-para-aliviar-o-afogamento-economico-que-sofren-as-familias\/","og_site_name":"PP de Galicia","article_publisher":"https:\/\/www.instagram.com\/ppdegalicia\/","article_published_time":"2025-11-27T11:57:54+00:00","og_image":[{"width":2560,"height":1707,"url":"https:\/\/ppdegalicia.com\/wp-content\/uploads\/2025\/11\/20251127_PPrado_Padron_2-scaled.jpg","type":"image\/jpeg"}],"author":"ppdegaliciaredes","twitter_card":"summary_large_image","twitter_creator":"@ppdegalicia","twitter_site":"@ppdegalicia","twitter_misc":{"Escrito por":"ppdegaliciaredes","Tiempo de lectura":"3 minutos"},"schema":{"@context":"https:\/\/schema.org","@graph":[{"@type":"Article","@id":"https:\/\/ppdegalicia.com\/es\/o-ppdeg-demanda-ao-goberno-de-sanchez-a-baixada-do-ive-dos-alimentos-basicos-para-aliviar-o-afogamento-economico-que-sofren-as-familias\/#article","isPartOf":{"@id":"https:\/\/ppdegalicia.com\/es\/o-ppdeg-demanda-ao-goberno-de-sanchez-a-baixada-do-ive-dos-alimentos-basicos-para-aliviar-o-afogamento-economico-que-sofren-as-familias\/"},"author":{"name":"ppdegaliciaredes","@id":"https:\/\/ppdegalicia.com\/es\/#\/schema\/person\/5b822c6f59e872ebdd1142f307dbcb59"},"headline":"O PPdeG demanda ao Goberno de S\u00e1nchez a baixada do IVE dos alimentos b\u00e1sicos para \u201caliviar o afogamento econ\u00f3mico que sofren as familias\u201d","datePublished":"2025-11-27T11:57:54+00:00","mainEntityOfPage":{"@id":"https:\/\/ppdegalicia.com\/es\/o-ppdeg-demanda-ao-goberno-de-sanchez-a-baixada-do-ive-dos-alimentos-basicos-para-aliviar-o-afogamento-economico-que-sofren-as-familias\/"},"wordCount":535,"publisher":{"@id":"https:\/\/ppdegalicia.com\/es\/#organization"},"image":{"@id":"https:\/\/ppdegalicia.com\/es\/o-ppdeg-demanda-ao-goberno-de-sanchez-a-baixada-do-ive-dos-alimentos-basicos-para-aliviar-o-afogamento-economico-que-sofren-as-familias\/#primaryimage"},"thumbnailUrl":"https:\/\/ppdegalicia.com\/wp-content\/uploads\/2025\/11\/20251127_PPrado_Padron_2-scaled.jpg","articleSection":["PP de Galicia"],"inLanguage":"es"},{"@type":"WebPage","@id":"https:\/\/ppdegalicia.com\/es\/o-ppdeg-demanda-ao-goberno-de-sanchez-a-baixada-do-ive-dos-alimentos-basicos-para-aliviar-o-afogamento-economico-que-sofren-as-familias\/","url":"https:\/\/ppdegalicia.com\/es\/o-ppdeg-demanda-ao-goberno-de-sanchez-a-baixada-do-ive-dos-alimentos-basicos-para-aliviar-o-afogamento-economico-que-sofren-as-familias\/","name":"O PPdeG demanda ao Goberno de S\u00e1nchez a baixada do IVE dos alimentos b\u00e1sicos para \u201caliviar o afogamento econ\u00f3mico que sofren as familias\u201d - PP de Galicia","isPartOf":{"@id":"https:\/\/ppdegalicia.com\/es\/#website"},"primaryImageOfPage":{"@id":"https:\/\/ppdegalicia.com\/es\/o-ppdeg-demanda-ao-goberno-de-sanchez-a-baixada-do-ive-dos-alimentos-basicos-para-aliviar-o-afogamento-economico-que-sofren-as-familias\/#primaryimage"},"image":{"@id":"https:\/\/ppdegalicia.com\/es\/o-ppdeg-demanda-ao-goberno-de-sanchez-a-baixada-do-ive-dos-alimentos-basicos-para-aliviar-o-afogamento-economico-que-sofren-as-familias\/#primaryimage"},"thumbnailUrl":"https:\/\/ppdegalicia.com\/wp-content\/uploads\/2025\/11\/20251127_PPrado_Padron_2-scaled.jpg","datePublished":"2025-11-27T11:57:54+00:00","description":"O Partido Popular de Galicia demanda ao Goberno de S\u00e1nchez que cumpra o mandato de rebaixar o IVE aos alimentos b\u00e1sicos, tal e como lle te\u00f1en demandado tanto o Parlamento galego como o Congreso, para as\u00ed \u201caliviar o afogamento econ\u00f3mico que sofren as familias ante a suba de prezos\u201d.","breadcrumb":{"@id":"https:\/\/ppdegalicia.com\/es\/o-ppdeg-demanda-ao-goberno-de-sanchez-a-baixada-do-ive-dos-alimentos-basicos-para-aliviar-o-afogamento-economico-que-sofren-as-familias\/#breadcrumb"},"inLanguage":"es","potentialAction":[{"@type":"ReadAction","target":["https:\/\/ppdegalicia.com\/es\/o-ppdeg-demanda-ao-goberno-de-sanchez-a-baixada-do-ive-dos-alimentos-basicos-para-aliviar-o-afogamento-economico-que-sofren-as-familias\/"]}]},{"@type":"ImageObject","inLanguage":"es","@id":"https:\/\/ppdegalicia.com\/es\/o-ppdeg-demanda-ao-goberno-de-sanchez-a-baixada-do-ive-dos-alimentos-basicos-para-aliviar-o-afogamento-economico-que-sofren-as-familias\/#primaryimage","url":"https:\/\/ppdegalicia.com\/wp-content\/uploads\/2025\/11\/20251127_PPrado_Padron_2-scaled.jpg","contentUrl":"https:\/\/ppdegalicia.com\/wp-content\/uploads\/2025\/11\/20251127_PPrado_Padron_2-scaled.jpg","width":2560,"height":1707},{"@type":"BreadcrumbList","@id":"https:\/\/ppdegalicia.com\/es\/o-ppdeg-demanda-ao-goberno-de-sanchez-a-baixada-do-ive-dos-alimentos-basicos-para-aliviar-o-afogamento-economico-que-sofren-as-familias\/#breadcrumb","itemListElement":[{"@type":"ListItem","position":1,"name":"Portada","item":"https:\/\/ppdegalicia.com\/es\/"},{"@type":"ListItem","position":2,"name":"O PPdeG demanda ao Goberno de S\u00e1nchez a baixada do IVE dos alimentos b\u00e1sicos para \u201caliviar o afogamento econ\u00f3mico que sofren as familias\u201d"}]},{"@type":"WebSite","@id":"https:\/\/ppdegalicia.com\/es\/#website","url":"https:\/\/ppdegalicia.com\/es\/","name":"Partido Popular de Galicia","description":"Partido Popular de Galicia","publisher":{"@id":"https:\/\/ppdegalicia.com\/es\/#organization"},"alternateName":"PP de Galicia","potentialAction":[{"@type":"SearchAction","target":{"@type":"EntryPoint","urlTemplate":"https:\/\/ppdegalicia.com\/es\/?s={search_term_string}"},"query-input":{"@type":"PropertyValueSpecification","valueRequired":true,"valueName":"search_term_string"}}],"inLanguage":"es"},{"@type":"Organization","@id":"https:\/\/ppdegalicia.com\/es\/#organization","name":"Partido Popular de Galicia","alternateName":"PP de Galicia","url":"https:\/\/ppdegalicia.com\/es\/","logo":{"@type":"ImageObject","inLanguage":"es","@id":"https:\/\/ppdegalicia.com\/es\/#\/schema\/logo\/image\/","url":"https:\/\/ppdegalicia.com\/wp-content\/uploads\/2023\/04\/logoPP512.png","contentUrl":"https:\/\/ppdegalicia.com\/wp-content\/uploads\/2023\/04\/logoPP512.png","width":512,"height":512,"caption":"Partido Popular de Galicia"},"image":{"@id":"https:\/\/ppdegalicia.com\/es\/#\/schema\/logo\/image\/"},"sameAs":["https:\/\/www.instagram.com\/ppdegalicia\/","https:\/\/x.com\/ppdegalicia","https:\/\/www.tiktok.com\/@ppdegalicia","https:\/\/www.youtube.com\/user\/ppdegalicia"]},{"@type":"Person","@id":"https:\/\/ppdegalicia.com\/es\/#\/schema\/person\/5b822c6f59e872ebdd1142f307dbcb59","name":"ppdegaliciaredes","image":{"@type":"ImageObject","inLanguage":"es","@id":"https:\/\/secure.gravatar.com\/avatar\/3c9179cf0256d00c72a48d1f25783c58b6842cd56e85ef3a572881c8e28ccd59?s=96&d=mm&r=g","url":"https:\/\/secure.gravatar.com\/avatar\/3c9179cf0256d00c72a48d1f25783c58b6842cd56e85ef3a572881c8e28ccd59?s=96&d=mm&r=g","contentUrl":"https:\/\/secure.gravatar.com\/avatar\/3c9179cf0256d00c72a48d1f25783c58b6842cd56e85ef3a572881c8e28ccd59?s=96&d=mm&r=g","caption":"ppdegaliciaredes"},"url":"https:\/\/ppdegalicia.com\/es\/author\/ppdegaliciaredes\/"}]}},"_links":{"self":[{"href":"https:\/\/ppdegalicia.com\/es\/wp-json\/wp\/v2\/posts\/69234","targetHints":{"allow":["GET"]}}],"collection":[{"href":"https:\/\/ppdegalicia.com\/es\/wp-json\/wp\/v2\/posts"}],"about":[{"href":"https:\/\/ppdegalicia.com\/es\/wp-json\/wp\/v2\/types\/post"}],"author":[{"embeddable":true,"href":"https:\/\/ppdegalicia.com\/es\/wp-json\/wp\/v2\/users\/38"}],"replies":[{"embeddable":true,"href":"https:\/\/ppdegalicia.com\/es\/wp-json\/wp\/v2\/comments?post=69234"}],"version-history":[{"count":1,"href":"https:\/\/ppdegalicia.com\/es\/wp-json\/wp\/v2\/posts\/69234\/revisions"}],"predecessor-version":[{"id":69237,"href":"https:\/\/ppdegalicia.com\/es\/wp-json\/wp\/v2\/posts\/69234\/revisions\/69237"}],"wp:featuredmedia":[{"embeddable":true,"href":"https:\/\/ppdegalicia.com\/es\/wp-json\/wp\/v2\/media\/69235"}],"wp:attachment":[{"href":"https:\/\/ppdegalicia.com\/es\/wp-json\/wp\/v2\/media?parent=69234"}],"wp:term":[{"taxonomy":"category","embeddable":true,"href":"https:\/\/ppdegalicia.com\/es\/wp-json\/wp\/v2\/categories?post=69234"},{"taxonomy":"post_tag","embeddable":true,"href":"https:\/\/ppdegalicia.com\/es\/wp-json\/wp\/v2\/tags?post=69234"}],"curies":[{"name":"wp","href":"https:\/\/api.w.org\/{rel}","templated":true}]}}