{"id":69238,"date":"2025-11-27T15:35:15","date_gmt":"2025-11-27T14:35:15","guid":{"rendered":"https:\/\/ppdegalicia.com\/?p=69238"},"modified":"2025-11-27T15:35:15","modified_gmt":"2025-11-27T14:35:15","slug":"o-parlamento-galego-reclama-ao-goberno-de-espana-a-urxente-cesion-gratuita-a-galicia-de-vivendas-e-solos-propiedade-da-sareb-para-destinalos-a-politicas-publicas-de-vivenda","status":"publish","type":"post","link":"https:\/\/ppdegalicia.com\/es\/o-parlamento-galego-reclama-ao-goberno-de-espana-a-urxente-cesion-gratuita-a-galicia-de-vivendas-e-solos-propiedade-da-sareb-para-destinalos-a-politicas-publicas-de-vivenda\/","title":{"rendered":"O Parlamento galego reclama ao Goberno de Espa\u00f1a a urxente cesi\u00f3n gratu\u00edta a Galicia de vivendas e solos propiedade da SAREB para destinalos a pol\u00edticas p\u00fablicas de vivenda"},"content":{"rendered":"<p>O Parlamento de Galicia aprobou hoxe a proposici\u00f3n non de lei do Grupo Popular, que non contou co voto favorable dos deputados do PSdeG, a trav\u00e9s da que se reclama unha resposta urxente do Goberno de Espa\u00f1a \u00e1s reiteradas solicitudes de cesi\u00f3n gratu\u00edta e definitiva das vivendas e solos propiedade da Sociedade de Xesti\u00f3n de Activos procedentes da Reestruturaci\u00f3n Bancaria (SAREB) situados en Galicia, c\u00f3 fin de destinalos a pol\u00edticas p\u00fablicas de vivenda.<\/p>\n<p>O deputado popular Roberto Rodr\u00edguez lembrou que o Goberno galego \u201cten solicitado en infinidade de ocasi\u00f3ns ao Goberno central a cesi\u00f3n ou venda de vivendas propiedade da SAREB\u201d para po\u00f1elas no mercado, ante o que \u201ca resposta sempre foi a mesma: remitir listados de vivendas que se ofrec\u00edan e que non estaban en condici\u00f3ns de ser adquiridas: unhas non estaban rematadas, outras non dispo\u00f1\u00edan de licenza de primeira ocupaci\u00f3n nin posibilidade de obtela, e a meirande parte empraz\u00e1banse en concellos sen demanda, non que non se xustificaba a adquisici\u00f3n\u201d.<\/p>\n<p>\u201cAgora xa non hai posibilidade de que a Xunta adquira m\u00e1is vivendas porque a SAREB pechou toda posibilidade de venda ou cesi\u00f3n cando acordou traspasalas \u00e1 sociedade de vivenda anunciada polo Goberno central, a pesar de que Galicia a\u00ednda disp\u00f3n de fondos para facerse con esas vivendas\u201d, sinalou o deputado popular.<\/p>\n<p>Roberto Rodr\u00edguez criticou que, \u201ccomo colof\u00f3n a este exemplo de boicot a aquelas administraci\u00f3ns que, como a Xunta, queren actuar directamente na ra\u00edz do problema da vivenda e aumentar a oferta p\u00fablica, o Goberno de Pedro S\u00e1nchez optou por transferir 55 mill\u00f3ns de euros a empresas privadas para que xestionen esas vivendas, que en Galicia ser\u00e1n adxudicadas ao marxe do rexistro de demandantes de vivenda\u201d.<\/p>\n<p>Deste xeito, considerou \u201cincomprensible e intolerable que o Goberno central po\u00f1a en mans privadas a xesti\u00f3n das 40.000 vivendas p\u00fablicas da SAREB, que era a entidade que \u00eda xestionar a nova empresa p\u00fablica estatal de vivenda\u201d. \u201cO Goberno de S\u00e1nchez pon a xesti\u00f3n do problema que m\u00e1is preocupa aos cidad\u00e1ns nas mans dunha inmobiliaria, pero nada sabemos nin do proceso nin dos criterios de adxudicaci\u00f3n deses alugueiros\u201d, sinalou o deputado popular, quen concretou que \u201cfalamos de 40.000 vivendas e 2.400 solos onde, segundo os c\u00e1lculos do propio Ministerio, se poder\u00edan constru\u00edr 55.000 novas vivendas\u201d.<\/p>\n<p>Roberto Rodr\u00edguez amosou a preocupaci\u00f3n porque esas vivendas \u201cnon sexan cualificadas como vivendas p\u00fablicas, unha estratexia do Goberno central que non entendemos cando as comunidades aut\u00f3nomas, en particular Galicia, leva anos pedindo a cesi\u00f3n gratu\u00edta de activos da SAREB para contribu\u00edr a incrementar o noso parque de vivendas p\u00fablicas\u201d.<\/p>\n<p>\u201cPedimos ao Goberno central que recapacite e ceda gratuitamente \u00e1 Xunta as vivendas da SAREB que estean en condici\u00f3n de ser habitadas, permitindo que esas vivendas se incorporen nos procedementos ordinarios de adxudicaci\u00f3n de vivendas p\u00fablicas, respectando a normativa e non xerando m\u00e1is confusi\u00f3n entre a cidadan\u00eda\u201d, rematou.<\/p>\n","protected":false},"excerpt":{"rendered":"<p>O Parlamento de Galicia aprobou hoxe a proposici\u00f3n non de lei do Grupo Popular, que non contou co voto favorable dos deputados do PSdeG, a trav\u00e9s da que se reclama unha resposta urxente do Goberno de Espa\u00f1a \u00e1s reiteradas solicitudes de cesi\u00f3n gratu\u00edta e definitiva das vivendas e solos propiedade da Sociedade de Xesti\u00f3n de [&hellip;]<\/p>\n","protected":false},"author":38,"featured_media":69239,"comment_status":"closed","ping_status":"open","sticky":false,"template":"","format":"standard","meta":{"_acf_changed":false,"footnotes":""},"categories":[1128],"tags":[],"class_list":["post-69238","post","type-post","status-publish","format-standard","has-post-thumbnail","hentry","category-actualidad-parlamento-de-galicia"],"acf":[],"yoast_head":"<!-- This site is optimized with the Yoast SEO plugin v27.3 - https:\/\/yoast.com\/product\/yoast-seo-wordpress\/ -->\n<title>O Parlamento galego reclama ao Goberno de Espa\u00f1a a urxente cesi\u00f3n gratu\u00edta a Galicia de vivendas e solos propiedade da SAREB para destinalos a pol\u00edticas p\u00fablicas de vivenda - PP de Galicia<\/title>\n<meta name=\"description\" content=\"O Parlamento de Galicia aprobou hoxe a proposici\u00f3n non de lei do Grupo Popular, que non contou co voto favorable dos deputados do PSdeG, a trav\u00e9s da que se reclama unha resposta urxente do Goberno de Espa\u00f1a \u00e1s reiteradas solicitudes de cesi\u00f3n gratu\u00edta e definitiva das vivendas e solos propiedade da Sociedade de Xesti\u00f3n de Activos procedentes da Reestruturaci\u00f3n Bancaria (SAREB) situados en Galicia, c\u00f3 fin de destinalos a pol\u00edticas p\u00fablicas de vivenda.\" \/>\n<meta name=\"robots\" content=\"index, follow, max-snippet:-1, max-image-preview:large, max-video-preview:-1\" \/>\n<link rel=\"canonical\" href=\"https:\/\/ppdegalicia.com\/es\/o-parlamento-galego-reclama-ao-goberno-de-espana-a-urxente-cesion-gratuita-a-galicia-de-vivendas-e-solos-propiedade-da-sareb-para-destinalos-a-politicas-publicas-de-vivenda\/\" \/>\n<meta property=\"og:locale\" content=\"es_ES\" \/>\n<meta property=\"og:type\" content=\"article\" \/>\n<meta property=\"og:title\" content=\"O Parlamento galego reclama ao Goberno de Espa\u00f1a a urxente cesi\u00f3n gratu\u00edta a Galicia de vivendas e solos propiedade da SAREB para destinalos a pol\u00edticas p\u00fablicas de vivenda - PP de Galicia\" \/>\n<meta property=\"og:description\" content=\"O Parlamento de Galicia aprobou hoxe a proposici\u00f3n non de lei do Grupo Popular, que non contou co voto favorable dos deputados do PSdeG, a trav\u00e9s da que se reclama unha resposta urxente do Goberno de Espa\u00f1a \u00e1s reiteradas solicitudes de cesi\u00f3n gratu\u00edta e definitiva das vivendas e solos propiedade da Sociedade de Xesti\u00f3n de Activos procedentes da Reestruturaci\u00f3n Bancaria (SAREB) situados en Galicia, c\u00f3 fin de destinalos a pol\u00edticas p\u00fablicas de vivenda.\" \/>\n<meta property=\"og:url\" content=\"https:\/\/ppdegalicia.com\/es\/o-parlamento-galego-reclama-ao-goberno-de-espana-a-urxente-cesion-gratuita-a-galicia-de-vivendas-e-solos-propiedade-da-sareb-para-destinalos-a-politicas-publicas-de-vivenda\/\" \/>\n<meta property=\"og:site_name\" content=\"PP de Galicia\" \/>\n<meta property=\"article:publisher\" content=\"https:\/\/www.instagram.com\/ppdegalicia\/\" \/>\n<meta property=\"article:published_time\" content=\"2025-11-27T14:35:15+00:00\" \/>\n<meta property=\"og:image\" content=\"https:\/\/ppdegalicia.com\/wp-content\/uploads\/2025\/11\/20251127_C2-5-scaled.jpg\" \/>\n\t<meta property=\"og:image:width\" content=\"2560\" \/>\n\t<meta property=\"og:image:height\" content=\"1706\" \/>\n\t<meta property=\"og:image:type\" content=\"image\/jpeg\" \/>\n<meta name=\"author\" content=\"ppdegaliciaredes\" \/>\n<meta name=\"twitter:card\" content=\"summary_large_image\" \/>\n<meta name=\"twitter:creator\" content=\"@ppdegalicia\" \/>\n<meta name=\"twitter:site\" content=\"@ppdegalicia\" \/>\n<meta name=\"twitter:label1\" content=\"Escrito por\" \/>\n\t<meta name=\"twitter:data1\" content=\"ppdegaliciaredes\" \/>\n\t<meta name=\"twitter:label2\" content=\"Tiempo de lectura\" \/>\n\t<meta name=\"twitter:data2\" content=\"3 minutos\" \/>\n<script type=\"application\/ld+json\" class=\"yoast-schema-graph\">{\"@context\":\"https:\\\/\\\/schema.org\",\"@graph\":[{\"@type\":\"Article\",\"@id\":\"https:\\\/\\\/ppdegalicia.com\\\/es\\\/o-parlamento-galego-reclama-ao-goberno-de-espana-a-urxente-cesion-gratuita-a-galicia-de-vivendas-e-solos-propiedade-da-sareb-para-destinalos-a-politicas-publicas-de-vivenda\\\/#article\",\"isPartOf\":{\"@id\":\"https:\\\/\\\/ppdegalicia.com\\\/es\\\/o-parlamento-galego-reclama-ao-goberno-de-espana-a-urxente-cesion-gratuita-a-galicia-de-vivendas-e-solos-propiedade-da-sareb-para-destinalos-a-politicas-publicas-de-vivenda\\\/\"},\"author\":{\"name\":\"ppdegaliciaredes\",\"@id\":\"https:\\\/\\\/ppdegalicia.com\\\/es\\\/#\\\/schema\\\/person\\\/5b822c6f59e872ebdd1142f307dbcb59\"},\"headline\":\"O Parlamento galego reclama ao Goberno de Espa\u00f1a a urxente cesi\u00f3n gratu\u00edta a Galicia de vivendas e solos propiedade da SAREB para destinalos a pol\u00edticas p\u00fablicas de vivenda\",\"datePublished\":\"2025-11-27T14:35:15+00:00\",\"mainEntityOfPage\":{\"@id\":\"https:\\\/\\\/ppdegalicia.com\\\/es\\\/o-parlamento-galego-reclama-ao-goberno-de-espana-a-urxente-cesion-gratuita-a-galicia-de-vivendas-e-solos-propiedade-da-sareb-para-destinalos-a-politicas-publicas-de-vivenda\\\/\"},\"wordCount\":552,\"publisher\":{\"@id\":\"https:\\\/\\\/ppdegalicia.com\\\/es\\\/#organization\"},\"image\":{\"@id\":\"https:\\\/\\\/ppdegalicia.com\\\/es\\\/o-parlamento-galego-reclama-ao-goberno-de-espana-a-urxente-cesion-gratuita-a-galicia-de-vivendas-e-solos-propiedade-da-sareb-para-destinalos-a-politicas-publicas-de-vivenda\\\/#primaryimage\"},\"thumbnailUrl\":\"https:\\\/\\\/ppdegalicia.com\\\/wp-content\\\/uploads\\\/2025\\\/11\\\/20251127_C2-5-scaled.jpg\",\"articleSection\":[\"Parlamento de Galicia\"],\"inLanguage\":\"es\"},{\"@type\":\"WebPage\",\"@id\":\"https:\\\/\\\/ppdegalicia.com\\\/es\\\/o-parlamento-galego-reclama-ao-goberno-de-espana-a-urxente-cesion-gratuita-a-galicia-de-vivendas-e-solos-propiedade-da-sareb-para-destinalos-a-politicas-publicas-de-vivenda\\\/\",\"url\":\"https:\\\/\\\/ppdegalicia.com\\\/es\\\/o-parlamento-galego-reclama-ao-goberno-de-espana-a-urxente-cesion-gratuita-a-galicia-de-vivendas-e-solos-propiedade-da-sareb-para-destinalos-a-politicas-publicas-de-vivenda\\\/\",\"name\":\"O Parlamento galego reclama ao Goberno de Espa\u00f1a a urxente cesi\u00f3n gratu\u00edta a Galicia de vivendas e solos propiedade da SAREB para destinalos a pol\u00edticas p\u00fablicas de vivenda - PP de Galicia\",\"isPartOf\":{\"@id\":\"https:\\\/\\\/ppdegalicia.com\\\/es\\\/#website\"},\"primaryImageOfPage\":{\"@id\":\"https:\\\/\\\/ppdegalicia.com\\\/es\\\/o-parlamento-galego-reclama-ao-goberno-de-espana-a-urxente-cesion-gratuita-a-galicia-de-vivendas-e-solos-propiedade-da-sareb-para-destinalos-a-politicas-publicas-de-vivenda\\\/#primaryimage\"},\"image\":{\"@id\":\"https:\\\/\\\/ppdegalicia.com\\\/es\\\/o-parlamento-galego-reclama-ao-goberno-de-espana-a-urxente-cesion-gratuita-a-galicia-de-vivendas-e-solos-propiedade-da-sareb-para-destinalos-a-politicas-publicas-de-vivenda\\\/#primaryimage\"},\"thumbnailUrl\":\"https:\\\/\\\/ppdegalicia.com\\\/wp-content\\\/uploads\\\/2025\\\/11\\\/20251127_C2-5-scaled.jpg\",\"datePublished\":\"2025-11-27T14:35:15+00:00\",\"description\":\"O Parlamento de Galicia aprobou hoxe a proposici\u00f3n non de lei do Grupo Popular, que non contou co voto favorable dos deputados do PSdeG, a trav\u00e9s da que se reclama unha resposta urxente do Goberno de Espa\u00f1a \u00e1s reiteradas solicitudes de cesi\u00f3n gratu\u00edta e definitiva das vivendas e solos propiedade da Sociedade de Xesti\u00f3n de Activos procedentes da Reestruturaci\u00f3n Bancaria (SAREB) situados en Galicia, c\u00f3 fin de destinalos a pol\u00edticas p\u00fablicas de vivenda.\",\"breadcrumb\":{\"@id\":\"https:\\\/\\\/ppdegalicia.com\\\/es\\\/o-parlamento-galego-reclama-ao-goberno-de-espana-a-urxente-cesion-gratuita-a-galicia-de-vivendas-e-solos-propiedade-da-sareb-para-destinalos-a-politicas-publicas-de-vivenda\\\/#breadcrumb\"},\"inLanguage\":\"es\",\"potentialAction\":[{\"@type\":\"ReadAction\",\"target\":[\"https:\\\/\\\/ppdegalicia.com\\\/es\\\/o-parlamento-galego-reclama-ao-goberno-de-espana-a-urxente-cesion-gratuita-a-galicia-de-vivendas-e-solos-propiedade-da-sareb-para-destinalos-a-politicas-publicas-de-vivenda\\\/\"]}]},{\"@type\":\"ImageObject\",\"inLanguage\":\"es\",\"@id\":\"https:\\\/\\\/ppdegalicia.com\\\/es\\\/o-parlamento-galego-reclama-ao-goberno-de-espana-a-urxente-cesion-gratuita-a-galicia-de-vivendas-e-solos-propiedade-da-sareb-para-destinalos-a-politicas-publicas-de-vivenda\\\/#primaryimage\",\"url\":\"https:\\\/\\\/ppdegalicia.com\\\/wp-content\\\/uploads\\\/2025\\\/11\\\/20251127_C2-5-scaled.jpg\",\"contentUrl\":\"https:\\\/\\\/ppdegalicia.com\\\/wp-content\\\/uploads\\\/2025\\\/11\\\/20251127_C2-5-scaled.jpg\",\"width\":2560,\"height\":1706},{\"@type\":\"BreadcrumbList\",\"@id\":\"https:\\\/\\\/ppdegalicia.com\\\/es\\\/o-parlamento-galego-reclama-ao-goberno-de-espana-a-urxente-cesion-gratuita-a-galicia-de-vivendas-e-solos-propiedade-da-sareb-para-destinalos-a-politicas-publicas-de-vivenda\\\/#breadcrumb\",\"itemListElement\":[{\"@type\":\"ListItem\",\"position\":1,\"name\":\"Portada\",\"item\":\"https:\\\/\\\/ppdegalicia.com\\\/es\\\/\"},{\"@type\":\"ListItem\",\"position\":2,\"name\":\"O Parlamento galego reclama ao Goberno de Espa\u00f1a a urxente cesi\u00f3n gratu\u00edta a Galicia de vivendas e solos propiedade da SAREB para destinalos a pol\u00edticas p\u00fablicas de vivenda\"}]},{\"@type\":\"WebSite\",\"@id\":\"https:\\\/\\\/ppdegalicia.com\\\/es\\\/#website\",\"url\":\"https:\\\/\\\/ppdegalicia.com\\\/es\\\/\",\"name\":\"Partido Popular de Galicia\",\"description\":\"Partido Popular de Galicia\",\"publisher\":{\"@id\":\"https:\\\/\\\/ppdegalicia.com\\\/es\\\/#organization\"},\"alternateName\":\"PP de Galicia\",\"potentialAction\":[{\"@type\":\"SearchAction\",\"target\":{\"@type\":\"EntryPoint\",\"urlTemplate\":\"https:\\\/\\\/ppdegalicia.com\\\/es\\\/?s={search_term_string}\"},\"query-input\":{\"@type\":\"PropertyValueSpecification\",\"valueRequired\":true,\"valueName\":\"search_term_string\"}}],\"inLanguage\":\"es\"},{\"@type\":\"Organization\",\"@id\":\"https:\\\/\\\/ppdegalicia.com\\\/es\\\/#organization\",\"name\":\"Partido Popular de Galicia\",\"alternateName\":\"PP de Galicia\",\"url\":\"https:\\\/\\\/ppdegalicia.com\\\/es\\\/\",\"logo\":{\"@type\":\"ImageObject\",\"inLanguage\":\"es\",\"@id\":\"https:\\\/\\\/ppdegalicia.com\\\/es\\\/#\\\/schema\\\/logo\\\/image\\\/\",\"url\":\"https:\\\/\\\/ppdegalicia.com\\\/wp-content\\\/uploads\\\/2023\\\/04\\\/logoPP512.png\",\"contentUrl\":\"https:\\\/\\\/ppdegalicia.com\\\/wp-content\\\/uploads\\\/2023\\\/04\\\/logoPP512.png\",\"width\":512,\"height\":512,\"caption\":\"Partido Popular de Galicia\"},\"image\":{\"@id\":\"https:\\\/\\\/ppdegalicia.com\\\/es\\\/#\\\/schema\\\/logo\\\/image\\\/\"},\"sameAs\":[\"https:\\\/\\\/www.instagram.com\\\/ppdegalicia\\\/\",\"https:\\\/\\\/x.com\\\/ppdegalicia\",\"https:\\\/\\\/www.tiktok.com\\\/@ppdegalicia\",\"https:\\\/\\\/www.youtube.com\\\/user\\\/ppdegalicia\"]},{\"@type\":\"Person\",\"@id\":\"https:\\\/\\\/ppdegalicia.com\\\/es\\\/#\\\/schema\\\/person\\\/5b822c6f59e872ebdd1142f307dbcb59\",\"name\":\"ppdegaliciaredes\",\"image\":{\"@type\":\"ImageObject\",\"inLanguage\":\"es\",\"@id\":\"https:\\\/\\\/secure.gravatar.com\\\/avatar\\\/3c9179cf0256d00c72a48d1f25783c58b6842cd56e85ef3a572881c8e28ccd59?s=96&d=mm&r=g\",\"url\":\"https:\\\/\\\/secure.gravatar.com\\\/avatar\\\/3c9179cf0256d00c72a48d1f25783c58b6842cd56e85ef3a572881c8e28ccd59?s=96&d=mm&r=g\",\"contentUrl\":\"https:\\\/\\\/secure.gravatar.com\\\/avatar\\\/3c9179cf0256d00c72a48d1f25783c58b6842cd56e85ef3a572881c8e28ccd59?s=96&d=mm&r=g\",\"caption\":\"ppdegaliciaredes\"},\"url\":\"https:\\\/\\\/ppdegalicia.com\\\/es\\\/author\\\/ppdegaliciaredes\\\/\"}]}<\/script>\n<!-- \/ Yoast SEO plugin. -->","yoast_head_json":{"title":"O Parlamento galego reclama ao Goberno de Espa\u00f1a a urxente cesi\u00f3n gratu\u00edta a Galicia de vivendas e solos propiedade da SAREB para destinalos a pol\u00edticas p\u00fablicas de vivenda - PP de Galicia","description":"O Parlamento de Galicia aprobou hoxe a proposici\u00f3n non de lei do Grupo Popular, que non contou co voto favorable dos deputados do PSdeG, a trav\u00e9s da que se reclama unha resposta urxente do Goberno de Espa\u00f1a \u00e1s reiteradas solicitudes de cesi\u00f3n gratu\u00edta e definitiva das vivendas e solos propiedade da Sociedade de Xesti\u00f3n de Activos procedentes da Reestruturaci\u00f3n Bancaria (SAREB) situados en Galicia, c\u00f3 fin de destinalos a pol\u00edticas p\u00fablicas de vivenda.","robots":{"index":"index","follow":"follow","max-snippet":"max-snippet:-1","max-image-preview":"max-image-preview:large","max-video-preview":"max-video-preview:-1"},"canonical":"https:\/\/ppdegalicia.com\/es\/o-parlamento-galego-reclama-ao-goberno-de-espana-a-urxente-cesion-gratuita-a-galicia-de-vivendas-e-solos-propiedade-da-sareb-para-destinalos-a-politicas-publicas-de-vivenda\/","og_locale":"es_ES","og_type":"article","og_title":"O Parlamento galego reclama ao Goberno de Espa\u00f1a a urxente cesi\u00f3n gratu\u00edta a Galicia de vivendas e solos propiedade da SAREB para destinalos a pol\u00edticas p\u00fablicas de vivenda - PP de Galicia","og_description":"O Parlamento de Galicia aprobou hoxe a proposici\u00f3n non de lei do Grupo Popular, que non contou co voto favorable dos deputados do PSdeG, a trav\u00e9s da que se reclama unha resposta urxente do Goberno de Espa\u00f1a \u00e1s reiteradas solicitudes de cesi\u00f3n gratu\u00edta e definitiva das vivendas e solos propiedade da Sociedade de Xesti\u00f3n de Activos procedentes da Reestruturaci\u00f3n Bancaria (SAREB) situados en Galicia, c\u00f3 fin de destinalos a pol\u00edticas p\u00fablicas de vivenda.","og_url":"https:\/\/ppdegalicia.com\/es\/o-parlamento-galego-reclama-ao-goberno-de-espana-a-urxente-cesion-gratuita-a-galicia-de-vivendas-e-solos-propiedade-da-sareb-para-destinalos-a-politicas-publicas-de-vivenda\/","og_site_name":"PP de Galicia","article_publisher":"https:\/\/www.instagram.com\/ppdegalicia\/","article_published_time":"2025-11-27T14:35:15+00:00","og_image":[{"width":2560,"height":1706,"url":"https:\/\/ppdegalicia.com\/wp-content\/uploads\/2025\/11\/20251127_C2-5-scaled.jpg","type":"image\/jpeg"}],"author":"ppdegaliciaredes","twitter_card":"summary_large_image","twitter_creator":"@ppdegalicia","twitter_site":"@ppdegalicia","twitter_misc":{"Escrito por":"ppdegaliciaredes","Tiempo de lectura":"3 minutos"},"schema":{"@context":"https:\/\/schema.org","@graph":[{"@type":"Article","@id":"https:\/\/ppdegalicia.com\/es\/o-parlamento-galego-reclama-ao-goberno-de-espana-a-urxente-cesion-gratuita-a-galicia-de-vivendas-e-solos-propiedade-da-sareb-para-destinalos-a-politicas-publicas-de-vivenda\/#article","isPartOf":{"@id":"https:\/\/ppdegalicia.com\/es\/o-parlamento-galego-reclama-ao-goberno-de-espana-a-urxente-cesion-gratuita-a-galicia-de-vivendas-e-solos-propiedade-da-sareb-para-destinalos-a-politicas-publicas-de-vivenda\/"},"author":{"name":"ppdegaliciaredes","@id":"https:\/\/ppdegalicia.com\/es\/#\/schema\/person\/5b822c6f59e872ebdd1142f307dbcb59"},"headline":"O Parlamento galego reclama ao Goberno de Espa\u00f1a a urxente cesi\u00f3n gratu\u00edta a Galicia de vivendas e solos propiedade da SAREB para destinalos a pol\u00edticas p\u00fablicas de vivenda","datePublished":"2025-11-27T14:35:15+00:00","mainEntityOfPage":{"@id":"https:\/\/ppdegalicia.com\/es\/o-parlamento-galego-reclama-ao-goberno-de-espana-a-urxente-cesion-gratuita-a-galicia-de-vivendas-e-solos-propiedade-da-sareb-para-destinalos-a-politicas-publicas-de-vivenda\/"},"wordCount":552,"publisher":{"@id":"https:\/\/ppdegalicia.com\/es\/#organization"},"image":{"@id":"https:\/\/ppdegalicia.com\/es\/o-parlamento-galego-reclama-ao-goberno-de-espana-a-urxente-cesion-gratuita-a-galicia-de-vivendas-e-solos-propiedade-da-sareb-para-destinalos-a-politicas-publicas-de-vivenda\/#primaryimage"},"thumbnailUrl":"https:\/\/ppdegalicia.com\/wp-content\/uploads\/2025\/11\/20251127_C2-5-scaled.jpg","articleSection":["Parlamento de Galicia"],"inLanguage":"es"},{"@type":"WebPage","@id":"https:\/\/ppdegalicia.com\/es\/o-parlamento-galego-reclama-ao-goberno-de-espana-a-urxente-cesion-gratuita-a-galicia-de-vivendas-e-solos-propiedade-da-sareb-para-destinalos-a-politicas-publicas-de-vivenda\/","url":"https:\/\/ppdegalicia.com\/es\/o-parlamento-galego-reclama-ao-goberno-de-espana-a-urxente-cesion-gratuita-a-galicia-de-vivendas-e-solos-propiedade-da-sareb-para-destinalos-a-politicas-publicas-de-vivenda\/","name":"O Parlamento galego reclama ao Goberno de Espa\u00f1a a urxente cesi\u00f3n gratu\u00edta a Galicia de vivendas e solos propiedade da SAREB para destinalos a pol\u00edticas p\u00fablicas de vivenda - PP de Galicia","isPartOf":{"@id":"https:\/\/ppdegalicia.com\/es\/#website"},"primaryImageOfPage":{"@id":"https:\/\/ppdegalicia.com\/es\/o-parlamento-galego-reclama-ao-goberno-de-espana-a-urxente-cesion-gratuita-a-galicia-de-vivendas-e-solos-propiedade-da-sareb-para-destinalos-a-politicas-publicas-de-vivenda\/#primaryimage"},"image":{"@id":"https:\/\/ppdegalicia.com\/es\/o-parlamento-galego-reclama-ao-goberno-de-espana-a-urxente-cesion-gratuita-a-galicia-de-vivendas-e-solos-propiedade-da-sareb-para-destinalos-a-politicas-publicas-de-vivenda\/#primaryimage"},"thumbnailUrl":"https:\/\/ppdegalicia.com\/wp-content\/uploads\/2025\/11\/20251127_C2-5-scaled.jpg","datePublished":"2025-11-27T14:35:15+00:00","description":"O Parlamento de Galicia aprobou hoxe a proposici\u00f3n non de lei do Grupo Popular, que non contou co voto favorable dos deputados do PSdeG, a trav\u00e9s da que se reclama unha resposta urxente do Goberno de Espa\u00f1a \u00e1s reiteradas solicitudes de cesi\u00f3n gratu\u00edta e definitiva das vivendas e solos propiedade da Sociedade de Xesti\u00f3n de Activos procedentes da Reestruturaci\u00f3n Bancaria (SAREB) situados en Galicia, c\u00f3 fin de destinalos a pol\u00edticas p\u00fablicas de vivenda.","breadcrumb":{"@id":"https:\/\/ppdegalicia.com\/es\/o-parlamento-galego-reclama-ao-goberno-de-espana-a-urxente-cesion-gratuita-a-galicia-de-vivendas-e-solos-propiedade-da-sareb-para-destinalos-a-politicas-publicas-de-vivenda\/#breadcrumb"},"inLanguage":"es","potentialAction":[{"@type":"ReadAction","target":["https:\/\/ppdegalicia.com\/es\/o-parlamento-galego-reclama-ao-goberno-de-espana-a-urxente-cesion-gratuita-a-galicia-de-vivendas-e-solos-propiedade-da-sareb-para-destinalos-a-politicas-publicas-de-vivenda\/"]}]},{"@type":"ImageObject","inLanguage":"es","@id":"https:\/\/ppdegalicia.com\/es\/o-parlamento-galego-reclama-ao-goberno-de-espana-a-urxente-cesion-gratuita-a-galicia-de-vivendas-e-solos-propiedade-da-sareb-para-destinalos-a-politicas-publicas-de-vivenda\/#primaryimage","url":"https:\/\/ppdegalicia.com\/wp-content\/uploads\/2025\/11\/20251127_C2-5-scaled.jpg","contentUrl":"https:\/\/ppdegalicia.com\/wp-content\/uploads\/2025\/11\/20251127_C2-5-scaled.jpg","width":2560,"height":1706},{"@type":"BreadcrumbList","@id":"https:\/\/ppdegalicia.com\/es\/o-parlamento-galego-reclama-ao-goberno-de-espana-a-urxente-cesion-gratuita-a-galicia-de-vivendas-e-solos-propiedade-da-sareb-para-destinalos-a-politicas-publicas-de-vivenda\/#breadcrumb","itemListElement":[{"@type":"ListItem","position":1,"name":"Portada","item":"https:\/\/ppdegalicia.com\/es\/"},{"@type":"ListItem","position":2,"name":"O Parlamento galego reclama ao Goberno de Espa\u00f1a a urxente cesi\u00f3n gratu\u00edta a Galicia de vivendas e solos propiedade da SAREB para destinalos a pol\u00edticas p\u00fablicas de vivenda"}]},{"@type":"WebSite","@id":"https:\/\/ppdegalicia.com\/es\/#website","url":"https:\/\/ppdegalicia.com\/es\/","name":"Partido Popular de Galicia","description":"Partido Popular de Galicia","publisher":{"@id":"https:\/\/ppdegalicia.com\/es\/#organization"},"alternateName":"PP de Galicia","potentialAction":[{"@type":"SearchAction","target":{"@type":"EntryPoint","urlTemplate":"https:\/\/ppdegalicia.com\/es\/?s={search_term_string}"},"query-input":{"@type":"PropertyValueSpecification","valueRequired":true,"valueName":"search_term_string"}}],"inLanguage":"es"},{"@type":"Organization","@id":"https:\/\/ppdegalicia.com\/es\/#organization","name":"Partido Popular de Galicia","alternateName":"PP de Galicia","url":"https:\/\/ppdegalicia.com\/es\/","logo":{"@type":"ImageObject","inLanguage":"es","@id":"https:\/\/ppdegalicia.com\/es\/#\/schema\/logo\/image\/","url":"https:\/\/ppdegalicia.com\/wp-content\/uploads\/2023\/04\/logoPP512.png","contentUrl":"https:\/\/ppdegalicia.com\/wp-content\/uploads\/2023\/04\/logoPP512.png","width":512,"height":512,"caption":"Partido Popular de Galicia"},"image":{"@id":"https:\/\/ppdegalicia.com\/es\/#\/schema\/logo\/image\/"},"sameAs":["https:\/\/www.instagram.com\/ppdegalicia\/","https:\/\/x.com\/ppdegalicia","https:\/\/www.tiktok.com\/@ppdegalicia","https:\/\/www.youtube.com\/user\/ppdegalicia"]},{"@type":"Person","@id":"https:\/\/ppdegalicia.com\/es\/#\/schema\/person\/5b822c6f59e872ebdd1142f307dbcb59","name":"ppdegaliciaredes","image":{"@type":"ImageObject","inLanguage":"es","@id":"https:\/\/secure.gravatar.com\/avatar\/3c9179cf0256d00c72a48d1f25783c58b6842cd56e85ef3a572881c8e28ccd59?s=96&d=mm&r=g","url":"https:\/\/secure.gravatar.com\/avatar\/3c9179cf0256d00c72a48d1f25783c58b6842cd56e85ef3a572881c8e28ccd59?s=96&d=mm&r=g","contentUrl":"https:\/\/secure.gravatar.com\/avatar\/3c9179cf0256d00c72a48d1f25783c58b6842cd56e85ef3a572881c8e28ccd59?s=96&d=mm&r=g","caption":"ppdegaliciaredes"},"url":"https:\/\/ppdegalicia.com\/es\/author\/ppdegaliciaredes\/"}]}},"_links":{"self":[{"href":"https:\/\/ppdegalicia.com\/es\/wp-json\/wp\/v2\/posts\/69238","targetHints":{"allow":["GET"]}}],"collection":[{"href":"https:\/\/ppdegalicia.com\/es\/wp-json\/wp\/v2\/posts"}],"about":[{"href":"https:\/\/ppdegalicia.com\/es\/wp-json\/wp\/v2\/types\/post"}],"author":[{"embeddable":true,"href":"https:\/\/ppdegalicia.com\/es\/wp-json\/wp\/v2\/users\/38"}],"replies":[{"embeddable":true,"href":"https:\/\/ppdegalicia.com\/es\/wp-json\/wp\/v2\/comments?post=69238"}],"version-history":[{"count":1,"href":"https:\/\/ppdegalicia.com\/es\/wp-json\/wp\/v2\/posts\/69238\/revisions"}],"predecessor-version":[{"id":69241,"href":"https:\/\/ppdegalicia.com\/es\/wp-json\/wp\/v2\/posts\/69238\/revisions\/69241"}],"wp:featuredmedia":[{"embeddable":true,"href":"https:\/\/ppdegalicia.com\/es\/wp-json\/wp\/v2\/media\/69239"}],"wp:attachment":[{"href":"https:\/\/ppdegalicia.com\/es\/wp-json\/wp\/v2\/media?parent=69238"}],"wp:term":[{"taxonomy":"category","embeddable":true,"href":"https:\/\/ppdegalicia.com\/es\/wp-json\/wp\/v2\/categories?post=69238"},{"taxonomy":"post_tag","embeddable":true,"href":"https:\/\/ppdegalicia.com\/es\/wp-json\/wp\/v2\/tags?post=69238"}],"curies":[{"name":"wp","href":"https:\/\/api.w.org\/{rel}","templated":true}]}}