{"id":69242,"date":"2025-11-27T16:10:01","date_gmt":"2025-11-27T15:10:01","guid":{"rendered":"https:\/\/ppdegalicia.com\/?p=69242"},"modified":"2025-11-27T16:10:01","modified_gmt":"2025-11-27T15:10:01","slug":"o-parlamento-galego-insta-a-xunta-a-priorizar-o-desenvolvemento-pleno-autonomo-e-efectivo-das-politicas-que-protexen-e-xestionan-o-litoral-galego","status":"publish","type":"post","link":"https:\/\/ppdegalicia.com\/es\/o-parlamento-galego-insta-a-xunta-a-priorizar-o-desenvolvemento-pleno-autonomo-e-efectivo-das-politicas-que-protexen-e-xestionan-o-litoral-galego\/","title":{"rendered":"O Parlamento galego insta \u00e1 Xunta a priorizar o desenvolvemento pleno, aut\u00f3nomo e efectivo das pol\u00edticas que protexen e xestionan o litoral galego"},"content":{"rendered":"<p>O Parlamento de Galicia aprobou hoxe a proposici\u00f3n non de lei do Grupo Popular, que non contou co apoio de BNG nin de PSdeG, a trav\u00e9s da que se insta \u00e1 Xunta de Galicia a priorizar as acci\u00f3ns que desenvolva no marco da Lei de ordenaci\u00f3n e xesti\u00f3n integrada do litoral de Galicia (Loxilga) e que permitir\u00e1n \u00e1 Comunidade galega desenvolver de xeito pleno, m\u00e1is aut\u00f3nomo e efectivo as pol\u00edticas para protexer e xestionar a nosa costa.<\/p>\n<p>O portavoz popular de Medio Ambiente, Gonzalo Trenor, afirmou que \u201co pasado 1 de xullo de 2025 foi e ser\u00e1 para sempre un dia hist\u00f3rico para Galicia porque \u00e9 cando entra en vigor o decreto polo que esta comunidade asumiu as funci\u00f3ns e servizos traspasados polo Estado en materia de xesti\u00f3n da costa\u201d. \u201cEsta data marcou un fito para a Comunidade aut\u00f3noma, porque desde ent\u00f3n asumimos o autogoberno pleno sobre o noso litoral, a primeira cesi\u00f3n competencial \u00e1 Xunta en 17 anos\u201d, apuntou.<\/p>\n<p><strong>M\u00c1IS ACTUACI\u00d3NS EN MARCHA<\/strong><\/p>\n<p>Neste sentido, lembrou que desde esa data a Xunta xa puxo en marcha o visor web, que recolle a informaci\u00f3n cartogr\u00e1fica necesaria para a aplicaci\u00f3n da norma; creouse a Comisi\u00f3n interdepartamental de coordinaci\u00f3n da ordenaci\u00f3n do litoral; constitu\u00eduse o Foro do Litoral; aprobouse a Estratexia de Econom\u00eda Azul de Galicia 2024-2027; estase traballando nas directrices de ordenaci\u00f3n do litoral; adapt\u00e1ronse os procedementos de competencia auton\u00f3mica de autorizaci\u00f3n na zona de servidume de protecci\u00f3n \u00e1 nova Lei de ordenaci\u00f3n do litoral; unific\u00e1ronse nun formulario todas as solicitudes de autorizaci\u00f3ns no litoral; e creouse o novo servizo Galicia Litoral, co que se ofrece a trav\u00e9s da web da Conseller\u00eda e do 012 informaci\u00f3n sobre consultas ao respecto dos procedementos.<\/p>\n<p>De cara ao futuro, Gonzalo Trenor explicou que a Xunta xa est\u00e1 a traballar no concurso para unificar a est\u00e9tica dos establecementos hostaleiros de tempada e no procedemento integrado para a obtenci\u00f3n de t\u00edtulos no litoral, asociado \u00e1 posta en marcha dun rexistro do litoral que dar\u00e1 conta das autorizaci\u00f3ns e das concesi\u00f3ns outorgadas.<\/p>\n<p>As\u00ed mesmo, o portavoz popular destacou os m\u00e1is de 2 mill\u00f3ns de euros que a Xunta ten previsto investir o vindeiro ano nunha senda que una a Galicia costeira de norte a sur, ao tempo que tam\u00e9n se unificar\u00e1 nunha aplicaci\u00f3n inform\u00e1tica toda a informaci\u00f3n dispo\u00f1ible sobre o litoral galego e se crear\u00e1n reservas de solo nas que desenvolver actuaci\u00f3ns de iniciativa p\u00fablica que contrib\u00faan a mellorar o medio ambiente, o patrimonio natural e o cultural.<\/p>\n<p>Por \u00faltimo, Gonzalo Trenor referiuse \u00e1 revisi\u00f3n e actualizaci\u00f3n do cat\u00e1logo de bens de valor cultural do litoral e o programa de revitalizaci\u00f3n do patrimonio do litoral, que permitan a recuperaci\u00f3n de edificaci\u00f3ns xa existentes de especial valor arquitect\u00f3nico, hist\u00f3rico e cultural, garantindo ao mesmo tempo que os novos usos que se dean a estes inmobles non po\u00f1an en perigo os valores que aconsellaron a s\u00faa protecci\u00f3n cultural.<\/p>\n","protected":false},"excerpt":{"rendered":"<p>O Parlamento de Galicia aprobou hoxe a proposici\u00f3n non de lei do Grupo Popular, que non contou co apoio de BNG nin de PSdeG, a trav\u00e9s da que se insta \u00e1 Xunta de Galicia a priorizar as acci\u00f3ns que desenvolva no marco da Lei de ordenaci\u00f3n e xesti\u00f3n integrada do litoral de Galicia (Loxilga) e [&hellip;]<\/p>\n","protected":false},"author":38,"featured_media":69243,"comment_status":"closed","ping_status":"open","sticky":false,"template":"","format":"standard","meta":{"_acf_changed":false,"footnotes":""},"categories":[1128],"tags":[],"class_list":["post-69242","post","type-post","status-publish","format-standard","has-post-thumbnail","hentry","category-actualidad-parlamento-de-galicia"],"acf":[],"yoast_head":"<!-- This site is optimized with the Yoast SEO plugin v27.3 - https:\/\/yoast.com\/product\/yoast-seo-wordpress\/ -->\n<title>O Parlamento galego insta \u00e1 Xunta a priorizar o desenvolvemento pleno, aut\u00f3nomo e efectivo das pol\u00edticas que protexen e xestionan o litoral galego - PP de Galicia<\/title>\n<meta name=\"description\" content=\"O Parlamento de Galicia aprobou hoxe a proposici\u00f3n non de lei do Grupo Popular, que non contou co apoio de BNG nin de PSdeG, a trav\u00e9s da que se insta \u00e1 Xunta de Galicia a priorizar as acci\u00f3ns que desenvolva no marco da Lei de ordenaci\u00f3n e xesti\u00f3n integrada do litoral de Galicia (Loxilga) e que permitir\u00e1n \u00e1 Comunidade galega desenvolver de xeito pleno, m\u00e1is aut\u00f3nomo e efectivo as pol\u00edticas para protexer e xestionar a nosa costa.\" \/>\n<meta name=\"robots\" content=\"index, follow, max-snippet:-1, max-image-preview:large, max-video-preview:-1\" \/>\n<link rel=\"canonical\" href=\"https:\/\/ppdegalicia.com\/es\/o-parlamento-galego-insta-a-xunta-a-priorizar-o-desenvolvemento-pleno-autonomo-e-efectivo-das-politicas-que-protexen-e-xestionan-o-litoral-galego\/\" \/>\n<meta property=\"og:locale\" content=\"es_ES\" \/>\n<meta property=\"og:type\" content=\"article\" \/>\n<meta property=\"og:title\" content=\"O Parlamento galego insta \u00e1 Xunta a priorizar o desenvolvemento pleno, aut\u00f3nomo e efectivo das pol\u00edticas que protexen e xestionan o litoral galego - PP de Galicia\" \/>\n<meta property=\"og:description\" content=\"O Parlamento de Galicia aprobou hoxe a proposici\u00f3n non de lei do Grupo Popular, que non contou co apoio de BNG nin de PSdeG, a trav\u00e9s da que se insta \u00e1 Xunta de Galicia a priorizar as acci\u00f3ns que desenvolva no marco da Lei de ordenaci\u00f3n e xesti\u00f3n integrada do litoral de Galicia (Loxilga) e que permitir\u00e1n \u00e1 Comunidade galega desenvolver de xeito pleno, m\u00e1is aut\u00f3nomo e efectivo as pol\u00edticas para protexer e xestionar a nosa costa.\" \/>\n<meta property=\"og:url\" content=\"https:\/\/ppdegalicia.com\/es\/o-parlamento-galego-insta-a-xunta-a-priorizar-o-desenvolvemento-pleno-autonomo-e-efectivo-das-politicas-que-protexen-e-xestionan-o-litoral-galego\/\" \/>\n<meta property=\"og:site_name\" content=\"PP de Galicia\" \/>\n<meta property=\"article:publisher\" content=\"https:\/\/www.instagram.com\/ppdegalicia\/\" \/>\n<meta property=\"article:published_time\" content=\"2025-11-27T15:10:01+00:00\" \/>\n<meta property=\"og:image\" content=\"https:\/\/ppdegalicia.com\/wp-content\/uploads\/2025\/11\/20251127_C2-10.jpg\" \/>\n\t<meta property=\"og:image:width\" content=\"2448\" \/>\n\t<meta property=\"og:image:height\" content=\"1632\" \/>\n\t<meta property=\"og:image:type\" content=\"image\/jpeg\" \/>\n<meta name=\"author\" content=\"ppdegaliciaredes\" \/>\n<meta name=\"twitter:card\" content=\"summary_large_image\" \/>\n<meta name=\"twitter:creator\" content=\"@ppdegalicia\" \/>\n<meta name=\"twitter:site\" content=\"@ppdegalicia\" \/>\n<meta name=\"twitter:label1\" content=\"Escrito por\" \/>\n\t<meta name=\"twitter:data1\" content=\"ppdegaliciaredes\" \/>\n\t<meta name=\"twitter:label2\" content=\"Tiempo de lectura\" \/>\n\t<meta name=\"twitter:data2\" content=\"3 minutos\" \/>\n<script type=\"application\/ld+json\" class=\"yoast-schema-graph\">{\"@context\":\"https:\\\/\\\/schema.org\",\"@graph\":[{\"@type\":\"Article\",\"@id\":\"https:\\\/\\\/ppdegalicia.com\\\/es\\\/o-parlamento-galego-insta-a-xunta-a-priorizar-o-desenvolvemento-pleno-autonomo-e-efectivo-das-politicas-que-protexen-e-xestionan-o-litoral-galego\\\/#article\",\"isPartOf\":{\"@id\":\"https:\\\/\\\/ppdegalicia.com\\\/es\\\/o-parlamento-galego-insta-a-xunta-a-priorizar-o-desenvolvemento-pleno-autonomo-e-efectivo-das-politicas-que-protexen-e-xestionan-o-litoral-galego\\\/\"},\"author\":{\"name\":\"ppdegaliciaredes\",\"@id\":\"https:\\\/\\\/ppdegalicia.com\\\/es\\\/#\\\/schema\\\/person\\\/5b822c6f59e872ebdd1142f307dbcb59\"},\"headline\":\"O Parlamento galego insta \u00e1 Xunta a priorizar o desenvolvemento pleno, aut\u00f3nomo e efectivo das pol\u00edticas que protexen e xestionan o litoral galego\",\"datePublished\":\"2025-11-27T15:10:01+00:00\",\"mainEntityOfPage\":{\"@id\":\"https:\\\/\\\/ppdegalicia.com\\\/es\\\/o-parlamento-galego-insta-a-xunta-a-priorizar-o-desenvolvemento-pleno-autonomo-e-efectivo-das-politicas-que-protexen-e-xestionan-o-litoral-galego\\\/\"},\"wordCount\":554,\"publisher\":{\"@id\":\"https:\\\/\\\/ppdegalicia.com\\\/es\\\/#organization\"},\"image\":{\"@id\":\"https:\\\/\\\/ppdegalicia.com\\\/es\\\/o-parlamento-galego-insta-a-xunta-a-priorizar-o-desenvolvemento-pleno-autonomo-e-efectivo-das-politicas-que-protexen-e-xestionan-o-litoral-galego\\\/#primaryimage\"},\"thumbnailUrl\":\"https:\\\/\\\/ppdegalicia.com\\\/wp-content\\\/uploads\\\/2025\\\/11\\\/20251127_C2-10.jpg\",\"articleSection\":[\"Parlamento de Galicia\"],\"inLanguage\":\"es\"},{\"@type\":\"WebPage\",\"@id\":\"https:\\\/\\\/ppdegalicia.com\\\/es\\\/o-parlamento-galego-insta-a-xunta-a-priorizar-o-desenvolvemento-pleno-autonomo-e-efectivo-das-politicas-que-protexen-e-xestionan-o-litoral-galego\\\/\",\"url\":\"https:\\\/\\\/ppdegalicia.com\\\/es\\\/o-parlamento-galego-insta-a-xunta-a-priorizar-o-desenvolvemento-pleno-autonomo-e-efectivo-das-politicas-que-protexen-e-xestionan-o-litoral-galego\\\/\",\"name\":\"O Parlamento galego insta \u00e1 Xunta a priorizar o desenvolvemento pleno, aut\u00f3nomo e efectivo das pol\u00edticas que protexen e xestionan o litoral galego - PP de Galicia\",\"isPartOf\":{\"@id\":\"https:\\\/\\\/ppdegalicia.com\\\/es\\\/#website\"},\"primaryImageOfPage\":{\"@id\":\"https:\\\/\\\/ppdegalicia.com\\\/es\\\/o-parlamento-galego-insta-a-xunta-a-priorizar-o-desenvolvemento-pleno-autonomo-e-efectivo-das-politicas-que-protexen-e-xestionan-o-litoral-galego\\\/#primaryimage\"},\"image\":{\"@id\":\"https:\\\/\\\/ppdegalicia.com\\\/es\\\/o-parlamento-galego-insta-a-xunta-a-priorizar-o-desenvolvemento-pleno-autonomo-e-efectivo-das-politicas-que-protexen-e-xestionan-o-litoral-galego\\\/#primaryimage\"},\"thumbnailUrl\":\"https:\\\/\\\/ppdegalicia.com\\\/wp-content\\\/uploads\\\/2025\\\/11\\\/20251127_C2-10.jpg\",\"datePublished\":\"2025-11-27T15:10:01+00:00\",\"description\":\"O Parlamento de Galicia aprobou hoxe a proposici\u00f3n non de lei do Grupo Popular, que non contou co apoio de BNG nin de PSdeG, a trav\u00e9s da que se insta \u00e1 Xunta de Galicia a priorizar as acci\u00f3ns que desenvolva no marco da Lei de ordenaci\u00f3n e xesti\u00f3n integrada do litoral de Galicia (Loxilga) e que permitir\u00e1n \u00e1 Comunidade galega desenvolver de xeito pleno, m\u00e1is aut\u00f3nomo e efectivo as pol\u00edticas para protexer e xestionar a nosa costa.\",\"breadcrumb\":{\"@id\":\"https:\\\/\\\/ppdegalicia.com\\\/es\\\/o-parlamento-galego-insta-a-xunta-a-priorizar-o-desenvolvemento-pleno-autonomo-e-efectivo-das-politicas-que-protexen-e-xestionan-o-litoral-galego\\\/#breadcrumb\"},\"inLanguage\":\"es\",\"potentialAction\":[{\"@type\":\"ReadAction\",\"target\":[\"https:\\\/\\\/ppdegalicia.com\\\/es\\\/o-parlamento-galego-insta-a-xunta-a-priorizar-o-desenvolvemento-pleno-autonomo-e-efectivo-das-politicas-que-protexen-e-xestionan-o-litoral-galego\\\/\"]}]},{\"@type\":\"ImageObject\",\"inLanguage\":\"es\",\"@id\":\"https:\\\/\\\/ppdegalicia.com\\\/es\\\/o-parlamento-galego-insta-a-xunta-a-priorizar-o-desenvolvemento-pleno-autonomo-e-efectivo-das-politicas-que-protexen-e-xestionan-o-litoral-galego\\\/#primaryimage\",\"url\":\"https:\\\/\\\/ppdegalicia.com\\\/wp-content\\\/uploads\\\/2025\\\/11\\\/20251127_C2-10.jpg\",\"contentUrl\":\"https:\\\/\\\/ppdegalicia.com\\\/wp-content\\\/uploads\\\/2025\\\/11\\\/20251127_C2-10.jpg\",\"width\":2448,\"height\":1632},{\"@type\":\"BreadcrumbList\",\"@id\":\"https:\\\/\\\/ppdegalicia.com\\\/es\\\/o-parlamento-galego-insta-a-xunta-a-priorizar-o-desenvolvemento-pleno-autonomo-e-efectivo-das-politicas-que-protexen-e-xestionan-o-litoral-galego\\\/#breadcrumb\",\"itemListElement\":[{\"@type\":\"ListItem\",\"position\":1,\"name\":\"Portada\",\"item\":\"https:\\\/\\\/ppdegalicia.com\\\/es\\\/\"},{\"@type\":\"ListItem\",\"position\":2,\"name\":\"O Parlamento galego insta \u00e1 Xunta a priorizar o desenvolvemento pleno, aut\u00f3nomo e efectivo das pol\u00edticas que protexen e xestionan o litoral galego\"}]},{\"@type\":\"WebSite\",\"@id\":\"https:\\\/\\\/ppdegalicia.com\\\/es\\\/#website\",\"url\":\"https:\\\/\\\/ppdegalicia.com\\\/es\\\/\",\"name\":\"Partido Popular de Galicia\",\"description\":\"Partido Popular de Galicia\",\"publisher\":{\"@id\":\"https:\\\/\\\/ppdegalicia.com\\\/es\\\/#organization\"},\"alternateName\":\"PP de Galicia\",\"potentialAction\":[{\"@type\":\"SearchAction\",\"target\":{\"@type\":\"EntryPoint\",\"urlTemplate\":\"https:\\\/\\\/ppdegalicia.com\\\/es\\\/?s={search_term_string}\"},\"query-input\":{\"@type\":\"PropertyValueSpecification\",\"valueRequired\":true,\"valueName\":\"search_term_string\"}}],\"inLanguage\":\"es\"},{\"@type\":\"Organization\",\"@id\":\"https:\\\/\\\/ppdegalicia.com\\\/es\\\/#organization\",\"name\":\"Partido Popular de Galicia\",\"alternateName\":\"PP de Galicia\",\"url\":\"https:\\\/\\\/ppdegalicia.com\\\/es\\\/\",\"logo\":{\"@type\":\"ImageObject\",\"inLanguage\":\"es\",\"@id\":\"https:\\\/\\\/ppdegalicia.com\\\/es\\\/#\\\/schema\\\/logo\\\/image\\\/\",\"url\":\"https:\\\/\\\/ppdegalicia.com\\\/wp-content\\\/uploads\\\/2023\\\/04\\\/logoPP512.png\",\"contentUrl\":\"https:\\\/\\\/ppdegalicia.com\\\/wp-content\\\/uploads\\\/2023\\\/04\\\/logoPP512.png\",\"width\":512,\"height\":512,\"caption\":\"Partido Popular de Galicia\"},\"image\":{\"@id\":\"https:\\\/\\\/ppdegalicia.com\\\/es\\\/#\\\/schema\\\/logo\\\/image\\\/\"},\"sameAs\":[\"https:\\\/\\\/www.instagram.com\\\/ppdegalicia\\\/\",\"https:\\\/\\\/x.com\\\/ppdegalicia\",\"https:\\\/\\\/www.tiktok.com\\\/@ppdegalicia\",\"https:\\\/\\\/www.youtube.com\\\/user\\\/ppdegalicia\"]},{\"@type\":\"Person\",\"@id\":\"https:\\\/\\\/ppdegalicia.com\\\/es\\\/#\\\/schema\\\/person\\\/5b822c6f59e872ebdd1142f307dbcb59\",\"name\":\"ppdegaliciaredes\",\"image\":{\"@type\":\"ImageObject\",\"inLanguage\":\"es\",\"@id\":\"https:\\\/\\\/secure.gravatar.com\\\/avatar\\\/3c9179cf0256d00c72a48d1f25783c58b6842cd56e85ef3a572881c8e28ccd59?s=96&d=mm&r=g\",\"url\":\"https:\\\/\\\/secure.gravatar.com\\\/avatar\\\/3c9179cf0256d00c72a48d1f25783c58b6842cd56e85ef3a572881c8e28ccd59?s=96&d=mm&r=g\",\"contentUrl\":\"https:\\\/\\\/secure.gravatar.com\\\/avatar\\\/3c9179cf0256d00c72a48d1f25783c58b6842cd56e85ef3a572881c8e28ccd59?s=96&d=mm&r=g\",\"caption\":\"ppdegaliciaredes\"},\"url\":\"https:\\\/\\\/ppdegalicia.com\\\/es\\\/author\\\/ppdegaliciaredes\\\/\"}]}<\/script>\n<!-- \/ Yoast SEO plugin. -->","yoast_head_json":{"title":"O Parlamento galego insta \u00e1 Xunta a priorizar o desenvolvemento pleno, aut\u00f3nomo e efectivo das pol\u00edticas que protexen e xestionan o litoral galego - PP de Galicia","description":"O Parlamento de Galicia aprobou hoxe a proposici\u00f3n non de lei do Grupo Popular, que non contou co apoio de BNG nin de PSdeG, a trav\u00e9s da que se insta \u00e1 Xunta de Galicia a priorizar as acci\u00f3ns que desenvolva no marco da Lei de ordenaci\u00f3n e xesti\u00f3n integrada do litoral de Galicia (Loxilga) e que permitir\u00e1n \u00e1 Comunidade galega desenvolver de xeito pleno, m\u00e1is aut\u00f3nomo e efectivo as pol\u00edticas para protexer e xestionar a nosa costa.","robots":{"index":"index","follow":"follow","max-snippet":"max-snippet:-1","max-image-preview":"max-image-preview:large","max-video-preview":"max-video-preview:-1"},"canonical":"https:\/\/ppdegalicia.com\/es\/o-parlamento-galego-insta-a-xunta-a-priorizar-o-desenvolvemento-pleno-autonomo-e-efectivo-das-politicas-que-protexen-e-xestionan-o-litoral-galego\/","og_locale":"es_ES","og_type":"article","og_title":"O Parlamento galego insta \u00e1 Xunta a priorizar o desenvolvemento pleno, aut\u00f3nomo e efectivo das pol\u00edticas que protexen e xestionan o litoral galego - PP de Galicia","og_description":"O Parlamento de Galicia aprobou hoxe a proposici\u00f3n non de lei do Grupo Popular, que non contou co apoio de BNG nin de PSdeG, a trav\u00e9s da que se insta \u00e1 Xunta de Galicia a priorizar as acci\u00f3ns que desenvolva no marco da Lei de ordenaci\u00f3n e xesti\u00f3n integrada do litoral de Galicia (Loxilga) e que permitir\u00e1n \u00e1 Comunidade galega desenvolver de xeito pleno, m\u00e1is aut\u00f3nomo e efectivo as pol\u00edticas para protexer e xestionar a nosa costa.","og_url":"https:\/\/ppdegalicia.com\/es\/o-parlamento-galego-insta-a-xunta-a-priorizar-o-desenvolvemento-pleno-autonomo-e-efectivo-das-politicas-que-protexen-e-xestionan-o-litoral-galego\/","og_site_name":"PP de Galicia","article_publisher":"https:\/\/www.instagram.com\/ppdegalicia\/","article_published_time":"2025-11-27T15:10:01+00:00","og_image":[{"width":2448,"height":1632,"url":"https:\/\/ppdegalicia.com\/wp-content\/uploads\/2025\/11\/20251127_C2-10.jpg","type":"image\/jpeg"}],"author":"ppdegaliciaredes","twitter_card":"summary_large_image","twitter_creator":"@ppdegalicia","twitter_site":"@ppdegalicia","twitter_misc":{"Escrito por":"ppdegaliciaredes","Tiempo de lectura":"3 minutos"},"schema":{"@context":"https:\/\/schema.org","@graph":[{"@type":"Article","@id":"https:\/\/ppdegalicia.com\/es\/o-parlamento-galego-insta-a-xunta-a-priorizar-o-desenvolvemento-pleno-autonomo-e-efectivo-das-politicas-que-protexen-e-xestionan-o-litoral-galego\/#article","isPartOf":{"@id":"https:\/\/ppdegalicia.com\/es\/o-parlamento-galego-insta-a-xunta-a-priorizar-o-desenvolvemento-pleno-autonomo-e-efectivo-das-politicas-que-protexen-e-xestionan-o-litoral-galego\/"},"author":{"name":"ppdegaliciaredes","@id":"https:\/\/ppdegalicia.com\/es\/#\/schema\/person\/5b822c6f59e872ebdd1142f307dbcb59"},"headline":"O Parlamento galego insta \u00e1 Xunta a priorizar o desenvolvemento pleno, aut\u00f3nomo e efectivo das pol\u00edticas que protexen e xestionan o litoral galego","datePublished":"2025-11-27T15:10:01+00:00","mainEntityOfPage":{"@id":"https:\/\/ppdegalicia.com\/es\/o-parlamento-galego-insta-a-xunta-a-priorizar-o-desenvolvemento-pleno-autonomo-e-efectivo-das-politicas-que-protexen-e-xestionan-o-litoral-galego\/"},"wordCount":554,"publisher":{"@id":"https:\/\/ppdegalicia.com\/es\/#organization"},"image":{"@id":"https:\/\/ppdegalicia.com\/es\/o-parlamento-galego-insta-a-xunta-a-priorizar-o-desenvolvemento-pleno-autonomo-e-efectivo-das-politicas-que-protexen-e-xestionan-o-litoral-galego\/#primaryimage"},"thumbnailUrl":"https:\/\/ppdegalicia.com\/wp-content\/uploads\/2025\/11\/20251127_C2-10.jpg","articleSection":["Parlamento de Galicia"],"inLanguage":"es"},{"@type":"WebPage","@id":"https:\/\/ppdegalicia.com\/es\/o-parlamento-galego-insta-a-xunta-a-priorizar-o-desenvolvemento-pleno-autonomo-e-efectivo-das-politicas-que-protexen-e-xestionan-o-litoral-galego\/","url":"https:\/\/ppdegalicia.com\/es\/o-parlamento-galego-insta-a-xunta-a-priorizar-o-desenvolvemento-pleno-autonomo-e-efectivo-das-politicas-que-protexen-e-xestionan-o-litoral-galego\/","name":"O Parlamento galego insta \u00e1 Xunta a priorizar o desenvolvemento pleno, aut\u00f3nomo e efectivo das pol\u00edticas que protexen e xestionan o litoral galego - PP de Galicia","isPartOf":{"@id":"https:\/\/ppdegalicia.com\/es\/#website"},"primaryImageOfPage":{"@id":"https:\/\/ppdegalicia.com\/es\/o-parlamento-galego-insta-a-xunta-a-priorizar-o-desenvolvemento-pleno-autonomo-e-efectivo-das-politicas-que-protexen-e-xestionan-o-litoral-galego\/#primaryimage"},"image":{"@id":"https:\/\/ppdegalicia.com\/es\/o-parlamento-galego-insta-a-xunta-a-priorizar-o-desenvolvemento-pleno-autonomo-e-efectivo-das-politicas-que-protexen-e-xestionan-o-litoral-galego\/#primaryimage"},"thumbnailUrl":"https:\/\/ppdegalicia.com\/wp-content\/uploads\/2025\/11\/20251127_C2-10.jpg","datePublished":"2025-11-27T15:10:01+00:00","description":"O Parlamento de Galicia aprobou hoxe a proposici\u00f3n non de lei do Grupo Popular, que non contou co apoio de BNG nin de PSdeG, a trav\u00e9s da que se insta \u00e1 Xunta de Galicia a priorizar as acci\u00f3ns que desenvolva no marco da Lei de ordenaci\u00f3n e xesti\u00f3n integrada do litoral de Galicia (Loxilga) e que permitir\u00e1n \u00e1 Comunidade galega desenvolver de xeito pleno, m\u00e1is aut\u00f3nomo e efectivo as pol\u00edticas para protexer e xestionar a nosa costa.","breadcrumb":{"@id":"https:\/\/ppdegalicia.com\/es\/o-parlamento-galego-insta-a-xunta-a-priorizar-o-desenvolvemento-pleno-autonomo-e-efectivo-das-politicas-que-protexen-e-xestionan-o-litoral-galego\/#breadcrumb"},"inLanguage":"es","potentialAction":[{"@type":"ReadAction","target":["https:\/\/ppdegalicia.com\/es\/o-parlamento-galego-insta-a-xunta-a-priorizar-o-desenvolvemento-pleno-autonomo-e-efectivo-das-politicas-que-protexen-e-xestionan-o-litoral-galego\/"]}]},{"@type":"ImageObject","inLanguage":"es","@id":"https:\/\/ppdegalicia.com\/es\/o-parlamento-galego-insta-a-xunta-a-priorizar-o-desenvolvemento-pleno-autonomo-e-efectivo-das-politicas-que-protexen-e-xestionan-o-litoral-galego\/#primaryimage","url":"https:\/\/ppdegalicia.com\/wp-content\/uploads\/2025\/11\/20251127_C2-10.jpg","contentUrl":"https:\/\/ppdegalicia.com\/wp-content\/uploads\/2025\/11\/20251127_C2-10.jpg","width":2448,"height":1632},{"@type":"BreadcrumbList","@id":"https:\/\/ppdegalicia.com\/es\/o-parlamento-galego-insta-a-xunta-a-priorizar-o-desenvolvemento-pleno-autonomo-e-efectivo-das-politicas-que-protexen-e-xestionan-o-litoral-galego\/#breadcrumb","itemListElement":[{"@type":"ListItem","position":1,"name":"Portada","item":"https:\/\/ppdegalicia.com\/es\/"},{"@type":"ListItem","position":2,"name":"O Parlamento galego insta \u00e1 Xunta a priorizar o desenvolvemento pleno, aut\u00f3nomo e efectivo das pol\u00edticas que protexen e xestionan o litoral galego"}]},{"@type":"WebSite","@id":"https:\/\/ppdegalicia.com\/es\/#website","url":"https:\/\/ppdegalicia.com\/es\/","name":"Partido Popular de Galicia","description":"Partido Popular de Galicia","publisher":{"@id":"https:\/\/ppdegalicia.com\/es\/#organization"},"alternateName":"PP de Galicia","potentialAction":[{"@type":"SearchAction","target":{"@type":"EntryPoint","urlTemplate":"https:\/\/ppdegalicia.com\/es\/?s={search_term_string}"},"query-input":{"@type":"PropertyValueSpecification","valueRequired":true,"valueName":"search_term_string"}}],"inLanguage":"es"},{"@type":"Organization","@id":"https:\/\/ppdegalicia.com\/es\/#organization","name":"Partido Popular de Galicia","alternateName":"PP de Galicia","url":"https:\/\/ppdegalicia.com\/es\/","logo":{"@type":"ImageObject","inLanguage":"es","@id":"https:\/\/ppdegalicia.com\/es\/#\/schema\/logo\/image\/","url":"https:\/\/ppdegalicia.com\/wp-content\/uploads\/2023\/04\/logoPP512.png","contentUrl":"https:\/\/ppdegalicia.com\/wp-content\/uploads\/2023\/04\/logoPP512.png","width":512,"height":512,"caption":"Partido Popular de Galicia"},"image":{"@id":"https:\/\/ppdegalicia.com\/es\/#\/schema\/logo\/image\/"},"sameAs":["https:\/\/www.instagram.com\/ppdegalicia\/","https:\/\/x.com\/ppdegalicia","https:\/\/www.tiktok.com\/@ppdegalicia","https:\/\/www.youtube.com\/user\/ppdegalicia"]},{"@type":"Person","@id":"https:\/\/ppdegalicia.com\/es\/#\/schema\/person\/5b822c6f59e872ebdd1142f307dbcb59","name":"ppdegaliciaredes","image":{"@type":"ImageObject","inLanguage":"es","@id":"https:\/\/secure.gravatar.com\/avatar\/3c9179cf0256d00c72a48d1f25783c58b6842cd56e85ef3a572881c8e28ccd59?s=96&d=mm&r=g","url":"https:\/\/secure.gravatar.com\/avatar\/3c9179cf0256d00c72a48d1f25783c58b6842cd56e85ef3a572881c8e28ccd59?s=96&d=mm&r=g","contentUrl":"https:\/\/secure.gravatar.com\/avatar\/3c9179cf0256d00c72a48d1f25783c58b6842cd56e85ef3a572881c8e28ccd59?s=96&d=mm&r=g","caption":"ppdegaliciaredes"},"url":"https:\/\/ppdegalicia.com\/es\/author\/ppdegaliciaredes\/"}]}},"_links":{"self":[{"href":"https:\/\/ppdegalicia.com\/es\/wp-json\/wp\/v2\/posts\/69242","targetHints":{"allow":["GET"]}}],"collection":[{"href":"https:\/\/ppdegalicia.com\/es\/wp-json\/wp\/v2\/posts"}],"about":[{"href":"https:\/\/ppdegalicia.com\/es\/wp-json\/wp\/v2\/types\/post"}],"author":[{"embeddable":true,"href":"https:\/\/ppdegalicia.com\/es\/wp-json\/wp\/v2\/users\/38"}],"replies":[{"embeddable":true,"href":"https:\/\/ppdegalicia.com\/es\/wp-json\/wp\/v2\/comments?post=69242"}],"version-history":[{"count":1,"href":"https:\/\/ppdegalicia.com\/es\/wp-json\/wp\/v2\/posts\/69242\/revisions"}],"predecessor-version":[{"id":69245,"href":"https:\/\/ppdegalicia.com\/es\/wp-json\/wp\/v2\/posts\/69242\/revisions\/69245"}],"wp:featuredmedia":[{"embeddable":true,"href":"https:\/\/ppdegalicia.com\/es\/wp-json\/wp\/v2\/media\/69243"}],"wp:attachment":[{"href":"https:\/\/ppdegalicia.com\/es\/wp-json\/wp\/v2\/media?parent=69242"}],"wp:term":[{"taxonomy":"category","embeddable":true,"href":"https:\/\/ppdegalicia.com\/es\/wp-json\/wp\/v2\/categories?post=69242"},{"taxonomy":"post_tag","embeddable":true,"href":"https:\/\/ppdegalicia.com\/es\/wp-json\/wp\/v2\/tags?post=69242"}],"curies":[{"name":"wp","href":"https:\/\/api.w.org\/{rel}","templated":true}]}}