{"id":69273,"date":"2025-11-28T11:03:21","date_gmt":"2025-11-28T10:03:21","guid":{"rendered":"https:\/\/ppdegalicia.com\/?p=69273"},"modified":"2025-12-01T11:11:28","modified_gmt":"2025-12-01T10:11:28","slug":"o-ppdeg-sublina-que-as-modificacions-previstas-para-a-lei-do-patrimonio-cultural-responden-as-demandas-dos-concellos","status":"publish","type":"post","link":"https:\/\/ppdegalicia.com\/es\/o-ppdeg-sublina-que-as-modificacions-previstas-para-a-lei-do-patrimonio-cultural-responden-as-demandas-dos-concellos\/","title":{"rendered":"O PPdeG subli\u00f1a que as modificaci\u00f3ns previstas para a Lei do patrimonio cultural responden \u00e1s demandas dos concellos"},"content":{"rendered":"<p>Os alcaldes e alcaldesas do Partido Popular subli\u00f1an que as modificaci\u00f3ns previstas para a Lei do patrimonio cultural dan resposta a demandas hist\u00f3ricas dos concellos, xa que permitir\u00e1n adaptar a normativa actual \u00e1 realidade, axilizando tr\u00e1mites e garantindo unha protecci\u00f3n m\u00e1is eficaz do patrimonio cultural.<\/p>\n<p>O portavoz do grupo do PP e vicepresidente da Federaci\u00f3n Galega de Municipios e Provincias (Fegamp), \u00c1ngel Moldes, sost\u00e9n que estes cambios, previstos na Lei de acompa\u00f1amento dos Orzamentos, incluso van evitar que moitos concellos te\u00f1an que renunciar ou perder axudas por non dispo\u00f1er a tempo das autorizaci\u00f3ns necesarias, unha situaci\u00f3n habitual neste momento.<\/p>\n<p>\u201c\u00c9 unha medida que facilita a vida dos concellos e da cidadan\u00eda. Non se trata dunha delegaci\u00f3n de competencias, sen\u00f3n de axilizar o procedemento para reducir os tempos de espera, tanto por parte da cidadan\u00eda como das instituci\u00f3ns, co obxectivo de que o coidado do noso patrimonio non supo\u00f1a un impedimento para o desenvolvemento de proxectos vitais ou profesionais\u201d, defende.<\/p>\n<p>Por este motivo, Moldes asegura que as declaraci\u00f3ns do presidente da Fegamp non representan o sentir da maior\u00eda dos alcaldes e alcaldesas de Galicia, que levan moitos anos reclamando esta medida.<\/p>\n<p>\u201cA concellos como Poio, que somos un dos municipios de toda Galicia con m\u00e1is bens protexidos, esta medida da Conseller\u00eda de Cultura sup\u00f3n unha oportunidade e un desbloqueo moi importantes\u201d, resalta o tam\u00e9n alcalde poiense, e pon como exemplo que vai permitir axilizar tr\u00e1mites tan b\u00e1sicos como cambiar unha fiestra ou poder reasfaltar unha estrada na que hai un cruceiro protexido. \u201cSon cuesti\u00f3ns b\u00e1sicas que supo\u00f1\u00edan un aut\u00e9ntico problema de permisos e autorizaci\u00f3ns\u201d, engade.<\/p>\n<p>Con todo, puntualiza que se alg\u00fan alcalde considera que esta medida non lle beneficia, sempre poder\u00e1n continuar co procedemento como ata o de agora.<\/p>\n","protected":false},"excerpt":{"rendered":"<p>Os alcaldes e alcaldesas do Partido Popular subli\u00f1an que as modificaci\u00f3ns previstas para a Lei do patrimonio cultural dan resposta a demandas hist\u00f3ricas dos concellos, xa que permitir\u00e1n adaptar a normativa actual \u00e1 realidade, axilizando tr\u00e1mites e garantindo unha protecci\u00f3n m\u00e1is eficaz do patrimonio cultural. O portavoz do grupo do PP e vicepresidente da Federaci\u00f3n [&hellip;]<\/p>\n","protected":false},"author":38,"featured_media":69275,"comment_status":"closed","ping_status":"open","sticky":false,"template":"","format":"standard","meta":{"_acf_changed":false,"footnotes":""},"categories":[1],"tags":[],"class_list":["post-69273","post","type-post","status-publish","format-standard","has-post-thumbnail","hentry","category-pp-de-galicia"],"acf":[],"yoast_head":"<!-- This site is optimized with the Yoast SEO plugin v27.3 - https:\/\/yoast.com\/product\/yoast-seo-wordpress\/ -->\n<title>O PPdeG subli\u00f1a que as modificaci\u00f3ns previstas para a Lei do patrimonio cultural responden \u00e1s demandas dos concellos - PP de Galicia<\/title>\n<meta name=\"description\" content=\"Os alcaldes e alcaldesas do Partido Popular subli\u00f1an que as modificaci\u00f3ns previstas para a Lei do patrimonio cultural dan resposta a demandas hist\u00f3ricas dos concellos, xa que permitir\u00e1n adaptar a normativa actual \u00e1 realidade, axilizando tr\u00e1mites e garantindo unha protecci\u00f3n m\u00e1is eficaz do patrimonio cultural.\" \/>\n<meta name=\"robots\" content=\"index, follow, max-snippet:-1, max-image-preview:large, max-video-preview:-1\" \/>\n<link rel=\"canonical\" href=\"https:\/\/ppdegalicia.com\/es\/o-ppdeg-sublina-que-as-modificacions-previstas-para-a-lei-do-patrimonio-cultural-responden-as-demandas-dos-concellos\/\" \/>\n<meta property=\"og:locale\" content=\"es_ES\" \/>\n<meta property=\"og:type\" content=\"article\" \/>\n<meta property=\"og:title\" content=\"O PPdeG subli\u00f1a que as modificaci\u00f3ns previstas para a Lei do patrimonio cultural responden \u00e1s demandas dos concellos - PP de Galicia\" \/>\n<meta property=\"og:description\" content=\"Os alcaldes e alcaldesas do Partido Popular subli\u00f1an que as modificaci\u00f3ns previstas para a Lei do patrimonio cultural dan resposta a demandas hist\u00f3ricas dos concellos, xa que permitir\u00e1n adaptar a normativa actual \u00e1 realidade, axilizando tr\u00e1mites e garantindo unha protecci\u00f3n m\u00e1is eficaz do patrimonio cultural.\" \/>\n<meta property=\"og:url\" content=\"https:\/\/ppdegalicia.com\/es\/o-ppdeg-sublina-que-as-modificacions-previstas-para-a-lei-do-patrimonio-cultural-responden-as-demandas-dos-concellos\/\" \/>\n<meta property=\"og:site_name\" content=\"PP de Galicia\" \/>\n<meta property=\"article:publisher\" content=\"https:\/\/www.instagram.com\/ppdegalicia\/\" \/>\n<meta property=\"article:published_time\" content=\"2025-11-28T10:03:21+00:00\" \/>\n<meta property=\"article:modified_time\" content=\"2025-12-01T10:11:28+00:00\" \/>\n<meta property=\"og:image\" content=\"https:\/\/ppdegalicia.com\/wp-content\/uploads\/2025\/11\/AngelMoldes_Fegamp-scaled.jpg\" \/>\n\t<meta property=\"og:image:width\" content=\"2560\" \/>\n\t<meta property=\"og:image:height\" content=\"1707\" \/>\n\t<meta property=\"og:image:type\" content=\"image\/jpeg\" \/>\n<meta name=\"author\" content=\"ppdegaliciaredes\" \/>\n<meta name=\"twitter:card\" content=\"summary_large_image\" \/>\n<meta name=\"twitter:creator\" content=\"@ppdegalicia\" \/>\n<meta name=\"twitter:site\" content=\"@ppdegalicia\" \/>\n<meta name=\"twitter:label1\" content=\"Escrito por\" \/>\n\t<meta name=\"twitter:data1\" content=\"ppdegaliciaredes\" \/>\n\t<meta name=\"twitter:label2\" content=\"Tiempo de lectura\" \/>\n\t<meta name=\"twitter:data2\" content=\"2 minutos\" \/>\n<script type=\"application\/ld+json\" class=\"yoast-schema-graph\">{\"@context\":\"https:\\\/\\\/schema.org\",\"@graph\":[{\"@type\":\"Article\",\"@id\":\"https:\\\/\\\/ppdegalicia.com\\\/es\\\/o-ppdeg-sublina-que-as-modificacions-previstas-para-a-lei-do-patrimonio-cultural-responden-as-demandas-dos-concellos\\\/#article\",\"isPartOf\":{\"@id\":\"https:\\\/\\\/ppdegalicia.com\\\/es\\\/o-ppdeg-sublina-que-as-modificacions-previstas-para-a-lei-do-patrimonio-cultural-responden-as-demandas-dos-concellos\\\/\"},\"author\":{\"name\":\"ppdegaliciaredes\",\"@id\":\"https:\\\/\\\/ppdegalicia.com\\\/es\\\/#\\\/schema\\\/person\\\/5b822c6f59e872ebdd1142f307dbcb59\"},\"headline\":\"O PPdeG subli\u00f1a que as modificaci\u00f3ns previstas para a Lei do patrimonio cultural responden \u00e1s demandas dos concellos\",\"datePublished\":\"2025-11-28T10:03:21+00:00\",\"dateModified\":\"2025-12-01T10:11:28+00:00\",\"mainEntityOfPage\":{\"@id\":\"https:\\\/\\\/ppdegalicia.com\\\/es\\\/o-ppdeg-sublina-que-as-modificacions-previstas-para-a-lei-do-patrimonio-cultural-responden-as-demandas-dos-concellos\\\/\"},\"wordCount\":341,\"publisher\":{\"@id\":\"https:\\\/\\\/ppdegalicia.com\\\/es\\\/#organization\"},\"image\":{\"@id\":\"https:\\\/\\\/ppdegalicia.com\\\/es\\\/o-ppdeg-sublina-que-as-modificacions-previstas-para-a-lei-do-patrimonio-cultural-responden-as-demandas-dos-concellos\\\/#primaryimage\"},\"thumbnailUrl\":\"https:\\\/\\\/ppdegalicia.com\\\/wp-content\\\/uploads\\\/2025\\\/11\\\/AngelMoldes_Fegamp-scaled.jpg\",\"articleSection\":[\"PP de Galicia\"],\"inLanguage\":\"es\"},{\"@type\":\"WebPage\",\"@id\":\"https:\\\/\\\/ppdegalicia.com\\\/es\\\/o-ppdeg-sublina-que-as-modificacions-previstas-para-a-lei-do-patrimonio-cultural-responden-as-demandas-dos-concellos\\\/\",\"url\":\"https:\\\/\\\/ppdegalicia.com\\\/es\\\/o-ppdeg-sublina-que-as-modificacions-previstas-para-a-lei-do-patrimonio-cultural-responden-as-demandas-dos-concellos\\\/\",\"name\":\"O PPdeG subli\u00f1a que as modificaci\u00f3ns previstas para a Lei do patrimonio cultural responden \u00e1s demandas dos concellos - PP de Galicia\",\"isPartOf\":{\"@id\":\"https:\\\/\\\/ppdegalicia.com\\\/es\\\/#website\"},\"primaryImageOfPage\":{\"@id\":\"https:\\\/\\\/ppdegalicia.com\\\/es\\\/o-ppdeg-sublina-que-as-modificacions-previstas-para-a-lei-do-patrimonio-cultural-responden-as-demandas-dos-concellos\\\/#primaryimage\"},\"image\":{\"@id\":\"https:\\\/\\\/ppdegalicia.com\\\/es\\\/o-ppdeg-sublina-que-as-modificacions-previstas-para-a-lei-do-patrimonio-cultural-responden-as-demandas-dos-concellos\\\/#primaryimage\"},\"thumbnailUrl\":\"https:\\\/\\\/ppdegalicia.com\\\/wp-content\\\/uploads\\\/2025\\\/11\\\/AngelMoldes_Fegamp-scaled.jpg\",\"datePublished\":\"2025-11-28T10:03:21+00:00\",\"dateModified\":\"2025-12-01T10:11:28+00:00\",\"description\":\"Os alcaldes e alcaldesas do Partido Popular subli\u00f1an que as modificaci\u00f3ns previstas para a Lei do patrimonio cultural dan resposta a demandas hist\u00f3ricas dos concellos, xa que permitir\u00e1n adaptar a normativa actual \u00e1 realidade, axilizando tr\u00e1mites e garantindo unha protecci\u00f3n m\u00e1is eficaz do patrimonio cultural.\",\"breadcrumb\":{\"@id\":\"https:\\\/\\\/ppdegalicia.com\\\/es\\\/o-ppdeg-sublina-que-as-modificacions-previstas-para-a-lei-do-patrimonio-cultural-responden-as-demandas-dos-concellos\\\/#breadcrumb\"},\"inLanguage\":\"es\",\"potentialAction\":[{\"@type\":\"ReadAction\",\"target\":[\"https:\\\/\\\/ppdegalicia.com\\\/es\\\/o-ppdeg-sublina-que-as-modificacions-previstas-para-a-lei-do-patrimonio-cultural-responden-as-demandas-dos-concellos\\\/\"]}]},{\"@type\":\"ImageObject\",\"inLanguage\":\"es\",\"@id\":\"https:\\\/\\\/ppdegalicia.com\\\/es\\\/o-ppdeg-sublina-que-as-modificacions-previstas-para-a-lei-do-patrimonio-cultural-responden-as-demandas-dos-concellos\\\/#primaryimage\",\"url\":\"https:\\\/\\\/ppdegalicia.com\\\/wp-content\\\/uploads\\\/2025\\\/11\\\/AngelMoldes_Fegamp-scaled.jpg\",\"contentUrl\":\"https:\\\/\\\/ppdegalicia.com\\\/wp-content\\\/uploads\\\/2025\\\/11\\\/AngelMoldes_Fegamp-scaled.jpg\",\"width\":2560,\"height\":1707},{\"@type\":\"BreadcrumbList\",\"@id\":\"https:\\\/\\\/ppdegalicia.com\\\/es\\\/o-ppdeg-sublina-que-as-modificacions-previstas-para-a-lei-do-patrimonio-cultural-responden-as-demandas-dos-concellos\\\/#breadcrumb\",\"itemListElement\":[{\"@type\":\"ListItem\",\"position\":1,\"name\":\"Portada\",\"item\":\"https:\\\/\\\/ppdegalicia.com\\\/es\\\/\"},{\"@type\":\"ListItem\",\"position\":2,\"name\":\"O PPdeG subli\u00f1a que as modificaci\u00f3ns previstas para a Lei do patrimonio cultural responden \u00e1s demandas dos concellos\"}]},{\"@type\":\"WebSite\",\"@id\":\"https:\\\/\\\/ppdegalicia.com\\\/es\\\/#website\",\"url\":\"https:\\\/\\\/ppdegalicia.com\\\/es\\\/\",\"name\":\"Partido Popular de Galicia\",\"description\":\"Partido Popular de Galicia\",\"publisher\":{\"@id\":\"https:\\\/\\\/ppdegalicia.com\\\/es\\\/#organization\"},\"alternateName\":\"PP de Galicia\",\"potentialAction\":[{\"@type\":\"SearchAction\",\"target\":{\"@type\":\"EntryPoint\",\"urlTemplate\":\"https:\\\/\\\/ppdegalicia.com\\\/es\\\/?s={search_term_string}\"},\"query-input\":{\"@type\":\"PropertyValueSpecification\",\"valueRequired\":true,\"valueName\":\"search_term_string\"}}],\"inLanguage\":\"es\"},{\"@type\":\"Organization\",\"@id\":\"https:\\\/\\\/ppdegalicia.com\\\/es\\\/#organization\",\"name\":\"Partido Popular de Galicia\",\"alternateName\":\"PP de Galicia\",\"url\":\"https:\\\/\\\/ppdegalicia.com\\\/es\\\/\",\"logo\":{\"@type\":\"ImageObject\",\"inLanguage\":\"es\",\"@id\":\"https:\\\/\\\/ppdegalicia.com\\\/es\\\/#\\\/schema\\\/logo\\\/image\\\/\",\"url\":\"https:\\\/\\\/ppdegalicia.com\\\/wp-content\\\/uploads\\\/2023\\\/04\\\/logoPP512.png\",\"contentUrl\":\"https:\\\/\\\/ppdegalicia.com\\\/wp-content\\\/uploads\\\/2023\\\/04\\\/logoPP512.png\",\"width\":512,\"height\":512,\"caption\":\"Partido Popular de Galicia\"},\"image\":{\"@id\":\"https:\\\/\\\/ppdegalicia.com\\\/es\\\/#\\\/schema\\\/logo\\\/image\\\/\"},\"sameAs\":[\"https:\\\/\\\/www.instagram.com\\\/ppdegalicia\\\/\",\"https:\\\/\\\/x.com\\\/ppdegalicia\",\"https:\\\/\\\/www.tiktok.com\\\/@ppdegalicia\",\"https:\\\/\\\/www.youtube.com\\\/user\\\/ppdegalicia\"]},{\"@type\":\"Person\",\"@id\":\"https:\\\/\\\/ppdegalicia.com\\\/es\\\/#\\\/schema\\\/person\\\/5b822c6f59e872ebdd1142f307dbcb59\",\"name\":\"ppdegaliciaredes\",\"image\":{\"@type\":\"ImageObject\",\"inLanguage\":\"es\",\"@id\":\"https:\\\/\\\/secure.gravatar.com\\\/avatar\\\/3c9179cf0256d00c72a48d1f25783c58b6842cd56e85ef3a572881c8e28ccd59?s=96&d=mm&r=g\",\"url\":\"https:\\\/\\\/secure.gravatar.com\\\/avatar\\\/3c9179cf0256d00c72a48d1f25783c58b6842cd56e85ef3a572881c8e28ccd59?s=96&d=mm&r=g\",\"contentUrl\":\"https:\\\/\\\/secure.gravatar.com\\\/avatar\\\/3c9179cf0256d00c72a48d1f25783c58b6842cd56e85ef3a572881c8e28ccd59?s=96&d=mm&r=g\",\"caption\":\"ppdegaliciaredes\"},\"url\":\"https:\\\/\\\/ppdegalicia.com\\\/es\\\/author\\\/ppdegaliciaredes\\\/\"}]}<\/script>\n<!-- \/ Yoast SEO plugin. -->","yoast_head_json":{"title":"O PPdeG subli\u00f1a que as modificaci\u00f3ns previstas para a Lei do patrimonio cultural responden \u00e1s demandas dos concellos - PP de Galicia","description":"Os alcaldes e alcaldesas do Partido Popular subli\u00f1an que as modificaci\u00f3ns previstas para a Lei do patrimonio cultural dan resposta a demandas hist\u00f3ricas dos concellos, xa que permitir\u00e1n adaptar a normativa actual \u00e1 realidade, axilizando tr\u00e1mites e garantindo unha protecci\u00f3n m\u00e1is eficaz do patrimonio cultural.","robots":{"index":"index","follow":"follow","max-snippet":"max-snippet:-1","max-image-preview":"max-image-preview:large","max-video-preview":"max-video-preview:-1"},"canonical":"https:\/\/ppdegalicia.com\/es\/o-ppdeg-sublina-que-as-modificacions-previstas-para-a-lei-do-patrimonio-cultural-responden-as-demandas-dos-concellos\/","og_locale":"es_ES","og_type":"article","og_title":"O PPdeG subli\u00f1a que as modificaci\u00f3ns previstas para a Lei do patrimonio cultural responden \u00e1s demandas dos concellos - PP de Galicia","og_description":"Os alcaldes e alcaldesas do Partido Popular subli\u00f1an que as modificaci\u00f3ns previstas para a Lei do patrimonio cultural dan resposta a demandas hist\u00f3ricas dos concellos, xa que permitir\u00e1n adaptar a normativa actual \u00e1 realidade, axilizando tr\u00e1mites e garantindo unha protecci\u00f3n m\u00e1is eficaz do patrimonio cultural.","og_url":"https:\/\/ppdegalicia.com\/es\/o-ppdeg-sublina-que-as-modificacions-previstas-para-a-lei-do-patrimonio-cultural-responden-as-demandas-dos-concellos\/","og_site_name":"PP de Galicia","article_publisher":"https:\/\/www.instagram.com\/ppdegalicia\/","article_published_time":"2025-11-28T10:03:21+00:00","article_modified_time":"2025-12-01T10:11:28+00:00","og_image":[{"width":2560,"height":1707,"url":"https:\/\/ppdegalicia.com\/wp-content\/uploads\/2025\/11\/AngelMoldes_Fegamp-scaled.jpg","type":"image\/jpeg"}],"author":"ppdegaliciaredes","twitter_card":"summary_large_image","twitter_creator":"@ppdegalicia","twitter_site":"@ppdegalicia","twitter_misc":{"Escrito por":"ppdegaliciaredes","Tiempo de lectura":"2 minutos"},"schema":{"@context":"https:\/\/schema.org","@graph":[{"@type":"Article","@id":"https:\/\/ppdegalicia.com\/es\/o-ppdeg-sublina-que-as-modificacions-previstas-para-a-lei-do-patrimonio-cultural-responden-as-demandas-dos-concellos\/#article","isPartOf":{"@id":"https:\/\/ppdegalicia.com\/es\/o-ppdeg-sublina-que-as-modificacions-previstas-para-a-lei-do-patrimonio-cultural-responden-as-demandas-dos-concellos\/"},"author":{"name":"ppdegaliciaredes","@id":"https:\/\/ppdegalicia.com\/es\/#\/schema\/person\/5b822c6f59e872ebdd1142f307dbcb59"},"headline":"O PPdeG subli\u00f1a que as modificaci\u00f3ns previstas para a Lei do patrimonio cultural responden \u00e1s demandas dos concellos","datePublished":"2025-11-28T10:03:21+00:00","dateModified":"2025-12-01T10:11:28+00:00","mainEntityOfPage":{"@id":"https:\/\/ppdegalicia.com\/es\/o-ppdeg-sublina-que-as-modificacions-previstas-para-a-lei-do-patrimonio-cultural-responden-as-demandas-dos-concellos\/"},"wordCount":341,"publisher":{"@id":"https:\/\/ppdegalicia.com\/es\/#organization"},"image":{"@id":"https:\/\/ppdegalicia.com\/es\/o-ppdeg-sublina-que-as-modificacions-previstas-para-a-lei-do-patrimonio-cultural-responden-as-demandas-dos-concellos\/#primaryimage"},"thumbnailUrl":"https:\/\/ppdegalicia.com\/wp-content\/uploads\/2025\/11\/AngelMoldes_Fegamp-scaled.jpg","articleSection":["PP de Galicia"],"inLanguage":"es"},{"@type":"WebPage","@id":"https:\/\/ppdegalicia.com\/es\/o-ppdeg-sublina-que-as-modificacions-previstas-para-a-lei-do-patrimonio-cultural-responden-as-demandas-dos-concellos\/","url":"https:\/\/ppdegalicia.com\/es\/o-ppdeg-sublina-que-as-modificacions-previstas-para-a-lei-do-patrimonio-cultural-responden-as-demandas-dos-concellos\/","name":"O PPdeG subli\u00f1a que as modificaci\u00f3ns previstas para a Lei do patrimonio cultural responden \u00e1s demandas dos concellos - PP de Galicia","isPartOf":{"@id":"https:\/\/ppdegalicia.com\/es\/#website"},"primaryImageOfPage":{"@id":"https:\/\/ppdegalicia.com\/es\/o-ppdeg-sublina-que-as-modificacions-previstas-para-a-lei-do-patrimonio-cultural-responden-as-demandas-dos-concellos\/#primaryimage"},"image":{"@id":"https:\/\/ppdegalicia.com\/es\/o-ppdeg-sublina-que-as-modificacions-previstas-para-a-lei-do-patrimonio-cultural-responden-as-demandas-dos-concellos\/#primaryimage"},"thumbnailUrl":"https:\/\/ppdegalicia.com\/wp-content\/uploads\/2025\/11\/AngelMoldes_Fegamp-scaled.jpg","datePublished":"2025-11-28T10:03:21+00:00","dateModified":"2025-12-01T10:11:28+00:00","description":"Os alcaldes e alcaldesas do Partido Popular subli\u00f1an que as modificaci\u00f3ns previstas para a Lei do patrimonio cultural dan resposta a demandas hist\u00f3ricas dos concellos, xa que permitir\u00e1n adaptar a normativa actual \u00e1 realidade, axilizando tr\u00e1mites e garantindo unha protecci\u00f3n m\u00e1is eficaz do patrimonio cultural.","breadcrumb":{"@id":"https:\/\/ppdegalicia.com\/es\/o-ppdeg-sublina-que-as-modificacions-previstas-para-a-lei-do-patrimonio-cultural-responden-as-demandas-dos-concellos\/#breadcrumb"},"inLanguage":"es","potentialAction":[{"@type":"ReadAction","target":["https:\/\/ppdegalicia.com\/es\/o-ppdeg-sublina-que-as-modificacions-previstas-para-a-lei-do-patrimonio-cultural-responden-as-demandas-dos-concellos\/"]}]},{"@type":"ImageObject","inLanguage":"es","@id":"https:\/\/ppdegalicia.com\/es\/o-ppdeg-sublina-que-as-modificacions-previstas-para-a-lei-do-patrimonio-cultural-responden-as-demandas-dos-concellos\/#primaryimage","url":"https:\/\/ppdegalicia.com\/wp-content\/uploads\/2025\/11\/AngelMoldes_Fegamp-scaled.jpg","contentUrl":"https:\/\/ppdegalicia.com\/wp-content\/uploads\/2025\/11\/AngelMoldes_Fegamp-scaled.jpg","width":2560,"height":1707},{"@type":"BreadcrumbList","@id":"https:\/\/ppdegalicia.com\/es\/o-ppdeg-sublina-que-as-modificacions-previstas-para-a-lei-do-patrimonio-cultural-responden-as-demandas-dos-concellos\/#breadcrumb","itemListElement":[{"@type":"ListItem","position":1,"name":"Portada","item":"https:\/\/ppdegalicia.com\/es\/"},{"@type":"ListItem","position":2,"name":"O PPdeG subli\u00f1a que as modificaci\u00f3ns previstas para a Lei do patrimonio cultural responden \u00e1s demandas dos concellos"}]},{"@type":"WebSite","@id":"https:\/\/ppdegalicia.com\/es\/#website","url":"https:\/\/ppdegalicia.com\/es\/","name":"Partido Popular de Galicia","description":"Partido Popular de Galicia","publisher":{"@id":"https:\/\/ppdegalicia.com\/es\/#organization"},"alternateName":"PP de Galicia","potentialAction":[{"@type":"SearchAction","target":{"@type":"EntryPoint","urlTemplate":"https:\/\/ppdegalicia.com\/es\/?s={search_term_string}"},"query-input":{"@type":"PropertyValueSpecification","valueRequired":true,"valueName":"search_term_string"}}],"inLanguage":"es"},{"@type":"Organization","@id":"https:\/\/ppdegalicia.com\/es\/#organization","name":"Partido Popular de Galicia","alternateName":"PP de Galicia","url":"https:\/\/ppdegalicia.com\/es\/","logo":{"@type":"ImageObject","inLanguage":"es","@id":"https:\/\/ppdegalicia.com\/es\/#\/schema\/logo\/image\/","url":"https:\/\/ppdegalicia.com\/wp-content\/uploads\/2023\/04\/logoPP512.png","contentUrl":"https:\/\/ppdegalicia.com\/wp-content\/uploads\/2023\/04\/logoPP512.png","width":512,"height":512,"caption":"Partido Popular de Galicia"},"image":{"@id":"https:\/\/ppdegalicia.com\/es\/#\/schema\/logo\/image\/"},"sameAs":["https:\/\/www.instagram.com\/ppdegalicia\/","https:\/\/x.com\/ppdegalicia","https:\/\/www.tiktok.com\/@ppdegalicia","https:\/\/www.youtube.com\/user\/ppdegalicia"]},{"@type":"Person","@id":"https:\/\/ppdegalicia.com\/es\/#\/schema\/person\/5b822c6f59e872ebdd1142f307dbcb59","name":"ppdegaliciaredes","image":{"@type":"ImageObject","inLanguage":"es","@id":"https:\/\/secure.gravatar.com\/avatar\/3c9179cf0256d00c72a48d1f25783c58b6842cd56e85ef3a572881c8e28ccd59?s=96&d=mm&r=g","url":"https:\/\/secure.gravatar.com\/avatar\/3c9179cf0256d00c72a48d1f25783c58b6842cd56e85ef3a572881c8e28ccd59?s=96&d=mm&r=g","contentUrl":"https:\/\/secure.gravatar.com\/avatar\/3c9179cf0256d00c72a48d1f25783c58b6842cd56e85ef3a572881c8e28ccd59?s=96&d=mm&r=g","caption":"ppdegaliciaredes"},"url":"https:\/\/ppdegalicia.com\/es\/author\/ppdegaliciaredes\/"}]}},"_links":{"self":[{"href":"https:\/\/ppdegalicia.com\/es\/wp-json\/wp\/v2\/posts\/69273","targetHints":{"allow":["GET"]}}],"collection":[{"href":"https:\/\/ppdegalicia.com\/es\/wp-json\/wp\/v2\/posts"}],"about":[{"href":"https:\/\/ppdegalicia.com\/es\/wp-json\/wp\/v2\/types\/post"}],"author":[{"embeddable":true,"href":"https:\/\/ppdegalicia.com\/es\/wp-json\/wp\/v2\/users\/38"}],"replies":[{"embeddable":true,"href":"https:\/\/ppdegalicia.com\/es\/wp-json\/wp\/v2\/comments?post=69273"}],"version-history":[{"count":1,"href":"https:\/\/ppdegalicia.com\/es\/wp-json\/wp\/v2\/posts\/69273\/revisions"}],"predecessor-version":[{"id":69274,"href":"https:\/\/ppdegalicia.com\/es\/wp-json\/wp\/v2\/posts\/69273\/revisions\/69274"}],"wp:featuredmedia":[{"embeddable":true,"href":"https:\/\/ppdegalicia.com\/es\/wp-json\/wp\/v2\/media\/69275"}],"wp:attachment":[{"href":"https:\/\/ppdegalicia.com\/es\/wp-json\/wp\/v2\/media?parent=69273"}],"wp:term":[{"taxonomy":"category","embeddable":true,"href":"https:\/\/ppdegalicia.com\/es\/wp-json\/wp\/v2\/categories?post=69273"},{"taxonomy":"post_tag","embeddable":true,"href":"https:\/\/ppdegalicia.com\/es\/wp-json\/wp\/v2\/tags?post=69273"}],"curies":[{"name":"wp","href":"https:\/\/api.w.org\/{rel}","templated":true}]}}