{"id":69277,"date":"2025-11-29T11:08:42","date_gmt":"2025-11-29T10:08:42","guid":{"rendered":"https:\/\/ppdegalicia.com\/?p=69277"},"modified":"2025-12-01T11:09:58","modified_gmt":"2025-12-01T10:09:58","slug":"paula-prado-adianta-que-galicia-estara-ben-representada-na-concentracion-de-madrid-liderada-polo-presidente-rueda","status":"publish","type":"post","link":"https:\/\/ppdegalicia.com\/es\/paula-prado-adianta-que-galicia-estara-ben-representada-na-concentracion-de-madrid-liderada-polo-presidente-rueda\/","title":{"rendered":"Paula Prado adianta que Galicia estar\u00e1 \u201cben representada\u201d na concentraci\u00f3n de Madrid liderada polo presidente Rueda"},"content":{"rendered":"<p>A secretaria xeral do PPdeG, Paula Prado, adiantou hoxe que Galicia estar\u00e1 \u201cben representada\u201d na concentraci\u00f3n que se celebrar\u00e1 este domingo, a partir das 12 do mediod\u00eda, no Templo de Debod de Madrid, e onde a nosa delegaci\u00f3n estar\u00e1 liderada polo presidente Alfonso Rueda.<\/p>\n<p>As\u00ed o subli\u00f1ou en declaraci\u00f3ns aos medios este mediod\u00eda antes de participar na comida de Nadal do Partido Popular de Ortigueira, \u00e1 que asistiron m\u00e1is de 150 persoas e na que o alcalde Valent\u00edn Calv\u00edn exerceu como anfitri\u00f3n.<\/p>\n<p>Prado avanzou que tam\u00e9n ela estar\u00e1 en Madrid, co fin de \u201cprotestar contra os corruptos e contra todos os que os soste\u00f1en\u201d: \u201cTodos os que acompa\u00f1aron a Pedro S\u00e1nchez acabaron no c\u00e1rcere: \u00e9 a m\u00e1xima degradaci\u00f3n dun Goberno e dun partido, o PSOE\u201d.<\/p>\n<p>A n\u00famero dous dos populares galegos fixo un chamamento a \u201cnon permanecer impasibles co que est\u00e1 ocorrendo en Espa\u00f1a, principalmente no Goberno central, e que leva anos afectando directamente a Galicia, porque as preocupaci\u00f3ns de S\u00e1nchez e os seus ministros sempre foron outras\u201d.<\/p>\n<p>Nese sentido, lembrou a etapa de Jos\u00e9 Luis \u00c1balos \u00e1 fronte do Ministerio de Fomento, xa que con el agora no c\u00e1rcere, \u201cp\u00f3dese entender que as prioridades do seu Ministerio eran outras e non, por exemplo, o dereito ao tren de Ferrolterra, Eume e Ortegal\u201d, dixo en referencia \u00e1 mobilizaci\u00f3n que ten lugar ma\u00f1\u00e1 na estaci\u00f3n de tren ferrol\u00e1 e que o Partido Popular tam\u00e9n apoia.<\/p>\n<p>Nese sentido, citou o estado do ferrocarril Ferrol-Ribadeo, con parada en Ortigueira, que \u201csegue en deterioro mentres S\u00e1nchez mira cara a outro lado\u201d.<\/p>\n<p>\u201cPor Espa\u00f1a, por Galicia e por Ortigueira, saiamos ma\u00f1\u00e1 \u00e1 r\u00faa\u201d, conclu\u00edu Prado, dando as grazas ao alcalde, pola invitaci\u00f3n, e desexando un Bo Nadal e un Feliz Ano 2026, avogando por que \u201cse nestas datas \u00e9 importante xuntarnos para celebrar, tam\u00e9n o \u00e9 para analizar o que est\u00e1 ocorrendo en Espa\u00f1a\u201d.<\/p>\n<p>\u201cDESEXAMOS QUE FEIJ\u00d3O CHEGUE CANTO ANTES \u00c1 MONCLOA\u201d<\/p>\n<p>Pola s\u00faa banda, o alcalde Valent\u00edn Calv\u00edn agradeceu a toda a militancia que acudira a esta cita de todos os anos, \u201ccada ano con m\u00e1is persoas\u201d: \u201cIsto \u00e9nchenos de alegr\u00eda para seguir traballando\u201d, subli\u00f1ou.<\/p>\n<p>As\u00ed mesmo, dixo agardar que \u201cen breve haxa citas electorais\u201d, en referencia \u00e1s elecci\u00f3ns xerais, e desexou que Alberto N\u00fa\u00f1ez Feij\u00f3o \u201cchegue \u00e1 Moncloa\u201d. \u201c\u00c9 o que queremos todos que ocorra canto antes\u201d, rematou.<\/p>\n<p>C\u00f3mpre salientar que o Ortegal \u00e9 unha comarca 100% do PP, xa que todos os concellos que a conforman \u2014Cari\u00f1o, Ortigueira, Ma\u00f1\u00f3n e Cerdido\u2014 est\u00e1n gobernados por alcaldes do Partido Popular.<\/p>\n","protected":false},"excerpt":{"rendered":"<p>A secretaria xeral do PPdeG, Paula Prado, adiantou hoxe que Galicia estar\u00e1 \u201cben representada\u201d na concentraci\u00f3n que se celebrar\u00e1 este domingo, a partir das 12 do mediod\u00eda, no Templo de Debod de Madrid, e onde a nosa delegaci\u00f3n estar\u00e1 liderada polo presidente Alfonso Rueda. As\u00ed o subli\u00f1ou en declaraci\u00f3ns aos medios este mediod\u00eda antes de [&hellip;]<\/p>\n","protected":false},"author":38,"featured_media":69278,"comment_status":"closed","ping_status":"open","sticky":false,"template":"","format":"standard","meta":{"_acf_changed":false,"footnotes":""},"categories":[1],"tags":[],"class_list":["post-69277","post","type-post","status-publish","format-standard","has-post-thumbnail","hentry","category-pp-de-galicia"],"acf":[],"yoast_head":"<!-- This site is optimized with the Yoast SEO plugin v27.3 - https:\/\/yoast.com\/product\/yoast-seo-wordpress\/ -->\n<title>Paula Prado adianta que Galicia estar\u00e1 \u201cben representada\u201d na concentraci\u00f3n de Madrid liderada polo presidente Rueda - PP de Galicia<\/title>\n<meta name=\"description\" content=\"A secretaria xeral do PPdeG, Paula Prado, adiantou hoxe que Galicia estar\u00e1 \u201cben representada\u201d na concentraci\u00f3n que se celebrar\u00e1 este domingo, a partir das 12 do mediod\u00eda, no Templo de Debod de Madrid, e onde a nosa delegaci\u00f3n estar\u00e1 liderada polo presidente Alfonso Rueda.\" \/>\n<meta name=\"robots\" content=\"index, follow, max-snippet:-1, max-image-preview:large, max-video-preview:-1\" \/>\n<link rel=\"canonical\" href=\"https:\/\/ppdegalicia.com\/es\/paula-prado-adianta-que-galicia-estara-ben-representada-na-concentracion-de-madrid-liderada-polo-presidente-rueda\/\" \/>\n<meta property=\"og:locale\" content=\"es_ES\" \/>\n<meta property=\"og:type\" content=\"article\" \/>\n<meta property=\"og:title\" content=\"Paula Prado adianta que Galicia estar\u00e1 \u201cben representada\u201d na concentraci\u00f3n de Madrid liderada polo presidente Rueda - PP de Galicia\" \/>\n<meta property=\"og:description\" content=\"A secretaria xeral do PPdeG, Paula Prado, adiantou hoxe que Galicia estar\u00e1 \u201cben representada\u201d na concentraci\u00f3n que se celebrar\u00e1 este domingo, a partir das 12 do mediod\u00eda, no Templo de Debod de Madrid, e onde a nosa delegaci\u00f3n estar\u00e1 liderada polo presidente Alfonso Rueda.\" \/>\n<meta property=\"og:url\" content=\"https:\/\/ppdegalicia.com\/es\/paula-prado-adianta-que-galicia-estara-ben-representada-na-concentracion-de-madrid-liderada-polo-presidente-rueda\/\" \/>\n<meta property=\"og:site_name\" content=\"PP de Galicia\" \/>\n<meta property=\"article:publisher\" content=\"https:\/\/www.instagram.com\/ppdegalicia\/\" \/>\n<meta property=\"article:published_time\" content=\"2025-11-29T10:08:42+00:00\" \/>\n<meta property=\"article:modified_time\" content=\"2025-12-01T10:09:58+00:00\" \/>\n<meta property=\"og:image\" content=\"https:\/\/ppdegalicia.com\/wp-content\/uploads\/2025\/12\/20251129_PPrado_Ortigueira_2-scaled.jpg\" \/>\n\t<meta property=\"og:image:width\" content=\"2560\" \/>\n\t<meta property=\"og:image:height\" content=\"1707\" \/>\n\t<meta property=\"og:image:type\" content=\"image\/jpeg\" \/>\n<meta name=\"author\" content=\"ppdegaliciaredes\" \/>\n<meta name=\"twitter:card\" content=\"summary_large_image\" \/>\n<meta name=\"twitter:creator\" content=\"@ppdegalicia\" \/>\n<meta name=\"twitter:site\" content=\"@ppdegalicia\" \/>\n<meta name=\"twitter:label1\" content=\"Escrito por\" \/>\n\t<meta name=\"twitter:data1\" content=\"ppdegaliciaredes\" \/>\n\t<meta name=\"twitter:label2\" content=\"Tiempo de lectura\" \/>\n\t<meta name=\"twitter:data2\" content=\"3 minutos\" \/>\n<script type=\"application\/ld+json\" class=\"yoast-schema-graph\">{\"@context\":\"https:\\\/\\\/schema.org\",\"@graph\":[{\"@type\":\"Article\",\"@id\":\"https:\\\/\\\/ppdegalicia.com\\\/es\\\/paula-prado-adianta-que-galicia-estara-ben-representada-na-concentracion-de-madrid-liderada-polo-presidente-rueda\\\/#article\",\"isPartOf\":{\"@id\":\"https:\\\/\\\/ppdegalicia.com\\\/es\\\/paula-prado-adianta-que-galicia-estara-ben-representada-na-concentracion-de-madrid-liderada-polo-presidente-rueda\\\/\"},\"author\":{\"name\":\"ppdegaliciaredes\",\"@id\":\"https:\\\/\\\/ppdegalicia.com\\\/es\\\/#\\\/schema\\\/person\\\/5b822c6f59e872ebdd1142f307dbcb59\"},\"headline\":\"Paula Prado adianta que Galicia estar\u00e1 \u201cben representada\u201d na concentraci\u00f3n de Madrid liderada polo presidente Rueda\",\"datePublished\":\"2025-11-29T10:08:42+00:00\",\"dateModified\":\"2025-12-01T10:09:58+00:00\",\"mainEntityOfPage\":{\"@id\":\"https:\\\/\\\/ppdegalicia.com\\\/es\\\/paula-prado-adianta-que-galicia-estara-ben-representada-na-concentracion-de-madrid-liderada-polo-presidente-rueda\\\/\"},\"wordCount\":465,\"publisher\":{\"@id\":\"https:\\\/\\\/ppdegalicia.com\\\/es\\\/#organization\"},\"image\":{\"@id\":\"https:\\\/\\\/ppdegalicia.com\\\/es\\\/paula-prado-adianta-que-galicia-estara-ben-representada-na-concentracion-de-madrid-liderada-polo-presidente-rueda\\\/#primaryimage\"},\"thumbnailUrl\":\"https:\\\/\\\/ppdegalicia.com\\\/wp-content\\\/uploads\\\/2025\\\/12\\\/20251129_PPrado_Ortigueira_2-scaled.jpg\",\"articleSection\":[\"PP de Galicia\"],\"inLanguage\":\"es\"},{\"@type\":\"WebPage\",\"@id\":\"https:\\\/\\\/ppdegalicia.com\\\/es\\\/paula-prado-adianta-que-galicia-estara-ben-representada-na-concentracion-de-madrid-liderada-polo-presidente-rueda\\\/\",\"url\":\"https:\\\/\\\/ppdegalicia.com\\\/es\\\/paula-prado-adianta-que-galicia-estara-ben-representada-na-concentracion-de-madrid-liderada-polo-presidente-rueda\\\/\",\"name\":\"Paula Prado adianta que Galicia estar\u00e1 \u201cben representada\u201d na concentraci\u00f3n de Madrid liderada polo presidente Rueda - PP de Galicia\",\"isPartOf\":{\"@id\":\"https:\\\/\\\/ppdegalicia.com\\\/es\\\/#website\"},\"primaryImageOfPage\":{\"@id\":\"https:\\\/\\\/ppdegalicia.com\\\/es\\\/paula-prado-adianta-que-galicia-estara-ben-representada-na-concentracion-de-madrid-liderada-polo-presidente-rueda\\\/#primaryimage\"},\"image\":{\"@id\":\"https:\\\/\\\/ppdegalicia.com\\\/es\\\/paula-prado-adianta-que-galicia-estara-ben-representada-na-concentracion-de-madrid-liderada-polo-presidente-rueda\\\/#primaryimage\"},\"thumbnailUrl\":\"https:\\\/\\\/ppdegalicia.com\\\/wp-content\\\/uploads\\\/2025\\\/12\\\/20251129_PPrado_Ortigueira_2-scaled.jpg\",\"datePublished\":\"2025-11-29T10:08:42+00:00\",\"dateModified\":\"2025-12-01T10:09:58+00:00\",\"description\":\"A secretaria xeral do PPdeG, Paula Prado, adiantou hoxe que Galicia estar\u00e1 \u201cben representada\u201d na concentraci\u00f3n que se celebrar\u00e1 este domingo, a partir das 12 do mediod\u00eda, no Templo de Debod de Madrid, e onde a nosa delegaci\u00f3n estar\u00e1 liderada polo presidente Alfonso Rueda.\",\"breadcrumb\":{\"@id\":\"https:\\\/\\\/ppdegalicia.com\\\/es\\\/paula-prado-adianta-que-galicia-estara-ben-representada-na-concentracion-de-madrid-liderada-polo-presidente-rueda\\\/#breadcrumb\"},\"inLanguage\":\"es\",\"potentialAction\":[{\"@type\":\"ReadAction\",\"target\":[\"https:\\\/\\\/ppdegalicia.com\\\/es\\\/paula-prado-adianta-que-galicia-estara-ben-representada-na-concentracion-de-madrid-liderada-polo-presidente-rueda\\\/\"]}]},{\"@type\":\"ImageObject\",\"inLanguage\":\"es\",\"@id\":\"https:\\\/\\\/ppdegalicia.com\\\/es\\\/paula-prado-adianta-que-galicia-estara-ben-representada-na-concentracion-de-madrid-liderada-polo-presidente-rueda\\\/#primaryimage\",\"url\":\"https:\\\/\\\/ppdegalicia.com\\\/wp-content\\\/uploads\\\/2025\\\/12\\\/20251129_PPrado_Ortigueira_2-scaled.jpg\",\"contentUrl\":\"https:\\\/\\\/ppdegalicia.com\\\/wp-content\\\/uploads\\\/2025\\\/12\\\/20251129_PPrado_Ortigueira_2-scaled.jpg\",\"width\":2560,\"height\":1707},{\"@type\":\"BreadcrumbList\",\"@id\":\"https:\\\/\\\/ppdegalicia.com\\\/es\\\/paula-prado-adianta-que-galicia-estara-ben-representada-na-concentracion-de-madrid-liderada-polo-presidente-rueda\\\/#breadcrumb\",\"itemListElement\":[{\"@type\":\"ListItem\",\"position\":1,\"name\":\"Portada\",\"item\":\"https:\\\/\\\/ppdegalicia.com\\\/es\\\/\"},{\"@type\":\"ListItem\",\"position\":2,\"name\":\"Paula Prado adianta que Galicia estar\u00e1 \u201cben representada\u201d na concentraci\u00f3n de Madrid liderada polo presidente Rueda\"}]},{\"@type\":\"WebSite\",\"@id\":\"https:\\\/\\\/ppdegalicia.com\\\/es\\\/#website\",\"url\":\"https:\\\/\\\/ppdegalicia.com\\\/es\\\/\",\"name\":\"Partido Popular de Galicia\",\"description\":\"Partido Popular de Galicia\",\"publisher\":{\"@id\":\"https:\\\/\\\/ppdegalicia.com\\\/es\\\/#organization\"},\"alternateName\":\"PP de Galicia\",\"potentialAction\":[{\"@type\":\"SearchAction\",\"target\":{\"@type\":\"EntryPoint\",\"urlTemplate\":\"https:\\\/\\\/ppdegalicia.com\\\/es\\\/?s={search_term_string}\"},\"query-input\":{\"@type\":\"PropertyValueSpecification\",\"valueRequired\":true,\"valueName\":\"search_term_string\"}}],\"inLanguage\":\"es\"},{\"@type\":\"Organization\",\"@id\":\"https:\\\/\\\/ppdegalicia.com\\\/es\\\/#organization\",\"name\":\"Partido Popular de Galicia\",\"alternateName\":\"PP de Galicia\",\"url\":\"https:\\\/\\\/ppdegalicia.com\\\/es\\\/\",\"logo\":{\"@type\":\"ImageObject\",\"inLanguage\":\"es\",\"@id\":\"https:\\\/\\\/ppdegalicia.com\\\/es\\\/#\\\/schema\\\/logo\\\/image\\\/\",\"url\":\"https:\\\/\\\/ppdegalicia.com\\\/wp-content\\\/uploads\\\/2023\\\/04\\\/logoPP512.png\",\"contentUrl\":\"https:\\\/\\\/ppdegalicia.com\\\/wp-content\\\/uploads\\\/2023\\\/04\\\/logoPP512.png\",\"width\":512,\"height\":512,\"caption\":\"Partido Popular de Galicia\"},\"image\":{\"@id\":\"https:\\\/\\\/ppdegalicia.com\\\/es\\\/#\\\/schema\\\/logo\\\/image\\\/\"},\"sameAs\":[\"https:\\\/\\\/www.instagram.com\\\/ppdegalicia\\\/\",\"https:\\\/\\\/x.com\\\/ppdegalicia\",\"https:\\\/\\\/www.tiktok.com\\\/@ppdegalicia\",\"https:\\\/\\\/www.youtube.com\\\/user\\\/ppdegalicia\"]},{\"@type\":\"Person\",\"@id\":\"https:\\\/\\\/ppdegalicia.com\\\/es\\\/#\\\/schema\\\/person\\\/5b822c6f59e872ebdd1142f307dbcb59\",\"name\":\"ppdegaliciaredes\",\"image\":{\"@type\":\"ImageObject\",\"inLanguage\":\"es\",\"@id\":\"https:\\\/\\\/secure.gravatar.com\\\/avatar\\\/3c9179cf0256d00c72a48d1f25783c58b6842cd56e85ef3a572881c8e28ccd59?s=96&d=mm&r=g\",\"url\":\"https:\\\/\\\/secure.gravatar.com\\\/avatar\\\/3c9179cf0256d00c72a48d1f25783c58b6842cd56e85ef3a572881c8e28ccd59?s=96&d=mm&r=g\",\"contentUrl\":\"https:\\\/\\\/secure.gravatar.com\\\/avatar\\\/3c9179cf0256d00c72a48d1f25783c58b6842cd56e85ef3a572881c8e28ccd59?s=96&d=mm&r=g\",\"caption\":\"ppdegaliciaredes\"},\"url\":\"https:\\\/\\\/ppdegalicia.com\\\/es\\\/author\\\/ppdegaliciaredes\\\/\"}]}<\/script>\n<!-- \/ Yoast SEO plugin. -->","yoast_head_json":{"title":"Paula Prado adianta que Galicia estar\u00e1 \u201cben representada\u201d na concentraci\u00f3n de Madrid liderada polo presidente Rueda - PP de Galicia","description":"A secretaria xeral do PPdeG, Paula Prado, adiantou hoxe que Galicia estar\u00e1 \u201cben representada\u201d na concentraci\u00f3n que se celebrar\u00e1 este domingo, a partir das 12 do mediod\u00eda, no Templo de Debod de Madrid, e onde a nosa delegaci\u00f3n estar\u00e1 liderada polo presidente Alfonso Rueda.","robots":{"index":"index","follow":"follow","max-snippet":"max-snippet:-1","max-image-preview":"max-image-preview:large","max-video-preview":"max-video-preview:-1"},"canonical":"https:\/\/ppdegalicia.com\/es\/paula-prado-adianta-que-galicia-estara-ben-representada-na-concentracion-de-madrid-liderada-polo-presidente-rueda\/","og_locale":"es_ES","og_type":"article","og_title":"Paula Prado adianta que Galicia estar\u00e1 \u201cben representada\u201d na concentraci\u00f3n de Madrid liderada polo presidente Rueda - PP de Galicia","og_description":"A secretaria xeral do PPdeG, Paula Prado, adiantou hoxe que Galicia estar\u00e1 \u201cben representada\u201d na concentraci\u00f3n que se celebrar\u00e1 este domingo, a partir das 12 do mediod\u00eda, no Templo de Debod de Madrid, e onde a nosa delegaci\u00f3n estar\u00e1 liderada polo presidente Alfonso Rueda.","og_url":"https:\/\/ppdegalicia.com\/es\/paula-prado-adianta-que-galicia-estara-ben-representada-na-concentracion-de-madrid-liderada-polo-presidente-rueda\/","og_site_name":"PP de Galicia","article_publisher":"https:\/\/www.instagram.com\/ppdegalicia\/","article_published_time":"2025-11-29T10:08:42+00:00","article_modified_time":"2025-12-01T10:09:58+00:00","og_image":[{"width":2560,"height":1707,"url":"https:\/\/ppdegalicia.com\/wp-content\/uploads\/2025\/12\/20251129_PPrado_Ortigueira_2-scaled.jpg","type":"image\/jpeg"}],"author":"ppdegaliciaredes","twitter_card":"summary_large_image","twitter_creator":"@ppdegalicia","twitter_site":"@ppdegalicia","twitter_misc":{"Escrito por":"ppdegaliciaredes","Tiempo de lectura":"3 minutos"},"schema":{"@context":"https:\/\/schema.org","@graph":[{"@type":"Article","@id":"https:\/\/ppdegalicia.com\/es\/paula-prado-adianta-que-galicia-estara-ben-representada-na-concentracion-de-madrid-liderada-polo-presidente-rueda\/#article","isPartOf":{"@id":"https:\/\/ppdegalicia.com\/es\/paula-prado-adianta-que-galicia-estara-ben-representada-na-concentracion-de-madrid-liderada-polo-presidente-rueda\/"},"author":{"name":"ppdegaliciaredes","@id":"https:\/\/ppdegalicia.com\/es\/#\/schema\/person\/5b822c6f59e872ebdd1142f307dbcb59"},"headline":"Paula Prado adianta que Galicia estar\u00e1 \u201cben representada\u201d na concentraci\u00f3n de Madrid liderada polo presidente Rueda","datePublished":"2025-11-29T10:08:42+00:00","dateModified":"2025-12-01T10:09:58+00:00","mainEntityOfPage":{"@id":"https:\/\/ppdegalicia.com\/es\/paula-prado-adianta-que-galicia-estara-ben-representada-na-concentracion-de-madrid-liderada-polo-presidente-rueda\/"},"wordCount":465,"publisher":{"@id":"https:\/\/ppdegalicia.com\/es\/#organization"},"image":{"@id":"https:\/\/ppdegalicia.com\/es\/paula-prado-adianta-que-galicia-estara-ben-representada-na-concentracion-de-madrid-liderada-polo-presidente-rueda\/#primaryimage"},"thumbnailUrl":"https:\/\/ppdegalicia.com\/wp-content\/uploads\/2025\/12\/20251129_PPrado_Ortigueira_2-scaled.jpg","articleSection":["PP de Galicia"],"inLanguage":"es"},{"@type":"WebPage","@id":"https:\/\/ppdegalicia.com\/es\/paula-prado-adianta-que-galicia-estara-ben-representada-na-concentracion-de-madrid-liderada-polo-presidente-rueda\/","url":"https:\/\/ppdegalicia.com\/es\/paula-prado-adianta-que-galicia-estara-ben-representada-na-concentracion-de-madrid-liderada-polo-presidente-rueda\/","name":"Paula Prado adianta que Galicia estar\u00e1 \u201cben representada\u201d na concentraci\u00f3n de Madrid liderada polo presidente Rueda - PP de Galicia","isPartOf":{"@id":"https:\/\/ppdegalicia.com\/es\/#website"},"primaryImageOfPage":{"@id":"https:\/\/ppdegalicia.com\/es\/paula-prado-adianta-que-galicia-estara-ben-representada-na-concentracion-de-madrid-liderada-polo-presidente-rueda\/#primaryimage"},"image":{"@id":"https:\/\/ppdegalicia.com\/es\/paula-prado-adianta-que-galicia-estara-ben-representada-na-concentracion-de-madrid-liderada-polo-presidente-rueda\/#primaryimage"},"thumbnailUrl":"https:\/\/ppdegalicia.com\/wp-content\/uploads\/2025\/12\/20251129_PPrado_Ortigueira_2-scaled.jpg","datePublished":"2025-11-29T10:08:42+00:00","dateModified":"2025-12-01T10:09:58+00:00","description":"A secretaria xeral do PPdeG, Paula Prado, adiantou hoxe que Galicia estar\u00e1 \u201cben representada\u201d na concentraci\u00f3n que se celebrar\u00e1 este domingo, a partir das 12 do mediod\u00eda, no Templo de Debod de Madrid, e onde a nosa delegaci\u00f3n estar\u00e1 liderada polo presidente Alfonso Rueda.","breadcrumb":{"@id":"https:\/\/ppdegalicia.com\/es\/paula-prado-adianta-que-galicia-estara-ben-representada-na-concentracion-de-madrid-liderada-polo-presidente-rueda\/#breadcrumb"},"inLanguage":"es","potentialAction":[{"@type":"ReadAction","target":["https:\/\/ppdegalicia.com\/es\/paula-prado-adianta-que-galicia-estara-ben-representada-na-concentracion-de-madrid-liderada-polo-presidente-rueda\/"]}]},{"@type":"ImageObject","inLanguage":"es","@id":"https:\/\/ppdegalicia.com\/es\/paula-prado-adianta-que-galicia-estara-ben-representada-na-concentracion-de-madrid-liderada-polo-presidente-rueda\/#primaryimage","url":"https:\/\/ppdegalicia.com\/wp-content\/uploads\/2025\/12\/20251129_PPrado_Ortigueira_2-scaled.jpg","contentUrl":"https:\/\/ppdegalicia.com\/wp-content\/uploads\/2025\/12\/20251129_PPrado_Ortigueira_2-scaled.jpg","width":2560,"height":1707},{"@type":"BreadcrumbList","@id":"https:\/\/ppdegalicia.com\/es\/paula-prado-adianta-que-galicia-estara-ben-representada-na-concentracion-de-madrid-liderada-polo-presidente-rueda\/#breadcrumb","itemListElement":[{"@type":"ListItem","position":1,"name":"Portada","item":"https:\/\/ppdegalicia.com\/es\/"},{"@type":"ListItem","position":2,"name":"Paula Prado adianta que Galicia estar\u00e1 \u201cben representada\u201d na concentraci\u00f3n de Madrid liderada polo presidente Rueda"}]},{"@type":"WebSite","@id":"https:\/\/ppdegalicia.com\/es\/#website","url":"https:\/\/ppdegalicia.com\/es\/","name":"Partido Popular de Galicia","description":"Partido Popular de Galicia","publisher":{"@id":"https:\/\/ppdegalicia.com\/es\/#organization"},"alternateName":"PP de Galicia","potentialAction":[{"@type":"SearchAction","target":{"@type":"EntryPoint","urlTemplate":"https:\/\/ppdegalicia.com\/es\/?s={search_term_string}"},"query-input":{"@type":"PropertyValueSpecification","valueRequired":true,"valueName":"search_term_string"}}],"inLanguage":"es"},{"@type":"Organization","@id":"https:\/\/ppdegalicia.com\/es\/#organization","name":"Partido Popular de Galicia","alternateName":"PP de Galicia","url":"https:\/\/ppdegalicia.com\/es\/","logo":{"@type":"ImageObject","inLanguage":"es","@id":"https:\/\/ppdegalicia.com\/es\/#\/schema\/logo\/image\/","url":"https:\/\/ppdegalicia.com\/wp-content\/uploads\/2023\/04\/logoPP512.png","contentUrl":"https:\/\/ppdegalicia.com\/wp-content\/uploads\/2023\/04\/logoPP512.png","width":512,"height":512,"caption":"Partido Popular de Galicia"},"image":{"@id":"https:\/\/ppdegalicia.com\/es\/#\/schema\/logo\/image\/"},"sameAs":["https:\/\/www.instagram.com\/ppdegalicia\/","https:\/\/x.com\/ppdegalicia","https:\/\/www.tiktok.com\/@ppdegalicia","https:\/\/www.youtube.com\/user\/ppdegalicia"]},{"@type":"Person","@id":"https:\/\/ppdegalicia.com\/es\/#\/schema\/person\/5b822c6f59e872ebdd1142f307dbcb59","name":"ppdegaliciaredes","image":{"@type":"ImageObject","inLanguage":"es","@id":"https:\/\/secure.gravatar.com\/avatar\/3c9179cf0256d00c72a48d1f25783c58b6842cd56e85ef3a572881c8e28ccd59?s=96&d=mm&r=g","url":"https:\/\/secure.gravatar.com\/avatar\/3c9179cf0256d00c72a48d1f25783c58b6842cd56e85ef3a572881c8e28ccd59?s=96&d=mm&r=g","contentUrl":"https:\/\/secure.gravatar.com\/avatar\/3c9179cf0256d00c72a48d1f25783c58b6842cd56e85ef3a572881c8e28ccd59?s=96&d=mm&r=g","caption":"ppdegaliciaredes"},"url":"https:\/\/ppdegalicia.com\/es\/author\/ppdegaliciaredes\/"}]}},"_links":{"self":[{"href":"https:\/\/ppdegalicia.com\/es\/wp-json\/wp\/v2\/posts\/69277","targetHints":{"allow":["GET"]}}],"collection":[{"href":"https:\/\/ppdegalicia.com\/es\/wp-json\/wp\/v2\/posts"}],"about":[{"href":"https:\/\/ppdegalicia.com\/es\/wp-json\/wp\/v2\/types\/post"}],"author":[{"embeddable":true,"href":"https:\/\/ppdegalicia.com\/es\/wp-json\/wp\/v2\/users\/38"}],"replies":[{"embeddable":true,"href":"https:\/\/ppdegalicia.com\/es\/wp-json\/wp\/v2\/comments?post=69277"}],"version-history":[{"count":1,"href":"https:\/\/ppdegalicia.com\/es\/wp-json\/wp\/v2\/posts\/69277\/revisions"}],"predecessor-version":[{"id":69280,"href":"https:\/\/ppdegalicia.com\/es\/wp-json\/wp\/v2\/posts\/69277\/revisions\/69280"}],"wp:featuredmedia":[{"embeddable":true,"href":"https:\/\/ppdegalicia.com\/es\/wp-json\/wp\/v2\/media\/69278"}],"wp:attachment":[{"href":"https:\/\/ppdegalicia.com\/es\/wp-json\/wp\/v2\/media?parent=69277"}],"wp:term":[{"taxonomy":"category","embeddable":true,"href":"https:\/\/ppdegalicia.com\/es\/wp-json\/wp\/v2\/categories?post=69277"},{"taxonomy":"post_tag","embeddable":true,"href":"https:\/\/ppdegalicia.com\/es\/wp-json\/wp\/v2\/tags?post=69277"}],"curies":[{"name":"wp","href":"https:\/\/api.w.org\/{rel}","templated":true}]}}