{"id":69281,"date":"2025-11-29T12:59:57","date_gmt":"2025-11-29T11:59:57","guid":{"rendered":"https:\/\/ppdegalicia.com\/?p=69281"},"modified":"2025-12-01T13:01:32","modified_gmt":"2025-12-01T12:01:32","slug":"o-ppdeg-pide-ao-ministerio-de-transportes-que-escoite-o-berro-multitudinario-que-pediu-hoxe-en-caldas-que-abandone-o-proxecto-da-variante-oeste","status":"publish","type":"post","link":"https:\/\/ppdegalicia.com\/es\/o-ppdeg-pide-ao-ministerio-de-transportes-que-escoite-o-berro-multitudinario-que-pediu-hoxe-en-caldas-que-abandone-o-proxecto-da-variante-oeste\/","title":{"rendered":"O PPdeG pide ao Ministerio de Transportes que escoite o \u201cberro multitudinario\u201d que pediu hoxe en Caldas que abandone o proxecto da variante oeste"},"content":{"rendered":"<p>O deputado do Grupo Popular Ra\u00fal Santamar\u00eda esixiu hoxe ao ministro de Transportes que \u201cescoite o berro multitudinario que hoxe en Caldas de Reis pediu que abandone o proxecto da variante oeste desta localidade, e retome o proxecto que conta co respaldo total dos concellos e dos cidad\u00e1ns desde o ano 2008\u201d<\/p>\n<p>Ao remate da concentraci\u00f3n celebrada hoxe en Caldas de Reis contra o proxecto da variante oeste no que traballa o Goberno de Pedro S\u00e1nchez, Ra\u00fal Santamar\u00eda considerou \u201cun desprop\u00f3sito que se aposte por un proxecto novo que multiplica as afecci\u00f3ns a vivendas e propiedades de veci\u00f1os de Caldas de Reis e de Portas respecto do trazado previsto en 2008, ao tempo que deixa incomunicados a moitos veci\u00f1os e empresas\u201d.<\/p>\n<p>\u201cDesde o Partido Popular seguiremos loitando e apoiando aos veci\u00f1os destes concellos ata conseguir que o Ministerio aparque definitivamente este novo proxecto de variante oeste de Caldas, porque un Goberno debe estar para servir e atender as demandas dos cidad\u00e1ns e non pecharse sobre as s\u00faas ideas a\u00ednda que sexa patente os considerables prexuizos que supor\u00e1n para os veci\u00f1os\u201d, sinalou.<\/p>\n","protected":false},"excerpt":{"rendered":"<p>O deputado do Grupo Popular Ra\u00fal Santamar\u00eda esixiu hoxe ao ministro de Transportes que \u201cescoite o berro multitudinario que hoxe en Caldas de Reis pediu que abandone o proxecto da variante oeste desta localidade, e retome o proxecto que conta co respaldo total dos concellos e dos cidad\u00e1ns desde o ano 2008\u201d Ao remate da [&hellip;]<\/p>\n","protected":false},"author":38,"featured_media":69282,"comment_status":"closed","ping_status":"open","sticky":false,"template":"","format":"standard","meta":{"_acf_changed":false,"footnotes":""},"categories":[1128],"tags":[],"class_list":["post-69281","post","type-post","status-publish","format-standard","has-post-thumbnail","hentry","category-actualidad-parlamento-de-galicia"],"acf":[],"yoast_head":"<!-- This site is optimized with the Yoast SEO plugin v27.3 - https:\/\/yoast.com\/product\/yoast-seo-wordpress\/ -->\n<title>O PPdeG pide ao Ministerio de Transportes que escoite o \u201cberro multitudinario\u201d que pediu hoxe en Caldas que abandone o proxecto da variante oeste - PP de Galicia<\/title>\n<meta name=\"description\" content=\"O deputado do Grupo Popular Ra\u00fal Santamar\u00eda esixiu hoxe ao ministro de Transportes que \u201cescoite o berro multitudinario que hoxe en Caldas de Reis pediu que abandone o proxecto da variante oeste desta localidade, e retome o proxecto que conta co respaldo total dos concellos e dos cidad\u00e1ns desde o ano 2008\u201d\" \/>\n<meta name=\"robots\" content=\"index, follow, max-snippet:-1, max-image-preview:large, max-video-preview:-1\" \/>\n<link rel=\"canonical\" href=\"https:\/\/ppdegalicia.com\/es\/o-ppdeg-pide-ao-ministerio-de-transportes-que-escoite-o-berro-multitudinario-que-pediu-hoxe-en-caldas-que-abandone-o-proxecto-da-variante-oeste\/\" \/>\n<meta property=\"og:locale\" content=\"es_ES\" \/>\n<meta property=\"og:type\" content=\"article\" \/>\n<meta property=\"og:title\" content=\"O PPdeG pide ao Ministerio de Transportes que escoite o \u201cberro multitudinario\u201d que pediu hoxe en Caldas que abandone o proxecto da variante oeste - PP de Galicia\" \/>\n<meta property=\"og:description\" content=\"O deputado do Grupo Popular Ra\u00fal Santamar\u00eda esixiu hoxe ao ministro de Transportes que \u201cescoite o berro multitudinario que hoxe en Caldas de Reis pediu que abandone o proxecto da variante oeste desta localidade, e retome o proxecto que conta co respaldo total dos concellos e dos cidad\u00e1ns desde o ano 2008\u201d\" \/>\n<meta property=\"og:url\" content=\"https:\/\/ppdegalicia.com\/es\/o-ppdeg-pide-ao-ministerio-de-transportes-que-escoite-o-berro-multitudinario-que-pediu-hoxe-en-caldas-que-abandone-o-proxecto-da-variante-oeste\/\" \/>\n<meta property=\"og:site_name\" content=\"PP de Galicia\" \/>\n<meta property=\"article:publisher\" content=\"https:\/\/www.instagram.com\/ppdegalicia\/\" \/>\n<meta property=\"article:published_time\" content=\"2025-11-29T11:59:57+00:00\" \/>\n<meta property=\"article:modified_time\" content=\"2025-12-01T12:01:32+00:00\" \/>\n<meta property=\"og:image\" content=\"https:\/\/ppdegalicia.com\/wp-content\/uploads\/2025\/12\/Raul-Santamaria-na-concentracion-contra-a-variante-oeste-de-Caldas-scaled.jpg\" \/>\n\t<meta property=\"og:image:width\" content=\"2560\" \/>\n\t<meta property=\"og:image:height\" content=\"1920\" \/>\n\t<meta property=\"og:image:type\" content=\"image\/jpeg\" \/>\n<meta name=\"author\" content=\"ppdegaliciaredes\" \/>\n<meta name=\"twitter:card\" content=\"summary_large_image\" \/>\n<meta name=\"twitter:creator\" content=\"@ppdegalicia\" \/>\n<meta name=\"twitter:site\" content=\"@ppdegalicia\" \/>\n<meta name=\"twitter:label1\" content=\"Escrito por\" \/>\n\t<meta name=\"twitter:data1\" content=\"ppdegaliciaredes\" \/>\n\t<meta name=\"twitter:label2\" content=\"Tiempo de lectura\" \/>\n\t<meta name=\"twitter:data2\" content=\"2 minutos\" \/>\n<script type=\"application\/ld+json\" class=\"yoast-schema-graph\">{\"@context\":\"https:\\\/\\\/schema.org\",\"@graph\":[{\"@type\":\"Article\",\"@id\":\"https:\\\/\\\/ppdegalicia.com\\\/es\\\/o-ppdeg-pide-ao-ministerio-de-transportes-que-escoite-o-berro-multitudinario-que-pediu-hoxe-en-caldas-que-abandone-o-proxecto-da-variante-oeste\\\/#article\",\"isPartOf\":{\"@id\":\"https:\\\/\\\/ppdegalicia.com\\\/es\\\/o-ppdeg-pide-ao-ministerio-de-transportes-que-escoite-o-berro-multitudinario-que-pediu-hoxe-en-caldas-que-abandone-o-proxecto-da-variante-oeste\\\/\"},\"author\":{\"name\":\"ppdegaliciaredes\",\"@id\":\"https:\\\/\\\/ppdegalicia.com\\\/es\\\/#\\\/schema\\\/person\\\/5b822c6f59e872ebdd1142f307dbcb59\"},\"headline\":\"O PPdeG pide ao Ministerio de Transportes que escoite o \u201cberro multitudinario\u201d que pediu hoxe en Caldas que abandone o proxecto da variante oeste\",\"datePublished\":\"2025-11-29T11:59:57+00:00\",\"dateModified\":\"2025-12-01T12:01:32+00:00\",\"mainEntityOfPage\":{\"@id\":\"https:\\\/\\\/ppdegalicia.com\\\/es\\\/o-ppdeg-pide-ao-ministerio-de-transportes-que-escoite-o-berro-multitudinario-que-pediu-hoxe-en-caldas-que-abandone-o-proxecto-da-variante-oeste\\\/\"},\"wordCount\":220,\"publisher\":{\"@id\":\"https:\\\/\\\/ppdegalicia.com\\\/es\\\/#organization\"},\"image\":{\"@id\":\"https:\\\/\\\/ppdegalicia.com\\\/es\\\/o-ppdeg-pide-ao-ministerio-de-transportes-que-escoite-o-berro-multitudinario-que-pediu-hoxe-en-caldas-que-abandone-o-proxecto-da-variante-oeste\\\/#primaryimage\"},\"thumbnailUrl\":\"https:\\\/\\\/ppdegalicia.com\\\/wp-content\\\/uploads\\\/2025\\\/12\\\/Raul-Santamaria-na-concentracion-contra-a-variante-oeste-de-Caldas-scaled.jpg\",\"articleSection\":[\"Parlamento de Galicia\"],\"inLanguage\":\"es\"},{\"@type\":\"WebPage\",\"@id\":\"https:\\\/\\\/ppdegalicia.com\\\/es\\\/o-ppdeg-pide-ao-ministerio-de-transportes-que-escoite-o-berro-multitudinario-que-pediu-hoxe-en-caldas-que-abandone-o-proxecto-da-variante-oeste\\\/\",\"url\":\"https:\\\/\\\/ppdegalicia.com\\\/es\\\/o-ppdeg-pide-ao-ministerio-de-transportes-que-escoite-o-berro-multitudinario-que-pediu-hoxe-en-caldas-que-abandone-o-proxecto-da-variante-oeste\\\/\",\"name\":\"O PPdeG pide ao Ministerio de Transportes que escoite o \u201cberro multitudinario\u201d que pediu hoxe en Caldas que abandone o proxecto da variante oeste - PP de Galicia\",\"isPartOf\":{\"@id\":\"https:\\\/\\\/ppdegalicia.com\\\/es\\\/#website\"},\"primaryImageOfPage\":{\"@id\":\"https:\\\/\\\/ppdegalicia.com\\\/es\\\/o-ppdeg-pide-ao-ministerio-de-transportes-que-escoite-o-berro-multitudinario-que-pediu-hoxe-en-caldas-que-abandone-o-proxecto-da-variante-oeste\\\/#primaryimage\"},\"image\":{\"@id\":\"https:\\\/\\\/ppdegalicia.com\\\/es\\\/o-ppdeg-pide-ao-ministerio-de-transportes-que-escoite-o-berro-multitudinario-que-pediu-hoxe-en-caldas-que-abandone-o-proxecto-da-variante-oeste\\\/#primaryimage\"},\"thumbnailUrl\":\"https:\\\/\\\/ppdegalicia.com\\\/wp-content\\\/uploads\\\/2025\\\/12\\\/Raul-Santamaria-na-concentracion-contra-a-variante-oeste-de-Caldas-scaled.jpg\",\"datePublished\":\"2025-11-29T11:59:57+00:00\",\"dateModified\":\"2025-12-01T12:01:32+00:00\",\"description\":\"O deputado do Grupo Popular Ra\u00fal Santamar\u00eda esixiu hoxe ao ministro de Transportes que \u201cescoite o berro multitudinario que hoxe en Caldas de Reis pediu que abandone o proxecto da variante oeste desta localidade, e retome o proxecto que conta co respaldo total dos concellos e dos cidad\u00e1ns desde o ano 2008\u201d\",\"breadcrumb\":{\"@id\":\"https:\\\/\\\/ppdegalicia.com\\\/es\\\/o-ppdeg-pide-ao-ministerio-de-transportes-que-escoite-o-berro-multitudinario-que-pediu-hoxe-en-caldas-que-abandone-o-proxecto-da-variante-oeste\\\/#breadcrumb\"},\"inLanguage\":\"es\",\"potentialAction\":[{\"@type\":\"ReadAction\",\"target\":[\"https:\\\/\\\/ppdegalicia.com\\\/es\\\/o-ppdeg-pide-ao-ministerio-de-transportes-que-escoite-o-berro-multitudinario-que-pediu-hoxe-en-caldas-que-abandone-o-proxecto-da-variante-oeste\\\/\"]}]},{\"@type\":\"ImageObject\",\"inLanguage\":\"es\",\"@id\":\"https:\\\/\\\/ppdegalicia.com\\\/es\\\/o-ppdeg-pide-ao-ministerio-de-transportes-que-escoite-o-berro-multitudinario-que-pediu-hoxe-en-caldas-que-abandone-o-proxecto-da-variante-oeste\\\/#primaryimage\",\"url\":\"https:\\\/\\\/ppdegalicia.com\\\/wp-content\\\/uploads\\\/2025\\\/12\\\/Raul-Santamaria-na-concentracion-contra-a-variante-oeste-de-Caldas-scaled.jpg\",\"contentUrl\":\"https:\\\/\\\/ppdegalicia.com\\\/wp-content\\\/uploads\\\/2025\\\/12\\\/Raul-Santamaria-na-concentracion-contra-a-variante-oeste-de-Caldas-scaled.jpg\",\"width\":2560,\"height\":1920},{\"@type\":\"BreadcrumbList\",\"@id\":\"https:\\\/\\\/ppdegalicia.com\\\/es\\\/o-ppdeg-pide-ao-ministerio-de-transportes-que-escoite-o-berro-multitudinario-que-pediu-hoxe-en-caldas-que-abandone-o-proxecto-da-variante-oeste\\\/#breadcrumb\",\"itemListElement\":[{\"@type\":\"ListItem\",\"position\":1,\"name\":\"Portada\",\"item\":\"https:\\\/\\\/ppdegalicia.com\\\/es\\\/\"},{\"@type\":\"ListItem\",\"position\":2,\"name\":\"O PPdeG pide ao Ministerio de Transportes que escoite o \u201cberro multitudinario\u201d que pediu hoxe en Caldas que abandone o proxecto da variante oeste\"}]},{\"@type\":\"WebSite\",\"@id\":\"https:\\\/\\\/ppdegalicia.com\\\/es\\\/#website\",\"url\":\"https:\\\/\\\/ppdegalicia.com\\\/es\\\/\",\"name\":\"Partido Popular de Galicia\",\"description\":\"Partido Popular de Galicia\",\"publisher\":{\"@id\":\"https:\\\/\\\/ppdegalicia.com\\\/es\\\/#organization\"},\"alternateName\":\"PP de Galicia\",\"potentialAction\":[{\"@type\":\"SearchAction\",\"target\":{\"@type\":\"EntryPoint\",\"urlTemplate\":\"https:\\\/\\\/ppdegalicia.com\\\/es\\\/?s={search_term_string}\"},\"query-input\":{\"@type\":\"PropertyValueSpecification\",\"valueRequired\":true,\"valueName\":\"search_term_string\"}}],\"inLanguage\":\"es\"},{\"@type\":\"Organization\",\"@id\":\"https:\\\/\\\/ppdegalicia.com\\\/es\\\/#organization\",\"name\":\"Partido Popular de Galicia\",\"alternateName\":\"PP de Galicia\",\"url\":\"https:\\\/\\\/ppdegalicia.com\\\/es\\\/\",\"logo\":{\"@type\":\"ImageObject\",\"inLanguage\":\"es\",\"@id\":\"https:\\\/\\\/ppdegalicia.com\\\/es\\\/#\\\/schema\\\/logo\\\/image\\\/\",\"url\":\"https:\\\/\\\/ppdegalicia.com\\\/wp-content\\\/uploads\\\/2023\\\/04\\\/logoPP512.png\",\"contentUrl\":\"https:\\\/\\\/ppdegalicia.com\\\/wp-content\\\/uploads\\\/2023\\\/04\\\/logoPP512.png\",\"width\":512,\"height\":512,\"caption\":\"Partido Popular de Galicia\"},\"image\":{\"@id\":\"https:\\\/\\\/ppdegalicia.com\\\/es\\\/#\\\/schema\\\/logo\\\/image\\\/\"},\"sameAs\":[\"https:\\\/\\\/www.instagram.com\\\/ppdegalicia\\\/\",\"https:\\\/\\\/x.com\\\/ppdegalicia\",\"https:\\\/\\\/www.tiktok.com\\\/@ppdegalicia\",\"https:\\\/\\\/www.youtube.com\\\/user\\\/ppdegalicia\"]},{\"@type\":\"Person\",\"@id\":\"https:\\\/\\\/ppdegalicia.com\\\/es\\\/#\\\/schema\\\/person\\\/5b822c6f59e872ebdd1142f307dbcb59\",\"name\":\"ppdegaliciaredes\",\"image\":{\"@type\":\"ImageObject\",\"inLanguage\":\"es\",\"@id\":\"https:\\\/\\\/secure.gravatar.com\\\/avatar\\\/3c9179cf0256d00c72a48d1f25783c58b6842cd56e85ef3a572881c8e28ccd59?s=96&d=mm&r=g\",\"url\":\"https:\\\/\\\/secure.gravatar.com\\\/avatar\\\/3c9179cf0256d00c72a48d1f25783c58b6842cd56e85ef3a572881c8e28ccd59?s=96&d=mm&r=g\",\"contentUrl\":\"https:\\\/\\\/secure.gravatar.com\\\/avatar\\\/3c9179cf0256d00c72a48d1f25783c58b6842cd56e85ef3a572881c8e28ccd59?s=96&d=mm&r=g\",\"caption\":\"ppdegaliciaredes\"},\"url\":\"https:\\\/\\\/ppdegalicia.com\\\/es\\\/author\\\/ppdegaliciaredes\\\/\"}]}<\/script>\n<!-- \/ Yoast SEO plugin. -->","yoast_head_json":{"title":"O PPdeG pide ao Ministerio de Transportes que escoite o \u201cberro multitudinario\u201d que pediu hoxe en Caldas que abandone o proxecto da variante oeste - PP de Galicia","description":"O deputado do Grupo Popular Ra\u00fal Santamar\u00eda esixiu hoxe ao ministro de Transportes que \u201cescoite o berro multitudinario que hoxe en Caldas de Reis pediu que abandone o proxecto da variante oeste desta localidade, e retome o proxecto que conta co respaldo total dos concellos e dos cidad\u00e1ns desde o ano 2008\u201d","robots":{"index":"index","follow":"follow","max-snippet":"max-snippet:-1","max-image-preview":"max-image-preview:large","max-video-preview":"max-video-preview:-1"},"canonical":"https:\/\/ppdegalicia.com\/es\/o-ppdeg-pide-ao-ministerio-de-transportes-que-escoite-o-berro-multitudinario-que-pediu-hoxe-en-caldas-que-abandone-o-proxecto-da-variante-oeste\/","og_locale":"es_ES","og_type":"article","og_title":"O PPdeG pide ao Ministerio de Transportes que escoite o \u201cberro multitudinario\u201d que pediu hoxe en Caldas que abandone o proxecto da variante oeste - PP de Galicia","og_description":"O deputado do Grupo Popular Ra\u00fal Santamar\u00eda esixiu hoxe ao ministro de Transportes que \u201cescoite o berro multitudinario que hoxe en Caldas de Reis pediu que abandone o proxecto da variante oeste desta localidade, e retome o proxecto que conta co respaldo total dos concellos e dos cidad\u00e1ns desde o ano 2008\u201d","og_url":"https:\/\/ppdegalicia.com\/es\/o-ppdeg-pide-ao-ministerio-de-transportes-que-escoite-o-berro-multitudinario-que-pediu-hoxe-en-caldas-que-abandone-o-proxecto-da-variante-oeste\/","og_site_name":"PP de Galicia","article_publisher":"https:\/\/www.instagram.com\/ppdegalicia\/","article_published_time":"2025-11-29T11:59:57+00:00","article_modified_time":"2025-12-01T12:01:32+00:00","og_image":[{"width":2560,"height":1920,"url":"https:\/\/ppdegalicia.com\/wp-content\/uploads\/2025\/12\/Raul-Santamaria-na-concentracion-contra-a-variante-oeste-de-Caldas-scaled.jpg","type":"image\/jpeg"}],"author":"ppdegaliciaredes","twitter_card":"summary_large_image","twitter_creator":"@ppdegalicia","twitter_site":"@ppdegalicia","twitter_misc":{"Escrito por":"ppdegaliciaredes","Tiempo de lectura":"2 minutos"},"schema":{"@context":"https:\/\/schema.org","@graph":[{"@type":"Article","@id":"https:\/\/ppdegalicia.com\/es\/o-ppdeg-pide-ao-ministerio-de-transportes-que-escoite-o-berro-multitudinario-que-pediu-hoxe-en-caldas-que-abandone-o-proxecto-da-variante-oeste\/#article","isPartOf":{"@id":"https:\/\/ppdegalicia.com\/es\/o-ppdeg-pide-ao-ministerio-de-transportes-que-escoite-o-berro-multitudinario-que-pediu-hoxe-en-caldas-que-abandone-o-proxecto-da-variante-oeste\/"},"author":{"name":"ppdegaliciaredes","@id":"https:\/\/ppdegalicia.com\/es\/#\/schema\/person\/5b822c6f59e872ebdd1142f307dbcb59"},"headline":"O PPdeG pide ao Ministerio de Transportes que escoite o \u201cberro multitudinario\u201d que pediu hoxe en Caldas que abandone o proxecto da variante oeste","datePublished":"2025-11-29T11:59:57+00:00","dateModified":"2025-12-01T12:01:32+00:00","mainEntityOfPage":{"@id":"https:\/\/ppdegalicia.com\/es\/o-ppdeg-pide-ao-ministerio-de-transportes-que-escoite-o-berro-multitudinario-que-pediu-hoxe-en-caldas-que-abandone-o-proxecto-da-variante-oeste\/"},"wordCount":220,"publisher":{"@id":"https:\/\/ppdegalicia.com\/es\/#organization"},"image":{"@id":"https:\/\/ppdegalicia.com\/es\/o-ppdeg-pide-ao-ministerio-de-transportes-que-escoite-o-berro-multitudinario-que-pediu-hoxe-en-caldas-que-abandone-o-proxecto-da-variante-oeste\/#primaryimage"},"thumbnailUrl":"https:\/\/ppdegalicia.com\/wp-content\/uploads\/2025\/12\/Raul-Santamaria-na-concentracion-contra-a-variante-oeste-de-Caldas-scaled.jpg","articleSection":["Parlamento de Galicia"],"inLanguage":"es"},{"@type":"WebPage","@id":"https:\/\/ppdegalicia.com\/es\/o-ppdeg-pide-ao-ministerio-de-transportes-que-escoite-o-berro-multitudinario-que-pediu-hoxe-en-caldas-que-abandone-o-proxecto-da-variante-oeste\/","url":"https:\/\/ppdegalicia.com\/es\/o-ppdeg-pide-ao-ministerio-de-transportes-que-escoite-o-berro-multitudinario-que-pediu-hoxe-en-caldas-que-abandone-o-proxecto-da-variante-oeste\/","name":"O PPdeG pide ao Ministerio de Transportes que escoite o \u201cberro multitudinario\u201d que pediu hoxe en Caldas que abandone o proxecto da variante oeste - PP de Galicia","isPartOf":{"@id":"https:\/\/ppdegalicia.com\/es\/#website"},"primaryImageOfPage":{"@id":"https:\/\/ppdegalicia.com\/es\/o-ppdeg-pide-ao-ministerio-de-transportes-que-escoite-o-berro-multitudinario-que-pediu-hoxe-en-caldas-que-abandone-o-proxecto-da-variante-oeste\/#primaryimage"},"image":{"@id":"https:\/\/ppdegalicia.com\/es\/o-ppdeg-pide-ao-ministerio-de-transportes-que-escoite-o-berro-multitudinario-que-pediu-hoxe-en-caldas-que-abandone-o-proxecto-da-variante-oeste\/#primaryimage"},"thumbnailUrl":"https:\/\/ppdegalicia.com\/wp-content\/uploads\/2025\/12\/Raul-Santamaria-na-concentracion-contra-a-variante-oeste-de-Caldas-scaled.jpg","datePublished":"2025-11-29T11:59:57+00:00","dateModified":"2025-12-01T12:01:32+00:00","description":"O deputado do Grupo Popular Ra\u00fal Santamar\u00eda esixiu hoxe ao ministro de Transportes que \u201cescoite o berro multitudinario que hoxe en Caldas de Reis pediu que abandone o proxecto da variante oeste desta localidade, e retome o proxecto que conta co respaldo total dos concellos e dos cidad\u00e1ns desde o ano 2008\u201d","breadcrumb":{"@id":"https:\/\/ppdegalicia.com\/es\/o-ppdeg-pide-ao-ministerio-de-transportes-que-escoite-o-berro-multitudinario-que-pediu-hoxe-en-caldas-que-abandone-o-proxecto-da-variante-oeste\/#breadcrumb"},"inLanguage":"es","potentialAction":[{"@type":"ReadAction","target":["https:\/\/ppdegalicia.com\/es\/o-ppdeg-pide-ao-ministerio-de-transportes-que-escoite-o-berro-multitudinario-que-pediu-hoxe-en-caldas-que-abandone-o-proxecto-da-variante-oeste\/"]}]},{"@type":"ImageObject","inLanguage":"es","@id":"https:\/\/ppdegalicia.com\/es\/o-ppdeg-pide-ao-ministerio-de-transportes-que-escoite-o-berro-multitudinario-que-pediu-hoxe-en-caldas-que-abandone-o-proxecto-da-variante-oeste\/#primaryimage","url":"https:\/\/ppdegalicia.com\/wp-content\/uploads\/2025\/12\/Raul-Santamaria-na-concentracion-contra-a-variante-oeste-de-Caldas-scaled.jpg","contentUrl":"https:\/\/ppdegalicia.com\/wp-content\/uploads\/2025\/12\/Raul-Santamaria-na-concentracion-contra-a-variante-oeste-de-Caldas-scaled.jpg","width":2560,"height":1920},{"@type":"BreadcrumbList","@id":"https:\/\/ppdegalicia.com\/es\/o-ppdeg-pide-ao-ministerio-de-transportes-que-escoite-o-berro-multitudinario-que-pediu-hoxe-en-caldas-que-abandone-o-proxecto-da-variante-oeste\/#breadcrumb","itemListElement":[{"@type":"ListItem","position":1,"name":"Portada","item":"https:\/\/ppdegalicia.com\/es\/"},{"@type":"ListItem","position":2,"name":"O PPdeG pide ao Ministerio de Transportes que escoite o \u201cberro multitudinario\u201d que pediu hoxe en Caldas que abandone o proxecto da variante oeste"}]},{"@type":"WebSite","@id":"https:\/\/ppdegalicia.com\/es\/#website","url":"https:\/\/ppdegalicia.com\/es\/","name":"Partido Popular de Galicia","description":"Partido Popular de Galicia","publisher":{"@id":"https:\/\/ppdegalicia.com\/es\/#organization"},"alternateName":"PP de Galicia","potentialAction":[{"@type":"SearchAction","target":{"@type":"EntryPoint","urlTemplate":"https:\/\/ppdegalicia.com\/es\/?s={search_term_string}"},"query-input":{"@type":"PropertyValueSpecification","valueRequired":true,"valueName":"search_term_string"}}],"inLanguage":"es"},{"@type":"Organization","@id":"https:\/\/ppdegalicia.com\/es\/#organization","name":"Partido Popular de Galicia","alternateName":"PP de Galicia","url":"https:\/\/ppdegalicia.com\/es\/","logo":{"@type":"ImageObject","inLanguage":"es","@id":"https:\/\/ppdegalicia.com\/es\/#\/schema\/logo\/image\/","url":"https:\/\/ppdegalicia.com\/wp-content\/uploads\/2023\/04\/logoPP512.png","contentUrl":"https:\/\/ppdegalicia.com\/wp-content\/uploads\/2023\/04\/logoPP512.png","width":512,"height":512,"caption":"Partido Popular de Galicia"},"image":{"@id":"https:\/\/ppdegalicia.com\/es\/#\/schema\/logo\/image\/"},"sameAs":["https:\/\/www.instagram.com\/ppdegalicia\/","https:\/\/x.com\/ppdegalicia","https:\/\/www.tiktok.com\/@ppdegalicia","https:\/\/www.youtube.com\/user\/ppdegalicia"]},{"@type":"Person","@id":"https:\/\/ppdegalicia.com\/es\/#\/schema\/person\/5b822c6f59e872ebdd1142f307dbcb59","name":"ppdegaliciaredes","image":{"@type":"ImageObject","inLanguage":"es","@id":"https:\/\/secure.gravatar.com\/avatar\/3c9179cf0256d00c72a48d1f25783c58b6842cd56e85ef3a572881c8e28ccd59?s=96&d=mm&r=g","url":"https:\/\/secure.gravatar.com\/avatar\/3c9179cf0256d00c72a48d1f25783c58b6842cd56e85ef3a572881c8e28ccd59?s=96&d=mm&r=g","contentUrl":"https:\/\/secure.gravatar.com\/avatar\/3c9179cf0256d00c72a48d1f25783c58b6842cd56e85ef3a572881c8e28ccd59?s=96&d=mm&r=g","caption":"ppdegaliciaredes"},"url":"https:\/\/ppdegalicia.com\/es\/author\/ppdegaliciaredes\/"}]}},"_links":{"self":[{"href":"https:\/\/ppdegalicia.com\/es\/wp-json\/wp\/v2\/posts\/69281","targetHints":{"allow":["GET"]}}],"collection":[{"href":"https:\/\/ppdegalicia.com\/es\/wp-json\/wp\/v2\/posts"}],"about":[{"href":"https:\/\/ppdegalicia.com\/es\/wp-json\/wp\/v2\/types\/post"}],"author":[{"embeddable":true,"href":"https:\/\/ppdegalicia.com\/es\/wp-json\/wp\/v2\/users\/38"}],"replies":[{"embeddable":true,"href":"https:\/\/ppdegalicia.com\/es\/wp-json\/wp\/v2\/comments?post=69281"}],"version-history":[{"count":1,"href":"https:\/\/ppdegalicia.com\/es\/wp-json\/wp\/v2\/posts\/69281\/revisions"}],"predecessor-version":[{"id":69284,"href":"https:\/\/ppdegalicia.com\/es\/wp-json\/wp\/v2\/posts\/69281\/revisions\/69284"}],"wp:featuredmedia":[{"embeddable":true,"href":"https:\/\/ppdegalicia.com\/es\/wp-json\/wp\/v2\/media\/69282"}],"wp:attachment":[{"href":"https:\/\/ppdegalicia.com\/es\/wp-json\/wp\/v2\/media?parent=69281"}],"wp:term":[{"taxonomy":"category","embeddable":true,"href":"https:\/\/ppdegalicia.com\/es\/wp-json\/wp\/v2\/categories?post=69281"},{"taxonomy":"post_tag","embeddable":true,"href":"https:\/\/ppdegalicia.com\/es\/wp-json\/wp\/v2\/tags?post=69281"}],"curies":[{"name":"wp","href":"https:\/\/api.w.org\/{rel}","templated":true}]}}