{"id":69285,"date":"2025-11-29T13:13:35","date_gmt":"2025-11-29T12:13:35","guid":{"rendered":"https:\/\/ppdegalicia.com\/?p=69285"},"modified":"2025-12-01T13:14:50","modified_gmt":"2025-12-01T12:14:50","slug":"o-ppdeg-amosa-a-atave-o-seu-compromiso-cunha-prevencion-laboral-real-util-e-adaptada-a-todos-os-sectores-produtivos-de-galicia","status":"publish","type":"post","link":"https:\/\/ppdegalicia.com\/es\/o-ppdeg-amosa-a-atave-o-seu-compromiso-cunha-prevencion-laboral-real-util-e-adaptada-a-todos-os-sectores-produtivos-de-galicia\/","title":{"rendered":"O PPdeG amosa a ATAVE o seu compromiso cunha prevenci\u00f3n laboral real, \u00fatil e adaptada a todos os sectores produtivos de Galicia"},"content":{"rendered":"<p>A portavoz de Emprego do Grupo Popular, Noelia P\u00e9rez, amosou a representantes da Asociaci\u00f3n Provincial de Talleres de Reparaci\u00f3n de Veh\u00edculos de Ourense (Atave) o compromiso da Xunta cunha prevenci\u00f3n laboral real, \u00fatil e adaptada a todos os sectores produtivos de Galicia, \u201cporque a seguridade no traballo \u00e9 prioritaria\u201d. Neste sentido, pediu que o Goberno central rectifique e incorpore \u00e1s comunidades aut\u00f3nomas no proceso de modificaci\u00f3n da Lei de prevenci\u00f3n de riscos laborais, xa que \u201cson as que co\u00f1ecen de primeira man as necesidades reais dos centros de traballo e dos sectores produtivos de cada territorio\u201d.<\/p>\n<p>\u201cGalicia non pode quedar calada nin fora dunha mesa de negociaci\u00f3n, na que est\u00e1n presentes Goberno central, sindicatos e empresarios, onde se decide unha lei que aplicamos todos os d\u00edas, polo que seguiremos traballando para que se respecte o autogoberno de Galicia, o noso tecido empresarial e, sobre todo, a sa\u00fade e a seguridade das persoas traballadoras\u201d, incidiu Noelia P\u00e9rez.<\/p>\n<p>No seu encontro cos representantes da Atave, a portavoz popular lembrou que BNG e PSdeG se opuxeran no Parlamento de Galicia \u00e1 demanda ao Goberno central para que incorporara \u00e1s comunidades aut\u00f3nomas no proceso de modificaci\u00f3n da Lei de prevenci\u00f3n de riscos laborais, \u201cdando as costas aos intereses das empresas e dos traballadores galegos\u201d.<\/p>\n<p>Neste sentido, afirmou que \u201cdefendemos que unha lei fundamental para a seguridade laboral das persoas non se pode reformar desde un despacho de Madrid sen contar con quen est\u00e1 cada d\u00eda nos centros de traballo e co Instituto de Seguridade e Sa\u00fade Laboral de Galicia e as administraci\u00f3ns que te\u00f1en que aplicar posteriormente a normativa\u201d.<\/p>\n","protected":false},"excerpt":{"rendered":"<p>A portavoz de Emprego do Grupo Popular, Noelia P\u00e9rez, amosou a representantes da Asociaci\u00f3n Provincial de Talleres de Reparaci\u00f3n de Veh\u00edculos de Ourense (Atave) o compromiso da Xunta cunha prevenci\u00f3n laboral real, \u00fatil e adaptada a todos os sectores produtivos de Galicia, \u201cporque a seguridade no traballo \u00e9 prioritaria\u201d. Neste sentido, pediu que o Goberno [&hellip;]<\/p>\n","protected":false},"author":38,"featured_media":69286,"comment_status":"closed","ping_status":"open","sticky":false,"template":"","format":"standard","meta":{"_acf_changed":false,"footnotes":""},"categories":[1128],"tags":[],"class_list":["post-69285","post","type-post","status-publish","format-standard","has-post-thumbnail","hentry","category-actualidad-parlamento-de-galicia"],"acf":[],"yoast_head":"<!-- This site is optimized with the Yoast SEO plugin v27.3 - https:\/\/yoast.com\/product\/yoast-seo-wordpress\/ -->\n<title>O PPdeG amosa a ATAVE o seu compromiso cunha prevenci\u00f3n laboral real, \u00fatil e adaptada a todos os sectores produtivos de Galicia - PP de Galicia<\/title>\n<meta name=\"description\" content=\"A portavoz de Emprego do Grupo Popular, Noelia P\u00e9rez, amosou a representantes da Asociaci\u00f3n Provincial de Talleres de Reparaci\u00f3n de Veh\u00edculos de Ourense (Atave) o compromiso da Xunta cunha prevenci\u00f3n laboral real, \u00fatil e adaptada a todos os sectores produtivos de Galicia, \u201cporque a seguridade no traballo \u00e9 prioritaria\u201d. Neste sentido, pediu que o Goberno central rectifique e incorpore \u00e1s comunidades aut\u00f3nomas no proceso de modificaci\u00f3n da Lei de prevenci\u00f3n de riscos laborais, xa que \u201cson as que co\u00f1ecen de primeira man as necesidades reais dos centros de traballo e dos sectores produtivos de cada territorio\u201d.\" \/>\n<meta name=\"robots\" content=\"index, follow, max-snippet:-1, max-image-preview:large, max-video-preview:-1\" \/>\n<link rel=\"canonical\" href=\"https:\/\/ppdegalicia.com\/es\/o-ppdeg-amosa-a-atave-o-seu-compromiso-cunha-prevencion-laboral-real-util-e-adaptada-a-todos-os-sectores-produtivos-de-galicia\/\" \/>\n<meta property=\"og:locale\" content=\"es_ES\" \/>\n<meta property=\"og:type\" content=\"article\" \/>\n<meta property=\"og:title\" content=\"O PPdeG amosa a ATAVE o seu compromiso cunha prevenci\u00f3n laboral real, \u00fatil e adaptada a todos os sectores produtivos de Galicia - PP de Galicia\" \/>\n<meta property=\"og:description\" content=\"A portavoz de Emprego do Grupo Popular, Noelia P\u00e9rez, amosou a representantes da Asociaci\u00f3n Provincial de Talleres de Reparaci\u00f3n de Veh\u00edculos de Ourense (Atave) o compromiso da Xunta cunha prevenci\u00f3n laboral real, \u00fatil e adaptada a todos os sectores produtivos de Galicia, \u201cporque a seguridade no traballo \u00e9 prioritaria\u201d. Neste sentido, pediu que o Goberno central rectifique e incorpore \u00e1s comunidades aut\u00f3nomas no proceso de modificaci\u00f3n da Lei de prevenci\u00f3n de riscos laborais, xa que \u201cson as que co\u00f1ecen de primeira man as necesidades reais dos centros de traballo e dos sectores produtivos de cada territorio\u201d.\" \/>\n<meta property=\"og:url\" content=\"https:\/\/ppdegalicia.com\/es\/o-ppdeg-amosa-a-atave-o-seu-compromiso-cunha-prevencion-laboral-real-util-e-adaptada-a-todos-os-sectores-produtivos-de-galicia\/\" \/>\n<meta property=\"og:site_name\" content=\"PP de Galicia\" \/>\n<meta property=\"article:publisher\" content=\"https:\/\/www.instagram.com\/ppdegalicia\/\" \/>\n<meta property=\"article:published_time\" content=\"2025-11-29T12:13:35+00:00\" \/>\n<meta property=\"article:modified_time\" content=\"2025-12-01T12:14:50+00:00\" \/>\n<meta property=\"og:image\" content=\"https:\/\/ppdegalicia.com\/wp-content\/uploads\/2025\/12\/Noelia-Perez-con-representantes-de-ATAVE.jpg\" \/>\n\t<meta property=\"og:image:width\" content=\"1600\" \/>\n\t<meta property=\"og:image:height\" content=\"1200\" \/>\n\t<meta property=\"og:image:type\" content=\"image\/jpeg\" \/>\n<meta name=\"author\" content=\"ppdegaliciaredes\" \/>\n<meta name=\"twitter:card\" content=\"summary_large_image\" \/>\n<meta name=\"twitter:creator\" content=\"@ppdegalicia\" \/>\n<meta name=\"twitter:site\" content=\"@ppdegalicia\" \/>\n<meta name=\"twitter:label1\" content=\"Escrito por\" \/>\n\t<meta name=\"twitter:data1\" content=\"ppdegaliciaredes\" \/>\n\t<meta name=\"twitter:label2\" content=\"Tiempo de lectura\" \/>\n\t<meta name=\"twitter:data2\" content=\"2 minutos\" \/>\n<script type=\"application\/ld+json\" class=\"yoast-schema-graph\">{\"@context\":\"https:\\\/\\\/schema.org\",\"@graph\":[{\"@type\":\"Article\",\"@id\":\"https:\\\/\\\/ppdegalicia.com\\\/es\\\/o-ppdeg-amosa-a-atave-o-seu-compromiso-cunha-prevencion-laboral-real-util-e-adaptada-a-todos-os-sectores-produtivos-de-galicia\\\/#article\",\"isPartOf\":{\"@id\":\"https:\\\/\\\/ppdegalicia.com\\\/es\\\/o-ppdeg-amosa-a-atave-o-seu-compromiso-cunha-prevencion-laboral-real-util-e-adaptada-a-todos-os-sectores-produtivos-de-galicia\\\/\"},\"author\":{\"name\":\"ppdegaliciaredes\",\"@id\":\"https:\\\/\\\/ppdegalicia.com\\\/es\\\/#\\\/schema\\\/person\\\/5b822c6f59e872ebdd1142f307dbcb59\"},\"headline\":\"O PPdeG amosa a ATAVE o seu compromiso cunha prevenci\u00f3n laboral real, \u00fatil e adaptada a todos os sectores produtivos de Galicia\",\"datePublished\":\"2025-11-29T12:13:35+00:00\",\"dateModified\":\"2025-12-01T12:14:50+00:00\",\"mainEntityOfPage\":{\"@id\":\"https:\\\/\\\/ppdegalicia.com\\\/es\\\/o-ppdeg-amosa-a-atave-o-seu-compromiso-cunha-prevencion-laboral-real-util-e-adaptada-a-todos-os-sectores-produtivos-de-galicia\\\/\"},\"wordCount\":307,\"publisher\":{\"@id\":\"https:\\\/\\\/ppdegalicia.com\\\/es\\\/#organization\"},\"image\":{\"@id\":\"https:\\\/\\\/ppdegalicia.com\\\/es\\\/o-ppdeg-amosa-a-atave-o-seu-compromiso-cunha-prevencion-laboral-real-util-e-adaptada-a-todos-os-sectores-produtivos-de-galicia\\\/#primaryimage\"},\"thumbnailUrl\":\"https:\\\/\\\/ppdegalicia.com\\\/wp-content\\\/uploads\\\/2025\\\/12\\\/Noelia-Perez-con-representantes-de-ATAVE.jpg\",\"articleSection\":[\"Parlamento de Galicia\"],\"inLanguage\":\"es\"},{\"@type\":\"WebPage\",\"@id\":\"https:\\\/\\\/ppdegalicia.com\\\/es\\\/o-ppdeg-amosa-a-atave-o-seu-compromiso-cunha-prevencion-laboral-real-util-e-adaptada-a-todos-os-sectores-produtivos-de-galicia\\\/\",\"url\":\"https:\\\/\\\/ppdegalicia.com\\\/es\\\/o-ppdeg-amosa-a-atave-o-seu-compromiso-cunha-prevencion-laboral-real-util-e-adaptada-a-todos-os-sectores-produtivos-de-galicia\\\/\",\"name\":\"O PPdeG amosa a ATAVE o seu compromiso cunha prevenci\u00f3n laboral real, \u00fatil e adaptada a todos os sectores produtivos de Galicia - PP de Galicia\",\"isPartOf\":{\"@id\":\"https:\\\/\\\/ppdegalicia.com\\\/es\\\/#website\"},\"primaryImageOfPage\":{\"@id\":\"https:\\\/\\\/ppdegalicia.com\\\/es\\\/o-ppdeg-amosa-a-atave-o-seu-compromiso-cunha-prevencion-laboral-real-util-e-adaptada-a-todos-os-sectores-produtivos-de-galicia\\\/#primaryimage\"},\"image\":{\"@id\":\"https:\\\/\\\/ppdegalicia.com\\\/es\\\/o-ppdeg-amosa-a-atave-o-seu-compromiso-cunha-prevencion-laboral-real-util-e-adaptada-a-todos-os-sectores-produtivos-de-galicia\\\/#primaryimage\"},\"thumbnailUrl\":\"https:\\\/\\\/ppdegalicia.com\\\/wp-content\\\/uploads\\\/2025\\\/12\\\/Noelia-Perez-con-representantes-de-ATAVE.jpg\",\"datePublished\":\"2025-11-29T12:13:35+00:00\",\"dateModified\":\"2025-12-01T12:14:50+00:00\",\"description\":\"A portavoz de Emprego do Grupo Popular, Noelia P\u00e9rez, amosou a representantes da Asociaci\u00f3n Provincial de Talleres de Reparaci\u00f3n de Veh\u00edculos de Ourense (Atave) o compromiso da Xunta cunha prevenci\u00f3n laboral real, \u00fatil e adaptada a todos os sectores produtivos de Galicia, \u201cporque a seguridade no traballo \u00e9 prioritaria\u201d. Neste sentido, pediu que o Goberno central rectifique e incorpore \u00e1s comunidades aut\u00f3nomas no proceso de modificaci\u00f3n da Lei de prevenci\u00f3n de riscos laborais, xa que \u201cson as que co\u00f1ecen de primeira man as necesidades reais dos centros de traballo e dos sectores produtivos de cada territorio\u201d.\",\"breadcrumb\":{\"@id\":\"https:\\\/\\\/ppdegalicia.com\\\/es\\\/o-ppdeg-amosa-a-atave-o-seu-compromiso-cunha-prevencion-laboral-real-util-e-adaptada-a-todos-os-sectores-produtivos-de-galicia\\\/#breadcrumb\"},\"inLanguage\":\"es\",\"potentialAction\":[{\"@type\":\"ReadAction\",\"target\":[\"https:\\\/\\\/ppdegalicia.com\\\/es\\\/o-ppdeg-amosa-a-atave-o-seu-compromiso-cunha-prevencion-laboral-real-util-e-adaptada-a-todos-os-sectores-produtivos-de-galicia\\\/\"]}]},{\"@type\":\"ImageObject\",\"inLanguage\":\"es\",\"@id\":\"https:\\\/\\\/ppdegalicia.com\\\/es\\\/o-ppdeg-amosa-a-atave-o-seu-compromiso-cunha-prevencion-laboral-real-util-e-adaptada-a-todos-os-sectores-produtivos-de-galicia\\\/#primaryimage\",\"url\":\"https:\\\/\\\/ppdegalicia.com\\\/wp-content\\\/uploads\\\/2025\\\/12\\\/Noelia-Perez-con-representantes-de-ATAVE.jpg\",\"contentUrl\":\"https:\\\/\\\/ppdegalicia.com\\\/wp-content\\\/uploads\\\/2025\\\/12\\\/Noelia-Perez-con-representantes-de-ATAVE.jpg\",\"width\":1600,\"height\":1200},{\"@type\":\"BreadcrumbList\",\"@id\":\"https:\\\/\\\/ppdegalicia.com\\\/es\\\/o-ppdeg-amosa-a-atave-o-seu-compromiso-cunha-prevencion-laboral-real-util-e-adaptada-a-todos-os-sectores-produtivos-de-galicia\\\/#breadcrumb\",\"itemListElement\":[{\"@type\":\"ListItem\",\"position\":1,\"name\":\"Portada\",\"item\":\"https:\\\/\\\/ppdegalicia.com\\\/es\\\/\"},{\"@type\":\"ListItem\",\"position\":2,\"name\":\"O PPdeG amosa a ATAVE o seu compromiso cunha prevenci\u00f3n laboral real, \u00fatil e adaptada a todos os sectores produtivos de Galicia\"}]},{\"@type\":\"WebSite\",\"@id\":\"https:\\\/\\\/ppdegalicia.com\\\/es\\\/#website\",\"url\":\"https:\\\/\\\/ppdegalicia.com\\\/es\\\/\",\"name\":\"Partido Popular de Galicia\",\"description\":\"Partido Popular de Galicia\",\"publisher\":{\"@id\":\"https:\\\/\\\/ppdegalicia.com\\\/es\\\/#organization\"},\"alternateName\":\"PP de Galicia\",\"potentialAction\":[{\"@type\":\"SearchAction\",\"target\":{\"@type\":\"EntryPoint\",\"urlTemplate\":\"https:\\\/\\\/ppdegalicia.com\\\/es\\\/?s={search_term_string}\"},\"query-input\":{\"@type\":\"PropertyValueSpecification\",\"valueRequired\":true,\"valueName\":\"search_term_string\"}}],\"inLanguage\":\"es\"},{\"@type\":\"Organization\",\"@id\":\"https:\\\/\\\/ppdegalicia.com\\\/es\\\/#organization\",\"name\":\"Partido Popular de Galicia\",\"alternateName\":\"PP de Galicia\",\"url\":\"https:\\\/\\\/ppdegalicia.com\\\/es\\\/\",\"logo\":{\"@type\":\"ImageObject\",\"inLanguage\":\"es\",\"@id\":\"https:\\\/\\\/ppdegalicia.com\\\/es\\\/#\\\/schema\\\/logo\\\/image\\\/\",\"url\":\"https:\\\/\\\/ppdegalicia.com\\\/wp-content\\\/uploads\\\/2023\\\/04\\\/logoPP512.png\",\"contentUrl\":\"https:\\\/\\\/ppdegalicia.com\\\/wp-content\\\/uploads\\\/2023\\\/04\\\/logoPP512.png\",\"width\":512,\"height\":512,\"caption\":\"Partido Popular de Galicia\"},\"image\":{\"@id\":\"https:\\\/\\\/ppdegalicia.com\\\/es\\\/#\\\/schema\\\/logo\\\/image\\\/\"},\"sameAs\":[\"https:\\\/\\\/www.instagram.com\\\/ppdegalicia\\\/\",\"https:\\\/\\\/x.com\\\/ppdegalicia\",\"https:\\\/\\\/www.tiktok.com\\\/@ppdegalicia\",\"https:\\\/\\\/www.youtube.com\\\/user\\\/ppdegalicia\"]},{\"@type\":\"Person\",\"@id\":\"https:\\\/\\\/ppdegalicia.com\\\/es\\\/#\\\/schema\\\/person\\\/5b822c6f59e872ebdd1142f307dbcb59\",\"name\":\"ppdegaliciaredes\",\"image\":{\"@type\":\"ImageObject\",\"inLanguage\":\"es\",\"@id\":\"https:\\\/\\\/secure.gravatar.com\\\/avatar\\\/3c9179cf0256d00c72a48d1f25783c58b6842cd56e85ef3a572881c8e28ccd59?s=96&d=mm&r=g\",\"url\":\"https:\\\/\\\/secure.gravatar.com\\\/avatar\\\/3c9179cf0256d00c72a48d1f25783c58b6842cd56e85ef3a572881c8e28ccd59?s=96&d=mm&r=g\",\"contentUrl\":\"https:\\\/\\\/secure.gravatar.com\\\/avatar\\\/3c9179cf0256d00c72a48d1f25783c58b6842cd56e85ef3a572881c8e28ccd59?s=96&d=mm&r=g\",\"caption\":\"ppdegaliciaredes\"},\"url\":\"https:\\\/\\\/ppdegalicia.com\\\/es\\\/author\\\/ppdegaliciaredes\\\/\"}]}<\/script>\n<!-- \/ Yoast SEO plugin. -->","yoast_head_json":{"title":"O PPdeG amosa a ATAVE o seu compromiso cunha prevenci\u00f3n laboral real, \u00fatil e adaptada a todos os sectores produtivos de Galicia - PP de Galicia","description":"A portavoz de Emprego do Grupo Popular, Noelia P\u00e9rez, amosou a representantes da Asociaci\u00f3n Provincial de Talleres de Reparaci\u00f3n de Veh\u00edculos de Ourense (Atave) o compromiso da Xunta cunha prevenci\u00f3n laboral real, \u00fatil e adaptada a todos os sectores produtivos de Galicia, \u201cporque a seguridade no traballo \u00e9 prioritaria\u201d. Neste sentido, pediu que o Goberno central rectifique e incorpore \u00e1s comunidades aut\u00f3nomas no proceso de modificaci\u00f3n da Lei de prevenci\u00f3n de riscos laborais, xa que \u201cson as que co\u00f1ecen de primeira man as necesidades reais dos centros de traballo e dos sectores produtivos de cada territorio\u201d.","robots":{"index":"index","follow":"follow","max-snippet":"max-snippet:-1","max-image-preview":"max-image-preview:large","max-video-preview":"max-video-preview:-1"},"canonical":"https:\/\/ppdegalicia.com\/es\/o-ppdeg-amosa-a-atave-o-seu-compromiso-cunha-prevencion-laboral-real-util-e-adaptada-a-todos-os-sectores-produtivos-de-galicia\/","og_locale":"es_ES","og_type":"article","og_title":"O PPdeG amosa a ATAVE o seu compromiso cunha prevenci\u00f3n laboral real, \u00fatil e adaptada a todos os sectores produtivos de Galicia - PP de Galicia","og_description":"A portavoz de Emprego do Grupo Popular, Noelia P\u00e9rez, amosou a representantes da Asociaci\u00f3n Provincial de Talleres de Reparaci\u00f3n de Veh\u00edculos de Ourense (Atave) o compromiso da Xunta cunha prevenci\u00f3n laboral real, \u00fatil e adaptada a todos os sectores produtivos de Galicia, \u201cporque a seguridade no traballo \u00e9 prioritaria\u201d. Neste sentido, pediu que o Goberno central rectifique e incorpore \u00e1s comunidades aut\u00f3nomas no proceso de modificaci\u00f3n da Lei de prevenci\u00f3n de riscos laborais, xa que \u201cson as que co\u00f1ecen de primeira man as necesidades reais dos centros de traballo e dos sectores produtivos de cada territorio\u201d.","og_url":"https:\/\/ppdegalicia.com\/es\/o-ppdeg-amosa-a-atave-o-seu-compromiso-cunha-prevencion-laboral-real-util-e-adaptada-a-todos-os-sectores-produtivos-de-galicia\/","og_site_name":"PP de Galicia","article_publisher":"https:\/\/www.instagram.com\/ppdegalicia\/","article_published_time":"2025-11-29T12:13:35+00:00","article_modified_time":"2025-12-01T12:14:50+00:00","og_image":[{"width":1600,"height":1200,"url":"https:\/\/ppdegalicia.com\/wp-content\/uploads\/2025\/12\/Noelia-Perez-con-representantes-de-ATAVE.jpg","type":"image\/jpeg"}],"author":"ppdegaliciaredes","twitter_card":"summary_large_image","twitter_creator":"@ppdegalicia","twitter_site":"@ppdegalicia","twitter_misc":{"Escrito por":"ppdegaliciaredes","Tiempo de lectura":"2 minutos"},"schema":{"@context":"https:\/\/schema.org","@graph":[{"@type":"Article","@id":"https:\/\/ppdegalicia.com\/es\/o-ppdeg-amosa-a-atave-o-seu-compromiso-cunha-prevencion-laboral-real-util-e-adaptada-a-todos-os-sectores-produtivos-de-galicia\/#article","isPartOf":{"@id":"https:\/\/ppdegalicia.com\/es\/o-ppdeg-amosa-a-atave-o-seu-compromiso-cunha-prevencion-laboral-real-util-e-adaptada-a-todos-os-sectores-produtivos-de-galicia\/"},"author":{"name":"ppdegaliciaredes","@id":"https:\/\/ppdegalicia.com\/es\/#\/schema\/person\/5b822c6f59e872ebdd1142f307dbcb59"},"headline":"O PPdeG amosa a ATAVE o seu compromiso cunha prevenci\u00f3n laboral real, \u00fatil e adaptada a todos os sectores produtivos de Galicia","datePublished":"2025-11-29T12:13:35+00:00","dateModified":"2025-12-01T12:14:50+00:00","mainEntityOfPage":{"@id":"https:\/\/ppdegalicia.com\/es\/o-ppdeg-amosa-a-atave-o-seu-compromiso-cunha-prevencion-laboral-real-util-e-adaptada-a-todos-os-sectores-produtivos-de-galicia\/"},"wordCount":307,"publisher":{"@id":"https:\/\/ppdegalicia.com\/es\/#organization"},"image":{"@id":"https:\/\/ppdegalicia.com\/es\/o-ppdeg-amosa-a-atave-o-seu-compromiso-cunha-prevencion-laboral-real-util-e-adaptada-a-todos-os-sectores-produtivos-de-galicia\/#primaryimage"},"thumbnailUrl":"https:\/\/ppdegalicia.com\/wp-content\/uploads\/2025\/12\/Noelia-Perez-con-representantes-de-ATAVE.jpg","articleSection":["Parlamento de Galicia"],"inLanguage":"es"},{"@type":"WebPage","@id":"https:\/\/ppdegalicia.com\/es\/o-ppdeg-amosa-a-atave-o-seu-compromiso-cunha-prevencion-laboral-real-util-e-adaptada-a-todos-os-sectores-produtivos-de-galicia\/","url":"https:\/\/ppdegalicia.com\/es\/o-ppdeg-amosa-a-atave-o-seu-compromiso-cunha-prevencion-laboral-real-util-e-adaptada-a-todos-os-sectores-produtivos-de-galicia\/","name":"O PPdeG amosa a ATAVE o seu compromiso cunha prevenci\u00f3n laboral real, \u00fatil e adaptada a todos os sectores produtivos de Galicia - PP de Galicia","isPartOf":{"@id":"https:\/\/ppdegalicia.com\/es\/#website"},"primaryImageOfPage":{"@id":"https:\/\/ppdegalicia.com\/es\/o-ppdeg-amosa-a-atave-o-seu-compromiso-cunha-prevencion-laboral-real-util-e-adaptada-a-todos-os-sectores-produtivos-de-galicia\/#primaryimage"},"image":{"@id":"https:\/\/ppdegalicia.com\/es\/o-ppdeg-amosa-a-atave-o-seu-compromiso-cunha-prevencion-laboral-real-util-e-adaptada-a-todos-os-sectores-produtivos-de-galicia\/#primaryimage"},"thumbnailUrl":"https:\/\/ppdegalicia.com\/wp-content\/uploads\/2025\/12\/Noelia-Perez-con-representantes-de-ATAVE.jpg","datePublished":"2025-11-29T12:13:35+00:00","dateModified":"2025-12-01T12:14:50+00:00","description":"A portavoz de Emprego do Grupo Popular, Noelia P\u00e9rez, amosou a representantes da Asociaci\u00f3n Provincial de Talleres de Reparaci\u00f3n de Veh\u00edculos de Ourense (Atave) o compromiso da Xunta cunha prevenci\u00f3n laboral real, \u00fatil e adaptada a todos os sectores produtivos de Galicia, \u201cporque a seguridade no traballo \u00e9 prioritaria\u201d. Neste sentido, pediu que o Goberno central rectifique e incorpore \u00e1s comunidades aut\u00f3nomas no proceso de modificaci\u00f3n da Lei de prevenci\u00f3n de riscos laborais, xa que \u201cson as que co\u00f1ecen de primeira man as necesidades reais dos centros de traballo e dos sectores produtivos de cada territorio\u201d.","breadcrumb":{"@id":"https:\/\/ppdegalicia.com\/es\/o-ppdeg-amosa-a-atave-o-seu-compromiso-cunha-prevencion-laboral-real-util-e-adaptada-a-todos-os-sectores-produtivos-de-galicia\/#breadcrumb"},"inLanguage":"es","potentialAction":[{"@type":"ReadAction","target":["https:\/\/ppdegalicia.com\/es\/o-ppdeg-amosa-a-atave-o-seu-compromiso-cunha-prevencion-laboral-real-util-e-adaptada-a-todos-os-sectores-produtivos-de-galicia\/"]}]},{"@type":"ImageObject","inLanguage":"es","@id":"https:\/\/ppdegalicia.com\/es\/o-ppdeg-amosa-a-atave-o-seu-compromiso-cunha-prevencion-laboral-real-util-e-adaptada-a-todos-os-sectores-produtivos-de-galicia\/#primaryimage","url":"https:\/\/ppdegalicia.com\/wp-content\/uploads\/2025\/12\/Noelia-Perez-con-representantes-de-ATAVE.jpg","contentUrl":"https:\/\/ppdegalicia.com\/wp-content\/uploads\/2025\/12\/Noelia-Perez-con-representantes-de-ATAVE.jpg","width":1600,"height":1200},{"@type":"BreadcrumbList","@id":"https:\/\/ppdegalicia.com\/es\/o-ppdeg-amosa-a-atave-o-seu-compromiso-cunha-prevencion-laboral-real-util-e-adaptada-a-todos-os-sectores-produtivos-de-galicia\/#breadcrumb","itemListElement":[{"@type":"ListItem","position":1,"name":"Portada","item":"https:\/\/ppdegalicia.com\/es\/"},{"@type":"ListItem","position":2,"name":"O PPdeG amosa a ATAVE o seu compromiso cunha prevenci\u00f3n laboral real, \u00fatil e adaptada a todos os sectores produtivos de Galicia"}]},{"@type":"WebSite","@id":"https:\/\/ppdegalicia.com\/es\/#website","url":"https:\/\/ppdegalicia.com\/es\/","name":"Partido Popular de Galicia","description":"Partido Popular de Galicia","publisher":{"@id":"https:\/\/ppdegalicia.com\/es\/#organization"},"alternateName":"PP de Galicia","potentialAction":[{"@type":"SearchAction","target":{"@type":"EntryPoint","urlTemplate":"https:\/\/ppdegalicia.com\/es\/?s={search_term_string}"},"query-input":{"@type":"PropertyValueSpecification","valueRequired":true,"valueName":"search_term_string"}}],"inLanguage":"es"},{"@type":"Organization","@id":"https:\/\/ppdegalicia.com\/es\/#organization","name":"Partido Popular de Galicia","alternateName":"PP de Galicia","url":"https:\/\/ppdegalicia.com\/es\/","logo":{"@type":"ImageObject","inLanguage":"es","@id":"https:\/\/ppdegalicia.com\/es\/#\/schema\/logo\/image\/","url":"https:\/\/ppdegalicia.com\/wp-content\/uploads\/2023\/04\/logoPP512.png","contentUrl":"https:\/\/ppdegalicia.com\/wp-content\/uploads\/2023\/04\/logoPP512.png","width":512,"height":512,"caption":"Partido Popular de Galicia"},"image":{"@id":"https:\/\/ppdegalicia.com\/es\/#\/schema\/logo\/image\/"},"sameAs":["https:\/\/www.instagram.com\/ppdegalicia\/","https:\/\/x.com\/ppdegalicia","https:\/\/www.tiktok.com\/@ppdegalicia","https:\/\/www.youtube.com\/user\/ppdegalicia"]},{"@type":"Person","@id":"https:\/\/ppdegalicia.com\/es\/#\/schema\/person\/5b822c6f59e872ebdd1142f307dbcb59","name":"ppdegaliciaredes","image":{"@type":"ImageObject","inLanguage":"es","@id":"https:\/\/secure.gravatar.com\/avatar\/3c9179cf0256d00c72a48d1f25783c58b6842cd56e85ef3a572881c8e28ccd59?s=96&d=mm&r=g","url":"https:\/\/secure.gravatar.com\/avatar\/3c9179cf0256d00c72a48d1f25783c58b6842cd56e85ef3a572881c8e28ccd59?s=96&d=mm&r=g","contentUrl":"https:\/\/secure.gravatar.com\/avatar\/3c9179cf0256d00c72a48d1f25783c58b6842cd56e85ef3a572881c8e28ccd59?s=96&d=mm&r=g","caption":"ppdegaliciaredes"},"url":"https:\/\/ppdegalicia.com\/es\/author\/ppdegaliciaredes\/"}]}},"_links":{"self":[{"href":"https:\/\/ppdegalicia.com\/es\/wp-json\/wp\/v2\/posts\/69285","targetHints":{"allow":["GET"]}}],"collection":[{"href":"https:\/\/ppdegalicia.com\/es\/wp-json\/wp\/v2\/posts"}],"about":[{"href":"https:\/\/ppdegalicia.com\/es\/wp-json\/wp\/v2\/types\/post"}],"author":[{"embeddable":true,"href":"https:\/\/ppdegalicia.com\/es\/wp-json\/wp\/v2\/users\/38"}],"replies":[{"embeddable":true,"href":"https:\/\/ppdegalicia.com\/es\/wp-json\/wp\/v2\/comments?post=69285"}],"version-history":[{"count":1,"href":"https:\/\/ppdegalicia.com\/es\/wp-json\/wp\/v2\/posts\/69285\/revisions"}],"predecessor-version":[{"id":69288,"href":"https:\/\/ppdegalicia.com\/es\/wp-json\/wp\/v2\/posts\/69285\/revisions\/69288"}],"wp:featuredmedia":[{"embeddable":true,"href":"https:\/\/ppdegalicia.com\/es\/wp-json\/wp\/v2\/media\/69286"}],"wp:attachment":[{"href":"https:\/\/ppdegalicia.com\/es\/wp-json\/wp\/v2\/media?parent=69285"}],"wp:term":[{"taxonomy":"category","embeddable":true,"href":"https:\/\/ppdegalicia.com\/es\/wp-json\/wp\/v2\/categories?post=69285"},{"taxonomy":"post_tag","embeddable":true,"href":"https:\/\/ppdegalicia.com\/es\/wp-json\/wp\/v2\/tags?post=69285"}],"curies":[{"name":"wp","href":"https:\/\/api.w.org\/{rel}","templated":true}]}}