{"id":69293,"date":"2025-11-29T13:27:40","date_gmt":"2025-11-29T12:27:40","guid":{"rendered":"https:\/\/ppdegalicia.com\/?p=69293"},"modified":"2025-12-01T13:28:44","modified_gmt":"2025-12-01T12:28:44","slug":"o-ppdeg-esixe-aos-ministerios-de-educacion-e-de-traballo-que-abandonen-as-sua-liorta-e-faciliten-a-continuidade-do-programa-de-auxiliares-de-conversa","status":"publish","type":"post","link":"https:\/\/ppdegalicia.com\/es\/o-ppdeg-esixe-aos-ministerios-de-educacion-e-de-traballo-que-abandonen-as-sua-liorta-e-faciliten-a-continuidade-do-programa-de-auxiliares-de-conversa\/","title":{"rendered":"O PPdeG esixe aos ministerios de Educaci\u00f3n e de Traballo que abandonen as s\u00faa liorta e faciliten a continuidade do programa de auxiliares de conversa"},"content":{"rendered":"<p>Os deputados do Grupo Popular Roberto Rodr\u00edguez e Gonzalo Trenor esixiron hoxe que os ministerios de Educaci\u00f3n e de Traballo \u201cabandonen as s\u00faas liortas e po\u00f1an fin \u00e1 problem\u00e1tica existente cos auxiliares de conversa, de xeito que este programa poida continuar desenvolv\u00e9ndose con total normalidade en Galicia e os 690 auxiliares contin\u00faen realizando este ano o seu importante traballo en case 800 centros de ensino galegos\u201d.<\/p>\n<p>\u201cResulta intolerable que a rifa existente no Goberno de Pedro S\u00e1nchez entre a \u00e1 socialista e a \u00e1 de Sumar chegue ao punto de que un programa como o de auxiliares de conversa, que se leva impartindo en Galicia desde o ano 2009 con total normalidade, estea en perigo a s\u00faa continuidade pola falta de entendemento entre dous ministerios\u201d, lamentou Roberto Rodr\u00edguez.<\/p>\n<p><strong>DE 67 A 690 AUXILIARES DE CONVERSA<\/strong><\/p>\n<p>En concreto, explicou que, \u201cdespois de tantos anos funcionando, o Ministerio de Traballo acordouse agora de que os auxiliares de conversa deben contar cun contrato laboral no r\u00e9xime da Seguridade Social, cando est\u00e1n definidas como persoas que participan nun intercambio cultural, polo que non est\u00e1n obrigados a esas relaci\u00f3ns laborais\u201d. Por\u00e9n, apuntou que, a pesar desta situaci\u00f3n, \u201ccontan con todas as coberturas, seguro m\u00e9dico, as\u00ed como un ingreso en concepto de axuda para gastos de aloxamento e manutenci\u00f3n sufragado pola Xunta de Galicia\u201d.<\/p>\n<p>Diante desta situaci\u00f3n, os deputados populares anunciaron que \u201clevaremos este problema ao Parlamento de Galicia para buscar o apoio dos grupos da oposici\u00f3n e solicitar ao Goberno de Espa\u00f1a que po\u00f1a de acordo a estes dous ministerios para garantir a continuidade do programa de auxiliares de conversa, que tan bos resultados leva colleitado ao longo dos \u00faltimos 15 anos\u201d.<\/p>\n<p>Gonzalo Trenor sinalou que o programa de auxiliares de conversa, que este ano supor\u00e1 un custo de 5,2 mill\u00f3ns de euros, dos que a Xunta aporta 4,8 mill\u00f3ns, \u201cmultiplicou por 10 o n\u00famero de auxiliares que iniciaron a s\u00faa actividade no 2009, pasando dos 67 que comezaron en 2009 aos 690 actuais\u201d. Estas persoas proceden de 19 pa\u00edses, que prestan apoio ao ensino en ata cinco idiomas diferentes (ingl\u00e9s, franc\u00e9s, portugu\u00e9s, alem\u00e1 e chin\u00e9s) en cerca de 800 centros de ensino galegos, entre colexios de infantil, primaria, ESO, bacharelato, escolas oficiais de idiomas e centros de ensinanzas art\u00edsticas.<\/p>\n","protected":false},"excerpt":{"rendered":"<p>Os deputados do Grupo Popular Roberto Rodr\u00edguez e Gonzalo Trenor esixiron hoxe que os ministerios de Educaci\u00f3n e de Traballo \u201cabandonen as s\u00faas liortas e po\u00f1an fin \u00e1 problem\u00e1tica existente cos auxiliares de conversa, de xeito que este programa poida continuar desenvolv\u00e9ndose con total normalidade en Galicia e os 690 auxiliares contin\u00faen realizando este ano [&hellip;]<\/p>\n","protected":false},"author":38,"featured_media":69294,"comment_status":"closed","ping_status":"open","sticky":false,"template":"","format":"standard","meta":{"_acf_changed":false,"footnotes":""},"categories":[1128],"tags":[],"class_list":["post-69293","post","type-post","status-publish","format-standard","has-post-thumbnail","hentry","category-actualidad-parlamento-de-galicia"],"acf":[],"yoast_head":"<!-- This site is optimized with the Yoast SEO plugin v27.3 - https:\/\/yoast.com\/product\/yoast-seo-wordpress\/ -->\n<title>O PPdeG esixe aos ministerios de Educaci\u00f3n e de Traballo que abandonen as s\u00faa liorta e faciliten a continuidade do programa de auxiliares de conversa - PP de Galicia<\/title>\n<meta name=\"description\" content=\"Os deputados do Grupo Popular Roberto Rodr\u00edguez e Gonzalo Trenor esixiron hoxe que os ministerios de Educaci\u00f3n e de Traballo \u201cabandonen as s\u00faas liortas e po\u00f1an fin \u00e1 problem\u00e1tica existente cos auxiliares de conversa, de xeito que este programa poida continuar desenvolv\u00e9ndose con total normalidade en Galicia e os 690 auxiliares contin\u00faen realizando este ano o seu importante traballo en case 800 centros de ensino galegos\u201d.\" \/>\n<meta name=\"robots\" content=\"index, follow, max-snippet:-1, max-image-preview:large, max-video-preview:-1\" \/>\n<link rel=\"canonical\" href=\"https:\/\/ppdegalicia.com\/es\/o-ppdeg-esixe-aos-ministerios-de-educacion-e-de-traballo-que-abandonen-as-sua-liorta-e-faciliten-a-continuidade-do-programa-de-auxiliares-de-conversa\/\" \/>\n<meta property=\"og:locale\" content=\"es_ES\" \/>\n<meta property=\"og:type\" content=\"article\" \/>\n<meta property=\"og:title\" content=\"O PPdeG esixe aos ministerios de Educaci\u00f3n e de Traballo que abandonen as s\u00faa liorta e faciliten a continuidade do programa de auxiliares de conversa - PP de Galicia\" \/>\n<meta property=\"og:description\" content=\"Os deputados do Grupo Popular Roberto Rodr\u00edguez e Gonzalo Trenor esixiron hoxe que os ministerios de Educaci\u00f3n e de Traballo \u201cabandonen as s\u00faas liortas e po\u00f1an fin \u00e1 problem\u00e1tica existente cos auxiliares de conversa, de xeito que este programa poida continuar desenvolv\u00e9ndose con total normalidade en Galicia e os 690 auxiliares contin\u00faen realizando este ano o seu importante traballo en case 800 centros de ensino galegos\u201d.\" \/>\n<meta property=\"og:url\" content=\"https:\/\/ppdegalicia.com\/es\/o-ppdeg-esixe-aos-ministerios-de-educacion-e-de-traballo-que-abandonen-as-sua-liorta-e-faciliten-a-continuidade-do-programa-de-auxiliares-de-conversa\/\" \/>\n<meta property=\"og:site_name\" content=\"PP de Galicia\" \/>\n<meta property=\"article:publisher\" content=\"https:\/\/www.instagram.com\/ppdegalicia\/\" \/>\n<meta property=\"article:published_time\" content=\"2025-11-29T12:27:40+00:00\" \/>\n<meta property=\"article:modified_time\" content=\"2025-12-01T12:28:44+00:00\" \/>\n<meta property=\"og:image\" content=\"https:\/\/ppdegalicia.com\/wp-content\/uploads\/2025\/12\/Roberto-Rodriguez-e-Gonzalo-Trenor-con-estudiantes-diante-da-Escola-de-Idiomas-de-A-Coruna-02.jpg\" \/>\n\t<meta property=\"og:image:width\" content=\"1500\" \/>\n\t<meta property=\"og:image:height\" content=\"1000\" \/>\n\t<meta property=\"og:image:type\" content=\"image\/jpeg\" \/>\n<meta name=\"author\" content=\"ppdegaliciaredes\" \/>\n<meta name=\"twitter:card\" content=\"summary_large_image\" \/>\n<meta name=\"twitter:creator\" content=\"@ppdegalicia\" \/>\n<meta name=\"twitter:site\" content=\"@ppdegalicia\" \/>\n<meta name=\"twitter:label1\" content=\"Escrito por\" \/>\n\t<meta name=\"twitter:data1\" content=\"ppdegaliciaredes\" \/>\n\t<meta name=\"twitter:label2\" content=\"Tiempo de lectura\" \/>\n\t<meta name=\"twitter:data2\" content=\"3 minutos\" \/>\n<script type=\"application\/ld+json\" class=\"yoast-schema-graph\">{\"@context\":\"https:\\\/\\\/schema.org\",\"@graph\":[{\"@type\":\"Article\",\"@id\":\"https:\\\/\\\/ppdegalicia.com\\\/es\\\/o-ppdeg-esixe-aos-ministerios-de-educacion-e-de-traballo-que-abandonen-as-sua-liorta-e-faciliten-a-continuidade-do-programa-de-auxiliares-de-conversa\\\/#article\",\"isPartOf\":{\"@id\":\"https:\\\/\\\/ppdegalicia.com\\\/es\\\/o-ppdeg-esixe-aos-ministerios-de-educacion-e-de-traballo-que-abandonen-as-sua-liorta-e-faciliten-a-continuidade-do-programa-de-auxiliares-de-conversa\\\/\"},\"author\":{\"name\":\"ppdegaliciaredes\",\"@id\":\"https:\\\/\\\/ppdegalicia.com\\\/es\\\/#\\\/schema\\\/person\\\/5b822c6f59e872ebdd1142f307dbcb59\"},\"headline\":\"O PPdeG esixe aos ministerios de Educaci\u00f3n e de Traballo que abandonen as s\u00faa liorta e faciliten a continuidade do programa de auxiliares de conversa\",\"datePublished\":\"2025-11-29T12:27:40+00:00\",\"dateModified\":\"2025-12-01T12:28:44+00:00\",\"mainEntityOfPage\":{\"@id\":\"https:\\\/\\\/ppdegalicia.com\\\/es\\\/o-ppdeg-esixe-aos-ministerios-de-educacion-e-de-traballo-que-abandonen-as-sua-liorta-e-faciliten-a-continuidade-do-programa-de-auxiliares-de-conversa\\\/\"},\"wordCount\":416,\"publisher\":{\"@id\":\"https:\\\/\\\/ppdegalicia.com\\\/es\\\/#organization\"},\"image\":{\"@id\":\"https:\\\/\\\/ppdegalicia.com\\\/es\\\/o-ppdeg-esixe-aos-ministerios-de-educacion-e-de-traballo-que-abandonen-as-sua-liorta-e-faciliten-a-continuidade-do-programa-de-auxiliares-de-conversa\\\/#primaryimage\"},\"thumbnailUrl\":\"https:\\\/\\\/ppdegalicia.com\\\/wp-content\\\/uploads\\\/2025\\\/12\\\/Roberto-Rodriguez-e-Gonzalo-Trenor-con-estudiantes-diante-da-Escola-de-Idiomas-de-A-Coruna-02.jpg\",\"articleSection\":[\"Parlamento de Galicia\"],\"inLanguage\":\"es\"},{\"@type\":\"WebPage\",\"@id\":\"https:\\\/\\\/ppdegalicia.com\\\/es\\\/o-ppdeg-esixe-aos-ministerios-de-educacion-e-de-traballo-que-abandonen-as-sua-liorta-e-faciliten-a-continuidade-do-programa-de-auxiliares-de-conversa\\\/\",\"url\":\"https:\\\/\\\/ppdegalicia.com\\\/es\\\/o-ppdeg-esixe-aos-ministerios-de-educacion-e-de-traballo-que-abandonen-as-sua-liorta-e-faciliten-a-continuidade-do-programa-de-auxiliares-de-conversa\\\/\",\"name\":\"O PPdeG esixe aos ministerios de Educaci\u00f3n e de Traballo que abandonen as s\u00faa liorta e faciliten a continuidade do programa de auxiliares de conversa - PP de Galicia\",\"isPartOf\":{\"@id\":\"https:\\\/\\\/ppdegalicia.com\\\/es\\\/#website\"},\"primaryImageOfPage\":{\"@id\":\"https:\\\/\\\/ppdegalicia.com\\\/es\\\/o-ppdeg-esixe-aos-ministerios-de-educacion-e-de-traballo-que-abandonen-as-sua-liorta-e-faciliten-a-continuidade-do-programa-de-auxiliares-de-conversa\\\/#primaryimage\"},\"image\":{\"@id\":\"https:\\\/\\\/ppdegalicia.com\\\/es\\\/o-ppdeg-esixe-aos-ministerios-de-educacion-e-de-traballo-que-abandonen-as-sua-liorta-e-faciliten-a-continuidade-do-programa-de-auxiliares-de-conversa\\\/#primaryimage\"},\"thumbnailUrl\":\"https:\\\/\\\/ppdegalicia.com\\\/wp-content\\\/uploads\\\/2025\\\/12\\\/Roberto-Rodriguez-e-Gonzalo-Trenor-con-estudiantes-diante-da-Escola-de-Idiomas-de-A-Coruna-02.jpg\",\"datePublished\":\"2025-11-29T12:27:40+00:00\",\"dateModified\":\"2025-12-01T12:28:44+00:00\",\"description\":\"Os deputados do Grupo Popular Roberto Rodr\u00edguez e Gonzalo Trenor esixiron hoxe que os ministerios de Educaci\u00f3n e de Traballo \u201cabandonen as s\u00faas liortas e po\u00f1an fin \u00e1 problem\u00e1tica existente cos auxiliares de conversa, de xeito que este programa poida continuar desenvolv\u00e9ndose con total normalidade en Galicia e os 690 auxiliares contin\u00faen realizando este ano o seu importante traballo en case 800 centros de ensino galegos\u201d.\",\"breadcrumb\":{\"@id\":\"https:\\\/\\\/ppdegalicia.com\\\/es\\\/o-ppdeg-esixe-aos-ministerios-de-educacion-e-de-traballo-que-abandonen-as-sua-liorta-e-faciliten-a-continuidade-do-programa-de-auxiliares-de-conversa\\\/#breadcrumb\"},\"inLanguage\":\"es\",\"potentialAction\":[{\"@type\":\"ReadAction\",\"target\":[\"https:\\\/\\\/ppdegalicia.com\\\/es\\\/o-ppdeg-esixe-aos-ministerios-de-educacion-e-de-traballo-que-abandonen-as-sua-liorta-e-faciliten-a-continuidade-do-programa-de-auxiliares-de-conversa\\\/\"]}]},{\"@type\":\"ImageObject\",\"inLanguage\":\"es\",\"@id\":\"https:\\\/\\\/ppdegalicia.com\\\/es\\\/o-ppdeg-esixe-aos-ministerios-de-educacion-e-de-traballo-que-abandonen-as-sua-liorta-e-faciliten-a-continuidade-do-programa-de-auxiliares-de-conversa\\\/#primaryimage\",\"url\":\"https:\\\/\\\/ppdegalicia.com\\\/wp-content\\\/uploads\\\/2025\\\/12\\\/Roberto-Rodriguez-e-Gonzalo-Trenor-con-estudiantes-diante-da-Escola-de-Idiomas-de-A-Coruna-02.jpg\",\"contentUrl\":\"https:\\\/\\\/ppdegalicia.com\\\/wp-content\\\/uploads\\\/2025\\\/12\\\/Roberto-Rodriguez-e-Gonzalo-Trenor-con-estudiantes-diante-da-Escola-de-Idiomas-de-A-Coruna-02.jpg\",\"width\":1500,\"height\":1000},{\"@type\":\"BreadcrumbList\",\"@id\":\"https:\\\/\\\/ppdegalicia.com\\\/es\\\/o-ppdeg-esixe-aos-ministerios-de-educacion-e-de-traballo-que-abandonen-as-sua-liorta-e-faciliten-a-continuidade-do-programa-de-auxiliares-de-conversa\\\/#breadcrumb\",\"itemListElement\":[{\"@type\":\"ListItem\",\"position\":1,\"name\":\"Portada\",\"item\":\"https:\\\/\\\/ppdegalicia.com\\\/es\\\/\"},{\"@type\":\"ListItem\",\"position\":2,\"name\":\"O PPdeG esixe aos ministerios de Educaci\u00f3n e de Traballo que abandonen as s\u00faa liorta e faciliten a continuidade do programa de auxiliares de conversa\"}]},{\"@type\":\"WebSite\",\"@id\":\"https:\\\/\\\/ppdegalicia.com\\\/es\\\/#website\",\"url\":\"https:\\\/\\\/ppdegalicia.com\\\/es\\\/\",\"name\":\"Partido Popular de Galicia\",\"description\":\"Partido Popular de Galicia\",\"publisher\":{\"@id\":\"https:\\\/\\\/ppdegalicia.com\\\/es\\\/#organization\"},\"alternateName\":\"PP de Galicia\",\"potentialAction\":[{\"@type\":\"SearchAction\",\"target\":{\"@type\":\"EntryPoint\",\"urlTemplate\":\"https:\\\/\\\/ppdegalicia.com\\\/es\\\/?s={search_term_string}\"},\"query-input\":{\"@type\":\"PropertyValueSpecification\",\"valueRequired\":true,\"valueName\":\"search_term_string\"}}],\"inLanguage\":\"es\"},{\"@type\":\"Organization\",\"@id\":\"https:\\\/\\\/ppdegalicia.com\\\/es\\\/#organization\",\"name\":\"Partido Popular de Galicia\",\"alternateName\":\"PP de Galicia\",\"url\":\"https:\\\/\\\/ppdegalicia.com\\\/es\\\/\",\"logo\":{\"@type\":\"ImageObject\",\"inLanguage\":\"es\",\"@id\":\"https:\\\/\\\/ppdegalicia.com\\\/es\\\/#\\\/schema\\\/logo\\\/image\\\/\",\"url\":\"https:\\\/\\\/ppdegalicia.com\\\/wp-content\\\/uploads\\\/2023\\\/04\\\/logoPP512.png\",\"contentUrl\":\"https:\\\/\\\/ppdegalicia.com\\\/wp-content\\\/uploads\\\/2023\\\/04\\\/logoPP512.png\",\"width\":512,\"height\":512,\"caption\":\"Partido Popular de Galicia\"},\"image\":{\"@id\":\"https:\\\/\\\/ppdegalicia.com\\\/es\\\/#\\\/schema\\\/logo\\\/image\\\/\"},\"sameAs\":[\"https:\\\/\\\/www.instagram.com\\\/ppdegalicia\\\/\",\"https:\\\/\\\/x.com\\\/ppdegalicia\",\"https:\\\/\\\/www.tiktok.com\\\/@ppdegalicia\",\"https:\\\/\\\/www.youtube.com\\\/user\\\/ppdegalicia\"]},{\"@type\":\"Person\",\"@id\":\"https:\\\/\\\/ppdegalicia.com\\\/es\\\/#\\\/schema\\\/person\\\/5b822c6f59e872ebdd1142f307dbcb59\",\"name\":\"ppdegaliciaredes\",\"image\":{\"@type\":\"ImageObject\",\"inLanguage\":\"es\",\"@id\":\"https:\\\/\\\/secure.gravatar.com\\\/avatar\\\/3c9179cf0256d00c72a48d1f25783c58b6842cd56e85ef3a572881c8e28ccd59?s=96&d=mm&r=g\",\"url\":\"https:\\\/\\\/secure.gravatar.com\\\/avatar\\\/3c9179cf0256d00c72a48d1f25783c58b6842cd56e85ef3a572881c8e28ccd59?s=96&d=mm&r=g\",\"contentUrl\":\"https:\\\/\\\/secure.gravatar.com\\\/avatar\\\/3c9179cf0256d00c72a48d1f25783c58b6842cd56e85ef3a572881c8e28ccd59?s=96&d=mm&r=g\",\"caption\":\"ppdegaliciaredes\"},\"url\":\"https:\\\/\\\/ppdegalicia.com\\\/es\\\/author\\\/ppdegaliciaredes\\\/\"}]}<\/script>\n<!-- \/ Yoast SEO plugin. -->","yoast_head_json":{"title":"O PPdeG esixe aos ministerios de Educaci\u00f3n e de Traballo que abandonen as s\u00faa liorta e faciliten a continuidade do programa de auxiliares de conversa - PP de Galicia","description":"Os deputados do Grupo Popular Roberto Rodr\u00edguez e Gonzalo Trenor esixiron hoxe que os ministerios de Educaci\u00f3n e de Traballo \u201cabandonen as s\u00faas liortas e po\u00f1an fin \u00e1 problem\u00e1tica existente cos auxiliares de conversa, de xeito que este programa poida continuar desenvolv\u00e9ndose con total normalidade en Galicia e os 690 auxiliares contin\u00faen realizando este ano o seu importante traballo en case 800 centros de ensino galegos\u201d.","robots":{"index":"index","follow":"follow","max-snippet":"max-snippet:-1","max-image-preview":"max-image-preview:large","max-video-preview":"max-video-preview:-1"},"canonical":"https:\/\/ppdegalicia.com\/es\/o-ppdeg-esixe-aos-ministerios-de-educacion-e-de-traballo-que-abandonen-as-sua-liorta-e-faciliten-a-continuidade-do-programa-de-auxiliares-de-conversa\/","og_locale":"es_ES","og_type":"article","og_title":"O PPdeG esixe aos ministerios de Educaci\u00f3n e de Traballo que abandonen as s\u00faa liorta e faciliten a continuidade do programa de auxiliares de conversa - PP de Galicia","og_description":"Os deputados do Grupo Popular Roberto Rodr\u00edguez e Gonzalo Trenor esixiron hoxe que os ministerios de Educaci\u00f3n e de Traballo \u201cabandonen as s\u00faas liortas e po\u00f1an fin \u00e1 problem\u00e1tica existente cos auxiliares de conversa, de xeito que este programa poida continuar desenvolv\u00e9ndose con total normalidade en Galicia e os 690 auxiliares contin\u00faen realizando este ano o seu importante traballo en case 800 centros de ensino galegos\u201d.","og_url":"https:\/\/ppdegalicia.com\/es\/o-ppdeg-esixe-aos-ministerios-de-educacion-e-de-traballo-que-abandonen-as-sua-liorta-e-faciliten-a-continuidade-do-programa-de-auxiliares-de-conversa\/","og_site_name":"PP de Galicia","article_publisher":"https:\/\/www.instagram.com\/ppdegalicia\/","article_published_time":"2025-11-29T12:27:40+00:00","article_modified_time":"2025-12-01T12:28:44+00:00","og_image":[{"width":1500,"height":1000,"url":"https:\/\/ppdegalicia.com\/wp-content\/uploads\/2025\/12\/Roberto-Rodriguez-e-Gonzalo-Trenor-con-estudiantes-diante-da-Escola-de-Idiomas-de-A-Coruna-02.jpg","type":"image\/jpeg"}],"author":"ppdegaliciaredes","twitter_card":"summary_large_image","twitter_creator":"@ppdegalicia","twitter_site":"@ppdegalicia","twitter_misc":{"Escrito por":"ppdegaliciaredes","Tiempo de lectura":"3 minutos"},"schema":{"@context":"https:\/\/schema.org","@graph":[{"@type":"Article","@id":"https:\/\/ppdegalicia.com\/es\/o-ppdeg-esixe-aos-ministerios-de-educacion-e-de-traballo-que-abandonen-as-sua-liorta-e-faciliten-a-continuidade-do-programa-de-auxiliares-de-conversa\/#article","isPartOf":{"@id":"https:\/\/ppdegalicia.com\/es\/o-ppdeg-esixe-aos-ministerios-de-educacion-e-de-traballo-que-abandonen-as-sua-liorta-e-faciliten-a-continuidade-do-programa-de-auxiliares-de-conversa\/"},"author":{"name":"ppdegaliciaredes","@id":"https:\/\/ppdegalicia.com\/es\/#\/schema\/person\/5b822c6f59e872ebdd1142f307dbcb59"},"headline":"O PPdeG esixe aos ministerios de Educaci\u00f3n e de Traballo que abandonen as s\u00faa liorta e faciliten a continuidade do programa de auxiliares de conversa","datePublished":"2025-11-29T12:27:40+00:00","dateModified":"2025-12-01T12:28:44+00:00","mainEntityOfPage":{"@id":"https:\/\/ppdegalicia.com\/es\/o-ppdeg-esixe-aos-ministerios-de-educacion-e-de-traballo-que-abandonen-as-sua-liorta-e-faciliten-a-continuidade-do-programa-de-auxiliares-de-conversa\/"},"wordCount":416,"publisher":{"@id":"https:\/\/ppdegalicia.com\/es\/#organization"},"image":{"@id":"https:\/\/ppdegalicia.com\/es\/o-ppdeg-esixe-aos-ministerios-de-educacion-e-de-traballo-que-abandonen-as-sua-liorta-e-faciliten-a-continuidade-do-programa-de-auxiliares-de-conversa\/#primaryimage"},"thumbnailUrl":"https:\/\/ppdegalicia.com\/wp-content\/uploads\/2025\/12\/Roberto-Rodriguez-e-Gonzalo-Trenor-con-estudiantes-diante-da-Escola-de-Idiomas-de-A-Coruna-02.jpg","articleSection":["Parlamento de Galicia"],"inLanguage":"es"},{"@type":"WebPage","@id":"https:\/\/ppdegalicia.com\/es\/o-ppdeg-esixe-aos-ministerios-de-educacion-e-de-traballo-que-abandonen-as-sua-liorta-e-faciliten-a-continuidade-do-programa-de-auxiliares-de-conversa\/","url":"https:\/\/ppdegalicia.com\/es\/o-ppdeg-esixe-aos-ministerios-de-educacion-e-de-traballo-que-abandonen-as-sua-liorta-e-faciliten-a-continuidade-do-programa-de-auxiliares-de-conversa\/","name":"O PPdeG esixe aos ministerios de Educaci\u00f3n e de Traballo que abandonen as s\u00faa liorta e faciliten a continuidade do programa de auxiliares de conversa - PP de Galicia","isPartOf":{"@id":"https:\/\/ppdegalicia.com\/es\/#website"},"primaryImageOfPage":{"@id":"https:\/\/ppdegalicia.com\/es\/o-ppdeg-esixe-aos-ministerios-de-educacion-e-de-traballo-que-abandonen-as-sua-liorta-e-faciliten-a-continuidade-do-programa-de-auxiliares-de-conversa\/#primaryimage"},"image":{"@id":"https:\/\/ppdegalicia.com\/es\/o-ppdeg-esixe-aos-ministerios-de-educacion-e-de-traballo-que-abandonen-as-sua-liorta-e-faciliten-a-continuidade-do-programa-de-auxiliares-de-conversa\/#primaryimage"},"thumbnailUrl":"https:\/\/ppdegalicia.com\/wp-content\/uploads\/2025\/12\/Roberto-Rodriguez-e-Gonzalo-Trenor-con-estudiantes-diante-da-Escola-de-Idiomas-de-A-Coruna-02.jpg","datePublished":"2025-11-29T12:27:40+00:00","dateModified":"2025-12-01T12:28:44+00:00","description":"Os deputados do Grupo Popular Roberto Rodr\u00edguez e Gonzalo Trenor esixiron hoxe que os ministerios de Educaci\u00f3n e de Traballo \u201cabandonen as s\u00faas liortas e po\u00f1an fin \u00e1 problem\u00e1tica existente cos auxiliares de conversa, de xeito que este programa poida continuar desenvolv\u00e9ndose con total normalidade en Galicia e os 690 auxiliares contin\u00faen realizando este ano o seu importante traballo en case 800 centros de ensino galegos\u201d.","breadcrumb":{"@id":"https:\/\/ppdegalicia.com\/es\/o-ppdeg-esixe-aos-ministerios-de-educacion-e-de-traballo-que-abandonen-as-sua-liorta-e-faciliten-a-continuidade-do-programa-de-auxiliares-de-conversa\/#breadcrumb"},"inLanguage":"es","potentialAction":[{"@type":"ReadAction","target":["https:\/\/ppdegalicia.com\/es\/o-ppdeg-esixe-aos-ministerios-de-educacion-e-de-traballo-que-abandonen-as-sua-liorta-e-faciliten-a-continuidade-do-programa-de-auxiliares-de-conversa\/"]}]},{"@type":"ImageObject","inLanguage":"es","@id":"https:\/\/ppdegalicia.com\/es\/o-ppdeg-esixe-aos-ministerios-de-educacion-e-de-traballo-que-abandonen-as-sua-liorta-e-faciliten-a-continuidade-do-programa-de-auxiliares-de-conversa\/#primaryimage","url":"https:\/\/ppdegalicia.com\/wp-content\/uploads\/2025\/12\/Roberto-Rodriguez-e-Gonzalo-Trenor-con-estudiantes-diante-da-Escola-de-Idiomas-de-A-Coruna-02.jpg","contentUrl":"https:\/\/ppdegalicia.com\/wp-content\/uploads\/2025\/12\/Roberto-Rodriguez-e-Gonzalo-Trenor-con-estudiantes-diante-da-Escola-de-Idiomas-de-A-Coruna-02.jpg","width":1500,"height":1000},{"@type":"BreadcrumbList","@id":"https:\/\/ppdegalicia.com\/es\/o-ppdeg-esixe-aos-ministerios-de-educacion-e-de-traballo-que-abandonen-as-sua-liorta-e-faciliten-a-continuidade-do-programa-de-auxiliares-de-conversa\/#breadcrumb","itemListElement":[{"@type":"ListItem","position":1,"name":"Portada","item":"https:\/\/ppdegalicia.com\/es\/"},{"@type":"ListItem","position":2,"name":"O PPdeG esixe aos ministerios de Educaci\u00f3n e de Traballo que abandonen as s\u00faa liorta e faciliten a continuidade do programa de auxiliares de conversa"}]},{"@type":"WebSite","@id":"https:\/\/ppdegalicia.com\/es\/#website","url":"https:\/\/ppdegalicia.com\/es\/","name":"Partido Popular de Galicia","description":"Partido Popular de Galicia","publisher":{"@id":"https:\/\/ppdegalicia.com\/es\/#organization"},"alternateName":"PP de Galicia","potentialAction":[{"@type":"SearchAction","target":{"@type":"EntryPoint","urlTemplate":"https:\/\/ppdegalicia.com\/es\/?s={search_term_string}"},"query-input":{"@type":"PropertyValueSpecification","valueRequired":true,"valueName":"search_term_string"}}],"inLanguage":"es"},{"@type":"Organization","@id":"https:\/\/ppdegalicia.com\/es\/#organization","name":"Partido Popular de Galicia","alternateName":"PP de Galicia","url":"https:\/\/ppdegalicia.com\/es\/","logo":{"@type":"ImageObject","inLanguage":"es","@id":"https:\/\/ppdegalicia.com\/es\/#\/schema\/logo\/image\/","url":"https:\/\/ppdegalicia.com\/wp-content\/uploads\/2023\/04\/logoPP512.png","contentUrl":"https:\/\/ppdegalicia.com\/wp-content\/uploads\/2023\/04\/logoPP512.png","width":512,"height":512,"caption":"Partido Popular de Galicia"},"image":{"@id":"https:\/\/ppdegalicia.com\/es\/#\/schema\/logo\/image\/"},"sameAs":["https:\/\/www.instagram.com\/ppdegalicia\/","https:\/\/x.com\/ppdegalicia","https:\/\/www.tiktok.com\/@ppdegalicia","https:\/\/www.youtube.com\/user\/ppdegalicia"]},{"@type":"Person","@id":"https:\/\/ppdegalicia.com\/es\/#\/schema\/person\/5b822c6f59e872ebdd1142f307dbcb59","name":"ppdegaliciaredes","image":{"@type":"ImageObject","inLanguage":"es","@id":"https:\/\/secure.gravatar.com\/avatar\/3c9179cf0256d00c72a48d1f25783c58b6842cd56e85ef3a572881c8e28ccd59?s=96&d=mm&r=g","url":"https:\/\/secure.gravatar.com\/avatar\/3c9179cf0256d00c72a48d1f25783c58b6842cd56e85ef3a572881c8e28ccd59?s=96&d=mm&r=g","contentUrl":"https:\/\/secure.gravatar.com\/avatar\/3c9179cf0256d00c72a48d1f25783c58b6842cd56e85ef3a572881c8e28ccd59?s=96&d=mm&r=g","caption":"ppdegaliciaredes"},"url":"https:\/\/ppdegalicia.com\/es\/author\/ppdegaliciaredes\/"}]}},"_links":{"self":[{"href":"https:\/\/ppdegalicia.com\/es\/wp-json\/wp\/v2\/posts\/69293","targetHints":{"allow":["GET"]}}],"collection":[{"href":"https:\/\/ppdegalicia.com\/es\/wp-json\/wp\/v2\/posts"}],"about":[{"href":"https:\/\/ppdegalicia.com\/es\/wp-json\/wp\/v2\/types\/post"}],"author":[{"embeddable":true,"href":"https:\/\/ppdegalicia.com\/es\/wp-json\/wp\/v2\/users\/38"}],"replies":[{"embeddable":true,"href":"https:\/\/ppdegalicia.com\/es\/wp-json\/wp\/v2\/comments?post=69293"}],"version-history":[{"count":1,"href":"https:\/\/ppdegalicia.com\/es\/wp-json\/wp\/v2\/posts\/69293\/revisions"}],"predecessor-version":[{"id":69296,"href":"https:\/\/ppdegalicia.com\/es\/wp-json\/wp\/v2\/posts\/69293\/revisions\/69296"}],"wp:featuredmedia":[{"embeddable":true,"href":"https:\/\/ppdegalicia.com\/es\/wp-json\/wp\/v2\/media\/69294"}],"wp:attachment":[{"href":"https:\/\/ppdegalicia.com\/es\/wp-json\/wp\/v2\/media?parent=69293"}],"wp:term":[{"taxonomy":"category","embeddable":true,"href":"https:\/\/ppdegalicia.com\/es\/wp-json\/wp\/v2\/categories?post=69293"},{"taxonomy":"post_tag","embeddable":true,"href":"https:\/\/ppdegalicia.com\/es\/wp-json\/wp\/v2\/tags?post=69293"}],"curies":[{"name":"wp","href":"https:\/\/api.w.org\/{rel}","templated":true}]}}