{"id":69297,"date":"2025-11-29T13:41:33","date_gmt":"2025-11-29T12:41:33","guid":{"rendered":"https:\/\/ppdegalicia.com\/?p=69297"},"modified":"2025-12-01T13:42:42","modified_gmt":"2025-12-01T12:42:42","slug":"rueda-sublina-que-se-galicia-esta-de-moda-e-grazas-a-que-hai-modelos-dos-que-presumir-como-sanxenxo","status":"publish","type":"post","link":"https:\/\/ppdegalicia.com\/es\/rueda-sublina-que-se-galicia-esta-de-moda-e-grazas-a-que-hai-modelos-dos-que-presumir-como-sanxenxo\/","title":{"rendered":"Rueda subli\u00f1a que se Galicia \u201cest\u00e1 de moda\u201d \u00e9 grazas a que hai \u201cmodelos dos que presumir\u201d como Sanxenxo"},"content":{"rendered":"<p>O presidente do Partido Popular de Galicia, Alfonso Rueda, subli\u00f1ou hoxe que se Galicia \u201cest\u00e1 de moda\u201d \u00e9 grazas a que hai \u201cmodelos para ensinar e para presumir\u201d como Sanxenxo.<\/p>\n<p>\u201cCando sa\u00edmos presumimos de moitas cousas que ten Galicia, pero entre as catro ou cinco cousas que sempre identifica a xente de f\u00f3ra como Galicia Calidade, Sanxenxo sempre est\u00e1. E iso \u00e9 un logro colectivo: dos que gobernan e de todos os veci\u00f1os e veci\u00f1as\u201d, expresou esta noite o l\u00edder dos populares galegos, despois de sumarse \u00e1 celebraci\u00f3n da cea do PP local, con 600 asistentes, xunto ao presidente provincial do PP de Pontevedra, Luis L\u00f3pez, a responsable de Vivenda do Goberno galego, Mar\u00eda Mart\u00ednez Allegue, e o alcalde Telmo Mart\u00edn como anfitri\u00f3n.<\/p>\n<p>Rueda sinalou o 2026 como \u201cun ano clave\u201d, tendo en conta a proximidade co Ano Xacobeo 2027, no que Galicia \u201cvai facer historia\u201d e Sanxenxo ter\u00e1 un papel protagonista. \u201cAqu\u00ed hai moit\u00edsimas grandes cousas que facer se nos seguides dando a confianza\u201d, abundou sobre un concello \u201creferente\u201d.<\/p>\n<p>As\u00ed mesmo, en clave nacional, fixo referencia as \u201csituaci\u00f3ns que avergo\u00f1an\u201d do Goberno de S\u00e1nchez, e polas que este domingo participar\u00e1 na concentraci\u00f3n de Madrid, e avogou por \u201cseguir gobernando e resolvendo problemas, con ese sentidi\u00f1o e normalidade que cada d\u00eda se valora m\u00e1is\u201d. \u201cImos intentar que siga sendo as\u00ed por moito tempo, con xente responsable \u00e1 fronte, como Telmo Mart\u00edn\u201d, remarcou.<\/p>\n<p>Por \u00faltimo, antes de desexar Bo Nadal, agradeceu a \u201cxenerosidade\u201d para que a ex tenente de alcalde de Sanxenxo, Mar\u00eda Deza, pasara a \u201ctraballar por toda Galicia\u201d recentemente como nova responsable da Axencia Galega de Infraestruturas.<\/p>\n<p>Pola s\u00faa banda, Luis L\u00f3pez tam\u00e9n felicitou o Nadal aos asistentes e cualificou ao PP de Sanxenxo como o \u00abexemplo perfecto\u00bb de partido pola s\u00faa \u00abmagn\u00edfica xesti\u00f3n\u00bb ao fronte do Concello e polo seu gran traballo pol\u00edtico, org\u00e1nico e de mobilizaci\u00f3n \u00abgrazas \u00e1 proximidade coa xente e a unha capacidade de traballo inmensa de Telmo Mart\u00edn e de todo o seu equipo\u00bb.<\/p>\n<p>\u00abSanxenxo \u00e9 un concello costeiro como hai decenas en todas Galicia, pero o PP local conseguiu que sexa o sitio ao que todo o mundo quere ir, tam\u00e9n no Nadal, por convertelo nun lugar din\u00e1mico e acolledor que ofrece infinitas oportunidades de traballo e de descanso. Sanxenxo non ser\u00eda o que \u00e9, un referente en toda Espa\u00f1a, se non fora polo liderado do alcalde e polo compromiso de todos os que forman o Partido Popular desta vila\u00bb, rematou L\u00f3pez.<\/p>\n<p><strong>\u201cSANXENXO LEVA OITO ANOS AVANZANDO\u201d<\/strong><\/p>\n<p>Mentres, Telmo Mart\u00edn sinalou que coa axuda da Xunta de Galicia e da Deputaci\u00f3n de Pontevedra, as\u00ed como co traballo dos seus compa\u00f1eiros do goberno local, \u201cSanxenxo leva oito anos avanzando.\u201d<\/p>\n<p>Neste sentido, augurou que \u201co 2026 non vai ser distinto\u201d: \u201cAo contrario, imos iniciar proxectos de larga execuci\u00f3n, pero que marcar\u00e1n un cami\u00f1o que seguir\u00e1n outros concellos. Non hai un ano sen novas infraestruturas, equipamentos ou no que se melloren os servizos municipais\u201d.<\/p>\n","protected":false},"excerpt":{"rendered":"<p>O presidente do Partido Popular de Galicia, Alfonso Rueda, subli\u00f1ou hoxe que se Galicia \u201cest\u00e1 de moda\u201d \u00e9 grazas a que hai \u201cmodelos para ensinar e para presumir\u201d como Sanxenxo. \u201cCando sa\u00edmos presumimos de moitas cousas que ten Galicia, pero entre as catro ou cinco cousas que sempre identifica a xente de f\u00f3ra como Galicia [&hellip;]<\/p>\n","protected":false},"author":38,"featured_media":69298,"comment_status":"closed","ping_status":"open","sticky":false,"template":"","format":"standard","meta":{"_acf_changed":false,"footnotes":""},"categories":[1],"tags":[],"class_list":["post-69297","post","type-post","status-publish","format-standard","has-post-thumbnail","hentry","category-pp-de-galicia"],"acf":[],"yoast_head":"<!-- This site is optimized with the Yoast SEO plugin v27.3 - https:\/\/yoast.com\/product\/yoast-seo-wordpress\/ -->\n<title>Rueda subli\u00f1a que se Galicia \u201cest\u00e1 de moda\u201d \u00e9 grazas a que hai \u201cmodelos dos que presumir\u201d como Sanxenxo - PP de Galicia<\/title>\n<meta name=\"description\" content=\"O presidente do Partido Popular de Galicia, Alfonso Rueda, subli\u00f1ou hoxe que se Galicia \u201cest\u00e1 de moda\u201d \u00e9 grazas a que hai \u201cmodelos para ensinar e para presumir\u201d como Sanxenxo.\" \/>\n<meta name=\"robots\" content=\"index, follow, max-snippet:-1, max-image-preview:large, max-video-preview:-1\" \/>\n<link rel=\"canonical\" href=\"https:\/\/ppdegalicia.com\/es\/rueda-sublina-que-se-galicia-esta-de-moda-e-grazas-a-que-hai-modelos-dos-que-presumir-como-sanxenxo\/\" \/>\n<meta property=\"og:locale\" content=\"es_ES\" \/>\n<meta property=\"og:type\" content=\"article\" \/>\n<meta property=\"og:title\" content=\"Rueda subli\u00f1a que se Galicia \u201cest\u00e1 de moda\u201d \u00e9 grazas a que hai \u201cmodelos dos que presumir\u201d como Sanxenxo - PP de Galicia\" \/>\n<meta property=\"og:description\" content=\"O presidente do Partido Popular de Galicia, Alfonso Rueda, subli\u00f1ou hoxe que se Galicia \u201cest\u00e1 de moda\u201d \u00e9 grazas a que hai \u201cmodelos para ensinar e para presumir\u201d como Sanxenxo.\" \/>\n<meta property=\"og:url\" content=\"https:\/\/ppdegalicia.com\/es\/rueda-sublina-que-se-galicia-esta-de-moda-e-grazas-a-que-hai-modelos-dos-que-presumir-como-sanxenxo\/\" \/>\n<meta property=\"og:site_name\" content=\"PP de Galicia\" \/>\n<meta property=\"article:publisher\" content=\"https:\/\/www.instagram.com\/ppdegalicia\/\" \/>\n<meta property=\"article:published_time\" content=\"2025-11-29T12:41:33+00:00\" \/>\n<meta property=\"article:modified_time\" content=\"2025-12-01T12:42:42+00:00\" \/>\n<meta property=\"og:image\" content=\"https:\/\/ppdegalicia.com\/wp-content\/uploads\/2025\/12\/20251129_ARueda_Sanxenxo_1.jpg\" \/>\n\t<meta property=\"og:image:width\" content=\"1600\" \/>\n\t<meta property=\"og:image:height\" content=\"1050\" \/>\n\t<meta property=\"og:image:type\" content=\"image\/jpeg\" \/>\n<meta name=\"author\" content=\"ppdegaliciaredes\" \/>\n<meta name=\"twitter:card\" content=\"summary_large_image\" \/>\n<meta name=\"twitter:creator\" content=\"@ppdegalicia\" \/>\n<meta name=\"twitter:site\" content=\"@ppdegalicia\" \/>\n<meta name=\"twitter:label1\" content=\"Escrito por\" \/>\n\t<meta name=\"twitter:data1\" content=\"ppdegaliciaredes\" \/>\n\t<meta name=\"twitter:label2\" content=\"Tiempo de lectura\" \/>\n\t<meta name=\"twitter:data2\" content=\"3 minutos\" \/>\n<script type=\"application\/ld+json\" class=\"yoast-schema-graph\">{\"@context\":\"https:\\\/\\\/schema.org\",\"@graph\":[{\"@type\":\"Article\",\"@id\":\"https:\\\/\\\/ppdegalicia.com\\\/es\\\/rueda-sublina-que-se-galicia-esta-de-moda-e-grazas-a-que-hai-modelos-dos-que-presumir-como-sanxenxo\\\/#article\",\"isPartOf\":{\"@id\":\"https:\\\/\\\/ppdegalicia.com\\\/es\\\/rueda-sublina-que-se-galicia-esta-de-moda-e-grazas-a-que-hai-modelos-dos-que-presumir-como-sanxenxo\\\/\"},\"author\":{\"name\":\"ppdegaliciaredes\",\"@id\":\"https:\\\/\\\/ppdegalicia.com\\\/es\\\/#\\\/schema\\\/person\\\/5b822c6f59e872ebdd1142f307dbcb59\"},\"headline\":\"Rueda subli\u00f1a que se Galicia \u201cest\u00e1 de moda\u201d \u00e9 grazas a que hai \u201cmodelos dos que presumir\u201d como Sanxenxo\",\"datePublished\":\"2025-11-29T12:41:33+00:00\",\"dateModified\":\"2025-12-01T12:42:42+00:00\",\"mainEntityOfPage\":{\"@id\":\"https:\\\/\\\/ppdegalicia.com\\\/es\\\/rueda-sublina-que-se-galicia-esta-de-moda-e-grazas-a-que-hai-modelos-dos-que-presumir-como-sanxenxo\\\/\"},\"wordCount\":540,\"publisher\":{\"@id\":\"https:\\\/\\\/ppdegalicia.com\\\/es\\\/#organization\"},\"image\":{\"@id\":\"https:\\\/\\\/ppdegalicia.com\\\/es\\\/rueda-sublina-que-se-galicia-esta-de-moda-e-grazas-a-que-hai-modelos-dos-que-presumir-como-sanxenxo\\\/#primaryimage\"},\"thumbnailUrl\":\"https:\\\/\\\/ppdegalicia.com\\\/wp-content\\\/uploads\\\/2025\\\/12\\\/20251129_ARueda_Sanxenxo_1.jpg\",\"articleSection\":[\"PP de Galicia\"],\"inLanguage\":\"es\"},{\"@type\":\"WebPage\",\"@id\":\"https:\\\/\\\/ppdegalicia.com\\\/es\\\/rueda-sublina-que-se-galicia-esta-de-moda-e-grazas-a-que-hai-modelos-dos-que-presumir-como-sanxenxo\\\/\",\"url\":\"https:\\\/\\\/ppdegalicia.com\\\/es\\\/rueda-sublina-que-se-galicia-esta-de-moda-e-grazas-a-que-hai-modelos-dos-que-presumir-como-sanxenxo\\\/\",\"name\":\"Rueda subli\u00f1a que se Galicia \u201cest\u00e1 de moda\u201d \u00e9 grazas a que hai \u201cmodelos dos que presumir\u201d como Sanxenxo - PP de Galicia\",\"isPartOf\":{\"@id\":\"https:\\\/\\\/ppdegalicia.com\\\/es\\\/#website\"},\"primaryImageOfPage\":{\"@id\":\"https:\\\/\\\/ppdegalicia.com\\\/es\\\/rueda-sublina-que-se-galicia-esta-de-moda-e-grazas-a-que-hai-modelos-dos-que-presumir-como-sanxenxo\\\/#primaryimage\"},\"image\":{\"@id\":\"https:\\\/\\\/ppdegalicia.com\\\/es\\\/rueda-sublina-que-se-galicia-esta-de-moda-e-grazas-a-que-hai-modelos-dos-que-presumir-como-sanxenxo\\\/#primaryimage\"},\"thumbnailUrl\":\"https:\\\/\\\/ppdegalicia.com\\\/wp-content\\\/uploads\\\/2025\\\/12\\\/20251129_ARueda_Sanxenxo_1.jpg\",\"datePublished\":\"2025-11-29T12:41:33+00:00\",\"dateModified\":\"2025-12-01T12:42:42+00:00\",\"description\":\"O presidente do Partido Popular de Galicia, Alfonso Rueda, subli\u00f1ou hoxe que se Galicia \u201cest\u00e1 de moda\u201d \u00e9 grazas a que hai \u201cmodelos para ensinar e para presumir\u201d como Sanxenxo.\",\"breadcrumb\":{\"@id\":\"https:\\\/\\\/ppdegalicia.com\\\/es\\\/rueda-sublina-que-se-galicia-esta-de-moda-e-grazas-a-que-hai-modelos-dos-que-presumir-como-sanxenxo\\\/#breadcrumb\"},\"inLanguage\":\"es\",\"potentialAction\":[{\"@type\":\"ReadAction\",\"target\":[\"https:\\\/\\\/ppdegalicia.com\\\/es\\\/rueda-sublina-que-se-galicia-esta-de-moda-e-grazas-a-que-hai-modelos-dos-que-presumir-como-sanxenxo\\\/\"]}]},{\"@type\":\"ImageObject\",\"inLanguage\":\"es\",\"@id\":\"https:\\\/\\\/ppdegalicia.com\\\/es\\\/rueda-sublina-que-se-galicia-esta-de-moda-e-grazas-a-que-hai-modelos-dos-que-presumir-como-sanxenxo\\\/#primaryimage\",\"url\":\"https:\\\/\\\/ppdegalicia.com\\\/wp-content\\\/uploads\\\/2025\\\/12\\\/20251129_ARueda_Sanxenxo_1.jpg\",\"contentUrl\":\"https:\\\/\\\/ppdegalicia.com\\\/wp-content\\\/uploads\\\/2025\\\/12\\\/20251129_ARueda_Sanxenxo_1.jpg\",\"width\":1600,\"height\":1050},{\"@type\":\"BreadcrumbList\",\"@id\":\"https:\\\/\\\/ppdegalicia.com\\\/es\\\/rueda-sublina-que-se-galicia-esta-de-moda-e-grazas-a-que-hai-modelos-dos-que-presumir-como-sanxenxo\\\/#breadcrumb\",\"itemListElement\":[{\"@type\":\"ListItem\",\"position\":1,\"name\":\"Portada\",\"item\":\"https:\\\/\\\/ppdegalicia.com\\\/es\\\/\"},{\"@type\":\"ListItem\",\"position\":2,\"name\":\"Rueda subli\u00f1a que se Galicia \u201cest\u00e1 de moda\u201d \u00e9 grazas a que hai \u201cmodelos dos que presumir\u201d como Sanxenxo\"}]},{\"@type\":\"WebSite\",\"@id\":\"https:\\\/\\\/ppdegalicia.com\\\/es\\\/#website\",\"url\":\"https:\\\/\\\/ppdegalicia.com\\\/es\\\/\",\"name\":\"Partido Popular de Galicia\",\"description\":\"Partido Popular de Galicia\",\"publisher\":{\"@id\":\"https:\\\/\\\/ppdegalicia.com\\\/es\\\/#organization\"},\"alternateName\":\"PP de Galicia\",\"potentialAction\":[{\"@type\":\"SearchAction\",\"target\":{\"@type\":\"EntryPoint\",\"urlTemplate\":\"https:\\\/\\\/ppdegalicia.com\\\/es\\\/?s={search_term_string}\"},\"query-input\":{\"@type\":\"PropertyValueSpecification\",\"valueRequired\":true,\"valueName\":\"search_term_string\"}}],\"inLanguage\":\"es\"},{\"@type\":\"Organization\",\"@id\":\"https:\\\/\\\/ppdegalicia.com\\\/es\\\/#organization\",\"name\":\"Partido Popular de Galicia\",\"alternateName\":\"PP de Galicia\",\"url\":\"https:\\\/\\\/ppdegalicia.com\\\/es\\\/\",\"logo\":{\"@type\":\"ImageObject\",\"inLanguage\":\"es\",\"@id\":\"https:\\\/\\\/ppdegalicia.com\\\/es\\\/#\\\/schema\\\/logo\\\/image\\\/\",\"url\":\"https:\\\/\\\/ppdegalicia.com\\\/wp-content\\\/uploads\\\/2023\\\/04\\\/logoPP512.png\",\"contentUrl\":\"https:\\\/\\\/ppdegalicia.com\\\/wp-content\\\/uploads\\\/2023\\\/04\\\/logoPP512.png\",\"width\":512,\"height\":512,\"caption\":\"Partido Popular de Galicia\"},\"image\":{\"@id\":\"https:\\\/\\\/ppdegalicia.com\\\/es\\\/#\\\/schema\\\/logo\\\/image\\\/\"},\"sameAs\":[\"https:\\\/\\\/www.instagram.com\\\/ppdegalicia\\\/\",\"https:\\\/\\\/x.com\\\/ppdegalicia\",\"https:\\\/\\\/www.tiktok.com\\\/@ppdegalicia\",\"https:\\\/\\\/www.youtube.com\\\/user\\\/ppdegalicia\"]},{\"@type\":\"Person\",\"@id\":\"https:\\\/\\\/ppdegalicia.com\\\/es\\\/#\\\/schema\\\/person\\\/5b822c6f59e872ebdd1142f307dbcb59\",\"name\":\"ppdegaliciaredes\",\"image\":{\"@type\":\"ImageObject\",\"inLanguage\":\"es\",\"@id\":\"https:\\\/\\\/secure.gravatar.com\\\/avatar\\\/3c9179cf0256d00c72a48d1f25783c58b6842cd56e85ef3a572881c8e28ccd59?s=96&d=mm&r=g\",\"url\":\"https:\\\/\\\/secure.gravatar.com\\\/avatar\\\/3c9179cf0256d00c72a48d1f25783c58b6842cd56e85ef3a572881c8e28ccd59?s=96&d=mm&r=g\",\"contentUrl\":\"https:\\\/\\\/secure.gravatar.com\\\/avatar\\\/3c9179cf0256d00c72a48d1f25783c58b6842cd56e85ef3a572881c8e28ccd59?s=96&d=mm&r=g\",\"caption\":\"ppdegaliciaredes\"},\"url\":\"https:\\\/\\\/ppdegalicia.com\\\/es\\\/author\\\/ppdegaliciaredes\\\/\"}]}<\/script>\n<!-- \/ Yoast SEO plugin. -->","yoast_head_json":{"title":"Rueda subli\u00f1a que se Galicia \u201cest\u00e1 de moda\u201d \u00e9 grazas a que hai \u201cmodelos dos que presumir\u201d como Sanxenxo - PP de Galicia","description":"O presidente do Partido Popular de Galicia, Alfonso Rueda, subli\u00f1ou hoxe que se Galicia \u201cest\u00e1 de moda\u201d \u00e9 grazas a que hai \u201cmodelos para ensinar e para presumir\u201d como Sanxenxo.","robots":{"index":"index","follow":"follow","max-snippet":"max-snippet:-1","max-image-preview":"max-image-preview:large","max-video-preview":"max-video-preview:-1"},"canonical":"https:\/\/ppdegalicia.com\/es\/rueda-sublina-que-se-galicia-esta-de-moda-e-grazas-a-que-hai-modelos-dos-que-presumir-como-sanxenxo\/","og_locale":"es_ES","og_type":"article","og_title":"Rueda subli\u00f1a que se Galicia \u201cest\u00e1 de moda\u201d \u00e9 grazas a que hai \u201cmodelos dos que presumir\u201d como Sanxenxo - PP de Galicia","og_description":"O presidente do Partido Popular de Galicia, Alfonso Rueda, subli\u00f1ou hoxe que se Galicia \u201cest\u00e1 de moda\u201d \u00e9 grazas a que hai \u201cmodelos para ensinar e para presumir\u201d como Sanxenxo.","og_url":"https:\/\/ppdegalicia.com\/es\/rueda-sublina-que-se-galicia-esta-de-moda-e-grazas-a-que-hai-modelos-dos-que-presumir-como-sanxenxo\/","og_site_name":"PP de Galicia","article_publisher":"https:\/\/www.instagram.com\/ppdegalicia\/","article_published_time":"2025-11-29T12:41:33+00:00","article_modified_time":"2025-12-01T12:42:42+00:00","og_image":[{"width":1600,"height":1050,"url":"https:\/\/ppdegalicia.com\/wp-content\/uploads\/2025\/12\/20251129_ARueda_Sanxenxo_1.jpg","type":"image\/jpeg"}],"author":"ppdegaliciaredes","twitter_card":"summary_large_image","twitter_creator":"@ppdegalicia","twitter_site":"@ppdegalicia","twitter_misc":{"Escrito por":"ppdegaliciaredes","Tiempo de lectura":"3 minutos"},"schema":{"@context":"https:\/\/schema.org","@graph":[{"@type":"Article","@id":"https:\/\/ppdegalicia.com\/es\/rueda-sublina-que-se-galicia-esta-de-moda-e-grazas-a-que-hai-modelos-dos-que-presumir-como-sanxenxo\/#article","isPartOf":{"@id":"https:\/\/ppdegalicia.com\/es\/rueda-sublina-que-se-galicia-esta-de-moda-e-grazas-a-que-hai-modelos-dos-que-presumir-como-sanxenxo\/"},"author":{"name":"ppdegaliciaredes","@id":"https:\/\/ppdegalicia.com\/es\/#\/schema\/person\/5b822c6f59e872ebdd1142f307dbcb59"},"headline":"Rueda subli\u00f1a que se Galicia \u201cest\u00e1 de moda\u201d \u00e9 grazas a que hai \u201cmodelos dos que presumir\u201d como Sanxenxo","datePublished":"2025-11-29T12:41:33+00:00","dateModified":"2025-12-01T12:42:42+00:00","mainEntityOfPage":{"@id":"https:\/\/ppdegalicia.com\/es\/rueda-sublina-que-se-galicia-esta-de-moda-e-grazas-a-que-hai-modelos-dos-que-presumir-como-sanxenxo\/"},"wordCount":540,"publisher":{"@id":"https:\/\/ppdegalicia.com\/es\/#organization"},"image":{"@id":"https:\/\/ppdegalicia.com\/es\/rueda-sublina-que-se-galicia-esta-de-moda-e-grazas-a-que-hai-modelos-dos-que-presumir-como-sanxenxo\/#primaryimage"},"thumbnailUrl":"https:\/\/ppdegalicia.com\/wp-content\/uploads\/2025\/12\/20251129_ARueda_Sanxenxo_1.jpg","articleSection":["PP de Galicia"],"inLanguage":"es"},{"@type":"WebPage","@id":"https:\/\/ppdegalicia.com\/es\/rueda-sublina-que-se-galicia-esta-de-moda-e-grazas-a-que-hai-modelos-dos-que-presumir-como-sanxenxo\/","url":"https:\/\/ppdegalicia.com\/es\/rueda-sublina-que-se-galicia-esta-de-moda-e-grazas-a-que-hai-modelos-dos-que-presumir-como-sanxenxo\/","name":"Rueda subli\u00f1a que se Galicia \u201cest\u00e1 de moda\u201d \u00e9 grazas a que hai \u201cmodelos dos que presumir\u201d como Sanxenxo - PP de Galicia","isPartOf":{"@id":"https:\/\/ppdegalicia.com\/es\/#website"},"primaryImageOfPage":{"@id":"https:\/\/ppdegalicia.com\/es\/rueda-sublina-que-se-galicia-esta-de-moda-e-grazas-a-que-hai-modelos-dos-que-presumir-como-sanxenxo\/#primaryimage"},"image":{"@id":"https:\/\/ppdegalicia.com\/es\/rueda-sublina-que-se-galicia-esta-de-moda-e-grazas-a-que-hai-modelos-dos-que-presumir-como-sanxenxo\/#primaryimage"},"thumbnailUrl":"https:\/\/ppdegalicia.com\/wp-content\/uploads\/2025\/12\/20251129_ARueda_Sanxenxo_1.jpg","datePublished":"2025-11-29T12:41:33+00:00","dateModified":"2025-12-01T12:42:42+00:00","description":"O presidente do Partido Popular de Galicia, Alfonso Rueda, subli\u00f1ou hoxe que se Galicia \u201cest\u00e1 de moda\u201d \u00e9 grazas a que hai \u201cmodelos para ensinar e para presumir\u201d como Sanxenxo.","breadcrumb":{"@id":"https:\/\/ppdegalicia.com\/es\/rueda-sublina-que-se-galicia-esta-de-moda-e-grazas-a-que-hai-modelos-dos-que-presumir-como-sanxenxo\/#breadcrumb"},"inLanguage":"es","potentialAction":[{"@type":"ReadAction","target":["https:\/\/ppdegalicia.com\/es\/rueda-sublina-que-se-galicia-esta-de-moda-e-grazas-a-que-hai-modelos-dos-que-presumir-como-sanxenxo\/"]}]},{"@type":"ImageObject","inLanguage":"es","@id":"https:\/\/ppdegalicia.com\/es\/rueda-sublina-que-se-galicia-esta-de-moda-e-grazas-a-que-hai-modelos-dos-que-presumir-como-sanxenxo\/#primaryimage","url":"https:\/\/ppdegalicia.com\/wp-content\/uploads\/2025\/12\/20251129_ARueda_Sanxenxo_1.jpg","contentUrl":"https:\/\/ppdegalicia.com\/wp-content\/uploads\/2025\/12\/20251129_ARueda_Sanxenxo_1.jpg","width":1600,"height":1050},{"@type":"BreadcrumbList","@id":"https:\/\/ppdegalicia.com\/es\/rueda-sublina-que-se-galicia-esta-de-moda-e-grazas-a-que-hai-modelos-dos-que-presumir-como-sanxenxo\/#breadcrumb","itemListElement":[{"@type":"ListItem","position":1,"name":"Portada","item":"https:\/\/ppdegalicia.com\/es\/"},{"@type":"ListItem","position":2,"name":"Rueda subli\u00f1a que se Galicia \u201cest\u00e1 de moda\u201d \u00e9 grazas a que hai \u201cmodelos dos que presumir\u201d como Sanxenxo"}]},{"@type":"WebSite","@id":"https:\/\/ppdegalicia.com\/es\/#website","url":"https:\/\/ppdegalicia.com\/es\/","name":"Partido Popular de Galicia","description":"Partido Popular de Galicia","publisher":{"@id":"https:\/\/ppdegalicia.com\/es\/#organization"},"alternateName":"PP de Galicia","potentialAction":[{"@type":"SearchAction","target":{"@type":"EntryPoint","urlTemplate":"https:\/\/ppdegalicia.com\/es\/?s={search_term_string}"},"query-input":{"@type":"PropertyValueSpecification","valueRequired":true,"valueName":"search_term_string"}}],"inLanguage":"es"},{"@type":"Organization","@id":"https:\/\/ppdegalicia.com\/es\/#organization","name":"Partido Popular de Galicia","alternateName":"PP de Galicia","url":"https:\/\/ppdegalicia.com\/es\/","logo":{"@type":"ImageObject","inLanguage":"es","@id":"https:\/\/ppdegalicia.com\/es\/#\/schema\/logo\/image\/","url":"https:\/\/ppdegalicia.com\/wp-content\/uploads\/2023\/04\/logoPP512.png","contentUrl":"https:\/\/ppdegalicia.com\/wp-content\/uploads\/2023\/04\/logoPP512.png","width":512,"height":512,"caption":"Partido Popular de Galicia"},"image":{"@id":"https:\/\/ppdegalicia.com\/es\/#\/schema\/logo\/image\/"},"sameAs":["https:\/\/www.instagram.com\/ppdegalicia\/","https:\/\/x.com\/ppdegalicia","https:\/\/www.tiktok.com\/@ppdegalicia","https:\/\/www.youtube.com\/user\/ppdegalicia"]},{"@type":"Person","@id":"https:\/\/ppdegalicia.com\/es\/#\/schema\/person\/5b822c6f59e872ebdd1142f307dbcb59","name":"ppdegaliciaredes","image":{"@type":"ImageObject","inLanguage":"es","@id":"https:\/\/secure.gravatar.com\/avatar\/3c9179cf0256d00c72a48d1f25783c58b6842cd56e85ef3a572881c8e28ccd59?s=96&d=mm&r=g","url":"https:\/\/secure.gravatar.com\/avatar\/3c9179cf0256d00c72a48d1f25783c58b6842cd56e85ef3a572881c8e28ccd59?s=96&d=mm&r=g","contentUrl":"https:\/\/secure.gravatar.com\/avatar\/3c9179cf0256d00c72a48d1f25783c58b6842cd56e85ef3a572881c8e28ccd59?s=96&d=mm&r=g","caption":"ppdegaliciaredes"},"url":"https:\/\/ppdegalicia.com\/es\/author\/ppdegaliciaredes\/"}]}},"_links":{"self":[{"href":"https:\/\/ppdegalicia.com\/es\/wp-json\/wp\/v2\/posts\/69297","targetHints":{"allow":["GET"]}}],"collection":[{"href":"https:\/\/ppdegalicia.com\/es\/wp-json\/wp\/v2\/posts"}],"about":[{"href":"https:\/\/ppdegalicia.com\/es\/wp-json\/wp\/v2\/types\/post"}],"author":[{"embeddable":true,"href":"https:\/\/ppdegalicia.com\/es\/wp-json\/wp\/v2\/users\/38"}],"replies":[{"embeddable":true,"href":"https:\/\/ppdegalicia.com\/es\/wp-json\/wp\/v2\/comments?post=69297"}],"version-history":[{"count":1,"href":"https:\/\/ppdegalicia.com\/es\/wp-json\/wp\/v2\/posts\/69297\/revisions"}],"predecessor-version":[{"id":69300,"href":"https:\/\/ppdegalicia.com\/es\/wp-json\/wp\/v2\/posts\/69297\/revisions\/69300"}],"wp:featuredmedia":[{"embeddable":true,"href":"https:\/\/ppdegalicia.com\/es\/wp-json\/wp\/v2\/media\/69298"}],"wp:attachment":[{"href":"https:\/\/ppdegalicia.com\/es\/wp-json\/wp\/v2\/media?parent=69297"}],"wp:term":[{"taxonomy":"category","embeddable":true,"href":"https:\/\/ppdegalicia.com\/es\/wp-json\/wp\/v2\/categories?post=69297"},{"taxonomy":"post_tag","embeddable":true,"href":"https:\/\/ppdegalicia.com\/es\/wp-json\/wp\/v2\/tags?post=69297"}],"curies":[{"name":"wp","href":"https:\/\/api.w.org\/{rel}","templated":true}]}}