{"id":69305,"date":"2025-12-02T12:28:02","date_gmt":"2025-12-02T11:28:02","guid":{"rendered":"https:\/\/ppdegalicia.com\/?p=69305"},"modified":"2025-12-02T12:28:02","modified_gmt":"2025-12-02T11:28:02","slug":"o-grupo-popular-asegura-que-a-xunta-seguira-atendendo-as-recomendacions-da-valedora-do-pobo-para-ofrecer-uns-servizos-publicos-de-calidade-e-a-altura-do-que-demandan-os-galegos","status":"publish","type":"post","link":"https:\/\/ppdegalicia.com\/es\/o-grupo-popular-asegura-que-a-xunta-seguira-atendendo-as-recomendacions-da-valedora-do-pobo-para-ofrecer-uns-servizos-publicos-de-calidade-e-a-altura-do-que-demandan-os-galegos\/","title":{"rendered":"O Grupo Popular asegura que a Xunta seguir\u00e1 atendendo as recomendaci\u00f3ns da Valedora do Pobo para ofrecer uns servizos p\u00fablicos de calidade e \u00e1 altura do que demandan os galegos"},"content":{"rendered":"<p>A viceportavoz do Grupo Popular, Paula Prado, asegurou hoxe no Pleno, no debate do Informe anual do Valedor do Pobo correspondente a 2024, que a Xunta \u201ctoma boa nota das preocupaci\u00f3ns dos galegos e galegas e das recomendaci\u00f3ns que ano tras ano traslada a Valedora ao respecto, e o seguiremos facendo con ambici\u00f3n, responsabilidade e traballo diario para ofrecer uns servizos p\u00fablicos de calidade e \u00e1 altura do que os cidad\u00e1ns demandan\u201d.<\/p>\n<p>Paula Prado comezou a s\u00faa intervenci\u00f3n alertando da \u201csituaci\u00f3n de emerxencia democr\u00e1tica que vive Espa\u00f1a, provocada polo progresivo proceso de colonizaci\u00f3n de instituci\u00f3ns e poderes concibidos para ser independentes e que, tristemente, est\u00e1n hoxe ao servizo dunha \u00fanica persoa, Pedro S\u00e1nchez, e dunha esquerda que perdeu por completo o respecto \u00e1 democracia\u201d.<\/p>\n<p>\u201cUnha esquerda que non respecta \u00e1 Xustiza, s\u00f3 as\u00ed se entenden as s\u00faas reacci\u00f3ns ante a anomal\u00eda democr\u00e1tica de ter a\u00ednda no cargo ao primeiro fiscal xeral do Estado condenado e inhabilitado por servirse do seu poder con fins partidistas; nin tampouco respecta a pluralidade pol\u00edtica, e s\u00f3 as\u00ed se entenden ataques violentos como o que pasado 25 de novembro instigou o BNG, a trav\u00e9s do seu sindicato, \u00e1 sede do PP de Santiago\u201d, manifestou.<\/p>\n<p><strong>MENOR ESPERA SANITARIA EN GALICIA<\/strong><\/p>\n<p>Respecto do informe da Valedora e no que se refire \u00e1s listas de espera sanitarias, Paula Prado lembrou que Galicia \u00e9 a segunda comunidade aut\u00f3noma na que os pacientes te\u00f1en que esperar menos d\u00edas para unha consulta, 39 d\u00edas menos que a media espa\u00f1ola; e a cuarta comunidade na que os pacientes te\u00f1en que esperar menos d\u00edas para unha cirurx\u00eda, 50 d\u00edas menos que a media de Espa\u00f1a.<\/p>\n<p>\u201cUns datos que poder\u00edan ser mellores e para iso f\u00e1ltanos un recurso fundamental: os m\u00e9dicos especialistas, un problema com\u00fan a toda Espa\u00f1a e ante o que Galicia xa actuou para cumprir as recomendaci\u00f3ns da Valedora, ofrecendo incentivos entre os facultativos para cubrir as prazas desertas de dif\u00edcil cobertura ou as quendas de traballo vacantes\u201d, explicou a viceportavoz popular.<\/p>\n<p>No \u00e1mbito da dependencia, asegurou que \u201co Goberno galego xa vai no cami\u00f1o do que recolle o informe respecto \u00e1 mellora dos tempos de valoraci\u00f3n e o cumprimento de prazos\u201d. Neste sentido, afirmou que o plan de choque aprobado pola Xunta xa permitiu reducir en 47 d\u00edas o tempo de tramitaci\u00f3n da dependencia, alcanzar unha ratio de cobertura das prestaci\u00f3ns de case o 99 por cento e simplificar o proceso para o reco\u00f1ecemento autom\u00e1tico da discapacidade. \u201cO que non vai na li\u00f1a do recomendado pola Valedora \u00e9 o recurso de inconstitucionalidade interposto polo Goberno central contra este plan de choque\u201d, dixo.<\/p>\n<p>Ademais, apuntou que \u201cestar\u00eda ben que PSOE e BNG, tan bravos aqu\u00ed e tan mansi\u00f1os en Madrid, fosen quen de reclamar eses case 3.000 mill\u00f3ns de euros de financiamento da dependencia que nos debe o Goberno de Pedro S\u00e1nchez\u201d.<\/p>\n<p><strong>FALLOS NA PROTECCI\u00d3N DAS MULLERES<\/strong><\/p>\n<p>Tam\u00e9n no eido da igualdade, e despois de lembrar que \u201cno PPdeG tivemos que escoitar ata non hai moito tempo como se nos acusaba de negacionistas por denunciar que o sistema de protecci\u00f3n non estaba funcionando\u201d, Paula Prado lamentou que \u201co sistema de protecci\u00f3n estea fallando porque as mulleres seguen sendo asasinadas incluso despois de denunciar e mesmo cando contan con algunha medida de protecci\u00f3n en vigor\u201d, como as pulseiras antimaltrato, o sistema Viogen ou a propia Lei do s\u00f3 si \u00e9 si.<\/p>\n<p>\u201c\u00c9 m\u00e1is urxente que nunca que o Goberno de Espa\u00f1a deixe de perder o tempo en campa\u00f1as publicitarias e se po\u00f1a a traballar en serio no que realmente importa: en reco\u00f1ecer a violencia econ\u00f3mica como unha forma de violencia de x\u00e9nero, en aprobar a Lei de Trata ou en cumprir todas as medidas recollidas no Pacto de Estado de Violencia de X\u00e9nero de 2017&#8243;, demandou.<\/p>\n<p>Para rematar, Prado asegurou que a Xunta \u00abtoma boa nota das preocupaci\u00f3ns dos galegos e das recomendaci\u00f3ns que fai a Valedora do Pobo\u201d, e anotou que \u201cestar\u00eda ben que tam\u00e9n o fixesen os grupos da oposici\u00f3n al\u00ed onde gobernan, como a alcaldesa nacionalista de Santiago, un dos concellos que m\u00e1is queixas recibiu; o presidente socialista da Deputaci\u00f3n de Lugo, que prohibe o acceso dos deputados da oposici\u00f3n \u00e1s dependencias provinciais; ou os alcaldes socialistas de Vigo, Lugo e A Coru\u00f1a, que lle negan o acceso a documentaci\u00f3n a concelleiros da oposici\u00f3n\u201d.<\/p>\n","protected":false},"excerpt":{"rendered":"<p>A viceportavoz do Grupo Popular, Paula Prado, asegurou hoxe no Pleno, no debate do Informe anual do Valedor do Pobo correspondente a 2024, que a Xunta \u201ctoma boa nota das preocupaci\u00f3ns dos galegos e galegas e das recomendaci\u00f3ns que ano tras ano traslada a Valedora ao respecto, e o seguiremos facendo con ambici\u00f3n, responsabilidade e [&hellip;]<\/p>\n","protected":false},"author":38,"featured_media":69306,"comment_status":"closed","ping_status":"open","sticky":false,"template":"","format":"standard","meta":{"_acf_changed":false,"footnotes":""},"categories":[1128],"tags":[],"class_list":["post-69305","post","type-post","status-publish","format-standard","has-post-thumbnail","hentry","category-actualidad-parlamento-de-galicia"],"acf":[],"yoast_head":"<!-- This site is optimized with the Yoast SEO plugin v27.3 - https:\/\/yoast.com\/product\/yoast-seo-wordpress\/ -->\n<title>O Grupo Popular asegura que a Xunta seguir\u00e1 atendendo as recomendaci\u00f3ns da Valedora do Pobo para ofrecer uns servizos p\u00fablicos de calidade e \u00e1 altura do que demandan os galegos - PP de Galicia<\/title>\n<meta name=\"description\" content=\"A viceportavoz do Grupo Popular, Paula Prado, asegurou hoxe no Pleno, no debate do Informe anual do Valedor do Pobo correspondente a 2024, que a Xunta \u201ctoma boa nota das preocupaci\u00f3ns dos galegos e galegas e das recomendaci\u00f3ns que ano tras ano traslada a Valedora ao respecto, e o seguiremos facendo con ambici\u00f3n, responsabilidade e traballo diario para ofrecer uns servizos p\u00fablicos de calidade e \u00e1 altura do que os cidad\u00e1ns demandan\u201d.\" \/>\n<meta name=\"robots\" content=\"index, follow, max-snippet:-1, max-image-preview:large, max-video-preview:-1\" \/>\n<link rel=\"canonical\" href=\"https:\/\/ppdegalicia.com\/es\/o-grupo-popular-asegura-que-a-xunta-seguira-atendendo-as-recomendacions-da-valedora-do-pobo-para-ofrecer-uns-servizos-publicos-de-calidade-e-a-altura-do-que-demandan-os-galegos\/\" \/>\n<meta property=\"og:locale\" content=\"es_ES\" \/>\n<meta property=\"og:type\" content=\"article\" \/>\n<meta property=\"og:title\" content=\"O Grupo Popular asegura que a Xunta seguir\u00e1 atendendo as recomendaci\u00f3ns da Valedora do Pobo para ofrecer uns servizos p\u00fablicos de calidade e \u00e1 altura do que demandan os galegos - PP de Galicia\" \/>\n<meta property=\"og:description\" content=\"A viceportavoz do Grupo Popular, Paula Prado, asegurou hoxe no Pleno, no debate do Informe anual do Valedor do Pobo correspondente a 2024, que a Xunta \u201ctoma boa nota das preocupaci\u00f3ns dos galegos e galegas e das recomendaci\u00f3ns que ano tras ano traslada a Valedora ao respecto, e o seguiremos facendo con ambici\u00f3n, responsabilidade e traballo diario para ofrecer uns servizos p\u00fablicos de calidade e \u00e1 altura do que os cidad\u00e1ns demandan\u201d.\" \/>\n<meta property=\"og:url\" content=\"https:\/\/ppdegalicia.com\/es\/o-grupo-popular-asegura-que-a-xunta-seguira-atendendo-as-recomendacions-da-valedora-do-pobo-para-ofrecer-uns-servizos-publicos-de-calidade-e-a-altura-do-que-demandan-os-galegos\/\" \/>\n<meta property=\"og:site_name\" content=\"PP de Galicia\" \/>\n<meta property=\"article:publisher\" content=\"https:\/\/www.instagram.com\/ppdegalicia\/\" \/>\n<meta property=\"article:published_time\" content=\"2025-12-02T11:28:02+00:00\" \/>\n<meta property=\"og:image\" content=\"https:\/\/ppdegalicia.com\/wp-content\/uploads\/2025\/12\/20251202_Pleno_Ordinario47-scaled.jpg\" \/>\n\t<meta property=\"og:image:width\" content=\"2560\" \/>\n\t<meta property=\"og:image:height\" content=\"1706\" \/>\n\t<meta property=\"og:image:type\" content=\"image\/jpeg\" \/>\n<meta name=\"author\" content=\"ppdegaliciaredes\" \/>\n<meta name=\"twitter:card\" content=\"summary_large_image\" \/>\n<meta name=\"twitter:creator\" content=\"@ppdegalicia\" \/>\n<meta name=\"twitter:site\" content=\"@ppdegalicia\" \/>\n<meta name=\"twitter:label1\" content=\"Escrito por\" \/>\n\t<meta name=\"twitter:data1\" content=\"ppdegaliciaredes\" \/>\n\t<meta name=\"twitter:label2\" content=\"Tiempo de lectura\" \/>\n\t<meta name=\"twitter:data2\" content=\"5 minutos\" \/>\n<script type=\"application\/ld+json\" class=\"yoast-schema-graph\">{\"@context\":\"https:\\\/\\\/schema.org\",\"@graph\":[{\"@type\":\"Article\",\"@id\":\"https:\\\/\\\/ppdegalicia.com\\\/es\\\/o-grupo-popular-asegura-que-a-xunta-seguira-atendendo-as-recomendacions-da-valedora-do-pobo-para-ofrecer-uns-servizos-publicos-de-calidade-e-a-altura-do-que-demandan-os-galegos\\\/#article\",\"isPartOf\":{\"@id\":\"https:\\\/\\\/ppdegalicia.com\\\/es\\\/o-grupo-popular-asegura-que-a-xunta-seguira-atendendo-as-recomendacions-da-valedora-do-pobo-para-ofrecer-uns-servizos-publicos-de-calidade-e-a-altura-do-que-demandan-os-galegos\\\/\"},\"author\":{\"name\":\"ppdegaliciaredes\",\"@id\":\"https:\\\/\\\/ppdegalicia.com\\\/es\\\/#\\\/schema\\\/person\\\/5b822c6f59e872ebdd1142f307dbcb59\"},\"headline\":\"O Grupo Popular asegura que a Xunta seguir\u00e1 atendendo as recomendaci\u00f3ns da Valedora do Pobo para ofrecer uns servizos p\u00fablicos de calidade e \u00e1 altura do que demandan os galegos\",\"datePublished\":\"2025-12-02T11:28:02+00:00\",\"mainEntityOfPage\":{\"@id\":\"https:\\\/\\\/ppdegalicia.com\\\/es\\\/o-grupo-popular-asegura-que-a-xunta-seguira-atendendo-as-recomendacions-da-valedora-do-pobo-para-ofrecer-uns-servizos-publicos-de-calidade-e-a-altura-do-que-demandan-os-galegos\\\/\"},\"wordCount\":802,\"publisher\":{\"@id\":\"https:\\\/\\\/ppdegalicia.com\\\/es\\\/#organization\"},\"image\":{\"@id\":\"https:\\\/\\\/ppdegalicia.com\\\/es\\\/o-grupo-popular-asegura-que-a-xunta-seguira-atendendo-as-recomendacions-da-valedora-do-pobo-para-ofrecer-uns-servizos-publicos-de-calidade-e-a-altura-do-que-demandan-os-galegos\\\/#primaryimage\"},\"thumbnailUrl\":\"https:\\\/\\\/ppdegalicia.com\\\/wp-content\\\/uploads\\\/2025\\\/12\\\/20251202_Pleno_Ordinario47-scaled.jpg\",\"articleSection\":[\"Parlamento de Galicia\"],\"inLanguage\":\"es\"},{\"@type\":\"WebPage\",\"@id\":\"https:\\\/\\\/ppdegalicia.com\\\/es\\\/o-grupo-popular-asegura-que-a-xunta-seguira-atendendo-as-recomendacions-da-valedora-do-pobo-para-ofrecer-uns-servizos-publicos-de-calidade-e-a-altura-do-que-demandan-os-galegos\\\/\",\"url\":\"https:\\\/\\\/ppdegalicia.com\\\/es\\\/o-grupo-popular-asegura-que-a-xunta-seguira-atendendo-as-recomendacions-da-valedora-do-pobo-para-ofrecer-uns-servizos-publicos-de-calidade-e-a-altura-do-que-demandan-os-galegos\\\/\",\"name\":\"O Grupo Popular asegura que a Xunta seguir\u00e1 atendendo as recomendaci\u00f3ns da Valedora do Pobo para ofrecer uns servizos p\u00fablicos de calidade e \u00e1 altura do que demandan os galegos - PP de Galicia\",\"isPartOf\":{\"@id\":\"https:\\\/\\\/ppdegalicia.com\\\/es\\\/#website\"},\"primaryImageOfPage\":{\"@id\":\"https:\\\/\\\/ppdegalicia.com\\\/es\\\/o-grupo-popular-asegura-que-a-xunta-seguira-atendendo-as-recomendacions-da-valedora-do-pobo-para-ofrecer-uns-servizos-publicos-de-calidade-e-a-altura-do-que-demandan-os-galegos\\\/#primaryimage\"},\"image\":{\"@id\":\"https:\\\/\\\/ppdegalicia.com\\\/es\\\/o-grupo-popular-asegura-que-a-xunta-seguira-atendendo-as-recomendacions-da-valedora-do-pobo-para-ofrecer-uns-servizos-publicos-de-calidade-e-a-altura-do-que-demandan-os-galegos\\\/#primaryimage\"},\"thumbnailUrl\":\"https:\\\/\\\/ppdegalicia.com\\\/wp-content\\\/uploads\\\/2025\\\/12\\\/20251202_Pleno_Ordinario47-scaled.jpg\",\"datePublished\":\"2025-12-02T11:28:02+00:00\",\"description\":\"A viceportavoz do Grupo Popular, Paula Prado, asegurou hoxe no Pleno, no debate do Informe anual do Valedor do Pobo correspondente a 2024, que a Xunta \u201ctoma boa nota das preocupaci\u00f3ns dos galegos e galegas e das recomendaci\u00f3ns que ano tras ano traslada a Valedora ao respecto, e o seguiremos facendo con ambici\u00f3n, responsabilidade e traballo diario para ofrecer uns servizos p\u00fablicos de calidade e \u00e1 altura do que os cidad\u00e1ns demandan\u201d.\",\"breadcrumb\":{\"@id\":\"https:\\\/\\\/ppdegalicia.com\\\/es\\\/o-grupo-popular-asegura-que-a-xunta-seguira-atendendo-as-recomendacions-da-valedora-do-pobo-para-ofrecer-uns-servizos-publicos-de-calidade-e-a-altura-do-que-demandan-os-galegos\\\/#breadcrumb\"},\"inLanguage\":\"es\",\"potentialAction\":[{\"@type\":\"ReadAction\",\"target\":[\"https:\\\/\\\/ppdegalicia.com\\\/es\\\/o-grupo-popular-asegura-que-a-xunta-seguira-atendendo-as-recomendacions-da-valedora-do-pobo-para-ofrecer-uns-servizos-publicos-de-calidade-e-a-altura-do-que-demandan-os-galegos\\\/\"]}]},{\"@type\":\"ImageObject\",\"inLanguage\":\"es\",\"@id\":\"https:\\\/\\\/ppdegalicia.com\\\/es\\\/o-grupo-popular-asegura-que-a-xunta-seguira-atendendo-as-recomendacions-da-valedora-do-pobo-para-ofrecer-uns-servizos-publicos-de-calidade-e-a-altura-do-que-demandan-os-galegos\\\/#primaryimage\",\"url\":\"https:\\\/\\\/ppdegalicia.com\\\/wp-content\\\/uploads\\\/2025\\\/12\\\/20251202_Pleno_Ordinario47-scaled.jpg\",\"contentUrl\":\"https:\\\/\\\/ppdegalicia.com\\\/wp-content\\\/uploads\\\/2025\\\/12\\\/20251202_Pleno_Ordinario47-scaled.jpg\",\"width\":2560,\"height\":1706},{\"@type\":\"BreadcrumbList\",\"@id\":\"https:\\\/\\\/ppdegalicia.com\\\/es\\\/o-grupo-popular-asegura-que-a-xunta-seguira-atendendo-as-recomendacions-da-valedora-do-pobo-para-ofrecer-uns-servizos-publicos-de-calidade-e-a-altura-do-que-demandan-os-galegos\\\/#breadcrumb\",\"itemListElement\":[{\"@type\":\"ListItem\",\"position\":1,\"name\":\"Portada\",\"item\":\"https:\\\/\\\/ppdegalicia.com\\\/es\\\/\"},{\"@type\":\"ListItem\",\"position\":2,\"name\":\"O Grupo Popular asegura que a Xunta seguir\u00e1 atendendo as recomendaci\u00f3ns da Valedora do Pobo para ofrecer uns servizos p\u00fablicos de calidade e \u00e1 altura do que demandan os galegos\"}]},{\"@type\":\"WebSite\",\"@id\":\"https:\\\/\\\/ppdegalicia.com\\\/es\\\/#website\",\"url\":\"https:\\\/\\\/ppdegalicia.com\\\/es\\\/\",\"name\":\"Partido Popular de Galicia\",\"description\":\"Partido Popular de Galicia\",\"publisher\":{\"@id\":\"https:\\\/\\\/ppdegalicia.com\\\/es\\\/#organization\"},\"alternateName\":\"PP de Galicia\",\"potentialAction\":[{\"@type\":\"SearchAction\",\"target\":{\"@type\":\"EntryPoint\",\"urlTemplate\":\"https:\\\/\\\/ppdegalicia.com\\\/es\\\/?s={search_term_string}\"},\"query-input\":{\"@type\":\"PropertyValueSpecification\",\"valueRequired\":true,\"valueName\":\"search_term_string\"}}],\"inLanguage\":\"es\"},{\"@type\":\"Organization\",\"@id\":\"https:\\\/\\\/ppdegalicia.com\\\/es\\\/#organization\",\"name\":\"Partido Popular de Galicia\",\"alternateName\":\"PP de Galicia\",\"url\":\"https:\\\/\\\/ppdegalicia.com\\\/es\\\/\",\"logo\":{\"@type\":\"ImageObject\",\"inLanguage\":\"es\",\"@id\":\"https:\\\/\\\/ppdegalicia.com\\\/es\\\/#\\\/schema\\\/logo\\\/image\\\/\",\"url\":\"https:\\\/\\\/ppdegalicia.com\\\/wp-content\\\/uploads\\\/2023\\\/04\\\/logoPP512.png\",\"contentUrl\":\"https:\\\/\\\/ppdegalicia.com\\\/wp-content\\\/uploads\\\/2023\\\/04\\\/logoPP512.png\",\"width\":512,\"height\":512,\"caption\":\"Partido Popular de Galicia\"},\"image\":{\"@id\":\"https:\\\/\\\/ppdegalicia.com\\\/es\\\/#\\\/schema\\\/logo\\\/image\\\/\"},\"sameAs\":[\"https:\\\/\\\/www.instagram.com\\\/ppdegalicia\\\/\",\"https:\\\/\\\/x.com\\\/ppdegalicia\",\"https:\\\/\\\/www.tiktok.com\\\/@ppdegalicia\",\"https:\\\/\\\/www.youtube.com\\\/user\\\/ppdegalicia\"]},{\"@type\":\"Person\",\"@id\":\"https:\\\/\\\/ppdegalicia.com\\\/es\\\/#\\\/schema\\\/person\\\/5b822c6f59e872ebdd1142f307dbcb59\",\"name\":\"ppdegaliciaredes\",\"image\":{\"@type\":\"ImageObject\",\"inLanguage\":\"es\",\"@id\":\"https:\\\/\\\/secure.gravatar.com\\\/avatar\\\/3c9179cf0256d00c72a48d1f25783c58b6842cd56e85ef3a572881c8e28ccd59?s=96&d=mm&r=g\",\"url\":\"https:\\\/\\\/secure.gravatar.com\\\/avatar\\\/3c9179cf0256d00c72a48d1f25783c58b6842cd56e85ef3a572881c8e28ccd59?s=96&d=mm&r=g\",\"contentUrl\":\"https:\\\/\\\/secure.gravatar.com\\\/avatar\\\/3c9179cf0256d00c72a48d1f25783c58b6842cd56e85ef3a572881c8e28ccd59?s=96&d=mm&r=g\",\"caption\":\"ppdegaliciaredes\"},\"url\":\"https:\\\/\\\/ppdegalicia.com\\\/es\\\/author\\\/ppdegaliciaredes\\\/\"}]}<\/script>\n<!-- \/ Yoast SEO plugin. -->","yoast_head_json":{"title":"O Grupo Popular asegura que a Xunta seguir\u00e1 atendendo as recomendaci\u00f3ns da Valedora do Pobo para ofrecer uns servizos p\u00fablicos de calidade e \u00e1 altura do que demandan os galegos - PP de Galicia","description":"A viceportavoz do Grupo Popular, Paula Prado, asegurou hoxe no Pleno, no debate do Informe anual do Valedor do Pobo correspondente a 2024, que a Xunta \u201ctoma boa nota das preocupaci\u00f3ns dos galegos e galegas e das recomendaci\u00f3ns que ano tras ano traslada a Valedora ao respecto, e o seguiremos facendo con ambici\u00f3n, responsabilidade e traballo diario para ofrecer uns servizos p\u00fablicos de calidade e \u00e1 altura do que os cidad\u00e1ns demandan\u201d.","robots":{"index":"index","follow":"follow","max-snippet":"max-snippet:-1","max-image-preview":"max-image-preview:large","max-video-preview":"max-video-preview:-1"},"canonical":"https:\/\/ppdegalicia.com\/es\/o-grupo-popular-asegura-que-a-xunta-seguira-atendendo-as-recomendacions-da-valedora-do-pobo-para-ofrecer-uns-servizos-publicos-de-calidade-e-a-altura-do-que-demandan-os-galegos\/","og_locale":"es_ES","og_type":"article","og_title":"O Grupo Popular asegura que a Xunta seguir\u00e1 atendendo as recomendaci\u00f3ns da Valedora do Pobo para ofrecer uns servizos p\u00fablicos de calidade e \u00e1 altura do que demandan os galegos - PP de Galicia","og_description":"A viceportavoz do Grupo Popular, Paula Prado, asegurou hoxe no Pleno, no debate do Informe anual do Valedor do Pobo correspondente a 2024, que a Xunta \u201ctoma boa nota das preocupaci\u00f3ns dos galegos e galegas e das recomendaci\u00f3ns que ano tras ano traslada a Valedora ao respecto, e o seguiremos facendo con ambici\u00f3n, responsabilidade e traballo diario para ofrecer uns servizos p\u00fablicos de calidade e \u00e1 altura do que os cidad\u00e1ns demandan\u201d.","og_url":"https:\/\/ppdegalicia.com\/es\/o-grupo-popular-asegura-que-a-xunta-seguira-atendendo-as-recomendacions-da-valedora-do-pobo-para-ofrecer-uns-servizos-publicos-de-calidade-e-a-altura-do-que-demandan-os-galegos\/","og_site_name":"PP de Galicia","article_publisher":"https:\/\/www.instagram.com\/ppdegalicia\/","article_published_time":"2025-12-02T11:28:02+00:00","og_image":[{"width":2560,"height":1706,"url":"https:\/\/ppdegalicia.com\/wp-content\/uploads\/2025\/12\/20251202_Pleno_Ordinario47-scaled.jpg","type":"image\/jpeg"}],"author":"ppdegaliciaredes","twitter_card":"summary_large_image","twitter_creator":"@ppdegalicia","twitter_site":"@ppdegalicia","twitter_misc":{"Escrito por":"ppdegaliciaredes","Tiempo de lectura":"5 minutos"},"schema":{"@context":"https:\/\/schema.org","@graph":[{"@type":"Article","@id":"https:\/\/ppdegalicia.com\/es\/o-grupo-popular-asegura-que-a-xunta-seguira-atendendo-as-recomendacions-da-valedora-do-pobo-para-ofrecer-uns-servizos-publicos-de-calidade-e-a-altura-do-que-demandan-os-galegos\/#article","isPartOf":{"@id":"https:\/\/ppdegalicia.com\/es\/o-grupo-popular-asegura-que-a-xunta-seguira-atendendo-as-recomendacions-da-valedora-do-pobo-para-ofrecer-uns-servizos-publicos-de-calidade-e-a-altura-do-que-demandan-os-galegos\/"},"author":{"name":"ppdegaliciaredes","@id":"https:\/\/ppdegalicia.com\/es\/#\/schema\/person\/5b822c6f59e872ebdd1142f307dbcb59"},"headline":"O Grupo Popular asegura que a Xunta seguir\u00e1 atendendo as recomendaci\u00f3ns da Valedora do Pobo para ofrecer uns servizos p\u00fablicos de calidade e \u00e1 altura do que demandan os galegos","datePublished":"2025-12-02T11:28:02+00:00","mainEntityOfPage":{"@id":"https:\/\/ppdegalicia.com\/es\/o-grupo-popular-asegura-que-a-xunta-seguira-atendendo-as-recomendacions-da-valedora-do-pobo-para-ofrecer-uns-servizos-publicos-de-calidade-e-a-altura-do-que-demandan-os-galegos\/"},"wordCount":802,"publisher":{"@id":"https:\/\/ppdegalicia.com\/es\/#organization"},"image":{"@id":"https:\/\/ppdegalicia.com\/es\/o-grupo-popular-asegura-que-a-xunta-seguira-atendendo-as-recomendacions-da-valedora-do-pobo-para-ofrecer-uns-servizos-publicos-de-calidade-e-a-altura-do-que-demandan-os-galegos\/#primaryimage"},"thumbnailUrl":"https:\/\/ppdegalicia.com\/wp-content\/uploads\/2025\/12\/20251202_Pleno_Ordinario47-scaled.jpg","articleSection":["Parlamento de Galicia"],"inLanguage":"es"},{"@type":"WebPage","@id":"https:\/\/ppdegalicia.com\/es\/o-grupo-popular-asegura-que-a-xunta-seguira-atendendo-as-recomendacions-da-valedora-do-pobo-para-ofrecer-uns-servizos-publicos-de-calidade-e-a-altura-do-que-demandan-os-galegos\/","url":"https:\/\/ppdegalicia.com\/es\/o-grupo-popular-asegura-que-a-xunta-seguira-atendendo-as-recomendacions-da-valedora-do-pobo-para-ofrecer-uns-servizos-publicos-de-calidade-e-a-altura-do-que-demandan-os-galegos\/","name":"O Grupo Popular asegura que a Xunta seguir\u00e1 atendendo as recomendaci\u00f3ns da Valedora do Pobo para ofrecer uns servizos p\u00fablicos de calidade e \u00e1 altura do que demandan os galegos - PP de Galicia","isPartOf":{"@id":"https:\/\/ppdegalicia.com\/es\/#website"},"primaryImageOfPage":{"@id":"https:\/\/ppdegalicia.com\/es\/o-grupo-popular-asegura-que-a-xunta-seguira-atendendo-as-recomendacions-da-valedora-do-pobo-para-ofrecer-uns-servizos-publicos-de-calidade-e-a-altura-do-que-demandan-os-galegos\/#primaryimage"},"image":{"@id":"https:\/\/ppdegalicia.com\/es\/o-grupo-popular-asegura-que-a-xunta-seguira-atendendo-as-recomendacions-da-valedora-do-pobo-para-ofrecer-uns-servizos-publicos-de-calidade-e-a-altura-do-que-demandan-os-galegos\/#primaryimage"},"thumbnailUrl":"https:\/\/ppdegalicia.com\/wp-content\/uploads\/2025\/12\/20251202_Pleno_Ordinario47-scaled.jpg","datePublished":"2025-12-02T11:28:02+00:00","description":"A viceportavoz do Grupo Popular, Paula Prado, asegurou hoxe no Pleno, no debate do Informe anual do Valedor do Pobo correspondente a 2024, que a Xunta \u201ctoma boa nota das preocupaci\u00f3ns dos galegos e galegas e das recomendaci\u00f3ns que ano tras ano traslada a Valedora ao respecto, e o seguiremos facendo con ambici\u00f3n, responsabilidade e traballo diario para ofrecer uns servizos p\u00fablicos de calidade e \u00e1 altura do que os cidad\u00e1ns demandan\u201d.","breadcrumb":{"@id":"https:\/\/ppdegalicia.com\/es\/o-grupo-popular-asegura-que-a-xunta-seguira-atendendo-as-recomendacions-da-valedora-do-pobo-para-ofrecer-uns-servizos-publicos-de-calidade-e-a-altura-do-que-demandan-os-galegos\/#breadcrumb"},"inLanguage":"es","potentialAction":[{"@type":"ReadAction","target":["https:\/\/ppdegalicia.com\/es\/o-grupo-popular-asegura-que-a-xunta-seguira-atendendo-as-recomendacions-da-valedora-do-pobo-para-ofrecer-uns-servizos-publicos-de-calidade-e-a-altura-do-que-demandan-os-galegos\/"]}]},{"@type":"ImageObject","inLanguage":"es","@id":"https:\/\/ppdegalicia.com\/es\/o-grupo-popular-asegura-que-a-xunta-seguira-atendendo-as-recomendacions-da-valedora-do-pobo-para-ofrecer-uns-servizos-publicos-de-calidade-e-a-altura-do-que-demandan-os-galegos\/#primaryimage","url":"https:\/\/ppdegalicia.com\/wp-content\/uploads\/2025\/12\/20251202_Pleno_Ordinario47-scaled.jpg","contentUrl":"https:\/\/ppdegalicia.com\/wp-content\/uploads\/2025\/12\/20251202_Pleno_Ordinario47-scaled.jpg","width":2560,"height":1706},{"@type":"BreadcrumbList","@id":"https:\/\/ppdegalicia.com\/es\/o-grupo-popular-asegura-que-a-xunta-seguira-atendendo-as-recomendacions-da-valedora-do-pobo-para-ofrecer-uns-servizos-publicos-de-calidade-e-a-altura-do-que-demandan-os-galegos\/#breadcrumb","itemListElement":[{"@type":"ListItem","position":1,"name":"Portada","item":"https:\/\/ppdegalicia.com\/es\/"},{"@type":"ListItem","position":2,"name":"O Grupo Popular asegura que a Xunta seguir\u00e1 atendendo as recomendaci\u00f3ns da Valedora do Pobo para ofrecer uns servizos p\u00fablicos de calidade e \u00e1 altura do que demandan os galegos"}]},{"@type":"WebSite","@id":"https:\/\/ppdegalicia.com\/es\/#website","url":"https:\/\/ppdegalicia.com\/es\/","name":"Partido Popular de Galicia","description":"Partido Popular de Galicia","publisher":{"@id":"https:\/\/ppdegalicia.com\/es\/#organization"},"alternateName":"PP de Galicia","potentialAction":[{"@type":"SearchAction","target":{"@type":"EntryPoint","urlTemplate":"https:\/\/ppdegalicia.com\/es\/?s={search_term_string}"},"query-input":{"@type":"PropertyValueSpecification","valueRequired":true,"valueName":"search_term_string"}}],"inLanguage":"es"},{"@type":"Organization","@id":"https:\/\/ppdegalicia.com\/es\/#organization","name":"Partido Popular de Galicia","alternateName":"PP de Galicia","url":"https:\/\/ppdegalicia.com\/es\/","logo":{"@type":"ImageObject","inLanguage":"es","@id":"https:\/\/ppdegalicia.com\/es\/#\/schema\/logo\/image\/","url":"https:\/\/ppdegalicia.com\/wp-content\/uploads\/2023\/04\/logoPP512.png","contentUrl":"https:\/\/ppdegalicia.com\/wp-content\/uploads\/2023\/04\/logoPP512.png","width":512,"height":512,"caption":"Partido Popular de Galicia"},"image":{"@id":"https:\/\/ppdegalicia.com\/es\/#\/schema\/logo\/image\/"},"sameAs":["https:\/\/www.instagram.com\/ppdegalicia\/","https:\/\/x.com\/ppdegalicia","https:\/\/www.tiktok.com\/@ppdegalicia","https:\/\/www.youtube.com\/user\/ppdegalicia"]},{"@type":"Person","@id":"https:\/\/ppdegalicia.com\/es\/#\/schema\/person\/5b822c6f59e872ebdd1142f307dbcb59","name":"ppdegaliciaredes","image":{"@type":"ImageObject","inLanguage":"es","@id":"https:\/\/secure.gravatar.com\/avatar\/3c9179cf0256d00c72a48d1f25783c58b6842cd56e85ef3a572881c8e28ccd59?s=96&d=mm&r=g","url":"https:\/\/secure.gravatar.com\/avatar\/3c9179cf0256d00c72a48d1f25783c58b6842cd56e85ef3a572881c8e28ccd59?s=96&d=mm&r=g","contentUrl":"https:\/\/secure.gravatar.com\/avatar\/3c9179cf0256d00c72a48d1f25783c58b6842cd56e85ef3a572881c8e28ccd59?s=96&d=mm&r=g","caption":"ppdegaliciaredes"},"url":"https:\/\/ppdegalicia.com\/es\/author\/ppdegaliciaredes\/"}]}},"_links":{"self":[{"href":"https:\/\/ppdegalicia.com\/es\/wp-json\/wp\/v2\/posts\/69305","targetHints":{"allow":["GET"]}}],"collection":[{"href":"https:\/\/ppdegalicia.com\/es\/wp-json\/wp\/v2\/posts"}],"about":[{"href":"https:\/\/ppdegalicia.com\/es\/wp-json\/wp\/v2\/types\/post"}],"author":[{"embeddable":true,"href":"https:\/\/ppdegalicia.com\/es\/wp-json\/wp\/v2\/users\/38"}],"replies":[{"embeddable":true,"href":"https:\/\/ppdegalicia.com\/es\/wp-json\/wp\/v2\/comments?post=69305"}],"version-history":[{"count":1,"href":"https:\/\/ppdegalicia.com\/es\/wp-json\/wp\/v2\/posts\/69305\/revisions"}],"predecessor-version":[{"id":69308,"href":"https:\/\/ppdegalicia.com\/es\/wp-json\/wp\/v2\/posts\/69305\/revisions\/69308"}],"wp:featuredmedia":[{"embeddable":true,"href":"https:\/\/ppdegalicia.com\/es\/wp-json\/wp\/v2\/media\/69306"}],"wp:attachment":[{"href":"https:\/\/ppdegalicia.com\/es\/wp-json\/wp\/v2\/media?parent=69305"}],"wp:term":[{"taxonomy":"category","embeddable":true,"href":"https:\/\/ppdegalicia.com\/es\/wp-json\/wp\/v2\/categories?post=69305"},{"taxonomy":"post_tag","embeddable":true,"href":"https:\/\/ppdegalicia.com\/es\/wp-json\/wp\/v2\/tags?post=69305"}],"curies":[{"name":"wp","href":"https:\/\/api.w.org\/{rel}","templated":true}]}}